{"id":72271,"date":"2026-09-03T13:50:13","date_gmt":"2026-09-03T11:50:13","guid":{"rendered":"https:\/\/schoenstatt.com\/?p=72271"},"modified":"2026-09-03T14:05:44","modified_gmt":"2026-09-03T12:05:44","slug":"unico-agora-real","status":"publish","type":"post","link":"https:\/\/schoenstatt.com\/pt-pt\/unico-agora-real\/","title":{"rendered":"\u00danico&#8230; Agora real?"},"content":{"rendered":"\n<p class=\"wp-block-paragraph\">Mais de 80 jovens, uma semana, um projeto. Sim, uma semana em que n\u00e3o se monta apenas um palco, mas um festival: a <strong>Noite do Santu\u00e1rio<\/strong>. Este ano, sob o lema \u00danico&#8230; agora real? <em>\u201cEm um mundo cheio de fake news, imagens editadas, v\u00eddeos de IA e expectativas sociais&#8230; o que \u00e9 que me torna \u00fanico \u2014 e o que \u00e9 realidade?\u201d<\/em><\/p>\n\n\n\n<p class=\"wp-block-paragraph\">A Noite do Santu\u00e1rio \u00e9 um festival cat\u00f3lico organizado pela juventude de Schoenstatt da Alemanha, em Schoenstatt, em torno do Santu\u00e1rio Original&#8230; \u00c9 mais do que apenas um festival, \u00e9 uma experi\u00eancia que inspira, une e reaviva a f\u00e9, um festival de jovens para jovens. Em 2005, aconteceu a Jornada Mundial da Juventude em Col\u00f4nia; antes dela, foi organizado um encontro internacional, aproveitando o fato de que muitos jovens de diferentes pa\u00edses viriam \u00e0 Alemanha e passariam por Schoenstatt. Os cora\u00e7\u00f5es ficaram inflamados e, no ano seguinte, realizou-se um novo festival&#8230; ano ap\u00f3s ano, o projeto foi crescendo at\u00e9 tomar forma e receber o nome de <strong>Noite do Santu\u00e1rio<\/strong>.<\/p>\n\n\n\n<div style=\"height:42px\" aria-hidden=\"true\" class=\"wp-block-spacer\"><\/div>\n\n\n\n<figure class=\"wp-block-gallery has-nested-images columns-default is-cropped wp-block-gallery-1 is-layout-flex wp-block-gallery-is-layout-flex\">\n<figure class=\"wp-block-image size-large\"><img fetchpriority=\"high\" decoding=\"async\" width=\"1600\" height=\"1069\" data-id=\"72259\" src=\"https:\/\/schoenstatt.com\/wp-content\/uploads\/2026\/09\/Nacht-des-Heiligtums-2026-e.webp\" alt=\"\" class=\"wp-image-72259\" srcset=\"https:\/\/schoenstatt.com\/wp-content\/uploads\/2026\/09\/Nacht-des-Heiligtums-2026-e.webp 1600w, https:\/\/schoenstatt.com\/wp-content\/uploads\/2026\/09\/Nacht-des-Heiligtums-2026-e-768x513.webp 768w, https:\/\/schoenstatt.com\/wp-content\/uploads\/2026\/09\/Nacht-des-Heiligtums-2026-e-1536x1026.webp 1536w\" sizes=\"(max-width: 1600px) 100vw, 1600px\" \/><\/figure>\n\n\n\n<figure class=\"wp-block-image size-large\"><img decoding=\"async\" width=\"1600\" height=\"1067\" data-id=\"72253\" src=\"https:\/\/schoenstatt.com\/wp-content\/uploads\/2026\/09\/Nacht-des-Heiligtums-2026-d.webp\" alt=\"\" class=\"wp-image-72253\" srcset=\"https:\/\/schoenstatt.com\/wp-content\/uploads\/2026\/09\/Nacht-des-Heiligtums-2026-d.webp 1600w, https:\/\/schoenstatt.com\/wp-content\/uploads\/2026\/09\/Nacht-des-Heiligtums-2026-d-768x512.webp 768w, https:\/\/schoenstatt.com\/wp-content\/uploads\/2026\/09\/Nacht-des-Heiligtums-2026-d-1536x1024.webp 1536w\" sizes=\"(max-width: 1600px) 100vw, 1600px\" \/><\/figure>\n<\/figure>\n\n\n\n<div style=\"height:24px\" aria-hidden=\"true\" class=\"wp-block-spacer\"><\/div>\n\n\n\n<p class=\"wp-block-paragraph\">O festival em si dura um fim de semana, mas j\u00e1 a partir da semana anterior \u2013 SEMANA DO VOLUNT\u00c1RIO \u2013 v\u00e1rios jovens se re\u00fanem, organizados em diferentes equipes \u2013 <em>Equipe Central, Banda (m\u00fasica), Design Criativo, Administra\u00e7\u00e3o, Log\u00edstica, RP (comunica\u00e7\u00e3o), Finan\u00e7as, Programa\u00e7\u00e3o, Liturgia, T\u00e9cnica, Volunt\u00e1rios e Compras <\/em>\u2013 preparam o festival, para o qual s\u00e3o esperados mais de 250 jovens entre 16 e 30 anos.<\/p>\n\n\n\n<p class=\"wp-block-paragraph\">Desde a montagem do palco, das tendas, da instala\u00e7\u00e3o dos cabos para consoles de \u00e1udio e ilumina\u00e7\u00e3o, grava\u00e7\u00e3o e edi\u00e7\u00e3o de clipes, publica\u00e7\u00f5es e artigos, ensaios de m\u00fasicas, testes com os diversos instrumentos da banda, montagem do cen\u00e1rio e da decora\u00e7\u00e3o, compras, gest\u00e3o das inscri\u00e7\u00f5es, doa\u00e7\u00f5es e contatos com as casas de hospedagem, organiza\u00e7\u00e3o dos momentos de ora\u00e7\u00e3o at\u00e9 a organiza\u00e7\u00e3o das refei\u00e7\u00f5es e da programa\u00e7\u00e3o que conduzir\u00e1 o fim de semana, como workshops, reflex\u00f5es, palestras, noite de teatro, talento e m\u00fasica, com o momento culminante na Noite da Alian\u00e7a, onde se renova a Alian\u00e7a de Amor em torno do Santu\u00e1rio&#8230; um grande trabalho em equipe.<\/p>\n\n\n\n<div style=\"height:33px\" aria-hidden=\"true\" class=\"wp-block-spacer\"><\/div>\n\n\n\n<figure class=\"wp-block-gallery has-nested-images columns-default is-cropped wp-block-gallery-2 is-layout-flex wp-block-gallery-is-layout-flex\">\n<figure class=\"wp-block-image size-large\"><img decoding=\"async\" width=\"1067\" height=\"1600\" data-id=\"72248\" src=\"https:\/\/schoenstatt.com\/wp-content\/uploads\/2026\/09\/Nacht-des-Heiligtums-2026-c.webp\" alt=\"\" class=\"wp-image-72248\" srcset=\"https:\/\/schoenstatt.com\/wp-content\/uploads\/2026\/09\/Nacht-des-Heiligtums-2026-c.webp 1067w, https:\/\/schoenstatt.com\/wp-content\/uploads\/2026\/09\/Nacht-des-Heiligtums-2026-c-768x1152.webp 768w, https:\/\/schoenstatt.com\/wp-content\/uploads\/2026\/09\/Nacht-des-Heiligtums-2026-c-1024x1536.webp 1024w\" sizes=\"(max-width: 1067px) 100vw, 1067px\" \/><\/figure>\n\n\n\n<figure class=\"wp-block-image size-large\"><img loading=\"lazy\" decoding=\"async\" width=\"1067\" height=\"1600\" data-id=\"72243\" src=\"https:\/\/schoenstatt.com\/wp-content\/uploads\/2026\/09\/Nacht-des-Heiligtums-2026-b.webp\" alt=\"\" class=\"wp-image-72243\" srcset=\"https:\/\/schoenstatt.com\/wp-content\/uploads\/2026\/09\/Nacht-des-Heiligtums-2026-b.webp 1067w, https:\/\/schoenstatt.com\/wp-content\/uploads\/2026\/09\/Nacht-des-Heiligtums-2026-b-768x1152.webp 768w, https:\/\/schoenstatt.com\/wp-content\/uploads\/2026\/09\/Nacht-des-Heiligtums-2026-b-1024x1536.webp 1024w\" sizes=\"(max-width: 1067px) 100vw, 1067px\" \/><\/figure>\n<\/figure>\n\n\n\n<div style=\"height:25px\" aria-hidden=\"true\" class=\"wp-block-spacer\"><\/div>\n\n\n\n<p class=\"wp-block-paragraph\">Sim, mas nem tudo \u00e9 s\u00f3 trabalho; h\u00e1 tamb\u00e9m risadas, festas e reencontros com velhos amigos. No final da semana, olhamos com satisfa\u00e7\u00e3o e admira\u00e7\u00e3o para o que vivemos e constru\u00edmos juntos.<\/p>\n\n\n\n<p class=\"wp-block-paragraph\">Para acompanhar tudo o que vai acontecer no pr\u00f3ximo final de semana, siga as redes sociais:<\/p>\n\n\n\n<p class=\"wp-block-paragraph\"><strong>Site: <\/strong><a href=\"https:\/\/nachtdesheiligtums.de\/\" target=\"_blank\" rel=\"noreferrer noopener\">nachtdesheiligtums.de<\/a><br><strong>Instagram: <\/strong><a href=\"https:\/\/www.instagram.com\/nachtdesheiligtums\/\" target=\"_blank\" rel=\"noreferrer noopener\">@nachtdesheiligtums<\/a><\/p>\n\n\n\n<p class=\"wp-block-paragraph\"><strong>Fotos: <\/strong>@nachtdesheiligtums<\/p>\n","protected":false},"excerpt":{"rendered":"<p>A Juventude de Schoenstatt da Alemanha se prepara para mais uma edi\u00e7\u00e3o da Noite do Santu\u00e1rio, neste final de semana.<\/p>\n","protected":false},"author":3,"featured_media":72267,"comment_status":"closed","ping_status":"closed","sticky":false,"template":"","format":"standard","meta":{"footnotes":""},"categories":[696],"tags":[1356,1164],"class_list":["post-72271","post","type-post","status-publish","format-standard","has-post-thumbnail","hentry","category-santuario-original-pt-pt","tag-noite-do-santuario","tag-schoenstatt-alemanha-pt-pt"],"yoast_head":"<!-- This site is optimized with the Yoast SEO Premium plugin v28.1 (Yoast SEO v28.4) - https:\/\/yoast.com\/product\/yoast-seo-premium-wordpress\/ -->\n<title>\u00danico... Agora real? - Schoenstatt<\/title>\n<meta name=\"description\" content=\"A Juventude de Schoenstatt da Alemanha se prepara para mais uma edi\u00e7\u00e3o da Noite do Santu\u00e1rio, neste final de semana.\" \/>\n<meta name=\"robots\" content=\"index, follow, max-snippet:-1, max-image-preview:large, max-video-preview:-1\" \/>\n<link rel=\"canonical\" href=\"https:\/\/schoenstatt.com\/pt-pt\/unico-agora-real\/\" \/>\n<meta property=\"og:locale\" content=\"pt_PT\" \/>\n<meta property=\"og:type\" content=\"article\" \/>\n<meta property=\"og:title\" content=\"\u00danico... Agora real?\" \/>\n<meta property=\"og:description\" content=\"A Juventude de Schoenstatt da Alemanha se prepara para mais uma edi\u00e7\u00e3o da Noite do Santu\u00e1rio, neste final de semana.\" \/>\n<meta property=\"og:url\" content=\"https:\/\/schoenstatt.com\/pt-pt\/unico-agora-real\/\" \/>\n<meta property=\"og:site_name\" content=\"Schoenstatt\" \/>\n<meta property=\"article:published_time\" content=\"2026-09-03T11:50:13+00:00\" \/>\n<meta property=\"article:modified_time\" content=\"2026-09-03T12:05:44+00:00\" \/>\n<meta property=\"og:image\" content=\"https:\/\/schoenstatt.com\/wp-content\/uploads\/2026\/09\/Nacht-des-Heiligtums-2026.webp\" \/>\n\t<meta property=\"og:image:width\" content=\"1280\" \/>\n\t<meta property=\"og:image:height\" content=\"853\" \/>\n\t<meta property=\"og:image:type\" content=\"image\/jpeg\" \/>\n<meta name=\"author\" content=\"Karen Bueno\" \/>\n<meta name=\"twitter:card\" content=\"summary_large_image\" \/>\n<meta name=\"twitter:label1\" content=\"Escrito por\" \/>\n\t<meta name=\"twitter:data1\" content=\"Karen Bueno\" \/>\n\t<meta name=\"twitter:label2\" content=\"Tempo estimado de leitura\" \/>\n\t<meta name=\"twitter:data2\" content=\"4 minutos\" \/>\n<script type=\"application\/ld+json\" class=\"yoast-schema-graph\">{\"@context\":\"https:\\\/\\\/schema.org\",\"@graph\":[{\"@type\":\"Article\",\"@id\":\"https:\\\/\\\/schoenstatt.com\\\/pt-pt\\\/unico-agora-real\\\/#article\",\"isPartOf\":{\"@id\":\"https:\\\/\\\/schoenstatt.com\\\/pt-pt\\\/unico-agora-real\\\/\"},\"author\":{\"name\":\"Karen Bueno\",\"@id\":\"https:\\\/\\\/schoenstatt.com\\\/pt-pt\\\/#\\\/schema\\\/person\\\/5158877ad4acae98b34daaeef2a1ce6e\"},\"headline\":\"\u00danico&#8230; Agora real?\",\"datePublished\":\"2026-09-03T11:50:13+00:00\",\"dateModified\":\"2026-09-03T12:05:44+00:00\",\"mainEntityOfPage\":{\"@id\":\"https:\\\/\\\/schoenstatt.com\\\/pt-pt\\\/unico-agora-real\\\/\"},\"wordCount\":433,\"publisher\":{\"@id\":\"https:\\\/\\\/schoenstatt.com\\\/pt-pt\\\/#organization\"},\"image\":{\"@id\":\"https:\\\/\\\/schoenstatt.com\\\/pt-pt\\\/unico-agora-real\\\/#primaryimage\"},\"thumbnailUrl\":\"https:\\\/\\\/schoenstatt.com\\\/wp-content\\\/uploads\\\/2026\\\/09\\\/Nacht-des-Heiligtums-2026.webp\",\"keywords\":[\"Noite do Santu\u00e1rio\",\"Schoenstatt Alemanha\"],\"articleSection\":[\"Santu\u00e1rio Original\"],\"inLanguage\":\"pt-PT\"},{\"@type\":\"WebPage\",\"@id\":\"https:\\\/\\\/schoenstatt.com\\\/pt-pt\\\/unico-agora-real\\\/\",\"url\":\"https:\\\/\\\/schoenstatt.com\\\/pt-pt\\\/unico-agora-real\\\/\",\"name\":\"\u00danico... Agora real? - Schoenstatt\",\"isPartOf\":{\"@id\":\"https:\\\/\\\/schoenstatt.com\\\/pt-pt\\\/#website\"},\"primaryImageOfPage\":{\"@id\":\"https:\\\/\\\/schoenstatt.com\\\/pt-pt\\\/unico-agora-real\\\/#primaryimage\"},\"image\":{\"@id\":\"https:\\\/\\\/schoenstatt.com\\\/pt-pt\\\/unico-agora-real\\\/#primaryimage\"},\"thumbnailUrl\":\"https:\\\/\\\/schoenstatt.com\\\/wp-content\\\/uploads\\\/2026\\\/09\\\/Nacht-des-Heiligtums-2026.webp\",\"datePublished\":\"2026-09-03T11:50:13+00:00\",\"dateModified\":\"2026-09-03T12:05:44+00:00\",\"description\":\"A Juventude de Schoenstatt da Alemanha se prepara para mais uma edi\u00e7\u00e3o da Noite do Santu\u00e1rio, neste final de semana.\",\"breadcrumb\":{\"@id\":\"https:\\\/\\\/schoenstatt.com\\\/pt-pt\\\/unico-agora-real\\\/#breadcrumb\"},\"inLanguage\":\"pt-PT\",\"potentialAction\":[{\"@type\":\"ReadAction\",\"target\":[\"https:\\\/\\\/schoenstatt.com\\\/pt-pt\\\/unico-agora-real\\\/\"]}]},{\"@type\":\"ImageObject\",\"inLanguage\":\"pt-PT\",\"@id\":\"https:\\\/\\\/schoenstatt.com\\\/pt-pt\\\/unico-agora-real\\\/#primaryimage\",\"url\":\"https:\\\/\\\/schoenstatt.com\\\/wp-content\\\/uploads\\\/2026\\\/09\\\/Nacht-des-Heiligtums-2026.webp\",\"contentUrl\":\"https:\\\/\\\/schoenstatt.com\\\/wp-content\\\/uploads\\\/2026\\\/09\\\/Nacht-des-Heiligtums-2026.webp\",\"width\":1280,\"height\":853},{\"@type\":\"BreadcrumbList\",\"@id\":\"https:\\\/\\\/schoenstatt.com\\\/pt-pt\\\/unico-agora-real\\\/#breadcrumb\",\"itemListElement\":[{\"@type\":\"ListItem\",\"position\":1,\"name\":\"Portada\",\"item\":\"https:\\\/\\\/schoenstatt.com\\\/pt-pt\\\/home\\\/\"},{\"@type\":\"ListItem\",\"position\":2,\"name\":\"\u00danico&#8230; Agora real?\"}]},{\"@type\":\"WebSite\",\"@id\":\"https:\\\/\\\/schoenstatt.com\\\/pt-pt\\\/#website\",\"url\":\"https:\\\/\\\/schoenstatt.com\\\/pt-pt\\\/\",\"name\":\"Schoenstatt\",\"description\":\"Apostolic Movement\",\"publisher\":{\"@id\":\"https:\\\/\\\/schoenstatt.com\\\/pt-pt\\\/#organization\"},\"potentialAction\":[{\"@type\":\"SearchAction\",\"target\":{\"@type\":\"EntryPoint\",\"urlTemplate\":\"https:\\\/\\\/schoenstatt.com\\\/pt-pt\\\/?s={search_term_string}\"},\"query-input\":{\"@type\":\"PropertyValueSpecification\",\"valueRequired\":true,\"valueName\":\"search_term_string\"}}],\"inLanguage\":\"pt-PT\"},{\"@type\":\"Organization\",\"@id\":\"https:\\\/\\\/schoenstatt.com\\\/pt-pt\\\/#organization\",\"name\":\"Schoenstatt\",\"url\":\"https:\\\/\\\/schoenstatt.com\\\/pt-pt\\\/\",\"logo\":{\"@type\":\"ImageObject\",\"inLanguage\":\"pt-PT\",\"@id\":\"https:\\\/\\\/schoenstatt.com\\\/pt-pt\\\/#\\\/schema\\\/logo\\\/image\\\/\",\"url\":\"https:\\\/\\\/schoenstatt.com\\\/wp-content\\\/uploads\\\/2025\\\/04\\\/logo-schoenstatt-white-696x696-1.png\",\"contentUrl\":\"https:\\\/\\\/schoenstatt.com\\\/wp-content\\\/uploads\\\/2025\\\/04\\\/logo-schoenstatt-white-696x696-1.png\",\"width\":696,\"height\":694,\"caption\":\"Schoenstatt\"},\"image\":{\"@id\":\"https:\\\/\\\/schoenstatt.com\\\/pt-pt\\\/#\\\/schema\\\/logo\\\/image\\\/\"}},{\"@type\":\"Person\",\"@id\":\"https:\\\/\\\/schoenstatt.com\\\/pt-pt\\\/#\\\/schema\\\/person\\\/5158877ad4acae98b34daaeef2a1ce6e\",\"name\":\"Karen Bueno\",\"image\":{\"@type\":\"ImageObject\",\"inLanguage\":\"pt-PT\",\"@id\":\"https:\\\/\\\/secure.gravatar.com\\\/avatar\\\/f9f4b823873154269d2b2130f195f6d41037dd0d7fc5f3cacb5c846bae70d66b?s=96&d=mm&r=g\",\"url\":\"https:\\\/\\\/secure.gravatar.com\\\/avatar\\\/f9f4b823873154269d2b2130f195f6d41037dd0d7fc5f3cacb5c846bae70d66b?s=96&d=mm&r=g\",\"contentUrl\":\"https:\\\/\\\/secure.gravatar.com\\\/avatar\\\/f9f4b823873154269d2b2130f195f6d41037dd0d7fc5f3cacb5c846bae70d66b?s=96&d=mm&r=g\",\"caption\":\"Karen Bueno\"},\"url\":\"https:\\\/\\\/schoenstatt.com\\\/pt-pt\\\/author\\\/karen-bueno\\\/\"}]}<\/script>\n<!-- \/ Yoast SEO Premium plugin. -->","yoast_head_json":{"title":"\u00danico... Agora real? - Schoenstatt","description":"A Juventude de Schoenstatt da Alemanha se prepara para mais uma edi\u00e7\u00e3o da Noite do Santu\u00e1rio, neste final de semana.","robots":{"index":"index","follow":"follow","max-snippet":"max-snippet:-1","max-image-preview":"max-image-preview:large","max-video-preview":"max-video-preview:-1"},"canonical":"https:\/\/schoenstatt.com\/pt-pt\/unico-agora-real\/","og_locale":"pt_PT","og_type":"article","og_title":"\u00danico... Agora real?","og_description":"A Juventude de Schoenstatt da Alemanha se prepara para mais uma edi\u00e7\u00e3o da Noite do Santu\u00e1rio, neste final de semana.","og_url":"https:\/\/schoenstatt.com\/pt-pt\/unico-agora-real\/","og_site_name":"Schoenstatt","article_published_time":"2026-09-03T11:50:13+00:00","article_modified_time":"2026-09-03T12:05:44+00:00","og_image":[{"width":1280,"height":853,"url":"https:\/\/schoenstatt.com\/wp-content\/uploads\/2026\/09\/Nacht-des-Heiligtums-2026.webp","type":"image\/jpeg"}],"author":"Karen Bueno","twitter_card":"summary_large_image","twitter_misc":{"Escrito por":"Karen Bueno","Tempo estimado de leitura":"4 minutos"},"schema":{"@context":"https:\/\/schema.org","@graph":[{"@type":"Article","@id":"https:\/\/schoenstatt.com\/pt-pt\/unico-agora-real\/#article","isPartOf":{"@id":"https:\/\/schoenstatt.com\/pt-pt\/unico-agora-real\/"},"author":{"name":"Karen Bueno","@id":"https:\/\/schoenstatt.com\/pt-pt\/#\/schema\/person\/5158877ad4acae98b34daaeef2a1ce6e"},"headline":"\u00danico&#8230; Agora real?","datePublished":"2026-09-03T11:50:13+00:00","dateModified":"2026-09-03T12:05:44+00:00","mainEntityOfPage":{"@id":"https:\/\/schoenstatt.com\/pt-pt\/unico-agora-real\/"},"wordCount":433,"publisher":{"@id":"https:\/\/schoenstatt.com\/pt-pt\/#organization"},"image":{"@id":"https:\/\/schoenstatt.com\/pt-pt\/unico-agora-real\/#primaryimage"},"thumbnailUrl":"https:\/\/schoenstatt.com\/wp-content\/uploads\/2026\/09\/Nacht-des-Heiligtums-2026.webp","keywords":["Noite do Santu\u00e1rio","Schoenstatt Alemanha"],"articleSection":["Santu\u00e1rio Original"],"inLanguage":"pt-PT"},{"@type":"WebPage","@id":"https:\/\/schoenstatt.com\/pt-pt\/unico-agora-real\/","url":"https:\/\/schoenstatt.com\/pt-pt\/unico-agora-real\/","name":"\u00danico... Agora real? - Schoenstatt","isPartOf":{"@id":"https:\/\/schoenstatt.com\/pt-pt\/#website"},"primaryImageOfPage":{"@id":"https:\/\/schoenstatt.com\/pt-pt\/unico-agora-real\/#primaryimage"},"image":{"@id":"https:\/\/schoenstatt.com\/pt-pt\/unico-agora-real\/#primaryimage"},"thumbnailUrl":"https:\/\/schoenstatt.com\/wp-content\/uploads\/2026\/09\/Nacht-des-Heiligtums-2026.webp","datePublished":"2026-09-03T11:50:13+00:00","dateModified":"2026-09-03T12:05:44+00:00","description":"A Juventude de Schoenstatt da Alemanha se prepara para mais uma edi\u00e7\u00e3o da Noite do Santu\u00e1rio, neste final de semana.","breadcrumb":{"@id":"https:\/\/schoenstatt.com\/pt-pt\/unico-agora-real\/#breadcrumb"},"inLanguage":"pt-PT","potentialAction":[{"@type":"ReadAction","target":["https:\/\/schoenstatt.com\/pt-pt\/unico-agora-real\/"]}]},{"@type":"ImageObject","inLanguage":"pt-PT","@id":"https:\/\/schoenstatt.com\/pt-pt\/unico-agora-real\/#primaryimage","url":"https:\/\/schoenstatt.com\/wp-content\/uploads\/2026\/09\/Nacht-des-Heiligtums-2026.webp","contentUrl":"https:\/\/schoenstatt.com\/wp-content\/uploads\/2026\/09\/Nacht-des-Heiligtums-2026.webp","width":1280,"height":853},{"@type":"BreadcrumbList","@id":"https:\/\/schoenstatt.com\/pt-pt\/unico-agora-real\/#breadcrumb","itemListElement":[{"@type":"ListItem","position":1,"name":"Portada","item":"https:\/\/schoenstatt.com\/pt-pt\/home\/"},{"@type":"ListItem","position":2,"name":"\u00danico&#8230; Agora real?"}]},{"@type":"WebSite","@id":"https:\/\/schoenstatt.com\/pt-pt\/#website","url":"https:\/\/schoenstatt.com\/pt-pt\/","name":"Schoenstatt","description":"Apostolic Movement","publisher":{"@id":"https:\/\/schoenstatt.com\/pt-pt\/#organization"},"potentialAction":[{"@type":"SearchAction","target":{"@type":"EntryPoint","urlTemplate":"https:\/\/schoenstatt.com\/pt-pt\/?s={search_term_string}"},"query-input":{"@type":"PropertyValueSpecification","valueRequired":true,"valueName":"search_term_string"}}],"inLanguage":"pt-PT"},{"@type":"Organization","@id":"https:\/\/schoenstatt.com\/pt-pt\/#organization","name":"Schoenstatt","url":"https:\/\/schoenstatt.com\/pt-pt\/","logo":{"@type":"ImageObject","inLanguage":"pt-PT","@id":"https:\/\/schoenstatt.com\/pt-pt\/#\/schema\/logo\/image\/","url":"https:\/\/schoenstatt.com\/wp-content\/uploads\/2025\/04\/logo-schoenstatt-white-696x696-1.png","contentUrl":"https:\/\/schoenstatt.com\/wp-content\/uploads\/2025\/04\/logo-schoenstatt-white-696x696-1.png","width":696,"height":694,"caption":"Schoenstatt"},"image":{"@id":"https:\/\/schoenstatt.com\/pt-pt\/#\/schema\/logo\/image\/"}},{"@type":"Person","@id":"https:\/\/schoenstatt.com\/pt-pt\/#\/schema\/person\/5158877ad4acae98b34daaeef2a1ce6e","name":"Karen Bueno","image":{"@type":"ImageObject","inLanguage":"pt-PT","@id":"https:\/\/secure.gravatar.com\/avatar\/f9f4b823873154269d2b2130f195f6d41037dd0d7fc5f3cacb5c846bae70d66b?s=96&d=mm&r=g","url":"https:\/\/secure.gravatar.com\/avatar\/f9f4b823873154269d2b2130f195f6d41037dd0d7fc5f3cacb5c846bae70d66b?s=96&d=mm&r=g","contentUrl":"https:\/\/secure.gravatar.com\/avatar\/f9f4b823873154269d2b2130f195f6d41037dd0d7fc5f3cacb5c846bae70d66b?s=96&d=mm&r=g","caption":"Karen Bueno"},"url":"https:\/\/schoenstatt.com\/pt-pt\/author\/karen-bueno\/"}]}},"_links":{"self":[{"href":"https:\/\/schoenstatt.com\/pt-pt\/wp-json\/wp\/v2\/posts\/72271","targetHints":{"allow":["GET"]}}],"collection":[{"href":"https:\/\/schoenstatt.com\/pt-pt\/wp-json\/wp\/v2\/posts"}],"about":[{"href":"https:\/\/schoenstatt.com\/pt-pt\/wp-json\/wp\/v2\/types\/post"}],"author":[{"embeddable":true,"href":"https:\/\/schoenstatt.com\/pt-pt\/wp-json\/wp\/v2\/users\/3"}],"replies":[{"embeddable":true,"href":"https:\/\/schoenstatt.com\/pt-pt\/wp-json\/wp\/v2\/comments?post=72271"}],"version-history":[{"count":2,"href":"https:\/\/schoenstatt.com\/pt-pt\/wp-json\/wp\/v2\/posts\/72271\/revisions"}],"predecessor-version":[{"id":72273,"href":"https:\/\/schoenstatt.com\/pt-pt\/wp-json\/wp\/v2\/posts\/72271\/revisions\/72273"}],"wp:featuredmedia":[{"embeddable":true,"href":"https:\/\/schoenstatt.com\/pt-pt\/wp-json\/wp\/v2\/media\/72267"}],"wp:attachment":[{"href":"https:\/\/schoenstatt.com\/pt-pt\/wp-json\/wp\/v2\/media?parent=72271"}],"wp:term":[{"taxonomy":"category","embeddable":true,"href":"https:\/\/schoenstatt.com\/pt-pt\/wp-json\/wp\/v2\/categories?post=72271"},{"taxonomy":"post_tag","embeddable":true,"href":"https:\/\/schoenstatt.com\/pt-pt\/wp-json\/wp\/v2\/tags?post=72271"}],"curies":[{"name":"wp","href":"https:\/\/api.w.org\/{rel}","templated":true}]}}