{"id":72233,"date":"2026-09-02T14:45:35","date_gmt":"2026-09-02T12:45:35","guid":{"rendered":"https:\/\/schoenstatt.com\/?p=72233"},"modified":"2026-09-02T15:17:15","modified_gmt":"2026-09-02T13:17:15","slug":"a-familia-de-schoenstatt-da-croacia-celebra-seus-25-anos","status":"publish","type":"post","link":"https:\/\/schoenstatt.com\/pt-pt\/a-familia-de-schoenstatt-da-croacia-celebra-seus-25-anos\/","title":{"rendered":"A Fam\u00edlia de Schoenstatt da Cro\u00e1cia celebra seus 25 anos"},"content":{"rendered":"\n<p class=\"wp-block-paragraph\">No s\u00e1bado, 22 de agosto de 2026, foi celebrada a Festa de Maria Rainha no Santu\u00e1rio da Rainha dos Cora\u00e7\u00f5es, em Mala Subotica, Cro\u00e1cia. Cerca de 1.500 membros do Movimento de Schoenstatt \u2013 provenientes de quase todas as regi\u00f5es da Cro\u00e1cia, desde a Eslav\u00f4nia e o leste do pa\u00eds at\u00e9 Dubrovnik, bem como da B\u00f3snia e Herzegovina, principalmente de Mostar e Ljubu\u0161ki \u2013 se reuniram. Muitos percorreram um longo caminho para estar presentes.<\/p>\n\n\n\n<p class=\"wp-block-paragraph\">O dia reuniu v\u00e1rios registros hist\u00f3ricos importantes:<\/p>\n\n\n\n<div style=\"height:17px\" aria-hidden=\"true\" class=\"wp-block-spacer\"><\/div>\n\n\n\n<p class=\"wp-block-paragraph\">\u2665 10 anos da coroa\u00e7\u00e3o da M\u00e3e Tr\u00eas Vezes Admir\u00e1vel como Rainha dos Cora\u00e7\u00f5es, 20 de agosto de 2016.<\/p>\n\n\n\n<p class=\"wp-block-paragraph\">\u2665 17 anos da consagra\u00e7\u00e3o do primeiro Santu\u00e1rio Filial croata, em Mala Subotica, 22 de agosto de 2009.<\/p>\n\n\n\n<p class=\"wp-block-paragraph\">\u2665 25 anos da funda\u00e7\u00e3o da Fam\u00edlia de Schoenstatt na Cro\u00e1cia, 22 de agosto de 2001.<\/p>\n\n\n\n<div style=\"height:18px\" aria-hidden=\"true\" class=\"wp-block-spacer\"><\/div>\n\n\n\n<p class=\"wp-block-paragraph\">A festa foi precedida por uma novena rezada mensalmente e, dias antes, de 19 a 21 de agosto, por um tr\u00edduo espiritual organizado pelo Pe. Christoph Horn. Por meio da ora\u00e7\u00e3o, da celebra\u00e7\u00e3o eucar\u00edstica e da adora\u00e7\u00e3o diante do Sant\u00edssimo, a Fam\u00edlia de Schoenstatt da Cro\u00e1cia se preparou em comunidade para o dia do jubileu.<\/p>\n\n\n\n<div style=\"height:25px\" aria-hidden=\"true\" class=\"wp-block-spacer\"><\/div>\n\n\n\n<h2 id=\"h-a-area-do-santuario-em-formato-de-coracao\" class=\"wp-block-heading has-medium-font-size\">A \u00e1rea do Santu\u00e1rio em formato de cora\u00e7\u00e3o<\/h2>\n\n\n\n<p class=\"wp-block-paragraph\">O o\u00e1sis verde em forma de cora\u00e7\u00e3o, onde se encontram o Santu\u00e1rio da Rainha dos Cora\u00e7\u00f5es, a ermida, o altar de ver\u00e3o, a casa de peregrinos e outros edif\u00edcios, havia sido revigorado pela t\u00e3o esperada chuva de ver\u00e3o e recebia os numerosos peregrinos.<\/p>\n\n\n\n<div style=\"height:23px\" aria-hidden=\"true\" class=\"wp-block-spacer\"><\/div>\n\n\n\n<figure class=\"wp-block-image aligncenter size-full\"><img fetchpriority=\"high\" decoding=\"async\" width=\"1600\" height=\"900\" src=\"https:\/\/schoenstatt.com\/wp-content\/uploads\/2026\/09\/Croacia-Croatia-Mala-Subotica-Shrine.webp\" alt=\"\" class=\"wp-image-72208\" srcset=\"https:\/\/schoenstatt.com\/wp-content\/uploads\/2026\/09\/Croacia-Croatia-Mala-Subotica-Shrine.webp 1600w, https:\/\/schoenstatt.com\/wp-content\/uploads\/2026\/09\/Croacia-Croatia-Mala-Subotica-Shrine-768x432.webp 768w, https:\/\/schoenstatt.com\/wp-content\/uploads\/2026\/09\/Croacia-Croatia-Mala-Subotica-Shrine-1536x864.webp 1536w\" sizes=\"(max-width: 1600px) 100vw, 1600px\" \/><\/figure>\n\n\n\n<div style=\"height:23px\" aria-hidden=\"true\" class=\"wp-block-spacer\"><\/div>\n\n\n\n<p class=\"wp-block-paragraph\">O Pe. Christoph Horn, que h\u00e1 v\u00e1rios anos acompanha a Fam\u00edlia de Schoenstatt da Cro\u00e1cia e \u00e9 reitor do Santu\u00e1rio, deu as boas-vindas aos peregrinos e apresentou o programa do dia.<\/p>\n\n\n\n<p class=\"wp-block-paragraph\">A solene celebra\u00e7\u00e3o eucar\u00edstica no altar pr\u00f3prio para as celebra\u00e7\u00f5es de ver\u00e3o foi presidida pelo bispo Bo\u017ee Rado\u0161, de Vara\u017edin. V\u00e1rios sacerdotes concelebraram, entre eles Mons. \u00c1lvaro Ernesto Isurieta Y Sea, secret\u00e1rio da Nunciatura Apost\u00f3lica na Cro\u00e1cia. Ele \u00e9 natural da Argentina e pertence \u00e0 Uni\u00e3o dos Sacerdotes de Schoenstatt.<\/p>\n\n\n\n<div style=\"height:25px\" aria-hidden=\"true\" class=\"wp-block-spacer\"><\/div>\n\n\n\n<h2 id=\"h-a-coroa-que-na-verdade-e-um-coracao\" class=\"wp-block-heading has-medium-font-size\">A coroa, que na verdade \u00e9 um cora\u00e7\u00e3o<\/h2>\n\n\n\n<p class=\"wp-block-paragraph\">Em sua homilia, o bispo Bo\u017ee convidou a todos a, diante das cruzes da vida, n\u00e3o se limitar a perguntar:<em> \u201cPor que justamente esta cruz?\u201d<\/em> Pelo contr\u00e1rio, devemos reconhecer que \u00e9 justamente a cruz a chave para a nossa salva\u00e7\u00e3o.<\/p>\n\n\n\n<p class=\"wp-block-paragraph\">Referindo-se \u00e0 Rainha dos Cora\u00e7\u00f5es, ele disse:<\/p>\n\n\n\n<p class=\"wp-block-paragraph\"><em>\u201cO cora\u00e7\u00e3o da M\u00e3e de Deus \u00e9 coroado, e \u00e9 em seu cora\u00e7\u00e3o que surge a coroa.\u201d<\/em><\/p>\n\n\n\n<p class=\"wp-block-paragraph\">E ele lembrou:<\/p>\n\n\n\n<p class=\"wp-block-paragraph\"><em>\u201cA primeira palavra gravada na alma de Maria \u00e9: \u2018Alegra-te, cheia de gra\u00e7a! Alegra-te, pois o Senhor est\u00e1 contigo!\u2019 Maria deseja colocar em nossos cora\u00e7\u00f5es aquilo que ela carregou e continua a carregar em seu cora\u00e7\u00e3o: seu amado Filho. Maria \u00e9 a Rainha dos Cora\u00e7\u00f5es, que nos convida para aquilo a que o pr\u00f3prio Deus a chamou: \u00e0 alegria crist\u00e3!\u201d<\/em><\/p>\n\n\n\n<p class=\"wp-block-paragraph\">E continuou: coroar Maria n\u00e3o significa apenas colocar-lhe uma coroa exterior. Significa entregar-lhe nosso cora\u00e7\u00e3o e nossa vida e permitir que ela seja rainha neles.<\/p>\n\n\n\n<div style=\"height:29px\" aria-hidden=\"true\" class=\"wp-block-spacer\"><\/div>\n\n\n\n<figure class=\"wp-block-image aligncenter size-full is-resized\"><img decoding=\"async\" width=\"935\" height=\"626\" src=\"https:\/\/schoenstatt.com\/wp-content\/uploads\/2026\/09\/Croatia-Bishop-Boze-Rados.webp\" alt=\"\" class=\"wp-image-72213\" style=\"aspect-ratio:1.4936258350593659;width:592px;height:auto\" srcset=\"https:\/\/schoenstatt.com\/wp-content\/uploads\/2026\/09\/Croatia-Bishop-Boze-Rados.webp 935w, https:\/\/schoenstatt.com\/wp-content\/uploads\/2026\/09\/Croatia-Bishop-Boze-Rados-768x514.webp 768w\" sizes=\"(max-width: 935px) 100vw, 935px\" \/><figcaption class=\"wp-element-caption\">Bispo Bo\u017ee Rado\u0161<\/figcaption><\/figure>\n\n\n\n<div style=\"height:27px\" aria-hidden=\"true\" class=\"wp-block-spacer\"><\/div>\n\n\n\n<p class=\"wp-block-paragraph\">Al\u00e9m da Ir. M. Ramona Schneider e da Ir. Mariana Hermann, tamb\u00e9m participou da celebra\u00e7\u00e3o a superiora provincial da Prov\u00edncia Din\u00e2mica de Schoenstatt, Ir. M. Anke Rechtien. Com isso, nos sentimos ligados ao local de origem, \u00e0 fonte, e, ao mesmo tempo, a toda a Fam\u00edlia Internacional de Schoenstatt.<\/p>\n\n\n\n<p class=\"wp-block-paragraph\">Entre os convidados, havia tamb\u00e9m representantes da vida p\u00fablica e das autoridades locais.<\/p>\n\n\n\n<div style=\"height:25px\" aria-hidden=\"true\" class=\"wp-block-spacer\"><\/div>\n\n\n\n<h2 id=\"h-onde-os-coracoes-ardem-o-futuro-cresce\" class=\"wp-block-heading has-medium-font-size\">Onde os cora\u00e7\u00f5es ardem, o futuro cresce<\/h2>\n\n\n\n<p class=\"wp-block-paragraph\">Esse foi o tema do programa da tarde. Ele foi organizado pela Ir. M. Ramona Schneider em colabora\u00e7\u00e3o com v\u00e1rios schoenstattianos. O foco foi a hist\u00f3ria da Fam\u00edlia de Schoenstatt da Cro\u00e1cia, conhecida na sigla croata como <strong>H\u0160O.<\/strong><\/p>\n\n\n\n<p class=\"wp-block-paragraph\"><strong>H \u2013 Hrvatska (Cro\u00e1cia).<\/strong> Contemplamos nosso belo pa\u00eds, a Cro\u00e1cia. Um pa\u00eds n\u00e3o apenas de beleza extraordin\u00e1ria, mas, acima de tudo, um pa\u00eds com um grande cora\u00e7\u00e3o \u2013 um cora\u00e7\u00e3o que bate por Deus, pela fam\u00edlia, pela liberdade e pela p\u00e1tria.<\/p>\n\n\n\n<p class=\"wp-block-paragraph\"><strong>\u0160 \u2013 \u0160enstat (Schoenstatt). <\/strong>Lembramos quem trouxe Schoenstatt para a Cro\u00e1cia: Pe. Rudolf Chrysostomus Grill, Sra. Hedwig Maria Weinzierl, Pe. Christoph Horn, as Irm\u00e3s de Maria de Schoenstatt: Ir. Mariana e Ir. M. Ramona, e muitos outros.<\/p>\n\n\n\n<p class=\"wp-block-paragraph\"><strong>O \u2013 obitelj (fam\u00edlia). <\/strong>Nos alegramos com nossos pioneiros, que tomaram para si a espiritualidade de Schoenstatt em nosso pa\u00eds e inspiraram muitos outros a segui-la.<br>Pensamos, sobretudo, em Mons. Ivan \u0160e\u0161o e na Ir. Mirjana Kukuljan, que, como carmelita, trabalhou para Schoenstatt e foi dispensada de suas obriga\u00e7\u00f5es por seus superiores para isso.<\/p>\n\n\n\n<div style=\"height:26px\" aria-hidden=\"true\" class=\"wp-block-spacer\"><\/div>\n\n\n\n<figure class=\"wp-block-image aligncenter size-full is-resized\"><img decoding=\"async\" width=\"1147\" height=\"1346\" src=\"https:\/\/schoenstatt.com\/wp-content\/uploads\/2026\/09\/Croacia-Croatia-2026-b.webp\" alt=\"\" class=\"wp-image-72187\" style=\"aspect-ratio:0.852168702772877;width:552px;height:auto\" srcset=\"https:\/\/schoenstatt.com\/wp-content\/uploads\/2026\/09\/Croacia-Croatia-2026-b.webp 1147w, https:\/\/schoenstatt.com\/wp-content\/uploads\/2026\/09\/Croacia-Croatia-2026-b-768x901.webp 768w\" sizes=\"(max-width: 1147px) 100vw, 1147px\" \/><\/figure>\n\n\n\n<div style=\"height:24px\" aria-hidden=\"true\" class=\"wp-block-spacer\"><\/div>\n\n\n\n<p class=\"wp-block-paragraph\">Ficou claro em tudo isso: a Fam\u00edlia de Schoenstatt da Cro\u00e1cia n\u00e3o surgiu da noite para o dia. Ela cresceu ao longo de d\u00e9cadas \u2013 por meio de pessoas que acreditaram, rezaram, tomaram decis\u00f5es, fizeram sacrif\u00edcios e repetidamente disseram seu \u201csim\u201d.<\/p>\n\n\n\n<p class=\"wp-block-paragraph\">Assim, aos poucos, uma Fam\u00edlia p\u00f4de surgir na Alian\u00e7a de Amor.<\/p>\n\n\n\n<p class=\"wp-block-paragraph\">Uma frase resumiu essa experi\u00eancia de maneira particularmente acertada: <strong>Se n\u00f3s mesmos ardermos por Schoenstatt, tamb\u00e9m inflamaremos outras pessoas.<\/strong><\/p>\n\n\n\n<div style=\"height:25px\" aria-hidden=\"true\" class=\"wp-block-spacer\"><\/div>\n\n\n\n<h2 id=\"h-deus-muitas-vezes-escreve-a-historia-em-lugares-aparentemente-insignificantes\" class=\"wp-block-heading has-medium-font-size\">Deus muitas vezes escreve a hist\u00f3ria em lugares aparentemente insignificantes<\/h2>\n\n\n\n<p class=\"wp-block-paragraph\">Outra parte do programa voltou o foco para a hist\u00f3ria do Santu\u00e1rio em Mala Subotica.<\/p>\n\n\n\n<p class=\"wp-block-paragraph\">Em um pequeno peda\u00e7o de terra, \u00e0 primeira vista discreto, surgiu o primeiro Santu\u00e1rio Filial de Schoenstatt na Cro\u00e1cia. Hoje, esse lugar se tornou, para muitas pessoas, um lar espiritual \u2013 um local de ora\u00e7\u00e3o e de encontro na Alian\u00e7a de Amor.<\/p>\n\n\n\n<p class=\"wp-block-paragraph\">Olhando para tr\u00e1s, reconhecemos claramente \u201co dedo de Deus\u201d: a orienta\u00e7\u00e3o divina ao longo de muitas d\u00e9cadas \u2013 do santu\u00e1rio de pedra ao santu\u00e1rio do cora\u00e7\u00e3o.<\/p>\n\n\n\n<p class=\"wp-block-paragraph\">O Santu\u00e1rio em Mala Subotica lembra, ao mesmo tempo, uma profunda experi\u00eancia de Schoenstatt: <strong>O ser humano precisa de um lar e de um ref\u00fagio em um cora\u00e7\u00e3o nobre.<\/strong><\/p>\n\n\n\n<div style=\"height:25px\" aria-hidden=\"true\" class=\"wp-block-spacer\"><\/div>\n\n\n\n<h2 id=\"h-meu-coracao-teu-santuario\" class=\"wp-block-heading has-medium-font-size\">\u201cMeu cora\u00e7\u00e3o \u2013 teu Santu\u00e1rio\u201d<\/h2>\n\n\n\n<p class=\"wp-block-paragraph\">Um momento especial da tarde foi uma ora\u00e7\u00e3o \u00e0 Rainha dos Cora\u00e7\u00f5es. Nas invoca\u00e7\u00f5es, agradecemos a Maria por sua condu\u00e7\u00e3o e sua presen\u00e7a.<\/p>\n\n\n\n<p class=\"wp-block-paragraph\">Agradecemos a ela por ter escolhido este terreno em Mala Subotica para aqui morar com seu Filho. O terreno tem a forma de um tri\u00e2ngulo, no qual a forma de um cora\u00e7\u00e3o se encaixou quase que naturalmente. O Santu\u00e1rio no meio de um cora\u00e7\u00e3o formado por ciprestes \u2013 um sinal eloquente de que a Rainha dos Cora\u00e7\u00f5es prefere estabelecer-se nos cora\u00e7\u00f5es das pessoas.<\/p>\n\n\n\n<p class=\"wp-block-paragraph\">Assim, uma frase passou a expressar a hist\u00f3ria comum: \u201cMeu cora\u00e7\u00e3o \u2013 Teu santu\u00e1rio!\u201d<\/p>\n\n\n\n<div style=\"height:25px\" aria-hidden=\"true\" class=\"wp-block-spacer\"><\/div>\n\n\n\n<h2 id=\"h-a-coroa-a-luz-do-sol\" class=\"wp-block-heading has-medium-font-size\">A coroa \u00e0 luz do sol<\/h2>\n\n\n\n<p class=\"wp-block-paragraph\">A prociss\u00e3o foi um momento particularmente impressionante que, durante a programa\u00e7\u00e3o da tarde, partiu do Santu\u00e1rio em dire\u00e7\u00e3o ao chamado Altar de Ver\u00e3o.<\/p>\n\n\n\n<div style=\"height:30px\" aria-hidden=\"true\" class=\"wp-block-spacer\"><\/div>\n\n\n\n<figure class=\"wp-block-image aligncenter size-full is-resized\"><img loading=\"lazy\" decoding=\"async\" width=\"737\" height=\"674\" src=\"https:\/\/schoenstatt.com\/wp-content\/uploads\/2026\/09\/Croacia-Croatia-2026-e.webp\" alt=\"\" class=\"wp-image-72218\" style=\"width:549px;height:auto\"\/><\/figure>\n\n\n\n<div style=\"height:29px\" aria-hidden=\"true\" class=\"wp-block-spacer\"><\/div>\n\n\n\n<p class=\"wp-block-paragraph\">Crian\u00e7as e adultos carregavam bandeiras de Schoenstatt. Atr\u00e1s deles, quatro homens da Fam\u00edlia de Schoenstatt transportavam, em um andor, uma r\u00e9plica da coroa original \u2013 <strong>uma coroa que um dos pais da nossa Fam\u00edlia havia confeccionado a partir de uma granada da \u00faltima guerra civil, na d\u00e9cada de 90.<\/strong><\/p>\n\n\n\n<p class=\"wp-block-paragraph\">Durante quase todo o dia, o sol se manteve escondido atr\u00e1s das nuvens. Assim, os peregrinos puderam celebrar essa festa especial no Santu\u00e1rio sob temperaturas agrad\u00e1veis.<\/p>\n\n\n\n<p class=\"wp-block-paragraph\">Mas, justamente quando a prociss\u00e3o chegou ao Altar de Ver\u00e3o, o sol rompeu as nuvens e lan\u00e7ou seus raios sobre a coroa.<\/p>\n\n\n\n<p class=\"wp-block-paragraph\">Foi como se a pr\u00f3pria Maria, por meio desse pequeno sinal, dissesse:<\/p>\n\n\n\n<p class=\"wp-block-paragraph\"><em>\u201cMesmo que seja apenas uma r\u00e9plica \u2013 eu a farei brilhar com meus raios e a dourarei.\u201d<\/em><\/p>\n\n\n\n<p class=\"wp-block-paragraph\">E, de fato, a coroa foi iluminada pelos raios de sol. Para muitos, foi um momento silencioso e comovente.<\/p>\n\n\n\n<p class=\"wp-block-paragraph\">Em seguida, rezamos juntos a ora\u00e7\u00e3o pela renova\u00e7\u00e3o da coroa\u00e7\u00e3o.<\/p>\n\n\n\n<div style=\"height:25px\" aria-hidden=\"true\" class=\"wp-block-spacer\"><\/div>\n\n\n\n<h2 id=\"h-mais-de-600-imagens-da-mae-peregrina\" class=\"wp-block-heading has-medium-font-size\">Mais de 600 imagens da M\u00e3e Peregrina<\/h2>\n\n\n\n<p class=\"wp-block-paragraph\">Outro ponto alto foi a b\u00ean\u00e7\u00e3o das imagens da M\u00e3e Peregrina.<\/p>\n\n\n\n<p class=\"wp-block-paragraph\">Mais de 600 imagens, provenientes de in\u00fameras dioceses croatas, estavam expostas em uma longa fileira de mesas. Por tr\u00e1s de cada imagem est\u00e3o pessoas, fam\u00edlias e comunidades que, m\u00eas ap\u00f3s m\u00eas, abrem suas casas para Maria, compartilham suas vidas com ela e vivem suas experi\u00eancias ao lado dela. Ap\u00f3s a b\u00ean\u00e7\u00e3o, as imagens retomaram sua jornada \u2013 de volta \u00e0s casas e fam\u00edlias, \u00e0s pessoas.<\/p>\n\n\n\n<p class=\"wp-block-paragraph\">Assim, o Santu\u00e1rio de Mala Subotica ganha vida muito al\u00e9m de seu espa\u00e7o f\u00edsico.<\/p>\n\n\n\n<div style=\"height:32px\" aria-hidden=\"true\" class=\"wp-block-spacer\"><\/div>\n\n\n\n<figure class=\"wp-block-gallery has-nested-images columns-default is-cropped wp-block-gallery-1 is-layout-flex wp-block-gallery-is-layout-flex\">\n<figure class=\"wp-block-image size-large\"><img loading=\"lazy\" decoding=\"async\" width=\"1200\" height=\"816\" data-id=\"72203\" src=\"https:\/\/schoenstatt.com\/wp-content\/uploads\/2026\/09\/Croacia-Croatia-2026.webp\" alt=\"\" class=\"wp-image-72203\" srcset=\"https:\/\/schoenstatt.com\/wp-content\/uploads\/2026\/09\/Croacia-Croatia-2026.webp 1200w, https:\/\/schoenstatt.com\/wp-content\/uploads\/2026\/09\/Croacia-Croatia-2026-768x522.webp 768w\" sizes=\"(max-width: 1200px) 100vw, 1200px\" \/><figcaption class=\"wp-element-caption\">Foto destacada: medjimurski.hr<\/figcaption><\/figure>\n<\/figure>\n\n\n\n<div style=\"height:25px\" aria-hidden=\"true\" class=\"wp-block-spacer\"><\/div>\n\n\n\n<h2 id=\"h-no-centro-cristo\" class=\"wp-block-heading has-medium-font-size\">No centro: Cristo<\/h2>\n\n\n\n<p class=\"wp-block-paragraph\">Em um jubileu, h\u00e1 muito o que contar: sobre pessoas, sobre hist\u00f3ria, sobre encontros, sobre gratid\u00e3o e sobre tudo o que foi constru\u00eddo.<\/p>\n\n\n\n<p class=\"wp-block-paragraph\">Mas, em meio a tudo isso, houve tamb\u00e9m um momento de sil\u00eancio.<\/p>\n\n\n\n<p class=\"wp-block-paragraph\">Na adora\u00e7\u00e3o diante do Sant\u00edssimo, conduzida pelo Pe. Christoph Horn, tudo voltou a se centrar no que \u00e9 essencial: <strong>Cristo.<\/strong><\/p>\n\n\n\n<p class=\"wp-block-paragraph\">Pois Maria sempre nos conduz ao seu Filho.<\/p>\n\n\n\n<p class=\"wp-block-paragraph\">Depois de tudo o que foi dito, cantado e celebrado, restou aquele momento em que j\u00e1 n\u00e3o s\u00e3o necess\u00e1rias muitas palavras \u2013 simplesmente estar diante Dele, agradecer, confiar-se a Ele e ouvi-Lo.<\/p>\n\n\n\n<div style=\"height:25px\" aria-hidden=\"true\" class=\"wp-block-spacer\"><\/div>\n\n\n\n<h2 id=\"h-o-que-vamos-transmitir\" class=\"wp-block-heading has-medium-font-size\">O que vamos transmitir?<\/h2>\n\n\n\n<p class=\"wp-block-paragraph\">O jubileu n\u00e3o foi apenas uma celebra\u00e7\u00e3o do passado. Tornou-se tamb\u00e9m uma pergunta para o futuro: <strong>O que vamos deixar para aqueles que vir\u00e3o depois de n\u00f3s?<\/strong><\/p>\n\n\n\n<p class=\"wp-block-paragraph\">A Fam\u00edlia de Schoenstatt da Cro\u00e1cia pode olhar com gratid\u00e3o para os alicerces que as gera\u00e7\u00f5es anteriores constru\u00edram. Nenhuma contribui\u00e7\u00e3o, por menor que seja, e nenhum sacrif\u00edcio, oferecido por amor e incorporado ao Capital de Gra\u00e7as, se perdeu.<\/p>\n\n\n\n<p class=\"wp-block-paragraph\">Talvez o anseio para os pr\u00f3ximos 25 anos possa ser resumido em uma frase:<\/p>\n\n\n\n<div style=\"height:25px\" aria-hidden=\"true\" class=\"wp-block-spacer\"><\/div>\n\n\n\n<figure class=\"wp-block-pullquote has-medium-font-size\" style=\"border-top-color:var(--wp--preset--color--luminous-vivid-orange);border-top-style:solid;border-top-width:1px;border-bottom-color:var(--wp--preset--color--luminous-vivid-orange);border-bottom-style:solid;border-bottom-width:1px;font-style:italic;font-weight:300\"><blockquote><p>Ter um lar no cora\u00e7\u00e3o, viver da Alian\u00e7a de Amor com a M\u00e3e Tr\u00eas Vezes Admir\u00e1vel e, assim, contribuir para a renova\u00e7\u00e3o do mundo.<br>Rainha dos Cora\u00e7\u00f5es, continue a guiar nossa Fam\u00edlia de Schoenstatt croata!<br>M\u00e3e, Rainha e Vencedora, Tr\u00eas Vezes Admir\u00e1vel de Schoenstatt, faz dos nossos cora\u00e7\u00f5es o teu Santu\u00e1rio e conduz-nos juntos rumo ao futuro.<\/p><\/blockquote><\/figure>\n\n\n\n<div style=\"height:25px\" aria-hidden=\"true\" class=\"wp-block-spacer\"><\/div>\n\n\n\n<p class=\"wp-block-paragraph\">Sim, e no final houve uma longa despedida. Cada comunidade local quis tirar uma foto separadamente. E como nossa coordenadora de Zagreb tamb\u00e9m \u00e9 apresentadora do nosso programa mensal na R\u00e1dio Marija, intitulado: \u201cSchoenstatt sou eu\u201d, muitas de nossas fotos tamb\u00e9m podem ser vistas l\u00e1, no site \u2013 <a href=\"https:\/\/radiomarija.hr\/2026\/08\/25\/slavlje-obljetnica-u-svetistu-kraljice-srca-u-maloj-subotici\/\" target=\"_blank\" rel=\"noreferrer noopener\">clique aqui.<\/a><\/p>\n\n\n\n<div style=\"height:26px\" aria-hidden=\"true\" class=\"wp-block-spacer\"><\/div>\n\n\n\n<figure class=\"wp-block-gallery has-nested-images columns-default is-cropped wp-block-gallery-2 is-layout-flex wp-block-gallery-is-layout-flex\">\n<figure class=\"wp-block-image size-large\"><img loading=\"lazy\" decoding=\"async\" width=\"390\" height=\"585\" data-id=\"72197\" src=\"https:\/\/schoenstatt.com\/wp-content\/uploads\/2026\/09\/Croacia-Croatia-2026-d.webp\" alt=\"\" class=\"wp-image-72197\"\/><\/figure>\n\n\n\n<figure class=\"wp-block-image size-large\"><img loading=\"lazy\" decoding=\"async\" width=\"390\" height=\"586\" data-id=\"72192\" src=\"https:\/\/schoenstatt.com\/wp-content\/uploads\/2026\/09\/Croacia-Croatia-2026-c.webp\" alt=\"\" class=\"wp-image-72192\"\/><\/figure>\n<\/figure>\n","protected":false},"excerpt":{"rendered":"<p>A comemora\u00e7\u00e3o em Mala Subotica reuniu 1500 schoenstattianos de v\u00e1rias regi\u00f5es da Cro\u00e1cia e da B\u00f3snia e Herzegovina.<\/p>\n","protected":false},"author":3,"featured_media":72206,"comment_status":"closed","ping_status":"closed","sticky":false,"template":"","format":"standard","meta":{"footnotes":""},"categories":[872,869],"tags":[421],"class_list":["post-72233","post","type-post","status-publish","format-standard","has-post-thumbnail","hentry","category-europa-pt-pt","category-paises-pt-pt","tag-schoenstatt-croacia-pt-pt"],"yoast_head":"<!-- This site is optimized with the Yoast SEO Premium plugin v28.1 (Yoast SEO v28.4) - https:\/\/yoast.com\/product\/yoast-seo-premium-wordpress\/ -->\n<title>A Fam\u00edlia de Schoenstatt da Cro\u00e1cia celebra seus 25 anos - Schoenstatt<\/title>\n<meta name=\"description\" content=\"A comemora\u00e7\u00e3o em Mala Subotica reuniu 1500 schoenstattianos de v\u00e1rias regi\u00f5es da Cro\u00e1cia e da B\u00f3snia e Herzegovina.\" \/>\n<meta name=\"robots\" content=\"index, follow, max-snippet:-1, max-image-preview:large, max-video-preview:-1\" \/>\n<link rel=\"canonical\" href=\"https:\/\/schoenstatt.com\/pt-pt\/a-familia-de-schoenstatt-da-croacia-celebra-seus-25-anos\/\" \/>\n<meta property=\"og:locale\" content=\"pt_PT\" \/>\n<meta property=\"og:type\" content=\"article\" \/>\n<meta property=\"og:title\" content=\"A Fam\u00edlia de Schoenstatt da Cro\u00e1cia celebra seus 25 anos\" \/>\n<meta property=\"og:description\" content=\"A comemora\u00e7\u00e3o em Mala Subotica reuniu 1500 schoenstattianos de v\u00e1rias regi\u00f5es da Cro\u00e1cia e da B\u00f3snia e Herzegovina.\" \/>\n<meta property=\"og:url\" content=\"https:\/\/schoenstatt.com\/pt-pt\/a-familia-de-schoenstatt-da-croacia-celebra-seus-25-anos\/\" \/>\n<meta property=\"og:site_name\" content=\"Schoenstatt\" \/>\n<meta property=\"article:published_time\" content=\"2026-09-02T12:45:35+00:00\" \/>\n<meta property=\"article:modified_time\" content=\"2026-09-02T13:17:15+00:00\" \/>\n<meta property=\"og:image\" content=\"https:\/\/schoenstatt.com\/wp-content\/uploads\/2026\/09\/Croacia-Croatia-2026.webp\" \/>\n\t<meta property=\"og:image:width\" content=\"1200\" \/>\n\t<meta property=\"og:image:height\" content=\"816\" \/>\n\t<meta property=\"og:image:type\" content=\"image\/jpeg\" \/>\n<meta name=\"author\" content=\"Karen Bueno\" \/>\n<meta name=\"twitter:card\" content=\"summary_large_image\" \/>\n<meta name=\"twitter:label1\" content=\"Escrito por\" \/>\n\t<meta name=\"twitter:data1\" content=\"Karen Bueno\" \/>\n\t<meta name=\"twitter:label2\" content=\"Tempo estimado de leitura\" \/>\n\t<meta name=\"twitter:data2\" content=\"10 minutos\" \/>\n<script type=\"application\/ld+json\" class=\"yoast-schema-graph\">{\"@context\":\"https:\\\/\\\/schema.org\",\"@graph\":[{\"@type\":\"Article\",\"@id\":\"https:\\\/\\\/schoenstatt.com\\\/pt-pt\\\/a-familia-de-schoenstatt-da-croacia-celebra-seus-25-anos\\\/#article\",\"isPartOf\":{\"@id\":\"https:\\\/\\\/schoenstatt.com\\\/pt-pt\\\/a-familia-de-schoenstatt-da-croacia-celebra-seus-25-anos\\\/\"},\"author\":{\"name\":\"Karen Bueno\",\"@id\":\"https:\\\/\\\/schoenstatt.com\\\/pt-pt\\\/#\\\/schema\\\/person\\\/5158877ad4acae98b34daaeef2a1ce6e\"},\"headline\":\"A Fam\u00edlia de Schoenstatt da Cro\u00e1cia celebra seus 25 anos\",\"datePublished\":\"2026-09-02T12:45:35+00:00\",\"dateModified\":\"2026-09-02T13:17:15+00:00\",\"mainEntityOfPage\":{\"@id\":\"https:\\\/\\\/schoenstatt.com\\\/pt-pt\\\/a-familia-de-schoenstatt-da-croacia-celebra-seus-25-anos\\\/\"},\"wordCount\":1781,\"publisher\":{\"@id\":\"https:\\\/\\\/schoenstatt.com\\\/pt-pt\\\/#organization\"},\"image\":{\"@id\":\"https:\\\/\\\/schoenstatt.com\\\/pt-pt\\\/a-familia-de-schoenstatt-da-croacia-celebra-seus-25-anos\\\/#primaryimage\"},\"thumbnailUrl\":\"https:\\\/\\\/schoenstatt.com\\\/wp-content\\\/uploads\\\/2026\\\/09\\\/Croacia-Croatia-2026.webp\",\"keywords\":[\"Schoenstatt Cro\u00e1cia\"],\"articleSection\":[\"Europa\",\"Pa\u00edses\"],\"inLanguage\":\"pt-PT\"},{\"@type\":\"WebPage\",\"@id\":\"https:\\\/\\\/schoenstatt.com\\\/pt-pt\\\/a-familia-de-schoenstatt-da-croacia-celebra-seus-25-anos\\\/\",\"url\":\"https:\\\/\\\/schoenstatt.com\\\/pt-pt\\\/a-familia-de-schoenstatt-da-croacia-celebra-seus-25-anos\\\/\",\"name\":\"A Fam\u00edlia de Schoenstatt da Cro\u00e1cia celebra seus 25 anos - Schoenstatt\",\"isPartOf\":{\"@id\":\"https:\\\/\\\/schoenstatt.com\\\/pt-pt\\\/#website\"},\"primaryImageOfPage\":{\"@id\":\"https:\\\/\\\/schoenstatt.com\\\/pt-pt\\\/a-familia-de-schoenstatt-da-croacia-celebra-seus-25-anos\\\/#primaryimage\"},\"image\":{\"@id\":\"https:\\\/\\\/schoenstatt.com\\\/pt-pt\\\/a-familia-de-schoenstatt-da-croacia-celebra-seus-25-anos\\\/#primaryimage\"},\"thumbnailUrl\":\"https:\\\/\\\/schoenstatt.com\\\/wp-content\\\/uploads\\\/2026\\\/09\\\/Croacia-Croatia-2026.webp\",\"datePublished\":\"2026-09-02T12:45:35+00:00\",\"dateModified\":\"2026-09-02T13:17:15+00:00\",\"description\":\"A comemora\u00e7\u00e3o em Mala Subotica reuniu 1500 schoenstattianos de v\u00e1rias regi\u00f5es da Cro\u00e1cia e da B\u00f3snia e Herzegovina.\",\"breadcrumb\":{\"@id\":\"https:\\\/\\\/schoenstatt.com\\\/pt-pt\\\/a-familia-de-schoenstatt-da-croacia-celebra-seus-25-anos\\\/#breadcrumb\"},\"inLanguage\":\"pt-PT\",\"potentialAction\":[{\"@type\":\"ReadAction\",\"target\":[\"https:\\\/\\\/schoenstatt.com\\\/pt-pt\\\/a-familia-de-schoenstatt-da-croacia-celebra-seus-25-anos\\\/\"]}]},{\"@type\":\"ImageObject\",\"inLanguage\":\"pt-PT\",\"@id\":\"https:\\\/\\\/schoenstatt.com\\\/pt-pt\\\/a-familia-de-schoenstatt-da-croacia-celebra-seus-25-anos\\\/#primaryimage\",\"url\":\"https:\\\/\\\/schoenstatt.com\\\/wp-content\\\/uploads\\\/2026\\\/09\\\/Croacia-Croatia-2026.webp\",\"contentUrl\":\"https:\\\/\\\/schoenstatt.com\\\/wp-content\\\/uploads\\\/2026\\\/09\\\/Croacia-Croatia-2026.webp\",\"width\":1200,\"height\":816},{\"@type\":\"BreadcrumbList\",\"@id\":\"https:\\\/\\\/schoenstatt.com\\\/pt-pt\\\/a-familia-de-schoenstatt-da-croacia-celebra-seus-25-anos\\\/#breadcrumb\",\"itemListElement\":[{\"@type\":\"ListItem\",\"position\":1,\"name\":\"Portada\",\"item\":\"https:\\\/\\\/schoenstatt.com\\\/pt-pt\\\/home\\\/\"},{\"@type\":\"ListItem\",\"position\":2,\"name\":\"A Fam\u00edlia de Schoenstatt da Cro\u00e1cia celebra seus 25 anos\"}]},{\"@type\":\"WebSite\",\"@id\":\"https:\\\/\\\/schoenstatt.com\\\/pt-pt\\\/#website\",\"url\":\"https:\\\/\\\/schoenstatt.com\\\/pt-pt\\\/\",\"name\":\"Schoenstatt\",\"description\":\"Apostolic Movement\",\"publisher\":{\"@id\":\"https:\\\/\\\/schoenstatt.com\\\/pt-pt\\\/#organization\"},\"potentialAction\":[{\"@type\":\"SearchAction\",\"target\":{\"@type\":\"EntryPoint\",\"urlTemplate\":\"https:\\\/\\\/schoenstatt.com\\\/pt-pt\\\/?s={search_term_string}\"},\"query-input\":{\"@type\":\"PropertyValueSpecification\",\"valueRequired\":true,\"valueName\":\"search_term_string\"}}],\"inLanguage\":\"pt-PT\"},{\"@type\":\"Organization\",\"@id\":\"https:\\\/\\\/schoenstatt.com\\\/pt-pt\\\/#organization\",\"name\":\"Schoenstatt\",\"url\":\"https:\\\/\\\/schoenstatt.com\\\/pt-pt\\\/\",\"logo\":{\"@type\":\"ImageObject\",\"inLanguage\":\"pt-PT\",\"@id\":\"https:\\\/\\\/schoenstatt.com\\\/pt-pt\\\/#\\\/schema\\\/logo\\\/image\\\/\",\"url\":\"https:\\\/\\\/schoenstatt.com\\\/wp-content\\\/uploads\\\/2025\\\/04\\\/logo-schoenstatt-white-696x696-1.png\",\"contentUrl\":\"https:\\\/\\\/schoenstatt.com\\\/wp-content\\\/uploads\\\/2025\\\/04\\\/logo-schoenstatt-white-696x696-1.png\",\"width\":696,\"height\":694,\"caption\":\"Schoenstatt\"},\"image\":{\"@id\":\"https:\\\/\\\/schoenstatt.com\\\/pt-pt\\\/#\\\/schema\\\/logo\\\/image\\\/\"}},{\"@type\":\"Person\",\"@id\":\"https:\\\/\\\/schoenstatt.com\\\/pt-pt\\\/#\\\/schema\\\/person\\\/5158877ad4acae98b34daaeef2a1ce6e\",\"name\":\"Karen Bueno\",\"image\":{\"@type\":\"ImageObject\",\"inLanguage\":\"pt-PT\",\"@id\":\"https:\\\/\\\/secure.gravatar.com\\\/avatar\\\/f9f4b823873154269d2b2130f195f6d41037dd0d7fc5f3cacb5c846bae70d66b?s=96&d=mm&r=g\",\"url\":\"https:\\\/\\\/secure.gravatar.com\\\/avatar\\\/f9f4b823873154269d2b2130f195f6d41037dd0d7fc5f3cacb5c846bae70d66b?s=96&d=mm&r=g\",\"contentUrl\":\"https:\\\/\\\/secure.gravatar.com\\\/avatar\\\/f9f4b823873154269d2b2130f195f6d41037dd0d7fc5f3cacb5c846bae70d66b?s=96&d=mm&r=g\",\"caption\":\"Karen Bueno\"},\"url\":\"https:\\\/\\\/schoenstatt.com\\\/pt-pt\\\/author\\\/karen-bueno\\\/\"}]}<\/script>\n<!-- \/ Yoast SEO Premium plugin. -->","yoast_head_json":{"title":"A Fam\u00edlia de Schoenstatt da Cro\u00e1cia celebra seus 25 anos - Schoenstatt","description":"A comemora\u00e7\u00e3o em Mala Subotica reuniu 1500 schoenstattianos de v\u00e1rias regi\u00f5es da Cro\u00e1cia e da B\u00f3snia e Herzegovina.","robots":{"index":"index","follow":"follow","max-snippet":"max-snippet:-1","max-image-preview":"max-image-preview:large","max-video-preview":"max-video-preview:-1"},"canonical":"https:\/\/schoenstatt.com\/pt-pt\/a-familia-de-schoenstatt-da-croacia-celebra-seus-25-anos\/","og_locale":"pt_PT","og_type":"article","og_title":"A Fam\u00edlia de Schoenstatt da Cro\u00e1cia celebra seus 25 anos","og_description":"A comemora\u00e7\u00e3o em Mala Subotica reuniu 1500 schoenstattianos de v\u00e1rias regi\u00f5es da Cro\u00e1cia e da B\u00f3snia e Herzegovina.","og_url":"https:\/\/schoenstatt.com\/pt-pt\/a-familia-de-schoenstatt-da-croacia-celebra-seus-25-anos\/","og_site_name":"Schoenstatt","article_published_time":"2026-09-02T12:45:35+00:00","article_modified_time":"2026-09-02T13:17:15+00:00","og_image":[{"width":1200,"height":816,"url":"https:\/\/schoenstatt.com\/wp-content\/uploads\/2026\/09\/Croacia-Croatia-2026.webp","type":"image\/jpeg"}],"author":"Karen Bueno","twitter_card":"summary_large_image","twitter_misc":{"Escrito por":"Karen Bueno","Tempo estimado de leitura":"10 minutos"},"schema":{"@context":"https:\/\/schema.org","@graph":[{"@type":"Article","@id":"https:\/\/schoenstatt.com\/pt-pt\/a-familia-de-schoenstatt-da-croacia-celebra-seus-25-anos\/#article","isPartOf":{"@id":"https:\/\/schoenstatt.com\/pt-pt\/a-familia-de-schoenstatt-da-croacia-celebra-seus-25-anos\/"},"author":{"name":"Karen Bueno","@id":"https:\/\/schoenstatt.com\/pt-pt\/#\/schema\/person\/5158877ad4acae98b34daaeef2a1ce6e"},"headline":"A Fam\u00edlia de Schoenstatt da Cro\u00e1cia celebra seus 25 anos","datePublished":"2026-09-02T12:45:35+00:00","dateModified":"2026-09-02T13:17:15+00:00","mainEntityOfPage":{"@id":"https:\/\/schoenstatt.com\/pt-pt\/a-familia-de-schoenstatt-da-croacia-celebra-seus-25-anos\/"},"wordCount":1781,"publisher":{"@id":"https:\/\/schoenstatt.com\/pt-pt\/#organization"},"image":{"@id":"https:\/\/schoenstatt.com\/pt-pt\/a-familia-de-schoenstatt-da-croacia-celebra-seus-25-anos\/#primaryimage"},"thumbnailUrl":"https:\/\/schoenstatt.com\/wp-content\/uploads\/2026\/09\/Croacia-Croatia-2026.webp","keywords":["Schoenstatt Cro\u00e1cia"],"articleSection":["Europa","Pa\u00edses"],"inLanguage":"pt-PT"},{"@type":"WebPage","@id":"https:\/\/schoenstatt.com\/pt-pt\/a-familia-de-schoenstatt-da-croacia-celebra-seus-25-anos\/","url":"https:\/\/schoenstatt.com\/pt-pt\/a-familia-de-schoenstatt-da-croacia-celebra-seus-25-anos\/","name":"A Fam\u00edlia de Schoenstatt da Cro\u00e1cia celebra seus 25 anos - Schoenstatt","isPartOf":{"@id":"https:\/\/schoenstatt.com\/pt-pt\/#website"},"primaryImageOfPage":{"@id":"https:\/\/schoenstatt.com\/pt-pt\/a-familia-de-schoenstatt-da-croacia-celebra-seus-25-anos\/#primaryimage"},"image":{"@id":"https:\/\/schoenstatt.com\/pt-pt\/a-familia-de-schoenstatt-da-croacia-celebra-seus-25-anos\/#primaryimage"},"thumbnailUrl":"https:\/\/schoenstatt.com\/wp-content\/uploads\/2026\/09\/Croacia-Croatia-2026.webp","datePublished":"2026-09-02T12:45:35+00:00","dateModified":"2026-09-02T13:17:15+00:00","description":"A comemora\u00e7\u00e3o em Mala Subotica reuniu 1500 schoenstattianos de v\u00e1rias regi\u00f5es da Cro\u00e1cia e da B\u00f3snia e Herzegovina.","breadcrumb":{"@id":"https:\/\/schoenstatt.com\/pt-pt\/a-familia-de-schoenstatt-da-croacia-celebra-seus-25-anos\/#breadcrumb"},"inLanguage":"pt-PT","potentialAction":[{"@type":"ReadAction","target":["https:\/\/schoenstatt.com\/pt-pt\/a-familia-de-schoenstatt-da-croacia-celebra-seus-25-anos\/"]}]},{"@type":"ImageObject","inLanguage":"pt-PT","@id":"https:\/\/schoenstatt.com\/pt-pt\/a-familia-de-schoenstatt-da-croacia-celebra-seus-25-anos\/#primaryimage","url":"https:\/\/schoenstatt.com\/wp-content\/uploads\/2026\/09\/Croacia-Croatia-2026.webp","contentUrl":"https:\/\/schoenstatt.com\/wp-content\/uploads\/2026\/09\/Croacia-Croatia-2026.webp","width":1200,"height":816},{"@type":"BreadcrumbList","@id":"https:\/\/schoenstatt.com\/pt-pt\/a-familia-de-schoenstatt-da-croacia-celebra-seus-25-anos\/#breadcrumb","itemListElement":[{"@type":"ListItem","position":1,"name":"Portada","item":"https:\/\/schoenstatt.com\/pt-pt\/home\/"},{"@type":"ListItem","position":2,"name":"A Fam\u00edlia de Schoenstatt da Cro\u00e1cia celebra seus 25 anos"}]},{"@type":"WebSite","@id":"https:\/\/schoenstatt.com\/pt-pt\/#website","url":"https:\/\/schoenstatt.com\/pt-pt\/","name":"Schoenstatt","description":"Apostolic Movement","publisher":{"@id":"https:\/\/schoenstatt.com\/pt-pt\/#organization"},"potentialAction":[{"@type":"SearchAction","target":{"@type":"EntryPoint","urlTemplate":"https:\/\/schoenstatt.com\/pt-pt\/?s={search_term_string}"},"query-input":{"@type":"PropertyValueSpecification","valueRequired":true,"valueName":"search_term_string"}}],"inLanguage":"pt-PT"},{"@type":"Organization","@id":"https:\/\/schoenstatt.com\/pt-pt\/#organization","name":"Schoenstatt","url":"https:\/\/schoenstatt.com\/pt-pt\/","logo":{"@type":"ImageObject","inLanguage":"pt-PT","@id":"https:\/\/schoenstatt.com\/pt-pt\/#\/schema\/logo\/image\/","url":"https:\/\/schoenstatt.com\/wp-content\/uploads\/2025\/04\/logo-schoenstatt-white-696x696-1.png","contentUrl":"https:\/\/schoenstatt.com\/wp-content\/uploads\/2025\/04\/logo-schoenstatt-white-696x696-1.png","width":696,"height":694,"caption":"Schoenstatt"},"image":{"@id":"https:\/\/schoenstatt.com\/pt-pt\/#\/schema\/logo\/image\/"}},{"@type":"Person","@id":"https:\/\/schoenstatt.com\/pt-pt\/#\/schema\/person\/5158877ad4acae98b34daaeef2a1ce6e","name":"Karen Bueno","image":{"@type":"ImageObject","inLanguage":"pt-PT","@id":"https:\/\/secure.gravatar.com\/avatar\/f9f4b823873154269d2b2130f195f6d41037dd0d7fc5f3cacb5c846bae70d66b?s=96&d=mm&r=g","url":"https:\/\/secure.gravatar.com\/avatar\/f9f4b823873154269d2b2130f195f6d41037dd0d7fc5f3cacb5c846bae70d66b?s=96&d=mm&r=g","contentUrl":"https:\/\/secure.gravatar.com\/avatar\/f9f4b823873154269d2b2130f195f6d41037dd0d7fc5f3cacb5c846bae70d66b?s=96&d=mm&r=g","caption":"Karen Bueno"},"url":"https:\/\/schoenstatt.com\/pt-pt\/author\/karen-bueno\/"}]}},"_links":{"self":[{"href":"https:\/\/schoenstatt.com\/pt-pt\/wp-json\/wp\/v2\/posts\/72233","targetHints":{"allow":["GET"]}}],"collection":[{"href":"https:\/\/schoenstatt.com\/pt-pt\/wp-json\/wp\/v2\/posts"}],"about":[{"href":"https:\/\/schoenstatt.com\/pt-pt\/wp-json\/wp\/v2\/types\/post"}],"author":[{"embeddable":true,"href":"https:\/\/schoenstatt.com\/pt-pt\/wp-json\/wp\/v2\/users\/3"}],"replies":[{"embeddable":true,"href":"https:\/\/schoenstatt.com\/pt-pt\/wp-json\/wp\/v2\/comments?post=72233"}],"version-history":[{"count":3,"href":"https:\/\/schoenstatt.com\/pt-pt\/wp-json\/wp\/v2\/posts\/72233\/revisions"}],"predecessor-version":[{"id":72236,"href":"https:\/\/schoenstatt.com\/pt-pt\/wp-json\/wp\/v2\/posts\/72233\/revisions\/72236"}],"wp:featuredmedia":[{"embeddable":true,"href":"https:\/\/schoenstatt.com\/pt-pt\/wp-json\/wp\/v2\/media\/72206"}],"wp:attachment":[{"href":"https:\/\/schoenstatt.com\/pt-pt\/wp-json\/wp\/v2\/media?parent=72233"}],"wp:term":[{"taxonomy":"category","embeddable":true,"href":"https:\/\/schoenstatt.com\/pt-pt\/wp-json\/wp\/v2\/categories?post=72233"},{"taxonomy":"post_tag","embeddable":true,"href":"https:\/\/schoenstatt.com\/pt-pt\/wp-json\/wp\/v2\/tags?post=72233"}],"curies":[{"name":"wp","href":"https:\/\/api.w.org\/{rel}","templated":true}]}}