{"id":69989,"date":"2026-05-01T15:46:56","date_gmt":"2026-05-01T13:46:56","guid":{"rendered":"https:\/\/schoenstatt.com\/?p=69989"},"modified":"2026-05-01T15:53:34","modified_gmt":"2026-05-01T13:53:34","slug":"o-que-fazia-jose-o-carpinteiro-dos-evangelhos","status":"publish","type":"post","link":"https:\/\/schoenstatt.com\/pt-pt\/o-que-fazia-jose-o-carpinteiro-dos-evangelhos\/","title":{"rendered":"O que fazia Jos\u00e9? O carpinteiro dos Evangelhos"},"content":{"rendered":"\n<p>As fontes dos Evangelhos descrevem a profiss\u00e3o de Jos\u00e9 com uma \u00fanica palavra. No Evangelho de Marcos (6,3), Jesus \u00e9 chamado de &#8220;o\u00a0<em>tekt\u014dn<\/em>&#8220;, enquanto no Evangelho segundo Mateus (13,55) ele \u00e9 &#8220;o filho do<em>\u00a0tekt\u014dn<\/em>&#8220;. O termo grego\u00a0<em>\u03c4\u03ad\u03ba\u03c4\u03c9\u03bd<\/em>, traduzido na tradi\u00e7\u00e3o latina como<em>\u00a0faber<\/em>, refere-se a um contexto mais amplo do que a ideia atual de um carpinteiro: indica um artes\u00e3o da constru\u00e7\u00e3o, capaz de trabalhar com diversos materiais e intervir na constru\u00e7\u00e3o de estruturas. A palavra mant\u00e9m uma certa abertura, inserindo Jos\u00e9 num contexto de trabalho concreto, n\u00e3o rigidamente especializado. J\u00e1 em 155 d.C., Justino, em seu\u00a0<em>Di\u00e1logo com Trif\u00e3o<\/em>, recorda que Jesus fazia arados e cangas, objetos ligados \u00e0 terra e ao trabalho, sinal de um artesanato concreto que o termo conserva desde as primeiras fontes crist\u00e3s.<\/p>\n\n\n\n<div style=\"height:37px\" aria-hidden=\"true\" class=\"wp-block-spacer\"><\/div>\n\n\n\n<figure class=\"wp-block-image aligncenter size-large\"><img decoding=\"async\" src=\"https:\/\/www.vaticannews.va\/content\/dam\/vaticannews\/multimedia\/2026\/aprile\/29\/fhjty.jpg\/_jcr_content\/renditions\/cq5dam.thumbnail.cropped.1500.844.jpeg\" alt=\"\"\/><figcaption class=\"wp-element-caption\">Modesto Faustini, Botega de S\u00e3o Jos\u00e9 carpinteiro com Maria e o Menino Jesus, 1886-1890, afresco, Br\u00e9scia, Igreja de S\u00e3o Jos\u00e9<\/figcaption><\/figure>\n\n\n\n<div style=\"height:33px\" aria-hidden=\"true\" class=\"wp-block-spacer\"><\/div>\n\n\n\n<h2 class=\"wp-block-heading has-medium-font-size\" id=\"h-uma-palavra-um-oficio\">Uma palavra, um of\u00edcio<\/h2>\n\n\n\n<p>O contexto da Galileia do primeiro s\u00e9culo torna ainda mais preciso\u00a0esse perfil. Em uma regi\u00e3o onde a madeira para constru\u00e7\u00e3o era limitada e a constru\u00e7\u00e3o dependia em grande parte da pedra local, o\u00a0<em>tekt\u014dn\u00a0<\/em>estava associado ao canteiro de obras, \u00e0 transforma\u00e7\u00e3o do espa\u00e7o habitacional e \u00e0 manuten\u00e7\u00e3o das necessidades di\u00e1rias. Isso representa uma figura imersa no trabalho, com habilidades pr\u00e1ticas e adaptabilidade aos materiais dispon\u00edveis, longe de uma defini\u00e7\u00e3o redutiva e excessivamente especializada. Um elemento sutil, mas significativo, tamb\u00e9m aparece nesse contexto: no Evangelho de Lucas (2,24), a oferta de duas pombas no Templo coloca a fam\u00edlia numa condi\u00e7\u00e3o modesta, como exigido pela lei b\u00edblica, sem que isso esgote a complexidade de seu perfil, que permanece ligado ao trabalho qualificado e reconhecido.<\/p>\n\n\n\n<div style=\"height:38px\" aria-hidden=\"true\" class=\"wp-block-spacer\"><\/div>\n\n\n\n<figure class=\"wp-block-image aligncenter size-large\"><img decoding=\"async\" src=\"https:\/\/www.vaticannews.va\/content\/dam\/vaticannews\/multimedia\/2026\/aprile\/29\/23rggh.jpg\/_jcr_content\/renditions\/cq5dam.thumbnail.cropped.1500.844.jpeg\" alt=\"\"\/><figcaption class=\"wp-element-caption\">Giulio Carpioni, Menino Jesus carpinteiro, s\u00e9culo XVII, \u00f3leo sobre tela, Veneza, Pinacoteca Egidio Martini<\/figcaption><\/figure>\n\n\n\n<div style=\"height:35px\" aria-hidden=\"true\" class=\"wp-block-spacer\"><\/div>\n\n\n\n<h2 class=\"wp-block-heading has-medium-font-size\" id=\"h-do-construir-a-madeira\">Do construir \u00e0 madeira<\/h2>\n\n\n\n<p>Partindo desse fato essencial, a tradi\u00e7\u00e3o d\u00e1 um passo decisivo. A palavra ampla das fontes se estreita progressivamente: o<em>&nbsp;tekt\u014dn<\/em>&nbsp;se torna carpinteiro, o construir se concentra na madeira, e precisamente essa concentra\u00e7\u00e3o abre um espa\u00e7o para a interpreta\u00e7\u00e3o que transcende os dados originais sem contradiz\u00ea-los. A madeira, material do trabalho cotidiano, torna-se o ponto de onde se vislumbra, em filigrana, a madeira da cruz, segundo uma continuidade que pertence n\u00e3o \u00e0 narrativa evang\u00e9lica, mas \u00e0 sua interpreta\u00e7\u00e3o.<\/p>\n\n\n\n<div style=\"height:33px\" aria-hidden=\"true\" class=\"wp-block-spacer\"><\/div>\n\n\n\n<figure class=\"wp-block-image aligncenter size-large\"><img decoding=\"async\" src=\"https:\/\/www.vaticannews.va\/content\/dam\/vaticannews\/multimedia\/2026\/aprile\/29\/hty45h5.jpg\/_jcr_content\/renditions\/cq5dam.thumbnail.cropped.1500.844.jpeg\" alt=\"\"\/><figcaption class=\"wp-element-caption\">Carpintaria de Robert Campin, S\u00e3o Jos\u00e9 Oper\u00e1rio (particular), Tr\u00edptico da Anuncia\u00e7\u00e3o (Ret\u00e1bulo de M\u00e9rode), c. 1427\u201332, Metropolitan Museum of Art, Nova Iorque. Duas ratoeiras est\u00e3o colocadas na janela e na bancada.<br><\/figcaption><\/figure>\n\n\n\n<div style=\"height:37px\" aria-hidden=\"true\" class=\"wp-block-spacer\"><\/div>\n\n\n\n<p>\u00c9 nessa perspectiva que uma reflex\u00e3o como a de Agostinho de Hipona adquire significado, n\u00e3o como uma fonte direta de imagens, mas como uma concentra\u00e7\u00e3o de sentido: no Serm\u00e3o 265, a cruz \u00e9 concebida como armadilha, uma isca que atrai e derrota o diabo, e essa densidade simb\u00f3lica da madeira tamb\u00e9m ilumina retrospectivamente o of\u00edcio atribu\u00eddo a Jos\u00e9, demonstrando como a mat\u00e9ria mais comum pode se tornar o lugar onde todo o evento da salva\u00e7\u00e3o \u00e9 reunido e antecipado.<\/p>\n\n\n\n<p>A arte captura e torna vis\u00edvel essa transi\u00e7\u00e3o. A cena da carpintaria como um espa\u00e7o para a Sagrada Fam\u00edlia afirma-se gradualmente a partir do s\u00e9culo XVI, quando as gravuras de Albrecht D\u00fcrer oferecem um repert\u00f3rio figurativo inicial da vida cotidiana em Nazar\u00e9: Maria concentrada em costurar ou fiar, Jos\u00e9 em sua bancada, o Filho presente e trabalhador. Trata-se de uma iconografia que responde ao gosto pelo naturalismo que se difundia na arte sacra e que encontrou terreno f\u00e9rtil na Contrarreforma, quando a extens\u00e3o da festa lit\u00fargica de S\u00e3o Jos\u00e9 a toda a Igreja (1621) impulsionou decisivamente a produ\u00e7\u00e3o art\u00edstica. A carpintaria, as ferramentas, as t\u00e1buas trabalhadas tornam-se elementos constantes, atrav\u00e9s dos quais a madeira assume uma presen\u00e7a insistente, capaz de direcionar o olhar sem se tornar expl\u00edcita.<\/p>\n\n\n\n<div style=\"height:36px\" aria-hidden=\"true\" class=\"wp-block-spacer\"><\/div>\n\n\n\n<figure class=\"wp-block-image aligncenter size-large\"><img decoding=\"async\" src=\"https:\/\/www.vaticannews.va\/content\/dam\/vaticannews\/multimedia\/2026\/aprile\/29\/Senza-titolo-1.jpg\/_jcr_content\/renditions\/cq5dam.thumbnail.cropped.1500.844.jpeg\" alt=\"\"\/><figcaption class=\"wp-element-caption\">C\u00edrculo de Jer\u00f3nimo Jacinto de Espinosa, S\u00e3o Jos\u00e9 Carpinteiro, primeira metade do s\u00e9culo XVII, \u00f3leo sobre tela, Museu Herzog Anton Ulrich, Braunschweig.<\/figcaption><\/figure>\n\n\n\n<div style=\"height:32px\" aria-hidden=\"true\" class=\"wp-block-spacer\"><\/div>\n\n\n\n<p>Durante o s\u00e9culo XVII, essa iconografia foi enriquecida com uma densidade simb\u00f3lica cada vez mais elaborada. Entre os exemplos mais conhecidos est\u00e3o os noturnos caravaggescos de Gerrit van Honthorst e a c\u00e9lebre pintura de Georges de La Tour no Louvre, onde a luz da vela segurada pelo Menino transforma a carpintaria em um espa\u00e7o onde o cotidiano assume um valor sagrado.<\/p>\n\n\n\n<p>Mas, ao lado dessas obras-primas c\u00e9lebres, a tradi\u00e7\u00e3o produz trabalhos menos conhecidos e n\u00e3o menos significativos. Na&nbsp;<em>Sagrada Fam\u00edlia na Carpintaria<\/em>&nbsp;atribu\u00edda ao c\u00edrculo de Mattia Preti (1695, Rabat, Malta), a iconografia se articula em dois n\u00edveis de prefigura\u00e7\u00e3o: Jos\u00e9 aplaina uma t\u00e1bua \u2014 um gesto que evoca a madeira da cruz \u2014 enquanto a Virgem, \u00e0 parte, costura um pano branco, prefigurando o sud\u00e1rio. Alguns anos mais tarde, Giuseppe Maria Crespi, conhecido como Lo Spagnolo (1715, atualmente em Modena), leva o tema para uma dimens\u00e3o dom\u00e9stica e antirret\u00f3rica: o Menino n\u00e3o ajuda o pai no trabalho, mas mostra \u00e0 m\u00e3e uma pequena cruz de madeira, talvez um brinquedo feito para ele por Jos\u00e9, e Maria inclina a cabe\u00e7a nas sombras, triste e consciente.<\/p>\n\n\n\n<div style=\"height:44px\" aria-hidden=\"true\" class=\"wp-block-spacer\"><\/div>\n\n\n\n<figure class=\"wp-block-image aligncenter size-large\"><img decoding=\"async\" src=\"https:\/\/www.vaticannews.va\/content\/dam\/vaticannews\/multimedia\/2019\/04\/30\/San%20Giuseppe%20Lavoratore3aem.jpg\/_jcr_content\/renditions\/cq5dam.thumbnail.cropped.1500.844.jpeg\" alt=\"\"\/><figcaption class=\"wp-element-caption\">Gerrit van Honthorst, A Sagrada Fam\u00edlia na oficina de carpinteiro de S\u00e3o Jos\u00e9, 1610, Museu Hermitage, S\u00e3o Petersburgo<\/figcaption><\/figure>\n\n\n\n<div style=\"height:37px\" aria-hidden=\"true\" class=\"wp-block-spacer\"><\/div>\n\n\n\n<h2 class=\"wp-block-heading has-medium-font-size\" id=\"h-uma-iconografia-popular\">Uma Iconografia Popular<\/h2>\n\n\n\n<p>A partir do s\u00e9culo XVII, essa iconografia transcendeu os limites da alta arte e se difundiu amplamente na devo\u00e7\u00e3o popular, por meio de santinhos, gravuras e impress\u00f5es produzidas e distribu\u00eddas por toda a Europa por gravadores e impressores de placas de cobre. A oficina de S\u00e3o Jos\u00e9 \u2014 com suas ferramentas, a madeira e o Filho presente \u2014 tornou-se um dos temas mais reproduzidos e reconhec\u00edveis da piedade crist\u00e3, um sinal de como aquela cena conseguiu condensar, de forma visual e acess\u00edvel, o profundo significado de um mist\u00e9rio que as fontes evang\u00e9licas haviam transmitido em uma \u00fanica palavra.<\/p>\n\n\n\n<div style=\"height:34px\" aria-hidden=\"true\" class=\"wp-block-spacer\"><\/div>\n\n\n\n<figure class=\"wp-block-image aligncenter size-large\"><img decoding=\"async\" src=\"https:\/\/www.vaticannews.va\/content\/dam\/vaticannews\/multimedia\/2026\/aprile\/29\/1242135.jpg\/_jcr_content\/renditions\/cq5dam.thumbnail.cropped.1500.844.jpeg\" alt=\"\"\/><figcaption class=\"wp-element-caption\">Sagrada Fam\u00edlia na oficina de S\u00e3o Jos\u00e9, alto-relevo em m\u00e1rmore, in\u00edcio do s\u00e9culo XIX, Carrara, Igreja de Sufragio.<\/figcaption><\/figure>\n\n\n\n<div style=\"height:30px\" aria-hidden=\"true\" class=\"wp-block-spacer\"><\/div>\n\n\n\n<p>Assim, forma-se uma linguagem que conecta a obra ao seu resultado final, construindo uma coer\u00eancia que nasce da interpreta\u00e7\u00e3o das fontes ao longo do tempo.<\/p>\n\n\n\n<p>A sobriedade das fontes permanece em segundo plano. O termo&nbsp;<em>tekt\u014dn&nbsp;<\/em>continua a ter um significado mais amplo, ligado \u00e0 constru\u00e7\u00e3o e \u00e0 pr\u00e1tica do trabalho. A figura do carpinteiro, t\u00e3o familiar, surge de uma leitura que encontrou na madeira um ponto de condensa\u00e7\u00e3o eficaz e duradouro. Nessa dist\u00e2ncia entre a palavra original e a imagem, compreendemos a maneira como a tradi\u00e7\u00e3o elabora, esclarece e torna vis\u00edvel o que os textos transmitem em sua forma essencial.<\/p>\n\n\n\n<p><strong>Fonte:<\/strong> <a href=\"https:\/\/www.vaticannews.va\/pt\/igreja\/news\/2026-05\/sao-jose-operario-marceneiro-evangelhos-arte.html\" target=\"_blank\" rel=\"noreferrer noopener\">vaticannews.va\/pt<\/a><\/p>\n","protected":false},"excerpt":{"rendered":"<p>Nos Evangelhos, uma \u00fanica palavra grega define o of\u00edcio de Jos\u00e9: &#8220;tekt\u014dn&#8221;. A tradi\u00e7\u00e3o a restringe, a arte a torna vis\u00edvel.<\/p>\n","protected":false},"author":3,"featured_media":69993,"comment_status":"closed","ping_status":"closed","sticky":false,"template":"","format":"standard","meta":{"footnotes":""},"categories":[608],"tags":[1226],"class_list":["post-69989","post","type-post","status-publish","format-standard","has-post-thumbnail","hentry","category-igreja-pt-pt","tag-sao-jose-pt-pt"],"yoast_head":"<!-- This site is optimized with the Yoast SEO Premium plugin v27.4 (Yoast SEO v27.5) - https:\/\/yoast.com\/product\/yoast-seo-premium-wordpress\/ -->\n<title>O que fazia Jos\u00e9? O carpinteiro dos Evangelhos - Schoenstatt<\/title>\n<meta name=\"description\" content=\"Nos Evangelhos, uma \u00fanica palavra grega define o of\u00edcio de Jos\u00e9: &quot;tekt\u014dn&quot;. A tradi\u00e7\u00e3o a restringe, a arte a torna vis\u00edvel.\" \/>\n<meta name=\"robots\" content=\"index, follow, max-snippet:-1, max-image-preview:large, max-video-preview:-1\" \/>\n<link rel=\"canonical\" href=\"https:\/\/schoenstatt.com\/pt-pt\/o-que-fazia-jose-o-carpinteiro-dos-evangelhos\/\" \/>\n<meta property=\"og:locale\" content=\"pt_PT\" \/>\n<meta property=\"og:type\" content=\"article\" \/>\n<meta property=\"og:title\" content=\"O que fazia Jos\u00e9? O carpinteiro dos Evangelhos\" \/>\n<meta property=\"og:description\" content=\"Nos Evangelhos, uma \u00fanica palavra grega define o of\u00edcio de Jos\u00e9: &quot;tekt\u014dn&quot;. A tradi\u00e7\u00e3o a restringe, a arte a torna vis\u00edvel.\" \/>\n<meta property=\"og:url\" content=\"https:\/\/schoenstatt.com\/pt-pt\/o-que-fazia-jose-o-carpinteiro-dos-evangelhos\/\" \/>\n<meta property=\"og:site_name\" content=\"Schoenstatt\" \/>\n<meta property=\"article:published_time\" content=\"2026-05-01T13:46:56+00:00\" \/>\n<meta property=\"article:modified_time\" content=\"2026-05-01T13:53:34+00:00\" \/>\n<meta property=\"og:image\" content=\"https:\/\/schoenstatt.com\/wp-content\/uploads\/2026\/05\/St-Joseph.webp\" \/>\n\t<meta property=\"og:image:width\" content=\"1500\" \/>\n\t<meta property=\"og:image:height\" content=\"844\" \/>\n\t<meta property=\"og:image:type\" content=\"image\/jpeg\" \/>\n<meta name=\"author\" content=\"Karen Bueno\" \/>\n<meta name=\"twitter:card\" content=\"summary_large_image\" \/>\n<meta name=\"twitter:label1\" content=\"Escrito por\" \/>\n\t<meta name=\"twitter:data1\" content=\"Karen Bueno\" \/>\n\t<meta name=\"twitter:label2\" content=\"Tempo estimado de leitura\" \/>\n\t<meta name=\"twitter:data2\" content=\"8 minutos\" \/>\n<script type=\"application\/ld+json\" class=\"yoast-schema-graph\">{\"@context\":\"https:\\\/\\\/schema.org\",\"@graph\":[{\"@type\":\"Article\",\"@id\":\"https:\\\/\\\/schoenstatt.com\\\/pt-pt\\\/o-que-fazia-jose-o-carpinteiro-dos-evangelhos\\\/#article\",\"isPartOf\":{\"@id\":\"https:\\\/\\\/schoenstatt.com\\\/pt-pt\\\/o-que-fazia-jose-o-carpinteiro-dos-evangelhos\\\/\"},\"author\":{\"name\":\"Karen Bueno\",\"@id\":\"https:\\\/\\\/schoenstatt.com\\\/pt-pt\\\/#\\\/schema\\\/person\\\/5158877ad4acae98b34daaeef2a1ce6e\"},\"headline\":\"O que fazia Jos\u00e9? O carpinteiro dos Evangelhos\",\"datePublished\":\"2026-05-01T13:46:56+00:00\",\"dateModified\":\"2026-05-01T13:53:34+00:00\",\"mainEntityOfPage\":{\"@id\":\"https:\\\/\\\/schoenstatt.com\\\/pt-pt\\\/o-que-fazia-jose-o-carpinteiro-dos-evangelhos\\\/\"},\"wordCount\":1174,\"publisher\":{\"@id\":\"https:\\\/\\\/schoenstatt.com\\\/pt-pt\\\/#organization\"},\"image\":{\"@id\":\"https:\\\/\\\/schoenstatt.com\\\/pt-pt\\\/o-que-fazia-jose-o-carpinteiro-dos-evangelhos\\\/#primaryimage\"},\"thumbnailUrl\":\"https:\\\/\\\/schoenstatt.com\\\/wp-content\\\/uploads\\\/2026\\\/05\\\/St-Joseph.webp\",\"keywords\":[\"S\u00e3o Jos\u00e9\"],\"articleSection\":[\"Igreja\"],\"inLanguage\":\"pt-PT\"},{\"@type\":\"WebPage\",\"@id\":\"https:\\\/\\\/schoenstatt.com\\\/pt-pt\\\/o-que-fazia-jose-o-carpinteiro-dos-evangelhos\\\/\",\"url\":\"https:\\\/\\\/schoenstatt.com\\\/pt-pt\\\/o-que-fazia-jose-o-carpinteiro-dos-evangelhos\\\/\",\"name\":\"O que fazia Jos\u00e9? O carpinteiro dos Evangelhos - Schoenstatt\",\"isPartOf\":{\"@id\":\"https:\\\/\\\/schoenstatt.com\\\/pt-pt\\\/#website\"},\"primaryImageOfPage\":{\"@id\":\"https:\\\/\\\/schoenstatt.com\\\/pt-pt\\\/o-que-fazia-jose-o-carpinteiro-dos-evangelhos\\\/#primaryimage\"},\"image\":{\"@id\":\"https:\\\/\\\/schoenstatt.com\\\/pt-pt\\\/o-que-fazia-jose-o-carpinteiro-dos-evangelhos\\\/#primaryimage\"},\"thumbnailUrl\":\"https:\\\/\\\/schoenstatt.com\\\/wp-content\\\/uploads\\\/2026\\\/05\\\/St-Joseph.webp\",\"datePublished\":\"2026-05-01T13:46:56+00:00\",\"dateModified\":\"2026-05-01T13:53:34+00:00\",\"description\":\"Nos Evangelhos, uma \u00fanica palavra grega define o of\u00edcio de Jos\u00e9: \\\"tekt\u014dn\\\". A tradi\u00e7\u00e3o a restringe, a arte a torna vis\u00edvel.\",\"breadcrumb\":{\"@id\":\"https:\\\/\\\/schoenstatt.com\\\/pt-pt\\\/o-que-fazia-jose-o-carpinteiro-dos-evangelhos\\\/#breadcrumb\"},\"inLanguage\":\"pt-PT\",\"potentialAction\":[{\"@type\":\"ReadAction\",\"target\":[\"https:\\\/\\\/schoenstatt.com\\\/pt-pt\\\/o-que-fazia-jose-o-carpinteiro-dos-evangelhos\\\/\"]}]},{\"@type\":\"ImageObject\",\"inLanguage\":\"pt-PT\",\"@id\":\"https:\\\/\\\/schoenstatt.com\\\/pt-pt\\\/o-que-fazia-jose-o-carpinteiro-dos-evangelhos\\\/#primaryimage\",\"url\":\"https:\\\/\\\/schoenstatt.com\\\/wp-content\\\/uploads\\\/2026\\\/05\\\/St-Joseph.webp\",\"contentUrl\":\"https:\\\/\\\/schoenstatt.com\\\/wp-content\\\/uploads\\\/2026\\\/05\\\/St-Joseph.webp\",\"width\":1500,\"height\":844},{\"@type\":\"BreadcrumbList\",\"@id\":\"https:\\\/\\\/schoenstatt.com\\\/pt-pt\\\/o-que-fazia-jose-o-carpinteiro-dos-evangelhos\\\/#breadcrumb\",\"itemListElement\":[{\"@type\":\"ListItem\",\"position\":1,\"name\":\"Portada\",\"item\":\"https:\\\/\\\/schoenstatt.com\\\/pt-pt\\\/home\\\/\"},{\"@type\":\"ListItem\",\"position\":2,\"name\":\"O que fazia Jos\u00e9? O carpinteiro dos Evangelhos\"}]},{\"@type\":\"WebSite\",\"@id\":\"https:\\\/\\\/schoenstatt.com\\\/pt-pt\\\/#website\",\"url\":\"https:\\\/\\\/schoenstatt.com\\\/pt-pt\\\/\",\"name\":\"Schoenstatt\",\"description\":\"Apostolic Movement\",\"publisher\":{\"@id\":\"https:\\\/\\\/schoenstatt.com\\\/pt-pt\\\/#organization\"},\"potentialAction\":[{\"@type\":\"SearchAction\",\"target\":{\"@type\":\"EntryPoint\",\"urlTemplate\":\"https:\\\/\\\/schoenstatt.com\\\/pt-pt\\\/?s={search_term_string}\"},\"query-input\":{\"@type\":\"PropertyValueSpecification\",\"valueRequired\":true,\"valueName\":\"search_term_string\"}}],\"inLanguage\":\"pt-PT\"},{\"@type\":\"Organization\",\"@id\":\"https:\\\/\\\/schoenstatt.com\\\/pt-pt\\\/#organization\",\"name\":\"Schoenstatt\",\"url\":\"https:\\\/\\\/schoenstatt.com\\\/pt-pt\\\/\",\"logo\":{\"@type\":\"ImageObject\",\"inLanguage\":\"pt-PT\",\"@id\":\"https:\\\/\\\/schoenstatt.com\\\/pt-pt\\\/#\\\/schema\\\/logo\\\/image\\\/\",\"url\":\"https:\\\/\\\/schoenstatt.com\\\/wp-content\\\/uploads\\\/2025\\\/04\\\/logo-schoenstatt-white-696x696-1.png\",\"contentUrl\":\"https:\\\/\\\/schoenstatt.com\\\/wp-content\\\/uploads\\\/2025\\\/04\\\/logo-schoenstatt-white-696x696-1.png\",\"width\":696,\"height\":694,\"caption\":\"Schoenstatt\"},\"image\":{\"@id\":\"https:\\\/\\\/schoenstatt.com\\\/pt-pt\\\/#\\\/schema\\\/logo\\\/image\\\/\"}},{\"@type\":\"Person\",\"@id\":\"https:\\\/\\\/schoenstatt.com\\\/pt-pt\\\/#\\\/schema\\\/person\\\/5158877ad4acae98b34daaeef2a1ce6e\",\"name\":\"Karen Bueno\",\"image\":{\"@type\":\"ImageObject\",\"inLanguage\":\"pt-PT\",\"@id\":\"https:\\\/\\\/secure.gravatar.com\\\/avatar\\\/f9f4b823873154269d2b2130f195f6d41037dd0d7fc5f3cacb5c846bae70d66b?s=96&d=mm&r=g\",\"url\":\"https:\\\/\\\/secure.gravatar.com\\\/avatar\\\/f9f4b823873154269d2b2130f195f6d41037dd0d7fc5f3cacb5c846bae70d66b?s=96&d=mm&r=g\",\"contentUrl\":\"https:\\\/\\\/secure.gravatar.com\\\/avatar\\\/f9f4b823873154269d2b2130f195f6d41037dd0d7fc5f3cacb5c846bae70d66b?s=96&d=mm&r=g\",\"caption\":\"Karen Bueno\"},\"url\":\"https:\\\/\\\/schoenstatt.com\\\/pt-pt\\\/author\\\/karen-bueno\\\/\"}]}<\/script>\n<!-- \/ Yoast SEO Premium plugin. -->","yoast_head_json":{"title":"O que fazia Jos\u00e9? O carpinteiro dos Evangelhos - Schoenstatt","description":"Nos Evangelhos, uma \u00fanica palavra grega define o of\u00edcio de Jos\u00e9: \"tekt\u014dn\". A tradi\u00e7\u00e3o a restringe, a arte a torna vis\u00edvel.","robots":{"index":"index","follow":"follow","max-snippet":"max-snippet:-1","max-image-preview":"max-image-preview:large","max-video-preview":"max-video-preview:-1"},"canonical":"https:\/\/schoenstatt.com\/pt-pt\/o-que-fazia-jose-o-carpinteiro-dos-evangelhos\/","og_locale":"pt_PT","og_type":"article","og_title":"O que fazia Jos\u00e9? O carpinteiro dos Evangelhos","og_description":"Nos Evangelhos, uma \u00fanica palavra grega define o of\u00edcio de Jos\u00e9: \"tekt\u014dn\". A tradi\u00e7\u00e3o a restringe, a arte a torna vis\u00edvel.","og_url":"https:\/\/schoenstatt.com\/pt-pt\/o-que-fazia-jose-o-carpinteiro-dos-evangelhos\/","og_site_name":"Schoenstatt","article_published_time":"2026-05-01T13:46:56+00:00","article_modified_time":"2026-05-01T13:53:34+00:00","og_image":[{"width":1500,"height":844,"url":"https:\/\/schoenstatt.com\/wp-content\/uploads\/2026\/05\/St-Joseph.webp","type":"image\/jpeg"}],"author":"Karen Bueno","twitter_card":"summary_large_image","twitter_misc":{"Escrito por":"Karen Bueno","Tempo estimado de leitura":"8 minutos"},"schema":{"@context":"https:\/\/schema.org","@graph":[{"@type":"Article","@id":"https:\/\/schoenstatt.com\/pt-pt\/o-que-fazia-jose-o-carpinteiro-dos-evangelhos\/#article","isPartOf":{"@id":"https:\/\/schoenstatt.com\/pt-pt\/o-que-fazia-jose-o-carpinteiro-dos-evangelhos\/"},"author":{"name":"Karen Bueno","@id":"https:\/\/schoenstatt.com\/pt-pt\/#\/schema\/person\/5158877ad4acae98b34daaeef2a1ce6e"},"headline":"O que fazia Jos\u00e9? O carpinteiro dos Evangelhos","datePublished":"2026-05-01T13:46:56+00:00","dateModified":"2026-05-01T13:53:34+00:00","mainEntityOfPage":{"@id":"https:\/\/schoenstatt.com\/pt-pt\/o-que-fazia-jose-o-carpinteiro-dos-evangelhos\/"},"wordCount":1174,"publisher":{"@id":"https:\/\/schoenstatt.com\/pt-pt\/#organization"},"image":{"@id":"https:\/\/schoenstatt.com\/pt-pt\/o-que-fazia-jose-o-carpinteiro-dos-evangelhos\/#primaryimage"},"thumbnailUrl":"https:\/\/schoenstatt.com\/wp-content\/uploads\/2026\/05\/St-Joseph.webp","keywords":["S\u00e3o Jos\u00e9"],"articleSection":["Igreja"],"inLanguage":"pt-PT"},{"@type":"WebPage","@id":"https:\/\/schoenstatt.com\/pt-pt\/o-que-fazia-jose-o-carpinteiro-dos-evangelhos\/","url":"https:\/\/schoenstatt.com\/pt-pt\/o-que-fazia-jose-o-carpinteiro-dos-evangelhos\/","name":"O que fazia Jos\u00e9? O carpinteiro dos Evangelhos - Schoenstatt","isPartOf":{"@id":"https:\/\/schoenstatt.com\/pt-pt\/#website"},"primaryImageOfPage":{"@id":"https:\/\/schoenstatt.com\/pt-pt\/o-que-fazia-jose-o-carpinteiro-dos-evangelhos\/#primaryimage"},"image":{"@id":"https:\/\/schoenstatt.com\/pt-pt\/o-que-fazia-jose-o-carpinteiro-dos-evangelhos\/#primaryimage"},"thumbnailUrl":"https:\/\/schoenstatt.com\/wp-content\/uploads\/2026\/05\/St-Joseph.webp","datePublished":"2026-05-01T13:46:56+00:00","dateModified":"2026-05-01T13:53:34+00:00","description":"Nos Evangelhos, uma \u00fanica palavra grega define o of\u00edcio de Jos\u00e9: \"tekt\u014dn\". A tradi\u00e7\u00e3o a restringe, a arte a torna vis\u00edvel.","breadcrumb":{"@id":"https:\/\/schoenstatt.com\/pt-pt\/o-que-fazia-jose-o-carpinteiro-dos-evangelhos\/#breadcrumb"},"inLanguage":"pt-PT","potentialAction":[{"@type":"ReadAction","target":["https:\/\/schoenstatt.com\/pt-pt\/o-que-fazia-jose-o-carpinteiro-dos-evangelhos\/"]}]},{"@type":"ImageObject","inLanguage":"pt-PT","@id":"https:\/\/schoenstatt.com\/pt-pt\/o-que-fazia-jose-o-carpinteiro-dos-evangelhos\/#primaryimage","url":"https:\/\/schoenstatt.com\/wp-content\/uploads\/2026\/05\/St-Joseph.webp","contentUrl":"https:\/\/schoenstatt.com\/wp-content\/uploads\/2026\/05\/St-Joseph.webp","width":1500,"height":844},{"@type":"BreadcrumbList","@id":"https:\/\/schoenstatt.com\/pt-pt\/o-que-fazia-jose-o-carpinteiro-dos-evangelhos\/#breadcrumb","itemListElement":[{"@type":"ListItem","position":1,"name":"Portada","item":"https:\/\/schoenstatt.com\/pt-pt\/home\/"},{"@type":"ListItem","position":2,"name":"O que fazia Jos\u00e9? O carpinteiro dos Evangelhos"}]},{"@type":"WebSite","@id":"https:\/\/schoenstatt.com\/pt-pt\/#website","url":"https:\/\/schoenstatt.com\/pt-pt\/","name":"Schoenstatt","description":"Apostolic Movement","publisher":{"@id":"https:\/\/schoenstatt.com\/pt-pt\/#organization"},"potentialAction":[{"@type":"SearchAction","target":{"@type":"EntryPoint","urlTemplate":"https:\/\/schoenstatt.com\/pt-pt\/?s={search_term_string}"},"query-input":{"@type":"PropertyValueSpecification","valueRequired":true,"valueName":"search_term_string"}}],"inLanguage":"pt-PT"},{"@type":"Organization","@id":"https:\/\/schoenstatt.com\/pt-pt\/#organization","name":"Schoenstatt","url":"https:\/\/schoenstatt.com\/pt-pt\/","logo":{"@type":"ImageObject","inLanguage":"pt-PT","@id":"https:\/\/schoenstatt.com\/pt-pt\/#\/schema\/logo\/image\/","url":"https:\/\/schoenstatt.com\/wp-content\/uploads\/2025\/04\/logo-schoenstatt-white-696x696-1.png","contentUrl":"https:\/\/schoenstatt.com\/wp-content\/uploads\/2025\/04\/logo-schoenstatt-white-696x696-1.png","width":696,"height":694,"caption":"Schoenstatt"},"image":{"@id":"https:\/\/schoenstatt.com\/pt-pt\/#\/schema\/logo\/image\/"}},{"@type":"Person","@id":"https:\/\/schoenstatt.com\/pt-pt\/#\/schema\/person\/5158877ad4acae98b34daaeef2a1ce6e","name":"Karen Bueno","image":{"@type":"ImageObject","inLanguage":"pt-PT","@id":"https:\/\/secure.gravatar.com\/avatar\/f9f4b823873154269d2b2130f195f6d41037dd0d7fc5f3cacb5c846bae70d66b?s=96&d=mm&r=g","url":"https:\/\/secure.gravatar.com\/avatar\/f9f4b823873154269d2b2130f195f6d41037dd0d7fc5f3cacb5c846bae70d66b?s=96&d=mm&r=g","contentUrl":"https:\/\/secure.gravatar.com\/avatar\/f9f4b823873154269d2b2130f195f6d41037dd0d7fc5f3cacb5c846bae70d66b?s=96&d=mm&r=g","caption":"Karen Bueno"},"url":"https:\/\/schoenstatt.com\/pt-pt\/author\/karen-bueno\/"}]}},"_links":{"self":[{"href":"https:\/\/schoenstatt.com\/pt-pt\/wp-json\/wp\/v2\/posts\/69989","targetHints":{"allow":["GET"]}}],"collection":[{"href":"https:\/\/schoenstatt.com\/pt-pt\/wp-json\/wp\/v2\/posts"}],"about":[{"href":"https:\/\/schoenstatt.com\/pt-pt\/wp-json\/wp\/v2\/types\/post"}],"author":[{"embeddable":true,"href":"https:\/\/schoenstatt.com\/pt-pt\/wp-json\/wp\/v2\/users\/3"}],"replies":[{"embeddable":true,"href":"https:\/\/schoenstatt.com\/pt-pt\/wp-json\/wp\/v2\/comments?post=69989"}],"version-history":[{"count":2,"href":"https:\/\/schoenstatt.com\/pt-pt\/wp-json\/wp\/v2\/posts\/69989\/revisions"}],"predecessor-version":[{"id":69996,"href":"https:\/\/schoenstatt.com\/pt-pt\/wp-json\/wp\/v2\/posts\/69989\/revisions\/69996"}],"wp:featuredmedia":[{"embeddable":true,"href":"https:\/\/schoenstatt.com\/pt-pt\/wp-json\/wp\/v2\/media\/69993"}],"wp:attachment":[{"href":"https:\/\/schoenstatt.com\/pt-pt\/wp-json\/wp\/v2\/media?parent=69989"}],"wp:term":[{"taxonomy":"category","embeddable":true,"href":"https:\/\/schoenstatt.com\/pt-pt\/wp-json\/wp\/v2\/categories?post=69989"},{"taxonomy":"post_tag","embeddable":true,"href":"https:\/\/schoenstatt.com\/pt-pt\/wp-json\/wp\/v2\/tags?post=69989"}],"curies":[{"name":"wp","href":"https:\/\/api.w.org\/{rel}","templated":true}]}}