{"id":69945,"date":"2026-04-29T03:00:00","date_gmt":"2026-04-29T01:00:00","guid":{"rendered":"https:\/\/schoenstatt.com\/?p=69945"},"modified":"2026-04-28T19:29:17","modified_gmt":"2026-04-28T17:29:17","slug":"vigor-profetico-nos-dias-atuais-um-novo-sopro-na-equipe-diretiva-de-juntos-pela-europa","status":"publish","type":"post","link":"https:\/\/schoenstatt.com\/pt-pt\/vigor-profetico-nos-dias-atuais-um-novo-sopro-na-equipe-diretiva-de-juntos-pela-europa\/","title":{"rendered":"Vigor prof\u00e9tico nos dias atuais: Um novo sopro na equipe diretiva de \u201cJuntos pela Europa\u201d"},"content":{"rendered":"\n<p>De 16 a 18 de abril de 2026, a Equipe Diretiva Internacional da rede \u201cJuntos pela Europa\u201d reuniu-se para sua reuni\u00e3o anual a portas fechadas, desta vez no Centro de <a href=\"https:\/\/schoenstatt.com\/pt-pt\/sobre-schoenstatt\/\">Schoenstatt<\/a> de Viena, em <a href=\"https:\/\/www.schoenstattzentrum-wien.at\/\" target=\"_blank\" rel=\"noreferrer noopener\">Kahlenberg<\/a>, na \u00c1ustria. 26 participantes, provenientes de oito dos movimentos crist\u00e3os representados na rede, fizeram um balan\u00e7o do ano anterior e definiram as metas para os pr\u00f3ximos projetos.<\/p>\n\n\n\n<div style=\"height:37px\" aria-hidden=\"true\" class=\"wp-block-spacer\"><\/div>\n\n\n\n<h2 class=\"wp-block-heading has-medium-font-size\" id=\"h-renovacao-de-geracoes-na-equipe-diretiva\">Renova\u00e7\u00e3o de gera\u00e7\u00f5es na equipe diretiva<\/h2>\n\n\n\n<p>Um aspecto central do encontro deste ano foi a renova\u00e7\u00e3o da equipe diretiva internacional. Essa transi\u00e7\u00e3o foi preparada ao longo dos \u00faltimos dois anos, implorando o Esp\u00edrito Santo, a fim de garantir tanto a continuidade quanto novos impulsos. Margaret Karram, presidente do Movimento dos Focolares, agradeceu em uma carta aos membros que deixaram o cargo, que contribu\u00edram de forma significativa para a forma\u00e7\u00e3o de \u201cJuntos pela Europa\u201d nos \u00faltimos anos e d\u00e9cadas, pelo seu grande empenho.<\/p>\n\n\n\n<p>Gerhard Pross (YMCA* de Esslingen, Alemanha), um dos cofundadores e moderador de longa data da rede \u2018Juntos pela Europa\u2019, bem como Thomas R\u00f6mer e Walter Kriechbaum (ambos da YMCA de Munique e envolvidos na rede desde o in\u00edcio) despediram-se do grupo. Diego Goller (It\u00e1lia) e Ilona Toth (Hungria), representantes da presidente do Movimento dos Focolares no Comit\u00ea Diretor, deram as boas-vindas aos seus sucessores: Liz Taite (Gr\u00e3 Bretanha), com longa experi\u00eancia no ecumenismo, e Alberto Lo Presti (It\u00e1lia). As fun\u00e7\u00f5es de secret\u00e1ria-geral ser\u00e3o assumidas por Maria Wienken (Alemanha). Ela contar\u00e1 com o apoio de Elisabeth Danner (\u00c1ustria), ambas do Movimento dos Focolares.<\/p>\n\n\n\n<p>A transi\u00e7\u00e3o foi realizada de forma solene durante uma noite de ora\u00e7\u00e3o e selada pelo \u201cPacto de Amor M\u00fatuo\u201d. Gerhard Pross destacou a grandiosidade da miss\u00e3o e os frutos abundantes, incluindo aspectos da hist\u00f3ria da Igreja, tal como descritos no livro \u201cMomentos Estelares da Unidade\u201d.<\/p>\n\n\n\n<div style=\"height:32px\" aria-hidden=\"true\" class=\"wp-block-spacer\"><\/div>\n\n\n\n<h2 class=\"wp-block-heading has-medium-font-size\" id=\"h-a-moderacao-de-juntos-pela-europa-agora-e-feita-em-equipe\">A modera\u00e7\u00e3o de \u201cJuntos pela Europa\u201d agora \u00e9 feita em equipe<\/h2>\n\n\n\n<p>A fun\u00e7\u00e3o de moderador da rede ser\u00e1 assumida por tr\u00eas participantes da atual equipe diretiva. Fazem parte desse n\u00facleo a Ir. Nicole Grochowina (Comunidade da Fraternidade de Cristo de Selbitz), Pe. Raffael Rieger (Movimento de Schoenstatt) e Matthias B\u00fchlmann (Vineyard).<\/p>\n\n\n\n<p>\u201cEsta mudan\u00e7a n\u00e3o marca apenas o fim de uma era, mas tamb\u00e9m o in\u00edcio de uma nova fase de coopera\u00e7\u00e3o em toda a Europa.\u201d Assim afirmou um dos participantes. E outro acrescentou: \u201cOs dias em Kahlenberg mostram: nossa diversidade \u00e9 nossa for\u00e7a. Com a nova equipe, estamos dando um sinal claro de continuidade e novos impulsos.\u201d<\/p>\n\n\n\n<p>\u201c\u2018Juntos pela Europa\u2019 escreve uma hist\u00f3ria de esperan\u00e7a em nossos tempos aparentemente sem esperan\u00e7a. Por isso, hoje \u00e9 mais importante do que nunca continuarmos unidos\u201d, destacou outro membro do grupo.<\/p>\n\n\n\n<div style=\"height:42px\" aria-hidden=\"true\" class=\"wp-block-spacer\"><\/div>\n\n\n\n<figure class=\"wp-block-image aligncenter size-full\"><img fetchpriority=\"high\" decoding=\"async\" width=\"1920\" height=\"1210\" src=\"https:\/\/schoenstatt.com\/wp-content\/uploads\/2026\/04\/Together-for-Europe.webp\" alt=\"\" class=\"wp-image-69938\" srcset=\"https:\/\/schoenstatt.com\/wp-content\/uploads\/2026\/04\/Together-for-Europe.webp 1920w, https:\/\/schoenstatt.com\/wp-content\/uploads\/2026\/04\/Together-for-Europe-768x484.webp 768w, https:\/\/schoenstatt.com\/wp-content\/uploads\/2026\/04\/Together-for-Europe-1536x968.webp 1536w\" sizes=\"(max-width: 1920px) 100vw, 1920px\" \/><\/figure>\n\n\n\n<div style=\"height:39px\" aria-hidden=\"true\" class=\"wp-block-spacer\"><\/div>\n\n\n\n<h2 class=\"wp-block-heading has-medium-font-size\" id=\"h-temas\">Temas<\/h2>\n\n\n\n<p>Outro ponto central das discuss\u00f5es foi o trabalho das equipes nacionais. Essas assumem cada vez mais responsabilidades para consolidar a rede em seus respectivos pa\u00edses.<\/p>\n\n\n\n<p>Al\u00e9m disso, foram discutidos os pr\u00f3ximos destaques da agenda, entre os quais a visita de 120 jovens ao Parlamento Europeu por ocasi\u00e3o do dia 9 de maio (Dia da Europa) (10 a 13 de maio de 2026). Os jovens est\u00e3o impressionados com a unidade crist\u00e3 vivida pela rede e, com base nisso, elaboraram um pacto entre as gera\u00e7\u00f5es, que apresentar\u00e3o aos parlamentares.<\/p>\n\n\n\n<p>A reflex\u00f5es do encontro inclu\u00edram tamb\u00e9m os preparativos para a reuni\u00e3o do pr\u00f3ximo conselho de apoio no Vineyard Zentrum, em W\u00fcrzburg (29 a 31 de outubro de 2026), e para o grande evento de 2028 em Castel Gandolfo e Roma (previsto para 4 a 6 de maio de 2028).<\/p>\n\n\n\n<p>A reuni\u00e3o de 2026 da equipe diretiva pontuou, assim, um marco importante para o rumo futuro da rede, que continua a se empenhar pela unidade e pela fraternidade em todo o continente.<\/p>\n\n\n\n<div style=\"height:36px\" aria-hidden=\"true\" class=\"wp-block-spacer\"><\/div>\n\n\n\n<h2 class=\"wp-block-heading has-medium-font-size\" id=\"h-sobre-a-rede\">Sobre a rede<\/h2>\n\n\n\n<p>\u201cJuntos pela Europa\u201d re\u00fane movimentos e comunidades crist\u00e3s, ultrapassando fronteiras nacionais e confessionais. A rede ecum\u00eanica atua como ponte na Europa e, por meio de seu trabalho, defende a solidariedade, a paz e a prote\u00e7\u00e3o da dignidade humana. Para mais informa\u00e7\u00f5es, acesse <a href=\"https:\/\/www.together4europe.org\/\" target=\"_blank\" rel=\"noreferrer noopener\">www.together4europe.org<\/a><\/p>\n\n\n\n<p><em>*YMCA &#8211; Young Men&#8217;s Christian Association (Associa\u00e7\u00e3o Crist\u00e3 de Mo\u00e7os)<\/em><\/p>\n","protected":false},"excerpt":{"rendered":"<p>\u201cJuntos pela Europa\u201d re\u00fane movimentos e comunidades crist\u00e3s, ultrapassando fronteiras nacionais e confessionais.<\/p>\n","protected":false},"author":3,"featured_media":69941,"comment_status":"closed","ping_status":"closed","sticky":false,"template":"","format":"standard","meta":{"footnotes":""},"categories":[872],"tags":[1241],"class_list":["post-69945","post","type-post","status-publish","format-standard","has-post-thumbnail","hentry","category-europa-pt-pt","tag-juntos-pela-europa-pt-pt"],"yoast_head":"<!-- This site is optimized with the Yoast SEO Premium plugin v27.4 (Yoast SEO v27.5) - https:\/\/yoast.com\/product\/yoast-seo-premium-wordpress\/ -->\n<title>Vigor prof\u00e9tico nos dias atuais: Um novo sopro na equipe diretiva de \u201cJuntos pela Europa\u201d<\/title>\n<meta name=\"description\" content=\"\u201cJuntos pela Europa\u201d re\u00fane movimentos e comunidades crist\u00e3s, ultrapassando fronteiras nacionais e confessionais.\" \/>\n<meta name=\"robots\" content=\"index, follow, max-snippet:-1, max-image-preview:large, max-video-preview:-1\" \/>\n<link rel=\"canonical\" href=\"https:\/\/schoenstatt.com\/pt-pt\/vigor-profetico-nos-dias-atuais-um-novo-sopro-na-equipe-diretiva-de-juntos-pela-europa\/\" \/>\n<meta property=\"og:locale\" content=\"pt_PT\" \/>\n<meta property=\"og:type\" content=\"article\" \/>\n<meta property=\"og:title\" content=\"Vigor prof\u00e9tico nos dias atuais: Um novo sopro na equipe diretiva de \u201cJuntos pela Europa\u201d\" \/>\n<meta property=\"og:description\" content=\"\u201cJuntos pela Europa\u201d re\u00fane movimentos e comunidades crist\u00e3s, ultrapassando fronteiras nacionais e confessionais.\" \/>\n<meta property=\"og:url\" content=\"https:\/\/schoenstatt.com\/pt-pt\/vigor-profetico-nos-dias-atuais-um-novo-sopro-na-equipe-diretiva-de-juntos-pela-europa\/\" \/>\n<meta property=\"og:site_name\" content=\"Schoenstatt\" \/>\n<meta property=\"article:published_time\" content=\"2026-04-29T01:00:00+00:00\" \/>\n<meta property=\"og:image\" content=\"https:\/\/schoenstatt.com\/wp-content\/uploads\/2026\/04\/Together-for-Europe.webp\" \/>\n\t<meta property=\"og:image:width\" content=\"2048\" \/>\n\t<meta property=\"og:image:height\" content=\"1291\" \/>\n\t<meta property=\"og:image:type\" content=\"image\/jpeg\" \/>\n<meta name=\"author\" content=\"Karen Bueno\" \/>\n<meta name=\"twitter:card\" content=\"summary_large_image\" \/>\n<meta name=\"twitter:label1\" content=\"Escrito por\" \/>\n\t<meta name=\"twitter:data1\" content=\"Karen Bueno\" \/>\n\t<meta name=\"twitter:label2\" content=\"Tempo estimado de leitura\" \/>\n\t<meta name=\"twitter:data2\" content=\"5 minutos\" \/>\n<script type=\"application\/ld+json\" class=\"yoast-schema-graph\">{\"@context\":\"https:\\\/\\\/schema.org\",\"@graph\":[{\"@type\":\"Article\",\"@id\":\"https:\\\/\\\/schoenstatt.com\\\/pt-pt\\\/vigor-profetico-nos-dias-atuais-um-novo-sopro-na-equipe-diretiva-de-juntos-pela-europa\\\/#article\",\"isPartOf\":{\"@id\":\"https:\\\/\\\/schoenstatt.com\\\/pt-pt\\\/vigor-profetico-nos-dias-atuais-um-novo-sopro-na-equipe-diretiva-de-juntos-pela-europa\\\/\"},\"author\":{\"name\":\"Karen Bueno\",\"@id\":\"https:\\\/\\\/schoenstatt.com\\\/pt-pt\\\/#\\\/schema\\\/person\\\/5158877ad4acae98b34daaeef2a1ce6e\"},\"headline\":\"Vigor prof\u00e9tico nos dias atuais: Um novo sopro na equipe diretiva de \u201cJuntos pela Europa\u201d\",\"datePublished\":\"2026-04-29T01:00:00+00:00\",\"mainEntityOfPage\":{\"@id\":\"https:\\\/\\\/schoenstatt.com\\\/pt-pt\\\/vigor-profetico-nos-dias-atuais-um-novo-sopro-na-equipe-diretiva-de-juntos-pela-europa\\\/\"},\"wordCount\":714,\"publisher\":{\"@id\":\"https:\\\/\\\/schoenstatt.com\\\/pt-pt\\\/#organization\"},\"image\":{\"@id\":\"https:\\\/\\\/schoenstatt.com\\\/pt-pt\\\/vigor-profetico-nos-dias-atuais-um-novo-sopro-na-equipe-diretiva-de-juntos-pela-europa\\\/#primaryimage\"},\"thumbnailUrl\":\"https:\\\/\\\/schoenstatt.com\\\/wp-content\\\/uploads\\\/2026\\\/04\\\/Together-for-Europe.webp\",\"keywords\":[\"Juntos pela Europa\"],\"articleSection\":[\"Europa\"],\"inLanguage\":\"pt-PT\"},{\"@type\":\"WebPage\",\"@id\":\"https:\\\/\\\/schoenstatt.com\\\/pt-pt\\\/vigor-profetico-nos-dias-atuais-um-novo-sopro-na-equipe-diretiva-de-juntos-pela-europa\\\/\",\"url\":\"https:\\\/\\\/schoenstatt.com\\\/pt-pt\\\/vigor-profetico-nos-dias-atuais-um-novo-sopro-na-equipe-diretiva-de-juntos-pela-europa\\\/\",\"name\":\"Vigor prof\u00e9tico nos dias atuais: Um novo sopro na equipe diretiva de \u201cJuntos pela Europa\u201d\",\"isPartOf\":{\"@id\":\"https:\\\/\\\/schoenstatt.com\\\/pt-pt\\\/#website\"},\"primaryImageOfPage\":{\"@id\":\"https:\\\/\\\/schoenstatt.com\\\/pt-pt\\\/vigor-profetico-nos-dias-atuais-um-novo-sopro-na-equipe-diretiva-de-juntos-pela-europa\\\/#primaryimage\"},\"image\":{\"@id\":\"https:\\\/\\\/schoenstatt.com\\\/pt-pt\\\/vigor-profetico-nos-dias-atuais-um-novo-sopro-na-equipe-diretiva-de-juntos-pela-europa\\\/#primaryimage\"},\"thumbnailUrl\":\"https:\\\/\\\/schoenstatt.com\\\/wp-content\\\/uploads\\\/2026\\\/04\\\/Together-for-Europe.webp\",\"datePublished\":\"2026-04-29T01:00:00+00:00\",\"description\":\"\u201cJuntos pela Europa\u201d re\u00fane movimentos e comunidades crist\u00e3s, ultrapassando fronteiras nacionais e confessionais.\",\"breadcrumb\":{\"@id\":\"https:\\\/\\\/schoenstatt.com\\\/pt-pt\\\/vigor-profetico-nos-dias-atuais-um-novo-sopro-na-equipe-diretiva-de-juntos-pela-europa\\\/#breadcrumb\"},\"inLanguage\":\"pt-PT\",\"potentialAction\":[{\"@type\":\"ReadAction\",\"target\":[\"https:\\\/\\\/schoenstatt.com\\\/pt-pt\\\/vigor-profetico-nos-dias-atuais-um-novo-sopro-na-equipe-diretiva-de-juntos-pela-europa\\\/\"]}]},{\"@type\":\"ImageObject\",\"inLanguage\":\"pt-PT\",\"@id\":\"https:\\\/\\\/schoenstatt.com\\\/pt-pt\\\/vigor-profetico-nos-dias-atuais-um-novo-sopro-na-equipe-diretiva-de-juntos-pela-europa\\\/#primaryimage\",\"url\":\"https:\\\/\\\/schoenstatt.com\\\/wp-content\\\/uploads\\\/2026\\\/04\\\/Together-for-Europe.webp\",\"contentUrl\":\"https:\\\/\\\/schoenstatt.com\\\/wp-content\\\/uploads\\\/2026\\\/04\\\/Together-for-Europe.webp\",\"width\":2048,\"height\":1291},{\"@type\":\"BreadcrumbList\",\"@id\":\"https:\\\/\\\/schoenstatt.com\\\/pt-pt\\\/vigor-profetico-nos-dias-atuais-um-novo-sopro-na-equipe-diretiva-de-juntos-pela-europa\\\/#breadcrumb\",\"itemListElement\":[{\"@type\":\"ListItem\",\"position\":1,\"name\":\"Portada\",\"item\":\"https:\\\/\\\/schoenstatt.com\\\/pt-pt\\\/home\\\/\"},{\"@type\":\"ListItem\",\"position\":2,\"name\":\"Vigor prof\u00e9tico nos dias atuais: Um novo sopro na equipe diretiva de \u201cJuntos pela Europa\u201d\"}]},{\"@type\":\"WebSite\",\"@id\":\"https:\\\/\\\/schoenstatt.com\\\/pt-pt\\\/#website\",\"url\":\"https:\\\/\\\/schoenstatt.com\\\/pt-pt\\\/\",\"name\":\"Schoenstatt\",\"description\":\"Apostolic Movement\",\"publisher\":{\"@id\":\"https:\\\/\\\/schoenstatt.com\\\/pt-pt\\\/#organization\"},\"potentialAction\":[{\"@type\":\"SearchAction\",\"target\":{\"@type\":\"EntryPoint\",\"urlTemplate\":\"https:\\\/\\\/schoenstatt.com\\\/pt-pt\\\/?s={search_term_string}\"},\"query-input\":{\"@type\":\"PropertyValueSpecification\",\"valueRequired\":true,\"valueName\":\"search_term_string\"}}],\"inLanguage\":\"pt-PT\"},{\"@type\":\"Organization\",\"@id\":\"https:\\\/\\\/schoenstatt.com\\\/pt-pt\\\/#organization\",\"name\":\"Schoenstatt\",\"url\":\"https:\\\/\\\/schoenstatt.com\\\/pt-pt\\\/\",\"logo\":{\"@type\":\"ImageObject\",\"inLanguage\":\"pt-PT\",\"@id\":\"https:\\\/\\\/schoenstatt.com\\\/pt-pt\\\/#\\\/schema\\\/logo\\\/image\\\/\",\"url\":\"https:\\\/\\\/schoenstatt.com\\\/wp-content\\\/uploads\\\/2025\\\/04\\\/logo-schoenstatt-white-696x696-1.png\",\"contentUrl\":\"https:\\\/\\\/schoenstatt.com\\\/wp-content\\\/uploads\\\/2025\\\/04\\\/logo-schoenstatt-white-696x696-1.png\",\"width\":696,\"height\":694,\"caption\":\"Schoenstatt\"},\"image\":{\"@id\":\"https:\\\/\\\/schoenstatt.com\\\/pt-pt\\\/#\\\/schema\\\/logo\\\/image\\\/\"}},{\"@type\":\"Person\",\"@id\":\"https:\\\/\\\/schoenstatt.com\\\/pt-pt\\\/#\\\/schema\\\/person\\\/5158877ad4acae98b34daaeef2a1ce6e\",\"name\":\"Karen Bueno\",\"image\":{\"@type\":\"ImageObject\",\"inLanguage\":\"pt-PT\",\"@id\":\"https:\\\/\\\/secure.gravatar.com\\\/avatar\\\/f9f4b823873154269d2b2130f195f6d41037dd0d7fc5f3cacb5c846bae70d66b?s=96&d=mm&r=g\",\"url\":\"https:\\\/\\\/secure.gravatar.com\\\/avatar\\\/f9f4b823873154269d2b2130f195f6d41037dd0d7fc5f3cacb5c846bae70d66b?s=96&d=mm&r=g\",\"contentUrl\":\"https:\\\/\\\/secure.gravatar.com\\\/avatar\\\/f9f4b823873154269d2b2130f195f6d41037dd0d7fc5f3cacb5c846bae70d66b?s=96&d=mm&r=g\",\"caption\":\"Karen Bueno\"},\"url\":\"https:\\\/\\\/schoenstatt.com\\\/pt-pt\\\/author\\\/karen-bueno\\\/\"}]}<\/script>\n<!-- \/ Yoast SEO Premium plugin. -->","yoast_head_json":{"title":"Vigor prof\u00e9tico nos dias atuais: Um novo sopro na equipe diretiva de \u201cJuntos pela Europa\u201d","description":"\u201cJuntos pela Europa\u201d re\u00fane movimentos e comunidades crist\u00e3s, ultrapassando fronteiras nacionais e confessionais.","robots":{"index":"index","follow":"follow","max-snippet":"max-snippet:-1","max-image-preview":"max-image-preview:large","max-video-preview":"max-video-preview:-1"},"canonical":"https:\/\/schoenstatt.com\/pt-pt\/vigor-profetico-nos-dias-atuais-um-novo-sopro-na-equipe-diretiva-de-juntos-pela-europa\/","og_locale":"pt_PT","og_type":"article","og_title":"Vigor prof\u00e9tico nos dias atuais: Um novo sopro na equipe diretiva de \u201cJuntos pela Europa\u201d","og_description":"\u201cJuntos pela Europa\u201d re\u00fane movimentos e comunidades crist\u00e3s, ultrapassando fronteiras nacionais e confessionais.","og_url":"https:\/\/schoenstatt.com\/pt-pt\/vigor-profetico-nos-dias-atuais-um-novo-sopro-na-equipe-diretiva-de-juntos-pela-europa\/","og_site_name":"Schoenstatt","article_published_time":"2026-04-29T01:00:00+00:00","og_image":[{"url":"https:\/\/schoenstatt.com\/wp-content\/uploads\/2026\/04\/Together-for-Europe.webp","width":2048,"height":1291,"type":"image\/jpeg"}],"author":"Karen Bueno","twitter_card":"summary_large_image","twitter_misc":{"Escrito por":"Karen Bueno","Tempo estimado de leitura":"5 minutos"},"schema":{"@context":"https:\/\/schema.org","@graph":[{"@type":"Article","@id":"https:\/\/schoenstatt.com\/pt-pt\/vigor-profetico-nos-dias-atuais-um-novo-sopro-na-equipe-diretiva-de-juntos-pela-europa\/#article","isPartOf":{"@id":"https:\/\/schoenstatt.com\/pt-pt\/vigor-profetico-nos-dias-atuais-um-novo-sopro-na-equipe-diretiva-de-juntos-pela-europa\/"},"author":{"name":"Karen Bueno","@id":"https:\/\/schoenstatt.com\/pt-pt\/#\/schema\/person\/5158877ad4acae98b34daaeef2a1ce6e"},"headline":"Vigor prof\u00e9tico nos dias atuais: Um novo sopro na equipe diretiva de \u201cJuntos pela Europa\u201d","datePublished":"2026-04-29T01:00:00+00:00","mainEntityOfPage":{"@id":"https:\/\/schoenstatt.com\/pt-pt\/vigor-profetico-nos-dias-atuais-um-novo-sopro-na-equipe-diretiva-de-juntos-pela-europa\/"},"wordCount":714,"publisher":{"@id":"https:\/\/schoenstatt.com\/pt-pt\/#organization"},"image":{"@id":"https:\/\/schoenstatt.com\/pt-pt\/vigor-profetico-nos-dias-atuais-um-novo-sopro-na-equipe-diretiva-de-juntos-pela-europa\/#primaryimage"},"thumbnailUrl":"https:\/\/schoenstatt.com\/wp-content\/uploads\/2026\/04\/Together-for-Europe.webp","keywords":["Juntos pela Europa"],"articleSection":["Europa"],"inLanguage":"pt-PT"},{"@type":"WebPage","@id":"https:\/\/schoenstatt.com\/pt-pt\/vigor-profetico-nos-dias-atuais-um-novo-sopro-na-equipe-diretiva-de-juntos-pela-europa\/","url":"https:\/\/schoenstatt.com\/pt-pt\/vigor-profetico-nos-dias-atuais-um-novo-sopro-na-equipe-diretiva-de-juntos-pela-europa\/","name":"Vigor prof\u00e9tico nos dias atuais: Um novo sopro na equipe diretiva de \u201cJuntos pela Europa\u201d","isPartOf":{"@id":"https:\/\/schoenstatt.com\/pt-pt\/#website"},"primaryImageOfPage":{"@id":"https:\/\/schoenstatt.com\/pt-pt\/vigor-profetico-nos-dias-atuais-um-novo-sopro-na-equipe-diretiva-de-juntos-pela-europa\/#primaryimage"},"image":{"@id":"https:\/\/schoenstatt.com\/pt-pt\/vigor-profetico-nos-dias-atuais-um-novo-sopro-na-equipe-diretiva-de-juntos-pela-europa\/#primaryimage"},"thumbnailUrl":"https:\/\/schoenstatt.com\/wp-content\/uploads\/2026\/04\/Together-for-Europe.webp","datePublished":"2026-04-29T01:00:00+00:00","description":"\u201cJuntos pela Europa\u201d re\u00fane movimentos e comunidades crist\u00e3s, ultrapassando fronteiras nacionais e confessionais.","breadcrumb":{"@id":"https:\/\/schoenstatt.com\/pt-pt\/vigor-profetico-nos-dias-atuais-um-novo-sopro-na-equipe-diretiva-de-juntos-pela-europa\/#breadcrumb"},"inLanguage":"pt-PT","potentialAction":[{"@type":"ReadAction","target":["https:\/\/schoenstatt.com\/pt-pt\/vigor-profetico-nos-dias-atuais-um-novo-sopro-na-equipe-diretiva-de-juntos-pela-europa\/"]}]},{"@type":"ImageObject","inLanguage":"pt-PT","@id":"https:\/\/schoenstatt.com\/pt-pt\/vigor-profetico-nos-dias-atuais-um-novo-sopro-na-equipe-diretiva-de-juntos-pela-europa\/#primaryimage","url":"https:\/\/schoenstatt.com\/wp-content\/uploads\/2026\/04\/Together-for-Europe.webp","contentUrl":"https:\/\/schoenstatt.com\/wp-content\/uploads\/2026\/04\/Together-for-Europe.webp","width":2048,"height":1291},{"@type":"BreadcrumbList","@id":"https:\/\/schoenstatt.com\/pt-pt\/vigor-profetico-nos-dias-atuais-um-novo-sopro-na-equipe-diretiva-de-juntos-pela-europa\/#breadcrumb","itemListElement":[{"@type":"ListItem","position":1,"name":"Portada","item":"https:\/\/schoenstatt.com\/pt-pt\/home\/"},{"@type":"ListItem","position":2,"name":"Vigor prof\u00e9tico nos dias atuais: Um novo sopro na equipe diretiva de \u201cJuntos pela Europa\u201d"}]},{"@type":"WebSite","@id":"https:\/\/schoenstatt.com\/pt-pt\/#website","url":"https:\/\/schoenstatt.com\/pt-pt\/","name":"Schoenstatt","description":"Apostolic Movement","publisher":{"@id":"https:\/\/schoenstatt.com\/pt-pt\/#organization"},"potentialAction":[{"@type":"SearchAction","target":{"@type":"EntryPoint","urlTemplate":"https:\/\/schoenstatt.com\/pt-pt\/?s={search_term_string}"},"query-input":{"@type":"PropertyValueSpecification","valueRequired":true,"valueName":"search_term_string"}}],"inLanguage":"pt-PT"},{"@type":"Organization","@id":"https:\/\/schoenstatt.com\/pt-pt\/#organization","name":"Schoenstatt","url":"https:\/\/schoenstatt.com\/pt-pt\/","logo":{"@type":"ImageObject","inLanguage":"pt-PT","@id":"https:\/\/schoenstatt.com\/pt-pt\/#\/schema\/logo\/image\/","url":"https:\/\/schoenstatt.com\/wp-content\/uploads\/2025\/04\/logo-schoenstatt-white-696x696-1.png","contentUrl":"https:\/\/schoenstatt.com\/wp-content\/uploads\/2025\/04\/logo-schoenstatt-white-696x696-1.png","width":696,"height":694,"caption":"Schoenstatt"},"image":{"@id":"https:\/\/schoenstatt.com\/pt-pt\/#\/schema\/logo\/image\/"}},{"@type":"Person","@id":"https:\/\/schoenstatt.com\/pt-pt\/#\/schema\/person\/5158877ad4acae98b34daaeef2a1ce6e","name":"Karen Bueno","image":{"@type":"ImageObject","inLanguage":"pt-PT","@id":"https:\/\/secure.gravatar.com\/avatar\/f9f4b823873154269d2b2130f195f6d41037dd0d7fc5f3cacb5c846bae70d66b?s=96&d=mm&r=g","url":"https:\/\/secure.gravatar.com\/avatar\/f9f4b823873154269d2b2130f195f6d41037dd0d7fc5f3cacb5c846bae70d66b?s=96&d=mm&r=g","contentUrl":"https:\/\/secure.gravatar.com\/avatar\/f9f4b823873154269d2b2130f195f6d41037dd0d7fc5f3cacb5c846bae70d66b?s=96&d=mm&r=g","caption":"Karen Bueno"},"url":"https:\/\/schoenstatt.com\/pt-pt\/author\/karen-bueno\/"}]}},"_links":{"self":[{"href":"https:\/\/schoenstatt.com\/pt-pt\/wp-json\/wp\/v2\/posts\/69945","targetHints":{"allow":["GET"]}}],"collection":[{"href":"https:\/\/schoenstatt.com\/pt-pt\/wp-json\/wp\/v2\/posts"}],"about":[{"href":"https:\/\/schoenstatt.com\/pt-pt\/wp-json\/wp\/v2\/types\/post"}],"author":[{"embeddable":true,"href":"https:\/\/schoenstatt.com\/pt-pt\/wp-json\/wp\/v2\/users\/3"}],"replies":[{"embeddable":true,"href":"https:\/\/schoenstatt.com\/pt-pt\/wp-json\/wp\/v2\/comments?post=69945"}],"version-history":[{"count":6,"href":"https:\/\/schoenstatt.com\/pt-pt\/wp-json\/wp\/v2\/posts\/69945\/revisions"}],"predecessor-version":[{"id":69982,"href":"https:\/\/schoenstatt.com\/pt-pt\/wp-json\/wp\/v2\/posts\/69945\/revisions\/69982"}],"wp:featuredmedia":[{"embeddable":true,"href":"https:\/\/schoenstatt.com\/pt-pt\/wp-json\/wp\/v2\/media\/69941"}],"wp:attachment":[{"href":"https:\/\/schoenstatt.com\/pt-pt\/wp-json\/wp\/v2\/media?parent=69945"}],"wp:term":[{"taxonomy":"category","embeddable":true,"href":"https:\/\/schoenstatt.com\/pt-pt\/wp-json\/wp\/v2\/categories?post=69945"},{"taxonomy":"post_tag","embeddable":true,"href":"https:\/\/schoenstatt.com\/pt-pt\/wp-json\/wp\/v2\/tags?post=69945"}],"curies":[{"name":"wp","href":"https:\/\/api.w.org\/{rel}","templated":true}]}}