{"id":69918,"date":"2026-04-27T13:52:15","date_gmt":"2026-04-27T11:52:15","guid":{"rendered":"https:\/\/schoenstatt.com\/?p=69918"},"modified":"2026-04-27T13:56:15","modified_gmt":"2026-04-27T11:56:15","slug":"schoenstattianos-de-12-paises-selam-e-renovam-a-alianca-filial-com-o-pai-e-fundador","status":"publish","type":"post","link":"https:\/\/schoenstatt.com\/pt-pt\/schoenstattianos-de-12-paises-selam-e-renovam-a-alianca-filial-com-o-pai-e-fundador\/","title":{"rendered":"Schoenstattianos de 12 pa\u00edses selam e renovam a Alian\u00e7a Filial com o Pai e Fundador"},"content":{"rendered":"\n<p>Cientes do anseio de muitos membros da nossa Fam\u00edlia Internacional de Schoenstatt, o Secretariado Pe. Jos\u00e9 Kentenich no Equador convidou a selar ou renovar, de forma virtual, a Alian\u00e7a Filial com o Pe. Kentenich, como uma ades\u00e3o fiel \u00e0 sua pessoa, ao seu carisma e \u00e0 sua miss\u00e3o.<\/p>\n\n\n\n<div style=\"height:34px\" aria-hidden=\"true\" class=\"wp-block-spacer\"><\/div>\n\n\n\n<h2 class=\"wp-block-heading has-medium-font-size\" id=\"h-transmissao-ao-vivo-de-schoenstatt\">Transmiss\u00e3o ao vivo de Schoenstatt<\/h2>\n\n\n\n<p>Neste dia 18 de abril, 36 filhos e filhas espirituais do <a href=\"https:\/\/schoenstatt.com\/pt-pt\/sobre-schoenstatt\/fundador\/\">Pe. Kentenich<\/a> participaram virtualmente, conectados de 12 pa\u00edses, para selar e renovar a Alian\u00e7a Filial.<\/p>\n\n\n\n<p>A cerim\u00f4nia foi conduzida pelo Pe. Eduardo Aguirre Cancino, atual postulador da Causa de Canoniza\u00e7\u00e3o do Pe. Kentenich, e transmitida ao vivo do t\u00famulo do Pai, gra\u00e7as ao apoio da equipe de Schoenstatt TV. A emo\u00e7\u00e3o e a profundidade com que cada um viveu essa entrega eram palp\u00e1veis e sentia-se um ambiente espiritual e familiar, mesmo atrav\u00e9s das telas.<\/p>\n\n\n\n<div style=\"height:38px\" aria-hidden=\"true\" class=\"wp-block-spacer\"><\/div>\n\n\n\n<figure class=\"wp-block-image aligncenter size-full\"><img fetchpriority=\"high\" decoding=\"async\" width=\"1476\" height=\"1600\" src=\"https:\/\/schoenstatt.com\/wp-content\/uploads\/2026\/04\/kentenich-padre.webp\" alt=\"\" class=\"wp-image-69908\" srcset=\"https:\/\/schoenstatt.com\/wp-content\/uploads\/2026\/04\/kentenich-padre.webp 1476w, https:\/\/schoenstatt.com\/wp-content\/uploads\/2026\/04\/kentenich-padre-768x833.webp 768w, https:\/\/schoenstatt.com\/wp-content\/uploads\/2026\/04\/kentenich-padre-1417x1536.webp 1417w\" sizes=\"(max-width: 1476px) 100vw, 1476px\" \/><\/figure>\n\n\n\n<div style=\"height:43px\" aria-hidden=\"true\" class=\"wp-block-spacer\"><\/div>\n\n\n\n<h2 class=\"wp-block-heading has-medium-font-size\" id=\"h-preparacao-previa\">Prepara\u00e7\u00e3o pr\u00e9via<\/h2>\n\n\n\n<p>Para se preparar para este momento t\u00e3o especial, foram realizados dois encontros virtuais pr\u00e9vios, com o objetivo de acender os cora\u00e7\u00f5es e dar novo \u00edmpeto ao compromisso com a miss\u00e3o de Schoenstatt. A Ir. M. Montserrat Darquea e Erika Cede\u00f1o, integrantes do Secretariado Padre Kentenich no Equador, ficaram encarregadas das palestras e de toda a organiza\u00e7\u00e3o.<\/p>\n\n\n\n<p>Para selar pela primeira vez a Alian\u00e7a Filial, foi necess\u00e1rio que algumas condi\u00e7\u00f5es fossem cumpridas:<\/p>\n\n\n\n<div style=\"height:31px\" aria-hidden=\"true\" class=\"wp-block-spacer\"><\/div>\n\n\n\n<ul class=\"wp-block-list\">\n<li>Ter participado de um workshop para conhecer a vida e o carisma do fundador.<\/li>\n\n\n\n<li>Participar de dois encontros virtuais de prepara\u00e7\u00e3o antes de 18 de abril.<\/li>\n\n\n\n<li>Visitar um Santu\u00e1rio ap\u00f3s selar\/renovar a Alian\u00e7a Filial, para rezar e entregar a carta escrita ao Padre Kentenich.<\/li>\n<\/ul>\n\n\n\n<div style=\"height:27px\" aria-hidden=\"true\" class=\"wp-block-spacer\"><\/div>\n\n\n\n<figure class=\"wp-block-image size-full\"><img decoding=\"async\" width=\"1568\" height=\"859\" src=\"https:\/\/schoenstatt.com\/wp-content\/uploads\/2026\/04\/alianza-filial.webp\" alt=\"\" class=\"wp-image-69903\" srcset=\"https:\/\/schoenstatt.com\/wp-content\/uploads\/2026\/04\/alianza-filial.webp 1568w, https:\/\/schoenstatt.com\/wp-content\/uploads\/2026\/04\/alianza-filial-768x421.webp 768w, https:\/\/schoenstatt.com\/wp-content\/uploads\/2026\/04\/alianza-filial-1536x841.webp 1536w\" sizes=\"(max-width: 1568px) 100vw, 1568px\" \/><\/figure>\n\n\n\n<div style=\"height:44px\" aria-hidden=\"true\" class=\"wp-block-spacer\"><\/div>\n\n\n\n<h2 class=\"wp-block-heading has-medium-font-size\" id=\"h-queremos-ser-instrumentos-nas-maos-de-nossa-mae-e-rainha\">Queremos ser instrumentos nas m\u00e3os de nossa M\u00e3e e Rainha<\/h2>\n\n\n\n<p>Atrav\u00e9s da Alian\u00e7a Filial, expressa-se uma ades\u00e3o interior ao carisma do Pe. Kentenich; com esse gesto, assume-se o compromisso de ser continuador de sua miss\u00e3o.<\/p>\n\n\n\n<p>A Alian\u00e7a com o Pai \u00e9 um ato pessoal e, ao mesmo tempo, comunit\u00e1rio; por meio dela, acentuam-se os v\u00ednculos sadios, que se alimentam da Alian\u00e7a de Amor, e cada pessoa torna-se uma aliada para viver como ap\u00f3stolo na vida cotidiana, conquistando as qualidades de ser instrumento: humilde, alegre, simples, flex\u00edvel, confiante, pr\u00f3ximo e verdadeiro.<\/p>\n\n\n\n<p>\u201cCom a alma cheia de gratid\u00e3o e esperan\u00e7a, hoje reafirmo minha entrega e meu compromisso\u201d, diz Marcela, do M\u00e9xico.<\/p>\n\n\n\n<p>Lorena, do Equador, conta: \u201cN\u00e3o imaginei que pudesse renovar minha alian\u00e7a, e foi t\u00e3o bonito faz\u00ea-lo nesta nova fase da minha vida.\u201d<\/p>\n\n\n\n<p>Germary, dos Estados Unidos, comenta: \u201cQue alegria sinto no meu cora\u00e7\u00e3o! Vivi essa renova\u00e7\u00e3o junto com minhas duas companheiras e irm\u00e3s de Alian\u00e7a, Luisa e Oneida, de Nova York. Foi maravilhoso tudo o que vivemos; continuaremos unidas em nossa renova\u00e7\u00e3o da Alian\u00e7a Filial.\u201d<\/p>\n","protected":false},"excerpt":{"rendered":"<p>A Alian\u00e7a Filial com nosso Pai e Fundador na modalidade virtual: com esse gesto, assumimos o compromisso de dar continuidade \u00e0 sua miss\u00e3o.<\/p>\n","protected":false},"author":3,"featured_media":69906,"comment_status":"closed","ping_status":"closed","sticky":false,"template":"","format":"standard","meta":{"footnotes":""},"categories":[880],"tags":[409],"class_list":["post-69918","post","type-post","status-publish","format-standard","has-post-thumbnail","hentry","category-pe-jose-kentenich-pt-pt","tag-padre-jose-kentenich-pt-pt"],"yoast_head":"<!-- This site is optimized with the Yoast SEO Premium plugin v27.4 (Yoast SEO v27.4) - https:\/\/yoast.com\/product\/yoast-seo-premium-wordpress\/ -->\n<title>Schoenstattianos de 12 pa\u00edses selam e renovam a Alian\u00e7a Filial com o Pai e Fundador<\/title>\n<meta name=\"description\" content=\"A Alian\u00e7a Filial com nosso Pai e Fundador na modalidade virtual: com esse gesto, assumimos o compromisso de dar continuidade \u00e0 sua miss\u00e3o.\" \/>\n<meta name=\"robots\" content=\"index, follow, max-snippet:-1, max-image-preview:large, max-video-preview:-1\" \/>\n<link rel=\"canonical\" href=\"https:\/\/schoenstatt.com\/pt-pt\/schoenstattianos-de-12-paises-selam-e-renovam-a-alianca-filial-com-o-pai-e-fundador\/\" \/>\n<meta property=\"og:locale\" content=\"pt_PT\" \/>\n<meta property=\"og:type\" content=\"article\" \/>\n<meta property=\"og:title\" content=\"Schoenstattianos de 12 pa\u00edses selam e renovam a Alian\u00e7a Filial com o Pai e Fundador\" \/>\n<meta property=\"og:description\" content=\"A Alian\u00e7a Filial com nosso Pai e Fundador na modalidade virtual: com esse gesto, assumimos o compromisso de dar continuidade \u00e0 sua miss\u00e3o.\" \/>\n<meta property=\"og:url\" content=\"https:\/\/schoenstatt.com\/pt-pt\/schoenstattianos-de-12-paises-selam-e-renovam-a-alianca-filial-com-o-pai-e-fundador\/\" \/>\n<meta property=\"og:site_name\" content=\"Schoenstatt\" \/>\n<meta property=\"article:published_time\" content=\"2026-04-27T11:52:15+00:00\" \/>\n<meta property=\"article:modified_time\" content=\"2026-04-27T11:56:15+00:00\" \/>\n<meta property=\"og:image\" content=\"https:\/\/schoenstatt.com\/wp-content\/uploads\/2026\/04\/alianza-filial.webp\" \/>\n\t<meta property=\"og:image:width\" content=\"1568\" \/>\n\t<meta property=\"og:image:height\" content=\"859\" \/>\n\t<meta property=\"og:image:type\" content=\"image\/jpeg\" \/>\n<meta name=\"author\" content=\"Karen Bueno\" \/>\n<meta name=\"twitter:card\" content=\"summary_large_image\" \/>\n<meta name=\"twitter:label1\" content=\"Escrito por\" \/>\n\t<meta name=\"twitter:data1\" content=\"Karen Bueno\" \/>\n\t<meta name=\"twitter:label2\" content=\"Tempo estimado de leitura\" \/>\n\t<meta name=\"twitter:data2\" content=\"3 minutos\" \/>\n<script type=\"application\/ld+json\" class=\"yoast-schema-graph\">{\"@context\":\"https:\\\/\\\/schema.org\",\"@graph\":[{\"@type\":\"Article\",\"@id\":\"https:\\\/\\\/schoenstatt.com\\\/pt-pt\\\/schoenstattianos-de-12-paises-selam-e-renovam-a-alianca-filial-com-o-pai-e-fundador\\\/#article\",\"isPartOf\":{\"@id\":\"https:\\\/\\\/schoenstatt.com\\\/pt-pt\\\/schoenstattianos-de-12-paises-selam-e-renovam-a-alianca-filial-com-o-pai-e-fundador\\\/\"},\"author\":{\"name\":\"Karen Bueno\",\"@id\":\"https:\\\/\\\/schoenstatt.com\\\/pt-pt\\\/#\\\/schema\\\/person\\\/5158877ad4acae98b34daaeef2a1ce6e\"},\"headline\":\"Schoenstattianos de 12 pa\u00edses selam e renovam a Alian\u00e7a Filial com o Pai e Fundador\",\"datePublished\":\"2026-04-27T11:52:15+00:00\",\"dateModified\":\"2026-04-27T11:56:15+00:00\",\"mainEntityOfPage\":{\"@id\":\"https:\\\/\\\/schoenstatt.com\\\/pt-pt\\\/schoenstattianos-de-12-paises-selam-e-renovam-a-alianca-filial-com-o-pai-e-fundador\\\/\"},\"wordCount\":494,\"publisher\":{\"@id\":\"https:\\\/\\\/schoenstatt.com\\\/pt-pt\\\/#organization\"},\"image\":{\"@id\":\"https:\\\/\\\/schoenstatt.com\\\/pt-pt\\\/schoenstattianos-de-12-paises-selam-e-renovam-a-alianca-filial-com-o-pai-e-fundador\\\/#primaryimage\"},\"thumbnailUrl\":\"https:\\\/\\\/schoenstatt.com\\\/wp-content\\\/uploads\\\/2026\\\/04\\\/alianza-filial.webp\",\"keywords\":[\"Padre Jos\u00e9 Kentenich\"],\"articleSection\":[\"Pe. Jos\u00e9 Kentenich\"],\"inLanguage\":\"pt-PT\"},{\"@type\":\"WebPage\",\"@id\":\"https:\\\/\\\/schoenstatt.com\\\/pt-pt\\\/schoenstattianos-de-12-paises-selam-e-renovam-a-alianca-filial-com-o-pai-e-fundador\\\/\",\"url\":\"https:\\\/\\\/schoenstatt.com\\\/pt-pt\\\/schoenstattianos-de-12-paises-selam-e-renovam-a-alianca-filial-com-o-pai-e-fundador\\\/\",\"name\":\"Schoenstattianos de 12 pa\u00edses selam e renovam a Alian\u00e7a Filial com o Pai e Fundador\",\"isPartOf\":{\"@id\":\"https:\\\/\\\/schoenstatt.com\\\/pt-pt\\\/#website\"},\"primaryImageOfPage\":{\"@id\":\"https:\\\/\\\/schoenstatt.com\\\/pt-pt\\\/schoenstattianos-de-12-paises-selam-e-renovam-a-alianca-filial-com-o-pai-e-fundador\\\/#primaryimage\"},\"image\":{\"@id\":\"https:\\\/\\\/schoenstatt.com\\\/pt-pt\\\/schoenstattianos-de-12-paises-selam-e-renovam-a-alianca-filial-com-o-pai-e-fundador\\\/#primaryimage\"},\"thumbnailUrl\":\"https:\\\/\\\/schoenstatt.com\\\/wp-content\\\/uploads\\\/2026\\\/04\\\/alianza-filial.webp\",\"datePublished\":\"2026-04-27T11:52:15+00:00\",\"dateModified\":\"2026-04-27T11:56:15+00:00\",\"description\":\"A Alian\u00e7a Filial com nosso Pai e Fundador na modalidade virtual: com esse gesto, assumimos o compromisso de dar continuidade \u00e0 sua miss\u00e3o.\",\"breadcrumb\":{\"@id\":\"https:\\\/\\\/schoenstatt.com\\\/pt-pt\\\/schoenstattianos-de-12-paises-selam-e-renovam-a-alianca-filial-com-o-pai-e-fundador\\\/#breadcrumb\"},\"inLanguage\":\"pt-PT\",\"potentialAction\":[{\"@type\":\"ReadAction\",\"target\":[\"https:\\\/\\\/schoenstatt.com\\\/pt-pt\\\/schoenstattianos-de-12-paises-selam-e-renovam-a-alianca-filial-com-o-pai-e-fundador\\\/\"]}]},{\"@type\":\"ImageObject\",\"inLanguage\":\"pt-PT\",\"@id\":\"https:\\\/\\\/schoenstatt.com\\\/pt-pt\\\/schoenstattianos-de-12-paises-selam-e-renovam-a-alianca-filial-com-o-pai-e-fundador\\\/#primaryimage\",\"url\":\"https:\\\/\\\/schoenstatt.com\\\/wp-content\\\/uploads\\\/2026\\\/04\\\/alianza-filial.webp\",\"contentUrl\":\"https:\\\/\\\/schoenstatt.com\\\/wp-content\\\/uploads\\\/2026\\\/04\\\/alianza-filial.webp\",\"width\":1568,\"height\":859},{\"@type\":\"BreadcrumbList\",\"@id\":\"https:\\\/\\\/schoenstatt.com\\\/pt-pt\\\/schoenstattianos-de-12-paises-selam-e-renovam-a-alianca-filial-com-o-pai-e-fundador\\\/#breadcrumb\",\"itemListElement\":[{\"@type\":\"ListItem\",\"position\":1,\"name\":\"Portada\",\"item\":\"https:\\\/\\\/schoenstatt.com\\\/pt-pt\\\/home\\\/\"},{\"@type\":\"ListItem\",\"position\":2,\"name\":\"Schoenstattianos de 12 pa\u00edses selam e renovam a Alian\u00e7a Filial com o Pai e Fundador\"}]},{\"@type\":\"WebSite\",\"@id\":\"https:\\\/\\\/schoenstatt.com\\\/pt-pt\\\/#website\",\"url\":\"https:\\\/\\\/schoenstatt.com\\\/pt-pt\\\/\",\"name\":\"Schoenstatt\",\"description\":\"Apostolic Movement\",\"publisher\":{\"@id\":\"https:\\\/\\\/schoenstatt.com\\\/pt-pt\\\/#organization\"},\"potentialAction\":[{\"@type\":\"SearchAction\",\"target\":{\"@type\":\"EntryPoint\",\"urlTemplate\":\"https:\\\/\\\/schoenstatt.com\\\/pt-pt\\\/?s={search_term_string}\"},\"query-input\":{\"@type\":\"PropertyValueSpecification\",\"valueRequired\":true,\"valueName\":\"search_term_string\"}}],\"inLanguage\":\"pt-PT\"},{\"@type\":\"Organization\",\"@id\":\"https:\\\/\\\/schoenstatt.com\\\/pt-pt\\\/#organization\",\"name\":\"Schoenstatt\",\"url\":\"https:\\\/\\\/schoenstatt.com\\\/pt-pt\\\/\",\"logo\":{\"@type\":\"ImageObject\",\"inLanguage\":\"pt-PT\",\"@id\":\"https:\\\/\\\/schoenstatt.com\\\/pt-pt\\\/#\\\/schema\\\/logo\\\/image\\\/\",\"url\":\"https:\\\/\\\/schoenstatt.com\\\/wp-content\\\/uploads\\\/2025\\\/04\\\/logo-schoenstatt-white-696x696-1.png\",\"contentUrl\":\"https:\\\/\\\/schoenstatt.com\\\/wp-content\\\/uploads\\\/2025\\\/04\\\/logo-schoenstatt-white-696x696-1.png\",\"width\":696,\"height\":694,\"caption\":\"Schoenstatt\"},\"image\":{\"@id\":\"https:\\\/\\\/schoenstatt.com\\\/pt-pt\\\/#\\\/schema\\\/logo\\\/image\\\/\"}},{\"@type\":\"Person\",\"@id\":\"https:\\\/\\\/schoenstatt.com\\\/pt-pt\\\/#\\\/schema\\\/person\\\/5158877ad4acae98b34daaeef2a1ce6e\",\"name\":\"Karen Bueno\",\"image\":{\"@type\":\"ImageObject\",\"inLanguage\":\"pt-PT\",\"@id\":\"https:\\\/\\\/secure.gravatar.com\\\/avatar\\\/f9f4b823873154269d2b2130f195f6d41037dd0d7fc5f3cacb5c846bae70d66b?s=96&d=mm&r=g\",\"url\":\"https:\\\/\\\/secure.gravatar.com\\\/avatar\\\/f9f4b823873154269d2b2130f195f6d41037dd0d7fc5f3cacb5c846bae70d66b?s=96&d=mm&r=g\",\"contentUrl\":\"https:\\\/\\\/secure.gravatar.com\\\/avatar\\\/f9f4b823873154269d2b2130f195f6d41037dd0d7fc5f3cacb5c846bae70d66b?s=96&d=mm&r=g\",\"caption\":\"Karen Bueno\"},\"url\":\"https:\\\/\\\/schoenstatt.com\\\/pt-pt\\\/author\\\/karen-bueno\\\/\"}]}<\/script>\n<!-- \/ Yoast SEO Premium plugin. -->","yoast_head_json":{"title":"Schoenstattianos de 12 pa\u00edses selam e renovam a Alian\u00e7a Filial com o Pai e Fundador","description":"A Alian\u00e7a Filial com nosso Pai e Fundador na modalidade virtual: com esse gesto, assumimos o compromisso de dar continuidade \u00e0 sua miss\u00e3o.","robots":{"index":"index","follow":"follow","max-snippet":"max-snippet:-1","max-image-preview":"max-image-preview:large","max-video-preview":"max-video-preview:-1"},"canonical":"https:\/\/schoenstatt.com\/pt-pt\/schoenstattianos-de-12-paises-selam-e-renovam-a-alianca-filial-com-o-pai-e-fundador\/","og_locale":"pt_PT","og_type":"article","og_title":"Schoenstattianos de 12 pa\u00edses selam e renovam a Alian\u00e7a Filial com o Pai e Fundador","og_description":"A Alian\u00e7a Filial com nosso Pai e Fundador na modalidade virtual: com esse gesto, assumimos o compromisso de dar continuidade \u00e0 sua miss\u00e3o.","og_url":"https:\/\/schoenstatt.com\/pt-pt\/schoenstattianos-de-12-paises-selam-e-renovam-a-alianca-filial-com-o-pai-e-fundador\/","og_site_name":"Schoenstatt","article_published_time":"2026-04-27T11:52:15+00:00","article_modified_time":"2026-04-27T11:56:15+00:00","og_image":[{"width":1568,"height":859,"url":"https:\/\/schoenstatt.com\/wp-content\/uploads\/2026\/04\/alianza-filial.webp","type":"image\/jpeg"}],"author":"Karen Bueno","twitter_card":"summary_large_image","twitter_misc":{"Escrito por":"Karen Bueno","Tempo estimado de leitura":"3 minutos"},"schema":{"@context":"https:\/\/schema.org","@graph":[{"@type":"Article","@id":"https:\/\/schoenstatt.com\/pt-pt\/schoenstattianos-de-12-paises-selam-e-renovam-a-alianca-filial-com-o-pai-e-fundador\/#article","isPartOf":{"@id":"https:\/\/schoenstatt.com\/pt-pt\/schoenstattianos-de-12-paises-selam-e-renovam-a-alianca-filial-com-o-pai-e-fundador\/"},"author":{"name":"Karen Bueno","@id":"https:\/\/schoenstatt.com\/pt-pt\/#\/schema\/person\/5158877ad4acae98b34daaeef2a1ce6e"},"headline":"Schoenstattianos de 12 pa\u00edses selam e renovam a Alian\u00e7a Filial com o Pai e Fundador","datePublished":"2026-04-27T11:52:15+00:00","dateModified":"2026-04-27T11:56:15+00:00","mainEntityOfPage":{"@id":"https:\/\/schoenstatt.com\/pt-pt\/schoenstattianos-de-12-paises-selam-e-renovam-a-alianca-filial-com-o-pai-e-fundador\/"},"wordCount":494,"publisher":{"@id":"https:\/\/schoenstatt.com\/pt-pt\/#organization"},"image":{"@id":"https:\/\/schoenstatt.com\/pt-pt\/schoenstattianos-de-12-paises-selam-e-renovam-a-alianca-filial-com-o-pai-e-fundador\/#primaryimage"},"thumbnailUrl":"https:\/\/schoenstatt.com\/wp-content\/uploads\/2026\/04\/alianza-filial.webp","keywords":["Padre Jos\u00e9 Kentenich"],"articleSection":["Pe. Jos\u00e9 Kentenich"],"inLanguage":"pt-PT"},{"@type":"WebPage","@id":"https:\/\/schoenstatt.com\/pt-pt\/schoenstattianos-de-12-paises-selam-e-renovam-a-alianca-filial-com-o-pai-e-fundador\/","url":"https:\/\/schoenstatt.com\/pt-pt\/schoenstattianos-de-12-paises-selam-e-renovam-a-alianca-filial-com-o-pai-e-fundador\/","name":"Schoenstattianos de 12 pa\u00edses selam e renovam a Alian\u00e7a Filial com o Pai e Fundador","isPartOf":{"@id":"https:\/\/schoenstatt.com\/pt-pt\/#website"},"primaryImageOfPage":{"@id":"https:\/\/schoenstatt.com\/pt-pt\/schoenstattianos-de-12-paises-selam-e-renovam-a-alianca-filial-com-o-pai-e-fundador\/#primaryimage"},"image":{"@id":"https:\/\/schoenstatt.com\/pt-pt\/schoenstattianos-de-12-paises-selam-e-renovam-a-alianca-filial-com-o-pai-e-fundador\/#primaryimage"},"thumbnailUrl":"https:\/\/schoenstatt.com\/wp-content\/uploads\/2026\/04\/alianza-filial.webp","datePublished":"2026-04-27T11:52:15+00:00","dateModified":"2026-04-27T11:56:15+00:00","description":"A Alian\u00e7a Filial com nosso Pai e Fundador na modalidade virtual: com esse gesto, assumimos o compromisso de dar continuidade \u00e0 sua miss\u00e3o.","breadcrumb":{"@id":"https:\/\/schoenstatt.com\/pt-pt\/schoenstattianos-de-12-paises-selam-e-renovam-a-alianca-filial-com-o-pai-e-fundador\/#breadcrumb"},"inLanguage":"pt-PT","potentialAction":[{"@type":"ReadAction","target":["https:\/\/schoenstatt.com\/pt-pt\/schoenstattianos-de-12-paises-selam-e-renovam-a-alianca-filial-com-o-pai-e-fundador\/"]}]},{"@type":"ImageObject","inLanguage":"pt-PT","@id":"https:\/\/schoenstatt.com\/pt-pt\/schoenstattianos-de-12-paises-selam-e-renovam-a-alianca-filial-com-o-pai-e-fundador\/#primaryimage","url":"https:\/\/schoenstatt.com\/wp-content\/uploads\/2026\/04\/alianza-filial.webp","contentUrl":"https:\/\/schoenstatt.com\/wp-content\/uploads\/2026\/04\/alianza-filial.webp","width":1568,"height":859},{"@type":"BreadcrumbList","@id":"https:\/\/schoenstatt.com\/pt-pt\/schoenstattianos-de-12-paises-selam-e-renovam-a-alianca-filial-com-o-pai-e-fundador\/#breadcrumb","itemListElement":[{"@type":"ListItem","position":1,"name":"Portada","item":"https:\/\/schoenstatt.com\/pt-pt\/home\/"},{"@type":"ListItem","position":2,"name":"Schoenstattianos de 12 pa\u00edses selam e renovam a Alian\u00e7a Filial com o Pai e Fundador"}]},{"@type":"WebSite","@id":"https:\/\/schoenstatt.com\/pt-pt\/#website","url":"https:\/\/schoenstatt.com\/pt-pt\/","name":"Schoenstatt","description":"Apostolic Movement","publisher":{"@id":"https:\/\/schoenstatt.com\/pt-pt\/#organization"},"potentialAction":[{"@type":"SearchAction","target":{"@type":"EntryPoint","urlTemplate":"https:\/\/schoenstatt.com\/pt-pt\/?s={search_term_string}"},"query-input":{"@type":"PropertyValueSpecification","valueRequired":true,"valueName":"search_term_string"}}],"inLanguage":"pt-PT"},{"@type":"Organization","@id":"https:\/\/schoenstatt.com\/pt-pt\/#organization","name":"Schoenstatt","url":"https:\/\/schoenstatt.com\/pt-pt\/","logo":{"@type":"ImageObject","inLanguage":"pt-PT","@id":"https:\/\/schoenstatt.com\/pt-pt\/#\/schema\/logo\/image\/","url":"https:\/\/schoenstatt.com\/wp-content\/uploads\/2025\/04\/logo-schoenstatt-white-696x696-1.png","contentUrl":"https:\/\/schoenstatt.com\/wp-content\/uploads\/2025\/04\/logo-schoenstatt-white-696x696-1.png","width":696,"height":694,"caption":"Schoenstatt"},"image":{"@id":"https:\/\/schoenstatt.com\/pt-pt\/#\/schema\/logo\/image\/"}},{"@type":"Person","@id":"https:\/\/schoenstatt.com\/pt-pt\/#\/schema\/person\/5158877ad4acae98b34daaeef2a1ce6e","name":"Karen Bueno","image":{"@type":"ImageObject","inLanguage":"pt-PT","@id":"https:\/\/secure.gravatar.com\/avatar\/f9f4b823873154269d2b2130f195f6d41037dd0d7fc5f3cacb5c846bae70d66b?s=96&d=mm&r=g","url":"https:\/\/secure.gravatar.com\/avatar\/f9f4b823873154269d2b2130f195f6d41037dd0d7fc5f3cacb5c846bae70d66b?s=96&d=mm&r=g","contentUrl":"https:\/\/secure.gravatar.com\/avatar\/f9f4b823873154269d2b2130f195f6d41037dd0d7fc5f3cacb5c846bae70d66b?s=96&d=mm&r=g","caption":"Karen Bueno"},"url":"https:\/\/schoenstatt.com\/pt-pt\/author\/karen-bueno\/"}]}},"_links":{"self":[{"href":"https:\/\/schoenstatt.com\/pt-pt\/wp-json\/wp\/v2\/posts\/69918","targetHints":{"allow":["GET"]}}],"collection":[{"href":"https:\/\/schoenstatt.com\/pt-pt\/wp-json\/wp\/v2\/posts"}],"about":[{"href":"https:\/\/schoenstatt.com\/pt-pt\/wp-json\/wp\/v2\/types\/post"}],"author":[{"embeddable":true,"href":"https:\/\/schoenstatt.com\/pt-pt\/wp-json\/wp\/v2\/users\/3"}],"replies":[{"embeddable":true,"href":"https:\/\/schoenstatt.com\/pt-pt\/wp-json\/wp\/v2\/comments?post=69918"}],"version-history":[{"count":3,"href":"https:\/\/schoenstatt.com\/pt-pt\/wp-json\/wp\/v2\/posts\/69918\/revisions"}],"predecessor-version":[{"id":69921,"href":"https:\/\/schoenstatt.com\/pt-pt\/wp-json\/wp\/v2\/posts\/69918\/revisions\/69921"}],"wp:featuredmedia":[{"embeddable":true,"href":"https:\/\/schoenstatt.com\/pt-pt\/wp-json\/wp\/v2\/media\/69906"}],"wp:attachment":[{"href":"https:\/\/schoenstatt.com\/pt-pt\/wp-json\/wp\/v2\/media?parent=69918"}],"wp:term":[{"taxonomy":"category","embeddable":true,"href":"https:\/\/schoenstatt.com\/pt-pt\/wp-json\/wp\/v2\/categories?post=69918"},{"taxonomy":"post_tag","embeddable":true,"href":"https:\/\/schoenstatt.com\/pt-pt\/wp-json\/wp\/v2\/tags?post=69918"}],"curies":[{"name":"wp","href":"https:\/\/api.w.org\/{rel}","templated":true}]}}