{"id":69890,"date":"2026-04-24T14:11:48","date_gmt":"2026-04-24T12:11:48","guid":{"rendered":"https:\/\/schoenstatt.com\/?p=69890"},"modified":"2026-04-24T14:34:10","modified_gmt":"2026-04-24T12:34:10","slug":"mantendo-a-chama-acesa-o-que-aprendemos-no-encontro-da-campanha-da-mae-peregrina","status":"publish","type":"post","link":"https:\/\/schoenstatt.com\/pt-pt\/mantendo-a-chama-acesa-o-que-aprendemos-no-encontro-da-campanha-da-mae-peregrina\/","title":{"rendered":"Mantendo a chama acesa: O que aprendemos no encontro da Campanha da M\u00e3e Peregrina?"},"content":{"rendered":"\n<p>A Reuni\u00e3o de Primavera para lideran\u00e7as da <a href=\"https:\/\/schoenstatt.com\/pt-pt\/em-missao\/igreja\/mae-peregrina\/\">Campanha da M\u00e3e Peregrina de Schoenstatt<\/a> do Texas, EUA, trouxe reflex\u00f5es profundas e motivadoras. Gina Moraida compartilha as an\u00e1lises do encontro que tiveram no \u00faltimo dia 22 de mar\u00e7o:<\/p>\n\n\n\n<div style=\"height:26px\" aria-hidden=\"true\" class=\"wp-block-spacer\"><\/div>\n\n\n\n<hr class=\"wp-block-separator has-text-color has-alpha-channel-opacity has-background\" style=\"background-color:#ec9b62;color:#ec9b62\"\/>\n\n\n\n<div style=\"height:38px\" aria-hidden=\"true\" class=\"wp-block-spacer\"><\/div>\n\n\n\n<p>H\u00e1 algo realmente especial em estar em uma sala cercada por pessoas que compartilham o mesmo amor, a mesma miss\u00e3o e, com toda franqueza, o mesmo \u201csim\u201d silencioso que mant\u00e9m tudo isso em movimento.<\/p>\n\n\n\n<p>No dia 22 de mar\u00e7o, em Lamar, Texas, os l\u00edderes estaduais da Campanha da M\u00e3e Peregrina de Schoenstatt do Texas se reuniram para sua reuni\u00e3o trimestral. Durante nosso tempo juntos, nos foi feita uma pergunta simples: <strong>O que nos motiva a fazer esse trabalho? <\/strong>E as respostas n\u00e3o foram complicadas nem ensaiadas. Elas foram verdadeiras.<\/p>\n\n\n\n<p><em>Amor.<br>O desejo de servir.<br>O desejo de ser instrumentos.<br>Fazendo isso por nossas fam\u00edlias, nossos filhos, nossos futuros netos.<br>O desejo de aproximar as pessoas de Jesus por meio de Maria.<\/em><\/p>\n\n\n\n<p>\u00c0 medida em que todos compartilhavam suas respostas, era percept\u00edvel: essa miss\u00e3o n\u00e3o \u00e9 algo para o qual simplesmente nos voluntariamos. \u00c9 algo que nos molda, pois permitimos isso. Porque fazer parte da Campanha da M\u00e3e Peregrina n\u00e3o se resume a organizar um ter\u00e7o ou coordenar um evento. Est\u00e1 na maneira como vivemos, na forma como nos colocamos ao lado das pessoas, na maneira como inclu\u00edmos nossa f\u00e9 nos momentos do dia a dia.<\/p>\n\n\n\n<h2 class=\"wp-block-heading has-medium-font-size\" id=\"h-um-forte-chamado\">Um forte chamado<\/h2>\n\n\n\n<p>Ao longo do dia, houve uma forte sensa\u00e7\u00e3o de chamado a fazer mais do que apenas sustentar o que j\u00e1 temos. Um chamado a manter a chama acesa \u2014 e n\u00e3o apenas para n\u00f3s mesmos, mas para as pessoas a quem somos chamados a servir.<\/p>\n\n\n\n<p>E isso requer um esfor\u00e7o consciente.<\/p>\n\n\n\n<p>Conversamos sobre forma\u00e7\u00e3o, sobre a necessidade de crescermos como l\u00edderes e mission\u00e1rios, n\u00e3o apenas por uma quest\u00e3o de estrutura, pois n\u00e3o \u00e9 poss\u00edvel investir nos outros se n\u00e3o estivermos sendo nutridos. H\u00e1 um programa de forma\u00e7\u00e3o em andamento, recursos compartilhados sendo organizados e um incentivo para que todos n\u00f3s tamb\u00e9m assumamos a responsabilidade pelo nosso pr\u00f3prio crescimento. N\u00e3o de uma forma que nos sobrecarregue, mas de maneira real e pragm\u00e1tica.<\/p>\n\n\n\n<div style=\"height:33px\" aria-hidden=\"true\" class=\"wp-block-spacer\"><\/div>\n\n\n\n<figure class=\"wp-block-image aligncenter size-full\"><img fetchpriority=\"high\" decoding=\"async\" width=\"1920\" height=\"1440\" src=\"https:\/\/schoenstatt.com\/wp-content\/uploads\/2026\/04\/pilgrim-mother-apostolate-texas-USA.webp\" alt=\"\" class=\"wp-image-69878\" srcset=\"https:\/\/schoenstatt.com\/wp-content\/uploads\/2026\/04\/pilgrim-mother-apostolate-texas-USA.webp 1920w, https:\/\/schoenstatt.com\/wp-content\/uploads\/2026\/04\/pilgrim-mother-apostolate-texas-USA-768x576.webp 768w, https:\/\/schoenstatt.com\/wp-content\/uploads\/2026\/04\/pilgrim-mother-apostolate-texas-USA-1536x1152.webp 1536w\" sizes=\"(max-width: 1920px) 100vw, 1920px\" \/><\/figure>\n\n\n\n<div style=\"height:27px\" aria-hidden=\"true\" class=\"wp-block-spacer\"><\/div>\n\n\n\n<h2 class=\"wp-block-heading has-medium-font-size\" id=\"h-sao-pequenos-gestos-que-sustentam-uma-grande-missao\">S\u00e3o pequenos gestos que sustentam uma grande miss\u00e3o<\/h2>\n\n\n\n<p>O que mais me encantou, por\u00e9m, foi ouvir o que cada regi\u00e3o tem a dizer. Isso me lembrou que essa miss\u00e3o n\u00e3o cresce por causa de um \u00fanico grande momento. Ela cresce gra\u00e7as a centenas de pequenos gestos de f\u00e9. Cada cidade est\u00e1 fazendo as coisas de um jeito um pouco diferente, mas o esp\u00edrito \u00e9 o mesmo.<\/p>\n\n\n\n<p>Alguns est\u00e3o organizando ros\u00e1rios bil\u00edngues e unindo diferentes comunidades. Outros est\u00e3o estabelecendo rela\u00e7\u00f5es com sacerdotes paroquiais e abrindo portas em novas par\u00f3quias. Alguns est\u00e3o fazendo visitas domiciliares, organizando oficinas ou simplesmente mantendo a regularidade dos ter\u00e7os mensais. Houve prociss\u00f5es \u00e0 luz de velas, pequenas reuni\u00f5es, cart\u00f5es de felicita\u00e7\u00f5es \u2014 coisas simples, mas significativas.<\/p>\n\n\n\n<p>Tamb\u00e9m dedicamos algum tempo a discutir tr\u00eas palavras: <strong>evangelizar, manter e crescer<\/strong>. E, embora pare\u00e7am simples, elas t\u00eam realmente o objetivo de nos desafiar.<\/p>\n\n\n\n<div style=\"height:32px\" aria-hidden=\"true\" class=\"wp-block-spacer\"><\/div>\n\n\n\n<ul class=\"wp-block-list\">\n<li><strong>Evangelizar <\/strong>n\u00e3o significa impor nada a ningu\u00e9m \u2014 significa convidar. Significa estar aberto, estender a m\u00e3o e encontrar as pessoas onde elas est\u00e3o, seja por meio de uma conversa, de uma mensagem ou at\u00e9 mesmo de algo t\u00e3o simples quanto uma postagem online.<\/li>\n<\/ul>\n\n\n\n<ul class=\"wp-block-list\">\n<li><strong>Manter<\/strong> as pessoas vinculadas tamb\u00e9m exige esfor\u00e7o. Dar continuidade, verificar como est\u00e3o, criar espa\u00e7os onde as pessoas sintam que pertencem. Porque as pessoas ficam onde se sentem vistas.<\/li>\n<\/ul>\n\n\n\n<ul class=\"wp-block-list\">\n<li><strong>Crescer\u2026 <\/strong>essa \u00e9 a parte mais profunda. Crescer em nossa f\u00e9, em nossa compreens\u00e3o, em nossa disposi\u00e7\u00e3o de assumir lideran\u00e7a e responsabilidade. N\u00e3o de forma perfeita, mas com fidelidade.<\/li>\n<\/ul>\n\n\n\n<div style=\"height:40px\" aria-hidden=\"true\" class=\"wp-block-spacer\"><\/div>\n\n\n\n<h2 class=\"wp-block-heading has-medium-font-size\" id=\"h-o-que-mais-me-marcou-nesse-encontro-foi-nao-estamos-fazendo-isso-sozinhos\">O que mais me marcou nesse encontro foi: n\u00e3o estamos fazendo isso sozinhos.<\/h2>\n\n\n\n<p>\u00c9 f\u00e1cil sentir que voc\u00ea est\u00e1 carregando todo o peso sozinho na sua par\u00f3quia ou no seu grupo, mas estar naquela sala serviu para lembrar que h\u00e1 toda uma comunidade caminhando ao seu lado. Aprendendo, descobrindo coisas, apoiando uns aos outros. H\u00e1 tamb\u00e9m algo realmente bonito acontecendo nos bastidores \u00e0 medida que come\u00e7amos a criar mais estrutura \u2014 uma equipe central, fun\u00e7\u00f5es mais claras, melhor comunica\u00e7\u00e3o. N\u00e3o para complicar as coisas, mas para apoiar a miss\u00e3o de uma forma que ajude a torn\u00e1-la duradoura.<\/p>\n\n\n\n<p>Ao final do dia, n\u00e3o parecia que est\u00e1vamos riscando algo de uma lista. Parecia que est\u00e1vamos sendo enviados novamente, com um pouco mais de clareza e um pouco mais de entusiasmo.<\/p>\n\n\n\n<p>Porque, no fim das contas, essa miss\u00e3o n\u00e3o se resume a reuni\u00f5es.<\/p>\n\n\n\n<p>Est\u00e1 presente nos lares.<br>Nas conversas.<br>Em gestos silenciosos de amor e servi\u00e7o.<\/p>\n\n\n\n<p>E nas pessoas que continuam dizendo sim \u2014 mesmo quando \u00e9 algo simples, mesmo quando passa despercebido.<\/p>\n\n\n\n<p>E talvez seja exatamente assim que deve ser.<\/p>\n","protected":false},"excerpt":{"rendered":"<p>A Reuni\u00e3o de Primavera para lideran\u00e7as da Campanha da M\u00e3e Peregrina de Schoenstatt do Texas trouxe reflex\u00f5es motivadoras.<\/p>\n","protected":false},"author":3,"featured_media":69881,"comment_status":"closed","ping_status":"closed","sticky":false,"template":"","format":"standard","meta":{"footnotes":""},"categories":[625,425],"tags":[1088,1205],"class_list":["post-69890","post","type-post","status-publish","format-standard","has-post-thumbnail","hentry","category-america-pt-pt","category-mae-peregrina-pt-pt","tag-campanha-da-mae-peregrina-pt-pt","tag-schoenstatt-estados-unidos-eua-pt-pt"],"yoast_head":"<!-- This site is optimized with the Yoast SEO Premium plugin v27.4 (Yoast SEO v27.5) - https:\/\/yoast.com\/product\/yoast-seo-premium-wordpress\/ -->\n<title>Mantendo a chama acesa: O que aprendemos no encontro da Campanha da M\u00e3e Peregrina?<\/title>\n<meta name=\"description\" content=\"A Reuni\u00e3o de Primavera para lideran\u00e7as da Campanha da M\u00e3e Peregrina de Schoenstatt do Texas trouxe reflex\u00f5es motivadoras.\" \/>\n<meta name=\"robots\" content=\"index, follow, max-snippet:-1, max-image-preview:large, max-video-preview:-1\" \/>\n<link rel=\"canonical\" href=\"https:\/\/schoenstatt.com\/pt-pt\/mantendo-a-chama-acesa-o-que-aprendemos-no-encontro-da-campanha-da-mae-peregrina\/\" \/>\n<meta property=\"og:locale\" content=\"pt_PT\" \/>\n<meta property=\"og:type\" content=\"article\" \/>\n<meta property=\"og:title\" content=\"Mantendo a chama acesa: O que aprendemos no encontro da Campanha da M\u00e3e Peregrina?\" \/>\n<meta property=\"og:description\" content=\"A Reuni\u00e3o de Primavera para lideran\u00e7as da Campanha da M\u00e3e Peregrina de Schoenstatt do Texas trouxe reflex\u00f5es motivadoras.\" \/>\n<meta property=\"og:url\" content=\"https:\/\/schoenstatt.com\/pt-pt\/mantendo-a-chama-acesa-o-que-aprendemos-no-encontro-da-campanha-da-mae-peregrina\/\" \/>\n<meta property=\"og:site_name\" content=\"Schoenstatt\" \/>\n<meta property=\"article:published_time\" content=\"2026-04-24T12:11:48+00:00\" \/>\n<meta property=\"article:modified_time\" content=\"2026-04-24T12:34:10+00:00\" \/>\n<meta property=\"og:image\" content=\"https:\/\/schoenstatt.com\/wp-content\/uploads\/2026\/04\/pilgrim-mother-apostolate-texas-USA.webp\" \/>\n\t<meta property=\"og:image:width\" content=\"2048\" \/>\n\t<meta property=\"og:image:height\" content=\"1536\" \/>\n\t<meta property=\"og:image:type\" content=\"image\/jpeg\" \/>\n<meta name=\"author\" content=\"Karen Bueno\" \/>\n<meta name=\"twitter:card\" content=\"summary_large_image\" \/>\n<meta name=\"twitter:label1\" content=\"Escrito por\" \/>\n\t<meta name=\"twitter:data1\" content=\"Karen Bueno\" \/>\n\t<meta name=\"twitter:label2\" content=\"Tempo estimado de leitura\" \/>\n\t<meta name=\"twitter:data2\" content=\"5 minutos\" \/>\n<script type=\"application\/ld+json\" class=\"yoast-schema-graph\">{\"@context\":\"https:\\\/\\\/schema.org\",\"@graph\":[{\"@type\":\"Article\",\"@id\":\"https:\\\/\\\/schoenstatt.com\\\/pt-pt\\\/mantendo-a-chama-acesa-o-que-aprendemos-no-encontro-da-campanha-da-mae-peregrina\\\/#article\",\"isPartOf\":{\"@id\":\"https:\\\/\\\/schoenstatt.com\\\/pt-pt\\\/mantendo-a-chama-acesa-o-que-aprendemos-no-encontro-da-campanha-da-mae-peregrina\\\/\"},\"author\":{\"name\":\"Karen Bueno\",\"@id\":\"https:\\\/\\\/schoenstatt.com\\\/pt-pt\\\/#\\\/schema\\\/person\\\/5158877ad4acae98b34daaeef2a1ce6e\"},\"headline\":\"Mantendo a chama acesa: O que aprendemos no encontro da Campanha da M\u00e3e Peregrina?\",\"datePublished\":\"2026-04-24T12:11:48+00:00\",\"dateModified\":\"2026-04-24T12:34:10+00:00\",\"mainEntityOfPage\":{\"@id\":\"https:\\\/\\\/schoenstatt.com\\\/pt-pt\\\/mantendo-a-chama-acesa-o-que-aprendemos-no-encontro-da-campanha-da-mae-peregrina\\\/\"},\"wordCount\":867,\"publisher\":{\"@id\":\"https:\\\/\\\/schoenstatt.com\\\/pt-pt\\\/#organization\"},\"image\":{\"@id\":\"https:\\\/\\\/schoenstatt.com\\\/pt-pt\\\/mantendo-a-chama-acesa-o-que-aprendemos-no-encontro-da-campanha-da-mae-peregrina\\\/#primaryimage\"},\"thumbnailUrl\":\"https:\\\/\\\/schoenstatt.com\\\/wp-content\\\/uploads\\\/2026\\\/04\\\/pilgrim-mother-apostolate-texas-USA.webp\",\"keywords\":[\"Campanha da M\u00e3e Peregrina\",\"Schoenstatt Estados Unidos \u2013 EUA\"],\"articleSection\":[\"Am\u00e9rica\",\"M\u00e3e Peregrina\"],\"inLanguage\":\"pt-PT\"},{\"@type\":\"WebPage\",\"@id\":\"https:\\\/\\\/schoenstatt.com\\\/pt-pt\\\/mantendo-a-chama-acesa-o-que-aprendemos-no-encontro-da-campanha-da-mae-peregrina\\\/\",\"url\":\"https:\\\/\\\/schoenstatt.com\\\/pt-pt\\\/mantendo-a-chama-acesa-o-que-aprendemos-no-encontro-da-campanha-da-mae-peregrina\\\/\",\"name\":\"Mantendo a chama acesa: O que aprendemos no encontro da Campanha da M\u00e3e Peregrina?\",\"isPartOf\":{\"@id\":\"https:\\\/\\\/schoenstatt.com\\\/pt-pt\\\/#website\"},\"primaryImageOfPage\":{\"@id\":\"https:\\\/\\\/schoenstatt.com\\\/pt-pt\\\/mantendo-a-chama-acesa-o-que-aprendemos-no-encontro-da-campanha-da-mae-peregrina\\\/#primaryimage\"},\"image\":{\"@id\":\"https:\\\/\\\/schoenstatt.com\\\/pt-pt\\\/mantendo-a-chama-acesa-o-que-aprendemos-no-encontro-da-campanha-da-mae-peregrina\\\/#primaryimage\"},\"thumbnailUrl\":\"https:\\\/\\\/schoenstatt.com\\\/wp-content\\\/uploads\\\/2026\\\/04\\\/pilgrim-mother-apostolate-texas-USA.webp\",\"datePublished\":\"2026-04-24T12:11:48+00:00\",\"dateModified\":\"2026-04-24T12:34:10+00:00\",\"description\":\"A Reuni\u00e3o de Primavera para lideran\u00e7as da Campanha da M\u00e3e Peregrina de Schoenstatt do Texas trouxe reflex\u00f5es motivadoras.\",\"breadcrumb\":{\"@id\":\"https:\\\/\\\/schoenstatt.com\\\/pt-pt\\\/mantendo-a-chama-acesa-o-que-aprendemos-no-encontro-da-campanha-da-mae-peregrina\\\/#breadcrumb\"},\"inLanguage\":\"pt-PT\",\"potentialAction\":[{\"@type\":\"ReadAction\",\"target\":[\"https:\\\/\\\/schoenstatt.com\\\/pt-pt\\\/mantendo-a-chama-acesa-o-que-aprendemos-no-encontro-da-campanha-da-mae-peregrina\\\/\"]}]},{\"@type\":\"ImageObject\",\"inLanguage\":\"pt-PT\",\"@id\":\"https:\\\/\\\/schoenstatt.com\\\/pt-pt\\\/mantendo-a-chama-acesa-o-que-aprendemos-no-encontro-da-campanha-da-mae-peregrina\\\/#primaryimage\",\"url\":\"https:\\\/\\\/schoenstatt.com\\\/wp-content\\\/uploads\\\/2026\\\/04\\\/pilgrim-mother-apostolate-texas-USA.webp\",\"contentUrl\":\"https:\\\/\\\/schoenstatt.com\\\/wp-content\\\/uploads\\\/2026\\\/04\\\/pilgrim-mother-apostolate-texas-USA.webp\",\"width\":2048,\"height\":1536},{\"@type\":\"BreadcrumbList\",\"@id\":\"https:\\\/\\\/schoenstatt.com\\\/pt-pt\\\/mantendo-a-chama-acesa-o-que-aprendemos-no-encontro-da-campanha-da-mae-peregrina\\\/#breadcrumb\",\"itemListElement\":[{\"@type\":\"ListItem\",\"position\":1,\"name\":\"Portada\",\"item\":\"https:\\\/\\\/schoenstatt.com\\\/pt-pt\\\/home\\\/\"},{\"@type\":\"ListItem\",\"position\":2,\"name\":\"Mantendo a chama acesa: O que aprendemos no encontro da Campanha da M\u00e3e Peregrina?\"}]},{\"@type\":\"WebSite\",\"@id\":\"https:\\\/\\\/schoenstatt.com\\\/pt-pt\\\/#website\",\"url\":\"https:\\\/\\\/schoenstatt.com\\\/pt-pt\\\/\",\"name\":\"Schoenstatt\",\"description\":\"Apostolic Movement\",\"publisher\":{\"@id\":\"https:\\\/\\\/schoenstatt.com\\\/pt-pt\\\/#organization\"},\"potentialAction\":[{\"@type\":\"SearchAction\",\"target\":{\"@type\":\"EntryPoint\",\"urlTemplate\":\"https:\\\/\\\/schoenstatt.com\\\/pt-pt\\\/?s={search_term_string}\"},\"query-input\":{\"@type\":\"PropertyValueSpecification\",\"valueRequired\":true,\"valueName\":\"search_term_string\"}}],\"inLanguage\":\"pt-PT\"},{\"@type\":\"Organization\",\"@id\":\"https:\\\/\\\/schoenstatt.com\\\/pt-pt\\\/#organization\",\"name\":\"Schoenstatt\",\"url\":\"https:\\\/\\\/schoenstatt.com\\\/pt-pt\\\/\",\"logo\":{\"@type\":\"ImageObject\",\"inLanguage\":\"pt-PT\",\"@id\":\"https:\\\/\\\/schoenstatt.com\\\/pt-pt\\\/#\\\/schema\\\/logo\\\/image\\\/\",\"url\":\"https:\\\/\\\/schoenstatt.com\\\/wp-content\\\/uploads\\\/2025\\\/04\\\/logo-schoenstatt-white-696x696-1.png\",\"contentUrl\":\"https:\\\/\\\/schoenstatt.com\\\/wp-content\\\/uploads\\\/2025\\\/04\\\/logo-schoenstatt-white-696x696-1.png\",\"width\":696,\"height\":694,\"caption\":\"Schoenstatt\"},\"image\":{\"@id\":\"https:\\\/\\\/schoenstatt.com\\\/pt-pt\\\/#\\\/schema\\\/logo\\\/image\\\/\"}},{\"@type\":\"Person\",\"@id\":\"https:\\\/\\\/schoenstatt.com\\\/pt-pt\\\/#\\\/schema\\\/person\\\/5158877ad4acae98b34daaeef2a1ce6e\",\"name\":\"Karen Bueno\",\"image\":{\"@type\":\"ImageObject\",\"inLanguage\":\"pt-PT\",\"@id\":\"https:\\\/\\\/secure.gravatar.com\\\/avatar\\\/f9f4b823873154269d2b2130f195f6d41037dd0d7fc5f3cacb5c846bae70d66b?s=96&d=mm&r=g\",\"url\":\"https:\\\/\\\/secure.gravatar.com\\\/avatar\\\/f9f4b823873154269d2b2130f195f6d41037dd0d7fc5f3cacb5c846bae70d66b?s=96&d=mm&r=g\",\"contentUrl\":\"https:\\\/\\\/secure.gravatar.com\\\/avatar\\\/f9f4b823873154269d2b2130f195f6d41037dd0d7fc5f3cacb5c846bae70d66b?s=96&d=mm&r=g\",\"caption\":\"Karen Bueno\"},\"url\":\"https:\\\/\\\/schoenstatt.com\\\/pt-pt\\\/author\\\/karen-bueno\\\/\"}]}<\/script>\n<!-- \/ Yoast SEO Premium plugin. -->","yoast_head_json":{"title":"Mantendo a chama acesa: O que aprendemos no encontro da Campanha da M\u00e3e Peregrina?","description":"A Reuni\u00e3o de Primavera para lideran\u00e7as da Campanha da M\u00e3e Peregrina de Schoenstatt do Texas trouxe reflex\u00f5es motivadoras.","robots":{"index":"index","follow":"follow","max-snippet":"max-snippet:-1","max-image-preview":"max-image-preview:large","max-video-preview":"max-video-preview:-1"},"canonical":"https:\/\/schoenstatt.com\/pt-pt\/mantendo-a-chama-acesa-o-que-aprendemos-no-encontro-da-campanha-da-mae-peregrina\/","og_locale":"pt_PT","og_type":"article","og_title":"Mantendo a chama acesa: O que aprendemos no encontro da Campanha da M\u00e3e Peregrina?","og_description":"A Reuni\u00e3o de Primavera para lideran\u00e7as da Campanha da M\u00e3e Peregrina de Schoenstatt do Texas trouxe reflex\u00f5es motivadoras.","og_url":"https:\/\/schoenstatt.com\/pt-pt\/mantendo-a-chama-acesa-o-que-aprendemos-no-encontro-da-campanha-da-mae-peregrina\/","og_site_name":"Schoenstatt","article_published_time":"2026-04-24T12:11:48+00:00","article_modified_time":"2026-04-24T12:34:10+00:00","og_image":[{"width":2048,"height":1536,"url":"https:\/\/schoenstatt.com\/wp-content\/uploads\/2026\/04\/pilgrim-mother-apostolate-texas-USA.webp","type":"image\/jpeg"}],"author":"Karen Bueno","twitter_card":"summary_large_image","twitter_misc":{"Escrito por":"Karen Bueno","Tempo estimado de leitura":"5 minutos"},"schema":{"@context":"https:\/\/schema.org","@graph":[{"@type":"Article","@id":"https:\/\/schoenstatt.com\/pt-pt\/mantendo-a-chama-acesa-o-que-aprendemos-no-encontro-da-campanha-da-mae-peregrina\/#article","isPartOf":{"@id":"https:\/\/schoenstatt.com\/pt-pt\/mantendo-a-chama-acesa-o-que-aprendemos-no-encontro-da-campanha-da-mae-peregrina\/"},"author":{"name":"Karen Bueno","@id":"https:\/\/schoenstatt.com\/pt-pt\/#\/schema\/person\/5158877ad4acae98b34daaeef2a1ce6e"},"headline":"Mantendo a chama acesa: O que aprendemos no encontro da Campanha da M\u00e3e Peregrina?","datePublished":"2026-04-24T12:11:48+00:00","dateModified":"2026-04-24T12:34:10+00:00","mainEntityOfPage":{"@id":"https:\/\/schoenstatt.com\/pt-pt\/mantendo-a-chama-acesa-o-que-aprendemos-no-encontro-da-campanha-da-mae-peregrina\/"},"wordCount":867,"publisher":{"@id":"https:\/\/schoenstatt.com\/pt-pt\/#organization"},"image":{"@id":"https:\/\/schoenstatt.com\/pt-pt\/mantendo-a-chama-acesa-o-que-aprendemos-no-encontro-da-campanha-da-mae-peregrina\/#primaryimage"},"thumbnailUrl":"https:\/\/schoenstatt.com\/wp-content\/uploads\/2026\/04\/pilgrim-mother-apostolate-texas-USA.webp","keywords":["Campanha da M\u00e3e Peregrina","Schoenstatt Estados Unidos \u2013 EUA"],"articleSection":["Am\u00e9rica","M\u00e3e Peregrina"],"inLanguage":"pt-PT"},{"@type":"WebPage","@id":"https:\/\/schoenstatt.com\/pt-pt\/mantendo-a-chama-acesa-o-que-aprendemos-no-encontro-da-campanha-da-mae-peregrina\/","url":"https:\/\/schoenstatt.com\/pt-pt\/mantendo-a-chama-acesa-o-que-aprendemos-no-encontro-da-campanha-da-mae-peregrina\/","name":"Mantendo a chama acesa: O que aprendemos no encontro da Campanha da M\u00e3e Peregrina?","isPartOf":{"@id":"https:\/\/schoenstatt.com\/pt-pt\/#website"},"primaryImageOfPage":{"@id":"https:\/\/schoenstatt.com\/pt-pt\/mantendo-a-chama-acesa-o-que-aprendemos-no-encontro-da-campanha-da-mae-peregrina\/#primaryimage"},"image":{"@id":"https:\/\/schoenstatt.com\/pt-pt\/mantendo-a-chama-acesa-o-que-aprendemos-no-encontro-da-campanha-da-mae-peregrina\/#primaryimage"},"thumbnailUrl":"https:\/\/schoenstatt.com\/wp-content\/uploads\/2026\/04\/pilgrim-mother-apostolate-texas-USA.webp","datePublished":"2026-04-24T12:11:48+00:00","dateModified":"2026-04-24T12:34:10+00:00","description":"A Reuni\u00e3o de Primavera para lideran\u00e7as da Campanha da M\u00e3e Peregrina de Schoenstatt do Texas trouxe reflex\u00f5es motivadoras.","breadcrumb":{"@id":"https:\/\/schoenstatt.com\/pt-pt\/mantendo-a-chama-acesa-o-que-aprendemos-no-encontro-da-campanha-da-mae-peregrina\/#breadcrumb"},"inLanguage":"pt-PT","potentialAction":[{"@type":"ReadAction","target":["https:\/\/schoenstatt.com\/pt-pt\/mantendo-a-chama-acesa-o-que-aprendemos-no-encontro-da-campanha-da-mae-peregrina\/"]}]},{"@type":"ImageObject","inLanguage":"pt-PT","@id":"https:\/\/schoenstatt.com\/pt-pt\/mantendo-a-chama-acesa-o-que-aprendemos-no-encontro-da-campanha-da-mae-peregrina\/#primaryimage","url":"https:\/\/schoenstatt.com\/wp-content\/uploads\/2026\/04\/pilgrim-mother-apostolate-texas-USA.webp","contentUrl":"https:\/\/schoenstatt.com\/wp-content\/uploads\/2026\/04\/pilgrim-mother-apostolate-texas-USA.webp","width":2048,"height":1536},{"@type":"BreadcrumbList","@id":"https:\/\/schoenstatt.com\/pt-pt\/mantendo-a-chama-acesa-o-que-aprendemos-no-encontro-da-campanha-da-mae-peregrina\/#breadcrumb","itemListElement":[{"@type":"ListItem","position":1,"name":"Portada","item":"https:\/\/schoenstatt.com\/pt-pt\/home\/"},{"@type":"ListItem","position":2,"name":"Mantendo a chama acesa: O que aprendemos no encontro da Campanha da M\u00e3e Peregrina?"}]},{"@type":"WebSite","@id":"https:\/\/schoenstatt.com\/pt-pt\/#website","url":"https:\/\/schoenstatt.com\/pt-pt\/","name":"Schoenstatt","description":"Apostolic Movement","publisher":{"@id":"https:\/\/schoenstatt.com\/pt-pt\/#organization"},"potentialAction":[{"@type":"SearchAction","target":{"@type":"EntryPoint","urlTemplate":"https:\/\/schoenstatt.com\/pt-pt\/?s={search_term_string}"},"query-input":{"@type":"PropertyValueSpecification","valueRequired":true,"valueName":"search_term_string"}}],"inLanguage":"pt-PT"},{"@type":"Organization","@id":"https:\/\/schoenstatt.com\/pt-pt\/#organization","name":"Schoenstatt","url":"https:\/\/schoenstatt.com\/pt-pt\/","logo":{"@type":"ImageObject","inLanguage":"pt-PT","@id":"https:\/\/schoenstatt.com\/pt-pt\/#\/schema\/logo\/image\/","url":"https:\/\/schoenstatt.com\/wp-content\/uploads\/2025\/04\/logo-schoenstatt-white-696x696-1.png","contentUrl":"https:\/\/schoenstatt.com\/wp-content\/uploads\/2025\/04\/logo-schoenstatt-white-696x696-1.png","width":696,"height":694,"caption":"Schoenstatt"},"image":{"@id":"https:\/\/schoenstatt.com\/pt-pt\/#\/schema\/logo\/image\/"}},{"@type":"Person","@id":"https:\/\/schoenstatt.com\/pt-pt\/#\/schema\/person\/5158877ad4acae98b34daaeef2a1ce6e","name":"Karen Bueno","image":{"@type":"ImageObject","inLanguage":"pt-PT","@id":"https:\/\/secure.gravatar.com\/avatar\/f9f4b823873154269d2b2130f195f6d41037dd0d7fc5f3cacb5c846bae70d66b?s=96&d=mm&r=g","url":"https:\/\/secure.gravatar.com\/avatar\/f9f4b823873154269d2b2130f195f6d41037dd0d7fc5f3cacb5c846bae70d66b?s=96&d=mm&r=g","contentUrl":"https:\/\/secure.gravatar.com\/avatar\/f9f4b823873154269d2b2130f195f6d41037dd0d7fc5f3cacb5c846bae70d66b?s=96&d=mm&r=g","caption":"Karen Bueno"},"url":"https:\/\/schoenstatt.com\/pt-pt\/author\/karen-bueno\/"}]}},"_links":{"self":[{"href":"https:\/\/schoenstatt.com\/pt-pt\/wp-json\/wp\/v2\/posts\/69890","targetHints":{"allow":["GET"]}}],"collection":[{"href":"https:\/\/schoenstatt.com\/pt-pt\/wp-json\/wp\/v2\/posts"}],"about":[{"href":"https:\/\/schoenstatt.com\/pt-pt\/wp-json\/wp\/v2\/types\/post"}],"author":[{"embeddable":true,"href":"https:\/\/schoenstatt.com\/pt-pt\/wp-json\/wp\/v2\/users\/3"}],"replies":[{"embeddable":true,"href":"https:\/\/schoenstatt.com\/pt-pt\/wp-json\/wp\/v2\/comments?post=69890"}],"version-history":[{"count":3,"href":"https:\/\/schoenstatt.com\/pt-pt\/wp-json\/wp\/v2\/posts\/69890\/revisions"}],"predecessor-version":[{"id":69893,"href":"https:\/\/schoenstatt.com\/pt-pt\/wp-json\/wp\/v2\/posts\/69890\/revisions\/69893"}],"wp:featuredmedia":[{"embeddable":true,"href":"https:\/\/schoenstatt.com\/pt-pt\/wp-json\/wp\/v2\/media\/69881"}],"wp:attachment":[{"href":"https:\/\/schoenstatt.com\/pt-pt\/wp-json\/wp\/v2\/media?parent=69890"}],"wp:term":[{"taxonomy":"category","embeddable":true,"href":"https:\/\/schoenstatt.com\/pt-pt\/wp-json\/wp\/v2\/categories?post=69890"},{"taxonomy":"post_tag","embeddable":true,"href":"https:\/\/schoenstatt.com\/pt-pt\/wp-json\/wp\/v2\/tags?post=69890"}],"curies":[{"name":"wp","href":"https:\/\/api.w.org\/{rel}","templated":true}]}}