{"id":69818,"date":"2026-04-23T14:42:49","date_gmt":"2026-04-23T12:42:49","guid":{"rendered":"https:\/\/schoenstatt.com\/?p=69818"},"modified":"2026-04-23T14:42:51","modified_gmt":"2026-04-23T12:42:51","slug":"misiones-vivendo-a-fe-em-zulpich-uma-experiencia-marcante-na-alemanha","status":"publish","type":"post","link":"https:\/\/schoenstatt.com\/pt-pt\/misiones-vivendo-a-fe-em-zulpich-uma-experiencia-marcante-na-alemanha\/","title":{"rendered":"Misiones: Vivendo a f\u00e9 em Z\u00fclpich \u2013 Uma experi\u00eancia marcante na Alemanha"},"content":{"rendered":"\n<p>Um grupo de jovens, fam\u00edlias e volunt\u00e1rios foi enviado em 28 de mar\u00e7o de 2026, v\u00e9spera do Domingo de Ramos, do Santu\u00e1rio Original em Schoenstatt, Vallendar, para Z\u00fclpich, perto de Col\u00f4nia. Sob o lema \u201cmisiones \u2013 viver a f\u00e9\u201d, eles participaram ativamente da Semana Santa e foram ao encontro das pessoas \u2013 nas celebra\u00e7\u00f5es lit\u00fargicas, na ora\u00e7\u00e3o e na vida cotidiana local.<\/p>\n\n\n\n<div style=\"height:32px\" aria-hidden=\"true\" class=\"wp-block-spacer\"><\/div>\n\n\n\n<figure class=\"wp-block-image aligncenter size-full\"><img decoding=\"async\" src=\"https:\/\/schoenstatt.com\/wp-content\/uploads\/2026\/04\/misiones-2026-b.webp\" alt=\"\" class=\"wp-image-69824\"\/><\/figure>\n\n\n\n<div style=\"height:32px\" aria-hidden=\"true\" class=\"wp-block-spacer\"><\/div>\n\n\n\n<h2 class=\"wp-block-heading has-medium-font-size\" id=\"h-missao-com-proposito-e-confianca\">Miss\u00e3o com prop\u00f3sito e confian\u00e7a<\/h2>\n\n\n\n<p>O envio mission\u00e1rio realizado no Santu\u00e1rio Original foi inteiramente marcado pela miss\u00e3o. Diante do altar estavam as cruzes mission\u00e1rias para todos os participantes \u2013 como sinal de que \u201cn\u00e3o estamos a caminho por conta pr\u00f3pria, mas com Cristo e por Cristo\u201d. Em uma celebra\u00e7\u00e3o simples, a miss\u00e3o \u00e9 reafirmada com as palavras de Jesus: \u201cIde, eu vos envio\u2026\u201d (Lc 10,3). Imagens da <a href=\"https:\/\/schoenstatt.com\/pt-pt\/em-missao\/igreja\/mae-peregrina\/\">M\u00e3e Peregrina<\/a> indicavam o desejo de partir para este projeto apost\u00f3lico acompanhados por Maria, a M\u00e3e de Jesus.<\/p>\n\n\n\n<p>Uma frase do Pe. Jos\u00e9 Kentenich tornou-se marcante para todos:<em> <strong>\u201cVamos tentar com a M\u00e3e de Deus. Ela \u00e9, afinal, a grande mission\u00e1ria. [\u2026] O imposs\u00edvel se torna poss\u00edvel.\u201d<\/strong><\/em><\/p>\n\n\n\n<p>De forma inesperada, ao final da celebra\u00e7\u00e3o de envio, o grupo recebe a b\u00ean\u00e7\u00e3o do Bispo Auxiliar Dom Dominikus Schwaderlapp, que visitava o Santu\u00e1rio Original.<\/p>\n\n\n\n<div style=\"height:35px\" aria-hidden=\"true\" class=\"wp-block-spacer\"><\/div>\n\n\n\n<figure class=\"wp-block-gallery has-nested-images columns-default is-cropped wp-block-gallery-1 is-layout-flex wp-block-gallery-is-layout-flex\">\n<figure class=\"wp-block-image size-large\"><img decoding=\"async\" data-id=\"69839\" src=\"https:\/\/schoenstatt.com\/wp-content\/uploads\/2026\/04\/Missions-Germany-3.webp\" alt=\"\" class=\"wp-image-69839\"\/><\/figure>\n\n\n\n<figure class=\"wp-block-image size-large\"><img decoding=\"async\" data-id=\"69844\" src=\"https:\/\/schoenstatt.com\/wp-content\/uploads\/2026\/04\/Missions-Germany-4.webp\" alt=\"\" class=\"wp-image-69844\"\/><\/figure>\n<\/figure>\n\n\n\n<div style=\"height:30px\" aria-hidden=\"true\" class=\"wp-block-spacer\"><\/div>\n\n\n\n<h2 class=\"wp-block-heading has-medium-font-size\" id=\"h-entre-o-ceticismo-e-a-saudade\">Entre o ceticismo e a saudade<\/h2>\n\n\n\n<p>A semana de miss\u00f5es tem in\u00edcio com a missa do Domingo de Ramos, em F\u00fcssenich. O Pe. Guido Zimmermann, membro do Conselho Diocesano e respons\u00e1vel pela par\u00f3quia, destaca durante a missa: <em>\u201cA mensagem da P\u00e1scoa [\u2026] \u00e9 a mensagem mais importante do mundo. Estou muito grato por termos, nesta semana, um grupo como nosso convidado, que nos ajuda e nos apoia a levar essa mensagem \u00e0s pessoas\u201d<\/em>. Essa miss\u00e3o de transmitir a mensagem marca os dias seguintes.<\/p>\n\n\n\n<p>Nos encontros, surge um quadro complexo: afirma\u00e7\u00f5es como \u201cSou um ateu profundamente convicto!\u201d ou \u201cSou feliz sem Deus\u201d contrastam com um anseio frequentemente percept\u00edvel por proximidade e sentido. Rapidamente fica evidente quanta solid\u00e3o e desorienta\u00e7\u00e3o se escondem por tr\u00e1s de muitas portas. O fato de haver algu\u00e9m que se volta para eles, que demonstra interesse e os ouve, \u00e9 algo que alguns expressam com gratid\u00e3o. \u00c9 justamente nas portas das casas e nas ruas que surgem conversas comoventes e profundas.<\/p>\n\n\n\n<div style=\"height:27px\" aria-hidden=\"true\" class=\"wp-block-spacer\"><\/div>\n\n\n\n<figure class=\"wp-block-image aligncenter size-full\"><img decoding=\"async\" src=\"https:\/\/schoenstatt.com\/wp-content\/uploads\/2026\/04\/Missions-Germany-2026.webp\" alt=\"\" class=\"wp-image-69849\"\/><\/figure>\n\n\n\n<div style=\"height:36px\" aria-hidden=\"true\" class=\"wp-block-spacer\"><\/div>\n\n\n\n<h2 class=\"wp-block-heading has-medium-font-size\" id=\"h-encontros-que-deixam-marcas\">Encontros que deixam marcas<\/h2>\n\n\n\n<p>Um desses encontros foi especialmente marcante para o grupo mission\u00e1rio: um homem contou sua trajet\u00f3ria de depend\u00eancia do \u00e1lcool. Uma trajet\u00f3ria que o conduziu a se tornar, tempos depois, um conselheiro para dependentes qu\u00edmicos. Ele fala de sua f\u00e9, que <em>\u201csempre lhe deu muito apoio em todos os altos e baixos da vida\u201d. <\/em>Ele tamb\u00e9m descreve seu casamento como sustentado por essa f\u00e9: <em>\u201cQuando algu\u00e9m simplesmente est\u00e1 presente e te apoia em um momento assim, nada mais pode nos separar.\u201d<\/em><\/p>\n\n\n\n<p>Uma participante de 12 anos resume o impacto dessas conversas: <em>\u201cAh, \u00e9 \u00f3timo quando as pessoas contam suas experi\u00eancias com a f\u00e9, isso as faz reviver tudo novamente.\u201d<\/em><\/p>\n\n\n\n<p>Por sinal, esse homem se encontrou mais uma vez com o grupo em outra ocasi\u00e3o e mencionou o quanto a conversa com os mission\u00e1rios o comoveu.<\/p>\n\n\n\n<div style=\"height:25px\" aria-hidden=\"true\" class=\"wp-block-spacer\"><\/div>\n\n\n\n<figure class=\"wp-block-image aligncenter size-full is-resized\"><img decoding=\"async\" src=\"https:\/\/schoenstatt.com\/wp-content\/uploads\/2026\/04\/Missions-Germany.webp\" alt=\"\" class=\"wp-image-69854\" style=\"width:324px;height:auto\"\/><\/figure>\n\n\n\n<div style=\"height:42px\" aria-hidden=\"true\" class=\"wp-block-spacer\"><\/div>\n\n\n\n<h2 class=\"wp-block-heading has-medium-font-size\" id=\"h-a-fe-na-pratica-comunitaria\">A f\u00e9 na pr\u00e1tica comunit\u00e1ria<\/h2>\n\n\n\n<p>Al\u00e9m dos encontros pessoais, o grupo mission\u00e1rio tamb\u00e9m colaborou na organiza\u00e7\u00e3o de algumas atividades na par\u00f3quia: todas as manh\u00e3s havia um encontro matinal seguido de caf\u00e9 da manh\u00e3, no qual um casal do grupo oferecia uma reflex\u00e3o. Eram reflex\u00f5es espirituais e marcantes, que nos acompanhavam todas as manh\u00e3s ao longo do dia.<\/p>\n\n\n\n<p>A ora\u00e7\u00e3o di\u00e1ria das V\u00e9speras e a vig\u00edlia da Quinta-feira Santa, em conjunto com a par\u00f3quia e organizados pelo grupo Misiones, aconteceram na bel\u00edssima cripta de S\u00e3o Pedro, em Z\u00fclpich.<\/p>\n\n\n\n<p>Tamb\u00e9m a Via Sacra das \u201cSete \u00daltimas Palavras de Jesus\u201d, na Sexta-feira Santa, atraiu uma participa\u00e7\u00e3o inesperada: um casal chegou espontaneamente dizendo: \u201cGostar\u00edamos muito de nos juntar a voc\u00eas\u201d.<\/p>\n\n\n\n<div style=\"height:32px\" aria-hidden=\"true\" class=\"wp-block-spacer\"><\/div>\n\n\n\n<figure class=\"wp-block-image size-full\"><img decoding=\"async\" src=\"https:\/\/schoenstatt.com\/wp-content\/uploads\/2026\/04\/Missions-Germany-2.webp\" alt=\"\" class=\"wp-image-69834\"\/><\/figure>\n\n\n\n<div style=\"height:48px\" aria-hidden=\"true\" class=\"wp-block-spacer\"><\/div>\n\n\n\n<h2 class=\"wp-block-heading has-medium-font-size\" id=\"h-sinal-de-bencao\">Sinal de b\u00ean\u00e7\u00e3o<\/h2>\n\n\n\n<p>Os participantes do grupo Misiones encararam cada encontro como um presente. Um sinal vis\u00edvel disso \u00e9 um jarro no qual, simbolicamente, foi colocada \u00e1gua para cada encontro. Na Vig\u00edlia Pascal, essa \u00e1gua foi derramada na pia batismal e consagrada como \u00e1gua pascal, representando que as experi\u00eancias da semana retornaram \u00e0 vida da Igreja local.<\/p>\n\n\n\n<p>Pe. Zimmermann resume o impacto dessa semana: <em>\u201cVoc\u00eas foram como uma lan\u00e7a na carne da nossa comunidade \u2013 pois o que voc\u00eas fizeram \u00e9 a miss\u00e3o de todos n\u00f3s! Fa\u00e7amos, ent\u00e3o, o mesmo: saiamos e contemos \u00e0s pessoas esta mensagem pascal, que \u00e9 a mais importante para todos n\u00f3s: Jesus ressuscitou!\u201d<\/em><\/p>\n\n\n\n<div style=\"height:44px\" aria-hidden=\"true\" class=\"wp-block-spacer\"><\/div>\n\n\n\n<figure class=\"wp-block-image size-full\"><img decoding=\"async\" src=\"https:\/\/schoenstatt.com\/wp-content\/uploads\/2026\/04\/Misiones-Zulpich-Germany.webp\" alt=\"\" class=\"wp-image-69829\"\/><\/figure>\n\n\n\n<div style=\"height:34px\" aria-hidden=\"true\" class=\"wp-block-spacer\"><\/div>\n\n\n\n<h2 class=\"wp-block-heading has-medium-font-size\" id=\"h-experiencias-que-fazem-a-diferenca\">Experi\u00eancias que fazem a diferen\u00e7a<\/h2>\n\n\n\n<p>Tamb\u00e9m para o pr\u00f3prio grupo das \u201cmisiones\u201d, a semana se torna uma experi\u00eancia de f\u00e9 intensa. Uma m\u00e3e descreve: \u201cNas \u2018misiones\u2019 em Z\u00fclpich, vi meus filhos sob um novo \u00e2ngulo, mais profundo e cheio de f\u00e9, e os redescobri. Vivi uma alegre comunh\u00e3o em torno de Cristo!\u201d<\/p>\n\n\n\n<p>Os coment\u00e1rios do grupo mostram um amplo espectro: \u201cuma comunidade maravilhosa\u201d, \u201cuma experi\u00eancia intensa de Deus\u201d, \u201cuma aventura entre rejei\u00e7\u00e3o e abertura\u201d. O que fica especialmente marcado \u00e9 o caminho percorrido juntos: \u201cTodas as preocupa\u00e7\u00f5es desapareceram e nos sentimos como os disc\u00edpulos, que n\u00e3o estavam a caminho por si mesmos, mas por Deus.\u201d<\/p>\n\n\n\n<p>No final, todos compartilham a mesma convic\u00e7\u00e3o: \u201c\u00c9 algo grandioso poder caminhar juntos nesta miss\u00e3o especial.\u201d A Semana Santa em Z\u00fclpich torna-se assim, para muitos, uma experi\u00eancia que deixa um impacto duradouro \u2013 e que \u201cenche profundamente\u201d os cora\u00e7\u00f5es.<\/p>\n\n\n\n<p><strong>Edi\u00e7\u00e3o do texto: <\/strong>Heinrich Brehm<\/p>\n\n\n\n<p><strong>Fotos:<\/strong> Matthias e Vanessa Franke<\/p>\n","protected":false},"excerpt":{"rendered":"<p>Jovens e fam\u00edlias da Alemanha participam de uma experi\u00eancia mission\u00e1ria que vai ao encontro das pessoas \u2013 especialmente das que mais precisam!<\/p>\n","protected":false},"author":3,"featured_media":69829,"comment_status":"closed","ping_status":"closed","sticky":false,"template":"","format":"standard","meta":{"footnotes":""},"categories":[897,872],"tags":[1065,1164],"class_list":["post-69818","post","type-post","status-publish","format-standard","has-post-thumbnail","hentry","category-em-missao-pt-pt","category-europa-pt-pt","tag-missionarios-pt-pt","tag-schoenstatt-alemanha-pt-pt"],"yoast_head":"<!-- This site is optimized with the Yoast SEO Premium plugin v27.4 (Yoast SEO v27.4) - https:\/\/yoast.com\/product\/yoast-seo-premium-wordpress\/ -->\n<title>Misiones: Vivendo a f\u00e9 em Z\u00fclpich \u2013 Uma experi\u00eancia marcante na Alemanha<\/title>\n<meta name=\"description\" content=\"Jovens e fam\u00edlias da Alemanha participam de uma experi\u00eancia mission\u00e1ria que vai ao encontro das pessoas \u2013 especialmente das que mais precisam!\" \/>\n<meta name=\"robots\" content=\"index, follow, max-snippet:-1, max-image-preview:large, max-video-preview:-1\" \/>\n<link rel=\"canonical\" href=\"https:\/\/schoenstatt.com\/pt-pt\/misiones-vivendo-a-fe-em-zulpich-uma-experiencia-marcante-na-alemanha\/\" \/>\n<meta property=\"og:locale\" content=\"pt_PT\" \/>\n<meta property=\"og:type\" content=\"article\" \/>\n<meta property=\"og:title\" content=\"Misiones: Vivendo a f\u00e9 em Z\u00fclpich \u2013 Uma experi\u00eancia marcante na Alemanha\" \/>\n<meta property=\"og:description\" content=\"Jovens e fam\u00edlias da Alemanha participam de uma experi\u00eancia mission\u00e1ria que vai ao encontro das pessoas \u2013 especialmente das que mais precisam!\" \/>\n<meta property=\"og:url\" content=\"https:\/\/schoenstatt.com\/pt-pt\/misiones-vivendo-a-fe-em-zulpich-uma-experiencia-marcante-na-alemanha\/\" \/>\n<meta property=\"og:site_name\" content=\"Schoenstatt\" \/>\n<meta property=\"article:published_time\" content=\"2026-04-23T12:42:49+00:00\" \/>\n<meta property=\"article:modified_time\" content=\"2026-04-23T12:42:51+00:00\" \/>\n<meta property=\"og:image\" content=\"https:\/\/schoenstatt.com\/wp-content\/uploads\/2026\/04\/Misiones-Zulpich-Germany.webp\" \/>\n\t<meta property=\"og:image:width\" content=\"2048\" \/>\n\t<meta property=\"og:image:height\" content=\"1425\" \/>\n\t<meta property=\"og:image:type\" content=\"image\/jpeg\" \/>\n<meta name=\"author\" content=\"Karen Bueno\" \/>\n<meta name=\"twitter:card\" content=\"summary_large_image\" \/>\n<meta name=\"twitter:label1\" content=\"Escrito por\" \/>\n\t<meta name=\"twitter:data1\" content=\"Karen Bueno\" \/>\n\t<meta name=\"twitter:label2\" content=\"Tempo estimado de leitura\" \/>\n\t<meta name=\"twitter:data2\" content=\"7 minutos\" \/>\n<script type=\"application\/ld+json\" class=\"yoast-schema-graph\">{\"@context\":\"https:\\\/\\\/schema.org\",\"@graph\":[{\"@type\":\"Article\",\"@id\":\"https:\\\/\\\/schoenstatt.com\\\/pt-pt\\\/misiones-vivendo-a-fe-em-zulpich-uma-experiencia-marcante-na-alemanha\\\/#article\",\"isPartOf\":{\"@id\":\"https:\\\/\\\/schoenstatt.com\\\/pt-pt\\\/misiones-vivendo-a-fe-em-zulpich-uma-experiencia-marcante-na-alemanha\\\/\"},\"author\":{\"name\":\"Karen Bueno\",\"@id\":\"https:\\\/\\\/schoenstatt.com\\\/pt-pt\\\/#\\\/schema\\\/person\\\/5158877ad4acae98b34daaeef2a1ce6e\"},\"headline\":\"Misiones: Vivendo a f\u00e9 em Z\u00fclpich \u2013 Uma experi\u00eancia marcante na Alemanha\",\"datePublished\":\"2026-04-23T12:42:49+00:00\",\"dateModified\":\"2026-04-23T12:42:51+00:00\",\"mainEntityOfPage\":{\"@id\":\"https:\\\/\\\/schoenstatt.com\\\/pt-pt\\\/misiones-vivendo-a-fe-em-zulpich-uma-experiencia-marcante-na-alemanha\\\/\"},\"wordCount\":982,\"publisher\":{\"@id\":\"https:\\\/\\\/schoenstatt.com\\\/pt-pt\\\/#organization\"},\"image\":{\"@id\":\"https:\\\/\\\/schoenstatt.com\\\/pt-pt\\\/misiones-vivendo-a-fe-em-zulpich-uma-experiencia-marcante-na-alemanha\\\/#primaryimage\"},\"thumbnailUrl\":\"https:\\\/\\\/schoenstatt.com\\\/wp-content\\\/uploads\\\/2026\\\/04\\\/Misiones-Zulpich-Germany.webp\",\"keywords\":[\"Mission\u00e1rios\",\"Schoenstatt Alemanha\"],\"articleSection\":[\"Em miss\u00e3o\",\"Europa\"],\"inLanguage\":\"pt-PT\"},{\"@type\":\"WebPage\",\"@id\":\"https:\\\/\\\/schoenstatt.com\\\/pt-pt\\\/misiones-vivendo-a-fe-em-zulpich-uma-experiencia-marcante-na-alemanha\\\/\",\"url\":\"https:\\\/\\\/schoenstatt.com\\\/pt-pt\\\/misiones-vivendo-a-fe-em-zulpich-uma-experiencia-marcante-na-alemanha\\\/\",\"name\":\"Misiones: Vivendo a f\u00e9 em Z\u00fclpich \u2013 Uma experi\u00eancia marcante na Alemanha\",\"isPartOf\":{\"@id\":\"https:\\\/\\\/schoenstatt.com\\\/pt-pt\\\/#website\"},\"primaryImageOfPage\":{\"@id\":\"https:\\\/\\\/schoenstatt.com\\\/pt-pt\\\/misiones-vivendo-a-fe-em-zulpich-uma-experiencia-marcante-na-alemanha\\\/#primaryimage\"},\"image\":{\"@id\":\"https:\\\/\\\/schoenstatt.com\\\/pt-pt\\\/misiones-vivendo-a-fe-em-zulpich-uma-experiencia-marcante-na-alemanha\\\/#primaryimage\"},\"thumbnailUrl\":\"https:\\\/\\\/schoenstatt.com\\\/wp-content\\\/uploads\\\/2026\\\/04\\\/Misiones-Zulpich-Germany.webp\",\"datePublished\":\"2026-04-23T12:42:49+00:00\",\"dateModified\":\"2026-04-23T12:42:51+00:00\",\"description\":\"Jovens e fam\u00edlias da Alemanha participam de uma experi\u00eancia mission\u00e1ria que vai ao encontro das pessoas \u2013 especialmente das que mais precisam!\",\"breadcrumb\":{\"@id\":\"https:\\\/\\\/schoenstatt.com\\\/pt-pt\\\/misiones-vivendo-a-fe-em-zulpich-uma-experiencia-marcante-na-alemanha\\\/#breadcrumb\"},\"inLanguage\":\"pt-PT\",\"potentialAction\":[{\"@type\":\"ReadAction\",\"target\":[\"https:\\\/\\\/schoenstatt.com\\\/pt-pt\\\/misiones-vivendo-a-fe-em-zulpich-uma-experiencia-marcante-na-alemanha\\\/\"]}]},{\"@type\":\"ImageObject\",\"inLanguage\":\"pt-PT\",\"@id\":\"https:\\\/\\\/schoenstatt.com\\\/pt-pt\\\/misiones-vivendo-a-fe-em-zulpich-uma-experiencia-marcante-na-alemanha\\\/#primaryimage\",\"url\":\"https:\\\/\\\/schoenstatt.com\\\/wp-content\\\/uploads\\\/2026\\\/04\\\/Misiones-Zulpich-Germany.webp\",\"contentUrl\":\"https:\\\/\\\/schoenstatt.com\\\/wp-content\\\/uploads\\\/2026\\\/04\\\/Misiones-Zulpich-Germany.webp\",\"width\":2048,\"height\":1425},{\"@type\":\"BreadcrumbList\",\"@id\":\"https:\\\/\\\/schoenstatt.com\\\/pt-pt\\\/misiones-vivendo-a-fe-em-zulpich-uma-experiencia-marcante-na-alemanha\\\/#breadcrumb\",\"itemListElement\":[{\"@type\":\"ListItem\",\"position\":1,\"name\":\"Portada\",\"item\":\"https:\\\/\\\/schoenstatt.com\\\/pt-pt\\\/home\\\/\"},{\"@type\":\"ListItem\",\"position\":2,\"name\":\"Misiones: Vivendo a f\u00e9 em Z\u00fclpich \u2013 Uma experi\u00eancia marcante na Alemanha\"}]},{\"@type\":\"WebSite\",\"@id\":\"https:\\\/\\\/schoenstatt.com\\\/pt-pt\\\/#website\",\"url\":\"https:\\\/\\\/schoenstatt.com\\\/pt-pt\\\/\",\"name\":\"Schoenstatt\",\"description\":\"Apostolic Movement\",\"publisher\":{\"@id\":\"https:\\\/\\\/schoenstatt.com\\\/pt-pt\\\/#organization\"},\"potentialAction\":[{\"@type\":\"SearchAction\",\"target\":{\"@type\":\"EntryPoint\",\"urlTemplate\":\"https:\\\/\\\/schoenstatt.com\\\/pt-pt\\\/?s={search_term_string}\"},\"query-input\":{\"@type\":\"PropertyValueSpecification\",\"valueRequired\":true,\"valueName\":\"search_term_string\"}}],\"inLanguage\":\"pt-PT\"},{\"@type\":\"Organization\",\"@id\":\"https:\\\/\\\/schoenstatt.com\\\/pt-pt\\\/#organization\",\"name\":\"Schoenstatt\",\"url\":\"https:\\\/\\\/schoenstatt.com\\\/pt-pt\\\/\",\"logo\":{\"@type\":\"ImageObject\",\"inLanguage\":\"pt-PT\",\"@id\":\"https:\\\/\\\/schoenstatt.com\\\/pt-pt\\\/#\\\/schema\\\/logo\\\/image\\\/\",\"url\":\"https:\\\/\\\/schoenstatt.com\\\/wp-content\\\/uploads\\\/2025\\\/04\\\/logo-schoenstatt-white-696x696-1.png\",\"contentUrl\":\"https:\\\/\\\/schoenstatt.com\\\/wp-content\\\/uploads\\\/2025\\\/04\\\/logo-schoenstatt-white-696x696-1.png\",\"width\":696,\"height\":694,\"caption\":\"Schoenstatt\"},\"image\":{\"@id\":\"https:\\\/\\\/schoenstatt.com\\\/pt-pt\\\/#\\\/schema\\\/logo\\\/image\\\/\"}},{\"@type\":\"Person\",\"@id\":\"https:\\\/\\\/schoenstatt.com\\\/pt-pt\\\/#\\\/schema\\\/person\\\/5158877ad4acae98b34daaeef2a1ce6e\",\"name\":\"Karen Bueno\",\"image\":{\"@type\":\"ImageObject\",\"inLanguage\":\"pt-PT\",\"@id\":\"https:\\\/\\\/secure.gravatar.com\\\/avatar\\\/f9f4b823873154269d2b2130f195f6d41037dd0d7fc5f3cacb5c846bae70d66b?s=96&d=mm&r=g\",\"url\":\"https:\\\/\\\/secure.gravatar.com\\\/avatar\\\/f9f4b823873154269d2b2130f195f6d41037dd0d7fc5f3cacb5c846bae70d66b?s=96&d=mm&r=g\",\"contentUrl\":\"https:\\\/\\\/secure.gravatar.com\\\/avatar\\\/f9f4b823873154269d2b2130f195f6d41037dd0d7fc5f3cacb5c846bae70d66b?s=96&d=mm&r=g\",\"caption\":\"Karen Bueno\"},\"url\":\"https:\\\/\\\/schoenstatt.com\\\/pt-pt\\\/author\\\/karen-bueno\\\/\"}]}<\/script>\n<!-- \/ Yoast SEO Premium plugin. -->","yoast_head_json":{"title":"Misiones: Vivendo a f\u00e9 em Z\u00fclpich \u2013 Uma experi\u00eancia marcante na Alemanha","description":"Jovens e fam\u00edlias da Alemanha participam de uma experi\u00eancia mission\u00e1ria que vai ao encontro das pessoas \u2013 especialmente das que mais precisam!","robots":{"index":"index","follow":"follow","max-snippet":"max-snippet:-1","max-image-preview":"max-image-preview:large","max-video-preview":"max-video-preview:-1"},"canonical":"https:\/\/schoenstatt.com\/pt-pt\/misiones-vivendo-a-fe-em-zulpich-uma-experiencia-marcante-na-alemanha\/","og_locale":"pt_PT","og_type":"article","og_title":"Misiones: Vivendo a f\u00e9 em Z\u00fclpich \u2013 Uma experi\u00eancia marcante na Alemanha","og_description":"Jovens e fam\u00edlias da Alemanha participam de uma experi\u00eancia mission\u00e1ria que vai ao encontro das pessoas \u2013 especialmente das que mais precisam!","og_url":"https:\/\/schoenstatt.com\/pt-pt\/misiones-vivendo-a-fe-em-zulpich-uma-experiencia-marcante-na-alemanha\/","og_site_name":"Schoenstatt","article_published_time":"2026-04-23T12:42:49+00:00","article_modified_time":"2026-04-23T12:42:51+00:00","og_image":[{"width":2048,"height":1425,"url":"https:\/\/schoenstatt.com\/wp-content\/uploads\/2026\/04\/Misiones-Zulpich-Germany.webp","type":"image\/jpeg"}],"author":"Karen Bueno","twitter_card":"summary_large_image","twitter_misc":{"Escrito por":"Karen Bueno","Tempo estimado de leitura":"7 minutos"},"schema":{"@context":"https:\/\/schema.org","@graph":[{"@type":"Article","@id":"https:\/\/schoenstatt.com\/pt-pt\/misiones-vivendo-a-fe-em-zulpich-uma-experiencia-marcante-na-alemanha\/#article","isPartOf":{"@id":"https:\/\/schoenstatt.com\/pt-pt\/misiones-vivendo-a-fe-em-zulpich-uma-experiencia-marcante-na-alemanha\/"},"author":{"name":"Karen Bueno","@id":"https:\/\/schoenstatt.com\/pt-pt\/#\/schema\/person\/5158877ad4acae98b34daaeef2a1ce6e"},"headline":"Misiones: Vivendo a f\u00e9 em Z\u00fclpich \u2013 Uma experi\u00eancia marcante na Alemanha","datePublished":"2026-04-23T12:42:49+00:00","dateModified":"2026-04-23T12:42:51+00:00","mainEntityOfPage":{"@id":"https:\/\/schoenstatt.com\/pt-pt\/misiones-vivendo-a-fe-em-zulpich-uma-experiencia-marcante-na-alemanha\/"},"wordCount":982,"publisher":{"@id":"https:\/\/schoenstatt.com\/pt-pt\/#organization"},"image":{"@id":"https:\/\/schoenstatt.com\/pt-pt\/misiones-vivendo-a-fe-em-zulpich-uma-experiencia-marcante-na-alemanha\/#primaryimage"},"thumbnailUrl":"https:\/\/schoenstatt.com\/wp-content\/uploads\/2026\/04\/Misiones-Zulpich-Germany.webp","keywords":["Mission\u00e1rios","Schoenstatt Alemanha"],"articleSection":["Em miss\u00e3o","Europa"],"inLanguage":"pt-PT"},{"@type":"WebPage","@id":"https:\/\/schoenstatt.com\/pt-pt\/misiones-vivendo-a-fe-em-zulpich-uma-experiencia-marcante-na-alemanha\/","url":"https:\/\/schoenstatt.com\/pt-pt\/misiones-vivendo-a-fe-em-zulpich-uma-experiencia-marcante-na-alemanha\/","name":"Misiones: Vivendo a f\u00e9 em Z\u00fclpich \u2013 Uma experi\u00eancia marcante na Alemanha","isPartOf":{"@id":"https:\/\/schoenstatt.com\/pt-pt\/#website"},"primaryImageOfPage":{"@id":"https:\/\/schoenstatt.com\/pt-pt\/misiones-vivendo-a-fe-em-zulpich-uma-experiencia-marcante-na-alemanha\/#primaryimage"},"image":{"@id":"https:\/\/schoenstatt.com\/pt-pt\/misiones-vivendo-a-fe-em-zulpich-uma-experiencia-marcante-na-alemanha\/#primaryimage"},"thumbnailUrl":"https:\/\/schoenstatt.com\/wp-content\/uploads\/2026\/04\/Misiones-Zulpich-Germany.webp","datePublished":"2026-04-23T12:42:49+00:00","dateModified":"2026-04-23T12:42:51+00:00","description":"Jovens e fam\u00edlias da Alemanha participam de uma experi\u00eancia mission\u00e1ria que vai ao encontro das pessoas \u2013 especialmente das que mais precisam!","breadcrumb":{"@id":"https:\/\/schoenstatt.com\/pt-pt\/misiones-vivendo-a-fe-em-zulpich-uma-experiencia-marcante-na-alemanha\/#breadcrumb"},"inLanguage":"pt-PT","potentialAction":[{"@type":"ReadAction","target":["https:\/\/schoenstatt.com\/pt-pt\/misiones-vivendo-a-fe-em-zulpich-uma-experiencia-marcante-na-alemanha\/"]}]},{"@type":"ImageObject","inLanguage":"pt-PT","@id":"https:\/\/schoenstatt.com\/pt-pt\/misiones-vivendo-a-fe-em-zulpich-uma-experiencia-marcante-na-alemanha\/#primaryimage","url":"https:\/\/schoenstatt.com\/wp-content\/uploads\/2026\/04\/Misiones-Zulpich-Germany.webp","contentUrl":"https:\/\/schoenstatt.com\/wp-content\/uploads\/2026\/04\/Misiones-Zulpich-Germany.webp","width":2048,"height":1425},{"@type":"BreadcrumbList","@id":"https:\/\/schoenstatt.com\/pt-pt\/misiones-vivendo-a-fe-em-zulpich-uma-experiencia-marcante-na-alemanha\/#breadcrumb","itemListElement":[{"@type":"ListItem","position":1,"name":"Portada","item":"https:\/\/schoenstatt.com\/pt-pt\/home\/"},{"@type":"ListItem","position":2,"name":"Misiones: Vivendo a f\u00e9 em Z\u00fclpich \u2013 Uma experi\u00eancia marcante na Alemanha"}]},{"@type":"WebSite","@id":"https:\/\/schoenstatt.com\/pt-pt\/#website","url":"https:\/\/schoenstatt.com\/pt-pt\/","name":"Schoenstatt","description":"Apostolic Movement","publisher":{"@id":"https:\/\/schoenstatt.com\/pt-pt\/#organization"},"potentialAction":[{"@type":"SearchAction","target":{"@type":"EntryPoint","urlTemplate":"https:\/\/schoenstatt.com\/pt-pt\/?s={search_term_string}"},"query-input":{"@type":"PropertyValueSpecification","valueRequired":true,"valueName":"search_term_string"}}],"inLanguage":"pt-PT"},{"@type":"Organization","@id":"https:\/\/schoenstatt.com\/pt-pt\/#organization","name":"Schoenstatt","url":"https:\/\/schoenstatt.com\/pt-pt\/","logo":{"@type":"ImageObject","inLanguage":"pt-PT","@id":"https:\/\/schoenstatt.com\/pt-pt\/#\/schema\/logo\/image\/","url":"https:\/\/schoenstatt.com\/wp-content\/uploads\/2025\/04\/logo-schoenstatt-white-696x696-1.png","contentUrl":"https:\/\/schoenstatt.com\/wp-content\/uploads\/2025\/04\/logo-schoenstatt-white-696x696-1.png","width":696,"height":694,"caption":"Schoenstatt"},"image":{"@id":"https:\/\/schoenstatt.com\/pt-pt\/#\/schema\/logo\/image\/"}},{"@type":"Person","@id":"https:\/\/schoenstatt.com\/pt-pt\/#\/schema\/person\/5158877ad4acae98b34daaeef2a1ce6e","name":"Karen Bueno","image":{"@type":"ImageObject","inLanguage":"pt-PT","@id":"https:\/\/secure.gravatar.com\/avatar\/f9f4b823873154269d2b2130f195f6d41037dd0d7fc5f3cacb5c846bae70d66b?s=96&d=mm&r=g","url":"https:\/\/secure.gravatar.com\/avatar\/f9f4b823873154269d2b2130f195f6d41037dd0d7fc5f3cacb5c846bae70d66b?s=96&d=mm&r=g","contentUrl":"https:\/\/secure.gravatar.com\/avatar\/f9f4b823873154269d2b2130f195f6d41037dd0d7fc5f3cacb5c846bae70d66b?s=96&d=mm&r=g","caption":"Karen Bueno"},"url":"https:\/\/schoenstatt.com\/pt-pt\/author\/karen-bueno\/"}]}},"_links":{"self":[{"href":"https:\/\/schoenstatt.com\/pt-pt\/wp-json\/wp\/v2\/posts\/69818","targetHints":{"allow":["GET"]}}],"collection":[{"href":"https:\/\/schoenstatt.com\/pt-pt\/wp-json\/wp\/v2\/posts"}],"about":[{"href":"https:\/\/schoenstatt.com\/pt-pt\/wp-json\/wp\/v2\/types\/post"}],"author":[{"embeddable":true,"href":"https:\/\/schoenstatt.com\/pt-pt\/wp-json\/wp\/v2\/users\/3"}],"replies":[{"embeddable":true,"href":"https:\/\/schoenstatt.com\/pt-pt\/wp-json\/wp\/v2\/comments?post=69818"}],"version-history":[{"count":4,"href":"https:\/\/schoenstatt.com\/pt-pt\/wp-json\/wp\/v2\/posts\/69818\/revisions"}],"predecessor-version":[{"id":69857,"href":"https:\/\/schoenstatt.com\/pt-pt\/wp-json\/wp\/v2\/posts\/69818\/revisions\/69857"}],"wp:featuredmedia":[{"embeddable":true,"href":"https:\/\/schoenstatt.com\/pt-pt\/wp-json\/wp\/v2\/media\/69829"}],"wp:attachment":[{"href":"https:\/\/schoenstatt.com\/pt-pt\/wp-json\/wp\/v2\/media?parent=69818"}],"wp:term":[{"taxonomy":"category","embeddable":true,"href":"https:\/\/schoenstatt.com\/pt-pt\/wp-json\/wp\/v2\/categories?post=69818"},{"taxonomy":"post_tag","embeddable":true,"href":"https:\/\/schoenstatt.com\/pt-pt\/wp-json\/wp\/v2\/tags?post=69818"}],"curies":[{"name":"wp","href":"https:\/\/api.w.org\/{rel}","templated":true}]}}