{"id":69110,"date":"2026-03-23T15:50:32","date_gmt":"2026-03-23T14:50:32","guid":{"rendered":"https:\/\/schoenstatt.com\/?p=69110"},"modified":"2026-03-23T15:50:34","modified_gmt":"2026-03-23T14:50:34","slug":"com-a-mae-peregrina-transformar-minha-familia-em-santuario","status":"publish","type":"post","link":"https:\/\/schoenstatt.com\/pt-pt\/com-a-mae-peregrina-transformar-minha-familia-em-santuario\/","title":{"rendered":"Com a M\u00e3e Peregrina, transformar minha fam\u00edlia em Santu\u00e1rio"},"content":{"rendered":"\n<p>Nos dias 14 e 15 de mar\u00e7o, aconteceu em Vallendar, cora\u00e7\u00e3o de Schoenstatt, o encontro dos mission\u00e1rios da <a href=\"https:\/\/schoenstatt.com\/pt-pt\/em-missao\/igreja\/mae-peregrina\/\">Campanha da M\u00e3e Peregrina<\/a> de l\u00edngua portuguesa, reunindo aqueles que se dedicam \u00e0 miss\u00e3o junto \u00e0s fam\u00edlias.<\/p>\n\n\n\n<p>Cerca de 80 mission\u00e1rios, provenientes de diferentes pa\u00edses da Europa \u2014 Luxemburgo, Alemanha, Dinamarca, B\u00e9lgica e Holanda \u2014 formaram uma bela express\u00e3o da universalidade da nossa miss\u00e3o. Foram dias de gra\u00e7a, marcados por profunda viv\u00eancia espiritual, partilha fraterna e renova\u00e7\u00e3o interior.<\/p>\n\n\n\n<p>A coordena\u00e7\u00e3o do encontro esteve a cargo da Ir. M. J\u00e9ssica Dombrowski, com o valioso apoio dos coordenadores regionais, cujo empenho e dedica\u00e7\u00e3o tornaram poss\u00edvel a realiza\u00e7\u00e3o deste momento de unidade e miss\u00e3o.<\/p>\n\n\n\n<p>Um destaque especial foi a participa\u00e7\u00e3o, pela primeira vez, do grupo de Berlim, cuja presen\u00e7a trouxe grande alegria e renovada esperan\u00e7a a todos.<\/p>\n\n\n\n<div style=\"height:31px\" aria-hidden=\"true\" class=\"wp-block-spacer\"><\/div>\n\n\n\n<figure class=\"wp-block-image aligncenter size-full\"><img decoding=\"async\" src=\"https:\/\/schoenstatt.com\/wp-content\/uploads\/2026\/03\/Pilgrim-Mother-Portuguese.webp\" alt=\"\" class=\"wp-image-69114\"\/><\/figure>\n\n\n\n<div style=\"height:30px\" aria-hidden=\"true\" class=\"wp-block-spacer\"><\/div>\n\n\n\n<h2 class=\"wp-block-heading has-medium-font-size\" id=\"h-minha-familia-um-santuario\">Minha fam\u00edlia \u2013 um Santu\u00e1rio<\/h2>\n\n\n\n<div style=\"height:25px\" aria-hidden=\"true\" class=\"wp-block-spacer\"><\/div>\n\n\n\n<p>Inspirados pelo tema <strong>\u201cCom a M\u00e3e Peregrina, transformar minha fam\u00edlia em Santu\u00e1rio\u201d<\/strong>, fomos conduzidos a refletir sobre o chamado a viver o carisma de Schoenstatt no cotidiano dos nossos lares. Renovamos a consci\u00eancia de que a fam\u00edlia \u00e9 um lugar privilegiado da a\u00e7\u00e3o de Deus \u2014 um espa\u00e7o onde a M\u00e3e e Rainha deseja habitar, educar cora\u00e7\u00f5es e formar personalidades novas.<\/p>\n\n\n\n<p>Ao longo do encontro, aprofundamos tamb\u00e9m a identidade e a miss\u00e3o do mission\u00e1rio: ser instrumento d\u00f3cil nas m\u00e3os de Maria, levando a imagem da M\u00e3e Peregrina com fidelidade, amor e esp\u00edrito de servi\u00e7o. Os testemunhos partilhados tocaram profundamente os cora\u00e7\u00f5es, revelando de forma concreta como Deus atua nas fam\u00edlias por meio dessa miss\u00e3o simples e fecunda.<\/p>\n\n\n\n<div style=\"height:20px\" aria-hidden=\"true\" class=\"wp-block-spacer\"><\/div>\n\n\n\n<figure class=\"wp-block-gallery has-nested-images columns-default is-cropped wp-block-gallery-1 is-layout-flex wp-block-gallery-is-layout-flex\">\n<figure class=\"wp-block-image size-large\"><img decoding=\"async\" data-id=\"69129\" src=\"https:\/\/schoenstatt.com\/wp-content\/uploads\/2026\/03\/Pilgrim-Mother-Coordinators.webp\" alt=\"\" class=\"wp-image-69129\"\/><\/figure>\n\n\n\n<figure class=\"wp-block-image size-large\"><img decoding=\"async\" data-id=\"69119\" src=\"https:\/\/schoenstatt.com\/wp-content\/uploads\/2026\/03\/Pilgrim-Mother-Portuguese-2.webp\" alt=\"\" class=\"wp-image-69119\"\/><\/figure>\n<\/figure>\n\n\n\n<div style=\"height:21px\" aria-hidden=\"true\" class=\"wp-block-spacer\"><\/div>\n\n\n\n<h2 class=\"wp-block-heading has-medium-font-size\" id=\"h-programacao-espiritual\">Programa\u00e7\u00e3o espiritual<\/h2>\n\n\n\n<div style=\"height:21px\" aria-hidden=\"true\" class=\"wp-block-spacer\"><\/div>\n\n\n\n<p>A programa\u00e7\u00e3o espiritual incluiu momentos de adora\u00e7\u00e3o ao Sant\u00edssimo Sacramento e a celebra\u00e7\u00e3o da Santa Missa com o Pe. Leonardo de Benetti, da Miss\u00e3o Cat\u00f3lica de L\u00edngua Portuguesa de Col\u00f4nia, fortalecendo nossa unidade e alimentando nossa f\u00e9.<\/p>\n\n\n\n<p>Enquanto os adultos participavam das atividades, as crian\u00e7as tamb\u00e9m viveram seu pr\u00f3prio encontro, com atividades preparadas especialmente para elas, permitindo que toda a fam\u00edlia estivesse integrada e acolhida.<\/p>\n\n\n\n<p>A coordenadora Claudia M. F. Leite, do Regional Berlim, conta:<\/p>\n\n\n\n<figure class=\"wp-block-pullquote has-medium-font-size\" style=\"border-top-color:var(--wp--preset--color--luminous-vivid-orange);border-top-style:solid;border-top-width:1px;border-bottom-color:var(--wp--preset--color--luminous-vivid-orange);border-bottom-style:solid;border-bottom-width:1px;font-style:italic;font-weight:300\"><blockquote><p>Este final de semana foi muito especial para mim. Tivemos a oportunidade de participar de um encontro que marcou profundamente o meu cora\u00e7\u00e3o. Sa\u00edmos de Berlim com um grupo de 28 pessoas, todos com o mesmo prop\u00f3sito: servir, aprender e crescer juntos.<br>Durante o encontro, pude ver claramente o agir de Deus em cada detalhe. Foi um tempo de comunh\u00e3o, de troca de experi\u00eancias e de fortalecimento espiritual. Cada conversa, cada momento de ora\u00e7\u00e3o e cada palavra compartilhada contribu\u00edram para renovar nossa vis\u00e3o e nosso chamado. Foi tamb\u00e9m muito bonito ver que alguns mission\u00e1rios puderam levar seus filhos pequenos, que viveram experi\u00eancias lindas e especiais, tornando esse momento ainda mais significativo para todas as fam\u00edlias presentes.<br>Volto desse encontro com o cora\u00e7\u00e3o cheio de gratid\u00e3o e com ainda mais convic\u00e7\u00e3o do prop\u00f3sito que Deus tem para n\u00f3s. Foi um tempo que, sem d\u00favida, deixou marcas profundas e que continuar\u00e1 dando frutos em nossas vidas.<br>Sou muito grata por tudo o que vivemos e creio que isso \u00e9 apenas o come\u00e7o de algo ainda maior.<\/p><\/blockquote><\/figure>\n\n\n\n<p>Partimos deste encontro renovados, com o cora\u00e7\u00e3o cheio de gratid\u00e3o e com o firme prop\u00f3sito de continuar nossa miss\u00e3o com ainda mais amor, fidelidade e confian\u00e7a.<\/p>\n\n\n\n<p>Desde j\u00e1, deixamos tamb\u00e9m um convite especial: no dia 21 de junho de 2026, acontecer\u00e1 a Peregrina\u00e7\u00e3o de L\u00edngua Portuguesa. Contamos com a presen\u00e7a de todos para mais um momento de encontro, f\u00e9 e unidade!<\/p>\n","protected":false},"excerpt":{"rendered":"<p>Schoenstatt recebe o encontro de Mission\u00e1rios de L\u00edngua Portuguesa da Campanha da M\u00e3e Peregrina para forma\u00e7\u00e3o.<\/p>\n","protected":false},"author":3,"featured_media":69124,"comment_status":"closed","ping_status":"closed","sticky":false,"template":"","format":"standard","meta":{"footnotes":""},"categories":[425,696],"tags":[1088,1080],"class_list":["post-69110","post","type-post","status-publish","format-standard","has-post-thumbnail","hentry","category-mae-peregrina-pt-pt","category-santuario-original-pt-pt","tag-campanha-da-mae-peregrina-pt-pt","tag-santuario-original-pt-pt"],"yoast_head":"<!-- This site is optimized with the Yoast SEO Premium plugin v27.4 (Yoast SEO v27.5) - https:\/\/yoast.com\/product\/yoast-seo-premium-wordpress\/ -->\n<title>Com a M\u00e3e Peregrina, transformar minha fam\u00edlia em Santu\u00e1rio - Schoenstatt<\/title>\n<meta name=\"description\" content=\"Schoenstatt recebe o encontro de Mission\u00e1rios de L\u00edngua Portuguesa da Campanha da M\u00e3e Peregrina para forma\u00e7\u00e3o.\" \/>\n<meta name=\"robots\" content=\"index, follow, max-snippet:-1, max-image-preview:large, max-video-preview:-1\" \/>\n<link rel=\"canonical\" href=\"https:\/\/schoenstatt.com\/pt-pt\/com-a-mae-peregrina-transformar-minha-familia-em-santuario\/\" \/>\n<meta property=\"og:locale\" content=\"pt_PT\" \/>\n<meta property=\"og:type\" content=\"article\" \/>\n<meta property=\"og:title\" content=\"Com a M\u00e3e Peregrina, transformar minha fam\u00edlia em Santu\u00e1rio\" \/>\n<meta property=\"og:description\" content=\"Schoenstatt recebe o encontro de Mission\u00e1rios de L\u00edngua Portuguesa da Campanha da M\u00e3e Peregrina para forma\u00e7\u00e3o.\" \/>\n<meta property=\"og:url\" content=\"https:\/\/schoenstatt.com\/pt-pt\/com-a-mae-peregrina-transformar-minha-familia-em-santuario\/\" \/>\n<meta property=\"og:site_name\" content=\"Schoenstatt\" \/>\n<meta property=\"article:published_time\" content=\"2026-03-23T14:50:32+00:00\" \/>\n<meta property=\"article:modified_time\" content=\"2026-03-23T14:50:34+00:00\" \/>\n<meta property=\"og:image\" content=\"https:\/\/schoenstatt.com\/wp-content\/uploads\/2026\/03\/Original-Shrine-Schoenstatt-2026.webp\" \/>\n\t<meta property=\"og:image:width\" content=\"1426\" \/>\n\t<meta property=\"og:image:height\" content=\"924\" \/>\n\t<meta property=\"og:image:type\" content=\"image\/jpeg\" \/>\n<meta name=\"author\" content=\"Karen Bueno\" \/>\n<meta name=\"twitter:card\" content=\"summary_large_image\" \/>\n<meta name=\"twitter:label1\" content=\"Escrito por\" \/>\n\t<meta name=\"twitter:data1\" content=\"Karen Bueno\" \/>\n\t<meta name=\"twitter:label2\" content=\"Tempo estimado de leitura\" \/>\n\t<meta name=\"twitter:data2\" content=\"3 minutos\" \/>\n<script type=\"application\/ld+json\" class=\"yoast-schema-graph\">{\"@context\":\"https:\\\/\\\/schema.org\",\"@graph\":[{\"@type\":\"Article\",\"@id\":\"https:\\\/\\\/schoenstatt.com\\\/pt-pt\\\/com-a-mae-peregrina-transformar-minha-familia-em-santuario\\\/#article\",\"isPartOf\":{\"@id\":\"https:\\\/\\\/schoenstatt.com\\\/pt-pt\\\/com-a-mae-peregrina-transformar-minha-familia-em-santuario\\\/\"},\"author\":{\"name\":\"Karen Bueno\",\"@id\":\"https:\\\/\\\/schoenstatt.com\\\/pt-pt\\\/#\\\/schema\\\/person\\\/5158877ad4acae98b34daaeef2a1ce6e\"},\"headline\":\"Com a M\u00e3e Peregrina, transformar minha fam\u00edlia em Santu\u00e1rio\",\"datePublished\":\"2026-03-23T14:50:32+00:00\",\"dateModified\":\"2026-03-23T14:50:34+00:00\",\"mainEntityOfPage\":{\"@id\":\"https:\\\/\\\/schoenstatt.com\\\/pt-pt\\\/com-a-mae-peregrina-transformar-minha-familia-em-santuario\\\/\"},\"wordCount\":652,\"publisher\":{\"@id\":\"https:\\\/\\\/schoenstatt.com\\\/pt-pt\\\/#organization\"},\"image\":{\"@id\":\"https:\\\/\\\/schoenstatt.com\\\/pt-pt\\\/com-a-mae-peregrina-transformar-minha-familia-em-santuario\\\/#primaryimage\"},\"thumbnailUrl\":\"https:\\\/\\\/schoenstatt.com\\\/wp-content\\\/uploads\\\/2026\\\/03\\\/Original-Shrine-Schoenstatt-2026.webp\",\"keywords\":[\"Campanha da M\u00e3e Peregrina\",\"Santu\u00e1rio Original\"],\"articleSection\":[\"M\u00e3e Peregrina\",\"Santu\u00e1rio Original\"],\"inLanguage\":\"pt-PT\"},{\"@type\":\"WebPage\",\"@id\":\"https:\\\/\\\/schoenstatt.com\\\/pt-pt\\\/com-a-mae-peregrina-transformar-minha-familia-em-santuario\\\/\",\"url\":\"https:\\\/\\\/schoenstatt.com\\\/pt-pt\\\/com-a-mae-peregrina-transformar-minha-familia-em-santuario\\\/\",\"name\":\"Com a M\u00e3e Peregrina, transformar minha fam\u00edlia em Santu\u00e1rio - Schoenstatt\",\"isPartOf\":{\"@id\":\"https:\\\/\\\/schoenstatt.com\\\/pt-pt\\\/#website\"},\"primaryImageOfPage\":{\"@id\":\"https:\\\/\\\/schoenstatt.com\\\/pt-pt\\\/com-a-mae-peregrina-transformar-minha-familia-em-santuario\\\/#primaryimage\"},\"image\":{\"@id\":\"https:\\\/\\\/schoenstatt.com\\\/pt-pt\\\/com-a-mae-peregrina-transformar-minha-familia-em-santuario\\\/#primaryimage\"},\"thumbnailUrl\":\"https:\\\/\\\/schoenstatt.com\\\/wp-content\\\/uploads\\\/2026\\\/03\\\/Original-Shrine-Schoenstatt-2026.webp\",\"datePublished\":\"2026-03-23T14:50:32+00:00\",\"dateModified\":\"2026-03-23T14:50:34+00:00\",\"description\":\"Schoenstatt recebe o encontro de Mission\u00e1rios de L\u00edngua Portuguesa da Campanha da M\u00e3e Peregrina para forma\u00e7\u00e3o.\",\"breadcrumb\":{\"@id\":\"https:\\\/\\\/schoenstatt.com\\\/pt-pt\\\/com-a-mae-peregrina-transformar-minha-familia-em-santuario\\\/#breadcrumb\"},\"inLanguage\":\"pt-PT\",\"potentialAction\":[{\"@type\":\"ReadAction\",\"target\":[\"https:\\\/\\\/schoenstatt.com\\\/pt-pt\\\/com-a-mae-peregrina-transformar-minha-familia-em-santuario\\\/\"]}]},{\"@type\":\"ImageObject\",\"inLanguage\":\"pt-PT\",\"@id\":\"https:\\\/\\\/schoenstatt.com\\\/pt-pt\\\/com-a-mae-peregrina-transformar-minha-familia-em-santuario\\\/#primaryimage\",\"url\":\"https:\\\/\\\/schoenstatt.com\\\/wp-content\\\/uploads\\\/2026\\\/03\\\/Original-Shrine-Schoenstatt-2026.webp\",\"contentUrl\":\"https:\\\/\\\/schoenstatt.com\\\/wp-content\\\/uploads\\\/2026\\\/03\\\/Original-Shrine-Schoenstatt-2026.webp\",\"width\":1426,\"height\":924},{\"@type\":\"BreadcrumbList\",\"@id\":\"https:\\\/\\\/schoenstatt.com\\\/pt-pt\\\/com-a-mae-peregrina-transformar-minha-familia-em-santuario\\\/#breadcrumb\",\"itemListElement\":[{\"@type\":\"ListItem\",\"position\":1,\"name\":\"Portada\",\"item\":\"https:\\\/\\\/schoenstatt.com\\\/pt-pt\\\/home\\\/\"},{\"@type\":\"ListItem\",\"position\":2,\"name\":\"Com a M\u00e3e Peregrina, transformar minha fam\u00edlia em Santu\u00e1rio\"}]},{\"@type\":\"WebSite\",\"@id\":\"https:\\\/\\\/schoenstatt.com\\\/pt-pt\\\/#website\",\"url\":\"https:\\\/\\\/schoenstatt.com\\\/pt-pt\\\/\",\"name\":\"Schoenstatt\",\"description\":\"Apostolic Movement\",\"publisher\":{\"@id\":\"https:\\\/\\\/schoenstatt.com\\\/pt-pt\\\/#organization\"},\"potentialAction\":[{\"@type\":\"SearchAction\",\"target\":{\"@type\":\"EntryPoint\",\"urlTemplate\":\"https:\\\/\\\/schoenstatt.com\\\/pt-pt\\\/?s={search_term_string}\"},\"query-input\":{\"@type\":\"PropertyValueSpecification\",\"valueRequired\":true,\"valueName\":\"search_term_string\"}}],\"inLanguage\":\"pt-PT\"},{\"@type\":\"Organization\",\"@id\":\"https:\\\/\\\/schoenstatt.com\\\/pt-pt\\\/#organization\",\"name\":\"Schoenstatt\",\"url\":\"https:\\\/\\\/schoenstatt.com\\\/pt-pt\\\/\",\"logo\":{\"@type\":\"ImageObject\",\"inLanguage\":\"pt-PT\",\"@id\":\"https:\\\/\\\/schoenstatt.com\\\/pt-pt\\\/#\\\/schema\\\/logo\\\/image\\\/\",\"url\":\"https:\\\/\\\/schoenstatt.com\\\/wp-content\\\/uploads\\\/2025\\\/04\\\/logo-schoenstatt-white-696x696-1.png\",\"contentUrl\":\"https:\\\/\\\/schoenstatt.com\\\/wp-content\\\/uploads\\\/2025\\\/04\\\/logo-schoenstatt-white-696x696-1.png\",\"width\":696,\"height\":694,\"caption\":\"Schoenstatt\"},\"image\":{\"@id\":\"https:\\\/\\\/schoenstatt.com\\\/pt-pt\\\/#\\\/schema\\\/logo\\\/image\\\/\"}},{\"@type\":\"Person\",\"@id\":\"https:\\\/\\\/schoenstatt.com\\\/pt-pt\\\/#\\\/schema\\\/person\\\/5158877ad4acae98b34daaeef2a1ce6e\",\"name\":\"Karen Bueno\",\"image\":{\"@type\":\"ImageObject\",\"inLanguage\":\"pt-PT\",\"@id\":\"https:\\\/\\\/secure.gravatar.com\\\/avatar\\\/f9f4b823873154269d2b2130f195f6d41037dd0d7fc5f3cacb5c846bae70d66b?s=96&d=mm&r=g\",\"url\":\"https:\\\/\\\/secure.gravatar.com\\\/avatar\\\/f9f4b823873154269d2b2130f195f6d41037dd0d7fc5f3cacb5c846bae70d66b?s=96&d=mm&r=g\",\"contentUrl\":\"https:\\\/\\\/secure.gravatar.com\\\/avatar\\\/f9f4b823873154269d2b2130f195f6d41037dd0d7fc5f3cacb5c846bae70d66b?s=96&d=mm&r=g\",\"caption\":\"Karen Bueno\"},\"url\":\"https:\\\/\\\/schoenstatt.com\\\/pt-pt\\\/author\\\/karen-bueno\\\/\"}]}<\/script>\n<!-- \/ Yoast SEO Premium plugin. -->","yoast_head_json":{"title":"Com a M\u00e3e Peregrina, transformar minha fam\u00edlia em Santu\u00e1rio - Schoenstatt","description":"Schoenstatt recebe o encontro de Mission\u00e1rios de L\u00edngua Portuguesa da Campanha da M\u00e3e Peregrina para forma\u00e7\u00e3o.","robots":{"index":"index","follow":"follow","max-snippet":"max-snippet:-1","max-image-preview":"max-image-preview:large","max-video-preview":"max-video-preview:-1"},"canonical":"https:\/\/schoenstatt.com\/pt-pt\/com-a-mae-peregrina-transformar-minha-familia-em-santuario\/","og_locale":"pt_PT","og_type":"article","og_title":"Com a M\u00e3e Peregrina, transformar minha fam\u00edlia em Santu\u00e1rio","og_description":"Schoenstatt recebe o encontro de Mission\u00e1rios de L\u00edngua Portuguesa da Campanha da M\u00e3e Peregrina para forma\u00e7\u00e3o.","og_url":"https:\/\/schoenstatt.com\/pt-pt\/com-a-mae-peregrina-transformar-minha-familia-em-santuario\/","og_site_name":"Schoenstatt","article_published_time":"2026-03-23T14:50:32+00:00","article_modified_time":"2026-03-23T14:50:34+00:00","og_image":[{"width":1426,"height":924,"url":"https:\/\/schoenstatt.com\/wp-content\/uploads\/2026\/03\/Original-Shrine-Schoenstatt-2026.webp","type":"image\/jpeg"}],"author":"Karen Bueno","twitter_card":"summary_large_image","twitter_misc":{"Escrito por":"Karen Bueno","Tempo estimado de leitura":"3 minutos"},"schema":{"@context":"https:\/\/schema.org","@graph":[{"@type":"Article","@id":"https:\/\/schoenstatt.com\/pt-pt\/com-a-mae-peregrina-transformar-minha-familia-em-santuario\/#article","isPartOf":{"@id":"https:\/\/schoenstatt.com\/pt-pt\/com-a-mae-peregrina-transformar-minha-familia-em-santuario\/"},"author":{"name":"Karen Bueno","@id":"https:\/\/schoenstatt.com\/pt-pt\/#\/schema\/person\/5158877ad4acae98b34daaeef2a1ce6e"},"headline":"Com a M\u00e3e Peregrina, transformar minha fam\u00edlia em Santu\u00e1rio","datePublished":"2026-03-23T14:50:32+00:00","dateModified":"2026-03-23T14:50:34+00:00","mainEntityOfPage":{"@id":"https:\/\/schoenstatt.com\/pt-pt\/com-a-mae-peregrina-transformar-minha-familia-em-santuario\/"},"wordCount":652,"publisher":{"@id":"https:\/\/schoenstatt.com\/pt-pt\/#organization"},"image":{"@id":"https:\/\/schoenstatt.com\/pt-pt\/com-a-mae-peregrina-transformar-minha-familia-em-santuario\/#primaryimage"},"thumbnailUrl":"https:\/\/schoenstatt.com\/wp-content\/uploads\/2026\/03\/Original-Shrine-Schoenstatt-2026.webp","keywords":["Campanha da M\u00e3e Peregrina","Santu\u00e1rio Original"],"articleSection":["M\u00e3e Peregrina","Santu\u00e1rio Original"],"inLanguage":"pt-PT"},{"@type":"WebPage","@id":"https:\/\/schoenstatt.com\/pt-pt\/com-a-mae-peregrina-transformar-minha-familia-em-santuario\/","url":"https:\/\/schoenstatt.com\/pt-pt\/com-a-mae-peregrina-transformar-minha-familia-em-santuario\/","name":"Com a M\u00e3e Peregrina, transformar minha fam\u00edlia em Santu\u00e1rio - Schoenstatt","isPartOf":{"@id":"https:\/\/schoenstatt.com\/pt-pt\/#website"},"primaryImageOfPage":{"@id":"https:\/\/schoenstatt.com\/pt-pt\/com-a-mae-peregrina-transformar-minha-familia-em-santuario\/#primaryimage"},"image":{"@id":"https:\/\/schoenstatt.com\/pt-pt\/com-a-mae-peregrina-transformar-minha-familia-em-santuario\/#primaryimage"},"thumbnailUrl":"https:\/\/schoenstatt.com\/wp-content\/uploads\/2026\/03\/Original-Shrine-Schoenstatt-2026.webp","datePublished":"2026-03-23T14:50:32+00:00","dateModified":"2026-03-23T14:50:34+00:00","description":"Schoenstatt recebe o encontro de Mission\u00e1rios de L\u00edngua Portuguesa da Campanha da M\u00e3e Peregrina para forma\u00e7\u00e3o.","breadcrumb":{"@id":"https:\/\/schoenstatt.com\/pt-pt\/com-a-mae-peregrina-transformar-minha-familia-em-santuario\/#breadcrumb"},"inLanguage":"pt-PT","potentialAction":[{"@type":"ReadAction","target":["https:\/\/schoenstatt.com\/pt-pt\/com-a-mae-peregrina-transformar-minha-familia-em-santuario\/"]}]},{"@type":"ImageObject","inLanguage":"pt-PT","@id":"https:\/\/schoenstatt.com\/pt-pt\/com-a-mae-peregrina-transformar-minha-familia-em-santuario\/#primaryimage","url":"https:\/\/schoenstatt.com\/wp-content\/uploads\/2026\/03\/Original-Shrine-Schoenstatt-2026.webp","contentUrl":"https:\/\/schoenstatt.com\/wp-content\/uploads\/2026\/03\/Original-Shrine-Schoenstatt-2026.webp","width":1426,"height":924},{"@type":"BreadcrumbList","@id":"https:\/\/schoenstatt.com\/pt-pt\/com-a-mae-peregrina-transformar-minha-familia-em-santuario\/#breadcrumb","itemListElement":[{"@type":"ListItem","position":1,"name":"Portada","item":"https:\/\/schoenstatt.com\/pt-pt\/home\/"},{"@type":"ListItem","position":2,"name":"Com a M\u00e3e Peregrina, transformar minha fam\u00edlia em Santu\u00e1rio"}]},{"@type":"WebSite","@id":"https:\/\/schoenstatt.com\/pt-pt\/#website","url":"https:\/\/schoenstatt.com\/pt-pt\/","name":"Schoenstatt","description":"Apostolic Movement","publisher":{"@id":"https:\/\/schoenstatt.com\/pt-pt\/#organization"},"potentialAction":[{"@type":"SearchAction","target":{"@type":"EntryPoint","urlTemplate":"https:\/\/schoenstatt.com\/pt-pt\/?s={search_term_string}"},"query-input":{"@type":"PropertyValueSpecification","valueRequired":true,"valueName":"search_term_string"}}],"inLanguage":"pt-PT"},{"@type":"Organization","@id":"https:\/\/schoenstatt.com\/pt-pt\/#organization","name":"Schoenstatt","url":"https:\/\/schoenstatt.com\/pt-pt\/","logo":{"@type":"ImageObject","inLanguage":"pt-PT","@id":"https:\/\/schoenstatt.com\/pt-pt\/#\/schema\/logo\/image\/","url":"https:\/\/schoenstatt.com\/wp-content\/uploads\/2025\/04\/logo-schoenstatt-white-696x696-1.png","contentUrl":"https:\/\/schoenstatt.com\/wp-content\/uploads\/2025\/04\/logo-schoenstatt-white-696x696-1.png","width":696,"height":694,"caption":"Schoenstatt"},"image":{"@id":"https:\/\/schoenstatt.com\/pt-pt\/#\/schema\/logo\/image\/"}},{"@type":"Person","@id":"https:\/\/schoenstatt.com\/pt-pt\/#\/schema\/person\/5158877ad4acae98b34daaeef2a1ce6e","name":"Karen Bueno","image":{"@type":"ImageObject","inLanguage":"pt-PT","@id":"https:\/\/secure.gravatar.com\/avatar\/f9f4b823873154269d2b2130f195f6d41037dd0d7fc5f3cacb5c846bae70d66b?s=96&d=mm&r=g","url":"https:\/\/secure.gravatar.com\/avatar\/f9f4b823873154269d2b2130f195f6d41037dd0d7fc5f3cacb5c846bae70d66b?s=96&d=mm&r=g","contentUrl":"https:\/\/secure.gravatar.com\/avatar\/f9f4b823873154269d2b2130f195f6d41037dd0d7fc5f3cacb5c846bae70d66b?s=96&d=mm&r=g","caption":"Karen Bueno"},"url":"https:\/\/schoenstatt.com\/pt-pt\/author\/karen-bueno\/"}]}},"_links":{"self":[{"href":"https:\/\/schoenstatt.com\/pt-pt\/wp-json\/wp\/v2\/posts\/69110","targetHints":{"allow":["GET"]}}],"collection":[{"href":"https:\/\/schoenstatt.com\/pt-pt\/wp-json\/wp\/v2\/posts"}],"about":[{"href":"https:\/\/schoenstatt.com\/pt-pt\/wp-json\/wp\/v2\/types\/post"}],"author":[{"embeddable":true,"href":"https:\/\/schoenstatt.com\/pt-pt\/wp-json\/wp\/v2\/users\/3"}],"replies":[{"embeddable":true,"href":"https:\/\/schoenstatt.com\/pt-pt\/wp-json\/wp\/v2\/comments?post=69110"}],"version-history":[{"count":4,"href":"https:\/\/schoenstatt.com\/pt-pt\/wp-json\/wp\/v2\/posts\/69110\/revisions"}],"predecessor-version":[{"id":69134,"href":"https:\/\/schoenstatt.com\/pt-pt\/wp-json\/wp\/v2\/posts\/69110\/revisions\/69134"}],"wp:featuredmedia":[{"embeddable":true,"href":"https:\/\/schoenstatt.com\/pt-pt\/wp-json\/wp\/v2\/media\/69124"}],"wp:attachment":[{"href":"https:\/\/schoenstatt.com\/pt-pt\/wp-json\/wp\/v2\/media?parent=69110"}],"wp:term":[{"taxonomy":"category","embeddable":true,"href":"https:\/\/schoenstatt.com\/pt-pt\/wp-json\/wp\/v2\/categories?post=69110"},{"taxonomy":"post_tag","embeddable":true,"href":"https:\/\/schoenstatt.com\/pt-pt\/wp-json\/wp\/v2\/tags?post=69110"}],"curies":[{"name":"wp","href":"https:\/\/api.w.org\/{rel}","templated":true}]}}