{"id":68484,"date":"2026-02-19T12:57:23","date_gmt":"2026-02-19T11:57:23","guid":{"rendered":"https:\/\/schoenstatt.com\/?p=68484"},"modified":"2026-02-19T14:26:14","modified_gmt":"2026-02-19T13:26:14","slug":"com-gratidao-e-esperanca-schoenstatt-se-despede-do-pe-rafael-fernandez","status":"publish","type":"post","link":"https:\/\/schoenstatt.com\/pt-pt\/com-gratidao-e-esperanca-schoenstatt-se-despede-do-pe-rafael-fernandez\/","title":{"rendered":"Com gratid\u00e3o e esperan\u00e7a, Schoenstatt se despede do Pe. Rafael Fern\u00e1ndez"},"content":{"rendered":"\n<p>Como Fam\u00edlia, com o cora\u00e7\u00e3o em recolhimento e esperan\u00e7a na vida eterna, nos despedimos do Pe. Rafael Fern\u00e1ndez, um dos grandes comunicadores e educadores de Schoenstatt do nosso tempo. Natural do Chile e membro do <a href=\"https:\/\/schoenstatt.com\/pt-pt\/em-comunidade\/sacerdotes\/padres-de-schoenstatt\/\">Instituto dos Padres de Schoenstatt<\/a>, foi o criador do canal \u201c<a href=\"https:\/\/schvivo.org\/\" target=\"_blank\" rel=\"noreferrer noopener\">Schoenstatt Vivo<\/a>\u201d e autor de numerosos livros sobre o Movimento, escritos em espanhol e traduzidos para outros idiomas.<\/p>\n\n\n\n<div style=\"height:45px\" aria-hidden=\"true\" class=\"wp-block-spacer\"><\/div>\n\n\n\n<h2 class=\"wp-block-heading has-medium-font-size\" id=\"h-um-legado-que-transcende\">Um legado que transcende<\/h2>\n\n\n\n<p>Faleceu na v\u00e9spera da Quarta-feira de Cinzas, 17 de fevereiro, em Bellavista, Chile, aos 92 anos. A sua passagem por este mundo deixa uma marca profunda e indel\u00e9vel em v\u00e1rios \u00e2mbitos do nosso Movimento:<\/p>\n\n\n\n<p><strong>Educador de Jovens:<\/strong> Formou v\u00e1rias gera\u00e7\u00f5es de jovens, transmitindo-lhes com entusiasmo e sabedoria o ideal do \u00abHomem Novo\u00bb.<\/p>\n\n\n\n<p><strong>Impulsionador do Ramo das Fam\u00edlias:<\/strong> Foi um guia fundamental para os casais, acreditando sempre que a santidade familiar \u00e9 a base de uma nova cultura.<\/p>\n\n\n\n<p><strong>Escritor fecundo: <\/strong>Atrav\u00e9s dos seus numerosos livros e publica\u00e7\u00f5es, aprofundou a pedagogia e a espiritualidade de Schoenstatt, deixando um tesouro intelectual e espiritual que continuar\u00e1 a alimentar as futuras gera\u00e7\u00f5es.<\/p>\n\n\n\n<p>O Pe. Rafael soube traduzir a imensa riqueza da nossa espiritualidade em palavras claras, pr\u00f3ximas e pr\u00e1ticas. Com seus v\u00eddeos, ele nos presenteou, por meio da tecnologia, o cora\u00e7\u00e3o de Schoenstatt: a Alian\u00e7a de Amor, a confian\u00e7a e a f\u00e9 pr\u00e1tica na Divina Provid\u00eancia, a pedagogia s\u00e1bia e paternal do nosso Fundador. Sacerdote e ap\u00f3stolo incans\u00e1vel, ser\u00e1 lembrado por sua dedica\u00e7\u00e3o e pelo trabalho na forma\u00e7\u00e3o de muitos schoenstattianos ao longo de sua vida.<\/p>\n\n\n\n<div style=\"height:38px\" aria-hidden=\"true\" class=\"wp-block-spacer\"><\/div>\n\n\n\n<figure class=\"wp-block-gallery has-nested-images columns-default is-cropped wp-block-gallery-1 is-layout-flex wp-block-gallery-is-layout-flex\">\n<figure class=\"wp-block-image size-large\"><img fetchpriority=\"high\" decoding=\"async\" width=\"1440\" height=\"1800\" data-id=\"68460\" src=\"https:\/\/schoenstatt.com\/wp-content\/uploads\/2026\/02\/Fr-Rafael-Fernandez-2.webp\" alt=\"\" class=\"wp-image-68460\" srcset=\"https:\/\/schoenstatt.com\/wp-content\/uploads\/2026\/02\/Fr-Rafael-Fernandez-2.webp 1440w, https:\/\/schoenstatt.com\/wp-content\/uploads\/2026\/02\/Fr-Rafael-Fernandez-2-768x960.webp 768w, https:\/\/schoenstatt.com\/wp-content\/uploads\/2026\/02\/Fr-Rafael-Fernandez-2-1229x1536.webp 1229w\" sizes=\"(max-width: 1440px) 100vw, 1440px\" \/><\/figure>\n\n\n\n<figure class=\"wp-block-image size-large\"><img decoding=\"async\" width=\"1440\" height=\"1800\" data-id=\"68465\" src=\"https:\/\/schoenstatt.com\/wp-content\/uploads\/2026\/02\/Fr-Rafael-Fernandez-3.webp\" alt=\"\" class=\"wp-image-68465\" srcset=\"https:\/\/schoenstatt.com\/wp-content\/uploads\/2026\/02\/Fr-Rafael-Fernandez-3.webp 1440w, https:\/\/schoenstatt.com\/wp-content\/uploads\/2026\/02\/Fr-Rafael-Fernandez-3-768x960.webp 768w, https:\/\/schoenstatt.com\/wp-content\/uploads\/2026\/02\/Fr-Rafael-Fernandez-3-1229x1536.webp 1229w\" sizes=\"(max-width: 1440px) 100vw, 1440px\" \/><\/figure>\n<\/figure>\n\n\n\n<div style=\"height:52px\" aria-hidden=\"true\" class=\"wp-block-spacer\"><\/div>\n\n\n\n<h2 class=\"wp-block-heading has-medium-font-size\" id=\"h-ensinou-nos-a-amar-mais-a-schoenstatt\">\u201cEnsinou-nos a amar mais a Schoenstatt\u201d<\/h2>\n\n\n\n<p>O Pe. Rafael tinha o dom de tornar compreens\u00edvel o que era profundo, de aterrissar o sublime sem lhe tirar a altura. Ele foi uma ponte entre gera\u00e7\u00f5es, entre continentes, entre o pensamento do fundador e a vida concreta de hoje. Muitos aprendemos a amar mais Schoenstatt ao ouvi-lo; muitos compreendemos melhor nossa miss\u00e3o gra\u00e7as \u00e0 sua clareza.<\/p>\n\n\n\n<p>Foi um educador no sentido mais schoenstattiano: n\u00e3o apenas transmitia ideias, mas formava cora\u00e7\u00f5es. Com fidelidade filial ao Pai e Fundador, soube apropriar-se criativamente de sua heran\u00e7a e oferec\u00ea-la ao mundo atual com coragem e simplicidade. Em tempos de barulho e superficialidade, ele colocou a m\u00e3o no pulso do tempo, mas sempre com o ouvido no cora\u00e7\u00e3o de Deus.<\/p>\n\n\n\n<p>Rezamos por seu descanso eterno e pela comunidade dos Padres de Schoenstatt, a quem acompanhamos com carinho.<\/p>\n\n\n\n<p>O funeral ser\u00e1 realizado nesta quinta-feira, dia 19, \u00e0s 11h, na Igreja do Esp\u00edrito Santo, Santu\u00e1rio de Bellavista Chile.<\/p>\n","protected":false},"excerpt":{"rendered":"<p>Um grande comunicador e ap\u00f3stolo da Alian\u00e7a, Pe. Rafael Fern\u00e1ndez \u00e9 autor de v\u00e1rios livros e criador de um rico conte\u00fado digital.<\/p>\n","protected":false},"author":3,"featured_media":68473,"comment_status":"closed","ping_status":"closed","sticky":false,"template":"","format":"standard","meta":{"footnotes":""},"categories":[625,908],"tags":[1160,187],"class_list":["post-68484","post","type-post","status-publish","format-standard","has-post-thumbnail","hentry","category-america-pt-pt","category-comunidades-de-schoenstatt-pt-pt","tag-padres-de-schoenstatt-pt-pt","tag-schoenstatt-chile-pt-pt"],"yoast_head":"<!-- This site is optimized with the Yoast SEO Premium plugin v27.4 (Yoast SEO v27.4) - https:\/\/yoast.com\/product\/yoast-seo-premium-wordpress\/ -->\n<title>Com gratid\u00e3o e esperan\u00e7a, Schoenstatt se despede do Pe. Rafael Fern\u00e1ndez<\/title>\n<meta name=\"description\" content=\"Um grande comunicador e ap\u00f3stolo da Alian\u00e7a, Pe. Rafael Fern\u00e1ndez \u00e9 autor de v\u00e1rios livros e criador de um rico conte\u00fado digital.\" \/>\n<meta name=\"robots\" content=\"index, follow, max-snippet:-1, max-image-preview:large, max-video-preview:-1\" \/>\n<link rel=\"canonical\" href=\"https:\/\/schoenstatt.com\/pt-pt\/com-gratidao-e-esperanca-schoenstatt-se-despede-do-pe-rafael-fernandez\/\" \/>\n<meta property=\"og:locale\" content=\"pt_PT\" \/>\n<meta property=\"og:type\" content=\"article\" \/>\n<meta property=\"og:title\" content=\"Com gratid\u00e3o e esperan\u00e7a, Schoenstatt se despede do Pe. Rafael Fern\u00e1ndez\" \/>\n<meta property=\"og:description\" content=\"Um grande comunicador e ap\u00f3stolo da Alian\u00e7a, Pe. Rafael Fern\u00e1ndez \u00e9 autor de v\u00e1rios livros e criador de um rico conte\u00fado digital.\" \/>\n<meta property=\"og:url\" content=\"https:\/\/schoenstatt.com\/pt-pt\/com-gratidao-e-esperanca-schoenstatt-se-despede-do-pe-rafael-fernandez\/\" \/>\n<meta property=\"og:site_name\" content=\"Schoenstatt\" \/>\n<meta property=\"article:published_time\" content=\"2026-02-19T11:57:23+00:00\" \/>\n<meta property=\"article:modified_time\" content=\"2026-02-19T13:26:14+00:00\" \/>\n<meta property=\"og:image\" content=\"https:\/\/schoenstatt.com\/wp-content\/uploads\/2026\/02\/Fr-Rafael-Fernandez.webp\" \/>\n\t<meta property=\"og:image:width\" content=\"2048\" \/>\n\t<meta property=\"og:image:height\" content=\"994\" \/>\n\t<meta property=\"og:image:type\" content=\"image\/jpeg\" \/>\n<meta name=\"author\" content=\"Karen Bueno\" \/>\n<meta name=\"twitter:card\" content=\"summary_large_image\" \/>\n<meta name=\"twitter:label1\" content=\"Escrito por\" \/>\n\t<meta name=\"twitter:data1\" content=\"Karen Bueno\" \/>\n\t<meta name=\"twitter:label2\" content=\"Tempo estimado de leitura\" \/>\n\t<meta name=\"twitter:data2\" content=\"3 minutos\" \/>\n<script type=\"application\/ld+json\" class=\"yoast-schema-graph\">{\"@context\":\"https:\\\/\\\/schema.org\",\"@graph\":[{\"@type\":\"Article\",\"@id\":\"https:\\\/\\\/schoenstatt.com\\\/pt-pt\\\/com-gratidao-e-esperanca-schoenstatt-se-despede-do-pe-rafael-fernandez\\\/#article\",\"isPartOf\":{\"@id\":\"https:\\\/\\\/schoenstatt.com\\\/pt-pt\\\/com-gratidao-e-esperanca-schoenstatt-se-despede-do-pe-rafael-fernandez\\\/\"},\"author\":{\"name\":\"Karen Bueno\",\"@id\":\"https:\\\/\\\/schoenstatt.com\\\/pt-pt\\\/#\\\/schema\\\/person\\\/5158877ad4acae98b34daaeef2a1ce6e\"},\"headline\":\"Com gratid\u00e3o e esperan\u00e7a, Schoenstatt se despede do Pe. Rafael Fern\u00e1ndez\",\"datePublished\":\"2026-02-19T11:57:23+00:00\",\"dateModified\":\"2026-02-19T13:26:14+00:00\",\"mainEntityOfPage\":{\"@id\":\"https:\\\/\\\/schoenstatt.com\\\/pt-pt\\\/com-gratidao-e-esperanca-schoenstatt-se-despede-do-pe-rafael-fernandez\\\/\"},\"wordCount\":454,\"publisher\":{\"@id\":\"https:\\\/\\\/schoenstatt.com\\\/pt-pt\\\/#organization\"},\"image\":{\"@id\":\"https:\\\/\\\/schoenstatt.com\\\/pt-pt\\\/com-gratidao-e-esperanca-schoenstatt-se-despede-do-pe-rafael-fernandez\\\/#primaryimage\"},\"thumbnailUrl\":\"https:\\\/\\\/schoenstatt.com\\\/wp-content\\\/uploads\\\/2026\\\/02\\\/Fr-Rafael-Fernandez.webp\",\"keywords\":[\"Padres de Schoenstatt\",\"Schoenstatt Chile\"],\"articleSection\":[\"Am\u00e9rica\",\"Comunidades de Schoenstatt\"],\"inLanguage\":\"pt-PT\"},{\"@type\":\"WebPage\",\"@id\":\"https:\\\/\\\/schoenstatt.com\\\/pt-pt\\\/com-gratidao-e-esperanca-schoenstatt-se-despede-do-pe-rafael-fernandez\\\/\",\"url\":\"https:\\\/\\\/schoenstatt.com\\\/pt-pt\\\/com-gratidao-e-esperanca-schoenstatt-se-despede-do-pe-rafael-fernandez\\\/\",\"name\":\"Com gratid\u00e3o e esperan\u00e7a, Schoenstatt se despede do Pe. Rafael Fern\u00e1ndez\",\"isPartOf\":{\"@id\":\"https:\\\/\\\/schoenstatt.com\\\/pt-pt\\\/#website\"},\"primaryImageOfPage\":{\"@id\":\"https:\\\/\\\/schoenstatt.com\\\/pt-pt\\\/com-gratidao-e-esperanca-schoenstatt-se-despede-do-pe-rafael-fernandez\\\/#primaryimage\"},\"image\":{\"@id\":\"https:\\\/\\\/schoenstatt.com\\\/pt-pt\\\/com-gratidao-e-esperanca-schoenstatt-se-despede-do-pe-rafael-fernandez\\\/#primaryimage\"},\"thumbnailUrl\":\"https:\\\/\\\/schoenstatt.com\\\/wp-content\\\/uploads\\\/2026\\\/02\\\/Fr-Rafael-Fernandez.webp\",\"datePublished\":\"2026-02-19T11:57:23+00:00\",\"dateModified\":\"2026-02-19T13:26:14+00:00\",\"description\":\"Um grande comunicador e ap\u00f3stolo da Alian\u00e7a, Pe. Rafael Fern\u00e1ndez \u00e9 autor de v\u00e1rios livros e criador de um rico conte\u00fado digital.\",\"breadcrumb\":{\"@id\":\"https:\\\/\\\/schoenstatt.com\\\/pt-pt\\\/com-gratidao-e-esperanca-schoenstatt-se-despede-do-pe-rafael-fernandez\\\/#breadcrumb\"},\"inLanguage\":\"pt-PT\",\"potentialAction\":[{\"@type\":\"ReadAction\",\"target\":[\"https:\\\/\\\/schoenstatt.com\\\/pt-pt\\\/com-gratidao-e-esperanca-schoenstatt-se-despede-do-pe-rafael-fernandez\\\/\"]}]},{\"@type\":\"ImageObject\",\"inLanguage\":\"pt-PT\",\"@id\":\"https:\\\/\\\/schoenstatt.com\\\/pt-pt\\\/com-gratidao-e-esperanca-schoenstatt-se-despede-do-pe-rafael-fernandez\\\/#primaryimage\",\"url\":\"https:\\\/\\\/schoenstatt.com\\\/wp-content\\\/uploads\\\/2026\\\/02\\\/Fr-Rafael-Fernandez.webp\",\"contentUrl\":\"https:\\\/\\\/schoenstatt.com\\\/wp-content\\\/uploads\\\/2026\\\/02\\\/Fr-Rafael-Fernandez.webp\",\"width\":2048,\"height\":994},{\"@type\":\"BreadcrumbList\",\"@id\":\"https:\\\/\\\/schoenstatt.com\\\/pt-pt\\\/com-gratidao-e-esperanca-schoenstatt-se-despede-do-pe-rafael-fernandez\\\/#breadcrumb\",\"itemListElement\":[{\"@type\":\"ListItem\",\"position\":1,\"name\":\"Portada\",\"item\":\"https:\\\/\\\/schoenstatt.com\\\/pt-pt\\\/home\\\/\"},{\"@type\":\"ListItem\",\"position\":2,\"name\":\"Com gratid\u00e3o e esperan\u00e7a, Schoenstatt se despede do Pe. Rafael Fern\u00e1ndez\"}]},{\"@type\":\"WebSite\",\"@id\":\"https:\\\/\\\/schoenstatt.com\\\/pt-pt\\\/#website\",\"url\":\"https:\\\/\\\/schoenstatt.com\\\/pt-pt\\\/\",\"name\":\"Schoenstatt\",\"description\":\"Apostolic Movement\",\"publisher\":{\"@id\":\"https:\\\/\\\/schoenstatt.com\\\/pt-pt\\\/#organization\"},\"potentialAction\":[{\"@type\":\"SearchAction\",\"target\":{\"@type\":\"EntryPoint\",\"urlTemplate\":\"https:\\\/\\\/schoenstatt.com\\\/pt-pt\\\/?s={search_term_string}\"},\"query-input\":{\"@type\":\"PropertyValueSpecification\",\"valueRequired\":true,\"valueName\":\"search_term_string\"}}],\"inLanguage\":\"pt-PT\"},{\"@type\":\"Organization\",\"@id\":\"https:\\\/\\\/schoenstatt.com\\\/pt-pt\\\/#organization\",\"name\":\"Schoenstatt\",\"url\":\"https:\\\/\\\/schoenstatt.com\\\/pt-pt\\\/\",\"logo\":{\"@type\":\"ImageObject\",\"inLanguage\":\"pt-PT\",\"@id\":\"https:\\\/\\\/schoenstatt.com\\\/pt-pt\\\/#\\\/schema\\\/logo\\\/image\\\/\",\"url\":\"https:\\\/\\\/schoenstatt.com\\\/wp-content\\\/uploads\\\/2025\\\/04\\\/logo-schoenstatt-white-696x696-1.png\",\"contentUrl\":\"https:\\\/\\\/schoenstatt.com\\\/wp-content\\\/uploads\\\/2025\\\/04\\\/logo-schoenstatt-white-696x696-1.png\",\"width\":696,\"height\":694,\"caption\":\"Schoenstatt\"},\"image\":{\"@id\":\"https:\\\/\\\/schoenstatt.com\\\/pt-pt\\\/#\\\/schema\\\/logo\\\/image\\\/\"}},{\"@type\":\"Person\",\"@id\":\"https:\\\/\\\/schoenstatt.com\\\/pt-pt\\\/#\\\/schema\\\/person\\\/5158877ad4acae98b34daaeef2a1ce6e\",\"name\":\"Karen Bueno\",\"image\":{\"@type\":\"ImageObject\",\"inLanguage\":\"pt-PT\",\"@id\":\"https:\\\/\\\/secure.gravatar.com\\\/avatar\\\/f9f4b823873154269d2b2130f195f6d41037dd0d7fc5f3cacb5c846bae70d66b?s=96&d=mm&r=g\",\"url\":\"https:\\\/\\\/secure.gravatar.com\\\/avatar\\\/f9f4b823873154269d2b2130f195f6d41037dd0d7fc5f3cacb5c846bae70d66b?s=96&d=mm&r=g\",\"contentUrl\":\"https:\\\/\\\/secure.gravatar.com\\\/avatar\\\/f9f4b823873154269d2b2130f195f6d41037dd0d7fc5f3cacb5c846bae70d66b?s=96&d=mm&r=g\",\"caption\":\"Karen Bueno\"},\"url\":\"https:\\\/\\\/schoenstatt.com\\\/pt-pt\\\/author\\\/karen-bueno\\\/\"}]}<\/script>\n<!-- \/ Yoast SEO Premium plugin. -->","yoast_head_json":{"title":"Com gratid\u00e3o e esperan\u00e7a, Schoenstatt se despede do Pe. Rafael Fern\u00e1ndez","description":"Um grande comunicador e ap\u00f3stolo da Alian\u00e7a, Pe. Rafael Fern\u00e1ndez \u00e9 autor de v\u00e1rios livros e criador de um rico conte\u00fado digital.","robots":{"index":"index","follow":"follow","max-snippet":"max-snippet:-1","max-image-preview":"max-image-preview:large","max-video-preview":"max-video-preview:-1"},"canonical":"https:\/\/schoenstatt.com\/pt-pt\/com-gratidao-e-esperanca-schoenstatt-se-despede-do-pe-rafael-fernandez\/","og_locale":"pt_PT","og_type":"article","og_title":"Com gratid\u00e3o e esperan\u00e7a, Schoenstatt se despede do Pe. Rafael Fern\u00e1ndez","og_description":"Um grande comunicador e ap\u00f3stolo da Alian\u00e7a, Pe. Rafael Fern\u00e1ndez \u00e9 autor de v\u00e1rios livros e criador de um rico conte\u00fado digital.","og_url":"https:\/\/schoenstatt.com\/pt-pt\/com-gratidao-e-esperanca-schoenstatt-se-despede-do-pe-rafael-fernandez\/","og_site_name":"Schoenstatt","article_published_time":"2026-02-19T11:57:23+00:00","article_modified_time":"2026-02-19T13:26:14+00:00","og_image":[{"width":2048,"height":994,"url":"https:\/\/schoenstatt.com\/wp-content\/uploads\/2026\/02\/Fr-Rafael-Fernandez.webp","type":"image\/jpeg"}],"author":"Karen Bueno","twitter_card":"summary_large_image","twitter_misc":{"Escrito por":"Karen Bueno","Tempo estimado de leitura":"3 minutos"},"schema":{"@context":"https:\/\/schema.org","@graph":[{"@type":"Article","@id":"https:\/\/schoenstatt.com\/pt-pt\/com-gratidao-e-esperanca-schoenstatt-se-despede-do-pe-rafael-fernandez\/#article","isPartOf":{"@id":"https:\/\/schoenstatt.com\/pt-pt\/com-gratidao-e-esperanca-schoenstatt-se-despede-do-pe-rafael-fernandez\/"},"author":{"name":"Karen Bueno","@id":"https:\/\/schoenstatt.com\/pt-pt\/#\/schema\/person\/5158877ad4acae98b34daaeef2a1ce6e"},"headline":"Com gratid\u00e3o e esperan\u00e7a, Schoenstatt se despede do Pe. Rafael Fern\u00e1ndez","datePublished":"2026-02-19T11:57:23+00:00","dateModified":"2026-02-19T13:26:14+00:00","mainEntityOfPage":{"@id":"https:\/\/schoenstatt.com\/pt-pt\/com-gratidao-e-esperanca-schoenstatt-se-despede-do-pe-rafael-fernandez\/"},"wordCount":454,"publisher":{"@id":"https:\/\/schoenstatt.com\/pt-pt\/#organization"},"image":{"@id":"https:\/\/schoenstatt.com\/pt-pt\/com-gratidao-e-esperanca-schoenstatt-se-despede-do-pe-rafael-fernandez\/#primaryimage"},"thumbnailUrl":"https:\/\/schoenstatt.com\/wp-content\/uploads\/2026\/02\/Fr-Rafael-Fernandez.webp","keywords":["Padres de Schoenstatt","Schoenstatt Chile"],"articleSection":["Am\u00e9rica","Comunidades de Schoenstatt"],"inLanguage":"pt-PT"},{"@type":"WebPage","@id":"https:\/\/schoenstatt.com\/pt-pt\/com-gratidao-e-esperanca-schoenstatt-se-despede-do-pe-rafael-fernandez\/","url":"https:\/\/schoenstatt.com\/pt-pt\/com-gratidao-e-esperanca-schoenstatt-se-despede-do-pe-rafael-fernandez\/","name":"Com gratid\u00e3o e esperan\u00e7a, Schoenstatt se despede do Pe. Rafael Fern\u00e1ndez","isPartOf":{"@id":"https:\/\/schoenstatt.com\/pt-pt\/#website"},"primaryImageOfPage":{"@id":"https:\/\/schoenstatt.com\/pt-pt\/com-gratidao-e-esperanca-schoenstatt-se-despede-do-pe-rafael-fernandez\/#primaryimage"},"image":{"@id":"https:\/\/schoenstatt.com\/pt-pt\/com-gratidao-e-esperanca-schoenstatt-se-despede-do-pe-rafael-fernandez\/#primaryimage"},"thumbnailUrl":"https:\/\/schoenstatt.com\/wp-content\/uploads\/2026\/02\/Fr-Rafael-Fernandez.webp","datePublished":"2026-02-19T11:57:23+00:00","dateModified":"2026-02-19T13:26:14+00:00","description":"Um grande comunicador e ap\u00f3stolo da Alian\u00e7a, Pe. Rafael Fern\u00e1ndez \u00e9 autor de v\u00e1rios livros e criador de um rico conte\u00fado digital.","breadcrumb":{"@id":"https:\/\/schoenstatt.com\/pt-pt\/com-gratidao-e-esperanca-schoenstatt-se-despede-do-pe-rafael-fernandez\/#breadcrumb"},"inLanguage":"pt-PT","potentialAction":[{"@type":"ReadAction","target":["https:\/\/schoenstatt.com\/pt-pt\/com-gratidao-e-esperanca-schoenstatt-se-despede-do-pe-rafael-fernandez\/"]}]},{"@type":"ImageObject","inLanguage":"pt-PT","@id":"https:\/\/schoenstatt.com\/pt-pt\/com-gratidao-e-esperanca-schoenstatt-se-despede-do-pe-rafael-fernandez\/#primaryimage","url":"https:\/\/schoenstatt.com\/wp-content\/uploads\/2026\/02\/Fr-Rafael-Fernandez.webp","contentUrl":"https:\/\/schoenstatt.com\/wp-content\/uploads\/2026\/02\/Fr-Rafael-Fernandez.webp","width":2048,"height":994},{"@type":"BreadcrumbList","@id":"https:\/\/schoenstatt.com\/pt-pt\/com-gratidao-e-esperanca-schoenstatt-se-despede-do-pe-rafael-fernandez\/#breadcrumb","itemListElement":[{"@type":"ListItem","position":1,"name":"Portada","item":"https:\/\/schoenstatt.com\/pt-pt\/home\/"},{"@type":"ListItem","position":2,"name":"Com gratid\u00e3o e esperan\u00e7a, Schoenstatt se despede do Pe. Rafael Fern\u00e1ndez"}]},{"@type":"WebSite","@id":"https:\/\/schoenstatt.com\/pt-pt\/#website","url":"https:\/\/schoenstatt.com\/pt-pt\/","name":"Schoenstatt","description":"Apostolic Movement","publisher":{"@id":"https:\/\/schoenstatt.com\/pt-pt\/#organization"},"potentialAction":[{"@type":"SearchAction","target":{"@type":"EntryPoint","urlTemplate":"https:\/\/schoenstatt.com\/pt-pt\/?s={search_term_string}"},"query-input":{"@type":"PropertyValueSpecification","valueRequired":true,"valueName":"search_term_string"}}],"inLanguage":"pt-PT"},{"@type":"Organization","@id":"https:\/\/schoenstatt.com\/pt-pt\/#organization","name":"Schoenstatt","url":"https:\/\/schoenstatt.com\/pt-pt\/","logo":{"@type":"ImageObject","inLanguage":"pt-PT","@id":"https:\/\/schoenstatt.com\/pt-pt\/#\/schema\/logo\/image\/","url":"https:\/\/schoenstatt.com\/wp-content\/uploads\/2025\/04\/logo-schoenstatt-white-696x696-1.png","contentUrl":"https:\/\/schoenstatt.com\/wp-content\/uploads\/2025\/04\/logo-schoenstatt-white-696x696-1.png","width":696,"height":694,"caption":"Schoenstatt"},"image":{"@id":"https:\/\/schoenstatt.com\/pt-pt\/#\/schema\/logo\/image\/"}},{"@type":"Person","@id":"https:\/\/schoenstatt.com\/pt-pt\/#\/schema\/person\/5158877ad4acae98b34daaeef2a1ce6e","name":"Karen Bueno","image":{"@type":"ImageObject","inLanguage":"pt-PT","@id":"https:\/\/secure.gravatar.com\/avatar\/f9f4b823873154269d2b2130f195f6d41037dd0d7fc5f3cacb5c846bae70d66b?s=96&d=mm&r=g","url":"https:\/\/secure.gravatar.com\/avatar\/f9f4b823873154269d2b2130f195f6d41037dd0d7fc5f3cacb5c846bae70d66b?s=96&d=mm&r=g","contentUrl":"https:\/\/secure.gravatar.com\/avatar\/f9f4b823873154269d2b2130f195f6d41037dd0d7fc5f3cacb5c846bae70d66b?s=96&d=mm&r=g","caption":"Karen Bueno"},"url":"https:\/\/schoenstatt.com\/pt-pt\/author\/karen-bueno\/"}]}},"_links":{"self":[{"href":"https:\/\/schoenstatt.com\/pt-pt\/wp-json\/wp\/v2\/posts\/68484","targetHints":{"allow":["GET"]}}],"collection":[{"href":"https:\/\/schoenstatt.com\/pt-pt\/wp-json\/wp\/v2\/posts"}],"about":[{"href":"https:\/\/schoenstatt.com\/pt-pt\/wp-json\/wp\/v2\/types\/post"}],"author":[{"embeddable":true,"href":"https:\/\/schoenstatt.com\/pt-pt\/wp-json\/wp\/v2\/users\/3"}],"replies":[{"embeddable":true,"href":"https:\/\/schoenstatt.com\/pt-pt\/wp-json\/wp\/v2\/comments?post=68484"}],"version-history":[{"count":5,"href":"https:\/\/schoenstatt.com\/pt-pt\/wp-json\/wp\/v2\/posts\/68484\/revisions"}],"predecessor-version":[{"id":68498,"href":"https:\/\/schoenstatt.com\/pt-pt\/wp-json\/wp\/v2\/posts\/68484\/revisions\/68498"}],"wp:featuredmedia":[{"embeddable":true,"href":"https:\/\/schoenstatt.com\/pt-pt\/wp-json\/wp\/v2\/media\/68473"}],"wp:attachment":[{"href":"https:\/\/schoenstatt.com\/pt-pt\/wp-json\/wp\/v2\/media?parent=68484"}],"wp:term":[{"taxonomy":"category","embeddable":true,"href":"https:\/\/schoenstatt.com\/pt-pt\/wp-json\/wp\/v2\/categories?post=68484"},{"taxonomy":"post_tag","embeddable":true,"href":"https:\/\/schoenstatt.com\/pt-pt\/wp-json\/wp\/v2\/tags?post=68484"}],"curies":[{"name":"wp","href":"https:\/\/api.w.org\/{rel}","templated":true}]}}