{"id":67443,"date":"2025-12-24T12:58:52","date_gmt":"2025-12-24T11:58:52","guid":{"rendered":"https:\/\/schoenstatt.com\/?p=67443"},"modified":"2025-12-24T13:16:00","modified_gmt":"2025-12-24T12:16:00","slug":"tempo-de-natal-e-o-anseio-pela-salvacao","status":"publish","type":"post","link":"https:\/\/schoenstatt.com\/pt-pt\/tempo-de-natal-e-o-anseio-pela-salvacao\/","title":{"rendered":"Tempo de Natal e o anseio pela salva\u00e7\u00e3o"},"content":{"rendered":"\n<p>Quatro domingos antes do Natal, a liturgia da Igreja nos convida a preparar a vinda do Senhor. \u00c9 Advento em nossas igrejas, em nossas casas, em nossos cora\u00e7\u00f5es. As velas acesas e as luzes anunciam a proximidade da vinda do Salvador. Nesta \u00e9poca, celebra-se tamb\u00e9m a solene festividade lit\u00fargica da Imaculada Concei\u00e7\u00e3o de Maria e, aquilo que pode parecer uma coincid\u00eancia, tem um significado mais profundo nos planos da Provid\u00eancia.<\/p>\n\n\n\n<p>J\u00e1 no artigo sobre esta festa, expressei que, em Schoenstatt, falamos frequentemente sobre o \u201cesp\u00edrito da Imaculada\u201d (<a href=\"https:\/\/schoenstatt.com\/pt-pt\/espirito-da-imaculada-amar-plenamente\/\">leia aqui<\/a>). Com isso queremos dizer que a gra\u00e7a que Maria recebeu \u2013 \u00fanica devido \u00e0 sua posi\u00e7\u00e3o como M\u00e3e de Jesus \u2013 tem, por assim dizer, o poder de criar uma atmosfera na qual podemos aprender a amar. O impulso impar\u00e1vel que gera e cultiva esse esp\u00edrito \u00e9 o anseio. Por isso, o tempo do Natal \u00e9 tamb\u00e9m tempo para cultivar o esp\u00edrito imaculado. O Natal desperta em n\u00f3s o anseio de aprender novamente a amar como Cristo nos ama.<\/p>\n\n\n\n<h3 class=\"wp-block-heading\" id=\"h-o-anseio-nas-palavras-do-padre-kentenich\">O anseio, nas palavras do Padre Kentenich<\/h3>\n\n\n\n<p>Esta manh\u00e3, enquanto realizava uma tarefa, ouvi uma prega\u00e7\u00e3o do Padre Kentenich, na qual ele falava sobre o anseio. Algumas ideias da prega\u00e7\u00e3o me inspiraram, outras n\u00e3o ficaram na minha mem\u00f3ria. Mas, al\u00e9m das palavras, percebi, tamb\u00e9m como parte de sua mensagem, o tom empenhado e caloroso com que ele falava. A prega\u00e7\u00e3o foi proferida em 23 de dezembro de 1962, em Milwaukee (EUA), e foi publicada no volume V da s\u00e9rie \u201cAus dem Glauben leben\u201d (Viver da f\u00e9). Algumas ideias dela:<\/p>\n\n\n\n<p><em>\u201cImagem ideal do anseio. N\u00e3o nos \u00e9 dif\u00edcil imaginar, estar convencidos de que a M\u00e3e de Deus encarnou de maneira \u00fanica o anseio\u2026 pela salva\u00e7\u00e3o, pelo homem redimido. \u2026 A M\u00e3e de Deus est\u00e1 diante de n\u00f3s, sim, \u00e0s portas do Advento, sua imagem foi desenhada como a imagem da Imaculada, ou seja, como a imagem milagrosa do homem plenamente e previamente redimido.\u201d<\/em><\/p>\n\n\n\n<figure class=\"wp-block-image size-full\"><img decoding=\"async\" src=\"https:\/\/schoenstatt.com\/wp-content\/uploads\/2025\/12\/christmas-navidad-2.jpg\" alt=\"\" class=\"wp-image-67431\"\/><\/figure>\n\n\n\n<h3 class=\"wp-block-heading\" id=\"h-anseio-preparando-o-coracao-para-cristo\">Anseio \u2013 Preparando o cora\u00e7\u00e3o para Cristo<\/h3>\n\n\n\n<p>Em sua prega\u00e7\u00e3o, nosso fundador nos convida, em primeiro lugar, a fazer da liturgia a \u201cmestra de nossa vida, inclusive da vida interior\u201d. No Advento, ela nos ajuda a fazer com que \u201cos sentimentos de saudade que ela deseja despertar em nossa alma se tornem cada vez mais fortes, mais \u00edntimos e mais urgentes\u201d.<\/p>\n\n\n\n<p>No entanto, todos sabemos por experi\u00eancia pr\u00f3pria que um cora\u00e7\u00e3o sobrecarregado por afetos destrutivos, como o rancor ou a recusa em recome\u00e7ar, n\u00e3o tem espa\u00e7o para o anseio pelo amor verdadeiro. Sem \u201cespa\u00e7o\u201d interior, sem a tentativa de nos libertarmos do nosso fardo, torna-se realmente dif\u00edcil ansiar por Cristo.<\/p>\n\n\n\n<p>Padre Kentenich comenta: <em>\u201cQuantas liberdades perdemos e qu\u00e3o profundo \u00e9 o nosso anseio! No Natal, o Salvador deveria vir e nos libertar interiormente\u2026 Quanto anseio profundo, quanto anseio solu\u00e7ante, quanto anseio melanc\u00f3lico ressoa aqui!\u201d<\/em> Agora, pergunta-se J. Kentenich, <em>\u201cser\u00e1 que pelo menos na gera\u00e7\u00e3o mais velha ainda existe algo, mesmo que n\u00e3o seja muito, desse anseio? \u2026 Ser\u00e1 que ainda existe em nossa juventude algo desse anseio de ser redimido \u2013 redimido da falta de liberdade espiritual, redimido da escravid\u00e3o ao terreno, redimido do pecado, da vergonha e da mancha?\u201d<\/em><\/p>\n\n\n\n<h3 class=\"wp-block-heading\" id=\"h-como-maria-tornar-se-um-sinal-de-luz\">Como Maria, tornar-se um sinal de luz<\/h3>\n\n\n\n<p><em>\u201cE o que a gra\u00e7a redentora quer fazer de n\u00f3s? Sim, lentamente, lentamente, transformar-nos \u00e0 imagem da querida M\u00e3e de Deus em um sinal luminoso e resplandecente.\u201d<\/em><\/p>\n\n\n\n<p>No tempo do Natal, nosso fundador nos convida a voltar nosso olhar para Maria, que <em>\u201clogo no in\u00edcio do tempo do Advento \u00e9 apresentada como um ideal: um ideal de desejo e um ideal de realiza\u00e7\u00e3o desse desejo\u201d.<\/em><\/p>\n\n\n\n<p><em>\u201cL\u00e1 est\u00e1 ela \u2013 sim, como posso descrever isso resumidamente? \u2013 como um sinal luminoso \u00fanico da salva\u00e7\u00e3o. \u2026 E ent\u00e3o nos damos conta: \u00e9 uma caracter\u00edstica da luz: onde ela atua, transforma tudo ao seu redor em luz. A imagem da querida M\u00e3e de Deus deve brilhar acima de tudo diante de nossos jovens, para que eles se tornem luz da luz, para que se tornem sinais de luz para o seu entorno, sejam eles rapazes ou mo\u00e7as. Que haja luz! \u2013 E quem nos tornar\u00e1 um tal sinal de luz? \u00c9 a gra\u00e7a da salva\u00e7\u00e3o; a gra\u00e7a da salva\u00e7\u00e3o que esperamos no Natal de maneira extraordin\u00e1ria para n\u00f3s, para nossa comunidade e para toda a cristandade, para todo o mundo.&#8221;<\/em><\/p>\n\n\n\n<p>Sim, a prega\u00e7\u00e3o do nosso fundador me fez refletir: o esp\u00edrito do Natal, que se expressa no anseio do nosso cora\u00e7\u00e3o pelo Salvador, \u00e9 um impulso impar\u00e1vel para o esp\u00edrito imaculado que queremos levar ao mundo, para sermos sinais de luz onde estamos. Que todos n\u00f3s recebamos essa gra\u00e7a neste tempo de Natal!<\/p>\n","protected":false},"excerpt":{"rendered":"<p>Desde o Advento, somos instigados a cultivar uma saudade, um anseio profundo pela vinda do Senhor, tendo Maria como modelo e m\u00e3e.<\/p>\n","protected":false},"author":3,"featured_media":67434,"comment_status":"closed","ping_status":"closed","sticky":false,"template":"","format":"standard","meta":{"footnotes":""},"categories":[916],"tags":[939,971],"class_list":["post-67443","post","type-post","status-publish","format-standard","has-post-thumbnail","hentry","category-espiritualidade-pt-pt","tag-advento-pt-pt","tag-natal-pt-pt"],"yoast_head":"<!-- This site is optimized with the Yoast SEO Premium plugin v27.4 (Yoast SEO v27.5) - https:\/\/yoast.com\/product\/yoast-seo-premium-wordpress\/ -->\n<title>Tempo de Natal e o anseio pela salva\u00e7\u00e3o - Schoenstatt<\/title>\n<meta name=\"description\" content=\"Desde o Advento, somos instigados a cultivar uma saudade, um anseio profundo pela vinda do Senhor, tendo Maria como modelo e m\u00e3e.\" \/>\n<meta name=\"robots\" content=\"index, follow, max-snippet:-1, max-image-preview:large, max-video-preview:-1\" \/>\n<link rel=\"canonical\" href=\"https:\/\/schoenstatt.com\/pt-pt\/tempo-de-natal-e-o-anseio-pela-salvacao\/\" \/>\n<meta property=\"og:locale\" content=\"pt_PT\" \/>\n<meta property=\"og:type\" content=\"article\" \/>\n<meta property=\"og:title\" content=\"Tempo de Natal e o anseio pela salva\u00e7\u00e3o\" \/>\n<meta property=\"og:description\" content=\"Desde o Advento, somos instigados a cultivar uma saudade, um anseio profundo pela vinda do Senhor, tendo Maria como modelo e m\u00e3e.\" \/>\n<meta property=\"og:url\" content=\"https:\/\/schoenstatt.com\/pt-pt\/tempo-de-natal-e-o-anseio-pela-salvacao\/\" \/>\n<meta property=\"og:site_name\" content=\"Schoenstatt\" \/>\n<meta property=\"article:published_time\" content=\"2025-12-24T11:58:52+00:00\" \/>\n<meta property=\"article:modified_time\" content=\"2025-12-24T12:16:00+00:00\" \/>\n<meta property=\"og:image\" content=\"https:\/\/schoenstatt.com\/wp-content\/uploads\/2025\/12\/christmas-navidad-2.webp\" \/>\n\t<meta property=\"og:image:width\" content=\"2048\" \/>\n\t<meta property=\"og:image:height\" content=\"1152\" \/>\n\t<meta property=\"og:image:type\" content=\"image\/jpeg\" \/>\n<meta name=\"author\" content=\"Karen Bueno\" \/>\n<meta name=\"twitter:card\" content=\"summary_large_image\" \/>\n<meta name=\"twitter:label1\" content=\"Escrito por\" \/>\n\t<meta name=\"twitter:data1\" content=\"Karen Bueno\" \/>\n\t<meta name=\"twitter:label2\" content=\"Tempo estimado de leitura\" \/>\n\t<meta name=\"twitter:data2\" content=\"5 minutos\" \/>\n<script type=\"application\/ld+json\" class=\"yoast-schema-graph\">{\"@context\":\"https:\\\/\\\/schema.org\",\"@graph\":[{\"@type\":\"Article\",\"@id\":\"https:\\\/\\\/schoenstatt.com\\\/pt-pt\\\/tempo-de-natal-e-o-anseio-pela-salvacao\\\/#article\",\"isPartOf\":{\"@id\":\"https:\\\/\\\/schoenstatt.com\\\/pt-pt\\\/tempo-de-natal-e-o-anseio-pela-salvacao\\\/\"},\"author\":{\"name\":\"Karen Bueno\",\"@id\":\"https:\\\/\\\/schoenstatt.com\\\/pt-pt\\\/#\\\/schema\\\/person\\\/5158877ad4acae98b34daaeef2a1ce6e\"},\"headline\":\"Tempo de Natal e o anseio pela salva\u00e7\u00e3o\",\"datePublished\":\"2025-12-24T11:58:52+00:00\",\"dateModified\":\"2025-12-24T12:16:00+00:00\",\"mainEntityOfPage\":{\"@id\":\"https:\\\/\\\/schoenstatt.com\\\/pt-pt\\\/tempo-de-natal-e-o-anseio-pela-salvacao\\\/\"},\"wordCount\":821,\"publisher\":{\"@id\":\"https:\\\/\\\/schoenstatt.com\\\/pt-pt\\\/#organization\"},\"image\":{\"@id\":\"https:\\\/\\\/schoenstatt.com\\\/pt-pt\\\/tempo-de-natal-e-o-anseio-pela-salvacao\\\/#primaryimage\"},\"thumbnailUrl\":\"https:\\\/\\\/schoenstatt.com\\\/wp-content\\\/uploads\\\/2025\\\/12\\\/christmas-navidad-2.webp\",\"keywords\":[\"Advento\",\"Natal\"],\"articleSection\":[\"Espiritualidade\"],\"inLanguage\":\"pt-PT\"},{\"@type\":\"WebPage\",\"@id\":\"https:\\\/\\\/schoenstatt.com\\\/pt-pt\\\/tempo-de-natal-e-o-anseio-pela-salvacao\\\/\",\"url\":\"https:\\\/\\\/schoenstatt.com\\\/pt-pt\\\/tempo-de-natal-e-o-anseio-pela-salvacao\\\/\",\"name\":\"Tempo de Natal e o anseio pela salva\u00e7\u00e3o - Schoenstatt\",\"isPartOf\":{\"@id\":\"https:\\\/\\\/schoenstatt.com\\\/pt-pt\\\/#website\"},\"primaryImageOfPage\":{\"@id\":\"https:\\\/\\\/schoenstatt.com\\\/pt-pt\\\/tempo-de-natal-e-o-anseio-pela-salvacao\\\/#primaryimage\"},\"image\":{\"@id\":\"https:\\\/\\\/schoenstatt.com\\\/pt-pt\\\/tempo-de-natal-e-o-anseio-pela-salvacao\\\/#primaryimage\"},\"thumbnailUrl\":\"https:\\\/\\\/schoenstatt.com\\\/wp-content\\\/uploads\\\/2025\\\/12\\\/christmas-navidad-2.webp\",\"datePublished\":\"2025-12-24T11:58:52+00:00\",\"dateModified\":\"2025-12-24T12:16:00+00:00\",\"description\":\"Desde o Advento, somos instigados a cultivar uma saudade, um anseio profundo pela vinda do Senhor, tendo Maria como modelo e m\u00e3e.\",\"breadcrumb\":{\"@id\":\"https:\\\/\\\/schoenstatt.com\\\/pt-pt\\\/tempo-de-natal-e-o-anseio-pela-salvacao\\\/#breadcrumb\"},\"inLanguage\":\"pt-PT\",\"potentialAction\":[{\"@type\":\"ReadAction\",\"target\":[\"https:\\\/\\\/schoenstatt.com\\\/pt-pt\\\/tempo-de-natal-e-o-anseio-pela-salvacao\\\/\"]}]},{\"@type\":\"ImageObject\",\"inLanguage\":\"pt-PT\",\"@id\":\"https:\\\/\\\/schoenstatt.com\\\/pt-pt\\\/tempo-de-natal-e-o-anseio-pela-salvacao\\\/#primaryimage\",\"url\":\"https:\\\/\\\/schoenstatt.com\\\/wp-content\\\/uploads\\\/2025\\\/12\\\/christmas-navidad-2.webp\",\"contentUrl\":\"https:\\\/\\\/schoenstatt.com\\\/wp-content\\\/uploads\\\/2025\\\/12\\\/christmas-navidad-2.webp\",\"width\":2048,\"height\":1152},{\"@type\":\"BreadcrumbList\",\"@id\":\"https:\\\/\\\/schoenstatt.com\\\/pt-pt\\\/tempo-de-natal-e-o-anseio-pela-salvacao\\\/#breadcrumb\",\"itemListElement\":[{\"@type\":\"ListItem\",\"position\":1,\"name\":\"Portada\",\"item\":\"https:\\\/\\\/schoenstatt.com\\\/pt-pt\\\/home\\\/\"},{\"@type\":\"ListItem\",\"position\":2,\"name\":\"Tempo de Natal e o anseio pela salva\u00e7\u00e3o\"}]},{\"@type\":\"WebSite\",\"@id\":\"https:\\\/\\\/schoenstatt.com\\\/pt-pt\\\/#website\",\"url\":\"https:\\\/\\\/schoenstatt.com\\\/pt-pt\\\/\",\"name\":\"Schoenstatt\",\"description\":\"Apostolic Movement\",\"publisher\":{\"@id\":\"https:\\\/\\\/schoenstatt.com\\\/pt-pt\\\/#organization\"},\"potentialAction\":[{\"@type\":\"SearchAction\",\"target\":{\"@type\":\"EntryPoint\",\"urlTemplate\":\"https:\\\/\\\/schoenstatt.com\\\/pt-pt\\\/?s={search_term_string}\"},\"query-input\":{\"@type\":\"PropertyValueSpecification\",\"valueRequired\":true,\"valueName\":\"search_term_string\"}}],\"inLanguage\":\"pt-PT\"},{\"@type\":\"Organization\",\"@id\":\"https:\\\/\\\/schoenstatt.com\\\/pt-pt\\\/#organization\",\"name\":\"Schoenstatt\",\"url\":\"https:\\\/\\\/schoenstatt.com\\\/pt-pt\\\/\",\"logo\":{\"@type\":\"ImageObject\",\"inLanguage\":\"pt-PT\",\"@id\":\"https:\\\/\\\/schoenstatt.com\\\/pt-pt\\\/#\\\/schema\\\/logo\\\/image\\\/\",\"url\":\"https:\\\/\\\/schoenstatt.com\\\/wp-content\\\/uploads\\\/2025\\\/04\\\/logo-schoenstatt-white-696x696-1.png\",\"contentUrl\":\"https:\\\/\\\/schoenstatt.com\\\/wp-content\\\/uploads\\\/2025\\\/04\\\/logo-schoenstatt-white-696x696-1.png\",\"width\":696,\"height\":694,\"caption\":\"Schoenstatt\"},\"image\":{\"@id\":\"https:\\\/\\\/schoenstatt.com\\\/pt-pt\\\/#\\\/schema\\\/logo\\\/image\\\/\"}},{\"@type\":\"Person\",\"@id\":\"https:\\\/\\\/schoenstatt.com\\\/pt-pt\\\/#\\\/schema\\\/person\\\/5158877ad4acae98b34daaeef2a1ce6e\",\"name\":\"Karen Bueno\",\"image\":{\"@type\":\"ImageObject\",\"inLanguage\":\"pt-PT\",\"@id\":\"https:\\\/\\\/secure.gravatar.com\\\/avatar\\\/f9f4b823873154269d2b2130f195f6d41037dd0d7fc5f3cacb5c846bae70d66b?s=96&d=mm&r=g\",\"url\":\"https:\\\/\\\/secure.gravatar.com\\\/avatar\\\/f9f4b823873154269d2b2130f195f6d41037dd0d7fc5f3cacb5c846bae70d66b?s=96&d=mm&r=g\",\"contentUrl\":\"https:\\\/\\\/secure.gravatar.com\\\/avatar\\\/f9f4b823873154269d2b2130f195f6d41037dd0d7fc5f3cacb5c846bae70d66b?s=96&d=mm&r=g\",\"caption\":\"Karen Bueno\"},\"url\":\"https:\\\/\\\/schoenstatt.com\\\/pt-pt\\\/author\\\/karen-bueno\\\/\"}]}<\/script>\n<!-- \/ Yoast SEO Premium plugin. -->","yoast_head_json":{"title":"Tempo de Natal e o anseio pela salva\u00e7\u00e3o - Schoenstatt","description":"Desde o Advento, somos instigados a cultivar uma saudade, um anseio profundo pela vinda do Senhor, tendo Maria como modelo e m\u00e3e.","robots":{"index":"index","follow":"follow","max-snippet":"max-snippet:-1","max-image-preview":"max-image-preview:large","max-video-preview":"max-video-preview:-1"},"canonical":"https:\/\/schoenstatt.com\/pt-pt\/tempo-de-natal-e-o-anseio-pela-salvacao\/","og_locale":"pt_PT","og_type":"article","og_title":"Tempo de Natal e o anseio pela salva\u00e7\u00e3o","og_description":"Desde o Advento, somos instigados a cultivar uma saudade, um anseio profundo pela vinda do Senhor, tendo Maria como modelo e m\u00e3e.","og_url":"https:\/\/schoenstatt.com\/pt-pt\/tempo-de-natal-e-o-anseio-pela-salvacao\/","og_site_name":"Schoenstatt","article_published_time":"2025-12-24T11:58:52+00:00","article_modified_time":"2025-12-24T12:16:00+00:00","og_image":[{"width":2048,"height":1152,"url":"https:\/\/schoenstatt.com\/wp-content\/uploads\/2025\/12\/christmas-navidad-2.webp","type":"image\/jpeg"}],"author":"Karen Bueno","twitter_card":"summary_large_image","twitter_misc":{"Escrito por":"Karen Bueno","Tempo estimado de leitura":"5 minutos"},"schema":{"@context":"https:\/\/schema.org","@graph":[{"@type":"Article","@id":"https:\/\/schoenstatt.com\/pt-pt\/tempo-de-natal-e-o-anseio-pela-salvacao\/#article","isPartOf":{"@id":"https:\/\/schoenstatt.com\/pt-pt\/tempo-de-natal-e-o-anseio-pela-salvacao\/"},"author":{"name":"Karen Bueno","@id":"https:\/\/schoenstatt.com\/pt-pt\/#\/schema\/person\/5158877ad4acae98b34daaeef2a1ce6e"},"headline":"Tempo de Natal e o anseio pela salva\u00e7\u00e3o","datePublished":"2025-12-24T11:58:52+00:00","dateModified":"2025-12-24T12:16:00+00:00","mainEntityOfPage":{"@id":"https:\/\/schoenstatt.com\/pt-pt\/tempo-de-natal-e-o-anseio-pela-salvacao\/"},"wordCount":821,"publisher":{"@id":"https:\/\/schoenstatt.com\/pt-pt\/#organization"},"image":{"@id":"https:\/\/schoenstatt.com\/pt-pt\/tempo-de-natal-e-o-anseio-pela-salvacao\/#primaryimage"},"thumbnailUrl":"https:\/\/schoenstatt.com\/wp-content\/uploads\/2025\/12\/christmas-navidad-2.webp","keywords":["Advento","Natal"],"articleSection":["Espiritualidade"],"inLanguage":"pt-PT"},{"@type":"WebPage","@id":"https:\/\/schoenstatt.com\/pt-pt\/tempo-de-natal-e-o-anseio-pela-salvacao\/","url":"https:\/\/schoenstatt.com\/pt-pt\/tempo-de-natal-e-o-anseio-pela-salvacao\/","name":"Tempo de Natal e o anseio pela salva\u00e7\u00e3o - Schoenstatt","isPartOf":{"@id":"https:\/\/schoenstatt.com\/pt-pt\/#website"},"primaryImageOfPage":{"@id":"https:\/\/schoenstatt.com\/pt-pt\/tempo-de-natal-e-o-anseio-pela-salvacao\/#primaryimage"},"image":{"@id":"https:\/\/schoenstatt.com\/pt-pt\/tempo-de-natal-e-o-anseio-pela-salvacao\/#primaryimage"},"thumbnailUrl":"https:\/\/schoenstatt.com\/wp-content\/uploads\/2025\/12\/christmas-navidad-2.webp","datePublished":"2025-12-24T11:58:52+00:00","dateModified":"2025-12-24T12:16:00+00:00","description":"Desde o Advento, somos instigados a cultivar uma saudade, um anseio profundo pela vinda do Senhor, tendo Maria como modelo e m\u00e3e.","breadcrumb":{"@id":"https:\/\/schoenstatt.com\/pt-pt\/tempo-de-natal-e-o-anseio-pela-salvacao\/#breadcrumb"},"inLanguage":"pt-PT","potentialAction":[{"@type":"ReadAction","target":["https:\/\/schoenstatt.com\/pt-pt\/tempo-de-natal-e-o-anseio-pela-salvacao\/"]}]},{"@type":"ImageObject","inLanguage":"pt-PT","@id":"https:\/\/schoenstatt.com\/pt-pt\/tempo-de-natal-e-o-anseio-pela-salvacao\/#primaryimage","url":"https:\/\/schoenstatt.com\/wp-content\/uploads\/2025\/12\/christmas-navidad-2.webp","contentUrl":"https:\/\/schoenstatt.com\/wp-content\/uploads\/2025\/12\/christmas-navidad-2.webp","width":2048,"height":1152},{"@type":"BreadcrumbList","@id":"https:\/\/schoenstatt.com\/pt-pt\/tempo-de-natal-e-o-anseio-pela-salvacao\/#breadcrumb","itemListElement":[{"@type":"ListItem","position":1,"name":"Portada","item":"https:\/\/schoenstatt.com\/pt-pt\/home\/"},{"@type":"ListItem","position":2,"name":"Tempo de Natal e o anseio pela salva\u00e7\u00e3o"}]},{"@type":"WebSite","@id":"https:\/\/schoenstatt.com\/pt-pt\/#website","url":"https:\/\/schoenstatt.com\/pt-pt\/","name":"Schoenstatt","description":"Apostolic Movement","publisher":{"@id":"https:\/\/schoenstatt.com\/pt-pt\/#organization"},"potentialAction":[{"@type":"SearchAction","target":{"@type":"EntryPoint","urlTemplate":"https:\/\/schoenstatt.com\/pt-pt\/?s={search_term_string}"},"query-input":{"@type":"PropertyValueSpecification","valueRequired":true,"valueName":"search_term_string"}}],"inLanguage":"pt-PT"},{"@type":"Organization","@id":"https:\/\/schoenstatt.com\/pt-pt\/#organization","name":"Schoenstatt","url":"https:\/\/schoenstatt.com\/pt-pt\/","logo":{"@type":"ImageObject","inLanguage":"pt-PT","@id":"https:\/\/schoenstatt.com\/pt-pt\/#\/schema\/logo\/image\/","url":"https:\/\/schoenstatt.com\/wp-content\/uploads\/2025\/04\/logo-schoenstatt-white-696x696-1.png","contentUrl":"https:\/\/schoenstatt.com\/wp-content\/uploads\/2025\/04\/logo-schoenstatt-white-696x696-1.png","width":696,"height":694,"caption":"Schoenstatt"},"image":{"@id":"https:\/\/schoenstatt.com\/pt-pt\/#\/schema\/logo\/image\/"}},{"@type":"Person","@id":"https:\/\/schoenstatt.com\/pt-pt\/#\/schema\/person\/5158877ad4acae98b34daaeef2a1ce6e","name":"Karen Bueno","image":{"@type":"ImageObject","inLanguage":"pt-PT","@id":"https:\/\/secure.gravatar.com\/avatar\/f9f4b823873154269d2b2130f195f6d41037dd0d7fc5f3cacb5c846bae70d66b?s=96&d=mm&r=g","url":"https:\/\/secure.gravatar.com\/avatar\/f9f4b823873154269d2b2130f195f6d41037dd0d7fc5f3cacb5c846bae70d66b?s=96&d=mm&r=g","contentUrl":"https:\/\/secure.gravatar.com\/avatar\/f9f4b823873154269d2b2130f195f6d41037dd0d7fc5f3cacb5c846bae70d66b?s=96&d=mm&r=g","caption":"Karen Bueno"},"url":"https:\/\/schoenstatt.com\/pt-pt\/author\/karen-bueno\/"}]}},"_links":{"self":[{"href":"https:\/\/schoenstatt.com\/pt-pt\/wp-json\/wp\/v2\/posts\/67443","targetHints":{"allow":["GET"]}}],"collection":[{"href":"https:\/\/schoenstatt.com\/pt-pt\/wp-json\/wp\/v2\/posts"}],"about":[{"href":"https:\/\/schoenstatt.com\/pt-pt\/wp-json\/wp\/v2\/types\/post"}],"author":[{"embeddable":true,"href":"https:\/\/schoenstatt.com\/pt-pt\/wp-json\/wp\/v2\/users\/3"}],"replies":[{"embeddable":true,"href":"https:\/\/schoenstatt.com\/pt-pt\/wp-json\/wp\/v2\/comments?post=67443"}],"version-history":[{"count":3,"href":"https:\/\/schoenstatt.com\/pt-pt\/wp-json\/wp\/v2\/posts\/67443\/revisions"}],"predecessor-version":[{"id":67446,"href":"https:\/\/schoenstatt.com\/pt-pt\/wp-json\/wp\/v2\/posts\/67443\/revisions\/67446"}],"wp:featuredmedia":[{"embeddable":true,"href":"https:\/\/schoenstatt.com\/pt-pt\/wp-json\/wp\/v2\/media\/67434"}],"wp:attachment":[{"href":"https:\/\/schoenstatt.com\/pt-pt\/wp-json\/wp\/v2\/media?parent=67443"}],"wp:term":[{"taxonomy":"category","embeddable":true,"href":"https:\/\/schoenstatt.com\/pt-pt\/wp-json\/wp\/v2\/categories?post=67443"},{"taxonomy":"post_tag","embeddable":true,"href":"https:\/\/schoenstatt.com\/pt-pt\/wp-json\/wp\/v2\/tags?post=67443"}],"curies":[{"name":"wp","href":"https:\/\/api.w.org\/{rel}","templated":true}]}}