{"id":67289,"date":"2025-12-19T14:01:47","date_gmt":"2025-12-19T13:01:47","guid":{"rendered":"https:\/\/schoenstatt.com\/?p=67289"},"modified":"2026-01-26T20:19:55","modified_gmt":"2026-01-26T19:19:55","slug":"presidencia-geral-schoenstatt-para-a-igreja-das-novas-margens","status":"publish","type":"post","link":"https:\/\/schoenstatt.com\/pt-pt\/presidencia-geral-schoenstatt-para-a-igreja-das-novas-margens\/","title":{"rendered":"Presid\u00eancia Geral: Schoenstatt para a Igreja das novas margens"},"content":{"rendered":"\n<p>Este ano comemoramos os 60 anos do IV Marco Hist\u00f3rico da Fam\u00edlia de Schoenstatt. Em 24 de dezembro de 1965, nosso fundador, Pe. Jos\u00e9 Kentenich, retornou a Schoenstatt ap\u00f3s 14 anos de ex\u00edlio. Dois dias antes, ele prometeu ao Papa Paulo VI que sua Fam\u00edlia de Schoenstatt ajudaria a apoiar a miss\u00e3o p\u00f3s-conciliar da Igreja. <strong>Para comemorar o jubileu e pedir a Deus que nos mostrasse novos caminhos para cumprir essa promessa, o Pe. Alexandre Awi Mello, em nome da Presid\u00eancia Geral, convidou todos para uma Santa Missa na Igreja da Adora\u00e7\u00e3o, celebrada no dia 17 de dezembro.<\/strong><\/p>\n\n\n\n<figure class=\"wp-block-image aligncenter size-full\"><img decoding=\"async\" src=\"https:\/\/schoenstatt.com\/wp-content\/uploads\/2025\/12\/General-Presidium-P-Alexandre.webp\" alt=\"\" class=\"wp-image-67290\"\/><figcaption class=\"wp-element-caption\">A Santa Missa foi celebrada pelas comunidades de Schoenstatt e pela Presid\u00eancia Internacional.<\/figcaption><\/figure>\n\n\n\n<h3 class=\"wp-block-heading\" id=\"h-desafio-no-presente-e-luz-para-o-futuro\">Desafio no presente e luz para o futuro<\/h3>\n\n\n\n<p>O Pe. Alexandre, como presidente da celebra\u00e7\u00e3o, deu as boas-vindas aos membros presentes da Presid\u00eancia Geral de Schoenstatt e das diferentes comunidades do Movimento. Ele descreveu o IV Marco Hist\u00f3rico como um acontecimento que n\u00e3o pertence apenas ao passado, mas que nos desafia no presente e ilumina o nosso futuro. Ele nos lembrou que Schoenstatt n\u00e3o existe para si mesmo, mas que \u00e9 um instrumento de Deus para a Igreja nos tempos atuais.<\/p>\n\n\n\n<h3 class=\"wp-block-heading\" id=\"h-pela-realizacao-do-concilio-vaticano-ii\">Pela realiza\u00e7\u00e3o do Conc\u00edlio Vaticano II<\/h3>\n\n\n\n<p>Em sua homilia, o Dr. Christian L\u00f6hr, reitor geral do Instituto de Sacerdotes Diocesanos de Schoenstatt, aborda as leituras do Advento e, a partir delas, estabelece uma ponte com os marcos da hist\u00f3ria de Schoenstatt. O Pe. Kentenich definiu os quatro marcos como eventos fundamentais que, al\u00e9m de seu significado hist\u00f3rico, tamb\u00e9m t\u00eam relev\u00e2ncia para o crescimento interior do Movimento de Schoenstatt.<\/p>\n\n\n\n<p>O IV Marco diz respeito principalmente \u00e0 posi\u00e7\u00e3o de Schoenstatt dentro da Igreja e do mundo moderno. Schoenstatt assumiu a tarefa especial de formar a \u201cIgreja das novas margens\u201d e de se empenhar pela realiza\u00e7\u00e3o do Conc\u00edlio Vaticano II. O Dr. L\u00f6hr aborda brevemente os diferentes acontecimentos que fazem parte do IV Marco e cita as palavras do Pe. Kentenich, que, em tom coloquial (em 31\/12\/1965), relatou sua promessa feita ao Papa Paulo VI na audi\u00eancia particular (de 22\/12\/1965):<\/p>\n\n\n\n<figure class=\"wp-block-pullquote has-medium-font-size\" style=\"border-top-color:var(--wp--preset--color--luminous-vivid-orange);border-top-style:solid;border-top-width:1px;border-bottom-color:var(--wp--preset--color--luminous-vivid-orange);border-bottom-style:solid;border-bottom-width:1px;font-style:italic;font-weight:300\"><blockquote><p>\u201cNos \u00faltimos dias, tive a oportunidade de lhes dizer, ora desta forma, ora daquela, o que prometi ao Santo Padre por ocasi\u00e3o da audi\u00eancia inesperada: n\u00f3s, como Fam\u00edlia (\u2026), queremos nos esfor\u00e7ar, com todos os meios, para ajudar o Papa na (realiza\u00e7\u00e3o da) miss\u00e3o p\u00f3s-conciliar da Igreja. Assim, a express\u00e3o \u2018dilexit ecclesiam\u2019 receber\u00e1 um significado profundo e marcante: Dilexit ecclesiam! Schoenstatt dilexit ecclesiam. O amor \u00e0 Igreja nos impulsiona a apoiar a miss\u00e3o p\u00f3s-conciliar da Igreja da forma mais completa poss\u00edvel e em todos os sentidos.\u201d<\/p><\/blockquote><\/figure>\n\n\n\n<figure class=\"wp-block-image aligncenter size-full\"><img decoding=\"async\" src=\"https:\/\/schoenstatt.com\/wp-content\/uploads\/2025\/12\/General-Presidium.webp\" alt=\"\" class=\"wp-image-67295\"\/><\/figure>\n\n\n\n<h3 class=\"wp-block-heading\" id=\"h-com-maria-rumo-aos-novos-tempos\">Com Maria rumo aos novos tempos<\/h3>\n\n\n\n<p>Enquanto cantamos a m\u00fasica final \u201cBreit um uns deinen Mantel\u201d (&#8220;\u00d3 Virgem Protetora&#8221;, na vers\u00e3o em portugu\u00eas) em diferentes idiomas, a Presid\u00eancia Geral se reuniu no t\u00famulo do Pe. Kentenich para agradecer-lhe por sua fidelidade inabal\u00e1vel ao plano de Deus e \u00e0 sua miss\u00e3o. Os membros se colocaram novamente \u00e0 disposi\u00e7\u00e3o para sua miss\u00e3o e repetiram com confian\u00e7a: \u201cCom Maria, cheios de esperan\u00e7a e certos da vit\u00f3ria, rumo aos tempos nov\u00edssimos!\u201d<\/p>\n\n\n\n<h3 class=\"wp-block-heading\" id=\"h-um-dia-de-encontro-e-de-agradecimentos\">Um dia de encontro e de agradecimentos<\/h3>\n\n\n\n<p>Para os membros da Presid\u00eancia Geral, seguiu-se um dia repleto de reuni\u00f5es no centro de confer\u00eancias Marienland. Os membros que n\u00e3o puderam estar presentes em Schoenstatt tamb\u00e9m participam virtualmente. \u00c0 noite, durante um alegre encontro na cafeteria, dois membros se despediram do c\u00edrculo, com palavras de sincero agradecimento: a Dra. Gertrud Pollak, at\u00e9 ent\u00e3o Superiora Geral das Senhoras de Schoenstatt, e o Dr. Christian L\u00f6hr.<\/p>\n\n\n\n<figure class=\"wp-block-image aligncenter size-full\"><img fetchpriority=\"high\" decoding=\"async\" width=\"2048\" height=\"1152\" src=\"https:\/\/schoenstatt.com\/wp-content\/uploads\/2025\/12\/General-Presidium-2.jpeg\" alt=\"\" class=\"wp-image-67300\" srcset=\"https:\/\/schoenstatt.com\/wp-content\/uploads\/2025\/12\/General-Presidium-2.jpeg 2048w, https:\/\/schoenstatt.com\/wp-content\/uploads\/2025\/12\/General-Presidium-2-768x432.jpeg 768w, https:\/\/schoenstatt.com\/wp-content\/uploads\/2025\/12\/General-Presidium-2-1536x864.jpeg 1536w\" sizes=\"(max-width: 2048px) 100vw, 2048px\" \/><\/figure>\n","protected":false},"excerpt":{"rendered":"<p>A Presid\u00eancia Geral de Schoenstatt convidou todos para uma Santa Missa na Igreja da Adora\u00e7\u00e3o, celebrando o IV Marco Hist\u00f3rico.<\/p>\n","protected":false},"author":3,"featured_media":67295,"comment_status":"closed","ping_status":"closed","sticky":false,"template":"","format":"standard","meta":{"footnotes":""},"categories":[636],"tags":[1024],"class_list":["post-67289","post","type-post","status-publish","format-standard","has-post-thumbnail","hentry","category-eventos-pt-pt","tag-presidencia-geral-pt-pt"],"yoast_head":"<!-- This site is optimized with the Yoast SEO Premium plugin v27.4 (Yoast SEO v27.4) - https:\/\/yoast.com\/product\/yoast-seo-premium-wordpress\/ -->\n<title>Presid\u00eancia Geral: Schoenstatt para a Igreja das novas margens - Schoenstatt<\/title>\n<meta name=\"description\" content=\"A Presid\u00eancia Geral de Schoenstatt convidou todos para uma Santa Missa na Igreja da Adora\u00e7\u00e3o, celebrando o IV Marco Hist\u00f3rico.\" \/>\n<meta name=\"robots\" content=\"index, follow, max-snippet:-1, max-image-preview:large, max-video-preview:-1\" \/>\n<link rel=\"canonical\" href=\"https:\/\/schoenstatt.com\/pt-pt\/presidencia-geral-schoenstatt-para-a-igreja-das-novas-margens\/\" \/>\n<meta property=\"og:locale\" content=\"pt_PT\" \/>\n<meta property=\"og:type\" content=\"article\" \/>\n<meta property=\"og:title\" content=\"Presid\u00eancia Geral: Schoenstatt para a Igreja das novas margens\" \/>\n<meta property=\"og:description\" content=\"A Presid\u00eancia Geral de Schoenstatt convidou todos para uma Santa Missa na Igreja da Adora\u00e7\u00e3o, celebrando o IV Marco Hist\u00f3rico.\" \/>\n<meta property=\"og:url\" content=\"https:\/\/schoenstatt.com\/pt-pt\/presidencia-geral-schoenstatt-para-a-igreja-das-novas-margens\/\" \/>\n<meta property=\"og:site_name\" content=\"Schoenstatt\" \/>\n<meta property=\"article:published_time\" content=\"2025-12-19T13:01:47+00:00\" \/>\n<meta property=\"article:modified_time\" content=\"2026-01-26T19:19:55+00:00\" \/>\n<meta property=\"og:image\" content=\"https:\/\/schoenstatt.com\/wp-content\/uploads\/2025\/12\/General-Presidium.jpg\" \/>\n\t<meta property=\"og:image:width\" content=\"2048\" \/>\n\t<meta property=\"og:image:height\" content=\"1053\" \/>\n\t<meta property=\"og:image:type\" content=\"image\/jpeg\" \/>\n<meta name=\"author\" content=\"Karen Bueno\" \/>\n<meta name=\"twitter:card\" content=\"summary_large_image\" \/>\n<meta name=\"twitter:label1\" content=\"Escrito por\" \/>\n\t<meta name=\"twitter:data1\" content=\"Karen Bueno\" \/>\n\t<meta name=\"twitter:label2\" content=\"Tempo estimado de leitura\" \/>\n\t<meta name=\"twitter:data2\" content=\"4 minutos\" \/>\n<script type=\"application\/ld+json\" class=\"yoast-schema-graph\">{\"@context\":\"https:\\\/\\\/schema.org\",\"@graph\":[{\"@type\":\"Article\",\"@id\":\"https:\\\/\\\/schoenstatt.com\\\/pt-pt\\\/presidencia-geral-schoenstatt-para-a-igreja-das-novas-margens\\\/#article\",\"isPartOf\":{\"@id\":\"https:\\\/\\\/schoenstatt.com\\\/pt-pt\\\/presidencia-geral-schoenstatt-para-a-igreja-das-novas-margens\\\/\"},\"author\":{\"name\":\"Karen Bueno\",\"@id\":\"https:\\\/\\\/schoenstatt.com\\\/pt-pt\\\/#\\\/schema\\\/person\\\/5158877ad4acae98b34daaeef2a1ce6e\"},\"headline\":\"Presid\u00eancia Geral: Schoenstatt para a Igreja das novas margens\",\"datePublished\":\"2025-12-19T13:01:47+00:00\",\"dateModified\":\"2026-01-26T19:19:55+00:00\",\"mainEntityOfPage\":{\"@id\":\"https:\\\/\\\/schoenstatt.com\\\/pt-pt\\\/presidencia-geral-schoenstatt-para-a-igreja-das-novas-margens\\\/\"},\"wordCount\":631,\"publisher\":{\"@id\":\"https:\\\/\\\/schoenstatt.com\\\/pt-pt\\\/#organization\"},\"image\":{\"@id\":\"https:\\\/\\\/schoenstatt.com\\\/pt-pt\\\/presidencia-geral-schoenstatt-para-a-igreja-das-novas-margens\\\/#primaryimage\"},\"thumbnailUrl\":\"https:\\\/\\\/schoenstatt.com\\\/wp-content\\\/uploads\\\/2025\\\/12\\\/General-Presidium.jpg\",\"keywords\":[\"Presid\u00eancia Geral\"],\"articleSection\":[\"Eventos\"],\"inLanguage\":\"pt-PT\"},{\"@type\":\"WebPage\",\"@id\":\"https:\\\/\\\/schoenstatt.com\\\/pt-pt\\\/presidencia-geral-schoenstatt-para-a-igreja-das-novas-margens\\\/\",\"url\":\"https:\\\/\\\/schoenstatt.com\\\/pt-pt\\\/presidencia-geral-schoenstatt-para-a-igreja-das-novas-margens\\\/\",\"name\":\"Presid\u00eancia Geral: Schoenstatt para a Igreja das novas margens - Schoenstatt\",\"isPartOf\":{\"@id\":\"https:\\\/\\\/schoenstatt.com\\\/pt-pt\\\/#website\"},\"primaryImageOfPage\":{\"@id\":\"https:\\\/\\\/schoenstatt.com\\\/pt-pt\\\/presidencia-geral-schoenstatt-para-a-igreja-das-novas-margens\\\/#primaryimage\"},\"image\":{\"@id\":\"https:\\\/\\\/schoenstatt.com\\\/pt-pt\\\/presidencia-geral-schoenstatt-para-a-igreja-das-novas-margens\\\/#primaryimage\"},\"thumbnailUrl\":\"https:\\\/\\\/schoenstatt.com\\\/wp-content\\\/uploads\\\/2025\\\/12\\\/General-Presidium.jpg\",\"datePublished\":\"2025-12-19T13:01:47+00:00\",\"dateModified\":\"2026-01-26T19:19:55+00:00\",\"description\":\"A Presid\u00eancia Geral de Schoenstatt convidou todos para uma Santa Missa na Igreja da Adora\u00e7\u00e3o, celebrando o IV Marco Hist\u00f3rico.\",\"breadcrumb\":{\"@id\":\"https:\\\/\\\/schoenstatt.com\\\/pt-pt\\\/presidencia-geral-schoenstatt-para-a-igreja-das-novas-margens\\\/#breadcrumb\"},\"inLanguage\":\"pt-PT\",\"potentialAction\":[{\"@type\":\"ReadAction\",\"target\":[\"https:\\\/\\\/schoenstatt.com\\\/pt-pt\\\/presidencia-geral-schoenstatt-para-a-igreja-das-novas-margens\\\/\"]}]},{\"@type\":\"ImageObject\",\"inLanguage\":\"pt-PT\",\"@id\":\"https:\\\/\\\/schoenstatt.com\\\/pt-pt\\\/presidencia-geral-schoenstatt-para-a-igreja-das-novas-margens\\\/#primaryimage\",\"url\":\"https:\\\/\\\/schoenstatt.com\\\/wp-content\\\/uploads\\\/2025\\\/12\\\/General-Presidium.jpg\",\"contentUrl\":\"https:\\\/\\\/schoenstatt.com\\\/wp-content\\\/uploads\\\/2025\\\/12\\\/General-Presidium.jpg\",\"width\":2048,\"height\":1053},{\"@type\":\"BreadcrumbList\",\"@id\":\"https:\\\/\\\/schoenstatt.com\\\/pt-pt\\\/presidencia-geral-schoenstatt-para-a-igreja-das-novas-margens\\\/#breadcrumb\",\"itemListElement\":[{\"@type\":\"ListItem\",\"position\":1,\"name\":\"Portada\",\"item\":\"https:\\\/\\\/schoenstatt.com\\\/pt-pt\\\/home\\\/\"},{\"@type\":\"ListItem\",\"position\":2,\"name\":\"Presid\u00eancia Geral: Schoenstatt para a Igreja das novas margens\"}]},{\"@type\":\"WebSite\",\"@id\":\"https:\\\/\\\/schoenstatt.com\\\/pt-pt\\\/#website\",\"url\":\"https:\\\/\\\/schoenstatt.com\\\/pt-pt\\\/\",\"name\":\"Schoenstatt\",\"description\":\"Apostolic Movement\",\"publisher\":{\"@id\":\"https:\\\/\\\/schoenstatt.com\\\/pt-pt\\\/#organization\"},\"potentialAction\":[{\"@type\":\"SearchAction\",\"target\":{\"@type\":\"EntryPoint\",\"urlTemplate\":\"https:\\\/\\\/schoenstatt.com\\\/pt-pt\\\/?s={search_term_string}\"},\"query-input\":{\"@type\":\"PropertyValueSpecification\",\"valueRequired\":true,\"valueName\":\"search_term_string\"}}],\"inLanguage\":\"pt-PT\"},{\"@type\":\"Organization\",\"@id\":\"https:\\\/\\\/schoenstatt.com\\\/pt-pt\\\/#organization\",\"name\":\"Schoenstatt\",\"url\":\"https:\\\/\\\/schoenstatt.com\\\/pt-pt\\\/\",\"logo\":{\"@type\":\"ImageObject\",\"inLanguage\":\"pt-PT\",\"@id\":\"https:\\\/\\\/schoenstatt.com\\\/pt-pt\\\/#\\\/schema\\\/logo\\\/image\\\/\",\"url\":\"https:\\\/\\\/schoenstatt.com\\\/wp-content\\\/uploads\\\/2025\\\/04\\\/logo-schoenstatt-white-696x696-1.png\",\"contentUrl\":\"https:\\\/\\\/schoenstatt.com\\\/wp-content\\\/uploads\\\/2025\\\/04\\\/logo-schoenstatt-white-696x696-1.png\",\"width\":696,\"height\":694,\"caption\":\"Schoenstatt\"},\"image\":{\"@id\":\"https:\\\/\\\/schoenstatt.com\\\/pt-pt\\\/#\\\/schema\\\/logo\\\/image\\\/\"}},{\"@type\":\"Person\",\"@id\":\"https:\\\/\\\/schoenstatt.com\\\/pt-pt\\\/#\\\/schema\\\/person\\\/5158877ad4acae98b34daaeef2a1ce6e\",\"name\":\"Karen Bueno\",\"image\":{\"@type\":\"ImageObject\",\"inLanguage\":\"pt-PT\",\"@id\":\"https:\\\/\\\/secure.gravatar.com\\\/avatar\\\/f9f4b823873154269d2b2130f195f6d41037dd0d7fc5f3cacb5c846bae70d66b?s=96&d=mm&r=g\",\"url\":\"https:\\\/\\\/secure.gravatar.com\\\/avatar\\\/f9f4b823873154269d2b2130f195f6d41037dd0d7fc5f3cacb5c846bae70d66b?s=96&d=mm&r=g\",\"contentUrl\":\"https:\\\/\\\/secure.gravatar.com\\\/avatar\\\/f9f4b823873154269d2b2130f195f6d41037dd0d7fc5f3cacb5c846bae70d66b?s=96&d=mm&r=g\",\"caption\":\"Karen Bueno\"},\"url\":\"https:\\\/\\\/schoenstatt.com\\\/pt-pt\\\/author\\\/karen-bueno\\\/\"}]}<\/script>\n<!-- \/ Yoast SEO Premium plugin. -->","yoast_head_json":{"title":"Presid\u00eancia Geral: Schoenstatt para a Igreja das novas margens - Schoenstatt","description":"A Presid\u00eancia Geral de Schoenstatt convidou todos para uma Santa Missa na Igreja da Adora\u00e7\u00e3o, celebrando o IV Marco Hist\u00f3rico.","robots":{"index":"index","follow":"follow","max-snippet":"max-snippet:-1","max-image-preview":"max-image-preview:large","max-video-preview":"max-video-preview:-1"},"canonical":"https:\/\/schoenstatt.com\/pt-pt\/presidencia-geral-schoenstatt-para-a-igreja-das-novas-margens\/","og_locale":"pt_PT","og_type":"article","og_title":"Presid\u00eancia Geral: Schoenstatt para a Igreja das novas margens","og_description":"A Presid\u00eancia Geral de Schoenstatt convidou todos para uma Santa Missa na Igreja da Adora\u00e7\u00e3o, celebrando o IV Marco Hist\u00f3rico.","og_url":"https:\/\/schoenstatt.com\/pt-pt\/presidencia-geral-schoenstatt-para-a-igreja-das-novas-margens\/","og_site_name":"Schoenstatt","article_published_time":"2025-12-19T13:01:47+00:00","article_modified_time":"2026-01-26T19:19:55+00:00","og_image":[{"width":2048,"height":1053,"url":"https:\/\/schoenstatt.com\/wp-content\/uploads\/2025\/12\/General-Presidium.jpg","type":"image\/jpeg"}],"author":"Karen Bueno","twitter_card":"summary_large_image","twitter_misc":{"Escrito por":"Karen Bueno","Tempo estimado de leitura":"4 minutos"},"schema":{"@context":"https:\/\/schema.org","@graph":[{"@type":"Article","@id":"https:\/\/schoenstatt.com\/pt-pt\/presidencia-geral-schoenstatt-para-a-igreja-das-novas-margens\/#article","isPartOf":{"@id":"https:\/\/schoenstatt.com\/pt-pt\/presidencia-geral-schoenstatt-para-a-igreja-das-novas-margens\/"},"author":{"name":"Karen Bueno","@id":"https:\/\/schoenstatt.com\/pt-pt\/#\/schema\/person\/5158877ad4acae98b34daaeef2a1ce6e"},"headline":"Presid\u00eancia Geral: Schoenstatt para a Igreja das novas margens","datePublished":"2025-12-19T13:01:47+00:00","dateModified":"2026-01-26T19:19:55+00:00","mainEntityOfPage":{"@id":"https:\/\/schoenstatt.com\/pt-pt\/presidencia-geral-schoenstatt-para-a-igreja-das-novas-margens\/"},"wordCount":631,"publisher":{"@id":"https:\/\/schoenstatt.com\/pt-pt\/#organization"},"image":{"@id":"https:\/\/schoenstatt.com\/pt-pt\/presidencia-geral-schoenstatt-para-a-igreja-das-novas-margens\/#primaryimage"},"thumbnailUrl":"https:\/\/schoenstatt.com\/wp-content\/uploads\/2025\/12\/General-Presidium.jpg","keywords":["Presid\u00eancia Geral"],"articleSection":["Eventos"],"inLanguage":"pt-PT"},{"@type":"WebPage","@id":"https:\/\/schoenstatt.com\/pt-pt\/presidencia-geral-schoenstatt-para-a-igreja-das-novas-margens\/","url":"https:\/\/schoenstatt.com\/pt-pt\/presidencia-geral-schoenstatt-para-a-igreja-das-novas-margens\/","name":"Presid\u00eancia Geral: Schoenstatt para a Igreja das novas margens - Schoenstatt","isPartOf":{"@id":"https:\/\/schoenstatt.com\/pt-pt\/#website"},"primaryImageOfPage":{"@id":"https:\/\/schoenstatt.com\/pt-pt\/presidencia-geral-schoenstatt-para-a-igreja-das-novas-margens\/#primaryimage"},"image":{"@id":"https:\/\/schoenstatt.com\/pt-pt\/presidencia-geral-schoenstatt-para-a-igreja-das-novas-margens\/#primaryimage"},"thumbnailUrl":"https:\/\/schoenstatt.com\/wp-content\/uploads\/2025\/12\/General-Presidium.jpg","datePublished":"2025-12-19T13:01:47+00:00","dateModified":"2026-01-26T19:19:55+00:00","description":"A Presid\u00eancia Geral de Schoenstatt convidou todos para uma Santa Missa na Igreja da Adora\u00e7\u00e3o, celebrando o IV Marco Hist\u00f3rico.","breadcrumb":{"@id":"https:\/\/schoenstatt.com\/pt-pt\/presidencia-geral-schoenstatt-para-a-igreja-das-novas-margens\/#breadcrumb"},"inLanguage":"pt-PT","potentialAction":[{"@type":"ReadAction","target":["https:\/\/schoenstatt.com\/pt-pt\/presidencia-geral-schoenstatt-para-a-igreja-das-novas-margens\/"]}]},{"@type":"ImageObject","inLanguage":"pt-PT","@id":"https:\/\/schoenstatt.com\/pt-pt\/presidencia-geral-schoenstatt-para-a-igreja-das-novas-margens\/#primaryimage","url":"https:\/\/schoenstatt.com\/wp-content\/uploads\/2025\/12\/General-Presidium.jpg","contentUrl":"https:\/\/schoenstatt.com\/wp-content\/uploads\/2025\/12\/General-Presidium.jpg","width":2048,"height":1053},{"@type":"BreadcrumbList","@id":"https:\/\/schoenstatt.com\/pt-pt\/presidencia-geral-schoenstatt-para-a-igreja-das-novas-margens\/#breadcrumb","itemListElement":[{"@type":"ListItem","position":1,"name":"Portada","item":"https:\/\/schoenstatt.com\/pt-pt\/home\/"},{"@type":"ListItem","position":2,"name":"Presid\u00eancia Geral: Schoenstatt para a Igreja das novas margens"}]},{"@type":"WebSite","@id":"https:\/\/schoenstatt.com\/pt-pt\/#website","url":"https:\/\/schoenstatt.com\/pt-pt\/","name":"Schoenstatt","description":"Apostolic Movement","publisher":{"@id":"https:\/\/schoenstatt.com\/pt-pt\/#organization"},"potentialAction":[{"@type":"SearchAction","target":{"@type":"EntryPoint","urlTemplate":"https:\/\/schoenstatt.com\/pt-pt\/?s={search_term_string}"},"query-input":{"@type":"PropertyValueSpecification","valueRequired":true,"valueName":"search_term_string"}}],"inLanguage":"pt-PT"},{"@type":"Organization","@id":"https:\/\/schoenstatt.com\/pt-pt\/#organization","name":"Schoenstatt","url":"https:\/\/schoenstatt.com\/pt-pt\/","logo":{"@type":"ImageObject","inLanguage":"pt-PT","@id":"https:\/\/schoenstatt.com\/pt-pt\/#\/schema\/logo\/image\/","url":"https:\/\/schoenstatt.com\/wp-content\/uploads\/2025\/04\/logo-schoenstatt-white-696x696-1.png","contentUrl":"https:\/\/schoenstatt.com\/wp-content\/uploads\/2025\/04\/logo-schoenstatt-white-696x696-1.png","width":696,"height":694,"caption":"Schoenstatt"},"image":{"@id":"https:\/\/schoenstatt.com\/pt-pt\/#\/schema\/logo\/image\/"}},{"@type":"Person","@id":"https:\/\/schoenstatt.com\/pt-pt\/#\/schema\/person\/5158877ad4acae98b34daaeef2a1ce6e","name":"Karen Bueno","image":{"@type":"ImageObject","inLanguage":"pt-PT","@id":"https:\/\/secure.gravatar.com\/avatar\/f9f4b823873154269d2b2130f195f6d41037dd0d7fc5f3cacb5c846bae70d66b?s=96&d=mm&r=g","url":"https:\/\/secure.gravatar.com\/avatar\/f9f4b823873154269d2b2130f195f6d41037dd0d7fc5f3cacb5c846bae70d66b?s=96&d=mm&r=g","contentUrl":"https:\/\/secure.gravatar.com\/avatar\/f9f4b823873154269d2b2130f195f6d41037dd0d7fc5f3cacb5c846bae70d66b?s=96&d=mm&r=g","caption":"Karen Bueno"},"url":"https:\/\/schoenstatt.com\/pt-pt\/author\/karen-bueno\/"}]}},"_links":{"self":[{"href":"https:\/\/schoenstatt.com\/pt-pt\/wp-json\/wp\/v2\/posts\/67289","targetHints":{"allow":["GET"]}}],"collection":[{"href":"https:\/\/schoenstatt.com\/pt-pt\/wp-json\/wp\/v2\/posts"}],"about":[{"href":"https:\/\/schoenstatt.com\/pt-pt\/wp-json\/wp\/v2\/types\/post"}],"author":[{"embeddable":true,"href":"https:\/\/schoenstatt.com\/pt-pt\/wp-json\/wp\/v2\/users\/3"}],"replies":[{"embeddable":true,"href":"https:\/\/schoenstatt.com\/pt-pt\/wp-json\/wp\/v2\/comments?post=67289"}],"version-history":[{"count":8,"href":"https:\/\/schoenstatt.com\/pt-pt\/wp-json\/wp\/v2\/posts\/67289\/revisions"}],"predecessor-version":[{"id":67811,"href":"https:\/\/schoenstatt.com\/pt-pt\/wp-json\/wp\/v2\/posts\/67289\/revisions\/67811"}],"wp:featuredmedia":[{"embeddable":true,"href":"https:\/\/schoenstatt.com\/pt-pt\/wp-json\/wp\/v2\/media\/67295"}],"wp:attachment":[{"href":"https:\/\/schoenstatt.com\/pt-pt\/wp-json\/wp\/v2\/media?parent=67289"}],"wp:term":[{"taxonomy":"category","embeddable":true,"href":"https:\/\/schoenstatt.com\/pt-pt\/wp-json\/wp\/v2\/categories?post=67289"},{"taxonomy":"post_tag","embeddable":true,"href":"https:\/\/schoenstatt.com\/pt-pt\/wp-json\/wp\/v2\/tags?post=67289"}],"curies":[{"name":"wp","href":"https:\/\/api.w.org\/{rel}","templated":true}]}}