{"id":67281,"date":"2025-12-19T12:56:57","date_gmt":"2025-12-19T11:56:57","guid":{"rendered":"https:\/\/schoenstatt.com\/?p=67281"},"modified":"2025-12-19T13:02:41","modified_gmt":"2025-12-19T12:02:41","slug":"as-irmas-de-maria-abrem-seu-ano-jubilar-na-russia","status":"publish","type":"post","link":"https:\/\/schoenstatt.com\/pt-pt\/as-irmas-de-maria-abrem-seu-ano-jubilar-na-russia\/","title":{"rendered":"As Irm\u00e3s de Maria abrem seu ano jubilar na R\u00fassia"},"content":{"rendered":"\n<p>De 4 a 6 de dezembro, as <a href=\"https:\/\/schoenstatt.com\/pt-pt\/em-comunidade\/woman\/irmas-de-maria\/\">Irm\u00e3s Maria de Schoenstatt<\/a> de Kaliningrado, Moscou e S\u00e3o Petersburgo, na R\u00fassia, se reuniram para celebrar a abertura do ano jubilar do centen\u00e1rio de sua comunidade.<\/p>\n\n\n\n<p>A celebra\u00e7\u00e3o come\u00e7ou no dia 4 de dezembro, em S\u00e3o Petersburgo. A Santa Missa foi celebrada na Par\u00f3quia S\u00e3o Jo\u00e3o Batista, presidida pelo Arcebispo metropolitano da Arquidiocese de Moscou, Dom Paulo Pezzi, e concelebrada por muitos sacerdotes e representantes das comunidades cat\u00f3licas. Apesar de ser um dia \u00fatil, os paroquianos, os membros do Movimento de Schoenstatt, v\u00e1rios conhecidos e amigos participaram deste evento especial. A Santa Missa foi precedida por uma prociss\u00e3o com uma vela comemorativa acesa. As Irm\u00e3s de Maria carregavam l\u00edrios nas m\u00e3os.<\/p>\n\n\n\n<p>No in\u00edcio da missa, as Irm\u00e3s se dirigiram aos presentes e salientaram a import\u00e2ncia desse dia: <em>\u201cEm 1\u00ba de outubro, completaram-se 99 anos desde que o Pe. Jos\u00e9 Kentenich e as primeiras Irm\u00e3s deram um passo corajoso para fundar nossa Fam\u00edlia de Irm\u00e3s. Foi uma decis\u00e3o tomada em tempos dif\u00edceis, uma decis\u00e3o cheia de grandes desafios, mas tamb\u00e9m inspirada pela f\u00e9 e pelo zelo. O Pe. Kentenich, reconhecendo os sinais dos tempos no esp\u00edrito da f\u00e9 na Provid\u00eancia Divina, compreendeu a import\u00e2ncia de fundar a Fam\u00edlia das Irm\u00e3s, que se dedicariam ao carisma do Movimento, pois a forma\u00e7\u00e3o de um homem novo n\u00e3o \u00e9 poss\u00edvel sem a participa\u00e7\u00e3o de uma mulher nova.\u201d<\/em><\/p>\n\n\n\n<figure class=\"wp-block-image aligncenter size-full\"><img decoding=\"async\" src=\"https:\/\/schoenstatt.com\/wp-content\/uploads\/2025\/12\/Sisters-of-Mary-2-1.jpg\" alt=\"\" class=\"wp-image-67260\"\/><\/figure>\n\n\n\n<h3 class=\"wp-block-heading\" id=\"h-carismas-sao-presentes-para-o-nosso-tempo\">Carismas s\u00e3o presentes para o nosso tempo<\/h3>\n\n\n\n<p>Na homilia, Dom Paulo Pezzi falou sobre os carismas e a a\u00e7\u00e3o do Esp\u00edrito Santo: <em>\u201c\u2026 em cada \u00e9poca, o Esp\u00edrito Santo suscita pessoas a responderem a apelos que podem ser absolutamente extraordin\u00e1rios e a levar a s\u00e9rio o clamor do povo [\u2026] O Pe. Kentenich formou e desenvolveu o seu carisma numa \u00e9poca em que diferentes ideologias queriam trazer o para\u00edso \u00e0 terra. E quais foram as consequ\u00eancias? Criaram o inferno na terra. E o que fez, ent\u00e3o, o Esp\u00edrito Santo? Despertou toda uma s\u00e9rie de carismas que podiam contrariar essa tend\u00eancia das diferentes ideologias. E de que maneira? N\u00f3s ouvimos isso no in\u00edcio: educando um homem novo. Educando o homem que nasceu dessas ideologias, que j\u00e1 havia perdido sua identidade\u2026\u201d<\/em><\/p>\n\n\n\n<p>O arcebispo continuou dizendo: <em>\u201cN\u00e3o se pode dizer que os campos de concentra\u00e7\u00e3o alem\u00e3es fossem menores e mais leves do que outras pris\u00f5es, mas, mesmo dentro desse profundo isolamento, ele (Pe. Kentenich) nunca perdeu a esperan\u00e7a e a f\u00e9 em Deus. E foi ent\u00e3o que ele come\u00e7ou o processo de educa\u00e7\u00e3o dos seus. Um processo que continua at\u00e9 hoje, porque qualquer carisma n\u00e3o se esgota, n\u00e3o termina. Todo carisma \u00e9 eterno. O que significa eterno? Significa que ele constr\u00f3i aquele Templo nos C\u00e9us que ningu\u00e9m poder\u00e1 destruir. [\u2026] Queridos irm\u00e3os e irm\u00e3s, celebrar o jubileu significa, para n\u00f3s, a oportunidade de renovar a cada um de n\u00f3s.\u201d<\/em><\/p>\n\n\n\n<div class=\"wp-block-buttons is-content-justification-center is-layout-flex wp-container-core-buttons-is-layout-a89b3969 wp-block-buttons-is-layout-flex\">\n<div class=\"wp-block-button\"><a class=\"wp-block-button__link has-white-color has-text-color has-background has-link-color wp-element-button\" href=\"https:\/\/flic.kr\/s\/aHBqjCEji1\" style=\"border-top-left-radius:15px;border-top-right-radius:15px;border-bottom-left-radius:15px;border-bottom-right-radius:15px;background-color:#e7833c\" target=\"_blank\" rel=\"noreferrer noopener\"><strong>Mais Fotos<\/strong><\/a><\/div>\n<\/div>\n\n\n\n<div style=\"height:63px\" aria-hidden=\"true\" class=\"wp-block-spacer\"><\/div>\n\n\n\n<h3 class=\"wp-block-heading\" id=\"h-uma-celebracao-para-toda-a-comunidade\">Uma celebra\u00e7\u00e3o para toda a comunidade<\/h3>\n\n\n\n<p>A celebra\u00e7\u00e3o do jubileu tornou-se um evento comum para toda a comunidade paroquial. O p\u00e1roco, Pe. Francisco Teixeira Garcia, disse que celebrou essa Missa especialmente pela beatifica\u00e7\u00e3o de Ir. M. Emilie Engel. No final da celebra\u00e7\u00e3o, todos os participantes receberam uma imagem da M\u00e3e Tr\u00eas Vezes Admir\u00e1vel com um pequeno ter\u00e7o feito pelas Irm\u00e3s. Como explicou o Arcebispo Pezzi, este ter\u00e7o n\u00e3o \u00e9 apenas um sinal de mem\u00f3ria, mas tamb\u00e9m a continua\u00e7\u00e3o da celebra\u00e7\u00e3o jubilar, que assim nos une espiritualmente por meio da ora\u00e7\u00e3o.<\/p>\n\n\n\n<p>Ap\u00f3s a Santa Missa, todos os participantes compartilharam a alegria da festa do Jubileu durante uma refei\u00e7\u00e3o preparada com a ajuda dos paroquianos. No bolo comemorativo, foram apagadas velas com o n\u00famero \u201c100\u201d, simbolizando o cent\u00e9simo anivers\u00e1rio.<\/p>\n\n\n\n<p>A comunidade das Irm\u00e3s de Maria, da R\u00fassia, se preparou-se para este momento com uma novena de nove meses. Um momento de alegria, nesse caminho, foi a b\u00ean\u00e7\u00e3o do s\u00edmbolo do Esp\u00edrito Santo pelo Papa Le\u00e3o XIV, no Vaticano. Nesse dia 4 de dezembro, o s\u00edmbolo foi finalmente inserido na capela das Irm\u00e3s, pelo Arcebispo Paulo Pezzi.<\/p>\n\n\n\n<figure class=\"wp-block-image aligncenter size-full\"><img fetchpriority=\"high\" decoding=\"async\" width=\"1280\" height=\"960\" src=\"https:\/\/schoenstatt.com\/wp-content\/uploads\/2025\/12\/Sisters-of-Mary-2-1.jpeg\" alt=\"\" class=\"wp-image-67265\" srcset=\"https:\/\/schoenstatt.com\/wp-content\/uploads\/2025\/12\/Sisters-of-Mary-2-1.jpeg 1280w, https:\/\/schoenstatt.com\/wp-content\/uploads\/2025\/12\/Sisters-of-Mary-2-1-768x576.jpeg 768w\" sizes=\"(max-width: 1280px) 100vw, 1280px\" \/><\/figure>\n\n\n\n<h3 class=\"wp-block-heading\" id=\"h-representantes-da-nunciatura-apostolica-na-federacao-russa\">Representantes da Nunciatura Apost\u00f3lica na Federa\u00e7\u00e3o Russa<\/h3>\n\n\n\n<p>No s\u00e1bado, 6 de dezembro, a abertura do ano jubilar tamb\u00e9m aconteceu em Moscou, na Catedral da Imaculada Concei\u00e7\u00e3o da Sant\u00edssima Virgem Maria. A Santa Missa, presidida pelo Arcebispo Paulo Pezzi, foi concelebrada pelo conselheiro da Nunciatura Apost\u00f3lica na Federa\u00e7\u00e3o Russa, Mons. Mislav Hod\u017ei\u0107, pelo representante da Nunciatura, Pe. Igor Chabanov, e por outros sacerdotes.<\/p>\n\n\n\n<p>Na prociss\u00e3o que deu in\u00edcio \u00e0 Santa Missa, as Irm\u00e3s carregavam a imagem da MTA, a mesma com a qual as primeiras mission\u00e1rias partiram para Moscou, em 13 de outubro de 1991.<\/p>\n\n\n\n<p>O arcebispo, na homilia, se referiu \u00e0 imagem da M\u00e3e de Deus como fonte de sabedoria e exemplo de confian\u00e7a ilimitada: <em>\u201cA sabedoria consiste em fazer a vontade de Deus.\u201d Recordando o sim de Maria na Anuncia\u00e7\u00e3o, ele diz: \u201cE de repente tudo ganha vida. Porque, quando fazemos a vontade de Deus, come\u00e7amos a criar, come\u00e7amos a endireitar os nossos caminhos. E a nossa convers\u00e3o e o nosso arrependimento come\u00e7am a dar frutos\u201d.<\/em><\/p>\n\n\n\n<p>Em seguida, o arcebispo observou que o Pe. Kentenich, mesmo em Dachau, inflamava os cora\u00e7\u00f5es de seus companheiros com o amor \u00e0 Virgem Maria.<\/p>\n\n\n\n<figure class=\"wp-block-image aligncenter size-full\"><img decoding=\"async\" src=\"https:\/\/schoenstatt.com\/wp-content\/uploads\/2025\/12\/Sisters-of-Mary-2-2.jpg\" alt=\"\" class=\"wp-image-67271\"\/><\/figure>\n\n\n\n<h3 class=\"wp-block-heading\" id=\"h-comeca-um-ano-especial-de-gracas-para-as-irmas\">Come\u00e7a um ano especial de gra\u00e7as para as Irm\u00e3s<\/h3>\n\n\n\n<p>Na parte final da celebra\u00e7\u00e3o, as Irm\u00e3s agradeceram a Dom Paulo por presidir a Santa Missa e lhe entregaram flores e um presente: <em>\u201cO cent\u00e9simo ano do \u2018nascimento\u2019 da comunidade nos d\u00e1 a oportunidade de nos surpreendermos repetidamente com os des\u00edgnios e a a\u00e7\u00e3o de Deus, apesar da fragilidade humana. Glorificar a Deus, guardar tudo no cora\u00e7\u00e3o e permitir que Ele venha hoje \u2013 isso \u00e9 o que aprendemos com Maria\u201d<\/em>, disseram elas.<\/p>\n\n\n\n<p>Para todos os participantes da celebra\u00e7\u00e3o, as Irm\u00e3s prepararam uma imagem da M\u00e3e Tr\u00eas Vezes Admir\u00e1vel com uma ora\u00e7\u00e3o de consagra\u00e7\u00e3o e um ter\u00e7o de bolso feito \u00e0 m\u00e3o.<\/p>\n\n\n\n<p>A celebra\u00e7\u00e3o terminou com uma confraterniza\u00e7\u00e3o e um lanche para os participantes do Movimento, amigos e convidados, durante o qual as Irm\u00e3s falaram mais sobre o carisma e a hist\u00f3ria do Instituto. Elas tamb\u00e9m apresentaram algumas can\u00e7\u00f5es que foram criadas na comunidade russa.<\/p>\n\n\n\n<p>As Irm\u00e3s de Maria de Schoenstatt come\u00e7aram a servir a Igreja na R\u00fassia em 1991, primeiro em Moscou, depois em Kaliningrado e S\u00e3o Petersburgo.<\/p>\n\n\n\n<p><strong>Tradu\u00e7\u00e3o: <\/strong>Karen Bueno<\/p>\n","protected":false},"excerpt":{"rendered":"<p>Em 3 dias de festa, as Irm\u00e3s Maria de Kaliningrado, Moscou e S\u00e3o Petersburgo se reuniram para celebrar a abertura do ano jubilar de sua comunidade. <\/p>\n","protected":false},"author":3,"featured_media":67257,"comment_status":"closed","ping_status":"closed","sticky":false,"template":"","format":"standard","meta":{"footnotes":""},"categories":[908],"tags":[],"class_list":["post-67281","post","type-post","status-publish","format-standard","has-post-thumbnail","hentry","category-comunidades-de-schoenstatt-pt-pt"],"yoast_head":"<!-- This site is optimized with the Yoast SEO Premium plugin v27.4 (Yoast SEO v27.4) - https:\/\/yoast.com\/product\/yoast-seo-premium-wordpress\/ -->\n<title>As Irm\u00e3s de Maria abrem seu ano jubilar na R\u00fassia - Schoenstatt<\/title>\n<meta name=\"description\" content=\"Em 3 dias de festa, as Irm\u00e3s Maria de Kaliningrado, Moscou e S\u00e3o Petersburgo se reuniram para celebrar a abertura do ano jubilar de sua comunidade.\" \/>\n<meta name=\"robots\" content=\"index, follow, max-snippet:-1, max-image-preview:large, max-video-preview:-1\" \/>\n<link rel=\"canonical\" href=\"https:\/\/schoenstatt.com\/pt-pt\/as-irmas-de-maria-abrem-seu-ano-jubilar-na-russia\/\" \/>\n<meta property=\"og:locale\" content=\"pt_PT\" \/>\n<meta property=\"og:type\" content=\"article\" \/>\n<meta property=\"og:title\" content=\"As Irm\u00e3s de Maria abrem seu ano jubilar na R\u00fassia\" \/>\n<meta property=\"og:description\" content=\"Em 3 dias de festa, as Irm\u00e3s Maria de Kaliningrado, Moscou e S\u00e3o Petersburgo se reuniram para celebrar a abertura do ano jubilar de sua comunidade.\" \/>\n<meta property=\"og:url\" content=\"https:\/\/schoenstatt.com\/pt-pt\/as-irmas-de-maria-abrem-seu-ano-jubilar-na-russia\/\" \/>\n<meta property=\"og:site_name\" content=\"Schoenstatt\" \/>\n<meta property=\"article:published_time\" content=\"2025-12-19T11:56:57+00:00\" \/>\n<meta property=\"article:modified_time\" content=\"2025-12-19T12:02:41+00:00\" \/>\n<meta property=\"og:image\" content=\"https:\/\/schoenstatt.com\/wp-content\/uploads\/2025\/12\/Sisters-of-mary.webp\" \/>\n\t<meta property=\"og:image:width\" content=\"2048\" \/>\n\t<meta property=\"og:image:height\" content=\"1237\" \/>\n\t<meta property=\"og:image:type\" content=\"image\/jpeg\" \/>\n<meta name=\"author\" content=\"Karen Bueno\" \/>\n<meta name=\"twitter:card\" content=\"summary_large_image\" \/>\n<meta name=\"twitter:label1\" content=\"Escrito por\" \/>\n\t<meta name=\"twitter:data1\" content=\"Karen Bueno\" \/>\n\t<meta name=\"twitter:label2\" content=\"Tempo estimado de leitura\" \/>\n\t<meta name=\"twitter:data2\" content=\"7 minutos\" \/>\n<script type=\"application\/ld+json\" class=\"yoast-schema-graph\">{\"@context\":\"https:\\\/\\\/schema.org\",\"@graph\":[{\"@type\":\"Article\",\"@id\":\"https:\\\/\\\/schoenstatt.com\\\/pt-pt\\\/as-irmas-de-maria-abrem-seu-ano-jubilar-na-russia\\\/#article\",\"isPartOf\":{\"@id\":\"https:\\\/\\\/schoenstatt.com\\\/pt-pt\\\/as-irmas-de-maria-abrem-seu-ano-jubilar-na-russia\\\/\"},\"author\":{\"name\":\"Karen Bueno\",\"@id\":\"https:\\\/\\\/schoenstatt.com\\\/pt-pt\\\/#\\\/schema\\\/person\\\/5158877ad4acae98b34daaeef2a1ce6e\"},\"headline\":\"As Irm\u00e3s de Maria abrem seu ano jubilar na R\u00fassia\",\"datePublished\":\"2025-12-19T11:56:57+00:00\",\"dateModified\":\"2025-12-19T12:02:41+00:00\",\"mainEntityOfPage\":{\"@id\":\"https:\\\/\\\/schoenstatt.com\\\/pt-pt\\\/as-irmas-de-maria-abrem-seu-ano-jubilar-na-russia\\\/\"},\"wordCount\":1159,\"publisher\":{\"@id\":\"https:\\\/\\\/schoenstatt.com\\\/pt-pt\\\/#organization\"},\"image\":{\"@id\":\"https:\\\/\\\/schoenstatt.com\\\/pt-pt\\\/as-irmas-de-maria-abrem-seu-ano-jubilar-na-russia\\\/#primaryimage\"},\"thumbnailUrl\":\"https:\\\/\\\/schoenstatt.com\\\/wp-content\\\/uploads\\\/2025\\\/12\\\/Sisters-of-mary.webp\",\"articleSection\":[\"Comunidades de Schoenstatt\"],\"inLanguage\":\"pt-PT\"},{\"@type\":\"WebPage\",\"@id\":\"https:\\\/\\\/schoenstatt.com\\\/pt-pt\\\/as-irmas-de-maria-abrem-seu-ano-jubilar-na-russia\\\/\",\"url\":\"https:\\\/\\\/schoenstatt.com\\\/pt-pt\\\/as-irmas-de-maria-abrem-seu-ano-jubilar-na-russia\\\/\",\"name\":\"As Irm\u00e3s de Maria abrem seu ano jubilar na R\u00fassia - Schoenstatt\",\"isPartOf\":{\"@id\":\"https:\\\/\\\/schoenstatt.com\\\/pt-pt\\\/#website\"},\"primaryImageOfPage\":{\"@id\":\"https:\\\/\\\/schoenstatt.com\\\/pt-pt\\\/as-irmas-de-maria-abrem-seu-ano-jubilar-na-russia\\\/#primaryimage\"},\"image\":{\"@id\":\"https:\\\/\\\/schoenstatt.com\\\/pt-pt\\\/as-irmas-de-maria-abrem-seu-ano-jubilar-na-russia\\\/#primaryimage\"},\"thumbnailUrl\":\"https:\\\/\\\/schoenstatt.com\\\/wp-content\\\/uploads\\\/2025\\\/12\\\/Sisters-of-mary.webp\",\"datePublished\":\"2025-12-19T11:56:57+00:00\",\"dateModified\":\"2025-12-19T12:02:41+00:00\",\"description\":\"Em 3 dias de festa, as Irm\u00e3s Maria de Kaliningrado, Moscou e S\u00e3o Petersburgo se reuniram para celebrar a abertura do ano jubilar de sua comunidade.\",\"breadcrumb\":{\"@id\":\"https:\\\/\\\/schoenstatt.com\\\/pt-pt\\\/as-irmas-de-maria-abrem-seu-ano-jubilar-na-russia\\\/#breadcrumb\"},\"inLanguage\":\"pt-PT\",\"potentialAction\":[{\"@type\":\"ReadAction\",\"target\":[\"https:\\\/\\\/schoenstatt.com\\\/pt-pt\\\/as-irmas-de-maria-abrem-seu-ano-jubilar-na-russia\\\/\"]}]},{\"@type\":\"ImageObject\",\"inLanguage\":\"pt-PT\",\"@id\":\"https:\\\/\\\/schoenstatt.com\\\/pt-pt\\\/as-irmas-de-maria-abrem-seu-ano-jubilar-na-russia\\\/#primaryimage\",\"url\":\"https:\\\/\\\/schoenstatt.com\\\/wp-content\\\/uploads\\\/2025\\\/12\\\/Sisters-of-mary.webp\",\"contentUrl\":\"https:\\\/\\\/schoenstatt.com\\\/wp-content\\\/uploads\\\/2025\\\/12\\\/Sisters-of-mary.webp\",\"width\":2048,\"height\":1237},{\"@type\":\"BreadcrumbList\",\"@id\":\"https:\\\/\\\/schoenstatt.com\\\/pt-pt\\\/as-irmas-de-maria-abrem-seu-ano-jubilar-na-russia\\\/#breadcrumb\",\"itemListElement\":[{\"@type\":\"ListItem\",\"position\":1,\"name\":\"Portada\",\"item\":\"https:\\\/\\\/schoenstatt.com\\\/pt-pt\\\/home\\\/\"},{\"@type\":\"ListItem\",\"position\":2,\"name\":\"As Irm\u00e3s de Maria abrem seu ano jubilar na R\u00fassia\"}]},{\"@type\":\"WebSite\",\"@id\":\"https:\\\/\\\/schoenstatt.com\\\/pt-pt\\\/#website\",\"url\":\"https:\\\/\\\/schoenstatt.com\\\/pt-pt\\\/\",\"name\":\"Schoenstatt\",\"description\":\"Apostolic Movement\",\"publisher\":{\"@id\":\"https:\\\/\\\/schoenstatt.com\\\/pt-pt\\\/#organization\"},\"potentialAction\":[{\"@type\":\"SearchAction\",\"target\":{\"@type\":\"EntryPoint\",\"urlTemplate\":\"https:\\\/\\\/schoenstatt.com\\\/pt-pt\\\/?s={search_term_string}\"},\"query-input\":{\"@type\":\"PropertyValueSpecification\",\"valueRequired\":true,\"valueName\":\"search_term_string\"}}],\"inLanguage\":\"pt-PT\"},{\"@type\":\"Organization\",\"@id\":\"https:\\\/\\\/schoenstatt.com\\\/pt-pt\\\/#organization\",\"name\":\"Schoenstatt\",\"url\":\"https:\\\/\\\/schoenstatt.com\\\/pt-pt\\\/\",\"logo\":{\"@type\":\"ImageObject\",\"inLanguage\":\"pt-PT\",\"@id\":\"https:\\\/\\\/schoenstatt.com\\\/pt-pt\\\/#\\\/schema\\\/logo\\\/image\\\/\",\"url\":\"https:\\\/\\\/schoenstatt.com\\\/wp-content\\\/uploads\\\/2025\\\/04\\\/logo-schoenstatt-white-696x696-1.png\",\"contentUrl\":\"https:\\\/\\\/schoenstatt.com\\\/wp-content\\\/uploads\\\/2025\\\/04\\\/logo-schoenstatt-white-696x696-1.png\",\"width\":696,\"height\":694,\"caption\":\"Schoenstatt\"},\"image\":{\"@id\":\"https:\\\/\\\/schoenstatt.com\\\/pt-pt\\\/#\\\/schema\\\/logo\\\/image\\\/\"}},{\"@type\":\"Person\",\"@id\":\"https:\\\/\\\/schoenstatt.com\\\/pt-pt\\\/#\\\/schema\\\/person\\\/5158877ad4acae98b34daaeef2a1ce6e\",\"name\":\"Karen Bueno\",\"image\":{\"@type\":\"ImageObject\",\"inLanguage\":\"pt-PT\",\"@id\":\"https:\\\/\\\/secure.gravatar.com\\\/avatar\\\/f9f4b823873154269d2b2130f195f6d41037dd0d7fc5f3cacb5c846bae70d66b?s=96&d=mm&r=g\",\"url\":\"https:\\\/\\\/secure.gravatar.com\\\/avatar\\\/f9f4b823873154269d2b2130f195f6d41037dd0d7fc5f3cacb5c846bae70d66b?s=96&d=mm&r=g\",\"contentUrl\":\"https:\\\/\\\/secure.gravatar.com\\\/avatar\\\/f9f4b823873154269d2b2130f195f6d41037dd0d7fc5f3cacb5c846bae70d66b?s=96&d=mm&r=g\",\"caption\":\"Karen Bueno\"},\"url\":\"https:\\\/\\\/schoenstatt.com\\\/pt-pt\\\/author\\\/karen-bueno\\\/\"}]}<\/script>\n<!-- \/ Yoast SEO Premium plugin. -->","yoast_head_json":{"title":"As Irm\u00e3s de Maria abrem seu ano jubilar na R\u00fassia - Schoenstatt","description":"Em 3 dias de festa, as Irm\u00e3s Maria de Kaliningrado, Moscou e S\u00e3o Petersburgo se reuniram para celebrar a abertura do ano jubilar de sua comunidade.","robots":{"index":"index","follow":"follow","max-snippet":"max-snippet:-1","max-image-preview":"max-image-preview:large","max-video-preview":"max-video-preview:-1"},"canonical":"https:\/\/schoenstatt.com\/pt-pt\/as-irmas-de-maria-abrem-seu-ano-jubilar-na-russia\/","og_locale":"pt_PT","og_type":"article","og_title":"As Irm\u00e3s de Maria abrem seu ano jubilar na R\u00fassia","og_description":"Em 3 dias de festa, as Irm\u00e3s Maria de Kaliningrado, Moscou e S\u00e3o Petersburgo se reuniram para celebrar a abertura do ano jubilar de sua comunidade.","og_url":"https:\/\/schoenstatt.com\/pt-pt\/as-irmas-de-maria-abrem-seu-ano-jubilar-na-russia\/","og_site_name":"Schoenstatt","article_published_time":"2025-12-19T11:56:57+00:00","article_modified_time":"2025-12-19T12:02:41+00:00","og_image":[{"width":2048,"height":1237,"url":"https:\/\/schoenstatt.com\/wp-content\/uploads\/2025\/12\/Sisters-of-mary.webp","type":"image\/jpeg"}],"author":"Karen Bueno","twitter_card":"summary_large_image","twitter_misc":{"Escrito por":"Karen Bueno","Tempo estimado de leitura":"7 minutos"},"schema":{"@context":"https:\/\/schema.org","@graph":[{"@type":"Article","@id":"https:\/\/schoenstatt.com\/pt-pt\/as-irmas-de-maria-abrem-seu-ano-jubilar-na-russia\/#article","isPartOf":{"@id":"https:\/\/schoenstatt.com\/pt-pt\/as-irmas-de-maria-abrem-seu-ano-jubilar-na-russia\/"},"author":{"name":"Karen Bueno","@id":"https:\/\/schoenstatt.com\/pt-pt\/#\/schema\/person\/5158877ad4acae98b34daaeef2a1ce6e"},"headline":"As Irm\u00e3s de Maria abrem seu ano jubilar na R\u00fassia","datePublished":"2025-12-19T11:56:57+00:00","dateModified":"2025-12-19T12:02:41+00:00","mainEntityOfPage":{"@id":"https:\/\/schoenstatt.com\/pt-pt\/as-irmas-de-maria-abrem-seu-ano-jubilar-na-russia\/"},"wordCount":1159,"publisher":{"@id":"https:\/\/schoenstatt.com\/pt-pt\/#organization"},"image":{"@id":"https:\/\/schoenstatt.com\/pt-pt\/as-irmas-de-maria-abrem-seu-ano-jubilar-na-russia\/#primaryimage"},"thumbnailUrl":"https:\/\/schoenstatt.com\/wp-content\/uploads\/2025\/12\/Sisters-of-mary.webp","articleSection":["Comunidades de Schoenstatt"],"inLanguage":"pt-PT"},{"@type":"WebPage","@id":"https:\/\/schoenstatt.com\/pt-pt\/as-irmas-de-maria-abrem-seu-ano-jubilar-na-russia\/","url":"https:\/\/schoenstatt.com\/pt-pt\/as-irmas-de-maria-abrem-seu-ano-jubilar-na-russia\/","name":"As Irm\u00e3s de Maria abrem seu ano jubilar na R\u00fassia - Schoenstatt","isPartOf":{"@id":"https:\/\/schoenstatt.com\/pt-pt\/#website"},"primaryImageOfPage":{"@id":"https:\/\/schoenstatt.com\/pt-pt\/as-irmas-de-maria-abrem-seu-ano-jubilar-na-russia\/#primaryimage"},"image":{"@id":"https:\/\/schoenstatt.com\/pt-pt\/as-irmas-de-maria-abrem-seu-ano-jubilar-na-russia\/#primaryimage"},"thumbnailUrl":"https:\/\/schoenstatt.com\/wp-content\/uploads\/2025\/12\/Sisters-of-mary.webp","datePublished":"2025-12-19T11:56:57+00:00","dateModified":"2025-12-19T12:02:41+00:00","description":"Em 3 dias de festa, as Irm\u00e3s Maria de Kaliningrado, Moscou e S\u00e3o Petersburgo se reuniram para celebrar a abertura do ano jubilar de sua comunidade.","breadcrumb":{"@id":"https:\/\/schoenstatt.com\/pt-pt\/as-irmas-de-maria-abrem-seu-ano-jubilar-na-russia\/#breadcrumb"},"inLanguage":"pt-PT","potentialAction":[{"@type":"ReadAction","target":["https:\/\/schoenstatt.com\/pt-pt\/as-irmas-de-maria-abrem-seu-ano-jubilar-na-russia\/"]}]},{"@type":"ImageObject","inLanguage":"pt-PT","@id":"https:\/\/schoenstatt.com\/pt-pt\/as-irmas-de-maria-abrem-seu-ano-jubilar-na-russia\/#primaryimage","url":"https:\/\/schoenstatt.com\/wp-content\/uploads\/2025\/12\/Sisters-of-mary.webp","contentUrl":"https:\/\/schoenstatt.com\/wp-content\/uploads\/2025\/12\/Sisters-of-mary.webp","width":2048,"height":1237},{"@type":"BreadcrumbList","@id":"https:\/\/schoenstatt.com\/pt-pt\/as-irmas-de-maria-abrem-seu-ano-jubilar-na-russia\/#breadcrumb","itemListElement":[{"@type":"ListItem","position":1,"name":"Portada","item":"https:\/\/schoenstatt.com\/pt-pt\/home\/"},{"@type":"ListItem","position":2,"name":"As Irm\u00e3s de Maria abrem seu ano jubilar na R\u00fassia"}]},{"@type":"WebSite","@id":"https:\/\/schoenstatt.com\/pt-pt\/#website","url":"https:\/\/schoenstatt.com\/pt-pt\/","name":"Schoenstatt","description":"Apostolic Movement","publisher":{"@id":"https:\/\/schoenstatt.com\/pt-pt\/#organization"},"potentialAction":[{"@type":"SearchAction","target":{"@type":"EntryPoint","urlTemplate":"https:\/\/schoenstatt.com\/pt-pt\/?s={search_term_string}"},"query-input":{"@type":"PropertyValueSpecification","valueRequired":true,"valueName":"search_term_string"}}],"inLanguage":"pt-PT"},{"@type":"Organization","@id":"https:\/\/schoenstatt.com\/pt-pt\/#organization","name":"Schoenstatt","url":"https:\/\/schoenstatt.com\/pt-pt\/","logo":{"@type":"ImageObject","inLanguage":"pt-PT","@id":"https:\/\/schoenstatt.com\/pt-pt\/#\/schema\/logo\/image\/","url":"https:\/\/schoenstatt.com\/wp-content\/uploads\/2025\/04\/logo-schoenstatt-white-696x696-1.png","contentUrl":"https:\/\/schoenstatt.com\/wp-content\/uploads\/2025\/04\/logo-schoenstatt-white-696x696-1.png","width":696,"height":694,"caption":"Schoenstatt"},"image":{"@id":"https:\/\/schoenstatt.com\/pt-pt\/#\/schema\/logo\/image\/"}},{"@type":"Person","@id":"https:\/\/schoenstatt.com\/pt-pt\/#\/schema\/person\/5158877ad4acae98b34daaeef2a1ce6e","name":"Karen Bueno","image":{"@type":"ImageObject","inLanguage":"pt-PT","@id":"https:\/\/secure.gravatar.com\/avatar\/f9f4b823873154269d2b2130f195f6d41037dd0d7fc5f3cacb5c846bae70d66b?s=96&d=mm&r=g","url":"https:\/\/secure.gravatar.com\/avatar\/f9f4b823873154269d2b2130f195f6d41037dd0d7fc5f3cacb5c846bae70d66b?s=96&d=mm&r=g","contentUrl":"https:\/\/secure.gravatar.com\/avatar\/f9f4b823873154269d2b2130f195f6d41037dd0d7fc5f3cacb5c846bae70d66b?s=96&d=mm&r=g","caption":"Karen Bueno"},"url":"https:\/\/schoenstatt.com\/pt-pt\/author\/karen-bueno\/"}]}},"_links":{"self":[{"href":"https:\/\/schoenstatt.com\/pt-pt\/wp-json\/wp\/v2\/posts\/67281","targetHints":{"allow":["GET"]}}],"collection":[{"href":"https:\/\/schoenstatt.com\/pt-pt\/wp-json\/wp\/v2\/posts"}],"about":[{"href":"https:\/\/schoenstatt.com\/pt-pt\/wp-json\/wp\/v2\/types\/post"}],"author":[{"embeddable":true,"href":"https:\/\/schoenstatt.com\/pt-pt\/wp-json\/wp\/v2\/users\/3"}],"replies":[{"embeddable":true,"href":"https:\/\/schoenstatt.com\/pt-pt\/wp-json\/wp\/v2\/comments?post=67281"}],"version-history":[{"count":3,"href":"https:\/\/schoenstatt.com\/pt-pt\/wp-json\/wp\/v2\/posts\/67281\/revisions"}],"predecessor-version":[{"id":67284,"href":"https:\/\/schoenstatt.com\/pt-pt\/wp-json\/wp\/v2\/posts\/67281\/revisions\/67284"}],"wp:featuredmedia":[{"embeddable":true,"href":"https:\/\/schoenstatt.com\/pt-pt\/wp-json\/wp\/v2\/media\/67257"}],"wp:attachment":[{"href":"https:\/\/schoenstatt.com\/pt-pt\/wp-json\/wp\/v2\/media?parent=67281"}],"wp:term":[{"taxonomy":"category","embeddable":true,"href":"https:\/\/schoenstatt.com\/pt-pt\/wp-json\/wp\/v2\/categories?post=67281"},{"taxonomy":"post_tag","embeddable":true,"href":"https:\/\/schoenstatt.com\/pt-pt\/wp-json\/wp\/v2\/tags?post=67281"}],"curies":[{"name":"wp","href":"https:\/\/api.w.org\/{rel}","templated":true}]}}