{"id":67183,"date":"2025-12-18T14:58:21","date_gmt":"2025-12-18T13:58:21","guid":{"rendered":"https:\/\/schoenstatt.com\/?p=67183"},"modified":"2025-12-18T14:58:22","modified_gmt":"2025-12-18T13:58:22","slug":"schoenstattiano-e-eleito-novo-presidente-do-chile","status":"publish","type":"post","link":"https:\/\/schoenstatt.com\/pt-pt\/schoenstattiano-e-eleito-novo-presidente-do-chile\/","title":{"rendered":"Schoenstattiano \u00e9 eleito novo presidente do Chile"},"content":{"rendered":"\n<p>Jos\u00e9 Antonio Kast foi eleito neste domingo, 14 de dezembro, novo presidente do Chile. Casado com Mar\u00eda P\u00eda Adriasola, ele \u00e9 pai de nove filhos e faz parte do Instituto de Fam\u00edlias de Schoenstatt. Segundo dados do Servi\u00e7o Eleitoral do Chile (Servel), Kast obteve 58% dos votos.<\/p>\n\n\n\n<figure class=\"wp-block-image aligncenter size-full\"><img decoding=\"async\" src=\"https:\/\/schoenstatt.com\/wp-content\/uploads\/2025\/12\/Jose-Antonio-Kast.webp\" alt=\"\" class=\"wp-image-67243\"\/><\/figure>\n\n\n\n<p>O novo presidente tem 59 anos e \u00e9 l\u00edder do Partido Republicano. Embora o per\u00edodo eleitoral no Chile tenha se caracterizado por uma grande polariza\u00e7\u00e3o e forte confronto de ideias, em seu primeiro discurso, o novo presidente adotou um tom conciliador: <em>&#8220;Ajudem-me, todos, para que nestes quatro anos consigamos fazer o bem. Assim como temos mantidos nossa unidade, pe\u00e7o esse sacrif\u00edcio adicional que me sigam acompanhando na Presid\u00eancia da Rep\u00fablica.&#8221;<\/em><\/p>\n\n\n\n<p>Ao falar sobre a candidata da oposi\u00e7\u00e3o, pediu respeito:<em> \u201cQuero lhes pedir algo muito especial. Quero pedir um momento de profundo respeito e sil\u00eancio. Um governo tem partid\u00e1rios e tem oposi\u00e7\u00e3o. Isso \u00e9 normal. [\u2026] Respeito e sil\u00eancio v\u00e3o marcar nossa gest\u00e3o de governo. Podemos ter diferen\u00e7as, e duras, podemos acreditar em coisas muito diferentes para a nossa sociedade, por\u00e9m se estimamos a viol\u00eancia, se estimamos os gritos exagerados, \u00e9 muito dif\u00edcil que saiamos \u00e0 frente.\u201d<\/em><\/p>\n\n\n\n<figure class=\"wp-block-pullquote has-medium-font-size\" style=\"border-top-color:var(--wp--preset--color--luminous-vivid-orange);border-top-style:solid;border-top-width:1px;border-bottom-color:var(--wp--preset--color--luminous-vivid-orange);border-bottom-style:solid;border-bottom-width:1px;font-style:italic;font-weight:300\"><blockquote><p>\u201cUnidade n\u00e3o significa pensar da mesma forma ou calar as ideias, mas sim ter um prop\u00f3sito em comum.\u201d<\/p><\/blockquote><\/figure>\n\n\n\n<figure class=\"wp-block-image size-full\"><img decoding=\"async\" src=\"https:\/\/schoenstatt.com\/wp-content\/uploads\/2025\/12\/Kast-Family.webp\" alt=\"\" class=\"wp-image-67164\"\/><\/figure>\n\n\n\n<h3 class=\"wp-block-heading\" id=\"h-irmao-de-barbara-kast\">Irm\u00e3o de Barbara Kast<\/h3>\n\n\n\n<p>Jos\u00e9 Antonio \u00e9 o irm\u00e3o mais novo de Barbara Kast Rist. Ela faleceu aos 18 anos, em 1968, e fez parte da Juventude Feminina de Schoenstatt, integrando, hoje, o c\u00edrculo de personalidades que seguem inspirando a Fam\u00edlia de Schoenstatt.<\/p>\n\n\n\n<h3 class=\"wp-block-heading\" id=\"h-rezemos-pelo-novo-governo\">Rezemos pelo novo governo<\/h3>\n\n\n\n<p>O Movimento de Schoenstatt, assim como a Igreja, n\u00e3o adota partido ou candidato pol\u00edtico, mas anima todos os leigos a serem atuantes, como sal da terra e luz do mundo.<\/p>\n\n\n\n<p>Nesse sentido, todos s\u00e3o convidados a rezar pela fam\u00edlia Kast para que Deus os conduza pelos pr\u00f3ximos anos e o Chile possa avan\u00e7ar como uma \u201cc\u00f3pia feliz do \u00c9den\u201d (trecho do Hino Nacional) e uma terra aben\u00e7oada e pr\u00f3spera.<\/p>\n","protected":false},"excerpt":{"rendered":"<p>Jos\u00e9 Antonio Kast foi eleito novo presidente do Chile. Casado com Mar\u00eda P\u00eda, faz parte do Instituto de Fam\u00edlias de Schoenstatt.<\/p>\n","protected":false},"author":3,"featured_media":67243,"comment_status":"closed","ping_status":"closed","sticky":false,"template":"","format":"standard","meta":{"footnotes":""},"categories":[625],"tags":[187],"class_list":["post-67183","post","type-post","status-publish","format-standard","has-post-thumbnail","hentry","category-america-pt-pt","tag-schoenstatt-chile-pt-pt"],"yoast_head":"<!-- This site is optimized with the Yoast SEO Premium plugin v27.4 (Yoast SEO v27.4) - https:\/\/yoast.com\/product\/yoast-seo-premium-wordpress\/ -->\n<title>Schoenstattiano \u00e9 eleito novo presidente do Chile - Schoenstatt<\/title>\n<meta name=\"description\" content=\"Jos\u00e9 Antonio Kast foi eleito novo presidente do Chile. Casado com Mar\u00eda P\u00eda, faz parte do Instituto de Fam\u00edlias de Schoenstatt.\" \/>\n<meta name=\"robots\" content=\"index, follow, max-snippet:-1, max-image-preview:large, max-video-preview:-1\" \/>\n<link rel=\"canonical\" href=\"https:\/\/schoenstatt.com\/pt-pt\/schoenstattiano-e-eleito-novo-presidente-do-chile\/\" \/>\n<meta property=\"og:locale\" content=\"pt_PT\" \/>\n<meta property=\"og:type\" content=\"article\" \/>\n<meta property=\"og:title\" content=\"Schoenstattiano \u00e9 eleito novo presidente do Chile\" \/>\n<meta property=\"og:description\" content=\"Jos\u00e9 Antonio Kast foi eleito novo presidente do Chile. Casado com Mar\u00eda P\u00eda, faz parte do Instituto de Fam\u00edlias de Schoenstatt.\" \/>\n<meta property=\"og:url\" content=\"https:\/\/schoenstatt.com\/pt-pt\/schoenstattiano-e-eleito-novo-presidente-do-chile\/\" \/>\n<meta property=\"og:site_name\" content=\"Schoenstatt\" \/>\n<meta property=\"article:published_time\" content=\"2025-12-18T13:58:21+00:00\" \/>\n<meta property=\"article:modified_time\" content=\"2025-12-18T13:58:22+00:00\" \/>\n<meta property=\"og:image\" content=\"https:\/\/schoenstatt.com\/wp-content\/uploads\/2025\/12\/Jose-Antonio-Kast.webp\" \/>\n\t<meta property=\"og:image:width\" content=\"1280\" \/>\n\t<meta property=\"og:image:height\" content=\"856\" \/>\n\t<meta property=\"og:image:type\" content=\"image\/jpeg\" \/>\n<meta name=\"author\" content=\"Karen Bueno\" \/>\n<meta name=\"twitter:card\" content=\"summary_large_image\" \/>\n<meta name=\"twitter:label1\" content=\"Escrito por\" \/>\n\t<meta name=\"twitter:data1\" content=\"Karen Bueno\" \/>\n\t<meta name=\"twitter:label2\" content=\"Tempo estimado de leitura\" \/>\n\t<meta name=\"twitter:data2\" content=\"3 minutos\" \/>\n<script type=\"application\/ld+json\" class=\"yoast-schema-graph\">{\"@context\":\"https:\\\/\\\/schema.org\",\"@graph\":[{\"@type\":\"Article\",\"@id\":\"https:\\\/\\\/schoenstatt.com\\\/pt-pt\\\/schoenstattiano-e-eleito-novo-presidente-do-chile\\\/#article\",\"isPartOf\":{\"@id\":\"https:\\\/\\\/schoenstatt.com\\\/pt-pt\\\/schoenstattiano-e-eleito-novo-presidente-do-chile\\\/\"},\"author\":{\"name\":\"Karen Bueno\",\"@id\":\"https:\\\/\\\/schoenstatt.com\\\/pt-pt\\\/#\\\/schema\\\/person\\\/5158877ad4acae98b34daaeef2a1ce6e\"},\"headline\":\"Schoenstattiano \u00e9 eleito novo presidente do Chile\",\"datePublished\":\"2025-12-18T13:58:21+00:00\",\"dateModified\":\"2025-12-18T13:58:22+00:00\",\"mainEntityOfPage\":{\"@id\":\"https:\\\/\\\/schoenstatt.com\\\/pt-pt\\\/schoenstattiano-e-eleito-novo-presidente-do-chile\\\/\"},\"wordCount\":358,\"publisher\":{\"@id\":\"https:\\\/\\\/schoenstatt.com\\\/pt-pt\\\/#organization\"},\"image\":{\"@id\":\"https:\\\/\\\/schoenstatt.com\\\/pt-pt\\\/schoenstattiano-e-eleito-novo-presidente-do-chile\\\/#primaryimage\"},\"thumbnailUrl\":\"https:\\\/\\\/schoenstatt.com\\\/wp-content\\\/uploads\\\/2025\\\/12\\\/Jose-Antonio-Kast.webp\",\"keywords\":[\"Schoenstatt Chile\"],\"articleSection\":[\"Am\u00e9rica\"],\"inLanguage\":\"pt-PT\"},{\"@type\":\"WebPage\",\"@id\":\"https:\\\/\\\/schoenstatt.com\\\/pt-pt\\\/schoenstattiano-e-eleito-novo-presidente-do-chile\\\/\",\"url\":\"https:\\\/\\\/schoenstatt.com\\\/pt-pt\\\/schoenstattiano-e-eleito-novo-presidente-do-chile\\\/\",\"name\":\"Schoenstattiano \u00e9 eleito novo presidente do Chile - Schoenstatt\",\"isPartOf\":{\"@id\":\"https:\\\/\\\/schoenstatt.com\\\/pt-pt\\\/#website\"},\"primaryImageOfPage\":{\"@id\":\"https:\\\/\\\/schoenstatt.com\\\/pt-pt\\\/schoenstattiano-e-eleito-novo-presidente-do-chile\\\/#primaryimage\"},\"image\":{\"@id\":\"https:\\\/\\\/schoenstatt.com\\\/pt-pt\\\/schoenstattiano-e-eleito-novo-presidente-do-chile\\\/#primaryimage\"},\"thumbnailUrl\":\"https:\\\/\\\/schoenstatt.com\\\/wp-content\\\/uploads\\\/2025\\\/12\\\/Jose-Antonio-Kast.webp\",\"datePublished\":\"2025-12-18T13:58:21+00:00\",\"dateModified\":\"2025-12-18T13:58:22+00:00\",\"description\":\"Jos\u00e9 Antonio Kast foi eleito novo presidente do Chile. Casado com Mar\u00eda P\u00eda, faz parte do Instituto de Fam\u00edlias de Schoenstatt.\",\"breadcrumb\":{\"@id\":\"https:\\\/\\\/schoenstatt.com\\\/pt-pt\\\/schoenstattiano-e-eleito-novo-presidente-do-chile\\\/#breadcrumb\"},\"inLanguage\":\"pt-PT\",\"potentialAction\":[{\"@type\":\"ReadAction\",\"target\":[\"https:\\\/\\\/schoenstatt.com\\\/pt-pt\\\/schoenstattiano-e-eleito-novo-presidente-do-chile\\\/\"]}]},{\"@type\":\"ImageObject\",\"inLanguage\":\"pt-PT\",\"@id\":\"https:\\\/\\\/schoenstatt.com\\\/pt-pt\\\/schoenstattiano-e-eleito-novo-presidente-do-chile\\\/#primaryimage\",\"url\":\"https:\\\/\\\/schoenstatt.com\\\/wp-content\\\/uploads\\\/2025\\\/12\\\/Jose-Antonio-Kast.webp\",\"contentUrl\":\"https:\\\/\\\/schoenstatt.com\\\/wp-content\\\/uploads\\\/2025\\\/12\\\/Jose-Antonio-Kast.webp\",\"width\":1280,\"height\":856},{\"@type\":\"BreadcrumbList\",\"@id\":\"https:\\\/\\\/schoenstatt.com\\\/pt-pt\\\/schoenstattiano-e-eleito-novo-presidente-do-chile\\\/#breadcrumb\",\"itemListElement\":[{\"@type\":\"ListItem\",\"position\":1,\"name\":\"Portada\",\"item\":\"https:\\\/\\\/schoenstatt.com\\\/pt-pt\\\/home\\\/\"},{\"@type\":\"ListItem\",\"position\":2,\"name\":\"Schoenstattiano \u00e9 eleito novo presidente do Chile\"}]},{\"@type\":\"WebSite\",\"@id\":\"https:\\\/\\\/schoenstatt.com\\\/pt-pt\\\/#website\",\"url\":\"https:\\\/\\\/schoenstatt.com\\\/pt-pt\\\/\",\"name\":\"Schoenstatt\",\"description\":\"Apostolic Movement\",\"publisher\":{\"@id\":\"https:\\\/\\\/schoenstatt.com\\\/pt-pt\\\/#organization\"},\"potentialAction\":[{\"@type\":\"SearchAction\",\"target\":{\"@type\":\"EntryPoint\",\"urlTemplate\":\"https:\\\/\\\/schoenstatt.com\\\/pt-pt\\\/?s={search_term_string}\"},\"query-input\":{\"@type\":\"PropertyValueSpecification\",\"valueRequired\":true,\"valueName\":\"search_term_string\"}}],\"inLanguage\":\"pt-PT\"},{\"@type\":\"Organization\",\"@id\":\"https:\\\/\\\/schoenstatt.com\\\/pt-pt\\\/#organization\",\"name\":\"Schoenstatt\",\"url\":\"https:\\\/\\\/schoenstatt.com\\\/pt-pt\\\/\",\"logo\":{\"@type\":\"ImageObject\",\"inLanguage\":\"pt-PT\",\"@id\":\"https:\\\/\\\/schoenstatt.com\\\/pt-pt\\\/#\\\/schema\\\/logo\\\/image\\\/\",\"url\":\"https:\\\/\\\/schoenstatt.com\\\/wp-content\\\/uploads\\\/2025\\\/04\\\/logo-schoenstatt-white-696x696-1.png\",\"contentUrl\":\"https:\\\/\\\/schoenstatt.com\\\/wp-content\\\/uploads\\\/2025\\\/04\\\/logo-schoenstatt-white-696x696-1.png\",\"width\":696,\"height\":694,\"caption\":\"Schoenstatt\"},\"image\":{\"@id\":\"https:\\\/\\\/schoenstatt.com\\\/pt-pt\\\/#\\\/schema\\\/logo\\\/image\\\/\"}},{\"@type\":\"Person\",\"@id\":\"https:\\\/\\\/schoenstatt.com\\\/pt-pt\\\/#\\\/schema\\\/person\\\/5158877ad4acae98b34daaeef2a1ce6e\",\"name\":\"Karen Bueno\",\"image\":{\"@type\":\"ImageObject\",\"inLanguage\":\"pt-PT\",\"@id\":\"https:\\\/\\\/secure.gravatar.com\\\/avatar\\\/f9f4b823873154269d2b2130f195f6d41037dd0d7fc5f3cacb5c846bae70d66b?s=96&d=mm&r=g\",\"url\":\"https:\\\/\\\/secure.gravatar.com\\\/avatar\\\/f9f4b823873154269d2b2130f195f6d41037dd0d7fc5f3cacb5c846bae70d66b?s=96&d=mm&r=g\",\"contentUrl\":\"https:\\\/\\\/secure.gravatar.com\\\/avatar\\\/f9f4b823873154269d2b2130f195f6d41037dd0d7fc5f3cacb5c846bae70d66b?s=96&d=mm&r=g\",\"caption\":\"Karen Bueno\"},\"url\":\"https:\\\/\\\/schoenstatt.com\\\/pt-pt\\\/author\\\/karen-bueno\\\/\"}]}<\/script>\n<!-- \/ Yoast SEO Premium plugin. -->","yoast_head_json":{"title":"Schoenstattiano \u00e9 eleito novo presidente do Chile - Schoenstatt","description":"Jos\u00e9 Antonio Kast foi eleito novo presidente do Chile. Casado com Mar\u00eda P\u00eda, faz parte do Instituto de Fam\u00edlias de Schoenstatt.","robots":{"index":"index","follow":"follow","max-snippet":"max-snippet:-1","max-image-preview":"max-image-preview:large","max-video-preview":"max-video-preview:-1"},"canonical":"https:\/\/schoenstatt.com\/pt-pt\/schoenstattiano-e-eleito-novo-presidente-do-chile\/","og_locale":"pt_PT","og_type":"article","og_title":"Schoenstattiano \u00e9 eleito novo presidente do Chile","og_description":"Jos\u00e9 Antonio Kast foi eleito novo presidente do Chile. Casado com Mar\u00eda P\u00eda, faz parte do Instituto de Fam\u00edlias de Schoenstatt.","og_url":"https:\/\/schoenstatt.com\/pt-pt\/schoenstattiano-e-eleito-novo-presidente-do-chile\/","og_site_name":"Schoenstatt","article_published_time":"2025-12-18T13:58:21+00:00","article_modified_time":"2025-12-18T13:58:22+00:00","og_image":[{"width":1280,"height":856,"url":"https:\/\/schoenstatt.com\/wp-content\/uploads\/2025\/12\/Jose-Antonio-Kast.webp","type":"image\/jpeg"}],"author":"Karen Bueno","twitter_card":"summary_large_image","twitter_misc":{"Escrito por":"Karen Bueno","Tempo estimado de leitura":"3 minutos"},"schema":{"@context":"https:\/\/schema.org","@graph":[{"@type":"Article","@id":"https:\/\/schoenstatt.com\/pt-pt\/schoenstattiano-e-eleito-novo-presidente-do-chile\/#article","isPartOf":{"@id":"https:\/\/schoenstatt.com\/pt-pt\/schoenstattiano-e-eleito-novo-presidente-do-chile\/"},"author":{"name":"Karen Bueno","@id":"https:\/\/schoenstatt.com\/pt-pt\/#\/schema\/person\/5158877ad4acae98b34daaeef2a1ce6e"},"headline":"Schoenstattiano \u00e9 eleito novo presidente do Chile","datePublished":"2025-12-18T13:58:21+00:00","dateModified":"2025-12-18T13:58:22+00:00","mainEntityOfPage":{"@id":"https:\/\/schoenstatt.com\/pt-pt\/schoenstattiano-e-eleito-novo-presidente-do-chile\/"},"wordCount":358,"publisher":{"@id":"https:\/\/schoenstatt.com\/pt-pt\/#organization"},"image":{"@id":"https:\/\/schoenstatt.com\/pt-pt\/schoenstattiano-e-eleito-novo-presidente-do-chile\/#primaryimage"},"thumbnailUrl":"https:\/\/schoenstatt.com\/wp-content\/uploads\/2025\/12\/Jose-Antonio-Kast.webp","keywords":["Schoenstatt Chile"],"articleSection":["Am\u00e9rica"],"inLanguage":"pt-PT"},{"@type":"WebPage","@id":"https:\/\/schoenstatt.com\/pt-pt\/schoenstattiano-e-eleito-novo-presidente-do-chile\/","url":"https:\/\/schoenstatt.com\/pt-pt\/schoenstattiano-e-eleito-novo-presidente-do-chile\/","name":"Schoenstattiano \u00e9 eleito novo presidente do Chile - Schoenstatt","isPartOf":{"@id":"https:\/\/schoenstatt.com\/pt-pt\/#website"},"primaryImageOfPage":{"@id":"https:\/\/schoenstatt.com\/pt-pt\/schoenstattiano-e-eleito-novo-presidente-do-chile\/#primaryimage"},"image":{"@id":"https:\/\/schoenstatt.com\/pt-pt\/schoenstattiano-e-eleito-novo-presidente-do-chile\/#primaryimage"},"thumbnailUrl":"https:\/\/schoenstatt.com\/wp-content\/uploads\/2025\/12\/Jose-Antonio-Kast.webp","datePublished":"2025-12-18T13:58:21+00:00","dateModified":"2025-12-18T13:58:22+00:00","description":"Jos\u00e9 Antonio Kast foi eleito novo presidente do Chile. Casado com Mar\u00eda P\u00eda, faz parte do Instituto de Fam\u00edlias de Schoenstatt.","breadcrumb":{"@id":"https:\/\/schoenstatt.com\/pt-pt\/schoenstattiano-e-eleito-novo-presidente-do-chile\/#breadcrumb"},"inLanguage":"pt-PT","potentialAction":[{"@type":"ReadAction","target":["https:\/\/schoenstatt.com\/pt-pt\/schoenstattiano-e-eleito-novo-presidente-do-chile\/"]}]},{"@type":"ImageObject","inLanguage":"pt-PT","@id":"https:\/\/schoenstatt.com\/pt-pt\/schoenstattiano-e-eleito-novo-presidente-do-chile\/#primaryimage","url":"https:\/\/schoenstatt.com\/wp-content\/uploads\/2025\/12\/Jose-Antonio-Kast.webp","contentUrl":"https:\/\/schoenstatt.com\/wp-content\/uploads\/2025\/12\/Jose-Antonio-Kast.webp","width":1280,"height":856},{"@type":"BreadcrumbList","@id":"https:\/\/schoenstatt.com\/pt-pt\/schoenstattiano-e-eleito-novo-presidente-do-chile\/#breadcrumb","itemListElement":[{"@type":"ListItem","position":1,"name":"Portada","item":"https:\/\/schoenstatt.com\/pt-pt\/home\/"},{"@type":"ListItem","position":2,"name":"Schoenstattiano \u00e9 eleito novo presidente do Chile"}]},{"@type":"WebSite","@id":"https:\/\/schoenstatt.com\/pt-pt\/#website","url":"https:\/\/schoenstatt.com\/pt-pt\/","name":"Schoenstatt","description":"Apostolic Movement","publisher":{"@id":"https:\/\/schoenstatt.com\/pt-pt\/#organization"},"potentialAction":[{"@type":"SearchAction","target":{"@type":"EntryPoint","urlTemplate":"https:\/\/schoenstatt.com\/pt-pt\/?s={search_term_string}"},"query-input":{"@type":"PropertyValueSpecification","valueRequired":true,"valueName":"search_term_string"}}],"inLanguage":"pt-PT"},{"@type":"Organization","@id":"https:\/\/schoenstatt.com\/pt-pt\/#organization","name":"Schoenstatt","url":"https:\/\/schoenstatt.com\/pt-pt\/","logo":{"@type":"ImageObject","inLanguage":"pt-PT","@id":"https:\/\/schoenstatt.com\/pt-pt\/#\/schema\/logo\/image\/","url":"https:\/\/schoenstatt.com\/wp-content\/uploads\/2025\/04\/logo-schoenstatt-white-696x696-1.png","contentUrl":"https:\/\/schoenstatt.com\/wp-content\/uploads\/2025\/04\/logo-schoenstatt-white-696x696-1.png","width":696,"height":694,"caption":"Schoenstatt"},"image":{"@id":"https:\/\/schoenstatt.com\/pt-pt\/#\/schema\/logo\/image\/"}},{"@type":"Person","@id":"https:\/\/schoenstatt.com\/pt-pt\/#\/schema\/person\/5158877ad4acae98b34daaeef2a1ce6e","name":"Karen Bueno","image":{"@type":"ImageObject","inLanguage":"pt-PT","@id":"https:\/\/secure.gravatar.com\/avatar\/f9f4b823873154269d2b2130f195f6d41037dd0d7fc5f3cacb5c846bae70d66b?s=96&d=mm&r=g","url":"https:\/\/secure.gravatar.com\/avatar\/f9f4b823873154269d2b2130f195f6d41037dd0d7fc5f3cacb5c846bae70d66b?s=96&d=mm&r=g","contentUrl":"https:\/\/secure.gravatar.com\/avatar\/f9f4b823873154269d2b2130f195f6d41037dd0d7fc5f3cacb5c846bae70d66b?s=96&d=mm&r=g","caption":"Karen Bueno"},"url":"https:\/\/schoenstatt.com\/pt-pt\/author\/karen-bueno\/"}]}},"_links":{"self":[{"href":"https:\/\/schoenstatt.com\/pt-pt\/wp-json\/wp\/v2\/posts\/67183","targetHints":{"allow":["GET"]}}],"collection":[{"href":"https:\/\/schoenstatt.com\/pt-pt\/wp-json\/wp\/v2\/posts"}],"about":[{"href":"https:\/\/schoenstatt.com\/pt-pt\/wp-json\/wp\/v2\/types\/post"}],"author":[{"embeddable":true,"href":"https:\/\/schoenstatt.com\/pt-pt\/wp-json\/wp\/v2\/users\/3"}],"replies":[{"embeddable":true,"href":"https:\/\/schoenstatt.com\/pt-pt\/wp-json\/wp\/v2\/comments?post=67183"}],"version-history":[{"count":4,"href":"https:\/\/schoenstatt.com\/pt-pt\/wp-json\/wp\/v2\/posts\/67183\/revisions"}],"predecessor-version":[{"id":67250,"href":"https:\/\/schoenstatt.com\/pt-pt\/wp-json\/wp\/v2\/posts\/67183\/revisions\/67250"}],"wp:featuredmedia":[{"embeddable":true,"href":"https:\/\/schoenstatt.com\/pt-pt\/wp-json\/wp\/v2\/media\/67243"}],"wp:attachment":[{"href":"https:\/\/schoenstatt.com\/pt-pt\/wp-json\/wp\/v2\/media?parent=67183"}],"wp:term":[{"taxonomy":"category","embeddable":true,"href":"https:\/\/schoenstatt.com\/pt-pt\/wp-json\/wp\/v2\/categories?post=67183"},{"taxonomy":"post_tag","embeddable":true,"href":"https:\/\/schoenstatt.com\/pt-pt\/wp-json\/wp\/v2\/tags?post=67183"}],"curies":[{"name":"wp","href":"https:\/\/api.w.org\/{rel}","templated":true}]}}