{"id":67135,"date":"2025-12-15T12:33:57","date_gmt":"2025-12-15T11:33:57","guid":{"rendered":"https:\/\/schoenstatt.com\/?p=67135"},"modified":"2025-12-15T12:46:48","modified_gmt":"2025-12-15T11:46:48","slug":"schoenstatt-presente-no-i-congresso-internacional-de-acompanhamento","status":"publish","type":"post","link":"https:\/\/schoenstatt.com\/pt-pt\/schoenstatt-presente-no-i-congresso-internacional-de-acompanhamento\/","title":{"rendered":"Schoenstatt presente no I Congresso Internacional de Acompanhamento"},"content":{"rendered":"\n<p>De 20 a 22 de novembro, a Ir. Mar\u00eda Ignacia Maillard, assessora da Liga de Fam\u00edlias de Schoenstatt de Madri\/Espanha, participou do I Congresso Internacional de Acompanhamento. O evento foi realizado em Ourense (Espanha), organizado pelo <a href=\"https:\/\/institutodafamilia.es\/\" target=\"_blank\" rel=\"noreferrer noopener\">Instituto da Fam\u00edlia<\/a> e pelo <a href=\"https:\/\/xn--institutointernacionaldeacompaamiento-tsd.com\/\">Instituto Internacional de Acompanhamento<\/a>, ambos institui\u00e7\u00f5es civis espanholas. V\u00e1rios congressistas da Espanha, Portugal e Am\u00e9rica Latina se reuniram para refletir, trocar experi\u00eancias e se formar na pr\u00e1tica do acompanhamento integral, em um contexto marcado pela crescente necessidade de apoio que tantas pessoas apresentam em diferentes \u00e1reas de suas vidas.<\/p>\n\n\n\n<p>Durante o Congresso, a Ir. Mar\u00eda Ignacia teve a oportunidade de apresentar a palestra <em>\u201cA for\u00e7a curativa do amor: um caminho de acompanhamento no matrim\u00f4nio\u201d<\/em>, compartilhando sua experi\u00eancia como assessora das Fam\u00edlias em Madri, no acompanhamento de casais e fam\u00edlias. Ela centrou sua interven\u00e7\u00e3o em como os princ\u00edpios do nosso carisma \u2014 o valor do v\u00ednculo, o autoconhecimento, a liberdade interior, a confian\u00e7a na Provid\u00eancia e o poder transformador do amor \u2014 podem guiar processos reais de crescimento, cura e reconcilia\u00e7\u00e3o na vida cotidiana dos casais.<\/p>\n\n\n\n<figure class=\"wp-block-gallery has-nested-images columns-default is-cropped wp-block-gallery-1 is-layout-flex wp-block-gallery-is-layout-flex\">\n<figure class=\"wp-block-image size-large\"><img decoding=\"async\" data-id=\"67107\" src=\"https:\/\/schoenstatt.com\/wp-content\/uploads\/2025\/12\/Sr-Maria-Ignacia-Maillard-Spain.jpg\" alt=\"\" class=\"wp-image-67107\"\/><\/figure>\n\n\n\n<figure class=\"wp-block-image size-large\"><img decoding=\"async\" data-id=\"67108\" src=\"https:\/\/schoenstatt.com\/wp-content\/uploads\/2025\/12\/Sr-Maria-Ignacia-Maillard-Spain-2.jpg\" alt=\"\" class=\"wp-image-67108\"\/><\/figure>\n<\/figure>\n\n\n\n<p>O Congresso ofereceu um quadro profundo para compreender o que significa acompanhar hoje e como formar acompanhantes capazes de ouvir, apoiar e abrir caminhos de crescimento pessoal, familiar e espiritual. Foi sublinhada a import\u00e2ncia do \u201clugar interior\u201d a partir do qual se situa quem acompanha e a relev\u00e2ncia decisiva do v\u00ednculo como eixo de todo o processo. Acompanhar n\u00e3o consiste em aplicar t\u00e9cnicas, mas em entrar com respeito na hist\u00f3ria do outro, caminhar ao seu lado e ajud\u00e1-lo a descobrir apoios e horizontes que iluminem sua vida. Implica criar um espa\u00e7o em que a pessoa se sinta vista, acolhida e compreendida em sua totalidade, onde possam emergir seus valores, feridas, perguntas e desejos mais profundos. Mais do que ferramentas, requer uma atitude madura capaz de gerar um clima de seguran\u00e7a afetiva e respeito, que favore\u00e7a o crescimento integral do acompanhado e potencie sua liberdade e dignidade.<\/p>\n\n\n\n<h3 class=\"wp-block-heading\" id=\"h-uma-visao-ampla-e-interdisciplinar\">Uma vis\u00e3o ampla e interdisciplinar<\/h3>\n\n\n\n<p>Ao longo das palestras, workshops e mesas redondas, foram integradas perspectivas da Psicologia, Educa\u00e7\u00e3o, Filosofia, Espiritualidade e interven\u00e7\u00e3o social. O Congresso mostrou, assim, a riqueza de uma vis\u00e3o interdisciplinar do acompanhamento, capaz de responder \u00e0 complexidade da vida atual.<\/p>\n\n\n\n<p>Entre as contribui\u00e7\u00f5es mais valiosas esteve a reflex\u00e3o do Dr. Xos\u00e9 Manuel Dom\u00ednguez, uma das principais refer\u00eancias do acompanhamento personalista. Ele destacou a import\u00e2ncia de unir antropologia, clareza metodol\u00f3gica e uma sensibilidade humana capaz de acolher a realidade completa da pessoa. Sua vis\u00e3o ajudou a situar o acompanhamento em um horizonte de crescimento integral, onde cada um pode integrar sua hist\u00f3ria, seus afetos e suas decis\u00f5es a partir de um profundo sentido de dignidade e liberdade.<\/p>\n\n\n\n<figure class=\"wp-block-image aligncenter size-full\"><img decoding=\"async\" src=\"https:\/\/schoenstatt.com\/wp-content\/uploads\/2025\/12\/International-Congress-on-Accompaniment-2.jpg\" alt=\"\" class=\"wp-image-67119\"\/><\/figure>\n\n\n\n<h3 class=\"wp-block-heading\" id=\"h-a-contribuicao-de-schoenstatt\">A contribui\u00e7\u00e3o de Schoenstatt<\/h3>\n\n\n\n<p>Participando pelo Movimento de Schoenstatt, a Ir. Mar\u00eda Ignacia nos conta mais detalhes sobre o Congresso:<\/p>\n\n\n\n<p><strong>Qual foi a contribui\u00e7\u00e3o de Schoenstatt neste evento?<\/strong><\/p>\n\n\n\n<p>Ao ouvir as diferentes contribui\u00e7\u00f5es do Congresso \u2014 e a partir da minha pr\u00f3pria experi\u00eancia como assessora da Liga de Fam\u00edlias de Madri \u2014 surgiu com for\u00e7a a pergunta sobre como podemos enriquecer este caminho a partir da espiritualidade de Schoenstatt.<\/p>\n\n\n\n<p>Creio que nossa contribui\u00e7\u00e3o pode ser expressa sobretudo a partir da \u201cvis\u00e3o org\u00e2nica\u201d da pessoa, t\u00e3o central no pensamento do Pe. Jos\u00e9 Kentenich. Ele afirmava que o ser humano cresce quando se vincula de maneira saud\u00e1vel: consigo mesmo, com os outros, com Deus e com a vida. Essa vis\u00e3o, que integra raz\u00e3o, afetividade e vontade, no contexto da pr\u00f3pria hist\u00f3ria pessoal e miss\u00e3o, ilumina de maneira singular os processos atuais de acompanhamento.<\/p>\n\n\n\n<p><strong>A partir da sua palestra e da pedagogia de Schoenstatt, quais s\u00e3o os aspectos mais destacados sobre o \u201cacompanhamento\u201d que podemos extrair dessas reflex\u00f5es?<\/strong><\/p>\n\n\n\n<p>Acompanhar a partir dessa perspectiva implica:<\/p>\n\n\n\n<ul class=\"wp-block-list\">\n<li>cuidar dos v\u00ednculos que permitem \u00e0 pessoa florescer,<\/li>\n\n\n\n<li>acompanhar ritmos e biografias reais,<\/li>\n\n\n\n<li>ajudar a ler a vida a partir de uma pedagogia que valoriza a liberdade interior, a responsabilidade pessoal e a confian\u00e7a na Provid\u00eancia.<\/li>\n<\/ul>\n\n\n\n<p>Estou convencida de que essa vis\u00e3o pode oferecer ao mundo do acompanhamento um toque pr\u00f3prio e enriquecedor, plenamente compat\u00edvel com os desenvolvimentos atuais no \u00e2mbito profissional e pastoral.<\/p>\n\n\n\n<p><strong>Como foi o congresso e o que pode nos dizer sobre sua participa\u00e7\u00e3o?<\/strong><\/p>\n\n\n\n<p>O ambiente do Congresso foi marcado pelo di\u00e1logo, pelo aprendizado m\u00fatuo e pelo desejo sincero de servir melhor \u00e0queles que buscam orienta\u00e7\u00e3o e apoio, especialmente em momentos de dificuldade ou de busca de sentido. Em uma \u00e9poca em que tantas pessoas se sentem sobrecarregadas, sozinhas ou desorientadas, espa\u00e7os como este renovam o compromisso de construir uma aut\u00eantica cultura do cuidado.<\/p>\n\n\n\n<p>Para mim, esses dias tamb\u00e9m foram uma oportunidade de reconhecer a riqueza que nossa espiritualidade e pedagogia podem trazer para a compreens\u00e3o do acompanhamento e para o trabalho daqueles que atuam nessa \u00e1rea. Foram dias para aprofundar, compartilhar e nos deixar transformar. Porque acompanhar \u2014 e nos deixar acompanhar \u2014 continua sendo um dos atos mais humanos, mais necess\u00e1rios e mais belos do nosso tempo.<\/p>\n\n\n\n<figure class=\"wp-block-image aligncenter size-full\"><img decoding=\"async\" src=\"https:\/\/schoenstatt.com\/wp-content\/uploads\/2025\/12\/International-Congress-on-Accompaniment.jpg\" alt=\"\" class=\"wp-image-67124\"\/><\/figure>\n\n\n\n<p><strong>Tradu\u00e7\u00e3o: <\/strong>Karen Bueno<\/p>\n","protected":false},"excerpt":{"rendered":"<p>Schoenstatt deixa sua contribui\u00e7\u00e3o no I Congresso Internacional de Acompanhamento, com \u00eanfase no trabalho com as fam\u00edlias.<\/p>\n","protected":false},"author":3,"featured_media":67127,"comment_status":"closed","ping_status":"closed","sticky":false,"template":"","format":"standard","meta":{"footnotes":""},"categories":[912],"tags":[],"class_list":["post-67135","post","type-post","status-publish","format-standard","has-post-thumbnail","hentry","category-sociedade-pt-pt"],"yoast_head":"<!-- This site is optimized with the Yoast SEO Premium plugin v27.4 (Yoast SEO v27.4) - https:\/\/yoast.com\/product\/yoast-seo-premium-wordpress\/ -->\n<title>Schoenstatt presente no I Congresso Internacional de Acompanhamento<\/title>\n<meta name=\"description\" content=\"Schoenstatt deixa sua contribui\u00e7\u00e3o no I Congresso Internacional de Acompanhamento, com \u00eanfase no trabalho com as fam\u00edlias.\" \/>\n<meta name=\"robots\" content=\"index, follow, max-snippet:-1, max-image-preview:large, max-video-preview:-1\" \/>\n<link rel=\"canonical\" href=\"https:\/\/schoenstatt.com\/pt-pt\/schoenstatt-presente-no-i-congresso-internacional-de-acompanhamento\/\" \/>\n<meta property=\"og:locale\" content=\"pt_PT\" \/>\n<meta property=\"og:type\" content=\"article\" \/>\n<meta property=\"og:title\" content=\"Schoenstatt presente no I Congresso Internacional de Acompanhamento\" \/>\n<meta property=\"og:description\" content=\"Schoenstatt deixa sua contribui\u00e7\u00e3o no I Congresso Internacional de Acompanhamento, com \u00eanfase no trabalho com as fam\u00edlias.\" \/>\n<meta property=\"og:url\" content=\"https:\/\/schoenstatt.com\/pt-pt\/schoenstatt-presente-no-i-congresso-internacional-de-acompanhamento\/\" \/>\n<meta property=\"og:site_name\" content=\"Schoenstatt\" \/>\n<meta property=\"article:published_time\" content=\"2025-12-15T11:33:57+00:00\" \/>\n<meta property=\"article:modified_time\" content=\"2025-12-15T11:46:48+00:00\" \/>\n<meta property=\"og:image\" content=\"https:\/\/schoenstatt.com\/wp-content\/uploads\/2025\/12\/International-Congress-on-Accompaniment.webp\" \/>\n\t<meta property=\"og:image:width\" content=\"1580\" \/>\n\t<meta property=\"og:image:height\" content=\"1422\" \/>\n\t<meta property=\"og:image:type\" content=\"image\/jpeg\" \/>\n<meta name=\"author\" content=\"Karen Bueno\" \/>\n<meta name=\"twitter:card\" content=\"summary_large_image\" \/>\n<meta name=\"twitter:label1\" content=\"Escrito por\" \/>\n\t<meta name=\"twitter:data1\" content=\"Karen Bueno\" \/>\n\t<meta name=\"twitter:label2\" content=\"Tempo estimado de leitura\" \/>\n\t<meta name=\"twitter:data2\" content=\"6 minutos\" \/>\n<script type=\"application\/ld+json\" class=\"yoast-schema-graph\">{\"@context\":\"https:\\\/\\\/schema.org\",\"@graph\":[{\"@type\":\"Article\",\"@id\":\"https:\\\/\\\/schoenstatt.com\\\/pt-pt\\\/schoenstatt-presente-no-i-congresso-internacional-de-acompanhamento\\\/#article\",\"isPartOf\":{\"@id\":\"https:\\\/\\\/schoenstatt.com\\\/pt-pt\\\/schoenstatt-presente-no-i-congresso-internacional-de-acompanhamento\\\/\"},\"author\":{\"name\":\"Karen Bueno\",\"@id\":\"https:\\\/\\\/schoenstatt.com\\\/pt-pt\\\/#\\\/schema\\\/person\\\/5158877ad4acae98b34daaeef2a1ce6e\"},\"headline\":\"Schoenstatt presente no I Congresso Internacional de Acompanhamento\",\"datePublished\":\"2025-12-15T11:33:57+00:00\",\"dateModified\":\"2025-12-15T11:46:48+00:00\",\"mainEntityOfPage\":{\"@id\":\"https:\\\/\\\/schoenstatt.com\\\/pt-pt\\\/schoenstatt-presente-no-i-congresso-internacional-de-acompanhamento\\\/\"},\"wordCount\":896,\"publisher\":{\"@id\":\"https:\\\/\\\/schoenstatt.com\\\/pt-pt\\\/#organization\"},\"image\":{\"@id\":\"https:\\\/\\\/schoenstatt.com\\\/pt-pt\\\/schoenstatt-presente-no-i-congresso-internacional-de-acompanhamento\\\/#primaryimage\"},\"thumbnailUrl\":\"https:\\\/\\\/schoenstatt.com\\\/wp-content\\\/uploads\\\/2025\\\/12\\\/International-Congress-on-Accompaniment.webp\",\"articleSection\":[\"Sociedade\"],\"inLanguage\":\"pt-PT\"},{\"@type\":\"WebPage\",\"@id\":\"https:\\\/\\\/schoenstatt.com\\\/pt-pt\\\/schoenstatt-presente-no-i-congresso-internacional-de-acompanhamento\\\/\",\"url\":\"https:\\\/\\\/schoenstatt.com\\\/pt-pt\\\/schoenstatt-presente-no-i-congresso-internacional-de-acompanhamento\\\/\",\"name\":\"Schoenstatt presente no I Congresso Internacional de Acompanhamento\",\"isPartOf\":{\"@id\":\"https:\\\/\\\/schoenstatt.com\\\/pt-pt\\\/#website\"},\"primaryImageOfPage\":{\"@id\":\"https:\\\/\\\/schoenstatt.com\\\/pt-pt\\\/schoenstatt-presente-no-i-congresso-internacional-de-acompanhamento\\\/#primaryimage\"},\"image\":{\"@id\":\"https:\\\/\\\/schoenstatt.com\\\/pt-pt\\\/schoenstatt-presente-no-i-congresso-internacional-de-acompanhamento\\\/#primaryimage\"},\"thumbnailUrl\":\"https:\\\/\\\/schoenstatt.com\\\/wp-content\\\/uploads\\\/2025\\\/12\\\/International-Congress-on-Accompaniment.webp\",\"datePublished\":\"2025-12-15T11:33:57+00:00\",\"dateModified\":\"2025-12-15T11:46:48+00:00\",\"description\":\"Schoenstatt deixa sua contribui\u00e7\u00e3o no I Congresso Internacional de Acompanhamento, com \u00eanfase no trabalho com as fam\u00edlias.\",\"breadcrumb\":{\"@id\":\"https:\\\/\\\/schoenstatt.com\\\/pt-pt\\\/schoenstatt-presente-no-i-congresso-internacional-de-acompanhamento\\\/#breadcrumb\"},\"inLanguage\":\"pt-PT\",\"potentialAction\":[{\"@type\":\"ReadAction\",\"target\":[\"https:\\\/\\\/schoenstatt.com\\\/pt-pt\\\/schoenstatt-presente-no-i-congresso-internacional-de-acompanhamento\\\/\"]}]},{\"@type\":\"ImageObject\",\"inLanguage\":\"pt-PT\",\"@id\":\"https:\\\/\\\/schoenstatt.com\\\/pt-pt\\\/schoenstatt-presente-no-i-congresso-internacional-de-acompanhamento\\\/#primaryimage\",\"url\":\"https:\\\/\\\/schoenstatt.com\\\/wp-content\\\/uploads\\\/2025\\\/12\\\/International-Congress-on-Accompaniment.webp\",\"contentUrl\":\"https:\\\/\\\/schoenstatt.com\\\/wp-content\\\/uploads\\\/2025\\\/12\\\/International-Congress-on-Accompaniment.webp\",\"width\":1580,\"height\":1422},{\"@type\":\"BreadcrumbList\",\"@id\":\"https:\\\/\\\/schoenstatt.com\\\/pt-pt\\\/schoenstatt-presente-no-i-congresso-internacional-de-acompanhamento\\\/#breadcrumb\",\"itemListElement\":[{\"@type\":\"ListItem\",\"position\":1,\"name\":\"Portada\",\"item\":\"https:\\\/\\\/schoenstatt.com\\\/pt-pt\\\/home\\\/\"},{\"@type\":\"ListItem\",\"position\":2,\"name\":\"Schoenstatt presente no I Congresso Internacional de Acompanhamento\"}]},{\"@type\":\"WebSite\",\"@id\":\"https:\\\/\\\/schoenstatt.com\\\/pt-pt\\\/#website\",\"url\":\"https:\\\/\\\/schoenstatt.com\\\/pt-pt\\\/\",\"name\":\"Schoenstatt\",\"description\":\"Apostolic Movement\",\"publisher\":{\"@id\":\"https:\\\/\\\/schoenstatt.com\\\/pt-pt\\\/#organization\"},\"potentialAction\":[{\"@type\":\"SearchAction\",\"target\":{\"@type\":\"EntryPoint\",\"urlTemplate\":\"https:\\\/\\\/schoenstatt.com\\\/pt-pt\\\/?s={search_term_string}\"},\"query-input\":{\"@type\":\"PropertyValueSpecification\",\"valueRequired\":true,\"valueName\":\"search_term_string\"}}],\"inLanguage\":\"pt-PT\"},{\"@type\":\"Organization\",\"@id\":\"https:\\\/\\\/schoenstatt.com\\\/pt-pt\\\/#organization\",\"name\":\"Schoenstatt\",\"url\":\"https:\\\/\\\/schoenstatt.com\\\/pt-pt\\\/\",\"logo\":{\"@type\":\"ImageObject\",\"inLanguage\":\"pt-PT\",\"@id\":\"https:\\\/\\\/schoenstatt.com\\\/pt-pt\\\/#\\\/schema\\\/logo\\\/image\\\/\",\"url\":\"https:\\\/\\\/schoenstatt.com\\\/wp-content\\\/uploads\\\/2025\\\/04\\\/logo-schoenstatt-white-696x696-1.png\",\"contentUrl\":\"https:\\\/\\\/schoenstatt.com\\\/wp-content\\\/uploads\\\/2025\\\/04\\\/logo-schoenstatt-white-696x696-1.png\",\"width\":696,\"height\":694,\"caption\":\"Schoenstatt\"},\"image\":{\"@id\":\"https:\\\/\\\/schoenstatt.com\\\/pt-pt\\\/#\\\/schema\\\/logo\\\/image\\\/\"}},{\"@type\":\"Person\",\"@id\":\"https:\\\/\\\/schoenstatt.com\\\/pt-pt\\\/#\\\/schema\\\/person\\\/5158877ad4acae98b34daaeef2a1ce6e\",\"name\":\"Karen Bueno\",\"image\":{\"@type\":\"ImageObject\",\"inLanguage\":\"pt-PT\",\"@id\":\"https:\\\/\\\/secure.gravatar.com\\\/avatar\\\/f9f4b823873154269d2b2130f195f6d41037dd0d7fc5f3cacb5c846bae70d66b?s=96&d=mm&r=g\",\"url\":\"https:\\\/\\\/secure.gravatar.com\\\/avatar\\\/f9f4b823873154269d2b2130f195f6d41037dd0d7fc5f3cacb5c846bae70d66b?s=96&d=mm&r=g\",\"contentUrl\":\"https:\\\/\\\/secure.gravatar.com\\\/avatar\\\/f9f4b823873154269d2b2130f195f6d41037dd0d7fc5f3cacb5c846bae70d66b?s=96&d=mm&r=g\",\"caption\":\"Karen Bueno\"},\"url\":\"https:\\\/\\\/schoenstatt.com\\\/pt-pt\\\/author\\\/karen-bueno\\\/\"}]}<\/script>\n<!-- \/ Yoast SEO Premium plugin. -->","yoast_head_json":{"title":"Schoenstatt presente no I Congresso Internacional de Acompanhamento","description":"Schoenstatt deixa sua contribui\u00e7\u00e3o no I Congresso Internacional de Acompanhamento, com \u00eanfase no trabalho com as fam\u00edlias.","robots":{"index":"index","follow":"follow","max-snippet":"max-snippet:-1","max-image-preview":"max-image-preview:large","max-video-preview":"max-video-preview:-1"},"canonical":"https:\/\/schoenstatt.com\/pt-pt\/schoenstatt-presente-no-i-congresso-internacional-de-acompanhamento\/","og_locale":"pt_PT","og_type":"article","og_title":"Schoenstatt presente no I Congresso Internacional de Acompanhamento","og_description":"Schoenstatt deixa sua contribui\u00e7\u00e3o no I Congresso Internacional de Acompanhamento, com \u00eanfase no trabalho com as fam\u00edlias.","og_url":"https:\/\/schoenstatt.com\/pt-pt\/schoenstatt-presente-no-i-congresso-internacional-de-acompanhamento\/","og_site_name":"Schoenstatt","article_published_time":"2025-12-15T11:33:57+00:00","article_modified_time":"2025-12-15T11:46:48+00:00","og_image":[{"width":1580,"height":1422,"url":"https:\/\/schoenstatt.com\/wp-content\/uploads\/2025\/12\/International-Congress-on-Accompaniment.webp","type":"image\/jpeg"}],"author":"Karen Bueno","twitter_card":"summary_large_image","twitter_misc":{"Escrito por":"Karen Bueno","Tempo estimado de leitura":"6 minutos"},"schema":{"@context":"https:\/\/schema.org","@graph":[{"@type":"Article","@id":"https:\/\/schoenstatt.com\/pt-pt\/schoenstatt-presente-no-i-congresso-internacional-de-acompanhamento\/#article","isPartOf":{"@id":"https:\/\/schoenstatt.com\/pt-pt\/schoenstatt-presente-no-i-congresso-internacional-de-acompanhamento\/"},"author":{"name":"Karen Bueno","@id":"https:\/\/schoenstatt.com\/pt-pt\/#\/schema\/person\/5158877ad4acae98b34daaeef2a1ce6e"},"headline":"Schoenstatt presente no I Congresso Internacional de Acompanhamento","datePublished":"2025-12-15T11:33:57+00:00","dateModified":"2025-12-15T11:46:48+00:00","mainEntityOfPage":{"@id":"https:\/\/schoenstatt.com\/pt-pt\/schoenstatt-presente-no-i-congresso-internacional-de-acompanhamento\/"},"wordCount":896,"publisher":{"@id":"https:\/\/schoenstatt.com\/pt-pt\/#organization"},"image":{"@id":"https:\/\/schoenstatt.com\/pt-pt\/schoenstatt-presente-no-i-congresso-internacional-de-acompanhamento\/#primaryimage"},"thumbnailUrl":"https:\/\/schoenstatt.com\/wp-content\/uploads\/2025\/12\/International-Congress-on-Accompaniment.webp","articleSection":["Sociedade"],"inLanguage":"pt-PT"},{"@type":"WebPage","@id":"https:\/\/schoenstatt.com\/pt-pt\/schoenstatt-presente-no-i-congresso-internacional-de-acompanhamento\/","url":"https:\/\/schoenstatt.com\/pt-pt\/schoenstatt-presente-no-i-congresso-internacional-de-acompanhamento\/","name":"Schoenstatt presente no I Congresso Internacional de Acompanhamento","isPartOf":{"@id":"https:\/\/schoenstatt.com\/pt-pt\/#website"},"primaryImageOfPage":{"@id":"https:\/\/schoenstatt.com\/pt-pt\/schoenstatt-presente-no-i-congresso-internacional-de-acompanhamento\/#primaryimage"},"image":{"@id":"https:\/\/schoenstatt.com\/pt-pt\/schoenstatt-presente-no-i-congresso-internacional-de-acompanhamento\/#primaryimage"},"thumbnailUrl":"https:\/\/schoenstatt.com\/wp-content\/uploads\/2025\/12\/International-Congress-on-Accompaniment.webp","datePublished":"2025-12-15T11:33:57+00:00","dateModified":"2025-12-15T11:46:48+00:00","description":"Schoenstatt deixa sua contribui\u00e7\u00e3o no I Congresso Internacional de Acompanhamento, com \u00eanfase no trabalho com as fam\u00edlias.","breadcrumb":{"@id":"https:\/\/schoenstatt.com\/pt-pt\/schoenstatt-presente-no-i-congresso-internacional-de-acompanhamento\/#breadcrumb"},"inLanguage":"pt-PT","potentialAction":[{"@type":"ReadAction","target":["https:\/\/schoenstatt.com\/pt-pt\/schoenstatt-presente-no-i-congresso-internacional-de-acompanhamento\/"]}]},{"@type":"ImageObject","inLanguage":"pt-PT","@id":"https:\/\/schoenstatt.com\/pt-pt\/schoenstatt-presente-no-i-congresso-internacional-de-acompanhamento\/#primaryimage","url":"https:\/\/schoenstatt.com\/wp-content\/uploads\/2025\/12\/International-Congress-on-Accompaniment.webp","contentUrl":"https:\/\/schoenstatt.com\/wp-content\/uploads\/2025\/12\/International-Congress-on-Accompaniment.webp","width":1580,"height":1422},{"@type":"BreadcrumbList","@id":"https:\/\/schoenstatt.com\/pt-pt\/schoenstatt-presente-no-i-congresso-internacional-de-acompanhamento\/#breadcrumb","itemListElement":[{"@type":"ListItem","position":1,"name":"Portada","item":"https:\/\/schoenstatt.com\/pt-pt\/home\/"},{"@type":"ListItem","position":2,"name":"Schoenstatt presente no I Congresso Internacional de Acompanhamento"}]},{"@type":"WebSite","@id":"https:\/\/schoenstatt.com\/pt-pt\/#website","url":"https:\/\/schoenstatt.com\/pt-pt\/","name":"Schoenstatt","description":"Apostolic Movement","publisher":{"@id":"https:\/\/schoenstatt.com\/pt-pt\/#organization"},"potentialAction":[{"@type":"SearchAction","target":{"@type":"EntryPoint","urlTemplate":"https:\/\/schoenstatt.com\/pt-pt\/?s={search_term_string}"},"query-input":{"@type":"PropertyValueSpecification","valueRequired":true,"valueName":"search_term_string"}}],"inLanguage":"pt-PT"},{"@type":"Organization","@id":"https:\/\/schoenstatt.com\/pt-pt\/#organization","name":"Schoenstatt","url":"https:\/\/schoenstatt.com\/pt-pt\/","logo":{"@type":"ImageObject","inLanguage":"pt-PT","@id":"https:\/\/schoenstatt.com\/pt-pt\/#\/schema\/logo\/image\/","url":"https:\/\/schoenstatt.com\/wp-content\/uploads\/2025\/04\/logo-schoenstatt-white-696x696-1.png","contentUrl":"https:\/\/schoenstatt.com\/wp-content\/uploads\/2025\/04\/logo-schoenstatt-white-696x696-1.png","width":696,"height":694,"caption":"Schoenstatt"},"image":{"@id":"https:\/\/schoenstatt.com\/pt-pt\/#\/schema\/logo\/image\/"}},{"@type":"Person","@id":"https:\/\/schoenstatt.com\/pt-pt\/#\/schema\/person\/5158877ad4acae98b34daaeef2a1ce6e","name":"Karen Bueno","image":{"@type":"ImageObject","inLanguage":"pt-PT","@id":"https:\/\/secure.gravatar.com\/avatar\/f9f4b823873154269d2b2130f195f6d41037dd0d7fc5f3cacb5c846bae70d66b?s=96&d=mm&r=g","url":"https:\/\/secure.gravatar.com\/avatar\/f9f4b823873154269d2b2130f195f6d41037dd0d7fc5f3cacb5c846bae70d66b?s=96&d=mm&r=g","contentUrl":"https:\/\/secure.gravatar.com\/avatar\/f9f4b823873154269d2b2130f195f6d41037dd0d7fc5f3cacb5c846bae70d66b?s=96&d=mm&r=g","caption":"Karen Bueno"},"url":"https:\/\/schoenstatt.com\/pt-pt\/author\/karen-bueno\/"}]}},"_links":{"self":[{"href":"https:\/\/schoenstatt.com\/pt-pt\/wp-json\/wp\/v2\/posts\/67135","targetHints":{"allow":["GET"]}}],"collection":[{"href":"https:\/\/schoenstatt.com\/pt-pt\/wp-json\/wp\/v2\/posts"}],"about":[{"href":"https:\/\/schoenstatt.com\/pt-pt\/wp-json\/wp\/v2\/types\/post"}],"author":[{"embeddable":true,"href":"https:\/\/schoenstatt.com\/pt-pt\/wp-json\/wp\/v2\/users\/3"}],"replies":[{"embeddable":true,"href":"https:\/\/schoenstatt.com\/pt-pt\/wp-json\/wp\/v2\/comments?post=67135"}],"version-history":[{"count":2,"href":"https:\/\/schoenstatt.com\/pt-pt\/wp-json\/wp\/v2\/posts\/67135\/revisions"}],"predecessor-version":[{"id":67137,"href":"https:\/\/schoenstatt.com\/pt-pt\/wp-json\/wp\/v2\/posts\/67135\/revisions\/67137"}],"wp:featuredmedia":[{"embeddable":true,"href":"https:\/\/schoenstatt.com\/pt-pt\/wp-json\/wp\/v2\/media\/67127"}],"wp:attachment":[{"href":"https:\/\/schoenstatt.com\/pt-pt\/wp-json\/wp\/v2\/media?parent=67135"}],"wp:term":[{"taxonomy":"category","embeddable":true,"href":"https:\/\/schoenstatt.com\/pt-pt\/wp-json\/wp\/v2\/categories?post=67135"},{"taxonomy":"post_tag","embeddable":true,"href":"https:\/\/schoenstatt.com\/pt-pt\/wp-json\/wp\/v2\/tags?post=67135"}],"curies":[{"name":"wp","href":"https:\/\/api.w.org\/{rel}","templated":true}]}}