{"id":67093,"date":"2025-12-12T13:02:32","date_gmt":"2025-12-12T12:02:32","guid":{"rendered":"https:\/\/schoenstatt.com\/?p=67093"},"modified":"2025-12-12T13:08:05","modified_gmt":"2025-12-12T12:08:05","slug":"maria-de-guadalupe-luz-de-esperanca-na-escuridao-do-nosso-tempo","status":"publish","type":"post","link":"https:\/\/schoenstatt.com\/pt-pt\/maria-de-guadalupe-luz-de-esperanca-na-escuridao-do-nosso-tempo\/","title":{"rendered":"Maria de Guadalupe, luz de esperan\u00e7a na escurid\u00e3o do nosso tempo"},"content":{"rendered":"\n<p>O dia 12 de dezembro \u00e9 um dia de alegria e esperan\u00e7a, em que a Igreja Cat\u00f3lica celebra as apari\u00e7\u00f5es da Virgem de Guadalupe. Do M\u00e9xico, a devo\u00e7\u00e3o a Santa Maria de Guadalupe se espalhou al\u00e9m das fronteiras, pois traz uma mensagem universal de unidade e paz.<\/p>\n\n\n\n<p>Em Guadalupe, a M\u00e3e de Deus transmite esperan\u00e7a e \u00e9 um s\u00edmbolo de unidade, prote\u00e7\u00e3o e consolo em momentos dif\u00edceis. Ela \u00e9 um farol de f\u00e9 que inspira reconcilia\u00e7\u00e3o, justi\u00e7a e perseveran\u00e7a diante das adversidades. Em seu papel hist\u00f3rico, ela se destaca como um estandarte de esperan\u00e7a para o povo mexicano e para muitos povos. Com sua mensagem de amor, miseric\u00f3rdia e paz, atrai todos para Cristo.<\/p>\n\n\n\n<figure class=\"wp-block-image size-full\"><img decoding=\"async\" src=\"https:\/\/schoenstatt.com\/wp-content\/uploads\/2025\/12\/guadalupe-3.jpg\" alt=\"\" class=\"wp-image-67085\"\/><\/figure>\n\n\n\n<h3 class=\"wp-block-heading\" id=\"h-simbolo-de-esperanca\">S\u00edmbolo de esperan\u00e7a<\/h3>\n\n\n\n<p>A apari\u00e7\u00e3o da Virgem na colina de Tepeyac ocorre 10 anos ap\u00f3s a conquista do M\u00e9xico, em meio a um clima de ruptura cultural, dor, desconfian\u00e7a e tens\u00f5es entre espanh\u00f3is e ind\u00edgenas. Quando aparece, ela fala em <em>n\u00e1huatl<\/em>, a l\u00edngua do povo ind\u00edgena vencido, e se apresenta como M\u00e3e de todos.<\/p>\n\n\n\n<p>O <em>Nican Mopohua<\/em>, que \u00e9 o relato das apari\u00e7\u00f5es da Sant\u00edssima Virgem de Guadalupe, leva este nome porque no texto <em>n\u00e1huatl <\/em>come\u00e7a com estas palavras, que significam \u201cAqui se narra\u201d. Lemos como ela se expressa a Juan Diego:<\/p>\n\n\n\n<p><em>NM 12.- \u201cMeu Juanito, meu Juan Dieguito\u2026 eu sou a perfeita e sempre Virgem Santa Maria, e tenho o privil\u00e9gio de ser M\u00e3e do verdadeiro Deus por quem se vive.\u201d<\/em><\/p>\n\n\n\n<p><em>NM 119.- Acaso n\u00e3o estou aqui, eu que sou tua m\u00e3e? O que, n\u00e3o est\u00e1s no meu colo e corres por minha conta? Porventura ainda precisas de alguma outra coisa? 120.- Por favor, que nada mais te angustie.\u201d<\/em><\/p>\n\n\n\n<p>Este discurso surge em um momento de ang\u00fastia para Juan Diego, pois ele estava preocupado com a doen\u00e7a do seu tio. A Virgem Maria responde-lhe oferecendo:<\/p>\n\n\n\n<p><strong>Acompanhamento, ternura materna e esperan\u00e7a diante da doen\u00e7a e do medo.<\/strong><\/p>\n\n\n\n<p>Esta cena tornou-se, para v\u00e1rias gera\u00e7\u00f5es, um dos textos marianos de maior consolo espiritual na hist\u00f3ria da Igreja.<\/p>\n\n\n\n<h3 class=\"wp-block-heading\" id=\"h-fonte-de-forca-e-perseveranca\">Fonte de for\u00e7a e perseveran\u00e7a<\/h3>\n\n\n\n<p>Uma vez que Maria se oferece como sua M\u00e3e, ela confia a Juan Diego a tarefa:<\/p>\n\n\n\n<p><em>NM 25. \u201cDesejo muito, ardo em desejos de que aqui tenham a bondade de me construir meu pequeno templo.\u201d<\/em><\/p>\n\n\n\n<p><em>NM 32.- \u201cPorque l\u00e1 estarei sempre disposta a ouvir seus choros, sua tristeza, para purificar, para curar todas as suas diferentes mis\u00e9rias, suas penas, suas dores.\u201d<\/em><\/p>\n\n\n\n<h3 class=\"wp-block-heading\" id=\"h-maria-pede-a-construcao-de-uma-igreja-porem\">Maria pede a constru\u00e7\u00e3o de uma igreja, por\u00e9m\u2026<\/h3>\n\n\n\n<p>N\u00e3o \u00e9 uma tarefa f\u00e1cil, pois, para realiz\u00e1-la, Juan Diego \u2013 um simples ind\u00edgena, sem instru\u00e7\u00e3o \u2013 precisa ir at\u00e9 o bispo.<\/p>\n\n\n\n<p><em>NM 33 \u201cE para realizar com toda certeza o que Ele (Deus) pretende\u2026 que voc\u00ea lhe manifeste o grande e ardente desejo que tenho de que ele construa meu templo na plan\u00edcie.\u201d 34.- \u201cE tenha certeza de que lhe serei muito grata e lhe recompensarei\u201d, 35 \u201cEspero que voc\u00ea aceite ir e tenha a bondade de se esfor\u00e7ar ao m\u00e1ximo.\u201d<\/em><\/p>\n\n\n\n<p>Juan Diego vai at\u00e9 o bispo, mas a primeira visita \u00e9 um fracasso. Ele, ent\u00e3o, relata \u00e0 Virgem Maria o que aconteceu. Ela o fortalece, o enche de esperan\u00e7a, e pede que ele persista na tarefa.<\/p>\n\n\n\n<p><em>NM 59.-<\/em> A Virgem diz a Juan Diego:<em> \u201c\u2026mas \u00e9 indispens\u00e1vel que seja precisamente voc\u00ea quem negocie e trate\u2026 60. \u2026e com rigor eu lhe ordeno que amanh\u00e3 voc\u00ea volte a ver o bispo.\u201d<\/em><\/p>\n\n\n\n<p>Com isso, o \u00edndio vai novamente at\u00e9 o bispo, que lhe pede um sinal concreto sobre a presen\u00e7a de Maria.<\/p>\n\n\n\n<p><em>NM125.- \u201cEla se dignou a dizer-lhe: \u00abSuba, meu querido filho, ao alto do morro, onde voc\u00ea me viu e eu lhe dei ordens. 126.- L\u00e1 voc\u00ea ver\u00e1 que est\u00e3o plantadas v\u00e1rias flores: corte-as, re\u00fana-as e coloque-as juntas. Depois, traze-as aqui, diante de mim, traze-as\u2026&#8221;<\/em><\/p>\n\n\n\n<p>Ent\u00e3o, Juan Diego enche sua tilma (seu manto) com flores colhidas no monte \u2013 um lugar de terra \u00e1rida \u2013 e as leva at\u00e9 o bispo. Grande \u00e9 a surpresa deles quando aparece, na tilma, a imagem de Maria de Guadalupe.<\/p>\n\n\n\n<p>Sua imagem une simbologias ind\u00edgenas (o manto turquesa, a flor do <em>nahui ollin<\/em>, a fita que representa a gravidez) e crist\u00e3s (tra\u00e7os europeus misturados, como a estrela da manh\u00e3, o sol).<\/p>\n\n\n\n<h3 class=\"wp-block-heading\" id=\"h-promessa-de-ajuda\">Promessa de ajuda<\/h3>\n\n\n\n<p>No relato de suas apari\u00e7\u00f5es, a Virgem de Guadalupe promete seu \u201camor, [sua] compaix\u00e3o, [sua] ajuda e [sua] prote\u00e7\u00e3o\u201d a todos aqueles que a procuram e confiam nela, oferecendo al\u00edvio para os sofrimentos e infort\u00fanios.<\/p>\n\n\n\n<p>Ela \u00e9 um s\u00edmbolo da maternidade misericordiosa que ouve os \u201cchoros e dores\u201d de seu povo, o que gera uma profunda esperan\u00e7a e confian\u00e7a em sua intercess\u00e3o.<\/p>\n\n\n\n<p>A Bas\u00edlica de Guadalupe re\u00fane todas as pessoas sem distin\u00e7\u00e3o social, cultural ou religiosa. A pr\u00f3pria experi\u00eancia do santu\u00e1rio \u00e9 um sinal vivo de unidade e consolo, porque a Virgem atrai, escuta e abra\u00e7a a todos igualmente. Ela \u00e9 um s\u00edmbolo da \u201cmiss\u00e3o do continente da esperan\u00e7a\u201d, incentivando a constru\u00e7\u00e3o de uma sociedade justa.<\/p>\n\n\n\n<figure class=\"wp-block-pullquote has-medium-font-size\" style=\"border-top-color:var(--wp--preset--color--luminous-vivid-orange);border-top-style:solid;border-top-width:1px;border-bottom-color:var(--wp--preset--color--luminous-vivid-orange);border-bottom-style:solid;border-bottom-width:1px;font-style:italic;font-weight:300\"><blockquote><p>\u201cM\u00e3e de Guadalupe,<br>presen\u00e7a luminosa em nossa hist\u00f3ria,<br>renove em n\u00f3s a esperan\u00e7a<br>e ensine-nos a caminhar como irm\u00e3os.<br>Que sua ternura nos sustente,<br>seu olhar nos console<br>e seu exemplo nos inspire a construir a paz e a unidade,<br>para que Cristo reine em nossos cora\u00e7\u00f5es.\u201d<\/p><cite>Jo\u00e3o Paulo II, 1979<\/cite><\/blockquote><\/figure>\n","protected":false},"excerpt":{"rendered":"<p>\u201cAcaso n\u00e3o estou aqui, eu que sou tua m\u00e3e?\u201d  A imagem de Guadalupe nos conduz \u00e0 esperan\u00e7a em tempos desafiadores.<\/p>\n","protected":false},"author":3,"featured_media":67083,"comment_status":"closed","ping_status":"closed","sticky":false,"template":"","format":"standard","meta":{"footnotes":""},"categories":[916],"tags":[1187],"class_list":["post-67093","post","type-post","status-publish","format-standard","has-post-thumbnail","hentry","category-espiritualidade-pt-pt","tag-schoenstatt-mexico-pt-pt"],"yoast_head":"<!-- This site is optimized with the Yoast SEO Premium plugin v27.4 (Yoast SEO v27.4) - https:\/\/yoast.com\/product\/yoast-seo-premium-wordpress\/ -->\n<title>Maria de Guadalupe, luz de esperan\u00e7a na escurid\u00e3o do nosso tempo<\/title>\n<meta name=\"description\" content=\"\u201cAcaso n\u00e3o estou aqui, eu que sou tua m\u00e3e?\u201d A imagem de Guadalupe nos conduz \u00e0 esperan\u00e7a em tempos desafiadores.\" \/>\n<meta name=\"robots\" content=\"index, follow, max-snippet:-1, max-image-preview:large, max-video-preview:-1\" \/>\n<link rel=\"canonical\" href=\"https:\/\/schoenstatt.com\/pt-pt\/maria-de-guadalupe-luz-de-esperanca-na-escuridao-do-nosso-tempo\/\" \/>\n<meta property=\"og:locale\" content=\"pt_PT\" \/>\n<meta property=\"og:type\" content=\"article\" \/>\n<meta property=\"og:title\" content=\"Maria de Guadalupe, luz de esperan\u00e7a na escurid\u00e3o do nosso tempo\" \/>\n<meta property=\"og:description\" content=\"\u201cAcaso n\u00e3o estou aqui, eu que sou tua m\u00e3e?\u201d A imagem de Guadalupe nos conduz \u00e0 esperan\u00e7a em tempos desafiadores.\" \/>\n<meta property=\"og:url\" content=\"https:\/\/schoenstatt.com\/pt-pt\/maria-de-guadalupe-luz-de-esperanca-na-escuridao-do-nosso-tempo\/\" \/>\n<meta property=\"og:site_name\" content=\"Schoenstatt\" \/>\n<meta property=\"article:published_time\" content=\"2025-12-12T12:02:32+00:00\" \/>\n<meta property=\"article:modified_time\" content=\"2025-12-12T12:08:05+00:00\" \/>\n<meta property=\"og:image\" content=\"https:\/\/schoenstatt.com\/wp-content\/uploads\/2025\/12\/guadalupe-2.webp\" \/>\n\t<meta property=\"og:image:width\" content=\"2048\" \/>\n\t<meta property=\"og:image:height\" content=\"1071\" \/>\n\t<meta property=\"og:image:type\" content=\"image\/jpeg\" \/>\n<meta name=\"author\" content=\"Karen Bueno\" \/>\n<meta name=\"twitter:card\" content=\"summary_large_image\" \/>\n<meta name=\"twitter:label1\" content=\"Escrito por\" \/>\n\t<meta name=\"twitter:data1\" content=\"Karen Bueno\" \/>\n\t<meta name=\"twitter:label2\" content=\"Tempo estimado de leitura\" \/>\n\t<meta name=\"twitter:data2\" content=\"5 minutos\" \/>\n<script type=\"application\/ld+json\" class=\"yoast-schema-graph\">{\"@context\":\"https:\\\/\\\/schema.org\",\"@graph\":[{\"@type\":\"Article\",\"@id\":\"https:\\\/\\\/schoenstatt.com\\\/pt-pt\\\/maria-de-guadalupe-luz-de-esperanca-na-escuridao-do-nosso-tempo\\\/#article\",\"isPartOf\":{\"@id\":\"https:\\\/\\\/schoenstatt.com\\\/pt-pt\\\/maria-de-guadalupe-luz-de-esperanca-na-escuridao-do-nosso-tempo\\\/\"},\"author\":{\"name\":\"Karen Bueno\",\"@id\":\"https:\\\/\\\/schoenstatt.com\\\/pt-pt\\\/#\\\/schema\\\/person\\\/5158877ad4acae98b34daaeef2a1ce6e\"},\"headline\":\"Maria de Guadalupe, luz de esperan\u00e7a na escurid\u00e3o do nosso tempo\",\"datePublished\":\"2025-12-12T12:02:32+00:00\",\"dateModified\":\"2025-12-12T12:08:05+00:00\",\"mainEntityOfPage\":{\"@id\":\"https:\\\/\\\/schoenstatt.com\\\/pt-pt\\\/maria-de-guadalupe-luz-de-esperanca-na-escuridao-do-nosso-tempo\\\/\"},\"wordCount\":950,\"publisher\":{\"@id\":\"https:\\\/\\\/schoenstatt.com\\\/pt-pt\\\/#organization\"},\"image\":{\"@id\":\"https:\\\/\\\/schoenstatt.com\\\/pt-pt\\\/maria-de-guadalupe-luz-de-esperanca-na-escuridao-do-nosso-tempo\\\/#primaryimage\"},\"thumbnailUrl\":\"https:\\\/\\\/schoenstatt.com\\\/wp-content\\\/uploads\\\/2025\\\/12\\\/guadalupe-2.webp\",\"keywords\":[\"Schoenstatt M\u00e9xico\"],\"articleSection\":[\"Espiritualidade\"],\"inLanguage\":\"pt-PT\"},{\"@type\":\"WebPage\",\"@id\":\"https:\\\/\\\/schoenstatt.com\\\/pt-pt\\\/maria-de-guadalupe-luz-de-esperanca-na-escuridao-do-nosso-tempo\\\/\",\"url\":\"https:\\\/\\\/schoenstatt.com\\\/pt-pt\\\/maria-de-guadalupe-luz-de-esperanca-na-escuridao-do-nosso-tempo\\\/\",\"name\":\"Maria de Guadalupe, luz de esperan\u00e7a na escurid\u00e3o do nosso tempo\",\"isPartOf\":{\"@id\":\"https:\\\/\\\/schoenstatt.com\\\/pt-pt\\\/#website\"},\"primaryImageOfPage\":{\"@id\":\"https:\\\/\\\/schoenstatt.com\\\/pt-pt\\\/maria-de-guadalupe-luz-de-esperanca-na-escuridao-do-nosso-tempo\\\/#primaryimage\"},\"image\":{\"@id\":\"https:\\\/\\\/schoenstatt.com\\\/pt-pt\\\/maria-de-guadalupe-luz-de-esperanca-na-escuridao-do-nosso-tempo\\\/#primaryimage\"},\"thumbnailUrl\":\"https:\\\/\\\/schoenstatt.com\\\/wp-content\\\/uploads\\\/2025\\\/12\\\/guadalupe-2.webp\",\"datePublished\":\"2025-12-12T12:02:32+00:00\",\"dateModified\":\"2025-12-12T12:08:05+00:00\",\"description\":\"\u201cAcaso n\u00e3o estou aqui, eu que sou tua m\u00e3e?\u201d A imagem de Guadalupe nos conduz \u00e0 esperan\u00e7a em tempos desafiadores.\",\"breadcrumb\":{\"@id\":\"https:\\\/\\\/schoenstatt.com\\\/pt-pt\\\/maria-de-guadalupe-luz-de-esperanca-na-escuridao-do-nosso-tempo\\\/#breadcrumb\"},\"inLanguage\":\"pt-PT\",\"potentialAction\":[{\"@type\":\"ReadAction\",\"target\":[\"https:\\\/\\\/schoenstatt.com\\\/pt-pt\\\/maria-de-guadalupe-luz-de-esperanca-na-escuridao-do-nosso-tempo\\\/\"]}]},{\"@type\":\"ImageObject\",\"inLanguage\":\"pt-PT\",\"@id\":\"https:\\\/\\\/schoenstatt.com\\\/pt-pt\\\/maria-de-guadalupe-luz-de-esperanca-na-escuridao-do-nosso-tempo\\\/#primaryimage\",\"url\":\"https:\\\/\\\/schoenstatt.com\\\/wp-content\\\/uploads\\\/2025\\\/12\\\/guadalupe-2.webp\",\"contentUrl\":\"https:\\\/\\\/schoenstatt.com\\\/wp-content\\\/uploads\\\/2025\\\/12\\\/guadalupe-2.webp\",\"width\":2048,\"height\":1071},{\"@type\":\"BreadcrumbList\",\"@id\":\"https:\\\/\\\/schoenstatt.com\\\/pt-pt\\\/maria-de-guadalupe-luz-de-esperanca-na-escuridao-do-nosso-tempo\\\/#breadcrumb\",\"itemListElement\":[{\"@type\":\"ListItem\",\"position\":1,\"name\":\"Portada\",\"item\":\"https:\\\/\\\/schoenstatt.com\\\/pt-pt\\\/home\\\/\"},{\"@type\":\"ListItem\",\"position\":2,\"name\":\"Maria de Guadalupe, luz de esperan\u00e7a na escurid\u00e3o do nosso tempo\"}]},{\"@type\":\"WebSite\",\"@id\":\"https:\\\/\\\/schoenstatt.com\\\/pt-pt\\\/#website\",\"url\":\"https:\\\/\\\/schoenstatt.com\\\/pt-pt\\\/\",\"name\":\"Schoenstatt\",\"description\":\"Apostolic Movement\",\"publisher\":{\"@id\":\"https:\\\/\\\/schoenstatt.com\\\/pt-pt\\\/#organization\"},\"potentialAction\":[{\"@type\":\"SearchAction\",\"target\":{\"@type\":\"EntryPoint\",\"urlTemplate\":\"https:\\\/\\\/schoenstatt.com\\\/pt-pt\\\/?s={search_term_string}\"},\"query-input\":{\"@type\":\"PropertyValueSpecification\",\"valueRequired\":true,\"valueName\":\"search_term_string\"}}],\"inLanguage\":\"pt-PT\"},{\"@type\":\"Organization\",\"@id\":\"https:\\\/\\\/schoenstatt.com\\\/pt-pt\\\/#organization\",\"name\":\"Schoenstatt\",\"url\":\"https:\\\/\\\/schoenstatt.com\\\/pt-pt\\\/\",\"logo\":{\"@type\":\"ImageObject\",\"inLanguage\":\"pt-PT\",\"@id\":\"https:\\\/\\\/schoenstatt.com\\\/pt-pt\\\/#\\\/schema\\\/logo\\\/image\\\/\",\"url\":\"https:\\\/\\\/schoenstatt.com\\\/wp-content\\\/uploads\\\/2025\\\/04\\\/logo-schoenstatt-white-696x696-1.png\",\"contentUrl\":\"https:\\\/\\\/schoenstatt.com\\\/wp-content\\\/uploads\\\/2025\\\/04\\\/logo-schoenstatt-white-696x696-1.png\",\"width\":696,\"height\":694,\"caption\":\"Schoenstatt\"},\"image\":{\"@id\":\"https:\\\/\\\/schoenstatt.com\\\/pt-pt\\\/#\\\/schema\\\/logo\\\/image\\\/\"}},{\"@type\":\"Person\",\"@id\":\"https:\\\/\\\/schoenstatt.com\\\/pt-pt\\\/#\\\/schema\\\/person\\\/5158877ad4acae98b34daaeef2a1ce6e\",\"name\":\"Karen Bueno\",\"image\":{\"@type\":\"ImageObject\",\"inLanguage\":\"pt-PT\",\"@id\":\"https:\\\/\\\/secure.gravatar.com\\\/avatar\\\/f9f4b823873154269d2b2130f195f6d41037dd0d7fc5f3cacb5c846bae70d66b?s=96&d=mm&r=g\",\"url\":\"https:\\\/\\\/secure.gravatar.com\\\/avatar\\\/f9f4b823873154269d2b2130f195f6d41037dd0d7fc5f3cacb5c846bae70d66b?s=96&d=mm&r=g\",\"contentUrl\":\"https:\\\/\\\/secure.gravatar.com\\\/avatar\\\/f9f4b823873154269d2b2130f195f6d41037dd0d7fc5f3cacb5c846bae70d66b?s=96&d=mm&r=g\",\"caption\":\"Karen Bueno\"},\"url\":\"https:\\\/\\\/schoenstatt.com\\\/pt-pt\\\/author\\\/karen-bueno\\\/\"}]}<\/script>\n<!-- \/ Yoast SEO Premium plugin. -->","yoast_head_json":{"title":"Maria de Guadalupe, luz de esperan\u00e7a na escurid\u00e3o do nosso tempo","description":"\u201cAcaso n\u00e3o estou aqui, eu que sou tua m\u00e3e?\u201d A imagem de Guadalupe nos conduz \u00e0 esperan\u00e7a em tempos desafiadores.","robots":{"index":"index","follow":"follow","max-snippet":"max-snippet:-1","max-image-preview":"max-image-preview:large","max-video-preview":"max-video-preview:-1"},"canonical":"https:\/\/schoenstatt.com\/pt-pt\/maria-de-guadalupe-luz-de-esperanca-na-escuridao-do-nosso-tempo\/","og_locale":"pt_PT","og_type":"article","og_title":"Maria de Guadalupe, luz de esperan\u00e7a na escurid\u00e3o do nosso tempo","og_description":"\u201cAcaso n\u00e3o estou aqui, eu que sou tua m\u00e3e?\u201d A imagem de Guadalupe nos conduz \u00e0 esperan\u00e7a em tempos desafiadores.","og_url":"https:\/\/schoenstatt.com\/pt-pt\/maria-de-guadalupe-luz-de-esperanca-na-escuridao-do-nosso-tempo\/","og_site_name":"Schoenstatt","article_published_time":"2025-12-12T12:02:32+00:00","article_modified_time":"2025-12-12T12:08:05+00:00","og_image":[{"width":2048,"height":1071,"url":"https:\/\/schoenstatt.com\/wp-content\/uploads\/2025\/12\/guadalupe-2.webp","type":"image\/jpeg"}],"author":"Karen Bueno","twitter_card":"summary_large_image","twitter_misc":{"Escrito por":"Karen Bueno","Tempo estimado de leitura":"5 minutos"},"schema":{"@context":"https:\/\/schema.org","@graph":[{"@type":"Article","@id":"https:\/\/schoenstatt.com\/pt-pt\/maria-de-guadalupe-luz-de-esperanca-na-escuridao-do-nosso-tempo\/#article","isPartOf":{"@id":"https:\/\/schoenstatt.com\/pt-pt\/maria-de-guadalupe-luz-de-esperanca-na-escuridao-do-nosso-tempo\/"},"author":{"name":"Karen Bueno","@id":"https:\/\/schoenstatt.com\/pt-pt\/#\/schema\/person\/5158877ad4acae98b34daaeef2a1ce6e"},"headline":"Maria de Guadalupe, luz de esperan\u00e7a na escurid\u00e3o do nosso tempo","datePublished":"2025-12-12T12:02:32+00:00","dateModified":"2025-12-12T12:08:05+00:00","mainEntityOfPage":{"@id":"https:\/\/schoenstatt.com\/pt-pt\/maria-de-guadalupe-luz-de-esperanca-na-escuridao-do-nosso-tempo\/"},"wordCount":950,"publisher":{"@id":"https:\/\/schoenstatt.com\/pt-pt\/#organization"},"image":{"@id":"https:\/\/schoenstatt.com\/pt-pt\/maria-de-guadalupe-luz-de-esperanca-na-escuridao-do-nosso-tempo\/#primaryimage"},"thumbnailUrl":"https:\/\/schoenstatt.com\/wp-content\/uploads\/2025\/12\/guadalupe-2.webp","keywords":["Schoenstatt M\u00e9xico"],"articleSection":["Espiritualidade"],"inLanguage":"pt-PT"},{"@type":"WebPage","@id":"https:\/\/schoenstatt.com\/pt-pt\/maria-de-guadalupe-luz-de-esperanca-na-escuridao-do-nosso-tempo\/","url":"https:\/\/schoenstatt.com\/pt-pt\/maria-de-guadalupe-luz-de-esperanca-na-escuridao-do-nosso-tempo\/","name":"Maria de Guadalupe, luz de esperan\u00e7a na escurid\u00e3o do nosso tempo","isPartOf":{"@id":"https:\/\/schoenstatt.com\/pt-pt\/#website"},"primaryImageOfPage":{"@id":"https:\/\/schoenstatt.com\/pt-pt\/maria-de-guadalupe-luz-de-esperanca-na-escuridao-do-nosso-tempo\/#primaryimage"},"image":{"@id":"https:\/\/schoenstatt.com\/pt-pt\/maria-de-guadalupe-luz-de-esperanca-na-escuridao-do-nosso-tempo\/#primaryimage"},"thumbnailUrl":"https:\/\/schoenstatt.com\/wp-content\/uploads\/2025\/12\/guadalupe-2.webp","datePublished":"2025-12-12T12:02:32+00:00","dateModified":"2025-12-12T12:08:05+00:00","description":"\u201cAcaso n\u00e3o estou aqui, eu que sou tua m\u00e3e?\u201d A imagem de Guadalupe nos conduz \u00e0 esperan\u00e7a em tempos desafiadores.","breadcrumb":{"@id":"https:\/\/schoenstatt.com\/pt-pt\/maria-de-guadalupe-luz-de-esperanca-na-escuridao-do-nosso-tempo\/#breadcrumb"},"inLanguage":"pt-PT","potentialAction":[{"@type":"ReadAction","target":["https:\/\/schoenstatt.com\/pt-pt\/maria-de-guadalupe-luz-de-esperanca-na-escuridao-do-nosso-tempo\/"]}]},{"@type":"ImageObject","inLanguage":"pt-PT","@id":"https:\/\/schoenstatt.com\/pt-pt\/maria-de-guadalupe-luz-de-esperanca-na-escuridao-do-nosso-tempo\/#primaryimage","url":"https:\/\/schoenstatt.com\/wp-content\/uploads\/2025\/12\/guadalupe-2.webp","contentUrl":"https:\/\/schoenstatt.com\/wp-content\/uploads\/2025\/12\/guadalupe-2.webp","width":2048,"height":1071},{"@type":"BreadcrumbList","@id":"https:\/\/schoenstatt.com\/pt-pt\/maria-de-guadalupe-luz-de-esperanca-na-escuridao-do-nosso-tempo\/#breadcrumb","itemListElement":[{"@type":"ListItem","position":1,"name":"Portada","item":"https:\/\/schoenstatt.com\/pt-pt\/home\/"},{"@type":"ListItem","position":2,"name":"Maria de Guadalupe, luz de esperan\u00e7a na escurid\u00e3o do nosso tempo"}]},{"@type":"WebSite","@id":"https:\/\/schoenstatt.com\/pt-pt\/#website","url":"https:\/\/schoenstatt.com\/pt-pt\/","name":"Schoenstatt","description":"Apostolic Movement","publisher":{"@id":"https:\/\/schoenstatt.com\/pt-pt\/#organization"},"potentialAction":[{"@type":"SearchAction","target":{"@type":"EntryPoint","urlTemplate":"https:\/\/schoenstatt.com\/pt-pt\/?s={search_term_string}"},"query-input":{"@type":"PropertyValueSpecification","valueRequired":true,"valueName":"search_term_string"}}],"inLanguage":"pt-PT"},{"@type":"Organization","@id":"https:\/\/schoenstatt.com\/pt-pt\/#organization","name":"Schoenstatt","url":"https:\/\/schoenstatt.com\/pt-pt\/","logo":{"@type":"ImageObject","inLanguage":"pt-PT","@id":"https:\/\/schoenstatt.com\/pt-pt\/#\/schema\/logo\/image\/","url":"https:\/\/schoenstatt.com\/wp-content\/uploads\/2025\/04\/logo-schoenstatt-white-696x696-1.png","contentUrl":"https:\/\/schoenstatt.com\/wp-content\/uploads\/2025\/04\/logo-schoenstatt-white-696x696-1.png","width":696,"height":694,"caption":"Schoenstatt"},"image":{"@id":"https:\/\/schoenstatt.com\/pt-pt\/#\/schema\/logo\/image\/"}},{"@type":"Person","@id":"https:\/\/schoenstatt.com\/pt-pt\/#\/schema\/person\/5158877ad4acae98b34daaeef2a1ce6e","name":"Karen Bueno","image":{"@type":"ImageObject","inLanguage":"pt-PT","@id":"https:\/\/secure.gravatar.com\/avatar\/f9f4b823873154269d2b2130f195f6d41037dd0d7fc5f3cacb5c846bae70d66b?s=96&d=mm&r=g","url":"https:\/\/secure.gravatar.com\/avatar\/f9f4b823873154269d2b2130f195f6d41037dd0d7fc5f3cacb5c846bae70d66b?s=96&d=mm&r=g","contentUrl":"https:\/\/secure.gravatar.com\/avatar\/f9f4b823873154269d2b2130f195f6d41037dd0d7fc5f3cacb5c846bae70d66b?s=96&d=mm&r=g","caption":"Karen Bueno"},"url":"https:\/\/schoenstatt.com\/pt-pt\/author\/karen-bueno\/"}]}},"_links":{"self":[{"href":"https:\/\/schoenstatt.com\/pt-pt\/wp-json\/wp\/v2\/posts\/67093","targetHints":{"allow":["GET"]}}],"collection":[{"href":"https:\/\/schoenstatt.com\/pt-pt\/wp-json\/wp\/v2\/posts"}],"about":[{"href":"https:\/\/schoenstatt.com\/pt-pt\/wp-json\/wp\/v2\/types\/post"}],"author":[{"embeddable":true,"href":"https:\/\/schoenstatt.com\/pt-pt\/wp-json\/wp\/v2\/users\/3"}],"replies":[{"embeddable":true,"href":"https:\/\/schoenstatt.com\/pt-pt\/wp-json\/wp\/v2\/comments?post=67093"}],"version-history":[{"count":2,"href":"https:\/\/schoenstatt.com\/pt-pt\/wp-json\/wp\/v2\/posts\/67093\/revisions"}],"predecessor-version":[{"id":67095,"href":"https:\/\/schoenstatt.com\/pt-pt\/wp-json\/wp\/v2\/posts\/67093\/revisions\/67095"}],"wp:featuredmedia":[{"embeddable":true,"href":"https:\/\/schoenstatt.com\/pt-pt\/wp-json\/wp\/v2\/media\/67083"}],"wp:attachment":[{"href":"https:\/\/schoenstatt.com\/pt-pt\/wp-json\/wp\/v2\/media?parent=67093"}],"wp:term":[{"taxonomy":"category","embeddable":true,"href":"https:\/\/schoenstatt.com\/pt-pt\/wp-json\/wp\/v2\/categories?post=67093"},{"taxonomy":"post_tag","embeddable":true,"href":"https:\/\/schoenstatt.com\/pt-pt\/wp-json\/wp\/v2\/tags?post=67093"}],"curies":[{"name":"wp","href":"https:\/\/api.w.org\/{rel}","templated":true}]}}