{"id":67072,"date":"2025-12-11T03:53:00","date_gmt":"2025-12-11T02:53:00","guid":{"rendered":"https:\/\/schoenstatt.com\/?p=67072"},"modified":"2025-12-10T18:59:45","modified_gmt":"2025-12-10T17:59:45","slug":"vinculos-em-risco-e-a-palavra-do-ano","status":"publish","type":"post","link":"https:\/\/schoenstatt.com\/pt-pt\/vinculos-em-risco-e-a-palavra-do-ano\/","title":{"rendered":"V\u00ednculos em risco e a Palavra do Ano"},"content":{"rendered":"\n<p>Todos os anos, os grandes dicion\u00e1rios virtuais escolhem uma palavra representativa. <strong>Em 2023, foi \u201cpolariza\u00e7\u00e3o\u201d<\/strong>; <strong>em 2024, surgiu \u201cbrain rot\u201d <\/strong>(deteriora\u00e7\u00e3o cerebral); <strong>e este ano surge \u201cparassocial\u201d. <\/strong>Juntas, essas escolhas tra\u00e7am um mapa revelador da \u00e9poca. A Real Academia Espanhola (RAE), Oxford e Cambridge \u2013 por meio de suas sele\u00e7\u00f5es anuais \u2013 t\u00eam mostrado uma profunda transforma\u00e7\u00e3o na maneira como nos relacionamos, pensamos e sentimos no ambiente digital.<\/p>\n\n\n\n<p>A polariza\u00e7\u00e3o, destacada pela RAE em 2023, refletia uma sociedade fragmentada, onde as ideias se alinhavam em grupos opostos. Um fen\u00f4meno impulsionado pelos algoritmos das redes sociais, que detectam tend\u00eancias, as potencializam ou as levam a um primeiro plano muitas vezes artificial, privilegiando o conflito em detrimento do consenso.<\/p>\n\n\n\n<p>Para 2024, Oxford escolheu outro termo: \u201cbrain rot\u201d ou deteriora\u00e7\u00e3o cerebral. A palavra se refere \u00e0 deteriora\u00e7\u00e3o cognitiva atribu\u00edda ao consumo massivo de conte\u00fado digital superficial e reacendeu o debate sobre regulamenta\u00e7\u00e3o e padr\u00f5es de qualidade da IA.<\/p>\n\n\n\n<p>Neste ano de 2025, o <a href=\"https:\/\/www.cnnbrasil.com.br\/lifestyle\/saiba-qual-a-palavra-do-ano-de-2025-segundo-o-dicionario-cambridge\/\" target=\"_blank\" rel=\"noreferrer noopener\">dicion\u00e1rio Cambridge<\/a> \u2014 cujo portal \u00e9 visitado por milh\u00f5es de pessoas \u2014 completa o quadro com o termo <strong>\u201cparassocial\u201d<\/strong>, conceito que descreve conex\u00f5es em que algu\u00e9m sente proximidade com quem n\u00e3o conhece, desde estrelas do cinema, da m\u00fasica, do esporte, influenciadores, at\u00e9 intelig\u00eancias artificiais. A ilus\u00e3o de proximidade \u00e9 constru\u00edda sobre uma rela\u00e7\u00e3o estritamente unilateral, em que o receptor \u2013 cantor, ator ou esportista \u2013 nada sabe sobre o interlocutor. Este \u00faltimo \u00e9 apenas mais um n\u00famero em sua extensa rede de seguidores.<\/p>\n\n\n\n<p>O termo n\u00e3o \u00e9 novo. A palavra \u201cparassocial\u201d surgiu em 1956 para descrever como os telespectadores desenvolviam la\u00e7os ilus\u00f3rios com personalidades da tela. Sete d\u00e9cadas depois, as plataformas digitais e a intelig\u00eancia artificial multiplicaram exponencialmente esse efeito. Hoje, celebridades e figuras p\u00fablicas acumulam seguidores que genuinamente acreditam \u201cconhec\u00ea-las\u201d, mas vivem uma ilus\u00e3o que pode desencadear frustra\u00e7\u00f5es e maior isolamento. Mas a fronteira avan\u00e7a: assistentes virtuais como Alexa ou Siri e chatbots como ChatGPT se integraram como presen\u00e7as cotidianas. Sua crescente sofistica\u00e7\u00e3o os posiciona, para alguns usu\u00e1rios, como companheiros mais consistentes do que suas rela\u00e7\u00f5es humanas.<\/p>\n\n\n\n<p>Diante desse panorama, o Dicast\u00e9rio para a Doutrina da F\u00e9 publicou em janeiro o documento <em><a href=\"https:\/\/www.vatican.va\/roman_curia\/congregations\/cfaith\/documents\/rc_ddf_doc_20250128_antiqua-et-nova_sp.html\" target=\"_blank\" rel=\"noreferrer noopener\">Antiqua et nova<\/a><\/em>, sobre intelig\u00eancia artificial e rela\u00e7\u00f5es humanas. Al\u00e9m de elogiar as evidentes vantagens dos avan\u00e7os tecnol\u00f3gicos, a Igreja ressalta que a IA deve ser uma ferramenta para o desenvolvimento humano, nunca um substituto.<\/p>\n\n\n\n<p>Enquanto as plataformas monetizam a aten\u00e7\u00e3o e as empresas de tecnologia prometem companhia artificial instant\u00e2nea, as evid\u00eancias apontam que as rela\u00e7\u00f5es humanas \u2013 reais, livres e rec\u00edprocas \u2013 mant\u00eam um valor \u00fanico. <strong>Em um mundo de v\u00ednculos paralelos, onde coexistem conex\u00f5es aut\u00eanticas com substitutos digitais, a escolha de \u201cparassocial\u201d como palavra do ano serve como um lembrete: a tecnologia pode mediar, mas nunca substituir os v\u00ednculos que nos tornam plenamente humanos.<\/strong><\/p>\n\n\n\n<figure class=\"wp-block-pullquote has-medium-font-size\" style=\"border-top-color:var(--wp--preset--color--luminous-vivid-orange);border-top-style:solid;border-top-width:1px;border-bottom-color:var(--wp--preset--color--luminous-vivid-orange);border-bottom-style:solid;border-bottom-width:1px;font-style:italic;font-weight:300\"><blockquote><p>\u201cTemos que capacitar novamente o homem para suas m\u00faltiplas vincula\u00e7\u00f5es, torn\u00e1-lo capaz e disposto para uma profunda vincu\u00acla\u00e7\u00e3o interior a lugares, coisas e ideias. Sobretudo temos que torn\u00e1-lo capaz de desenvolver os v\u00ednculos com a comunidade\u201d. \u201cQuem ignorar esta tarefa na educa\u00e7\u00e3o e na pastoral construir\u00e1 sobre a areia seus planos de renova\u00e7\u00e3o\u201d.<\/p><cite>(Kentenich, Jos\u00e9, Vinculaciones personales, op. cit., p. 19ss.).<\/cite><\/blockquote><\/figure>\n\n\n\n<p><strong>Fonte: <\/strong>Revista V\u00ednculo, n.\u00ba 397, dezembro de 2025.<\/p>\n\n\n\n<p><strong>Tradu\u00e7\u00e3o:<\/strong> Karen Bueno<\/p>\n","protected":false},"excerpt":{"rendered":"<p>A \u201cpalavra do ano\u201d de 2025 nos desafia a cultivar v\u00ednculos verdadeiros e repensar nossas rela\u00e7\u00f5es no tempo atual.<\/p>\n","protected":false},"author":3,"featured_media":67066,"comment_status":"closed","ping_status":"closed","sticky":false,"template":"","format":"standard","meta":{"footnotes":""},"categories":[912],"tags":[],"class_list":["post-67072","post","type-post","status-publish","format-standard","has-post-thumbnail","hentry","category-sociedade-pt-pt"],"yoast_head":"<!-- This site is optimized with the Yoast SEO Premium plugin v27.4 (Yoast SEO v27.4) - https:\/\/yoast.com\/product\/yoast-seo-premium-wordpress\/ -->\n<title>V\u00ednculos em risco e a Palavra do Ano - Schoenstatt<\/title>\n<meta name=\"description\" content=\"A \u201cpalavra do ano\u201d de 2025 nos desafia a cultivar v\u00ednculos verdadeiros e repensar nossas rela\u00e7\u00f5es no tempo atual.\" \/>\n<meta name=\"robots\" content=\"index, follow, max-snippet:-1, max-image-preview:large, max-video-preview:-1\" \/>\n<link rel=\"canonical\" href=\"https:\/\/schoenstatt.com\/pt-pt\/vinculos-em-risco-e-a-palavra-do-ano\/\" \/>\n<meta property=\"og:locale\" content=\"pt_PT\" \/>\n<meta property=\"og:type\" content=\"article\" \/>\n<meta property=\"og:title\" content=\"V\u00ednculos em risco e a Palavra do Ano\" \/>\n<meta property=\"og:description\" content=\"A \u201cpalavra do ano\u201d de 2025 nos desafia a cultivar v\u00ednculos verdadeiros e repensar nossas rela\u00e7\u00f5es no tempo atual.\" \/>\n<meta property=\"og:url\" content=\"https:\/\/schoenstatt.com\/pt-pt\/vinculos-em-risco-e-a-palavra-do-ano\/\" \/>\n<meta property=\"og:site_name\" content=\"Schoenstatt\" \/>\n<meta property=\"article:published_time\" content=\"2025-12-11T02:53:00+00:00\" \/>\n<meta property=\"og:image\" content=\"https:\/\/schoenstatt.com\/wp-content\/uploads\/2025\/12\/vinculos-schoenstatt-youth.webp\" \/>\n\t<meta property=\"og:image:width\" content=\"2048\" \/>\n\t<meta property=\"og:image:height\" content=\"1365\" \/>\n\t<meta property=\"og:image:type\" content=\"image\/jpeg\" \/>\n<meta name=\"author\" content=\"Karen Bueno\" \/>\n<meta name=\"twitter:card\" content=\"summary_large_image\" \/>\n<meta name=\"twitter:label1\" content=\"Escrito por\" \/>\n\t<meta name=\"twitter:data1\" content=\"Karen Bueno\" \/>\n\t<meta name=\"twitter:label2\" content=\"Tempo estimado de leitura\" \/>\n\t<meta name=\"twitter:data2\" content=\"3 minutos\" \/>\n<script type=\"application\/ld+json\" class=\"yoast-schema-graph\">{\"@context\":\"https:\\\/\\\/schema.org\",\"@graph\":[{\"@type\":\"Article\",\"@id\":\"https:\\\/\\\/schoenstatt.com\\\/pt-pt\\\/vinculos-em-risco-e-a-palavra-do-ano\\\/#article\",\"isPartOf\":{\"@id\":\"https:\\\/\\\/schoenstatt.com\\\/pt-pt\\\/vinculos-em-risco-e-a-palavra-do-ano\\\/\"},\"author\":{\"name\":\"Karen Bueno\",\"@id\":\"https:\\\/\\\/schoenstatt.com\\\/pt-pt\\\/#\\\/schema\\\/person\\\/5158877ad4acae98b34daaeef2a1ce6e\"},\"headline\":\"V\u00ednculos em risco e a Palavra do Ano\",\"datePublished\":\"2025-12-11T02:53:00+00:00\",\"mainEntityOfPage\":{\"@id\":\"https:\\\/\\\/schoenstatt.com\\\/pt-pt\\\/vinculos-em-risco-e-a-palavra-do-ano\\\/\"},\"wordCount\":587,\"publisher\":{\"@id\":\"https:\\\/\\\/schoenstatt.com\\\/pt-pt\\\/#organization\"},\"image\":{\"@id\":\"https:\\\/\\\/schoenstatt.com\\\/pt-pt\\\/vinculos-em-risco-e-a-palavra-do-ano\\\/#primaryimage\"},\"thumbnailUrl\":\"https:\\\/\\\/schoenstatt.com\\\/wp-content\\\/uploads\\\/2025\\\/12\\\/vinculos-schoenstatt-youth.webp\",\"articleSection\":[\"Sociedade\"],\"inLanguage\":\"pt-PT\"},{\"@type\":\"WebPage\",\"@id\":\"https:\\\/\\\/schoenstatt.com\\\/pt-pt\\\/vinculos-em-risco-e-a-palavra-do-ano\\\/\",\"url\":\"https:\\\/\\\/schoenstatt.com\\\/pt-pt\\\/vinculos-em-risco-e-a-palavra-do-ano\\\/\",\"name\":\"V\u00ednculos em risco e a Palavra do Ano - Schoenstatt\",\"isPartOf\":{\"@id\":\"https:\\\/\\\/schoenstatt.com\\\/pt-pt\\\/#website\"},\"primaryImageOfPage\":{\"@id\":\"https:\\\/\\\/schoenstatt.com\\\/pt-pt\\\/vinculos-em-risco-e-a-palavra-do-ano\\\/#primaryimage\"},\"image\":{\"@id\":\"https:\\\/\\\/schoenstatt.com\\\/pt-pt\\\/vinculos-em-risco-e-a-palavra-do-ano\\\/#primaryimage\"},\"thumbnailUrl\":\"https:\\\/\\\/schoenstatt.com\\\/wp-content\\\/uploads\\\/2025\\\/12\\\/vinculos-schoenstatt-youth.webp\",\"datePublished\":\"2025-12-11T02:53:00+00:00\",\"description\":\"A \u201cpalavra do ano\u201d de 2025 nos desafia a cultivar v\u00ednculos verdadeiros e repensar nossas rela\u00e7\u00f5es no tempo atual.\",\"breadcrumb\":{\"@id\":\"https:\\\/\\\/schoenstatt.com\\\/pt-pt\\\/vinculos-em-risco-e-a-palavra-do-ano\\\/#breadcrumb\"},\"inLanguage\":\"pt-PT\",\"potentialAction\":[{\"@type\":\"ReadAction\",\"target\":[\"https:\\\/\\\/schoenstatt.com\\\/pt-pt\\\/vinculos-em-risco-e-a-palavra-do-ano\\\/\"]}]},{\"@type\":\"ImageObject\",\"inLanguage\":\"pt-PT\",\"@id\":\"https:\\\/\\\/schoenstatt.com\\\/pt-pt\\\/vinculos-em-risco-e-a-palavra-do-ano\\\/#primaryimage\",\"url\":\"https:\\\/\\\/schoenstatt.com\\\/wp-content\\\/uploads\\\/2025\\\/12\\\/vinculos-schoenstatt-youth.webp\",\"contentUrl\":\"https:\\\/\\\/schoenstatt.com\\\/wp-content\\\/uploads\\\/2025\\\/12\\\/vinculos-schoenstatt-youth.webp\",\"width\":2048,\"height\":1365},{\"@type\":\"BreadcrumbList\",\"@id\":\"https:\\\/\\\/schoenstatt.com\\\/pt-pt\\\/vinculos-em-risco-e-a-palavra-do-ano\\\/#breadcrumb\",\"itemListElement\":[{\"@type\":\"ListItem\",\"position\":1,\"name\":\"Portada\",\"item\":\"https:\\\/\\\/schoenstatt.com\\\/pt-pt\\\/home\\\/\"},{\"@type\":\"ListItem\",\"position\":2,\"name\":\"V\u00ednculos em risco e a Palavra do Ano\"}]},{\"@type\":\"WebSite\",\"@id\":\"https:\\\/\\\/schoenstatt.com\\\/pt-pt\\\/#website\",\"url\":\"https:\\\/\\\/schoenstatt.com\\\/pt-pt\\\/\",\"name\":\"Schoenstatt\",\"description\":\"Apostolic Movement\",\"publisher\":{\"@id\":\"https:\\\/\\\/schoenstatt.com\\\/pt-pt\\\/#organization\"},\"potentialAction\":[{\"@type\":\"SearchAction\",\"target\":{\"@type\":\"EntryPoint\",\"urlTemplate\":\"https:\\\/\\\/schoenstatt.com\\\/pt-pt\\\/?s={search_term_string}\"},\"query-input\":{\"@type\":\"PropertyValueSpecification\",\"valueRequired\":true,\"valueName\":\"search_term_string\"}}],\"inLanguage\":\"pt-PT\"},{\"@type\":\"Organization\",\"@id\":\"https:\\\/\\\/schoenstatt.com\\\/pt-pt\\\/#organization\",\"name\":\"Schoenstatt\",\"url\":\"https:\\\/\\\/schoenstatt.com\\\/pt-pt\\\/\",\"logo\":{\"@type\":\"ImageObject\",\"inLanguage\":\"pt-PT\",\"@id\":\"https:\\\/\\\/schoenstatt.com\\\/pt-pt\\\/#\\\/schema\\\/logo\\\/image\\\/\",\"url\":\"https:\\\/\\\/schoenstatt.com\\\/wp-content\\\/uploads\\\/2025\\\/04\\\/logo-schoenstatt-white-696x696-1.png\",\"contentUrl\":\"https:\\\/\\\/schoenstatt.com\\\/wp-content\\\/uploads\\\/2025\\\/04\\\/logo-schoenstatt-white-696x696-1.png\",\"width\":696,\"height\":694,\"caption\":\"Schoenstatt\"},\"image\":{\"@id\":\"https:\\\/\\\/schoenstatt.com\\\/pt-pt\\\/#\\\/schema\\\/logo\\\/image\\\/\"}},{\"@type\":\"Person\",\"@id\":\"https:\\\/\\\/schoenstatt.com\\\/pt-pt\\\/#\\\/schema\\\/person\\\/5158877ad4acae98b34daaeef2a1ce6e\",\"name\":\"Karen Bueno\",\"image\":{\"@type\":\"ImageObject\",\"inLanguage\":\"pt-PT\",\"@id\":\"https:\\\/\\\/secure.gravatar.com\\\/avatar\\\/f9f4b823873154269d2b2130f195f6d41037dd0d7fc5f3cacb5c846bae70d66b?s=96&d=mm&r=g\",\"url\":\"https:\\\/\\\/secure.gravatar.com\\\/avatar\\\/f9f4b823873154269d2b2130f195f6d41037dd0d7fc5f3cacb5c846bae70d66b?s=96&d=mm&r=g\",\"contentUrl\":\"https:\\\/\\\/secure.gravatar.com\\\/avatar\\\/f9f4b823873154269d2b2130f195f6d41037dd0d7fc5f3cacb5c846bae70d66b?s=96&d=mm&r=g\",\"caption\":\"Karen Bueno\"},\"url\":\"https:\\\/\\\/schoenstatt.com\\\/pt-pt\\\/author\\\/karen-bueno\\\/\"}]}<\/script>\n<!-- \/ Yoast SEO Premium plugin. -->","yoast_head_json":{"title":"V\u00ednculos em risco e a Palavra do Ano - Schoenstatt","description":"A \u201cpalavra do ano\u201d de 2025 nos desafia a cultivar v\u00ednculos verdadeiros e repensar nossas rela\u00e7\u00f5es no tempo atual.","robots":{"index":"index","follow":"follow","max-snippet":"max-snippet:-1","max-image-preview":"max-image-preview:large","max-video-preview":"max-video-preview:-1"},"canonical":"https:\/\/schoenstatt.com\/pt-pt\/vinculos-em-risco-e-a-palavra-do-ano\/","og_locale":"pt_PT","og_type":"article","og_title":"V\u00ednculos em risco e a Palavra do Ano","og_description":"A \u201cpalavra do ano\u201d de 2025 nos desafia a cultivar v\u00ednculos verdadeiros e repensar nossas rela\u00e7\u00f5es no tempo atual.","og_url":"https:\/\/schoenstatt.com\/pt-pt\/vinculos-em-risco-e-a-palavra-do-ano\/","og_site_name":"Schoenstatt","article_published_time":"2025-12-11T02:53:00+00:00","og_image":[{"url":"https:\/\/schoenstatt.com\/wp-content\/uploads\/2025\/12\/vinculos-schoenstatt-youth.webp","width":2048,"height":1365,"type":"image\/jpeg"}],"author":"Karen Bueno","twitter_card":"summary_large_image","twitter_misc":{"Escrito por":"Karen Bueno","Tempo estimado de leitura":"3 minutos"},"schema":{"@context":"https:\/\/schema.org","@graph":[{"@type":"Article","@id":"https:\/\/schoenstatt.com\/pt-pt\/vinculos-em-risco-e-a-palavra-do-ano\/#article","isPartOf":{"@id":"https:\/\/schoenstatt.com\/pt-pt\/vinculos-em-risco-e-a-palavra-do-ano\/"},"author":{"name":"Karen Bueno","@id":"https:\/\/schoenstatt.com\/pt-pt\/#\/schema\/person\/5158877ad4acae98b34daaeef2a1ce6e"},"headline":"V\u00ednculos em risco e a Palavra do Ano","datePublished":"2025-12-11T02:53:00+00:00","mainEntityOfPage":{"@id":"https:\/\/schoenstatt.com\/pt-pt\/vinculos-em-risco-e-a-palavra-do-ano\/"},"wordCount":587,"publisher":{"@id":"https:\/\/schoenstatt.com\/pt-pt\/#organization"},"image":{"@id":"https:\/\/schoenstatt.com\/pt-pt\/vinculos-em-risco-e-a-palavra-do-ano\/#primaryimage"},"thumbnailUrl":"https:\/\/schoenstatt.com\/wp-content\/uploads\/2025\/12\/vinculos-schoenstatt-youth.webp","articleSection":["Sociedade"],"inLanguage":"pt-PT"},{"@type":"WebPage","@id":"https:\/\/schoenstatt.com\/pt-pt\/vinculos-em-risco-e-a-palavra-do-ano\/","url":"https:\/\/schoenstatt.com\/pt-pt\/vinculos-em-risco-e-a-palavra-do-ano\/","name":"V\u00ednculos em risco e a Palavra do Ano - Schoenstatt","isPartOf":{"@id":"https:\/\/schoenstatt.com\/pt-pt\/#website"},"primaryImageOfPage":{"@id":"https:\/\/schoenstatt.com\/pt-pt\/vinculos-em-risco-e-a-palavra-do-ano\/#primaryimage"},"image":{"@id":"https:\/\/schoenstatt.com\/pt-pt\/vinculos-em-risco-e-a-palavra-do-ano\/#primaryimage"},"thumbnailUrl":"https:\/\/schoenstatt.com\/wp-content\/uploads\/2025\/12\/vinculos-schoenstatt-youth.webp","datePublished":"2025-12-11T02:53:00+00:00","description":"A \u201cpalavra do ano\u201d de 2025 nos desafia a cultivar v\u00ednculos verdadeiros e repensar nossas rela\u00e7\u00f5es no tempo atual.","breadcrumb":{"@id":"https:\/\/schoenstatt.com\/pt-pt\/vinculos-em-risco-e-a-palavra-do-ano\/#breadcrumb"},"inLanguage":"pt-PT","potentialAction":[{"@type":"ReadAction","target":["https:\/\/schoenstatt.com\/pt-pt\/vinculos-em-risco-e-a-palavra-do-ano\/"]}]},{"@type":"ImageObject","inLanguage":"pt-PT","@id":"https:\/\/schoenstatt.com\/pt-pt\/vinculos-em-risco-e-a-palavra-do-ano\/#primaryimage","url":"https:\/\/schoenstatt.com\/wp-content\/uploads\/2025\/12\/vinculos-schoenstatt-youth.webp","contentUrl":"https:\/\/schoenstatt.com\/wp-content\/uploads\/2025\/12\/vinculos-schoenstatt-youth.webp","width":2048,"height":1365},{"@type":"BreadcrumbList","@id":"https:\/\/schoenstatt.com\/pt-pt\/vinculos-em-risco-e-a-palavra-do-ano\/#breadcrumb","itemListElement":[{"@type":"ListItem","position":1,"name":"Portada","item":"https:\/\/schoenstatt.com\/pt-pt\/home\/"},{"@type":"ListItem","position":2,"name":"V\u00ednculos em risco e a Palavra do Ano"}]},{"@type":"WebSite","@id":"https:\/\/schoenstatt.com\/pt-pt\/#website","url":"https:\/\/schoenstatt.com\/pt-pt\/","name":"Schoenstatt","description":"Apostolic Movement","publisher":{"@id":"https:\/\/schoenstatt.com\/pt-pt\/#organization"},"potentialAction":[{"@type":"SearchAction","target":{"@type":"EntryPoint","urlTemplate":"https:\/\/schoenstatt.com\/pt-pt\/?s={search_term_string}"},"query-input":{"@type":"PropertyValueSpecification","valueRequired":true,"valueName":"search_term_string"}}],"inLanguage":"pt-PT"},{"@type":"Organization","@id":"https:\/\/schoenstatt.com\/pt-pt\/#organization","name":"Schoenstatt","url":"https:\/\/schoenstatt.com\/pt-pt\/","logo":{"@type":"ImageObject","inLanguage":"pt-PT","@id":"https:\/\/schoenstatt.com\/pt-pt\/#\/schema\/logo\/image\/","url":"https:\/\/schoenstatt.com\/wp-content\/uploads\/2025\/04\/logo-schoenstatt-white-696x696-1.png","contentUrl":"https:\/\/schoenstatt.com\/wp-content\/uploads\/2025\/04\/logo-schoenstatt-white-696x696-1.png","width":696,"height":694,"caption":"Schoenstatt"},"image":{"@id":"https:\/\/schoenstatt.com\/pt-pt\/#\/schema\/logo\/image\/"}},{"@type":"Person","@id":"https:\/\/schoenstatt.com\/pt-pt\/#\/schema\/person\/5158877ad4acae98b34daaeef2a1ce6e","name":"Karen Bueno","image":{"@type":"ImageObject","inLanguage":"pt-PT","@id":"https:\/\/secure.gravatar.com\/avatar\/f9f4b823873154269d2b2130f195f6d41037dd0d7fc5f3cacb5c846bae70d66b?s=96&d=mm&r=g","url":"https:\/\/secure.gravatar.com\/avatar\/f9f4b823873154269d2b2130f195f6d41037dd0d7fc5f3cacb5c846bae70d66b?s=96&d=mm&r=g","contentUrl":"https:\/\/secure.gravatar.com\/avatar\/f9f4b823873154269d2b2130f195f6d41037dd0d7fc5f3cacb5c846bae70d66b?s=96&d=mm&r=g","caption":"Karen Bueno"},"url":"https:\/\/schoenstatt.com\/pt-pt\/author\/karen-bueno\/"}]}},"_links":{"self":[{"href":"https:\/\/schoenstatt.com\/pt-pt\/wp-json\/wp\/v2\/posts\/67072","targetHints":{"allow":["GET"]}}],"collection":[{"href":"https:\/\/schoenstatt.com\/pt-pt\/wp-json\/wp\/v2\/posts"}],"about":[{"href":"https:\/\/schoenstatt.com\/pt-pt\/wp-json\/wp\/v2\/types\/post"}],"author":[{"embeddable":true,"href":"https:\/\/schoenstatt.com\/pt-pt\/wp-json\/wp\/v2\/users\/3"}],"replies":[{"embeddable":true,"href":"https:\/\/schoenstatt.com\/pt-pt\/wp-json\/wp\/v2\/comments?post=67072"}],"version-history":[{"count":2,"href":"https:\/\/schoenstatt.com\/pt-pt\/wp-json\/wp\/v2\/posts\/67072\/revisions"}],"predecessor-version":[{"id":67074,"href":"https:\/\/schoenstatt.com\/pt-pt\/wp-json\/wp\/v2\/posts\/67072\/revisions\/67074"}],"wp:featuredmedia":[{"embeddable":true,"href":"https:\/\/schoenstatt.com\/pt-pt\/wp-json\/wp\/v2\/media\/67066"}],"wp:attachment":[{"href":"https:\/\/schoenstatt.com\/pt-pt\/wp-json\/wp\/v2\/media?parent=67072"}],"wp:term":[{"taxonomy":"category","embeddable":true,"href":"https:\/\/schoenstatt.com\/pt-pt\/wp-json\/wp\/v2\/categories?post=67072"},{"taxonomy":"post_tag","embeddable":true,"href":"https:\/\/schoenstatt.com\/pt-pt\/wp-json\/wp\/v2\/tags?post=67072"}],"curies":[{"name":"wp","href":"https:\/\/api.w.org\/{rel}","templated":true}]}}