{"id":65964,"date":"2025-11-04T12:53:28","date_gmt":"2025-11-04T11:53:28","guid":{"rendered":"https:\/\/schoenstatt.com\/?p=65964"},"modified":"2025-11-04T13:09:32","modified_gmt":"2025-11-04T12:09:32","slug":"o-santuario-original-recebe-um-encontro-de-mulheres-brasileiras","status":"publish","type":"post","link":"https:\/\/schoenstatt.com\/pt-pt\/o-santuario-original-recebe-um-encontro-de-mulheres-brasileiras\/","title":{"rendered":"O Santu\u00e1rio Original recebe um encontro de mulheres brasileiras"},"content":{"rendered":"\n<p>No \u00faltimo final de semana, aconteceu o quinto encontro anual de mulheres brasileiras em Schoenstatt. Cerca de 40 mulheres, residentes em diversos pa\u00edses da Europa, reuniram-se nos dias 1 e 2 de novembro para momentos de conviv\u00eancia e partilha. O evento teve como tema central o Evangelho da Samaritana.<\/p>\n\n\n\n<p>O encontro come\u00e7ou com uma din\u00e2mica de apresenta\u00e7\u00e3o das participantes, seguida por uma palestra da Ir. M. Th\u00e1lita Siqueira. A Irm\u00e3 aprofundou-se nos detalhes do encontro entre Jesus e a Samaritana, destacando os s\u00edmbolos e ensinamentos que podem ser aplicados \u00e0 vida cotidiana das participantes. <em>&#8220;Jesus quer despertar o nosso amor, para que Ele mesmo possa nos amar&#8221;<\/em>, afirmou.<\/p>\n\n\n\n<figure class=\"wp-block-image size-full\"><img decoding=\"async\" src=\"https:\/\/schoenstatt.com\/wp-content\/uploads\/2025\/11\/women-schoenstatt.jpg\" alt=\"\" class=\"wp-image-65944\"\/><\/figure>\n\n\n\n<h3 class=\"wp-block-heading\" id=\"h-jantar-de-todas-as-santas-e-lancamento-de-livro\">Jantar de \u201cTodas as Santas\u201d e lan\u00e7amento de livro<\/h3>\n\n\n\n<p>Na tarde de s\u00e1bado, as mulheres se reuniram para um momento especial de adora\u00e7\u00e3o ao Sant\u00edssimo Sacramento na Capela da Adora\u00e7\u00e3o. Foi uma hora de louvor e emo\u00e7\u00e3o, onde as participantes puderam ter um encontro pessoal com Cristo, semelhante ao da Samaritana no po\u00e7o da Samaria. Posteriormente, o grupo participou da celebra\u00e7\u00e3o solene de Todos os Santos, conduzida pelo Pe. Eduardo Aguirre, postulador da Causa de Beatifica\u00e7\u00e3o do Pe. Jos\u00e9 Kentenich. A Santa Missa foi conclu\u00edda com a celebra\u00e7\u00e3o da Alian\u00e7a de Amor de quatro mulheres do grupo: Roselene Cordeiro-Feld, Ticiana Marques, Roberta Sena Kreucher e Samara Vieira.<\/p>\n\n\n\n<figure class=\"wp-block-image aligncenter size-full is-resized\"><img fetchpriority=\"high\" decoding=\"async\" width=\"1431\" height=\"1073\" src=\"https:\/\/schoenstatt.com\/wp-content\/uploads\/2025\/11\/women-schoenstatt-3.webp\" alt=\"\" class=\"wp-image-65939\" style=\"width:576px;height:auto\" srcset=\"https:\/\/schoenstatt.com\/wp-content\/uploads\/2025\/11\/women-schoenstatt-3.webp 1431w, https:\/\/schoenstatt.com\/wp-content\/uploads\/2025\/11\/women-schoenstatt-3-768x576.webp 768w\" sizes=\"(max-width: 1431px) 100vw, 1431px\" \/><\/figure>\n\n\n\n<p>Ap\u00f3s a missa, as participantes comemoraram com um jantar intitulado &#8220;Jantar de Todas as Santas&#8221;. O evento contou com um card\u00e1pio especial de comida brasileira e muita anima\u00e7\u00e3o. O ponto alto do jantar foi o lan\u00e7amento do primeiro livro escrito por membros do grupo. O livro &#8220;Mulheres Transformadas: um estudo b\u00edblico das mulheres do Antigo Testamento&#8221; sintetiza as passagens b\u00edblicas de mulheres do Antigo Testamento e seus ensinamentos, aplicando-os \u00e0 vida da mulher contempor\u00e2nea. A reda\u00e7\u00e3o do livro foi coordenada pela Ir. M. J\u00e9ssica Dombrowski. No momento, a edi\u00e7\u00e3o est\u00e1 dispon\u00edvel apenas em portugu\u00eas.<\/p>\n\n\n\n<figure class=\"wp-block-image aligncenter size-full is-resized\"><img decoding=\"async\" width=\"715\" height=\"1191\" src=\"https:\/\/schoenstatt.com\/wp-content\/uploads\/2025\/11\/book-women.webp\" alt=\"\" class=\"wp-image-65956\" style=\"width:320px;height:auto\"\/><\/figure>\n\n\n\n<p>Ap\u00f3s o brinde de celebra\u00e7\u00e3o desta conquista, as mulheres seguiram em prociss\u00e3o at\u00e9 o Santu\u00e1rio Original para dedicar o primeiro exemplar \u00e0 M\u00e3e, Rainha e Vencedora Tr\u00eas Vezes Admir\u00e1vel de Schoenstatt.<\/p>\n\n\n\n<h3 class=\"wp-block-heading\" id=\"h-somos-mulheres-diferentes-mas-unidas-por-um-mesmo-proposito\">\u201cSomos mulheres diferentes, mas unidas por um mesmo prop\u00f3sito\u201d<\/h3>\n\n\n\n<p>O domingo come\u00e7ou com a Santa Missa pelos Fi\u00e9is Defuntos, tamb\u00e9m celebrada pelo Pe. Aguirre que, em sua homilia, ressaltou a import\u00e2ncia do amor ao pr\u00f3ximo e da caridade: <em>&#8220;Devemos fazer tudo com amor, por amor e pelo pr\u00f3ximo&#8221;.<\/em> A mensagem estava alinhada de forma harm\u00f4nica com o clima de amor e fraternidade que marcou o encontro.<\/p>\n\n\n\n<figure class=\"wp-block-image aligncenter size-full\"><img decoding=\"async\" src=\"https:\/\/schoenstatt.com\/wp-content\/uploads\/2025\/11\/women-schoenstatt-2.jpg\" alt=\"\" class=\"wp-image-65949\"\/><\/figure>\n\n\n\n<p>O evento foi encerrado com uma breve palestra sobre os ramos de Schoenstatt, seguida por um momento de partilha, onde as participantes expressaram suas experi\u00eancias durante o encontro. Lucimara Blum, participante do evento, descreve: &#8220;No Encontro das Mulheres 2025, cada gesto e palavra refletiu a presen\u00e7a viva de Maria \u2013 o carinho materno que acolhe, inspira e transforma. Somos mulheres diferentes, vindas de tantos lugares e realidades, mas unidas por um \u00fanico prop\u00f3sito: sermos instrumentos de Maria em Schoenstatt. Vivemos um fim de semana cheio de b\u00ean\u00e7\u00e3os, comunh\u00e3o e gra\u00e7a, recebendo da &#8216;Fonte de Vida&#8217; a renova\u00e7\u00e3o para seguir com f\u00e9, coragem e ternura. Que essa experi\u00eancia continue a florescer em cada uma de n\u00f3s: no lar, na fam\u00edlia, na miss\u00e3o e no cora\u00e7\u00e3o.&#8221;<\/p>\n\n\n\n<p>A programa\u00e7\u00e3o foi conclu\u00edda com muita alegria e divers\u00e3o, atrav\u00e9s do sorteio de uma cafeteira e do s\u00edmbolo do encontro &#8220;O Po\u00e7o&#8221;. Os recursos arrecadados com a rifa foram doados \u00e0s novi\u00e7as das Irm\u00e3s de Maria de Schoenstatt, que se preparam para a Vesti\u00e7\u00e3o no pr\u00f3ximo dia 15 de novembro.<\/p>\n\n\n\n<p><em>Para mais informa\u00e7\u00f5es sobre o livro entre em contato com o Secretariado de Peregrina\u00e7\u00f5es em Schoenstatt: port@schoenstatt-info.org<\/em><\/p>\n","protected":false},"excerpt":{"rendered":"<p>Mulheres \u00e0 imagem de Maria: Brasileiras que vivem na Europa se re\u00fanem para um encontro especial em Schoenstatt, Alemanha.<\/p>\n","protected":false},"author":3,"featured_media":65952,"comment_status":"closed","ping_status":"closed","sticky":false,"template":"","format":"standard","meta":{"footnotes":""},"categories":[920],"tags":[1080],"class_list":["post-65964","post","type-post","status-publish","format-standard","has-post-thumbnail","hentry","category-mulher-pt-pt","tag-santuario-original-pt-pt"],"yoast_head":"<!-- This site is optimized with the Yoast SEO Premium plugin v27.4 (Yoast SEO v27.4) - https:\/\/yoast.com\/product\/yoast-seo-premium-wordpress\/ -->\n<title>O Santu\u00e1rio Original recebe um encontro de mulheres brasileiras - Schoenstatt<\/title>\n<meta name=\"description\" content=\"Mulheres \u00e0 imagem de Maria: Brasileiras que vivem na Europa se re\u00fanem para um encontro especial em Schoenstatt, Alemanha.\" \/>\n<meta name=\"robots\" content=\"index, follow, max-snippet:-1, max-image-preview:large, max-video-preview:-1\" \/>\n<link rel=\"canonical\" href=\"https:\/\/schoenstatt.com\/pt-pt\/o-santuario-original-recebe-um-encontro-de-mulheres-brasileiras\/\" \/>\n<meta property=\"og:locale\" content=\"pt_PT\" \/>\n<meta property=\"og:type\" content=\"article\" \/>\n<meta property=\"og:title\" content=\"O Santu\u00e1rio Original recebe um encontro de mulheres brasileiras\" \/>\n<meta property=\"og:description\" content=\"Mulheres \u00e0 imagem de Maria: Brasileiras que vivem na Europa se re\u00fanem para um encontro especial em Schoenstatt, Alemanha.\" \/>\n<meta property=\"og:url\" content=\"https:\/\/schoenstatt.com\/pt-pt\/o-santuario-original-recebe-um-encontro-de-mulheres-brasileiras\/\" \/>\n<meta property=\"og:site_name\" content=\"Schoenstatt\" \/>\n<meta property=\"article:published_time\" content=\"2025-11-04T11:53:28+00:00\" \/>\n<meta property=\"article:modified_time\" content=\"2025-11-04T12:09:32+00:00\" \/>\n<meta property=\"og:image\" content=\"https:\/\/schoenstatt.com\/wp-content\/uploads\/2025\/11\/women-schoenstatt-2.webp\" \/>\n\t<meta property=\"og:image:width\" content=\"2010\" \/>\n\t<meta property=\"og:image:height\" content=\"1536\" \/>\n\t<meta property=\"og:image:type\" content=\"image\/jpeg\" \/>\n<meta name=\"author\" content=\"Karen Bueno\" \/>\n<meta name=\"twitter:card\" content=\"summary_large_image\" \/>\n<meta name=\"twitter:label1\" content=\"Escrito por\" \/>\n\t<meta name=\"twitter:data1\" content=\"Karen Bueno\" \/>\n\t<meta name=\"twitter:label2\" content=\"Tempo estimado de leitura\" \/>\n\t<meta name=\"twitter:data2\" content=\"5 minutos\" \/>\n<script type=\"application\/ld+json\" class=\"yoast-schema-graph\">{\"@context\":\"https:\\\/\\\/schema.org\",\"@graph\":[{\"@type\":\"Article\",\"@id\":\"https:\\\/\\\/schoenstatt.com\\\/pt-pt\\\/o-santuario-original-recebe-um-encontro-de-mulheres-brasileiras\\\/#article\",\"isPartOf\":{\"@id\":\"https:\\\/\\\/schoenstatt.com\\\/pt-pt\\\/o-santuario-original-recebe-um-encontro-de-mulheres-brasileiras\\\/\"},\"author\":{\"name\":\"Karen Bueno\",\"@id\":\"https:\\\/\\\/schoenstatt.com\\\/pt-pt\\\/#\\\/schema\\\/person\\\/5158877ad4acae98b34daaeef2a1ce6e\"},\"headline\":\"O Santu\u00e1rio Original recebe um encontro de mulheres brasileiras\",\"datePublished\":\"2025-11-04T11:53:28+00:00\",\"dateModified\":\"2025-11-04T12:09:32+00:00\",\"mainEntityOfPage\":{\"@id\":\"https:\\\/\\\/schoenstatt.com\\\/pt-pt\\\/o-santuario-original-recebe-um-encontro-de-mulheres-brasileiras\\\/\"},\"wordCount\":671,\"publisher\":{\"@id\":\"https:\\\/\\\/schoenstatt.com\\\/pt-pt\\\/#organization\"},\"image\":{\"@id\":\"https:\\\/\\\/schoenstatt.com\\\/pt-pt\\\/o-santuario-original-recebe-um-encontro-de-mulheres-brasileiras\\\/#primaryimage\"},\"thumbnailUrl\":\"https:\\\/\\\/schoenstatt.com\\\/wp-content\\\/uploads\\\/2025\\\/11\\\/women-schoenstatt-2.webp\",\"keywords\":[\"Santu\u00e1rio Original\"],\"articleSection\":[\"Mulher\"],\"inLanguage\":\"pt-PT\"},{\"@type\":\"WebPage\",\"@id\":\"https:\\\/\\\/schoenstatt.com\\\/pt-pt\\\/o-santuario-original-recebe-um-encontro-de-mulheres-brasileiras\\\/\",\"url\":\"https:\\\/\\\/schoenstatt.com\\\/pt-pt\\\/o-santuario-original-recebe-um-encontro-de-mulheres-brasileiras\\\/\",\"name\":\"O Santu\u00e1rio Original recebe um encontro de mulheres brasileiras - Schoenstatt\",\"isPartOf\":{\"@id\":\"https:\\\/\\\/schoenstatt.com\\\/pt-pt\\\/#website\"},\"primaryImageOfPage\":{\"@id\":\"https:\\\/\\\/schoenstatt.com\\\/pt-pt\\\/o-santuario-original-recebe-um-encontro-de-mulheres-brasileiras\\\/#primaryimage\"},\"image\":{\"@id\":\"https:\\\/\\\/schoenstatt.com\\\/pt-pt\\\/o-santuario-original-recebe-um-encontro-de-mulheres-brasileiras\\\/#primaryimage\"},\"thumbnailUrl\":\"https:\\\/\\\/schoenstatt.com\\\/wp-content\\\/uploads\\\/2025\\\/11\\\/women-schoenstatt-2.webp\",\"datePublished\":\"2025-11-04T11:53:28+00:00\",\"dateModified\":\"2025-11-04T12:09:32+00:00\",\"description\":\"Mulheres \u00e0 imagem de Maria: Brasileiras que vivem na Europa se re\u00fanem para um encontro especial em Schoenstatt, Alemanha.\",\"breadcrumb\":{\"@id\":\"https:\\\/\\\/schoenstatt.com\\\/pt-pt\\\/o-santuario-original-recebe-um-encontro-de-mulheres-brasileiras\\\/#breadcrumb\"},\"inLanguage\":\"pt-PT\",\"potentialAction\":[{\"@type\":\"ReadAction\",\"target\":[\"https:\\\/\\\/schoenstatt.com\\\/pt-pt\\\/o-santuario-original-recebe-um-encontro-de-mulheres-brasileiras\\\/\"]}]},{\"@type\":\"ImageObject\",\"inLanguage\":\"pt-PT\",\"@id\":\"https:\\\/\\\/schoenstatt.com\\\/pt-pt\\\/o-santuario-original-recebe-um-encontro-de-mulheres-brasileiras\\\/#primaryimage\",\"url\":\"https:\\\/\\\/schoenstatt.com\\\/wp-content\\\/uploads\\\/2025\\\/11\\\/women-schoenstatt-2.webp\",\"contentUrl\":\"https:\\\/\\\/schoenstatt.com\\\/wp-content\\\/uploads\\\/2025\\\/11\\\/women-schoenstatt-2.webp\",\"width\":2010,\"height\":1536},{\"@type\":\"BreadcrumbList\",\"@id\":\"https:\\\/\\\/schoenstatt.com\\\/pt-pt\\\/o-santuario-original-recebe-um-encontro-de-mulheres-brasileiras\\\/#breadcrumb\",\"itemListElement\":[{\"@type\":\"ListItem\",\"position\":1,\"name\":\"Portada\",\"item\":\"https:\\\/\\\/schoenstatt.com\\\/pt-pt\\\/home\\\/\"},{\"@type\":\"ListItem\",\"position\":2,\"name\":\"O Santu\u00e1rio Original recebe um encontro de mulheres brasileiras\"}]},{\"@type\":\"WebSite\",\"@id\":\"https:\\\/\\\/schoenstatt.com\\\/pt-pt\\\/#website\",\"url\":\"https:\\\/\\\/schoenstatt.com\\\/pt-pt\\\/\",\"name\":\"Schoenstatt\",\"description\":\"Apostolic Movement\",\"publisher\":{\"@id\":\"https:\\\/\\\/schoenstatt.com\\\/pt-pt\\\/#organization\"},\"potentialAction\":[{\"@type\":\"SearchAction\",\"target\":{\"@type\":\"EntryPoint\",\"urlTemplate\":\"https:\\\/\\\/schoenstatt.com\\\/pt-pt\\\/?s={search_term_string}\"},\"query-input\":{\"@type\":\"PropertyValueSpecification\",\"valueRequired\":true,\"valueName\":\"search_term_string\"}}],\"inLanguage\":\"pt-PT\"},{\"@type\":\"Organization\",\"@id\":\"https:\\\/\\\/schoenstatt.com\\\/pt-pt\\\/#organization\",\"name\":\"Schoenstatt\",\"url\":\"https:\\\/\\\/schoenstatt.com\\\/pt-pt\\\/\",\"logo\":{\"@type\":\"ImageObject\",\"inLanguage\":\"pt-PT\",\"@id\":\"https:\\\/\\\/schoenstatt.com\\\/pt-pt\\\/#\\\/schema\\\/logo\\\/image\\\/\",\"url\":\"https:\\\/\\\/schoenstatt.com\\\/wp-content\\\/uploads\\\/2025\\\/04\\\/logo-schoenstatt-white-696x696-1.png\",\"contentUrl\":\"https:\\\/\\\/schoenstatt.com\\\/wp-content\\\/uploads\\\/2025\\\/04\\\/logo-schoenstatt-white-696x696-1.png\",\"width\":696,\"height\":694,\"caption\":\"Schoenstatt\"},\"image\":{\"@id\":\"https:\\\/\\\/schoenstatt.com\\\/pt-pt\\\/#\\\/schema\\\/logo\\\/image\\\/\"}},{\"@type\":\"Person\",\"@id\":\"https:\\\/\\\/schoenstatt.com\\\/pt-pt\\\/#\\\/schema\\\/person\\\/5158877ad4acae98b34daaeef2a1ce6e\",\"name\":\"Karen Bueno\",\"image\":{\"@type\":\"ImageObject\",\"inLanguage\":\"pt-PT\",\"@id\":\"https:\\\/\\\/secure.gravatar.com\\\/avatar\\\/f9f4b823873154269d2b2130f195f6d41037dd0d7fc5f3cacb5c846bae70d66b?s=96&d=mm&r=g\",\"url\":\"https:\\\/\\\/secure.gravatar.com\\\/avatar\\\/f9f4b823873154269d2b2130f195f6d41037dd0d7fc5f3cacb5c846bae70d66b?s=96&d=mm&r=g\",\"contentUrl\":\"https:\\\/\\\/secure.gravatar.com\\\/avatar\\\/f9f4b823873154269d2b2130f195f6d41037dd0d7fc5f3cacb5c846bae70d66b?s=96&d=mm&r=g\",\"caption\":\"Karen Bueno\"},\"url\":\"https:\\\/\\\/schoenstatt.com\\\/pt-pt\\\/author\\\/karen-bueno\\\/\"}]}<\/script>\n<!-- \/ Yoast SEO Premium plugin. -->","yoast_head_json":{"title":"O Santu\u00e1rio Original recebe um encontro de mulheres brasileiras - Schoenstatt","description":"Mulheres \u00e0 imagem de Maria: Brasileiras que vivem na Europa se re\u00fanem para um encontro especial em Schoenstatt, Alemanha.","robots":{"index":"index","follow":"follow","max-snippet":"max-snippet:-1","max-image-preview":"max-image-preview:large","max-video-preview":"max-video-preview:-1"},"canonical":"https:\/\/schoenstatt.com\/pt-pt\/o-santuario-original-recebe-um-encontro-de-mulheres-brasileiras\/","og_locale":"pt_PT","og_type":"article","og_title":"O Santu\u00e1rio Original recebe um encontro de mulheres brasileiras","og_description":"Mulheres \u00e0 imagem de Maria: Brasileiras que vivem na Europa se re\u00fanem para um encontro especial em Schoenstatt, Alemanha.","og_url":"https:\/\/schoenstatt.com\/pt-pt\/o-santuario-original-recebe-um-encontro-de-mulheres-brasileiras\/","og_site_name":"Schoenstatt","article_published_time":"2025-11-04T11:53:28+00:00","article_modified_time":"2025-11-04T12:09:32+00:00","og_image":[{"width":2010,"height":1536,"url":"https:\/\/schoenstatt.com\/wp-content\/uploads\/2025\/11\/women-schoenstatt-2.webp","type":"image\/jpeg"}],"author":"Karen Bueno","twitter_card":"summary_large_image","twitter_misc":{"Escrito por":"Karen Bueno","Tempo estimado de leitura":"5 minutos"},"schema":{"@context":"https:\/\/schema.org","@graph":[{"@type":"Article","@id":"https:\/\/schoenstatt.com\/pt-pt\/o-santuario-original-recebe-um-encontro-de-mulheres-brasileiras\/#article","isPartOf":{"@id":"https:\/\/schoenstatt.com\/pt-pt\/o-santuario-original-recebe-um-encontro-de-mulheres-brasileiras\/"},"author":{"name":"Karen Bueno","@id":"https:\/\/schoenstatt.com\/pt-pt\/#\/schema\/person\/5158877ad4acae98b34daaeef2a1ce6e"},"headline":"O Santu\u00e1rio Original recebe um encontro de mulheres brasileiras","datePublished":"2025-11-04T11:53:28+00:00","dateModified":"2025-11-04T12:09:32+00:00","mainEntityOfPage":{"@id":"https:\/\/schoenstatt.com\/pt-pt\/o-santuario-original-recebe-um-encontro-de-mulheres-brasileiras\/"},"wordCount":671,"publisher":{"@id":"https:\/\/schoenstatt.com\/pt-pt\/#organization"},"image":{"@id":"https:\/\/schoenstatt.com\/pt-pt\/o-santuario-original-recebe-um-encontro-de-mulheres-brasileiras\/#primaryimage"},"thumbnailUrl":"https:\/\/schoenstatt.com\/wp-content\/uploads\/2025\/11\/women-schoenstatt-2.webp","keywords":["Santu\u00e1rio Original"],"articleSection":["Mulher"],"inLanguage":"pt-PT"},{"@type":"WebPage","@id":"https:\/\/schoenstatt.com\/pt-pt\/o-santuario-original-recebe-um-encontro-de-mulheres-brasileiras\/","url":"https:\/\/schoenstatt.com\/pt-pt\/o-santuario-original-recebe-um-encontro-de-mulheres-brasileiras\/","name":"O Santu\u00e1rio Original recebe um encontro de mulheres brasileiras - Schoenstatt","isPartOf":{"@id":"https:\/\/schoenstatt.com\/pt-pt\/#website"},"primaryImageOfPage":{"@id":"https:\/\/schoenstatt.com\/pt-pt\/o-santuario-original-recebe-um-encontro-de-mulheres-brasileiras\/#primaryimage"},"image":{"@id":"https:\/\/schoenstatt.com\/pt-pt\/o-santuario-original-recebe-um-encontro-de-mulheres-brasileiras\/#primaryimage"},"thumbnailUrl":"https:\/\/schoenstatt.com\/wp-content\/uploads\/2025\/11\/women-schoenstatt-2.webp","datePublished":"2025-11-04T11:53:28+00:00","dateModified":"2025-11-04T12:09:32+00:00","description":"Mulheres \u00e0 imagem de Maria: Brasileiras que vivem na Europa se re\u00fanem para um encontro especial em Schoenstatt, Alemanha.","breadcrumb":{"@id":"https:\/\/schoenstatt.com\/pt-pt\/o-santuario-original-recebe-um-encontro-de-mulheres-brasileiras\/#breadcrumb"},"inLanguage":"pt-PT","potentialAction":[{"@type":"ReadAction","target":["https:\/\/schoenstatt.com\/pt-pt\/o-santuario-original-recebe-um-encontro-de-mulheres-brasileiras\/"]}]},{"@type":"ImageObject","inLanguage":"pt-PT","@id":"https:\/\/schoenstatt.com\/pt-pt\/o-santuario-original-recebe-um-encontro-de-mulheres-brasileiras\/#primaryimage","url":"https:\/\/schoenstatt.com\/wp-content\/uploads\/2025\/11\/women-schoenstatt-2.webp","contentUrl":"https:\/\/schoenstatt.com\/wp-content\/uploads\/2025\/11\/women-schoenstatt-2.webp","width":2010,"height":1536},{"@type":"BreadcrumbList","@id":"https:\/\/schoenstatt.com\/pt-pt\/o-santuario-original-recebe-um-encontro-de-mulheres-brasileiras\/#breadcrumb","itemListElement":[{"@type":"ListItem","position":1,"name":"Portada","item":"https:\/\/schoenstatt.com\/pt-pt\/home\/"},{"@type":"ListItem","position":2,"name":"O Santu\u00e1rio Original recebe um encontro de mulheres brasileiras"}]},{"@type":"WebSite","@id":"https:\/\/schoenstatt.com\/pt-pt\/#website","url":"https:\/\/schoenstatt.com\/pt-pt\/","name":"Schoenstatt","description":"Apostolic Movement","publisher":{"@id":"https:\/\/schoenstatt.com\/pt-pt\/#organization"},"potentialAction":[{"@type":"SearchAction","target":{"@type":"EntryPoint","urlTemplate":"https:\/\/schoenstatt.com\/pt-pt\/?s={search_term_string}"},"query-input":{"@type":"PropertyValueSpecification","valueRequired":true,"valueName":"search_term_string"}}],"inLanguage":"pt-PT"},{"@type":"Organization","@id":"https:\/\/schoenstatt.com\/pt-pt\/#organization","name":"Schoenstatt","url":"https:\/\/schoenstatt.com\/pt-pt\/","logo":{"@type":"ImageObject","inLanguage":"pt-PT","@id":"https:\/\/schoenstatt.com\/pt-pt\/#\/schema\/logo\/image\/","url":"https:\/\/schoenstatt.com\/wp-content\/uploads\/2025\/04\/logo-schoenstatt-white-696x696-1.png","contentUrl":"https:\/\/schoenstatt.com\/wp-content\/uploads\/2025\/04\/logo-schoenstatt-white-696x696-1.png","width":696,"height":694,"caption":"Schoenstatt"},"image":{"@id":"https:\/\/schoenstatt.com\/pt-pt\/#\/schema\/logo\/image\/"}},{"@type":"Person","@id":"https:\/\/schoenstatt.com\/pt-pt\/#\/schema\/person\/5158877ad4acae98b34daaeef2a1ce6e","name":"Karen Bueno","image":{"@type":"ImageObject","inLanguage":"pt-PT","@id":"https:\/\/secure.gravatar.com\/avatar\/f9f4b823873154269d2b2130f195f6d41037dd0d7fc5f3cacb5c846bae70d66b?s=96&d=mm&r=g","url":"https:\/\/secure.gravatar.com\/avatar\/f9f4b823873154269d2b2130f195f6d41037dd0d7fc5f3cacb5c846bae70d66b?s=96&d=mm&r=g","contentUrl":"https:\/\/secure.gravatar.com\/avatar\/f9f4b823873154269d2b2130f195f6d41037dd0d7fc5f3cacb5c846bae70d66b?s=96&d=mm&r=g","caption":"Karen Bueno"},"url":"https:\/\/schoenstatt.com\/pt-pt\/author\/karen-bueno\/"}]}},"_links":{"self":[{"href":"https:\/\/schoenstatt.com\/pt-pt\/wp-json\/wp\/v2\/posts\/65964","targetHints":{"allow":["GET"]}}],"collection":[{"href":"https:\/\/schoenstatt.com\/pt-pt\/wp-json\/wp\/v2\/posts"}],"about":[{"href":"https:\/\/schoenstatt.com\/pt-pt\/wp-json\/wp\/v2\/types\/post"}],"author":[{"embeddable":true,"href":"https:\/\/schoenstatt.com\/pt-pt\/wp-json\/wp\/v2\/users\/3"}],"replies":[{"embeddable":true,"href":"https:\/\/schoenstatt.com\/pt-pt\/wp-json\/wp\/v2\/comments?post=65964"}],"version-history":[{"count":4,"href":"https:\/\/schoenstatt.com\/pt-pt\/wp-json\/wp\/v2\/posts\/65964\/revisions"}],"predecessor-version":[{"id":65972,"href":"https:\/\/schoenstatt.com\/pt-pt\/wp-json\/wp\/v2\/posts\/65964\/revisions\/65972"}],"wp:featuredmedia":[{"embeddable":true,"href":"https:\/\/schoenstatt.com\/pt-pt\/wp-json\/wp\/v2\/media\/65952"}],"wp:attachment":[{"href":"https:\/\/schoenstatt.com\/pt-pt\/wp-json\/wp\/v2\/media?parent=65964"}],"wp:term":[{"taxonomy":"category","embeddable":true,"href":"https:\/\/schoenstatt.com\/pt-pt\/wp-json\/wp\/v2\/categories?post=65964"},{"taxonomy":"post_tag","embeddable":true,"href":"https:\/\/schoenstatt.com\/pt-pt\/wp-json\/wp\/v2\/tags?post=65964"}],"curies":[{"name":"wp","href":"https:\/\/api.w.org\/{rel}","templated":true}]}}