{"id":65873,"date":"2025-11-03T15:37:55","date_gmt":"2025-11-03T14:37:55","guid":{"rendered":"https:\/\/schoenstatt.com\/?p=65873"},"modified":"2025-11-03T15:37:56","modified_gmt":"2025-11-03T14:37:56","slug":"renovar-a-alianca-reavivar-o-fogo-do-carisma","status":"publish","type":"post","link":"https:\/\/schoenstatt.com\/pt-pt\/renovar-a-alianca-reavivar-o-fogo-do-carisma\/","title":{"rendered":"Renovar a Alian\u00e7a, reavivar o fogo do carisma"},"content":{"rendered":"\n<p>Este ano, o <a href=\"https:\/\/schoenstatt.com\/pt-pt\/em-comunidade\/familias\/instituto-de-familias-de-schoenstatt\/\">Instituto de Fam\u00edlias de Schoenstatt<\/a> viveu um momento de profunda gra\u00e7a ao renovar, a partir de cada comunidade parcial, a <strong>Alian\u00e7a Filial com nosso Pai, Pe. Jos\u00e9 Kentenich<\/strong>, em comemora\u00e7\u00e3o aos<strong> 40 anos <\/strong>daquela primeira alian\u00e7a realizada em 1985.<\/p>\n\n\n\n<p>Foi <strong>um gesto simples e cheio de profundidade espiritual<\/strong>, um retorno \u00e0s origens, \u00e0quela corrente de amor filial que nos une como fam\u00edlia e nos impulsiona a viver com fidelidade criativa o carisma que nosso Pai nos confiou.<\/p>\n\n\n\n<figure class=\"wp-block-image aligncenter size-full\"><img fetchpriority=\"high\" decoding=\"async\" width=\"1600\" height=\"1200\" src=\"https:\/\/schoenstatt.com\/wp-content\/uploads\/2025\/11\/Schoenstatt-Family-Institute-2.jpeg\" alt=\"\" class=\"wp-image-65874\" srcset=\"https:\/\/schoenstatt.com\/wp-content\/uploads\/2025\/11\/Schoenstatt-Family-Institute-2.jpeg 1600w, https:\/\/schoenstatt.com\/wp-content\/uploads\/2025\/11\/Schoenstatt-Family-Institute-2-768x576.jpeg 768w, https:\/\/schoenstatt.com\/wp-content\/uploads\/2025\/11\/Schoenstatt-Family-Institute-2-1536x1152.jpeg 1536w\" sizes=\"(max-width: 1600px) 100vw, 1600px\" \/><\/figure>\n\n\n\n<p>Esta renova\u00e7\u00e3o n\u00e3o foi apenas um ato comemorativo. Foi, acima de tudo, <strong>uma experi\u00eancia viva de gratid\u00e3o, paix\u00e3o e esperan\u00e7a.<\/strong><\/p>\n\n\n\n<p>Gratid\u00e3o pelo passado, por tantos casais e fam\u00edlias que, ao longo destas quatro d\u00e9cadas, encarnaram o ideal da santidade conjugal e familiar, sendo reflexo do amor de Deus no meio do mundo.<\/p>\n\n\n\n<p>Paix\u00e3o pelo presente, por seguir vivendo o carisma de nosso Pai nos desafios atuais: na educa\u00e7\u00e3o dos filhos, na vida profissional, no compromisso eclesial e social. E esperan\u00e7a para o futuro, porque sabemos que a Alian\u00e7a continua sendo fonte de fecundidade apost\u00f3lica e caminho seguro para a renova\u00e7\u00e3o da Igreja e do mundo.<\/p>\n\n\n\n<figure class=\"wp-block-image aligncenter size-full\"><img decoding=\"async\" width=\"2048\" height=\"1372\" src=\"https:\/\/schoenstatt.com\/wp-content\/uploads\/2025\/11\/Schoenstatt-Family-Institute.jpg\" alt=\"\" class=\"wp-image-65879\" srcset=\"https:\/\/schoenstatt.com\/wp-content\/uploads\/2025\/11\/Schoenstatt-Family-Institute.jpg 2048w, https:\/\/schoenstatt.com\/wp-content\/uploads\/2025\/11\/Schoenstatt-Family-Institute-768x515.jpg 768w, https:\/\/schoenstatt.com\/wp-content\/uploads\/2025\/11\/Schoenstatt-Family-Institute-1536x1029.jpg 1536w\" sizes=\"(max-width: 2048px) 100vw, 2048px\" \/><\/figure>\n\n\n\n<p>Em tempos de mudan\u00e7as r\u00e1pidas e incertezas, <strong>o fiel seguimento do carisma do Padre Kentenich mostra-se mais atual do que nunca<\/strong>. Sua vis\u00e3o prof\u00e9tica de uma Igreja viva, familiar, enraizada no humano e aberta ao divino, continua sendo uma resposta concreta ao homem e \u00e0 mulher de hoje. Renovar a Alian\u00e7a em comunidade \u00e9 tamb\u00e9m renovar nosso compromisso de <strong>pensar, amar e viver como nosso Pai e Fundador<\/strong>, em \u00edntima comunh\u00e3o com Maria e a servi\u00e7o da miss\u00e3o que Deus nos confia.<\/p>\n\n\n\n<p>Que esta celebra\u00e7\u00e3o nos impulsione a continuar caminhando com o cora\u00e7\u00e3o agradecido, o olhar iluminado e a vontade dispon\u00edvel, certos de que<strong> o futuro se constr\u00f3i em alian\u00e7a.<\/strong><\/p>\n","protected":false},"excerpt":{"rendered":"<p>Este ano, o Instituto de Fam\u00edlias de Schoenstatt viveu um momento de profunda gra\u00e7a ao renovar sua Alian\u00e7a Filial.<\/p>\n","protected":false},"author":3,"featured_media":65879,"comment_status":"closed","ping_status":"closed","sticky":false,"template":"","format":"standard","meta":{"footnotes":""},"categories":[908,880],"tags":[1151],"class_list":["post-65873","post","type-post","status-publish","format-standard","has-post-thumbnail","hentry","category-comunidades-de-schoenstatt-pt-pt","category-pe-jose-kentenich-pt-pt","tag-instituto-de-familias-de-schoenstatt-pt-pt"],"yoast_head":"<!-- This site is optimized with the Yoast SEO Premium plugin v27.4 (Yoast SEO v27.4) - https:\/\/yoast.com\/product\/yoast-seo-premium-wordpress\/ -->\n<title>Renovar a Alian\u00e7a, reavivar o fogo do carisma - Schoenstatt<\/title>\n<meta name=\"description\" content=\"Este ano, o Instituto de Fam\u00edlias de Schoenstatt viveu um momento de profunda gra\u00e7a ao renovar sua Alian\u00e7a Filial.\" \/>\n<meta name=\"robots\" content=\"index, follow, max-snippet:-1, max-image-preview:large, max-video-preview:-1\" \/>\n<link rel=\"canonical\" href=\"https:\/\/schoenstatt.com\/pt-pt\/renovar-a-alianca-reavivar-o-fogo-do-carisma\/\" \/>\n<meta property=\"og:locale\" content=\"pt_PT\" \/>\n<meta property=\"og:type\" content=\"article\" \/>\n<meta property=\"og:title\" content=\"Renovar a Alian\u00e7a, reavivar o fogo do carisma\" \/>\n<meta property=\"og:description\" content=\"Este ano, o Instituto de Fam\u00edlias de Schoenstatt viveu um momento de profunda gra\u00e7a ao renovar sua Alian\u00e7a Filial.\" \/>\n<meta property=\"og:url\" content=\"https:\/\/schoenstatt.com\/pt-pt\/renovar-a-alianca-reavivar-o-fogo-do-carisma\/\" \/>\n<meta property=\"og:site_name\" content=\"Schoenstatt\" \/>\n<meta property=\"article:published_time\" content=\"2025-11-03T14:37:55+00:00\" \/>\n<meta property=\"article:modified_time\" content=\"2025-11-03T14:37:56+00:00\" \/>\n<meta property=\"og:image\" content=\"https:\/\/schoenstatt.com\/wp-content\/uploads\/2025\/11\/Schoenstatt-Family-Institute.jpg\" \/>\n\t<meta property=\"og:image:width\" content=\"2048\" \/>\n\t<meta property=\"og:image:height\" content=\"1372\" \/>\n\t<meta property=\"og:image:type\" content=\"image\/jpeg\" \/>\n<meta name=\"author\" content=\"Karen Bueno\" \/>\n<meta name=\"twitter:card\" content=\"summary_large_image\" \/>\n<meta name=\"twitter:label1\" content=\"Escrito por\" \/>\n\t<meta name=\"twitter:data1\" content=\"Karen Bueno\" \/>\n\t<meta name=\"twitter:label2\" content=\"Tempo estimado de leitura\" \/>\n\t<meta name=\"twitter:data2\" content=\"3 minutos\" \/>\n<script type=\"application\/ld+json\" class=\"yoast-schema-graph\">{\"@context\":\"https:\\\/\\\/schema.org\",\"@graph\":[{\"@type\":\"Article\",\"@id\":\"https:\\\/\\\/schoenstatt.com\\\/pt-pt\\\/renovar-a-alianca-reavivar-o-fogo-do-carisma\\\/#article\",\"isPartOf\":{\"@id\":\"https:\\\/\\\/schoenstatt.com\\\/pt-pt\\\/renovar-a-alianca-reavivar-o-fogo-do-carisma\\\/\"},\"author\":{\"name\":\"Karen Bueno\",\"@id\":\"https:\\\/\\\/schoenstatt.com\\\/pt-pt\\\/#\\\/schema\\\/person\\\/5158877ad4acae98b34daaeef2a1ce6e\"},\"headline\":\"Renovar a Alian\u00e7a, reavivar o fogo do carisma\",\"datePublished\":\"2025-11-03T14:37:55+00:00\",\"dateModified\":\"2025-11-03T14:37:56+00:00\",\"mainEntityOfPage\":{\"@id\":\"https:\\\/\\\/schoenstatt.com\\\/pt-pt\\\/renovar-a-alianca-reavivar-o-fogo-do-carisma\\\/\"},\"wordCount\":335,\"publisher\":{\"@id\":\"https:\\\/\\\/schoenstatt.com\\\/pt-pt\\\/#organization\"},\"image\":{\"@id\":\"https:\\\/\\\/schoenstatt.com\\\/pt-pt\\\/renovar-a-alianca-reavivar-o-fogo-do-carisma\\\/#primaryimage\"},\"thumbnailUrl\":\"https:\\\/\\\/schoenstatt.com\\\/wp-content\\\/uploads\\\/2025\\\/11\\\/Schoenstatt-Family-Institute.jpg\",\"keywords\":[\"Instituto de Fam\u00edlias de Schoenstatt\"],\"articleSection\":[\"Comunidades de Schoenstatt\",\"Pe. Jos\u00e9 Kentenich\"],\"inLanguage\":\"pt-PT\"},{\"@type\":\"WebPage\",\"@id\":\"https:\\\/\\\/schoenstatt.com\\\/pt-pt\\\/renovar-a-alianca-reavivar-o-fogo-do-carisma\\\/\",\"url\":\"https:\\\/\\\/schoenstatt.com\\\/pt-pt\\\/renovar-a-alianca-reavivar-o-fogo-do-carisma\\\/\",\"name\":\"Renovar a Alian\u00e7a, reavivar o fogo do carisma - Schoenstatt\",\"isPartOf\":{\"@id\":\"https:\\\/\\\/schoenstatt.com\\\/pt-pt\\\/#website\"},\"primaryImageOfPage\":{\"@id\":\"https:\\\/\\\/schoenstatt.com\\\/pt-pt\\\/renovar-a-alianca-reavivar-o-fogo-do-carisma\\\/#primaryimage\"},\"image\":{\"@id\":\"https:\\\/\\\/schoenstatt.com\\\/pt-pt\\\/renovar-a-alianca-reavivar-o-fogo-do-carisma\\\/#primaryimage\"},\"thumbnailUrl\":\"https:\\\/\\\/schoenstatt.com\\\/wp-content\\\/uploads\\\/2025\\\/11\\\/Schoenstatt-Family-Institute.jpg\",\"datePublished\":\"2025-11-03T14:37:55+00:00\",\"dateModified\":\"2025-11-03T14:37:56+00:00\",\"description\":\"Este ano, o Instituto de Fam\u00edlias de Schoenstatt viveu um momento de profunda gra\u00e7a ao renovar sua Alian\u00e7a Filial.\",\"breadcrumb\":{\"@id\":\"https:\\\/\\\/schoenstatt.com\\\/pt-pt\\\/renovar-a-alianca-reavivar-o-fogo-do-carisma\\\/#breadcrumb\"},\"inLanguage\":\"pt-PT\",\"potentialAction\":[{\"@type\":\"ReadAction\",\"target\":[\"https:\\\/\\\/schoenstatt.com\\\/pt-pt\\\/renovar-a-alianca-reavivar-o-fogo-do-carisma\\\/\"]}]},{\"@type\":\"ImageObject\",\"inLanguage\":\"pt-PT\",\"@id\":\"https:\\\/\\\/schoenstatt.com\\\/pt-pt\\\/renovar-a-alianca-reavivar-o-fogo-do-carisma\\\/#primaryimage\",\"url\":\"https:\\\/\\\/schoenstatt.com\\\/wp-content\\\/uploads\\\/2025\\\/11\\\/Schoenstatt-Family-Institute.jpg\",\"contentUrl\":\"https:\\\/\\\/schoenstatt.com\\\/wp-content\\\/uploads\\\/2025\\\/11\\\/Schoenstatt-Family-Institute.jpg\",\"width\":2048,\"height\":1372},{\"@type\":\"BreadcrumbList\",\"@id\":\"https:\\\/\\\/schoenstatt.com\\\/pt-pt\\\/renovar-a-alianca-reavivar-o-fogo-do-carisma\\\/#breadcrumb\",\"itemListElement\":[{\"@type\":\"ListItem\",\"position\":1,\"name\":\"Portada\",\"item\":\"https:\\\/\\\/schoenstatt.com\\\/pt-pt\\\/home\\\/\"},{\"@type\":\"ListItem\",\"position\":2,\"name\":\"Renovar a Alian\u00e7a, reavivar o fogo do carisma\"}]},{\"@type\":\"WebSite\",\"@id\":\"https:\\\/\\\/schoenstatt.com\\\/pt-pt\\\/#website\",\"url\":\"https:\\\/\\\/schoenstatt.com\\\/pt-pt\\\/\",\"name\":\"Schoenstatt\",\"description\":\"Apostolic Movement\",\"publisher\":{\"@id\":\"https:\\\/\\\/schoenstatt.com\\\/pt-pt\\\/#organization\"},\"potentialAction\":[{\"@type\":\"SearchAction\",\"target\":{\"@type\":\"EntryPoint\",\"urlTemplate\":\"https:\\\/\\\/schoenstatt.com\\\/pt-pt\\\/?s={search_term_string}\"},\"query-input\":{\"@type\":\"PropertyValueSpecification\",\"valueRequired\":true,\"valueName\":\"search_term_string\"}}],\"inLanguage\":\"pt-PT\"},{\"@type\":\"Organization\",\"@id\":\"https:\\\/\\\/schoenstatt.com\\\/pt-pt\\\/#organization\",\"name\":\"Schoenstatt\",\"url\":\"https:\\\/\\\/schoenstatt.com\\\/pt-pt\\\/\",\"logo\":{\"@type\":\"ImageObject\",\"inLanguage\":\"pt-PT\",\"@id\":\"https:\\\/\\\/schoenstatt.com\\\/pt-pt\\\/#\\\/schema\\\/logo\\\/image\\\/\",\"url\":\"https:\\\/\\\/schoenstatt.com\\\/wp-content\\\/uploads\\\/2025\\\/04\\\/logo-schoenstatt-white-696x696-1.png\",\"contentUrl\":\"https:\\\/\\\/schoenstatt.com\\\/wp-content\\\/uploads\\\/2025\\\/04\\\/logo-schoenstatt-white-696x696-1.png\",\"width\":696,\"height\":694,\"caption\":\"Schoenstatt\"},\"image\":{\"@id\":\"https:\\\/\\\/schoenstatt.com\\\/pt-pt\\\/#\\\/schema\\\/logo\\\/image\\\/\"}},{\"@type\":\"Person\",\"@id\":\"https:\\\/\\\/schoenstatt.com\\\/pt-pt\\\/#\\\/schema\\\/person\\\/5158877ad4acae98b34daaeef2a1ce6e\",\"name\":\"Karen Bueno\",\"image\":{\"@type\":\"ImageObject\",\"inLanguage\":\"pt-PT\",\"@id\":\"https:\\\/\\\/secure.gravatar.com\\\/avatar\\\/f9f4b823873154269d2b2130f195f6d41037dd0d7fc5f3cacb5c846bae70d66b?s=96&d=mm&r=g\",\"url\":\"https:\\\/\\\/secure.gravatar.com\\\/avatar\\\/f9f4b823873154269d2b2130f195f6d41037dd0d7fc5f3cacb5c846bae70d66b?s=96&d=mm&r=g\",\"contentUrl\":\"https:\\\/\\\/secure.gravatar.com\\\/avatar\\\/f9f4b823873154269d2b2130f195f6d41037dd0d7fc5f3cacb5c846bae70d66b?s=96&d=mm&r=g\",\"caption\":\"Karen Bueno\"},\"url\":\"https:\\\/\\\/schoenstatt.com\\\/pt-pt\\\/author\\\/karen-bueno\\\/\"}]}<\/script>\n<!-- \/ Yoast SEO Premium plugin. -->","yoast_head_json":{"title":"Renovar a Alian\u00e7a, reavivar o fogo do carisma - Schoenstatt","description":"Este ano, o Instituto de Fam\u00edlias de Schoenstatt viveu um momento de profunda gra\u00e7a ao renovar sua Alian\u00e7a Filial.","robots":{"index":"index","follow":"follow","max-snippet":"max-snippet:-1","max-image-preview":"max-image-preview:large","max-video-preview":"max-video-preview:-1"},"canonical":"https:\/\/schoenstatt.com\/pt-pt\/renovar-a-alianca-reavivar-o-fogo-do-carisma\/","og_locale":"pt_PT","og_type":"article","og_title":"Renovar a Alian\u00e7a, reavivar o fogo do carisma","og_description":"Este ano, o Instituto de Fam\u00edlias de Schoenstatt viveu um momento de profunda gra\u00e7a ao renovar sua Alian\u00e7a Filial.","og_url":"https:\/\/schoenstatt.com\/pt-pt\/renovar-a-alianca-reavivar-o-fogo-do-carisma\/","og_site_name":"Schoenstatt","article_published_time":"2025-11-03T14:37:55+00:00","article_modified_time":"2025-11-03T14:37:56+00:00","og_image":[{"width":2048,"height":1372,"url":"https:\/\/schoenstatt.com\/wp-content\/uploads\/2025\/11\/Schoenstatt-Family-Institute.jpg","type":"image\/jpeg"}],"author":"Karen Bueno","twitter_card":"summary_large_image","twitter_misc":{"Escrito por":"Karen Bueno","Tempo estimado de leitura":"3 minutos"},"schema":{"@context":"https:\/\/schema.org","@graph":[{"@type":"Article","@id":"https:\/\/schoenstatt.com\/pt-pt\/renovar-a-alianca-reavivar-o-fogo-do-carisma\/#article","isPartOf":{"@id":"https:\/\/schoenstatt.com\/pt-pt\/renovar-a-alianca-reavivar-o-fogo-do-carisma\/"},"author":{"name":"Karen Bueno","@id":"https:\/\/schoenstatt.com\/pt-pt\/#\/schema\/person\/5158877ad4acae98b34daaeef2a1ce6e"},"headline":"Renovar a Alian\u00e7a, reavivar o fogo do carisma","datePublished":"2025-11-03T14:37:55+00:00","dateModified":"2025-11-03T14:37:56+00:00","mainEntityOfPage":{"@id":"https:\/\/schoenstatt.com\/pt-pt\/renovar-a-alianca-reavivar-o-fogo-do-carisma\/"},"wordCount":335,"publisher":{"@id":"https:\/\/schoenstatt.com\/pt-pt\/#organization"},"image":{"@id":"https:\/\/schoenstatt.com\/pt-pt\/renovar-a-alianca-reavivar-o-fogo-do-carisma\/#primaryimage"},"thumbnailUrl":"https:\/\/schoenstatt.com\/wp-content\/uploads\/2025\/11\/Schoenstatt-Family-Institute.jpg","keywords":["Instituto de Fam\u00edlias de Schoenstatt"],"articleSection":["Comunidades de Schoenstatt","Pe. Jos\u00e9 Kentenich"],"inLanguage":"pt-PT"},{"@type":"WebPage","@id":"https:\/\/schoenstatt.com\/pt-pt\/renovar-a-alianca-reavivar-o-fogo-do-carisma\/","url":"https:\/\/schoenstatt.com\/pt-pt\/renovar-a-alianca-reavivar-o-fogo-do-carisma\/","name":"Renovar a Alian\u00e7a, reavivar o fogo do carisma - Schoenstatt","isPartOf":{"@id":"https:\/\/schoenstatt.com\/pt-pt\/#website"},"primaryImageOfPage":{"@id":"https:\/\/schoenstatt.com\/pt-pt\/renovar-a-alianca-reavivar-o-fogo-do-carisma\/#primaryimage"},"image":{"@id":"https:\/\/schoenstatt.com\/pt-pt\/renovar-a-alianca-reavivar-o-fogo-do-carisma\/#primaryimage"},"thumbnailUrl":"https:\/\/schoenstatt.com\/wp-content\/uploads\/2025\/11\/Schoenstatt-Family-Institute.jpg","datePublished":"2025-11-03T14:37:55+00:00","dateModified":"2025-11-03T14:37:56+00:00","description":"Este ano, o Instituto de Fam\u00edlias de Schoenstatt viveu um momento de profunda gra\u00e7a ao renovar sua Alian\u00e7a Filial.","breadcrumb":{"@id":"https:\/\/schoenstatt.com\/pt-pt\/renovar-a-alianca-reavivar-o-fogo-do-carisma\/#breadcrumb"},"inLanguage":"pt-PT","potentialAction":[{"@type":"ReadAction","target":["https:\/\/schoenstatt.com\/pt-pt\/renovar-a-alianca-reavivar-o-fogo-do-carisma\/"]}]},{"@type":"ImageObject","inLanguage":"pt-PT","@id":"https:\/\/schoenstatt.com\/pt-pt\/renovar-a-alianca-reavivar-o-fogo-do-carisma\/#primaryimage","url":"https:\/\/schoenstatt.com\/wp-content\/uploads\/2025\/11\/Schoenstatt-Family-Institute.jpg","contentUrl":"https:\/\/schoenstatt.com\/wp-content\/uploads\/2025\/11\/Schoenstatt-Family-Institute.jpg","width":2048,"height":1372},{"@type":"BreadcrumbList","@id":"https:\/\/schoenstatt.com\/pt-pt\/renovar-a-alianca-reavivar-o-fogo-do-carisma\/#breadcrumb","itemListElement":[{"@type":"ListItem","position":1,"name":"Portada","item":"https:\/\/schoenstatt.com\/pt-pt\/home\/"},{"@type":"ListItem","position":2,"name":"Renovar a Alian\u00e7a, reavivar o fogo do carisma"}]},{"@type":"WebSite","@id":"https:\/\/schoenstatt.com\/pt-pt\/#website","url":"https:\/\/schoenstatt.com\/pt-pt\/","name":"Schoenstatt","description":"Apostolic Movement","publisher":{"@id":"https:\/\/schoenstatt.com\/pt-pt\/#organization"},"potentialAction":[{"@type":"SearchAction","target":{"@type":"EntryPoint","urlTemplate":"https:\/\/schoenstatt.com\/pt-pt\/?s={search_term_string}"},"query-input":{"@type":"PropertyValueSpecification","valueRequired":true,"valueName":"search_term_string"}}],"inLanguage":"pt-PT"},{"@type":"Organization","@id":"https:\/\/schoenstatt.com\/pt-pt\/#organization","name":"Schoenstatt","url":"https:\/\/schoenstatt.com\/pt-pt\/","logo":{"@type":"ImageObject","inLanguage":"pt-PT","@id":"https:\/\/schoenstatt.com\/pt-pt\/#\/schema\/logo\/image\/","url":"https:\/\/schoenstatt.com\/wp-content\/uploads\/2025\/04\/logo-schoenstatt-white-696x696-1.png","contentUrl":"https:\/\/schoenstatt.com\/wp-content\/uploads\/2025\/04\/logo-schoenstatt-white-696x696-1.png","width":696,"height":694,"caption":"Schoenstatt"},"image":{"@id":"https:\/\/schoenstatt.com\/pt-pt\/#\/schema\/logo\/image\/"}},{"@type":"Person","@id":"https:\/\/schoenstatt.com\/pt-pt\/#\/schema\/person\/5158877ad4acae98b34daaeef2a1ce6e","name":"Karen Bueno","image":{"@type":"ImageObject","inLanguage":"pt-PT","@id":"https:\/\/secure.gravatar.com\/avatar\/f9f4b823873154269d2b2130f195f6d41037dd0d7fc5f3cacb5c846bae70d66b?s=96&d=mm&r=g","url":"https:\/\/secure.gravatar.com\/avatar\/f9f4b823873154269d2b2130f195f6d41037dd0d7fc5f3cacb5c846bae70d66b?s=96&d=mm&r=g","contentUrl":"https:\/\/secure.gravatar.com\/avatar\/f9f4b823873154269d2b2130f195f6d41037dd0d7fc5f3cacb5c846bae70d66b?s=96&d=mm&r=g","caption":"Karen Bueno"},"url":"https:\/\/schoenstatt.com\/pt-pt\/author\/karen-bueno\/"}]}},"_links":{"self":[{"href":"https:\/\/schoenstatt.com\/pt-pt\/wp-json\/wp\/v2\/posts\/65873","targetHints":{"allow":["GET"]}}],"collection":[{"href":"https:\/\/schoenstatt.com\/pt-pt\/wp-json\/wp\/v2\/posts"}],"about":[{"href":"https:\/\/schoenstatt.com\/pt-pt\/wp-json\/wp\/v2\/types\/post"}],"author":[{"embeddable":true,"href":"https:\/\/schoenstatt.com\/pt-pt\/wp-json\/wp\/v2\/users\/3"}],"replies":[{"embeddable":true,"href":"https:\/\/schoenstatt.com\/pt-pt\/wp-json\/wp\/v2\/comments?post=65873"}],"version-history":[{"count":2,"href":"https:\/\/schoenstatt.com\/pt-pt\/wp-json\/wp\/v2\/posts\/65873\/revisions"}],"predecessor-version":[{"id":65885,"href":"https:\/\/schoenstatt.com\/pt-pt\/wp-json\/wp\/v2\/posts\/65873\/revisions\/65885"}],"wp:featuredmedia":[{"embeddable":true,"href":"https:\/\/schoenstatt.com\/pt-pt\/wp-json\/wp\/v2\/media\/65879"}],"wp:attachment":[{"href":"https:\/\/schoenstatt.com\/pt-pt\/wp-json\/wp\/v2\/media?parent=65873"}],"wp:term":[{"taxonomy":"category","embeddable":true,"href":"https:\/\/schoenstatt.com\/pt-pt\/wp-json\/wp\/v2\/categories?post=65873"},{"taxonomy":"post_tag","embeddable":true,"href":"https:\/\/schoenstatt.com\/pt-pt\/wp-json\/wp\/v2\/tags?post=65873"}],"curies":[{"name":"wp","href":"https:\/\/api.w.org\/{rel}","templated":true}]}}