{"id":65743,"date":"2025-10-29T12:32:21","date_gmt":"2025-10-29T11:32:21","guid":{"rendered":"https:\/\/schoenstatt.com\/?p=65743"},"modified":"2025-10-29T12:32:23","modified_gmt":"2025-10-29T11:32:23","slug":"do-cafe-para-casais-a-liga-de-familias-de-schoenstatt","status":"publish","type":"post","link":"https:\/\/schoenstatt.com\/pt-pt\/do-cafe-para-casais-a-liga-de-familias-de-schoenstatt\/","title":{"rendered":"Do \u201cCaf\u00e9 para Casais\u201d \u00e0 Liga de Fam\u00edlias de Schoenstatt"},"content":{"rendered":"\n<p>No s\u00e1bado, 25 de outubro de 2025, realizou-se a primeira reuni\u00e3o da Liga de Fam\u00edlias de Schoenstatt da Toscana, nas instala\u00e7\u00f5es da Par\u00f3quia de S\u00e3o Louren\u00e7o M\u00e1rtir, em Gello di Lavaiano, Pontedera (Pisa, Toscana, It\u00e1lia). O novo grupo de fam\u00edlias nasceu de duas experi\u00eancias paralelas de crescimento e fortalecimento do relacionamento conjugal, realizadas anteriormente nos munic\u00edpios de Terricciola e Ponte a Egola (ambos na prov\u00edncia de Pisa), onde se realizou o <a href=\"https:\/\/schoenstatt.com\/pt-pt\/primeiro-cafe-para-casais-em-ponte-a-egola-toscana-italia\/\">Caf\u00e9 para Casais<\/a> e um curso de prepara\u00e7\u00e3o para a Alian\u00e7a de Amor. A Par\u00f3quia de S\u00e3o Louren\u00e7o M\u00e1rtir foi escolhida porque fica a meio caminho entre as duas cidades mencionadas, de onde v\u00eam os 11 casais que aderiram ao grupo e ao caminho de aprofundamento do relacionamento conjugal. As reuni\u00f5es ser\u00e3o mensais.<\/p>\n\n\n\n<figure class=\"wp-block-image aligncenter size-full\"><img decoding=\"async\" src=\"https:\/\/schoenstatt.com\/wp-content\/uploads\/2025\/10\/Caffe-delle-copie-Toscana.jpg\" alt=\"\" class=\"wp-image-65744\"\/><figcaption class=\"wp-element-caption\">Fotos: Eugenio Minici<\/figcaption><\/figure>\n\n\n\n<h3 class=\"wp-block-heading\" id=\"h-o-cafe-para-casais\">O \u201cCaf\u00e9 para Casais\u201d<\/h3>\n\n\n\n<p>O <a href=\"https:\/\/schoenstatt.com\/pt-pt\/primeiro-cafe-para-casais-em-ponte-a-egola-toscana-italia\/\">Caf\u00e9 para Casais<\/a> \u00e9 um projeto de alguns membros da Uni\u00e3o de Fam\u00edlias de Schoenstatt de Roma, uma iniciativa dirigida a casais para oferecer um caminho de manuten\u00e7\u00e3o do seu relacionamento, tamb\u00e9m atrav\u00e9s do di\u00e1logo com outros casais participantes, num ambiente relaxante, onde \u00e9 oferecido um lanche, para favorecer uma conversa entre os dois sobre alguns temas. O percurso de fortalecimento \u00e9 dividido em cinco encontros, de cerca de 2 horas cada, que prop\u00f5em temas inspirados na pedagogia do Movimento de Schoenstatt e derivados das iniciais da palavra Caf\u00e9 (caff\u00e8, em italiano): Compartilhamento, Alian\u00e7a, Fidelidade, Fecundidade, Educa\u00e7\u00e3o (autoeduca\u00e7\u00e3o).<\/p>\n\n\n\n<h3 class=\"wp-block-heading\" id=\"h-crescemos-juntos-os-pontos-concentricos-o-casal-a-familia-a-comunidade-crista\">Crescemos juntos &#8211; Os pontos conc\u00eantricos: o casal, a fam\u00edlia, a comunidade crist\u00e3<\/h3>\n\n\n\n<p>O tema proposto na primeira reuni\u00e3o do grupo de fam\u00edlias para reflex\u00e3o foi o seguinte: \u201cCrescemos juntos, o sentido da fam\u00edlia\u201d. Foi introduzido pela met\u00e1fora dos c\u00edrculos conc\u00eantricos: como uma gota que cai em um lago e, com sua for\u00e7a de impacto, gera c\u00edrculos de \u00e1gua que se expandem em todas as dire\u00e7\u00f5es, assim o sacramento do matrim\u00f4nio produz um movimento semelhante, ou seja, a irradia\u00e7\u00e3o da vida familiar na f\u00e9 crist\u00e3. Cada c\u00edrculo nasce do primeiro e prolonga seu eco, difundindo sua energia vital. \u00c9 assim que a f\u00e9 se transmite como por osmose: de forma quase impercept\u00edvel, mas profundamente real, at\u00e9 transformar a casa em um lugar de acolhimento e amor. A partir da\u00ed, o amor se expande \u2014 primeiro no n\u00facleo familiar, depois para o exterior \u2014 como c\u00edrculos conc\u00eantricos na \u00e1gua que se propagam infinitamente.<\/p>\n\n\n\n<figure class=\"wp-block-gallery has-nested-images columns-default is-cropped wp-block-gallery-1 is-layout-flex wp-block-gallery-is-layout-flex\">\n<figure class=\"wp-block-image size-large\"><img fetchpriority=\"high\" decoding=\"async\" width=\"500\" height=\"375\" data-id=\"65749\" src=\"https:\/\/schoenstatt.com\/wp-content\/uploads\/2025\/10\/Caffe-delle-copie-Toscana-4.jpg\" alt=\"\" class=\"wp-image-65749\"\/><\/figure>\n\n\n\n<figure class=\"wp-block-image size-large\"><img decoding=\"async\" width=\"500\" height=\"375\" data-id=\"65754\" src=\"https:\/\/schoenstatt.com\/wp-content\/uploads\/2025\/10\/Caffe-delle-copie-Toscana-5.jpg\" alt=\"\" class=\"wp-image-65754\"\/><\/figure>\n<\/figure>\n\n\n\n<h3 class=\"wp-block-heading\" id=\"h-o-circulo-da-comunidade-crista\">O c\u00edrculo da comunidade crist\u00e3<\/h3>\n\n\n\n<p>Os c\u00edrculos conc\u00eantricos principais s\u00e3o o casal, a fam\u00edlia e a comunidade crist\u00e3 que, no nosso caso, \u00e9 o Movimento de Schoenstatt.<\/p>\n\n\n\n<p>Fazer parte de um grupo ou comunidade \u00e9 uma fonte preciosa de gra\u00e7a e enriquecimento. Dentro dessas realidades, descobrimos valores compartilhados que se tornam apoio e confian\u00e7a nos momentos de prova\u00e7\u00e3o. A ora\u00e7\u00e3o m\u00fatua nos une e nos fortalece; com o tempo, nossas for\u00e7as se somam e nos impulsionam a agir juntos pelo bem comum, contribuindo para moldar o mundo de acordo com nossos ideais.<\/p>\n\n\n\n<p>Durante a reflex\u00e3o, foi tamb\u00e9m proposto um trecho extra\u00eddo do livro <em>Obra de Fam\u00edlias de Schoenstatt, No caminho Matrimonial 07, Juntos somos mais fortes, 2013 (p. 36)<\/em>. Desse trecho, conclui-se que o homem, criado \u201c\u00e0 imagem de Deus\u201d (G\u00eanesis 1,26), reflete o Deus que \u00e9 comunh\u00e3o de Pessoas \u2013 Pai, Filho e Esp\u00edrito Santo. Consequentemente, a f\u00e9 crist\u00e3 n\u00e3o pode ser vivida isoladamente: quem acredita \u00e9 chamado a viver em rela\u00e7\u00e3o, a compartilhar, a amar.<\/p>\n\n\n\n<figure class=\"wp-block-gallery has-nested-images columns-default is-cropped wp-block-gallery-2 is-layout-flex wp-block-gallery-is-layout-flex\">\n<figure class=\"wp-block-image size-large\"><img decoding=\"async\" width=\"500\" height=\"375\" data-id=\"65761\" src=\"https:\/\/schoenstatt.com\/wp-content\/uploads\/2025\/10\/Caffe-delle-copie-Toscana-3.jpg\" alt=\"\" class=\"wp-image-65761\"\/><\/figure>\n\n\n\n<figure class=\"wp-block-image size-large\"><img loading=\"lazy\" decoding=\"async\" width=\"500\" height=\"375\" data-id=\"65759\" src=\"https:\/\/schoenstatt.com\/wp-content\/uploads\/2025\/10\/Caffe-delle-copie-Toscana-2.jpg\" alt=\"\" class=\"wp-image-65759\"\/><\/figure>\n<\/figure>\n\n\n\n<h3 class=\"wp-block-heading\" id=\"h-um-jogo-para-se-conhecer-melhor\">Um jogo para se conhecer melhor<\/h3>\n\n\n\n<p>No meio da reuni\u00e3o, a fim de promover um melhor conhecimento entre os v\u00e1rios casais participantes (que prov\u00eam de percursos de grupo distintos), foi proposto um jogo que consistia em fazer perguntas sobre a vida cotidiana, \u00e0s quais cada casal deveria responder.<\/p>\n\n\n\n<p>No final, cada casal deveria comparar suas respostas com as dos outros casais para encontrar semelhan\u00e7as nos h\u00e1bitos cotidianos (mas tamb\u00e9m afinidades de vida). A iniciativa proporcionou um intervalo mais leve e divertido, que permitiu o in\u00edcio de um v\u00ednculo mais forte entre os casais participantes, na expectativa da pr\u00f3xima reuni\u00e3o\u2026<\/p>\n\n\n\n<p><strong>Tradu\u00e7\u00e3o: <\/strong>Karen Bueno<\/p>\n","protected":false},"excerpt":{"rendered":"<p>Integrantes do projeto \u201cCaf\u00e9 para Casais\u201d, na It\u00e1lia, formam o primeiro grupo da Liga de Fam\u00edlias de Schoenstatt na Toscana<\/p>\n","protected":false},"author":3,"featured_media":65744,"comment_status":"closed","ping_status":"closed","sticky":false,"template":"","format":"standard","meta":{"footnotes":""},"categories":[908,872,876],"tags":[1183,1148],"class_list":["post-65743","post","type-post","status-publish","format-standard","has-post-thumbnail","hentry","category-comunidades-de-schoenstatt-pt-pt","category-europa-pt-pt","category-familia-pt-pt","tag-schoenstatt-italia-pt-pt","tag-uniao-de-familias-de-schoenstatt-pt-pt"],"yoast_head":"<!-- This site is optimized with the Yoast SEO Premium plugin v27.4 (Yoast SEO v27.4) - https:\/\/yoast.com\/product\/yoast-seo-premium-wordpress\/ -->\n<title>Do \u201cCaf\u00e9 para Casais\u201d \u00e0 Liga de Fam\u00edlias de Schoenstatt - Schoenstatt<\/title>\n<meta name=\"description\" content=\"Integrantes do projeto \u201cCaf\u00e9 para Casais\u201d, na It\u00e1lia, formam o primeiro grupo da Liga de Fam\u00edlias de Schoenstatt na Toscana\" \/>\n<meta name=\"robots\" content=\"index, follow, max-snippet:-1, max-image-preview:large, max-video-preview:-1\" \/>\n<link rel=\"canonical\" href=\"https:\/\/schoenstatt.com\/pt-pt\/do-cafe-para-casais-a-liga-de-familias-de-schoenstatt\/\" \/>\n<meta property=\"og:locale\" content=\"pt_PT\" \/>\n<meta property=\"og:type\" content=\"article\" \/>\n<meta property=\"og:title\" content=\"Do \u201cCaf\u00e9 para Casais\u201d \u00e0 Liga de Fam\u00edlias de Schoenstatt\" \/>\n<meta property=\"og:description\" content=\"Integrantes do projeto \u201cCaf\u00e9 para Casais\u201d, na It\u00e1lia, formam o primeiro grupo da Liga de Fam\u00edlias de Schoenstatt na Toscana\" \/>\n<meta property=\"og:url\" content=\"https:\/\/schoenstatt.com\/pt-pt\/do-cafe-para-casais-a-liga-de-familias-de-schoenstatt\/\" \/>\n<meta property=\"og:site_name\" content=\"Schoenstatt\" \/>\n<meta property=\"article:published_time\" content=\"2025-10-29T11:32:21+00:00\" \/>\n<meta property=\"article:modified_time\" content=\"2025-10-29T11:32:23+00:00\" \/>\n<meta property=\"og:image\" content=\"https:\/\/schoenstatt.com\/wp-content\/uploads\/2025\/10\/Caffe-delle-copie-Toscana.webp\" \/>\n\t<meta property=\"og:image:width\" content=\"1920\" \/>\n\t<meta property=\"og:image:height\" content=\"1269\" \/>\n\t<meta property=\"og:image:type\" content=\"image\/webp\" \/>\n<meta name=\"author\" content=\"Karen Bueno\" \/>\n<meta name=\"twitter:card\" content=\"summary_large_image\" \/>\n<meta name=\"twitter:label1\" content=\"Escrito por\" \/>\n\t<meta name=\"twitter:data1\" content=\"Karen Bueno\" \/>\n\t<meta name=\"twitter:label2\" content=\"Tempo estimado de leitura\" \/>\n\t<meta name=\"twitter:data2\" content=\"5 minutos\" \/>\n<script type=\"application\/ld+json\" class=\"yoast-schema-graph\">{\"@context\":\"https:\\\/\\\/schema.org\",\"@graph\":[{\"@type\":\"Article\",\"@id\":\"https:\\\/\\\/schoenstatt.com\\\/pt-pt\\\/do-cafe-para-casais-a-liga-de-familias-de-schoenstatt\\\/#article\",\"isPartOf\":{\"@id\":\"https:\\\/\\\/schoenstatt.com\\\/pt-pt\\\/do-cafe-para-casais-a-liga-de-familias-de-schoenstatt\\\/\"},\"author\":{\"name\":\"Karen Bueno\",\"@id\":\"https:\\\/\\\/schoenstatt.com\\\/pt-pt\\\/#\\\/schema\\\/person\\\/5158877ad4acae98b34daaeef2a1ce6e\"},\"headline\":\"Do \u201cCaf\u00e9 para Casais\u201d \u00e0 Liga de Fam\u00edlias de Schoenstatt\",\"datePublished\":\"2025-10-29T11:32:21+00:00\",\"dateModified\":\"2025-10-29T11:32:23+00:00\",\"mainEntityOfPage\":{\"@id\":\"https:\\\/\\\/schoenstatt.com\\\/pt-pt\\\/do-cafe-para-casais-a-liga-de-familias-de-schoenstatt\\\/\"},\"wordCount\":723,\"publisher\":{\"@id\":\"https:\\\/\\\/schoenstatt.com\\\/pt-pt\\\/#organization\"},\"image\":{\"@id\":\"https:\\\/\\\/schoenstatt.com\\\/pt-pt\\\/do-cafe-para-casais-a-liga-de-familias-de-schoenstatt\\\/#primaryimage\"},\"thumbnailUrl\":\"https:\\\/\\\/schoenstatt.com\\\/wp-content\\\/uploads\\\/2025\\\/10\\\/Caffe-delle-copie-Toscana.webp\",\"keywords\":[\"Schoenstatt It\u00e1lia\",\"Uni\u00e3o de Fam\u00edlias de Schoenstatt\"],\"articleSection\":[\"Comunidades de Schoenstatt\",\"Europa\",\"Fam\u00edlia\"],\"inLanguage\":\"pt-PT\"},{\"@type\":\"WebPage\",\"@id\":\"https:\\\/\\\/schoenstatt.com\\\/pt-pt\\\/do-cafe-para-casais-a-liga-de-familias-de-schoenstatt\\\/\",\"url\":\"https:\\\/\\\/schoenstatt.com\\\/pt-pt\\\/do-cafe-para-casais-a-liga-de-familias-de-schoenstatt\\\/\",\"name\":\"Do \u201cCaf\u00e9 para Casais\u201d \u00e0 Liga de Fam\u00edlias de Schoenstatt - Schoenstatt\",\"isPartOf\":{\"@id\":\"https:\\\/\\\/schoenstatt.com\\\/pt-pt\\\/#website\"},\"primaryImageOfPage\":{\"@id\":\"https:\\\/\\\/schoenstatt.com\\\/pt-pt\\\/do-cafe-para-casais-a-liga-de-familias-de-schoenstatt\\\/#primaryimage\"},\"image\":{\"@id\":\"https:\\\/\\\/schoenstatt.com\\\/pt-pt\\\/do-cafe-para-casais-a-liga-de-familias-de-schoenstatt\\\/#primaryimage\"},\"thumbnailUrl\":\"https:\\\/\\\/schoenstatt.com\\\/wp-content\\\/uploads\\\/2025\\\/10\\\/Caffe-delle-copie-Toscana.webp\",\"datePublished\":\"2025-10-29T11:32:21+00:00\",\"dateModified\":\"2025-10-29T11:32:23+00:00\",\"description\":\"Integrantes do projeto \u201cCaf\u00e9 para Casais\u201d, na It\u00e1lia, formam o primeiro grupo da Liga de Fam\u00edlias de Schoenstatt na Toscana\",\"breadcrumb\":{\"@id\":\"https:\\\/\\\/schoenstatt.com\\\/pt-pt\\\/do-cafe-para-casais-a-liga-de-familias-de-schoenstatt\\\/#breadcrumb\"},\"inLanguage\":\"pt-PT\",\"potentialAction\":[{\"@type\":\"ReadAction\",\"target\":[\"https:\\\/\\\/schoenstatt.com\\\/pt-pt\\\/do-cafe-para-casais-a-liga-de-familias-de-schoenstatt\\\/\"]}]},{\"@type\":\"ImageObject\",\"inLanguage\":\"pt-PT\",\"@id\":\"https:\\\/\\\/schoenstatt.com\\\/pt-pt\\\/do-cafe-para-casais-a-liga-de-familias-de-schoenstatt\\\/#primaryimage\",\"url\":\"https:\\\/\\\/schoenstatt.com\\\/wp-content\\\/uploads\\\/2025\\\/10\\\/Caffe-delle-copie-Toscana.webp\",\"contentUrl\":\"https:\\\/\\\/schoenstatt.com\\\/wp-content\\\/uploads\\\/2025\\\/10\\\/Caffe-delle-copie-Toscana.webp\",\"width\":1920,\"height\":1269},{\"@type\":\"BreadcrumbList\",\"@id\":\"https:\\\/\\\/schoenstatt.com\\\/pt-pt\\\/do-cafe-para-casais-a-liga-de-familias-de-schoenstatt\\\/#breadcrumb\",\"itemListElement\":[{\"@type\":\"ListItem\",\"position\":1,\"name\":\"Portada\",\"item\":\"https:\\\/\\\/schoenstatt.com\\\/pt-pt\\\/home\\\/\"},{\"@type\":\"ListItem\",\"position\":2,\"name\":\"Do \u201cCaf\u00e9 para Casais\u201d \u00e0 Liga de Fam\u00edlias de Schoenstatt\"}]},{\"@type\":\"WebSite\",\"@id\":\"https:\\\/\\\/schoenstatt.com\\\/pt-pt\\\/#website\",\"url\":\"https:\\\/\\\/schoenstatt.com\\\/pt-pt\\\/\",\"name\":\"Schoenstatt\",\"description\":\"Apostolic Movement\",\"publisher\":{\"@id\":\"https:\\\/\\\/schoenstatt.com\\\/pt-pt\\\/#organization\"},\"potentialAction\":[{\"@type\":\"SearchAction\",\"target\":{\"@type\":\"EntryPoint\",\"urlTemplate\":\"https:\\\/\\\/schoenstatt.com\\\/pt-pt\\\/?s={search_term_string}\"},\"query-input\":{\"@type\":\"PropertyValueSpecification\",\"valueRequired\":true,\"valueName\":\"search_term_string\"}}],\"inLanguage\":\"pt-PT\"},{\"@type\":\"Organization\",\"@id\":\"https:\\\/\\\/schoenstatt.com\\\/pt-pt\\\/#organization\",\"name\":\"Schoenstatt\",\"url\":\"https:\\\/\\\/schoenstatt.com\\\/pt-pt\\\/\",\"logo\":{\"@type\":\"ImageObject\",\"inLanguage\":\"pt-PT\",\"@id\":\"https:\\\/\\\/schoenstatt.com\\\/pt-pt\\\/#\\\/schema\\\/logo\\\/image\\\/\",\"url\":\"https:\\\/\\\/schoenstatt.com\\\/wp-content\\\/uploads\\\/2025\\\/04\\\/logo-schoenstatt-white-696x696-1.png\",\"contentUrl\":\"https:\\\/\\\/schoenstatt.com\\\/wp-content\\\/uploads\\\/2025\\\/04\\\/logo-schoenstatt-white-696x696-1.png\",\"width\":696,\"height\":694,\"caption\":\"Schoenstatt\"},\"image\":{\"@id\":\"https:\\\/\\\/schoenstatt.com\\\/pt-pt\\\/#\\\/schema\\\/logo\\\/image\\\/\"}},{\"@type\":\"Person\",\"@id\":\"https:\\\/\\\/schoenstatt.com\\\/pt-pt\\\/#\\\/schema\\\/person\\\/5158877ad4acae98b34daaeef2a1ce6e\",\"name\":\"Karen Bueno\",\"image\":{\"@type\":\"ImageObject\",\"inLanguage\":\"pt-PT\",\"@id\":\"https:\\\/\\\/secure.gravatar.com\\\/avatar\\\/f9f4b823873154269d2b2130f195f6d41037dd0d7fc5f3cacb5c846bae70d66b?s=96&d=mm&r=g\",\"url\":\"https:\\\/\\\/secure.gravatar.com\\\/avatar\\\/f9f4b823873154269d2b2130f195f6d41037dd0d7fc5f3cacb5c846bae70d66b?s=96&d=mm&r=g\",\"contentUrl\":\"https:\\\/\\\/secure.gravatar.com\\\/avatar\\\/f9f4b823873154269d2b2130f195f6d41037dd0d7fc5f3cacb5c846bae70d66b?s=96&d=mm&r=g\",\"caption\":\"Karen Bueno\"},\"url\":\"https:\\\/\\\/schoenstatt.com\\\/pt-pt\\\/author\\\/karen-bueno\\\/\"}]}<\/script>\n<!-- \/ Yoast SEO Premium plugin. -->","yoast_head_json":{"title":"Do \u201cCaf\u00e9 para Casais\u201d \u00e0 Liga de Fam\u00edlias de Schoenstatt - Schoenstatt","description":"Integrantes do projeto \u201cCaf\u00e9 para Casais\u201d, na It\u00e1lia, formam o primeiro grupo da Liga de Fam\u00edlias de Schoenstatt na Toscana","robots":{"index":"index","follow":"follow","max-snippet":"max-snippet:-1","max-image-preview":"max-image-preview:large","max-video-preview":"max-video-preview:-1"},"canonical":"https:\/\/schoenstatt.com\/pt-pt\/do-cafe-para-casais-a-liga-de-familias-de-schoenstatt\/","og_locale":"pt_PT","og_type":"article","og_title":"Do \u201cCaf\u00e9 para Casais\u201d \u00e0 Liga de Fam\u00edlias de Schoenstatt","og_description":"Integrantes do projeto \u201cCaf\u00e9 para Casais\u201d, na It\u00e1lia, formam o primeiro grupo da Liga de Fam\u00edlias de Schoenstatt na Toscana","og_url":"https:\/\/schoenstatt.com\/pt-pt\/do-cafe-para-casais-a-liga-de-familias-de-schoenstatt\/","og_site_name":"Schoenstatt","article_published_time":"2025-10-29T11:32:21+00:00","article_modified_time":"2025-10-29T11:32:23+00:00","og_image":[{"width":1920,"height":1269,"url":"https:\/\/schoenstatt.com\/wp-content\/uploads\/2025\/10\/Caffe-delle-copie-Toscana.webp","type":"image\/webp"}],"author":"Karen Bueno","twitter_card":"summary_large_image","twitter_misc":{"Escrito por":"Karen Bueno","Tempo estimado de leitura":"5 minutos"},"schema":{"@context":"https:\/\/schema.org","@graph":[{"@type":"Article","@id":"https:\/\/schoenstatt.com\/pt-pt\/do-cafe-para-casais-a-liga-de-familias-de-schoenstatt\/#article","isPartOf":{"@id":"https:\/\/schoenstatt.com\/pt-pt\/do-cafe-para-casais-a-liga-de-familias-de-schoenstatt\/"},"author":{"name":"Karen Bueno","@id":"https:\/\/schoenstatt.com\/pt-pt\/#\/schema\/person\/5158877ad4acae98b34daaeef2a1ce6e"},"headline":"Do \u201cCaf\u00e9 para Casais\u201d \u00e0 Liga de Fam\u00edlias de Schoenstatt","datePublished":"2025-10-29T11:32:21+00:00","dateModified":"2025-10-29T11:32:23+00:00","mainEntityOfPage":{"@id":"https:\/\/schoenstatt.com\/pt-pt\/do-cafe-para-casais-a-liga-de-familias-de-schoenstatt\/"},"wordCount":723,"publisher":{"@id":"https:\/\/schoenstatt.com\/pt-pt\/#organization"},"image":{"@id":"https:\/\/schoenstatt.com\/pt-pt\/do-cafe-para-casais-a-liga-de-familias-de-schoenstatt\/#primaryimage"},"thumbnailUrl":"https:\/\/schoenstatt.com\/wp-content\/uploads\/2025\/10\/Caffe-delle-copie-Toscana.webp","keywords":["Schoenstatt It\u00e1lia","Uni\u00e3o de Fam\u00edlias de Schoenstatt"],"articleSection":["Comunidades de Schoenstatt","Europa","Fam\u00edlia"],"inLanguage":"pt-PT"},{"@type":"WebPage","@id":"https:\/\/schoenstatt.com\/pt-pt\/do-cafe-para-casais-a-liga-de-familias-de-schoenstatt\/","url":"https:\/\/schoenstatt.com\/pt-pt\/do-cafe-para-casais-a-liga-de-familias-de-schoenstatt\/","name":"Do \u201cCaf\u00e9 para Casais\u201d \u00e0 Liga de Fam\u00edlias de Schoenstatt - Schoenstatt","isPartOf":{"@id":"https:\/\/schoenstatt.com\/pt-pt\/#website"},"primaryImageOfPage":{"@id":"https:\/\/schoenstatt.com\/pt-pt\/do-cafe-para-casais-a-liga-de-familias-de-schoenstatt\/#primaryimage"},"image":{"@id":"https:\/\/schoenstatt.com\/pt-pt\/do-cafe-para-casais-a-liga-de-familias-de-schoenstatt\/#primaryimage"},"thumbnailUrl":"https:\/\/schoenstatt.com\/wp-content\/uploads\/2025\/10\/Caffe-delle-copie-Toscana.webp","datePublished":"2025-10-29T11:32:21+00:00","dateModified":"2025-10-29T11:32:23+00:00","description":"Integrantes do projeto \u201cCaf\u00e9 para Casais\u201d, na It\u00e1lia, formam o primeiro grupo da Liga de Fam\u00edlias de Schoenstatt na Toscana","breadcrumb":{"@id":"https:\/\/schoenstatt.com\/pt-pt\/do-cafe-para-casais-a-liga-de-familias-de-schoenstatt\/#breadcrumb"},"inLanguage":"pt-PT","potentialAction":[{"@type":"ReadAction","target":["https:\/\/schoenstatt.com\/pt-pt\/do-cafe-para-casais-a-liga-de-familias-de-schoenstatt\/"]}]},{"@type":"ImageObject","inLanguage":"pt-PT","@id":"https:\/\/schoenstatt.com\/pt-pt\/do-cafe-para-casais-a-liga-de-familias-de-schoenstatt\/#primaryimage","url":"https:\/\/schoenstatt.com\/wp-content\/uploads\/2025\/10\/Caffe-delle-copie-Toscana.webp","contentUrl":"https:\/\/schoenstatt.com\/wp-content\/uploads\/2025\/10\/Caffe-delle-copie-Toscana.webp","width":1920,"height":1269},{"@type":"BreadcrumbList","@id":"https:\/\/schoenstatt.com\/pt-pt\/do-cafe-para-casais-a-liga-de-familias-de-schoenstatt\/#breadcrumb","itemListElement":[{"@type":"ListItem","position":1,"name":"Portada","item":"https:\/\/schoenstatt.com\/pt-pt\/home\/"},{"@type":"ListItem","position":2,"name":"Do \u201cCaf\u00e9 para Casais\u201d \u00e0 Liga de Fam\u00edlias de Schoenstatt"}]},{"@type":"WebSite","@id":"https:\/\/schoenstatt.com\/pt-pt\/#website","url":"https:\/\/schoenstatt.com\/pt-pt\/","name":"Schoenstatt","description":"Apostolic Movement","publisher":{"@id":"https:\/\/schoenstatt.com\/pt-pt\/#organization"},"potentialAction":[{"@type":"SearchAction","target":{"@type":"EntryPoint","urlTemplate":"https:\/\/schoenstatt.com\/pt-pt\/?s={search_term_string}"},"query-input":{"@type":"PropertyValueSpecification","valueRequired":true,"valueName":"search_term_string"}}],"inLanguage":"pt-PT"},{"@type":"Organization","@id":"https:\/\/schoenstatt.com\/pt-pt\/#organization","name":"Schoenstatt","url":"https:\/\/schoenstatt.com\/pt-pt\/","logo":{"@type":"ImageObject","inLanguage":"pt-PT","@id":"https:\/\/schoenstatt.com\/pt-pt\/#\/schema\/logo\/image\/","url":"https:\/\/schoenstatt.com\/wp-content\/uploads\/2025\/04\/logo-schoenstatt-white-696x696-1.png","contentUrl":"https:\/\/schoenstatt.com\/wp-content\/uploads\/2025\/04\/logo-schoenstatt-white-696x696-1.png","width":696,"height":694,"caption":"Schoenstatt"},"image":{"@id":"https:\/\/schoenstatt.com\/pt-pt\/#\/schema\/logo\/image\/"}},{"@type":"Person","@id":"https:\/\/schoenstatt.com\/pt-pt\/#\/schema\/person\/5158877ad4acae98b34daaeef2a1ce6e","name":"Karen Bueno","image":{"@type":"ImageObject","inLanguage":"pt-PT","@id":"https:\/\/secure.gravatar.com\/avatar\/f9f4b823873154269d2b2130f195f6d41037dd0d7fc5f3cacb5c846bae70d66b?s=96&d=mm&r=g","url":"https:\/\/secure.gravatar.com\/avatar\/f9f4b823873154269d2b2130f195f6d41037dd0d7fc5f3cacb5c846bae70d66b?s=96&d=mm&r=g","contentUrl":"https:\/\/secure.gravatar.com\/avatar\/f9f4b823873154269d2b2130f195f6d41037dd0d7fc5f3cacb5c846bae70d66b?s=96&d=mm&r=g","caption":"Karen Bueno"},"url":"https:\/\/schoenstatt.com\/pt-pt\/author\/karen-bueno\/"}]}},"_links":{"self":[{"href":"https:\/\/schoenstatt.com\/pt-pt\/wp-json\/wp\/v2\/posts\/65743","targetHints":{"allow":["GET"]}}],"collection":[{"href":"https:\/\/schoenstatt.com\/pt-pt\/wp-json\/wp\/v2\/posts"}],"about":[{"href":"https:\/\/schoenstatt.com\/pt-pt\/wp-json\/wp\/v2\/types\/post"}],"author":[{"embeddable":true,"href":"https:\/\/schoenstatt.com\/pt-pt\/wp-json\/wp\/v2\/users\/3"}],"replies":[{"embeddable":true,"href":"https:\/\/schoenstatt.com\/pt-pt\/wp-json\/wp\/v2\/comments?post=65743"}],"version-history":[{"count":2,"href":"https:\/\/schoenstatt.com\/pt-pt\/wp-json\/wp\/v2\/posts\/65743\/revisions"}],"predecessor-version":[{"id":65770,"href":"https:\/\/schoenstatt.com\/pt-pt\/wp-json\/wp\/v2\/posts\/65743\/revisions\/65770"}],"wp:featuredmedia":[{"embeddable":true,"href":"https:\/\/schoenstatt.com\/pt-pt\/wp-json\/wp\/v2\/media\/65744"}],"wp:attachment":[{"href":"https:\/\/schoenstatt.com\/pt-pt\/wp-json\/wp\/v2\/media?parent=65743"}],"wp:term":[{"taxonomy":"category","embeddable":true,"href":"https:\/\/schoenstatt.com\/pt-pt\/wp-json\/wp\/v2\/categories?post=65743"},{"taxonomy":"post_tag","embeddable":true,"href":"https:\/\/schoenstatt.com\/pt-pt\/wp-json\/wp\/v2\/tags?post=65743"}],"curies":[{"name":"wp","href":"https:\/\/api.w.org\/{rel}","templated":true}]}}