{"id":65698,"date":"2025-10-28T04:30:00","date_gmt":"2025-10-28T03:30:00","guid":{"rendered":"https:\/\/schoenstatt.com\/?p=65698"},"modified":"2025-10-27T20:02:02","modified_gmt":"2025-10-27T19:02:02","slug":"horizontes-verdes-e-o-santuario-interior","status":"publish","type":"post","link":"https:\/\/schoenstatt.com\/pt-pt\/horizontes-verdes-e-o-santuario-interior\/","title":{"rendered":"Horizontes Verdes e o Santu\u00e1rio Interior"},"content":{"rendered":"\n<p>No m\u00eas em que celebramos a funda\u00e7\u00e3o de Schoenstatt, o convite do Pe. Jos\u00e9 Kentenich \u00e9 para<strong> &#8220;cavar mais fundo&#8221; <\/strong>\u2014 descer ao solo da nossa alma para encontrar o Santu\u00e1rio interior. No Jap\u00e3o existe uma tradi\u00e7\u00e3o milenar chamada <strong><em>Shinrin-yoku<\/em><\/strong> (Banho de Floresta), que nos ensina a mergulhar na natureza com todos os sentidos.<\/p>\n\n\n\n<h3 class=\"wp-block-heading\" id=\"h-o-desafio-da-floresta-um-espelho-para-a-alma\">O desafio da floresta: Um espelho para a alma<\/h3>\n\n\n\n<p>A ideia do Shinrin-yoku \u00e9 fazer uma caminhada como uma imers\u00e3o sensorial, para absorver a atmosfera da floresta, do jardim ou da pra\u00e7a. Os benef\u00edcios s\u00e3o comprovados: redu\u00e7\u00e3o do estresse, fortalecimento do sistema imune e melhoria do humor. Mas, para um schoenstattiano, h\u00e1 uma dimens\u00e3o mais profunda: a natureza como pedagoga da Alian\u00e7a de Amor.<\/p>\n\n\n\n<p>Ao contemplar a floresta, somos desafiados a:<\/p>\n\n\n\n<p><strong>Parar e Contemplar: <\/strong>A natureza nos for\u00e7a a desacelerar. Isso ecoa a exig\u00eancia central de nossa Alian\u00e7a: <strong>a autoeduca\u00e7\u00e3o e a zelosa vida de ora\u00e7\u00e3o<\/strong>. Precisamos de &#8220;pausas verdes&#8221; para ouvir a voz de Deus.<\/p>\n\n\n\n<p><strong>Sermos Org\u00e2nicos (a lei da natureza): <\/strong>Assim como a natureza \u00e9 um organismo vivo onde tudo est\u00e1 conectado (a \u00e1rvore ao solo, o musgo \u00e0 sombra), a nossa espiritualidade \u00e9 <strong>org\u00e2nica<\/strong>, integrando a <strong>natureza e a gra\u00e7a<\/strong>, o natural e o sobrenatural. A nossa vida n\u00e3o pode ser fragmentada; o Santu\u00e1rio e o mundo devem estar em sintonia.<\/p>\n\n\n\n<p><strong>Cavar Fundo (as ra\u00edzes):<\/strong> Uma \u00e1rvore \u00e9 forte porque tem ra\u00edzes profundas e escondidas. O m\u00eas da funda\u00e7\u00e3o nos chama a fazer o mesmo. O Pe. Kentenich nos ensinou: \u201cParece que \u00e9 como se estivessem anjos no meio de n\u00f3s e nos dissessem: \u00abTira as sand\u00e1lias, porque o lugar onde est\u00e1s \u00e9 terra santa\u00bb (Ex 3, 5). Assim como a \u00e1rvore resiste \u00e0 tempestade, aprofundar nossa vida espiritual \u00e9 a condi\u00e7\u00e3o para sermos <strong>&#8220;instrumentos aptos&#8221;<\/strong> nas m\u00e3os de Maria. \u00c9 o nosso <strong>Capital de Gra\u00e7as <\/strong>escondido, mas que sustenta toda a nossa miss\u00e3o e o caminho.<\/p>\n\n\n\n<figure class=\"wp-block-image aligncenter size-full\"><img decoding=\"async\" src=\"https:\/\/schoenstatt.com\/wp-content\/uploads\/2025\/10\/ecology.jpg\" alt=\"\" class=\"wp-image-65691\"\/><\/figure>\n\n\n\n<h3 class=\"wp-block-heading\" id=\"h-por-que-viver-a-natureza-em-todos-os-sentidos-e-importante\">Por que viver a &#8220;natureza em todos os sentidos&#8221; \u00e9 importante?<\/h3>\n\n\n\n<p>A natureza \u00e9 a primeira revela\u00e7\u00e3o de Deus. Ela nos ajuda a reestabelecer os v\u00ednculos essenciais: com o nosso corpo, com a cria\u00e7\u00e3o e, por fim, com o criador.<\/p>\n\n\n\n<p>Ao selarmos a Alian\u00e7a de Amor, dizemos:<strong> \u201cNada sem V\u00f3s, nada sem N\u00f3s\u201d. <\/strong>A natureza s\u00f3 nos pode dar frutos se n\u00f3s tamb\u00e9m oferecermos a nossa parte. A natureza \u00e9 a nossa sala de aula: ela nos ensina sobre fidelidade, crescimento silencioso e a beleza da Provid\u00eancia Divina.<\/p>\n\n\n\n<p>Que neste m\u00eas, ao celebrarmos a coragem da funda\u00e7\u00e3o, encontremos na quietude da natureza a for\u00e7a para cavar fundo e viver a nossa Alian\u00e7a com a plenitude e a liberdade de uma floresta em crescimento.<\/p>\n\n\n\n<h3 class=\"wp-block-heading\" id=\"h-convite-a-acao\">Convite \u00e0 a\u00e7\u00e3o<\/h3>\n\n\n\n<p><strong>Reserve 20 minutos: <\/strong>Desligue o celular e passe um tempo no parque ou jardim mais pr\u00f3ximo. Use o seu tempo para uma ora\u00e7\u00e3o contemplativa, vendo na vida da natureza um reflexo do amor de Deus.<\/p>\n\n\n\n<p><strong>Pergunte a si mesmo:<\/strong> Que &#8220;ra\u00edzes&#8221; em minha vida (h\u00e1bitos de ora\u00e7\u00e3o, autoeduca\u00e7\u00e3o, v\u00ednculo com o Santu\u00e1rio) preciso fortalecer para que o meu <em>Santu\u00e1rio Interior<\/em> se torne uma fonte de vida mais fecunda?<\/p>\n\n\n\n<figure class=\"wp-block-image aligncenter size-full\"><img fetchpriority=\"high\" decoding=\"async\" width=\"1920\" height=\"1012\" src=\"https:\/\/schoenstatt.com\/wp-content\/uploads\/2025\/02\/ecology-1.webp\" alt=\"\" class=\"wp-image-43472\" srcset=\"https:\/\/schoenstatt.com\/wp-content\/uploads\/2025\/02\/ecology-1.webp 1920w, https:\/\/schoenstatt.com\/wp-content\/uploads\/2025\/02\/ecology-1-768x405.webp 768w, https:\/\/schoenstatt.com\/wp-content\/uploads\/2025\/02\/ecology-1-1536x809.jpg 1536w\" sizes=\"(max-width: 1920px) 100vw, 1920px\" \/><\/figure>\n\n\n\n<h3 class=\"wp-block-heading\" id=\"h-quer-fazer-parte-da-mudanca\">Quer fazer parte da mudan\u00e7a?<\/h3>\n\n\n\n<p>Se voc\u00ea se sente chamado a contribuir para uma vis\u00e3o sustent\u00e1vel no mundo, \u00e0 luz da espiritualidade de Schoenstatt, o Projeto de Sustentabilidade Global pode ser uma oportunidade para caminhar nessa dire\u00e7\u00e3o.<\/p>\n\n\n\n<p>Contato: Whatsapp +34 604 94 52 86 &#8211; Rosana Silva \u2013 Instituto das Senhoras de Schoenstatt, Madri, Espanha.<\/p>\n","protected":false},"excerpt":{"rendered":"<p>Voc\u00ea conhece o desafio da floresta? Essa inspira\u00e7\u00e3o pode ajudar a aprofundar a Alian\u00e7a de Amor ao contemplar e sentir a natureza.<\/p>\n","protected":false},"author":3,"featured_media":65694,"comment_status":"closed","ping_status":"closed","sticky":false,"template":"","format":"standard","meta":{"footnotes":""},"categories":[884],"tags":[551],"class_list":["post-65698","post","type-post","status-publish","format-standard","has-post-thumbnail","hentry","category-meio-ambiente-pt-pt","tag-ecologia-meio-ambiente"],"yoast_head":"<!-- This site is optimized with the Yoast SEO Premium plugin v27.4 (Yoast SEO v27.5) - https:\/\/yoast.com\/product\/yoast-seo-premium-wordpress\/ -->\n<title>Horizontes Verdes e o Santu\u00e1rio Interior - Schoenstatt<\/title>\n<meta name=\"description\" content=\"Voc\u00ea conhece o desafio da floresta? Essa inspira\u00e7\u00e3o pode ajudar a aprofundar a Alian\u00e7a de Amor ao contemplar e sentir a natureza.\" \/>\n<meta name=\"robots\" content=\"index, follow, max-snippet:-1, max-image-preview:large, max-video-preview:-1\" \/>\n<link rel=\"canonical\" href=\"https:\/\/schoenstatt.com\/pt-pt\/horizontes-verdes-e-o-santuario-interior\/\" \/>\n<meta property=\"og:locale\" content=\"pt_PT\" \/>\n<meta property=\"og:type\" content=\"article\" \/>\n<meta property=\"og:title\" content=\"Horizontes Verdes e o Santu\u00e1rio Interior\" \/>\n<meta property=\"og:description\" content=\"Voc\u00ea conhece o desafio da floresta? Essa inspira\u00e7\u00e3o pode ajudar a aprofundar a Alian\u00e7a de Amor ao contemplar e sentir a natureza.\" \/>\n<meta property=\"og:url\" content=\"https:\/\/schoenstatt.com\/pt-pt\/horizontes-verdes-e-o-santuario-interior\/\" \/>\n<meta property=\"og:site_name\" content=\"Schoenstatt\" \/>\n<meta property=\"article:published_time\" content=\"2025-10-28T03:30:00+00:00\" \/>\n<meta property=\"og:image\" content=\"https:\/\/schoenstatt.com\/wp-content\/uploads\/2025\/10\/ecology.webp\" \/>\n\t<meta property=\"og:image:width\" content=\"2048\" \/>\n\t<meta property=\"og:image:height\" content=\"1152\" \/>\n\t<meta property=\"og:image:type\" content=\"image\/jpeg\" \/>\n<meta name=\"author\" content=\"Karen Bueno\" \/>\n<meta name=\"twitter:card\" content=\"summary_large_image\" \/>\n<meta name=\"twitter:label1\" content=\"Escrito por\" \/>\n\t<meta name=\"twitter:data1\" content=\"Karen Bueno\" \/>\n\t<meta name=\"twitter:label2\" content=\"Tempo estimado de leitura\" \/>\n\t<meta name=\"twitter:data2\" content=\"4 minutos\" \/>\n<script type=\"application\/ld+json\" class=\"yoast-schema-graph\">{\"@context\":\"https:\\\/\\\/schema.org\",\"@graph\":[{\"@type\":\"Article\",\"@id\":\"https:\\\/\\\/schoenstatt.com\\\/pt-pt\\\/horizontes-verdes-e-o-santuario-interior\\\/#article\",\"isPartOf\":{\"@id\":\"https:\\\/\\\/schoenstatt.com\\\/pt-pt\\\/horizontes-verdes-e-o-santuario-interior\\\/\"},\"author\":{\"name\":\"Karen Bueno\",\"@id\":\"https:\\\/\\\/schoenstatt.com\\\/pt-pt\\\/#\\\/schema\\\/person\\\/5158877ad4acae98b34daaeef2a1ce6e\"},\"headline\":\"Horizontes Verdes e o Santu\u00e1rio Interior\",\"datePublished\":\"2025-10-28T03:30:00+00:00\",\"mainEntityOfPage\":{\"@id\":\"https:\\\/\\\/schoenstatt.com\\\/pt-pt\\\/horizontes-verdes-e-o-santuario-interior\\\/\"},\"wordCount\":604,\"publisher\":{\"@id\":\"https:\\\/\\\/schoenstatt.com\\\/pt-pt\\\/#organization\"},\"image\":{\"@id\":\"https:\\\/\\\/schoenstatt.com\\\/pt-pt\\\/horizontes-verdes-e-o-santuario-interior\\\/#primaryimage\"},\"thumbnailUrl\":\"https:\\\/\\\/schoenstatt.com\\\/wp-content\\\/uploads\\\/2025\\\/10\\\/ecology.webp\",\"keywords\":[\"Ecologia \\\/ Meio Ambiente\"],\"articleSection\":[\"Meio Ambiente\"],\"inLanguage\":\"pt-PT\"},{\"@type\":\"WebPage\",\"@id\":\"https:\\\/\\\/schoenstatt.com\\\/pt-pt\\\/horizontes-verdes-e-o-santuario-interior\\\/\",\"url\":\"https:\\\/\\\/schoenstatt.com\\\/pt-pt\\\/horizontes-verdes-e-o-santuario-interior\\\/\",\"name\":\"Horizontes Verdes e o Santu\u00e1rio Interior - Schoenstatt\",\"isPartOf\":{\"@id\":\"https:\\\/\\\/schoenstatt.com\\\/pt-pt\\\/#website\"},\"primaryImageOfPage\":{\"@id\":\"https:\\\/\\\/schoenstatt.com\\\/pt-pt\\\/horizontes-verdes-e-o-santuario-interior\\\/#primaryimage\"},\"image\":{\"@id\":\"https:\\\/\\\/schoenstatt.com\\\/pt-pt\\\/horizontes-verdes-e-o-santuario-interior\\\/#primaryimage\"},\"thumbnailUrl\":\"https:\\\/\\\/schoenstatt.com\\\/wp-content\\\/uploads\\\/2025\\\/10\\\/ecology.webp\",\"datePublished\":\"2025-10-28T03:30:00+00:00\",\"description\":\"Voc\u00ea conhece o desafio da floresta? Essa inspira\u00e7\u00e3o pode ajudar a aprofundar a Alian\u00e7a de Amor ao contemplar e sentir a natureza.\",\"breadcrumb\":{\"@id\":\"https:\\\/\\\/schoenstatt.com\\\/pt-pt\\\/horizontes-verdes-e-o-santuario-interior\\\/#breadcrumb\"},\"inLanguage\":\"pt-PT\",\"potentialAction\":[{\"@type\":\"ReadAction\",\"target\":[\"https:\\\/\\\/schoenstatt.com\\\/pt-pt\\\/horizontes-verdes-e-o-santuario-interior\\\/\"]}]},{\"@type\":\"ImageObject\",\"inLanguage\":\"pt-PT\",\"@id\":\"https:\\\/\\\/schoenstatt.com\\\/pt-pt\\\/horizontes-verdes-e-o-santuario-interior\\\/#primaryimage\",\"url\":\"https:\\\/\\\/schoenstatt.com\\\/wp-content\\\/uploads\\\/2025\\\/10\\\/ecology.webp\",\"contentUrl\":\"https:\\\/\\\/schoenstatt.com\\\/wp-content\\\/uploads\\\/2025\\\/10\\\/ecology.webp\",\"width\":2048,\"height\":1152},{\"@type\":\"BreadcrumbList\",\"@id\":\"https:\\\/\\\/schoenstatt.com\\\/pt-pt\\\/horizontes-verdes-e-o-santuario-interior\\\/#breadcrumb\",\"itemListElement\":[{\"@type\":\"ListItem\",\"position\":1,\"name\":\"Portada\",\"item\":\"https:\\\/\\\/schoenstatt.com\\\/pt-pt\\\/home\\\/\"},{\"@type\":\"ListItem\",\"position\":2,\"name\":\"Horizontes Verdes e o Santu\u00e1rio Interior\"}]},{\"@type\":\"WebSite\",\"@id\":\"https:\\\/\\\/schoenstatt.com\\\/pt-pt\\\/#website\",\"url\":\"https:\\\/\\\/schoenstatt.com\\\/pt-pt\\\/\",\"name\":\"Schoenstatt\",\"description\":\"Apostolic Movement\",\"publisher\":{\"@id\":\"https:\\\/\\\/schoenstatt.com\\\/pt-pt\\\/#organization\"},\"potentialAction\":[{\"@type\":\"SearchAction\",\"target\":{\"@type\":\"EntryPoint\",\"urlTemplate\":\"https:\\\/\\\/schoenstatt.com\\\/pt-pt\\\/?s={search_term_string}\"},\"query-input\":{\"@type\":\"PropertyValueSpecification\",\"valueRequired\":true,\"valueName\":\"search_term_string\"}}],\"inLanguage\":\"pt-PT\"},{\"@type\":\"Organization\",\"@id\":\"https:\\\/\\\/schoenstatt.com\\\/pt-pt\\\/#organization\",\"name\":\"Schoenstatt\",\"url\":\"https:\\\/\\\/schoenstatt.com\\\/pt-pt\\\/\",\"logo\":{\"@type\":\"ImageObject\",\"inLanguage\":\"pt-PT\",\"@id\":\"https:\\\/\\\/schoenstatt.com\\\/pt-pt\\\/#\\\/schema\\\/logo\\\/image\\\/\",\"url\":\"https:\\\/\\\/schoenstatt.com\\\/wp-content\\\/uploads\\\/2025\\\/04\\\/logo-schoenstatt-white-696x696-1.png\",\"contentUrl\":\"https:\\\/\\\/schoenstatt.com\\\/wp-content\\\/uploads\\\/2025\\\/04\\\/logo-schoenstatt-white-696x696-1.png\",\"width\":696,\"height\":694,\"caption\":\"Schoenstatt\"},\"image\":{\"@id\":\"https:\\\/\\\/schoenstatt.com\\\/pt-pt\\\/#\\\/schema\\\/logo\\\/image\\\/\"}},{\"@type\":\"Person\",\"@id\":\"https:\\\/\\\/schoenstatt.com\\\/pt-pt\\\/#\\\/schema\\\/person\\\/5158877ad4acae98b34daaeef2a1ce6e\",\"name\":\"Karen Bueno\",\"image\":{\"@type\":\"ImageObject\",\"inLanguage\":\"pt-PT\",\"@id\":\"https:\\\/\\\/secure.gravatar.com\\\/avatar\\\/f9f4b823873154269d2b2130f195f6d41037dd0d7fc5f3cacb5c846bae70d66b?s=96&d=mm&r=g\",\"url\":\"https:\\\/\\\/secure.gravatar.com\\\/avatar\\\/f9f4b823873154269d2b2130f195f6d41037dd0d7fc5f3cacb5c846bae70d66b?s=96&d=mm&r=g\",\"contentUrl\":\"https:\\\/\\\/secure.gravatar.com\\\/avatar\\\/f9f4b823873154269d2b2130f195f6d41037dd0d7fc5f3cacb5c846bae70d66b?s=96&d=mm&r=g\",\"caption\":\"Karen Bueno\"},\"url\":\"https:\\\/\\\/schoenstatt.com\\\/pt-pt\\\/author\\\/karen-bueno\\\/\"}]}<\/script>\n<!-- \/ Yoast SEO Premium plugin. -->","yoast_head_json":{"title":"Horizontes Verdes e o Santu\u00e1rio Interior - Schoenstatt","description":"Voc\u00ea conhece o desafio da floresta? Essa inspira\u00e7\u00e3o pode ajudar a aprofundar a Alian\u00e7a de Amor ao contemplar e sentir a natureza.","robots":{"index":"index","follow":"follow","max-snippet":"max-snippet:-1","max-image-preview":"max-image-preview:large","max-video-preview":"max-video-preview:-1"},"canonical":"https:\/\/schoenstatt.com\/pt-pt\/horizontes-verdes-e-o-santuario-interior\/","og_locale":"pt_PT","og_type":"article","og_title":"Horizontes Verdes e o Santu\u00e1rio Interior","og_description":"Voc\u00ea conhece o desafio da floresta? Essa inspira\u00e7\u00e3o pode ajudar a aprofundar a Alian\u00e7a de Amor ao contemplar e sentir a natureza.","og_url":"https:\/\/schoenstatt.com\/pt-pt\/horizontes-verdes-e-o-santuario-interior\/","og_site_name":"Schoenstatt","article_published_time":"2025-10-28T03:30:00+00:00","og_image":[{"width":2048,"height":1152,"url":"https:\/\/schoenstatt.com\/wp-content\/uploads\/2025\/10\/ecology.webp","type":"image\/jpeg"}],"author":"Karen Bueno","twitter_card":"summary_large_image","twitter_misc":{"Escrito por":"Karen Bueno","Tempo estimado de leitura":"4 minutos"},"schema":{"@context":"https:\/\/schema.org","@graph":[{"@type":"Article","@id":"https:\/\/schoenstatt.com\/pt-pt\/horizontes-verdes-e-o-santuario-interior\/#article","isPartOf":{"@id":"https:\/\/schoenstatt.com\/pt-pt\/horizontes-verdes-e-o-santuario-interior\/"},"author":{"name":"Karen Bueno","@id":"https:\/\/schoenstatt.com\/pt-pt\/#\/schema\/person\/5158877ad4acae98b34daaeef2a1ce6e"},"headline":"Horizontes Verdes e o Santu\u00e1rio Interior","datePublished":"2025-10-28T03:30:00+00:00","mainEntityOfPage":{"@id":"https:\/\/schoenstatt.com\/pt-pt\/horizontes-verdes-e-o-santuario-interior\/"},"wordCount":604,"publisher":{"@id":"https:\/\/schoenstatt.com\/pt-pt\/#organization"},"image":{"@id":"https:\/\/schoenstatt.com\/pt-pt\/horizontes-verdes-e-o-santuario-interior\/#primaryimage"},"thumbnailUrl":"https:\/\/schoenstatt.com\/wp-content\/uploads\/2025\/10\/ecology.webp","keywords":["Ecologia \/ Meio Ambiente"],"articleSection":["Meio Ambiente"],"inLanguage":"pt-PT"},{"@type":"WebPage","@id":"https:\/\/schoenstatt.com\/pt-pt\/horizontes-verdes-e-o-santuario-interior\/","url":"https:\/\/schoenstatt.com\/pt-pt\/horizontes-verdes-e-o-santuario-interior\/","name":"Horizontes Verdes e o Santu\u00e1rio Interior - Schoenstatt","isPartOf":{"@id":"https:\/\/schoenstatt.com\/pt-pt\/#website"},"primaryImageOfPage":{"@id":"https:\/\/schoenstatt.com\/pt-pt\/horizontes-verdes-e-o-santuario-interior\/#primaryimage"},"image":{"@id":"https:\/\/schoenstatt.com\/pt-pt\/horizontes-verdes-e-o-santuario-interior\/#primaryimage"},"thumbnailUrl":"https:\/\/schoenstatt.com\/wp-content\/uploads\/2025\/10\/ecology.webp","datePublished":"2025-10-28T03:30:00+00:00","description":"Voc\u00ea conhece o desafio da floresta? Essa inspira\u00e7\u00e3o pode ajudar a aprofundar a Alian\u00e7a de Amor ao contemplar e sentir a natureza.","breadcrumb":{"@id":"https:\/\/schoenstatt.com\/pt-pt\/horizontes-verdes-e-o-santuario-interior\/#breadcrumb"},"inLanguage":"pt-PT","potentialAction":[{"@type":"ReadAction","target":["https:\/\/schoenstatt.com\/pt-pt\/horizontes-verdes-e-o-santuario-interior\/"]}]},{"@type":"ImageObject","inLanguage":"pt-PT","@id":"https:\/\/schoenstatt.com\/pt-pt\/horizontes-verdes-e-o-santuario-interior\/#primaryimage","url":"https:\/\/schoenstatt.com\/wp-content\/uploads\/2025\/10\/ecology.webp","contentUrl":"https:\/\/schoenstatt.com\/wp-content\/uploads\/2025\/10\/ecology.webp","width":2048,"height":1152},{"@type":"BreadcrumbList","@id":"https:\/\/schoenstatt.com\/pt-pt\/horizontes-verdes-e-o-santuario-interior\/#breadcrumb","itemListElement":[{"@type":"ListItem","position":1,"name":"Portada","item":"https:\/\/schoenstatt.com\/pt-pt\/home\/"},{"@type":"ListItem","position":2,"name":"Horizontes Verdes e o Santu\u00e1rio Interior"}]},{"@type":"WebSite","@id":"https:\/\/schoenstatt.com\/pt-pt\/#website","url":"https:\/\/schoenstatt.com\/pt-pt\/","name":"Schoenstatt","description":"Apostolic Movement","publisher":{"@id":"https:\/\/schoenstatt.com\/pt-pt\/#organization"},"potentialAction":[{"@type":"SearchAction","target":{"@type":"EntryPoint","urlTemplate":"https:\/\/schoenstatt.com\/pt-pt\/?s={search_term_string}"},"query-input":{"@type":"PropertyValueSpecification","valueRequired":true,"valueName":"search_term_string"}}],"inLanguage":"pt-PT"},{"@type":"Organization","@id":"https:\/\/schoenstatt.com\/pt-pt\/#organization","name":"Schoenstatt","url":"https:\/\/schoenstatt.com\/pt-pt\/","logo":{"@type":"ImageObject","inLanguage":"pt-PT","@id":"https:\/\/schoenstatt.com\/pt-pt\/#\/schema\/logo\/image\/","url":"https:\/\/schoenstatt.com\/wp-content\/uploads\/2025\/04\/logo-schoenstatt-white-696x696-1.png","contentUrl":"https:\/\/schoenstatt.com\/wp-content\/uploads\/2025\/04\/logo-schoenstatt-white-696x696-1.png","width":696,"height":694,"caption":"Schoenstatt"},"image":{"@id":"https:\/\/schoenstatt.com\/pt-pt\/#\/schema\/logo\/image\/"}},{"@type":"Person","@id":"https:\/\/schoenstatt.com\/pt-pt\/#\/schema\/person\/5158877ad4acae98b34daaeef2a1ce6e","name":"Karen Bueno","image":{"@type":"ImageObject","inLanguage":"pt-PT","@id":"https:\/\/secure.gravatar.com\/avatar\/f9f4b823873154269d2b2130f195f6d41037dd0d7fc5f3cacb5c846bae70d66b?s=96&d=mm&r=g","url":"https:\/\/secure.gravatar.com\/avatar\/f9f4b823873154269d2b2130f195f6d41037dd0d7fc5f3cacb5c846bae70d66b?s=96&d=mm&r=g","contentUrl":"https:\/\/secure.gravatar.com\/avatar\/f9f4b823873154269d2b2130f195f6d41037dd0d7fc5f3cacb5c846bae70d66b?s=96&d=mm&r=g","caption":"Karen Bueno"},"url":"https:\/\/schoenstatt.com\/pt-pt\/author\/karen-bueno\/"}]}},"_links":{"self":[{"href":"https:\/\/schoenstatt.com\/pt-pt\/wp-json\/wp\/v2\/posts\/65698","targetHints":{"allow":["GET"]}}],"collection":[{"href":"https:\/\/schoenstatt.com\/pt-pt\/wp-json\/wp\/v2\/posts"}],"about":[{"href":"https:\/\/schoenstatt.com\/pt-pt\/wp-json\/wp\/v2\/types\/post"}],"author":[{"embeddable":true,"href":"https:\/\/schoenstatt.com\/pt-pt\/wp-json\/wp\/v2\/users\/3"}],"replies":[{"embeddable":true,"href":"https:\/\/schoenstatt.com\/pt-pt\/wp-json\/wp\/v2\/comments?post=65698"}],"version-history":[{"count":2,"href":"https:\/\/schoenstatt.com\/pt-pt\/wp-json\/wp\/v2\/posts\/65698\/revisions"}],"predecessor-version":[{"id":65700,"href":"https:\/\/schoenstatt.com\/pt-pt\/wp-json\/wp\/v2\/posts\/65698\/revisions\/65700"}],"wp:featuredmedia":[{"embeddable":true,"href":"https:\/\/schoenstatt.com\/pt-pt\/wp-json\/wp\/v2\/media\/65694"}],"wp:attachment":[{"href":"https:\/\/schoenstatt.com\/pt-pt\/wp-json\/wp\/v2\/media?parent=65698"}],"wp:term":[{"taxonomy":"category","embeddable":true,"href":"https:\/\/schoenstatt.com\/pt-pt\/wp-json\/wp\/v2\/categories?post=65698"},{"taxonomy":"post_tag","embeddable":true,"href":"https:\/\/schoenstatt.com\/pt-pt\/wp-json\/wp\/v2\/tags?post=65698"}],"curies":[{"name":"wp","href":"https:\/\/api.w.org\/{rel}","templated":true}]}}