{"id":65643,"date":"2025-10-27T04:00:00","date_gmt":"2025-10-27T03:00:00","guid":{"rendered":"https:\/\/schoenstatt.com\/?p=65643"},"modified":"2025-10-24T21:08:42","modified_gmt":"2025-10-24T19:08:42","slug":"em-terra-de-santa-maria-missionarios-da-esperanca","status":"publish","type":"post","link":"https:\/\/schoenstatt.com\/pt-pt\/em-terra-de-santa-maria-missionarios-da-esperanca\/","title":{"rendered":"Em Terra de Santa Maria, Mission\u00e1rios da Esperan\u00e7a!"},"content":{"rendered":"\n<figure class=\"wp-block-pullquote has-medium-font-size\" style=\"border-top-color:var(--wp--preset--color--luminous-vivid-orange);border-top-style:solid;border-top-width:1px;border-bottom-color:var(--wp--preset--color--luminous-vivid-orange);border-bottom-style:solid;border-bottom-width:1px;font-style:italic;font-weight:300\"><blockquote><p>\u201cCheguei ao recinto e vi um mar de fitas amarelas e azuis no ar e uma alegria contagiante a saudar a M\u00e3e Peregrina e a cantarem. Era dia de festa. Celebravam-se, em Portugal, os 75 anos da Campanha da M\u00e3e Peregrina e da M\u00e3e Peregrina que Jo\u00e3o Pozzobon carregou aos ombros durante muitos anos, como um verdadeiro Ap\u00f3stolo, o primeiro ap\u00f3stolo e mission\u00e1rio da nossa M\u00e3e Peregrina.\u201d<\/p><cite>(Helena Cunha, elemento da equipa jubilar da Campanha da M\u00e3e Peregrina em Portugal)<\/cite><\/blockquote><\/figure>\n\n\n\n<h3 class=\"wp-block-heading\" id=\"h-o-caminho-de-preparacao\">O caminho de prepara\u00e7\u00e3o<\/h3>\n\n\n\n<p>A <a href=\"https:\/\/schoenstatt.com\/pt-pt\/em-missao\/igreja\/mae-peregrina\/\">Campanha da M\u00e3e Peregrina<\/a> festeja este ano 75 anos! Teve in\u00edcio em Santa Maria, no Brasil, a 10 de setembro de 1950, pelo Vener\u00e1vel Di\u00e1cono Jo\u00e3o Pozzobon. Em Portugal, a pensar na sua celebra\u00e7\u00e3o a n\u00edvel nacional, os assessores organizaram a 7 de abril de 2024, em F\u00e1tima, um encontro com os Coordenadores dos v\u00e1rios Santu\u00e1rios. Assim, neste dia, definia-se o caminho de prepara\u00e7\u00e3o para a celebra\u00e7\u00e3o em Portugal do Jubileu dos 75 anos da Campanha da M\u00e3e Peregrina.<\/p>\n\n\n\n<figure class=\"wp-block-image aligncenter size-full is-resized\"><img decoding=\"async\" src=\"https:\/\/schoenstatt.com\/wp-content\/uploads\/2025\/10\/Schoenstatt-em-Fatima.jpg\" alt=\"\" class=\"wp-image-65607\" style=\"width:800px;height:auto\"\/><figcaption class=\"wp-element-caption\">Encontro de prepara\u00e7\u00e3o para o jubileu, em F\u00e1tima<\/figcaption><\/figure>\n\n\n\n<p>A partir deste encontro, as v\u00e1rias Equipas formadas para o efeito, Espiritual, Hist\u00f3rica, Comunica\u00e7\u00e3o e Log\u00edstica, come\u00e7aram a planear e organizar o dia jubilar. A 16 de fevereiro de 2025, deu-se um novo encontro da Equipa de prepara\u00e7\u00e3o do Jubileu, no Santu\u00e1rio de Aveiro, para reunir todo o material hist\u00f3rico, delinear a realiza\u00e7\u00e3o da exposi\u00e7\u00e3o da hist\u00f3ria da Campanha, definir o programa jubilar e distribuir tarefas. Foi um caminho de prepara\u00e7\u00e3o vivido com o compromisso de todos e com constante entusiasmo.<\/p>\n\n\n\n<h3 class=\"wp-block-heading\" id=\"h-portugal-em-festa-pelos-75-anos-da-campanha-da-mae-peregrina\">Portugal em festa pelos 75 anos da Campanha da M\u00e3e Peregrina<\/h3>\n\n\n\n<p>A 27 de setembro de 2025, no Santu\u00e1rio de Aveiro, com grande alegria, viveu-se o culminar deste caminho numa bonita celebra\u00e7\u00e3o jubilar.<\/p>\n\n\n\n<figure class=\"wp-block-gallery has-nested-images columns-default is-cropped wp-block-gallery-1 is-layout-flex wp-block-gallery-is-layout-flex\">\n<figure class=\"wp-block-image size-large\"><img decoding=\"async\" data-id=\"65613\" src=\"https:\/\/schoenstatt.com\/wp-content\/uploads\/2025\/10\/Schoenstatt-Pilgrim-Mother-Portugal-Bruno-Zezere-2.jpg\" alt=\"\" class=\"wp-image-65613\"\/><\/figure>\n\n\n\n<figure class=\"wp-block-image size-large\"><img decoding=\"async\" data-id=\"65614\" src=\"https:\/\/schoenstatt.com\/wp-content\/uploads\/2025\/10\/Schoenstatt-Pilgrim-Mother-Portugal-Bruno-Zezere-3.jpg\" alt=\"\" class=\"wp-image-65614\"\/><\/figure>\n<\/figure>\n\n\n\n<p>Mais de 700 mission\u00e1rios e fam\u00edlias, dos quatro Santu\u00e1rios nacionais e de todo o pa\u00eds, estiveram juntos em ora\u00e7\u00e3o de gra\u00e7as por estes 75 anos da Campanha da M\u00e3e Peregrina, onde se aprofundou o nosso amor \u00e0 M\u00e3e Peregrina e o v\u00ednculo ao Vener\u00e1vel Di\u00e1cono Jo\u00e3o Pozzobon.<\/p>\n\n\n\n<p>Cada Santu\u00e1rio, representado pela sua M\u00e3e Peregrina Auxiliar, foi levado \u00e0 MTA no Santu\u00e1rio, em agradecimento por todos os frutos e b\u00ean\u00e7\u00e3os recebidos, seguindo-se a ora\u00e7\u00e3o do Ter\u00e7o da Esperan\u00e7a e v\u00e1rios testemunhos de viv\u00eancias com a M\u00e3e Peregrina nas pris\u00f5es, fam\u00edlias, com os doentes e na Miss\u00e3o Pa\u00eds. Um ato simb\u00f3lico de grande significado marcou a manh\u00e3: com um punhado de terra de cada um dos quatro Santu\u00e1rios, foram recebidos quatro p\u00e9s de roseira para serem plantadas em cada Santu\u00e1rio, como s\u00edmbolo perene deste jubileu.<\/p>\n\n\n\n<h3 class=\"wp-block-heading\" id=\"h-joao-pozzobon-esteve-em-portugal\">Jo\u00e3o Pozzobon esteve em Portugal<\/h3>\n\n\n\n<p>Ap\u00f3s um almo\u00e7o conv\u00edvio, seguiram-se os testemunhos da viv\u00eancia do Jubileu em Santa Maria, um teatro sobre a vida de Jo\u00e3o Pozzobon e a eucaristia, onde fomos desafiados pelo Pe. Gon\u00e7alo Cravo, Diretor do Movimento de Schoenstatt em Portugal, a deixar que a M\u00e3e nos inquiete sempre, nos mantenha fi\u00e9is e nos mostre a sua vontade.<\/p>\n\n\n\n<figure class=\"wp-block-gallery has-nested-images columns-default is-cropped wp-block-gallery-2 is-layout-flex wp-block-gallery-is-layout-flex\">\n<figure class=\"wp-block-image size-large\"><img decoding=\"async\" data-id=\"65628\" src=\"https:\/\/schoenstatt.com\/wp-content\/uploads\/2025\/10\/Schoenstatt-Pilgrim-Mother-Portugal-Bruno-Zezere-4.jpg\" alt=\"\" class=\"wp-image-65628\"\/><\/figure>\n\n\n\n<figure class=\"wp-block-image size-large\"><img decoding=\"async\" data-id=\"65623\" src=\"https:\/\/schoenstatt.com\/wp-content\/uploads\/2025\/10\/Schoenstatt-Pilgrim-Mother-Portugal.jpg\" alt=\"\" class=\"wp-image-65623\"\/><\/figure>\n<\/figure>\n\n\n\n<p>No ofert\u00f3rio, foram levadas at\u00e9 o altar as flores pintadas com as cores de cada Santu\u00e1rio, como s\u00edmbolo do Capital de Gra\u00e7as oferecido na prepara\u00e7\u00e3o deste jubileu. Um ramalhete espiritual \u00e0 M\u00e3e de Deus, que h\u00e1 75 anos percorre os lares para levar a esperan\u00e7a aos cora\u00e7\u00f5es.<\/p>\n\n\n\n<p>Durante toda a festa, esteve patente uma exposi\u00e7\u00e3o com excertos e fotografias da hist\u00f3ria da Campanha, desde o in\u00edcio da M\u00e3e Peregrina nas v\u00e1rias Dioceses e Santu\u00e1rios, assim como da passagem de Jo\u00e3o Pozzobon por Portugal, em 1979 \u2013 hist\u00f3ria essa que mais tarde se pretende que seja passada a livro.<\/p>\n\n\n\n<p>A M\u00e3e cuidou de cada detalhe e, apesar da chuva, todos viveram este dia com muita alegria e serenidade.<\/p>\n\n\n\n<p>Que este Jubileu tenha permitido fortalecer em cada cora\u00e7\u00e3o o ardor mission\u00e1rio, para que a Campanha da M\u00e3e Peregrina em Portugal possa crescer em compromisso, em juventude e em esperan\u00e7a.<\/p>\n\n\n\n<p><strong>Fotos: <\/strong>Bruno Z\u00eazere<\/p>\n","protected":false},"excerpt":{"rendered":"<p>Portugal celebra os 75 anos da Campanha da M\u00e3e Peregrina. Na \u201cTerra de Santa Maria\u201d, os mission\u00e1rios s\u00e3o reenviados.<\/p>\n","protected":false},"author":3,"featured_media":65639,"comment_status":"closed","ping_status":"closed","sticky":false,"template":"","format":"standard","meta":{"footnotes":""},"categories":[872,425],"tags":[1088],"class_list":["post-65643","post","type-post","status-publish","format-standard","has-post-thumbnail","hentry","category-europa-pt-pt","category-mae-peregrina-pt-pt","tag-campanha-da-mae-peregrina-pt-pt"],"yoast_head":"<!-- This site is optimized with the Yoast SEO Premium plugin v27.4 (Yoast SEO v27.4) - https:\/\/yoast.com\/product\/yoast-seo-premium-wordpress\/ -->\n<title>Em Terra de Santa Maria, Mission\u00e1rios da Esperan\u00e7a! - Schoenstatt<\/title>\n<meta name=\"description\" content=\"Portugal celebra os 75 anos da Campanha da M\u00e3e Peregrina. Na \u201cTerra de Santa Maria\u201d, os mission\u00e1rios s\u00e3o reenviados.\" \/>\n<meta name=\"robots\" content=\"index, follow, max-snippet:-1, max-image-preview:large, max-video-preview:-1\" \/>\n<link rel=\"canonical\" href=\"https:\/\/schoenstatt.com\/pt-pt\/em-terra-de-santa-maria-missionarios-da-esperanca\/\" \/>\n<meta property=\"og:locale\" content=\"pt_PT\" \/>\n<meta property=\"og:type\" content=\"article\" \/>\n<meta property=\"og:title\" content=\"Em Terra de Santa Maria, Mission\u00e1rios da Esperan\u00e7a!\" \/>\n<meta property=\"og:description\" content=\"Portugal celebra os 75 anos da Campanha da M\u00e3e Peregrina. Na \u201cTerra de Santa Maria\u201d, os mission\u00e1rios s\u00e3o reenviados.\" \/>\n<meta property=\"og:url\" content=\"https:\/\/schoenstatt.com\/pt-pt\/em-terra-de-santa-maria-missionarios-da-esperanca\/\" \/>\n<meta property=\"og:site_name\" content=\"Schoenstatt\" \/>\n<meta property=\"article:published_time\" content=\"2025-10-27T03:00:00+00:00\" \/>\n<meta property=\"og:image\" content=\"https:\/\/schoenstatt.com\/wp-content\/uploads\/2025\/10\/Schoenstatt-Pilgrim-Mother-Portugal-Bruno-Zezere.webp\" \/>\n\t<meta property=\"og:image:width\" content=\"2048\" \/>\n\t<meta property=\"og:image:height\" content=\"935\" \/>\n\t<meta property=\"og:image:type\" content=\"image\/jpeg\" \/>\n<meta name=\"author\" content=\"Karen Bueno\" \/>\n<meta name=\"twitter:card\" content=\"summary_large_image\" \/>\n<meta name=\"twitter:label1\" content=\"Escrito por\" \/>\n\t<meta name=\"twitter:data1\" content=\"Karen Bueno\" \/>\n\t<meta name=\"twitter:label2\" content=\"Tempo estimado de leitura\" \/>\n\t<meta name=\"twitter:data2\" content=\"5 minutos\" \/>\n<script type=\"application\/ld+json\" class=\"yoast-schema-graph\">{\"@context\":\"https:\\\/\\\/schema.org\",\"@graph\":[{\"@type\":\"Article\",\"@id\":\"https:\\\/\\\/schoenstatt.com\\\/pt-pt\\\/em-terra-de-santa-maria-missionarios-da-esperanca\\\/#article\",\"isPartOf\":{\"@id\":\"https:\\\/\\\/schoenstatt.com\\\/pt-pt\\\/em-terra-de-santa-maria-missionarios-da-esperanca\\\/\"},\"author\":{\"name\":\"Karen Bueno\",\"@id\":\"https:\\\/\\\/schoenstatt.com\\\/pt-pt\\\/#\\\/schema\\\/person\\\/5158877ad4acae98b34daaeef2a1ce6e\"},\"headline\":\"Em Terra de Santa Maria, Mission\u00e1rios da Esperan\u00e7a!\",\"datePublished\":\"2025-10-27T03:00:00+00:00\",\"mainEntityOfPage\":{\"@id\":\"https:\\\/\\\/schoenstatt.com\\\/pt-pt\\\/em-terra-de-santa-maria-missionarios-da-esperanca\\\/\"},\"wordCount\":723,\"publisher\":{\"@id\":\"https:\\\/\\\/schoenstatt.com\\\/pt-pt\\\/#organization\"},\"image\":{\"@id\":\"https:\\\/\\\/schoenstatt.com\\\/pt-pt\\\/em-terra-de-santa-maria-missionarios-da-esperanca\\\/#primaryimage\"},\"thumbnailUrl\":\"https:\\\/\\\/schoenstatt.com\\\/wp-content\\\/uploads\\\/2025\\\/10\\\/Schoenstatt-Pilgrim-Mother-Portugal-Bruno-Zezere.webp\",\"keywords\":[\"Campanha da M\u00e3e Peregrina\"],\"articleSection\":[\"Europa\",\"M\u00e3e Peregrina\"],\"inLanguage\":\"pt-PT\"},{\"@type\":\"WebPage\",\"@id\":\"https:\\\/\\\/schoenstatt.com\\\/pt-pt\\\/em-terra-de-santa-maria-missionarios-da-esperanca\\\/\",\"url\":\"https:\\\/\\\/schoenstatt.com\\\/pt-pt\\\/em-terra-de-santa-maria-missionarios-da-esperanca\\\/\",\"name\":\"Em Terra de Santa Maria, Mission\u00e1rios da Esperan\u00e7a! - Schoenstatt\",\"isPartOf\":{\"@id\":\"https:\\\/\\\/schoenstatt.com\\\/pt-pt\\\/#website\"},\"primaryImageOfPage\":{\"@id\":\"https:\\\/\\\/schoenstatt.com\\\/pt-pt\\\/em-terra-de-santa-maria-missionarios-da-esperanca\\\/#primaryimage\"},\"image\":{\"@id\":\"https:\\\/\\\/schoenstatt.com\\\/pt-pt\\\/em-terra-de-santa-maria-missionarios-da-esperanca\\\/#primaryimage\"},\"thumbnailUrl\":\"https:\\\/\\\/schoenstatt.com\\\/wp-content\\\/uploads\\\/2025\\\/10\\\/Schoenstatt-Pilgrim-Mother-Portugal-Bruno-Zezere.webp\",\"datePublished\":\"2025-10-27T03:00:00+00:00\",\"description\":\"Portugal celebra os 75 anos da Campanha da M\u00e3e Peregrina. Na \u201cTerra de Santa Maria\u201d, os mission\u00e1rios s\u00e3o reenviados.\",\"breadcrumb\":{\"@id\":\"https:\\\/\\\/schoenstatt.com\\\/pt-pt\\\/em-terra-de-santa-maria-missionarios-da-esperanca\\\/#breadcrumb\"},\"inLanguage\":\"pt-PT\",\"potentialAction\":[{\"@type\":\"ReadAction\",\"target\":[\"https:\\\/\\\/schoenstatt.com\\\/pt-pt\\\/em-terra-de-santa-maria-missionarios-da-esperanca\\\/\"]}]},{\"@type\":\"ImageObject\",\"inLanguage\":\"pt-PT\",\"@id\":\"https:\\\/\\\/schoenstatt.com\\\/pt-pt\\\/em-terra-de-santa-maria-missionarios-da-esperanca\\\/#primaryimage\",\"url\":\"https:\\\/\\\/schoenstatt.com\\\/wp-content\\\/uploads\\\/2025\\\/10\\\/Schoenstatt-Pilgrim-Mother-Portugal-Bruno-Zezere.webp\",\"contentUrl\":\"https:\\\/\\\/schoenstatt.com\\\/wp-content\\\/uploads\\\/2025\\\/10\\\/Schoenstatt-Pilgrim-Mother-Portugal-Bruno-Zezere.webp\",\"width\":2048,\"height\":935},{\"@type\":\"BreadcrumbList\",\"@id\":\"https:\\\/\\\/schoenstatt.com\\\/pt-pt\\\/em-terra-de-santa-maria-missionarios-da-esperanca\\\/#breadcrumb\",\"itemListElement\":[{\"@type\":\"ListItem\",\"position\":1,\"name\":\"Portada\",\"item\":\"https:\\\/\\\/schoenstatt.com\\\/pt-pt\\\/home\\\/\"},{\"@type\":\"ListItem\",\"position\":2,\"name\":\"Em Terra de Santa Maria, Mission\u00e1rios da Esperan\u00e7a!\"}]},{\"@type\":\"WebSite\",\"@id\":\"https:\\\/\\\/schoenstatt.com\\\/pt-pt\\\/#website\",\"url\":\"https:\\\/\\\/schoenstatt.com\\\/pt-pt\\\/\",\"name\":\"Schoenstatt\",\"description\":\"Apostolic Movement\",\"publisher\":{\"@id\":\"https:\\\/\\\/schoenstatt.com\\\/pt-pt\\\/#organization\"},\"potentialAction\":[{\"@type\":\"SearchAction\",\"target\":{\"@type\":\"EntryPoint\",\"urlTemplate\":\"https:\\\/\\\/schoenstatt.com\\\/pt-pt\\\/?s={search_term_string}\"},\"query-input\":{\"@type\":\"PropertyValueSpecification\",\"valueRequired\":true,\"valueName\":\"search_term_string\"}}],\"inLanguage\":\"pt-PT\"},{\"@type\":\"Organization\",\"@id\":\"https:\\\/\\\/schoenstatt.com\\\/pt-pt\\\/#organization\",\"name\":\"Schoenstatt\",\"url\":\"https:\\\/\\\/schoenstatt.com\\\/pt-pt\\\/\",\"logo\":{\"@type\":\"ImageObject\",\"inLanguage\":\"pt-PT\",\"@id\":\"https:\\\/\\\/schoenstatt.com\\\/pt-pt\\\/#\\\/schema\\\/logo\\\/image\\\/\",\"url\":\"https:\\\/\\\/schoenstatt.com\\\/wp-content\\\/uploads\\\/2025\\\/04\\\/logo-schoenstatt-white-696x696-1.png\",\"contentUrl\":\"https:\\\/\\\/schoenstatt.com\\\/wp-content\\\/uploads\\\/2025\\\/04\\\/logo-schoenstatt-white-696x696-1.png\",\"width\":696,\"height\":694,\"caption\":\"Schoenstatt\"},\"image\":{\"@id\":\"https:\\\/\\\/schoenstatt.com\\\/pt-pt\\\/#\\\/schema\\\/logo\\\/image\\\/\"}},{\"@type\":\"Person\",\"@id\":\"https:\\\/\\\/schoenstatt.com\\\/pt-pt\\\/#\\\/schema\\\/person\\\/5158877ad4acae98b34daaeef2a1ce6e\",\"name\":\"Karen Bueno\",\"image\":{\"@type\":\"ImageObject\",\"inLanguage\":\"pt-PT\",\"@id\":\"https:\\\/\\\/secure.gravatar.com\\\/avatar\\\/f9f4b823873154269d2b2130f195f6d41037dd0d7fc5f3cacb5c846bae70d66b?s=96&d=mm&r=g\",\"url\":\"https:\\\/\\\/secure.gravatar.com\\\/avatar\\\/f9f4b823873154269d2b2130f195f6d41037dd0d7fc5f3cacb5c846bae70d66b?s=96&d=mm&r=g\",\"contentUrl\":\"https:\\\/\\\/secure.gravatar.com\\\/avatar\\\/f9f4b823873154269d2b2130f195f6d41037dd0d7fc5f3cacb5c846bae70d66b?s=96&d=mm&r=g\",\"caption\":\"Karen Bueno\"},\"url\":\"https:\\\/\\\/schoenstatt.com\\\/pt-pt\\\/author\\\/karen-bueno\\\/\"}]}<\/script>\n<!-- \/ Yoast SEO Premium plugin. -->","yoast_head_json":{"title":"Em Terra de Santa Maria, Mission\u00e1rios da Esperan\u00e7a! - Schoenstatt","description":"Portugal celebra os 75 anos da Campanha da M\u00e3e Peregrina. Na \u201cTerra de Santa Maria\u201d, os mission\u00e1rios s\u00e3o reenviados.","robots":{"index":"index","follow":"follow","max-snippet":"max-snippet:-1","max-image-preview":"max-image-preview:large","max-video-preview":"max-video-preview:-1"},"canonical":"https:\/\/schoenstatt.com\/pt-pt\/em-terra-de-santa-maria-missionarios-da-esperanca\/","og_locale":"pt_PT","og_type":"article","og_title":"Em Terra de Santa Maria, Mission\u00e1rios da Esperan\u00e7a!","og_description":"Portugal celebra os 75 anos da Campanha da M\u00e3e Peregrina. Na \u201cTerra de Santa Maria\u201d, os mission\u00e1rios s\u00e3o reenviados.","og_url":"https:\/\/schoenstatt.com\/pt-pt\/em-terra-de-santa-maria-missionarios-da-esperanca\/","og_site_name":"Schoenstatt","article_published_time":"2025-10-27T03:00:00+00:00","og_image":[{"width":2048,"height":935,"url":"https:\/\/schoenstatt.com\/wp-content\/uploads\/2025\/10\/Schoenstatt-Pilgrim-Mother-Portugal-Bruno-Zezere.webp","type":"image\/jpeg"}],"author":"Karen Bueno","twitter_card":"summary_large_image","twitter_misc":{"Escrito por":"Karen Bueno","Tempo estimado de leitura":"5 minutos"},"schema":{"@context":"https:\/\/schema.org","@graph":[{"@type":"Article","@id":"https:\/\/schoenstatt.com\/pt-pt\/em-terra-de-santa-maria-missionarios-da-esperanca\/#article","isPartOf":{"@id":"https:\/\/schoenstatt.com\/pt-pt\/em-terra-de-santa-maria-missionarios-da-esperanca\/"},"author":{"name":"Karen Bueno","@id":"https:\/\/schoenstatt.com\/pt-pt\/#\/schema\/person\/5158877ad4acae98b34daaeef2a1ce6e"},"headline":"Em Terra de Santa Maria, Mission\u00e1rios da Esperan\u00e7a!","datePublished":"2025-10-27T03:00:00+00:00","mainEntityOfPage":{"@id":"https:\/\/schoenstatt.com\/pt-pt\/em-terra-de-santa-maria-missionarios-da-esperanca\/"},"wordCount":723,"publisher":{"@id":"https:\/\/schoenstatt.com\/pt-pt\/#organization"},"image":{"@id":"https:\/\/schoenstatt.com\/pt-pt\/em-terra-de-santa-maria-missionarios-da-esperanca\/#primaryimage"},"thumbnailUrl":"https:\/\/schoenstatt.com\/wp-content\/uploads\/2025\/10\/Schoenstatt-Pilgrim-Mother-Portugal-Bruno-Zezere.webp","keywords":["Campanha da M\u00e3e Peregrina"],"articleSection":["Europa","M\u00e3e Peregrina"],"inLanguage":"pt-PT"},{"@type":"WebPage","@id":"https:\/\/schoenstatt.com\/pt-pt\/em-terra-de-santa-maria-missionarios-da-esperanca\/","url":"https:\/\/schoenstatt.com\/pt-pt\/em-terra-de-santa-maria-missionarios-da-esperanca\/","name":"Em Terra de Santa Maria, Mission\u00e1rios da Esperan\u00e7a! - Schoenstatt","isPartOf":{"@id":"https:\/\/schoenstatt.com\/pt-pt\/#website"},"primaryImageOfPage":{"@id":"https:\/\/schoenstatt.com\/pt-pt\/em-terra-de-santa-maria-missionarios-da-esperanca\/#primaryimage"},"image":{"@id":"https:\/\/schoenstatt.com\/pt-pt\/em-terra-de-santa-maria-missionarios-da-esperanca\/#primaryimage"},"thumbnailUrl":"https:\/\/schoenstatt.com\/wp-content\/uploads\/2025\/10\/Schoenstatt-Pilgrim-Mother-Portugal-Bruno-Zezere.webp","datePublished":"2025-10-27T03:00:00+00:00","description":"Portugal celebra os 75 anos da Campanha da M\u00e3e Peregrina. Na \u201cTerra de Santa Maria\u201d, os mission\u00e1rios s\u00e3o reenviados.","breadcrumb":{"@id":"https:\/\/schoenstatt.com\/pt-pt\/em-terra-de-santa-maria-missionarios-da-esperanca\/#breadcrumb"},"inLanguage":"pt-PT","potentialAction":[{"@type":"ReadAction","target":["https:\/\/schoenstatt.com\/pt-pt\/em-terra-de-santa-maria-missionarios-da-esperanca\/"]}]},{"@type":"ImageObject","inLanguage":"pt-PT","@id":"https:\/\/schoenstatt.com\/pt-pt\/em-terra-de-santa-maria-missionarios-da-esperanca\/#primaryimage","url":"https:\/\/schoenstatt.com\/wp-content\/uploads\/2025\/10\/Schoenstatt-Pilgrim-Mother-Portugal-Bruno-Zezere.webp","contentUrl":"https:\/\/schoenstatt.com\/wp-content\/uploads\/2025\/10\/Schoenstatt-Pilgrim-Mother-Portugal-Bruno-Zezere.webp","width":2048,"height":935},{"@type":"BreadcrumbList","@id":"https:\/\/schoenstatt.com\/pt-pt\/em-terra-de-santa-maria-missionarios-da-esperanca\/#breadcrumb","itemListElement":[{"@type":"ListItem","position":1,"name":"Portada","item":"https:\/\/schoenstatt.com\/pt-pt\/home\/"},{"@type":"ListItem","position":2,"name":"Em Terra de Santa Maria, Mission\u00e1rios da Esperan\u00e7a!"}]},{"@type":"WebSite","@id":"https:\/\/schoenstatt.com\/pt-pt\/#website","url":"https:\/\/schoenstatt.com\/pt-pt\/","name":"Schoenstatt","description":"Apostolic Movement","publisher":{"@id":"https:\/\/schoenstatt.com\/pt-pt\/#organization"},"potentialAction":[{"@type":"SearchAction","target":{"@type":"EntryPoint","urlTemplate":"https:\/\/schoenstatt.com\/pt-pt\/?s={search_term_string}"},"query-input":{"@type":"PropertyValueSpecification","valueRequired":true,"valueName":"search_term_string"}}],"inLanguage":"pt-PT"},{"@type":"Organization","@id":"https:\/\/schoenstatt.com\/pt-pt\/#organization","name":"Schoenstatt","url":"https:\/\/schoenstatt.com\/pt-pt\/","logo":{"@type":"ImageObject","inLanguage":"pt-PT","@id":"https:\/\/schoenstatt.com\/pt-pt\/#\/schema\/logo\/image\/","url":"https:\/\/schoenstatt.com\/wp-content\/uploads\/2025\/04\/logo-schoenstatt-white-696x696-1.png","contentUrl":"https:\/\/schoenstatt.com\/wp-content\/uploads\/2025\/04\/logo-schoenstatt-white-696x696-1.png","width":696,"height":694,"caption":"Schoenstatt"},"image":{"@id":"https:\/\/schoenstatt.com\/pt-pt\/#\/schema\/logo\/image\/"}},{"@type":"Person","@id":"https:\/\/schoenstatt.com\/pt-pt\/#\/schema\/person\/5158877ad4acae98b34daaeef2a1ce6e","name":"Karen Bueno","image":{"@type":"ImageObject","inLanguage":"pt-PT","@id":"https:\/\/secure.gravatar.com\/avatar\/f9f4b823873154269d2b2130f195f6d41037dd0d7fc5f3cacb5c846bae70d66b?s=96&d=mm&r=g","url":"https:\/\/secure.gravatar.com\/avatar\/f9f4b823873154269d2b2130f195f6d41037dd0d7fc5f3cacb5c846bae70d66b?s=96&d=mm&r=g","contentUrl":"https:\/\/secure.gravatar.com\/avatar\/f9f4b823873154269d2b2130f195f6d41037dd0d7fc5f3cacb5c846bae70d66b?s=96&d=mm&r=g","caption":"Karen Bueno"},"url":"https:\/\/schoenstatt.com\/pt-pt\/author\/karen-bueno\/"}]}},"_links":{"self":[{"href":"https:\/\/schoenstatt.com\/pt-pt\/wp-json\/wp\/v2\/posts\/65643","targetHints":{"allow":["GET"]}}],"collection":[{"href":"https:\/\/schoenstatt.com\/pt-pt\/wp-json\/wp\/v2\/posts"}],"about":[{"href":"https:\/\/schoenstatt.com\/pt-pt\/wp-json\/wp\/v2\/types\/post"}],"author":[{"embeddable":true,"href":"https:\/\/schoenstatt.com\/pt-pt\/wp-json\/wp\/v2\/users\/3"}],"replies":[{"embeddable":true,"href":"https:\/\/schoenstatt.com\/pt-pt\/wp-json\/wp\/v2\/comments?post=65643"}],"version-history":[{"count":4,"href":"https:\/\/schoenstatt.com\/pt-pt\/wp-json\/wp\/v2\/posts\/65643\/revisions"}],"predecessor-version":[{"id":65662,"href":"https:\/\/schoenstatt.com\/pt-pt\/wp-json\/wp\/v2\/posts\/65643\/revisions\/65662"}],"wp:featuredmedia":[{"embeddable":true,"href":"https:\/\/schoenstatt.com\/pt-pt\/wp-json\/wp\/v2\/media\/65639"}],"wp:attachment":[{"href":"https:\/\/schoenstatt.com\/pt-pt\/wp-json\/wp\/v2\/media?parent=65643"}],"wp:term":[{"taxonomy":"category","embeddable":true,"href":"https:\/\/schoenstatt.com\/pt-pt\/wp-json\/wp\/v2\/categories?post=65643"},{"taxonomy":"post_tag","embeddable":true,"href":"https:\/\/schoenstatt.com\/pt-pt\/wp-json\/wp\/v2\/tags?post=65643"}],"curies":[{"name":"wp","href":"https:\/\/api.w.org\/{rel}","templated":true}]}}