{"id":64945,"date":"2025-10-09T03:03:00","date_gmt":"2025-10-09T01:03:00","guid":{"rendered":"https:\/\/schoenstatt.com\/?p=64945"},"modified":"2025-10-10T22:37:22","modified_gmt":"2025-10-10T20:37:22","slug":"comeca-a-novena-participe-conosco-do-primeiro-dia-de-oracao","status":"publish","type":"post","link":"https:\/\/schoenstatt.com\/pt-pt\/comeca-a-novena-participe-conosco-do-primeiro-dia-de-oracao\/","title":{"rendered":"Come\u00e7a a novena! Participe conosco do primeiro dia de ora\u00e7\u00e3o"},"content":{"rendered":"\n<p>Neste <strong>9 de outubro, quinta-feira, tem in\u00edcio a novena internacional <\/strong>em prepara\u00e7\u00e3o para o Dia da Alian\u00e7a de Amor, celebrado em 18 de outubro. Toda a Fam\u00edlia Internacional de Schoenstatt \u00e9 convidada a unir-se em ora\u00e7\u00e3o, com um s\u00f3 cora\u00e7\u00e3o e um mesmo esp\u00edrito.<\/p>\n\n\n\n<p>Neste ano, a cada dia da novena, conheceremos mais profundamente <strong>a vida de um dos her\u00f3is de Schoenstatt.<\/strong> O primeiro deles \u00e9<strong> nosso Pai e Fundador, Pe. Jos\u00e9 Kentenich.<\/strong> Por isso, a ora\u00e7\u00e3o em video ser\u00e1 transmitida diretamente da <strong>Capela do Pai, no Monte Schoenstatt,<\/strong> local onde repousam os restos mortais do Pe. Kentenich.<\/p>\n\n\n\n<p>A<strong> Ir. Therese-Marie Yank<\/strong>, natural dos Estados Unidos, conduzir\u00e1 a ora\u00e7\u00e3o. Ela faz parte do Instituto das Irm\u00e3s de Maria e sua fam\u00edlia guarda uma heran\u00e7a espiritual muito especial, j\u00e1 que seus av\u00f3s participaram do grupo de casais que se reunia com o Pe. Kentenich nas \u201csegundas-feiras ao anoitecer\u201d, em Milwaukee (EUA).<\/p>\n\n\n\n<p><strong>Acesse abaixo e reze conosco (legenda em portugu\u00eas dispon\u00edvel no v\u00eddeo).<\/strong><\/p>\n\n\n\n<figure class=\"wp-block-embed aligncenter is-type-video is-provider-youtube wp-block-embed-youtube wp-embed-aspect-16-9 wp-has-aspect-ratio\"><div class=\"wp-block-embed__wrapper\">\n<iframe title=\"Novena 2025 - Covenant of Love - Day 1\" width=\"800\" height=\"450\" src=\"https:\/\/www.youtube.com\/embed\/M76pSo6tgBs?feature=oembed\" frameborder=\"0\" allow=\"accelerometer; autoplay; clipboard-write; encrypted-media; gyroscope; picture-in-picture; web-share\" referrerpolicy=\"strict-origin-when-cross-origin\" allowfullscreen><\/iframe>\n<\/div><\/figure>\n\n\n\n<div style=\"height:21px\" aria-hidden=\"true\" class=\"wp-block-spacer\"><\/div>\n\n\n\n<hr class=\"wp-block-separator has-text-color has-alpha-channel-opacity has-background\" style=\"background-color:#d75a00;color:#d75a00\"\/>\n\n\n\n<div style=\"height:45px\" aria-hidden=\"true\" class=\"wp-block-spacer\"><\/div>\n\n\n\n<p class=\"has-text-align-center\"><strong>A ora\u00e7\u00e3o est\u00e1 dispon\u00edvel em seis idiomas<\/strong>:<\/p>\n\n\n\n<div style=\"height:45px\" aria-hidden=\"true\" class=\"wp-block-spacer\"><\/div>\n\n\n\n<div class=\"wp-block-columns is-layout-flex wp-container-core-columns-is-layout-28f84493 wp-block-columns-is-layout-flex\">\n<div class=\"wp-block-column is-layout-flow wp-block-column-is-layout-flow\">\n<div class=\"wp-block-buttons is-content-justification-center is-layout-flex wp-container-core-buttons-is-layout-a89b3969 wp-block-buttons-is-layout-flex\">\n<div class=\"wp-block-button\"><a class=\"wp-block-button__link has-white-color has-text-color has-background has-link-color wp-element-button\" href=\"https:\/\/schoenstatt.com\/wp-content\/uploads\/2025\/10\/PT_AA_2025.pdf\" style=\"background-color:#d75a00\" target=\"_blank\" rel=\"noreferrer noopener\"><strong>Novena em Portugu\u00eas<\/strong><\/a><\/div>\n\n\n\n<div class=\"wp-block-button\"><a class=\"wp-block-button__link has-white-color has-text-color has-background has-link-color wp-element-button\" href=\"https:\/\/schoenstatt.com\/wp-content\/uploads\/2025\/10\/DE_AA_2025.pdf\" style=\"background-color:#d75a00\" target=\"_blank\" rel=\"noreferrer noopener\"><strong>Novena em Alem\u00e3o<\/strong><\/a><\/div>\n<\/div>\n<\/div>\n\n\n\n<div class=\"wp-block-column is-layout-flow wp-block-column-is-layout-flow\">\n<div class=\"wp-block-buttons is-content-justification-center is-layout-flex wp-container-core-buttons-is-layout-a89b3969 wp-block-buttons-is-layout-flex\">\n<div class=\"wp-block-button\"><a class=\"wp-block-button__link has-white-color has-text-color has-background has-link-color wp-element-button\" href=\"https:\/\/schoenstatt.com\/wp-content\/uploads\/2025\/10\/ES_AA_2025-3.pdf\" style=\"background-color:#d75a00\" target=\"_blank\" rel=\"noreferrer noopener\"><strong>Novena em Espanhol<\/strong><\/a><\/div>\n\n\n\n<div class=\"wp-block-button\"><a class=\"wp-block-button__link has-white-color has-text-color has-background has-link-color wp-element-button\" href=\"https:\/\/schoenstatt.com\/wp-content\/uploads\/2025\/10\/IT_AA_2025.pdf\" style=\"background-color:#d75a00\" target=\"_blank\" rel=\"noreferrer noopener\"><strong>Novena em Italiano<\/strong><\/a><\/div>\n<\/div>\n<\/div>\n\n\n\n<div class=\"wp-block-column is-layout-flow wp-block-column-is-layout-flow\">\n<div class=\"wp-block-buttons is-content-justification-center is-layout-flex wp-container-core-buttons-is-layout-a89b3969 wp-block-buttons-is-layout-flex\">\n<div class=\"wp-block-button\"><a class=\"wp-block-button__link has-white-color has-text-color has-background has-link-color wp-element-button\" href=\"https:\/\/schoenstatt.com\/wp-content\/uploads\/2025\/10\/EN_AA_2025-2.pdf\" style=\"background-color:#d75a00\" target=\"_blank\" rel=\"noreferrer noopener\"><strong>Novena em Ingl\u00eas<\/strong><\/a><\/div>\n\n\n\n<div class=\"wp-block-button\"><a class=\"wp-block-button__link has-white-color has-text-color has-background has-link-color wp-element-button\" href=\"https:\/\/schoenstatt.com\/wp-content\/uploads\/2025\/10\/KR_AA_2025.pdf\" style=\"background-color:#d75a00\" target=\"_blank\" rel=\"noreferrer noopener\"><strong>Novena em Croata<\/strong><\/a><\/div>\n<\/div>\n<\/div>\n<\/div>\n\n\n\n<p class=\"has-text-align-center\"><\/p>\n","protected":false},"excerpt":{"rendered":"<p>Neste dia 9 de outubro, quinta-feira, inicia a novena internacional rumo ao Dia da Alian\u00e7a de Amor \u2013 18 de outubro.<\/p>\n","protected":false},"author":3,"featured_media":64737,"comment_status":"closed","ping_status":"closed","sticky":false,"template":"","format":"standard","meta":{"footnotes":""},"categories":[636],"tags":[934],"class_list":["post-64945","post","type-post","status-publish","format-standard","has-post-thumbnail","hentry","category-eventos-pt-pt","tag-18-de-outubro-pt-pt"],"yoast_head":"<!-- This site is optimized with the Yoast SEO Premium plugin v27.4 (Yoast SEO v27.5) - https:\/\/yoast.com\/product\/yoast-seo-premium-wordpress\/ -->\n<title>Come\u00e7a a novena! Participe conosco do primeiro dia de ora\u00e7\u00e3o - Schoenstatt<\/title>\n<meta name=\"description\" content=\"Neste dia 9 de outubro, quinta-feira, inicia a novena internacional rumo ao Dia da Alian\u00e7a de Amor \u2013 18 de outubro.\" \/>\n<meta name=\"robots\" content=\"index, follow, max-snippet:-1, max-image-preview:large, max-video-preview:-1\" \/>\n<link rel=\"canonical\" href=\"https:\/\/schoenstatt.com\/pt-pt\/comeca-a-novena-participe-conosco-do-primeiro-dia-de-oracao\/\" \/>\n<meta property=\"og:locale\" content=\"pt_PT\" \/>\n<meta property=\"og:type\" content=\"article\" \/>\n<meta property=\"og:title\" content=\"Come\u00e7a a novena! Participe conosco do primeiro dia de ora\u00e7\u00e3o\" \/>\n<meta property=\"og:description\" content=\"Neste dia 9 de outubro, quinta-feira, inicia a novena internacional rumo ao Dia da Alian\u00e7a de Amor \u2013 18 de outubro.\" \/>\n<meta property=\"og:url\" content=\"https:\/\/schoenstatt.com\/pt-pt\/comeca-a-novena-participe-conosco-do-primeiro-dia-de-oracao\/\" \/>\n<meta property=\"og:site_name\" content=\"Schoenstatt\" \/>\n<meta property=\"article:published_time\" content=\"2025-10-09T01:03:00+00:00\" \/>\n<meta property=\"article:modified_time\" content=\"2025-10-10T20:37:22+00:00\" \/>\n<meta property=\"og:image\" content=\"https:\/\/schoenstatt.com\/wp-content\/uploads\/2025\/10\/novena-2025.webp\" \/>\n\t<meta property=\"og:image:width\" content=\"1280\" \/>\n\t<meta property=\"og:image:height\" content=\"807\" \/>\n\t<meta property=\"og:image:type\" content=\"image\/jpeg\" \/>\n<meta name=\"author\" content=\"Karen Bueno\" \/>\n<meta name=\"twitter:card\" content=\"summary_large_image\" \/>\n<meta name=\"twitter:label1\" content=\"Escrito por\" \/>\n\t<meta name=\"twitter:data1\" content=\"Karen Bueno\" \/>\n\t<meta name=\"twitter:label2\" content=\"Tempo estimado de leitura\" \/>\n\t<meta name=\"twitter:data2\" content=\"2 minutos\" \/>\n<script type=\"application\/ld+json\" class=\"yoast-schema-graph\">{\"@context\":\"https:\\\/\\\/schema.org\",\"@graph\":[{\"@type\":\"Article\",\"@id\":\"https:\\\/\\\/schoenstatt.com\\\/pt-pt\\\/comeca-a-novena-participe-conosco-do-primeiro-dia-de-oracao\\\/#article\",\"isPartOf\":{\"@id\":\"https:\\\/\\\/schoenstatt.com\\\/pt-pt\\\/comeca-a-novena-participe-conosco-do-primeiro-dia-de-oracao\\\/\"},\"author\":{\"name\":\"Karen Bueno\",\"@id\":\"https:\\\/\\\/schoenstatt.com\\\/pt-pt\\\/#\\\/schema\\\/person\\\/5158877ad4acae98b34daaeef2a1ce6e\"},\"headline\":\"Come\u00e7a a novena! Participe conosco do primeiro dia de ora\u00e7\u00e3o\",\"datePublished\":\"2025-10-09T01:03:00+00:00\",\"dateModified\":\"2025-10-10T20:37:22+00:00\",\"mainEntityOfPage\":{\"@id\":\"https:\\\/\\\/schoenstatt.com\\\/pt-pt\\\/comeca-a-novena-participe-conosco-do-primeiro-dia-de-oracao\\\/\"},\"wordCount\":222,\"publisher\":{\"@id\":\"https:\\\/\\\/schoenstatt.com\\\/pt-pt\\\/#organization\"},\"image\":{\"@id\":\"https:\\\/\\\/schoenstatt.com\\\/pt-pt\\\/comeca-a-novena-participe-conosco-do-primeiro-dia-de-oracao\\\/#primaryimage\"},\"thumbnailUrl\":\"https:\\\/\\\/schoenstatt.com\\\/wp-content\\\/uploads\\\/2025\\\/10\\\/novena-2025.webp\",\"keywords\":[\"18 de outubro\"],\"articleSection\":[\"Eventos\"],\"inLanguage\":\"pt-PT\"},{\"@type\":\"WebPage\",\"@id\":\"https:\\\/\\\/schoenstatt.com\\\/pt-pt\\\/comeca-a-novena-participe-conosco-do-primeiro-dia-de-oracao\\\/\",\"url\":\"https:\\\/\\\/schoenstatt.com\\\/pt-pt\\\/comeca-a-novena-participe-conosco-do-primeiro-dia-de-oracao\\\/\",\"name\":\"Come\u00e7a a novena! Participe conosco do primeiro dia de ora\u00e7\u00e3o - Schoenstatt\",\"isPartOf\":{\"@id\":\"https:\\\/\\\/schoenstatt.com\\\/pt-pt\\\/#website\"},\"primaryImageOfPage\":{\"@id\":\"https:\\\/\\\/schoenstatt.com\\\/pt-pt\\\/comeca-a-novena-participe-conosco-do-primeiro-dia-de-oracao\\\/#primaryimage\"},\"image\":{\"@id\":\"https:\\\/\\\/schoenstatt.com\\\/pt-pt\\\/comeca-a-novena-participe-conosco-do-primeiro-dia-de-oracao\\\/#primaryimage\"},\"thumbnailUrl\":\"https:\\\/\\\/schoenstatt.com\\\/wp-content\\\/uploads\\\/2025\\\/10\\\/novena-2025.webp\",\"datePublished\":\"2025-10-09T01:03:00+00:00\",\"dateModified\":\"2025-10-10T20:37:22+00:00\",\"description\":\"Neste dia 9 de outubro, quinta-feira, inicia a novena internacional rumo ao Dia da Alian\u00e7a de Amor \u2013 18 de outubro.\",\"breadcrumb\":{\"@id\":\"https:\\\/\\\/schoenstatt.com\\\/pt-pt\\\/comeca-a-novena-participe-conosco-do-primeiro-dia-de-oracao\\\/#breadcrumb\"},\"inLanguage\":\"pt-PT\",\"potentialAction\":[{\"@type\":\"ReadAction\",\"target\":[\"https:\\\/\\\/schoenstatt.com\\\/pt-pt\\\/comeca-a-novena-participe-conosco-do-primeiro-dia-de-oracao\\\/\"]}]},{\"@type\":\"ImageObject\",\"inLanguage\":\"pt-PT\",\"@id\":\"https:\\\/\\\/schoenstatt.com\\\/pt-pt\\\/comeca-a-novena-participe-conosco-do-primeiro-dia-de-oracao\\\/#primaryimage\",\"url\":\"https:\\\/\\\/schoenstatt.com\\\/wp-content\\\/uploads\\\/2025\\\/10\\\/novena-2025.webp\",\"contentUrl\":\"https:\\\/\\\/schoenstatt.com\\\/wp-content\\\/uploads\\\/2025\\\/10\\\/novena-2025.webp\",\"width\":1280,\"height\":807},{\"@type\":\"BreadcrumbList\",\"@id\":\"https:\\\/\\\/schoenstatt.com\\\/pt-pt\\\/comeca-a-novena-participe-conosco-do-primeiro-dia-de-oracao\\\/#breadcrumb\",\"itemListElement\":[{\"@type\":\"ListItem\",\"position\":1,\"name\":\"Portada\",\"item\":\"https:\\\/\\\/schoenstatt.com\\\/pt-pt\\\/home\\\/\"},{\"@type\":\"ListItem\",\"position\":2,\"name\":\"Come\u00e7a a novena! Participe conosco do primeiro dia de ora\u00e7\u00e3o\"}]},{\"@type\":\"WebSite\",\"@id\":\"https:\\\/\\\/schoenstatt.com\\\/pt-pt\\\/#website\",\"url\":\"https:\\\/\\\/schoenstatt.com\\\/pt-pt\\\/\",\"name\":\"Schoenstatt\",\"description\":\"Apostolic Movement\",\"publisher\":{\"@id\":\"https:\\\/\\\/schoenstatt.com\\\/pt-pt\\\/#organization\"},\"potentialAction\":[{\"@type\":\"SearchAction\",\"target\":{\"@type\":\"EntryPoint\",\"urlTemplate\":\"https:\\\/\\\/schoenstatt.com\\\/pt-pt\\\/?s={search_term_string}\"},\"query-input\":{\"@type\":\"PropertyValueSpecification\",\"valueRequired\":true,\"valueName\":\"search_term_string\"}}],\"inLanguage\":\"pt-PT\"},{\"@type\":\"Organization\",\"@id\":\"https:\\\/\\\/schoenstatt.com\\\/pt-pt\\\/#organization\",\"name\":\"Schoenstatt\",\"url\":\"https:\\\/\\\/schoenstatt.com\\\/pt-pt\\\/\",\"logo\":{\"@type\":\"ImageObject\",\"inLanguage\":\"pt-PT\",\"@id\":\"https:\\\/\\\/schoenstatt.com\\\/pt-pt\\\/#\\\/schema\\\/logo\\\/image\\\/\",\"url\":\"https:\\\/\\\/schoenstatt.com\\\/wp-content\\\/uploads\\\/2025\\\/04\\\/logo-schoenstatt-white-696x696-1.png\",\"contentUrl\":\"https:\\\/\\\/schoenstatt.com\\\/wp-content\\\/uploads\\\/2025\\\/04\\\/logo-schoenstatt-white-696x696-1.png\",\"width\":696,\"height\":694,\"caption\":\"Schoenstatt\"},\"image\":{\"@id\":\"https:\\\/\\\/schoenstatt.com\\\/pt-pt\\\/#\\\/schema\\\/logo\\\/image\\\/\"}},{\"@type\":\"Person\",\"@id\":\"https:\\\/\\\/schoenstatt.com\\\/pt-pt\\\/#\\\/schema\\\/person\\\/5158877ad4acae98b34daaeef2a1ce6e\",\"name\":\"Karen Bueno\",\"image\":{\"@type\":\"ImageObject\",\"inLanguage\":\"pt-PT\",\"@id\":\"https:\\\/\\\/secure.gravatar.com\\\/avatar\\\/f9f4b823873154269d2b2130f195f6d41037dd0d7fc5f3cacb5c846bae70d66b?s=96&d=mm&r=g\",\"url\":\"https:\\\/\\\/secure.gravatar.com\\\/avatar\\\/f9f4b823873154269d2b2130f195f6d41037dd0d7fc5f3cacb5c846bae70d66b?s=96&d=mm&r=g\",\"contentUrl\":\"https:\\\/\\\/secure.gravatar.com\\\/avatar\\\/f9f4b823873154269d2b2130f195f6d41037dd0d7fc5f3cacb5c846bae70d66b?s=96&d=mm&r=g\",\"caption\":\"Karen Bueno\"},\"url\":\"https:\\\/\\\/schoenstatt.com\\\/pt-pt\\\/author\\\/karen-bueno\\\/\"}]}<\/script>\n<!-- \/ Yoast SEO Premium plugin. -->","yoast_head_json":{"title":"Come\u00e7a a novena! Participe conosco do primeiro dia de ora\u00e7\u00e3o - Schoenstatt","description":"Neste dia 9 de outubro, quinta-feira, inicia a novena internacional rumo ao Dia da Alian\u00e7a de Amor \u2013 18 de outubro.","robots":{"index":"index","follow":"follow","max-snippet":"max-snippet:-1","max-image-preview":"max-image-preview:large","max-video-preview":"max-video-preview:-1"},"canonical":"https:\/\/schoenstatt.com\/pt-pt\/comeca-a-novena-participe-conosco-do-primeiro-dia-de-oracao\/","og_locale":"pt_PT","og_type":"article","og_title":"Come\u00e7a a novena! Participe conosco do primeiro dia de ora\u00e7\u00e3o","og_description":"Neste dia 9 de outubro, quinta-feira, inicia a novena internacional rumo ao Dia da Alian\u00e7a de Amor \u2013 18 de outubro.","og_url":"https:\/\/schoenstatt.com\/pt-pt\/comeca-a-novena-participe-conosco-do-primeiro-dia-de-oracao\/","og_site_name":"Schoenstatt","article_published_time":"2025-10-09T01:03:00+00:00","article_modified_time":"2025-10-10T20:37:22+00:00","og_image":[{"width":1280,"height":807,"url":"https:\/\/schoenstatt.com\/wp-content\/uploads\/2025\/10\/novena-2025.webp","type":"image\/jpeg"}],"author":"Karen Bueno","twitter_card":"summary_large_image","twitter_misc":{"Escrito por":"Karen Bueno","Tempo estimado de leitura":"2 minutos"},"schema":{"@context":"https:\/\/schema.org","@graph":[{"@type":"Article","@id":"https:\/\/schoenstatt.com\/pt-pt\/comeca-a-novena-participe-conosco-do-primeiro-dia-de-oracao\/#article","isPartOf":{"@id":"https:\/\/schoenstatt.com\/pt-pt\/comeca-a-novena-participe-conosco-do-primeiro-dia-de-oracao\/"},"author":{"name":"Karen Bueno","@id":"https:\/\/schoenstatt.com\/pt-pt\/#\/schema\/person\/5158877ad4acae98b34daaeef2a1ce6e"},"headline":"Come\u00e7a a novena! Participe conosco do primeiro dia de ora\u00e7\u00e3o","datePublished":"2025-10-09T01:03:00+00:00","dateModified":"2025-10-10T20:37:22+00:00","mainEntityOfPage":{"@id":"https:\/\/schoenstatt.com\/pt-pt\/comeca-a-novena-participe-conosco-do-primeiro-dia-de-oracao\/"},"wordCount":222,"publisher":{"@id":"https:\/\/schoenstatt.com\/pt-pt\/#organization"},"image":{"@id":"https:\/\/schoenstatt.com\/pt-pt\/comeca-a-novena-participe-conosco-do-primeiro-dia-de-oracao\/#primaryimage"},"thumbnailUrl":"https:\/\/schoenstatt.com\/wp-content\/uploads\/2025\/10\/novena-2025.webp","keywords":["18 de outubro"],"articleSection":["Eventos"],"inLanguage":"pt-PT"},{"@type":"WebPage","@id":"https:\/\/schoenstatt.com\/pt-pt\/comeca-a-novena-participe-conosco-do-primeiro-dia-de-oracao\/","url":"https:\/\/schoenstatt.com\/pt-pt\/comeca-a-novena-participe-conosco-do-primeiro-dia-de-oracao\/","name":"Come\u00e7a a novena! Participe conosco do primeiro dia de ora\u00e7\u00e3o - Schoenstatt","isPartOf":{"@id":"https:\/\/schoenstatt.com\/pt-pt\/#website"},"primaryImageOfPage":{"@id":"https:\/\/schoenstatt.com\/pt-pt\/comeca-a-novena-participe-conosco-do-primeiro-dia-de-oracao\/#primaryimage"},"image":{"@id":"https:\/\/schoenstatt.com\/pt-pt\/comeca-a-novena-participe-conosco-do-primeiro-dia-de-oracao\/#primaryimage"},"thumbnailUrl":"https:\/\/schoenstatt.com\/wp-content\/uploads\/2025\/10\/novena-2025.webp","datePublished":"2025-10-09T01:03:00+00:00","dateModified":"2025-10-10T20:37:22+00:00","description":"Neste dia 9 de outubro, quinta-feira, inicia a novena internacional rumo ao Dia da Alian\u00e7a de Amor \u2013 18 de outubro.","breadcrumb":{"@id":"https:\/\/schoenstatt.com\/pt-pt\/comeca-a-novena-participe-conosco-do-primeiro-dia-de-oracao\/#breadcrumb"},"inLanguage":"pt-PT","potentialAction":[{"@type":"ReadAction","target":["https:\/\/schoenstatt.com\/pt-pt\/comeca-a-novena-participe-conosco-do-primeiro-dia-de-oracao\/"]}]},{"@type":"ImageObject","inLanguage":"pt-PT","@id":"https:\/\/schoenstatt.com\/pt-pt\/comeca-a-novena-participe-conosco-do-primeiro-dia-de-oracao\/#primaryimage","url":"https:\/\/schoenstatt.com\/wp-content\/uploads\/2025\/10\/novena-2025.webp","contentUrl":"https:\/\/schoenstatt.com\/wp-content\/uploads\/2025\/10\/novena-2025.webp","width":1280,"height":807},{"@type":"BreadcrumbList","@id":"https:\/\/schoenstatt.com\/pt-pt\/comeca-a-novena-participe-conosco-do-primeiro-dia-de-oracao\/#breadcrumb","itemListElement":[{"@type":"ListItem","position":1,"name":"Portada","item":"https:\/\/schoenstatt.com\/pt-pt\/home\/"},{"@type":"ListItem","position":2,"name":"Come\u00e7a a novena! Participe conosco do primeiro dia de ora\u00e7\u00e3o"}]},{"@type":"WebSite","@id":"https:\/\/schoenstatt.com\/pt-pt\/#website","url":"https:\/\/schoenstatt.com\/pt-pt\/","name":"Schoenstatt","description":"Apostolic Movement","publisher":{"@id":"https:\/\/schoenstatt.com\/pt-pt\/#organization"},"potentialAction":[{"@type":"SearchAction","target":{"@type":"EntryPoint","urlTemplate":"https:\/\/schoenstatt.com\/pt-pt\/?s={search_term_string}"},"query-input":{"@type":"PropertyValueSpecification","valueRequired":true,"valueName":"search_term_string"}}],"inLanguage":"pt-PT"},{"@type":"Organization","@id":"https:\/\/schoenstatt.com\/pt-pt\/#organization","name":"Schoenstatt","url":"https:\/\/schoenstatt.com\/pt-pt\/","logo":{"@type":"ImageObject","inLanguage":"pt-PT","@id":"https:\/\/schoenstatt.com\/pt-pt\/#\/schema\/logo\/image\/","url":"https:\/\/schoenstatt.com\/wp-content\/uploads\/2025\/04\/logo-schoenstatt-white-696x696-1.png","contentUrl":"https:\/\/schoenstatt.com\/wp-content\/uploads\/2025\/04\/logo-schoenstatt-white-696x696-1.png","width":696,"height":694,"caption":"Schoenstatt"},"image":{"@id":"https:\/\/schoenstatt.com\/pt-pt\/#\/schema\/logo\/image\/"}},{"@type":"Person","@id":"https:\/\/schoenstatt.com\/pt-pt\/#\/schema\/person\/5158877ad4acae98b34daaeef2a1ce6e","name":"Karen Bueno","image":{"@type":"ImageObject","inLanguage":"pt-PT","@id":"https:\/\/secure.gravatar.com\/avatar\/f9f4b823873154269d2b2130f195f6d41037dd0d7fc5f3cacb5c846bae70d66b?s=96&d=mm&r=g","url":"https:\/\/secure.gravatar.com\/avatar\/f9f4b823873154269d2b2130f195f6d41037dd0d7fc5f3cacb5c846bae70d66b?s=96&d=mm&r=g","contentUrl":"https:\/\/secure.gravatar.com\/avatar\/f9f4b823873154269d2b2130f195f6d41037dd0d7fc5f3cacb5c846bae70d66b?s=96&d=mm&r=g","caption":"Karen Bueno"},"url":"https:\/\/schoenstatt.com\/pt-pt\/author\/karen-bueno\/"}]}},"_links":{"self":[{"href":"https:\/\/schoenstatt.com\/pt-pt\/wp-json\/wp\/v2\/posts\/64945","targetHints":{"allow":["GET"]}}],"collection":[{"href":"https:\/\/schoenstatt.com\/pt-pt\/wp-json\/wp\/v2\/posts"}],"about":[{"href":"https:\/\/schoenstatt.com\/pt-pt\/wp-json\/wp\/v2\/types\/post"}],"author":[{"embeddable":true,"href":"https:\/\/schoenstatt.com\/pt-pt\/wp-json\/wp\/v2\/users\/3"}],"replies":[{"embeddable":true,"href":"https:\/\/schoenstatt.com\/pt-pt\/wp-json\/wp\/v2\/comments?post=64945"}],"version-history":[{"count":4,"href":"https:\/\/schoenstatt.com\/pt-pt\/wp-json\/wp\/v2\/posts\/64945\/revisions"}],"predecessor-version":[{"id":65059,"href":"https:\/\/schoenstatt.com\/pt-pt\/wp-json\/wp\/v2\/posts\/64945\/revisions\/65059"}],"wp:featuredmedia":[{"embeddable":true,"href":"https:\/\/schoenstatt.com\/pt-pt\/wp-json\/wp\/v2\/media\/64737"}],"wp:attachment":[{"href":"https:\/\/schoenstatt.com\/pt-pt\/wp-json\/wp\/v2\/media?parent=64945"}],"wp:term":[{"taxonomy":"category","embeddable":true,"href":"https:\/\/schoenstatt.com\/pt-pt\/wp-json\/wp\/v2\/categories?post=64945"},{"taxonomy":"post_tag","embeddable":true,"href":"https:\/\/schoenstatt.com\/pt-pt\/wp-json\/wp\/v2\/tags?post=64945"}],"curies":[{"name":"wp","href":"https:\/\/api.w.org\/{rel}","templated":true}]}}