{"id":64852,"date":"2025-10-06T11:27:18","date_gmt":"2025-10-06T09:27:18","guid":{"rendered":"https:\/\/schoenstatt.com\/?p=64852"},"modified":"2025-10-06T12:01:56","modified_gmt":"2025-10-06T10:01:56","slug":"jovens-missionarios-em-bogota-na-conquista-do-santuario-porta-do-ceu","status":"publish","type":"post","link":"https:\/\/schoenstatt.com\/pt-pt\/jovens-missionarios-em-bogota-na-conquista-do-santuario-porta-do-ceu\/","title":{"rendered":"Jovens mission\u00e1rios em Bogot\u00e1: Na conquista do Santu\u00e1rio \u201cPorta do C\u00e9u\u201d"},"content":{"rendered":"\n<h3 class=\"wp-block-heading\" id=\"h-uma-ideia-ousada-em-terras-colombianas\">Uma ideia ousada em terras colombianas<\/h3>\n\n\n\n<p>No mundo h\u00e1 milhares de schoenstattianos, mas poucos podem contar a experi\u00eancia de participar diretamente na conquista de um Santu\u00e1rio. Desde setembro, dois jovens da <a href=\"https:\/\/schoenstatt.com\/pt-pt\/em-comunidade\/men\/juventude-masculina-de-schoenstatt\/\">Juventude Masculina de Schoenstatt<\/a> da Costa Rica \u2014 Jos\u00e9 David Chua e David Corrales \u2014 aceitaram o desafio de se mudarem por seis meses para Bogot\u00e1, na Col\u00f4mbia, para colaborar na conquista espiritual do futuro Santu\u00e1rio \u201cPorta do C\u00e9u\u201d.<\/p>\n\n\n\n<p>Sua miss\u00e3o se concentra em animar e formar a Juventude Masculina na capital do terceiro pa\u00eds mais cat\u00f3lico da Am\u00e9rica Latina. Esta miss\u00e3o surge da alian\u00e7a entre a comunidade dos Padres de Schoenstatt do Equador e da Costa Rica e a Coordena\u00e7\u00e3o Diocesana do Movimento em Bogot\u00e1.<\/p>\n\n\n\n<figure class=\"wp-block-image aligncenter size-full\"><img decoding=\"async\" src=\"https:\/\/schoenstatt.com\/wp-content\/uploads\/2025\/10\/Misionaires-in-Colombia-Schoenstatt-2.jpg\" alt=\"\" class=\"wp-image-64813\"\/><\/figure>\n\n\n\n<p>A Juventude Masculina Internacional est\u00e1 redescobrindo seu esp\u00edrito mission\u00e1rio. Em julho passado, o <a href=\"https:\/\/schoenstatt.com\/pt-pt\/sejamos-vozes-de-esperanca-para-o-mundo\/\">Congresso Internacional da Juventude, em Roma<\/a>, incentivou a abrir horizontes com alian\u00e7as de apoio entre pa\u00edses. Esses mission\u00e1rios em Bogot\u00e1 encarnam esse chamado: deixar para tr\u00e1s sua pr\u00f3pria terra para dedicar-se \u00e0 M\u00e3e por seis meses, com simplicidade e generosidade.<\/p>\n\n\n\n<p><em>\u201cEsta ideia \u00e9 ousada, quase ousada demais para o p\u00fablico em geral, mas n\u00e3o para v\u00f3s\u201d<\/em>, dizia o Pe. Jos\u00e9 Kentenich em 1914. Hoje, mais de cem anos depois, esse esp\u00edrito continua vivo nesses jovens.<\/p>\n\n\n\n<h3 class=\"wp-block-heading\" id=\"h-um-santuario-para-bogota\">Um Santu\u00e1rio para Bogot\u00e1<\/h3>\n\n\n\n<p>Schoenstatt est\u00e1 presente na Col\u00f4mbia h\u00e1 d\u00e9cadas. Juntamente com os Santu\u00e1rios de Pereira e Armenia, a Fam\u00edlia conquista agora seu primeiro Santu\u00e1rio na capital. O Movimento j\u00e1 possui um terreno e uma capela no norte de Bogot\u00e1, oficialmente reconhecidos pela Arquidiocese. L\u00e1, pouco a pouco, forja-se o cora\u00e7\u00e3o espiritual do futuro Santu\u00e1rio.<\/p>\n\n\n\n<p>Atualmente, est\u00e3o sendo tratadas as licen\u00e7as municipais para iniciar a constru\u00e7\u00e3o e est\u00e1 sendo promovida uma campanha para construir tamb\u00e9m uma casa do Movimento, com depend\u00eancias para uma futura comunidade sacerdotal.<\/p>\n\n\n\n<figure class=\"wp-block-gallery has-nested-images columns-default is-cropped wp-block-gallery-1 is-layout-flex wp-block-gallery-is-layout-flex\">\n<figure class=\"wp-block-image size-full\"><img decoding=\"async\" data-id=\"64831\" src=\"https:\/\/schoenstatt.com\/wp-content\/uploads\/2025\/10\/Misionaires-in-Colombia-Schoenstatt-4.jpg\" alt=\"\" class=\"wp-image-64831\"\/><\/figure>\n\n\n\n<figure class=\"wp-block-image size-large\"><img decoding=\"async\" data-id=\"64830\" src=\"https:\/\/schoenstatt.com\/wp-content\/uploads\/2025\/10\/Misionaires-in-Colombia-Schoenstatt-5.jpg\" alt=\"\" class=\"wp-image-64830\"\/><\/figure>\n<\/figure>\n\n\n\n<h3 class=\"wp-block-heading\" id=\"h-ao-estilo-do-evangelho-uma-vida-simples-porem-uma-grande-missao\">Ao estilo do Evangelho, uma vida simples, por\u00e9m, uma grande miss\u00e3o<\/h3>\n\n\n\n<p>Os jovens vivem na \u201ccasinha da M\u00e3e\u201d, ao lado do terreno do Santu\u00e1rio. A vida \u00e9 simples: o frio t\u00edpico de Bogot\u00e1, aus\u00eancia de conforto, autogest\u00e3o do cotidiano. Mas, l\u00e1 se aprende o essencial: autonomia, car\u00e1ter e lideran\u00e7a. Seu campo apost\u00f3lico se abre em escolas, universidades e par\u00f3quias de Bogot\u00e1 e Ch\u00eda.<\/p>\n\n\n\n<figure class=\"wp-block-pullquote has-medium-font-size\" style=\"border-top-color:var(--wp--preset--color--luminous-vivid-orange);border-top-style:solid;border-top-width:1px;border-bottom-color:var(--wp--preset--color--luminous-vivid-orange);border-bottom-style:solid;border-bottom-width:1px;font-style:italic;font-weight:300\"><blockquote><p>\u201cNa verdade \u2014 eles compartilham \u2014 n\u00e3o tivemos que fazer grandes esfor\u00e7os para abrir portas: a M\u00e3e foi mais r\u00e1pida do que n\u00f3s. Mater perfectam habebit curam!\u201d<\/p><\/blockquote><\/figure>\n\n\n\n<h3 class=\"wp-block-heading\" id=\"h-uma-familia-que-acompanha\">Uma Fam\u00edlia que acompanha<\/h3>\n\n\n\n<p>Embora os Padres de Schoenstatt ainda n\u00e3o tenham resid\u00eancia na Col\u00f4mbia, eles acompanham a miss\u00e3o do Equador e da Costa Rica, com visitas peri\u00f3dicas. Tr\u00eas casais da Obra de Fam\u00edlias em Bogot\u00e1 assumiram a tarefa de serem os \u201cpadrinhos\u201d dos jovens, cuidando deles e garantindo que n\u00e3o lhes falte o necess\u00e1rio. A isso se soma o admir\u00e1vel compromisso da Coordena\u00e7\u00e3o Diocesana da Fam\u00edlia de Schoenstatt em Bogot\u00e1.<\/p>\n\n\n\n<p>A cada m\u00eas e meio, os mission\u00e1rios viajam ao Equador para se encontrar com outros jovens enviados a Quito: Andr\u00e9s Candel e Mateo Victoria, de Madri\/Espanha e Austin\/EUA, respectivamente. Eles realizam uma tarefa muito semelhante na capital equatoriana, o que enriquece o esp\u00edrito de fam\u00edlia mission\u00e1ria e de forma\u00e7\u00e3o.<\/p>\n\n\n\n<figure class=\"wp-block-image aligncenter size-full\"><img decoding=\"async\" src=\"https:\/\/schoenstatt.com\/wp-content\/uploads\/2025\/10\/Misionaires-in-Colombia-Schoenstatt-3.jpg\" alt=\"\" class=\"wp-image-64818\"\/><\/figure>\n\n\n\n<h3 class=\"wp-block-heading\" id=\"h-sinais-de-esperanca\">Sinais de esperan\u00e7a<\/h3>\n\n\n\n<p>Muitos na Col\u00f4mbia t\u00eam dificuldade em acreditar que esses jovens s\u00e3o rapazes comuns, jovens que simplesmente quiseram dedicar seis meses de suas vidas \u00e0 M\u00e3e, sem outras pretens\u00f5es al\u00e9m de viver essa aventura. Muitas vezes pensam que eles s\u00e3o religiosos ou seminaristas; aparentemente, a Igreja n\u00e3o est\u00e1 acostumada a ver que um jovem, sem necessariamente discernir uma voca\u00e7\u00e3o religiosa, seja t\u00e3o generoso a ponto de se entregar por uma experi\u00eancia como essa.<\/p>\n\n\n\n<p>Nestes jovens temos um grande tesouro e um verdadeiro sinal de esperan\u00e7a para a Fam\u00edlia de Schoenstatt e para a Igreja.<\/p>\n\n\n\n<p>Confiamos que em breve a M\u00e3e ter\u00e1 no cora\u00e7\u00e3o da Col\u00f4mbia um novo trono de gra\u00e7as. Enquanto isso, esses mission\u00e1rios continuam escrevendo a hist\u00f3ria com fatos concretos: \u201cProvai primeiro que realmente me amais\u201d (Documento de Funda\u00e7\u00e3o).<\/p>\n\n\n\n<p>Pedimos ora\u00e7\u00f5es por esta miss\u00e3o e pelos frutos da conquista do Santu\u00e1rio \u201cPorta do C\u00e9u\u201d.<\/p>\n\n\n\n<p>Quem quiser acompanhar de perto esta aventura, participar ou colaborar, pode faz\u00ea-lo pelo Instagram: <a href=\"https:\/\/www.instagram.com\/misioncolombiasch\/\" target=\"_blank\" rel=\"noreferrer noopener\">@misioncolombiasch.<\/a><\/p>\n\n\n\n<p><strong>Tradu\u00e7\u00e3o: <\/strong>Karen Bueno<\/p>\n","protected":false},"excerpt":{"rendered":"<p>Jos\u00e9 David Chua e David Corrales, da Costa Rica, foram enviados como mission\u00e1rios \u00e0 Col\u00f4mbia, para ajudar na conquista do Santu\u00e1rio.<\/p>\n","protected":false},"author":3,"featured_media":64827,"comment_status":"closed","ping_status":"closed","sticky":false,"template":"","format":"standard","meta":{"footnotes":""},"categories":[625,897,665],"tags":[1065],"class_list":["post-64852","post","type-post","status-publish","format-standard","has-post-thumbnail","hentry","category-america-pt-pt","category-em-missao-pt-pt","category-juventude-pt-pt","tag-missionarios-pt-pt"],"yoast_head":"<!-- This site is optimized with the Yoast SEO Premium plugin v27.4 (Yoast SEO v27.5) - https:\/\/yoast.com\/product\/yoast-seo-premium-wordpress\/ -->\n<title>Jovens mission\u00e1rios em Bogot\u00e1: Na conquista do Santu\u00e1rio \u201cPorta do C\u00e9u\u201d<\/title>\n<meta name=\"description\" content=\"Jos\u00e9 David Chua e David Corrales, da Costa Rica, foram enviados como mission\u00e1rios \u00e0 Col\u00f4mbia, para ajudar na conquista do Santu\u00e1rio.\" \/>\n<meta name=\"robots\" content=\"index, follow, max-snippet:-1, max-image-preview:large, max-video-preview:-1\" \/>\n<link rel=\"canonical\" href=\"https:\/\/schoenstatt.com\/pt-pt\/jovens-missionarios-em-bogota-na-conquista-do-santuario-porta-do-ceu\/\" \/>\n<meta property=\"og:locale\" content=\"pt_PT\" \/>\n<meta property=\"og:type\" content=\"article\" \/>\n<meta property=\"og:title\" content=\"Jovens mission\u00e1rios em Bogot\u00e1: Na conquista do Santu\u00e1rio \u201cPorta do C\u00e9u\u201d\" \/>\n<meta property=\"og:description\" content=\"Jos\u00e9 David Chua e David Corrales, da Costa Rica, foram enviados como mission\u00e1rios \u00e0 Col\u00f4mbia, para ajudar na conquista do Santu\u00e1rio.\" \/>\n<meta property=\"og:url\" content=\"https:\/\/schoenstatt.com\/pt-pt\/jovens-missionarios-em-bogota-na-conquista-do-santuario-porta-do-ceu\/\" \/>\n<meta property=\"og:site_name\" content=\"Schoenstatt\" \/>\n<meta property=\"article:published_time\" content=\"2025-10-06T09:27:18+00:00\" \/>\n<meta property=\"article:modified_time\" content=\"2025-10-06T10:01:56+00:00\" \/>\n<meta property=\"og:image\" content=\"https:\/\/schoenstatt.com\/wp-content\/uploads\/2025\/10\/Misionaires-in-Colombia-Schoenstatt.webp\" \/>\n\t<meta property=\"og:image:width\" content=\"1200\" \/>\n\t<meta property=\"og:image:height\" content=\"752\" \/>\n\t<meta property=\"og:image:type\" content=\"image\/jpeg\" \/>\n<meta name=\"author\" content=\"Karen Bueno\" \/>\n<meta name=\"twitter:card\" content=\"summary_large_image\" \/>\n<meta name=\"twitter:label1\" content=\"Escrito por\" \/>\n\t<meta name=\"twitter:data1\" content=\"Karen Bueno\" \/>\n\t<meta name=\"twitter:label2\" content=\"Tempo estimado de leitura\" \/>\n\t<meta name=\"twitter:data2\" content=\"5 minutos\" \/>\n<script type=\"application\/ld+json\" class=\"yoast-schema-graph\">{\"@context\":\"https:\\\/\\\/schema.org\",\"@graph\":[{\"@type\":\"Article\",\"@id\":\"https:\\\/\\\/schoenstatt.com\\\/pt-pt\\\/jovens-missionarios-em-bogota-na-conquista-do-santuario-porta-do-ceu\\\/#article\",\"isPartOf\":{\"@id\":\"https:\\\/\\\/schoenstatt.com\\\/pt-pt\\\/jovens-missionarios-em-bogota-na-conquista-do-santuario-porta-do-ceu\\\/\"},\"author\":{\"name\":\"Karen Bueno\",\"@id\":\"https:\\\/\\\/schoenstatt.com\\\/pt-pt\\\/#\\\/schema\\\/person\\\/5158877ad4acae98b34daaeef2a1ce6e\"},\"headline\":\"Jovens mission\u00e1rios em Bogot\u00e1: Na conquista do Santu\u00e1rio \u201cPorta do C\u00e9u\u201d\",\"datePublished\":\"2025-10-06T09:27:18+00:00\",\"dateModified\":\"2025-10-06T10:01:56+00:00\",\"mainEntityOfPage\":{\"@id\":\"https:\\\/\\\/schoenstatt.com\\\/pt-pt\\\/jovens-missionarios-em-bogota-na-conquista-do-santuario-porta-do-ceu\\\/\"},\"wordCount\":775,\"publisher\":{\"@id\":\"https:\\\/\\\/schoenstatt.com\\\/pt-pt\\\/#organization\"},\"image\":{\"@id\":\"https:\\\/\\\/schoenstatt.com\\\/pt-pt\\\/jovens-missionarios-em-bogota-na-conquista-do-santuario-porta-do-ceu\\\/#primaryimage\"},\"thumbnailUrl\":\"https:\\\/\\\/schoenstatt.com\\\/wp-content\\\/uploads\\\/2025\\\/10\\\/Misionaires-in-Colombia-Schoenstatt.webp\",\"keywords\":[\"Mission\u00e1rios\"],\"articleSection\":[\"Am\u00e9rica\",\"Em miss\u00e3o\",\"Juventude\"],\"inLanguage\":\"pt-PT\"},{\"@type\":\"WebPage\",\"@id\":\"https:\\\/\\\/schoenstatt.com\\\/pt-pt\\\/jovens-missionarios-em-bogota-na-conquista-do-santuario-porta-do-ceu\\\/\",\"url\":\"https:\\\/\\\/schoenstatt.com\\\/pt-pt\\\/jovens-missionarios-em-bogota-na-conquista-do-santuario-porta-do-ceu\\\/\",\"name\":\"Jovens mission\u00e1rios em Bogot\u00e1: Na conquista do Santu\u00e1rio \u201cPorta do C\u00e9u\u201d\",\"isPartOf\":{\"@id\":\"https:\\\/\\\/schoenstatt.com\\\/pt-pt\\\/#website\"},\"primaryImageOfPage\":{\"@id\":\"https:\\\/\\\/schoenstatt.com\\\/pt-pt\\\/jovens-missionarios-em-bogota-na-conquista-do-santuario-porta-do-ceu\\\/#primaryimage\"},\"image\":{\"@id\":\"https:\\\/\\\/schoenstatt.com\\\/pt-pt\\\/jovens-missionarios-em-bogota-na-conquista-do-santuario-porta-do-ceu\\\/#primaryimage\"},\"thumbnailUrl\":\"https:\\\/\\\/schoenstatt.com\\\/wp-content\\\/uploads\\\/2025\\\/10\\\/Misionaires-in-Colombia-Schoenstatt.webp\",\"datePublished\":\"2025-10-06T09:27:18+00:00\",\"dateModified\":\"2025-10-06T10:01:56+00:00\",\"description\":\"Jos\u00e9 David Chua e David Corrales, da Costa Rica, foram enviados como mission\u00e1rios \u00e0 Col\u00f4mbia, para ajudar na conquista do Santu\u00e1rio.\",\"breadcrumb\":{\"@id\":\"https:\\\/\\\/schoenstatt.com\\\/pt-pt\\\/jovens-missionarios-em-bogota-na-conquista-do-santuario-porta-do-ceu\\\/#breadcrumb\"},\"inLanguage\":\"pt-PT\",\"potentialAction\":[{\"@type\":\"ReadAction\",\"target\":[\"https:\\\/\\\/schoenstatt.com\\\/pt-pt\\\/jovens-missionarios-em-bogota-na-conquista-do-santuario-porta-do-ceu\\\/\"]}]},{\"@type\":\"ImageObject\",\"inLanguage\":\"pt-PT\",\"@id\":\"https:\\\/\\\/schoenstatt.com\\\/pt-pt\\\/jovens-missionarios-em-bogota-na-conquista-do-santuario-porta-do-ceu\\\/#primaryimage\",\"url\":\"https:\\\/\\\/schoenstatt.com\\\/wp-content\\\/uploads\\\/2025\\\/10\\\/Misionaires-in-Colombia-Schoenstatt.webp\",\"contentUrl\":\"https:\\\/\\\/schoenstatt.com\\\/wp-content\\\/uploads\\\/2025\\\/10\\\/Misionaires-in-Colombia-Schoenstatt.webp\",\"width\":1200,\"height\":752},{\"@type\":\"BreadcrumbList\",\"@id\":\"https:\\\/\\\/schoenstatt.com\\\/pt-pt\\\/jovens-missionarios-em-bogota-na-conquista-do-santuario-porta-do-ceu\\\/#breadcrumb\",\"itemListElement\":[{\"@type\":\"ListItem\",\"position\":1,\"name\":\"Portada\",\"item\":\"https:\\\/\\\/schoenstatt.com\\\/pt-pt\\\/home\\\/\"},{\"@type\":\"ListItem\",\"position\":2,\"name\":\"Jovens mission\u00e1rios em Bogot\u00e1: Na conquista do Santu\u00e1rio \u201cPorta do C\u00e9u\u201d\"}]},{\"@type\":\"WebSite\",\"@id\":\"https:\\\/\\\/schoenstatt.com\\\/pt-pt\\\/#website\",\"url\":\"https:\\\/\\\/schoenstatt.com\\\/pt-pt\\\/\",\"name\":\"Schoenstatt\",\"description\":\"Apostolic Movement\",\"publisher\":{\"@id\":\"https:\\\/\\\/schoenstatt.com\\\/pt-pt\\\/#organization\"},\"potentialAction\":[{\"@type\":\"SearchAction\",\"target\":{\"@type\":\"EntryPoint\",\"urlTemplate\":\"https:\\\/\\\/schoenstatt.com\\\/pt-pt\\\/?s={search_term_string}\"},\"query-input\":{\"@type\":\"PropertyValueSpecification\",\"valueRequired\":true,\"valueName\":\"search_term_string\"}}],\"inLanguage\":\"pt-PT\"},{\"@type\":\"Organization\",\"@id\":\"https:\\\/\\\/schoenstatt.com\\\/pt-pt\\\/#organization\",\"name\":\"Schoenstatt\",\"url\":\"https:\\\/\\\/schoenstatt.com\\\/pt-pt\\\/\",\"logo\":{\"@type\":\"ImageObject\",\"inLanguage\":\"pt-PT\",\"@id\":\"https:\\\/\\\/schoenstatt.com\\\/pt-pt\\\/#\\\/schema\\\/logo\\\/image\\\/\",\"url\":\"https:\\\/\\\/schoenstatt.com\\\/wp-content\\\/uploads\\\/2025\\\/04\\\/logo-schoenstatt-white-696x696-1.png\",\"contentUrl\":\"https:\\\/\\\/schoenstatt.com\\\/wp-content\\\/uploads\\\/2025\\\/04\\\/logo-schoenstatt-white-696x696-1.png\",\"width\":696,\"height\":694,\"caption\":\"Schoenstatt\"},\"image\":{\"@id\":\"https:\\\/\\\/schoenstatt.com\\\/pt-pt\\\/#\\\/schema\\\/logo\\\/image\\\/\"}},{\"@type\":\"Person\",\"@id\":\"https:\\\/\\\/schoenstatt.com\\\/pt-pt\\\/#\\\/schema\\\/person\\\/5158877ad4acae98b34daaeef2a1ce6e\",\"name\":\"Karen Bueno\",\"image\":{\"@type\":\"ImageObject\",\"inLanguage\":\"pt-PT\",\"@id\":\"https:\\\/\\\/secure.gravatar.com\\\/avatar\\\/f9f4b823873154269d2b2130f195f6d41037dd0d7fc5f3cacb5c846bae70d66b?s=96&d=mm&r=g\",\"url\":\"https:\\\/\\\/secure.gravatar.com\\\/avatar\\\/f9f4b823873154269d2b2130f195f6d41037dd0d7fc5f3cacb5c846bae70d66b?s=96&d=mm&r=g\",\"contentUrl\":\"https:\\\/\\\/secure.gravatar.com\\\/avatar\\\/f9f4b823873154269d2b2130f195f6d41037dd0d7fc5f3cacb5c846bae70d66b?s=96&d=mm&r=g\",\"caption\":\"Karen Bueno\"},\"url\":\"https:\\\/\\\/schoenstatt.com\\\/pt-pt\\\/author\\\/karen-bueno\\\/\"}]}<\/script>\n<!-- \/ Yoast SEO Premium plugin. -->","yoast_head_json":{"title":"Jovens mission\u00e1rios em Bogot\u00e1: Na conquista do Santu\u00e1rio \u201cPorta do C\u00e9u\u201d","description":"Jos\u00e9 David Chua e David Corrales, da Costa Rica, foram enviados como mission\u00e1rios \u00e0 Col\u00f4mbia, para ajudar na conquista do Santu\u00e1rio.","robots":{"index":"index","follow":"follow","max-snippet":"max-snippet:-1","max-image-preview":"max-image-preview:large","max-video-preview":"max-video-preview:-1"},"canonical":"https:\/\/schoenstatt.com\/pt-pt\/jovens-missionarios-em-bogota-na-conquista-do-santuario-porta-do-ceu\/","og_locale":"pt_PT","og_type":"article","og_title":"Jovens mission\u00e1rios em Bogot\u00e1: Na conquista do Santu\u00e1rio \u201cPorta do C\u00e9u\u201d","og_description":"Jos\u00e9 David Chua e David Corrales, da Costa Rica, foram enviados como mission\u00e1rios \u00e0 Col\u00f4mbia, para ajudar na conquista do Santu\u00e1rio.","og_url":"https:\/\/schoenstatt.com\/pt-pt\/jovens-missionarios-em-bogota-na-conquista-do-santuario-porta-do-ceu\/","og_site_name":"Schoenstatt","article_published_time":"2025-10-06T09:27:18+00:00","article_modified_time":"2025-10-06T10:01:56+00:00","og_image":[{"width":1200,"height":752,"url":"https:\/\/schoenstatt.com\/wp-content\/uploads\/2025\/10\/Misionaires-in-Colombia-Schoenstatt.webp","type":"image\/jpeg"}],"author":"Karen Bueno","twitter_card":"summary_large_image","twitter_misc":{"Escrito por":"Karen Bueno","Tempo estimado de leitura":"5 minutos"},"schema":{"@context":"https:\/\/schema.org","@graph":[{"@type":"Article","@id":"https:\/\/schoenstatt.com\/pt-pt\/jovens-missionarios-em-bogota-na-conquista-do-santuario-porta-do-ceu\/#article","isPartOf":{"@id":"https:\/\/schoenstatt.com\/pt-pt\/jovens-missionarios-em-bogota-na-conquista-do-santuario-porta-do-ceu\/"},"author":{"name":"Karen Bueno","@id":"https:\/\/schoenstatt.com\/pt-pt\/#\/schema\/person\/5158877ad4acae98b34daaeef2a1ce6e"},"headline":"Jovens mission\u00e1rios em Bogot\u00e1: Na conquista do Santu\u00e1rio \u201cPorta do C\u00e9u\u201d","datePublished":"2025-10-06T09:27:18+00:00","dateModified":"2025-10-06T10:01:56+00:00","mainEntityOfPage":{"@id":"https:\/\/schoenstatt.com\/pt-pt\/jovens-missionarios-em-bogota-na-conquista-do-santuario-porta-do-ceu\/"},"wordCount":775,"publisher":{"@id":"https:\/\/schoenstatt.com\/pt-pt\/#organization"},"image":{"@id":"https:\/\/schoenstatt.com\/pt-pt\/jovens-missionarios-em-bogota-na-conquista-do-santuario-porta-do-ceu\/#primaryimage"},"thumbnailUrl":"https:\/\/schoenstatt.com\/wp-content\/uploads\/2025\/10\/Misionaires-in-Colombia-Schoenstatt.webp","keywords":["Mission\u00e1rios"],"articleSection":["Am\u00e9rica","Em miss\u00e3o","Juventude"],"inLanguage":"pt-PT"},{"@type":"WebPage","@id":"https:\/\/schoenstatt.com\/pt-pt\/jovens-missionarios-em-bogota-na-conquista-do-santuario-porta-do-ceu\/","url":"https:\/\/schoenstatt.com\/pt-pt\/jovens-missionarios-em-bogota-na-conquista-do-santuario-porta-do-ceu\/","name":"Jovens mission\u00e1rios em Bogot\u00e1: Na conquista do Santu\u00e1rio \u201cPorta do C\u00e9u\u201d","isPartOf":{"@id":"https:\/\/schoenstatt.com\/pt-pt\/#website"},"primaryImageOfPage":{"@id":"https:\/\/schoenstatt.com\/pt-pt\/jovens-missionarios-em-bogota-na-conquista-do-santuario-porta-do-ceu\/#primaryimage"},"image":{"@id":"https:\/\/schoenstatt.com\/pt-pt\/jovens-missionarios-em-bogota-na-conquista-do-santuario-porta-do-ceu\/#primaryimage"},"thumbnailUrl":"https:\/\/schoenstatt.com\/wp-content\/uploads\/2025\/10\/Misionaires-in-Colombia-Schoenstatt.webp","datePublished":"2025-10-06T09:27:18+00:00","dateModified":"2025-10-06T10:01:56+00:00","description":"Jos\u00e9 David Chua e David Corrales, da Costa Rica, foram enviados como mission\u00e1rios \u00e0 Col\u00f4mbia, para ajudar na conquista do Santu\u00e1rio.","breadcrumb":{"@id":"https:\/\/schoenstatt.com\/pt-pt\/jovens-missionarios-em-bogota-na-conquista-do-santuario-porta-do-ceu\/#breadcrumb"},"inLanguage":"pt-PT","potentialAction":[{"@type":"ReadAction","target":["https:\/\/schoenstatt.com\/pt-pt\/jovens-missionarios-em-bogota-na-conquista-do-santuario-porta-do-ceu\/"]}]},{"@type":"ImageObject","inLanguage":"pt-PT","@id":"https:\/\/schoenstatt.com\/pt-pt\/jovens-missionarios-em-bogota-na-conquista-do-santuario-porta-do-ceu\/#primaryimage","url":"https:\/\/schoenstatt.com\/wp-content\/uploads\/2025\/10\/Misionaires-in-Colombia-Schoenstatt.webp","contentUrl":"https:\/\/schoenstatt.com\/wp-content\/uploads\/2025\/10\/Misionaires-in-Colombia-Schoenstatt.webp","width":1200,"height":752},{"@type":"BreadcrumbList","@id":"https:\/\/schoenstatt.com\/pt-pt\/jovens-missionarios-em-bogota-na-conquista-do-santuario-porta-do-ceu\/#breadcrumb","itemListElement":[{"@type":"ListItem","position":1,"name":"Portada","item":"https:\/\/schoenstatt.com\/pt-pt\/home\/"},{"@type":"ListItem","position":2,"name":"Jovens mission\u00e1rios em Bogot\u00e1: Na conquista do Santu\u00e1rio \u201cPorta do C\u00e9u\u201d"}]},{"@type":"WebSite","@id":"https:\/\/schoenstatt.com\/pt-pt\/#website","url":"https:\/\/schoenstatt.com\/pt-pt\/","name":"Schoenstatt","description":"Apostolic Movement","publisher":{"@id":"https:\/\/schoenstatt.com\/pt-pt\/#organization"},"potentialAction":[{"@type":"SearchAction","target":{"@type":"EntryPoint","urlTemplate":"https:\/\/schoenstatt.com\/pt-pt\/?s={search_term_string}"},"query-input":{"@type":"PropertyValueSpecification","valueRequired":true,"valueName":"search_term_string"}}],"inLanguage":"pt-PT"},{"@type":"Organization","@id":"https:\/\/schoenstatt.com\/pt-pt\/#organization","name":"Schoenstatt","url":"https:\/\/schoenstatt.com\/pt-pt\/","logo":{"@type":"ImageObject","inLanguage":"pt-PT","@id":"https:\/\/schoenstatt.com\/pt-pt\/#\/schema\/logo\/image\/","url":"https:\/\/schoenstatt.com\/wp-content\/uploads\/2025\/04\/logo-schoenstatt-white-696x696-1.png","contentUrl":"https:\/\/schoenstatt.com\/wp-content\/uploads\/2025\/04\/logo-schoenstatt-white-696x696-1.png","width":696,"height":694,"caption":"Schoenstatt"},"image":{"@id":"https:\/\/schoenstatt.com\/pt-pt\/#\/schema\/logo\/image\/"}},{"@type":"Person","@id":"https:\/\/schoenstatt.com\/pt-pt\/#\/schema\/person\/5158877ad4acae98b34daaeef2a1ce6e","name":"Karen Bueno","image":{"@type":"ImageObject","inLanguage":"pt-PT","@id":"https:\/\/secure.gravatar.com\/avatar\/f9f4b823873154269d2b2130f195f6d41037dd0d7fc5f3cacb5c846bae70d66b?s=96&d=mm&r=g","url":"https:\/\/secure.gravatar.com\/avatar\/f9f4b823873154269d2b2130f195f6d41037dd0d7fc5f3cacb5c846bae70d66b?s=96&d=mm&r=g","contentUrl":"https:\/\/secure.gravatar.com\/avatar\/f9f4b823873154269d2b2130f195f6d41037dd0d7fc5f3cacb5c846bae70d66b?s=96&d=mm&r=g","caption":"Karen Bueno"},"url":"https:\/\/schoenstatt.com\/pt-pt\/author\/karen-bueno\/"}]}},"_links":{"self":[{"href":"https:\/\/schoenstatt.com\/pt-pt\/wp-json\/wp\/v2\/posts\/64852","targetHints":{"allow":["GET"]}}],"collection":[{"href":"https:\/\/schoenstatt.com\/pt-pt\/wp-json\/wp\/v2\/posts"}],"about":[{"href":"https:\/\/schoenstatt.com\/pt-pt\/wp-json\/wp\/v2\/types\/post"}],"author":[{"embeddable":true,"href":"https:\/\/schoenstatt.com\/pt-pt\/wp-json\/wp\/v2\/users\/3"}],"replies":[{"embeddable":true,"href":"https:\/\/schoenstatt.com\/pt-pt\/wp-json\/wp\/v2\/comments?post=64852"}],"version-history":[{"count":3,"href":"https:\/\/schoenstatt.com\/pt-pt\/wp-json\/wp\/v2\/posts\/64852\/revisions"}],"predecessor-version":[{"id":64855,"href":"https:\/\/schoenstatt.com\/pt-pt\/wp-json\/wp\/v2\/posts\/64852\/revisions\/64855"}],"wp:featuredmedia":[{"embeddable":true,"href":"https:\/\/schoenstatt.com\/pt-pt\/wp-json\/wp\/v2\/media\/64827"}],"wp:attachment":[{"href":"https:\/\/schoenstatt.com\/pt-pt\/wp-json\/wp\/v2\/media?parent=64852"}],"wp:term":[{"taxonomy":"category","embeddable":true,"href":"https:\/\/schoenstatt.com\/pt-pt\/wp-json\/wp\/v2\/categories?post=64852"},{"taxonomy":"post_tag","embeddable":true,"href":"https:\/\/schoenstatt.com\/pt-pt\/wp-json\/wp\/v2\/tags?post=64852"}],"curies":[{"name":"wp","href":"https:\/\/api.w.org\/{rel}","templated":true}]}}