{"id":64374,"date":"2025-09-25T03:03:00","date_gmt":"2025-09-25T01:03:00","guid":{"rendered":"https:\/\/schoenstatt.com\/?p=64374"},"modified":"2025-09-24T19:17:41","modified_gmt":"2025-09-24T17:17:41","slug":"herois-da-autenticidade-o-que-podemos-aprender-com-eles","status":"publish","type":"post","link":"https:\/\/schoenstatt.com\/pt-pt\/herois-da-autenticidade-o-que-podemos-aprender-com-eles\/","title":{"rendered":"Her\u00f3is da autenticidade \u2013 O que podemos aprender com eles"},"content":{"rendered":"\n<p>\u201cSeja voc\u00ea mesmo!\u201d \u2013 esse apelo marca a cultura do nosso tempo. Sobretudo os jovens anseiam por encontrar sua pr\u00f3pria linguagem, poder agir com originalidade e se tornar vis\u00edveis como personalidades \u00fanicas. A autenticidade se tornou um valor fundamental: viver com coragem a pr\u00f3pria identidade, em vez de apenas desempenhar pap\u00e9is.<\/p>\n\n\n\n<p>Tamb\u00e9m o Pe. Jos\u00e9 Kentenich, fundador do Movimento de Schoenstatt, atribu\u00eda grande import\u00e2ncia a este valor. Ele pr\u00f3prio vivia de forma muito aut\u00eantica e encorajava a ser verdadeiro em todas as \u00e1reas da vida: perante si mesmo, perante os outros e, acima de tudo, perante Deus. Uma frase frequentemente citada dele \u00e9: <strong><em>\u201cDevemos falar com o Bom Deus como nos vem \u00e0 cabe\u00e7a\u201d.<\/em><\/strong> Dessa autenticidade original na ora\u00e7\u00e3o surgem todas as outras formas de autenticidade: nas a\u00e7\u00f5es, no encontro com as pessoas e nas decis\u00f5es fundamentais da vida.<\/p>\n\n\n\n<p>\u00c9 nesse horizonte que se deve compreender o conceito schoenstattiano de \u201cideal pessoal\u201d. Para Kentenich, santidade n\u00e3o significa uniformiza\u00e7\u00e3o ou padroniza\u00e7\u00e3o, mas sim o desenvolvimento da pr\u00f3pria personalidade. A gra\u00e7a se baseia na natureza \u2013 a originalidade \u00fanica do ser humano n\u00e3o \u00e9 apagada, mas aprofundada e elevada.<\/p>\n\n\n\n<h3 class=\"wp-block-heading\" id=\"h-autenticidade-na-historia-de-schoenstatt\">Autenticidade na hist\u00f3ria de Schoenstatt<\/h3>\n\n\n\n<p>A import\u00e2ncia fundamental da autenticidade para o surgimento e o desenvolvimento do Movimento \u00e9 evidenciada nas biografias das personalidades daqueles chamados \u201cher\u00f3is de Schoenstatt\u201d:<\/p>\n\n\n\n<div style=\"height:33px\" aria-hidden=\"true\" class=\"wp-block-spacer\"><\/div>\n\n\n\n<hr class=\"wp-block-separator has-text-color has-alpha-channel-opacity has-background\" style=\"background-color:#eb7826;color:#eb7826\"\/>\n\n\n\n<div style=\"height:56px\" aria-hidden=\"true\" class=\"wp-block-spacer\"><\/div>\n\n\n\n<h3 class=\"wp-block-heading\" id=\"h-jose-engling-a-pedra-fundamental-atraves-da-grandeza-do-seu-coracao\">Jos\u00e9 Engling \u2013 A pedra fundamental atrav\u00e9s da grandeza do seu cora\u00e7\u00e3o<\/h3>\n\n\n\n<div class=\"wp-block-media-text has-media-on-the-right is-stacked-on-mobile\" style=\"grid-template-columns:auto 42%\"><div class=\"wp-block-media-text__content\">\n<p>Nos prim\u00f3rdios de Schoenstatt, foi Jos\u00e9 Engling quem, com a especial amplitude e receptividade de seu cora\u00e7\u00e3o, soube acolher a centelha que brotou da inspira\u00e7\u00e3o do Padre Kentenich. Seus di\u00e1rios, repletos de autorreflex\u00e3o e lutas espirituais, mostram como o ideal de Schoenstatt toma forma em uma alma. Com todos os altos e baixos, com lutas contra a pregui\u00e7a, mas tamb\u00e9m com um amor crescente pela M\u00e3e de Deus, ele se tornou um testemunho vivo de que a santidade \u00e9 profundamente aut\u00eantica e pr\u00f3xima da vida. Tamb\u00e9m sua luta para n\u00e3o dedicar tanto tempo ao jogo de cartas o torna aut\u00eantico \u2013 ele era um bom jogador, que gostava de ser convidado para jogar. No entanto, diante do \u201cjogo totalmente novo\u201d \u2013 ou seja, Schoenstatt \u2013, ele se esfor\u00e7ou para abandonar o jogo de cartas, na medida do poss\u00edvel. Apesar das reca\u00eddas, ele permaneceu no caminho do crescimento espiritual.<\/p>\n\n\n\n<p>Uma das quatro resolu\u00e7\u00f5es que ele formulou por conta pr\u00f3pria durante seus exerc\u00edcios espirituais particulares em 1915 soa assim: <em>\u201cQuerido Deus, prefiro morrer a ofender-Te, mesmo que seja por um pecado venial\u201d.<\/em> Hoje, pode surpreender a altura do ideal que ele estabeleceu para si mesmo naquela \u00e9poca. No entanto, esse pedido refletia o profundo anseio de seu cora\u00e7\u00e3o, que determinava suas a\u00e7\u00f5es e obras.<\/p>\n<\/div><figure class=\"wp-block-media-text__media\"><img fetchpriority=\"high\" decoding=\"async\" width=\"832\" height=\"1248\" src=\"https:\/\/schoenstatt.com\/wp-content\/uploads\/2025\/09\/Josef-Engling-Schoenstatt.jpg\" alt=\"\" class=\"wp-image-64351 size-full\" srcset=\"https:\/\/schoenstatt.com\/wp-content\/uploads\/2025\/09\/Josef-Engling-Schoenstatt.jpg 832w, https:\/\/schoenstatt.com\/wp-content\/uploads\/2025\/09\/Josef-Engling-Schoenstatt-768x1152.jpg 768w\" sizes=\"(max-width: 832px) 100vw, 832px\" \/><\/figure><\/div>\n\n\n\n<div style=\"height:65px\" aria-hidden=\"true\" class=\"wp-block-spacer\"><\/div>\n\n\n\n<hr class=\"wp-block-separator has-text-color has-alpha-channel-opacity has-background\" style=\"background-color:#eb7826;color:#eb7826\"\/>\n\n\n\n<div style=\"height:63px\" aria-hidden=\"true\" class=\"wp-block-spacer\"><\/div>\n\n\n\n<h3 class=\"wp-block-heading\" id=\"h-gertraud-von-bullion-pioneira-na-lideranca-feminina\">Gertraud von Bullion \u2013 Pioneira na lideran\u00e7a feminina<\/h3>\n\n\n\n<div class=\"wp-block-media-text is-stacked-on-mobile\" style=\"grid-template-columns:45% auto\"><figure class=\"wp-block-media-text__media\"><img decoding=\"async\" src=\"https:\/\/schoenstatt.com\/wp-content\/uploads\/2025\/09\/Gertraud-von-Bullion-Schoenstatt.jpg\" alt=\"\" class=\"wp-image-64356 size-full\"\/><\/figure><div class=\"wp-block-media-text__content\">\n<p>Gertraud von Bullion trouxe uma nova dimens\u00e3o ao Movimento: ela abriu Schoenstatt para as mulheres. Com coragem e clareza espiritual, ela questionou se as mulheres n\u00e3o poderiam, assim como os homens, formar uma comunidade de lideran\u00e7a e corresponsabilidade na Alian\u00e7a. Apesar da resist\u00eancia inicial \u2013 dizia-se que as mulheres poderiam enfraquecer o Movimento ou mesmo significar sua morte \u2013, ela mesma viveu em alto n\u00edvel a santidade e a responsabilidade apost\u00f3lica exigidas. Assim, tornou-se pioneira na lideran\u00e7a feminina em Schoenstatt, muito antes de esse conceito se tornar comum na Igreja ou na sociedade.<\/p>\n\n\n\n<p>Ela desenvolveu uma espiritualidade feminina que utilizava um vocabul\u00e1rio e uma linguagem originais. Entre outras, a palavra \u201ccuidado\u201d desempenhou um papel importante:<\/p>\n\n\n\n<p>&#8220;<strong><em>Para onde quer que olhemos, tudo \u00e9 gra\u00e7a, e, al\u00e9m disso, diariamente, sim, a cada hora, muitas vezes os cuidados mais comoventes! Isso nos aquece quando temos frio, quando prestamos aten\u00e7\u00e3o com um olhar renovado aos \u201ccuidados\u201d, ent\u00e3o o amor rec\u00edproco deve crescer em nossos cora\u00e7\u00f5es, n\u00e3o h\u00e1 outra possibilidade.<\/em><\/strong>&#8220;<\/p>\n<\/div><\/div>\n\n\n\n<div style=\"height:52px\" aria-hidden=\"true\" class=\"wp-block-spacer\"><\/div>\n\n\n\n<hr class=\"wp-block-separator has-text-color has-alpha-channel-opacity has-background\" style=\"background-color:#eb7826;color:#eb7826\"\/>\n\n\n\n<div style=\"height:62px\" aria-hidden=\"true\" class=\"wp-block-spacer\"><\/div>\n\n\n\n<h3 class=\"wp-block-heading\" id=\"h-franz-reinisch-destemido-ate-o-martirio\">Franz Reinisch \u2013 Destemido at\u00e9 o mart\u00edrio<\/h3>\n\n\n\n<div class=\"wp-block-media-text has-media-on-the-right is-stacked-on-mobile\" style=\"grid-template-columns:auto 39%\"><div class=\"wp-block-media-text__content\">\n<p>Franz Reinisch era um homem de palavras claras e consequ\u00eancias intransigentes. Ele unia seu amor por Schoenstatt a um compromisso apaixonado com a verdade e a consci\u00eancia. Ele foi o \u00fanico padre cat\u00f3lico que se recusou a jurar fidelidade a Hitler. Ele disse: \u201cTem que haver pessoas que protestem contra o abuso de autoridade; e eu me sinto chamado a fazer esse protesto\u201d. Apesar de todas as tentativas de persuas\u00e3o, ele permaneceu firme \u2013 sabendo que estava arriscando sua vida. Quando chegou realmente o momento de arriscar sua vida, ele seguiu sua consci\u00eancia, oferecendo sua vida pelo pre\u00e7o mais alto poss\u00edvel. Ele a sacrificou com a convic\u00e7\u00e3o de que seu sangue poderia contribuir para uma renova\u00e7\u00e3o da f\u00e9 na Alemanha e na Europa. Assim, ele acendeu na terra das trevas, Berlim, a chama de um amor que brilha at\u00e9 hoje.<\/p>\n<\/div><figure class=\"wp-block-media-text__media\"><img decoding=\"async\" src=\"https:\/\/schoenstatt.com\/wp-content\/uploads\/2025\/09\/Franz-Reinisch.jpg\" alt=\"\" class=\"wp-image-64361 size-full\"\/><\/figure><\/div>\n\n\n\n<div style=\"height:47px\" aria-hidden=\"true\" class=\"wp-block-spacer\"><\/div>\n\n\n\n<hr class=\"wp-block-separator has-text-color has-alpha-channel-opacity has-background\" style=\"background-color:#eb7826;color:#eb7826\"\/>\n\n\n\n<div style=\"height:57px\" aria-hidden=\"true\" class=\"wp-block-spacer\"><\/div>\n\n\n\n<h3 class=\"wp-block-heading\" id=\"h-a-autenticidade-como-caminho-para-a-santidade\">A autenticidade como caminho para a santidade<\/h3>\n\n\n\n<p>What connects these three figures? They all responded with their lives to Kentenich&#8217;s invitation to<strong><em> &#8220;give saints to the world.&#8221; <\/em><\/strong>Their personalities were by no means smooth or conformist; some aspects of them seemed edgy, unusual, or provocative. But it was precisely through this authenticity, purified and elevated by grace, that they became unmistakable figures of holiness.<\/p>\n\n\n\n<p>Their testimony shows that authenticity is more than a modern buzzword. It is a spiritual path. Those who dare to place themselves in God&#8217;s hands, with all their idiosyncrasies, discover not only a personal originality within themselves but also become a building block for the renewal of the Church and society.<\/p>\n\n\n\n<p><strong>Foto destacada: <\/strong>Guilherme Brum \/ PMSM<\/p>\n\n\n\n<p><strong>Tradu\u00e7\u00e3o:<\/strong> Karen Bueno<\/p>\n","protected":false},"excerpt":{"rendered":"<p>Tr\u00eas figuras que responderam com suas vidas ao convite de Kentenich: devemos \u201cdar santos ao mundo\u201d. Voc\u00ea tamb\u00e9m aceita este convite?<\/p>\n","protected":false},"author":3,"featured_media":63725,"comment_status":"closed","ping_status":"closed","sticky":false,"template":"","format":"standard","meta":{"footnotes":""},"categories":[888,665],"tags":[1171],"class_list":["post-64374","post","type-post","status-publish","format-standard","has-post-thumbnail","hentry","category-herois-de-schoenstatt-pt-pt","category-juventude-pt-pt","tag-herois-de-schoenstatt-pt-pt"],"yoast_head":"<!-- This site is optimized with the Yoast SEO Premium plugin v27.4 (Yoast SEO v27.4) - https:\/\/yoast.com\/product\/yoast-seo-premium-wordpress\/ -->\n<title>Her\u00f3is da autenticidade \u2013 O que podemos aprender com eles - Schoenstatt<\/title>\n<meta name=\"description\" content=\"Tr\u00eas figuras que responderam com suas vidas ao convite de Kentenich: devemos \u201cdar santos ao mundo\u201d. Voc\u00ea tamb\u00e9m aceita este convite?\" \/>\n<meta name=\"robots\" content=\"index, follow, max-snippet:-1, max-image-preview:large, max-video-preview:-1\" \/>\n<link rel=\"canonical\" href=\"https:\/\/schoenstatt.com\/pt-pt\/herois-da-autenticidade-o-que-podemos-aprender-com-eles\/\" \/>\n<meta property=\"og:locale\" content=\"pt_PT\" \/>\n<meta property=\"og:type\" content=\"article\" \/>\n<meta property=\"og:title\" content=\"Her\u00f3is da autenticidade \u2013 O que podemos aprender com eles\" \/>\n<meta property=\"og:description\" content=\"Tr\u00eas figuras que responderam com suas vidas ao convite de Kentenich: devemos \u201cdar santos ao mundo\u201d. Voc\u00ea tamb\u00e9m aceita este convite?\" \/>\n<meta property=\"og:url\" content=\"https:\/\/schoenstatt.com\/pt-pt\/herois-da-autenticidade-o-que-podemos-aprender-com-eles\/\" \/>\n<meta property=\"og:site_name\" content=\"Schoenstatt\" \/>\n<meta property=\"article:published_time\" content=\"2025-09-25T01:03:00+00:00\" \/>\n<meta property=\"og:image\" content=\"https:\/\/schoenstatt.com\/wp-content\/uploads\/2025\/09\/Light-luz-fuego-fire.jpg\" \/>\n\t<meta property=\"og:image:width\" content=\"2048\" \/>\n\t<meta property=\"og:image:height\" content=\"1366\" \/>\n\t<meta property=\"og:image:type\" content=\"image\/jpeg\" \/>\n<meta name=\"author\" content=\"Karen Bueno\" \/>\n<meta name=\"twitter:card\" content=\"summary_large_image\" \/>\n<meta name=\"twitter:label1\" content=\"Escrito por\" \/>\n\t<meta name=\"twitter:data1\" content=\"Karen Bueno\" \/>\n\t<meta name=\"twitter:label2\" content=\"Tempo estimado de leitura\" \/>\n\t<meta name=\"twitter:data2\" content=\"6 minutos\" \/>\n<script type=\"application\/ld+json\" class=\"yoast-schema-graph\">{\"@context\":\"https:\\\/\\\/schema.org\",\"@graph\":[{\"@type\":\"Article\",\"@id\":\"https:\\\/\\\/schoenstatt.com\\\/pt-pt\\\/herois-da-autenticidade-o-que-podemos-aprender-com-eles\\\/#article\",\"isPartOf\":{\"@id\":\"https:\\\/\\\/schoenstatt.com\\\/pt-pt\\\/herois-da-autenticidade-o-que-podemos-aprender-com-eles\\\/\"},\"author\":{\"name\":\"Karen Bueno\",\"@id\":\"https:\\\/\\\/schoenstatt.com\\\/pt-pt\\\/#\\\/schema\\\/person\\\/5158877ad4acae98b34daaeef2a1ce6e\"},\"headline\":\"Her\u00f3is da autenticidade \u2013 O que podemos aprender com eles\",\"datePublished\":\"2025-09-25T01:03:00+00:00\",\"mainEntityOfPage\":{\"@id\":\"https:\\\/\\\/schoenstatt.com\\\/pt-pt\\\/herois-da-autenticidade-o-que-podemos-aprender-com-eles\\\/\"},\"wordCount\":949,\"publisher\":{\"@id\":\"https:\\\/\\\/schoenstatt.com\\\/pt-pt\\\/#organization\"},\"image\":{\"@id\":\"https:\\\/\\\/schoenstatt.com\\\/pt-pt\\\/herois-da-autenticidade-o-que-podemos-aprender-com-eles\\\/#primaryimage\"},\"thumbnailUrl\":\"https:\\\/\\\/schoenstatt.com\\\/wp-content\\\/uploads\\\/2025\\\/09\\\/Light-luz-fuego-fire.jpg\",\"keywords\":[\"Her\u00f3is de Schoenstatt\"],\"articleSection\":[\"Her\u00f3is de Schoenstatt\",\"Juventude\"],\"inLanguage\":\"pt-PT\"},{\"@type\":\"WebPage\",\"@id\":\"https:\\\/\\\/schoenstatt.com\\\/pt-pt\\\/herois-da-autenticidade-o-que-podemos-aprender-com-eles\\\/\",\"url\":\"https:\\\/\\\/schoenstatt.com\\\/pt-pt\\\/herois-da-autenticidade-o-que-podemos-aprender-com-eles\\\/\",\"name\":\"Her\u00f3is da autenticidade \u2013 O que podemos aprender com eles - Schoenstatt\",\"isPartOf\":{\"@id\":\"https:\\\/\\\/schoenstatt.com\\\/pt-pt\\\/#website\"},\"primaryImageOfPage\":{\"@id\":\"https:\\\/\\\/schoenstatt.com\\\/pt-pt\\\/herois-da-autenticidade-o-que-podemos-aprender-com-eles\\\/#primaryimage\"},\"image\":{\"@id\":\"https:\\\/\\\/schoenstatt.com\\\/pt-pt\\\/herois-da-autenticidade-o-que-podemos-aprender-com-eles\\\/#primaryimage\"},\"thumbnailUrl\":\"https:\\\/\\\/schoenstatt.com\\\/wp-content\\\/uploads\\\/2025\\\/09\\\/Light-luz-fuego-fire.jpg\",\"datePublished\":\"2025-09-25T01:03:00+00:00\",\"description\":\"Tr\u00eas figuras que responderam com suas vidas ao convite de Kentenich: devemos \u201cdar santos ao mundo\u201d. Voc\u00ea tamb\u00e9m aceita este convite?\",\"breadcrumb\":{\"@id\":\"https:\\\/\\\/schoenstatt.com\\\/pt-pt\\\/herois-da-autenticidade-o-que-podemos-aprender-com-eles\\\/#breadcrumb\"},\"inLanguage\":\"pt-PT\",\"potentialAction\":[{\"@type\":\"ReadAction\",\"target\":[\"https:\\\/\\\/schoenstatt.com\\\/pt-pt\\\/herois-da-autenticidade-o-que-podemos-aprender-com-eles\\\/\"]}]},{\"@type\":\"ImageObject\",\"inLanguage\":\"pt-PT\",\"@id\":\"https:\\\/\\\/schoenstatt.com\\\/pt-pt\\\/herois-da-autenticidade-o-que-podemos-aprender-com-eles\\\/#primaryimage\",\"url\":\"https:\\\/\\\/schoenstatt.com\\\/wp-content\\\/uploads\\\/2025\\\/09\\\/Light-luz-fuego-fire.jpg\",\"contentUrl\":\"https:\\\/\\\/schoenstatt.com\\\/wp-content\\\/uploads\\\/2025\\\/09\\\/Light-luz-fuego-fire.jpg\",\"width\":2048,\"height\":1366},{\"@type\":\"BreadcrumbList\",\"@id\":\"https:\\\/\\\/schoenstatt.com\\\/pt-pt\\\/herois-da-autenticidade-o-que-podemos-aprender-com-eles\\\/#breadcrumb\",\"itemListElement\":[{\"@type\":\"ListItem\",\"position\":1,\"name\":\"Portada\",\"item\":\"https:\\\/\\\/schoenstatt.com\\\/pt-pt\\\/home\\\/\"},{\"@type\":\"ListItem\",\"position\":2,\"name\":\"Her\u00f3is da autenticidade \u2013 O que podemos aprender com eles\"}]},{\"@type\":\"WebSite\",\"@id\":\"https:\\\/\\\/schoenstatt.com\\\/pt-pt\\\/#website\",\"url\":\"https:\\\/\\\/schoenstatt.com\\\/pt-pt\\\/\",\"name\":\"Schoenstatt\",\"description\":\"Apostolic Movement\",\"publisher\":{\"@id\":\"https:\\\/\\\/schoenstatt.com\\\/pt-pt\\\/#organization\"},\"potentialAction\":[{\"@type\":\"SearchAction\",\"target\":{\"@type\":\"EntryPoint\",\"urlTemplate\":\"https:\\\/\\\/schoenstatt.com\\\/pt-pt\\\/?s={search_term_string}\"},\"query-input\":{\"@type\":\"PropertyValueSpecification\",\"valueRequired\":true,\"valueName\":\"search_term_string\"}}],\"inLanguage\":\"pt-PT\"},{\"@type\":\"Organization\",\"@id\":\"https:\\\/\\\/schoenstatt.com\\\/pt-pt\\\/#organization\",\"name\":\"Schoenstatt\",\"url\":\"https:\\\/\\\/schoenstatt.com\\\/pt-pt\\\/\",\"logo\":{\"@type\":\"ImageObject\",\"inLanguage\":\"pt-PT\",\"@id\":\"https:\\\/\\\/schoenstatt.com\\\/pt-pt\\\/#\\\/schema\\\/logo\\\/image\\\/\",\"url\":\"https:\\\/\\\/schoenstatt.com\\\/wp-content\\\/uploads\\\/2025\\\/04\\\/logo-schoenstatt-white-696x696-1.png\",\"contentUrl\":\"https:\\\/\\\/schoenstatt.com\\\/wp-content\\\/uploads\\\/2025\\\/04\\\/logo-schoenstatt-white-696x696-1.png\",\"width\":696,\"height\":694,\"caption\":\"Schoenstatt\"},\"image\":{\"@id\":\"https:\\\/\\\/schoenstatt.com\\\/pt-pt\\\/#\\\/schema\\\/logo\\\/image\\\/\"}},{\"@type\":\"Person\",\"@id\":\"https:\\\/\\\/schoenstatt.com\\\/pt-pt\\\/#\\\/schema\\\/person\\\/5158877ad4acae98b34daaeef2a1ce6e\",\"name\":\"Karen Bueno\",\"image\":{\"@type\":\"ImageObject\",\"inLanguage\":\"pt-PT\",\"@id\":\"https:\\\/\\\/secure.gravatar.com\\\/avatar\\\/f9f4b823873154269d2b2130f195f6d41037dd0d7fc5f3cacb5c846bae70d66b?s=96&d=mm&r=g\",\"url\":\"https:\\\/\\\/secure.gravatar.com\\\/avatar\\\/f9f4b823873154269d2b2130f195f6d41037dd0d7fc5f3cacb5c846bae70d66b?s=96&d=mm&r=g\",\"contentUrl\":\"https:\\\/\\\/secure.gravatar.com\\\/avatar\\\/f9f4b823873154269d2b2130f195f6d41037dd0d7fc5f3cacb5c846bae70d66b?s=96&d=mm&r=g\",\"caption\":\"Karen Bueno\"},\"url\":\"https:\\\/\\\/schoenstatt.com\\\/pt-pt\\\/author\\\/karen-bueno\\\/\"}]}<\/script>\n<!-- \/ Yoast SEO Premium plugin. -->","yoast_head_json":{"title":"Her\u00f3is da autenticidade \u2013 O que podemos aprender com eles - Schoenstatt","description":"Tr\u00eas figuras que responderam com suas vidas ao convite de Kentenich: devemos \u201cdar santos ao mundo\u201d. Voc\u00ea tamb\u00e9m aceita este convite?","robots":{"index":"index","follow":"follow","max-snippet":"max-snippet:-1","max-image-preview":"max-image-preview:large","max-video-preview":"max-video-preview:-1"},"canonical":"https:\/\/schoenstatt.com\/pt-pt\/herois-da-autenticidade-o-que-podemos-aprender-com-eles\/","og_locale":"pt_PT","og_type":"article","og_title":"Her\u00f3is da autenticidade \u2013 O que podemos aprender com eles","og_description":"Tr\u00eas figuras que responderam com suas vidas ao convite de Kentenich: devemos \u201cdar santos ao mundo\u201d. Voc\u00ea tamb\u00e9m aceita este convite?","og_url":"https:\/\/schoenstatt.com\/pt-pt\/herois-da-autenticidade-o-que-podemos-aprender-com-eles\/","og_site_name":"Schoenstatt","article_published_time":"2025-09-25T01:03:00+00:00","og_image":[{"width":2048,"height":1366,"url":"https:\/\/schoenstatt.com\/wp-content\/uploads\/2025\/09\/Light-luz-fuego-fire.jpg","type":"image\/jpeg"}],"author":"Karen Bueno","twitter_card":"summary_large_image","twitter_misc":{"Escrito por":"Karen Bueno","Tempo estimado de leitura":"6 minutos"},"schema":{"@context":"https:\/\/schema.org","@graph":[{"@type":"Article","@id":"https:\/\/schoenstatt.com\/pt-pt\/herois-da-autenticidade-o-que-podemos-aprender-com-eles\/#article","isPartOf":{"@id":"https:\/\/schoenstatt.com\/pt-pt\/herois-da-autenticidade-o-que-podemos-aprender-com-eles\/"},"author":{"name":"Karen Bueno","@id":"https:\/\/schoenstatt.com\/pt-pt\/#\/schema\/person\/5158877ad4acae98b34daaeef2a1ce6e"},"headline":"Her\u00f3is da autenticidade \u2013 O que podemos aprender com eles","datePublished":"2025-09-25T01:03:00+00:00","mainEntityOfPage":{"@id":"https:\/\/schoenstatt.com\/pt-pt\/herois-da-autenticidade-o-que-podemos-aprender-com-eles\/"},"wordCount":949,"publisher":{"@id":"https:\/\/schoenstatt.com\/pt-pt\/#organization"},"image":{"@id":"https:\/\/schoenstatt.com\/pt-pt\/herois-da-autenticidade-o-que-podemos-aprender-com-eles\/#primaryimage"},"thumbnailUrl":"https:\/\/schoenstatt.com\/wp-content\/uploads\/2025\/09\/Light-luz-fuego-fire.jpg","keywords":["Her\u00f3is de Schoenstatt"],"articleSection":["Her\u00f3is de Schoenstatt","Juventude"],"inLanguage":"pt-PT"},{"@type":"WebPage","@id":"https:\/\/schoenstatt.com\/pt-pt\/herois-da-autenticidade-o-que-podemos-aprender-com-eles\/","url":"https:\/\/schoenstatt.com\/pt-pt\/herois-da-autenticidade-o-que-podemos-aprender-com-eles\/","name":"Her\u00f3is da autenticidade \u2013 O que podemos aprender com eles - Schoenstatt","isPartOf":{"@id":"https:\/\/schoenstatt.com\/pt-pt\/#website"},"primaryImageOfPage":{"@id":"https:\/\/schoenstatt.com\/pt-pt\/herois-da-autenticidade-o-que-podemos-aprender-com-eles\/#primaryimage"},"image":{"@id":"https:\/\/schoenstatt.com\/pt-pt\/herois-da-autenticidade-o-que-podemos-aprender-com-eles\/#primaryimage"},"thumbnailUrl":"https:\/\/schoenstatt.com\/wp-content\/uploads\/2025\/09\/Light-luz-fuego-fire.jpg","datePublished":"2025-09-25T01:03:00+00:00","description":"Tr\u00eas figuras que responderam com suas vidas ao convite de Kentenich: devemos \u201cdar santos ao mundo\u201d. Voc\u00ea tamb\u00e9m aceita este convite?","breadcrumb":{"@id":"https:\/\/schoenstatt.com\/pt-pt\/herois-da-autenticidade-o-que-podemos-aprender-com-eles\/#breadcrumb"},"inLanguage":"pt-PT","potentialAction":[{"@type":"ReadAction","target":["https:\/\/schoenstatt.com\/pt-pt\/herois-da-autenticidade-o-que-podemos-aprender-com-eles\/"]}]},{"@type":"ImageObject","inLanguage":"pt-PT","@id":"https:\/\/schoenstatt.com\/pt-pt\/herois-da-autenticidade-o-que-podemos-aprender-com-eles\/#primaryimage","url":"https:\/\/schoenstatt.com\/wp-content\/uploads\/2025\/09\/Light-luz-fuego-fire.jpg","contentUrl":"https:\/\/schoenstatt.com\/wp-content\/uploads\/2025\/09\/Light-luz-fuego-fire.jpg","width":2048,"height":1366},{"@type":"BreadcrumbList","@id":"https:\/\/schoenstatt.com\/pt-pt\/herois-da-autenticidade-o-que-podemos-aprender-com-eles\/#breadcrumb","itemListElement":[{"@type":"ListItem","position":1,"name":"Portada","item":"https:\/\/schoenstatt.com\/pt-pt\/home\/"},{"@type":"ListItem","position":2,"name":"Her\u00f3is da autenticidade \u2013 O que podemos aprender com eles"}]},{"@type":"WebSite","@id":"https:\/\/schoenstatt.com\/pt-pt\/#website","url":"https:\/\/schoenstatt.com\/pt-pt\/","name":"Schoenstatt","description":"Apostolic Movement","publisher":{"@id":"https:\/\/schoenstatt.com\/pt-pt\/#organization"},"potentialAction":[{"@type":"SearchAction","target":{"@type":"EntryPoint","urlTemplate":"https:\/\/schoenstatt.com\/pt-pt\/?s={search_term_string}"},"query-input":{"@type":"PropertyValueSpecification","valueRequired":true,"valueName":"search_term_string"}}],"inLanguage":"pt-PT"},{"@type":"Organization","@id":"https:\/\/schoenstatt.com\/pt-pt\/#organization","name":"Schoenstatt","url":"https:\/\/schoenstatt.com\/pt-pt\/","logo":{"@type":"ImageObject","inLanguage":"pt-PT","@id":"https:\/\/schoenstatt.com\/pt-pt\/#\/schema\/logo\/image\/","url":"https:\/\/schoenstatt.com\/wp-content\/uploads\/2025\/04\/logo-schoenstatt-white-696x696-1.png","contentUrl":"https:\/\/schoenstatt.com\/wp-content\/uploads\/2025\/04\/logo-schoenstatt-white-696x696-1.png","width":696,"height":694,"caption":"Schoenstatt"},"image":{"@id":"https:\/\/schoenstatt.com\/pt-pt\/#\/schema\/logo\/image\/"}},{"@type":"Person","@id":"https:\/\/schoenstatt.com\/pt-pt\/#\/schema\/person\/5158877ad4acae98b34daaeef2a1ce6e","name":"Karen Bueno","image":{"@type":"ImageObject","inLanguage":"pt-PT","@id":"https:\/\/secure.gravatar.com\/avatar\/f9f4b823873154269d2b2130f195f6d41037dd0d7fc5f3cacb5c846bae70d66b?s=96&d=mm&r=g","url":"https:\/\/secure.gravatar.com\/avatar\/f9f4b823873154269d2b2130f195f6d41037dd0d7fc5f3cacb5c846bae70d66b?s=96&d=mm&r=g","contentUrl":"https:\/\/secure.gravatar.com\/avatar\/f9f4b823873154269d2b2130f195f6d41037dd0d7fc5f3cacb5c846bae70d66b?s=96&d=mm&r=g","caption":"Karen Bueno"},"url":"https:\/\/schoenstatt.com\/pt-pt\/author\/karen-bueno\/"}]}},"_links":{"self":[{"href":"https:\/\/schoenstatt.com\/pt-pt\/wp-json\/wp\/v2\/posts\/64374","targetHints":{"allow":["GET"]}}],"collection":[{"href":"https:\/\/schoenstatt.com\/pt-pt\/wp-json\/wp\/v2\/posts"}],"about":[{"href":"https:\/\/schoenstatt.com\/pt-pt\/wp-json\/wp\/v2\/types\/post"}],"author":[{"embeddable":true,"href":"https:\/\/schoenstatt.com\/pt-pt\/wp-json\/wp\/v2\/users\/3"}],"replies":[{"embeddable":true,"href":"https:\/\/schoenstatt.com\/pt-pt\/wp-json\/wp\/v2\/comments?post=64374"}],"version-history":[{"count":2,"href":"https:\/\/schoenstatt.com\/pt-pt\/wp-json\/wp\/v2\/posts\/64374\/revisions"}],"predecessor-version":[{"id":64376,"href":"https:\/\/schoenstatt.com\/pt-pt\/wp-json\/wp\/v2\/posts\/64374\/revisions\/64376"}],"wp:featuredmedia":[{"embeddable":true,"href":"https:\/\/schoenstatt.com\/pt-pt\/wp-json\/wp\/v2\/media\/63725"}],"wp:attachment":[{"href":"https:\/\/schoenstatt.com\/pt-pt\/wp-json\/wp\/v2\/media?parent=64374"}],"wp:term":[{"taxonomy":"category","embeddable":true,"href":"https:\/\/schoenstatt.com\/pt-pt\/wp-json\/wp\/v2\/categories?post=64374"},{"taxonomy":"post_tag","embeddable":true,"href":"https:\/\/schoenstatt.com\/pt-pt\/wp-json\/wp\/v2\/tags?post=64374"}],"curies":[{"name":"wp","href":"https:\/\/api.w.org\/{rel}","templated":true}]}}