{"id":63485,"date":"2025-09-06T03:03:00","date_gmt":"2025-09-06T01:03:00","guid":{"rendered":"https:\/\/schoenstatt.com\/?p=63485"},"modified":"2025-09-05T20:30:24","modified_gmt":"2025-09-05T18:30:24","slug":"transmissoes-ao-vivo-acompanhe-o-congresso-internacional-da-campanha-da-mae-peregrina","status":"publish","type":"post","link":"https:\/\/schoenstatt.com\/pt-pt\/transmissoes-ao-vivo-acompanhe-o-congresso-internacional-da-campanha-da-mae-peregrina\/","title":{"rendered":"Transmiss\u00f5es ao vivo: Acompanhe o Congresso Internacional da Campanha da M\u00e3e Peregrina"},"content":{"rendered":"\n<p>Come\u00e7a no pr\u00f3ximo dia 10 de setembro o Congresso Internacional da Campanha da M\u00e3e Peregrina de Schoenstatt, que ser\u00e1 realizado no Brasil, em Santa Maria, no lugar de origem deste apostolado.<\/p>\n\n\n\n<p>Estar\u00e3o presentes representantes de 25 na\u00e7\u00f5es, para debater em conjunto a identidade e o futuro da Campanha, ao mesmo tempo em que celebram os 75 anos deste trabalho mission\u00e1rio.<\/p>\n\n\n\n<p>Alguns momentos centrais do encontro ser\u00e3o transmitidos ao vivo pelo Youtube.<\/p>\n\n\n\n<p>A missa de encerramento ser\u00e1 transmitida em um canal de TV aberta para o Brasil e para Portugal, a TV Can\u00e7\u00e3o Nova.<\/p>\n\n\n\n<h3 class=\"wp-block-heading\" id=\"h-fique-atento-e-participe-junto-desses-momentos-de-gracas-especiais-horario-do-brasil\">Fique atento e participe junto desses momentos de gra\u00e7as especiais (hor\u00e1rio do Brasil):<\/h3>\n\n\n\n<p><strong>Dia 10 de setembro<\/strong><br><strong>19h30min<\/strong> &#8211; Abertura e prociss\u00e3o luminosa<\/p>\n\n\n\n<p><strong>Dia 11 de setembro<\/strong><br><strong>9h <\/strong>\u2013 Santa Missa<br><strong>Em seguida<\/strong> \u2013 Momento formativo<br>Hoje: olhar da hist\u00f3ria para o futuro \u2013 MISSION\u00c1RIOS DA ESPERAN\u00c7A<br>Testemunhos \u2013 \u2018Sinais que nos enchem de esperan\u00e7a\u2019<\/p>\n\n\n\n<p><strong>Dia 12 de setembro<\/strong><br><strong>9h<\/strong> \u2013 Santa Missa<br><strong>Em seguida <\/strong>\u2013 Momento formativo<br>Jo\u00e3o Luiz Pozzobon, exemplo de mission\u00e1rio da esperan\u00e7a, que motiva a Campanha da M\u00e3e Peregrina rumo ao futuro<\/p>\n\n\n\n<p><strong>Transmiss\u00f5es pelo Youtube, no canal do Santu\u00e1rio Tabor<\/strong> \u2013 <a href=\"https:\/\/www.youtube.com\/@santuariotaborsm\" target=\"_blank\" rel=\"noreferrer noopener\">https:\/\/www.youtube.com\/@santuariotaborsm<\/a><\/p>\n\n\n\n<hr class=\"wp-block-separator has-text-color has-alpha-channel-opacity has-background\" style=\"background-color:#e66b13;color:#e66b13\"\/>\n\n\n\n<p><strong>Dia 14 de setembro<br>10h <\/strong>\u2013 Santa Missa no altar Monumento de Nossa Senhora Medianeira e renova\u00e7\u00e3o da coroa\u00e7\u00e3o das imagens peregrinas<\/p>\n\n\n\n<p><strong>Transmiss\u00e3o pela TV Can\u00e7\u00e3o Nova (para o Brasil e para Portugal) e pelo Youtube da Can\u00e7\u00e3o Nova<\/strong> &#8211; <a href=\"https:\/\/www.youtube.com\/@tvcancaonova\" target=\"_blank\" rel=\"noreferrer noopener\">https:\/\/www.youtube.com\/@tvcancaonova<\/a><\/p>\n","protected":false},"excerpt":{"rendered":"<p>Veja quando e onde ser\u00e3o transmitidos os eventos centrais do Congresso Internacional da Campanha da M\u00e3e Peregrina<\/p>\n","protected":false},"author":3,"featured_media":59924,"comment_status":"closed","ping_status":"closed","sticky":false,"template":"","format":"standard","meta":{"footnotes":""},"categories":[425],"tags":[1088,1135],"class_list":["post-63485","post","type-post","status-publish","format-standard","has-post-thumbnail","hentry","category-mae-peregrina-pt-pt","tag-campanha-da-mae-peregrina-pt-pt","tag-schoenstatt-brasil-pt-pt"],"yoast_head":"<!-- This site is optimized with the Yoast SEO Premium plugin v27.4 (Yoast SEO v27.5) - https:\/\/yoast.com\/product\/yoast-seo-premium-wordpress\/ -->\n<title>Transmiss\u00f5es ao vivo: Acompanhe o Congresso Internacional da Campanha da M\u00e3e Peregrina<\/title>\n<meta name=\"description\" content=\"Veja quando e onde ser\u00e3o transmitidos os eventos centrais do Congresso Internacional da Campanha da M\u00e3e Peregrina\" \/>\n<meta name=\"robots\" content=\"index, follow, max-snippet:-1, max-image-preview:large, max-video-preview:-1\" \/>\n<link rel=\"canonical\" href=\"https:\/\/schoenstatt.com\/pt-pt\/transmissoes-ao-vivo-acompanhe-o-congresso-internacional-da-campanha-da-mae-peregrina\/\" \/>\n<meta property=\"og:locale\" content=\"pt_PT\" \/>\n<meta property=\"og:type\" content=\"article\" \/>\n<meta property=\"og:title\" content=\"Transmiss\u00f5es ao vivo: Acompanhe o Congresso Internacional da Campanha da M\u00e3e Peregrina\" \/>\n<meta property=\"og:description\" content=\"Veja quando e onde ser\u00e3o transmitidos os eventos centrais do Congresso Internacional da Campanha da M\u00e3e Peregrina\" \/>\n<meta property=\"og:url\" content=\"https:\/\/schoenstatt.com\/pt-pt\/transmissoes-ao-vivo-acompanhe-o-congresso-internacional-da-campanha-da-mae-peregrina\/\" \/>\n<meta property=\"og:site_name\" content=\"Schoenstatt\" \/>\n<meta property=\"article:published_time\" content=\"2025-09-06T01:03:00+00:00\" \/>\n<meta property=\"og:image\" content=\"https:\/\/schoenstatt.com\/wp-content\/uploads\/2025\/06\/Pilgrim-Mother-Apostolate-Luxembourg.jpg\" \/>\n\t<meta property=\"og:image:width\" content=\"1600\" \/>\n\t<meta property=\"og:image:height\" content=\"1065\" \/>\n\t<meta property=\"og:image:type\" content=\"image\/jpeg\" \/>\n<meta name=\"author\" content=\"Karen Bueno\" \/>\n<meta name=\"twitter:card\" content=\"summary_large_image\" \/>\n<meta name=\"twitter:label1\" content=\"Escrito por\" \/>\n\t<meta name=\"twitter:data1\" content=\"Karen Bueno\" \/>\n\t<meta name=\"twitter:label2\" content=\"Tempo estimado de leitura\" \/>\n\t<meta name=\"twitter:data2\" content=\"2 minutos\" \/>\n<script type=\"application\/ld+json\" class=\"yoast-schema-graph\">{\"@context\":\"https:\\\/\\\/schema.org\",\"@graph\":[{\"@type\":\"Article\",\"@id\":\"https:\\\/\\\/schoenstatt.com\\\/pt-pt\\\/transmissoes-ao-vivo-acompanhe-o-congresso-internacional-da-campanha-da-mae-peregrina\\\/#article\",\"isPartOf\":{\"@id\":\"https:\\\/\\\/schoenstatt.com\\\/pt-pt\\\/transmissoes-ao-vivo-acompanhe-o-congresso-internacional-da-campanha-da-mae-peregrina\\\/\"},\"author\":{\"name\":\"Karen Bueno\",\"@id\":\"https:\\\/\\\/schoenstatt.com\\\/pt-pt\\\/#\\\/schema\\\/person\\\/5158877ad4acae98b34daaeef2a1ce6e\"},\"headline\":\"Transmiss\u00f5es ao vivo: Acompanhe o Congresso Internacional da Campanha da M\u00e3e Peregrina\",\"datePublished\":\"2025-09-06T01:03:00+00:00\",\"mainEntityOfPage\":{\"@id\":\"https:\\\/\\\/schoenstatt.com\\\/pt-pt\\\/transmissoes-ao-vivo-acompanhe-o-congresso-internacional-da-campanha-da-mae-peregrina\\\/\"},\"wordCount\":261,\"publisher\":{\"@id\":\"https:\\\/\\\/schoenstatt.com\\\/pt-pt\\\/#organization\"},\"image\":{\"@id\":\"https:\\\/\\\/schoenstatt.com\\\/pt-pt\\\/transmissoes-ao-vivo-acompanhe-o-congresso-internacional-da-campanha-da-mae-peregrina\\\/#primaryimage\"},\"thumbnailUrl\":\"https:\\\/\\\/schoenstatt.com\\\/wp-content\\\/uploads\\\/2025\\\/06\\\/Pilgrim-Mother-Apostolate-Luxembourg.jpg\",\"keywords\":[\"Campanha da M\u00e3e Peregrina\",\"Schoenstatt Brasil\"],\"articleSection\":[\"M\u00e3e Peregrina\"],\"inLanguage\":\"pt-PT\"},{\"@type\":\"WebPage\",\"@id\":\"https:\\\/\\\/schoenstatt.com\\\/pt-pt\\\/transmissoes-ao-vivo-acompanhe-o-congresso-internacional-da-campanha-da-mae-peregrina\\\/\",\"url\":\"https:\\\/\\\/schoenstatt.com\\\/pt-pt\\\/transmissoes-ao-vivo-acompanhe-o-congresso-internacional-da-campanha-da-mae-peregrina\\\/\",\"name\":\"Transmiss\u00f5es ao vivo: Acompanhe o Congresso Internacional da Campanha da M\u00e3e Peregrina\",\"isPartOf\":{\"@id\":\"https:\\\/\\\/schoenstatt.com\\\/pt-pt\\\/#website\"},\"primaryImageOfPage\":{\"@id\":\"https:\\\/\\\/schoenstatt.com\\\/pt-pt\\\/transmissoes-ao-vivo-acompanhe-o-congresso-internacional-da-campanha-da-mae-peregrina\\\/#primaryimage\"},\"image\":{\"@id\":\"https:\\\/\\\/schoenstatt.com\\\/pt-pt\\\/transmissoes-ao-vivo-acompanhe-o-congresso-internacional-da-campanha-da-mae-peregrina\\\/#primaryimage\"},\"thumbnailUrl\":\"https:\\\/\\\/schoenstatt.com\\\/wp-content\\\/uploads\\\/2025\\\/06\\\/Pilgrim-Mother-Apostolate-Luxembourg.jpg\",\"datePublished\":\"2025-09-06T01:03:00+00:00\",\"description\":\"Veja quando e onde ser\u00e3o transmitidos os eventos centrais do Congresso Internacional da Campanha da M\u00e3e Peregrina\",\"breadcrumb\":{\"@id\":\"https:\\\/\\\/schoenstatt.com\\\/pt-pt\\\/transmissoes-ao-vivo-acompanhe-o-congresso-internacional-da-campanha-da-mae-peregrina\\\/#breadcrumb\"},\"inLanguage\":\"pt-PT\",\"potentialAction\":[{\"@type\":\"ReadAction\",\"target\":[\"https:\\\/\\\/schoenstatt.com\\\/pt-pt\\\/transmissoes-ao-vivo-acompanhe-o-congresso-internacional-da-campanha-da-mae-peregrina\\\/\"]}]},{\"@type\":\"ImageObject\",\"inLanguage\":\"pt-PT\",\"@id\":\"https:\\\/\\\/schoenstatt.com\\\/pt-pt\\\/transmissoes-ao-vivo-acompanhe-o-congresso-internacional-da-campanha-da-mae-peregrina\\\/#primaryimage\",\"url\":\"https:\\\/\\\/schoenstatt.com\\\/wp-content\\\/uploads\\\/2025\\\/06\\\/Pilgrim-Mother-Apostolate-Luxembourg.jpg\",\"contentUrl\":\"https:\\\/\\\/schoenstatt.com\\\/wp-content\\\/uploads\\\/2025\\\/06\\\/Pilgrim-Mother-Apostolate-Luxembourg.jpg\",\"width\":1600,\"height\":1065},{\"@type\":\"BreadcrumbList\",\"@id\":\"https:\\\/\\\/schoenstatt.com\\\/pt-pt\\\/transmissoes-ao-vivo-acompanhe-o-congresso-internacional-da-campanha-da-mae-peregrina\\\/#breadcrumb\",\"itemListElement\":[{\"@type\":\"ListItem\",\"position\":1,\"name\":\"Portada\",\"item\":\"https:\\\/\\\/schoenstatt.com\\\/pt-pt\\\/home\\\/\"},{\"@type\":\"ListItem\",\"position\":2,\"name\":\"Transmiss\u00f5es ao vivo: Acompanhe o Congresso Internacional da Campanha da M\u00e3e Peregrina\"}]},{\"@type\":\"WebSite\",\"@id\":\"https:\\\/\\\/schoenstatt.com\\\/pt-pt\\\/#website\",\"url\":\"https:\\\/\\\/schoenstatt.com\\\/pt-pt\\\/\",\"name\":\"Schoenstatt\",\"description\":\"Apostolic Movement\",\"publisher\":{\"@id\":\"https:\\\/\\\/schoenstatt.com\\\/pt-pt\\\/#organization\"},\"potentialAction\":[{\"@type\":\"SearchAction\",\"target\":{\"@type\":\"EntryPoint\",\"urlTemplate\":\"https:\\\/\\\/schoenstatt.com\\\/pt-pt\\\/?s={search_term_string}\"},\"query-input\":{\"@type\":\"PropertyValueSpecification\",\"valueRequired\":true,\"valueName\":\"search_term_string\"}}],\"inLanguage\":\"pt-PT\"},{\"@type\":\"Organization\",\"@id\":\"https:\\\/\\\/schoenstatt.com\\\/pt-pt\\\/#organization\",\"name\":\"Schoenstatt\",\"url\":\"https:\\\/\\\/schoenstatt.com\\\/pt-pt\\\/\",\"logo\":{\"@type\":\"ImageObject\",\"inLanguage\":\"pt-PT\",\"@id\":\"https:\\\/\\\/schoenstatt.com\\\/pt-pt\\\/#\\\/schema\\\/logo\\\/image\\\/\",\"url\":\"https:\\\/\\\/schoenstatt.com\\\/wp-content\\\/uploads\\\/2025\\\/04\\\/logo-schoenstatt-white-696x696-1.png\",\"contentUrl\":\"https:\\\/\\\/schoenstatt.com\\\/wp-content\\\/uploads\\\/2025\\\/04\\\/logo-schoenstatt-white-696x696-1.png\",\"width\":696,\"height\":694,\"caption\":\"Schoenstatt\"},\"image\":{\"@id\":\"https:\\\/\\\/schoenstatt.com\\\/pt-pt\\\/#\\\/schema\\\/logo\\\/image\\\/\"}},{\"@type\":\"Person\",\"@id\":\"https:\\\/\\\/schoenstatt.com\\\/pt-pt\\\/#\\\/schema\\\/person\\\/5158877ad4acae98b34daaeef2a1ce6e\",\"name\":\"Karen Bueno\",\"image\":{\"@type\":\"ImageObject\",\"inLanguage\":\"pt-PT\",\"@id\":\"https:\\\/\\\/secure.gravatar.com\\\/avatar\\\/f9f4b823873154269d2b2130f195f6d41037dd0d7fc5f3cacb5c846bae70d66b?s=96&d=mm&r=g\",\"url\":\"https:\\\/\\\/secure.gravatar.com\\\/avatar\\\/f9f4b823873154269d2b2130f195f6d41037dd0d7fc5f3cacb5c846bae70d66b?s=96&d=mm&r=g\",\"contentUrl\":\"https:\\\/\\\/secure.gravatar.com\\\/avatar\\\/f9f4b823873154269d2b2130f195f6d41037dd0d7fc5f3cacb5c846bae70d66b?s=96&d=mm&r=g\",\"caption\":\"Karen Bueno\"},\"url\":\"https:\\\/\\\/schoenstatt.com\\\/pt-pt\\\/author\\\/karen-bueno\\\/\"}]}<\/script>\n<!-- \/ Yoast SEO Premium plugin. -->","yoast_head_json":{"title":"Transmiss\u00f5es ao vivo: Acompanhe o Congresso Internacional da Campanha da M\u00e3e Peregrina","description":"Veja quando e onde ser\u00e3o transmitidos os eventos centrais do Congresso Internacional da Campanha da M\u00e3e Peregrina","robots":{"index":"index","follow":"follow","max-snippet":"max-snippet:-1","max-image-preview":"max-image-preview:large","max-video-preview":"max-video-preview:-1"},"canonical":"https:\/\/schoenstatt.com\/pt-pt\/transmissoes-ao-vivo-acompanhe-o-congresso-internacional-da-campanha-da-mae-peregrina\/","og_locale":"pt_PT","og_type":"article","og_title":"Transmiss\u00f5es ao vivo: Acompanhe o Congresso Internacional da Campanha da M\u00e3e Peregrina","og_description":"Veja quando e onde ser\u00e3o transmitidos os eventos centrais do Congresso Internacional da Campanha da M\u00e3e Peregrina","og_url":"https:\/\/schoenstatt.com\/pt-pt\/transmissoes-ao-vivo-acompanhe-o-congresso-internacional-da-campanha-da-mae-peregrina\/","og_site_name":"Schoenstatt","article_published_time":"2025-09-06T01:03:00+00:00","og_image":[{"width":1600,"height":1065,"url":"https:\/\/schoenstatt.com\/wp-content\/uploads\/2025\/06\/Pilgrim-Mother-Apostolate-Luxembourg.jpg","type":"image\/jpeg"}],"author":"Karen Bueno","twitter_card":"summary_large_image","twitter_misc":{"Escrito por":"Karen Bueno","Tempo estimado de leitura":"2 minutos"},"schema":{"@context":"https:\/\/schema.org","@graph":[{"@type":"Article","@id":"https:\/\/schoenstatt.com\/pt-pt\/transmissoes-ao-vivo-acompanhe-o-congresso-internacional-da-campanha-da-mae-peregrina\/#article","isPartOf":{"@id":"https:\/\/schoenstatt.com\/pt-pt\/transmissoes-ao-vivo-acompanhe-o-congresso-internacional-da-campanha-da-mae-peregrina\/"},"author":{"name":"Karen Bueno","@id":"https:\/\/schoenstatt.com\/pt-pt\/#\/schema\/person\/5158877ad4acae98b34daaeef2a1ce6e"},"headline":"Transmiss\u00f5es ao vivo: Acompanhe o Congresso Internacional da Campanha da M\u00e3e Peregrina","datePublished":"2025-09-06T01:03:00+00:00","mainEntityOfPage":{"@id":"https:\/\/schoenstatt.com\/pt-pt\/transmissoes-ao-vivo-acompanhe-o-congresso-internacional-da-campanha-da-mae-peregrina\/"},"wordCount":261,"publisher":{"@id":"https:\/\/schoenstatt.com\/pt-pt\/#organization"},"image":{"@id":"https:\/\/schoenstatt.com\/pt-pt\/transmissoes-ao-vivo-acompanhe-o-congresso-internacional-da-campanha-da-mae-peregrina\/#primaryimage"},"thumbnailUrl":"https:\/\/schoenstatt.com\/wp-content\/uploads\/2025\/06\/Pilgrim-Mother-Apostolate-Luxembourg.jpg","keywords":["Campanha da M\u00e3e Peregrina","Schoenstatt Brasil"],"articleSection":["M\u00e3e Peregrina"],"inLanguage":"pt-PT"},{"@type":"WebPage","@id":"https:\/\/schoenstatt.com\/pt-pt\/transmissoes-ao-vivo-acompanhe-o-congresso-internacional-da-campanha-da-mae-peregrina\/","url":"https:\/\/schoenstatt.com\/pt-pt\/transmissoes-ao-vivo-acompanhe-o-congresso-internacional-da-campanha-da-mae-peregrina\/","name":"Transmiss\u00f5es ao vivo: Acompanhe o Congresso Internacional da Campanha da M\u00e3e Peregrina","isPartOf":{"@id":"https:\/\/schoenstatt.com\/pt-pt\/#website"},"primaryImageOfPage":{"@id":"https:\/\/schoenstatt.com\/pt-pt\/transmissoes-ao-vivo-acompanhe-o-congresso-internacional-da-campanha-da-mae-peregrina\/#primaryimage"},"image":{"@id":"https:\/\/schoenstatt.com\/pt-pt\/transmissoes-ao-vivo-acompanhe-o-congresso-internacional-da-campanha-da-mae-peregrina\/#primaryimage"},"thumbnailUrl":"https:\/\/schoenstatt.com\/wp-content\/uploads\/2025\/06\/Pilgrim-Mother-Apostolate-Luxembourg.jpg","datePublished":"2025-09-06T01:03:00+00:00","description":"Veja quando e onde ser\u00e3o transmitidos os eventos centrais do Congresso Internacional da Campanha da M\u00e3e Peregrina","breadcrumb":{"@id":"https:\/\/schoenstatt.com\/pt-pt\/transmissoes-ao-vivo-acompanhe-o-congresso-internacional-da-campanha-da-mae-peregrina\/#breadcrumb"},"inLanguage":"pt-PT","potentialAction":[{"@type":"ReadAction","target":["https:\/\/schoenstatt.com\/pt-pt\/transmissoes-ao-vivo-acompanhe-o-congresso-internacional-da-campanha-da-mae-peregrina\/"]}]},{"@type":"ImageObject","inLanguage":"pt-PT","@id":"https:\/\/schoenstatt.com\/pt-pt\/transmissoes-ao-vivo-acompanhe-o-congresso-internacional-da-campanha-da-mae-peregrina\/#primaryimage","url":"https:\/\/schoenstatt.com\/wp-content\/uploads\/2025\/06\/Pilgrim-Mother-Apostolate-Luxembourg.jpg","contentUrl":"https:\/\/schoenstatt.com\/wp-content\/uploads\/2025\/06\/Pilgrim-Mother-Apostolate-Luxembourg.jpg","width":1600,"height":1065},{"@type":"BreadcrumbList","@id":"https:\/\/schoenstatt.com\/pt-pt\/transmissoes-ao-vivo-acompanhe-o-congresso-internacional-da-campanha-da-mae-peregrina\/#breadcrumb","itemListElement":[{"@type":"ListItem","position":1,"name":"Portada","item":"https:\/\/schoenstatt.com\/pt-pt\/home\/"},{"@type":"ListItem","position":2,"name":"Transmiss\u00f5es ao vivo: Acompanhe o Congresso Internacional da Campanha da M\u00e3e Peregrina"}]},{"@type":"WebSite","@id":"https:\/\/schoenstatt.com\/pt-pt\/#website","url":"https:\/\/schoenstatt.com\/pt-pt\/","name":"Schoenstatt","description":"Apostolic Movement","publisher":{"@id":"https:\/\/schoenstatt.com\/pt-pt\/#organization"},"potentialAction":[{"@type":"SearchAction","target":{"@type":"EntryPoint","urlTemplate":"https:\/\/schoenstatt.com\/pt-pt\/?s={search_term_string}"},"query-input":{"@type":"PropertyValueSpecification","valueRequired":true,"valueName":"search_term_string"}}],"inLanguage":"pt-PT"},{"@type":"Organization","@id":"https:\/\/schoenstatt.com\/pt-pt\/#organization","name":"Schoenstatt","url":"https:\/\/schoenstatt.com\/pt-pt\/","logo":{"@type":"ImageObject","inLanguage":"pt-PT","@id":"https:\/\/schoenstatt.com\/pt-pt\/#\/schema\/logo\/image\/","url":"https:\/\/schoenstatt.com\/wp-content\/uploads\/2025\/04\/logo-schoenstatt-white-696x696-1.png","contentUrl":"https:\/\/schoenstatt.com\/wp-content\/uploads\/2025\/04\/logo-schoenstatt-white-696x696-1.png","width":696,"height":694,"caption":"Schoenstatt"},"image":{"@id":"https:\/\/schoenstatt.com\/pt-pt\/#\/schema\/logo\/image\/"}},{"@type":"Person","@id":"https:\/\/schoenstatt.com\/pt-pt\/#\/schema\/person\/5158877ad4acae98b34daaeef2a1ce6e","name":"Karen Bueno","image":{"@type":"ImageObject","inLanguage":"pt-PT","@id":"https:\/\/secure.gravatar.com\/avatar\/f9f4b823873154269d2b2130f195f6d41037dd0d7fc5f3cacb5c846bae70d66b?s=96&d=mm&r=g","url":"https:\/\/secure.gravatar.com\/avatar\/f9f4b823873154269d2b2130f195f6d41037dd0d7fc5f3cacb5c846bae70d66b?s=96&d=mm&r=g","contentUrl":"https:\/\/secure.gravatar.com\/avatar\/f9f4b823873154269d2b2130f195f6d41037dd0d7fc5f3cacb5c846bae70d66b?s=96&d=mm&r=g","caption":"Karen Bueno"},"url":"https:\/\/schoenstatt.com\/pt-pt\/author\/karen-bueno\/"}]}},"_links":{"self":[{"href":"https:\/\/schoenstatt.com\/pt-pt\/wp-json\/wp\/v2\/posts\/63485","targetHints":{"allow":["GET"]}}],"collection":[{"href":"https:\/\/schoenstatt.com\/pt-pt\/wp-json\/wp\/v2\/posts"}],"about":[{"href":"https:\/\/schoenstatt.com\/pt-pt\/wp-json\/wp\/v2\/types\/post"}],"author":[{"embeddable":true,"href":"https:\/\/schoenstatt.com\/pt-pt\/wp-json\/wp\/v2\/users\/3"}],"replies":[{"embeddable":true,"href":"https:\/\/schoenstatt.com\/pt-pt\/wp-json\/wp\/v2\/comments?post=63485"}],"version-history":[{"count":2,"href":"https:\/\/schoenstatt.com\/pt-pt\/wp-json\/wp\/v2\/posts\/63485\/revisions"}],"predecessor-version":[{"id":63487,"href":"https:\/\/schoenstatt.com\/pt-pt\/wp-json\/wp\/v2\/posts\/63485\/revisions\/63487"}],"wp:featuredmedia":[{"embeddable":true,"href":"https:\/\/schoenstatt.com\/pt-pt\/wp-json\/wp\/v2\/media\/59924"}],"wp:attachment":[{"href":"https:\/\/schoenstatt.com\/pt-pt\/wp-json\/wp\/v2\/media?parent=63485"}],"wp:term":[{"taxonomy":"category","embeddable":true,"href":"https:\/\/schoenstatt.com\/pt-pt\/wp-json\/wp\/v2\/categories?post=63485"},{"taxonomy":"post_tag","embeddable":true,"href":"https:\/\/schoenstatt.com\/pt-pt\/wp-json\/wp\/v2\/tags?post=63485"}],"curies":[{"name":"wp","href":"https:\/\/api.w.org\/{rel}","templated":true}]}}