{"id":61003,"date":"2025-07-24T15:50:52","date_gmt":"2025-07-24T13:50:52","guid":{"rendered":"https:\/\/schoenstatt.com\/?p=61003"},"modified":"2025-08-21T04:35:48","modified_gmt":"2025-08-21T02:35:48","slug":"cerca-de-1000-jovens-invadem-schoenstatt-esta-semana","status":"publish","type":"post","link":"https:\/\/schoenstatt.com\/pt-pt\/cerca-de-1000-jovens-invadem-schoenstatt-esta-semana\/","title":{"rendered":"Cerca de 1.000 jovens \u201cinvadem\u201d Schoenstatt esta semana"},"content":{"rendered":"\n<p>Cantos animados por toda parte, l\u00e1grimas de emo\u00e7\u00e3o, abra\u00e7os de alegria\u2026 O Santu\u00e1rio Original de Schoenstatt \u00e9 o cen\u00e1rio para muitas atividades e m\u00faltiplos sentimentos ao longo desta semana.<strong> Cerca de mil jovens est\u00e3o chegando<\/strong> para participar de dois encontros internacionais que acontecer\u00e3o simultaneamente de 25 a 27 de julho.<\/p>\n\n\n\n<p>Grupos de v\u00e1rios pa\u00edses j\u00e1 chegaram a Schoenstatt e outros mais est\u00e3o desembarcando. <em>\u201cA vida aqui no Santu\u00e1rio \u00e9 algo muito impressionante de se ver: a alegria, a emo\u00e7\u00e3o, as dan\u00e7as dos jovens. Eles pulam, festejam\u2026 Schoenstatt realmente rejuvenesceu nesses dias\u201d<\/em>, comenta a sacrist\u00e3 do Santu\u00e1rio Original, Ir. M. Vanda Friedrich.<\/p>\n\n\n\n<p>S\u00e3o esperados grupos de pelo menos 20 pa\u00edses, como: Portugal, Alemanha, Cro\u00e1cia, Espanha, Rom\u00eania, Pol\u00f4nia, Rep\u00fablica Tcheca, Nig\u00e9ria, Costa Rica, Rep\u00fablica Dominicana, Uruguai, M\u00e9xico, Argentina, Paraguai, Chile, Brasil, Equador, Estados Unidos e \u00c1frica do Sul.<\/p>\n\n\n\n<h3 class=\"wp-block-heading\" id=\"h-dois-encontros-internacionais\">Dois encontros internacionais<\/h3>\n\n\n\n<p>Simultaneamente acontecem dois encontros internacionais em Schoenstatt:<\/p>\n\n\n\n<p>&#8211; O Jubileu da RTA, da <a href=\"https:\/\/schoenstatt.com\/pt-pt\/em-comunidade\/woman\/juventude-feminina\/\">Juventude Feminina<\/a><\/p>\n\n\n\n<p>&#8211; O Ignis, da <a href=\"https:\/\/schoenstatt.com\/pt-pt\/em-comunidade\/men\/juventude-masculina-de-schoenstatt\/\">Juventude Masculina<\/a><\/p>\n\n\n\n<p>Fechando esses dois eventos, haver\u00e1 um encontro em conjunto com as duas juventudes, o \u201cRise\u201d. S\u00e3o esperadas em torno de 660 jovens da JF e mais 300 rapazes da JM.<\/p>\n\n\n\n<figure class=\"wp-block-image aligncenter size-full\"><img fetchpriority=\"high\" decoding=\"async\" width=\"1600\" height=\"1106\" src=\"https:\/\/schoenstatt.com\/wp-content\/uploads\/2025\/07\/Schoenstatt-Girls-Youth.webp\" alt=\"\" class=\"wp-image-61004\" srcset=\"https:\/\/schoenstatt.com\/wp-content\/uploads\/2025\/07\/Schoenstatt-Girls-Youth.webp 1600w, https:\/\/schoenstatt.com\/wp-content\/uploads\/2025\/07\/Schoenstatt-Girls-Youth-768x531.webp 768w, https:\/\/schoenstatt.com\/wp-content\/uploads\/2025\/07\/Schoenstatt-Girls-Youth-1536x1062.jpg 1536w\" sizes=\"(max-width: 1600px) 100vw, 1600px\" \/><\/figure>\n\n\n\n<h3 class=\"wp-block-heading\" id=\"h-oito-missas-diarias-no-santuario-original\">Oito missas di\u00e1rias no Santu\u00e1rio Original<\/h3>\n\n\n\n<p>Com a chegada dos diversos grupos, o volume de missas e atividades mais que dobrou no Santu\u00e1rio Original.<\/p>\n\n\n\n<p>&#8211; Em 22 de julho, foram sete missas no total<\/p>\n\n\n\n<p>&#8211; Em 23 de julho, cinco missas<\/p>\n\n\n\n<p>&#8211; Em 24 de julho, oito missas.<\/p>\n\n\n\n<p><em>\u201cNa sacristia, estamos nos revezando para ficar no Santu\u00e1rio. \u00c9 uma alegria muito grande ver esses jovens, tamb\u00e9m \u00e9 um momento de grande expectativa para os encontros internacionais que ser\u00e3o o auge da peregrina\u00e7\u00e3o\u201d, <\/em>diz a Ir. M. Vanda.<\/p>\n\n\n\n<blockquote class=\"instagram-media\" data-instgrm-permalink=\"https:\/\/www.instagram.com\/reel\/DMfk1bluJjP\/?utm_source=ig_embed&amp;utm_campaign=loading\" data-instgrm-version=\"14\" style=\" background:#FFF; border:0; border-radius:3px; box-shadow:0 0 1px 0 rgba(0,0,0,0.5),0 1px 10px 0 rgba(0,0,0,0.15); margin: 1px; max-width:540px; min-width:326px; padding:0; width:99.375%; width:-webkit-calc(100% - 2px); width:calc(100% - 2px);\"><div style=\"padding:16px;\"> <a href=\"https:\/\/www.instagram.com\/reel\/DMfk1bluJjP\/?utm_source=ig_embed&amp;utm_campaign=loading\" style=\" background:#FFFFFF; line-height:0; padding:0 0; text-align:center; text-decoration:none; width:100%;\" target=\"_blank\"> <div style=\" display: flex; flex-direction: row; align-items: center;\"> <div style=\"background-color: #F4F4F4; border-radius: 50%; flex-grow: 0; height: 40px; margin-right: 14px; width: 40px;\"><\/div> <div style=\"display: flex; flex-direction: column; flex-grow: 1; justify-content: center;\"> <div style=\" background-color: #F4F4F4; border-radius: 4px; flex-grow: 0; height: 14px; margin-bottom: 6px; width: 100px;\"><\/div> <div style=\" background-color: #F4F4F4; border-radius: 4px; flex-grow: 0; height: 14px; width: 60px;\"><\/div><\/div><\/div><div style=\"padding: 19% 0;\"><\/div> <div style=\"display:block; height:50px; margin:0 auto 12px; width:50px;\"><svg width=\"50px\" height=\"50px\" viewBox=\"0 0 60 60\" version=\"1.1\" xmlns=\"https:\/\/www.w3.org\/2000\/svg\" xmlns:xlink=\"https:\/\/www.w3.org\/1999\/xlink\"><g stroke=\"none\" stroke-width=\"1\" fill=\"none\" fill-rule=\"evenodd\"><g transform=\"translate(-511.000000, -20.000000)\" fill=\"#000000\"><g><path d=\"M556.869,30.41 C554.814,30.41 553.148,32.076 553.148,34.131 C553.148,36.186 554.814,37.852 556.869,37.852 C558.924,37.852 560.59,36.186 560.59,34.131 C560.59,32.076 558.924,30.41 556.869,30.41 M541,60.657 C535.114,60.657 530.342,55.887 530.342,50 C530.342,44.114 535.114,39.342 541,39.342 C546.887,39.342 551.658,44.114 551.658,50 C551.658,55.887 546.887,60.657 541,60.657 M541,33.886 C532.1,33.886 524.886,41.1 524.886,50 C524.886,58.899 532.1,66.113 541,66.113 C549.9,66.113 557.115,58.899 557.115,50 C557.115,41.1 549.9,33.886 541,33.886 M565.378,62.101 C565.244,65.022 564.756,66.606 564.346,67.663 C563.803,69.06 563.154,70.057 562.106,71.106 C561.058,72.155 560.06,72.803 558.662,73.347 C557.607,73.757 556.021,74.244 553.102,74.378 C549.944,74.521 548.997,74.552 541,74.552 C533.003,74.552 532.056,74.521 528.898,74.378 C525.979,74.244 524.393,73.757 523.338,73.347 C521.94,72.803 520.942,72.155 519.894,71.106 C518.846,70.057 518.197,69.06 517.654,67.663 C517.244,66.606 516.755,65.022 516.623,62.101 C516.479,58.943 516.448,57.996 516.448,50 C516.448,42.003 516.479,41.056 516.623,37.899 C516.755,34.978 517.244,33.391 517.654,32.338 C518.197,30.938 518.846,29.942 519.894,28.894 C520.942,27.846 521.94,27.196 523.338,26.654 C524.393,26.244 525.979,25.756 528.898,25.623 C532.057,25.479 533.004,25.448 541,25.448 C548.997,25.448 549.943,25.479 553.102,25.623 C556.021,25.756 557.607,26.244 558.662,26.654 C560.06,27.196 561.058,27.846 562.106,28.894 C563.154,29.942 563.803,30.938 564.346,32.338 C564.756,33.391 565.244,34.978 565.378,37.899 C565.522,41.056 565.552,42.003 565.552,50 C565.552,57.996 565.522,58.943 565.378,62.101 M570.82,37.631 C570.674,34.438 570.167,32.258 569.425,30.349 C568.659,28.377 567.633,26.702 565.965,25.035 C564.297,23.368 562.623,22.342 560.652,21.575 C558.743,20.834 556.562,20.326 553.369,20.18 C550.169,20.033 549.148,20 541,20 C532.853,20 531.831,20.033 528.631,20.18 C525.438,20.326 523.257,20.834 521.349,21.575 C519.376,22.342 517.703,23.368 516.035,25.035 C514.368,26.702 513.342,28.377 512.574,30.349 C511.834,32.258 511.326,34.438 511.181,37.631 C511.035,40.831 511,41.851 511,50 C511,58.147 511.035,59.17 511.181,62.369 C511.326,65.562 511.834,67.743 512.574,69.651 C513.342,71.625 514.368,73.296 516.035,74.965 C517.703,76.634 519.376,77.658 521.349,78.425 C523.257,79.167 525.438,79.673 528.631,79.82 C531.831,79.965 532.853,80.001 541,80.001 C549.148,80.001 550.169,79.965 553.369,79.82 C556.562,79.673 558.743,79.167 560.652,78.425 C562.623,77.658 564.297,76.634 565.965,74.965 C567.633,73.296 568.659,71.625 569.425,69.651 C570.167,67.743 570.674,65.562 570.82,62.369 C570.966,59.17 571,58.147 571,50 C571,41.851 570.966,40.831 570.82,37.631\"><\/path><\/g><\/g><\/g><\/svg><\/div><div style=\"padding-top: 8px;\"> <div style=\" color:#3897f0; font-family:Arial,sans-serif; font-size:14px; font-style:normal; font-weight:550; line-height:18px;\">Ver essa foto no Instagram<\/div><\/div><div style=\"padding: 12.5% 0;\"><\/div> <div style=\"display: flex; flex-direction: row; margin-bottom: 14px; align-items: center;\"><div> <div style=\"background-color: #F4F4F4; border-radius: 50%; height: 12.5px; width: 12.5px; transform: translateX(0px) translateY(7px);\"><\/div> <div style=\"background-color: #F4F4F4; height: 12.5px; transform: rotate(-45deg) translateX(3px) translateY(1px); width: 12.5px; flex-grow: 0; margin-right: 14px; margin-left: 2px;\"><\/div> <div style=\"background-color: #F4F4F4; border-radius: 50%; height: 12.5px; width: 12.5px; transform: translateX(9px) translateY(-18px);\"><\/div><\/div><div style=\"margin-left: 8px;\"> <div style=\" background-color: #F4F4F4; border-radius: 50%; flex-grow: 0; height: 20px; width: 20px;\"><\/div> <div style=\" width: 0; height: 0; border-top: 2px solid transparent; border-left: 6px solid #f4f4f4; border-bottom: 2px solid transparent; transform: translateX(16px) translateY(-4px) rotate(30deg)\"><\/div><\/div><div style=\"margin-left: auto;\"> <div style=\" width: 0px; border-top: 8px solid #F4F4F4; border-right: 8px solid transparent; transform: translateY(16px);\"><\/div> <div style=\" background-color: #F4F4F4; flex-grow: 0; height: 12px; width: 16px; transform: translateY(-4px);\"><\/div> <div style=\" width: 0; height: 0; border-top: 8px solid #F4F4F4; border-left: 8px solid transparent; transform: translateY(-4px) translateX(8px);\"><\/div><\/div><\/div> <div style=\"display: flex; flex-direction: column; flex-grow: 1; justify-content: center; margin-bottom: 24px;\"> <div style=\" background-color: #F4F4F4; border-radius: 4px; flex-grow: 0; height: 14px; margin-bottom: 6px; width: 224px;\"><\/div> <div style=\" background-color: #F4F4F4; border-radius: 4px; flex-grow: 0; height: 14px; width: 144px;\"><\/div><\/div><\/a><p style=\" color:#c9c8cd; font-family:Arial,sans-serif; font-size:14px; line-height:17px; margin-bottom:0; margin-top:8px; overflow:hidden; padding:8px 0 7px; text-align:center; text-overflow:ellipsis; white-space:nowrap;\"><a href=\"https:\/\/www.instagram.com\/reel\/DMfk1bluJjP\/?utm_source=ig_embed&amp;utm_campaign=loading\" style=\" color:#c9c8cd; font-family:Arial,sans-serif; font-size:14px; font-style:normal; font-weight:normal; line-height:17px; text-decoration:none;\" target=\"_blank\">Uma publica\u00e7\u00e3o compartilhada por Schoenstatt Movement (@schoenstattinternational)<\/a><\/p><\/div><\/blockquote>\n<script async src=\"\/\/www.instagram.com\/embed.js\"><\/script>\n\n\n\n<h3 class=\"wp-block-heading\" id=\"h-rumo-a-roma\">Rumo a Roma<\/h3>\n\n\n\n<p>Ao final desses dias intensos de atividades, os jovens de Schoenstatt vai peregrinar a Roma para participar do Jubileu da Juventude.<\/p>\n\n\n\n<p>A par\u00f3quia administrada pelos Padres de Schoenstatt em Roma ser\u00e1 um ponto de refer\u00eancia no jubileu. Nela, a juventude cat\u00f3lica do mundo todo ter\u00e1 um ponto de refer\u00eancia para acolhida e poder\u00e1 conhecer mais sobre a nossa espiritualidade. <strong>Um destaque especial ser\u00e1 o concerto <\/strong>realizado em parceria pelo Movimento Apost\u00f3lico de Schoenstatt e a Comunidade Shalom, aberta a todos os jovens, no dia 30 de julho.<\/p>\n\n\n\n<p>Em Roma, <strong>haver\u00e1 tamb\u00e9m um encontro internacional de l\u00edderes<\/strong> da Juventude de Schoenstatt, o Congresso Vozes de Esperan\u00e7a, reunindo representantes de cada pa\u00eds.<\/p>\n\n\n\n<h3 class=\"wp-block-heading\" id=\"h-fique-por-dentro-de-tudo\">Fique por dentro de tudo<\/h3>\n\n\n\n<p>Acompanhe as diversas atividades pelos canais oficiais do Instagram:<\/p>\n\n\n\n<ul class=\"wp-block-list\">\n<li><a href=\"https:\/\/www.instagram.com\/schoenstattinternational\/\" target=\"_blank\" rel=\"noreferrer noopener\">Schoenstatt International<\/a><\/li>\n\n\n\n<li><a href=\"https:\/\/www.instagram.com\/festival.mta\/\" target=\"_blank\" rel=\"noreferrer noopener\">festival.mta<\/a><\/li>\n\n\n\n<li><a href=\"https:\/\/www.instagram.com\/vocesdeesperanza2025\/\" target=\"_blank\" rel=\"noreferrer noopener\">vocesdeesperanza2025<\/a><\/li>\n\n\n\n<li><a href=\"https:\/\/www.instagram.com\/rtajubilee\/\" target=\"_blank\" rel=\"noreferrer noopener\">rtajubilee<\/a><\/li>\n\n\n\n<li><a href=\"https:\/\/www.instagram.com\/ignis_international\/\" target=\"_blank\" rel=\"noreferrer noopener\">ignis_international<\/a><\/li>\n<\/ul>\n","protected":false},"excerpt":{"rendered":"<p>Dois encontros internacionais e o Jubileu dos Jovens movimentam a Juventude de Schoenstatt de v\u00e1rios pa\u00edses<\/p>\n","protected":false},"author":3,"featured_media":61004,"comment_status":"closed","ping_status":"closed","sticky":false,"template":"","format":"standard","meta":{"footnotes":""},"categories":[665,696],"tags":[1266,569,1168,1131,1080],"class_list":["post-61003","post","type-post","status-publish","format-standard","has-post-thumbnail","hentry","category-juventude-pt-pt","category-santuario-original-pt-pt","tag-juventude-pt-pt","tag-juventude-de-schoenstatt-pt-pt","tag-juventude-feminina-jufem-pt-pt","tag-juventude-masculina-jumas-pt-pt","tag-santuario-original-pt-pt"],"yoast_head":"<!-- This site is optimized with the Yoast SEO Premium plugin v27.4 (Yoast SEO v27.4) - https:\/\/yoast.com\/product\/yoast-seo-premium-wordpress\/ -->\n<title>Cerca de 1.000 jovens \u201cinvadem\u201d Schoenstatt esta semana - Schoenstatt<\/title>\n<meta name=\"description\" content=\"Dois encontros internacionais e o Jubileu dos Jovens movimentam a Juventude de Schoenstatt de v\u00e1rios pa\u00edses\" \/>\n<meta name=\"robots\" content=\"index, follow, max-snippet:-1, max-image-preview:large, max-video-preview:-1\" \/>\n<link rel=\"canonical\" href=\"https:\/\/schoenstatt.com\/pt-pt\/cerca-de-1000-jovens-invadem-schoenstatt-esta-semana\/\" \/>\n<meta property=\"og:locale\" content=\"pt_PT\" \/>\n<meta property=\"og:type\" content=\"article\" \/>\n<meta property=\"og:title\" content=\"Cerca de 1.000 jovens \u201cinvadem\u201d Schoenstatt esta semana\" \/>\n<meta property=\"og:description\" content=\"Dois encontros internacionais e o Jubileu dos Jovens movimentam a Juventude de Schoenstatt de v\u00e1rios pa\u00edses\" \/>\n<meta property=\"og:url\" content=\"https:\/\/schoenstatt.com\/pt-pt\/cerca-de-1000-jovens-invadem-schoenstatt-esta-semana\/\" \/>\n<meta property=\"og:site_name\" content=\"Schoenstatt\" \/>\n<meta property=\"article:published_time\" content=\"2025-07-24T13:50:52+00:00\" \/>\n<meta property=\"article:modified_time\" content=\"2025-08-21T02:35:48+00:00\" \/>\n<meta property=\"og:image\" content=\"https:\/\/schoenstatt.com\/wp-content\/uploads\/2025\/07\/Schoenstatt-Girls-Youth.webp\" \/>\n\t<meta property=\"og:image:width\" content=\"1600\" \/>\n\t<meta property=\"og:image:height\" content=\"1106\" \/>\n\t<meta property=\"og:image:type\" content=\"image\/webp\" \/>\n<meta name=\"author\" content=\"Karen Bueno\" \/>\n<meta name=\"twitter:card\" content=\"summary_large_image\" \/>\n<meta name=\"twitter:label1\" content=\"Escrito por\" \/>\n\t<meta name=\"twitter:data1\" content=\"Karen Bueno\" \/>\n\t<meta name=\"twitter:label2\" content=\"Tempo estimado de leitura\" \/>\n\t<meta name=\"twitter:data2\" content=\"3 minutos\" \/>\n<script type=\"application\/ld+json\" class=\"yoast-schema-graph\">{\"@context\":\"https:\\\/\\\/schema.org\",\"@graph\":[{\"@type\":\"Article\",\"@id\":\"https:\\\/\\\/schoenstatt.com\\\/pt-pt\\\/cerca-de-1000-jovens-invadem-schoenstatt-esta-semana\\\/#article\",\"isPartOf\":{\"@id\":\"https:\\\/\\\/schoenstatt.com\\\/pt-pt\\\/cerca-de-1000-jovens-invadem-schoenstatt-esta-semana\\\/\"},\"author\":{\"name\":\"Karen Bueno\",\"@id\":\"https:\\\/\\\/schoenstatt.com\\\/pt-pt\\\/#\\\/schema\\\/person\\\/5158877ad4acae98b34daaeef2a1ce6e\"},\"headline\":\"Cerca de 1.000 jovens \u201cinvadem\u201d Schoenstatt esta semana\",\"datePublished\":\"2025-07-24T13:50:52+00:00\",\"dateModified\":\"2025-08-21T02:35:48+00:00\",\"mainEntityOfPage\":{\"@id\":\"https:\\\/\\\/schoenstatt.com\\\/pt-pt\\\/cerca-de-1000-jovens-invadem-schoenstatt-esta-semana\\\/\"},\"wordCount\":460,\"publisher\":{\"@id\":\"https:\\\/\\\/schoenstatt.com\\\/pt-pt\\\/#organization\"},\"image\":{\"@id\":\"https:\\\/\\\/schoenstatt.com\\\/pt-pt\\\/cerca-de-1000-jovens-invadem-schoenstatt-esta-semana\\\/#primaryimage\"},\"thumbnailUrl\":\"https:\\\/\\\/schoenstatt.com\\\/wp-content\\\/uploads\\\/2025\\\/07\\\/Schoenstatt-Girls-Youth.webp\",\"keywords\":[\"Juventude\",\"Juventude de Schoenstatt\",\"Juventude Feminina - Jufem\",\"Juventude Masculina - Jumas\",\"Santu\u00e1rio Original\"],\"articleSection\":[\"Juventude\",\"Santu\u00e1rio Original\"],\"inLanguage\":\"pt-PT\"},{\"@type\":\"WebPage\",\"@id\":\"https:\\\/\\\/schoenstatt.com\\\/pt-pt\\\/cerca-de-1000-jovens-invadem-schoenstatt-esta-semana\\\/\",\"url\":\"https:\\\/\\\/schoenstatt.com\\\/pt-pt\\\/cerca-de-1000-jovens-invadem-schoenstatt-esta-semana\\\/\",\"name\":\"Cerca de 1.000 jovens \u201cinvadem\u201d Schoenstatt esta semana - Schoenstatt\",\"isPartOf\":{\"@id\":\"https:\\\/\\\/schoenstatt.com\\\/pt-pt\\\/#website\"},\"primaryImageOfPage\":{\"@id\":\"https:\\\/\\\/schoenstatt.com\\\/pt-pt\\\/cerca-de-1000-jovens-invadem-schoenstatt-esta-semana\\\/#primaryimage\"},\"image\":{\"@id\":\"https:\\\/\\\/schoenstatt.com\\\/pt-pt\\\/cerca-de-1000-jovens-invadem-schoenstatt-esta-semana\\\/#primaryimage\"},\"thumbnailUrl\":\"https:\\\/\\\/schoenstatt.com\\\/wp-content\\\/uploads\\\/2025\\\/07\\\/Schoenstatt-Girls-Youth.webp\",\"datePublished\":\"2025-07-24T13:50:52+00:00\",\"dateModified\":\"2025-08-21T02:35:48+00:00\",\"description\":\"Dois encontros internacionais e o Jubileu dos Jovens movimentam a Juventude de Schoenstatt de v\u00e1rios pa\u00edses\",\"breadcrumb\":{\"@id\":\"https:\\\/\\\/schoenstatt.com\\\/pt-pt\\\/cerca-de-1000-jovens-invadem-schoenstatt-esta-semana\\\/#breadcrumb\"},\"inLanguage\":\"pt-PT\",\"potentialAction\":[{\"@type\":\"ReadAction\",\"target\":[\"https:\\\/\\\/schoenstatt.com\\\/pt-pt\\\/cerca-de-1000-jovens-invadem-schoenstatt-esta-semana\\\/\"]}]},{\"@type\":\"ImageObject\",\"inLanguage\":\"pt-PT\",\"@id\":\"https:\\\/\\\/schoenstatt.com\\\/pt-pt\\\/cerca-de-1000-jovens-invadem-schoenstatt-esta-semana\\\/#primaryimage\",\"url\":\"https:\\\/\\\/schoenstatt.com\\\/wp-content\\\/uploads\\\/2025\\\/07\\\/Schoenstatt-Girls-Youth.webp\",\"contentUrl\":\"https:\\\/\\\/schoenstatt.com\\\/wp-content\\\/uploads\\\/2025\\\/07\\\/Schoenstatt-Girls-Youth.webp\",\"width\":1600,\"height\":1106},{\"@type\":\"BreadcrumbList\",\"@id\":\"https:\\\/\\\/schoenstatt.com\\\/pt-pt\\\/cerca-de-1000-jovens-invadem-schoenstatt-esta-semana\\\/#breadcrumb\",\"itemListElement\":[{\"@type\":\"ListItem\",\"position\":1,\"name\":\"Portada\",\"item\":\"https:\\\/\\\/schoenstatt.com\\\/pt-pt\\\/home\\\/\"},{\"@type\":\"ListItem\",\"position\":2,\"name\":\"Cerca de 1.000 jovens \u201cinvadem\u201d Schoenstatt esta semana\"}]},{\"@type\":\"WebSite\",\"@id\":\"https:\\\/\\\/schoenstatt.com\\\/pt-pt\\\/#website\",\"url\":\"https:\\\/\\\/schoenstatt.com\\\/pt-pt\\\/\",\"name\":\"Schoenstatt\",\"description\":\"Apostolic Movement\",\"publisher\":{\"@id\":\"https:\\\/\\\/schoenstatt.com\\\/pt-pt\\\/#organization\"},\"potentialAction\":[{\"@type\":\"SearchAction\",\"target\":{\"@type\":\"EntryPoint\",\"urlTemplate\":\"https:\\\/\\\/schoenstatt.com\\\/pt-pt\\\/?s={search_term_string}\"},\"query-input\":{\"@type\":\"PropertyValueSpecification\",\"valueRequired\":true,\"valueName\":\"search_term_string\"}}],\"inLanguage\":\"pt-PT\"},{\"@type\":\"Organization\",\"@id\":\"https:\\\/\\\/schoenstatt.com\\\/pt-pt\\\/#organization\",\"name\":\"Schoenstatt\",\"url\":\"https:\\\/\\\/schoenstatt.com\\\/pt-pt\\\/\",\"logo\":{\"@type\":\"ImageObject\",\"inLanguage\":\"pt-PT\",\"@id\":\"https:\\\/\\\/schoenstatt.com\\\/pt-pt\\\/#\\\/schema\\\/logo\\\/image\\\/\",\"url\":\"https:\\\/\\\/schoenstatt.com\\\/wp-content\\\/uploads\\\/2025\\\/04\\\/logo-schoenstatt-white-696x696-1.png\",\"contentUrl\":\"https:\\\/\\\/schoenstatt.com\\\/wp-content\\\/uploads\\\/2025\\\/04\\\/logo-schoenstatt-white-696x696-1.png\",\"width\":696,\"height\":694,\"caption\":\"Schoenstatt\"},\"image\":{\"@id\":\"https:\\\/\\\/schoenstatt.com\\\/pt-pt\\\/#\\\/schema\\\/logo\\\/image\\\/\"}},{\"@type\":\"Person\",\"@id\":\"https:\\\/\\\/schoenstatt.com\\\/pt-pt\\\/#\\\/schema\\\/person\\\/5158877ad4acae98b34daaeef2a1ce6e\",\"name\":\"Karen Bueno\",\"image\":{\"@type\":\"ImageObject\",\"inLanguage\":\"pt-PT\",\"@id\":\"https:\\\/\\\/secure.gravatar.com\\\/avatar\\\/f9f4b823873154269d2b2130f195f6d41037dd0d7fc5f3cacb5c846bae70d66b?s=96&d=mm&r=g\",\"url\":\"https:\\\/\\\/secure.gravatar.com\\\/avatar\\\/f9f4b823873154269d2b2130f195f6d41037dd0d7fc5f3cacb5c846bae70d66b?s=96&d=mm&r=g\",\"contentUrl\":\"https:\\\/\\\/secure.gravatar.com\\\/avatar\\\/f9f4b823873154269d2b2130f195f6d41037dd0d7fc5f3cacb5c846bae70d66b?s=96&d=mm&r=g\",\"caption\":\"Karen Bueno\"},\"url\":\"https:\\\/\\\/schoenstatt.com\\\/pt-pt\\\/author\\\/karen-bueno\\\/\"}]}<\/script>\n<!-- \/ Yoast SEO Premium plugin. -->","yoast_head_json":{"title":"Cerca de 1.000 jovens \u201cinvadem\u201d Schoenstatt esta semana - Schoenstatt","description":"Dois encontros internacionais e o Jubileu dos Jovens movimentam a Juventude de Schoenstatt de v\u00e1rios pa\u00edses","robots":{"index":"index","follow":"follow","max-snippet":"max-snippet:-1","max-image-preview":"max-image-preview:large","max-video-preview":"max-video-preview:-1"},"canonical":"https:\/\/schoenstatt.com\/pt-pt\/cerca-de-1000-jovens-invadem-schoenstatt-esta-semana\/","og_locale":"pt_PT","og_type":"article","og_title":"Cerca de 1.000 jovens \u201cinvadem\u201d Schoenstatt esta semana","og_description":"Dois encontros internacionais e o Jubileu dos Jovens movimentam a Juventude de Schoenstatt de v\u00e1rios pa\u00edses","og_url":"https:\/\/schoenstatt.com\/pt-pt\/cerca-de-1000-jovens-invadem-schoenstatt-esta-semana\/","og_site_name":"Schoenstatt","article_published_time":"2025-07-24T13:50:52+00:00","article_modified_time":"2025-08-21T02:35:48+00:00","og_image":[{"width":1600,"height":1106,"url":"https:\/\/schoenstatt.com\/wp-content\/uploads\/2025\/07\/Schoenstatt-Girls-Youth.webp","type":"image\/webp"}],"author":"Karen Bueno","twitter_card":"summary_large_image","twitter_misc":{"Escrito por":"Karen Bueno","Tempo estimado de leitura":"3 minutos"},"schema":{"@context":"https:\/\/schema.org","@graph":[{"@type":"Article","@id":"https:\/\/schoenstatt.com\/pt-pt\/cerca-de-1000-jovens-invadem-schoenstatt-esta-semana\/#article","isPartOf":{"@id":"https:\/\/schoenstatt.com\/pt-pt\/cerca-de-1000-jovens-invadem-schoenstatt-esta-semana\/"},"author":{"name":"Karen Bueno","@id":"https:\/\/schoenstatt.com\/pt-pt\/#\/schema\/person\/5158877ad4acae98b34daaeef2a1ce6e"},"headline":"Cerca de 1.000 jovens \u201cinvadem\u201d Schoenstatt esta semana","datePublished":"2025-07-24T13:50:52+00:00","dateModified":"2025-08-21T02:35:48+00:00","mainEntityOfPage":{"@id":"https:\/\/schoenstatt.com\/pt-pt\/cerca-de-1000-jovens-invadem-schoenstatt-esta-semana\/"},"wordCount":460,"publisher":{"@id":"https:\/\/schoenstatt.com\/pt-pt\/#organization"},"image":{"@id":"https:\/\/schoenstatt.com\/pt-pt\/cerca-de-1000-jovens-invadem-schoenstatt-esta-semana\/#primaryimage"},"thumbnailUrl":"https:\/\/schoenstatt.com\/wp-content\/uploads\/2025\/07\/Schoenstatt-Girls-Youth.webp","keywords":["Juventude","Juventude de Schoenstatt","Juventude Feminina - Jufem","Juventude Masculina - Jumas","Santu\u00e1rio Original"],"articleSection":["Juventude","Santu\u00e1rio Original"],"inLanguage":"pt-PT"},{"@type":"WebPage","@id":"https:\/\/schoenstatt.com\/pt-pt\/cerca-de-1000-jovens-invadem-schoenstatt-esta-semana\/","url":"https:\/\/schoenstatt.com\/pt-pt\/cerca-de-1000-jovens-invadem-schoenstatt-esta-semana\/","name":"Cerca de 1.000 jovens \u201cinvadem\u201d Schoenstatt esta semana - Schoenstatt","isPartOf":{"@id":"https:\/\/schoenstatt.com\/pt-pt\/#website"},"primaryImageOfPage":{"@id":"https:\/\/schoenstatt.com\/pt-pt\/cerca-de-1000-jovens-invadem-schoenstatt-esta-semana\/#primaryimage"},"image":{"@id":"https:\/\/schoenstatt.com\/pt-pt\/cerca-de-1000-jovens-invadem-schoenstatt-esta-semana\/#primaryimage"},"thumbnailUrl":"https:\/\/schoenstatt.com\/wp-content\/uploads\/2025\/07\/Schoenstatt-Girls-Youth.webp","datePublished":"2025-07-24T13:50:52+00:00","dateModified":"2025-08-21T02:35:48+00:00","description":"Dois encontros internacionais e o Jubileu dos Jovens movimentam a Juventude de Schoenstatt de v\u00e1rios pa\u00edses","breadcrumb":{"@id":"https:\/\/schoenstatt.com\/pt-pt\/cerca-de-1000-jovens-invadem-schoenstatt-esta-semana\/#breadcrumb"},"inLanguage":"pt-PT","potentialAction":[{"@type":"ReadAction","target":["https:\/\/schoenstatt.com\/pt-pt\/cerca-de-1000-jovens-invadem-schoenstatt-esta-semana\/"]}]},{"@type":"ImageObject","inLanguage":"pt-PT","@id":"https:\/\/schoenstatt.com\/pt-pt\/cerca-de-1000-jovens-invadem-schoenstatt-esta-semana\/#primaryimage","url":"https:\/\/schoenstatt.com\/wp-content\/uploads\/2025\/07\/Schoenstatt-Girls-Youth.webp","contentUrl":"https:\/\/schoenstatt.com\/wp-content\/uploads\/2025\/07\/Schoenstatt-Girls-Youth.webp","width":1600,"height":1106},{"@type":"BreadcrumbList","@id":"https:\/\/schoenstatt.com\/pt-pt\/cerca-de-1000-jovens-invadem-schoenstatt-esta-semana\/#breadcrumb","itemListElement":[{"@type":"ListItem","position":1,"name":"Portada","item":"https:\/\/schoenstatt.com\/pt-pt\/home\/"},{"@type":"ListItem","position":2,"name":"Cerca de 1.000 jovens \u201cinvadem\u201d Schoenstatt esta semana"}]},{"@type":"WebSite","@id":"https:\/\/schoenstatt.com\/pt-pt\/#website","url":"https:\/\/schoenstatt.com\/pt-pt\/","name":"Schoenstatt","description":"Apostolic Movement","publisher":{"@id":"https:\/\/schoenstatt.com\/pt-pt\/#organization"},"potentialAction":[{"@type":"SearchAction","target":{"@type":"EntryPoint","urlTemplate":"https:\/\/schoenstatt.com\/pt-pt\/?s={search_term_string}"},"query-input":{"@type":"PropertyValueSpecification","valueRequired":true,"valueName":"search_term_string"}}],"inLanguage":"pt-PT"},{"@type":"Organization","@id":"https:\/\/schoenstatt.com\/pt-pt\/#organization","name":"Schoenstatt","url":"https:\/\/schoenstatt.com\/pt-pt\/","logo":{"@type":"ImageObject","inLanguage":"pt-PT","@id":"https:\/\/schoenstatt.com\/pt-pt\/#\/schema\/logo\/image\/","url":"https:\/\/schoenstatt.com\/wp-content\/uploads\/2025\/04\/logo-schoenstatt-white-696x696-1.png","contentUrl":"https:\/\/schoenstatt.com\/wp-content\/uploads\/2025\/04\/logo-schoenstatt-white-696x696-1.png","width":696,"height":694,"caption":"Schoenstatt"},"image":{"@id":"https:\/\/schoenstatt.com\/pt-pt\/#\/schema\/logo\/image\/"}},{"@type":"Person","@id":"https:\/\/schoenstatt.com\/pt-pt\/#\/schema\/person\/5158877ad4acae98b34daaeef2a1ce6e","name":"Karen Bueno","image":{"@type":"ImageObject","inLanguage":"pt-PT","@id":"https:\/\/secure.gravatar.com\/avatar\/f9f4b823873154269d2b2130f195f6d41037dd0d7fc5f3cacb5c846bae70d66b?s=96&d=mm&r=g","url":"https:\/\/secure.gravatar.com\/avatar\/f9f4b823873154269d2b2130f195f6d41037dd0d7fc5f3cacb5c846bae70d66b?s=96&d=mm&r=g","contentUrl":"https:\/\/secure.gravatar.com\/avatar\/f9f4b823873154269d2b2130f195f6d41037dd0d7fc5f3cacb5c846bae70d66b?s=96&d=mm&r=g","caption":"Karen Bueno"},"url":"https:\/\/schoenstatt.com\/pt-pt\/author\/karen-bueno\/"}]}},"_links":{"self":[{"href":"https:\/\/schoenstatt.com\/pt-pt\/wp-json\/wp\/v2\/posts\/61003","targetHints":{"allow":["GET"]}}],"collection":[{"href":"https:\/\/schoenstatt.com\/pt-pt\/wp-json\/wp\/v2\/posts"}],"about":[{"href":"https:\/\/schoenstatt.com\/pt-pt\/wp-json\/wp\/v2\/types\/post"}],"author":[{"embeddable":true,"href":"https:\/\/schoenstatt.com\/pt-pt\/wp-json\/wp\/v2\/users\/3"}],"replies":[{"embeddable":true,"href":"https:\/\/schoenstatt.com\/pt-pt\/wp-json\/wp\/v2\/comments?post=61003"}],"version-history":[{"count":4,"href":"https:\/\/schoenstatt.com\/pt-pt\/wp-json\/wp\/v2\/posts\/61003\/revisions"}],"predecessor-version":[{"id":61024,"href":"https:\/\/schoenstatt.com\/pt-pt\/wp-json\/wp\/v2\/posts\/61003\/revisions\/61024"}],"wp:featuredmedia":[{"embeddable":true,"href":"https:\/\/schoenstatt.com\/pt-pt\/wp-json\/wp\/v2\/media\/61004"}],"wp:attachment":[{"href":"https:\/\/schoenstatt.com\/pt-pt\/wp-json\/wp\/v2\/media?parent=61003"}],"wp:term":[{"taxonomy":"category","embeddable":true,"href":"https:\/\/schoenstatt.com\/pt-pt\/wp-json\/wp\/v2\/categories?post=61003"},{"taxonomy":"post_tag","embeddable":true,"href":"https:\/\/schoenstatt.com\/pt-pt\/wp-json\/wp\/v2\/tags?post=61003"}],"curies":[{"name":"wp","href":"https:\/\/api.w.org\/{rel}","templated":true}]}}