{"id":60433,"date":"2025-07-04T03:03:00","date_gmt":"2025-07-04T01:03:00","guid":{"rendered":"https:\/\/schoenstatt.com\/?p=60433"},"modified":"2025-08-21T16:47:12","modified_gmt":"2025-08-21T14:47:12","slug":"18-bispos-peregrinam-ao-santuario-do-rio-de-janeiro","status":"publish","type":"post","link":"https:\/\/schoenstatt.com\/pt-pt\/18-bispos-peregrinam-ao-santuario-do-rio-de-janeiro\/","title":{"rendered":"18 Bispos peregrinam ao Santu\u00e1rio do Rio de Janeiro"},"content":{"rendered":"\n<p>A M\u00e3e, Rainha e Vencedora Tr\u00eas Vezes Admir\u00e1vel de Schoenstatt acolheu, em seu Santu\u00e1rio de Schoenstatt do Rio de Janeiro, Brasil, peregrinos muito especiais, no dia 30 de junho: os bispos do Regional Leste 1 da CNBB (Confer\u00eancia Nacional dos Bispos do Brasil) \u2013 essa regi\u00e3o compreende todas as dioceses do estado do Rio de Janeiro.<\/p>\n\n\n\n<figure class=\"wp-block-image aligncenter size-full\"><img decoding=\"async\" src=\"https:\/\/schoenstatt.com\/wp-content\/uploads\/2025\/07\/Bispos-Rio-de-Janeiro-Brazil-2.jpg\" alt=\"\" class=\"wp-image-60416\"\/><\/figure>\n\n\n\n<p>A peregrina\u00e7\u00e3o jubilar dos bispos, vivida no contexto do Ano Santo, contou com a presen\u00e7a de 18 bispos, tendo \u00e0 frente o Cardeal Arcebispo do Rio de Janeiro, Dom Orani Jo\u00e3o Tempesta, que sempre demonstrou um carinho especial pelo Santu\u00e1rio. Ao questionar o motivo da escolha deste Santu\u00e1rio para a peregrina\u00e7\u00e3o jubilar, Dom Orani respondeu espontaneamente: <em>\u201cPorque aqui \u00e9 muito acolhedor e est\u00e1 mais pertinho do C\u00e9u!\u201d.<\/em><\/p>\n\n\n\n<h3 class=\"wp-block-heading\" id=\"h-a-participacao-da-familia-de-schoenstatt\">A participa\u00e7\u00e3o da Fam\u00edlia de Schoenstatt<\/h3>\n\n\n\n<p>Os bispos foram acolhidos, com alegria, por representantes da Fam\u00edlia de Schoenstatt, que prepararam um caf\u00e9 especial aos pastores de nossa Igreja. Em seguida, tiveram um momento de espiritualidade no Santu\u00e1rio e participaram da Santa Missa, presidida por Dom Orani.<\/p>\n\n\n\n<figure class=\"wp-block-image aligncenter size-full\"><img decoding=\"async\" src=\"https:\/\/schoenstatt.com\/wp-content\/uploads\/2025\/07\/Schoenstatt-Family-Rio-de-Janeiro-Brazil.jpg\" alt=\"\" class=\"wp-image-60411\"\/><\/figure>\n\n\n\n<p>Em sua homilia, o Cardeal Tempesta destacou:<em> \u201cQue essa nossa peregrina\u00e7\u00e3o renove as nossas for\u00e7as, reavive nosso compromisso e nos torne ainda mais abertos \u00e0 a\u00e7\u00e3o do Esp\u00edrito Santo. Desejo que esse momento nos ajude a todos n\u00f3s e a todo o nosso regional a sermos assim e agirmos assim, deixando-nos transformar e experimentar essa viv\u00eancia em nossa pr\u00f3pria vida. Que sejamos aqueles que contagiam com a vida e com a esperan\u00e7a, que \u00e9 Jesus Cristo, nosso Senhor.\u201d<\/em><\/p>\n\n\n\n<h3 class=\"wp-block-heading\" id=\"h-a-sombra-do-santuario\">\u00c0 sombra do Santu\u00e1rio\u2026<\/h3>\n\n\n\n<p>Ao final da celebra\u00e7\u00e3o, foi tirada a foto oficial, em frente ao Santu\u00e1rio, registrando para sempre este momento singular de gra\u00e7as vivenciado pelos bispos, que puderam experimentar as b\u00ean\u00e7\u00e3os deste lugar santo.<\/p>\n\n\n\n<figure class=\"wp-block-gallery has-nested-images columns-default is-cropped wp-block-gallery-1 is-layout-flex wp-block-gallery-is-layout-flex\">\n<figure class=\"wp-block-image size-large\"><img decoding=\"async\" data-id=\"60427\" src=\"https:\/\/schoenstatt.com\/wp-content\/uploads\/2025\/07\/Bispos-Rio-de-Janeiro-Brazil-3.jpg\" alt=\"\" class=\"wp-image-60427\"\/><\/figure>\n\n\n\n<figure class=\"wp-block-image size-large\"><img decoding=\"async\" data-id=\"60422\" src=\"https:\/\/schoenstatt.com\/wp-content\/uploads\/2025\/07\/Bispos-Rio-de-Janeiro-Brazil-4.jpg\" alt=\"\" class=\"wp-image-60422\"\/><\/figure>\n<\/figure>\n\n\n\n<p>Esta peregrina\u00e7\u00e3o nos recorda a atualidade das palavras prof\u00e9ticas de nosso Pai e Fundador, Pe. Jos\u00e9 Kentenich, <em>\u201c\u00c0 sombra do Santu\u00e1rio, os destinos da Igreja ser\u00e3o co-decididos por s\u00e9culos\u201d<\/em> (1929), e nos compromete a servir a Igreja com amor, como <em>\u201co rebanho mais confi\u00e1vel de nossos bispos\u201d <\/em>(1965), como tamb\u00e9m afirma nosso Fundador.<\/p>\n\n\n\n<figure class=\"wp-block-image size-full\"><img fetchpriority=\"high\" decoding=\"async\" width=\"1600\" height=\"899\" src=\"https:\/\/schoenstatt.com\/wp-content\/uploads\/2025\/07\/Bispos-Rio-de-Janeiro-Brazil.jpg\" alt=\"\" class=\"wp-image-60406\" srcset=\"https:\/\/schoenstatt.com\/wp-content\/uploads\/2025\/07\/Bispos-Rio-de-Janeiro-Brazil.jpg 1600w, https:\/\/schoenstatt.com\/wp-content\/uploads\/2025\/07\/Bispos-Rio-de-Janeiro-Brazil-768x432.jpg 768w, https:\/\/schoenstatt.com\/wp-content\/uploads\/2025\/07\/Bispos-Rio-de-Janeiro-Brazil-1536x863.jpg 1536w\" sizes=\"(max-width: 1600px) 100vw, 1600px\" \/><\/figure>\n","protected":false},"excerpt":{"rendered":"<p>A peregrina\u00e7\u00e3o jubilar contou com a presen\u00e7a de 18 bispos, tendo \u00e0 frente o Cardeal Arcebispo do Rio de Janeiro.<\/p>\n","protected":false},"author":3,"featured_media":60409,"comment_status":"closed","ping_status":"closed","sticky":false,"template":"","format":"standard","meta":{"footnotes":""},"categories":[625,608],"tags":[1135],"class_list":["post-60433","post","type-post","status-publish","format-standard","has-post-thumbnail","hentry","category-america-pt-pt","category-igreja-pt-pt","tag-schoenstatt-brasil-pt-pt"],"yoast_head":"<!-- This site is optimized with the Yoast SEO Premium plugin v27.4 (Yoast SEO v27.4) - https:\/\/yoast.com\/product\/yoast-seo-premium-wordpress\/ -->\n<title>18 Bispos peregrinam ao Santu\u00e1rio do Rio de Janeiro - Schoenstatt<\/title>\n<meta name=\"description\" content=\"A peregrina\u00e7\u00e3o jubilar contou com a presen\u00e7a de 18 bispos, tendo \u00e0 frente o Cardeal Arcebispo do Rio de Janeiro.\" \/>\n<meta name=\"robots\" content=\"index, follow, max-snippet:-1, max-image-preview:large, max-video-preview:-1\" \/>\n<link rel=\"canonical\" href=\"https:\/\/schoenstatt.com\/pt-pt\/18-bispos-peregrinam-ao-santuario-do-rio-de-janeiro\/\" \/>\n<meta property=\"og:locale\" content=\"pt_PT\" \/>\n<meta property=\"og:type\" content=\"article\" \/>\n<meta property=\"og:title\" content=\"18 Bispos peregrinam ao Santu\u00e1rio do Rio de Janeiro\" \/>\n<meta property=\"og:description\" content=\"A peregrina\u00e7\u00e3o jubilar contou com a presen\u00e7a de 18 bispos, tendo \u00e0 frente o Cardeal Arcebispo do Rio de Janeiro.\" \/>\n<meta property=\"og:url\" content=\"https:\/\/schoenstatt.com\/pt-pt\/18-bispos-peregrinam-ao-santuario-do-rio-de-janeiro\/\" \/>\n<meta property=\"og:site_name\" content=\"Schoenstatt\" \/>\n<meta property=\"article:published_time\" content=\"2025-07-04T01:03:00+00:00\" \/>\n<meta property=\"article:modified_time\" content=\"2025-08-21T14:47:12+00:00\" \/>\n<meta property=\"og:image\" content=\"https:\/\/schoenstatt.com\/wp-content\/uploads\/2025\/07\/Bispos-Rio-de-Janeiro-Brazil.jpg\" \/>\n\t<meta property=\"og:image:width\" content=\"1600\" \/>\n\t<meta property=\"og:image:height\" content=\"899\" \/>\n\t<meta property=\"og:image:type\" content=\"image\/jpeg\" \/>\n<meta name=\"author\" content=\"Karen Bueno\" \/>\n<meta name=\"twitter:card\" content=\"summary_large_image\" \/>\n<meta name=\"twitter:label1\" content=\"Escrito por\" \/>\n\t<meta name=\"twitter:data1\" content=\"Karen Bueno\" \/>\n\t<meta name=\"twitter:label2\" content=\"Tempo estimado de leitura\" \/>\n\t<meta name=\"twitter:data2\" content=\"3 minutos\" \/>\n<script type=\"application\/ld+json\" class=\"yoast-schema-graph\">{\"@context\":\"https:\\\/\\\/schema.org\",\"@graph\":[{\"@type\":\"Article\",\"@id\":\"https:\\\/\\\/schoenstatt.com\\\/pt-pt\\\/18-bispos-peregrinam-ao-santuario-do-rio-de-janeiro\\\/#article\",\"isPartOf\":{\"@id\":\"https:\\\/\\\/schoenstatt.com\\\/pt-pt\\\/18-bispos-peregrinam-ao-santuario-do-rio-de-janeiro\\\/\"},\"author\":{\"name\":\"Karen Bueno\",\"@id\":\"https:\\\/\\\/schoenstatt.com\\\/pt-pt\\\/#\\\/schema\\\/person\\\/5158877ad4acae98b34daaeef2a1ce6e\"},\"headline\":\"18 Bispos peregrinam ao Santu\u00e1rio do Rio de Janeiro\",\"datePublished\":\"2025-07-04T01:03:00+00:00\",\"dateModified\":\"2025-08-21T14:47:12+00:00\",\"mainEntityOfPage\":{\"@id\":\"https:\\\/\\\/schoenstatt.com\\\/pt-pt\\\/18-bispos-peregrinam-ao-santuario-do-rio-de-janeiro\\\/\"},\"wordCount\":371,\"publisher\":{\"@id\":\"https:\\\/\\\/schoenstatt.com\\\/pt-pt\\\/#organization\"},\"image\":{\"@id\":\"https:\\\/\\\/schoenstatt.com\\\/pt-pt\\\/18-bispos-peregrinam-ao-santuario-do-rio-de-janeiro\\\/#primaryimage\"},\"thumbnailUrl\":\"https:\\\/\\\/schoenstatt.com\\\/wp-content\\\/uploads\\\/2025\\\/07\\\/Bispos-Rio-de-Janeiro-Brazil.jpg\",\"keywords\":[\"Schoenstatt Brasil\"],\"articleSection\":[\"Am\u00e9rica\",\"Igreja\"],\"inLanguage\":\"pt-PT\"},{\"@type\":\"WebPage\",\"@id\":\"https:\\\/\\\/schoenstatt.com\\\/pt-pt\\\/18-bispos-peregrinam-ao-santuario-do-rio-de-janeiro\\\/\",\"url\":\"https:\\\/\\\/schoenstatt.com\\\/pt-pt\\\/18-bispos-peregrinam-ao-santuario-do-rio-de-janeiro\\\/\",\"name\":\"18 Bispos peregrinam ao Santu\u00e1rio do Rio de Janeiro - Schoenstatt\",\"isPartOf\":{\"@id\":\"https:\\\/\\\/schoenstatt.com\\\/pt-pt\\\/#website\"},\"primaryImageOfPage\":{\"@id\":\"https:\\\/\\\/schoenstatt.com\\\/pt-pt\\\/18-bispos-peregrinam-ao-santuario-do-rio-de-janeiro\\\/#primaryimage\"},\"image\":{\"@id\":\"https:\\\/\\\/schoenstatt.com\\\/pt-pt\\\/18-bispos-peregrinam-ao-santuario-do-rio-de-janeiro\\\/#primaryimage\"},\"thumbnailUrl\":\"https:\\\/\\\/schoenstatt.com\\\/wp-content\\\/uploads\\\/2025\\\/07\\\/Bispos-Rio-de-Janeiro-Brazil.jpg\",\"datePublished\":\"2025-07-04T01:03:00+00:00\",\"dateModified\":\"2025-08-21T14:47:12+00:00\",\"description\":\"A peregrina\u00e7\u00e3o jubilar contou com a presen\u00e7a de 18 bispos, tendo \u00e0 frente o Cardeal Arcebispo do Rio de Janeiro.\",\"breadcrumb\":{\"@id\":\"https:\\\/\\\/schoenstatt.com\\\/pt-pt\\\/18-bispos-peregrinam-ao-santuario-do-rio-de-janeiro\\\/#breadcrumb\"},\"inLanguage\":\"pt-PT\",\"potentialAction\":[{\"@type\":\"ReadAction\",\"target\":[\"https:\\\/\\\/schoenstatt.com\\\/pt-pt\\\/18-bispos-peregrinam-ao-santuario-do-rio-de-janeiro\\\/\"]}]},{\"@type\":\"ImageObject\",\"inLanguage\":\"pt-PT\",\"@id\":\"https:\\\/\\\/schoenstatt.com\\\/pt-pt\\\/18-bispos-peregrinam-ao-santuario-do-rio-de-janeiro\\\/#primaryimage\",\"url\":\"https:\\\/\\\/schoenstatt.com\\\/wp-content\\\/uploads\\\/2025\\\/07\\\/Bispos-Rio-de-Janeiro-Brazil.jpg\",\"contentUrl\":\"https:\\\/\\\/schoenstatt.com\\\/wp-content\\\/uploads\\\/2025\\\/07\\\/Bispos-Rio-de-Janeiro-Brazil.jpg\",\"width\":1600,\"height\":899},{\"@type\":\"BreadcrumbList\",\"@id\":\"https:\\\/\\\/schoenstatt.com\\\/pt-pt\\\/18-bispos-peregrinam-ao-santuario-do-rio-de-janeiro\\\/#breadcrumb\",\"itemListElement\":[{\"@type\":\"ListItem\",\"position\":1,\"name\":\"Portada\",\"item\":\"https:\\\/\\\/schoenstatt.com\\\/pt-pt\\\/home\\\/\"},{\"@type\":\"ListItem\",\"position\":2,\"name\":\"18 Bispos peregrinam ao Santu\u00e1rio do Rio de Janeiro\"}]},{\"@type\":\"WebSite\",\"@id\":\"https:\\\/\\\/schoenstatt.com\\\/pt-pt\\\/#website\",\"url\":\"https:\\\/\\\/schoenstatt.com\\\/pt-pt\\\/\",\"name\":\"Schoenstatt\",\"description\":\"Apostolic Movement\",\"publisher\":{\"@id\":\"https:\\\/\\\/schoenstatt.com\\\/pt-pt\\\/#organization\"},\"potentialAction\":[{\"@type\":\"SearchAction\",\"target\":{\"@type\":\"EntryPoint\",\"urlTemplate\":\"https:\\\/\\\/schoenstatt.com\\\/pt-pt\\\/?s={search_term_string}\"},\"query-input\":{\"@type\":\"PropertyValueSpecification\",\"valueRequired\":true,\"valueName\":\"search_term_string\"}}],\"inLanguage\":\"pt-PT\"},{\"@type\":\"Organization\",\"@id\":\"https:\\\/\\\/schoenstatt.com\\\/pt-pt\\\/#organization\",\"name\":\"Schoenstatt\",\"url\":\"https:\\\/\\\/schoenstatt.com\\\/pt-pt\\\/\",\"logo\":{\"@type\":\"ImageObject\",\"inLanguage\":\"pt-PT\",\"@id\":\"https:\\\/\\\/schoenstatt.com\\\/pt-pt\\\/#\\\/schema\\\/logo\\\/image\\\/\",\"url\":\"https:\\\/\\\/schoenstatt.com\\\/wp-content\\\/uploads\\\/2025\\\/04\\\/logo-schoenstatt-white-696x696-1.png\",\"contentUrl\":\"https:\\\/\\\/schoenstatt.com\\\/wp-content\\\/uploads\\\/2025\\\/04\\\/logo-schoenstatt-white-696x696-1.png\",\"width\":696,\"height\":694,\"caption\":\"Schoenstatt\"},\"image\":{\"@id\":\"https:\\\/\\\/schoenstatt.com\\\/pt-pt\\\/#\\\/schema\\\/logo\\\/image\\\/\"}},{\"@type\":\"Person\",\"@id\":\"https:\\\/\\\/schoenstatt.com\\\/pt-pt\\\/#\\\/schema\\\/person\\\/5158877ad4acae98b34daaeef2a1ce6e\",\"name\":\"Karen Bueno\",\"image\":{\"@type\":\"ImageObject\",\"inLanguage\":\"pt-PT\",\"@id\":\"https:\\\/\\\/secure.gravatar.com\\\/avatar\\\/f9f4b823873154269d2b2130f195f6d41037dd0d7fc5f3cacb5c846bae70d66b?s=96&d=mm&r=g\",\"url\":\"https:\\\/\\\/secure.gravatar.com\\\/avatar\\\/f9f4b823873154269d2b2130f195f6d41037dd0d7fc5f3cacb5c846bae70d66b?s=96&d=mm&r=g\",\"contentUrl\":\"https:\\\/\\\/secure.gravatar.com\\\/avatar\\\/f9f4b823873154269d2b2130f195f6d41037dd0d7fc5f3cacb5c846bae70d66b?s=96&d=mm&r=g\",\"caption\":\"Karen Bueno\"},\"url\":\"https:\\\/\\\/schoenstatt.com\\\/pt-pt\\\/author\\\/karen-bueno\\\/\"}]}<\/script>\n<!-- \/ Yoast SEO Premium plugin. -->","yoast_head_json":{"title":"18 Bispos peregrinam ao Santu\u00e1rio do Rio de Janeiro - Schoenstatt","description":"A peregrina\u00e7\u00e3o jubilar contou com a presen\u00e7a de 18 bispos, tendo \u00e0 frente o Cardeal Arcebispo do Rio de Janeiro.","robots":{"index":"index","follow":"follow","max-snippet":"max-snippet:-1","max-image-preview":"max-image-preview:large","max-video-preview":"max-video-preview:-1"},"canonical":"https:\/\/schoenstatt.com\/pt-pt\/18-bispos-peregrinam-ao-santuario-do-rio-de-janeiro\/","og_locale":"pt_PT","og_type":"article","og_title":"18 Bispos peregrinam ao Santu\u00e1rio do Rio de Janeiro","og_description":"A peregrina\u00e7\u00e3o jubilar contou com a presen\u00e7a de 18 bispos, tendo \u00e0 frente o Cardeal Arcebispo do Rio de Janeiro.","og_url":"https:\/\/schoenstatt.com\/pt-pt\/18-bispos-peregrinam-ao-santuario-do-rio-de-janeiro\/","og_site_name":"Schoenstatt","article_published_time":"2025-07-04T01:03:00+00:00","article_modified_time":"2025-08-21T14:47:12+00:00","og_image":[{"width":1600,"height":899,"url":"https:\/\/schoenstatt.com\/wp-content\/uploads\/2025\/07\/Bispos-Rio-de-Janeiro-Brazil.jpg","type":"image\/jpeg"}],"author":"Karen Bueno","twitter_card":"summary_large_image","twitter_misc":{"Escrito por":"Karen Bueno","Tempo estimado de leitura":"3 minutos"},"schema":{"@context":"https:\/\/schema.org","@graph":[{"@type":"Article","@id":"https:\/\/schoenstatt.com\/pt-pt\/18-bispos-peregrinam-ao-santuario-do-rio-de-janeiro\/#article","isPartOf":{"@id":"https:\/\/schoenstatt.com\/pt-pt\/18-bispos-peregrinam-ao-santuario-do-rio-de-janeiro\/"},"author":{"name":"Karen Bueno","@id":"https:\/\/schoenstatt.com\/pt-pt\/#\/schema\/person\/5158877ad4acae98b34daaeef2a1ce6e"},"headline":"18 Bispos peregrinam ao Santu\u00e1rio do Rio de Janeiro","datePublished":"2025-07-04T01:03:00+00:00","dateModified":"2025-08-21T14:47:12+00:00","mainEntityOfPage":{"@id":"https:\/\/schoenstatt.com\/pt-pt\/18-bispos-peregrinam-ao-santuario-do-rio-de-janeiro\/"},"wordCount":371,"publisher":{"@id":"https:\/\/schoenstatt.com\/pt-pt\/#organization"},"image":{"@id":"https:\/\/schoenstatt.com\/pt-pt\/18-bispos-peregrinam-ao-santuario-do-rio-de-janeiro\/#primaryimage"},"thumbnailUrl":"https:\/\/schoenstatt.com\/wp-content\/uploads\/2025\/07\/Bispos-Rio-de-Janeiro-Brazil.jpg","keywords":["Schoenstatt Brasil"],"articleSection":["Am\u00e9rica","Igreja"],"inLanguage":"pt-PT"},{"@type":"WebPage","@id":"https:\/\/schoenstatt.com\/pt-pt\/18-bispos-peregrinam-ao-santuario-do-rio-de-janeiro\/","url":"https:\/\/schoenstatt.com\/pt-pt\/18-bispos-peregrinam-ao-santuario-do-rio-de-janeiro\/","name":"18 Bispos peregrinam ao Santu\u00e1rio do Rio de Janeiro - Schoenstatt","isPartOf":{"@id":"https:\/\/schoenstatt.com\/pt-pt\/#website"},"primaryImageOfPage":{"@id":"https:\/\/schoenstatt.com\/pt-pt\/18-bispos-peregrinam-ao-santuario-do-rio-de-janeiro\/#primaryimage"},"image":{"@id":"https:\/\/schoenstatt.com\/pt-pt\/18-bispos-peregrinam-ao-santuario-do-rio-de-janeiro\/#primaryimage"},"thumbnailUrl":"https:\/\/schoenstatt.com\/wp-content\/uploads\/2025\/07\/Bispos-Rio-de-Janeiro-Brazil.jpg","datePublished":"2025-07-04T01:03:00+00:00","dateModified":"2025-08-21T14:47:12+00:00","description":"A peregrina\u00e7\u00e3o jubilar contou com a presen\u00e7a de 18 bispos, tendo \u00e0 frente o Cardeal Arcebispo do Rio de Janeiro.","breadcrumb":{"@id":"https:\/\/schoenstatt.com\/pt-pt\/18-bispos-peregrinam-ao-santuario-do-rio-de-janeiro\/#breadcrumb"},"inLanguage":"pt-PT","potentialAction":[{"@type":"ReadAction","target":["https:\/\/schoenstatt.com\/pt-pt\/18-bispos-peregrinam-ao-santuario-do-rio-de-janeiro\/"]}]},{"@type":"ImageObject","inLanguage":"pt-PT","@id":"https:\/\/schoenstatt.com\/pt-pt\/18-bispos-peregrinam-ao-santuario-do-rio-de-janeiro\/#primaryimage","url":"https:\/\/schoenstatt.com\/wp-content\/uploads\/2025\/07\/Bispos-Rio-de-Janeiro-Brazil.jpg","contentUrl":"https:\/\/schoenstatt.com\/wp-content\/uploads\/2025\/07\/Bispos-Rio-de-Janeiro-Brazil.jpg","width":1600,"height":899},{"@type":"BreadcrumbList","@id":"https:\/\/schoenstatt.com\/pt-pt\/18-bispos-peregrinam-ao-santuario-do-rio-de-janeiro\/#breadcrumb","itemListElement":[{"@type":"ListItem","position":1,"name":"Portada","item":"https:\/\/schoenstatt.com\/pt-pt\/home\/"},{"@type":"ListItem","position":2,"name":"18 Bispos peregrinam ao Santu\u00e1rio do Rio de Janeiro"}]},{"@type":"WebSite","@id":"https:\/\/schoenstatt.com\/pt-pt\/#website","url":"https:\/\/schoenstatt.com\/pt-pt\/","name":"Schoenstatt","description":"Apostolic Movement","publisher":{"@id":"https:\/\/schoenstatt.com\/pt-pt\/#organization"},"potentialAction":[{"@type":"SearchAction","target":{"@type":"EntryPoint","urlTemplate":"https:\/\/schoenstatt.com\/pt-pt\/?s={search_term_string}"},"query-input":{"@type":"PropertyValueSpecification","valueRequired":true,"valueName":"search_term_string"}}],"inLanguage":"pt-PT"},{"@type":"Organization","@id":"https:\/\/schoenstatt.com\/pt-pt\/#organization","name":"Schoenstatt","url":"https:\/\/schoenstatt.com\/pt-pt\/","logo":{"@type":"ImageObject","inLanguage":"pt-PT","@id":"https:\/\/schoenstatt.com\/pt-pt\/#\/schema\/logo\/image\/","url":"https:\/\/schoenstatt.com\/wp-content\/uploads\/2025\/04\/logo-schoenstatt-white-696x696-1.png","contentUrl":"https:\/\/schoenstatt.com\/wp-content\/uploads\/2025\/04\/logo-schoenstatt-white-696x696-1.png","width":696,"height":694,"caption":"Schoenstatt"},"image":{"@id":"https:\/\/schoenstatt.com\/pt-pt\/#\/schema\/logo\/image\/"}},{"@type":"Person","@id":"https:\/\/schoenstatt.com\/pt-pt\/#\/schema\/person\/5158877ad4acae98b34daaeef2a1ce6e","name":"Karen Bueno","image":{"@type":"ImageObject","inLanguage":"pt-PT","@id":"https:\/\/secure.gravatar.com\/avatar\/f9f4b823873154269d2b2130f195f6d41037dd0d7fc5f3cacb5c846bae70d66b?s=96&d=mm&r=g","url":"https:\/\/secure.gravatar.com\/avatar\/f9f4b823873154269d2b2130f195f6d41037dd0d7fc5f3cacb5c846bae70d66b?s=96&d=mm&r=g","contentUrl":"https:\/\/secure.gravatar.com\/avatar\/f9f4b823873154269d2b2130f195f6d41037dd0d7fc5f3cacb5c846bae70d66b?s=96&d=mm&r=g","caption":"Karen Bueno"},"url":"https:\/\/schoenstatt.com\/pt-pt\/author\/karen-bueno\/"}]}},"_links":{"self":[{"href":"https:\/\/schoenstatt.com\/pt-pt\/wp-json\/wp\/v2\/posts\/60433","targetHints":{"allow":["GET"]}}],"collection":[{"href":"https:\/\/schoenstatt.com\/pt-pt\/wp-json\/wp\/v2\/posts"}],"about":[{"href":"https:\/\/schoenstatt.com\/pt-pt\/wp-json\/wp\/v2\/types\/post"}],"author":[{"embeddable":true,"href":"https:\/\/schoenstatt.com\/pt-pt\/wp-json\/wp\/v2\/users\/3"}],"replies":[{"embeddable":true,"href":"https:\/\/schoenstatt.com\/pt-pt\/wp-json\/wp\/v2\/comments?post=60433"}],"version-history":[{"count":1,"href":"https:\/\/schoenstatt.com\/pt-pt\/wp-json\/wp\/v2\/posts\/60433\/revisions"}],"predecessor-version":[{"id":60434,"href":"https:\/\/schoenstatt.com\/pt-pt\/wp-json\/wp\/v2\/posts\/60433\/revisions\/60434"}],"wp:featuredmedia":[{"embeddable":true,"href":"https:\/\/schoenstatt.com\/pt-pt\/wp-json\/wp\/v2\/media\/60409"}],"wp:attachment":[{"href":"https:\/\/schoenstatt.com\/pt-pt\/wp-json\/wp\/v2\/media?parent=60433"}],"wp:term":[{"taxonomy":"category","embeddable":true,"href":"https:\/\/schoenstatt.com\/pt-pt\/wp-json\/wp\/v2\/categories?post=60433"},{"taxonomy":"post_tag","embeddable":true,"href":"https:\/\/schoenstatt.com\/pt-pt\/wp-json\/wp\/v2\/tags?post=60433"}],"curies":[{"name":"wp","href":"https:\/\/api.w.org\/{rel}","templated":true}]}}