{"id":60393,"date":"2025-07-03T13:48:02","date_gmt":"2025-07-03T11:48:02","guid":{"rendered":"https:\/\/schoenstatt.com\/?p=60393"},"modified":"2025-07-03T15:48:38","modified_gmt":"2025-07-03T13:48:38","slug":"ano-da-esperanca-as-paroquias-de-pozuelo-unidas-no-santuario-de-schoenstatt","status":"publish","type":"post","link":"https:\/\/schoenstatt.com\/pt-pt\/ano-da-esperanca-as-paroquias-de-pozuelo-unidas-no-santuario-de-schoenstatt\/","title":{"rendered":"Ano da Esperan\u00e7a: As par\u00f3quias de Pozuelo unidas no Santu\u00e1rio de Schoenstatt"},"content":{"rendered":"\n<p>O Santu\u00e1rio de Schoenstatt em Pozuelo de Alarc\u00f3n, Espanha, foi o ponto de partida de uma emocionante celebra\u00e7\u00e3o conjunta de Corpus Christi, no dia 22 de junho, que reuniu as seis par\u00f3quias do munic\u00edpio por ocasi\u00e3o do Jubileu da Esperan\u00e7a. A celebra\u00e7\u00e3o reuniu cerca de 1.000 pessoas, provenientes das diferentes comunidades paroquiais, que caminharam unidas em uma \u00fanica f\u00e9. A escolha do Santu\u00e1rio como ponto de partida da prociss\u00e3o foi acolhida com profunda alegria pela Fam\u00edlia de Schoenstatt local, que viu nesta oportunidade um chamado a se colocar a servi\u00e7o, como Maria, e a abrir generosamente as portas da Casa da M\u00e3e.<\/p>\n\n\n\n<p>Tudo foi preparado com carinho e dedica\u00e7\u00e3o para receber os peregrinos. O Santu\u00e1rio e sua esplanada se transformaram em um espa\u00e7o sagrado de comunh\u00e3o fraterna. Como express\u00e3o concreta de f\u00e9 e beleza, a Fam\u00edlia de Schoenstatt tamb\u00e9m se mobilizou para confeccionar, pela primeira vez no Santu\u00e1rio, um colorido e tradicional tapete de Corpus Christi \u2013 um gesto presente em muitas regi\u00f5es do mundo cat\u00f3lico. A iniciativa atraiu a curiosidade de muitas crian\u00e7as, que acompanharam com entusiasmo sua confec\u00e7\u00e3o. No final, foram convidadas a deixar as marcas de suas m\u00e3ozinhas no tapete: um gesto simples e comovente, que preparou o caminho por onde Jesus Sacramentado passaria, dando in\u00edcio \u00e0 prociss\u00e3o pela cidade.<\/p>\n\n\n\n<figure class=\"wp-block-image aligncenter size-full is-resized\"><img decoding=\"async\" src=\"https:\/\/schoenstatt.com\/wp-content\/uploads\/2025\/07\/jesus-eucaristy.jpg\" alt=\"\" class=\"wp-image-60383\" style=\"width:auto;height:800px\"\/><\/figure>\n\n\n\n<h3 class=\"wp-block-heading\" id=\"h-a-familia-de-schoenstatt-viveu-sua-missao-de-ser-coracao-da-igreja\">A Fam\u00edlia de Schoenstatt viveu sua miss\u00e3o de ser \u201cCora\u00e7\u00e3o da Igreja\u201d<\/h3>\n\n\n\n<p>A Casa da M\u00e3e foi decorada com beleza, simplicidade e esp\u00edrito de ora\u00e7\u00e3o, pronta para receber todos os que chegavam para a Santa Missa \u2014 especialmente as crian\u00e7as, que, vestidas com suas roupas de Primeira Comunh\u00e3o, ocuparam um lugar de honra e participaram com grande devo\u00e7\u00e3o, expressando com gestos simples a pureza e a f\u00e9 em Jesus Sacramentado.<\/p>\n\n\n\n<p>A celebra\u00e7\u00e3o da Santa Missa deu in\u00edcio \u00e0 tarde festiva e ensolarada, marcada por um profundo sentido de comunh\u00e3o. A presen\u00e7a de Maria foi sentida de maneira especial como aquela que une todos e prepara o caminho para seu Filho. A Fam\u00edlia de Schoenstatt viveu sua miss\u00e3o de ser \u201cCora\u00e7\u00e3o da Igreja\u201d atrav\u00e9s do servi\u00e7o, da hospitalidade e da alegria no acolhimento.<\/p>\n\n\n\n<figure class=\"wp-block-gallery has-nested-images columns-default is-cropped wp-block-gallery-1 is-layout-flex wp-block-gallery-is-layout-flex\">\n<figure class=\"wp-block-image size-large\"><img decoding=\"async\" data-id=\"60372\" src=\"https:\/\/schoenstatt.com\/wp-content\/uploads\/2025\/07\/children-kids.jpg\" alt=\"\" class=\"wp-image-60372\"\/><\/figure>\n\n\n\n<figure class=\"wp-block-image size-large\"><img decoding=\"async\" data-id=\"60377\" src=\"https:\/\/schoenstatt.com\/wp-content\/uploads\/2025\/07\/Pozuelo-Spain-Sisters-of-Mary.jpg\" alt=\"\" class=\"wp-image-60377\"\/><\/figure>\n<\/figure>\n\n\n\n<h3 class=\"wp-block-heading\" id=\"h-a-procissao-com-o-santissimo-sacramento-ao-som-de-uma-banda\">A prociss\u00e3o com o Sant\u00edssimo Sacramento ao som de uma banda<\/h3>\n\n\n\n<p>Logo ap\u00f3s a Eucaristia, a prociss\u00e3o com o Sant\u00edssimo Sacramento percorreu, ao som de uma banda, as ruas dedicadas a grandes pont\u00edfices, como S\u00e3o Paulo VI e S\u00e3o Jo\u00e3o Paulo II, passando por belos monumentos preparados pelas par\u00f3quias. O ritmo solene da m\u00fasica acompanhou a caminhada dos fi\u00e9is, criando um ambiente de ora\u00e7\u00e3o, rever\u00eancia e festa. O percurso terminou com um momento de adora\u00e7\u00e3o nas proximidades da Avenida Jo\u00e3o XXIII, onde, de forma festiva, os fi\u00e9is, juntamente com seus p\u00e1rocos, encerraram este momento de gra\u00e7as especiais para o munic\u00edpio.<\/p>\n\n\n\n<figure class=\"wp-block-gallery has-nested-images columns-default is-cropped wp-block-gallery-2 is-layout-flex wp-block-gallery-is-layout-flex\">\n<figure class=\"wp-block-image size-large\"><img decoding=\"async\" data-id=\"60398\" src=\"https:\/\/schoenstatt.com\/wp-content\/uploads\/2025\/07\/jesus-eucaristy-3.webp\" alt=\"\" class=\"wp-image-60398\"\/><\/figure>\n\n\n\n<figure class=\"wp-block-image size-large\"><img decoding=\"async\" data-id=\"60370\" src=\"https:\/\/schoenstatt.com\/wp-content\/uploads\/2025\/07\/pozuelo.webp\" alt=\"\" class=\"wp-image-60370\"\/><\/figure>\n<\/figure>\n\n\n\n<p>Esta celebra\u00e7\u00e3o foi muito mais do que um evento religioso: foi uma verdadeira express\u00e3o de comunh\u00e3o e miss\u00e3o compartilhada. Para a Fam\u00edlia de Schoenstatt, foi uma oportunidade concreta de viver a Alian\u00e7a de Amor de forma apost\u00f3lica, servindo a Igreja local com esp\u00edrito mariano.<\/p>\n\n\n\n<p>Com gratid\u00e3o e cora\u00e7\u00f5es cheios de esperan\u00e7a, todos expressaram o desejo de que esta experi\u00eancia se repita no pr\u00f3ximo ano \u2014 como sinal de uma Igreja viva, que caminha unida com Cristo Eucar\u00edstico, sob o olhar amoroso de Maria.<\/p>\n","protected":false},"excerpt":{"rendered":"<p>A celebra\u00e7\u00e3o do Corpus Christi uniu as seis par\u00f3quias de Pozuelo, na Espanha, no Santu\u00e1rio de Schoenstatt.<\/p>\n","protected":false},"author":3,"featured_media":60365,"comment_status":"closed","ping_status":"closed","sticky":false,"template":"","format":"standard","meta":{"footnotes":""},"categories":[872],"tags":[],"class_list":["post-60393","post","type-post","status-publish","format-standard","has-post-thumbnail","hentry","category-europa-pt-pt"],"yoast_head":"<!-- This site is optimized with the Yoast SEO Premium plugin v27.4 (Yoast SEO v27.4) - https:\/\/yoast.com\/product\/yoast-seo-premium-wordpress\/ -->\n<title>Ano da Esperan\u00e7a: As par\u00f3quias de Pozuelo unidas no Santu\u00e1rio de Schoenstatt<\/title>\n<meta name=\"description\" content=\"A celebra\u00e7\u00e3o do Corpus Christi uniu as seis par\u00f3quias de Pozuelo, na Espanha, no Santu\u00e1rio de Schoenstatt.\" \/>\n<meta name=\"robots\" content=\"index, follow, max-snippet:-1, max-image-preview:large, max-video-preview:-1\" \/>\n<link rel=\"canonical\" href=\"https:\/\/schoenstatt.com\/pt-pt\/ano-da-esperanca-as-paroquias-de-pozuelo-unidas-no-santuario-de-schoenstatt\/\" \/>\n<meta property=\"og:locale\" content=\"pt_PT\" \/>\n<meta property=\"og:type\" content=\"article\" \/>\n<meta property=\"og:title\" content=\"Ano da Esperan\u00e7a: As par\u00f3quias de Pozuelo unidas no Santu\u00e1rio de Schoenstatt\" \/>\n<meta property=\"og:description\" content=\"A celebra\u00e7\u00e3o do Corpus Christi uniu as seis par\u00f3quias de Pozuelo, na Espanha, no Santu\u00e1rio de Schoenstatt.\" \/>\n<meta property=\"og:url\" content=\"https:\/\/schoenstatt.com\/pt-pt\/ano-da-esperanca-as-paroquias-de-pozuelo-unidas-no-santuario-de-schoenstatt\/\" \/>\n<meta property=\"og:site_name\" content=\"Schoenstatt\" \/>\n<meta property=\"article:published_time\" content=\"2025-07-03T11:48:02+00:00\" \/>\n<meta property=\"article:modified_time\" content=\"2025-07-03T13:48:38+00:00\" \/>\n<meta property=\"og:image\" content=\"https:\/\/schoenstatt.com\/wp-content\/uploads\/2025\/07\/Schoenstatt-Pozuelo-Spain.webp\" \/>\n\t<meta property=\"og:image:width\" content=\"1200\" \/>\n\t<meta property=\"og:image:height\" content=\"820\" \/>\n\t<meta property=\"og:image:type\" content=\"image\/jpeg\" \/>\n<meta name=\"author\" content=\"Karen Bueno\" \/>\n<meta name=\"twitter:card\" content=\"summary_large_image\" \/>\n<meta name=\"twitter:label1\" content=\"Escrito por\" \/>\n\t<meta name=\"twitter:data1\" content=\"Karen Bueno\" \/>\n\t<meta name=\"twitter:label2\" content=\"Tempo estimado de leitura\" \/>\n\t<meta name=\"twitter:data2\" content=\"5 minutos\" \/>\n<script type=\"application\/ld+json\" class=\"yoast-schema-graph\">{\"@context\":\"https:\\\/\\\/schema.org\",\"@graph\":[{\"@type\":\"Article\",\"@id\":\"https:\\\/\\\/schoenstatt.com\\\/pt-pt\\\/ano-da-esperanca-as-paroquias-de-pozuelo-unidas-no-santuario-de-schoenstatt\\\/#article\",\"isPartOf\":{\"@id\":\"https:\\\/\\\/schoenstatt.com\\\/pt-pt\\\/ano-da-esperanca-as-paroquias-de-pozuelo-unidas-no-santuario-de-schoenstatt\\\/\"},\"author\":{\"name\":\"Karen Bueno\",\"@id\":\"https:\\\/\\\/schoenstatt.com\\\/pt-pt\\\/#\\\/schema\\\/person\\\/5158877ad4acae98b34daaeef2a1ce6e\"},\"headline\":\"Ano da Esperan\u00e7a: As par\u00f3quias de Pozuelo unidas no Santu\u00e1rio de Schoenstatt\",\"datePublished\":\"2025-07-03T11:48:02+00:00\",\"dateModified\":\"2025-07-03T13:48:38+00:00\",\"mainEntityOfPage\":{\"@id\":\"https:\\\/\\\/schoenstatt.com\\\/pt-pt\\\/ano-da-esperanca-as-paroquias-de-pozuelo-unidas-no-santuario-de-schoenstatt\\\/\"},\"wordCount\":616,\"publisher\":{\"@id\":\"https:\\\/\\\/schoenstatt.com\\\/pt-pt\\\/#organization\"},\"image\":{\"@id\":\"https:\\\/\\\/schoenstatt.com\\\/pt-pt\\\/ano-da-esperanca-as-paroquias-de-pozuelo-unidas-no-santuario-de-schoenstatt\\\/#primaryimage\"},\"thumbnailUrl\":\"https:\\\/\\\/schoenstatt.com\\\/wp-content\\\/uploads\\\/2025\\\/07\\\/Schoenstatt-Pozuelo-Spain.webp\",\"articleSection\":[\"Europa\"],\"inLanguage\":\"pt-PT\"},{\"@type\":\"WebPage\",\"@id\":\"https:\\\/\\\/schoenstatt.com\\\/pt-pt\\\/ano-da-esperanca-as-paroquias-de-pozuelo-unidas-no-santuario-de-schoenstatt\\\/\",\"url\":\"https:\\\/\\\/schoenstatt.com\\\/pt-pt\\\/ano-da-esperanca-as-paroquias-de-pozuelo-unidas-no-santuario-de-schoenstatt\\\/\",\"name\":\"Ano da Esperan\u00e7a: As par\u00f3quias de Pozuelo unidas no Santu\u00e1rio de Schoenstatt\",\"isPartOf\":{\"@id\":\"https:\\\/\\\/schoenstatt.com\\\/pt-pt\\\/#website\"},\"primaryImageOfPage\":{\"@id\":\"https:\\\/\\\/schoenstatt.com\\\/pt-pt\\\/ano-da-esperanca-as-paroquias-de-pozuelo-unidas-no-santuario-de-schoenstatt\\\/#primaryimage\"},\"image\":{\"@id\":\"https:\\\/\\\/schoenstatt.com\\\/pt-pt\\\/ano-da-esperanca-as-paroquias-de-pozuelo-unidas-no-santuario-de-schoenstatt\\\/#primaryimage\"},\"thumbnailUrl\":\"https:\\\/\\\/schoenstatt.com\\\/wp-content\\\/uploads\\\/2025\\\/07\\\/Schoenstatt-Pozuelo-Spain.webp\",\"datePublished\":\"2025-07-03T11:48:02+00:00\",\"dateModified\":\"2025-07-03T13:48:38+00:00\",\"description\":\"A celebra\u00e7\u00e3o do Corpus Christi uniu as seis par\u00f3quias de Pozuelo, na Espanha, no Santu\u00e1rio de Schoenstatt.\",\"breadcrumb\":{\"@id\":\"https:\\\/\\\/schoenstatt.com\\\/pt-pt\\\/ano-da-esperanca-as-paroquias-de-pozuelo-unidas-no-santuario-de-schoenstatt\\\/#breadcrumb\"},\"inLanguage\":\"pt-PT\",\"potentialAction\":[{\"@type\":\"ReadAction\",\"target\":[\"https:\\\/\\\/schoenstatt.com\\\/pt-pt\\\/ano-da-esperanca-as-paroquias-de-pozuelo-unidas-no-santuario-de-schoenstatt\\\/\"]}]},{\"@type\":\"ImageObject\",\"inLanguage\":\"pt-PT\",\"@id\":\"https:\\\/\\\/schoenstatt.com\\\/pt-pt\\\/ano-da-esperanca-as-paroquias-de-pozuelo-unidas-no-santuario-de-schoenstatt\\\/#primaryimage\",\"url\":\"https:\\\/\\\/schoenstatt.com\\\/wp-content\\\/uploads\\\/2025\\\/07\\\/Schoenstatt-Pozuelo-Spain.webp\",\"contentUrl\":\"https:\\\/\\\/schoenstatt.com\\\/wp-content\\\/uploads\\\/2025\\\/07\\\/Schoenstatt-Pozuelo-Spain.webp\",\"width\":1200,\"height\":820},{\"@type\":\"BreadcrumbList\",\"@id\":\"https:\\\/\\\/schoenstatt.com\\\/pt-pt\\\/ano-da-esperanca-as-paroquias-de-pozuelo-unidas-no-santuario-de-schoenstatt\\\/#breadcrumb\",\"itemListElement\":[{\"@type\":\"ListItem\",\"position\":1,\"name\":\"Portada\",\"item\":\"https:\\\/\\\/schoenstatt.com\\\/pt-pt\\\/home\\\/\"},{\"@type\":\"ListItem\",\"position\":2,\"name\":\"Ano da Esperan\u00e7a: As par\u00f3quias de Pozuelo unidas no Santu\u00e1rio de Schoenstatt\"}]},{\"@type\":\"WebSite\",\"@id\":\"https:\\\/\\\/schoenstatt.com\\\/pt-pt\\\/#website\",\"url\":\"https:\\\/\\\/schoenstatt.com\\\/pt-pt\\\/\",\"name\":\"Schoenstatt\",\"description\":\"Apostolic Movement\",\"publisher\":{\"@id\":\"https:\\\/\\\/schoenstatt.com\\\/pt-pt\\\/#organization\"},\"potentialAction\":[{\"@type\":\"SearchAction\",\"target\":{\"@type\":\"EntryPoint\",\"urlTemplate\":\"https:\\\/\\\/schoenstatt.com\\\/pt-pt\\\/?s={search_term_string}\"},\"query-input\":{\"@type\":\"PropertyValueSpecification\",\"valueRequired\":true,\"valueName\":\"search_term_string\"}}],\"inLanguage\":\"pt-PT\"},{\"@type\":\"Organization\",\"@id\":\"https:\\\/\\\/schoenstatt.com\\\/pt-pt\\\/#organization\",\"name\":\"Schoenstatt\",\"url\":\"https:\\\/\\\/schoenstatt.com\\\/pt-pt\\\/\",\"logo\":{\"@type\":\"ImageObject\",\"inLanguage\":\"pt-PT\",\"@id\":\"https:\\\/\\\/schoenstatt.com\\\/pt-pt\\\/#\\\/schema\\\/logo\\\/image\\\/\",\"url\":\"https:\\\/\\\/schoenstatt.com\\\/wp-content\\\/uploads\\\/2025\\\/04\\\/logo-schoenstatt-white-696x696-1.png\",\"contentUrl\":\"https:\\\/\\\/schoenstatt.com\\\/wp-content\\\/uploads\\\/2025\\\/04\\\/logo-schoenstatt-white-696x696-1.png\",\"width\":696,\"height\":694,\"caption\":\"Schoenstatt\"},\"image\":{\"@id\":\"https:\\\/\\\/schoenstatt.com\\\/pt-pt\\\/#\\\/schema\\\/logo\\\/image\\\/\"}},{\"@type\":\"Person\",\"@id\":\"https:\\\/\\\/schoenstatt.com\\\/pt-pt\\\/#\\\/schema\\\/person\\\/5158877ad4acae98b34daaeef2a1ce6e\",\"name\":\"Karen Bueno\",\"image\":{\"@type\":\"ImageObject\",\"inLanguage\":\"pt-PT\",\"@id\":\"https:\\\/\\\/secure.gravatar.com\\\/avatar\\\/f9f4b823873154269d2b2130f195f6d41037dd0d7fc5f3cacb5c846bae70d66b?s=96&d=mm&r=g\",\"url\":\"https:\\\/\\\/secure.gravatar.com\\\/avatar\\\/f9f4b823873154269d2b2130f195f6d41037dd0d7fc5f3cacb5c846bae70d66b?s=96&d=mm&r=g\",\"contentUrl\":\"https:\\\/\\\/secure.gravatar.com\\\/avatar\\\/f9f4b823873154269d2b2130f195f6d41037dd0d7fc5f3cacb5c846bae70d66b?s=96&d=mm&r=g\",\"caption\":\"Karen Bueno\"},\"url\":\"https:\\\/\\\/schoenstatt.com\\\/pt-pt\\\/author\\\/karen-bueno\\\/\"}]}<\/script>\n<!-- \/ Yoast SEO Premium plugin. -->","yoast_head_json":{"title":"Ano da Esperan\u00e7a: As par\u00f3quias de Pozuelo unidas no Santu\u00e1rio de Schoenstatt","description":"A celebra\u00e7\u00e3o do Corpus Christi uniu as seis par\u00f3quias de Pozuelo, na Espanha, no Santu\u00e1rio de Schoenstatt.","robots":{"index":"index","follow":"follow","max-snippet":"max-snippet:-1","max-image-preview":"max-image-preview:large","max-video-preview":"max-video-preview:-1"},"canonical":"https:\/\/schoenstatt.com\/pt-pt\/ano-da-esperanca-as-paroquias-de-pozuelo-unidas-no-santuario-de-schoenstatt\/","og_locale":"pt_PT","og_type":"article","og_title":"Ano da Esperan\u00e7a: As par\u00f3quias de Pozuelo unidas no Santu\u00e1rio de Schoenstatt","og_description":"A celebra\u00e7\u00e3o do Corpus Christi uniu as seis par\u00f3quias de Pozuelo, na Espanha, no Santu\u00e1rio de Schoenstatt.","og_url":"https:\/\/schoenstatt.com\/pt-pt\/ano-da-esperanca-as-paroquias-de-pozuelo-unidas-no-santuario-de-schoenstatt\/","og_site_name":"Schoenstatt","article_published_time":"2025-07-03T11:48:02+00:00","article_modified_time":"2025-07-03T13:48:38+00:00","og_image":[{"width":1200,"height":820,"url":"https:\/\/schoenstatt.com\/wp-content\/uploads\/2025\/07\/Schoenstatt-Pozuelo-Spain.webp","type":"image\/jpeg"}],"author":"Karen Bueno","twitter_card":"summary_large_image","twitter_misc":{"Escrito por":"Karen Bueno","Tempo estimado de leitura":"5 minutos"},"schema":{"@context":"https:\/\/schema.org","@graph":[{"@type":"Article","@id":"https:\/\/schoenstatt.com\/pt-pt\/ano-da-esperanca-as-paroquias-de-pozuelo-unidas-no-santuario-de-schoenstatt\/#article","isPartOf":{"@id":"https:\/\/schoenstatt.com\/pt-pt\/ano-da-esperanca-as-paroquias-de-pozuelo-unidas-no-santuario-de-schoenstatt\/"},"author":{"name":"Karen Bueno","@id":"https:\/\/schoenstatt.com\/pt-pt\/#\/schema\/person\/5158877ad4acae98b34daaeef2a1ce6e"},"headline":"Ano da Esperan\u00e7a: As par\u00f3quias de Pozuelo unidas no Santu\u00e1rio de Schoenstatt","datePublished":"2025-07-03T11:48:02+00:00","dateModified":"2025-07-03T13:48:38+00:00","mainEntityOfPage":{"@id":"https:\/\/schoenstatt.com\/pt-pt\/ano-da-esperanca-as-paroquias-de-pozuelo-unidas-no-santuario-de-schoenstatt\/"},"wordCount":616,"publisher":{"@id":"https:\/\/schoenstatt.com\/pt-pt\/#organization"},"image":{"@id":"https:\/\/schoenstatt.com\/pt-pt\/ano-da-esperanca-as-paroquias-de-pozuelo-unidas-no-santuario-de-schoenstatt\/#primaryimage"},"thumbnailUrl":"https:\/\/schoenstatt.com\/wp-content\/uploads\/2025\/07\/Schoenstatt-Pozuelo-Spain.webp","articleSection":["Europa"],"inLanguage":"pt-PT"},{"@type":"WebPage","@id":"https:\/\/schoenstatt.com\/pt-pt\/ano-da-esperanca-as-paroquias-de-pozuelo-unidas-no-santuario-de-schoenstatt\/","url":"https:\/\/schoenstatt.com\/pt-pt\/ano-da-esperanca-as-paroquias-de-pozuelo-unidas-no-santuario-de-schoenstatt\/","name":"Ano da Esperan\u00e7a: As par\u00f3quias de Pozuelo unidas no Santu\u00e1rio de Schoenstatt","isPartOf":{"@id":"https:\/\/schoenstatt.com\/pt-pt\/#website"},"primaryImageOfPage":{"@id":"https:\/\/schoenstatt.com\/pt-pt\/ano-da-esperanca-as-paroquias-de-pozuelo-unidas-no-santuario-de-schoenstatt\/#primaryimage"},"image":{"@id":"https:\/\/schoenstatt.com\/pt-pt\/ano-da-esperanca-as-paroquias-de-pozuelo-unidas-no-santuario-de-schoenstatt\/#primaryimage"},"thumbnailUrl":"https:\/\/schoenstatt.com\/wp-content\/uploads\/2025\/07\/Schoenstatt-Pozuelo-Spain.webp","datePublished":"2025-07-03T11:48:02+00:00","dateModified":"2025-07-03T13:48:38+00:00","description":"A celebra\u00e7\u00e3o do Corpus Christi uniu as seis par\u00f3quias de Pozuelo, na Espanha, no Santu\u00e1rio de Schoenstatt.","breadcrumb":{"@id":"https:\/\/schoenstatt.com\/pt-pt\/ano-da-esperanca-as-paroquias-de-pozuelo-unidas-no-santuario-de-schoenstatt\/#breadcrumb"},"inLanguage":"pt-PT","potentialAction":[{"@type":"ReadAction","target":["https:\/\/schoenstatt.com\/pt-pt\/ano-da-esperanca-as-paroquias-de-pozuelo-unidas-no-santuario-de-schoenstatt\/"]}]},{"@type":"ImageObject","inLanguage":"pt-PT","@id":"https:\/\/schoenstatt.com\/pt-pt\/ano-da-esperanca-as-paroquias-de-pozuelo-unidas-no-santuario-de-schoenstatt\/#primaryimage","url":"https:\/\/schoenstatt.com\/wp-content\/uploads\/2025\/07\/Schoenstatt-Pozuelo-Spain.webp","contentUrl":"https:\/\/schoenstatt.com\/wp-content\/uploads\/2025\/07\/Schoenstatt-Pozuelo-Spain.webp","width":1200,"height":820},{"@type":"BreadcrumbList","@id":"https:\/\/schoenstatt.com\/pt-pt\/ano-da-esperanca-as-paroquias-de-pozuelo-unidas-no-santuario-de-schoenstatt\/#breadcrumb","itemListElement":[{"@type":"ListItem","position":1,"name":"Portada","item":"https:\/\/schoenstatt.com\/pt-pt\/home\/"},{"@type":"ListItem","position":2,"name":"Ano da Esperan\u00e7a: As par\u00f3quias de Pozuelo unidas no Santu\u00e1rio de Schoenstatt"}]},{"@type":"WebSite","@id":"https:\/\/schoenstatt.com\/pt-pt\/#website","url":"https:\/\/schoenstatt.com\/pt-pt\/","name":"Schoenstatt","description":"Apostolic Movement","publisher":{"@id":"https:\/\/schoenstatt.com\/pt-pt\/#organization"},"potentialAction":[{"@type":"SearchAction","target":{"@type":"EntryPoint","urlTemplate":"https:\/\/schoenstatt.com\/pt-pt\/?s={search_term_string}"},"query-input":{"@type":"PropertyValueSpecification","valueRequired":true,"valueName":"search_term_string"}}],"inLanguage":"pt-PT"},{"@type":"Organization","@id":"https:\/\/schoenstatt.com\/pt-pt\/#organization","name":"Schoenstatt","url":"https:\/\/schoenstatt.com\/pt-pt\/","logo":{"@type":"ImageObject","inLanguage":"pt-PT","@id":"https:\/\/schoenstatt.com\/pt-pt\/#\/schema\/logo\/image\/","url":"https:\/\/schoenstatt.com\/wp-content\/uploads\/2025\/04\/logo-schoenstatt-white-696x696-1.png","contentUrl":"https:\/\/schoenstatt.com\/wp-content\/uploads\/2025\/04\/logo-schoenstatt-white-696x696-1.png","width":696,"height":694,"caption":"Schoenstatt"},"image":{"@id":"https:\/\/schoenstatt.com\/pt-pt\/#\/schema\/logo\/image\/"}},{"@type":"Person","@id":"https:\/\/schoenstatt.com\/pt-pt\/#\/schema\/person\/5158877ad4acae98b34daaeef2a1ce6e","name":"Karen Bueno","image":{"@type":"ImageObject","inLanguage":"pt-PT","@id":"https:\/\/secure.gravatar.com\/avatar\/f9f4b823873154269d2b2130f195f6d41037dd0d7fc5f3cacb5c846bae70d66b?s=96&d=mm&r=g","url":"https:\/\/secure.gravatar.com\/avatar\/f9f4b823873154269d2b2130f195f6d41037dd0d7fc5f3cacb5c846bae70d66b?s=96&d=mm&r=g","contentUrl":"https:\/\/secure.gravatar.com\/avatar\/f9f4b823873154269d2b2130f195f6d41037dd0d7fc5f3cacb5c846bae70d66b?s=96&d=mm&r=g","caption":"Karen Bueno"},"url":"https:\/\/schoenstatt.com\/pt-pt\/author\/karen-bueno\/"}]}},"_links":{"self":[{"href":"https:\/\/schoenstatt.com\/pt-pt\/wp-json\/wp\/v2\/posts\/60393","targetHints":{"allow":["GET"]}}],"collection":[{"href":"https:\/\/schoenstatt.com\/pt-pt\/wp-json\/wp\/v2\/posts"}],"about":[{"href":"https:\/\/schoenstatt.com\/pt-pt\/wp-json\/wp\/v2\/types\/post"}],"author":[{"embeddable":true,"href":"https:\/\/schoenstatt.com\/pt-pt\/wp-json\/wp\/v2\/users\/3"}],"replies":[{"embeddable":true,"href":"https:\/\/schoenstatt.com\/pt-pt\/wp-json\/wp\/v2\/comments?post=60393"}],"version-history":[{"count":2,"href":"https:\/\/schoenstatt.com\/pt-pt\/wp-json\/wp\/v2\/posts\/60393\/revisions"}],"predecessor-version":[{"id":60403,"href":"https:\/\/schoenstatt.com\/pt-pt\/wp-json\/wp\/v2\/posts\/60393\/revisions\/60403"}],"wp:featuredmedia":[{"embeddable":true,"href":"https:\/\/schoenstatt.com\/pt-pt\/wp-json\/wp\/v2\/media\/60365"}],"wp:attachment":[{"href":"https:\/\/schoenstatt.com\/pt-pt\/wp-json\/wp\/v2\/media?parent=60393"}],"wp:term":[{"taxonomy":"category","embeddable":true,"href":"https:\/\/schoenstatt.com\/pt-pt\/wp-json\/wp\/v2\/categories?post=60393"},{"taxonomy":"post_tag","embeddable":true,"href":"https:\/\/schoenstatt.com\/pt-pt\/wp-json\/wp\/v2\/tags?post=60393"}],"curies":[{"name":"wp","href":"https:\/\/api.w.org\/{rel}","templated":true}]}}