{"id":60277,"date":"2025-07-01T13:51:24","date_gmt":"2025-07-01T11:51:24","guid":{"rendered":"https:\/\/schoenstatt.com\/?p=60277"},"modified":"2025-08-21T04:03:26","modified_gmt":"2025-08-21T02:03:26","slug":"nova-missao-pastoral-comeca-na-paroquia-dos-padres-de-schoenstatt-em-roma","status":"publish","type":"post","link":"https:\/\/schoenstatt.com\/pt-pt\/nova-missao-pastoral-comeca-na-paroquia-dos-padres-de-schoenstatt-em-roma\/","title":{"rendered":"Nova miss\u00e3o pastoral come\u00e7a na Par\u00f3quia dos Padres de Schoenstatt em Roma"},"content":{"rendered":"\n<p>No domingo, 29 de junho de 2025, o Pe. Pablo David Martinez Esp\u00ecnola, pertencente ao <a href=\"https:\/\/schoenstatt.com\/pt-pt\/em-comunidade\/sacerdotes\/padres-de-schoenstatt\/\">Instituto dos Padres de Schoenstatt<\/a>, foi nomeado p\u00e1roco da Par\u00f3quia dos Santos Francisco e Catarina, padroeiros da It\u00e1lia, substituindo o Pe. Andr\u00e9s Rodr\u00edguez que, terminada sua miss\u00e3o romana, retornar\u00e1 \u00e0 Argentina (C\u00f3rdoba). A celebra\u00e7\u00e3o foi presidida pelo Cardeal Baldassarre Reina (vig\u00e1rio geral de Sua Santidade para a Diocese de Roma) e concelebrada pelos sacerdotes da par\u00f3quia e pelos Padres de Schoenstatt que compareceram para a ocasi\u00e3o.<\/p>\n\n\n\n<h3 class=\"wp-block-heading\" id=\"h-as-palavras-de-acolhida-ao-novo-paroco\">As palavras de acolhida ao novo p\u00e1roco<\/h3>\n\n\n\n<p>No in\u00edcio da missa, o novo p\u00e1roco foi apresentado pelo Dr. Giovanni Volpe, jovem membro do Conselho Pastoral, que encerrou seu discurso com as seguintes palavras:<em> \u201cA ti, Pe. Pablo, fica hoje o nosso encorajamento para continuar conhecendo esta grande par\u00f3quia, feita de casas com portas a bater, fi\u00e9is a conhecer, doentes que procuram conforto, jovens que esperam testemunhos cred\u00edveis e sinceros, de pessoas que precisam descobrir e redescobrir a f\u00e9. N\u00f3s, paroquianos, asseguramos-te as nossas ora\u00e7\u00f5es, o nosso carinho e a nossa ajuda\u201d.<\/em><\/p>\n\n\n\n<figure class=\"wp-block-gallery has-nested-images columns-default is-cropped wp-block-gallery-1 is-layout-flex wp-block-gallery-is-layout-flex\">\n<figure class=\"wp-block-image size-large\"><img decoding=\"async\" data-id=\"60233\" src=\"https:\/\/schoenstatt.com\/wp-content\/uploads\/2025\/07\/parish-of-the-Schoenstatt-Fathers-in-Rome-4.jpg\" alt=\"\" class=\"wp-image-60233\"\/><\/figure>\n\n\n\n<figure class=\"wp-block-image size-large\"><img decoding=\"async\" data-id=\"60235\" src=\"https:\/\/schoenstatt.com\/wp-content\/uploads\/2025\/07\/parish-of-the-Schoenstatt-Fathers-in-Rome-5.jpg\" alt=\"\" class=\"wp-image-60235\"\/><\/figure>\n<\/figure>\n\n\n\n<p>A homilia do Cardeal centrou-se nas tarefas essenciais do p\u00e1roco e no convite ao novo pastor e aos paroquianos para que se conhe\u00e7am mutuamente com paci\u00eancia, a fim de prosseguir o caminho j\u00e1 iniciado com o p\u00e1roco anterior. Durante a reflex\u00e3o, ele considerou importante sublinhar que <em>\u201ca atividade, o cora\u00e7\u00e3o da par\u00f3quia \u00e9 exatamente esta pergunta: qual \u00e9 o peso que Jesus tem na sua vida? O que voc\u00ea est\u00e1 disposto a receber Dele e o que est\u00e1 disposto a dar a Ele? Visto que hoje \u00e9 a festa de S\u00e3o Paulo, Paulo, em um determinado momento de uma de suas cartas, escreve: n\u00e3o sou eu que vivo, mas Cristo vive em mim\u201d.<\/em><\/p>\n\n\n\n<p>Ao final da celebra\u00e7\u00e3o, o Pe. Pablo tomou a palavra para agradecer e saudar os fi\u00e9is que participaram da missa de posse. O discurso foi interrompido v\u00e1rias vezes por v\u00e1rios aplausos. O Pe. Pablo concluiu confiando-se \u00e0 prote\u00e7\u00e3o e intercess\u00e3o de Maria, em sua nova miss\u00e3o como p\u00e1roco, reiterando que n\u00e3o estaria ali se n\u00e3o fosse por Maria. Ele concluiu: <em>\u201c\u00c9 ela quem me conduz a Jesus. \u00c9 ela quem me fez conhecer o belo carisma de Jesus e continuar\u00e1 a ser minha M\u00e3e e Educadora. Mais uma vez, obrigado a todos por estarem aqui hoje. Junto com todos voc\u00eas, come\u00e7o esta nova miss\u00e3o para completar a sua obra. Am\u00e9m\u201d.<\/em> Comovente foi tamb\u00e9m o gesto do Pe. Pablo de se dirigir, ao final de seu discurso, \u00e0 imagem da Virgem Maria e recitar ali a consagra\u00e7\u00e3o a Nossa Senhora.<\/p>\n\n\n\n<figure class=\"wp-block-gallery has-nested-images columns-default is-cropped wp-block-gallery-2 is-layout-flex wp-block-gallery-is-layout-flex\">\n<figure class=\"wp-block-image size-large\"><img fetchpriority=\"high\" decoding=\"async\" width=\"450\" height=\"800\" data-id=\"60249\" src=\"https:\/\/schoenstatt.com\/wp-content\/uploads\/2025\/07\/parish-of-the-Schoenstatt-Fathers-in-Rome-2.jpg\" alt=\"\" class=\"wp-image-60249\"\/><\/figure>\n\n\n\n<figure class=\"wp-block-image size-large\"><img decoding=\"async\" data-id=\"60244\" src=\"https:\/\/schoenstatt.com\/wp-content\/uploads\/2025\/07\/parish-of-the-Schoenstatt-Fathers-in-Rome-3.jpg\" alt=\"\" class=\"wp-image-60244\"\/><\/figure>\n<\/figure>\n\n\n\n<h3 class=\"wp-block-heading\" id=\"h-padre-pablo-martinez-guia-e-esperanca-para-a-comunidade\">Padre Pablo Mart\u00ednez, guia e esperan\u00e7a para a comunidade<\/h3>\n\n\n\n<p>Pe. Pablo Mart\u00ednez, nascido em 1985 em Assun\u00e7\u00e3o (Paraguai), \u00e9 o ca\u00e7ula de cinco irm\u00e3os. Ele foi ordenado sacerdote em 24 de junho de 2018. Foi vig\u00e1rio paroquial e assessor da Juventude Masculina de Schoenstatt na Argentina. Chegou a Roma em 2024 e, em 1\u00ba de junho, foi nomeado vice-p\u00e1roco, ou seja, vig\u00e1rio paroquial (decreto n. 796\/2024), da Par\u00f3quia dos Santos Padroeiros, onde atualmente exerce seu minist\u00e9rio.<\/p>\n\n\n\n<p>A seguir ele responde algumas perguntas:<\/p>\n\n\n\n<p><strong>Como foi receber a not\u00edcia de sua nomea\u00e7\u00e3o como p\u00e1roco?<\/strong><\/p>\n\n\n\n<p><em>Inicialmente, vivi como algo muito precoce, sinceramente esperava permanecer mais algum tempo como vice-p\u00e1roco para aprender mais. Mas, depois da surpresa, aceitei-a como uma bela tarefa que Deus me confia e que me desafia a crescer muito mais como sacerdote, a crescer no servi\u00e7o e na dedica\u00e7\u00e3o. Al\u00e9m disso, com o passar dos meses, tamb\u00e9m me entusiasmei com a comunidade paroquial: pessoas muito dispon\u00edveis e prontas para acompanhar tamb\u00e9m este novo caminho.<\/em><\/p>\n\n\n\n<p><strong>Pode nos contar um momento significativo da sua vida sacerdotal at\u00e9 hoje?<\/strong><\/p>\n\n\n\n<p><em>Foi um breve per\u00edodo de alguns meses, quando eu j\u00e1 estava aqui em Roma: acompanhei um senhor muito doente, pude ouvi-lo e testemunhar sua vida de f\u00e9. Ele era artista e pintava muito bem. Ouvir, rezar juntos e depois celebrar sua missa f\u00fanebre me mostraram mais uma vez o grande dom que Deus me d\u00e1 como sacerdote: ser testemunha da vida dos outros, poder caminhar ao lado deles, compartilhando a vida e o caminho da f\u00e9.<\/em><\/p>\n\n\n\n<p><strong>H\u00e1 algum santo ou figura espiritual que o inspire particularmente?<\/strong><\/p>\n\n\n\n<p><em>Pode parecer que digo isso apenas porque perten\u00e7o \u00e0 par\u00f3quia de S\u00e3o Francisco e Santa Catarina, mas quando cheguei a Roma encontrei o livro \u201cNosso Irm\u00e3o de Assis\u201d, de Ignacio Larra\u00f1aga, e fiquei fascinado pelo caminho espiritual de Francisco. Um santo que, neste momento, me marca profundamente e tamb\u00e9m me desafia no meu ser p\u00e1roco.<\/em><\/p>\n\n\n\n<figure class=\"wp-block-image size-full\"><img decoding=\"async\" src=\"https:\/\/schoenstatt.com\/wp-content\/uploads\/2025\/07\/Fr-Pablo-Family.jpg\" alt=\"\" class=\"wp-image-60260\"\/><figcaption class=\"wp-element-caption\">Familiares do Pe. Pablo Mart\u00ednez<\/figcaption><\/figure>\n\n\n\n<h3 class=\"wp-block-heading\" id=\"h-a-paroquia-sera-palco-de-um-evento-internacional\">A Par\u00f3quia ser\u00e1 palco de um evento internacional<\/h3>\n\n\n\n<p>De 28 de julho a 3 de agosto de 2025, ser\u00e1 realizado em Roma o Jubileu dos Jovens, um evento especial dentro do Jubileu Universal da Igreja Cat\u00f3lica dedicado inteiramente aos jovens e que representa uma ocasi\u00e3o \u00fanica de encontro de f\u00e9 e partilha entre jovens provenientes de v\u00e1rias partes do mundo.<\/p>\n\n\n\n<p>Em vista desse evento, acontecer\u00e1 o projeto \u201cEnvio mission\u00e1rio a Trastevere\u201d (Trastevere \u00e9 o bairro de Roma onde est\u00e1 situada a par\u00f3quia). O projeto ter\u00e1 na par\u00f3quia um centro de espiritualidade, com o objetivo de unir a mensagem de S\u00e3o Francisco e Santa Catarina com a de Schoenstatt. Para este evento, est\u00e1 previsto decorar a fachada da par\u00f3quia com grandes cartazes anunciando as atividades e com uma grande imagem da M\u00e3e e Rainha de Schoenstatt.<\/p>\n\n\n\n<p>O Centro de Espiritualidade que ser\u00e1 criado na par\u00f3quia dos Santos Padroeiros pretende oferecer aos jovens, em Roma, um lugar para difundir o carisma do Movimento de Schoenstatt. Ser\u00e3o oferecidas diversas atividades, mas acima de tudo ser\u00e1 compartilhada uma experi\u00eancia espiritual, suscitada pelas palavras do Papa Francisco em sua mensagem para a b\u00ean\u00e7\u00e3o do Santu\u00e1rio de Schoenstatt de Monterrey sobre a \u201csantuariedade\u201d do Cora\u00e7\u00e3o. O Santu\u00e1rio e o Cora\u00e7\u00e3o ser\u00e3o os dois pilares em torno dos quais se desenvolver\u00e1 a proposta. Estar\u00e1 aberta para todos os peregrinos de Roma e pensada especificamente para os jovens do Movimento de Schoenstatt.<\/p>\n\n\n\n<p>O projeto \u201cEnvio mission\u00e1rio a Trastevere\u201d oferece, assim, a oportunidade ao novo p\u00e1roco de experimentar a sinergia, mencionada acima, entre o esp\u00edrito mission\u00e1rio do Movimento de Schoenstatt e a pastoral da Par\u00f3quia, para que o querigma (an\u00fancio da boa nova), declinado na espiritualidade do Movimento, possa alcan\u00e7ar e enriquecer o maior n\u00famero poss\u00edvel de pessoas.<\/p>\n\n\n\n<p><strong>Tradu\u00e7\u00e3o: <\/strong>Karen Bueno<\/p>\n","protected":false},"excerpt":{"rendered":"<p>O Pe. Pablo Martinez \u00e9 o novo p\u00e1roco da Par\u00f3quia dos Santos Francisco e Catarina, administrada pelos Padres de Schoenstatt em Roma.<\/p>\n","protected":false},"author":3,"featured_media":60257,"comment_status":"closed","ping_status":"closed","sticky":false,"template":"","format":"standard","meta":{"footnotes":""},"categories":[908],"tags":[1160,1107],"class_list":["post-60277","post","type-post","status-publish","format-standard","has-post-thumbnail","hentry","category-comunidades-de-schoenstatt-pt-pt","tag-padres-de-schoenstatt-pt-pt","tag-roma-pt-pt"],"yoast_head":"<!-- This site is optimized with the Yoast SEO Premium plugin v27.4 (Yoast SEO v27.4) - https:\/\/yoast.com\/product\/yoast-seo-premium-wordpress\/ -->\n<title>Nova miss\u00e3o pastoral come\u00e7a na Par\u00f3quia dos Padres de Schoenstatt em Roma<\/title>\n<meta name=\"description\" content=\"O Pe. Pablo Martinez \u00e9 o novo p\u00e1roco da Par\u00f3quia dos Santos Francisco e Catarina, administrada pelos Padres de Schoenstatt em Roma.\" \/>\n<meta name=\"robots\" content=\"index, follow, max-snippet:-1, max-image-preview:large, max-video-preview:-1\" \/>\n<link rel=\"canonical\" href=\"https:\/\/schoenstatt.com\/pt-pt\/nova-missao-pastoral-comeca-na-paroquia-dos-padres-de-schoenstatt-em-roma\/\" \/>\n<meta property=\"og:locale\" content=\"pt_PT\" \/>\n<meta property=\"og:type\" content=\"article\" \/>\n<meta property=\"og:title\" content=\"Nova miss\u00e3o pastoral come\u00e7a na Par\u00f3quia dos Padres de Schoenstatt em Roma\" \/>\n<meta property=\"og:description\" content=\"O Pe. Pablo Martinez \u00e9 o novo p\u00e1roco da Par\u00f3quia dos Santos Francisco e Catarina, administrada pelos Padres de Schoenstatt em Roma.\" \/>\n<meta property=\"og:url\" content=\"https:\/\/schoenstatt.com\/pt-pt\/nova-missao-pastoral-comeca-na-paroquia-dos-padres-de-schoenstatt-em-roma\/\" \/>\n<meta property=\"og:site_name\" content=\"Schoenstatt\" \/>\n<meta property=\"article:published_time\" content=\"2025-07-01T11:51:24+00:00\" \/>\n<meta property=\"article:modified_time\" content=\"2025-08-21T02:03:26+00:00\" \/>\n<meta property=\"og:image\" content=\"https:\/\/schoenstatt.com\/wp-content\/uploads\/2025\/07\/parish-of-the-Schoenstatt-Fathers-in-Rome.webp\" \/>\n\t<meta property=\"og:image:width\" content=\"2048\" \/>\n\t<meta property=\"og:image:height\" content=\"1153\" \/>\n\t<meta property=\"og:image:type\" content=\"image\/jpeg\" \/>\n<meta name=\"author\" content=\"Karen Bueno\" \/>\n<meta name=\"twitter:card\" content=\"summary_large_image\" \/>\n<meta name=\"twitter:label1\" content=\"Escrito por\" \/>\n\t<meta name=\"twitter:data1\" content=\"Karen Bueno\" \/>\n\t<meta name=\"twitter:label2\" content=\"Tempo estimado de leitura\" \/>\n\t<meta name=\"twitter:data2\" content=\"6 minutos\" \/>\n<script type=\"application\/ld+json\" class=\"yoast-schema-graph\">{\"@context\":\"https:\\\/\\\/schema.org\",\"@graph\":[{\"@type\":\"Article\",\"@id\":\"https:\\\/\\\/schoenstatt.com\\\/pt-pt\\\/nova-missao-pastoral-comeca-na-paroquia-dos-padres-de-schoenstatt-em-roma\\\/#article\",\"isPartOf\":{\"@id\":\"https:\\\/\\\/schoenstatt.com\\\/pt-pt\\\/nova-missao-pastoral-comeca-na-paroquia-dos-padres-de-schoenstatt-em-roma\\\/\"},\"author\":{\"name\":\"Karen Bueno\",\"@id\":\"https:\\\/\\\/schoenstatt.com\\\/pt-pt\\\/#\\\/schema\\\/person\\\/5158877ad4acae98b34daaeef2a1ce6e\"},\"headline\":\"Nova miss\u00e3o pastoral come\u00e7a na Par\u00f3quia dos Padres de Schoenstatt em Roma\",\"datePublished\":\"2025-07-01T11:51:24+00:00\",\"dateModified\":\"2025-08-21T02:03:26+00:00\",\"mainEntityOfPage\":{\"@id\":\"https:\\\/\\\/schoenstatt.com\\\/pt-pt\\\/nova-missao-pastoral-comeca-na-paroquia-dos-padres-de-schoenstatt-em-roma\\\/\"},\"wordCount\":1138,\"publisher\":{\"@id\":\"https:\\\/\\\/schoenstatt.com\\\/pt-pt\\\/#organization\"},\"image\":{\"@id\":\"https:\\\/\\\/schoenstatt.com\\\/pt-pt\\\/nova-missao-pastoral-comeca-na-paroquia-dos-padres-de-schoenstatt-em-roma\\\/#primaryimage\"},\"thumbnailUrl\":\"https:\\\/\\\/schoenstatt.com\\\/wp-content\\\/uploads\\\/2025\\\/07\\\/parish-of-the-Schoenstatt-Fathers-in-Rome.webp\",\"keywords\":[\"Padres de Schoenstatt\",\"Roma\"],\"articleSection\":[\"Comunidades de Schoenstatt\"],\"inLanguage\":\"pt-PT\"},{\"@type\":\"WebPage\",\"@id\":\"https:\\\/\\\/schoenstatt.com\\\/pt-pt\\\/nova-missao-pastoral-comeca-na-paroquia-dos-padres-de-schoenstatt-em-roma\\\/\",\"url\":\"https:\\\/\\\/schoenstatt.com\\\/pt-pt\\\/nova-missao-pastoral-comeca-na-paroquia-dos-padres-de-schoenstatt-em-roma\\\/\",\"name\":\"Nova miss\u00e3o pastoral come\u00e7a na Par\u00f3quia dos Padres de Schoenstatt em Roma\",\"isPartOf\":{\"@id\":\"https:\\\/\\\/schoenstatt.com\\\/pt-pt\\\/#website\"},\"primaryImageOfPage\":{\"@id\":\"https:\\\/\\\/schoenstatt.com\\\/pt-pt\\\/nova-missao-pastoral-comeca-na-paroquia-dos-padres-de-schoenstatt-em-roma\\\/#primaryimage\"},\"image\":{\"@id\":\"https:\\\/\\\/schoenstatt.com\\\/pt-pt\\\/nova-missao-pastoral-comeca-na-paroquia-dos-padres-de-schoenstatt-em-roma\\\/#primaryimage\"},\"thumbnailUrl\":\"https:\\\/\\\/schoenstatt.com\\\/wp-content\\\/uploads\\\/2025\\\/07\\\/parish-of-the-Schoenstatt-Fathers-in-Rome.webp\",\"datePublished\":\"2025-07-01T11:51:24+00:00\",\"dateModified\":\"2025-08-21T02:03:26+00:00\",\"description\":\"O Pe. Pablo Martinez \u00e9 o novo p\u00e1roco da Par\u00f3quia dos Santos Francisco e Catarina, administrada pelos Padres de Schoenstatt em Roma.\",\"breadcrumb\":{\"@id\":\"https:\\\/\\\/schoenstatt.com\\\/pt-pt\\\/nova-missao-pastoral-comeca-na-paroquia-dos-padres-de-schoenstatt-em-roma\\\/#breadcrumb\"},\"inLanguage\":\"pt-PT\",\"potentialAction\":[{\"@type\":\"ReadAction\",\"target\":[\"https:\\\/\\\/schoenstatt.com\\\/pt-pt\\\/nova-missao-pastoral-comeca-na-paroquia-dos-padres-de-schoenstatt-em-roma\\\/\"]}]},{\"@type\":\"ImageObject\",\"inLanguage\":\"pt-PT\",\"@id\":\"https:\\\/\\\/schoenstatt.com\\\/pt-pt\\\/nova-missao-pastoral-comeca-na-paroquia-dos-padres-de-schoenstatt-em-roma\\\/#primaryimage\",\"url\":\"https:\\\/\\\/schoenstatt.com\\\/wp-content\\\/uploads\\\/2025\\\/07\\\/parish-of-the-Schoenstatt-Fathers-in-Rome.webp\",\"contentUrl\":\"https:\\\/\\\/schoenstatt.com\\\/wp-content\\\/uploads\\\/2025\\\/07\\\/parish-of-the-Schoenstatt-Fathers-in-Rome.webp\",\"width\":2048,\"height\":1153},{\"@type\":\"BreadcrumbList\",\"@id\":\"https:\\\/\\\/schoenstatt.com\\\/pt-pt\\\/nova-missao-pastoral-comeca-na-paroquia-dos-padres-de-schoenstatt-em-roma\\\/#breadcrumb\",\"itemListElement\":[{\"@type\":\"ListItem\",\"position\":1,\"name\":\"Portada\",\"item\":\"https:\\\/\\\/schoenstatt.com\\\/pt-pt\\\/home\\\/\"},{\"@type\":\"ListItem\",\"position\":2,\"name\":\"Nova miss\u00e3o pastoral come\u00e7a na Par\u00f3quia dos Padres de Schoenstatt em Roma\"}]},{\"@type\":\"WebSite\",\"@id\":\"https:\\\/\\\/schoenstatt.com\\\/pt-pt\\\/#website\",\"url\":\"https:\\\/\\\/schoenstatt.com\\\/pt-pt\\\/\",\"name\":\"Schoenstatt\",\"description\":\"Apostolic Movement\",\"publisher\":{\"@id\":\"https:\\\/\\\/schoenstatt.com\\\/pt-pt\\\/#organization\"},\"potentialAction\":[{\"@type\":\"SearchAction\",\"target\":{\"@type\":\"EntryPoint\",\"urlTemplate\":\"https:\\\/\\\/schoenstatt.com\\\/pt-pt\\\/?s={search_term_string}\"},\"query-input\":{\"@type\":\"PropertyValueSpecification\",\"valueRequired\":true,\"valueName\":\"search_term_string\"}}],\"inLanguage\":\"pt-PT\"},{\"@type\":\"Organization\",\"@id\":\"https:\\\/\\\/schoenstatt.com\\\/pt-pt\\\/#organization\",\"name\":\"Schoenstatt\",\"url\":\"https:\\\/\\\/schoenstatt.com\\\/pt-pt\\\/\",\"logo\":{\"@type\":\"ImageObject\",\"inLanguage\":\"pt-PT\",\"@id\":\"https:\\\/\\\/schoenstatt.com\\\/pt-pt\\\/#\\\/schema\\\/logo\\\/image\\\/\",\"url\":\"https:\\\/\\\/schoenstatt.com\\\/wp-content\\\/uploads\\\/2025\\\/04\\\/logo-schoenstatt-white-696x696-1.png\",\"contentUrl\":\"https:\\\/\\\/schoenstatt.com\\\/wp-content\\\/uploads\\\/2025\\\/04\\\/logo-schoenstatt-white-696x696-1.png\",\"width\":696,\"height\":694,\"caption\":\"Schoenstatt\"},\"image\":{\"@id\":\"https:\\\/\\\/schoenstatt.com\\\/pt-pt\\\/#\\\/schema\\\/logo\\\/image\\\/\"}},{\"@type\":\"Person\",\"@id\":\"https:\\\/\\\/schoenstatt.com\\\/pt-pt\\\/#\\\/schema\\\/person\\\/5158877ad4acae98b34daaeef2a1ce6e\",\"name\":\"Karen Bueno\",\"image\":{\"@type\":\"ImageObject\",\"inLanguage\":\"pt-PT\",\"@id\":\"https:\\\/\\\/secure.gravatar.com\\\/avatar\\\/f9f4b823873154269d2b2130f195f6d41037dd0d7fc5f3cacb5c846bae70d66b?s=96&d=mm&r=g\",\"url\":\"https:\\\/\\\/secure.gravatar.com\\\/avatar\\\/f9f4b823873154269d2b2130f195f6d41037dd0d7fc5f3cacb5c846bae70d66b?s=96&d=mm&r=g\",\"contentUrl\":\"https:\\\/\\\/secure.gravatar.com\\\/avatar\\\/f9f4b823873154269d2b2130f195f6d41037dd0d7fc5f3cacb5c846bae70d66b?s=96&d=mm&r=g\",\"caption\":\"Karen Bueno\"},\"url\":\"https:\\\/\\\/schoenstatt.com\\\/pt-pt\\\/author\\\/karen-bueno\\\/\"}]}<\/script>\n<!-- \/ Yoast SEO Premium plugin. -->","yoast_head_json":{"title":"Nova miss\u00e3o pastoral come\u00e7a na Par\u00f3quia dos Padres de Schoenstatt em Roma","description":"O Pe. Pablo Martinez \u00e9 o novo p\u00e1roco da Par\u00f3quia dos Santos Francisco e Catarina, administrada pelos Padres de Schoenstatt em Roma.","robots":{"index":"index","follow":"follow","max-snippet":"max-snippet:-1","max-image-preview":"max-image-preview:large","max-video-preview":"max-video-preview:-1"},"canonical":"https:\/\/schoenstatt.com\/pt-pt\/nova-missao-pastoral-comeca-na-paroquia-dos-padres-de-schoenstatt-em-roma\/","og_locale":"pt_PT","og_type":"article","og_title":"Nova miss\u00e3o pastoral come\u00e7a na Par\u00f3quia dos Padres de Schoenstatt em Roma","og_description":"O Pe. Pablo Martinez \u00e9 o novo p\u00e1roco da Par\u00f3quia dos Santos Francisco e Catarina, administrada pelos Padres de Schoenstatt em Roma.","og_url":"https:\/\/schoenstatt.com\/pt-pt\/nova-missao-pastoral-comeca-na-paroquia-dos-padres-de-schoenstatt-em-roma\/","og_site_name":"Schoenstatt","article_published_time":"2025-07-01T11:51:24+00:00","article_modified_time":"2025-08-21T02:03:26+00:00","og_image":[{"width":2048,"height":1153,"url":"https:\/\/schoenstatt.com\/wp-content\/uploads\/2025\/07\/parish-of-the-Schoenstatt-Fathers-in-Rome.webp","type":"image\/jpeg"}],"author":"Karen Bueno","twitter_card":"summary_large_image","twitter_misc":{"Escrito por":"Karen Bueno","Tempo estimado de leitura":"6 minutos"},"schema":{"@context":"https:\/\/schema.org","@graph":[{"@type":"Article","@id":"https:\/\/schoenstatt.com\/pt-pt\/nova-missao-pastoral-comeca-na-paroquia-dos-padres-de-schoenstatt-em-roma\/#article","isPartOf":{"@id":"https:\/\/schoenstatt.com\/pt-pt\/nova-missao-pastoral-comeca-na-paroquia-dos-padres-de-schoenstatt-em-roma\/"},"author":{"name":"Karen Bueno","@id":"https:\/\/schoenstatt.com\/pt-pt\/#\/schema\/person\/5158877ad4acae98b34daaeef2a1ce6e"},"headline":"Nova miss\u00e3o pastoral come\u00e7a na Par\u00f3quia dos Padres de Schoenstatt em Roma","datePublished":"2025-07-01T11:51:24+00:00","dateModified":"2025-08-21T02:03:26+00:00","mainEntityOfPage":{"@id":"https:\/\/schoenstatt.com\/pt-pt\/nova-missao-pastoral-comeca-na-paroquia-dos-padres-de-schoenstatt-em-roma\/"},"wordCount":1138,"publisher":{"@id":"https:\/\/schoenstatt.com\/pt-pt\/#organization"},"image":{"@id":"https:\/\/schoenstatt.com\/pt-pt\/nova-missao-pastoral-comeca-na-paroquia-dos-padres-de-schoenstatt-em-roma\/#primaryimage"},"thumbnailUrl":"https:\/\/schoenstatt.com\/wp-content\/uploads\/2025\/07\/parish-of-the-Schoenstatt-Fathers-in-Rome.webp","keywords":["Padres de Schoenstatt","Roma"],"articleSection":["Comunidades de Schoenstatt"],"inLanguage":"pt-PT"},{"@type":"WebPage","@id":"https:\/\/schoenstatt.com\/pt-pt\/nova-missao-pastoral-comeca-na-paroquia-dos-padres-de-schoenstatt-em-roma\/","url":"https:\/\/schoenstatt.com\/pt-pt\/nova-missao-pastoral-comeca-na-paroquia-dos-padres-de-schoenstatt-em-roma\/","name":"Nova miss\u00e3o pastoral come\u00e7a na Par\u00f3quia dos Padres de Schoenstatt em Roma","isPartOf":{"@id":"https:\/\/schoenstatt.com\/pt-pt\/#website"},"primaryImageOfPage":{"@id":"https:\/\/schoenstatt.com\/pt-pt\/nova-missao-pastoral-comeca-na-paroquia-dos-padres-de-schoenstatt-em-roma\/#primaryimage"},"image":{"@id":"https:\/\/schoenstatt.com\/pt-pt\/nova-missao-pastoral-comeca-na-paroquia-dos-padres-de-schoenstatt-em-roma\/#primaryimage"},"thumbnailUrl":"https:\/\/schoenstatt.com\/wp-content\/uploads\/2025\/07\/parish-of-the-Schoenstatt-Fathers-in-Rome.webp","datePublished":"2025-07-01T11:51:24+00:00","dateModified":"2025-08-21T02:03:26+00:00","description":"O Pe. Pablo Martinez \u00e9 o novo p\u00e1roco da Par\u00f3quia dos Santos Francisco e Catarina, administrada pelos Padres de Schoenstatt em Roma.","breadcrumb":{"@id":"https:\/\/schoenstatt.com\/pt-pt\/nova-missao-pastoral-comeca-na-paroquia-dos-padres-de-schoenstatt-em-roma\/#breadcrumb"},"inLanguage":"pt-PT","potentialAction":[{"@type":"ReadAction","target":["https:\/\/schoenstatt.com\/pt-pt\/nova-missao-pastoral-comeca-na-paroquia-dos-padres-de-schoenstatt-em-roma\/"]}]},{"@type":"ImageObject","inLanguage":"pt-PT","@id":"https:\/\/schoenstatt.com\/pt-pt\/nova-missao-pastoral-comeca-na-paroquia-dos-padres-de-schoenstatt-em-roma\/#primaryimage","url":"https:\/\/schoenstatt.com\/wp-content\/uploads\/2025\/07\/parish-of-the-Schoenstatt-Fathers-in-Rome.webp","contentUrl":"https:\/\/schoenstatt.com\/wp-content\/uploads\/2025\/07\/parish-of-the-Schoenstatt-Fathers-in-Rome.webp","width":2048,"height":1153},{"@type":"BreadcrumbList","@id":"https:\/\/schoenstatt.com\/pt-pt\/nova-missao-pastoral-comeca-na-paroquia-dos-padres-de-schoenstatt-em-roma\/#breadcrumb","itemListElement":[{"@type":"ListItem","position":1,"name":"Portada","item":"https:\/\/schoenstatt.com\/pt-pt\/home\/"},{"@type":"ListItem","position":2,"name":"Nova miss\u00e3o pastoral come\u00e7a na Par\u00f3quia dos Padres de Schoenstatt em Roma"}]},{"@type":"WebSite","@id":"https:\/\/schoenstatt.com\/pt-pt\/#website","url":"https:\/\/schoenstatt.com\/pt-pt\/","name":"Schoenstatt","description":"Apostolic Movement","publisher":{"@id":"https:\/\/schoenstatt.com\/pt-pt\/#organization"},"potentialAction":[{"@type":"SearchAction","target":{"@type":"EntryPoint","urlTemplate":"https:\/\/schoenstatt.com\/pt-pt\/?s={search_term_string}"},"query-input":{"@type":"PropertyValueSpecification","valueRequired":true,"valueName":"search_term_string"}}],"inLanguage":"pt-PT"},{"@type":"Organization","@id":"https:\/\/schoenstatt.com\/pt-pt\/#organization","name":"Schoenstatt","url":"https:\/\/schoenstatt.com\/pt-pt\/","logo":{"@type":"ImageObject","inLanguage":"pt-PT","@id":"https:\/\/schoenstatt.com\/pt-pt\/#\/schema\/logo\/image\/","url":"https:\/\/schoenstatt.com\/wp-content\/uploads\/2025\/04\/logo-schoenstatt-white-696x696-1.png","contentUrl":"https:\/\/schoenstatt.com\/wp-content\/uploads\/2025\/04\/logo-schoenstatt-white-696x696-1.png","width":696,"height":694,"caption":"Schoenstatt"},"image":{"@id":"https:\/\/schoenstatt.com\/pt-pt\/#\/schema\/logo\/image\/"}},{"@type":"Person","@id":"https:\/\/schoenstatt.com\/pt-pt\/#\/schema\/person\/5158877ad4acae98b34daaeef2a1ce6e","name":"Karen Bueno","image":{"@type":"ImageObject","inLanguage":"pt-PT","@id":"https:\/\/secure.gravatar.com\/avatar\/f9f4b823873154269d2b2130f195f6d41037dd0d7fc5f3cacb5c846bae70d66b?s=96&d=mm&r=g","url":"https:\/\/secure.gravatar.com\/avatar\/f9f4b823873154269d2b2130f195f6d41037dd0d7fc5f3cacb5c846bae70d66b?s=96&d=mm&r=g","contentUrl":"https:\/\/secure.gravatar.com\/avatar\/f9f4b823873154269d2b2130f195f6d41037dd0d7fc5f3cacb5c846bae70d66b?s=96&d=mm&r=g","caption":"Karen Bueno"},"url":"https:\/\/schoenstatt.com\/pt-pt\/author\/karen-bueno\/"}]}},"_links":{"self":[{"href":"https:\/\/schoenstatt.com\/pt-pt\/wp-json\/wp\/v2\/posts\/60277","targetHints":{"allow":["GET"]}}],"collection":[{"href":"https:\/\/schoenstatt.com\/pt-pt\/wp-json\/wp\/v2\/posts"}],"about":[{"href":"https:\/\/schoenstatt.com\/pt-pt\/wp-json\/wp\/v2\/types\/post"}],"author":[{"embeddable":true,"href":"https:\/\/schoenstatt.com\/pt-pt\/wp-json\/wp\/v2\/users\/3"}],"replies":[{"embeddable":true,"href":"https:\/\/schoenstatt.com\/pt-pt\/wp-json\/wp\/v2\/comments?post=60277"}],"version-history":[{"count":8,"href":"https:\/\/schoenstatt.com\/pt-pt\/wp-json\/wp\/v2\/posts\/60277\/revisions"}],"predecessor-version":[{"id":63000,"href":"https:\/\/schoenstatt.com\/pt-pt\/wp-json\/wp\/v2\/posts\/60277\/revisions\/63000"}],"wp:featuredmedia":[{"embeddable":true,"href":"https:\/\/schoenstatt.com\/pt-pt\/wp-json\/wp\/v2\/media\/60257"}],"wp:attachment":[{"href":"https:\/\/schoenstatt.com\/pt-pt\/wp-json\/wp\/v2\/media?parent=60277"}],"wp:term":[{"taxonomy":"category","embeddable":true,"href":"https:\/\/schoenstatt.com\/pt-pt\/wp-json\/wp\/v2\/categories?post=60277"},{"taxonomy":"post_tag","embeddable":true,"href":"https:\/\/schoenstatt.com\/pt-pt\/wp-json\/wp\/v2\/tags?post=60277"}],"curies":[{"name":"wp","href":"https:\/\/api.w.org\/{rel}","templated":true}]}}