{"id":60161,"date":"2025-06-30T03:03:00","date_gmt":"2025-06-30T01:03:00","guid":{"rendered":"https:\/\/schoenstatt.com\/?p=60161"},"modified":"2025-07-02T20:48:59","modified_gmt":"2025-07-02T18:48:59","slug":"novo-grupo-de-sustentabilidade-em-schoenstatt-uma-equipe-global","status":"publish","type":"post","link":"https:\/\/schoenstatt.com\/pt-pt\/novo-grupo-de-sustentabilidade-em-schoenstatt-uma-equipe-global\/","title":{"rendered":"Novo grupo de sustentabilidade em Schoenstatt: Uma equipe global"},"content":{"rendered":"\n<p>Estamos felizes em anunciar a cria\u00e7\u00e3o da nossa Equipe de Sustentabilidade em Schoenstatt! Este grupo, composto por membros de v\u00e1rios pa\u00edses, busca integrar pr\u00e1ticas sustent\u00e1veis em todas as nossas atividades. Nosso objetivo \u00e9 cuidar da nossa casa comum e garantir um futuro mais verde, fiel \u00e0 nossa f\u00e9.<\/p>\n\n\n\n<p>O texto de hoje foi escrito por uma das nossas integrantes, Idalys Diaz, de Porto Rico.<\/p>\n\n\n\n<h3 class=\"wp-block-heading\" id=\"h-maria-esperanca-para-o-mundo-uma-ponte-entre-laudato-si-e-o-documento-de-fundacao\">Maria, esperan\u00e7a para o mundo: Uma ponte entre Laudato Si\u2019 e o Documento de Funda\u00e7\u00e3o<\/h3>\n\n\n\n<p>O que t\u00eam em comum uma enc\u00edclica do Papa Francisco escrita em 2015 e um texto assinado pelo Padre Kentenich em 1914? \u00c0 primeira vista, parecem mundos diferentes. Mas, se olharmos com aten\u00e7\u00e3o, descobrimos um fio invis\u00edvel que os une: o amor por Maria, a paix\u00e3o por transformar o mundo e a certeza de que a esperan\u00e7a n\u00e3o se negocia.<\/p>\n\n\n\n<h3 class=\"wp-block-heading\" id=\"h-uma-rainha-vestida-de-sol-e-muito-presente-hoje\">Uma Rainha vestida de sol\u2026 e muito presente hoje<\/h3>\n\n\n\n<p>No n\u00famero 241 da Laudato Si\u2019, o Papa Francisco nos apresentou Maria com uma imagem poderosa: <strong>\u201cMaria \u00e9 a Mulher vestida de sol\u2026 elevada ao c\u00e9u, \u00e9 M\u00e3e e Rainha de toda a cria\u00e7\u00e3o\u201d. <\/strong>N\u00e3o \u00e9 apenas poesia. \u00c9 uma maneira de dizer que Maria \u00e9 o cora\u00e7\u00e3o de uma nova forma de viver, mais conectada com Deus, com os outros e com a natureza. Ela n\u00e3o est\u00e1 distante, em um altar inacess\u00edvel. Ela est\u00e1 no meio de n\u00f3s, inspirando novos come\u00e7os. E era exatamente isso que o Padre Kentenich sonhava h\u00e1 mais de 100 anos quando, num pequeno Santu\u00e1rio em Vallendar, na Alemanha, assumiu, junto com um grupo de jovens, o que hoje conhecemos como o Ato de Funda\u00e7\u00e3o. Juntos, eles sonharam com a ideia:<\/p>\n\n\n\n<p><em>\u201cN\u00e3o seria poss\u00edvel que Nossa Senhora estabelecesse aqui o seu trono\u2026?\u201d<\/em><\/p>\n\n\n\n<figure class=\"wp-block-image size-full\"><img fetchpriority=\"high\" decoding=\"async\" width=\"2560\" height=\"1441\" src=\"https:\/\/schoenstatt.com\/wp-content\/uploads\/2022\/10\/IMG_20221001_155025-scaled-1.jpg\" alt=\"\" class=\"wp-image-50854\" srcset=\"https:\/\/schoenstatt.com\/wp-content\/uploads\/2022\/10\/IMG_20221001_155025-scaled-1.jpg 2560w, https:\/\/schoenstatt.com\/wp-content\/uploads\/2022\/10\/IMG_20221001_155025-scaled-1-768x432.jpg 768w, https:\/\/schoenstatt.com\/wp-content\/uploads\/2022\/10\/IMG_20221001_155025-scaled-1-1536x865.jpg 1536w, https:\/\/schoenstatt.com\/wp-content\/uploads\/2022\/10\/IMG_20221001_155025-scaled-1-2048x1153.jpg 2048w\" sizes=\"(max-width: 2560px) 100vw, 2560px\" \/><\/figure>\n\n\n\n<h3 class=\"wp-block-heading\" id=\"h-o-que-esses-dois-textos-tem-em-comum-muito-mais-do-que-parece\">O que esses dois textos t\u00eam em comum? Muito mais do que parece<\/h3>\n\n\n\n<p><strong>1. Um olhar que abra\u00e7a o mundo com esperan\u00e7a.<\/strong> Ambos os textos veem o mundo n\u00e3o como algo perdido, mas como um espa\u00e7o que pode ser renovado. Laudato Si\u2019 fala de \u201cuma ecologia integral\u201d e o Pe. Kentenich sonha com um lugar onde Maria possa agir. Ambos acreditam que a gra\u00e7a pode transformar tudo.<\/p>\n\n\n\n<p><strong>2. Maria, protagonista na transforma\u00e7\u00e3o.<\/strong> O Papa a chama de \u201cRainha de toda a cria\u00e7\u00e3o\u201d e, em Schoenstatt, n\u00f3s a escolhemos como a grande mission\u00e1ria que quer fazer milagres. Isso n\u00e3o \u00e9 apenas devo\u00e7\u00e3o: \u00e9 compromisso. \u00c9 deixar que Maria nos impulsione a construir um mundo mais justo, mais limpo, mais humano.<\/p>\n\n\n\n<p><strong>3. Cabe a n\u00f3s. <\/strong>O Papa Francisco diz: \u201cN\u00e3o nos deixemos roubar a esperan\u00e7a\u201d. O Pe. Kentenich diria: \u201cNada sem v\u00f3s, nada sem n\u00f3s\u201d. Ambos nos convidam a n\u00e3o ficar olhando, mas a colocar a m\u00e3o na massa, deixar marcas e fazer parte de algo grande.<\/p>\n\n\n\n<p>E agora? Em meio a um mundo que \u00e0s vezes parece ca\u00f3tico \u2013 com crises ambientais, sociais, espirituais \u2013 Maria nos lembra que a beleza continua viva, que a fraternidade \u00e9 poss\u00edvel e que, como em Schoenstatt, tudo come\u00e7a no pequeno: em um sim pessoal, em uma alian\u00e7a viva, em uma comunidade que acredita que Deus continua agindo. Cabe a n\u00f3s, como filhos desta gera\u00e7\u00e3o, viver o Documento de Funda\u00e7\u00e3o hoje, com os desafios de hoje. E faz\u00ea-lo a partir do cora\u00e7\u00e3o da Laudato Si\u2019, com os p\u00e9s no ch\u00e3o e os olhos voltados para o c\u00e9u.<\/p>\n\n\n\n<p>A partir de cada Santu\u00e1rio, de cada alian\u00e7a, Maria continua dizendo: \u201cEstou aqui para transformar o mundo\u201d. E voc\u00ea? Para ajudar a interiorizar desta mensagem, como uma chave mariana e mission\u00e1ria, podemos nos consagrar a Maria ou fazer esta ora\u00e7\u00e3o:<\/p>\n\n\n\n<hr class=\"wp-block-separator has-text-color has-alpha-channel-opacity has-background\" style=\"background-color:#e36e1a;color:#e36e1a\"\/>\n\n\n\n<blockquote class=\"wp-block-quote is-layout-flow wp-block-quote-is-layout-flow\">\n<p><strong><em>Ora\u00e7\u00e3o: Maria, transforma o mundo conosco<\/em><\/strong><\/p>\n\n\n\n<p><em>Maria, transforma o mundo conosco, M\u00e3e do Sol e da Terra, Rainha da cria\u00e7\u00e3o, ensina-nos a olhar o mundo com os teus olhos, a amar com o teu cora\u00e7\u00e3o e a cuidar com as tuas m\u00e3os maternas de tudo o que Deus nos confiou. Que, a partir de cada Santu\u00e1rio e de cada sim que te damos, nas\u00e7a algo novo, limpo, cheio de luz. Faz de n\u00f3s instrumentos de esperan\u00e7a e construtores de uma nova terra. Nada sem v\u00f3s, nada sem n\u00f3s. Am\u00e9m.<\/em><\/p>\n<\/blockquote>\n\n\n\n<hr class=\"wp-block-separator has-text-color has-alpha-channel-opacity has-background\" style=\"background-color:#e36e1a;color:#e36e1a\"\/>\n\n\n\n<div style=\"height:27px\" aria-hidden=\"true\" class=\"wp-block-spacer\"><\/div>\n\n\n\n<p><strong>Quer ser parte da mudan\u00e7a?<\/strong><\/p>\n\n\n\n<p>Se voc\u00ea se sente chamado a contribuir com uma vis\u00e3o sustent\u00e1vel em Schoenstatt, n\u00f3s te convidamos a juntar-se a n\u00f3s. Juntos podemos fazer a diferen\u00e7a!<br>Participe conosco! &#8211; Whatsapp +34 604 94 52 86<br>Rosana Silva \u2013 <a href=\"https:\/\/schoenstatt.com\/pt-pt\/em-comunidade\/woman\/instituto-secular-nossa-senhora-de-schoenstatt\/\">Instituto Nossa Senhora de Schoenstatt<\/a> \u2013 Madri, Espanha<\/p>\n\n\n\n<p>&#8211; <strong><a href=\"https:\/\/www.vatican.va\/content\/francesco\/pt\/encyclicals\/documents\/papa-francesco_20150524_enciclica-laudato-si.html\" target=\"_blank\" rel=\"noreferrer noopener\">Laudato Si&#8217;<\/a><\/strong><\/p>\n","protected":false},"excerpt":{"rendered":"<p>Este grupo busca integrar pr\u00e1ticas sustent\u00e1veis em todas as suas atividades, \u00e0 luz da espiritualidade de Schoenstatt.<\/p>\n","protected":false},"author":3,"featured_media":53660,"comment_status":"closed","ping_status":"closed","sticky":false,"template":"","format":"standard","meta":{"footnotes":""},"categories":[884],"tags":[551],"class_list":["post-60161","post","type-post","status-publish","format-standard","has-post-thumbnail","hentry","category-meio-ambiente-pt-pt","tag-ecologia-meio-ambiente"],"yoast_head":"<!-- This site is optimized with the Yoast SEO Premium plugin v27.4 (Yoast SEO v27.4) - https:\/\/yoast.com\/product\/yoast-seo-premium-wordpress\/ -->\n<title>Novo grupo de sustentabilidade em Schoenstatt: Uma equipe global<\/title>\n<meta name=\"description\" content=\"Este grupo busca integrar pr\u00e1ticas sustent\u00e1veis em todas as suas atividades, \u00e0 luz da espiritualidade de Schoenstatt.\" \/>\n<meta name=\"robots\" content=\"index, follow, max-snippet:-1, max-image-preview:large, max-video-preview:-1\" \/>\n<link rel=\"canonical\" href=\"https:\/\/schoenstatt.com\/pt-pt\/novo-grupo-de-sustentabilidade-em-schoenstatt-uma-equipe-global\/\" \/>\n<meta property=\"og:locale\" content=\"pt_PT\" \/>\n<meta property=\"og:type\" content=\"article\" \/>\n<meta property=\"og:title\" content=\"Novo grupo de sustentabilidade em Schoenstatt: Uma equipe global\" \/>\n<meta property=\"og:description\" content=\"Este grupo busca integrar pr\u00e1ticas sustent\u00e1veis em todas as suas atividades, \u00e0 luz da espiritualidade de Schoenstatt.\" \/>\n<meta property=\"og:url\" content=\"https:\/\/schoenstatt.com\/pt-pt\/novo-grupo-de-sustentabilidade-em-schoenstatt-uma-equipe-global\/\" \/>\n<meta property=\"og:site_name\" content=\"Schoenstatt\" \/>\n<meta property=\"article:published_time\" content=\"2025-06-30T01:03:00+00:00\" \/>\n<meta property=\"article:modified_time\" content=\"2025-07-02T18:48:59+00:00\" \/>\n<meta property=\"og:image\" content=\"https:\/\/schoenstatt.com\/wp-content\/uploads\/2025\/05\/Sustentabilidad-Mayo-2.jpeg\" \/>\n\t<meta property=\"og:image:width\" content=\"1600\" \/>\n\t<meta property=\"og:image:height\" content=\"611\" \/>\n\t<meta property=\"og:image:type\" content=\"image\/jpeg\" \/>\n<meta name=\"author\" content=\"Karen Bueno\" \/>\n<meta name=\"twitter:card\" content=\"summary_large_image\" \/>\n<meta name=\"twitter:label1\" content=\"Escrito por\" \/>\n\t<meta name=\"twitter:data1\" content=\"Karen Bueno\" \/>\n\t<meta name=\"twitter:label2\" content=\"Tempo estimado de leitura\" \/>\n\t<meta name=\"twitter:data2\" content=\"4 minutos\" \/>\n<script type=\"application\/ld+json\" class=\"yoast-schema-graph\">{\"@context\":\"https:\\\/\\\/schema.org\",\"@graph\":[{\"@type\":\"Article\",\"@id\":\"https:\\\/\\\/schoenstatt.com\\\/pt-pt\\\/novo-grupo-de-sustentabilidade-em-schoenstatt-uma-equipe-global\\\/#article\",\"isPartOf\":{\"@id\":\"https:\\\/\\\/schoenstatt.com\\\/pt-pt\\\/novo-grupo-de-sustentabilidade-em-schoenstatt-uma-equipe-global\\\/\"},\"author\":{\"name\":\"Karen Bueno\",\"@id\":\"https:\\\/\\\/schoenstatt.com\\\/pt-pt\\\/#\\\/schema\\\/person\\\/5158877ad4acae98b34daaeef2a1ce6e\"},\"headline\":\"Novo grupo de sustentabilidade em Schoenstatt: Uma equipe global\",\"datePublished\":\"2025-06-30T01:03:00+00:00\",\"dateModified\":\"2025-07-02T18:48:59+00:00\",\"mainEntityOfPage\":{\"@id\":\"https:\\\/\\\/schoenstatt.com\\\/pt-pt\\\/novo-grupo-de-sustentabilidade-em-schoenstatt-uma-equipe-global\\\/\"},\"wordCount\":791,\"publisher\":{\"@id\":\"https:\\\/\\\/schoenstatt.com\\\/pt-pt\\\/#organization\"},\"image\":{\"@id\":\"https:\\\/\\\/schoenstatt.com\\\/pt-pt\\\/novo-grupo-de-sustentabilidade-em-schoenstatt-uma-equipe-global\\\/#primaryimage\"},\"thumbnailUrl\":\"https:\\\/\\\/schoenstatt.com\\\/wp-content\\\/uploads\\\/2025\\\/05\\\/Sustentabilidad-Mayo-2.jpeg\",\"keywords\":[\"Ecologia \\\/ Meio Ambiente\"],\"articleSection\":[\"Meio Ambiente\"],\"inLanguage\":\"pt-PT\"},{\"@type\":\"WebPage\",\"@id\":\"https:\\\/\\\/schoenstatt.com\\\/pt-pt\\\/novo-grupo-de-sustentabilidade-em-schoenstatt-uma-equipe-global\\\/\",\"url\":\"https:\\\/\\\/schoenstatt.com\\\/pt-pt\\\/novo-grupo-de-sustentabilidade-em-schoenstatt-uma-equipe-global\\\/\",\"name\":\"Novo grupo de sustentabilidade em Schoenstatt: Uma equipe global\",\"isPartOf\":{\"@id\":\"https:\\\/\\\/schoenstatt.com\\\/pt-pt\\\/#website\"},\"primaryImageOfPage\":{\"@id\":\"https:\\\/\\\/schoenstatt.com\\\/pt-pt\\\/novo-grupo-de-sustentabilidade-em-schoenstatt-uma-equipe-global\\\/#primaryimage\"},\"image\":{\"@id\":\"https:\\\/\\\/schoenstatt.com\\\/pt-pt\\\/novo-grupo-de-sustentabilidade-em-schoenstatt-uma-equipe-global\\\/#primaryimage\"},\"thumbnailUrl\":\"https:\\\/\\\/schoenstatt.com\\\/wp-content\\\/uploads\\\/2025\\\/05\\\/Sustentabilidad-Mayo-2.jpeg\",\"datePublished\":\"2025-06-30T01:03:00+00:00\",\"dateModified\":\"2025-07-02T18:48:59+00:00\",\"description\":\"Este grupo busca integrar pr\u00e1ticas sustent\u00e1veis em todas as suas atividades, \u00e0 luz da espiritualidade de Schoenstatt.\",\"breadcrumb\":{\"@id\":\"https:\\\/\\\/schoenstatt.com\\\/pt-pt\\\/novo-grupo-de-sustentabilidade-em-schoenstatt-uma-equipe-global\\\/#breadcrumb\"},\"inLanguage\":\"pt-PT\",\"potentialAction\":[{\"@type\":\"ReadAction\",\"target\":[\"https:\\\/\\\/schoenstatt.com\\\/pt-pt\\\/novo-grupo-de-sustentabilidade-em-schoenstatt-uma-equipe-global\\\/\"]}]},{\"@type\":\"ImageObject\",\"inLanguage\":\"pt-PT\",\"@id\":\"https:\\\/\\\/schoenstatt.com\\\/pt-pt\\\/novo-grupo-de-sustentabilidade-em-schoenstatt-uma-equipe-global\\\/#primaryimage\",\"url\":\"https:\\\/\\\/schoenstatt.com\\\/wp-content\\\/uploads\\\/2025\\\/05\\\/Sustentabilidad-Mayo-2.jpeg\",\"contentUrl\":\"https:\\\/\\\/schoenstatt.com\\\/wp-content\\\/uploads\\\/2025\\\/05\\\/Sustentabilidad-Mayo-2.jpeg\",\"width\":1600,\"height\":611},{\"@type\":\"BreadcrumbList\",\"@id\":\"https:\\\/\\\/schoenstatt.com\\\/pt-pt\\\/novo-grupo-de-sustentabilidade-em-schoenstatt-uma-equipe-global\\\/#breadcrumb\",\"itemListElement\":[{\"@type\":\"ListItem\",\"position\":1,\"name\":\"Portada\",\"item\":\"https:\\\/\\\/schoenstatt.com\\\/pt-pt\\\/home\\\/\"},{\"@type\":\"ListItem\",\"position\":2,\"name\":\"Novo grupo de sustentabilidade em Schoenstatt: Uma equipe global\"}]},{\"@type\":\"WebSite\",\"@id\":\"https:\\\/\\\/schoenstatt.com\\\/pt-pt\\\/#website\",\"url\":\"https:\\\/\\\/schoenstatt.com\\\/pt-pt\\\/\",\"name\":\"Schoenstatt\",\"description\":\"Apostolic Movement\",\"publisher\":{\"@id\":\"https:\\\/\\\/schoenstatt.com\\\/pt-pt\\\/#organization\"},\"potentialAction\":[{\"@type\":\"SearchAction\",\"target\":{\"@type\":\"EntryPoint\",\"urlTemplate\":\"https:\\\/\\\/schoenstatt.com\\\/pt-pt\\\/?s={search_term_string}\"},\"query-input\":{\"@type\":\"PropertyValueSpecification\",\"valueRequired\":true,\"valueName\":\"search_term_string\"}}],\"inLanguage\":\"pt-PT\"},{\"@type\":\"Organization\",\"@id\":\"https:\\\/\\\/schoenstatt.com\\\/pt-pt\\\/#organization\",\"name\":\"Schoenstatt\",\"url\":\"https:\\\/\\\/schoenstatt.com\\\/pt-pt\\\/\",\"logo\":{\"@type\":\"ImageObject\",\"inLanguage\":\"pt-PT\",\"@id\":\"https:\\\/\\\/schoenstatt.com\\\/pt-pt\\\/#\\\/schema\\\/logo\\\/image\\\/\",\"url\":\"https:\\\/\\\/schoenstatt.com\\\/wp-content\\\/uploads\\\/2025\\\/04\\\/logo-schoenstatt-white-696x696-1.png\",\"contentUrl\":\"https:\\\/\\\/schoenstatt.com\\\/wp-content\\\/uploads\\\/2025\\\/04\\\/logo-schoenstatt-white-696x696-1.png\",\"width\":696,\"height\":694,\"caption\":\"Schoenstatt\"},\"image\":{\"@id\":\"https:\\\/\\\/schoenstatt.com\\\/pt-pt\\\/#\\\/schema\\\/logo\\\/image\\\/\"}},{\"@type\":\"Person\",\"@id\":\"https:\\\/\\\/schoenstatt.com\\\/pt-pt\\\/#\\\/schema\\\/person\\\/5158877ad4acae98b34daaeef2a1ce6e\",\"name\":\"Karen Bueno\",\"image\":{\"@type\":\"ImageObject\",\"inLanguage\":\"pt-PT\",\"@id\":\"https:\\\/\\\/secure.gravatar.com\\\/avatar\\\/f9f4b823873154269d2b2130f195f6d41037dd0d7fc5f3cacb5c846bae70d66b?s=96&d=mm&r=g\",\"url\":\"https:\\\/\\\/secure.gravatar.com\\\/avatar\\\/f9f4b823873154269d2b2130f195f6d41037dd0d7fc5f3cacb5c846bae70d66b?s=96&d=mm&r=g\",\"contentUrl\":\"https:\\\/\\\/secure.gravatar.com\\\/avatar\\\/f9f4b823873154269d2b2130f195f6d41037dd0d7fc5f3cacb5c846bae70d66b?s=96&d=mm&r=g\",\"caption\":\"Karen Bueno\"},\"url\":\"https:\\\/\\\/schoenstatt.com\\\/pt-pt\\\/author\\\/karen-bueno\\\/\"}]}<\/script>\n<!-- \/ Yoast SEO Premium plugin. -->","yoast_head_json":{"title":"Novo grupo de sustentabilidade em Schoenstatt: Uma equipe global","description":"Este grupo busca integrar pr\u00e1ticas sustent\u00e1veis em todas as suas atividades, \u00e0 luz da espiritualidade de Schoenstatt.","robots":{"index":"index","follow":"follow","max-snippet":"max-snippet:-1","max-image-preview":"max-image-preview:large","max-video-preview":"max-video-preview:-1"},"canonical":"https:\/\/schoenstatt.com\/pt-pt\/novo-grupo-de-sustentabilidade-em-schoenstatt-uma-equipe-global\/","og_locale":"pt_PT","og_type":"article","og_title":"Novo grupo de sustentabilidade em Schoenstatt: Uma equipe global","og_description":"Este grupo busca integrar pr\u00e1ticas sustent\u00e1veis em todas as suas atividades, \u00e0 luz da espiritualidade de Schoenstatt.","og_url":"https:\/\/schoenstatt.com\/pt-pt\/novo-grupo-de-sustentabilidade-em-schoenstatt-uma-equipe-global\/","og_site_name":"Schoenstatt","article_published_time":"2025-06-30T01:03:00+00:00","article_modified_time":"2025-07-02T18:48:59+00:00","og_image":[{"width":1600,"height":611,"url":"https:\/\/schoenstatt.com\/wp-content\/uploads\/2025\/05\/Sustentabilidad-Mayo-2.jpeg","type":"image\/jpeg"}],"author":"Karen Bueno","twitter_card":"summary_large_image","twitter_misc":{"Escrito por":"Karen Bueno","Tempo estimado de leitura":"4 minutos"},"schema":{"@context":"https:\/\/schema.org","@graph":[{"@type":"Article","@id":"https:\/\/schoenstatt.com\/pt-pt\/novo-grupo-de-sustentabilidade-em-schoenstatt-uma-equipe-global\/#article","isPartOf":{"@id":"https:\/\/schoenstatt.com\/pt-pt\/novo-grupo-de-sustentabilidade-em-schoenstatt-uma-equipe-global\/"},"author":{"name":"Karen Bueno","@id":"https:\/\/schoenstatt.com\/pt-pt\/#\/schema\/person\/5158877ad4acae98b34daaeef2a1ce6e"},"headline":"Novo grupo de sustentabilidade em Schoenstatt: Uma equipe global","datePublished":"2025-06-30T01:03:00+00:00","dateModified":"2025-07-02T18:48:59+00:00","mainEntityOfPage":{"@id":"https:\/\/schoenstatt.com\/pt-pt\/novo-grupo-de-sustentabilidade-em-schoenstatt-uma-equipe-global\/"},"wordCount":791,"publisher":{"@id":"https:\/\/schoenstatt.com\/pt-pt\/#organization"},"image":{"@id":"https:\/\/schoenstatt.com\/pt-pt\/novo-grupo-de-sustentabilidade-em-schoenstatt-uma-equipe-global\/#primaryimage"},"thumbnailUrl":"https:\/\/schoenstatt.com\/wp-content\/uploads\/2025\/05\/Sustentabilidad-Mayo-2.jpeg","keywords":["Ecologia \/ Meio Ambiente"],"articleSection":["Meio Ambiente"],"inLanguage":"pt-PT"},{"@type":"WebPage","@id":"https:\/\/schoenstatt.com\/pt-pt\/novo-grupo-de-sustentabilidade-em-schoenstatt-uma-equipe-global\/","url":"https:\/\/schoenstatt.com\/pt-pt\/novo-grupo-de-sustentabilidade-em-schoenstatt-uma-equipe-global\/","name":"Novo grupo de sustentabilidade em Schoenstatt: Uma equipe global","isPartOf":{"@id":"https:\/\/schoenstatt.com\/pt-pt\/#website"},"primaryImageOfPage":{"@id":"https:\/\/schoenstatt.com\/pt-pt\/novo-grupo-de-sustentabilidade-em-schoenstatt-uma-equipe-global\/#primaryimage"},"image":{"@id":"https:\/\/schoenstatt.com\/pt-pt\/novo-grupo-de-sustentabilidade-em-schoenstatt-uma-equipe-global\/#primaryimage"},"thumbnailUrl":"https:\/\/schoenstatt.com\/wp-content\/uploads\/2025\/05\/Sustentabilidad-Mayo-2.jpeg","datePublished":"2025-06-30T01:03:00+00:00","dateModified":"2025-07-02T18:48:59+00:00","description":"Este grupo busca integrar pr\u00e1ticas sustent\u00e1veis em todas as suas atividades, \u00e0 luz da espiritualidade de Schoenstatt.","breadcrumb":{"@id":"https:\/\/schoenstatt.com\/pt-pt\/novo-grupo-de-sustentabilidade-em-schoenstatt-uma-equipe-global\/#breadcrumb"},"inLanguage":"pt-PT","potentialAction":[{"@type":"ReadAction","target":["https:\/\/schoenstatt.com\/pt-pt\/novo-grupo-de-sustentabilidade-em-schoenstatt-uma-equipe-global\/"]}]},{"@type":"ImageObject","inLanguage":"pt-PT","@id":"https:\/\/schoenstatt.com\/pt-pt\/novo-grupo-de-sustentabilidade-em-schoenstatt-uma-equipe-global\/#primaryimage","url":"https:\/\/schoenstatt.com\/wp-content\/uploads\/2025\/05\/Sustentabilidad-Mayo-2.jpeg","contentUrl":"https:\/\/schoenstatt.com\/wp-content\/uploads\/2025\/05\/Sustentabilidad-Mayo-2.jpeg","width":1600,"height":611},{"@type":"BreadcrumbList","@id":"https:\/\/schoenstatt.com\/pt-pt\/novo-grupo-de-sustentabilidade-em-schoenstatt-uma-equipe-global\/#breadcrumb","itemListElement":[{"@type":"ListItem","position":1,"name":"Portada","item":"https:\/\/schoenstatt.com\/pt-pt\/home\/"},{"@type":"ListItem","position":2,"name":"Novo grupo de sustentabilidade em Schoenstatt: Uma equipe global"}]},{"@type":"WebSite","@id":"https:\/\/schoenstatt.com\/pt-pt\/#website","url":"https:\/\/schoenstatt.com\/pt-pt\/","name":"Schoenstatt","description":"Apostolic Movement","publisher":{"@id":"https:\/\/schoenstatt.com\/pt-pt\/#organization"},"potentialAction":[{"@type":"SearchAction","target":{"@type":"EntryPoint","urlTemplate":"https:\/\/schoenstatt.com\/pt-pt\/?s={search_term_string}"},"query-input":{"@type":"PropertyValueSpecification","valueRequired":true,"valueName":"search_term_string"}}],"inLanguage":"pt-PT"},{"@type":"Organization","@id":"https:\/\/schoenstatt.com\/pt-pt\/#organization","name":"Schoenstatt","url":"https:\/\/schoenstatt.com\/pt-pt\/","logo":{"@type":"ImageObject","inLanguage":"pt-PT","@id":"https:\/\/schoenstatt.com\/pt-pt\/#\/schema\/logo\/image\/","url":"https:\/\/schoenstatt.com\/wp-content\/uploads\/2025\/04\/logo-schoenstatt-white-696x696-1.png","contentUrl":"https:\/\/schoenstatt.com\/wp-content\/uploads\/2025\/04\/logo-schoenstatt-white-696x696-1.png","width":696,"height":694,"caption":"Schoenstatt"},"image":{"@id":"https:\/\/schoenstatt.com\/pt-pt\/#\/schema\/logo\/image\/"}},{"@type":"Person","@id":"https:\/\/schoenstatt.com\/pt-pt\/#\/schema\/person\/5158877ad4acae98b34daaeef2a1ce6e","name":"Karen Bueno","image":{"@type":"ImageObject","inLanguage":"pt-PT","@id":"https:\/\/secure.gravatar.com\/avatar\/f9f4b823873154269d2b2130f195f6d41037dd0d7fc5f3cacb5c846bae70d66b?s=96&d=mm&r=g","url":"https:\/\/secure.gravatar.com\/avatar\/f9f4b823873154269d2b2130f195f6d41037dd0d7fc5f3cacb5c846bae70d66b?s=96&d=mm&r=g","contentUrl":"https:\/\/secure.gravatar.com\/avatar\/f9f4b823873154269d2b2130f195f6d41037dd0d7fc5f3cacb5c846bae70d66b?s=96&d=mm&r=g","caption":"Karen Bueno"},"url":"https:\/\/schoenstatt.com\/pt-pt\/author\/karen-bueno\/"}]}},"_links":{"self":[{"href":"https:\/\/schoenstatt.com\/pt-pt\/wp-json\/wp\/v2\/posts\/60161","targetHints":{"allow":["GET"]}}],"collection":[{"href":"https:\/\/schoenstatt.com\/pt-pt\/wp-json\/wp\/v2\/posts"}],"about":[{"href":"https:\/\/schoenstatt.com\/pt-pt\/wp-json\/wp\/v2\/types\/post"}],"author":[{"embeddable":true,"href":"https:\/\/schoenstatt.com\/pt-pt\/wp-json\/wp\/v2\/users\/3"}],"replies":[{"embeddable":true,"href":"https:\/\/schoenstatt.com\/pt-pt\/wp-json\/wp\/v2\/comments?post=60161"}],"version-history":[{"count":5,"href":"https:\/\/schoenstatt.com\/pt-pt\/wp-json\/wp\/v2\/posts\/60161\/revisions"}],"predecessor-version":[{"id":60356,"href":"https:\/\/schoenstatt.com\/pt-pt\/wp-json\/wp\/v2\/posts\/60161\/revisions\/60356"}],"wp:featuredmedia":[{"embeddable":true,"href":"https:\/\/schoenstatt.com\/pt-pt\/wp-json\/wp\/v2\/media\/53660"}],"wp:attachment":[{"href":"https:\/\/schoenstatt.com\/pt-pt\/wp-json\/wp\/v2\/media?parent=60161"}],"wp:term":[{"taxonomy":"category","embeddable":true,"href":"https:\/\/schoenstatt.com\/pt-pt\/wp-json\/wp\/v2\/categories?post=60161"},{"taxonomy":"post_tag","embeddable":true,"href":"https:\/\/schoenstatt.com\/pt-pt\/wp-json\/wp\/v2\/tags?post=60161"}],"curies":[{"name":"wp","href":"https:\/\/api.w.org\/{rel}","templated":true}]}}