{"id":60059,"date":"2025-06-20T14:55:59","date_gmt":"2025-06-20T12:55:59","guid":{"rendered":"https:\/\/schoenstatt.com\/?p=60059"},"modified":"2025-08-21T16:47:38","modified_gmt":"2025-08-21T14:47:38","slug":"o-papa-leao-xiv-proclama-joao-pozzobon-como-veneravel","status":"publish","type":"post","link":"https:\/\/schoenstatt.com\/pt-pt\/o-papa-leao-xiv-proclama-joao-pozzobon-como-veneravel\/","title":{"rendered":"O Papa Le\u00e3o XIV proclama Jo\u00e3o Pozzobon como \u201cVener\u00e1vel\u201d"},"content":{"rendered":"\n<p>Uma not\u00edcia de grande alegria para todo o Movimento Apost\u00f3lico de Schoenstatt. Nesta sexta-feira, 20 de junho de 2025, o Papa Le\u00e3o XIV autorizou a promulga\u00e7\u00e3o do Decreto que torna o Servo de Deus Di\u00e1c. Jo\u00e3o Luiz Pozzobon VENER\u00c1VEL.<\/p>\n\n\n\n<p>Isso significa que a <a href=\"https:\/\/schoenstatt.com\/pt-pt\/expectativas-no-processo-de-beatificacao-de-joao-pozzobon\/\">an\u00e1lise sobre a vida do Servo de Deus est\u00e1 conclu\u00edda<\/a> perante a Igreja e, para a Beatifica\u00e7\u00e3o, basta o reconhecimento de um milagre. Na v\u00e9spera de celebrar 40 anos de falecimento de Jo\u00e3o Pozzobon (no dia 27 de junho), essa not\u00edcia traz grande alegria e gratid\u00e3o a todos os schoenstattianos.<\/p>\n\n\n\n<p>Acompanhe abaixo o comunicado da Arquidiocese de Santa Maria e da Presid\u00eancia do Movimento no Brasil:<\/p>\n\n\n\n<hr class=\"wp-block-separator has-text-color has-alpha-channel-opacity has-background\" style=\"background-color:#e37729;color:#e37729\"\/>\n\n\n\n<blockquote class=\"wp-block-quote is-layout-flow wp-block-quote-is-layout-flow\">\n<p class=\"has-text-align-center\"><strong>COMUNICADO OFICIAL<br>Arquidiocese de Santa Maria<br>Presid\u00eancia Nacional do Movimento Apost\u00f3lico de Schoenstatt no Brasil<\/strong><\/p>\n\n\n\n<p>Com grande alegria, comunicamos ao Povo de Deus que, no dia 20 de junho de 2025, o Santo Padre, o Papa Le\u00e3o XIV, autorizou a promulga\u00e7\u00e3o do Decreto que reconhece as virtudes heroicas do Servo de Deus Di\u00e1cono Jo\u00e3o Luiz Pozzobon, pertencente \u00e0 Arquidiocese de Santa Maria (RS), membro do Movimento Apost\u00f3lico de Schoenstatt e iniciador da Campanha da M\u00e3e Peregrina.<\/p>\n\n\n\n<p>Com essa promulga\u00e7\u00e3o, a Igreja declara Jo\u00e3o Luiz Pozzobon Vener\u00e1vel, reconhecendo oficialmente que viveu de modo exemplar as virtudes crist\u00e3s em grau heroico. Trata-se de um passo significativo no caminho de sua causa de beatifica\u00e7\u00e3o e canoniza\u00e7\u00e3o.<\/p>\n\n\n\n<p>Damos gra\u00e7as a Deus por esse dom \u00e0 Igreja e expressamos nosso agradecimento ao Santo Padre por este reconhecimento. Manifestamos tamb\u00e9m nossa gratid\u00e3o aos membros do Dicast\u00e9rio para as Causas dos Santos, \u00e0 Postuladora da Causa, Dra. Silvia Correale, ao Arcebispo de Santa Maria, Dom Leomar Ant\u00f4nio Brustolin, e a todas as pessoas, comunidades e institui\u00e7\u00f5es que, ao longo dos anos, colaboraram e seguem apoiando com f\u00e9 e dedica\u00e7\u00e3o a Causa de Canoniza\u00e7\u00e3o do agora Vener\u00e1vel Jo\u00e3o Luiz Pozzobon.<\/p>\n\n\n\n<p>Este reconhecimento enche de alegria toda a Igreja e, de modo especial, a Arquidiocese de Santa Maria e a Fam\u00edlia de Schoenstatt em todo o mundo, que veem confirmada a atualidade do seu testemunho de vida e miss\u00e3o como esposo, pai de fam\u00edlia, di\u00e1cono permanente e incans\u00e1vel peregrino da M\u00e3e e Rainha.<\/p>\n\n\n\n<p><strong>Santa Maria, 20 de junho de 2025.<\/strong><\/p>\n\n\n\n<p><strong>Arquidiocese de Santa Maria<br>Presid\u00eancia Nacional do Movimento Apost\u00f3lico de Schoenstatt no Brasil<\/strong><\/p>\n<\/blockquote>\n\n\n\n<ul class=\"wp-block-list\">\n<li><a href=\"https:\/\/press.vatican.va\/content\/salastampa\/it\/bollettino\/pubblico\/2025\/06\/20\/0427\/00782.html\" target=\"_blank\" rel=\"noreferrer noopener\">Decreto do Vaticano<\/a><\/li>\n<\/ul>\n","protected":false},"excerpt":{"rendered":"<p>Agora, Jo\u00e3o Luiz Pozzobon \u00e9 VENER\u00c1VEL! O Papa Le\u00e3o XIV autorizou a promulga\u00e7\u00e3o do decreto nesta sexta-feira.<\/p>\n","protected":false},"author":3,"featured_media":60053,"comment_status":"closed","ping_status":"closed","sticky":false,"template":"","format":"standard","meta":{"footnotes":""},"categories":[888,425],"tags":[1088,1041,954,1135],"class_list":["post-60059","post","type-post","status-publish","format-standard","has-post-thumbnail","hentry","category-herois-de-schoenstatt-pt-pt","category-mae-peregrina-pt-pt","tag-campanha-da-mae-peregrina-pt-pt","tag-joao-luiz-pozzobon-pt-pt","tag-processo-de-beatificacao-pt-pt","tag-schoenstatt-brasil-pt-pt"],"yoast_head":"<!-- This site is optimized with the Yoast SEO Premium plugin v27.4 (Yoast SEO v27.4) - https:\/\/yoast.com\/product\/yoast-seo-premium-wordpress\/ -->\n<title>O Papa Le\u00e3o XIV proclama Jo\u00e3o Pozzobon como \u201cVener\u00e1vel\u201d - Schoenstatt<\/title>\n<meta name=\"description\" content=\"Agora, Jo\u00e3o Luiz Pozzobon \u00e9 VENER\u00c1VEL! O Papa Le\u00e3o XIV autorizou a promulga\u00e7\u00e3o do decreto nesta sexta-feira.\" \/>\n<meta name=\"robots\" content=\"index, follow, max-snippet:-1, max-image-preview:large, max-video-preview:-1\" \/>\n<link rel=\"canonical\" href=\"https:\/\/schoenstatt.com\/pt-pt\/o-papa-leao-xiv-proclama-joao-pozzobon-como-veneravel\/\" \/>\n<meta property=\"og:locale\" content=\"pt_PT\" \/>\n<meta property=\"og:type\" content=\"article\" \/>\n<meta property=\"og:title\" content=\"O Papa Le\u00e3o XIV proclama Jo\u00e3o Pozzobon como \u201cVener\u00e1vel\u201d\" \/>\n<meta property=\"og:description\" content=\"Agora, Jo\u00e3o Luiz Pozzobon \u00e9 VENER\u00c1VEL! O Papa Le\u00e3o XIV autorizou a promulga\u00e7\u00e3o do decreto nesta sexta-feira.\" \/>\n<meta property=\"og:url\" content=\"https:\/\/schoenstatt.com\/pt-pt\/o-papa-leao-xiv-proclama-joao-pozzobon-como-veneravel\/\" \/>\n<meta property=\"og:site_name\" content=\"Schoenstatt\" \/>\n<meta property=\"article:published_time\" content=\"2025-06-20T12:55:59+00:00\" \/>\n<meta property=\"article:modified_time\" content=\"2025-08-21T14:47:38+00:00\" \/>\n<meta property=\"og:image\" content=\"https:\/\/schoenstatt.com\/wp-content\/uploads\/2025\/06\/Joao-Luiz-Pozzobon-1.webp\" \/>\n\t<meta property=\"og:image:width\" content=\"2048\" \/>\n\t<meta property=\"og:image:height\" content=\"1056\" \/>\n\t<meta property=\"og:image:type\" content=\"image\/jpeg\" \/>\n<meta name=\"author\" content=\"Karen Bueno\" \/>\n<meta name=\"twitter:card\" content=\"summary_large_image\" \/>\n<meta name=\"twitter:label1\" content=\"Escrito por\" \/>\n\t<meta name=\"twitter:data1\" content=\"Karen Bueno\" \/>\n\t<meta name=\"twitter:label2\" content=\"Tempo estimado de leitura\" \/>\n\t<meta name=\"twitter:data2\" content=\"1 minuto\" \/>\n<script type=\"application\/ld+json\" class=\"yoast-schema-graph\">{\"@context\":\"https:\\\/\\\/schema.org\",\"@graph\":[{\"@type\":\"Article\",\"@id\":\"https:\\\/\\\/schoenstatt.com\\\/pt-pt\\\/o-papa-leao-xiv-proclama-joao-pozzobon-como-veneravel\\\/#article\",\"isPartOf\":{\"@id\":\"https:\\\/\\\/schoenstatt.com\\\/pt-pt\\\/o-papa-leao-xiv-proclama-joao-pozzobon-como-veneravel\\\/\"},\"author\":{\"name\":\"Karen Bueno\",\"@id\":\"https:\\\/\\\/schoenstatt.com\\\/pt-pt\\\/#\\\/schema\\\/person\\\/5158877ad4acae98b34daaeef2a1ce6e\"},\"headline\":\"O Papa Le\u00e3o XIV proclama Jo\u00e3o Pozzobon como \u201cVener\u00e1vel\u201d\",\"datePublished\":\"2025-06-20T12:55:59+00:00\",\"dateModified\":\"2025-08-21T14:47:38+00:00\",\"mainEntityOfPage\":{\"@id\":\"https:\\\/\\\/schoenstatt.com\\\/pt-pt\\\/o-papa-leao-xiv-proclama-joao-pozzobon-como-veneravel\\\/\"},\"wordCount\":421,\"publisher\":{\"@id\":\"https:\\\/\\\/schoenstatt.com\\\/pt-pt\\\/#organization\"},\"image\":{\"@id\":\"https:\\\/\\\/schoenstatt.com\\\/pt-pt\\\/o-papa-leao-xiv-proclama-joao-pozzobon-como-veneravel\\\/#primaryimage\"},\"thumbnailUrl\":\"https:\\\/\\\/schoenstatt.com\\\/wp-content\\\/uploads\\\/2025\\\/06\\\/Joao-Luiz-Pozzobon-1.webp\",\"keywords\":[\"Campanha da M\u00e3e Peregrina\",\"Jo\u00e3o Luiz Pozzobon\",\"Processo de Beatifica\u00e7\u00e3o\",\"Schoenstatt Brasil\"],\"articleSection\":[\"Her\u00f3is de Schoenstatt\",\"M\u00e3e Peregrina\"],\"inLanguage\":\"pt-PT\"},{\"@type\":\"WebPage\",\"@id\":\"https:\\\/\\\/schoenstatt.com\\\/pt-pt\\\/o-papa-leao-xiv-proclama-joao-pozzobon-como-veneravel\\\/\",\"url\":\"https:\\\/\\\/schoenstatt.com\\\/pt-pt\\\/o-papa-leao-xiv-proclama-joao-pozzobon-como-veneravel\\\/\",\"name\":\"O Papa Le\u00e3o XIV proclama Jo\u00e3o Pozzobon como \u201cVener\u00e1vel\u201d - Schoenstatt\",\"isPartOf\":{\"@id\":\"https:\\\/\\\/schoenstatt.com\\\/pt-pt\\\/#website\"},\"primaryImageOfPage\":{\"@id\":\"https:\\\/\\\/schoenstatt.com\\\/pt-pt\\\/o-papa-leao-xiv-proclama-joao-pozzobon-como-veneravel\\\/#primaryimage\"},\"image\":{\"@id\":\"https:\\\/\\\/schoenstatt.com\\\/pt-pt\\\/o-papa-leao-xiv-proclama-joao-pozzobon-como-veneravel\\\/#primaryimage\"},\"thumbnailUrl\":\"https:\\\/\\\/schoenstatt.com\\\/wp-content\\\/uploads\\\/2025\\\/06\\\/Joao-Luiz-Pozzobon-1.webp\",\"datePublished\":\"2025-06-20T12:55:59+00:00\",\"dateModified\":\"2025-08-21T14:47:38+00:00\",\"description\":\"Agora, Jo\u00e3o Luiz Pozzobon \u00e9 VENER\u00c1VEL! O Papa Le\u00e3o XIV autorizou a promulga\u00e7\u00e3o do decreto nesta sexta-feira.\",\"breadcrumb\":{\"@id\":\"https:\\\/\\\/schoenstatt.com\\\/pt-pt\\\/o-papa-leao-xiv-proclama-joao-pozzobon-como-veneravel\\\/#breadcrumb\"},\"inLanguage\":\"pt-PT\",\"potentialAction\":[{\"@type\":\"ReadAction\",\"target\":[\"https:\\\/\\\/schoenstatt.com\\\/pt-pt\\\/o-papa-leao-xiv-proclama-joao-pozzobon-como-veneravel\\\/\"]}]},{\"@type\":\"ImageObject\",\"inLanguage\":\"pt-PT\",\"@id\":\"https:\\\/\\\/schoenstatt.com\\\/pt-pt\\\/o-papa-leao-xiv-proclama-joao-pozzobon-como-veneravel\\\/#primaryimage\",\"url\":\"https:\\\/\\\/schoenstatt.com\\\/wp-content\\\/uploads\\\/2025\\\/06\\\/Joao-Luiz-Pozzobon-1.webp\",\"contentUrl\":\"https:\\\/\\\/schoenstatt.com\\\/wp-content\\\/uploads\\\/2025\\\/06\\\/Joao-Luiz-Pozzobon-1.webp\",\"width\":2048,\"height\":1056},{\"@type\":\"BreadcrumbList\",\"@id\":\"https:\\\/\\\/schoenstatt.com\\\/pt-pt\\\/o-papa-leao-xiv-proclama-joao-pozzobon-como-veneravel\\\/#breadcrumb\",\"itemListElement\":[{\"@type\":\"ListItem\",\"position\":1,\"name\":\"Portada\",\"item\":\"https:\\\/\\\/schoenstatt.com\\\/pt-pt\\\/home\\\/\"},{\"@type\":\"ListItem\",\"position\":2,\"name\":\"O Papa Le\u00e3o XIV proclama Jo\u00e3o Pozzobon como \u201cVener\u00e1vel\u201d\"}]},{\"@type\":\"WebSite\",\"@id\":\"https:\\\/\\\/schoenstatt.com\\\/pt-pt\\\/#website\",\"url\":\"https:\\\/\\\/schoenstatt.com\\\/pt-pt\\\/\",\"name\":\"Schoenstatt\",\"description\":\"Apostolic Movement\",\"publisher\":{\"@id\":\"https:\\\/\\\/schoenstatt.com\\\/pt-pt\\\/#organization\"},\"potentialAction\":[{\"@type\":\"SearchAction\",\"target\":{\"@type\":\"EntryPoint\",\"urlTemplate\":\"https:\\\/\\\/schoenstatt.com\\\/pt-pt\\\/?s={search_term_string}\"},\"query-input\":{\"@type\":\"PropertyValueSpecification\",\"valueRequired\":true,\"valueName\":\"search_term_string\"}}],\"inLanguage\":\"pt-PT\"},{\"@type\":\"Organization\",\"@id\":\"https:\\\/\\\/schoenstatt.com\\\/pt-pt\\\/#organization\",\"name\":\"Schoenstatt\",\"url\":\"https:\\\/\\\/schoenstatt.com\\\/pt-pt\\\/\",\"logo\":{\"@type\":\"ImageObject\",\"inLanguage\":\"pt-PT\",\"@id\":\"https:\\\/\\\/schoenstatt.com\\\/pt-pt\\\/#\\\/schema\\\/logo\\\/image\\\/\",\"url\":\"https:\\\/\\\/schoenstatt.com\\\/wp-content\\\/uploads\\\/2025\\\/04\\\/logo-schoenstatt-white-696x696-1.png\",\"contentUrl\":\"https:\\\/\\\/schoenstatt.com\\\/wp-content\\\/uploads\\\/2025\\\/04\\\/logo-schoenstatt-white-696x696-1.png\",\"width\":696,\"height\":694,\"caption\":\"Schoenstatt\"},\"image\":{\"@id\":\"https:\\\/\\\/schoenstatt.com\\\/pt-pt\\\/#\\\/schema\\\/logo\\\/image\\\/\"}},{\"@type\":\"Person\",\"@id\":\"https:\\\/\\\/schoenstatt.com\\\/pt-pt\\\/#\\\/schema\\\/person\\\/5158877ad4acae98b34daaeef2a1ce6e\",\"name\":\"Karen Bueno\",\"image\":{\"@type\":\"ImageObject\",\"inLanguage\":\"pt-PT\",\"@id\":\"https:\\\/\\\/secure.gravatar.com\\\/avatar\\\/f9f4b823873154269d2b2130f195f6d41037dd0d7fc5f3cacb5c846bae70d66b?s=96&d=mm&r=g\",\"url\":\"https:\\\/\\\/secure.gravatar.com\\\/avatar\\\/f9f4b823873154269d2b2130f195f6d41037dd0d7fc5f3cacb5c846bae70d66b?s=96&d=mm&r=g\",\"contentUrl\":\"https:\\\/\\\/secure.gravatar.com\\\/avatar\\\/f9f4b823873154269d2b2130f195f6d41037dd0d7fc5f3cacb5c846bae70d66b?s=96&d=mm&r=g\",\"caption\":\"Karen Bueno\"},\"url\":\"https:\\\/\\\/schoenstatt.com\\\/pt-pt\\\/author\\\/karen-bueno\\\/\"}]}<\/script>\n<!-- \/ Yoast SEO Premium plugin. -->","yoast_head_json":{"title":"O Papa Le\u00e3o XIV proclama Jo\u00e3o Pozzobon como \u201cVener\u00e1vel\u201d - Schoenstatt","description":"Agora, Jo\u00e3o Luiz Pozzobon \u00e9 VENER\u00c1VEL! O Papa Le\u00e3o XIV autorizou a promulga\u00e7\u00e3o do decreto nesta sexta-feira.","robots":{"index":"index","follow":"follow","max-snippet":"max-snippet:-1","max-image-preview":"max-image-preview:large","max-video-preview":"max-video-preview:-1"},"canonical":"https:\/\/schoenstatt.com\/pt-pt\/o-papa-leao-xiv-proclama-joao-pozzobon-como-veneravel\/","og_locale":"pt_PT","og_type":"article","og_title":"O Papa Le\u00e3o XIV proclama Jo\u00e3o Pozzobon como \u201cVener\u00e1vel\u201d","og_description":"Agora, Jo\u00e3o Luiz Pozzobon \u00e9 VENER\u00c1VEL! O Papa Le\u00e3o XIV autorizou a promulga\u00e7\u00e3o do decreto nesta sexta-feira.","og_url":"https:\/\/schoenstatt.com\/pt-pt\/o-papa-leao-xiv-proclama-joao-pozzobon-como-veneravel\/","og_site_name":"Schoenstatt","article_published_time":"2025-06-20T12:55:59+00:00","article_modified_time":"2025-08-21T14:47:38+00:00","og_image":[{"url":"https:\/\/schoenstatt.com\/wp-content\/uploads\/2025\/06\/Joao-Luiz-Pozzobon-1.webp","width":2048,"height":1056,"type":"image\/jpeg"}],"author":"Karen Bueno","twitter_card":"summary_large_image","twitter_misc":{"Escrito por":"Karen Bueno","Tempo estimado de leitura":"1 minuto"},"schema":{"@context":"https:\/\/schema.org","@graph":[{"@type":"Article","@id":"https:\/\/schoenstatt.com\/pt-pt\/o-papa-leao-xiv-proclama-joao-pozzobon-como-veneravel\/#article","isPartOf":{"@id":"https:\/\/schoenstatt.com\/pt-pt\/o-papa-leao-xiv-proclama-joao-pozzobon-como-veneravel\/"},"author":{"name":"Karen Bueno","@id":"https:\/\/schoenstatt.com\/pt-pt\/#\/schema\/person\/5158877ad4acae98b34daaeef2a1ce6e"},"headline":"O Papa Le\u00e3o XIV proclama Jo\u00e3o Pozzobon como \u201cVener\u00e1vel\u201d","datePublished":"2025-06-20T12:55:59+00:00","dateModified":"2025-08-21T14:47:38+00:00","mainEntityOfPage":{"@id":"https:\/\/schoenstatt.com\/pt-pt\/o-papa-leao-xiv-proclama-joao-pozzobon-como-veneravel\/"},"wordCount":421,"publisher":{"@id":"https:\/\/schoenstatt.com\/pt-pt\/#organization"},"image":{"@id":"https:\/\/schoenstatt.com\/pt-pt\/o-papa-leao-xiv-proclama-joao-pozzobon-como-veneravel\/#primaryimage"},"thumbnailUrl":"https:\/\/schoenstatt.com\/wp-content\/uploads\/2025\/06\/Joao-Luiz-Pozzobon-1.webp","keywords":["Campanha da M\u00e3e Peregrina","Jo\u00e3o Luiz Pozzobon","Processo de Beatifica\u00e7\u00e3o","Schoenstatt Brasil"],"articleSection":["Her\u00f3is de Schoenstatt","M\u00e3e Peregrina"],"inLanguage":"pt-PT"},{"@type":"WebPage","@id":"https:\/\/schoenstatt.com\/pt-pt\/o-papa-leao-xiv-proclama-joao-pozzobon-como-veneravel\/","url":"https:\/\/schoenstatt.com\/pt-pt\/o-papa-leao-xiv-proclama-joao-pozzobon-como-veneravel\/","name":"O Papa Le\u00e3o XIV proclama Jo\u00e3o Pozzobon como \u201cVener\u00e1vel\u201d - Schoenstatt","isPartOf":{"@id":"https:\/\/schoenstatt.com\/pt-pt\/#website"},"primaryImageOfPage":{"@id":"https:\/\/schoenstatt.com\/pt-pt\/o-papa-leao-xiv-proclama-joao-pozzobon-como-veneravel\/#primaryimage"},"image":{"@id":"https:\/\/schoenstatt.com\/pt-pt\/o-papa-leao-xiv-proclama-joao-pozzobon-como-veneravel\/#primaryimage"},"thumbnailUrl":"https:\/\/schoenstatt.com\/wp-content\/uploads\/2025\/06\/Joao-Luiz-Pozzobon-1.webp","datePublished":"2025-06-20T12:55:59+00:00","dateModified":"2025-08-21T14:47:38+00:00","description":"Agora, Jo\u00e3o Luiz Pozzobon \u00e9 VENER\u00c1VEL! O Papa Le\u00e3o XIV autorizou a promulga\u00e7\u00e3o do decreto nesta sexta-feira.","breadcrumb":{"@id":"https:\/\/schoenstatt.com\/pt-pt\/o-papa-leao-xiv-proclama-joao-pozzobon-como-veneravel\/#breadcrumb"},"inLanguage":"pt-PT","potentialAction":[{"@type":"ReadAction","target":["https:\/\/schoenstatt.com\/pt-pt\/o-papa-leao-xiv-proclama-joao-pozzobon-como-veneravel\/"]}]},{"@type":"ImageObject","inLanguage":"pt-PT","@id":"https:\/\/schoenstatt.com\/pt-pt\/o-papa-leao-xiv-proclama-joao-pozzobon-como-veneravel\/#primaryimage","url":"https:\/\/schoenstatt.com\/wp-content\/uploads\/2025\/06\/Joao-Luiz-Pozzobon-1.webp","contentUrl":"https:\/\/schoenstatt.com\/wp-content\/uploads\/2025\/06\/Joao-Luiz-Pozzobon-1.webp","width":2048,"height":1056},{"@type":"BreadcrumbList","@id":"https:\/\/schoenstatt.com\/pt-pt\/o-papa-leao-xiv-proclama-joao-pozzobon-como-veneravel\/#breadcrumb","itemListElement":[{"@type":"ListItem","position":1,"name":"Portada","item":"https:\/\/schoenstatt.com\/pt-pt\/home\/"},{"@type":"ListItem","position":2,"name":"O Papa Le\u00e3o XIV proclama Jo\u00e3o Pozzobon como \u201cVener\u00e1vel\u201d"}]},{"@type":"WebSite","@id":"https:\/\/schoenstatt.com\/pt-pt\/#website","url":"https:\/\/schoenstatt.com\/pt-pt\/","name":"Schoenstatt","description":"Apostolic Movement","publisher":{"@id":"https:\/\/schoenstatt.com\/pt-pt\/#organization"},"potentialAction":[{"@type":"SearchAction","target":{"@type":"EntryPoint","urlTemplate":"https:\/\/schoenstatt.com\/pt-pt\/?s={search_term_string}"},"query-input":{"@type":"PropertyValueSpecification","valueRequired":true,"valueName":"search_term_string"}}],"inLanguage":"pt-PT"},{"@type":"Organization","@id":"https:\/\/schoenstatt.com\/pt-pt\/#organization","name":"Schoenstatt","url":"https:\/\/schoenstatt.com\/pt-pt\/","logo":{"@type":"ImageObject","inLanguage":"pt-PT","@id":"https:\/\/schoenstatt.com\/pt-pt\/#\/schema\/logo\/image\/","url":"https:\/\/schoenstatt.com\/wp-content\/uploads\/2025\/04\/logo-schoenstatt-white-696x696-1.png","contentUrl":"https:\/\/schoenstatt.com\/wp-content\/uploads\/2025\/04\/logo-schoenstatt-white-696x696-1.png","width":696,"height":694,"caption":"Schoenstatt"},"image":{"@id":"https:\/\/schoenstatt.com\/pt-pt\/#\/schema\/logo\/image\/"}},{"@type":"Person","@id":"https:\/\/schoenstatt.com\/pt-pt\/#\/schema\/person\/5158877ad4acae98b34daaeef2a1ce6e","name":"Karen Bueno","image":{"@type":"ImageObject","inLanguage":"pt-PT","@id":"https:\/\/secure.gravatar.com\/avatar\/f9f4b823873154269d2b2130f195f6d41037dd0d7fc5f3cacb5c846bae70d66b?s=96&d=mm&r=g","url":"https:\/\/secure.gravatar.com\/avatar\/f9f4b823873154269d2b2130f195f6d41037dd0d7fc5f3cacb5c846bae70d66b?s=96&d=mm&r=g","contentUrl":"https:\/\/secure.gravatar.com\/avatar\/f9f4b823873154269d2b2130f195f6d41037dd0d7fc5f3cacb5c846bae70d66b?s=96&d=mm&r=g","caption":"Karen Bueno"},"url":"https:\/\/schoenstatt.com\/pt-pt\/author\/karen-bueno\/"}]}},"_links":{"self":[{"href":"https:\/\/schoenstatt.com\/pt-pt\/wp-json\/wp\/v2\/posts\/60059","targetHints":{"allow":["GET"]}}],"collection":[{"href":"https:\/\/schoenstatt.com\/pt-pt\/wp-json\/wp\/v2\/posts"}],"about":[{"href":"https:\/\/schoenstatt.com\/pt-pt\/wp-json\/wp\/v2\/types\/post"}],"author":[{"embeddable":true,"href":"https:\/\/schoenstatt.com\/pt-pt\/wp-json\/wp\/v2\/users\/3"}],"replies":[{"embeddable":true,"href":"https:\/\/schoenstatt.com\/pt-pt\/wp-json\/wp\/v2\/comments?post=60059"}],"version-history":[{"count":14,"href":"https:\/\/schoenstatt.com\/pt-pt\/wp-json\/wp\/v2\/posts\/60059\/revisions"}],"predecessor-version":[{"id":63071,"href":"https:\/\/schoenstatt.com\/pt-pt\/wp-json\/wp\/v2\/posts\/60059\/revisions\/63071"}],"wp:featuredmedia":[{"embeddable":true,"href":"https:\/\/schoenstatt.com\/pt-pt\/wp-json\/wp\/v2\/media\/60053"}],"wp:attachment":[{"href":"https:\/\/schoenstatt.com\/pt-pt\/wp-json\/wp\/v2\/media?parent=60059"}],"wp:term":[{"taxonomy":"category","embeddable":true,"href":"https:\/\/schoenstatt.com\/pt-pt\/wp-json\/wp\/v2\/categories?post=60059"},{"taxonomy":"post_tag","embeddable":true,"href":"https:\/\/schoenstatt.com\/pt-pt\/wp-json\/wp\/v2\/tags?post=60059"}],"curies":[{"name":"wp","href":"https:\/\/api.w.org\/{rel}","templated":true}]}}