{"id":60041,"date":"2025-06-19T13:12:06","date_gmt":"2025-06-19T11:12:06","guid":{"rendered":"https:\/\/schoenstatt.com\/?p=60041"},"modified":"2025-08-15T19:50:54","modified_gmt":"2025-08-15T17:50:54","slug":"a-mae-peregrina-e-coroada-rainha-auxiliadora-das-familias-e-da-esperanca-na-dinamarca","status":"publish","type":"post","link":"https:\/\/schoenstatt.com\/pt-pt\/a-mae-peregrina-e-coroada-rainha-auxiliadora-das-familias-e-da-esperanca-na-dinamarca\/","title":{"rendered":"A M\u00e3e Peregrina \u00e9 coroada &#8220;Rainha Auxiliadora das Fam\u00edlias e da Esperan\u00e7a&#8221; na Dinamarca"},"content":{"rendered":"\n<p>A coroa\u00e7\u00e3o da <a href=\"https:\/\/schoenstatt.com\/pt-pt\/em-missao\/igreja\/mae-peregrina\/\">imagem peregrina<\/a> da M\u00e3e, Rainha, Vencedora, Tr\u00eas Vezes Admir\u00e1vel de Schoenstatt como &#8220;Rainha Auxiliadora das Fam\u00edlias e da Esperan\u00e7a&#8221; \u00e9 um marco na jornada de f\u00e9 de in\u00fameras fam\u00edlias e comunidades na Dinamarca. Este evento especial, celebrado no dia 7 de junho de 2025, na Capela do Mosteiro de Nossa Senhora de Aasebakken, coroa anos de ora\u00e7\u00e3o, devo\u00e7\u00e3o e trabalho comunit\u00e1rio.<\/p>\n\n\n\n<figure class=\"wp-block-image size-full\"><img decoding=\"async\" src=\"https:\/\/schoenstatt.com\/wp-content\/uploads\/2025\/06\/Denmark-Dinamarca-a-2.jpeg\" alt=\"\" class=\"wp-image-60011\"\/><\/figure>\n\n\n\n<h3 class=\"wp-block-heading\" id=\"h-uma-jornada-de-devocao-e-esperanca-para-schoenstatt\">Uma jornada de devo\u00e7\u00e3o e esperan\u00e7a para Schoenstatt<\/h3>\n\n\n\n<p>A prepara\u00e7\u00e3o para esta coroa\u00e7\u00e3o foi marcada por 30 meses consecutivos de ora\u00e7\u00e3o do ter\u00e7o em fam\u00edlia, que tiveram in\u00edcio no dia 2 de janeiro de 2022. Essas ora\u00e7\u00f5es foram realizadas nos primeiros s\u00e1bados de cada m\u00eas no Mosteiro de Nossa Senhora (Vor Frue Kloster), em repara\u00e7\u00e3o ao Imaculado Cora\u00e7\u00e3o de Maria. Esses encontros n\u00e3o apenas fortaleceram os la\u00e7os espirituais entre as fam\u00edlias participantes, mas tamb\u00e9m deram origem a um profundo senso de comunidade e uni\u00e3o.<\/p>\n\n\n\n<p>O dia da coroa\u00e7\u00e3o foi cercado de b\u00ean\u00e7\u00e3os e emo\u00e7\u00e3o, foi tamb\u00e9m um momento de olhar para tr\u00e1s e agradecer. A imagem da M\u00e3e Peregrina de Schoenstatt foi enviada em miss\u00e3o, acompanhada pela presen\u00e7a significativa da imagem de Nossa Senhora Aparecida, padroeira do Brasil \u2013 j\u00e1 que o grupo de fam\u00edlias \u00e9 formado e coordenado por um grande n\u00famero de imigrantes brasileiros. Essa uni\u00e3o de devo\u00e7\u00f5es refor\u00e7a a universalidade da f\u00e9 e a intercess\u00e3o de Maria em diferentes culturas e tradi\u00e7\u00f5es.<\/p>\n\n\n\n<figure class=\"wp-block-gallery has-nested-images columns-default is-cropped wp-block-gallery-1 is-layout-flex wp-block-gallery-is-layout-flex\">\n<figure class=\"wp-block-image size-large\"><img decoding=\"async\" data-id=\"60016\" src=\"https:\/\/schoenstatt.com\/wp-content\/uploads\/2025\/06\/Denmark-Dinamarca-a-1.jpeg\" alt=\"\" class=\"wp-image-60016\"\/><\/figure>\n\n\n\n<figure class=\"wp-block-image size-large\"><img decoding=\"async\" data-id=\"60017\" src=\"https:\/\/schoenstatt.com\/wp-content\/uploads\/2025\/06\/Denmark-Dinamarca-a-3.jpeg\" alt=\"\" class=\"wp-image-60017\"\/><\/figure>\n<\/figure>\n\n\n\n<h3 class=\"wp-block-heading\" id=\"h-o-papel-da-comunidade\">O papel da comunidade<\/h3>\n\n\n\n<p>A coroa\u00e7\u00e3o n\u00e3o foi apenas um evento religioso, mas tamb\u00e9m uma celebra\u00e7\u00e3o do trabalho comunit\u00e1rio realizado ao longo dos anos. As partilhas, ora\u00e7\u00f5es uns pelos outros e o esfor\u00e7o conjunto para apoiar a miss\u00e3o da M\u00e3e e Rainha demonstram o poder da f\u00e9 em unir as pessoas em torno de um prop\u00f3sito comum.<\/p>\n\n\n\n<h3 class=\"wp-block-heading\" id=\"h-um-legado-de-esperanca\">Um legado de esperan\u00e7a<\/h3>\n\n\n\n<p>A coroa\u00e7\u00e3o da Nossa M\u00e3e e Rainha \u00e9 um lembrete vivo de que a f\u00e9, a devo\u00e7\u00e3o e o trabalho comunit\u00e1rio podem transformar vidas. Para as fam\u00edlias envolvidas, este evento representa n\u00e3o apenas a celebra\u00e7\u00e3o de uma jornada espiritual, mas tamb\u00e9m o in\u00edcio de novas miss\u00f5es e desafios. Enquanto rezamos pelo sucesso cont\u00ednuo das miss\u00f5es e pela intercess\u00e3o de Maria, a coroa\u00e7\u00e3o da Nossa M\u00e3e e Rainha permanece como um s\u00edmbolo de esperan\u00e7a e inspira\u00e7\u00e3o para comunidades ao redor do mundo. Que a &#8220;Rainha Auxiliadora das Fam\u00edlias e da Esperan\u00e7a&#8221; continue a guiar e aben\u00e7oar todos aqueles que se dedicam \u00e0 sua devo\u00e7\u00e3o.<\/p>\n\n\n\n<p>Instagram: <a href=\"https:\/\/www.instagram.com\/schoenstatt_dinamarca\/\" target=\"_blank\" rel=\"noreferrer noopener\">@schoenstatt_dinamarca<\/a><\/p>\n\n\n\n<figure class=\"wp-block-image size-full\"><img decoding=\"async\" src=\"https:\/\/schoenstatt.com\/wp-content\/uploads\/2025\/06\/Denmark-Dinamarca.jpg\" alt=\"\" class=\"wp-image-60027\"\/><\/figure>\n","protected":false},"excerpt":{"rendered":"<p>Fam\u00edlias e mission\u00e1rios da Campanha da M\u00e3e Peregrina de Schoenstatt na Dinamarca coroaram a MTA.<\/p>\n","protected":false},"author":3,"featured_media":60035,"comment_status":"closed","ping_status":"closed","sticky":false,"template":"","format":"standard","meta":{"footnotes":""},"categories":[872,425],"tags":[1088,979,998],"class_list":["post-60041","post","type-post","status-publish","format-standard","has-post-thumbnail","hentry","category-europa-pt-pt","category-mae-peregrina-pt-pt","tag-campanha-da-mae-peregrina-pt-pt","tag-coroacao-pt-pt","tag-europa-pt-pt"],"yoast_head":"<!-- This site is optimized with the Yoast SEO Premium plugin v27.4 (Yoast SEO v27.5) - https:\/\/yoast.com\/product\/yoast-seo-premium-wordpress\/ -->\n<title>A M\u00e3e Peregrina \u00e9 coroada &quot;Rainha Auxiliadora das Fam\u00edlias e da Esperan\u00e7a&quot; na Dinamarca<\/title>\n<meta name=\"description\" content=\"Fam\u00edlias e mission\u00e1rios da Campanha da M\u00e3e Peregrina de Schoenstatt na Dinamarca coroaram a MTA.\" \/>\n<meta name=\"robots\" content=\"index, follow, max-snippet:-1, max-image-preview:large, max-video-preview:-1\" \/>\n<link rel=\"canonical\" href=\"https:\/\/schoenstatt.com\/pt-pt\/a-mae-peregrina-e-coroada-rainha-auxiliadora-das-familias-e-da-esperanca-na-dinamarca\/\" \/>\n<meta property=\"og:locale\" content=\"pt_PT\" \/>\n<meta property=\"og:type\" content=\"article\" \/>\n<meta property=\"og:title\" content=\"A M\u00e3e Peregrina \u00e9 coroada &quot;Rainha Auxiliadora das Fam\u00edlias e da Esperan\u00e7a&quot; na Dinamarca\" \/>\n<meta property=\"og:description\" content=\"Fam\u00edlias e mission\u00e1rios da Campanha da M\u00e3e Peregrina de Schoenstatt na Dinamarca coroaram a MTA.\" \/>\n<meta property=\"og:url\" content=\"https:\/\/schoenstatt.com\/pt-pt\/a-mae-peregrina-e-coroada-rainha-auxiliadora-das-familias-e-da-esperanca-na-dinamarca\/\" \/>\n<meta property=\"og:site_name\" content=\"Schoenstatt\" \/>\n<meta property=\"article:published_time\" content=\"2025-06-19T11:12:06+00:00\" \/>\n<meta property=\"article:modified_time\" content=\"2025-08-15T17:50:54+00:00\" \/>\n<meta property=\"og:image\" content=\"https:\/\/schoenstatt.com\/wp-content\/uploads\/2025\/06\/Denmark-Dinamarca-a-4.webp\" \/>\n\t<meta property=\"og:image:width\" content=\"1600\" \/>\n\t<meta property=\"og:image:height\" content=\"1066\" \/>\n\t<meta property=\"og:image:type\" content=\"image\/jpeg\" \/>\n<meta name=\"author\" content=\"Karen Bueno\" \/>\n<meta name=\"twitter:card\" content=\"summary_large_image\" \/>\n<meta name=\"twitter:label1\" content=\"Escrito por\" \/>\n\t<meta name=\"twitter:data1\" content=\"Karen Bueno\" \/>\n\t<meta name=\"twitter:label2\" content=\"Tempo estimado de leitura\" \/>\n\t<meta name=\"twitter:data2\" content=\"3 minutos\" \/>\n<script type=\"application\/ld+json\" class=\"yoast-schema-graph\">{\"@context\":\"https:\\\/\\\/schema.org\",\"@graph\":[{\"@type\":\"Article\",\"@id\":\"https:\\\/\\\/schoenstatt.com\\\/pt-pt\\\/a-mae-peregrina-e-coroada-rainha-auxiliadora-das-familias-e-da-esperanca-na-dinamarca\\\/#article\",\"isPartOf\":{\"@id\":\"https:\\\/\\\/schoenstatt.com\\\/pt-pt\\\/a-mae-peregrina-e-coroada-rainha-auxiliadora-das-familias-e-da-esperanca-na-dinamarca\\\/\"},\"author\":{\"name\":\"Karen Bueno\",\"@id\":\"https:\\\/\\\/schoenstatt.com\\\/pt-pt\\\/#\\\/schema\\\/person\\\/5158877ad4acae98b34daaeef2a1ce6e\"},\"headline\":\"A M\u00e3e Peregrina \u00e9 coroada &#8220;Rainha Auxiliadora das Fam\u00edlias e da Esperan\u00e7a&#8221; na Dinamarca\",\"datePublished\":\"2025-06-19T11:12:06+00:00\",\"dateModified\":\"2025-08-15T17:50:54+00:00\",\"mainEntityOfPage\":{\"@id\":\"https:\\\/\\\/schoenstatt.com\\\/pt-pt\\\/a-mae-peregrina-e-coroada-rainha-auxiliadora-das-familias-e-da-esperanca-na-dinamarca\\\/\"},\"wordCount\":480,\"publisher\":{\"@id\":\"https:\\\/\\\/schoenstatt.com\\\/pt-pt\\\/#organization\"},\"image\":{\"@id\":\"https:\\\/\\\/schoenstatt.com\\\/pt-pt\\\/a-mae-peregrina-e-coroada-rainha-auxiliadora-das-familias-e-da-esperanca-na-dinamarca\\\/#primaryimage\"},\"thumbnailUrl\":\"https:\\\/\\\/schoenstatt.com\\\/wp-content\\\/uploads\\\/2025\\\/06\\\/Denmark-Dinamarca-a-4.webp\",\"keywords\":[\"Campanha da M\u00e3e Peregrina\",\"Coroa\u00e7\u00e3o\",\"Europa\"],\"articleSection\":[\"Europa\",\"M\u00e3e Peregrina\"],\"inLanguage\":\"pt-PT\"},{\"@type\":\"WebPage\",\"@id\":\"https:\\\/\\\/schoenstatt.com\\\/pt-pt\\\/a-mae-peregrina-e-coroada-rainha-auxiliadora-das-familias-e-da-esperanca-na-dinamarca\\\/\",\"url\":\"https:\\\/\\\/schoenstatt.com\\\/pt-pt\\\/a-mae-peregrina-e-coroada-rainha-auxiliadora-das-familias-e-da-esperanca-na-dinamarca\\\/\",\"name\":\"A M\u00e3e Peregrina \u00e9 coroada \\\"Rainha Auxiliadora das Fam\u00edlias e da Esperan\u00e7a\\\" na Dinamarca\",\"isPartOf\":{\"@id\":\"https:\\\/\\\/schoenstatt.com\\\/pt-pt\\\/#website\"},\"primaryImageOfPage\":{\"@id\":\"https:\\\/\\\/schoenstatt.com\\\/pt-pt\\\/a-mae-peregrina-e-coroada-rainha-auxiliadora-das-familias-e-da-esperanca-na-dinamarca\\\/#primaryimage\"},\"image\":{\"@id\":\"https:\\\/\\\/schoenstatt.com\\\/pt-pt\\\/a-mae-peregrina-e-coroada-rainha-auxiliadora-das-familias-e-da-esperanca-na-dinamarca\\\/#primaryimage\"},\"thumbnailUrl\":\"https:\\\/\\\/schoenstatt.com\\\/wp-content\\\/uploads\\\/2025\\\/06\\\/Denmark-Dinamarca-a-4.webp\",\"datePublished\":\"2025-06-19T11:12:06+00:00\",\"dateModified\":\"2025-08-15T17:50:54+00:00\",\"description\":\"Fam\u00edlias e mission\u00e1rios da Campanha da M\u00e3e Peregrina de Schoenstatt na Dinamarca coroaram a MTA.\",\"breadcrumb\":{\"@id\":\"https:\\\/\\\/schoenstatt.com\\\/pt-pt\\\/a-mae-peregrina-e-coroada-rainha-auxiliadora-das-familias-e-da-esperanca-na-dinamarca\\\/#breadcrumb\"},\"inLanguage\":\"pt-PT\",\"potentialAction\":[{\"@type\":\"ReadAction\",\"target\":[\"https:\\\/\\\/schoenstatt.com\\\/pt-pt\\\/a-mae-peregrina-e-coroada-rainha-auxiliadora-das-familias-e-da-esperanca-na-dinamarca\\\/\"]}]},{\"@type\":\"ImageObject\",\"inLanguage\":\"pt-PT\",\"@id\":\"https:\\\/\\\/schoenstatt.com\\\/pt-pt\\\/a-mae-peregrina-e-coroada-rainha-auxiliadora-das-familias-e-da-esperanca-na-dinamarca\\\/#primaryimage\",\"url\":\"https:\\\/\\\/schoenstatt.com\\\/wp-content\\\/uploads\\\/2025\\\/06\\\/Denmark-Dinamarca-a-4.webp\",\"contentUrl\":\"https:\\\/\\\/schoenstatt.com\\\/wp-content\\\/uploads\\\/2025\\\/06\\\/Denmark-Dinamarca-a-4.webp\",\"width\":1600,\"height\":1066},{\"@type\":\"BreadcrumbList\",\"@id\":\"https:\\\/\\\/schoenstatt.com\\\/pt-pt\\\/a-mae-peregrina-e-coroada-rainha-auxiliadora-das-familias-e-da-esperanca-na-dinamarca\\\/#breadcrumb\",\"itemListElement\":[{\"@type\":\"ListItem\",\"position\":1,\"name\":\"Portada\",\"item\":\"https:\\\/\\\/schoenstatt.com\\\/pt-pt\\\/home\\\/\"},{\"@type\":\"ListItem\",\"position\":2,\"name\":\"A M\u00e3e Peregrina \u00e9 coroada \u00abRainha Auxiliadora das Fam\u00edlias e da Esperan\u00e7a\u00bb na Dinamarca\"}]},{\"@type\":\"WebSite\",\"@id\":\"https:\\\/\\\/schoenstatt.com\\\/pt-pt\\\/#website\",\"url\":\"https:\\\/\\\/schoenstatt.com\\\/pt-pt\\\/\",\"name\":\"Schoenstatt\",\"description\":\"Apostolic Movement\",\"publisher\":{\"@id\":\"https:\\\/\\\/schoenstatt.com\\\/pt-pt\\\/#organization\"},\"potentialAction\":[{\"@type\":\"SearchAction\",\"target\":{\"@type\":\"EntryPoint\",\"urlTemplate\":\"https:\\\/\\\/schoenstatt.com\\\/pt-pt\\\/?s={search_term_string}\"},\"query-input\":{\"@type\":\"PropertyValueSpecification\",\"valueRequired\":true,\"valueName\":\"search_term_string\"}}],\"inLanguage\":\"pt-PT\"},{\"@type\":\"Organization\",\"@id\":\"https:\\\/\\\/schoenstatt.com\\\/pt-pt\\\/#organization\",\"name\":\"Schoenstatt\",\"url\":\"https:\\\/\\\/schoenstatt.com\\\/pt-pt\\\/\",\"logo\":{\"@type\":\"ImageObject\",\"inLanguage\":\"pt-PT\",\"@id\":\"https:\\\/\\\/schoenstatt.com\\\/pt-pt\\\/#\\\/schema\\\/logo\\\/image\\\/\",\"url\":\"https:\\\/\\\/schoenstatt.com\\\/wp-content\\\/uploads\\\/2025\\\/04\\\/logo-schoenstatt-white-696x696-1.png\",\"contentUrl\":\"https:\\\/\\\/schoenstatt.com\\\/wp-content\\\/uploads\\\/2025\\\/04\\\/logo-schoenstatt-white-696x696-1.png\",\"width\":696,\"height\":694,\"caption\":\"Schoenstatt\"},\"image\":{\"@id\":\"https:\\\/\\\/schoenstatt.com\\\/pt-pt\\\/#\\\/schema\\\/logo\\\/image\\\/\"}},{\"@type\":\"Person\",\"@id\":\"https:\\\/\\\/schoenstatt.com\\\/pt-pt\\\/#\\\/schema\\\/person\\\/5158877ad4acae98b34daaeef2a1ce6e\",\"name\":\"Karen Bueno\",\"image\":{\"@type\":\"ImageObject\",\"inLanguage\":\"pt-PT\",\"@id\":\"https:\\\/\\\/secure.gravatar.com\\\/avatar\\\/f9f4b823873154269d2b2130f195f6d41037dd0d7fc5f3cacb5c846bae70d66b?s=96&d=mm&r=g\",\"url\":\"https:\\\/\\\/secure.gravatar.com\\\/avatar\\\/f9f4b823873154269d2b2130f195f6d41037dd0d7fc5f3cacb5c846bae70d66b?s=96&d=mm&r=g\",\"contentUrl\":\"https:\\\/\\\/secure.gravatar.com\\\/avatar\\\/f9f4b823873154269d2b2130f195f6d41037dd0d7fc5f3cacb5c846bae70d66b?s=96&d=mm&r=g\",\"caption\":\"Karen Bueno\"},\"url\":\"https:\\\/\\\/schoenstatt.com\\\/pt-pt\\\/author\\\/karen-bueno\\\/\"}]}<\/script>\n<!-- \/ Yoast SEO Premium plugin. -->","yoast_head_json":{"title":"A M\u00e3e Peregrina \u00e9 coroada \"Rainha Auxiliadora das Fam\u00edlias e da Esperan\u00e7a\" na Dinamarca","description":"Fam\u00edlias e mission\u00e1rios da Campanha da M\u00e3e Peregrina de Schoenstatt na Dinamarca coroaram a MTA.","robots":{"index":"index","follow":"follow","max-snippet":"max-snippet:-1","max-image-preview":"max-image-preview:large","max-video-preview":"max-video-preview:-1"},"canonical":"https:\/\/schoenstatt.com\/pt-pt\/a-mae-peregrina-e-coroada-rainha-auxiliadora-das-familias-e-da-esperanca-na-dinamarca\/","og_locale":"pt_PT","og_type":"article","og_title":"A M\u00e3e Peregrina \u00e9 coroada \"Rainha Auxiliadora das Fam\u00edlias e da Esperan\u00e7a\" na Dinamarca","og_description":"Fam\u00edlias e mission\u00e1rios da Campanha da M\u00e3e Peregrina de Schoenstatt na Dinamarca coroaram a MTA.","og_url":"https:\/\/schoenstatt.com\/pt-pt\/a-mae-peregrina-e-coroada-rainha-auxiliadora-das-familias-e-da-esperanca-na-dinamarca\/","og_site_name":"Schoenstatt","article_published_time":"2025-06-19T11:12:06+00:00","article_modified_time":"2025-08-15T17:50:54+00:00","og_image":[{"width":1600,"height":1066,"url":"https:\/\/schoenstatt.com\/wp-content\/uploads\/2025\/06\/Denmark-Dinamarca-a-4.webp","type":"image\/jpeg"}],"author":"Karen Bueno","twitter_card":"summary_large_image","twitter_misc":{"Escrito por":"Karen Bueno","Tempo estimado de leitura":"3 minutos"},"schema":{"@context":"https:\/\/schema.org","@graph":[{"@type":"Article","@id":"https:\/\/schoenstatt.com\/pt-pt\/a-mae-peregrina-e-coroada-rainha-auxiliadora-das-familias-e-da-esperanca-na-dinamarca\/#article","isPartOf":{"@id":"https:\/\/schoenstatt.com\/pt-pt\/a-mae-peregrina-e-coroada-rainha-auxiliadora-das-familias-e-da-esperanca-na-dinamarca\/"},"author":{"name":"Karen Bueno","@id":"https:\/\/schoenstatt.com\/pt-pt\/#\/schema\/person\/5158877ad4acae98b34daaeef2a1ce6e"},"headline":"A M\u00e3e Peregrina \u00e9 coroada &#8220;Rainha Auxiliadora das Fam\u00edlias e da Esperan\u00e7a&#8221; na Dinamarca","datePublished":"2025-06-19T11:12:06+00:00","dateModified":"2025-08-15T17:50:54+00:00","mainEntityOfPage":{"@id":"https:\/\/schoenstatt.com\/pt-pt\/a-mae-peregrina-e-coroada-rainha-auxiliadora-das-familias-e-da-esperanca-na-dinamarca\/"},"wordCount":480,"publisher":{"@id":"https:\/\/schoenstatt.com\/pt-pt\/#organization"},"image":{"@id":"https:\/\/schoenstatt.com\/pt-pt\/a-mae-peregrina-e-coroada-rainha-auxiliadora-das-familias-e-da-esperanca-na-dinamarca\/#primaryimage"},"thumbnailUrl":"https:\/\/schoenstatt.com\/wp-content\/uploads\/2025\/06\/Denmark-Dinamarca-a-4.webp","keywords":["Campanha da M\u00e3e Peregrina","Coroa\u00e7\u00e3o","Europa"],"articleSection":["Europa","M\u00e3e Peregrina"],"inLanguage":"pt-PT"},{"@type":"WebPage","@id":"https:\/\/schoenstatt.com\/pt-pt\/a-mae-peregrina-e-coroada-rainha-auxiliadora-das-familias-e-da-esperanca-na-dinamarca\/","url":"https:\/\/schoenstatt.com\/pt-pt\/a-mae-peregrina-e-coroada-rainha-auxiliadora-das-familias-e-da-esperanca-na-dinamarca\/","name":"A M\u00e3e Peregrina \u00e9 coroada \"Rainha Auxiliadora das Fam\u00edlias e da Esperan\u00e7a\" na Dinamarca","isPartOf":{"@id":"https:\/\/schoenstatt.com\/pt-pt\/#website"},"primaryImageOfPage":{"@id":"https:\/\/schoenstatt.com\/pt-pt\/a-mae-peregrina-e-coroada-rainha-auxiliadora-das-familias-e-da-esperanca-na-dinamarca\/#primaryimage"},"image":{"@id":"https:\/\/schoenstatt.com\/pt-pt\/a-mae-peregrina-e-coroada-rainha-auxiliadora-das-familias-e-da-esperanca-na-dinamarca\/#primaryimage"},"thumbnailUrl":"https:\/\/schoenstatt.com\/wp-content\/uploads\/2025\/06\/Denmark-Dinamarca-a-4.webp","datePublished":"2025-06-19T11:12:06+00:00","dateModified":"2025-08-15T17:50:54+00:00","description":"Fam\u00edlias e mission\u00e1rios da Campanha da M\u00e3e Peregrina de Schoenstatt na Dinamarca coroaram a MTA.","breadcrumb":{"@id":"https:\/\/schoenstatt.com\/pt-pt\/a-mae-peregrina-e-coroada-rainha-auxiliadora-das-familias-e-da-esperanca-na-dinamarca\/#breadcrumb"},"inLanguage":"pt-PT","potentialAction":[{"@type":"ReadAction","target":["https:\/\/schoenstatt.com\/pt-pt\/a-mae-peregrina-e-coroada-rainha-auxiliadora-das-familias-e-da-esperanca-na-dinamarca\/"]}]},{"@type":"ImageObject","inLanguage":"pt-PT","@id":"https:\/\/schoenstatt.com\/pt-pt\/a-mae-peregrina-e-coroada-rainha-auxiliadora-das-familias-e-da-esperanca-na-dinamarca\/#primaryimage","url":"https:\/\/schoenstatt.com\/wp-content\/uploads\/2025\/06\/Denmark-Dinamarca-a-4.webp","contentUrl":"https:\/\/schoenstatt.com\/wp-content\/uploads\/2025\/06\/Denmark-Dinamarca-a-4.webp","width":1600,"height":1066},{"@type":"BreadcrumbList","@id":"https:\/\/schoenstatt.com\/pt-pt\/a-mae-peregrina-e-coroada-rainha-auxiliadora-das-familias-e-da-esperanca-na-dinamarca\/#breadcrumb","itemListElement":[{"@type":"ListItem","position":1,"name":"Portada","item":"https:\/\/schoenstatt.com\/pt-pt\/home\/"},{"@type":"ListItem","position":2,"name":"A M\u00e3e Peregrina \u00e9 coroada \u00abRainha Auxiliadora das Fam\u00edlias e da Esperan\u00e7a\u00bb na Dinamarca"}]},{"@type":"WebSite","@id":"https:\/\/schoenstatt.com\/pt-pt\/#website","url":"https:\/\/schoenstatt.com\/pt-pt\/","name":"Schoenstatt","description":"Apostolic Movement","publisher":{"@id":"https:\/\/schoenstatt.com\/pt-pt\/#organization"},"potentialAction":[{"@type":"SearchAction","target":{"@type":"EntryPoint","urlTemplate":"https:\/\/schoenstatt.com\/pt-pt\/?s={search_term_string}"},"query-input":{"@type":"PropertyValueSpecification","valueRequired":true,"valueName":"search_term_string"}}],"inLanguage":"pt-PT"},{"@type":"Organization","@id":"https:\/\/schoenstatt.com\/pt-pt\/#organization","name":"Schoenstatt","url":"https:\/\/schoenstatt.com\/pt-pt\/","logo":{"@type":"ImageObject","inLanguage":"pt-PT","@id":"https:\/\/schoenstatt.com\/pt-pt\/#\/schema\/logo\/image\/","url":"https:\/\/schoenstatt.com\/wp-content\/uploads\/2025\/04\/logo-schoenstatt-white-696x696-1.png","contentUrl":"https:\/\/schoenstatt.com\/wp-content\/uploads\/2025\/04\/logo-schoenstatt-white-696x696-1.png","width":696,"height":694,"caption":"Schoenstatt"},"image":{"@id":"https:\/\/schoenstatt.com\/pt-pt\/#\/schema\/logo\/image\/"}},{"@type":"Person","@id":"https:\/\/schoenstatt.com\/pt-pt\/#\/schema\/person\/5158877ad4acae98b34daaeef2a1ce6e","name":"Karen Bueno","image":{"@type":"ImageObject","inLanguage":"pt-PT","@id":"https:\/\/secure.gravatar.com\/avatar\/f9f4b823873154269d2b2130f195f6d41037dd0d7fc5f3cacb5c846bae70d66b?s=96&d=mm&r=g","url":"https:\/\/secure.gravatar.com\/avatar\/f9f4b823873154269d2b2130f195f6d41037dd0d7fc5f3cacb5c846bae70d66b?s=96&d=mm&r=g","contentUrl":"https:\/\/secure.gravatar.com\/avatar\/f9f4b823873154269d2b2130f195f6d41037dd0d7fc5f3cacb5c846bae70d66b?s=96&d=mm&r=g","caption":"Karen Bueno"},"url":"https:\/\/schoenstatt.com\/pt-pt\/author\/karen-bueno\/"}]}},"_links":{"self":[{"href":"https:\/\/schoenstatt.com\/pt-pt\/wp-json\/wp\/v2\/posts\/60041","targetHints":{"allow":["GET"]}}],"collection":[{"href":"https:\/\/schoenstatt.com\/pt-pt\/wp-json\/wp\/v2\/posts"}],"about":[{"href":"https:\/\/schoenstatt.com\/pt-pt\/wp-json\/wp\/v2\/types\/post"}],"author":[{"embeddable":true,"href":"https:\/\/schoenstatt.com\/pt-pt\/wp-json\/wp\/v2\/users\/3"}],"replies":[{"embeddable":true,"href":"https:\/\/schoenstatt.com\/pt-pt\/wp-json\/wp\/v2\/comments?post=60041"}],"version-history":[{"count":10,"href":"https:\/\/schoenstatt.com\/pt-pt\/wp-json\/wp\/v2\/posts\/60041\/revisions"}],"predecessor-version":[{"id":61927,"href":"https:\/\/schoenstatt.com\/pt-pt\/wp-json\/wp\/v2\/posts\/60041\/revisions\/61927"}],"wp:featuredmedia":[{"embeddable":true,"href":"https:\/\/schoenstatt.com\/pt-pt\/wp-json\/wp\/v2\/media\/60035"}],"wp:attachment":[{"href":"https:\/\/schoenstatt.com\/pt-pt\/wp-json\/wp\/v2\/media?parent=60041"}],"wp:term":[{"taxonomy":"category","embeddable":true,"href":"https:\/\/schoenstatt.com\/pt-pt\/wp-json\/wp\/v2\/categories?post=60041"},{"taxonomy":"post_tag","embeddable":true,"href":"https:\/\/schoenstatt.com\/pt-pt\/wp-json\/wp\/v2\/tags?post=60041"}],"curies":[{"name":"wp","href":"https:\/\/api.w.org\/{rel}","templated":true}]}}