{"id":60000,"date":"2025-06-19T03:03:00","date_gmt":"2025-06-19T01:03:00","guid":{"rendered":"https:\/\/schoenstatt.com\/?p=60000"},"modified":"2025-08-22T00:53:04","modified_gmt":"2025-08-21T22:53:04","slug":"peregrinos-da-alegria-vamos-familia-a-uniao-de-familias-celebra-75-anos","status":"publish","type":"post","link":"https:\/\/schoenstatt.com\/pt-pt\/peregrinos-da-alegria-vamos-familia-a-uniao-de-familias-celebra-75-anos\/","title":{"rendered":"Peregrinos da alegria \u2013 Vamos, fam\u00edlia! A Uni\u00e3o de Fam\u00edlias celebra 75 anos"},"content":{"rendered":"\n<p>A <a href=\"https:\/\/schoenstatt.com\/pt-pt\/em-comunidade\/familias\/uniao-apostolica-internacional-de-familias-de-schoenstatt\/\">Uni\u00e3o de Fam\u00edlias de Schoenstatt<\/a> preparou-se durante mais de um ano para celebrar seu jubileu de 75 anos. Os casais e filhos da Uni\u00e3o desejam dar respostas \u00e0s quest\u00f5es atuais na Igreja, em Schoenstatt e na sociedade. A prepara\u00e7\u00e3o para o jubileu come\u00e7ou na P\u00e1scoa de 2023 com o despertar espiritual \u201cPeregrinos da Alegria\u201d, no Santu\u00e1rio \u201cMatri Ecclesiae\u201d, em Roma, e teve seu ponto alto na celebra\u00e7\u00e3o do jubileu em Schoenstatt.<\/p>\n\n\n\n<p>A Uni\u00e3o de Fam\u00edlias de Schoenstatt foi fundada no Domingo da Sant\u00edssima Trindade de 1950 como uma comunidade internacional. Assim, no fim de semana de 13 a 15 de junho de 2025, 588 mulheres, homens, jovens e crian\u00e7as se reuniram no Campus Jubilar em Schoenstatt. Muitas fam\u00edlias j\u00e1 haviam peregrinado a Schoenstatt no Pentecostes, como peregrinos da esperan\u00e7a, passando por Roma, no \u00e2mbito do Ano Santo. A comunidade fica ainda mais feliz por ter o Ano Santo coincidido com seu jubileu. Assim, as fam\u00edlias est\u00e3o juntas a caminho como peregrinos da esperan\u00e7a e da alegria!<\/p>\n\n\n\n<figure class=\"wp-block-image aligncenter size-full\"><img decoding=\"async\" src=\"https:\/\/schoenstatt.com\/wp-content\/uploads\/2025\/06\/Family-Federation-Jubilee-6.jpg\" alt=\"\" class=\"wp-image-59954\"\/><\/figure>\n\n\n\n<h3 class=\"wp-block-heading\" id=\"h-welcome-herzlich-willkommen-benvenuti-bienvenidos\">Welcome &#8211; Herzlich Willkommen &#8211; Benvenuti &#8211; Bienvenidos<\/h3>\n\n\n\n<p>Na sexta-feira \u00e0 noite, os peregrinos internacionais tiveram a oportunidade de chegar de corpo e alma ao local de origem de Schoenstatt \u2013 a alegria foi palp\u00e1vel durante toda a noite. Na recep\u00e7\u00e3o, ouvia-se uma alegre confus\u00e3o de vozes nas l\u00ednguas dos 17 pa\u00edses participantes. A internacionalidade estava constantemente presente e se manifestou logo no in\u00edcio, com a entrada das crian\u00e7as levando as bandeiras de seus pa\u00edses. As fam\u00edlias rapidamente interagiram umas com as outras, apresentando-se com seus ideais e jogando um \u201cbingo de Schoenstatt\u201d.<\/p>\n\n\n\n<p>O encerramento oficial foi marcado pela ora\u00e7\u00e3o da noite com a b\u00ean\u00e7\u00e3o e a can\u00e7\u00e3o do jubileu, \u201cVamos Fam\u00edlia\u201d, que se tornou um sucesso entre jovens e adultos. Na noite amena do in\u00edcio do ver\u00e3o, os peregrinos permaneceram sentados por muito tempo no Campus Jubilar, compartilhando a alegria uns com os outros.<\/p>\n\n\n\n<figure class=\"wp-block-image aligncenter size-full\"><img decoding=\"async\" src=\"https:\/\/schoenstatt.com\/wp-content\/uploads\/2025\/06\/Family-Federation-Jubilee.jpg\" alt=\"\" class=\"wp-image-59959\"\/><\/figure>\n\n\n\n<h3 class=\"wp-block-heading\" id=\"h-impulsos-de-alegria\">Impulsos de alegria<\/h3>\n\n\n\n<p>O s\u00e1bado come\u00e7ou com uma missa marcante e inspiradora sobre o milagre de Can\u00e1. Uma das reflex\u00f5es centrais do Pe. Ludwig G\u00fcthlein ISch, assistente sacerdotal da Uni\u00e3o de Fam\u00edlias de Schoenstatt na Alemanha, foi: \u201cA for\u00e7a para o futuro depende da profundidade da gratid\u00e3o\u201d. Em sua homilia, ele abordou o pedido da M\u00e3e de Deus aos servos: \u201cFazei tudo o que ele vos disser\u201d. Pe. G\u00fcthlein interpretou isso dizendo que Schoenstatt n\u00e3o deve ser entendido como uma obra humana, mas como uma interven\u00e7\u00e3o divina. Para o futuro, ele deixou a seguinte mensagem \u00e0 Uni\u00e3o de Fam\u00edlias: \u201cSem muitos milagres de Can\u00e1, n\u00e3o ser\u00e1 poss\u00edvel. Precisamos de muitos milagres de Can\u00e1 para uma caminhada maravilhosa e para que possamos ser enviados de corpo e alma\u201d. Durante a missa, a internacionalidade ficou evidente em muitos momentos, em especial quando casais de todos os pa\u00edses levaram preces e oferendas ao altar.<\/p>\n\n\n\n<p>A banda jubilar da Uni\u00e3o de Fam\u00edlias acompanhou a missa e encantou os peregrinos com sua paix\u00e3o, habilidade, vozes e instrumentos.<\/p>\n\n\n\n<p>A missa foi uma celebra\u00e7\u00e3o de alegria marcada pela gratid\u00e3o. Ap\u00f3s a Santa Missa, houve testemunhos e contribui\u00e7\u00f5es de irm\u00e3os da Uni\u00e3o de todo o mundo, que entraram no esp\u00edrito do lema jubilar. Foram particularmente motivadoras as palavras do diretor do Movimento de Schoenstatt na Alemanha, Pe. Felix Geyer ISch, que estava visivelmente encantado com a vivacidade da festa e referiu-se \u00e0 Alian\u00e7a de Amor como nossa fonte comum.<\/p>\n\n\n\n<figure class=\"wp-block-image aligncenter size-full\"><img decoding=\"async\" src=\"https:\/\/schoenstatt.com\/wp-content\/uploads\/2025\/06\/Family-Federation-Jubilee-8.jpg\" alt=\"\" class=\"wp-image-59964\"\/><\/figure>\n\n\n\n<h3 class=\"wp-block-heading\" id=\"h-origem-presente-futuro\">Origem, presente, futuro<\/h3>\n\n\n\n<p>A tarde de s\u00e1bado teve como tema \u201cOrigem, presente e futuro\u201d. Um workshop na Casa da Alian\u00e7a foi dedicado \u00e0s origens da Uni\u00e3o de Fam\u00edlias e focou na primeira confer\u00eancia, de 1950, com a pergunta: Qual \u00e9 o significado das palestras do Padre Kentenich para as fam\u00edlias do s\u00e9culo XXI?<\/p>\n\n\n\n<p>Na Igreja dos Peregrinos foi poss\u00edvel ter uma vis\u00e3o geral sobre o apostolado mundial da Uni\u00e3o de Fam\u00edlias no presente. Aqui foram apresentados projetos para casais e fam\u00edlias de diferentes pa\u00edses.<\/p>\n\n\n\n<p>O que a Uni\u00e3o de Fam\u00edlias espera para os pr\u00f3ximos anos? O que ela deseja para o futuro? Esses temas foram discutidos em v\u00e1rios grupos de conversa ao redor do Santu\u00e1rio Original.<\/p>\n\n\n\n<p>Devido ao an\u00fancio de tempestades e trovoadas, a renova\u00e7\u00e3o da consagra\u00e7\u00e3o como unionistas foi transferida do Santu\u00e1rio Original para a Igreja dos Peregrinos. Ali, foi poss\u00edvel ouvir a voz do Padre Kentenich atrav\u00e9s de grava\u00e7\u00f5es sonoras. A recita\u00e7\u00e3o conjunta da ora\u00e7\u00e3o de consagra\u00e7\u00e3o, cada um em sua pr\u00f3pria l\u00edngua, tornou evidente o v\u00ednculo entre as pessoas e o fundamento comum da Alian\u00e7a de Amor. A celebra\u00e7\u00e3o da Alian\u00e7a de Amor foi uma profunda experi\u00eancia de f\u00e9.<\/p>\n\n\n\n<figure class=\"wp-block-gallery has-nested-images columns-default is-cropped wp-block-gallery-1 is-layout-flex wp-block-gallery-is-layout-flex\">\n<figure class=\"wp-block-image size-large\"><img decoding=\"async\" data-id=\"59969\" src=\"https:\/\/schoenstatt.com\/wp-content\/uploads\/2025\/06\/Family-Federation-Jubilee-2.jpg\" alt=\"\" class=\"wp-image-59969\"\/><\/figure>\n\n\n\n<figure class=\"wp-block-image size-large\"><img decoding=\"async\" data-id=\"59974\" src=\"https:\/\/schoenstatt.com\/wp-content\/uploads\/2025\/06\/Family-Federation-Jubilee-3.jpg\" alt=\"\" class=\"wp-image-59974\"\/><\/figure>\n<\/figure>\n\n\n\n<h3 class=\"wp-block-heading\" id=\"h-noite-das-nacoes-alegria-compartilhada\">Noite das Na\u00e7\u00f5es \u2013 Alegria compartilhada<\/h3>\n\n\n\n<p>O Campus Jubilar ofereceu uma mistura fascinante de culturas de todo o mundo na \u201cNoite das Na\u00e7\u00f5es\u201d. Os diferentes pa\u00edses se apresentaram de forma original e animada, conquistando o cora\u00e7\u00e3o dos espectadores. Houve muitas risadas, cantorias e dan\u00e7as coletivas: de salsa a polca e valsa vienense, n\u00e3o faltou nada. Pura alegria!<\/p>\n\n\n\n<figure class=\"wp-block-image aligncenter size-full\"><img fetchpriority=\"high\" decoding=\"async\" width=\"2048\" height=\"1153\" src=\"https:\/\/schoenstatt.com\/wp-content\/uploads\/2025\/06\/Bishop-Michael-Geber.jpg\" alt=\"\" class=\"wp-image-59979\" srcset=\"https:\/\/schoenstatt.com\/wp-content\/uploads\/2025\/06\/Bishop-Michael-Geber.jpg 2048w, https:\/\/schoenstatt.com\/wp-content\/uploads\/2025\/06\/Bishop-Michael-Geber-768x432.jpg 768w, https:\/\/schoenstatt.com\/wp-content\/uploads\/2025\/06\/Bishop-Michael-Geber-1536x865.jpg 1536w\" sizes=\"(max-width: 2048px) 100vw, 2048px\" \/><\/figure>\n\n\n\n<h3 class=\"wp-block-heading\" id=\"h-familia-libertate-cor-unum-in-patre\">Familia Libertate \u2013 Cor Unum in Patre<\/h3>\n\n\n\n<p>O centro da Uni\u00e3o Internacional de Fam\u00edlias, Josef-Kentenich-Hof, que fica em Hillscheid, foi palco de alegria e esperan\u00e7a no domingo. Um dos pontos altos da celebra\u00e7\u00e3o foi a missa de envio. Os dirigentes da Uni\u00e3o de Fam\u00edlias na Alemanha, Diana e Dr. Lukas Schreiber, bem como os dirigentes internacionais da comunidade, Silvina e Ra\u00fal Vi\u00f1as, deram as boas-vindas \u00e0 comunidade festiva e aos convidados de honra de Schoenstatt e da Confer\u00eancia Episcopal Alem\u00e3. O bispo Dr. Michael Gerber enfatizou em sua homilia: \u201cA Uni\u00e3o de Fam\u00edlias ajuda de forma muito concreta os casais e as fam\u00edlias a se tornarem uma \u2018Igreja no pequeno\u2019 e a viver o que os casais prometem no sacramento do matrim\u00f4nio, ou seja, \u2018assumir a corresponsabilidade na Igreja, em Schoenstatt e no mundo\u2019\u201d.<\/p>\n\n\n\n<p>Ele tamb\u00e9m descreveu a Josef-Kentenich-Hof como um lugar de acolhimento e como uma obra \u201ceterna\u201d. O \u201ctrabalhar sem cessar\u201d \u00e9 express\u00e3o, meio e prote\u00e7\u00e3o da obra interior, da autoeduca\u00e7\u00e3o permanente como indiv\u00edduo, como casal, como fam\u00edlia.<\/p>\n\n\n\n<figure class=\"wp-block-image size-full\"><img decoding=\"async\" src=\"https:\/\/schoenstatt.com\/wp-content\/uploads\/2025\/06\/Family-Federation-Jubilee-5.jpg\" alt=\"\" class=\"wp-image-59984\"\/><\/figure>\n\n\n\n<p>O bispo Gerber afirmou: \u201cA sinodalidade \u00e9 um dos grandes processos da Igreja nos dias atuais. Quando olho para a Uni\u00e3o de Fam\u00edlias, tenho a impress\u00e3o de que existe aqui muita experi\u00eancia no que diz respeito \u00e0 rela\u00e7\u00e3o entre o princ\u00edpio hier\u00e1rquico e o princ\u00edpio sinodal na Igreja. A hierarquia tem \u2013 como a pr\u00f3pria palavra indica \u2013 a miss\u00e3o de nos ligar \u00e0s origens e a miss\u00e3o de integrar na Igreja universal.\u201d<\/p>\n\n\n\n<p>A cerim\u00f4nia de encerramento n\u00e3o foi um ponto final, mas sim uma miss\u00e3o e um come\u00e7o para o futuro da Uni\u00e3o Internacional de Fam\u00edlias.<\/p>\n\n\n\n<p>O domingo terminou com a b\u00ean\u00e7\u00e3o dos peregrinos no Santu\u00e1rio Original, de onde as fam\u00edlias foram enviadas para todo o mundo.<\/p>\n\n\n\n<figure class=\"wp-block-image size-full\"><img decoding=\"async\" src=\"https:\/\/schoenstatt.com\/wp-content\/uploads\/2025\/06\/Family-Federation-Jubilee-4.jpg\" alt=\"\" class=\"wp-image-59989\"\/><\/figure>\n\n\n\n<p><strong>Tradu\u00e7\u00e3o:<\/strong> Karen Bueno<br><strong>Fotos:<\/strong> Eugenio Minici<\/p>\n\n\n\n<p><strong>Fonte:<\/strong> <a href=\"https:\/\/www.schoenstatt.de\/de\/news\/6839\/112\/Pilger-der-Freude-Vamos-familia-Der-Internationale-Schoenstatt-Familienbund-feiert-seinen-75-Geburtstag.htm\" target=\"_blank\" rel=\"noreferrer noopener\">schoenstatt.de<\/a><\/p>\n","protected":false},"excerpt":{"rendered":"<p>Veja como foi a celebra\u00e7\u00e3o internacional dos 75 anos da Uni\u00e3o de Fam\u00edlias de Schoenstatt, que uniu 17 na\u00e7\u00f5es.<\/p>\n","protected":false},"author":3,"featured_media":59992,"comment_status":"closed","ping_status":"closed","sticky":false,"template":"","format":"standard","meta":{"footnotes":""},"categories":[908,636,876],"tags":[1044,1148],"class_list":["post-60000","post","type-post","status-publish","format-standard","has-post-thumbnail","hentry","category-comunidades-de-schoenstatt-pt-pt","category-eventos-pt-pt","category-familia-pt-pt","tag-jubileu-pt-pt","tag-uniao-de-familias-de-schoenstatt-pt-pt"],"yoast_head":"<!-- This site is optimized with the Yoast SEO Premium plugin v27.4 (Yoast SEO v27.4) - https:\/\/yoast.com\/product\/yoast-seo-premium-wordpress\/ -->\n<title>Peregrinos da alegria \u2013 Vamos, fam\u00edlia! A Uni\u00e3o de Fam\u00edlias celebra 75 anos<\/title>\n<meta name=\"description\" content=\"Veja como foi a celebra\u00e7\u00e3o internacional dos 75 anos da Uni\u00e3o de Fam\u00edlias de Schoenstatt, que uniu 17 na\u00e7\u00f5es.\" \/>\n<meta name=\"robots\" content=\"index, follow, max-snippet:-1, max-image-preview:large, max-video-preview:-1\" \/>\n<link rel=\"canonical\" href=\"https:\/\/schoenstatt.com\/pt-pt\/peregrinos-da-alegria-vamos-familia-a-uniao-de-familias-celebra-75-anos\/\" \/>\n<meta property=\"og:locale\" content=\"pt_PT\" \/>\n<meta property=\"og:type\" content=\"article\" \/>\n<meta property=\"og:title\" content=\"Peregrinos da alegria \u2013 Vamos, fam\u00edlia! A Uni\u00e3o de Fam\u00edlias celebra 75 anos\" \/>\n<meta property=\"og:description\" content=\"Veja como foi a celebra\u00e7\u00e3o internacional dos 75 anos da Uni\u00e3o de Fam\u00edlias de Schoenstatt, que uniu 17 na\u00e7\u00f5es.\" \/>\n<meta property=\"og:url\" content=\"https:\/\/schoenstatt.com\/pt-pt\/peregrinos-da-alegria-vamos-familia-a-uniao-de-familias-celebra-75-anos\/\" \/>\n<meta property=\"og:site_name\" content=\"Schoenstatt\" \/>\n<meta property=\"article:published_time\" content=\"2025-06-19T01:03:00+00:00\" \/>\n<meta property=\"article:modified_time\" content=\"2025-08-21T22:53:04+00:00\" \/>\n<meta property=\"og:image\" content=\"https:\/\/schoenstatt.com\/wp-content\/uploads\/2025\/06\/Family-Federation-Jubilee-4.webp\" \/>\n\t<meta property=\"og:image:width\" content=\"2048\" \/>\n\t<meta property=\"og:image:height\" content=\"1153\" \/>\n\t<meta property=\"og:image:type\" content=\"image\/jpeg\" \/>\n<meta name=\"author\" content=\"Karen Bueno\" \/>\n<meta name=\"twitter:card\" content=\"summary_large_image\" \/>\n<meta name=\"twitter:label1\" content=\"Escrito por\" \/>\n\t<meta name=\"twitter:data1\" content=\"Karen Bueno\" \/>\n\t<meta name=\"twitter:label2\" content=\"Tempo estimado de leitura\" \/>\n\t<meta name=\"twitter:data2\" content=\"7 minutos\" \/>\n<script type=\"application\/ld+json\" class=\"yoast-schema-graph\">{\"@context\":\"https:\\\/\\\/schema.org\",\"@graph\":[{\"@type\":\"Article\",\"@id\":\"https:\\\/\\\/schoenstatt.com\\\/pt-pt\\\/peregrinos-da-alegria-vamos-familia-a-uniao-de-familias-celebra-75-anos\\\/#article\",\"isPartOf\":{\"@id\":\"https:\\\/\\\/schoenstatt.com\\\/pt-pt\\\/peregrinos-da-alegria-vamos-familia-a-uniao-de-familias-celebra-75-anos\\\/\"},\"author\":{\"name\":\"Karen Bueno\",\"@id\":\"https:\\\/\\\/schoenstatt.com\\\/pt-pt\\\/#\\\/schema\\\/person\\\/5158877ad4acae98b34daaeef2a1ce6e\"},\"headline\":\"Peregrinos da alegria \u2013 Vamos, fam\u00edlia! A Uni\u00e3o de Fam\u00edlias celebra 75 anos\",\"datePublished\":\"2025-06-19T01:03:00+00:00\",\"dateModified\":\"2025-08-21T22:53:04+00:00\",\"mainEntityOfPage\":{\"@id\":\"https:\\\/\\\/schoenstatt.com\\\/pt-pt\\\/peregrinos-da-alegria-vamos-familia-a-uniao-de-familias-celebra-75-anos\\\/\"},\"wordCount\":1235,\"publisher\":{\"@id\":\"https:\\\/\\\/schoenstatt.com\\\/pt-pt\\\/#organization\"},\"image\":{\"@id\":\"https:\\\/\\\/schoenstatt.com\\\/pt-pt\\\/peregrinos-da-alegria-vamos-familia-a-uniao-de-familias-celebra-75-anos\\\/#primaryimage\"},\"thumbnailUrl\":\"https:\\\/\\\/schoenstatt.com\\\/wp-content\\\/uploads\\\/2025\\\/06\\\/Family-Federation-Jubilee-4.webp\",\"keywords\":[\"Jubileu\",\"Uni\u00e3o de Fam\u00edlias de Schoenstatt\"],\"articleSection\":[\"Comunidades de Schoenstatt\",\"Eventos\",\"Fam\u00edlia\"],\"inLanguage\":\"pt-PT\"},{\"@type\":\"WebPage\",\"@id\":\"https:\\\/\\\/schoenstatt.com\\\/pt-pt\\\/peregrinos-da-alegria-vamos-familia-a-uniao-de-familias-celebra-75-anos\\\/\",\"url\":\"https:\\\/\\\/schoenstatt.com\\\/pt-pt\\\/peregrinos-da-alegria-vamos-familia-a-uniao-de-familias-celebra-75-anos\\\/\",\"name\":\"Peregrinos da alegria \u2013 Vamos, fam\u00edlia! A Uni\u00e3o de Fam\u00edlias celebra 75 anos\",\"isPartOf\":{\"@id\":\"https:\\\/\\\/schoenstatt.com\\\/pt-pt\\\/#website\"},\"primaryImageOfPage\":{\"@id\":\"https:\\\/\\\/schoenstatt.com\\\/pt-pt\\\/peregrinos-da-alegria-vamos-familia-a-uniao-de-familias-celebra-75-anos\\\/#primaryimage\"},\"image\":{\"@id\":\"https:\\\/\\\/schoenstatt.com\\\/pt-pt\\\/peregrinos-da-alegria-vamos-familia-a-uniao-de-familias-celebra-75-anos\\\/#primaryimage\"},\"thumbnailUrl\":\"https:\\\/\\\/schoenstatt.com\\\/wp-content\\\/uploads\\\/2025\\\/06\\\/Family-Federation-Jubilee-4.webp\",\"datePublished\":\"2025-06-19T01:03:00+00:00\",\"dateModified\":\"2025-08-21T22:53:04+00:00\",\"description\":\"Veja como foi a celebra\u00e7\u00e3o internacional dos 75 anos da Uni\u00e3o de Fam\u00edlias de Schoenstatt, que uniu 17 na\u00e7\u00f5es.\",\"breadcrumb\":{\"@id\":\"https:\\\/\\\/schoenstatt.com\\\/pt-pt\\\/peregrinos-da-alegria-vamos-familia-a-uniao-de-familias-celebra-75-anos\\\/#breadcrumb\"},\"inLanguage\":\"pt-PT\",\"potentialAction\":[{\"@type\":\"ReadAction\",\"target\":[\"https:\\\/\\\/schoenstatt.com\\\/pt-pt\\\/peregrinos-da-alegria-vamos-familia-a-uniao-de-familias-celebra-75-anos\\\/\"]}]},{\"@type\":\"ImageObject\",\"inLanguage\":\"pt-PT\",\"@id\":\"https:\\\/\\\/schoenstatt.com\\\/pt-pt\\\/peregrinos-da-alegria-vamos-familia-a-uniao-de-familias-celebra-75-anos\\\/#primaryimage\",\"url\":\"https:\\\/\\\/schoenstatt.com\\\/wp-content\\\/uploads\\\/2025\\\/06\\\/Family-Federation-Jubilee-4.webp\",\"contentUrl\":\"https:\\\/\\\/schoenstatt.com\\\/wp-content\\\/uploads\\\/2025\\\/06\\\/Family-Federation-Jubilee-4.webp\",\"width\":2048,\"height\":1153},{\"@type\":\"BreadcrumbList\",\"@id\":\"https:\\\/\\\/schoenstatt.com\\\/pt-pt\\\/peregrinos-da-alegria-vamos-familia-a-uniao-de-familias-celebra-75-anos\\\/#breadcrumb\",\"itemListElement\":[{\"@type\":\"ListItem\",\"position\":1,\"name\":\"Portada\",\"item\":\"https:\\\/\\\/schoenstatt.com\\\/pt-pt\\\/home\\\/\"},{\"@type\":\"ListItem\",\"position\":2,\"name\":\"Peregrinos da alegria \u2013 Vamos, fam\u00edlia! A Uni\u00e3o de Fam\u00edlias celebra 75 anos\"}]},{\"@type\":\"WebSite\",\"@id\":\"https:\\\/\\\/schoenstatt.com\\\/pt-pt\\\/#website\",\"url\":\"https:\\\/\\\/schoenstatt.com\\\/pt-pt\\\/\",\"name\":\"Schoenstatt\",\"description\":\"Apostolic Movement\",\"publisher\":{\"@id\":\"https:\\\/\\\/schoenstatt.com\\\/pt-pt\\\/#organization\"},\"potentialAction\":[{\"@type\":\"SearchAction\",\"target\":{\"@type\":\"EntryPoint\",\"urlTemplate\":\"https:\\\/\\\/schoenstatt.com\\\/pt-pt\\\/?s={search_term_string}\"},\"query-input\":{\"@type\":\"PropertyValueSpecification\",\"valueRequired\":true,\"valueName\":\"search_term_string\"}}],\"inLanguage\":\"pt-PT\"},{\"@type\":\"Organization\",\"@id\":\"https:\\\/\\\/schoenstatt.com\\\/pt-pt\\\/#organization\",\"name\":\"Schoenstatt\",\"url\":\"https:\\\/\\\/schoenstatt.com\\\/pt-pt\\\/\",\"logo\":{\"@type\":\"ImageObject\",\"inLanguage\":\"pt-PT\",\"@id\":\"https:\\\/\\\/schoenstatt.com\\\/pt-pt\\\/#\\\/schema\\\/logo\\\/image\\\/\",\"url\":\"https:\\\/\\\/schoenstatt.com\\\/wp-content\\\/uploads\\\/2025\\\/04\\\/logo-schoenstatt-white-696x696-1.png\",\"contentUrl\":\"https:\\\/\\\/schoenstatt.com\\\/wp-content\\\/uploads\\\/2025\\\/04\\\/logo-schoenstatt-white-696x696-1.png\",\"width\":696,\"height\":694,\"caption\":\"Schoenstatt\"},\"image\":{\"@id\":\"https:\\\/\\\/schoenstatt.com\\\/pt-pt\\\/#\\\/schema\\\/logo\\\/image\\\/\"}},{\"@type\":\"Person\",\"@id\":\"https:\\\/\\\/schoenstatt.com\\\/pt-pt\\\/#\\\/schema\\\/person\\\/5158877ad4acae98b34daaeef2a1ce6e\",\"name\":\"Karen Bueno\",\"image\":{\"@type\":\"ImageObject\",\"inLanguage\":\"pt-PT\",\"@id\":\"https:\\\/\\\/secure.gravatar.com\\\/avatar\\\/f9f4b823873154269d2b2130f195f6d41037dd0d7fc5f3cacb5c846bae70d66b?s=96&d=mm&r=g\",\"url\":\"https:\\\/\\\/secure.gravatar.com\\\/avatar\\\/f9f4b823873154269d2b2130f195f6d41037dd0d7fc5f3cacb5c846bae70d66b?s=96&d=mm&r=g\",\"contentUrl\":\"https:\\\/\\\/secure.gravatar.com\\\/avatar\\\/f9f4b823873154269d2b2130f195f6d41037dd0d7fc5f3cacb5c846bae70d66b?s=96&d=mm&r=g\",\"caption\":\"Karen Bueno\"},\"url\":\"https:\\\/\\\/schoenstatt.com\\\/pt-pt\\\/author\\\/karen-bueno\\\/\"}]}<\/script>\n<!-- \/ Yoast SEO Premium plugin. -->","yoast_head_json":{"title":"Peregrinos da alegria \u2013 Vamos, fam\u00edlia! A Uni\u00e3o de Fam\u00edlias celebra 75 anos","description":"Veja como foi a celebra\u00e7\u00e3o internacional dos 75 anos da Uni\u00e3o de Fam\u00edlias de Schoenstatt, que uniu 17 na\u00e7\u00f5es.","robots":{"index":"index","follow":"follow","max-snippet":"max-snippet:-1","max-image-preview":"max-image-preview:large","max-video-preview":"max-video-preview:-1"},"canonical":"https:\/\/schoenstatt.com\/pt-pt\/peregrinos-da-alegria-vamos-familia-a-uniao-de-familias-celebra-75-anos\/","og_locale":"pt_PT","og_type":"article","og_title":"Peregrinos da alegria \u2013 Vamos, fam\u00edlia! A Uni\u00e3o de Fam\u00edlias celebra 75 anos","og_description":"Veja como foi a celebra\u00e7\u00e3o internacional dos 75 anos da Uni\u00e3o de Fam\u00edlias de Schoenstatt, que uniu 17 na\u00e7\u00f5es.","og_url":"https:\/\/schoenstatt.com\/pt-pt\/peregrinos-da-alegria-vamos-familia-a-uniao-de-familias-celebra-75-anos\/","og_site_name":"Schoenstatt","article_published_time":"2025-06-19T01:03:00+00:00","article_modified_time":"2025-08-21T22:53:04+00:00","og_image":[{"width":2048,"height":1153,"url":"https:\/\/schoenstatt.com\/wp-content\/uploads\/2025\/06\/Family-Federation-Jubilee-4.webp","type":"image\/jpeg"}],"author":"Karen Bueno","twitter_card":"summary_large_image","twitter_misc":{"Escrito por":"Karen Bueno","Tempo estimado de leitura":"7 minutos"},"schema":{"@context":"https:\/\/schema.org","@graph":[{"@type":"Article","@id":"https:\/\/schoenstatt.com\/pt-pt\/peregrinos-da-alegria-vamos-familia-a-uniao-de-familias-celebra-75-anos\/#article","isPartOf":{"@id":"https:\/\/schoenstatt.com\/pt-pt\/peregrinos-da-alegria-vamos-familia-a-uniao-de-familias-celebra-75-anos\/"},"author":{"name":"Karen Bueno","@id":"https:\/\/schoenstatt.com\/pt-pt\/#\/schema\/person\/5158877ad4acae98b34daaeef2a1ce6e"},"headline":"Peregrinos da alegria \u2013 Vamos, fam\u00edlia! A Uni\u00e3o de Fam\u00edlias celebra 75 anos","datePublished":"2025-06-19T01:03:00+00:00","dateModified":"2025-08-21T22:53:04+00:00","mainEntityOfPage":{"@id":"https:\/\/schoenstatt.com\/pt-pt\/peregrinos-da-alegria-vamos-familia-a-uniao-de-familias-celebra-75-anos\/"},"wordCount":1235,"publisher":{"@id":"https:\/\/schoenstatt.com\/pt-pt\/#organization"},"image":{"@id":"https:\/\/schoenstatt.com\/pt-pt\/peregrinos-da-alegria-vamos-familia-a-uniao-de-familias-celebra-75-anos\/#primaryimage"},"thumbnailUrl":"https:\/\/schoenstatt.com\/wp-content\/uploads\/2025\/06\/Family-Federation-Jubilee-4.webp","keywords":["Jubileu","Uni\u00e3o de Fam\u00edlias de Schoenstatt"],"articleSection":["Comunidades de Schoenstatt","Eventos","Fam\u00edlia"],"inLanguage":"pt-PT"},{"@type":"WebPage","@id":"https:\/\/schoenstatt.com\/pt-pt\/peregrinos-da-alegria-vamos-familia-a-uniao-de-familias-celebra-75-anos\/","url":"https:\/\/schoenstatt.com\/pt-pt\/peregrinos-da-alegria-vamos-familia-a-uniao-de-familias-celebra-75-anos\/","name":"Peregrinos da alegria \u2013 Vamos, fam\u00edlia! A Uni\u00e3o de Fam\u00edlias celebra 75 anos","isPartOf":{"@id":"https:\/\/schoenstatt.com\/pt-pt\/#website"},"primaryImageOfPage":{"@id":"https:\/\/schoenstatt.com\/pt-pt\/peregrinos-da-alegria-vamos-familia-a-uniao-de-familias-celebra-75-anos\/#primaryimage"},"image":{"@id":"https:\/\/schoenstatt.com\/pt-pt\/peregrinos-da-alegria-vamos-familia-a-uniao-de-familias-celebra-75-anos\/#primaryimage"},"thumbnailUrl":"https:\/\/schoenstatt.com\/wp-content\/uploads\/2025\/06\/Family-Federation-Jubilee-4.webp","datePublished":"2025-06-19T01:03:00+00:00","dateModified":"2025-08-21T22:53:04+00:00","description":"Veja como foi a celebra\u00e7\u00e3o internacional dos 75 anos da Uni\u00e3o de Fam\u00edlias de Schoenstatt, que uniu 17 na\u00e7\u00f5es.","breadcrumb":{"@id":"https:\/\/schoenstatt.com\/pt-pt\/peregrinos-da-alegria-vamos-familia-a-uniao-de-familias-celebra-75-anos\/#breadcrumb"},"inLanguage":"pt-PT","potentialAction":[{"@type":"ReadAction","target":["https:\/\/schoenstatt.com\/pt-pt\/peregrinos-da-alegria-vamos-familia-a-uniao-de-familias-celebra-75-anos\/"]}]},{"@type":"ImageObject","inLanguage":"pt-PT","@id":"https:\/\/schoenstatt.com\/pt-pt\/peregrinos-da-alegria-vamos-familia-a-uniao-de-familias-celebra-75-anos\/#primaryimage","url":"https:\/\/schoenstatt.com\/wp-content\/uploads\/2025\/06\/Family-Federation-Jubilee-4.webp","contentUrl":"https:\/\/schoenstatt.com\/wp-content\/uploads\/2025\/06\/Family-Federation-Jubilee-4.webp","width":2048,"height":1153},{"@type":"BreadcrumbList","@id":"https:\/\/schoenstatt.com\/pt-pt\/peregrinos-da-alegria-vamos-familia-a-uniao-de-familias-celebra-75-anos\/#breadcrumb","itemListElement":[{"@type":"ListItem","position":1,"name":"Portada","item":"https:\/\/schoenstatt.com\/pt-pt\/home\/"},{"@type":"ListItem","position":2,"name":"Peregrinos da alegria \u2013 Vamos, fam\u00edlia! A Uni\u00e3o de Fam\u00edlias celebra 75 anos"}]},{"@type":"WebSite","@id":"https:\/\/schoenstatt.com\/pt-pt\/#website","url":"https:\/\/schoenstatt.com\/pt-pt\/","name":"Schoenstatt","description":"Apostolic Movement","publisher":{"@id":"https:\/\/schoenstatt.com\/pt-pt\/#organization"},"potentialAction":[{"@type":"SearchAction","target":{"@type":"EntryPoint","urlTemplate":"https:\/\/schoenstatt.com\/pt-pt\/?s={search_term_string}"},"query-input":{"@type":"PropertyValueSpecification","valueRequired":true,"valueName":"search_term_string"}}],"inLanguage":"pt-PT"},{"@type":"Organization","@id":"https:\/\/schoenstatt.com\/pt-pt\/#organization","name":"Schoenstatt","url":"https:\/\/schoenstatt.com\/pt-pt\/","logo":{"@type":"ImageObject","inLanguage":"pt-PT","@id":"https:\/\/schoenstatt.com\/pt-pt\/#\/schema\/logo\/image\/","url":"https:\/\/schoenstatt.com\/wp-content\/uploads\/2025\/04\/logo-schoenstatt-white-696x696-1.png","contentUrl":"https:\/\/schoenstatt.com\/wp-content\/uploads\/2025\/04\/logo-schoenstatt-white-696x696-1.png","width":696,"height":694,"caption":"Schoenstatt"},"image":{"@id":"https:\/\/schoenstatt.com\/pt-pt\/#\/schema\/logo\/image\/"}},{"@type":"Person","@id":"https:\/\/schoenstatt.com\/pt-pt\/#\/schema\/person\/5158877ad4acae98b34daaeef2a1ce6e","name":"Karen Bueno","image":{"@type":"ImageObject","inLanguage":"pt-PT","@id":"https:\/\/secure.gravatar.com\/avatar\/f9f4b823873154269d2b2130f195f6d41037dd0d7fc5f3cacb5c846bae70d66b?s=96&d=mm&r=g","url":"https:\/\/secure.gravatar.com\/avatar\/f9f4b823873154269d2b2130f195f6d41037dd0d7fc5f3cacb5c846bae70d66b?s=96&d=mm&r=g","contentUrl":"https:\/\/secure.gravatar.com\/avatar\/f9f4b823873154269d2b2130f195f6d41037dd0d7fc5f3cacb5c846bae70d66b?s=96&d=mm&r=g","caption":"Karen Bueno"},"url":"https:\/\/schoenstatt.com\/pt-pt\/author\/karen-bueno\/"}]}},"_links":{"self":[{"href":"https:\/\/schoenstatt.com\/pt-pt\/wp-json\/wp\/v2\/posts\/60000","targetHints":{"allow":["GET"]}}],"collection":[{"href":"https:\/\/schoenstatt.com\/pt-pt\/wp-json\/wp\/v2\/posts"}],"about":[{"href":"https:\/\/schoenstatt.com\/pt-pt\/wp-json\/wp\/v2\/types\/post"}],"author":[{"embeddable":true,"href":"https:\/\/schoenstatt.com\/pt-pt\/wp-json\/wp\/v2\/users\/3"}],"replies":[{"embeddable":true,"href":"https:\/\/schoenstatt.com\/pt-pt\/wp-json\/wp\/v2\/comments?post=60000"}],"version-history":[{"count":6,"href":"https:\/\/schoenstatt.com\/pt-pt\/wp-json\/wp\/v2\/posts\/60000\/revisions"}],"predecessor-version":[{"id":63176,"href":"https:\/\/schoenstatt.com\/pt-pt\/wp-json\/wp\/v2\/posts\/60000\/revisions\/63176"}],"wp:featuredmedia":[{"embeddable":true,"href":"https:\/\/schoenstatt.com\/pt-pt\/wp-json\/wp\/v2\/media\/59992"}],"wp:attachment":[{"href":"https:\/\/schoenstatt.com\/pt-pt\/wp-json\/wp\/v2\/media?parent=60000"}],"wp:term":[{"taxonomy":"category","embeddable":true,"href":"https:\/\/schoenstatt.com\/pt-pt\/wp-json\/wp\/v2\/categories?post=60000"},{"taxonomy":"post_tag","embeddable":true,"href":"https:\/\/schoenstatt.com\/pt-pt\/wp-json\/wp\/v2\/tags?post=60000"}],"curies":[{"name":"wp","href":"https:\/\/api.w.org\/{rel}","templated":true}]}}