{"id":59701,"date":"2025-06-09T20:12:44","date_gmt":"2025-06-09T18:12:44","guid":{"rendered":"https:\/\/schoenstatt.com\/?p=59701"},"modified":"2025-06-09T20:22:08","modified_gmt":"2025-06-09T18:22:08","slug":"a-familia-de-schoenstatt-do-zimbabue-coroa-a-mae-de-deus-como-rainha-da-africa","status":"publish","type":"post","link":"https:\/\/schoenstatt.com\/pt-pt\/a-familia-de-schoenstatt-do-zimbabue-coroa-a-mae-de-deus-como-rainha-da-africa\/","title":{"rendered":"A Fam\u00edlia de Schoenstatt do Zimb\u00e1bue coroa a M\u00e3e de Deus como Rainha da \u00c1frica"},"content":{"rendered":"\n<p>Na tarde do s\u00e1bado, 31 de maio de 2025, Festa da Visita\u00e7\u00e3o de Maria a sua prima Isabel, a Fam\u00edlia de Schoenstatt do <a href=\"https:\/\/maps.app.goo.gl\/ukucwzHz7Cc1Acqz9\" target=\"_blank\" rel=\"noreferrer noopener\">Zimb\u00e1bue<\/a> reuniu-se diante do <a href=\"https:\/\/schoenstatt.com\/pt-pt\/schoenstatt-no-zimbabue-realiza-seu-final-de-semana-de-outubro\/\">altar da M\u00e3e Tr\u00eas Vezes Admir\u00e1vel<\/a> (localizado na casa de Sheila Coleman) para celebrar a coroa\u00e7\u00e3o anual de Maria como \u201cRainha da \u00c1frica\u201d.<\/p>\n\n\n\n<p>N\u00f3s a coroamos pela primeira vez em 1981, um ano depois que a Fam\u00edlia de Schoenstatt de Bedfordview, Joanesburgo, \u00c1frica do Sul, a coroou sob esse t\u00edtulo. Um \u00f4nibus cheio de schoenstattianos do Zimb\u00e1bue viajou at\u00e9 l\u00e1 para a ocasi\u00e3o. Havia uma grande necessidade de coroar nossa M\u00e3e naquela \u00e9poca, pois ambos os pa\u00edses, assim como outros na \u00c1frica, estavam ou haviam estado em guerra por v\u00e1rios anos. Muitos tinham problemas econ\u00f4micos, pol\u00edticos, sociais, etc.<\/p>\n\n\n\n<figure class=\"wp-block-image aligncenter size-full\"><img fetchpriority=\"high\" decoding=\"async\" width=\"2560\" height=\"1920\" src=\"https:\/\/schoenstatt.com\/wp-content\/uploads\/2025\/06\/Schoenstatt-Zimbabwe-4.jpg\" alt=\"\" class=\"wp-image-59673\" srcset=\"https:\/\/schoenstatt.com\/wp-content\/uploads\/2025\/06\/Schoenstatt-Zimbabwe-4.jpg 2560w, https:\/\/schoenstatt.com\/wp-content\/uploads\/2025\/06\/Schoenstatt-Zimbabwe-4-768x576.jpg 768w, https:\/\/schoenstatt.com\/wp-content\/uploads\/2025\/06\/Schoenstatt-Zimbabwe-4-1536x1152.jpg 1536w, https:\/\/schoenstatt.com\/wp-content\/uploads\/2025\/06\/Schoenstatt-Zimbabwe-4-2048x1536.jpg 2048w\" sizes=\"(max-width: 2560px) 100vw, 2560px\" \/><\/figure>\n\n\n\n<h3 class=\"wp-block-heading\" id=\"h-uma-coroacao-que-se-repete-ano-apos-ano\">Uma coroa\u00e7\u00e3o que se repete ano ap\u00f3s ano<\/h3>\n\n\n\n<p>Na \u00e9poca da nossa primeira coroa\u00e7\u00e3o, a Fam\u00edlia de Schoenstatt do Zimb\u00e1bue decidiu continuar coroando nossa M\u00e3e como \u201cRainha da \u00c1frica\u201d todos os anos, no dia 31 de maio ou pr\u00f3ximo a esse dia, lembrando a import\u00e2ncia dessa data na hist\u00f3ria de Schoenstatt. Fazemos isso h\u00e1 44 anos.<\/p>\n\n\n\n<p>Este ano, como sempre, n\u00f3s nos preparamos para a coroa\u00e7\u00e3o rezando a nossa novena de nove semanas \u00e0 \u201cRainha da \u00c1frica\u201d, rezando todos os dias, desde 29 de mar\u00e7o, na inten\u00e7\u00e3o de cada pa\u00eds africano, oferecendo ros\u00e1rios, contribui\u00e7\u00f5es para o Capital de Gra\u00e7as, reflex\u00f5es sobre as palavras do Pe. Jos\u00e9 Kentenich e ora\u00e7\u00f5es.<\/p>\n\n\n\n<p>A Santa Missa de Coroa\u00e7\u00e3o foi presidida pelo Pe. Paul Edwards, SJ, assistido pelo Pe. Ange Jean Lucien Mbolo Noah, de Camar\u00f5es. A solene coroa\u00e7\u00e3o aconteceu durante a Santa Missa, oferecendo a Maria a coroa feita em Schoenstatt, na Alemanha, em 1980, pelos Irm\u00e3os de Maria artes\u00e3os, e levada para o Zimb\u00e1bue desde a \u00c1frica do Sul.<\/p>\n\n\n\n<figure class=\"wp-block-gallery has-nested-images columns-default is-cropped wp-block-gallery-1 is-layout-flex wp-block-gallery-is-layout-flex\">\n<figure class=\"wp-block-image size-large\"><img decoding=\"async\" width=\"1920\" height=\"2560\" data-id=\"59683\" src=\"https:\/\/schoenstatt.com\/wp-content\/uploads\/2025\/06\/Schoenstatt-Zimbabwe-2.jpg\" alt=\"\" class=\"wp-image-59683\" srcset=\"https:\/\/schoenstatt.com\/wp-content\/uploads\/2025\/06\/Schoenstatt-Zimbabwe-2.jpg 1920w, https:\/\/schoenstatt.com\/wp-content\/uploads\/2025\/06\/Schoenstatt-Zimbabwe-2-768x1024.jpg 768w, https:\/\/schoenstatt.com\/wp-content\/uploads\/2025\/06\/Schoenstatt-Zimbabwe-2-1152x1536.jpg 1152w, https:\/\/schoenstatt.com\/wp-content\/uploads\/2025\/06\/Schoenstatt-Zimbabwe-2-1536x2048.jpg 1536w\" sizes=\"(max-width: 1920px) 100vw, 1920px\" \/><\/figure>\n\n\n\n<figure class=\"wp-block-image size-large\"><img decoding=\"async\" width=\"1920\" height=\"2560\" data-id=\"59678\" src=\"https:\/\/schoenstatt.com\/wp-content\/uploads\/2025\/06\/Schoenstatt-Zimbabwe.jpg\" alt=\"\" class=\"wp-image-59678\" srcset=\"https:\/\/schoenstatt.com\/wp-content\/uploads\/2025\/06\/Schoenstatt-Zimbabwe.jpg 1920w, https:\/\/schoenstatt.com\/wp-content\/uploads\/2025\/06\/Schoenstatt-Zimbabwe-768x1024.jpg 768w, https:\/\/schoenstatt.com\/wp-content\/uploads\/2025\/06\/Schoenstatt-Zimbabwe-1152x1536.jpg 1152w, https:\/\/schoenstatt.com\/wp-content\/uploads\/2025\/06\/Schoenstatt-Zimbabwe-1536x2048.jpg 1536w\" sizes=\"(max-width: 1920px) 100vw, 1920px\" \/><\/figure>\n<\/figure>\n\n\n\n<h3 class=\"wp-block-heading\" id=\"h-rainha-da-africa\">Rainha da \u00c1frica<\/h3>\n\n\n\n<p>Depois que a coroa foi colocada sobre a imagem da M\u00e3e, rezou-se uma ladainha, nomeando cada pa\u00eds da \u00c1frica em ordem alfab\u00e9tica:<\/p>\n\n\n\n<p><em>\u201cRainha da Arg\u00e9lia: aceita nossa homenagem e nosso amor.\u201d<\/em><br>terminando com <em>\u201cRainha do Zimb\u00e1bue: aceita nossa homenagem e nosso amor.\u201d<\/em><\/p>\n\n\n\n<p>Em seguida, cantamos nosso hino \u201cCoroa\u00e7\u00e3o da Rainha da \u00c1frica\u201d, composto especialmente pelo ex-p\u00e1roco Pe. Carey, SJ, em 1980 para a \u00c1frica do Sul.<\/p>\n\n\n\n<p>O coro come\u00e7a:<br><em>\u201c\u00d3 Maria, nossa M\u00e3e, assunta ao c\u00e9u,<br>Reina sobre o teu povo, outrora sepultado pelo pecado.<br>Expulsa o drag\u00e3o que infesta o nosso mundo.<br>A ti seguiremos, com a f\u00e9 plenamente revelada\u201d.<\/em><\/p>\n\n\n\n<p>Um dos versos termina com as palavras: <em>\u201cRainha de toda a \u00c1frica, que os nossos cora\u00e7\u00f5es sejam o teu trono\u201d.<\/em><\/p>\n\n\n\n<figure class=\"wp-block-gallery has-nested-images columns-default is-cropped wp-block-gallery-2 is-layout-flex wp-block-gallery-is-layout-flex\">\n<figure class=\"wp-block-image size-large\"><img loading=\"lazy\" decoding=\"async\" width=\"720\" height=\"1280\" data-id=\"59688\" src=\"https:\/\/schoenstatt.com\/wp-content\/uploads\/2025\/06\/Schoenstatt-Zimbabwe-5.jpg\" alt=\"\" class=\"wp-image-59688\"\/><\/figure>\n\n\n\n<figure class=\"wp-block-image size-large\"><img loading=\"lazy\" decoding=\"async\" width=\"960\" height=\"1280\" data-id=\"59693\" src=\"https:\/\/schoenstatt.com\/wp-content\/uploads\/2025\/06\/Schoenstatt-Zimbabwe-6.jpg\" alt=\"\" class=\"wp-image-59693\" srcset=\"https:\/\/schoenstatt.com\/wp-content\/uploads\/2025\/06\/Schoenstatt-Zimbabwe-6.jpg 960w, https:\/\/schoenstatt.com\/wp-content\/uploads\/2025\/06\/Schoenstatt-Zimbabwe-6-768x1024.jpg 768w\" sizes=\"(max-width: 960px) 100vw, 960px\" \/><\/figure>\n<\/figure>\n\n\n\n<p>A Santa Missa continuou e terminou, deixando os nossos cora\u00e7\u00f5es cheios de gratid\u00e3o e esperan\u00e7a.<\/p>\n\n\n\n<p>Foram tiradas muitas fotos encantadoras e gravados alguns v\u00eddeos, mem\u00f3rias para refletir e partilhar, t\u00e3o importantes. Reparar num arco-\u00edris numa delas impressionou-nos particularmente, como se a nossa MTA nos estivesse indicando que aceitou a coroa, que nos ama e leva a s\u00e9rio a nossa Alian\u00e7a de Amor e que continua a cuidar de n\u00f3s de forma perfeita.<\/p>\n\n\n\n<p>Acreditamos que nossa M\u00e3e aceitou novamente sua coroa e colocou a \u00c1frica sob seu manto de amor, e que ela cuidou de tantas maneiras ao longo de todos estes anos e continuar\u00e1 a faz\u00ea-lo.<\/p>\n\n\n\n<p><em>\u201cConfiamos em seu poder, em sua bondade, querida M\u00e3e.<br>Acreditamos que voc\u00ea est\u00e1 sempre perto.<br>Aconte\u00e7a o que acontecer, M\u00e3e terna,<br>confiamos cegamente em voc\u00ea e em seu Filho\u201d.<br>\u201cM\u00e3e, com seu Filho amoroso,<br>aben\u00e7oa cada um de n\u00f3s\u201d.<\/em><\/p>\n\n\n\n<figure class=\"wp-block-image aligncenter size-full\"><img loading=\"lazy\" decoding=\"async\" width=\"2048\" height=\"1536\" src=\"https:\/\/schoenstatt.com\/wp-content\/uploads\/2025\/06\/Schoenstatt-Zimbabwe-3.jpg\" alt=\"\" class=\"wp-image-59668\" srcset=\"https:\/\/schoenstatt.com\/wp-content\/uploads\/2025\/06\/Schoenstatt-Zimbabwe-3.jpg 2048w, https:\/\/schoenstatt.com\/wp-content\/uploads\/2025\/06\/Schoenstatt-Zimbabwe-3-768x576.jpg 768w, https:\/\/schoenstatt.com\/wp-content\/uploads\/2025\/06\/Schoenstatt-Zimbabwe-3-1536x1152.jpg 1536w\" sizes=\"(max-width: 2048px) 100vw, 2048px\" \/><\/figure>\n\n\n\n<p><strong>Tradu\u00e7\u00e3o: <\/strong>Karen Bueno<\/p>\n","protected":false},"excerpt":{"rendered":"<p>Entrega da coroa: um gesto de amor e confian\u00e7a que se repete ano ap\u00f3s ano no Zimb\u00e1bue, \u00c1frica.<\/p>\n","protected":false},"author":3,"featured_media":59671,"comment_status":"closed","ping_status":"closed","sticky":false,"template":"","format":"standard","meta":{"footnotes":""},"categories":[862],"tags":[],"class_list":["post-59701","post","type-post","status-publish","format-standard","has-post-thumbnail","hentry","category-africa-pt-pt"],"yoast_head":"<!-- This site is optimized with the Yoast SEO Premium plugin v27.4 (Yoast SEO v27.4) - https:\/\/yoast.com\/product\/yoast-seo-premium-wordpress\/ -->\n<title>A Fam\u00edlia de Schoenstatt do Zimb\u00e1bue coroa a M\u00e3e de Deus como Rainha da \u00c1frica<\/title>\n<meta name=\"description\" content=\"Entrega da coroa: um gesto de amor e confian\u00e7a que se repete ano ap\u00f3s ano no Zimb\u00e1bue, \u00c1frica.\" \/>\n<meta name=\"robots\" content=\"index, follow, max-snippet:-1, max-image-preview:large, max-video-preview:-1\" \/>\n<link rel=\"canonical\" href=\"https:\/\/schoenstatt.com\/pt-pt\/a-familia-de-schoenstatt-do-zimbabue-coroa-a-mae-de-deus-como-rainha-da-africa\/\" \/>\n<meta property=\"og:locale\" content=\"pt_PT\" \/>\n<meta property=\"og:type\" content=\"article\" \/>\n<meta property=\"og:title\" content=\"A Fam\u00edlia de Schoenstatt do Zimb\u00e1bue coroa a M\u00e3e de Deus como Rainha da \u00c1frica\" \/>\n<meta property=\"og:description\" content=\"Entrega da coroa: um gesto de amor e confian\u00e7a que se repete ano ap\u00f3s ano no Zimb\u00e1bue, \u00c1frica.\" \/>\n<meta property=\"og:url\" content=\"https:\/\/schoenstatt.com\/pt-pt\/a-familia-de-schoenstatt-do-zimbabue-coroa-a-mae-de-deus-como-rainha-da-africa\/\" \/>\n<meta property=\"og:site_name\" content=\"Schoenstatt\" \/>\n<meta property=\"article:published_time\" content=\"2025-06-09T18:12:44+00:00\" \/>\n<meta property=\"article:modified_time\" content=\"2025-06-09T18:22:08+00:00\" \/>\n<meta property=\"og:image\" content=\"https:\/\/schoenstatt.com\/wp-content\/uploads\/2025\/06\/Schoenstatt-Zimbabwe-3.jpg\" \/>\n\t<meta property=\"og:image:width\" content=\"2048\" \/>\n\t<meta property=\"og:image:height\" content=\"1536\" \/>\n\t<meta property=\"og:image:type\" content=\"image\/jpeg\" \/>\n<meta name=\"author\" content=\"Karen Bueno\" \/>\n<meta name=\"twitter:card\" content=\"summary_large_image\" \/>\n<meta name=\"twitter:label1\" content=\"Escrito por\" \/>\n\t<meta name=\"twitter:data1\" content=\"Karen Bueno\" \/>\n\t<meta name=\"twitter:label2\" content=\"Tempo estimado de leitura\" \/>\n\t<meta name=\"twitter:data2\" content=\"5 minutos\" \/>\n<script type=\"application\/ld+json\" class=\"yoast-schema-graph\">{\"@context\":\"https:\\\/\\\/schema.org\",\"@graph\":[{\"@type\":\"Article\",\"@id\":\"https:\\\/\\\/schoenstatt.com\\\/pt-pt\\\/a-familia-de-schoenstatt-do-zimbabue-coroa-a-mae-de-deus-como-rainha-da-africa\\\/#article\",\"isPartOf\":{\"@id\":\"https:\\\/\\\/schoenstatt.com\\\/pt-pt\\\/a-familia-de-schoenstatt-do-zimbabue-coroa-a-mae-de-deus-como-rainha-da-africa\\\/\"},\"author\":{\"name\":\"Karen Bueno\",\"@id\":\"https:\\\/\\\/schoenstatt.com\\\/pt-pt\\\/#\\\/schema\\\/person\\\/5158877ad4acae98b34daaeef2a1ce6e\"},\"headline\":\"A Fam\u00edlia de Schoenstatt do Zimb\u00e1bue coroa a M\u00e3e de Deus como Rainha da \u00c1frica\",\"datePublished\":\"2025-06-09T18:12:44+00:00\",\"dateModified\":\"2025-06-09T18:22:08+00:00\",\"mainEntityOfPage\":{\"@id\":\"https:\\\/\\\/schoenstatt.com\\\/pt-pt\\\/a-familia-de-schoenstatt-do-zimbabue-coroa-a-mae-de-deus-como-rainha-da-africa\\\/\"},\"wordCount\":645,\"publisher\":{\"@id\":\"https:\\\/\\\/schoenstatt.com\\\/pt-pt\\\/#organization\"},\"image\":{\"@id\":\"https:\\\/\\\/schoenstatt.com\\\/pt-pt\\\/a-familia-de-schoenstatt-do-zimbabue-coroa-a-mae-de-deus-como-rainha-da-africa\\\/#primaryimage\"},\"thumbnailUrl\":\"https:\\\/\\\/schoenstatt.com\\\/wp-content\\\/uploads\\\/2025\\\/06\\\/Schoenstatt-Zimbabwe-3.jpg\",\"articleSection\":[\"\u00c1frica\"],\"inLanguage\":\"pt-PT\"},{\"@type\":\"WebPage\",\"@id\":\"https:\\\/\\\/schoenstatt.com\\\/pt-pt\\\/a-familia-de-schoenstatt-do-zimbabue-coroa-a-mae-de-deus-como-rainha-da-africa\\\/\",\"url\":\"https:\\\/\\\/schoenstatt.com\\\/pt-pt\\\/a-familia-de-schoenstatt-do-zimbabue-coroa-a-mae-de-deus-como-rainha-da-africa\\\/\",\"name\":\"A Fam\u00edlia de Schoenstatt do Zimb\u00e1bue coroa a M\u00e3e de Deus como Rainha da \u00c1frica\",\"isPartOf\":{\"@id\":\"https:\\\/\\\/schoenstatt.com\\\/pt-pt\\\/#website\"},\"primaryImageOfPage\":{\"@id\":\"https:\\\/\\\/schoenstatt.com\\\/pt-pt\\\/a-familia-de-schoenstatt-do-zimbabue-coroa-a-mae-de-deus-como-rainha-da-africa\\\/#primaryimage\"},\"image\":{\"@id\":\"https:\\\/\\\/schoenstatt.com\\\/pt-pt\\\/a-familia-de-schoenstatt-do-zimbabue-coroa-a-mae-de-deus-como-rainha-da-africa\\\/#primaryimage\"},\"thumbnailUrl\":\"https:\\\/\\\/schoenstatt.com\\\/wp-content\\\/uploads\\\/2025\\\/06\\\/Schoenstatt-Zimbabwe-3.jpg\",\"datePublished\":\"2025-06-09T18:12:44+00:00\",\"dateModified\":\"2025-06-09T18:22:08+00:00\",\"description\":\"Entrega da coroa: um gesto de amor e confian\u00e7a que se repete ano ap\u00f3s ano no Zimb\u00e1bue, \u00c1frica.\",\"breadcrumb\":{\"@id\":\"https:\\\/\\\/schoenstatt.com\\\/pt-pt\\\/a-familia-de-schoenstatt-do-zimbabue-coroa-a-mae-de-deus-como-rainha-da-africa\\\/#breadcrumb\"},\"inLanguage\":\"pt-PT\",\"potentialAction\":[{\"@type\":\"ReadAction\",\"target\":[\"https:\\\/\\\/schoenstatt.com\\\/pt-pt\\\/a-familia-de-schoenstatt-do-zimbabue-coroa-a-mae-de-deus-como-rainha-da-africa\\\/\"]}]},{\"@type\":\"ImageObject\",\"inLanguage\":\"pt-PT\",\"@id\":\"https:\\\/\\\/schoenstatt.com\\\/pt-pt\\\/a-familia-de-schoenstatt-do-zimbabue-coroa-a-mae-de-deus-como-rainha-da-africa\\\/#primaryimage\",\"url\":\"https:\\\/\\\/schoenstatt.com\\\/wp-content\\\/uploads\\\/2025\\\/06\\\/Schoenstatt-Zimbabwe-3.jpg\",\"contentUrl\":\"https:\\\/\\\/schoenstatt.com\\\/wp-content\\\/uploads\\\/2025\\\/06\\\/Schoenstatt-Zimbabwe-3.jpg\",\"width\":2048,\"height\":1536},{\"@type\":\"BreadcrumbList\",\"@id\":\"https:\\\/\\\/schoenstatt.com\\\/pt-pt\\\/a-familia-de-schoenstatt-do-zimbabue-coroa-a-mae-de-deus-como-rainha-da-africa\\\/#breadcrumb\",\"itemListElement\":[{\"@type\":\"ListItem\",\"position\":1,\"name\":\"Portada\",\"item\":\"https:\\\/\\\/schoenstatt.com\\\/pt-pt\\\/home\\\/\"},{\"@type\":\"ListItem\",\"position\":2,\"name\":\"A Fam\u00edlia de Schoenstatt do Zimb\u00e1bue coroa a M\u00e3e de Deus como Rainha da \u00c1frica\"}]},{\"@type\":\"WebSite\",\"@id\":\"https:\\\/\\\/schoenstatt.com\\\/pt-pt\\\/#website\",\"url\":\"https:\\\/\\\/schoenstatt.com\\\/pt-pt\\\/\",\"name\":\"Schoenstatt\",\"description\":\"Apostolic Movement\",\"publisher\":{\"@id\":\"https:\\\/\\\/schoenstatt.com\\\/pt-pt\\\/#organization\"},\"potentialAction\":[{\"@type\":\"SearchAction\",\"target\":{\"@type\":\"EntryPoint\",\"urlTemplate\":\"https:\\\/\\\/schoenstatt.com\\\/pt-pt\\\/?s={search_term_string}\"},\"query-input\":{\"@type\":\"PropertyValueSpecification\",\"valueRequired\":true,\"valueName\":\"search_term_string\"}}],\"inLanguage\":\"pt-PT\"},{\"@type\":\"Organization\",\"@id\":\"https:\\\/\\\/schoenstatt.com\\\/pt-pt\\\/#organization\",\"name\":\"Schoenstatt\",\"url\":\"https:\\\/\\\/schoenstatt.com\\\/pt-pt\\\/\",\"logo\":{\"@type\":\"ImageObject\",\"inLanguage\":\"pt-PT\",\"@id\":\"https:\\\/\\\/schoenstatt.com\\\/pt-pt\\\/#\\\/schema\\\/logo\\\/image\\\/\",\"url\":\"https:\\\/\\\/schoenstatt.com\\\/wp-content\\\/uploads\\\/2025\\\/04\\\/logo-schoenstatt-white-696x696-1.png\",\"contentUrl\":\"https:\\\/\\\/schoenstatt.com\\\/wp-content\\\/uploads\\\/2025\\\/04\\\/logo-schoenstatt-white-696x696-1.png\",\"width\":696,\"height\":694,\"caption\":\"Schoenstatt\"},\"image\":{\"@id\":\"https:\\\/\\\/schoenstatt.com\\\/pt-pt\\\/#\\\/schema\\\/logo\\\/image\\\/\"}},{\"@type\":\"Person\",\"@id\":\"https:\\\/\\\/schoenstatt.com\\\/pt-pt\\\/#\\\/schema\\\/person\\\/5158877ad4acae98b34daaeef2a1ce6e\",\"name\":\"Karen Bueno\",\"image\":{\"@type\":\"ImageObject\",\"inLanguage\":\"pt-PT\",\"@id\":\"https:\\\/\\\/secure.gravatar.com\\\/avatar\\\/f9f4b823873154269d2b2130f195f6d41037dd0d7fc5f3cacb5c846bae70d66b?s=96&d=mm&r=g\",\"url\":\"https:\\\/\\\/secure.gravatar.com\\\/avatar\\\/f9f4b823873154269d2b2130f195f6d41037dd0d7fc5f3cacb5c846bae70d66b?s=96&d=mm&r=g\",\"contentUrl\":\"https:\\\/\\\/secure.gravatar.com\\\/avatar\\\/f9f4b823873154269d2b2130f195f6d41037dd0d7fc5f3cacb5c846bae70d66b?s=96&d=mm&r=g\",\"caption\":\"Karen Bueno\"},\"url\":\"https:\\\/\\\/schoenstatt.com\\\/pt-pt\\\/author\\\/karen-bueno\\\/\"}]}<\/script>\n<!-- \/ Yoast SEO Premium plugin. -->","yoast_head_json":{"title":"A Fam\u00edlia de Schoenstatt do Zimb\u00e1bue coroa a M\u00e3e de Deus como Rainha da \u00c1frica","description":"Entrega da coroa: um gesto de amor e confian\u00e7a que se repete ano ap\u00f3s ano no Zimb\u00e1bue, \u00c1frica.","robots":{"index":"index","follow":"follow","max-snippet":"max-snippet:-1","max-image-preview":"max-image-preview:large","max-video-preview":"max-video-preview:-1"},"canonical":"https:\/\/schoenstatt.com\/pt-pt\/a-familia-de-schoenstatt-do-zimbabue-coroa-a-mae-de-deus-como-rainha-da-africa\/","og_locale":"pt_PT","og_type":"article","og_title":"A Fam\u00edlia de Schoenstatt do Zimb\u00e1bue coroa a M\u00e3e de Deus como Rainha da \u00c1frica","og_description":"Entrega da coroa: um gesto de amor e confian\u00e7a que se repete ano ap\u00f3s ano no Zimb\u00e1bue, \u00c1frica.","og_url":"https:\/\/schoenstatt.com\/pt-pt\/a-familia-de-schoenstatt-do-zimbabue-coroa-a-mae-de-deus-como-rainha-da-africa\/","og_site_name":"Schoenstatt","article_published_time":"2025-06-09T18:12:44+00:00","article_modified_time":"2025-06-09T18:22:08+00:00","og_image":[{"url":"https:\/\/schoenstatt.com\/wp-content\/uploads\/2025\/06\/Schoenstatt-Zimbabwe-3.jpg","width":2048,"height":1536,"type":"image\/jpeg"}],"author":"Karen Bueno","twitter_card":"summary_large_image","twitter_misc":{"Escrito por":"Karen Bueno","Tempo estimado de leitura":"5 minutos"},"schema":{"@context":"https:\/\/schema.org","@graph":[{"@type":"Article","@id":"https:\/\/schoenstatt.com\/pt-pt\/a-familia-de-schoenstatt-do-zimbabue-coroa-a-mae-de-deus-como-rainha-da-africa\/#article","isPartOf":{"@id":"https:\/\/schoenstatt.com\/pt-pt\/a-familia-de-schoenstatt-do-zimbabue-coroa-a-mae-de-deus-como-rainha-da-africa\/"},"author":{"name":"Karen Bueno","@id":"https:\/\/schoenstatt.com\/pt-pt\/#\/schema\/person\/5158877ad4acae98b34daaeef2a1ce6e"},"headline":"A Fam\u00edlia de Schoenstatt do Zimb\u00e1bue coroa a M\u00e3e de Deus como Rainha da \u00c1frica","datePublished":"2025-06-09T18:12:44+00:00","dateModified":"2025-06-09T18:22:08+00:00","mainEntityOfPage":{"@id":"https:\/\/schoenstatt.com\/pt-pt\/a-familia-de-schoenstatt-do-zimbabue-coroa-a-mae-de-deus-como-rainha-da-africa\/"},"wordCount":645,"publisher":{"@id":"https:\/\/schoenstatt.com\/pt-pt\/#organization"},"image":{"@id":"https:\/\/schoenstatt.com\/pt-pt\/a-familia-de-schoenstatt-do-zimbabue-coroa-a-mae-de-deus-como-rainha-da-africa\/#primaryimage"},"thumbnailUrl":"https:\/\/schoenstatt.com\/wp-content\/uploads\/2025\/06\/Schoenstatt-Zimbabwe-3.jpg","articleSection":["\u00c1frica"],"inLanguage":"pt-PT"},{"@type":"WebPage","@id":"https:\/\/schoenstatt.com\/pt-pt\/a-familia-de-schoenstatt-do-zimbabue-coroa-a-mae-de-deus-como-rainha-da-africa\/","url":"https:\/\/schoenstatt.com\/pt-pt\/a-familia-de-schoenstatt-do-zimbabue-coroa-a-mae-de-deus-como-rainha-da-africa\/","name":"A Fam\u00edlia de Schoenstatt do Zimb\u00e1bue coroa a M\u00e3e de Deus como Rainha da \u00c1frica","isPartOf":{"@id":"https:\/\/schoenstatt.com\/pt-pt\/#website"},"primaryImageOfPage":{"@id":"https:\/\/schoenstatt.com\/pt-pt\/a-familia-de-schoenstatt-do-zimbabue-coroa-a-mae-de-deus-como-rainha-da-africa\/#primaryimage"},"image":{"@id":"https:\/\/schoenstatt.com\/pt-pt\/a-familia-de-schoenstatt-do-zimbabue-coroa-a-mae-de-deus-como-rainha-da-africa\/#primaryimage"},"thumbnailUrl":"https:\/\/schoenstatt.com\/wp-content\/uploads\/2025\/06\/Schoenstatt-Zimbabwe-3.jpg","datePublished":"2025-06-09T18:12:44+00:00","dateModified":"2025-06-09T18:22:08+00:00","description":"Entrega da coroa: um gesto de amor e confian\u00e7a que se repete ano ap\u00f3s ano no Zimb\u00e1bue, \u00c1frica.","breadcrumb":{"@id":"https:\/\/schoenstatt.com\/pt-pt\/a-familia-de-schoenstatt-do-zimbabue-coroa-a-mae-de-deus-como-rainha-da-africa\/#breadcrumb"},"inLanguage":"pt-PT","potentialAction":[{"@type":"ReadAction","target":["https:\/\/schoenstatt.com\/pt-pt\/a-familia-de-schoenstatt-do-zimbabue-coroa-a-mae-de-deus-como-rainha-da-africa\/"]}]},{"@type":"ImageObject","inLanguage":"pt-PT","@id":"https:\/\/schoenstatt.com\/pt-pt\/a-familia-de-schoenstatt-do-zimbabue-coroa-a-mae-de-deus-como-rainha-da-africa\/#primaryimage","url":"https:\/\/schoenstatt.com\/wp-content\/uploads\/2025\/06\/Schoenstatt-Zimbabwe-3.jpg","contentUrl":"https:\/\/schoenstatt.com\/wp-content\/uploads\/2025\/06\/Schoenstatt-Zimbabwe-3.jpg","width":2048,"height":1536},{"@type":"BreadcrumbList","@id":"https:\/\/schoenstatt.com\/pt-pt\/a-familia-de-schoenstatt-do-zimbabue-coroa-a-mae-de-deus-como-rainha-da-africa\/#breadcrumb","itemListElement":[{"@type":"ListItem","position":1,"name":"Portada","item":"https:\/\/schoenstatt.com\/pt-pt\/home\/"},{"@type":"ListItem","position":2,"name":"A Fam\u00edlia de Schoenstatt do Zimb\u00e1bue coroa a M\u00e3e de Deus como Rainha da \u00c1frica"}]},{"@type":"WebSite","@id":"https:\/\/schoenstatt.com\/pt-pt\/#website","url":"https:\/\/schoenstatt.com\/pt-pt\/","name":"Schoenstatt","description":"Apostolic Movement","publisher":{"@id":"https:\/\/schoenstatt.com\/pt-pt\/#organization"},"potentialAction":[{"@type":"SearchAction","target":{"@type":"EntryPoint","urlTemplate":"https:\/\/schoenstatt.com\/pt-pt\/?s={search_term_string}"},"query-input":{"@type":"PropertyValueSpecification","valueRequired":true,"valueName":"search_term_string"}}],"inLanguage":"pt-PT"},{"@type":"Organization","@id":"https:\/\/schoenstatt.com\/pt-pt\/#organization","name":"Schoenstatt","url":"https:\/\/schoenstatt.com\/pt-pt\/","logo":{"@type":"ImageObject","inLanguage":"pt-PT","@id":"https:\/\/schoenstatt.com\/pt-pt\/#\/schema\/logo\/image\/","url":"https:\/\/schoenstatt.com\/wp-content\/uploads\/2025\/04\/logo-schoenstatt-white-696x696-1.png","contentUrl":"https:\/\/schoenstatt.com\/wp-content\/uploads\/2025\/04\/logo-schoenstatt-white-696x696-1.png","width":696,"height":694,"caption":"Schoenstatt"},"image":{"@id":"https:\/\/schoenstatt.com\/pt-pt\/#\/schema\/logo\/image\/"}},{"@type":"Person","@id":"https:\/\/schoenstatt.com\/pt-pt\/#\/schema\/person\/5158877ad4acae98b34daaeef2a1ce6e","name":"Karen Bueno","image":{"@type":"ImageObject","inLanguage":"pt-PT","@id":"https:\/\/secure.gravatar.com\/avatar\/f9f4b823873154269d2b2130f195f6d41037dd0d7fc5f3cacb5c846bae70d66b?s=96&d=mm&r=g","url":"https:\/\/secure.gravatar.com\/avatar\/f9f4b823873154269d2b2130f195f6d41037dd0d7fc5f3cacb5c846bae70d66b?s=96&d=mm&r=g","contentUrl":"https:\/\/secure.gravatar.com\/avatar\/f9f4b823873154269d2b2130f195f6d41037dd0d7fc5f3cacb5c846bae70d66b?s=96&d=mm&r=g","caption":"Karen Bueno"},"url":"https:\/\/schoenstatt.com\/pt-pt\/author\/karen-bueno\/"}]}},"_links":{"self":[{"href":"https:\/\/schoenstatt.com\/pt-pt\/wp-json\/wp\/v2\/posts\/59701","targetHints":{"allow":["GET"]}}],"collection":[{"href":"https:\/\/schoenstatt.com\/pt-pt\/wp-json\/wp\/v2\/posts"}],"about":[{"href":"https:\/\/schoenstatt.com\/pt-pt\/wp-json\/wp\/v2\/types\/post"}],"author":[{"embeddable":true,"href":"https:\/\/schoenstatt.com\/pt-pt\/wp-json\/wp\/v2\/users\/3"}],"replies":[{"embeddable":true,"href":"https:\/\/schoenstatt.com\/pt-pt\/wp-json\/wp\/v2\/comments?post=59701"}],"version-history":[{"count":4,"href":"https:\/\/schoenstatt.com\/pt-pt\/wp-json\/wp\/v2\/posts\/59701\/revisions"}],"predecessor-version":[{"id":59706,"href":"https:\/\/schoenstatt.com\/pt-pt\/wp-json\/wp\/v2\/posts\/59701\/revisions\/59706"}],"wp:featuredmedia":[{"embeddable":true,"href":"https:\/\/schoenstatt.com\/pt-pt\/wp-json\/wp\/v2\/media\/59671"}],"wp:attachment":[{"href":"https:\/\/schoenstatt.com\/pt-pt\/wp-json\/wp\/v2\/media?parent=59701"}],"wp:term":[{"taxonomy":"category","embeddable":true,"href":"https:\/\/schoenstatt.com\/pt-pt\/wp-json\/wp\/v2\/categories?post=59701"},{"taxonomy":"post_tag","embeddable":true,"href":"https:\/\/schoenstatt.com\/pt-pt\/wp-json\/wp\/v2\/tags?post=59701"}],"curies":[{"name":"wp","href":"https:\/\/api.w.org\/{rel}","templated":true}]}}