{"id":59453,"date":"2025-06-04T16:50:48","date_gmt":"2025-06-04T14:50:48","guid":{"rendered":"https:\/\/schoenstatt.com\/?p=59453"},"modified":"2025-08-15T19:38:17","modified_gmt":"2025-08-15T17:38:17","slug":"a-presidencia-geral-de-schoenstatt-se-reune-em-belmonte","status":"publish","type":"post","link":"https:\/\/schoenstatt.com\/pt-pt\/a-presidencia-geral-de-schoenstatt-se-reune-em-belmonte\/","title":{"rendered":"A Presid\u00eancia Geral de Schoenstatt se re\u00fane em Belmonte"},"content":{"rendered":"\n<p>Nesta quarta-feira, 4 de junho de 2025, a <a href=\"https:\/\/schoenstatt.com\/pt-pt\/sobre-schoenstatt\/orgaos-de-coordenacao\/\">Presid\u00eancia Internacional do Movimento Apost\u00f3lico de Schoenstatt<\/a> inicia sua reuni\u00e3o presencial anual. O encontro acontece no Santu\u00e1rio <em>Matri Ecclesiae<\/em>, em Belmonte, Roma, at\u00e9 o dia 6 de junho.<\/p>\n\n\n\n<p>A Presid\u00eancia \u00e9 o \u00f3rg\u00e3o que representa todo o Movimento, a n\u00edvel internacional, e \u00e9 formada:<\/p>\n\n\n\n<blockquote class=\"wp-block-quote is-layout-flow wp-block-quote-is-layout-flow\">\n<p>&#8211; <strong>pelos superiores dos Institutos Seculares de Schoenstatt,<\/strong><\/p>\n\n\n\n<p>&#8211; <strong>pelos dirigentes gerais das Uni\u00f5es Apost\u00f3licas de Schoenstatt,<\/strong><\/p>\n\n\n\n<p>&#8211; <strong>e pela Coordena\u00e7\u00e3o Internacional de Schoenstatt, que representa as Ligas e o Movimento Popular de Peregrinos.<\/strong><\/p>\n<\/blockquote>\n\n\n\n<h3 class=\"wp-block-heading\" id=\"h-com-que-frequencia-se-reune\">Com que frequ\u00eancia se re\u00fane?<\/h3>\n\n\n\n<p>Em geral, a Presid\u00eancia realiza durante o ano tr\u00eas encontros de um dia e, normalmente, um encontro chamado de \u201cencontro de clausura\u201d (Klausurtagung), pois se retiram por v\u00e1rios dias para rezar, intercambiar e discernir juntos os caminhos da Fam\u00edlia Internacional de Schoenstatt. Todos os encontros s\u00e3o mistos \u2013 com alguns membros em presen\u00e7a e outros online \u2013 por\u00e9m para o \u201cencontro de clausura\u201d todos procuram participar em presen\u00e7a.<\/p>\n\n\n\n<h3 class=\"wp-block-heading\" id=\"h-para-que-serve-a-presidencia-internacional\">Para que serve a Presid\u00eancia Internacional?<\/h3>\n\n\n\n<p>A miss\u00e3o da Presid\u00eancia Internacional \u00e9 \u201cservir \u00e0 unidade e promover o trabalho em equipe em assuntos de interesse comum da Obra de Schoenstatt\u201d (Estatutos n. 69). Ela tem a \u201c\u00faltima responsabilidade pela heran\u00e7a espiritual do fundador e pela aut\u00eantica doutrina no sentido do carisma\u201d (n. 70), representa todo o Movimento diante da Santa S\u00e9 (n. 71) e nomeia representantes oficiais do Movimento para a colabora\u00e7\u00e3o em gr\u00eamios e comiss\u00f5es eclesiais e civis, como tamb\u00e9m para eventos especiais em n\u00edvel internacional (n. 74).<\/p>\n\n\n\n<figure class=\"wp-block-image aligncenter size-full\"><img fetchpriority=\"high\" decoding=\"async\" width=\"2048\" height=\"1536\" src=\"https:\/\/schoenstatt.com\/wp-content\/uploads\/2025\/06\/General-Presidium-Presidencia-2025.jpg\" alt=\"\" class=\"wp-image-59464\" srcset=\"https:\/\/schoenstatt.com\/wp-content\/uploads\/2025\/06\/General-Presidium-Presidencia-2025.jpg 2048w, https:\/\/schoenstatt.com\/wp-content\/uploads\/2025\/06\/General-Presidium-Presidencia-2025-768x576.jpg 768w, https:\/\/schoenstatt.com\/wp-content\/uploads\/2025\/06\/General-Presidium-Presidencia-2025-1536x1152.jpg 1536w\" sizes=\"(max-width: 2048px) 100vw, 2048px\" \/><figcaption class=\"wp-element-caption\">Fotos: Pedro Dillinger<\/figcaption><\/figure>\n\n\n\n<h3 class=\"wp-block-heading\" id=\"h-schoenstatt-para-a-missao-pos-conciliar-da-igreja\">Schoenstatt para a miss\u00e3o p\u00f3s-conciliar da Igreja<\/h3>\n\n\n\n<p>Em 2025, um dos temas abordados no encontro \u00e9 a promessa que o Padre Kentenich fez ao Papa Paulo VI de que Schoenstatt iria colaborar para a realiza\u00e7\u00e3o da miss\u00e3o p\u00f3s-conciliar da Igreja. Neste ano se celebram os 60 anos do recordado encontro do nosso Fundador com o Papa ao final do Conc\u00edlio Vaticano II. Trata-se de aprofundar no significado do IV Marco Hist\u00f3rico, sua mensagem e realiza\u00e7\u00e3o para o Movimento atualmente. O Arcebispo Em\u00e9rito Dom Ignacio Sanna, que foi presidente da Pontif\u00edcia Academia de Teologia, membro do Instituto dos Sacerdotes Diocesanos de Schoenstatt e reitor do Santu\u00e1rio de Belmonte, vai colaborar na prepara\u00e7\u00e3o do esp\u00edrito para a coroa\u00e7\u00e3o da M\u00e3e.<\/p>\n\n\n\n<p>Outro aspecto importante \u00e9 que os membros da Presid\u00eancia estar\u00e3o presentes na coroa\u00e7\u00e3o internacional da M\u00e3e e Rainha de Schoenstatt em Belmonte, no pr\u00f3ximo dia 9 de junho. O Pe. Alexandre Awi Mello, presidente da Presid\u00eancia, explica que decidiram <em>\u201cfazer o encontro pr\u00f3ximo \u00e0 coroa\u00e7\u00e3o para que todos pudessem estar presentes e tamb\u00e9m devido ao Jubileu dos Movimentos, que acontece no Vaticano\u201d. <\/em>Para ele,<em> \u201centregar a coroa a Maria no Santu\u00e1rio Matri Ecclesiae \u00e9 uma forma de pedir \u00e0 M\u00e3e da Igreja que nos conceda a gra\u00e7a de renovar a promessa que o Padre Kentenich fez h\u00e1 quase 60 anos atr\u00e1s de, por meio de Schoenstatt, colaborar na realiza\u00e7\u00e3o da renova\u00e7\u00e3o promovida pelo Conc\u00edlio Vaticano II.\u201d<\/em><\/p>\n\n\n\n<p>Sobre este encontro presencial, os superiores gerais do Instituto de Fam\u00edlias, Rafael e Cristina Mu\u00f1oz, comentam: <em>\u201cNossas expectativas s\u00e3o de aprofundar os temas formativos que tanto nos enriquecem, ter uma vis\u00e3o geral do Movimento e, al\u00e9m disso, como casal do Instituto de Fam\u00edlias, valorizamos especialmente a oportunidade de estabelecer v\u00ednculos com as outras comunidades, convencidos de que esses la\u00e7os s\u00e3o fundamentais para construir e fortalecer a unidade de Schoenstatt a n\u00edvel internacional. Tamb\u00e9m nestes dias, para n\u00f3s, \u00e9 muito importante que tentemos \u2018caminhar juntos\u2019 na escuta m\u00fatua. Em um tempo t\u00e3o desorientado, \u00e9 essencial que todas as comunidades deem testemunho. Uma sinodalidade que n\u00e3o se apoia na presen\u00e7a amorosa de Cristo perde rapidamente a esperan\u00e7a e n\u00e3o permite avan\u00e7ar.\u201d<\/em><\/p>\n\n\n\n<h3 class=\"wp-block-heading\" id=\"h-quem-sao-os-membros-da-presidencia-internacional\">Quem s\u00e3o os membros da Presid\u00eancia Internacional?<\/h3>\n\n\n\n<figure class=\"wp-block-image aligncenter size-full\"><img decoding=\"async\" width=\"2048\" height=\"1245\" src=\"https:\/\/schoenstatt.com\/wp-content\/uploads\/2025\/06\/General-Presidium-Presidencia-2025-Belmonte.jpg\" alt=\"\" class=\"wp-image-59459\" srcset=\"https:\/\/schoenstatt.com\/wp-content\/uploads\/2025\/06\/General-Presidium-Presidencia-2025-Belmonte.jpg 2048w, https:\/\/schoenstatt.com\/wp-content\/uploads\/2025\/06\/General-Presidium-Presidencia-2025-Belmonte-768x467.jpg 768w, https:\/\/schoenstatt.com\/wp-content\/uploads\/2025\/06\/General-Presidium-Presidencia-2025-Belmonte-1536x934.jpg 1536w\" sizes=\"(max-width: 2048px) 100vw, 2048px\" \/><\/figure>\n\n\n\n<p>Atualmente, a Presid\u00eancia Geral conta com os seguintes representantes:<\/p>\n\n\n\n<p><strong>Instituto dos Padres de Schoenstatt<br><\/strong>Pe. Alexandre Awi Mello, superior geral<br>Pe. Ignacio Camacho, membro do Conselho da comunidade<\/p>\n\n\n\n<p><strong>Instituto dos Sacerdotes Diocesanos de Schoenstatt<br><\/strong>Pe. Christian L\u00f6hr, reitor geral<br>Pe. Stefan Keller, membro do Conselho da comunidade<\/p>\n\n\n\n<p><strong>Instituto das Irm\u00e3s de Maria<br><\/strong>Ir. M. Joanna Buckley, superiora geral<br>Pe. Bernd Biberger, diretor geral<\/p>\n\n\n\n<p><strong>Instituto Nossa Senhora de Schoenstatt<br><\/strong>Sra. Gertrud Pollak, superiora geral<br>Pe. Jos\u00e9 Melo, assistente sacerdotal<\/p>\n\n\n\n<p><strong>Instituto dos Irm\u00e3os de Maria de Schoenstatt<br><\/strong>Thomas M. Butz, superior geral<br>Pedro Dillinger, membro do Conselho da comunidade<\/p>\n\n\n\n<p><strong>Uni\u00e3o Internacional dos Presb\u00edteros de Schoenstatt<br><\/strong>Pe. Alejandro Blanco, secret\u00e1rio geral<br>Pe. Hubert Vonlanthen, secret\u00e1rio adjunto<\/p>\n\n\n\n<p><strong>Uni\u00e3o Apost\u00f3lica Feminina<br><\/strong>Geni Maria Hoss, dirigente geral<br>Bettina Betzner, membro da dire\u00e7\u00e3o da comunidade<\/p>\n\n\n\n<p><strong>Uni\u00e3o Apost\u00f3lica de M\u00e3es de Schoenstatt<br><\/strong>Kathleen Colunga, dirigente internacional<br>Matilde Di Batista, membro do Conselho da comunidade<\/p>\n\n\n\n<p><strong>Instituto de Fam\u00edlias de Schoenstatt<br><\/strong>Rafael e Cristina Mu\u00f1oz, superiores gerais<\/p>\n\n\n\n<p><strong>Uni\u00e3o Apost\u00f3lica de Fam\u00edlias de Schoenstatt<br><\/strong>Ra\u00fal e Silvina Vi\u00f1as, dirigentes internacionais<\/p>\n\n\n\n<p><strong>Coordena\u00e7\u00e3o Internacional do Movimento<br><\/strong>Pe. Arkadiusz Sosna<br>Ir. M. Cacilda Becker<\/p>\n\n\n\n<p><strong>Secretaria da Presid\u00eancia<br><\/strong>Ir. Antje-Maria Wunderwald, secretaria<\/p>\n","protected":false},"excerpt":{"rendered":"<p>A Presid\u00eancia Internacional do Movimento Apost\u00f3lico de Schoenstatt inicia sua reuni\u00e3o presencial anual nesta quarta-feira.<\/p>\n","protected":false},"author":3,"featured_media":59454,"comment_status":"closed","ping_status":"closed","sticky":false,"template":"","format":"standard","meta":{"footnotes":""},"categories":[908,636],"tags":[448,1024],"class_list":["post-59453","post","type-post","status-publish","format-standard","has-post-thumbnail","hentry","category-comunidades-de-schoenstatt-pt-pt","category-eventos-pt-pt","tag-belmonte-roma-pt-pt","tag-presidencia-geral-pt-pt"],"yoast_head":"<!-- This site is optimized with the Yoast SEO Premium plugin v27.4 (Yoast SEO v27.4) - https:\/\/yoast.com\/product\/yoast-seo-premium-wordpress\/ -->\n<title>A Presid\u00eancia Geral de Schoenstatt se re\u00fane em Belmonte - Schoenstatt<\/title>\n<meta name=\"description\" content=\"A Presid\u00eancia Internacional do Movimento Apost\u00f3lico de Schoenstatt inicia sua reuni\u00e3o presencial anual nesta quarta-feira.\" \/>\n<meta name=\"robots\" content=\"index, follow, max-snippet:-1, max-image-preview:large, max-video-preview:-1\" \/>\n<link rel=\"canonical\" href=\"https:\/\/schoenstatt.com\/pt-pt\/a-presidencia-geral-de-schoenstatt-se-reune-em-belmonte\/\" \/>\n<meta property=\"og:locale\" content=\"pt_PT\" \/>\n<meta property=\"og:type\" content=\"article\" \/>\n<meta property=\"og:title\" content=\"A Presid\u00eancia Geral de Schoenstatt se re\u00fane em Belmonte\" \/>\n<meta property=\"og:description\" content=\"A Presid\u00eancia Internacional do Movimento Apost\u00f3lico de Schoenstatt inicia sua reuni\u00e3o presencial anual nesta quarta-feira.\" \/>\n<meta property=\"og:url\" content=\"https:\/\/schoenstatt.com\/pt-pt\/a-presidencia-geral-de-schoenstatt-se-reune-em-belmonte\/\" \/>\n<meta property=\"og:site_name\" content=\"Schoenstatt\" \/>\n<meta property=\"article:published_time\" content=\"2025-06-04T14:50:48+00:00\" \/>\n<meta property=\"article:modified_time\" content=\"2025-08-15T17:38:17+00:00\" \/>\n<meta property=\"og:image\" content=\"https:\/\/schoenstatt.com\/wp-content\/uploads\/2025\/06\/General-Presidium-Presidencia.jpg\" \/>\n\t<meta property=\"og:image:width\" content=\"2048\" \/>\n\t<meta property=\"og:image:height\" content=\"1066\" \/>\n\t<meta property=\"og:image:type\" content=\"image\/jpeg\" \/>\n<meta name=\"author\" content=\"Karen Bueno\" \/>\n<meta name=\"twitter:card\" content=\"summary_large_image\" \/>\n<meta name=\"twitter:label1\" content=\"Escrito por\" \/>\n\t<meta name=\"twitter:data1\" content=\"Karen Bueno\" \/>\n\t<meta name=\"twitter:label2\" content=\"Tempo estimado de leitura\" \/>\n\t<meta name=\"twitter:data2\" content=\"5 minutos\" \/>\n<script type=\"application\/ld+json\" class=\"yoast-schema-graph\">{\"@context\":\"https:\\\/\\\/schema.org\",\"@graph\":[{\"@type\":\"Article\",\"@id\":\"https:\\\/\\\/schoenstatt.com\\\/pt-pt\\\/a-presidencia-geral-de-schoenstatt-se-reune-em-belmonte\\\/#article\",\"isPartOf\":{\"@id\":\"https:\\\/\\\/schoenstatt.com\\\/pt-pt\\\/a-presidencia-geral-de-schoenstatt-se-reune-em-belmonte\\\/\"},\"author\":{\"name\":\"Karen Bueno\",\"@id\":\"https:\\\/\\\/schoenstatt.com\\\/pt-pt\\\/#\\\/schema\\\/person\\\/5158877ad4acae98b34daaeef2a1ce6e\"},\"headline\":\"A Presid\u00eancia Geral de Schoenstatt se re\u00fane em Belmonte\",\"datePublished\":\"2025-06-04T14:50:48+00:00\",\"dateModified\":\"2025-08-15T17:38:17+00:00\",\"mainEntityOfPage\":{\"@id\":\"https:\\\/\\\/schoenstatt.com\\\/pt-pt\\\/a-presidencia-geral-de-schoenstatt-se-reune-em-belmonte\\\/\"},\"wordCount\":881,\"publisher\":{\"@id\":\"https:\\\/\\\/schoenstatt.com\\\/pt-pt\\\/#organization\"},\"image\":{\"@id\":\"https:\\\/\\\/schoenstatt.com\\\/pt-pt\\\/a-presidencia-geral-de-schoenstatt-se-reune-em-belmonte\\\/#primaryimage\"},\"thumbnailUrl\":\"https:\\\/\\\/schoenstatt.com\\\/wp-content\\\/uploads\\\/2025\\\/06\\\/General-Presidium-Presidencia.jpg\",\"keywords\":[\"Belmonte - Roma\",\"Presid\u00eancia Geral\"],\"articleSection\":[\"Comunidades de Schoenstatt\",\"Eventos\"],\"inLanguage\":\"pt-PT\"},{\"@type\":\"WebPage\",\"@id\":\"https:\\\/\\\/schoenstatt.com\\\/pt-pt\\\/a-presidencia-geral-de-schoenstatt-se-reune-em-belmonte\\\/\",\"url\":\"https:\\\/\\\/schoenstatt.com\\\/pt-pt\\\/a-presidencia-geral-de-schoenstatt-se-reune-em-belmonte\\\/\",\"name\":\"A Presid\u00eancia Geral de Schoenstatt se re\u00fane em Belmonte - Schoenstatt\",\"isPartOf\":{\"@id\":\"https:\\\/\\\/schoenstatt.com\\\/pt-pt\\\/#website\"},\"primaryImageOfPage\":{\"@id\":\"https:\\\/\\\/schoenstatt.com\\\/pt-pt\\\/a-presidencia-geral-de-schoenstatt-se-reune-em-belmonte\\\/#primaryimage\"},\"image\":{\"@id\":\"https:\\\/\\\/schoenstatt.com\\\/pt-pt\\\/a-presidencia-geral-de-schoenstatt-se-reune-em-belmonte\\\/#primaryimage\"},\"thumbnailUrl\":\"https:\\\/\\\/schoenstatt.com\\\/wp-content\\\/uploads\\\/2025\\\/06\\\/General-Presidium-Presidencia.jpg\",\"datePublished\":\"2025-06-04T14:50:48+00:00\",\"dateModified\":\"2025-08-15T17:38:17+00:00\",\"description\":\"A Presid\u00eancia Internacional do Movimento Apost\u00f3lico de Schoenstatt inicia sua reuni\u00e3o presencial anual nesta quarta-feira.\",\"breadcrumb\":{\"@id\":\"https:\\\/\\\/schoenstatt.com\\\/pt-pt\\\/a-presidencia-geral-de-schoenstatt-se-reune-em-belmonte\\\/#breadcrumb\"},\"inLanguage\":\"pt-PT\",\"potentialAction\":[{\"@type\":\"ReadAction\",\"target\":[\"https:\\\/\\\/schoenstatt.com\\\/pt-pt\\\/a-presidencia-geral-de-schoenstatt-se-reune-em-belmonte\\\/\"]}]},{\"@type\":\"ImageObject\",\"inLanguage\":\"pt-PT\",\"@id\":\"https:\\\/\\\/schoenstatt.com\\\/pt-pt\\\/a-presidencia-geral-de-schoenstatt-se-reune-em-belmonte\\\/#primaryimage\",\"url\":\"https:\\\/\\\/schoenstatt.com\\\/wp-content\\\/uploads\\\/2025\\\/06\\\/General-Presidium-Presidencia.jpg\",\"contentUrl\":\"https:\\\/\\\/schoenstatt.com\\\/wp-content\\\/uploads\\\/2025\\\/06\\\/General-Presidium-Presidencia.jpg\",\"width\":2048,\"height\":1066},{\"@type\":\"BreadcrumbList\",\"@id\":\"https:\\\/\\\/schoenstatt.com\\\/pt-pt\\\/a-presidencia-geral-de-schoenstatt-se-reune-em-belmonte\\\/#breadcrumb\",\"itemListElement\":[{\"@type\":\"ListItem\",\"position\":1,\"name\":\"Portada\",\"item\":\"https:\\\/\\\/schoenstatt.com\\\/pt-pt\\\/home\\\/\"},{\"@type\":\"ListItem\",\"position\":2,\"name\":\"A Presid\u00eancia Geral de Schoenstatt se re\u00fane em Belmonte\"}]},{\"@type\":\"WebSite\",\"@id\":\"https:\\\/\\\/schoenstatt.com\\\/pt-pt\\\/#website\",\"url\":\"https:\\\/\\\/schoenstatt.com\\\/pt-pt\\\/\",\"name\":\"Schoenstatt\",\"description\":\"Apostolic Movement\",\"publisher\":{\"@id\":\"https:\\\/\\\/schoenstatt.com\\\/pt-pt\\\/#organization\"},\"potentialAction\":[{\"@type\":\"SearchAction\",\"target\":{\"@type\":\"EntryPoint\",\"urlTemplate\":\"https:\\\/\\\/schoenstatt.com\\\/pt-pt\\\/?s={search_term_string}\"},\"query-input\":{\"@type\":\"PropertyValueSpecification\",\"valueRequired\":true,\"valueName\":\"search_term_string\"}}],\"inLanguage\":\"pt-PT\"},{\"@type\":\"Organization\",\"@id\":\"https:\\\/\\\/schoenstatt.com\\\/pt-pt\\\/#organization\",\"name\":\"Schoenstatt\",\"url\":\"https:\\\/\\\/schoenstatt.com\\\/pt-pt\\\/\",\"logo\":{\"@type\":\"ImageObject\",\"inLanguage\":\"pt-PT\",\"@id\":\"https:\\\/\\\/schoenstatt.com\\\/pt-pt\\\/#\\\/schema\\\/logo\\\/image\\\/\",\"url\":\"https:\\\/\\\/schoenstatt.com\\\/wp-content\\\/uploads\\\/2025\\\/04\\\/logo-schoenstatt-white-696x696-1.png\",\"contentUrl\":\"https:\\\/\\\/schoenstatt.com\\\/wp-content\\\/uploads\\\/2025\\\/04\\\/logo-schoenstatt-white-696x696-1.png\",\"width\":696,\"height\":694,\"caption\":\"Schoenstatt\"},\"image\":{\"@id\":\"https:\\\/\\\/schoenstatt.com\\\/pt-pt\\\/#\\\/schema\\\/logo\\\/image\\\/\"}},{\"@type\":\"Person\",\"@id\":\"https:\\\/\\\/schoenstatt.com\\\/pt-pt\\\/#\\\/schema\\\/person\\\/5158877ad4acae98b34daaeef2a1ce6e\",\"name\":\"Karen Bueno\",\"image\":{\"@type\":\"ImageObject\",\"inLanguage\":\"pt-PT\",\"@id\":\"https:\\\/\\\/secure.gravatar.com\\\/avatar\\\/f9f4b823873154269d2b2130f195f6d41037dd0d7fc5f3cacb5c846bae70d66b?s=96&d=mm&r=g\",\"url\":\"https:\\\/\\\/secure.gravatar.com\\\/avatar\\\/f9f4b823873154269d2b2130f195f6d41037dd0d7fc5f3cacb5c846bae70d66b?s=96&d=mm&r=g\",\"contentUrl\":\"https:\\\/\\\/secure.gravatar.com\\\/avatar\\\/f9f4b823873154269d2b2130f195f6d41037dd0d7fc5f3cacb5c846bae70d66b?s=96&d=mm&r=g\",\"caption\":\"Karen Bueno\"},\"url\":\"https:\\\/\\\/schoenstatt.com\\\/pt-pt\\\/author\\\/karen-bueno\\\/\"}]}<\/script>\n<!-- \/ Yoast SEO Premium plugin. -->","yoast_head_json":{"title":"A Presid\u00eancia Geral de Schoenstatt se re\u00fane em Belmonte - Schoenstatt","description":"A Presid\u00eancia Internacional do Movimento Apost\u00f3lico de Schoenstatt inicia sua reuni\u00e3o presencial anual nesta quarta-feira.","robots":{"index":"index","follow":"follow","max-snippet":"max-snippet:-1","max-image-preview":"max-image-preview:large","max-video-preview":"max-video-preview:-1"},"canonical":"https:\/\/schoenstatt.com\/pt-pt\/a-presidencia-geral-de-schoenstatt-se-reune-em-belmonte\/","og_locale":"pt_PT","og_type":"article","og_title":"A Presid\u00eancia Geral de Schoenstatt se re\u00fane em Belmonte","og_description":"A Presid\u00eancia Internacional do Movimento Apost\u00f3lico de Schoenstatt inicia sua reuni\u00e3o presencial anual nesta quarta-feira.","og_url":"https:\/\/schoenstatt.com\/pt-pt\/a-presidencia-geral-de-schoenstatt-se-reune-em-belmonte\/","og_site_name":"Schoenstatt","article_published_time":"2025-06-04T14:50:48+00:00","article_modified_time":"2025-08-15T17:38:17+00:00","og_image":[{"width":2048,"height":1066,"url":"https:\/\/schoenstatt.com\/wp-content\/uploads\/2025\/06\/General-Presidium-Presidencia.jpg","type":"image\/jpeg"}],"author":"Karen Bueno","twitter_card":"summary_large_image","twitter_misc":{"Escrito por":"Karen Bueno","Tempo estimado de leitura":"5 minutos"},"schema":{"@context":"https:\/\/schema.org","@graph":[{"@type":"Article","@id":"https:\/\/schoenstatt.com\/pt-pt\/a-presidencia-geral-de-schoenstatt-se-reune-em-belmonte\/#article","isPartOf":{"@id":"https:\/\/schoenstatt.com\/pt-pt\/a-presidencia-geral-de-schoenstatt-se-reune-em-belmonte\/"},"author":{"name":"Karen Bueno","@id":"https:\/\/schoenstatt.com\/pt-pt\/#\/schema\/person\/5158877ad4acae98b34daaeef2a1ce6e"},"headline":"A Presid\u00eancia Geral de Schoenstatt se re\u00fane em Belmonte","datePublished":"2025-06-04T14:50:48+00:00","dateModified":"2025-08-15T17:38:17+00:00","mainEntityOfPage":{"@id":"https:\/\/schoenstatt.com\/pt-pt\/a-presidencia-geral-de-schoenstatt-se-reune-em-belmonte\/"},"wordCount":881,"publisher":{"@id":"https:\/\/schoenstatt.com\/pt-pt\/#organization"},"image":{"@id":"https:\/\/schoenstatt.com\/pt-pt\/a-presidencia-geral-de-schoenstatt-se-reune-em-belmonte\/#primaryimage"},"thumbnailUrl":"https:\/\/schoenstatt.com\/wp-content\/uploads\/2025\/06\/General-Presidium-Presidencia.jpg","keywords":["Belmonte - Roma","Presid\u00eancia Geral"],"articleSection":["Comunidades de Schoenstatt","Eventos"],"inLanguage":"pt-PT"},{"@type":"WebPage","@id":"https:\/\/schoenstatt.com\/pt-pt\/a-presidencia-geral-de-schoenstatt-se-reune-em-belmonte\/","url":"https:\/\/schoenstatt.com\/pt-pt\/a-presidencia-geral-de-schoenstatt-se-reune-em-belmonte\/","name":"A Presid\u00eancia Geral de Schoenstatt se re\u00fane em Belmonte - Schoenstatt","isPartOf":{"@id":"https:\/\/schoenstatt.com\/pt-pt\/#website"},"primaryImageOfPage":{"@id":"https:\/\/schoenstatt.com\/pt-pt\/a-presidencia-geral-de-schoenstatt-se-reune-em-belmonte\/#primaryimage"},"image":{"@id":"https:\/\/schoenstatt.com\/pt-pt\/a-presidencia-geral-de-schoenstatt-se-reune-em-belmonte\/#primaryimage"},"thumbnailUrl":"https:\/\/schoenstatt.com\/wp-content\/uploads\/2025\/06\/General-Presidium-Presidencia.jpg","datePublished":"2025-06-04T14:50:48+00:00","dateModified":"2025-08-15T17:38:17+00:00","description":"A Presid\u00eancia Internacional do Movimento Apost\u00f3lico de Schoenstatt inicia sua reuni\u00e3o presencial anual nesta quarta-feira.","breadcrumb":{"@id":"https:\/\/schoenstatt.com\/pt-pt\/a-presidencia-geral-de-schoenstatt-se-reune-em-belmonte\/#breadcrumb"},"inLanguage":"pt-PT","potentialAction":[{"@type":"ReadAction","target":["https:\/\/schoenstatt.com\/pt-pt\/a-presidencia-geral-de-schoenstatt-se-reune-em-belmonte\/"]}]},{"@type":"ImageObject","inLanguage":"pt-PT","@id":"https:\/\/schoenstatt.com\/pt-pt\/a-presidencia-geral-de-schoenstatt-se-reune-em-belmonte\/#primaryimage","url":"https:\/\/schoenstatt.com\/wp-content\/uploads\/2025\/06\/General-Presidium-Presidencia.jpg","contentUrl":"https:\/\/schoenstatt.com\/wp-content\/uploads\/2025\/06\/General-Presidium-Presidencia.jpg","width":2048,"height":1066},{"@type":"BreadcrumbList","@id":"https:\/\/schoenstatt.com\/pt-pt\/a-presidencia-geral-de-schoenstatt-se-reune-em-belmonte\/#breadcrumb","itemListElement":[{"@type":"ListItem","position":1,"name":"Portada","item":"https:\/\/schoenstatt.com\/pt-pt\/home\/"},{"@type":"ListItem","position":2,"name":"A Presid\u00eancia Geral de Schoenstatt se re\u00fane em Belmonte"}]},{"@type":"WebSite","@id":"https:\/\/schoenstatt.com\/pt-pt\/#website","url":"https:\/\/schoenstatt.com\/pt-pt\/","name":"Schoenstatt","description":"Apostolic Movement","publisher":{"@id":"https:\/\/schoenstatt.com\/pt-pt\/#organization"},"potentialAction":[{"@type":"SearchAction","target":{"@type":"EntryPoint","urlTemplate":"https:\/\/schoenstatt.com\/pt-pt\/?s={search_term_string}"},"query-input":{"@type":"PropertyValueSpecification","valueRequired":true,"valueName":"search_term_string"}}],"inLanguage":"pt-PT"},{"@type":"Organization","@id":"https:\/\/schoenstatt.com\/pt-pt\/#organization","name":"Schoenstatt","url":"https:\/\/schoenstatt.com\/pt-pt\/","logo":{"@type":"ImageObject","inLanguage":"pt-PT","@id":"https:\/\/schoenstatt.com\/pt-pt\/#\/schema\/logo\/image\/","url":"https:\/\/schoenstatt.com\/wp-content\/uploads\/2025\/04\/logo-schoenstatt-white-696x696-1.png","contentUrl":"https:\/\/schoenstatt.com\/wp-content\/uploads\/2025\/04\/logo-schoenstatt-white-696x696-1.png","width":696,"height":694,"caption":"Schoenstatt"},"image":{"@id":"https:\/\/schoenstatt.com\/pt-pt\/#\/schema\/logo\/image\/"}},{"@type":"Person","@id":"https:\/\/schoenstatt.com\/pt-pt\/#\/schema\/person\/5158877ad4acae98b34daaeef2a1ce6e","name":"Karen Bueno","image":{"@type":"ImageObject","inLanguage":"pt-PT","@id":"https:\/\/secure.gravatar.com\/avatar\/f9f4b823873154269d2b2130f195f6d41037dd0d7fc5f3cacb5c846bae70d66b?s=96&d=mm&r=g","url":"https:\/\/secure.gravatar.com\/avatar\/f9f4b823873154269d2b2130f195f6d41037dd0d7fc5f3cacb5c846bae70d66b?s=96&d=mm&r=g","contentUrl":"https:\/\/secure.gravatar.com\/avatar\/f9f4b823873154269d2b2130f195f6d41037dd0d7fc5f3cacb5c846bae70d66b?s=96&d=mm&r=g","caption":"Karen Bueno"},"url":"https:\/\/schoenstatt.com\/pt-pt\/author\/karen-bueno\/"}]}},"_links":{"self":[{"href":"https:\/\/schoenstatt.com\/pt-pt\/wp-json\/wp\/v2\/posts\/59453","targetHints":{"allow":["GET"]}}],"collection":[{"href":"https:\/\/schoenstatt.com\/pt-pt\/wp-json\/wp\/v2\/posts"}],"about":[{"href":"https:\/\/schoenstatt.com\/pt-pt\/wp-json\/wp\/v2\/types\/post"}],"author":[{"embeddable":true,"href":"https:\/\/schoenstatt.com\/pt-pt\/wp-json\/wp\/v2\/users\/3"}],"replies":[{"embeddable":true,"href":"https:\/\/schoenstatt.com\/pt-pt\/wp-json\/wp\/v2\/comments?post=59453"}],"version-history":[{"count":2,"href":"https:\/\/schoenstatt.com\/pt-pt\/wp-json\/wp\/v2\/posts\/59453\/revisions"}],"predecessor-version":[{"id":59470,"href":"https:\/\/schoenstatt.com\/pt-pt\/wp-json\/wp\/v2\/posts\/59453\/revisions\/59470"}],"wp:featuredmedia":[{"embeddable":true,"href":"https:\/\/schoenstatt.com\/pt-pt\/wp-json\/wp\/v2\/media\/59454"}],"wp:attachment":[{"href":"https:\/\/schoenstatt.com\/pt-pt\/wp-json\/wp\/v2\/media?parent=59453"}],"wp:term":[{"taxonomy":"category","embeddable":true,"href":"https:\/\/schoenstatt.com\/pt-pt\/wp-json\/wp\/v2\/categories?post=59453"},{"taxonomy":"post_tag","embeddable":true,"href":"https:\/\/schoenstatt.com\/pt-pt\/wp-json\/wp\/v2\/tags?post=59453"}],"curies":[{"name":"wp","href":"https:\/\/api.w.org\/{rel}","templated":true}]}}