{"id":59395,"date":"2025-06-04T03:03:00","date_gmt":"2025-06-04T01:03:00","guid":{"rendered":"https:\/\/schoenstatt.com\/?p=59395"},"modified":"2025-06-03T21:33:26","modified_gmt":"2025-06-03T19:33:26","slug":"movimento-de-schoenstatt-celebra-25-anos-na-diocese-de-chiclayo-peru","status":"publish","type":"post","link":"https:\/\/schoenstatt.com\/pt-pt\/movimento-de-schoenstatt-celebra-25-anos-na-diocese-de-chiclayo-peru\/","title":{"rendered":"Movimento de Schoenstatt celebra 25 anos na Diocese de Chiclayo\/Peru"},"content":{"rendered":"\n<p>H\u00e1 menos de um m\u00eas, o mundo todo voltou os olhos especificamente para este lugar no mapa: <a href=\"https:\/\/maps.app.goo.gl\/BD9fjDvm3eN7oY819\" target=\"_blank\" rel=\"noreferrer noopener\">Chiclayo, no Peru<\/a>. Todos queriam saber como e onde era o local de onde chegava o novo pont\u00edfice eleito, o Papa Le\u00e3o XIV. Tamb\u00e9m a Fam\u00edlia Internacional de Schoenstatt ficou atenta a este lugar e desejava descobrir se havia schoenstattianos neste canto especial da Am\u00e9rica do Sul.<\/p>\n\n\n\n<p>Em Chiclayo encontramos uma <a href=\"https:\/\/schoenstatt.com\/pt-pt\/o-papa-leao-xiv-e-schoenstatt\/\">Fam\u00edlia de Schoenstatt<\/a> viva, ativa e mission\u00e1ria, com integrantes da Campanha da M\u00e3e Peregrina, da Liga das M\u00e3es e v\u00e1rios sacerdotes diocesanos que selaram a Alian\u00e7a de Amor.<\/p>\n\n\n\n<h3 class=\"wp-block-heading\" id=\"h-25-anos-de-historia\">25 anos de hist\u00f3ria<\/h3>\n\n\n\n<p>H\u00e1 poucos dias da elei\u00e7\u00e3o do Papa, a Fam\u00edlia de Schoenstatt de Chiclayo se re\u00fane para celebrar sua hist\u00f3ria. No domingo, dia 25 de maio, uma celebra\u00e7\u00e3o solene marcou os 25 anos do Movimento Apost\u00f3lico de Schoenstatt presente na diocese.<\/p>\n\n\n\n<p>Justamente no altar onde o Papa Le\u00e3o XIV celebrou tantas vezes, na Catedral de Santa Maria, sede da Diocese, os integrantes do Movimento de Schoenstatt se reuniram \u00e0 noite.<\/p>\n\n\n\n<figure class=\"wp-block-image aligncenter size-full\"><img fetchpriority=\"high\" decoding=\"async\" width=\"1600\" height=\"900\" src=\"https:\/\/schoenstatt.com\/wp-content\/uploads\/2025\/06\/chiclayo-peru.jpg\" alt=\"\" class=\"wp-image-59378\" srcset=\"https:\/\/schoenstatt.com\/wp-content\/uploads\/2025\/06\/chiclayo-peru.jpg 1600w, https:\/\/schoenstatt.com\/wp-content\/uploads\/2025\/06\/chiclayo-peru-768x432.jpg 768w, https:\/\/schoenstatt.com\/wp-content\/uploads\/2025\/06\/chiclayo-peru-1536x864.jpg 1536w\" sizes=\"(max-width: 1600px) 100vw, 1600px\" \/><\/figure>\n\n\n\n<p>A missa foi presidida pelo vig\u00e1rio diocesano, Pe. Jorge Villegas. A homilia foi conduzida pelo coordenador nacional do Movimento de Schoenstatt no Peru, o Pe. Eduardo Auza. Concelebraram diversos sacerdotes que j\u00e1 selaram a Alian\u00e7a de Amor.<\/p>\n\n\n\n<h3 class=\"wp-block-heading\" id=\"h-ser-construtores-da-paz-como-o-papa-leao\">Ser construtores da paz, como o Papa Le\u00e3o<\/h3>\n\n\n\n<p>Na homilia, o Pe. Eduardo se diz feliz pela oportunidade de ser o primeiro Padre de Schoenstatt a celebrar na catedral de origem do Papa.<em> \u201cQuero aproveitar esta bela oportunidade para saudar- vos. N\u00e3o sou peruano, sou equatoriano e vivo na Diocese de Guayaquil, por isso, quero saudar-vos e felicitar-vos por terem um Papa peruano\u201d<\/em>, diz ele, arrancando palmas da comunidade.<\/p>\n\n\n\n<figure class=\"wp-block-image aligncenter size-full\"><img decoding=\"async\" width=\"1280\" height=\"976\" src=\"https:\/\/schoenstatt.com\/wp-content\/uploads\/2025\/06\/Father-Eduardo-Auza-Chiclayo-Peru.jpg\" alt=\"\" class=\"wp-image-59383\" srcset=\"https:\/\/schoenstatt.com\/wp-content\/uploads\/2025\/06\/Father-Eduardo-Auza-Chiclayo-Peru.jpg 1280w, https:\/\/schoenstatt.com\/wp-content\/uploads\/2025\/06\/Father-Eduardo-Auza-Chiclayo-Peru-768x586.jpg 768w\" sizes=\"(max-width: 1280px) 100vw, 1280px\" \/><\/figure>\n\n\n\n<p>Pe. Eduardo fala sobre o ano da esperan\u00e7a e aborda com \u00eanfase a paz, que foi tema do discurso inicial do Papa Le\u00e3o XIV.<em> \u201cPara n\u00f3s, crist\u00e3os, a paz n\u00e3o \u00e9 apenas a aus\u00eancia de guerras, de problemas, n\u00e3o \u00e9 viver na passividade total, n\u00e3o \u00e9 sair de f\u00e9rias e ficar numa rede ou numa cadeira de praia\u2026 O que Jesus nos diz hoje \u00e9 que temos que ser construtores da paz. \u00c9 uma paz que, dizia o Papa Le\u00e3o XIV, serve para construir pontes. \u00c9 uma paz que tem de ser mission\u00e1ria. \u00c9 uma paz que tem de ser desarmante e desarmada. \u00c9 uma paz que olha para Maria.\u201d<\/em><\/p>\n\n\n\n<h3 class=\"wp-block-heading\" id=\"h-esta-diocese-mais-do-que-todas-tem-que-se-lancar\">Esta Diocese, mais do que todas, tem que se lan\u00e7ar<\/h3>\n\n\n\n<p>Ao falar sobre as tr\u00eas gra\u00e7as do Santu\u00e1rio de Schoenstatt, o coordenador do Movimento diz que a M\u00e3e nos oferece a fecundidade apost\u00f3lica <em>\u201cpara que n\u00e3o adorme\u00e7amos, porque a esperan\u00e7a n\u00e3o se espera\u201d. <\/em>Ele explica: <em>\u201c\u00c0s vezes, fala-se da esperan\u00e7a como quem espera o \u00f4nibus passar. A esperan\u00e7a \u00e9 um compromisso com o mundo. A paz \u00e9 um compromisso com o mundo. E n\u00f3s queremos promover muito isso em toda a Igreja, especialmente nesta diocese. Ela tem que se lan\u00e7ar pela paz. Tem que se lan\u00e7ar para criar pontes. Tem que se lan\u00e7ar para ser mission\u00e1ria, para ter uma piedade mariana l\u00facida que nos leve sempre ao encontro de Cristo\u201d.<\/em><\/p>\n\n\n\n<figure class=\"wp-block-image aligncenter size-full is-resized\"><img decoding=\"async\" width=\"707\" height=\"1267\" src=\"https:\/\/schoenstatt.com\/wp-content\/uploads\/2025\/06\/chiclayo-peru-2.jpg\" alt=\"\" class=\"wp-image-59388\" style=\"width:503px\"\/><\/figure>\n\n\n\n<p>Pe. Eduardo, celebrando as bodas de prata da presen\u00e7a de Schoenstatt na Diocese, diz:<em> \u201cEla (Maria) vem at\u00e9 n\u00f3s todos os dias para nos trazer seu Filho Jesus. Ela quer fazer do meu cora\u00e7\u00e3o um belo lugar. Maria, a Virgem de Schoenstatt, que h\u00e1 25 anos peregrina nesta diocese, quer seguir peregrinando nas casas, nos hospitais, nos semin\u00e1rios, nas pris\u00f5es\u2026 para levar esta mensagem t\u00e3o importante de que tanto precisamos. E damos gra\u00e7as a Deus, ent\u00e3o, para que possamos louv\u00e1-Lo pelos s\u00e9culos que vir\u00e3o. Am\u00e9m.\u201d<\/em><\/p>\n","protected":false},"excerpt":{"rendered":"<p>Schoenstatt completa 25 anos na Diocese de onde vem o novo Papa e uma celebra\u00e7\u00e3o especial marcou o jubileu.<\/p>\n","protected":false},"author":3,"featured_media":59376,"comment_status":"closed","ping_status":"closed","sticky":false,"template":"","format":"standard","meta":{"footnotes":""},"categories":[625],"tags":[],"class_list":["post-59395","post","type-post","status-publish","format-standard","has-post-thumbnail","hentry","category-america-pt-pt"],"yoast_head":"<!-- This site is optimized with the Yoast SEO Premium plugin v27.4 (Yoast SEO v27.4) - https:\/\/yoast.com\/product\/yoast-seo-premium-wordpress\/ -->\n<title>Movimento de Schoenstatt celebra 25 anos na Diocese de Chiclayo\/Peru<\/title>\n<meta name=\"description\" content=\"Schoenstatt completa 25 anos na Diocese de onde vem o novo Papa e uma celebra\u00e7\u00e3o especial marcou o jubileu.\" \/>\n<meta name=\"robots\" content=\"index, follow, max-snippet:-1, max-image-preview:large, max-video-preview:-1\" \/>\n<link rel=\"canonical\" href=\"https:\/\/schoenstatt.com\/pt-pt\/movimento-de-schoenstatt-celebra-25-anos-na-diocese-de-chiclayo-peru\/\" \/>\n<meta property=\"og:locale\" content=\"pt_PT\" \/>\n<meta property=\"og:type\" content=\"article\" \/>\n<meta property=\"og:title\" content=\"Movimento de Schoenstatt celebra 25 anos na Diocese de Chiclayo\/Peru\" \/>\n<meta property=\"og:description\" content=\"Schoenstatt completa 25 anos na Diocese de onde vem o novo Papa e uma celebra\u00e7\u00e3o especial marcou o jubileu.\" \/>\n<meta property=\"og:url\" content=\"https:\/\/schoenstatt.com\/pt-pt\/movimento-de-schoenstatt-celebra-25-anos-na-diocese-de-chiclayo-peru\/\" \/>\n<meta property=\"og:site_name\" content=\"Schoenstatt\" \/>\n<meta property=\"article:published_time\" content=\"2025-06-04T01:03:00+00:00\" \/>\n<meta property=\"og:image\" content=\"https:\/\/schoenstatt.com\/wp-content\/uploads\/2025\/06\/Schoenstatt-Chiclayo-Peru.jpg\" \/>\n\t<meta property=\"og:image:width\" content=\"2048\" \/>\n\t<meta property=\"og:image:height\" content=\"920\" \/>\n\t<meta property=\"og:image:type\" content=\"image\/jpeg\" \/>\n<meta name=\"author\" content=\"Karen Bueno\" \/>\n<meta name=\"twitter:card\" content=\"summary_large_image\" \/>\n<meta name=\"twitter:label1\" content=\"Escrito por\" \/>\n\t<meta name=\"twitter:data1\" content=\"Karen Bueno\" \/>\n\t<meta name=\"twitter:label2\" content=\"Tempo estimado de leitura\" \/>\n\t<meta name=\"twitter:data2\" content=\"5 minutos\" \/>\n<script type=\"application\/ld+json\" class=\"yoast-schema-graph\">{\"@context\":\"https:\\\/\\\/schema.org\",\"@graph\":[{\"@type\":\"Article\",\"@id\":\"https:\\\/\\\/schoenstatt.com\\\/pt-pt\\\/movimento-de-schoenstatt-celebra-25-anos-na-diocese-de-chiclayo-peru\\\/#article\",\"isPartOf\":{\"@id\":\"https:\\\/\\\/schoenstatt.com\\\/pt-pt\\\/movimento-de-schoenstatt-celebra-25-anos-na-diocese-de-chiclayo-peru\\\/\"},\"author\":{\"name\":\"Karen Bueno\",\"@id\":\"https:\\\/\\\/schoenstatt.com\\\/pt-pt\\\/#\\\/schema\\\/person\\\/5158877ad4acae98b34daaeef2a1ce6e\"},\"headline\":\"Movimento de Schoenstatt celebra 25 anos na Diocese de Chiclayo\\\/Peru\",\"datePublished\":\"2025-06-04T01:03:00+00:00\",\"mainEntityOfPage\":{\"@id\":\"https:\\\/\\\/schoenstatt.com\\\/pt-pt\\\/movimento-de-schoenstatt-celebra-25-anos-na-diocese-de-chiclayo-peru\\\/\"},\"wordCount\":650,\"publisher\":{\"@id\":\"https:\\\/\\\/schoenstatt.com\\\/pt-pt\\\/#organization\"},\"image\":{\"@id\":\"https:\\\/\\\/schoenstatt.com\\\/pt-pt\\\/movimento-de-schoenstatt-celebra-25-anos-na-diocese-de-chiclayo-peru\\\/#primaryimage\"},\"thumbnailUrl\":\"https:\\\/\\\/schoenstatt.com\\\/wp-content\\\/uploads\\\/2025\\\/06\\\/Schoenstatt-Chiclayo-Peru.jpg\",\"articleSection\":[\"Am\u00e9rica\"],\"inLanguage\":\"pt-PT\"},{\"@type\":\"WebPage\",\"@id\":\"https:\\\/\\\/schoenstatt.com\\\/pt-pt\\\/movimento-de-schoenstatt-celebra-25-anos-na-diocese-de-chiclayo-peru\\\/\",\"url\":\"https:\\\/\\\/schoenstatt.com\\\/pt-pt\\\/movimento-de-schoenstatt-celebra-25-anos-na-diocese-de-chiclayo-peru\\\/\",\"name\":\"Movimento de Schoenstatt celebra 25 anos na Diocese de Chiclayo\\\/Peru\",\"isPartOf\":{\"@id\":\"https:\\\/\\\/schoenstatt.com\\\/pt-pt\\\/#website\"},\"primaryImageOfPage\":{\"@id\":\"https:\\\/\\\/schoenstatt.com\\\/pt-pt\\\/movimento-de-schoenstatt-celebra-25-anos-na-diocese-de-chiclayo-peru\\\/#primaryimage\"},\"image\":{\"@id\":\"https:\\\/\\\/schoenstatt.com\\\/pt-pt\\\/movimento-de-schoenstatt-celebra-25-anos-na-diocese-de-chiclayo-peru\\\/#primaryimage\"},\"thumbnailUrl\":\"https:\\\/\\\/schoenstatt.com\\\/wp-content\\\/uploads\\\/2025\\\/06\\\/Schoenstatt-Chiclayo-Peru.jpg\",\"datePublished\":\"2025-06-04T01:03:00+00:00\",\"description\":\"Schoenstatt completa 25 anos na Diocese de onde vem o novo Papa e uma celebra\u00e7\u00e3o especial marcou o jubileu.\",\"breadcrumb\":{\"@id\":\"https:\\\/\\\/schoenstatt.com\\\/pt-pt\\\/movimento-de-schoenstatt-celebra-25-anos-na-diocese-de-chiclayo-peru\\\/#breadcrumb\"},\"inLanguage\":\"pt-PT\",\"potentialAction\":[{\"@type\":\"ReadAction\",\"target\":[\"https:\\\/\\\/schoenstatt.com\\\/pt-pt\\\/movimento-de-schoenstatt-celebra-25-anos-na-diocese-de-chiclayo-peru\\\/\"]}]},{\"@type\":\"ImageObject\",\"inLanguage\":\"pt-PT\",\"@id\":\"https:\\\/\\\/schoenstatt.com\\\/pt-pt\\\/movimento-de-schoenstatt-celebra-25-anos-na-diocese-de-chiclayo-peru\\\/#primaryimage\",\"url\":\"https:\\\/\\\/schoenstatt.com\\\/wp-content\\\/uploads\\\/2025\\\/06\\\/Schoenstatt-Chiclayo-Peru.jpg\",\"contentUrl\":\"https:\\\/\\\/schoenstatt.com\\\/wp-content\\\/uploads\\\/2025\\\/06\\\/Schoenstatt-Chiclayo-Peru.jpg\",\"width\":2048,\"height\":920},{\"@type\":\"BreadcrumbList\",\"@id\":\"https:\\\/\\\/schoenstatt.com\\\/pt-pt\\\/movimento-de-schoenstatt-celebra-25-anos-na-diocese-de-chiclayo-peru\\\/#breadcrumb\",\"itemListElement\":[{\"@type\":\"ListItem\",\"position\":1,\"name\":\"Portada\",\"item\":\"https:\\\/\\\/schoenstatt.com\\\/pt-pt\\\/home\\\/\"},{\"@type\":\"ListItem\",\"position\":2,\"name\":\"Movimento de Schoenstatt celebra 25 anos na Diocese de Chiclayo\\\/Peru\"}]},{\"@type\":\"WebSite\",\"@id\":\"https:\\\/\\\/schoenstatt.com\\\/pt-pt\\\/#website\",\"url\":\"https:\\\/\\\/schoenstatt.com\\\/pt-pt\\\/\",\"name\":\"Schoenstatt\",\"description\":\"Apostolic Movement\",\"publisher\":{\"@id\":\"https:\\\/\\\/schoenstatt.com\\\/pt-pt\\\/#organization\"},\"potentialAction\":[{\"@type\":\"SearchAction\",\"target\":{\"@type\":\"EntryPoint\",\"urlTemplate\":\"https:\\\/\\\/schoenstatt.com\\\/pt-pt\\\/?s={search_term_string}\"},\"query-input\":{\"@type\":\"PropertyValueSpecification\",\"valueRequired\":true,\"valueName\":\"search_term_string\"}}],\"inLanguage\":\"pt-PT\"},{\"@type\":\"Organization\",\"@id\":\"https:\\\/\\\/schoenstatt.com\\\/pt-pt\\\/#organization\",\"name\":\"Schoenstatt\",\"url\":\"https:\\\/\\\/schoenstatt.com\\\/pt-pt\\\/\",\"logo\":{\"@type\":\"ImageObject\",\"inLanguage\":\"pt-PT\",\"@id\":\"https:\\\/\\\/schoenstatt.com\\\/pt-pt\\\/#\\\/schema\\\/logo\\\/image\\\/\",\"url\":\"https:\\\/\\\/schoenstatt.com\\\/wp-content\\\/uploads\\\/2025\\\/04\\\/logo-schoenstatt-white-696x696-1.png\",\"contentUrl\":\"https:\\\/\\\/schoenstatt.com\\\/wp-content\\\/uploads\\\/2025\\\/04\\\/logo-schoenstatt-white-696x696-1.png\",\"width\":696,\"height\":694,\"caption\":\"Schoenstatt\"},\"image\":{\"@id\":\"https:\\\/\\\/schoenstatt.com\\\/pt-pt\\\/#\\\/schema\\\/logo\\\/image\\\/\"}},{\"@type\":\"Person\",\"@id\":\"https:\\\/\\\/schoenstatt.com\\\/pt-pt\\\/#\\\/schema\\\/person\\\/5158877ad4acae98b34daaeef2a1ce6e\",\"name\":\"Karen Bueno\",\"image\":{\"@type\":\"ImageObject\",\"inLanguage\":\"pt-PT\",\"@id\":\"https:\\\/\\\/secure.gravatar.com\\\/avatar\\\/f9f4b823873154269d2b2130f195f6d41037dd0d7fc5f3cacb5c846bae70d66b?s=96&d=mm&r=g\",\"url\":\"https:\\\/\\\/secure.gravatar.com\\\/avatar\\\/f9f4b823873154269d2b2130f195f6d41037dd0d7fc5f3cacb5c846bae70d66b?s=96&d=mm&r=g\",\"contentUrl\":\"https:\\\/\\\/secure.gravatar.com\\\/avatar\\\/f9f4b823873154269d2b2130f195f6d41037dd0d7fc5f3cacb5c846bae70d66b?s=96&d=mm&r=g\",\"caption\":\"Karen Bueno\"},\"url\":\"https:\\\/\\\/schoenstatt.com\\\/pt-pt\\\/author\\\/karen-bueno\\\/\"}]}<\/script>\n<!-- \/ Yoast SEO Premium plugin. -->","yoast_head_json":{"title":"Movimento de Schoenstatt celebra 25 anos na Diocese de Chiclayo\/Peru","description":"Schoenstatt completa 25 anos na Diocese de onde vem o novo Papa e uma celebra\u00e7\u00e3o especial marcou o jubileu.","robots":{"index":"index","follow":"follow","max-snippet":"max-snippet:-1","max-image-preview":"max-image-preview:large","max-video-preview":"max-video-preview:-1"},"canonical":"https:\/\/schoenstatt.com\/pt-pt\/movimento-de-schoenstatt-celebra-25-anos-na-diocese-de-chiclayo-peru\/","og_locale":"pt_PT","og_type":"article","og_title":"Movimento de Schoenstatt celebra 25 anos na Diocese de Chiclayo\/Peru","og_description":"Schoenstatt completa 25 anos na Diocese de onde vem o novo Papa e uma celebra\u00e7\u00e3o especial marcou o jubileu.","og_url":"https:\/\/schoenstatt.com\/pt-pt\/movimento-de-schoenstatt-celebra-25-anos-na-diocese-de-chiclayo-peru\/","og_site_name":"Schoenstatt","article_published_time":"2025-06-04T01:03:00+00:00","og_image":[{"width":2048,"height":920,"url":"https:\/\/schoenstatt.com\/wp-content\/uploads\/2025\/06\/Schoenstatt-Chiclayo-Peru.jpg","type":"image\/jpeg"}],"author":"Karen Bueno","twitter_card":"summary_large_image","twitter_misc":{"Escrito por":"Karen Bueno","Tempo estimado de leitura":"5 minutos"},"schema":{"@context":"https:\/\/schema.org","@graph":[{"@type":"Article","@id":"https:\/\/schoenstatt.com\/pt-pt\/movimento-de-schoenstatt-celebra-25-anos-na-diocese-de-chiclayo-peru\/#article","isPartOf":{"@id":"https:\/\/schoenstatt.com\/pt-pt\/movimento-de-schoenstatt-celebra-25-anos-na-diocese-de-chiclayo-peru\/"},"author":{"name":"Karen Bueno","@id":"https:\/\/schoenstatt.com\/pt-pt\/#\/schema\/person\/5158877ad4acae98b34daaeef2a1ce6e"},"headline":"Movimento de Schoenstatt celebra 25 anos na Diocese de Chiclayo\/Peru","datePublished":"2025-06-04T01:03:00+00:00","mainEntityOfPage":{"@id":"https:\/\/schoenstatt.com\/pt-pt\/movimento-de-schoenstatt-celebra-25-anos-na-diocese-de-chiclayo-peru\/"},"wordCount":650,"publisher":{"@id":"https:\/\/schoenstatt.com\/pt-pt\/#organization"},"image":{"@id":"https:\/\/schoenstatt.com\/pt-pt\/movimento-de-schoenstatt-celebra-25-anos-na-diocese-de-chiclayo-peru\/#primaryimage"},"thumbnailUrl":"https:\/\/schoenstatt.com\/wp-content\/uploads\/2025\/06\/Schoenstatt-Chiclayo-Peru.jpg","articleSection":["Am\u00e9rica"],"inLanguage":"pt-PT"},{"@type":"WebPage","@id":"https:\/\/schoenstatt.com\/pt-pt\/movimento-de-schoenstatt-celebra-25-anos-na-diocese-de-chiclayo-peru\/","url":"https:\/\/schoenstatt.com\/pt-pt\/movimento-de-schoenstatt-celebra-25-anos-na-diocese-de-chiclayo-peru\/","name":"Movimento de Schoenstatt celebra 25 anos na Diocese de Chiclayo\/Peru","isPartOf":{"@id":"https:\/\/schoenstatt.com\/pt-pt\/#website"},"primaryImageOfPage":{"@id":"https:\/\/schoenstatt.com\/pt-pt\/movimento-de-schoenstatt-celebra-25-anos-na-diocese-de-chiclayo-peru\/#primaryimage"},"image":{"@id":"https:\/\/schoenstatt.com\/pt-pt\/movimento-de-schoenstatt-celebra-25-anos-na-diocese-de-chiclayo-peru\/#primaryimage"},"thumbnailUrl":"https:\/\/schoenstatt.com\/wp-content\/uploads\/2025\/06\/Schoenstatt-Chiclayo-Peru.jpg","datePublished":"2025-06-04T01:03:00+00:00","description":"Schoenstatt completa 25 anos na Diocese de onde vem o novo Papa e uma celebra\u00e7\u00e3o especial marcou o jubileu.","breadcrumb":{"@id":"https:\/\/schoenstatt.com\/pt-pt\/movimento-de-schoenstatt-celebra-25-anos-na-diocese-de-chiclayo-peru\/#breadcrumb"},"inLanguage":"pt-PT","potentialAction":[{"@type":"ReadAction","target":["https:\/\/schoenstatt.com\/pt-pt\/movimento-de-schoenstatt-celebra-25-anos-na-diocese-de-chiclayo-peru\/"]}]},{"@type":"ImageObject","inLanguage":"pt-PT","@id":"https:\/\/schoenstatt.com\/pt-pt\/movimento-de-schoenstatt-celebra-25-anos-na-diocese-de-chiclayo-peru\/#primaryimage","url":"https:\/\/schoenstatt.com\/wp-content\/uploads\/2025\/06\/Schoenstatt-Chiclayo-Peru.jpg","contentUrl":"https:\/\/schoenstatt.com\/wp-content\/uploads\/2025\/06\/Schoenstatt-Chiclayo-Peru.jpg","width":2048,"height":920},{"@type":"BreadcrumbList","@id":"https:\/\/schoenstatt.com\/pt-pt\/movimento-de-schoenstatt-celebra-25-anos-na-diocese-de-chiclayo-peru\/#breadcrumb","itemListElement":[{"@type":"ListItem","position":1,"name":"Portada","item":"https:\/\/schoenstatt.com\/pt-pt\/home\/"},{"@type":"ListItem","position":2,"name":"Movimento de Schoenstatt celebra 25 anos na Diocese de Chiclayo\/Peru"}]},{"@type":"WebSite","@id":"https:\/\/schoenstatt.com\/pt-pt\/#website","url":"https:\/\/schoenstatt.com\/pt-pt\/","name":"Schoenstatt","description":"Apostolic Movement","publisher":{"@id":"https:\/\/schoenstatt.com\/pt-pt\/#organization"},"potentialAction":[{"@type":"SearchAction","target":{"@type":"EntryPoint","urlTemplate":"https:\/\/schoenstatt.com\/pt-pt\/?s={search_term_string}"},"query-input":{"@type":"PropertyValueSpecification","valueRequired":true,"valueName":"search_term_string"}}],"inLanguage":"pt-PT"},{"@type":"Organization","@id":"https:\/\/schoenstatt.com\/pt-pt\/#organization","name":"Schoenstatt","url":"https:\/\/schoenstatt.com\/pt-pt\/","logo":{"@type":"ImageObject","inLanguage":"pt-PT","@id":"https:\/\/schoenstatt.com\/pt-pt\/#\/schema\/logo\/image\/","url":"https:\/\/schoenstatt.com\/wp-content\/uploads\/2025\/04\/logo-schoenstatt-white-696x696-1.png","contentUrl":"https:\/\/schoenstatt.com\/wp-content\/uploads\/2025\/04\/logo-schoenstatt-white-696x696-1.png","width":696,"height":694,"caption":"Schoenstatt"},"image":{"@id":"https:\/\/schoenstatt.com\/pt-pt\/#\/schema\/logo\/image\/"}},{"@type":"Person","@id":"https:\/\/schoenstatt.com\/pt-pt\/#\/schema\/person\/5158877ad4acae98b34daaeef2a1ce6e","name":"Karen Bueno","image":{"@type":"ImageObject","inLanguage":"pt-PT","@id":"https:\/\/secure.gravatar.com\/avatar\/f9f4b823873154269d2b2130f195f6d41037dd0d7fc5f3cacb5c846bae70d66b?s=96&d=mm&r=g","url":"https:\/\/secure.gravatar.com\/avatar\/f9f4b823873154269d2b2130f195f6d41037dd0d7fc5f3cacb5c846bae70d66b?s=96&d=mm&r=g","contentUrl":"https:\/\/secure.gravatar.com\/avatar\/f9f4b823873154269d2b2130f195f6d41037dd0d7fc5f3cacb5c846bae70d66b?s=96&d=mm&r=g","caption":"Karen Bueno"},"url":"https:\/\/schoenstatt.com\/pt-pt\/author\/karen-bueno\/"}]}},"_links":{"self":[{"href":"https:\/\/schoenstatt.com\/pt-pt\/wp-json\/wp\/v2\/posts\/59395","targetHints":{"allow":["GET"]}}],"collection":[{"href":"https:\/\/schoenstatt.com\/pt-pt\/wp-json\/wp\/v2\/posts"}],"about":[{"href":"https:\/\/schoenstatt.com\/pt-pt\/wp-json\/wp\/v2\/types\/post"}],"author":[{"embeddable":true,"href":"https:\/\/schoenstatt.com\/pt-pt\/wp-json\/wp\/v2\/users\/3"}],"replies":[{"embeddable":true,"href":"https:\/\/schoenstatt.com\/pt-pt\/wp-json\/wp\/v2\/comments?post=59395"}],"version-history":[{"count":5,"href":"https:\/\/schoenstatt.com\/pt-pt\/wp-json\/wp\/v2\/posts\/59395\/revisions"}],"predecessor-version":[{"id":59401,"href":"https:\/\/schoenstatt.com\/pt-pt\/wp-json\/wp\/v2\/posts\/59395\/revisions\/59401"}],"wp:featuredmedia":[{"embeddable":true,"href":"https:\/\/schoenstatt.com\/pt-pt\/wp-json\/wp\/v2\/media\/59376"}],"wp:attachment":[{"href":"https:\/\/schoenstatt.com\/pt-pt\/wp-json\/wp\/v2\/media?parent=59395"}],"wp:term":[{"taxonomy":"category","embeddable":true,"href":"https:\/\/schoenstatt.com\/pt-pt\/wp-json\/wp\/v2\/categories?post=59395"},{"taxonomy":"post_tag","embeddable":true,"href":"https:\/\/schoenstatt.com\/pt-pt\/wp-json\/wp\/v2\/tags?post=59395"}],"curies":[{"name":"wp","href":"https:\/\/api.w.org\/{rel}","templated":true}]}}