{"id":58882,"date":"2025-05-31T03:03:00","date_gmt":"2025-05-31T01:03:00","guid":{"rendered":"https:\/\/schoenstatt.com\/?p=58882"},"modified":"2025-08-15T19:33:21","modified_gmt":"2025-08-15T17:33:21","slug":"epistola-perlonga-e-publicada-pela-primeira-vez-em-espanhol","status":"publish","type":"post","link":"https:\/\/schoenstatt.com\/pt-pt\/epistola-perlonga-e-publicada-pela-primeira-vez-em-espanhol\/","title":{"rendered":"Ep\u00edstola Perlonga \u00e9 publicada pela primeira vez em espanhol"},"content":{"rendered":"\n<p>Neste s\u00e1bado, 31 de maio de 2025, a Editora Nueva Patris apresenta o livro \u201cEp\u00edstola Perlonga. Carta Resposta do Pe. Kentenich ao Relat\u00f3rio da Visita\u00e7\u00e3o Episcopal de 1949\u201d, que corresponde ao Tomo 1 da Edi\u00e7\u00e3o de Estudos 5 dos Documentos sobre a Hist\u00f3ria do Movimento Apost\u00f3lico de Schoenstatt. O livro \u00e9 resultado de um trabalho coordenado pelo Pe. Eduardo Aguirre.<\/p>\n\n\n\n<figure class=\"wp-block-image aligncenter size-full\"><img fetchpriority=\"high\" decoding=\"async\" width=\"1600\" height=\"884\" src=\"https:\/\/schoenstatt.com\/wp-content\/uploads\/2025\/05\/epistola-perlonga-2.jpg\" alt=\"\" class=\"wp-image-58871\" srcset=\"https:\/\/schoenstatt.com\/wp-content\/uploads\/2025\/05\/epistola-perlonga-2.jpg 1600w, https:\/\/schoenstatt.com\/wp-content\/uploads\/2025\/05\/epistola-perlonga-2-768x424.jpg 768w, https:\/\/schoenstatt.com\/wp-content\/uploads\/2025\/05\/epistola-perlonga-2-1536x849.jpg 1536w\" sizes=\"(max-width: 1600px) 100vw, 1600px\" \/><\/figure>\n\n\n\n<p>Este livro cont\u00e9m as duas primeiras partes da Epistola Perlonga ou carta de 31 de maio, escrita h\u00e1 76 anos pelo <a href=\"https:\/\/schoenstatt.com\/pt-pt\/sobre-schoenstatt\/fundador\/biografia-do-pe-jose-kentenich\/\">Pe. Jos\u00e9 Kentenich<\/a>, em resposta ao Relat\u00f3rio da Visita\u00e7\u00e3o Episcopal de 1949, onde apresenta o carisma e a pedagogia de Schoenstatt. A carta est\u00e1 associada \u00e0 data do terceiro marco de Schoenstatt porque a primeira parte foi deixada nesse dia no altar do ent\u00e3o rec\u00e9m-aben\u00e7oado Santu\u00e1rio de Bellavista, em Santiago do Chile.<\/p>\n\n\n\n<figure class=\"wp-block-image aligncenter size-full is-resized\"><img decoding=\"async\" width=\"1200\" height=\"1600\" src=\"https:\/\/schoenstatt.com\/wp-content\/uploads\/2025\/05\/epistola-perlonga.jpg\" alt=\"\" class=\"wp-image-58866\" style=\"width:500px\" srcset=\"https:\/\/schoenstatt.com\/wp-content\/uploads\/2025\/05\/epistola-perlonga.jpg 1200w, https:\/\/schoenstatt.com\/wp-content\/uploads\/2025\/05\/epistola-perlonga-768x1024.jpg 768w, https:\/\/schoenstatt.com\/wp-content\/uploads\/2025\/05\/epistola-perlonga-1152x1536.jpg 1152w\" sizes=\"(max-width: 1200px) 100vw, 1200px\" \/><figcaption class=\"wp-element-caption\">Livro sobre o altar do Santu\u00e1rio de Bellavista<\/figcaption><\/figure>\n\n\n\n<p>O volume 2 deste livro ser\u00e1 apresentado no segundo semestre deste ano e cont\u00e9m as \u00faltimas tr\u00eas partes da resposta.<\/p>\n\n\n\n<p>Hoje, pela primeira vez, esta carta \u00e9 publicada em espanhol, numa edi\u00e7\u00e3o hist\u00f3rica cr\u00edtica, que leva em conta a hist\u00f3ria da origem e do desenvolvimento do texto, investigando cuidadosamente as fontes utilizadas pelo Pe. Kentenich em suas cita\u00e7\u00f5es e refer\u00eancias. Isso foi poss\u00edvel gra\u00e7as ao trabalho dos acad\u00eamicos Manfred Gerwing e Joachim S\u00f6der.<\/p>\n\n\n\n<p><strong>Lan\u00e7amento do livro:<\/strong><\/p>\n\n\n\n<p>Epistola Perlonga<br>S\u00e1bado, 31 de maio de 2025<br>12h (Chile)<br>Ao vivo pelo <a href=\"https:\/\/www.youtube.com\/NuevaPatris\" target=\"_blank\" rel=\"noreferrer noopener\">YouTube.com\/NuevaPatris<\/a><br>Site da editora: <a href=\"https:\/\/www.patris.cl\/\" target=\"_blank\" rel=\"noreferrer noopener\">patris.cl<\/a><\/p>\n","protected":false},"excerpt":{"rendered":"<p>Neste s\u00e1bado, a Editora Nueva Patris apresenta o livro \u201cEpistola Perlonga\u201d \u2013 A carta do Pe. Kentenich em uma edi\u00e7\u00e3o hist\u00f3rico-cr\u00edtica.<\/p>\n","protected":false},"author":3,"featured_media":58871,"comment_status":"closed","ping_status":"closed","sticky":false,"template":"","format":"standard","meta":{"footnotes":""},"categories":[880],"tags":[409,1160,187],"class_list":["post-58882","post","type-post","status-publish","format-standard","has-post-thumbnail","hentry","category-pe-jose-kentenich-pt-pt","tag-padre-jose-kentenich-pt-pt","tag-padres-de-schoenstatt-pt-pt","tag-schoenstatt-chile-pt-pt"],"yoast_head":"<!-- This site is optimized with the Yoast SEO Premium plugin v27.4 (Yoast SEO v27.4) - https:\/\/yoast.com\/product\/yoast-seo-premium-wordpress\/ -->\n<title>Ep\u00edstola Perlonga \u00e9 publicada pela primeira vez em espanhol - Schoenstatt<\/title>\n<meta name=\"description\" content=\"Neste s\u00e1bado, a Editora Nueva Patris apresenta o livro \u201cEpistola Perlonga\u201d \u2013 A carta do Pe. Kentenich em uma edi\u00e7\u00e3o hist\u00f3rico-cr\u00edtica.\" \/>\n<meta name=\"robots\" content=\"index, follow, max-snippet:-1, max-image-preview:large, max-video-preview:-1\" \/>\n<link rel=\"canonical\" href=\"https:\/\/schoenstatt.com\/pt-pt\/epistola-perlonga-e-publicada-pela-primeira-vez-em-espanhol\/\" \/>\n<meta property=\"og:locale\" content=\"pt_PT\" \/>\n<meta property=\"og:type\" content=\"article\" \/>\n<meta property=\"og:title\" content=\"Ep\u00edstola Perlonga \u00e9 publicada pela primeira vez em espanhol\" \/>\n<meta property=\"og:description\" content=\"Neste s\u00e1bado, a Editora Nueva Patris apresenta o livro \u201cEpistola Perlonga\u201d \u2013 A carta do Pe. Kentenich em uma edi\u00e7\u00e3o hist\u00f3rico-cr\u00edtica.\" \/>\n<meta property=\"og:url\" content=\"https:\/\/schoenstatt.com\/pt-pt\/epistola-perlonga-e-publicada-pela-primeira-vez-em-espanhol\/\" \/>\n<meta property=\"og:site_name\" content=\"Schoenstatt\" \/>\n<meta property=\"article:published_time\" content=\"2025-05-31T01:03:00+00:00\" \/>\n<meta property=\"article:modified_time\" content=\"2025-08-15T17:33:21+00:00\" \/>\n<meta property=\"og:image\" content=\"https:\/\/schoenstatt.com\/wp-content\/uploads\/2025\/05\/epistola-perlonga-2.jpg\" \/>\n\t<meta property=\"og:image:width\" content=\"1600\" \/>\n\t<meta property=\"og:image:height\" content=\"884\" \/>\n\t<meta property=\"og:image:type\" content=\"image\/jpeg\" \/>\n<meta name=\"author\" content=\"Karen Bueno\" \/>\n<meta name=\"twitter:card\" content=\"summary_large_image\" \/>\n<meta name=\"twitter:label1\" content=\"Escrito por\" \/>\n\t<meta name=\"twitter:data1\" content=\"Karen Bueno\" \/>\n\t<meta name=\"twitter:label2\" content=\"Tempo estimado de leitura\" \/>\n\t<meta name=\"twitter:data2\" content=\"2 minutos\" \/>\n<script type=\"application\/ld+json\" class=\"yoast-schema-graph\">{\"@context\":\"https:\\\/\\\/schema.org\",\"@graph\":[{\"@type\":\"Article\",\"@id\":\"https:\\\/\\\/schoenstatt.com\\\/pt-pt\\\/epistola-perlonga-e-publicada-pela-primeira-vez-em-espanhol\\\/#article\",\"isPartOf\":{\"@id\":\"https:\\\/\\\/schoenstatt.com\\\/pt-pt\\\/epistola-perlonga-e-publicada-pela-primeira-vez-em-espanhol\\\/\"},\"author\":{\"name\":\"Karen Bueno\",\"@id\":\"https:\\\/\\\/schoenstatt.com\\\/pt-pt\\\/#\\\/schema\\\/person\\\/5158877ad4acae98b34daaeef2a1ce6e\"},\"headline\":\"Ep\u00edstola Perlonga \u00e9 publicada pela primeira vez em espanhol\",\"datePublished\":\"2025-05-31T01:03:00+00:00\",\"dateModified\":\"2025-08-15T17:33:21+00:00\",\"mainEntityOfPage\":{\"@id\":\"https:\\\/\\\/schoenstatt.com\\\/pt-pt\\\/epistola-perlonga-e-publicada-pela-primeira-vez-em-espanhol\\\/\"},\"wordCount\":261,\"publisher\":{\"@id\":\"https:\\\/\\\/schoenstatt.com\\\/pt-pt\\\/#organization\"},\"image\":{\"@id\":\"https:\\\/\\\/schoenstatt.com\\\/pt-pt\\\/epistola-perlonga-e-publicada-pela-primeira-vez-em-espanhol\\\/#primaryimage\"},\"thumbnailUrl\":\"https:\\\/\\\/schoenstatt.com\\\/wp-content\\\/uploads\\\/2025\\\/05\\\/epistola-perlonga-2.jpg\",\"keywords\":[\"Padre Jos\u00e9 Kentenich\",\"Padres de Schoenstatt\",\"Schoenstatt Chile\"],\"articleSection\":[\"Pe. Jos\u00e9 Kentenich\"],\"inLanguage\":\"pt-PT\"},{\"@type\":\"WebPage\",\"@id\":\"https:\\\/\\\/schoenstatt.com\\\/pt-pt\\\/epistola-perlonga-e-publicada-pela-primeira-vez-em-espanhol\\\/\",\"url\":\"https:\\\/\\\/schoenstatt.com\\\/pt-pt\\\/epistola-perlonga-e-publicada-pela-primeira-vez-em-espanhol\\\/\",\"name\":\"Ep\u00edstola Perlonga \u00e9 publicada pela primeira vez em espanhol - Schoenstatt\",\"isPartOf\":{\"@id\":\"https:\\\/\\\/schoenstatt.com\\\/pt-pt\\\/#website\"},\"primaryImageOfPage\":{\"@id\":\"https:\\\/\\\/schoenstatt.com\\\/pt-pt\\\/epistola-perlonga-e-publicada-pela-primeira-vez-em-espanhol\\\/#primaryimage\"},\"image\":{\"@id\":\"https:\\\/\\\/schoenstatt.com\\\/pt-pt\\\/epistola-perlonga-e-publicada-pela-primeira-vez-em-espanhol\\\/#primaryimage\"},\"thumbnailUrl\":\"https:\\\/\\\/schoenstatt.com\\\/wp-content\\\/uploads\\\/2025\\\/05\\\/epistola-perlonga-2.jpg\",\"datePublished\":\"2025-05-31T01:03:00+00:00\",\"dateModified\":\"2025-08-15T17:33:21+00:00\",\"description\":\"Neste s\u00e1bado, a Editora Nueva Patris apresenta o livro \u201cEpistola Perlonga\u201d \u2013 A carta do Pe. Kentenich em uma edi\u00e7\u00e3o hist\u00f3rico-cr\u00edtica.\",\"breadcrumb\":{\"@id\":\"https:\\\/\\\/schoenstatt.com\\\/pt-pt\\\/epistola-perlonga-e-publicada-pela-primeira-vez-em-espanhol\\\/#breadcrumb\"},\"inLanguage\":\"pt-PT\",\"potentialAction\":[{\"@type\":\"ReadAction\",\"target\":[\"https:\\\/\\\/schoenstatt.com\\\/pt-pt\\\/epistola-perlonga-e-publicada-pela-primeira-vez-em-espanhol\\\/\"]}]},{\"@type\":\"ImageObject\",\"inLanguage\":\"pt-PT\",\"@id\":\"https:\\\/\\\/schoenstatt.com\\\/pt-pt\\\/epistola-perlonga-e-publicada-pela-primeira-vez-em-espanhol\\\/#primaryimage\",\"url\":\"https:\\\/\\\/schoenstatt.com\\\/wp-content\\\/uploads\\\/2025\\\/05\\\/epistola-perlonga-2.jpg\",\"contentUrl\":\"https:\\\/\\\/schoenstatt.com\\\/wp-content\\\/uploads\\\/2025\\\/05\\\/epistola-perlonga-2.jpg\",\"width\":1600,\"height\":884},{\"@type\":\"BreadcrumbList\",\"@id\":\"https:\\\/\\\/schoenstatt.com\\\/pt-pt\\\/epistola-perlonga-e-publicada-pela-primeira-vez-em-espanhol\\\/#breadcrumb\",\"itemListElement\":[{\"@type\":\"ListItem\",\"position\":1,\"name\":\"Portada\",\"item\":\"https:\\\/\\\/schoenstatt.com\\\/pt-pt\\\/home\\\/\"},{\"@type\":\"ListItem\",\"position\":2,\"name\":\"Ep\u00edstola Perlonga \u00e9 publicada pela primeira vez em espanhol\"}]},{\"@type\":\"WebSite\",\"@id\":\"https:\\\/\\\/schoenstatt.com\\\/pt-pt\\\/#website\",\"url\":\"https:\\\/\\\/schoenstatt.com\\\/pt-pt\\\/\",\"name\":\"Schoenstatt\",\"description\":\"Apostolic Movement\",\"publisher\":{\"@id\":\"https:\\\/\\\/schoenstatt.com\\\/pt-pt\\\/#organization\"},\"potentialAction\":[{\"@type\":\"SearchAction\",\"target\":{\"@type\":\"EntryPoint\",\"urlTemplate\":\"https:\\\/\\\/schoenstatt.com\\\/pt-pt\\\/?s={search_term_string}\"},\"query-input\":{\"@type\":\"PropertyValueSpecification\",\"valueRequired\":true,\"valueName\":\"search_term_string\"}}],\"inLanguage\":\"pt-PT\"},{\"@type\":\"Organization\",\"@id\":\"https:\\\/\\\/schoenstatt.com\\\/pt-pt\\\/#organization\",\"name\":\"Schoenstatt\",\"url\":\"https:\\\/\\\/schoenstatt.com\\\/pt-pt\\\/\",\"logo\":{\"@type\":\"ImageObject\",\"inLanguage\":\"pt-PT\",\"@id\":\"https:\\\/\\\/schoenstatt.com\\\/pt-pt\\\/#\\\/schema\\\/logo\\\/image\\\/\",\"url\":\"https:\\\/\\\/schoenstatt.com\\\/wp-content\\\/uploads\\\/2025\\\/04\\\/logo-schoenstatt-white-696x696-1.png\",\"contentUrl\":\"https:\\\/\\\/schoenstatt.com\\\/wp-content\\\/uploads\\\/2025\\\/04\\\/logo-schoenstatt-white-696x696-1.png\",\"width\":696,\"height\":694,\"caption\":\"Schoenstatt\"},\"image\":{\"@id\":\"https:\\\/\\\/schoenstatt.com\\\/pt-pt\\\/#\\\/schema\\\/logo\\\/image\\\/\"}},{\"@type\":\"Person\",\"@id\":\"https:\\\/\\\/schoenstatt.com\\\/pt-pt\\\/#\\\/schema\\\/person\\\/5158877ad4acae98b34daaeef2a1ce6e\",\"name\":\"Karen Bueno\",\"image\":{\"@type\":\"ImageObject\",\"inLanguage\":\"pt-PT\",\"@id\":\"https:\\\/\\\/secure.gravatar.com\\\/avatar\\\/f9f4b823873154269d2b2130f195f6d41037dd0d7fc5f3cacb5c846bae70d66b?s=96&d=mm&r=g\",\"url\":\"https:\\\/\\\/secure.gravatar.com\\\/avatar\\\/f9f4b823873154269d2b2130f195f6d41037dd0d7fc5f3cacb5c846bae70d66b?s=96&d=mm&r=g\",\"contentUrl\":\"https:\\\/\\\/secure.gravatar.com\\\/avatar\\\/f9f4b823873154269d2b2130f195f6d41037dd0d7fc5f3cacb5c846bae70d66b?s=96&d=mm&r=g\",\"caption\":\"Karen Bueno\"},\"url\":\"https:\\\/\\\/schoenstatt.com\\\/pt-pt\\\/author\\\/karen-bueno\\\/\"}]}<\/script>\n<!-- \/ Yoast SEO Premium plugin. -->","yoast_head_json":{"title":"Ep\u00edstola Perlonga \u00e9 publicada pela primeira vez em espanhol - Schoenstatt","description":"Neste s\u00e1bado, a Editora Nueva Patris apresenta o livro \u201cEpistola Perlonga\u201d \u2013 A carta do Pe. Kentenich em uma edi\u00e7\u00e3o hist\u00f3rico-cr\u00edtica.","robots":{"index":"index","follow":"follow","max-snippet":"max-snippet:-1","max-image-preview":"max-image-preview:large","max-video-preview":"max-video-preview:-1"},"canonical":"https:\/\/schoenstatt.com\/pt-pt\/epistola-perlonga-e-publicada-pela-primeira-vez-em-espanhol\/","og_locale":"pt_PT","og_type":"article","og_title":"Ep\u00edstola Perlonga \u00e9 publicada pela primeira vez em espanhol","og_description":"Neste s\u00e1bado, a Editora Nueva Patris apresenta o livro \u201cEpistola Perlonga\u201d \u2013 A carta do Pe. Kentenich em uma edi\u00e7\u00e3o hist\u00f3rico-cr\u00edtica.","og_url":"https:\/\/schoenstatt.com\/pt-pt\/epistola-perlonga-e-publicada-pela-primeira-vez-em-espanhol\/","og_site_name":"Schoenstatt","article_published_time":"2025-05-31T01:03:00+00:00","article_modified_time":"2025-08-15T17:33:21+00:00","og_image":[{"width":1600,"height":884,"url":"https:\/\/schoenstatt.com\/wp-content\/uploads\/2025\/05\/epistola-perlonga-2.jpg","type":"image\/jpeg"}],"author":"Karen Bueno","twitter_card":"summary_large_image","twitter_misc":{"Escrito por":"Karen Bueno","Tempo estimado de leitura":"2 minutos"},"schema":{"@context":"https:\/\/schema.org","@graph":[{"@type":"Article","@id":"https:\/\/schoenstatt.com\/pt-pt\/epistola-perlonga-e-publicada-pela-primeira-vez-em-espanhol\/#article","isPartOf":{"@id":"https:\/\/schoenstatt.com\/pt-pt\/epistola-perlonga-e-publicada-pela-primeira-vez-em-espanhol\/"},"author":{"name":"Karen Bueno","@id":"https:\/\/schoenstatt.com\/pt-pt\/#\/schema\/person\/5158877ad4acae98b34daaeef2a1ce6e"},"headline":"Ep\u00edstola Perlonga \u00e9 publicada pela primeira vez em espanhol","datePublished":"2025-05-31T01:03:00+00:00","dateModified":"2025-08-15T17:33:21+00:00","mainEntityOfPage":{"@id":"https:\/\/schoenstatt.com\/pt-pt\/epistola-perlonga-e-publicada-pela-primeira-vez-em-espanhol\/"},"wordCount":261,"publisher":{"@id":"https:\/\/schoenstatt.com\/pt-pt\/#organization"},"image":{"@id":"https:\/\/schoenstatt.com\/pt-pt\/epistola-perlonga-e-publicada-pela-primeira-vez-em-espanhol\/#primaryimage"},"thumbnailUrl":"https:\/\/schoenstatt.com\/wp-content\/uploads\/2025\/05\/epistola-perlonga-2.jpg","keywords":["Padre Jos\u00e9 Kentenich","Padres de Schoenstatt","Schoenstatt Chile"],"articleSection":["Pe. Jos\u00e9 Kentenich"],"inLanguage":"pt-PT"},{"@type":"WebPage","@id":"https:\/\/schoenstatt.com\/pt-pt\/epistola-perlonga-e-publicada-pela-primeira-vez-em-espanhol\/","url":"https:\/\/schoenstatt.com\/pt-pt\/epistola-perlonga-e-publicada-pela-primeira-vez-em-espanhol\/","name":"Ep\u00edstola Perlonga \u00e9 publicada pela primeira vez em espanhol - Schoenstatt","isPartOf":{"@id":"https:\/\/schoenstatt.com\/pt-pt\/#website"},"primaryImageOfPage":{"@id":"https:\/\/schoenstatt.com\/pt-pt\/epistola-perlonga-e-publicada-pela-primeira-vez-em-espanhol\/#primaryimage"},"image":{"@id":"https:\/\/schoenstatt.com\/pt-pt\/epistola-perlonga-e-publicada-pela-primeira-vez-em-espanhol\/#primaryimage"},"thumbnailUrl":"https:\/\/schoenstatt.com\/wp-content\/uploads\/2025\/05\/epistola-perlonga-2.jpg","datePublished":"2025-05-31T01:03:00+00:00","dateModified":"2025-08-15T17:33:21+00:00","description":"Neste s\u00e1bado, a Editora Nueva Patris apresenta o livro \u201cEpistola Perlonga\u201d \u2013 A carta do Pe. Kentenich em uma edi\u00e7\u00e3o hist\u00f3rico-cr\u00edtica.","breadcrumb":{"@id":"https:\/\/schoenstatt.com\/pt-pt\/epistola-perlonga-e-publicada-pela-primeira-vez-em-espanhol\/#breadcrumb"},"inLanguage":"pt-PT","potentialAction":[{"@type":"ReadAction","target":["https:\/\/schoenstatt.com\/pt-pt\/epistola-perlonga-e-publicada-pela-primeira-vez-em-espanhol\/"]}]},{"@type":"ImageObject","inLanguage":"pt-PT","@id":"https:\/\/schoenstatt.com\/pt-pt\/epistola-perlonga-e-publicada-pela-primeira-vez-em-espanhol\/#primaryimage","url":"https:\/\/schoenstatt.com\/wp-content\/uploads\/2025\/05\/epistola-perlonga-2.jpg","contentUrl":"https:\/\/schoenstatt.com\/wp-content\/uploads\/2025\/05\/epistola-perlonga-2.jpg","width":1600,"height":884},{"@type":"BreadcrumbList","@id":"https:\/\/schoenstatt.com\/pt-pt\/epistola-perlonga-e-publicada-pela-primeira-vez-em-espanhol\/#breadcrumb","itemListElement":[{"@type":"ListItem","position":1,"name":"Portada","item":"https:\/\/schoenstatt.com\/pt-pt\/home\/"},{"@type":"ListItem","position":2,"name":"Ep\u00edstola Perlonga \u00e9 publicada pela primeira vez em espanhol"}]},{"@type":"WebSite","@id":"https:\/\/schoenstatt.com\/pt-pt\/#website","url":"https:\/\/schoenstatt.com\/pt-pt\/","name":"Schoenstatt","description":"Apostolic Movement","publisher":{"@id":"https:\/\/schoenstatt.com\/pt-pt\/#organization"},"potentialAction":[{"@type":"SearchAction","target":{"@type":"EntryPoint","urlTemplate":"https:\/\/schoenstatt.com\/pt-pt\/?s={search_term_string}"},"query-input":{"@type":"PropertyValueSpecification","valueRequired":true,"valueName":"search_term_string"}}],"inLanguage":"pt-PT"},{"@type":"Organization","@id":"https:\/\/schoenstatt.com\/pt-pt\/#organization","name":"Schoenstatt","url":"https:\/\/schoenstatt.com\/pt-pt\/","logo":{"@type":"ImageObject","inLanguage":"pt-PT","@id":"https:\/\/schoenstatt.com\/pt-pt\/#\/schema\/logo\/image\/","url":"https:\/\/schoenstatt.com\/wp-content\/uploads\/2025\/04\/logo-schoenstatt-white-696x696-1.png","contentUrl":"https:\/\/schoenstatt.com\/wp-content\/uploads\/2025\/04\/logo-schoenstatt-white-696x696-1.png","width":696,"height":694,"caption":"Schoenstatt"},"image":{"@id":"https:\/\/schoenstatt.com\/pt-pt\/#\/schema\/logo\/image\/"}},{"@type":"Person","@id":"https:\/\/schoenstatt.com\/pt-pt\/#\/schema\/person\/5158877ad4acae98b34daaeef2a1ce6e","name":"Karen Bueno","image":{"@type":"ImageObject","inLanguage":"pt-PT","@id":"https:\/\/secure.gravatar.com\/avatar\/f9f4b823873154269d2b2130f195f6d41037dd0d7fc5f3cacb5c846bae70d66b?s=96&d=mm&r=g","url":"https:\/\/secure.gravatar.com\/avatar\/f9f4b823873154269d2b2130f195f6d41037dd0d7fc5f3cacb5c846bae70d66b?s=96&d=mm&r=g","contentUrl":"https:\/\/secure.gravatar.com\/avatar\/f9f4b823873154269d2b2130f195f6d41037dd0d7fc5f3cacb5c846bae70d66b?s=96&d=mm&r=g","caption":"Karen Bueno"},"url":"https:\/\/schoenstatt.com\/pt-pt\/author\/karen-bueno\/"}]}},"_links":{"self":[{"href":"https:\/\/schoenstatt.com\/pt-pt\/wp-json\/wp\/v2\/posts\/58882","targetHints":{"allow":["GET"]}}],"collection":[{"href":"https:\/\/schoenstatt.com\/pt-pt\/wp-json\/wp\/v2\/posts"}],"about":[{"href":"https:\/\/schoenstatt.com\/pt-pt\/wp-json\/wp\/v2\/types\/post"}],"author":[{"embeddable":true,"href":"https:\/\/schoenstatt.com\/pt-pt\/wp-json\/wp\/v2\/users\/3"}],"replies":[{"embeddable":true,"href":"https:\/\/schoenstatt.com\/pt-pt\/wp-json\/wp\/v2\/comments?post=58882"}],"version-history":[{"count":6,"href":"https:\/\/schoenstatt.com\/pt-pt\/wp-json\/wp\/v2\/posts\/58882\/revisions"}],"predecessor-version":[{"id":61891,"href":"https:\/\/schoenstatt.com\/pt-pt\/wp-json\/wp\/v2\/posts\/58882\/revisions\/61891"}],"wp:featuredmedia":[{"embeddable":true,"href":"https:\/\/schoenstatt.com\/pt-pt\/wp-json\/wp\/v2\/media\/58871"}],"wp:attachment":[{"href":"https:\/\/schoenstatt.com\/pt-pt\/wp-json\/wp\/v2\/media?parent=58882"}],"wp:term":[{"taxonomy":"category","embeddable":true,"href":"https:\/\/schoenstatt.com\/pt-pt\/wp-json\/wp\/v2\/categories?post=58882"},{"taxonomy":"post_tag","embeddable":true,"href":"https:\/\/schoenstatt.com\/pt-pt\/wp-json\/wp\/v2\/tags?post=58882"}],"curies":[{"name":"wp","href":"https:\/\/api.w.org\/{rel}","templated":true}]}}