{"id":58681,"date":"2025-05-29T14:53:34","date_gmt":"2025-05-29T12:53:34","guid":{"rendered":"https:\/\/schoenstatt.com\/?p=58681"},"modified":"2025-08-21T04:03:55","modified_gmt":"2025-08-21T02:03:55","slug":"todos-juntos-em-roma-peregrinacao-da-familia-de-schoenstatt","status":"publish","type":"post","link":"https:\/\/schoenstatt.com\/pt-pt\/todos-juntos-em-roma-peregrinacao-da-familia-de-schoenstatt\/","title":{"rendered":"Todos juntos em Roma: Peregrina\u00e7\u00e3o da Fam\u00edlia de Schoenstatt"},"content":{"rendered":"\n<p>Todos os integrantes do Movimento Apost\u00f3lico de Schoenstatt que estar\u00e3o em Roma na Solenidade de Pentecostes est\u00e3o convidados a peregrinarem juntos para o momento de ora\u00e7\u00e3o e vig\u00edlia com o Santo Padre. Na carta da Coordena\u00e7\u00e3o Internacional, o Pe. Arkadiusz Sosna explica os detalhes:<\/p>\n\n\n\n<div style=\"height:30px\" aria-hidden=\"true\" class=\"wp-block-spacer\"><\/div>\n\n\n\n<hr class=\"wp-block-separator has-text-color has-alpha-channel-opacity has-background\" style=\"background-color:#d96f0d;color:#d96f0d\"\/>\n\n\n\n<div style=\"height:30px\" aria-hidden=\"true\" class=\"wp-block-spacer\"><\/div>\n\n\n\n<h3 class=\"wp-block-heading has-text-align-center\" id=\"h-peregrinacao-da-familia-de-schoenstatt-roma-7-de-junho-de-2025\">Peregrina\u00e7\u00e3o da Fam\u00edlia de Schoenstatt \u2013 Roma, 7 de junho de 2025<\/h3>\n\n\n\n<blockquote class=\"wp-block-quote is-layout-flow wp-block-quote-is-layout-flow\">\n<p><strong>Unidos como peregrinos da esperan\u00e7a, como Fam\u00edlia de Schoenstatt, nos encontraremos na v\u00e9spera da festa de Pentecostes, no dia 7 de junho de 2025, na Pra\u00e7a de S\u00e3o Pedro, em Roma.<\/strong><\/p>\n\n\n\n<p>Este encontro acontece no \u00e2mbito da Celebra\u00e7\u00e3o Jubilar dos Movimentos, Associa\u00e7\u00f5es e Novas Comunidades.<\/p>\n\n\n\n<p>Queremos fazer parte desta grande fam\u00edlia carism\u00e1tica da Igreja e encontrar-nos com o Santo Padre Le\u00e3o XIV.<\/p>\n\n\n\n<p>Convido cordialmente a participar da peregrina\u00e7\u00e3o pelas ruas de Roma, que terminar\u00e1 na Pra\u00e7a de S\u00e3o Pedro com a vig\u00edlia de Pentecostes. \u00c9 poss\u00edvel participar de todas as etapas da peregrina\u00e7\u00e3o ou juntar-se a ela em qualquer uma dessas etapas. O convite \u00e9 dirigido tanto a grupos organizados quanto a peregrinos individuais.<\/p>\n<\/blockquote>\n\n\n\n<hr class=\"wp-block-separator has-text-color has-alpha-channel-opacity has-background is-style-dots\" style=\"background-color:#d96f0d;color:#d96f0d\"\/>\n\n\n\n<blockquote class=\"wp-block-quote is-layout-flow wp-block-quote-is-layout-flow\">\n<p class=\"has-text-align-center\"><strong>Peregrina\u00e7\u00e3o da Fam\u00edlia de Schoenstatt<\/strong><\/p>\n\n\n\n<p><strong>Data: <\/strong>7 de junho de 2025<\/p>\n\n\n\n<p><strong>Percurso da peregrina\u00e7\u00e3o:<\/strong><\/p>\n\n\n\n<p><strong>Esta\u00e7\u00e3o 1:<\/strong><br><em>Chiesa Parrocchiale dei Santi Francesco e Caterina Patroni d\u2019Italia (Igreja Paroquial dos Santos Francisco e Catarina, Padroeiros da It\u00e1lia)<\/em><br>Endere\u00e7o: Circonvallazione Gianicolense 10<br>Hor\u00e1rio: 15h \u2013 Ora\u00e7\u00e3o na igreja, seguida de caminhada at\u00e9 a Piazza S. Vincenzo Pallotti<br>Dist\u00e2ncia: 2,5 km, aproximadamente 40 minutos<\/p>\n\n\n\n<p><strong>Esta\u00e7\u00e3o 2:<\/strong><br><em>Chiesa di San Salvatore in Onda (Igreja de S\u00e3o Salvador em Onda)<br><\/em>Endere\u00e7o: Pra\u00e7a S. Vincenzo Pallotti<br>Hor\u00e1rio: 15h50 \u2013 Visita \u00e0 igreja, ora\u00e7\u00e3o no t\u00famulo de S\u00e3o Vicente Pallotti, depois peregrina\u00e7\u00e3o \u00e0s 16h15 em dire\u00e7\u00e3o \u00e0 Pra\u00e7a de S\u00e3o Pedro<br>Dist\u00e2ncia: 1,8 km, aproximadamente 25 minutos<\/p>\n\n\n\n<p><strong>Esta\u00e7\u00e3o 3:<\/strong><br><em>Piazza del Sant&#8217;Uffizio<br><\/em>Hor\u00e1rio: 16h45 \u2013 Encontro como Fam\u00edlia de Schoenstatt, entrada conjunta na Pra\u00e7a de S\u00e3o Pedro \u00e0s 17h<br>Observa\u00e7\u00e3o: Neste ponto se unir\u00e3o os grupos de peregrinos provenientes do Santu\u00e1rio Cor Ecclesiae, bem como outros peregrinos individuais.<\/p>\n<\/blockquote>\n\n\n\n<hr class=\"wp-block-separator has-text-color has-alpha-channel-opacity has-background is-style-dots\" style=\"background-color:#d96f0d;color:#d96f0d\"\/>\n\n\n\n<blockquote class=\"wp-block-quote is-layout-flow wp-block-quote-is-layout-flow\">\n<p><strong>Nota:<br><\/strong>Todos os peregrinos do Movimento de Schoenstatt est\u00e3o convidados, na medida do poss\u00edvel, a participar juntos do encontro de ora\u00e7\u00e3o dos Movimentos com o Santo Padre.<\/p>\n\n\n\n<p>Convido cordialmente a participar e pe\u00e7o que tragam bandeiras, len\u00e7os e outros s\u00edmbolos de Schoenstatt.<\/p>\n\n\n\n<p>Solicito uma breve confirma\u00e7\u00e3o dos grupos que planejam participar da peregrina\u00e7\u00e3o de Trastevere at\u00e9 a Pra\u00e7a de S\u00e3o Pedro.<\/p>\n\n\n\n<p>Para as confirma\u00e7\u00f5es, para qualquer informa\u00e7\u00e3o ou consulta, escreva para: coordination@schoenstatt.com<\/p>\n\n\n\n<p><strong>Nos vemos em breve na peregrina\u00e7\u00e3o em Roma!<\/strong><\/p>\n\n\n\n<p><em>Pe. Arkadiusz Sosna, Coordena\u00e7\u00e3o Internacional<\/em><\/p>\n<\/blockquote>\n\n\n\n<hr class=\"wp-block-separator has-text-color has-alpha-channel-opacity has-background\" style=\"background-color:#d96f0d;color:#d96f0d\"\/>\n\n\n\n<div style=\"height:42px\" aria-hidden=\"true\" class=\"wp-block-spacer\"><\/div>\n\n\n\n<p><strong>Baixe a carta em outros idiomas:<\/strong><\/p>\n\n\n\n<p>&#8211; <a href=\"https:\/\/schoenstatt.com\/wp-content\/uploads\/2025\/05\/EN-Pilgrimage-of-the-Schoenstatt-Family.pdf\" target=\"_blank\" rel=\"noreferrer noopener\">Ingl\u00eas<\/a><\/p>\n\n\n\n<p>&#8211; <a href=\"https:\/\/schoenstatt.com\/wp-content\/uploads\/2025\/05\/ES-Peregrinacion-de-la-Familia-de-Schoenstatt.pdf\" target=\"_blank\" rel=\"noreferrer noopener\">Espanhol<\/a><\/p>\n\n\n\n<p>&#8211; <a href=\"https:\/\/schoenstatt.com\/wp-content\/uploads\/2025\/05\/PT-Peregrinacao-da-Familia-de-Schoenstatt.pdf\" target=\"_blank\" rel=\"noreferrer noopener\">Portugu\u00eas<\/a><\/p>\n\n\n\n<p>&#8211; <a href=\"https:\/\/schoenstatt.com\/wp-content\/uploads\/2025\/05\/DE-Wallfahrt-der-Schonstattfamilie.pdf\" target=\"_blank\" rel=\"noreferrer noopener\">Alem\u00e3o<\/a><\/p>\n\n\n\n<p>&#8211; <a href=\"https:\/\/schoenstatt.com\/wp-content\/uploads\/2025\/05\/FR-Pelerinage-de-la-Famille-de-Schonstatt.pdf\" target=\"_blank\" rel=\"noreferrer noopener\">Franc\u00eas<\/a><\/p>\n\n\n\n<p>&#8211; <a href=\"https:\/\/schoenstatt.com\/wp-content\/uploads\/2025\/05\/PL-Pielgrzymka-Rodziny-Szensztackiej.pdf\" target=\"_blank\" rel=\"noreferrer noopener\">Polon\u00eas<\/a><\/p>\n","protected":false},"excerpt":{"rendered":"<p>Todos os schoenstattianos est\u00e3o convidados a se reunir e peregrinar juntos em Roma, no dia 7 de junho. Veja o roteiro!<\/p>\n","protected":false},"author":3,"featured_media":57864,"comment_status":"closed","ping_status":"closed","sticky":false,"template":"","format":"standard","meta":{"footnotes":""},"categories":[636,608],"tags":[1107],"class_list":["post-58681","post","type-post","status-publish","format-standard","has-post-thumbnail","hentry","category-eventos-pt-pt","category-igreja-pt-pt","tag-roma-pt-pt"],"yoast_head":"<!-- This site is optimized with the Yoast SEO Premium plugin v27.4 (Yoast SEO v27.4) - https:\/\/yoast.com\/product\/yoast-seo-premium-wordpress\/ -->\n<title>Todos juntos em Roma: Peregrina\u00e7\u00e3o da Fam\u00edlia de Schoenstatt - Schoenstatt<\/title>\n<meta name=\"description\" content=\"Todos os schoenstattianos est\u00e3o convidados a se reunir e peregrinar juntos em Roma, no dia 7 de junho. Veja o roteiro!\" \/>\n<meta name=\"robots\" content=\"index, follow, max-snippet:-1, max-image-preview:large, max-video-preview:-1\" \/>\n<link rel=\"canonical\" href=\"https:\/\/schoenstatt.com\/pt-pt\/todos-juntos-em-roma-peregrinacao-da-familia-de-schoenstatt\/\" \/>\n<meta property=\"og:locale\" content=\"pt_PT\" \/>\n<meta property=\"og:type\" content=\"article\" \/>\n<meta property=\"og:title\" content=\"Todos juntos em Roma: Peregrina\u00e7\u00e3o da Fam\u00edlia de Schoenstatt\" \/>\n<meta property=\"og:description\" content=\"Todos os schoenstattianos est\u00e3o convidados a se reunir e peregrinar juntos em Roma, no dia 7 de junho. Veja o roteiro!\" \/>\n<meta property=\"og:url\" content=\"https:\/\/schoenstatt.com\/pt-pt\/todos-juntos-em-roma-peregrinacao-da-familia-de-schoenstatt\/\" \/>\n<meta property=\"og:site_name\" content=\"Schoenstatt\" \/>\n<meta property=\"article:published_time\" content=\"2025-05-29T12:53:34+00:00\" \/>\n<meta property=\"article:modified_time\" content=\"2025-08-21T02:03:55+00:00\" \/>\n<meta property=\"og:image\" content=\"https:\/\/schoenstatt.com\/wp-content\/uploads\/2025\/05\/Vatican-Rome.jpg\" \/>\n\t<meta property=\"og:image:width\" content=\"1448\" \/>\n\t<meta property=\"og:image:height\" content=\"1086\" \/>\n\t<meta property=\"og:image:type\" content=\"image\/jpeg\" \/>\n<meta name=\"author\" content=\"Karen Bueno\" \/>\n<meta name=\"twitter:card\" content=\"summary_large_image\" \/>\n<meta name=\"twitter:label1\" content=\"Escrito por\" \/>\n\t<meta name=\"twitter:data1\" content=\"Karen Bueno\" \/>\n\t<meta name=\"twitter:label2\" content=\"Tempo estimado de leitura\" \/>\n\t<meta name=\"twitter:data2\" content=\"1 minuto\" \/>\n<script type=\"application\/ld+json\" class=\"yoast-schema-graph\">{\"@context\":\"https:\\\/\\\/schema.org\",\"@graph\":[{\"@type\":\"Article\",\"@id\":\"https:\\\/\\\/schoenstatt.com\\\/pt-pt\\\/todos-juntos-em-roma-peregrinacao-da-familia-de-schoenstatt\\\/#article\",\"isPartOf\":{\"@id\":\"https:\\\/\\\/schoenstatt.com\\\/pt-pt\\\/todos-juntos-em-roma-peregrinacao-da-familia-de-schoenstatt\\\/\"},\"author\":{\"name\":\"Karen Bueno\",\"@id\":\"https:\\\/\\\/schoenstatt.com\\\/pt-pt\\\/#\\\/schema\\\/person\\\/5158877ad4acae98b34daaeef2a1ce6e\"},\"headline\":\"Todos juntos em Roma: Peregrina\u00e7\u00e3o da Fam\u00edlia de Schoenstatt\",\"datePublished\":\"2025-05-29T12:53:34+00:00\",\"dateModified\":\"2025-08-21T02:03:55+00:00\",\"mainEntityOfPage\":{\"@id\":\"https:\\\/\\\/schoenstatt.com\\\/pt-pt\\\/todos-juntos-em-roma-peregrinacao-da-familia-de-schoenstatt\\\/\"},\"wordCount\":485,\"publisher\":{\"@id\":\"https:\\\/\\\/schoenstatt.com\\\/pt-pt\\\/#organization\"},\"image\":{\"@id\":\"https:\\\/\\\/schoenstatt.com\\\/pt-pt\\\/todos-juntos-em-roma-peregrinacao-da-familia-de-schoenstatt\\\/#primaryimage\"},\"thumbnailUrl\":\"https:\\\/\\\/schoenstatt.com\\\/wp-content\\\/uploads\\\/2025\\\/05\\\/Vatican-Rome.jpg\",\"keywords\":[\"Roma\"],\"articleSection\":[\"Eventos\",\"Igreja\"],\"inLanguage\":\"pt-PT\"},{\"@type\":\"WebPage\",\"@id\":\"https:\\\/\\\/schoenstatt.com\\\/pt-pt\\\/todos-juntos-em-roma-peregrinacao-da-familia-de-schoenstatt\\\/\",\"url\":\"https:\\\/\\\/schoenstatt.com\\\/pt-pt\\\/todos-juntos-em-roma-peregrinacao-da-familia-de-schoenstatt\\\/\",\"name\":\"Todos juntos em Roma: Peregrina\u00e7\u00e3o da Fam\u00edlia de Schoenstatt - Schoenstatt\",\"isPartOf\":{\"@id\":\"https:\\\/\\\/schoenstatt.com\\\/pt-pt\\\/#website\"},\"primaryImageOfPage\":{\"@id\":\"https:\\\/\\\/schoenstatt.com\\\/pt-pt\\\/todos-juntos-em-roma-peregrinacao-da-familia-de-schoenstatt\\\/#primaryimage\"},\"image\":{\"@id\":\"https:\\\/\\\/schoenstatt.com\\\/pt-pt\\\/todos-juntos-em-roma-peregrinacao-da-familia-de-schoenstatt\\\/#primaryimage\"},\"thumbnailUrl\":\"https:\\\/\\\/schoenstatt.com\\\/wp-content\\\/uploads\\\/2025\\\/05\\\/Vatican-Rome.jpg\",\"datePublished\":\"2025-05-29T12:53:34+00:00\",\"dateModified\":\"2025-08-21T02:03:55+00:00\",\"description\":\"Todos os schoenstattianos est\u00e3o convidados a se reunir e peregrinar juntos em Roma, no dia 7 de junho. Veja o roteiro!\",\"breadcrumb\":{\"@id\":\"https:\\\/\\\/schoenstatt.com\\\/pt-pt\\\/todos-juntos-em-roma-peregrinacao-da-familia-de-schoenstatt\\\/#breadcrumb\"},\"inLanguage\":\"pt-PT\",\"potentialAction\":[{\"@type\":\"ReadAction\",\"target\":[\"https:\\\/\\\/schoenstatt.com\\\/pt-pt\\\/todos-juntos-em-roma-peregrinacao-da-familia-de-schoenstatt\\\/\"]}]},{\"@type\":\"ImageObject\",\"inLanguage\":\"pt-PT\",\"@id\":\"https:\\\/\\\/schoenstatt.com\\\/pt-pt\\\/todos-juntos-em-roma-peregrinacao-da-familia-de-schoenstatt\\\/#primaryimage\",\"url\":\"https:\\\/\\\/schoenstatt.com\\\/wp-content\\\/uploads\\\/2025\\\/05\\\/Vatican-Rome.jpg\",\"contentUrl\":\"https:\\\/\\\/schoenstatt.com\\\/wp-content\\\/uploads\\\/2025\\\/05\\\/Vatican-Rome.jpg\",\"width\":1448,\"height\":1086},{\"@type\":\"BreadcrumbList\",\"@id\":\"https:\\\/\\\/schoenstatt.com\\\/pt-pt\\\/todos-juntos-em-roma-peregrinacao-da-familia-de-schoenstatt\\\/#breadcrumb\",\"itemListElement\":[{\"@type\":\"ListItem\",\"position\":1,\"name\":\"Portada\",\"item\":\"https:\\\/\\\/schoenstatt.com\\\/pt-pt\\\/home\\\/\"},{\"@type\":\"ListItem\",\"position\":2,\"name\":\"Todos juntos em Roma: Peregrina\u00e7\u00e3o da Fam\u00edlia de Schoenstatt\"}]},{\"@type\":\"WebSite\",\"@id\":\"https:\\\/\\\/schoenstatt.com\\\/pt-pt\\\/#website\",\"url\":\"https:\\\/\\\/schoenstatt.com\\\/pt-pt\\\/\",\"name\":\"Schoenstatt\",\"description\":\"Apostolic Movement\",\"publisher\":{\"@id\":\"https:\\\/\\\/schoenstatt.com\\\/pt-pt\\\/#organization\"},\"potentialAction\":[{\"@type\":\"SearchAction\",\"target\":{\"@type\":\"EntryPoint\",\"urlTemplate\":\"https:\\\/\\\/schoenstatt.com\\\/pt-pt\\\/?s={search_term_string}\"},\"query-input\":{\"@type\":\"PropertyValueSpecification\",\"valueRequired\":true,\"valueName\":\"search_term_string\"}}],\"inLanguage\":\"pt-PT\"},{\"@type\":\"Organization\",\"@id\":\"https:\\\/\\\/schoenstatt.com\\\/pt-pt\\\/#organization\",\"name\":\"Schoenstatt\",\"url\":\"https:\\\/\\\/schoenstatt.com\\\/pt-pt\\\/\",\"logo\":{\"@type\":\"ImageObject\",\"inLanguage\":\"pt-PT\",\"@id\":\"https:\\\/\\\/schoenstatt.com\\\/pt-pt\\\/#\\\/schema\\\/logo\\\/image\\\/\",\"url\":\"https:\\\/\\\/schoenstatt.com\\\/wp-content\\\/uploads\\\/2025\\\/04\\\/logo-schoenstatt-white-696x696-1.png\",\"contentUrl\":\"https:\\\/\\\/schoenstatt.com\\\/wp-content\\\/uploads\\\/2025\\\/04\\\/logo-schoenstatt-white-696x696-1.png\",\"width\":696,\"height\":694,\"caption\":\"Schoenstatt\"},\"image\":{\"@id\":\"https:\\\/\\\/schoenstatt.com\\\/pt-pt\\\/#\\\/schema\\\/logo\\\/image\\\/\"}},{\"@type\":\"Person\",\"@id\":\"https:\\\/\\\/schoenstatt.com\\\/pt-pt\\\/#\\\/schema\\\/person\\\/5158877ad4acae98b34daaeef2a1ce6e\",\"name\":\"Karen Bueno\",\"image\":{\"@type\":\"ImageObject\",\"inLanguage\":\"pt-PT\",\"@id\":\"https:\\\/\\\/secure.gravatar.com\\\/avatar\\\/f9f4b823873154269d2b2130f195f6d41037dd0d7fc5f3cacb5c846bae70d66b?s=96&d=mm&r=g\",\"url\":\"https:\\\/\\\/secure.gravatar.com\\\/avatar\\\/f9f4b823873154269d2b2130f195f6d41037dd0d7fc5f3cacb5c846bae70d66b?s=96&d=mm&r=g\",\"contentUrl\":\"https:\\\/\\\/secure.gravatar.com\\\/avatar\\\/f9f4b823873154269d2b2130f195f6d41037dd0d7fc5f3cacb5c846bae70d66b?s=96&d=mm&r=g\",\"caption\":\"Karen Bueno\"},\"url\":\"https:\\\/\\\/schoenstatt.com\\\/pt-pt\\\/author\\\/karen-bueno\\\/\"}]}<\/script>\n<!-- \/ Yoast SEO Premium plugin. -->","yoast_head_json":{"title":"Todos juntos em Roma: Peregrina\u00e7\u00e3o da Fam\u00edlia de Schoenstatt - Schoenstatt","description":"Todos os schoenstattianos est\u00e3o convidados a se reunir e peregrinar juntos em Roma, no dia 7 de junho. Veja o roteiro!","robots":{"index":"index","follow":"follow","max-snippet":"max-snippet:-1","max-image-preview":"max-image-preview:large","max-video-preview":"max-video-preview:-1"},"canonical":"https:\/\/schoenstatt.com\/pt-pt\/todos-juntos-em-roma-peregrinacao-da-familia-de-schoenstatt\/","og_locale":"pt_PT","og_type":"article","og_title":"Todos juntos em Roma: Peregrina\u00e7\u00e3o da Fam\u00edlia de Schoenstatt","og_description":"Todos os schoenstattianos est\u00e3o convidados a se reunir e peregrinar juntos em Roma, no dia 7 de junho. Veja o roteiro!","og_url":"https:\/\/schoenstatt.com\/pt-pt\/todos-juntos-em-roma-peregrinacao-da-familia-de-schoenstatt\/","og_site_name":"Schoenstatt","article_published_time":"2025-05-29T12:53:34+00:00","article_modified_time":"2025-08-21T02:03:55+00:00","og_image":[{"width":1448,"height":1086,"url":"https:\/\/schoenstatt.com\/wp-content\/uploads\/2025\/05\/Vatican-Rome.jpg","type":"image\/jpeg"}],"author":"Karen Bueno","twitter_card":"summary_large_image","twitter_misc":{"Escrito por":"Karen Bueno","Tempo estimado de leitura":"1 minuto"},"schema":{"@context":"https:\/\/schema.org","@graph":[{"@type":"Article","@id":"https:\/\/schoenstatt.com\/pt-pt\/todos-juntos-em-roma-peregrinacao-da-familia-de-schoenstatt\/#article","isPartOf":{"@id":"https:\/\/schoenstatt.com\/pt-pt\/todos-juntos-em-roma-peregrinacao-da-familia-de-schoenstatt\/"},"author":{"name":"Karen Bueno","@id":"https:\/\/schoenstatt.com\/pt-pt\/#\/schema\/person\/5158877ad4acae98b34daaeef2a1ce6e"},"headline":"Todos juntos em Roma: Peregrina\u00e7\u00e3o da Fam\u00edlia de Schoenstatt","datePublished":"2025-05-29T12:53:34+00:00","dateModified":"2025-08-21T02:03:55+00:00","mainEntityOfPage":{"@id":"https:\/\/schoenstatt.com\/pt-pt\/todos-juntos-em-roma-peregrinacao-da-familia-de-schoenstatt\/"},"wordCount":485,"publisher":{"@id":"https:\/\/schoenstatt.com\/pt-pt\/#organization"},"image":{"@id":"https:\/\/schoenstatt.com\/pt-pt\/todos-juntos-em-roma-peregrinacao-da-familia-de-schoenstatt\/#primaryimage"},"thumbnailUrl":"https:\/\/schoenstatt.com\/wp-content\/uploads\/2025\/05\/Vatican-Rome.jpg","keywords":["Roma"],"articleSection":["Eventos","Igreja"],"inLanguage":"pt-PT"},{"@type":"WebPage","@id":"https:\/\/schoenstatt.com\/pt-pt\/todos-juntos-em-roma-peregrinacao-da-familia-de-schoenstatt\/","url":"https:\/\/schoenstatt.com\/pt-pt\/todos-juntos-em-roma-peregrinacao-da-familia-de-schoenstatt\/","name":"Todos juntos em Roma: Peregrina\u00e7\u00e3o da Fam\u00edlia de Schoenstatt - Schoenstatt","isPartOf":{"@id":"https:\/\/schoenstatt.com\/pt-pt\/#website"},"primaryImageOfPage":{"@id":"https:\/\/schoenstatt.com\/pt-pt\/todos-juntos-em-roma-peregrinacao-da-familia-de-schoenstatt\/#primaryimage"},"image":{"@id":"https:\/\/schoenstatt.com\/pt-pt\/todos-juntos-em-roma-peregrinacao-da-familia-de-schoenstatt\/#primaryimage"},"thumbnailUrl":"https:\/\/schoenstatt.com\/wp-content\/uploads\/2025\/05\/Vatican-Rome.jpg","datePublished":"2025-05-29T12:53:34+00:00","dateModified":"2025-08-21T02:03:55+00:00","description":"Todos os schoenstattianos est\u00e3o convidados a se reunir e peregrinar juntos em Roma, no dia 7 de junho. Veja o roteiro!","breadcrumb":{"@id":"https:\/\/schoenstatt.com\/pt-pt\/todos-juntos-em-roma-peregrinacao-da-familia-de-schoenstatt\/#breadcrumb"},"inLanguage":"pt-PT","potentialAction":[{"@type":"ReadAction","target":["https:\/\/schoenstatt.com\/pt-pt\/todos-juntos-em-roma-peregrinacao-da-familia-de-schoenstatt\/"]}]},{"@type":"ImageObject","inLanguage":"pt-PT","@id":"https:\/\/schoenstatt.com\/pt-pt\/todos-juntos-em-roma-peregrinacao-da-familia-de-schoenstatt\/#primaryimage","url":"https:\/\/schoenstatt.com\/wp-content\/uploads\/2025\/05\/Vatican-Rome.jpg","contentUrl":"https:\/\/schoenstatt.com\/wp-content\/uploads\/2025\/05\/Vatican-Rome.jpg","width":1448,"height":1086},{"@type":"BreadcrumbList","@id":"https:\/\/schoenstatt.com\/pt-pt\/todos-juntos-em-roma-peregrinacao-da-familia-de-schoenstatt\/#breadcrumb","itemListElement":[{"@type":"ListItem","position":1,"name":"Portada","item":"https:\/\/schoenstatt.com\/pt-pt\/home\/"},{"@type":"ListItem","position":2,"name":"Todos juntos em Roma: Peregrina\u00e7\u00e3o da Fam\u00edlia de Schoenstatt"}]},{"@type":"WebSite","@id":"https:\/\/schoenstatt.com\/pt-pt\/#website","url":"https:\/\/schoenstatt.com\/pt-pt\/","name":"Schoenstatt","description":"Apostolic Movement","publisher":{"@id":"https:\/\/schoenstatt.com\/pt-pt\/#organization"},"potentialAction":[{"@type":"SearchAction","target":{"@type":"EntryPoint","urlTemplate":"https:\/\/schoenstatt.com\/pt-pt\/?s={search_term_string}"},"query-input":{"@type":"PropertyValueSpecification","valueRequired":true,"valueName":"search_term_string"}}],"inLanguage":"pt-PT"},{"@type":"Organization","@id":"https:\/\/schoenstatt.com\/pt-pt\/#organization","name":"Schoenstatt","url":"https:\/\/schoenstatt.com\/pt-pt\/","logo":{"@type":"ImageObject","inLanguage":"pt-PT","@id":"https:\/\/schoenstatt.com\/pt-pt\/#\/schema\/logo\/image\/","url":"https:\/\/schoenstatt.com\/wp-content\/uploads\/2025\/04\/logo-schoenstatt-white-696x696-1.png","contentUrl":"https:\/\/schoenstatt.com\/wp-content\/uploads\/2025\/04\/logo-schoenstatt-white-696x696-1.png","width":696,"height":694,"caption":"Schoenstatt"},"image":{"@id":"https:\/\/schoenstatt.com\/pt-pt\/#\/schema\/logo\/image\/"}},{"@type":"Person","@id":"https:\/\/schoenstatt.com\/pt-pt\/#\/schema\/person\/5158877ad4acae98b34daaeef2a1ce6e","name":"Karen Bueno","image":{"@type":"ImageObject","inLanguage":"pt-PT","@id":"https:\/\/secure.gravatar.com\/avatar\/f9f4b823873154269d2b2130f195f6d41037dd0d7fc5f3cacb5c846bae70d66b?s=96&d=mm&r=g","url":"https:\/\/secure.gravatar.com\/avatar\/f9f4b823873154269d2b2130f195f6d41037dd0d7fc5f3cacb5c846bae70d66b?s=96&d=mm&r=g","contentUrl":"https:\/\/secure.gravatar.com\/avatar\/f9f4b823873154269d2b2130f195f6d41037dd0d7fc5f3cacb5c846bae70d66b?s=96&d=mm&r=g","caption":"Karen Bueno"},"url":"https:\/\/schoenstatt.com\/pt-pt\/author\/karen-bueno\/"}]}},"_links":{"self":[{"href":"https:\/\/schoenstatt.com\/pt-pt\/wp-json\/wp\/v2\/posts\/58681","targetHints":{"allow":["GET"]}}],"collection":[{"href":"https:\/\/schoenstatt.com\/pt-pt\/wp-json\/wp\/v2\/posts"}],"about":[{"href":"https:\/\/schoenstatt.com\/pt-pt\/wp-json\/wp\/v2\/types\/post"}],"author":[{"embeddable":true,"href":"https:\/\/schoenstatt.com\/pt-pt\/wp-json\/wp\/v2\/users\/3"}],"replies":[{"embeddable":true,"href":"https:\/\/schoenstatt.com\/pt-pt\/wp-json\/wp\/v2\/comments?post=58681"}],"version-history":[{"count":3,"href":"https:\/\/schoenstatt.com\/pt-pt\/wp-json\/wp\/v2\/posts\/58681\/revisions"}],"predecessor-version":[{"id":58689,"href":"https:\/\/schoenstatt.com\/pt-pt\/wp-json\/wp\/v2\/posts\/58681\/revisions\/58689"}],"wp:featuredmedia":[{"embeddable":true,"href":"https:\/\/schoenstatt.com\/pt-pt\/wp-json\/wp\/v2\/media\/57864"}],"wp:attachment":[{"href":"https:\/\/schoenstatt.com\/pt-pt\/wp-json\/wp\/v2\/media?parent=58681"}],"wp:term":[{"taxonomy":"category","embeddable":true,"href":"https:\/\/schoenstatt.com\/pt-pt\/wp-json\/wp\/v2\/categories?post=58681"},{"taxonomy":"post_tag","embeddable":true,"href":"https:\/\/schoenstatt.com\/pt-pt\/wp-json\/wp\/v2\/tags?post=58681"}],"curies":[{"name":"wp","href":"https:\/\/api.w.org\/{rel}","templated":true}]}}