{"id":58218,"date":"2025-05-27T14:04:53","date_gmt":"2025-05-27T12:04:53","guid":{"rendered":"https:\/\/schoenstatt.com\/?p=58218"},"modified":"2025-05-27T17:00:38","modified_gmt":"2025-05-27T15:00:38","slug":"voluntarios-em-belmonte-preparam-a-coroacao-internacional-2","status":"publish","type":"post","link":"https:\/\/schoenstatt.com\/pt-pt\/voluntarios-em-belmonte-preparam-a-coroacao-internacional-2\/","title":{"rendered":"Volunt\u00e1rios em Belmonte preparam a Coroa\u00e7\u00e3o Internacional"},"content":{"rendered":"\n<p><em>\u201cEstamos a todo vapor trabalhando pela coroa\u00e7\u00e3o\u201d,<\/em>&nbsp;contam os volunt\u00e1rios que atualmente est\u00e3o colaborando com o Santu\u00e1rio de Belmonte, em Roma.<\/p>\n\n\n\n<p>No pr\u00f3ximo dia 9 de junho, a MTA ser\u00e1 coroada \u201cRainha M\u00e3e da Igreja\u201d no Santu\u00e1rio Matri Eclesiae.<\/p>\n\n\n\n<p>Para essa ocasi\u00e3o, mais de 700 schoenstattianos de todo o mundo j\u00e1 confirmaram a sua presen\u00e7a e outros mais s\u00e3o aguardados. Os membros da Presid\u00eancia Internacional de Schoenstatt tamb\u00e9m estar\u00e3o presentes.<\/p>\n\n\n\n<h3 class=\"wp-block-heading\" id=\"h-pai-mae-filha-genro-neto-uma-familia-inteira-de-brasileiros\"><strong>Pai, m\u00e3e, filha, genro, neto&#8230;. Uma fam\u00edlia inteira de brasileiros<\/strong><\/h3>\n\n\n\n<p>Diante de tantas tarefas a serem cumpridas at\u00e9 essa data, a Fam\u00edlia Petrocchi, de Bebedouro\/S\u00e3o Paulo, Brasil, est\u00e1 servindo voluntariamente em diversas atividades do Santu\u00e1rio de Belmonte.<\/p>\n\n\n\n<p><strong>Luzia Petrocchi<\/strong>, integrante da Liga das M\u00e3es de Schoenstatt e artista pl\u00e1stica, est\u00e1 encarregada de decorar a \u201cSala das Coroas\u201d. Nesse local ser\u00e3o exibidas as coroas oferecidas \u00e0 M\u00e3e e Rainha em Belmonte ao longo de muitos anos. Seu esposo, <strong>Francisco Petrocchi<\/strong>, acompanha Luzia, oferecendo suporte como porteiro e desempenhando fun\u00e7\u00f5es de servi\u00e7os gerais no Santu\u00e1rio.<\/p>\n\n\n\n<figure class=\"wp-block-image aligncenter size-full is-resized\"><img fetchpriority=\"high\" decoding=\"async\" width=\"900\" height=\"1416\" src=\"https:\/\/schoenstatt.com\/wp-content\/uploads\/2025\/05\/Volunteers-in-Belmonte.jpg\" alt=\"\" class=\"wp-image-57850\" style=\"width:auto;height:600px\" srcset=\"https:\/\/schoenstatt.com\/wp-content\/uploads\/2025\/05\/Volunteers-in-Belmonte.jpg 900w, https:\/\/schoenstatt.com\/wp-content\/uploads\/2025\/05\/Volunteers-in-Belmonte-768x1208.jpg 768w\" sizes=\"(max-width: 900px) 100vw, 900px\" \/><figcaption class=\"wp-element-caption\">A artista pl\u00e1stica Luzia Petrocchi est\u00e1 respons\u00e1vel pela decora\u00e7\u00e3o da \u201cSala das Coroas\u201d.<\/figcaption><\/figure>\n\n\n\n<p>O jovem casal <strong>Maria Eduarda Petrocchi e F\u00e1bio Teixeira Ribeiro<\/strong> assumiu diversas responsabilidades, incluindo a acolhida dos peregrinos, a log\u00edstica e a seguran\u00e7a do evento. Junto com eles est\u00e1 o pequeno Pedro, de apenas 5 meses, que se torna o mais jovem schoenstattiano a participar das prepara\u00e7\u00f5es.<\/p>\n\n\n\n<p>Maria Eduarda conta:&nbsp;<em>\u201cTem sido uma experi\u00eancia \u00fanica estar no Santu\u00e1rio nessa ocasi\u00e3o especial da coroa\u00e7\u00e3o e tamb\u00e9m neste ano jubilar, podendo contribuir com a recep\u00e7\u00e3o dos peregrinos e os preparativos para o dia da coroa\u00e7\u00e3o. Belmonte faz parte das nossas vidas de uma maneira muito especial. Desde que tivemos a oportunidade de conhecer o Santu\u00e1rio, em 2018, nos sentimos em casa. Eu e meu esposo ainda namor\u00e1vamos. E ent\u00e3o surgiu a ideia de nos casarmos em Roma, em uma igrejinha perto do Santu\u00e1rio, mas a M\u00e3e nos surpreendeu e tivemos a gra\u00e7a de nos casar dentro do Santu\u00e1rio (pois a igrejinha estava em reforma). J\u00e1 pertenc\u00edamos a Schoenstatt, mas, desde ent\u00e3o, nosso v\u00ednculo com o Movimento aumentou ainda mais em nossa par\u00f3quia. Hoje somos coordenadores da Campanha da M\u00e3e Peregrina\u201d.<\/em><\/p>\n\n\n\n<figure class=\"wp-block-image aligncenter size-full is-resized\"><img decoding=\"async\" width=\"900\" height=\"1426\" src=\"https:\/\/schoenstatt.com\/wp-content\/uploads\/2025\/05\/Volunteers-in-Belmonte-3.jpg\" alt=\"\" class=\"wp-image-57855\" style=\"width:auto;height:600px\" srcset=\"https:\/\/schoenstatt.com\/wp-content\/uploads\/2025\/05\/Volunteers-in-Belmonte-3.jpg 900w, https:\/\/schoenstatt.com\/wp-content\/uploads\/2025\/05\/Volunteers-in-Belmonte-3-768x1217.jpg 768w\" sizes=\"(max-width: 900px) 100vw, 900px\" \/><figcaption class=\"wp-element-caption\">Maria Eduarda, F\u00e1bio e o pequeno Pedro<\/figcaption><\/figure>\n\n\n\n<h3 class=\"wp-block-heading\" id=\"h-poloneses-a-servico-de-belmonte\"><strong>Poloneses a servi\u00e7o de Belmonte<\/strong><\/h3>\n\n\n\n<p>Os poloneses <strong>Margarete e Heinrich Gwozdz<\/strong> moram h\u00e1 mais de 40 anos na Alemanha, em Essen, na Ren\u00e2nia do Norte-Vestf\u00e1lia.&nbsp;<\/p>\n\n\n\n<p>O casal, que faz parte do Movimento de Schoenstatt desde 2010 e atualmente pertence \u00e0 Liga de Fam\u00edlias, conta:&nbsp;<em>\u201cConhecemos Belmonte h\u00e1 10 anos, durante uma peregrina\u00e7\u00e3o a Roma. Quando soubemos que havia a possibilidade de trabalhar como volunt\u00e1rios, ficamos interessados, nos candidatamos e fomos aceitos. N\u00f3s nos comprometemos por dois meses\u201d.<\/em><\/p>\n\n\n\n<p>O Sr. e a Sra. Gwozdz falam como est\u00e1 sendo sua experi\u00eancia volunt\u00e1ria:&nbsp;<em>\u201cFomos muito bem acolhidos e sentiremos falta de estar t\u00e3o perto do Santu\u00e1rio e da M\u00e3e de Deus. J\u00e1 conhecemos muitas pessoas simp\u00e1ticas e, apesar da barreira da l\u00edngua, nos sentimos em casa, numa Fam\u00edlia internacional de Schoenstatt.\u201d<\/em><\/p>\n\n\n\n<figure class=\"wp-block-image aligncenter size-full is-resized\"><img decoding=\"async\" width=\"1162\" height=\"1502\" src=\"https:\/\/schoenstatt.com\/wp-content\/uploads\/2025\/05\/Volunteers-in-Belmonte-Margarete-and-Heinrich-Gwozdz.jpg\" alt=\"\" class=\"wp-image-58209\" style=\"width:auto;height:600px\" srcset=\"https:\/\/schoenstatt.com\/wp-content\/uploads\/2025\/05\/Volunteers-in-Belmonte-Margarete-and-Heinrich-Gwozdz.jpg 1162w, https:\/\/schoenstatt.com\/wp-content\/uploads\/2025\/05\/Volunteers-in-Belmonte-Margarete-and-Heinrich-Gwozdz-768x993.jpg 768w\" sizes=\"(max-width: 1162px) 100vw, 1162px\" \/><figcaption class=\"wp-element-caption\">Margarete e Heinrich Gwozdz<\/figcaption><\/figure>\n\n\n\n<p>Os poloneses t\u00eam ajudado no atendimento aos peregrinos, na limpeza e manuten\u00e7\u00e3o do Santu\u00e1rio e arredores, na vigil\u00e2ncia, na abertura e fechamento dos port\u00f5es&#8230;&nbsp;<em>\u201cNa verdade, fazemos tudo o que podemos e onde podemos ajudar. Estamos vivendo momentos lindos, fazendo e acumulando novas experi\u00eancias, conhecendo novas pessoas, lugares e pontos tur\u00edsticos, aqui em Belmonte e tamb\u00e9m em Roma. Levaremos tudo isso conosco e nos beneficiaremos disso e transmitiremos aos outros. Tudo isso \u00e9 apenas o come\u00e7o, j\u00e1 passaram duas semanas, mas ainda temos algumas pela frente.\u201d<\/em><\/p>\n\n\n\n<h3 class=\"wp-block-heading\" id=\"h-expectativa-pelo-grande-dia\"><strong>Expectativa pelo grande dia<\/strong><\/h3>\n\n\n\n<p>Vivendo esses dias de espera e prepara\u00e7\u00e3o, Maria Eduarda Petrocchi diz que o que mais chama a sua aten\u00e7\u00e3o \u00e9&nbsp;<em>\u201ca paz e o amor de Deus que envolvem o Santu\u00e1rio e todas as pessoas que ali frequentam\u201d.&nbsp;<\/em>Ela explica:<em>&nbsp;\u201c\u00c9 como se despertasse em cada um o desejo de prontid\u00e3o em servir e se deixar ser amado pela M\u00e3e. S\u00e3o v\u00e1rios volunt\u00e1rios de culturas e l\u00ednguas diferentes, mas quando est\u00e3o no Santu\u00e1rio, todos se entendem, com o mesmo ideal, fazer pela M\u00e3e um pouco do muito que ela faz por cada um de n\u00f3s.\u201d<\/em><\/p>\n\n\n\n<figure class=\"wp-block-image aligncenter size-full\"><img loading=\"lazy\" decoding=\"async\" width=\"1600\" height=\"1156\" src=\"https:\/\/schoenstatt.com\/wp-content\/uploads\/2025\/05\/Volunteers-in-Belmonte-2.jpg\" alt=\"\" class=\"wp-image-57860\" srcset=\"https:\/\/schoenstatt.com\/wp-content\/uploads\/2025\/05\/Volunteers-in-Belmonte-2.jpg 1600w, https:\/\/schoenstatt.com\/wp-content\/uploads\/2025\/05\/Volunteers-in-Belmonte-2-768x555.jpg 768w, https:\/\/schoenstatt.com\/wp-content\/uploads\/2025\/05\/Volunteers-in-Belmonte-2-1536x1110.jpg 1536w\" sizes=\"(max-width: 1600px) 100vw, 1600px\" \/><\/figure>\n\n\n\n<p>Sobre a expectativa para o dia 9 de junho, ela diz:&nbsp;<em>\u201cEstou bastante animada para viver essa experi\u00eancia \u00fanica, com v\u00e1rios membros do Movimento de todo o mundo. Acredito que coroar a M\u00e3e como Rainha das nossas vidas nos traz, com certeza, novos significados e \u00e2nimo para voltarmos \u00e0s nossas casas e comunidade com mais f\u00e9, sendo testemunhas vivas do grande amor de nossa M\u00e3e por n\u00f3s, atrav\u00e9s das tantas gra\u00e7as recebidas.\u201d<\/em><\/p>\n\n\n\n<p>A coroa\u00e7\u00e3o internacional ser\u00e1 transmitida ao vivo pelo canal <strong>Schoenstatt TV<\/strong>\u2014<a href=\"https:\/\/www.youtube.com\/channel\/UCTq-GjjxWbSXr_-6d-F6U9A\" target=\"_blank\" rel=\"noreferrer noopener\">acesse aqui<\/a>. Para mais informa\u00e7\u00f5es e not\u00edcias, clique no bot\u00e3o abaixo:<\/p>\n\n\n\n<div class=\"wp-block-buttons is-content-justification-center is-layout-flex wp-container-core-buttons-is-layout-a89b3969 wp-block-buttons-is-layout-flex\">\n<div class=\"wp-block-button\"><a class=\"wp-block-button__link has-white-color has-text-color has-background has-link-color wp-element-button\" href=\"https:\/\/schoenstatt.com\/pt-pt\/coroacao-internacional-em-belmonte\/\" style=\"background-color:#cd5f04\"><strong>Coroa\u00e7\u00e3o Internacional<\/strong><\/a><\/div>\n<\/div>\n\n\n\n<p><strong>Tradu\u00e7\u00e3o:<\/strong> Maribel Acaron<\/p>\n","protected":false},"excerpt":{"rendered":"<p>\u201cEstamos a todo vapor trabalhando pela coroa\u00e7\u00e3o\u201d, contam os volunt\u00e1rios que atualmente est\u00e3o colaborando com o Santu\u00e1rio de Belmonte.<\/p>\n","protected":false},"author":3,"featured_media":57859,"comment_status":"closed","ping_status":"closed","sticky":false,"template":"","format":"standard","meta":{"footnotes":""},"categories":[636],"tags":[448],"class_list":["post-58218","post","type-post","status-publish","format-standard","has-post-thumbnail","hentry","category-eventos-pt-pt","tag-belmonte-roma-pt-pt"],"yoast_head":"<!-- This site is optimized with the Yoast SEO Premium plugin v27.4 (Yoast SEO v27.4) - https:\/\/yoast.com\/product\/yoast-seo-premium-wordpress\/ -->\n<title>Volunt\u00e1rios em Belmonte preparam a Coroa\u00e7\u00e3o Internacional - Schoenstatt<\/title>\n<meta name=\"description\" content=\"\u201cEstamos a todo vapor trabalhando pela coroa\u00e7\u00e3o\u201d, contam os volunt\u00e1rios que atualmente est\u00e3o colaborando com o Santu\u00e1rio de Belmonte.\" \/>\n<meta name=\"robots\" content=\"index, follow, max-snippet:-1, max-image-preview:large, max-video-preview:-1\" \/>\n<link rel=\"canonical\" href=\"https:\/\/schoenstatt.com\/pt-pt\/voluntarios-em-belmonte-preparam-a-coroacao-internacional-2\/\" \/>\n<meta property=\"og:locale\" content=\"pt_PT\" \/>\n<meta property=\"og:type\" content=\"article\" \/>\n<meta property=\"og:title\" content=\"Volunt\u00e1rios em Belmonte preparam a Coroa\u00e7\u00e3o Internacional\" \/>\n<meta property=\"og:description\" content=\"\u201cEstamos a todo vapor trabalhando pela coroa\u00e7\u00e3o\u201d, contam os volunt\u00e1rios que atualmente est\u00e3o colaborando com o Santu\u00e1rio de Belmonte.\" \/>\n<meta property=\"og:url\" content=\"https:\/\/schoenstatt.com\/pt-pt\/voluntarios-em-belmonte-preparam-a-coroacao-internacional-2\/\" \/>\n<meta property=\"og:site_name\" content=\"Schoenstatt\" \/>\n<meta property=\"article:published_time\" content=\"2025-05-27T12:04:53+00:00\" \/>\n<meta property=\"article:modified_time\" content=\"2025-05-27T15:00:38+00:00\" \/>\n<meta property=\"og:image\" content=\"https:\/\/schoenstatt.com\/wp-content\/uploads\/2025\/05\/Volunteers-in-Belmonte-2.jpg\" \/>\n\t<meta property=\"og:image:width\" content=\"1600\" \/>\n\t<meta property=\"og:image:height\" content=\"1156\" \/>\n\t<meta property=\"og:image:type\" content=\"image\/jpeg\" \/>\n<meta name=\"author\" content=\"Karen Bueno\" \/>\n<meta name=\"twitter:card\" content=\"summary_large_image\" \/>\n<meta name=\"twitter:label1\" content=\"Escrito por\" \/>\n\t<meta name=\"twitter:data1\" content=\"Karen Bueno\" \/>\n\t<meta name=\"twitter:label2\" content=\"Tempo estimado de leitura\" \/>\n\t<meta name=\"twitter:data2\" content=\"5 minutos\" \/>\n<script type=\"application\/ld+json\" class=\"yoast-schema-graph\">{\"@context\":\"https:\\\/\\\/schema.org\",\"@graph\":[{\"@type\":\"Article\",\"@id\":\"https:\\\/\\\/schoenstatt.com\\\/pt-pt\\\/voluntarios-em-belmonte-preparam-a-coroacao-internacional-2\\\/#article\",\"isPartOf\":{\"@id\":\"https:\\\/\\\/schoenstatt.com\\\/pt-pt\\\/voluntarios-em-belmonte-preparam-a-coroacao-internacional-2\\\/\"},\"author\":{\"name\":\"Karen Bueno\",\"@id\":\"https:\\\/\\\/schoenstatt.com\\\/pt-pt\\\/#\\\/schema\\\/person\\\/5158877ad4acae98b34daaeef2a1ce6e\"},\"headline\":\"Volunt\u00e1rios em Belmonte preparam a Coroa\u00e7\u00e3o Internacional\",\"datePublished\":\"2025-05-27T12:04:53+00:00\",\"dateModified\":\"2025-05-27T15:00:38+00:00\",\"mainEntityOfPage\":{\"@id\":\"https:\\\/\\\/schoenstatt.com\\\/pt-pt\\\/voluntarios-em-belmonte-preparam-a-coroacao-internacional-2\\\/\"},\"wordCount\":886,\"publisher\":{\"@id\":\"https:\\\/\\\/schoenstatt.com\\\/pt-pt\\\/#organization\"},\"image\":{\"@id\":\"https:\\\/\\\/schoenstatt.com\\\/pt-pt\\\/voluntarios-em-belmonte-preparam-a-coroacao-internacional-2\\\/#primaryimage\"},\"thumbnailUrl\":\"https:\\\/\\\/schoenstatt.com\\\/wp-content\\\/uploads\\\/2025\\\/05\\\/Volunteers-in-Belmonte-2.jpg\",\"keywords\":[\"Belmonte - Roma\"],\"articleSection\":[\"Eventos\"],\"inLanguage\":\"pt-PT\"},{\"@type\":\"WebPage\",\"@id\":\"https:\\\/\\\/schoenstatt.com\\\/pt-pt\\\/voluntarios-em-belmonte-preparam-a-coroacao-internacional-2\\\/\",\"url\":\"https:\\\/\\\/schoenstatt.com\\\/pt-pt\\\/voluntarios-em-belmonte-preparam-a-coroacao-internacional-2\\\/\",\"name\":\"Volunt\u00e1rios em Belmonte preparam a Coroa\u00e7\u00e3o Internacional - Schoenstatt\",\"isPartOf\":{\"@id\":\"https:\\\/\\\/schoenstatt.com\\\/pt-pt\\\/#website\"},\"primaryImageOfPage\":{\"@id\":\"https:\\\/\\\/schoenstatt.com\\\/pt-pt\\\/voluntarios-em-belmonte-preparam-a-coroacao-internacional-2\\\/#primaryimage\"},\"image\":{\"@id\":\"https:\\\/\\\/schoenstatt.com\\\/pt-pt\\\/voluntarios-em-belmonte-preparam-a-coroacao-internacional-2\\\/#primaryimage\"},\"thumbnailUrl\":\"https:\\\/\\\/schoenstatt.com\\\/wp-content\\\/uploads\\\/2025\\\/05\\\/Volunteers-in-Belmonte-2.jpg\",\"datePublished\":\"2025-05-27T12:04:53+00:00\",\"dateModified\":\"2025-05-27T15:00:38+00:00\",\"description\":\"\u201cEstamos a todo vapor trabalhando pela coroa\u00e7\u00e3o\u201d, contam os volunt\u00e1rios que atualmente est\u00e3o colaborando com o Santu\u00e1rio de Belmonte.\",\"breadcrumb\":{\"@id\":\"https:\\\/\\\/schoenstatt.com\\\/pt-pt\\\/voluntarios-em-belmonte-preparam-a-coroacao-internacional-2\\\/#breadcrumb\"},\"inLanguage\":\"pt-PT\",\"potentialAction\":[{\"@type\":\"ReadAction\",\"target\":[\"https:\\\/\\\/schoenstatt.com\\\/pt-pt\\\/voluntarios-em-belmonte-preparam-a-coroacao-internacional-2\\\/\"]}]},{\"@type\":\"ImageObject\",\"inLanguage\":\"pt-PT\",\"@id\":\"https:\\\/\\\/schoenstatt.com\\\/pt-pt\\\/voluntarios-em-belmonte-preparam-a-coroacao-internacional-2\\\/#primaryimage\",\"url\":\"https:\\\/\\\/schoenstatt.com\\\/wp-content\\\/uploads\\\/2025\\\/05\\\/Volunteers-in-Belmonte-2.jpg\",\"contentUrl\":\"https:\\\/\\\/schoenstatt.com\\\/wp-content\\\/uploads\\\/2025\\\/05\\\/Volunteers-in-Belmonte-2.jpg\",\"width\":1600,\"height\":1156},{\"@type\":\"BreadcrumbList\",\"@id\":\"https:\\\/\\\/schoenstatt.com\\\/pt-pt\\\/voluntarios-em-belmonte-preparam-a-coroacao-internacional-2\\\/#breadcrumb\",\"itemListElement\":[{\"@type\":\"ListItem\",\"position\":1,\"name\":\"Portada\",\"item\":\"https:\\\/\\\/schoenstatt.com\\\/pt-pt\\\/home\\\/\"},{\"@type\":\"ListItem\",\"position\":2,\"name\":\"Volunt\u00e1rios em Belmonte preparam a Coroa\u00e7\u00e3o Internacional\"}]},{\"@type\":\"WebSite\",\"@id\":\"https:\\\/\\\/schoenstatt.com\\\/pt-pt\\\/#website\",\"url\":\"https:\\\/\\\/schoenstatt.com\\\/pt-pt\\\/\",\"name\":\"Schoenstatt\",\"description\":\"Apostolic Movement\",\"publisher\":{\"@id\":\"https:\\\/\\\/schoenstatt.com\\\/pt-pt\\\/#organization\"},\"potentialAction\":[{\"@type\":\"SearchAction\",\"target\":{\"@type\":\"EntryPoint\",\"urlTemplate\":\"https:\\\/\\\/schoenstatt.com\\\/pt-pt\\\/?s={search_term_string}\"},\"query-input\":{\"@type\":\"PropertyValueSpecification\",\"valueRequired\":true,\"valueName\":\"search_term_string\"}}],\"inLanguage\":\"pt-PT\"},{\"@type\":\"Organization\",\"@id\":\"https:\\\/\\\/schoenstatt.com\\\/pt-pt\\\/#organization\",\"name\":\"Schoenstatt\",\"url\":\"https:\\\/\\\/schoenstatt.com\\\/pt-pt\\\/\",\"logo\":{\"@type\":\"ImageObject\",\"inLanguage\":\"pt-PT\",\"@id\":\"https:\\\/\\\/schoenstatt.com\\\/pt-pt\\\/#\\\/schema\\\/logo\\\/image\\\/\",\"url\":\"https:\\\/\\\/schoenstatt.com\\\/wp-content\\\/uploads\\\/2025\\\/04\\\/logo-schoenstatt-white-696x696-1.png\",\"contentUrl\":\"https:\\\/\\\/schoenstatt.com\\\/wp-content\\\/uploads\\\/2025\\\/04\\\/logo-schoenstatt-white-696x696-1.png\",\"width\":696,\"height\":694,\"caption\":\"Schoenstatt\"},\"image\":{\"@id\":\"https:\\\/\\\/schoenstatt.com\\\/pt-pt\\\/#\\\/schema\\\/logo\\\/image\\\/\"}},{\"@type\":\"Person\",\"@id\":\"https:\\\/\\\/schoenstatt.com\\\/pt-pt\\\/#\\\/schema\\\/person\\\/5158877ad4acae98b34daaeef2a1ce6e\",\"name\":\"Karen Bueno\",\"image\":{\"@type\":\"ImageObject\",\"inLanguage\":\"pt-PT\",\"@id\":\"https:\\\/\\\/secure.gravatar.com\\\/avatar\\\/f9f4b823873154269d2b2130f195f6d41037dd0d7fc5f3cacb5c846bae70d66b?s=96&d=mm&r=g\",\"url\":\"https:\\\/\\\/secure.gravatar.com\\\/avatar\\\/f9f4b823873154269d2b2130f195f6d41037dd0d7fc5f3cacb5c846bae70d66b?s=96&d=mm&r=g\",\"contentUrl\":\"https:\\\/\\\/secure.gravatar.com\\\/avatar\\\/f9f4b823873154269d2b2130f195f6d41037dd0d7fc5f3cacb5c846bae70d66b?s=96&d=mm&r=g\",\"caption\":\"Karen Bueno\"},\"url\":\"https:\\\/\\\/schoenstatt.com\\\/pt-pt\\\/author\\\/karen-bueno\\\/\"}]}<\/script>\n<!-- \/ Yoast SEO Premium plugin. -->","yoast_head_json":{"title":"Volunt\u00e1rios em Belmonte preparam a Coroa\u00e7\u00e3o Internacional - Schoenstatt","description":"\u201cEstamos a todo vapor trabalhando pela coroa\u00e7\u00e3o\u201d, contam os volunt\u00e1rios que atualmente est\u00e3o colaborando com o Santu\u00e1rio de Belmonte.","robots":{"index":"index","follow":"follow","max-snippet":"max-snippet:-1","max-image-preview":"max-image-preview:large","max-video-preview":"max-video-preview:-1"},"canonical":"https:\/\/schoenstatt.com\/pt-pt\/voluntarios-em-belmonte-preparam-a-coroacao-internacional-2\/","og_locale":"pt_PT","og_type":"article","og_title":"Volunt\u00e1rios em Belmonte preparam a Coroa\u00e7\u00e3o Internacional","og_description":"\u201cEstamos a todo vapor trabalhando pela coroa\u00e7\u00e3o\u201d, contam os volunt\u00e1rios que atualmente est\u00e3o colaborando com o Santu\u00e1rio de Belmonte.","og_url":"https:\/\/schoenstatt.com\/pt-pt\/voluntarios-em-belmonte-preparam-a-coroacao-internacional-2\/","og_site_name":"Schoenstatt","article_published_time":"2025-05-27T12:04:53+00:00","article_modified_time":"2025-05-27T15:00:38+00:00","og_image":[{"width":1600,"height":1156,"url":"https:\/\/schoenstatt.com\/wp-content\/uploads\/2025\/05\/Volunteers-in-Belmonte-2.jpg","type":"image\/jpeg"}],"author":"Karen Bueno","twitter_card":"summary_large_image","twitter_misc":{"Escrito por":"Karen Bueno","Tempo estimado de leitura":"5 minutos"},"schema":{"@context":"https:\/\/schema.org","@graph":[{"@type":"Article","@id":"https:\/\/schoenstatt.com\/pt-pt\/voluntarios-em-belmonte-preparam-a-coroacao-internacional-2\/#article","isPartOf":{"@id":"https:\/\/schoenstatt.com\/pt-pt\/voluntarios-em-belmonte-preparam-a-coroacao-internacional-2\/"},"author":{"name":"Karen Bueno","@id":"https:\/\/schoenstatt.com\/pt-pt\/#\/schema\/person\/5158877ad4acae98b34daaeef2a1ce6e"},"headline":"Volunt\u00e1rios em Belmonte preparam a Coroa\u00e7\u00e3o Internacional","datePublished":"2025-05-27T12:04:53+00:00","dateModified":"2025-05-27T15:00:38+00:00","mainEntityOfPage":{"@id":"https:\/\/schoenstatt.com\/pt-pt\/voluntarios-em-belmonte-preparam-a-coroacao-internacional-2\/"},"wordCount":886,"publisher":{"@id":"https:\/\/schoenstatt.com\/pt-pt\/#organization"},"image":{"@id":"https:\/\/schoenstatt.com\/pt-pt\/voluntarios-em-belmonte-preparam-a-coroacao-internacional-2\/#primaryimage"},"thumbnailUrl":"https:\/\/schoenstatt.com\/wp-content\/uploads\/2025\/05\/Volunteers-in-Belmonte-2.jpg","keywords":["Belmonte - Roma"],"articleSection":["Eventos"],"inLanguage":"pt-PT"},{"@type":"WebPage","@id":"https:\/\/schoenstatt.com\/pt-pt\/voluntarios-em-belmonte-preparam-a-coroacao-internacional-2\/","url":"https:\/\/schoenstatt.com\/pt-pt\/voluntarios-em-belmonte-preparam-a-coroacao-internacional-2\/","name":"Volunt\u00e1rios em Belmonte preparam a Coroa\u00e7\u00e3o Internacional - Schoenstatt","isPartOf":{"@id":"https:\/\/schoenstatt.com\/pt-pt\/#website"},"primaryImageOfPage":{"@id":"https:\/\/schoenstatt.com\/pt-pt\/voluntarios-em-belmonte-preparam-a-coroacao-internacional-2\/#primaryimage"},"image":{"@id":"https:\/\/schoenstatt.com\/pt-pt\/voluntarios-em-belmonte-preparam-a-coroacao-internacional-2\/#primaryimage"},"thumbnailUrl":"https:\/\/schoenstatt.com\/wp-content\/uploads\/2025\/05\/Volunteers-in-Belmonte-2.jpg","datePublished":"2025-05-27T12:04:53+00:00","dateModified":"2025-05-27T15:00:38+00:00","description":"\u201cEstamos a todo vapor trabalhando pela coroa\u00e7\u00e3o\u201d, contam os volunt\u00e1rios que atualmente est\u00e3o colaborando com o Santu\u00e1rio de Belmonte.","breadcrumb":{"@id":"https:\/\/schoenstatt.com\/pt-pt\/voluntarios-em-belmonte-preparam-a-coroacao-internacional-2\/#breadcrumb"},"inLanguage":"pt-PT","potentialAction":[{"@type":"ReadAction","target":["https:\/\/schoenstatt.com\/pt-pt\/voluntarios-em-belmonte-preparam-a-coroacao-internacional-2\/"]}]},{"@type":"ImageObject","inLanguage":"pt-PT","@id":"https:\/\/schoenstatt.com\/pt-pt\/voluntarios-em-belmonte-preparam-a-coroacao-internacional-2\/#primaryimage","url":"https:\/\/schoenstatt.com\/wp-content\/uploads\/2025\/05\/Volunteers-in-Belmonte-2.jpg","contentUrl":"https:\/\/schoenstatt.com\/wp-content\/uploads\/2025\/05\/Volunteers-in-Belmonte-2.jpg","width":1600,"height":1156},{"@type":"BreadcrumbList","@id":"https:\/\/schoenstatt.com\/pt-pt\/voluntarios-em-belmonte-preparam-a-coroacao-internacional-2\/#breadcrumb","itemListElement":[{"@type":"ListItem","position":1,"name":"Portada","item":"https:\/\/schoenstatt.com\/pt-pt\/home\/"},{"@type":"ListItem","position":2,"name":"Volunt\u00e1rios em Belmonte preparam a Coroa\u00e7\u00e3o Internacional"}]},{"@type":"WebSite","@id":"https:\/\/schoenstatt.com\/pt-pt\/#website","url":"https:\/\/schoenstatt.com\/pt-pt\/","name":"Schoenstatt","description":"Apostolic Movement","publisher":{"@id":"https:\/\/schoenstatt.com\/pt-pt\/#organization"},"potentialAction":[{"@type":"SearchAction","target":{"@type":"EntryPoint","urlTemplate":"https:\/\/schoenstatt.com\/pt-pt\/?s={search_term_string}"},"query-input":{"@type":"PropertyValueSpecification","valueRequired":true,"valueName":"search_term_string"}}],"inLanguage":"pt-PT"},{"@type":"Organization","@id":"https:\/\/schoenstatt.com\/pt-pt\/#organization","name":"Schoenstatt","url":"https:\/\/schoenstatt.com\/pt-pt\/","logo":{"@type":"ImageObject","inLanguage":"pt-PT","@id":"https:\/\/schoenstatt.com\/pt-pt\/#\/schema\/logo\/image\/","url":"https:\/\/schoenstatt.com\/wp-content\/uploads\/2025\/04\/logo-schoenstatt-white-696x696-1.png","contentUrl":"https:\/\/schoenstatt.com\/wp-content\/uploads\/2025\/04\/logo-schoenstatt-white-696x696-1.png","width":696,"height":694,"caption":"Schoenstatt"},"image":{"@id":"https:\/\/schoenstatt.com\/pt-pt\/#\/schema\/logo\/image\/"}},{"@type":"Person","@id":"https:\/\/schoenstatt.com\/pt-pt\/#\/schema\/person\/5158877ad4acae98b34daaeef2a1ce6e","name":"Karen Bueno","image":{"@type":"ImageObject","inLanguage":"pt-PT","@id":"https:\/\/secure.gravatar.com\/avatar\/f9f4b823873154269d2b2130f195f6d41037dd0d7fc5f3cacb5c846bae70d66b?s=96&d=mm&r=g","url":"https:\/\/secure.gravatar.com\/avatar\/f9f4b823873154269d2b2130f195f6d41037dd0d7fc5f3cacb5c846bae70d66b?s=96&d=mm&r=g","contentUrl":"https:\/\/secure.gravatar.com\/avatar\/f9f4b823873154269d2b2130f195f6d41037dd0d7fc5f3cacb5c846bae70d66b?s=96&d=mm&r=g","caption":"Karen Bueno"},"url":"https:\/\/schoenstatt.com\/pt-pt\/author\/karen-bueno\/"}]}},"_links":{"self":[{"href":"https:\/\/schoenstatt.com\/pt-pt\/wp-json\/wp\/v2\/posts\/58218","targetHints":{"allow":["GET"]}}],"collection":[{"href":"https:\/\/schoenstatt.com\/pt-pt\/wp-json\/wp\/v2\/posts"}],"about":[{"href":"https:\/\/schoenstatt.com\/pt-pt\/wp-json\/wp\/v2\/types\/post"}],"author":[{"embeddable":true,"href":"https:\/\/schoenstatt.com\/pt-pt\/wp-json\/wp\/v2\/users\/3"}],"replies":[{"embeddable":true,"href":"https:\/\/schoenstatt.com\/pt-pt\/wp-json\/wp\/v2\/comments?post=58218"}],"version-history":[{"count":19,"href":"https:\/\/schoenstatt.com\/pt-pt\/wp-json\/wp\/v2\/posts\/58218\/revisions"}],"predecessor-version":[{"id":58265,"href":"https:\/\/schoenstatt.com\/pt-pt\/wp-json\/wp\/v2\/posts\/58218\/revisions\/58265"}],"wp:featuredmedia":[{"embeddable":true,"href":"https:\/\/schoenstatt.com\/pt-pt\/wp-json\/wp\/v2\/media\/57859"}],"wp:attachment":[{"href":"https:\/\/schoenstatt.com\/pt-pt\/wp-json\/wp\/v2\/media?parent=58218"}],"wp:term":[{"taxonomy":"category","embeddable":true,"href":"https:\/\/schoenstatt.com\/pt-pt\/wp-json\/wp\/v2\/categories?post=58218"},{"taxonomy":"post_tag","embeddable":true,"href":"https:\/\/schoenstatt.com\/pt-pt\/wp-json\/wp\/v2\/tags?post=58218"}],"curies":[{"name":"wp","href":"https:\/\/api.w.org\/{rel}","templated":true}]}}