{"id":57518,"date":"2025-05-23T03:05:00","date_gmt":"2025-05-23T01:05:00","guid":{"rendered":"https:\/\/schoenstatt.com\/?p=57518"},"modified":"2025-08-20T23:19:41","modified_gmt":"2025-08-20T21:19:41","slug":"forum-europeu-busca-fontes-de-esperanca-para-as-familias-de-schoenstatt","status":"publish","type":"post","link":"https:\/\/schoenstatt.com\/pt-pt\/forum-europeu-busca-fontes-de-esperanca-para-as-familias-de-schoenstatt\/","title":{"rendered":"F\u00f3rum Europeu busca fontes de esperan\u00e7a para as fam\u00edlias de Schoenstatt"},"content":{"rendered":"\n<p>De 16 a 18 de maio de 2025, representantes da <a href=\"https:\/\/schoenstatt.com\/pt-pt\/em-comunidade\/familias\/\">Obra de Fam\u00edlias de Schoenstatt<\/a> de sete pa\u00edses europeus se reuniram no Centro de Schoenstatt de Swider, em Vars\u00f3via, capital da Pol\u00f4nia.<\/p>\n\n\n\n<p><em>\u201cAgradecemos pela atmosfera cordial e pela conviv\u00eancia fraterna\u201d, <\/em>disse a delega\u00e7\u00e3o h\u00fangara ao se despedir.<em> \u201cUm dos pontos altos foi a troca de experi\u00eancias sobre fontes de esperan\u00e7a na vida de nossas fam\u00edlias\u201d<\/em>, enfatizou o casal su\u00ed\u00e7o.<\/p>\n\n\n\n<figure class=\"wp-block-image size-full\"><img fetchpriority=\"high\" decoding=\"async\" width=\"2048\" height=\"1366\" src=\"https:\/\/schoenstatt.com\/wp-content\/uploads\/2025\/05\/Family-Europaforum-2025-b.jpg\" alt=\"\" class=\"wp-image-57455\" srcset=\"https:\/\/schoenstatt.com\/wp-content\/uploads\/2025\/05\/Family-Europaforum-2025-b.jpg 2048w, https:\/\/schoenstatt.com\/wp-content\/uploads\/2025\/05\/Family-Europaforum-2025-b-768x512.jpg 768w, https:\/\/schoenstatt.com\/wp-content\/uploads\/2025\/05\/Family-Europaforum-2025-b-1536x1025.jpg 1536w\" sizes=\"(max-width: 2048px) 100vw, 2048px\" \/><\/figure>\n\n\n\n<p>O resultado de um trabalho em pequenos grupos chegou \u00e0 seguinte conclus\u00e3o: <em>\u201cPara as fam\u00edlias de hoje, o Santu\u00e1rio Lar \u00e9 importante\u201d.<\/em> E,<em> \u201cn\u00e3o \u00e9 apenas o lugar para rezar em casa, mas nos conecta com outros Santu\u00e1rios. L\u00e1 estamos enraizados na Alian\u00e7a de Amor. Temos o objetivo de sermos n\u00f3s mesmos um Santu\u00e1rio vivo e transmitir o amor de Deus aos outros.\u201d<\/em><\/p>\n\n\n\n<p><em>\u201cA experi\u00eancia do Santu\u00e1rio Lar \u00e9 muito importante\u201d,<\/em> explicam os representantes espanh\u00f3is. <em>&#8220;Temos muito contato com fam\u00edlias que n\u00e3o pertencem a Schoenstatt e, quando elas nos visitam, ficam impressionadas com ele, o consideram algo especial. \u00c0 noite, costumamos rezar livremente no Santu\u00e1rio Lar. O que atrai as pessoas \u00e9, provavelmente, a conex\u00e3o entre o natural e o sobrenatural. Para n\u00f3s, Deus n\u00e3o est\u00e1 longe, mas no meio da vida di\u00e1ria. Essa organicidade do Padre Kentenich, em Schoenstatt, traz muita esperan\u00e7a&#8221;.<\/em><\/p>\n\n\n\n<h3 class=\"wp-block-heading\" id=\"h-santuario-lar-onde-a-esperanca-de-deus-recai-sobre-a-terra\">Santu\u00e1rio Lar\u2026 onde a esperan\u00e7a de Deus recai sobre a Terra<\/h3>\n\n\n\n<p>Dois outros grupos de trabalho enfatizaram que consideram um desafio para as fam\u00edlias viverem em dois mundos: no mundo real, normal, da escola e do trabalho, e no mundo espiritual e religioso. <em>\u201cComo podemos nos encorajar mutuamente a lidar com os diferentes mundos e viver o nosso pr\u00f3prio mundo no meio deles?\u201d<\/em><\/p>\n\n\n\n<figure class=\"wp-block-image size-full\"><img decoding=\"async\" width=\"2048\" height=\"1366\" src=\"https:\/\/schoenstatt.com\/wp-content\/uploads\/2025\/05\/Family-Europaforum-2025-d.jpg\" alt=\"\" class=\"wp-image-57460\" srcset=\"https:\/\/schoenstatt.com\/wp-content\/uploads\/2025\/05\/Family-Europaforum-2025-d.jpg 2048w, https:\/\/schoenstatt.com\/wp-content\/uploads\/2025\/05\/Family-Europaforum-2025-d-768x512.jpg 768w, https:\/\/schoenstatt.com\/wp-content\/uploads\/2025\/05\/Family-Europaforum-2025-d-1536x1025.jpg 1536w\" sizes=\"(max-width: 2048px) 100vw, 2048px\" \/><\/figure>\n\n\n\n<p>Esses temas poder\u00e3o marcar o pr\u00f3ximo Congresso Europeu das Fam\u00edlias, que ser\u00e1 realizado no final de abril de 2028, em Madri, Espanha. Os participantes do F\u00f3rum Europeu est\u00e3o entusiasmados com a ideia de fazer um primeiro brainstorming (um encontro para ideias e planejamento) e pretendem se reunir novamente em 2026, desta vez no Centro de Schoenstatt da Hungria.<\/p>\n\n\n\n<h3 class=\"wp-block-heading\" id=\"h-conhecendo-mais-sobre-a-polonia\">Conhecendo mais sobre a Pol\u00f4nia<\/h3>\n\n\n\n<p>Uma visita ao \u201cTemplo da Divina Provid\u00eancia\u201d \u2013 uma igreja imponente que tem um acervo de documenta\u00e7\u00e3o multim\u00eddia sobre o papa polon\u00eas Karol Woytila (S\u00e3o Jo\u00e3o Paulo II) e o <a href=\"https:\/\/pt.wikipedia.org\/wiki\/Stefan_Wyszy%C5%84ski\" target=\"_blank\" rel=\"noreferrer noopener\">Cardeal Stefan Wyszynski<\/a> (Beato) \u2013 deu aos participantes do F\u00f3rum Europeu a oportunidade de mergulhar profundamente na alma do povo polon\u00eas.<\/p>\n\n\n\n<p>A visita aos dois Santu\u00e1rios de Schoenstatt na capital oferece a experi\u00eancia de como a vida religiosa e schoenstattiana na Pol\u00f4nia \u00e9 s\u00f3lida e vital. Os terrenos e as casas s\u00e3o acolhedores, aconchegantes e bem cuidados. A cozinha polonesa \u00e9 rica, nutritiva e saborosa. Os anfitri\u00f5es poloneses deram tudo de si. Alguns participantes prolongaram sua estadia e fizeram uma viagem a Prositten, a terra natal de Jos\u00e9 Engling.<\/p>\n\n\n\n<figure class=\"wp-block-gallery has-nested-images columns-default is-cropped wp-block-gallery-1 is-layout-flex wp-block-gallery-is-layout-flex\">\n<figure class=\"wp-block-image size-large\"><img decoding=\"async\" width=\"2048\" height=\"1464\" data-id=\"57475\" src=\"https:\/\/schoenstatt.com\/wp-content\/uploads\/2025\/05\/Family-Europaforum-2025-c.jpg\" alt=\"\" class=\"wp-image-57475\" srcset=\"https:\/\/schoenstatt.com\/wp-content\/uploads\/2025\/05\/Family-Europaforum-2025-c.jpg 2048w, https:\/\/schoenstatt.com\/wp-content\/uploads\/2025\/05\/Family-Europaforum-2025-c-768x549.jpg 768w, https:\/\/schoenstatt.com\/wp-content\/uploads\/2025\/05\/Family-Europaforum-2025-c-1536x1098.jpg 1536w\" sizes=\"(max-width: 2048px) 100vw, 2048px\" \/><\/figure>\n\n\n\n<figure class=\"wp-block-image size-large\"><img loading=\"lazy\" decoding=\"async\" width=\"2048\" height=\"1366\" data-id=\"57470\" src=\"https:\/\/schoenstatt.com\/wp-content\/uploads\/2025\/05\/Family-Europaforum-2025-e.jpg\" alt=\"\" class=\"wp-image-57470\" srcset=\"https:\/\/schoenstatt.com\/wp-content\/uploads\/2025\/05\/Family-Europaforum-2025-e.jpg 2048w, https:\/\/schoenstatt.com\/wp-content\/uploads\/2025\/05\/Family-Europaforum-2025-e-768x512.jpg 768w, https:\/\/schoenstatt.com\/wp-content\/uploads\/2025\/05\/Family-Europaforum-2025-e-1536x1025.jpg 1536w\" sizes=\"(max-width: 2048px) 100vw, 2048px\" \/><\/figure>\n<\/figure>\n\n\n\n<h3 class=\"wp-block-heading\" id=\"h-partindo-para-transformar-o-mundo\">Partindo para transformar o mundo<\/h3>\n\n\n\n<p>Depois de serem muito bem acolhidos e se emocionarem, os participantes, em sua maioria, retornaram para casa no Dia da Alian\u00e7a. Al\u00e9m de muitos encontros e experi\u00eancias ricas, eles levaram consigo a esperan\u00e7a de que, do Santu\u00e1rio da Fidelidade em Swider, Vars\u00f3via, as gra\u00e7as fluam para seus pa\u00edses e para seus Santu\u00e1rios Lares.<\/p>\n\n\n\n<p>O Santu\u00e1rio Lar \u00e9 o lugar mais importante na casa das fam\u00edlias de Schoenstatt. Nele se experimenta a proximidade de Deus, a partir dele se molda a atmosfera crist\u00e3. Dele, as fam\u00edlias recebem a for\u00e7a para transmitir a vida nos diferentes mundos e superar os desafios \u2013 como cantou h\u00e1 anos o compositor schoenstattino Wilfried R\u00f6hrig:<em> \u201cNossa casa\u2026 um lugar sagrado, onde a esperan\u00e7a de Deus desce sobre a nossa terra\u201d.<\/em><\/p>\n\n\n\n<div class=\"wp-block-buttons is-content-justification-center is-layout-flex wp-container-core-buttons-is-layout-a89b3969 wp-block-buttons-is-layout-flex\">\n<div class=\"wp-block-button\"><a class=\"wp-block-button__link has-white-color has-text-color has-background has-link-color wp-element-button\" href=\"https:\/\/flic.kr\/s\/aHBqjCf8Mb\" style=\"border-radius:17px;background-color:#dd720f\" target=\"_blank\" rel=\"noreferrer noopener\"><strong>Fotos<\/strong><\/a><\/div>\n<\/div>\n\n\n\n<div style=\"height:23px\" aria-hidden=\"true\" class=\"wp-block-spacer\"><\/div>\n\n\n\n<figure class=\"wp-block-image size-full\"><img loading=\"lazy\" decoding=\"async\" width=\"2048\" height=\"1537\" src=\"https:\/\/schoenstatt.com\/wp-content\/uploads\/2025\/05\/Family-Europaforum-2025.jpg\" alt=\"\" class=\"wp-image-57465\" srcset=\"https:\/\/schoenstatt.com\/wp-content\/uploads\/2025\/05\/Family-Europaforum-2025.jpg 2048w, https:\/\/schoenstatt.com\/wp-content\/uploads\/2025\/05\/Family-Europaforum-2025-768x576.jpg 768w, https:\/\/schoenstatt.com\/wp-content\/uploads\/2025\/05\/Family-Europaforum-2025-1536x1153.jpg 1536w\" sizes=\"(max-width: 2048px) 100vw, 2048px\" \/><\/figure>\n","protected":false},"excerpt":{"rendered":"<p>De 16 a 18 de maio de 2025, representantes da Obra de Fam\u00edlias de Schoenstatt de sete pa\u00edses europeus se reuniram na Pol\u00f4nia.<\/p>\n","protected":false},"author":3,"featured_media":57468,"comment_status":"closed","ping_status":"closed","sticky":false,"template":"","format":"standard","meta":{"footnotes":""},"categories":[872,876],"tags":[998,1157,1195],"class_list":["post-57518","post","type-post","status-publish","format-standard","has-post-thumbnail","hentry","category-europa-pt-pt","category-familia-pt-pt","tag-europa-pt-pt","tag-obra-das-familias-de-schoenstatt-pt-pt","tag-schoenstatt-polonia-pt-pt"],"yoast_head":"<!-- This site is optimized with the Yoast SEO Premium plugin v27.4 (Yoast SEO v27.5) - https:\/\/yoast.com\/product\/yoast-seo-premium-wordpress\/ -->\n<title>F\u00f3rum Europeu busca fontes de esperan\u00e7a para as fam\u00edlias de Schoenstatt<\/title>\n<meta name=\"description\" content=\"De 16 a 18 de maio de 2025, representantes da Obra de Fam\u00edlias de Schoenstatt de sete pa\u00edses europeus se reuniram na Pol\u00f4nia.\" \/>\n<meta name=\"robots\" content=\"index, follow, max-snippet:-1, max-image-preview:large, max-video-preview:-1\" \/>\n<link rel=\"canonical\" href=\"https:\/\/schoenstatt.com\/pt-pt\/forum-europeu-busca-fontes-de-esperanca-para-as-familias-de-schoenstatt\/\" \/>\n<meta property=\"og:locale\" content=\"pt_PT\" \/>\n<meta property=\"og:type\" content=\"article\" \/>\n<meta property=\"og:title\" content=\"F\u00f3rum Europeu busca fontes de esperan\u00e7a para as fam\u00edlias de Schoenstatt\" \/>\n<meta property=\"og:description\" content=\"De 16 a 18 de maio de 2025, representantes da Obra de Fam\u00edlias de Schoenstatt de sete pa\u00edses europeus se reuniram na Pol\u00f4nia.\" \/>\n<meta property=\"og:url\" content=\"https:\/\/schoenstatt.com\/pt-pt\/forum-europeu-busca-fontes-de-esperanca-para-as-familias-de-schoenstatt\/\" \/>\n<meta property=\"og:site_name\" content=\"Schoenstatt\" \/>\n<meta property=\"article:published_time\" content=\"2025-05-23T01:05:00+00:00\" \/>\n<meta property=\"article:modified_time\" content=\"2025-08-20T21:19:41+00:00\" \/>\n<meta property=\"og:image\" content=\"https:\/\/schoenstatt.com\/wp-content\/uploads\/2025\/05\/Family-Europaforum-2025.jpg\" \/>\n\t<meta property=\"og:image:width\" content=\"2048\" \/>\n\t<meta property=\"og:image:height\" content=\"1537\" \/>\n\t<meta property=\"og:image:type\" content=\"image\/jpeg\" \/>\n<meta name=\"author\" content=\"Karen Bueno\" \/>\n<meta name=\"twitter:card\" content=\"summary_large_image\" \/>\n<meta name=\"twitter:label1\" content=\"Escrito por\" \/>\n\t<meta name=\"twitter:data1\" content=\"Karen Bueno\" \/>\n\t<meta name=\"twitter:label2\" content=\"Tempo estimado de leitura\" \/>\n\t<meta name=\"twitter:data2\" content=\"4 minutos\" \/>\n<script type=\"application\/ld+json\" class=\"yoast-schema-graph\">{\"@context\":\"https:\\\/\\\/schema.org\",\"@graph\":[{\"@type\":\"Article\",\"@id\":\"https:\\\/\\\/schoenstatt.com\\\/pt-pt\\\/forum-europeu-busca-fontes-de-esperanca-para-as-familias-de-schoenstatt\\\/#article\",\"isPartOf\":{\"@id\":\"https:\\\/\\\/schoenstatt.com\\\/pt-pt\\\/forum-europeu-busca-fontes-de-esperanca-para-as-familias-de-schoenstatt\\\/\"},\"author\":{\"name\":\"Karen Bueno\",\"@id\":\"https:\\\/\\\/schoenstatt.com\\\/pt-pt\\\/#\\\/schema\\\/person\\\/5158877ad4acae98b34daaeef2a1ce6e\"},\"headline\":\"F\u00f3rum Europeu busca fontes de esperan\u00e7a para as fam\u00edlias de Schoenstatt\",\"datePublished\":\"2025-05-23T01:05:00+00:00\",\"dateModified\":\"2025-08-20T21:19:41+00:00\",\"mainEntityOfPage\":{\"@id\":\"https:\\\/\\\/schoenstatt.com\\\/pt-pt\\\/forum-europeu-busca-fontes-de-esperanca-para-as-familias-de-schoenstatt\\\/\"},\"wordCount\":653,\"publisher\":{\"@id\":\"https:\\\/\\\/schoenstatt.com\\\/pt-pt\\\/#organization\"},\"image\":{\"@id\":\"https:\\\/\\\/schoenstatt.com\\\/pt-pt\\\/forum-europeu-busca-fontes-de-esperanca-para-as-familias-de-schoenstatt\\\/#primaryimage\"},\"thumbnailUrl\":\"https:\\\/\\\/schoenstatt.com\\\/wp-content\\\/uploads\\\/2025\\\/05\\\/Family-Europaforum-2025.jpg\",\"keywords\":[\"Europa\",\"Obra das Fam\u00edlias de Schoenstatt\",\"Schoenstatt Pol\u00f4nia\"],\"articleSection\":[\"Europa\",\"Fam\u00edlia\"],\"inLanguage\":\"pt-PT\"},{\"@type\":\"WebPage\",\"@id\":\"https:\\\/\\\/schoenstatt.com\\\/pt-pt\\\/forum-europeu-busca-fontes-de-esperanca-para-as-familias-de-schoenstatt\\\/\",\"url\":\"https:\\\/\\\/schoenstatt.com\\\/pt-pt\\\/forum-europeu-busca-fontes-de-esperanca-para-as-familias-de-schoenstatt\\\/\",\"name\":\"F\u00f3rum Europeu busca fontes de esperan\u00e7a para as fam\u00edlias de Schoenstatt\",\"isPartOf\":{\"@id\":\"https:\\\/\\\/schoenstatt.com\\\/pt-pt\\\/#website\"},\"primaryImageOfPage\":{\"@id\":\"https:\\\/\\\/schoenstatt.com\\\/pt-pt\\\/forum-europeu-busca-fontes-de-esperanca-para-as-familias-de-schoenstatt\\\/#primaryimage\"},\"image\":{\"@id\":\"https:\\\/\\\/schoenstatt.com\\\/pt-pt\\\/forum-europeu-busca-fontes-de-esperanca-para-as-familias-de-schoenstatt\\\/#primaryimage\"},\"thumbnailUrl\":\"https:\\\/\\\/schoenstatt.com\\\/wp-content\\\/uploads\\\/2025\\\/05\\\/Family-Europaforum-2025.jpg\",\"datePublished\":\"2025-05-23T01:05:00+00:00\",\"dateModified\":\"2025-08-20T21:19:41+00:00\",\"description\":\"De 16 a 18 de maio de 2025, representantes da Obra de Fam\u00edlias de Schoenstatt de sete pa\u00edses europeus se reuniram na Pol\u00f4nia.\",\"breadcrumb\":{\"@id\":\"https:\\\/\\\/schoenstatt.com\\\/pt-pt\\\/forum-europeu-busca-fontes-de-esperanca-para-as-familias-de-schoenstatt\\\/#breadcrumb\"},\"inLanguage\":\"pt-PT\",\"potentialAction\":[{\"@type\":\"ReadAction\",\"target\":[\"https:\\\/\\\/schoenstatt.com\\\/pt-pt\\\/forum-europeu-busca-fontes-de-esperanca-para-as-familias-de-schoenstatt\\\/\"]}]},{\"@type\":\"ImageObject\",\"inLanguage\":\"pt-PT\",\"@id\":\"https:\\\/\\\/schoenstatt.com\\\/pt-pt\\\/forum-europeu-busca-fontes-de-esperanca-para-as-familias-de-schoenstatt\\\/#primaryimage\",\"url\":\"https:\\\/\\\/schoenstatt.com\\\/wp-content\\\/uploads\\\/2025\\\/05\\\/Family-Europaforum-2025.jpg\",\"contentUrl\":\"https:\\\/\\\/schoenstatt.com\\\/wp-content\\\/uploads\\\/2025\\\/05\\\/Family-Europaforum-2025.jpg\",\"width\":2048,\"height\":1537},{\"@type\":\"BreadcrumbList\",\"@id\":\"https:\\\/\\\/schoenstatt.com\\\/pt-pt\\\/forum-europeu-busca-fontes-de-esperanca-para-as-familias-de-schoenstatt\\\/#breadcrumb\",\"itemListElement\":[{\"@type\":\"ListItem\",\"position\":1,\"name\":\"Portada\",\"item\":\"https:\\\/\\\/schoenstatt.com\\\/pt-pt\\\/home\\\/\"},{\"@type\":\"ListItem\",\"position\":2,\"name\":\"F\u00f3rum Europeu busca fontes de esperan\u00e7a para as fam\u00edlias de Schoenstatt\"}]},{\"@type\":\"WebSite\",\"@id\":\"https:\\\/\\\/schoenstatt.com\\\/pt-pt\\\/#website\",\"url\":\"https:\\\/\\\/schoenstatt.com\\\/pt-pt\\\/\",\"name\":\"Schoenstatt\",\"description\":\"Apostolic Movement\",\"publisher\":{\"@id\":\"https:\\\/\\\/schoenstatt.com\\\/pt-pt\\\/#organization\"},\"potentialAction\":[{\"@type\":\"SearchAction\",\"target\":{\"@type\":\"EntryPoint\",\"urlTemplate\":\"https:\\\/\\\/schoenstatt.com\\\/pt-pt\\\/?s={search_term_string}\"},\"query-input\":{\"@type\":\"PropertyValueSpecification\",\"valueRequired\":true,\"valueName\":\"search_term_string\"}}],\"inLanguage\":\"pt-PT\"},{\"@type\":\"Organization\",\"@id\":\"https:\\\/\\\/schoenstatt.com\\\/pt-pt\\\/#organization\",\"name\":\"Schoenstatt\",\"url\":\"https:\\\/\\\/schoenstatt.com\\\/pt-pt\\\/\",\"logo\":{\"@type\":\"ImageObject\",\"inLanguage\":\"pt-PT\",\"@id\":\"https:\\\/\\\/schoenstatt.com\\\/pt-pt\\\/#\\\/schema\\\/logo\\\/image\\\/\",\"url\":\"https:\\\/\\\/schoenstatt.com\\\/wp-content\\\/uploads\\\/2025\\\/04\\\/logo-schoenstatt-white-696x696-1.png\",\"contentUrl\":\"https:\\\/\\\/schoenstatt.com\\\/wp-content\\\/uploads\\\/2025\\\/04\\\/logo-schoenstatt-white-696x696-1.png\",\"width\":696,\"height\":694,\"caption\":\"Schoenstatt\"},\"image\":{\"@id\":\"https:\\\/\\\/schoenstatt.com\\\/pt-pt\\\/#\\\/schema\\\/logo\\\/image\\\/\"}},{\"@type\":\"Person\",\"@id\":\"https:\\\/\\\/schoenstatt.com\\\/pt-pt\\\/#\\\/schema\\\/person\\\/5158877ad4acae98b34daaeef2a1ce6e\",\"name\":\"Karen Bueno\",\"image\":{\"@type\":\"ImageObject\",\"inLanguage\":\"pt-PT\",\"@id\":\"https:\\\/\\\/secure.gravatar.com\\\/avatar\\\/f9f4b823873154269d2b2130f195f6d41037dd0d7fc5f3cacb5c846bae70d66b?s=96&d=mm&r=g\",\"url\":\"https:\\\/\\\/secure.gravatar.com\\\/avatar\\\/f9f4b823873154269d2b2130f195f6d41037dd0d7fc5f3cacb5c846bae70d66b?s=96&d=mm&r=g\",\"contentUrl\":\"https:\\\/\\\/secure.gravatar.com\\\/avatar\\\/f9f4b823873154269d2b2130f195f6d41037dd0d7fc5f3cacb5c846bae70d66b?s=96&d=mm&r=g\",\"caption\":\"Karen Bueno\"},\"url\":\"https:\\\/\\\/schoenstatt.com\\\/pt-pt\\\/author\\\/karen-bueno\\\/\"}]}<\/script>\n<!-- \/ Yoast SEO Premium plugin. -->","yoast_head_json":{"title":"F\u00f3rum Europeu busca fontes de esperan\u00e7a para as fam\u00edlias de Schoenstatt","description":"De 16 a 18 de maio de 2025, representantes da Obra de Fam\u00edlias de Schoenstatt de sete pa\u00edses europeus se reuniram na Pol\u00f4nia.","robots":{"index":"index","follow":"follow","max-snippet":"max-snippet:-1","max-image-preview":"max-image-preview:large","max-video-preview":"max-video-preview:-1"},"canonical":"https:\/\/schoenstatt.com\/pt-pt\/forum-europeu-busca-fontes-de-esperanca-para-as-familias-de-schoenstatt\/","og_locale":"pt_PT","og_type":"article","og_title":"F\u00f3rum Europeu busca fontes de esperan\u00e7a para as fam\u00edlias de Schoenstatt","og_description":"De 16 a 18 de maio de 2025, representantes da Obra de Fam\u00edlias de Schoenstatt de sete pa\u00edses europeus se reuniram na Pol\u00f4nia.","og_url":"https:\/\/schoenstatt.com\/pt-pt\/forum-europeu-busca-fontes-de-esperanca-para-as-familias-de-schoenstatt\/","og_site_name":"Schoenstatt","article_published_time":"2025-05-23T01:05:00+00:00","article_modified_time":"2025-08-20T21:19:41+00:00","og_image":[{"url":"https:\/\/schoenstatt.com\/wp-content\/uploads\/2025\/05\/Family-Europaforum-2025.jpg","width":2048,"height":1537,"type":"image\/jpeg"}],"author":"Karen Bueno","twitter_card":"summary_large_image","twitter_misc":{"Escrito por":"Karen Bueno","Tempo estimado de leitura":"4 minutos"},"schema":{"@context":"https:\/\/schema.org","@graph":[{"@type":"Article","@id":"https:\/\/schoenstatt.com\/pt-pt\/forum-europeu-busca-fontes-de-esperanca-para-as-familias-de-schoenstatt\/#article","isPartOf":{"@id":"https:\/\/schoenstatt.com\/pt-pt\/forum-europeu-busca-fontes-de-esperanca-para-as-familias-de-schoenstatt\/"},"author":{"name":"Karen Bueno","@id":"https:\/\/schoenstatt.com\/pt-pt\/#\/schema\/person\/5158877ad4acae98b34daaeef2a1ce6e"},"headline":"F\u00f3rum Europeu busca fontes de esperan\u00e7a para as fam\u00edlias de Schoenstatt","datePublished":"2025-05-23T01:05:00+00:00","dateModified":"2025-08-20T21:19:41+00:00","mainEntityOfPage":{"@id":"https:\/\/schoenstatt.com\/pt-pt\/forum-europeu-busca-fontes-de-esperanca-para-as-familias-de-schoenstatt\/"},"wordCount":653,"publisher":{"@id":"https:\/\/schoenstatt.com\/pt-pt\/#organization"},"image":{"@id":"https:\/\/schoenstatt.com\/pt-pt\/forum-europeu-busca-fontes-de-esperanca-para-as-familias-de-schoenstatt\/#primaryimage"},"thumbnailUrl":"https:\/\/schoenstatt.com\/wp-content\/uploads\/2025\/05\/Family-Europaforum-2025.jpg","keywords":["Europa","Obra das Fam\u00edlias de Schoenstatt","Schoenstatt Pol\u00f4nia"],"articleSection":["Europa","Fam\u00edlia"],"inLanguage":"pt-PT"},{"@type":"WebPage","@id":"https:\/\/schoenstatt.com\/pt-pt\/forum-europeu-busca-fontes-de-esperanca-para-as-familias-de-schoenstatt\/","url":"https:\/\/schoenstatt.com\/pt-pt\/forum-europeu-busca-fontes-de-esperanca-para-as-familias-de-schoenstatt\/","name":"F\u00f3rum Europeu busca fontes de esperan\u00e7a para as fam\u00edlias de Schoenstatt","isPartOf":{"@id":"https:\/\/schoenstatt.com\/pt-pt\/#website"},"primaryImageOfPage":{"@id":"https:\/\/schoenstatt.com\/pt-pt\/forum-europeu-busca-fontes-de-esperanca-para-as-familias-de-schoenstatt\/#primaryimage"},"image":{"@id":"https:\/\/schoenstatt.com\/pt-pt\/forum-europeu-busca-fontes-de-esperanca-para-as-familias-de-schoenstatt\/#primaryimage"},"thumbnailUrl":"https:\/\/schoenstatt.com\/wp-content\/uploads\/2025\/05\/Family-Europaforum-2025.jpg","datePublished":"2025-05-23T01:05:00+00:00","dateModified":"2025-08-20T21:19:41+00:00","description":"De 16 a 18 de maio de 2025, representantes da Obra de Fam\u00edlias de Schoenstatt de sete pa\u00edses europeus se reuniram na Pol\u00f4nia.","breadcrumb":{"@id":"https:\/\/schoenstatt.com\/pt-pt\/forum-europeu-busca-fontes-de-esperanca-para-as-familias-de-schoenstatt\/#breadcrumb"},"inLanguage":"pt-PT","potentialAction":[{"@type":"ReadAction","target":["https:\/\/schoenstatt.com\/pt-pt\/forum-europeu-busca-fontes-de-esperanca-para-as-familias-de-schoenstatt\/"]}]},{"@type":"ImageObject","inLanguage":"pt-PT","@id":"https:\/\/schoenstatt.com\/pt-pt\/forum-europeu-busca-fontes-de-esperanca-para-as-familias-de-schoenstatt\/#primaryimage","url":"https:\/\/schoenstatt.com\/wp-content\/uploads\/2025\/05\/Family-Europaforum-2025.jpg","contentUrl":"https:\/\/schoenstatt.com\/wp-content\/uploads\/2025\/05\/Family-Europaforum-2025.jpg","width":2048,"height":1537},{"@type":"BreadcrumbList","@id":"https:\/\/schoenstatt.com\/pt-pt\/forum-europeu-busca-fontes-de-esperanca-para-as-familias-de-schoenstatt\/#breadcrumb","itemListElement":[{"@type":"ListItem","position":1,"name":"Portada","item":"https:\/\/schoenstatt.com\/pt-pt\/home\/"},{"@type":"ListItem","position":2,"name":"F\u00f3rum Europeu busca fontes de esperan\u00e7a para as fam\u00edlias de Schoenstatt"}]},{"@type":"WebSite","@id":"https:\/\/schoenstatt.com\/pt-pt\/#website","url":"https:\/\/schoenstatt.com\/pt-pt\/","name":"Schoenstatt","description":"Apostolic Movement","publisher":{"@id":"https:\/\/schoenstatt.com\/pt-pt\/#organization"},"potentialAction":[{"@type":"SearchAction","target":{"@type":"EntryPoint","urlTemplate":"https:\/\/schoenstatt.com\/pt-pt\/?s={search_term_string}"},"query-input":{"@type":"PropertyValueSpecification","valueRequired":true,"valueName":"search_term_string"}}],"inLanguage":"pt-PT"},{"@type":"Organization","@id":"https:\/\/schoenstatt.com\/pt-pt\/#organization","name":"Schoenstatt","url":"https:\/\/schoenstatt.com\/pt-pt\/","logo":{"@type":"ImageObject","inLanguage":"pt-PT","@id":"https:\/\/schoenstatt.com\/pt-pt\/#\/schema\/logo\/image\/","url":"https:\/\/schoenstatt.com\/wp-content\/uploads\/2025\/04\/logo-schoenstatt-white-696x696-1.png","contentUrl":"https:\/\/schoenstatt.com\/wp-content\/uploads\/2025\/04\/logo-schoenstatt-white-696x696-1.png","width":696,"height":694,"caption":"Schoenstatt"},"image":{"@id":"https:\/\/schoenstatt.com\/pt-pt\/#\/schema\/logo\/image\/"}},{"@type":"Person","@id":"https:\/\/schoenstatt.com\/pt-pt\/#\/schema\/person\/5158877ad4acae98b34daaeef2a1ce6e","name":"Karen Bueno","image":{"@type":"ImageObject","inLanguage":"pt-PT","@id":"https:\/\/secure.gravatar.com\/avatar\/f9f4b823873154269d2b2130f195f6d41037dd0d7fc5f3cacb5c846bae70d66b?s=96&d=mm&r=g","url":"https:\/\/secure.gravatar.com\/avatar\/f9f4b823873154269d2b2130f195f6d41037dd0d7fc5f3cacb5c846bae70d66b?s=96&d=mm&r=g","contentUrl":"https:\/\/secure.gravatar.com\/avatar\/f9f4b823873154269d2b2130f195f6d41037dd0d7fc5f3cacb5c846bae70d66b?s=96&d=mm&r=g","caption":"Karen Bueno"},"url":"https:\/\/schoenstatt.com\/pt-pt\/author\/karen-bueno\/"}]}},"_links":{"self":[{"href":"https:\/\/schoenstatt.com\/pt-pt\/wp-json\/wp\/v2\/posts\/57518","targetHints":{"allow":["GET"]}}],"collection":[{"href":"https:\/\/schoenstatt.com\/pt-pt\/wp-json\/wp\/v2\/posts"}],"about":[{"href":"https:\/\/schoenstatt.com\/pt-pt\/wp-json\/wp\/v2\/types\/post"}],"author":[{"embeddable":true,"href":"https:\/\/schoenstatt.com\/pt-pt\/wp-json\/wp\/v2\/users\/3"}],"replies":[{"embeddable":true,"href":"https:\/\/schoenstatt.com\/pt-pt\/wp-json\/wp\/v2\/comments?post=57518"}],"version-history":[{"count":6,"href":"https:\/\/schoenstatt.com\/pt-pt\/wp-json\/wp\/v2\/posts\/57518\/revisions"}],"predecessor-version":[{"id":62877,"href":"https:\/\/schoenstatt.com\/pt-pt\/wp-json\/wp\/v2\/posts\/57518\/revisions\/62877"}],"wp:featuredmedia":[{"embeddable":true,"href":"https:\/\/schoenstatt.com\/pt-pt\/wp-json\/wp\/v2\/media\/57468"}],"wp:attachment":[{"href":"https:\/\/schoenstatt.com\/pt-pt\/wp-json\/wp\/v2\/media?parent=57518"}],"wp:term":[{"taxonomy":"category","embeddable":true,"href":"https:\/\/schoenstatt.com\/pt-pt\/wp-json\/wp\/v2\/categories?post=57518"},{"taxonomy":"post_tag","embeddable":true,"href":"https:\/\/schoenstatt.com\/pt-pt\/wp-json\/wp\/v2\/tags?post=57518"}],"curies":[{"name":"wp","href":"https:\/\/api.w.org\/{rel}","templated":true}]}}