{"id":57196,"date":"2025-05-22T03:05:00","date_gmt":"2025-05-22T01:05:00","guid":{"rendered":"https:\/\/schoenstatt.com\/?p=57196"},"modified":"2025-08-21T04:36:07","modified_gmt":"2025-08-21T02:36:07","slug":"22-de-maio-dia-de-gratidao-no-santuario-original-participe","status":"publish","type":"post","link":"https:\/\/schoenstatt.com\/pt-pt\/22-de-maio-dia-de-gratidao-no-santuario-original-participe\/","title":{"rendered":"22 de Maio: Dia de Gratid\u00e3o no Santu\u00e1rio Original \u2013 Participe!"},"content":{"rendered":"\n<p>22 de maio tornou-se um dia especial de agradecimento para toda a Fam\u00edlia Internacional de Schoenstatt. Nesta data, em 2013, o Santu\u00e1rio Original foi presenteado ao nosso Movimento.<\/p>\n\n\n\n<p>Celebrando essa ocasi\u00e3o, nesta quinta-feira haver\u00e1 um momento de ora\u00e7\u00e3o, com muitos cantos, transmitido ao vivo pela webcam.<\/p>\n\n\n\n<p>Toda a Fam\u00edlia Internacional est\u00e1 convidada a se unir, celebrar e agradecer.<\/p>\n\n\n\n<figure class=\"wp-block-image aligncenter size-full is-resized\"><img fetchpriority=\"high\" decoding=\"async\" width=\"1152\" height=\"2048\" src=\"https:\/\/schoenstatt.com\/wp-content\/uploads\/2025\/05\/original-shrine-schoenstatt.jpg\" alt=\"\" class=\"wp-image-57185\" style=\"width:500px;height:auto\" srcset=\"https:\/\/schoenstatt.com\/wp-content\/uploads\/2025\/05\/original-shrine-schoenstatt.jpg 1152w, https:\/\/schoenstatt.com\/wp-content\/uploads\/2025\/05\/original-shrine-schoenstatt-768x1365.jpg 768w, https:\/\/schoenstatt.com\/wp-content\/uploads\/2025\/05\/original-shrine-schoenstatt-864x1536.jpg 864w\" sizes=\"(max-width: 1152px) 100vw, 1152px\" \/><\/figure>\n\n\n\n<h3 class=\"wp-block-heading\" id=\"h-programacao\">Programa\u00e7\u00e3o<\/h3>\n\n\n\n<p>O momento de ora\u00e7\u00e3o ser\u00e1 durante a b\u00ean\u00e7\u00e3o da noite, \u00e0s <strong>19h50min (hor\u00e1rio local de Schoenstatt)<\/strong>. Logo em seguida, o convite \u00e9 para continuar cantando e agradecendo, por cerca de meia hora.<\/p>\n\n\n\n<p>Participe do seu pa\u00eds, pela transmiss\u00e3o online. Clique no bot\u00e3o abaixo para acessar a webcam:<\/p>\n\n\n\n<div class=\"wp-block-buttons is-content-justification-center is-layout-flex wp-container-core-buttons-is-layout-a89b3969 wp-block-buttons-is-layout-flex\">\n<div class=\"wp-block-button\"><a class=\"wp-block-button__link has-white-color has-text-color has-background has-link-color wp-element-button\" href=\"https:\/\/urheiligtum.de\/PT\/10-Servico\/99-Webcam.php\" style=\"background-color:#da6d13\" target=\"_blank\" rel=\"noreferrer noopener\"><strong>Webcam<\/strong><\/a><\/div>\n<\/div>\n","protected":false},"excerpt":{"rendered":"<p>22 de maio tornou-se um dia especial de agradecimento: o Santu\u00e1rio Original foi presenteado ao nosso Movimento.<\/p>\n","protected":false},"author":3,"featured_media":57193,"comment_status":"closed","ping_status":"closed","sticky":false,"template":"","format":"standard","meta":{"footnotes":""},"categories":[696],"tags":[1080],"class_list":["post-57196","post","type-post","status-publish","format-standard","has-post-thumbnail","hentry","category-santuario-original-pt-pt","tag-santuario-original-pt-pt"],"yoast_head":"<!-- This site is optimized with the Yoast SEO Premium plugin v27.4 (Yoast SEO v27.4) - https:\/\/yoast.com\/product\/yoast-seo-premium-wordpress\/ -->\n<title>22 de Maio: Dia de Gratid\u00e3o no Santu\u00e1rio Original \u2013 Participe! - Schoenstatt<\/title>\n<meta name=\"description\" content=\"22 de maio tornou-se um dia especial de agradecimento: o Santu\u00e1rio Original foi presenteado ao nosso Movimento.\" \/>\n<meta name=\"robots\" content=\"index, follow, max-snippet:-1, max-image-preview:large, max-video-preview:-1\" \/>\n<link rel=\"canonical\" href=\"https:\/\/schoenstatt.com\/pt-pt\/22-de-maio-dia-de-gratidao-no-santuario-original-participe\/\" \/>\n<meta property=\"og:locale\" content=\"pt_PT\" \/>\n<meta property=\"og:type\" content=\"article\" \/>\n<meta property=\"og:title\" content=\"22 de Maio: Dia de Gratid\u00e3o no Santu\u00e1rio Original \u2013 Participe!\" \/>\n<meta property=\"og:description\" content=\"22 de maio tornou-se um dia especial de agradecimento: o Santu\u00e1rio Original foi presenteado ao nosso Movimento.\" \/>\n<meta property=\"og:url\" content=\"https:\/\/schoenstatt.com\/pt-pt\/22-de-maio-dia-de-gratidao-no-santuario-original-participe\/\" \/>\n<meta property=\"og:site_name\" content=\"Schoenstatt\" \/>\n<meta property=\"article:published_time\" content=\"2025-05-22T01:05:00+00:00\" \/>\n<meta property=\"article:modified_time\" content=\"2025-08-21T02:36:07+00:00\" \/>\n<meta property=\"og:image\" content=\"https:\/\/schoenstatt.com\/wp-content\/uploads\/2025\/05\/urheiligtum.jpg\" \/>\n\t<meta property=\"og:image:width\" content=\"1152\" \/>\n\t<meta property=\"og:image:height\" content=\"810\" \/>\n\t<meta property=\"og:image:type\" content=\"image\/jpeg\" \/>\n<meta name=\"author\" content=\"Karen Bueno\" \/>\n<meta name=\"twitter:card\" content=\"summary_large_image\" \/>\n<meta name=\"twitter:label1\" content=\"Escrito por\" \/>\n\t<meta name=\"twitter:data1\" content=\"Karen Bueno\" \/>\n\t<meta name=\"twitter:label2\" content=\"Tempo estimado de leitura\" \/>\n\t<meta name=\"twitter:data2\" content=\"1 minuto\" \/>\n<script type=\"application\/ld+json\" class=\"yoast-schema-graph\">{\"@context\":\"https:\\\/\\\/schema.org\",\"@graph\":[{\"@type\":\"Article\",\"@id\":\"https:\\\/\\\/schoenstatt.com\\\/pt-pt\\\/22-de-maio-dia-de-gratidao-no-santuario-original-participe\\\/#article\",\"isPartOf\":{\"@id\":\"https:\\\/\\\/schoenstatt.com\\\/pt-pt\\\/22-de-maio-dia-de-gratidao-no-santuario-original-participe\\\/\"},\"author\":{\"name\":\"Karen Bueno\",\"@id\":\"https:\\\/\\\/schoenstatt.com\\\/pt-pt\\\/#\\\/schema\\\/person\\\/5158877ad4acae98b34daaeef2a1ce6e\"},\"headline\":\"22 de Maio: Dia de Gratid\u00e3o no Santu\u00e1rio Original \u2013 Participe!\",\"datePublished\":\"2025-05-22T01:05:00+00:00\",\"dateModified\":\"2025-08-21T02:36:07+00:00\",\"mainEntityOfPage\":{\"@id\":\"https:\\\/\\\/schoenstatt.com\\\/pt-pt\\\/22-de-maio-dia-de-gratidao-no-santuario-original-participe\\\/\"},\"wordCount\":129,\"publisher\":{\"@id\":\"https:\\\/\\\/schoenstatt.com\\\/pt-pt\\\/#organization\"},\"image\":{\"@id\":\"https:\\\/\\\/schoenstatt.com\\\/pt-pt\\\/22-de-maio-dia-de-gratidao-no-santuario-original-participe\\\/#primaryimage\"},\"thumbnailUrl\":\"https:\\\/\\\/schoenstatt.com\\\/wp-content\\\/uploads\\\/2025\\\/05\\\/urheiligtum.jpg\",\"keywords\":[\"Santu\u00e1rio Original\"],\"articleSection\":[\"Santu\u00e1rio Original\"],\"inLanguage\":\"pt-PT\"},{\"@type\":\"WebPage\",\"@id\":\"https:\\\/\\\/schoenstatt.com\\\/pt-pt\\\/22-de-maio-dia-de-gratidao-no-santuario-original-participe\\\/\",\"url\":\"https:\\\/\\\/schoenstatt.com\\\/pt-pt\\\/22-de-maio-dia-de-gratidao-no-santuario-original-participe\\\/\",\"name\":\"22 de Maio: Dia de Gratid\u00e3o no Santu\u00e1rio Original \u2013 Participe! - Schoenstatt\",\"isPartOf\":{\"@id\":\"https:\\\/\\\/schoenstatt.com\\\/pt-pt\\\/#website\"},\"primaryImageOfPage\":{\"@id\":\"https:\\\/\\\/schoenstatt.com\\\/pt-pt\\\/22-de-maio-dia-de-gratidao-no-santuario-original-participe\\\/#primaryimage\"},\"image\":{\"@id\":\"https:\\\/\\\/schoenstatt.com\\\/pt-pt\\\/22-de-maio-dia-de-gratidao-no-santuario-original-participe\\\/#primaryimage\"},\"thumbnailUrl\":\"https:\\\/\\\/schoenstatt.com\\\/wp-content\\\/uploads\\\/2025\\\/05\\\/urheiligtum.jpg\",\"datePublished\":\"2025-05-22T01:05:00+00:00\",\"dateModified\":\"2025-08-21T02:36:07+00:00\",\"description\":\"22 de maio tornou-se um dia especial de agradecimento: o Santu\u00e1rio Original foi presenteado ao nosso Movimento.\",\"breadcrumb\":{\"@id\":\"https:\\\/\\\/schoenstatt.com\\\/pt-pt\\\/22-de-maio-dia-de-gratidao-no-santuario-original-participe\\\/#breadcrumb\"},\"inLanguage\":\"pt-PT\",\"potentialAction\":[{\"@type\":\"ReadAction\",\"target\":[\"https:\\\/\\\/schoenstatt.com\\\/pt-pt\\\/22-de-maio-dia-de-gratidao-no-santuario-original-participe\\\/\"]}]},{\"@type\":\"ImageObject\",\"inLanguage\":\"pt-PT\",\"@id\":\"https:\\\/\\\/schoenstatt.com\\\/pt-pt\\\/22-de-maio-dia-de-gratidao-no-santuario-original-participe\\\/#primaryimage\",\"url\":\"https:\\\/\\\/schoenstatt.com\\\/wp-content\\\/uploads\\\/2025\\\/05\\\/urheiligtum.jpg\",\"contentUrl\":\"https:\\\/\\\/schoenstatt.com\\\/wp-content\\\/uploads\\\/2025\\\/05\\\/urheiligtum.jpg\",\"width\":1152,\"height\":810},{\"@type\":\"BreadcrumbList\",\"@id\":\"https:\\\/\\\/schoenstatt.com\\\/pt-pt\\\/22-de-maio-dia-de-gratidao-no-santuario-original-participe\\\/#breadcrumb\",\"itemListElement\":[{\"@type\":\"ListItem\",\"position\":1,\"name\":\"Portada\",\"item\":\"https:\\\/\\\/schoenstatt.com\\\/pt-pt\\\/home\\\/\"},{\"@type\":\"ListItem\",\"position\":2,\"name\":\"22 de Maio: Dia de Gratid\u00e3o no Santu\u00e1rio Original \u2013 Participe!\"}]},{\"@type\":\"WebSite\",\"@id\":\"https:\\\/\\\/schoenstatt.com\\\/pt-pt\\\/#website\",\"url\":\"https:\\\/\\\/schoenstatt.com\\\/pt-pt\\\/\",\"name\":\"Schoenstatt\",\"description\":\"Apostolic Movement\",\"publisher\":{\"@id\":\"https:\\\/\\\/schoenstatt.com\\\/pt-pt\\\/#organization\"},\"potentialAction\":[{\"@type\":\"SearchAction\",\"target\":{\"@type\":\"EntryPoint\",\"urlTemplate\":\"https:\\\/\\\/schoenstatt.com\\\/pt-pt\\\/?s={search_term_string}\"},\"query-input\":{\"@type\":\"PropertyValueSpecification\",\"valueRequired\":true,\"valueName\":\"search_term_string\"}}],\"inLanguage\":\"pt-PT\"},{\"@type\":\"Organization\",\"@id\":\"https:\\\/\\\/schoenstatt.com\\\/pt-pt\\\/#organization\",\"name\":\"Schoenstatt\",\"url\":\"https:\\\/\\\/schoenstatt.com\\\/pt-pt\\\/\",\"logo\":{\"@type\":\"ImageObject\",\"inLanguage\":\"pt-PT\",\"@id\":\"https:\\\/\\\/schoenstatt.com\\\/pt-pt\\\/#\\\/schema\\\/logo\\\/image\\\/\",\"url\":\"https:\\\/\\\/schoenstatt.com\\\/wp-content\\\/uploads\\\/2025\\\/04\\\/logo-schoenstatt-white-696x696-1.png\",\"contentUrl\":\"https:\\\/\\\/schoenstatt.com\\\/wp-content\\\/uploads\\\/2025\\\/04\\\/logo-schoenstatt-white-696x696-1.png\",\"width\":696,\"height\":694,\"caption\":\"Schoenstatt\"},\"image\":{\"@id\":\"https:\\\/\\\/schoenstatt.com\\\/pt-pt\\\/#\\\/schema\\\/logo\\\/image\\\/\"}},{\"@type\":\"Person\",\"@id\":\"https:\\\/\\\/schoenstatt.com\\\/pt-pt\\\/#\\\/schema\\\/person\\\/5158877ad4acae98b34daaeef2a1ce6e\",\"name\":\"Karen Bueno\",\"image\":{\"@type\":\"ImageObject\",\"inLanguage\":\"pt-PT\",\"@id\":\"https:\\\/\\\/secure.gravatar.com\\\/avatar\\\/f9f4b823873154269d2b2130f195f6d41037dd0d7fc5f3cacb5c846bae70d66b?s=96&d=mm&r=g\",\"url\":\"https:\\\/\\\/secure.gravatar.com\\\/avatar\\\/f9f4b823873154269d2b2130f195f6d41037dd0d7fc5f3cacb5c846bae70d66b?s=96&d=mm&r=g\",\"contentUrl\":\"https:\\\/\\\/secure.gravatar.com\\\/avatar\\\/f9f4b823873154269d2b2130f195f6d41037dd0d7fc5f3cacb5c846bae70d66b?s=96&d=mm&r=g\",\"caption\":\"Karen Bueno\"},\"url\":\"https:\\\/\\\/schoenstatt.com\\\/pt-pt\\\/author\\\/karen-bueno\\\/\"}]}<\/script>\n<!-- \/ Yoast SEO Premium plugin. -->","yoast_head_json":{"title":"22 de Maio: Dia de Gratid\u00e3o no Santu\u00e1rio Original \u2013 Participe! - Schoenstatt","description":"22 de maio tornou-se um dia especial de agradecimento: o Santu\u00e1rio Original foi presenteado ao nosso Movimento.","robots":{"index":"index","follow":"follow","max-snippet":"max-snippet:-1","max-image-preview":"max-image-preview:large","max-video-preview":"max-video-preview:-1"},"canonical":"https:\/\/schoenstatt.com\/pt-pt\/22-de-maio-dia-de-gratidao-no-santuario-original-participe\/","og_locale":"pt_PT","og_type":"article","og_title":"22 de Maio: Dia de Gratid\u00e3o no Santu\u00e1rio Original \u2013 Participe!","og_description":"22 de maio tornou-se um dia especial de agradecimento: o Santu\u00e1rio Original foi presenteado ao nosso Movimento.","og_url":"https:\/\/schoenstatt.com\/pt-pt\/22-de-maio-dia-de-gratidao-no-santuario-original-participe\/","og_site_name":"Schoenstatt","article_published_time":"2025-05-22T01:05:00+00:00","article_modified_time":"2025-08-21T02:36:07+00:00","og_image":[{"width":1152,"height":810,"url":"https:\/\/schoenstatt.com\/wp-content\/uploads\/2025\/05\/urheiligtum.jpg","type":"image\/jpeg"}],"author":"Karen Bueno","twitter_card":"summary_large_image","twitter_misc":{"Escrito por":"Karen Bueno","Tempo estimado de leitura":"1 minuto"},"schema":{"@context":"https:\/\/schema.org","@graph":[{"@type":"Article","@id":"https:\/\/schoenstatt.com\/pt-pt\/22-de-maio-dia-de-gratidao-no-santuario-original-participe\/#article","isPartOf":{"@id":"https:\/\/schoenstatt.com\/pt-pt\/22-de-maio-dia-de-gratidao-no-santuario-original-participe\/"},"author":{"name":"Karen Bueno","@id":"https:\/\/schoenstatt.com\/pt-pt\/#\/schema\/person\/5158877ad4acae98b34daaeef2a1ce6e"},"headline":"22 de Maio: Dia de Gratid\u00e3o no Santu\u00e1rio Original \u2013 Participe!","datePublished":"2025-05-22T01:05:00+00:00","dateModified":"2025-08-21T02:36:07+00:00","mainEntityOfPage":{"@id":"https:\/\/schoenstatt.com\/pt-pt\/22-de-maio-dia-de-gratidao-no-santuario-original-participe\/"},"wordCount":129,"publisher":{"@id":"https:\/\/schoenstatt.com\/pt-pt\/#organization"},"image":{"@id":"https:\/\/schoenstatt.com\/pt-pt\/22-de-maio-dia-de-gratidao-no-santuario-original-participe\/#primaryimage"},"thumbnailUrl":"https:\/\/schoenstatt.com\/wp-content\/uploads\/2025\/05\/urheiligtum.jpg","keywords":["Santu\u00e1rio Original"],"articleSection":["Santu\u00e1rio Original"],"inLanguage":"pt-PT"},{"@type":"WebPage","@id":"https:\/\/schoenstatt.com\/pt-pt\/22-de-maio-dia-de-gratidao-no-santuario-original-participe\/","url":"https:\/\/schoenstatt.com\/pt-pt\/22-de-maio-dia-de-gratidao-no-santuario-original-participe\/","name":"22 de Maio: Dia de Gratid\u00e3o no Santu\u00e1rio Original \u2013 Participe! - Schoenstatt","isPartOf":{"@id":"https:\/\/schoenstatt.com\/pt-pt\/#website"},"primaryImageOfPage":{"@id":"https:\/\/schoenstatt.com\/pt-pt\/22-de-maio-dia-de-gratidao-no-santuario-original-participe\/#primaryimage"},"image":{"@id":"https:\/\/schoenstatt.com\/pt-pt\/22-de-maio-dia-de-gratidao-no-santuario-original-participe\/#primaryimage"},"thumbnailUrl":"https:\/\/schoenstatt.com\/wp-content\/uploads\/2025\/05\/urheiligtum.jpg","datePublished":"2025-05-22T01:05:00+00:00","dateModified":"2025-08-21T02:36:07+00:00","description":"22 de maio tornou-se um dia especial de agradecimento: o Santu\u00e1rio Original foi presenteado ao nosso Movimento.","breadcrumb":{"@id":"https:\/\/schoenstatt.com\/pt-pt\/22-de-maio-dia-de-gratidao-no-santuario-original-participe\/#breadcrumb"},"inLanguage":"pt-PT","potentialAction":[{"@type":"ReadAction","target":["https:\/\/schoenstatt.com\/pt-pt\/22-de-maio-dia-de-gratidao-no-santuario-original-participe\/"]}]},{"@type":"ImageObject","inLanguage":"pt-PT","@id":"https:\/\/schoenstatt.com\/pt-pt\/22-de-maio-dia-de-gratidao-no-santuario-original-participe\/#primaryimage","url":"https:\/\/schoenstatt.com\/wp-content\/uploads\/2025\/05\/urheiligtum.jpg","contentUrl":"https:\/\/schoenstatt.com\/wp-content\/uploads\/2025\/05\/urheiligtum.jpg","width":1152,"height":810},{"@type":"BreadcrumbList","@id":"https:\/\/schoenstatt.com\/pt-pt\/22-de-maio-dia-de-gratidao-no-santuario-original-participe\/#breadcrumb","itemListElement":[{"@type":"ListItem","position":1,"name":"Portada","item":"https:\/\/schoenstatt.com\/pt-pt\/home\/"},{"@type":"ListItem","position":2,"name":"22 de Maio: Dia de Gratid\u00e3o no Santu\u00e1rio Original \u2013 Participe!"}]},{"@type":"WebSite","@id":"https:\/\/schoenstatt.com\/pt-pt\/#website","url":"https:\/\/schoenstatt.com\/pt-pt\/","name":"Schoenstatt","description":"Apostolic Movement","publisher":{"@id":"https:\/\/schoenstatt.com\/pt-pt\/#organization"},"potentialAction":[{"@type":"SearchAction","target":{"@type":"EntryPoint","urlTemplate":"https:\/\/schoenstatt.com\/pt-pt\/?s={search_term_string}"},"query-input":{"@type":"PropertyValueSpecification","valueRequired":true,"valueName":"search_term_string"}}],"inLanguage":"pt-PT"},{"@type":"Organization","@id":"https:\/\/schoenstatt.com\/pt-pt\/#organization","name":"Schoenstatt","url":"https:\/\/schoenstatt.com\/pt-pt\/","logo":{"@type":"ImageObject","inLanguage":"pt-PT","@id":"https:\/\/schoenstatt.com\/pt-pt\/#\/schema\/logo\/image\/","url":"https:\/\/schoenstatt.com\/wp-content\/uploads\/2025\/04\/logo-schoenstatt-white-696x696-1.png","contentUrl":"https:\/\/schoenstatt.com\/wp-content\/uploads\/2025\/04\/logo-schoenstatt-white-696x696-1.png","width":696,"height":694,"caption":"Schoenstatt"},"image":{"@id":"https:\/\/schoenstatt.com\/pt-pt\/#\/schema\/logo\/image\/"}},{"@type":"Person","@id":"https:\/\/schoenstatt.com\/pt-pt\/#\/schema\/person\/5158877ad4acae98b34daaeef2a1ce6e","name":"Karen Bueno","image":{"@type":"ImageObject","inLanguage":"pt-PT","@id":"https:\/\/secure.gravatar.com\/avatar\/f9f4b823873154269d2b2130f195f6d41037dd0d7fc5f3cacb5c846bae70d66b?s=96&d=mm&r=g","url":"https:\/\/secure.gravatar.com\/avatar\/f9f4b823873154269d2b2130f195f6d41037dd0d7fc5f3cacb5c846bae70d66b?s=96&d=mm&r=g","contentUrl":"https:\/\/secure.gravatar.com\/avatar\/f9f4b823873154269d2b2130f195f6d41037dd0d7fc5f3cacb5c846bae70d66b?s=96&d=mm&r=g","caption":"Karen Bueno"},"url":"https:\/\/schoenstatt.com\/pt-pt\/author\/karen-bueno\/"}]}},"_links":{"self":[{"href":"https:\/\/schoenstatt.com\/pt-pt\/wp-json\/wp\/v2\/posts\/57196","targetHints":{"allow":["GET"]}}],"collection":[{"href":"https:\/\/schoenstatt.com\/pt-pt\/wp-json\/wp\/v2\/posts"}],"about":[{"href":"https:\/\/schoenstatt.com\/pt-pt\/wp-json\/wp\/v2\/types\/post"}],"author":[{"embeddable":true,"href":"https:\/\/schoenstatt.com\/pt-pt\/wp-json\/wp\/v2\/users\/3"}],"replies":[{"embeddable":true,"href":"https:\/\/schoenstatt.com\/pt-pt\/wp-json\/wp\/v2\/comments?post=57196"}],"version-history":[{"count":1,"href":"https:\/\/schoenstatt.com\/pt-pt\/wp-json\/wp\/v2\/posts\/57196\/revisions"}],"predecessor-version":[{"id":57197,"href":"https:\/\/schoenstatt.com\/pt-pt\/wp-json\/wp\/v2\/posts\/57196\/revisions\/57197"}],"wp:featuredmedia":[{"embeddable":true,"href":"https:\/\/schoenstatt.com\/pt-pt\/wp-json\/wp\/v2\/media\/57193"}],"wp:attachment":[{"href":"https:\/\/schoenstatt.com\/pt-pt\/wp-json\/wp\/v2\/media?parent=57196"}],"wp:term":[{"taxonomy":"category","embeddable":true,"href":"https:\/\/schoenstatt.com\/pt-pt\/wp-json\/wp\/v2\/categories?post=57196"},{"taxonomy":"post_tag","embeddable":true,"href":"https:\/\/schoenstatt.com\/pt-pt\/wp-json\/wp\/v2\/tags?post=57196"}],"curies":[{"name":"wp","href":"https:\/\/api.w.org\/{rel}","templated":true}]}}