{"id":57094,"date":"2025-05-21T13:18:25","date_gmt":"2025-05-21T11:18:25","guid":{"rendered":"https:\/\/schoenstatt.com\/?p=57094"},"modified":"2025-08-21T04:04:04","modified_gmt":"2025-08-21T02:04:04","slug":"nos-romanos-na-praca-de-sao-pedro-para-a-proclamacao-de-leao-xiv","status":"publish","type":"post","link":"https:\/\/schoenstatt.com\/pt-pt\/nos-romanos-na-praca-de-sao-pedro-para-a-proclamacao-de-leao-xiv\/","title":{"rendered":"N\u00f3s, romanos, na Pra\u00e7a de S\u00e3o Pedro, para a proclama\u00e7\u00e3o de Le\u00e3o XIV"},"content":{"rendered":"\n<p><strong><strong>A caminhada at\u00e9 a Pra\u00e7a de S\u00e3o Pedro e a espera<\/strong><\/strong><\/p>\n\n\n\n<p>Na tarde do dia 8 de maio, minhas filhas estavam diante da televis\u00e3o, fixando a imagem ao vivo da chamin\u00e9 da Capela Sistina, esperando a fuma\u00e7a que anunciaria o resultado da vota\u00e7\u00e3o do Conclave, que pens\u00e1vamos que seria sem sucesso. <strong>\u201cFuma\u00e7a branca!\u201d<\/strong>, gritou uma das minhas filhas e imediatamente nos invadiu um sentimento de surpresa pela nomea\u00e7\u00e3o t\u00e3o r\u00e1pida e de alegria por ter um novo pont\u00edfice.<\/p>\n\n\n\n<p>Sem pensar duas vezes, sa\u00edmos de casa, pegamos o carro e seguimos para a Pra\u00e7a de S\u00e3o Pedro: \u00e9 um acontecimento t\u00e3o importante para n\u00f3s, para nossa pobre f\u00e9, que n\u00e3o podemos perder.<\/p>\n\n\n\n<p><strong>Chegar \u00e0 Pra\u00e7a foi uma aventura<\/strong>: primeiro encontramos um tr\u00e2nsito surreal, depois fomos socorridos pelo estacionamento de v\u00e1rios andares do Gianicolo, colina em frente a S\u00e3o Pedro, que nos permitiu chegar sem mais demoras ao colunato de Bernini. Sab\u00edamos, pela televis\u00e3o, que havia muitos fi\u00e9is e peregrinos na Pra\u00e7a de S\u00e3o Pedro, mas tivemos uma surpresa: outras 150 mil pessoas (estimativa oficial) tiveram a mesma ideia que n\u00f3s e se aglomeravam para entrar na Via della Conciliazione ou na Pra\u00e7a.<\/p>\n\n\n\n<figure class=\"wp-block-gallery has-nested-images columns-default is-cropped wp-block-gallery-1 is-layout-flex wp-block-gallery-is-layout-flex\">\n<figure class=\"wp-block-image size-large\"><img fetchpriority=\"high\" decoding=\"async\" width=\"1152\" height=\"2048\" data-id=\"57060\" src=\"https:\/\/schoenstatt.com\/wp-content\/uploads\/2025\/05\/vatican-2.jpg\" alt=\"\" class=\"wp-image-57060\" srcset=\"https:\/\/schoenstatt.com\/wp-content\/uploads\/2025\/05\/vatican-2.jpg 1152w, https:\/\/schoenstatt.com\/wp-content\/uploads\/2025\/05\/vatican-2-768x1365.jpg 768w, https:\/\/schoenstatt.com\/wp-content\/uploads\/2025\/05\/vatican-2-864x1536.jpg 864w\" sizes=\"(max-width: 1152px) 100vw, 1152px\" \/><\/figure>\n\n\n\n<figure class=\"wp-block-image size-large\"><img decoding=\"async\" width=\"1441\" height=\"2560\" data-id=\"57065\" src=\"https:\/\/schoenstatt.com\/wp-content\/uploads\/2025\/05\/vatican-1-scaled.jpg\" alt=\"\" class=\"wp-image-57065\" srcset=\"https:\/\/schoenstatt.com\/wp-content\/uploads\/2025\/05\/vatican-1-scaled.jpg 1441w, https:\/\/schoenstatt.com\/wp-content\/uploads\/2025\/05\/vatican-1-768x1364.jpg 768w, https:\/\/schoenstatt.com\/wp-content\/uploads\/2025\/05\/vatican-1-865x1536.jpg 865w, https:\/\/schoenstatt.com\/wp-content\/uploads\/2025\/05\/vatican-1-1153x2048.jpg 1153w\" sizes=\"(max-width: 1441px) 100vw, 1441px\" \/><\/figure>\n<\/figure>\n\n\n\n<p>N\u00e3o desanimamos e nos inserimos no fluxo de peregrinos, aglomerando-nos no final em dire\u00e7\u00e3o aos detectores de metal para acessar a Pra\u00e7a. Ainda n\u00e3o acredito, mas conseguimos chegar at\u00e9 a Pra\u00e7a, perto do obelisco, 30 minutos antes da proclama\u00e7\u00e3o do novo Papa. N\u00e3o sab\u00edamos, como todos, quem seria, e a alegre expectativa estava no ar.<\/p>\n\n\n\n<p><strong>Os celulares estavam prontos para capturar algumas fotos ou v\u00eddeos<\/strong> do momento, mesmo que a conex\u00e3o com a internet n\u00e3o estivesse funcionando para ningu\u00e9m. A pra\u00e7a estava cheia de peregrinos vindos realmente de todo o mundo, tamb\u00e9m para o jubileu, e os fi\u00e9is italianos esperavam por um nome de seu pr\u00f3prio pa\u00eds. Para n\u00f3s, romanos, a figura do Papa faz parte do \u201cpanorama da cidade\u201d, da consist\u00eancia da nossa identidade profunda, \u00e9 uma presen\u00e7a da qual n\u00e3o podemos prescindir, mesmo para os n\u00e3o crentes, e a origem do pont\u00edfice, no fundo, n\u00e3o tem grande import\u00e2ncia, porque ele \u00e9 o nosso bispo\u2026 De fato, amamos profundamente os pont\u00edfices anteriores e nos alegramos e rezamos por eles.<\/p>\n\n\n\n<h3 class=\"wp-block-heading\" id=\"h-a-proclamacao\">A proclama\u00e7\u00e3o<\/h3>\n\n\n\n<p>Finalmente, a cortina da varanda central da bas\u00edlica foi aberta e o Cardeal Protodi\u00e1cono pronunciou a frase que todos conhecemos: <em>Habemus Papam<\/em>.<\/p>\n\n\n\n<figure class=\"wp-block-image aligncenter size-full is-resized\"><img decoding=\"async\" width=\"1124\" height=\"2048\" src=\"https:\/\/schoenstatt.com\/wp-content\/uploads\/2025\/05\/Vatican-Roma-2.jpg\" alt=\"\" class=\"wp-image-57070\" style=\"width:500px\" srcset=\"https:\/\/schoenstatt.com\/wp-content\/uploads\/2025\/05\/Vatican-Roma-2.jpg 1124w, https:\/\/schoenstatt.com\/wp-content\/uploads\/2025\/05\/Vatican-Roma-2-768x1399.jpg 768w, https:\/\/schoenstatt.com\/wp-content\/uploads\/2025\/05\/Vatican-Roma-2-843x1536.jpg 843w\" sizes=\"(max-width: 1124px) 100vw, 1124px\" \/><\/figure>\n\n\n\n<p>Ficamos, assim, sabendo sobre a nomea\u00e7\u00e3o do cardeal Robert Francis Prevost como Papa, com o nome de Le\u00e3o XIV. Entre os fi\u00e9is italianos, espalhou-se um sentimento de curiosidade para saber quem era o novo Papa e por que escolheu esse nome. Pouco depois, alguns fi\u00e9is, obtendo informa\u00e7\u00f5es gra\u00e7as ao fraco sinal de internet presente, compartilharam a not\u00edcia da origem americana do pont\u00edfice, que apareceu ao lado dos outros cardeais. Nos tel\u00f5es da pra\u00e7a, percebemos em seu sil\u00eancio inicial e em seu olhar comovido uma grande emo\u00e7\u00e3o, que tamb\u00e9m nos envolvia a todos.<\/p>\n\n\n\n<p>Come\u00e7ou o discurso do Papa, t\u00e3o longo e intenso como talvez eu nunca tenha ouvido nas outras proclama\u00e7\u00f5es a que assisti. Ressoaram algumas palavras-chave que chegaram \u00e0s nossas mentes e aos nossos cora\u00e7\u00f5es como se fossem marcos hist\u00f3ricos: <strong>paz<\/strong> (repetida 8 vezes), <strong>Papa Francisco <\/strong>(repetida 2 vezes), <strong>Roma <\/strong>(repetida 4 vezes), <strong>mundo<\/strong> (repetida 4 vezes),<strong> Igreja<\/strong> (repetida 9 vezes), <strong>ponte\/pontes <\/strong>(repetida 3 vezes), <strong>Maria<\/strong>, a quem dedicou os dois \u00faltimos per\u00edodos de encerramento do discurso.<\/p>\n\n\n\n<p>A declara\u00e7\u00e3o de suas inten\u00e7\u00f5es nos impressionaram imediatamente: <em>\u201cqueremos ser uma Igreja sinodal, uma Igreja a caminho, uma Igreja que busca sempre a paz, que busca sempre a caridade, que busca sempre estar pr\u00f3xima, sobretudo daqueles que sofrem\u201d.<\/em> Isso nos lembrou a express\u00e3o do Papa Francisco de uma <em>\u201cIgreja em sa\u00edda\u201d<\/em>, que, em Le\u00e3o XIV, se torna a Igreja que dialoga e que \u201cconstr\u00f3i pontes\u201d. Essas frases chegaram ao nosso cora\u00e7\u00e3o como o refr\u00e3o de um salmo muito longo que quer dar continuidade \u00e0 Igreja em sa\u00edda de Francisco com uma Igreja que dialoga e se une aos demais para construir um mundo novo.<\/p>\n\n\n\n<h3 class=\"wp-block-heading\" id=\"h-o-novo-pontifice\">O novo pont\u00edfice<\/h3>\n\n\n\n<p>O Papa Le\u00e3o XIV, j\u00e1 em sua sauda\u00e7\u00e3o inicial, comunicou sua trajet\u00f3ria, sua origem na ordem de Santo Agostinho e sua miss\u00e3o como sacerdote e bispo no Peru, onde obteve cidadania, apesar de ter nascido em Chicago (EUA).<\/p>\n\n\n\n<figure class=\"wp-block-image aligncenter size-full is-resized\"><img loading=\"lazy\" decoding=\"async\" width=\"1536\" height=\"2048\" src=\"https:\/\/schoenstatt.com\/wp-content\/uploads\/2025\/05\/Family-Vatican-Roma.jpg\" alt=\"\" class=\"wp-image-57086\" style=\"width:500px;height:auto\" srcset=\"https:\/\/schoenstatt.com\/wp-content\/uploads\/2025\/05\/Family-Vatican-Roma.jpg 1536w, https:\/\/schoenstatt.com\/wp-content\/uploads\/2025\/05\/Family-Vatican-Roma-768x1024.jpg 768w, https:\/\/schoenstatt.com\/wp-content\/uploads\/2025\/05\/Family-Vatican-Roma-1152x1536.jpg 1152w\" sizes=\"(max-width: 1536px) 100vw, 1536px\" \/><figcaption class=\"wp-element-caption\">Chegamos \u00e0 Pra\u00e7a de S\u00e3o Pedro 30 minutos antes do novo Papa ser anunciado<\/figcaption><\/figure>\n\n\n\n<p>No in\u00edcio de 2023, foi nomeado pelo Papa Francisco prefeito do Dicast\u00e9rio para os Bispos, mas tamb\u00e9m foi presidente da Pontif\u00edcia Comiss\u00e3o para a Am\u00e9rica Latina, tornando-se assim um pouco romano.<\/p>\n\n\n\n<p>Talvez o epis\u00f3dio mais marcante seja aquele <a href=\"https:\/\/www.vaticannews.va\/pt\/papa\/news\/2025-05\/diocese-de-chiclayobispo-prevost-missionario-entre-o-povo.html\" target=\"_blank\" rel=\"noreferrer noopener\">compartilhado pela Irm\u00e3 Karina Gonzales, no Vatican News<\/a>, contando que o Papa Le\u00e3o XIV, quando era mission\u00e1rio no Peru, para alcan\u00e7ar todos os seus fi\u00e9is espalhados pela diocese, mesmo em \u00e1reas de dif\u00edcil acesso, partia a cavalo para chegar \u00e0 regi\u00e3o da Sierra del Norte, uma regi\u00e3o montanhosa andina. Um pastor, portanto, que tem a seus fi\u00e9is no cora\u00e7\u00e3o e faz de tudo para alcan\u00e7\u00e1-los e assisti-los.<\/p>\n\n\n\n<h3 class=\"wp-block-heading\" id=\"h-o-nome-leao-xiv\">O nome Le\u00e3o XIV<\/h3>\n\n\n\n<p>Quando soubemos o nome, todos os fi\u00e9is presentes em S\u00e3o Pedro se perguntaram as raz\u00f5es dessa escolha. Todos os especialistas no assunto lembraram a liga\u00e7\u00e3o com o Papa Le\u00e3o XIII (Vincenzo Gioacchino Raffaele Luigi Pecci, 256\u00ba bispo de Roma, que foi Papa de 1878 a 1903) que, em minha opini\u00e3o, se destacou por valorizar a teologia de S\u00e3o Tom\u00e1s de Aquino nos estudos teol\u00f3gicos e por ter procurado dialogar com o mundo (est\u00e1vamos ap\u00f3s a conquista do Estado Pontif\u00edcio e em tempos de desenvolvimento do modernismo, do capitalismo e, consequentemente, do socialismo). Sua obra foi conclu\u00edda com a enc\u00edclica <em>Rerum novarum<\/em> (1891), ainda hoje muito importante, que constituiu o fundamento te\u00f3rico da doutrina social da Igreja Cat\u00f3lica e representou a resposta da Igreja aos problemas da \u00e9poca (que ainda nos afligem, embora de forma diferente).<\/p>\n\n\n\n<p>N\u00f3s, romanos, gostamos, por\u00e9m, de pensar que a escolha do nome tamb\u00e9m foi inspirada pela mem\u00f3ria de Le\u00e3o I, pont\u00edfice de 440 a 461, que est\u00e1 particularmente ligado ao encontro com \u00c1tila, soberano dos hunos, para tentar dissuadi-lo de avan\u00e7ar contra Roma (epis\u00f3dio que est\u00e1 representado por um afresco de Rafael, de 1513, nos Museus do Vaticano) e nos acontecimentos de 455, quando conseguiu salvar Roma do saque de v\u00e2ndalos, protegendo a popula\u00e7\u00e3o e as principais bas\u00edlicas.<\/p>\n\n\n\n<figure class=\"wp-block-image size-full\"><img loading=\"lazy\" decoding=\"async\" width=\"2000\" height=\"1126\" src=\"https:\/\/schoenstatt.com\/wp-content\/uploads\/2025\/05\/Vatican-Roma-3.jpg\" alt=\"\" class=\"wp-image-57081\" srcset=\"https:\/\/schoenstatt.com\/wp-content\/uploads\/2025\/05\/Vatican-Roma-3.jpg 2000w, https:\/\/schoenstatt.com\/wp-content\/uploads\/2025\/05\/Vatican-Roma-3-768x432.jpg 768w, https:\/\/schoenstatt.com\/wp-content\/uploads\/2025\/05\/Vatican-Roma-3-1536x865.jpg 1536w\" sizes=\"(max-width: 2000px) 100vw, 2000px\" \/><\/figure>\n\n\n\n<p>No final deste dia emocionante e importante, voltam \u00e0 mente \u2013 como um tra\u00e7o que gostamos de pensar tamb\u00e9m do pontificado \u2013 algumas palavras ditas por Dom Prevost em uma entrevista que ele deu em maio de 2023 ao diretor editorial do Vatican News: <em>\u201cMinha voca\u00e7\u00e3o, como a de todo crist\u00e3o, \u00e9 ser mission\u00e1rio, anunciar o Evangelho onde quer que se esteja\u201d.<\/em> Indignamente, queremos seguir este caminho\u2026<\/p>\n\n\n\n<p><strong>Tradu\u00e7\u00e3o:<\/strong> Karen Bueno<\/p>\n","protected":false},"excerpt":{"rendered":"<p>Como a Fam\u00edlia de Schoenstatt de Roma viveu o an\u00fancio do novo Papa? Correria, expectativa e emo\u00e7\u00e3o na corrida at\u00e9 a Pra\u00e7a de S\u00e3o Pedro.<\/p>\n","protected":false},"author":3,"featured_media":57084,"comment_status":"closed","ping_status":"closed","sticky":false,"template":"","format":"standard","meta":{"footnotes":""},"categories":[876,608],"tags":[1107],"class_list":["post-57094","post","type-post","status-publish","format-standard","has-post-thumbnail","hentry","category-familia-pt-pt","category-igreja-pt-pt","tag-roma-pt-pt"],"yoast_head":"<!-- This site is optimized with the Yoast SEO Premium plugin v27.4 (Yoast SEO v27.5) - https:\/\/yoast.com\/product\/yoast-seo-premium-wordpress\/ -->\n<title>N\u00f3s, romanos, na Pra\u00e7a de S\u00e3o Pedro, para a proclama\u00e7\u00e3o de Le\u00e3o XIV<\/title>\n<meta name=\"description\" content=\"Como a Fam\u00edlia de Schoenstatt de Roma viveu o an\u00fancio do novo Papa? Correria, expectativa e emo\u00e7\u00e3o na corrida at\u00e9 a Pra\u00e7a de S\u00e3o Pedro.\" \/>\n<meta name=\"robots\" content=\"index, follow, max-snippet:-1, max-image-preview:large, max-video-preview:-1\" \/>\n<link rel=\"canonical\" href=\"https:\/\/schoenstatt.com\/pt-pt\/nos-romanos-na-praca-de-sao-pedro-para-a-proclamacao-de-leao-xiv\/\" \/>\n<meta property=\"og:locale\" content=\"pt_PT\" \/>\n<meta property=\"og:type\" content=\"article\" \/>\n<meta property=\"og:title\" content=\"N\u00f3s, romanos, na Pra\u00e7a de S\u00e3o Pedro, para a proclama\u00e7\u00e3o de Le\u00e3o XIV\" \/>\n<meta property=\"og:description\" content=\"Como a Fam\u00edlia de Schoenstatt de Roma viveu o an\u00fancio do novo Papa? Correria, expectativa e emo\u00e7\u00e3o na corrida at\u00e9 a Pra\u00e7a de S\u00e3o Pedro.\" \/>\n<meta property=\"og:url\" content=\"https:\/\/schoenstatt.com\/pt-pt\/nos-romanos-na-praca-de-sao-pedro-para-a-proclamacao-de-leao-xiv\/\" \/>\n<meta property=\"og:site_name\" content=\"Schoenstatt\" \/>\n<meta property=\"article:published_time\" content=\"2025-05-21T11:18:25+00:00\" \/>\n<meta property=\"article:modified_time\" content=\"2025-08-21T02:04:04+00:00\" \/>\n<meta property=\"og:image\" content=\"https:\/\/schoenstatt.com\/wp-content\/uploads\/2025\/05\/Vatican-Roma-3.jpg\" \/>\n\t<meta property=\"og:image:width\" content=\"2000\" \/>\n\t<meta property=\"og:image:height\" content=\"1126\" \/>\n\t<meta property=\"og:image:type\" content=\"image\/jpeg\" \/>\n<meta name=\"author\" content=\"Karen Bueno\" \/>\n<meta name=\"twitter:card\" content=\"summary_large_image\" \/>\n<meta name=\"twitter:label1\" content=\"Escrito por\" \/>\n\t<meta name=\"twitter:data1\" content=\"Karen Bueno\" \/>\n\t<meta name=\"twitter:label2\" content=\"Tempo estimado de leitura\" \/>\n\t<meta name=\"twitter:data2\" content=\"7 minutos\" \/>\n<script type=\"application\/ld+json\" class=\"yoast-schema-graph\">{\"@context\":\"https:\\\/\\\/schema.org\",\"@graph\":[{\"@type\":\"Article\",\"@id\":\"https:\\\/\\\/schoenstatt.com\\\/pt-pt\\\/nos-romanos-na-praca-de-sao-pedro-para-a-proclamacao-de-leao-xiv\\\/#article\",\"isPartOf\":{\"@id\":\"https:\\\/\\\/schoenstatt.com\\\/pt-pt\\\/nos-romanos-na-praca-de-sao-pedro-para-a-proclamacao-de-leao-xiv\\\/\"},\"author\":{\"name\":\"Karen Bueno\",\"@id\":\"https:\\\/\\\/schoenstatt.com\\\/pt-pt\\\/#\\\/schema\\\/person\\\/5158877ad4acae98b34daaeef2a1ce6e\"},\"headline\":\"N\u00f3s, romanos, na Pra\u00e7a de S\u00e3o Pedro, para a proclama\u00e7\u00e3o de Le\u00e3o XIV\",\"datePublished\":\"2025-05-21T11:18:25+00:00\",\"dateModified\":\"2025-08-21T02:04:04+00:00\",\"mainEntityOfPage\":{\"@id\":\"https:\\\/\\\/schoenstatt.com\\\/pt-pt\\\/nos-romanos-na-praca-de-sao-pedro-para-a-proclamacao-de-leao-xiv\\\/\"},\"wordCount\":1234,\"publisher\":{\"@id\":\"https:\\\/\\\/schoenstatt.com\\\/pt-pt\\\/#organization\"},\"image\":{\"@id\":\"https:\\\/\\\/schoenstatt.com\\\/pt-pt\\\/nos-romanos-na-praca-de-sao-pedro-para-a-proclamacao-de-leao-xiv\\\/#primaryimage\"},\"thumbnailUrl\":\"https:\\\/\\\/schoenstatt.com\\\/wp-content\\\/uploads\\\/2025\\\/05\\\/Vatican-Roma-3.jpg\",\"keywords\":[\"Roma\"],\"articleSection\":[\"Fam\u00edlia\",\"Igreja\"],\"inLanguage\":\"pt-PT\"},{\"@type\":\"WebPage\",\"@id\":\"https:\\\/\\\/schoenstatt.com\\\/pt-pt\\\/nos-romanos-na-praca-de-sao-pedro-para-a-proclamacao-de-leao-xiv\\\/\",\"url\":\"https:\\\/\\\/schoenstatt.com\\\/pt-pt\\\/nos-romanos-na-praca-de-sao-pedro-para-a-proclamacao-de-leao-xiv\\\/\",\"name\":\"N\u00f3s, romanos, na Pra\u00e7a de S\u00e3o Pedro, para a proclama\u00e7\u00e3o de Le\u00e3o XIV\",\"isPartOf\":{\"@id\":\"https:\\\/\\\/schoenstatt.com\\\/pt-pt\\\/#website\"},\"primaryImageOfPage\":{\"@id\":\"https:\\\/\\\/schoenstatt.com\\\/pt-pt\\\/nos-romanos-na-praca-de-sao-pedro-para-a-proclamacao-de-leao-xiv\\\/#primaryimage\"},\"image\":{\"@id\":\"https:\\\/\\\/schoenstatt.com\\\/pt-pt\\\/nos-romanos-na-praca-de-sao-pedro-para-a-proclamacao-de-leao-xiv\\\/#primaryimage\"},\"thumbnailUrl\":\"https:\\\/\\\/schoenstatt.com\\\/wp-content\\\/uploads\\\/2025\\\/05\\\/Vatican-Roma-3.jpg\",\"datePublished\":\"2025-05-21T11:18:25+00:00\",\"dateModified\":\"2025-08-21T02:04:04+00:00\",\"description\":\"Como a Fam\u00edlia de Schoenstatt de Roma viveu o an\u00fancio do novo Papa? Correria, expectativa e emo\u00e7\u00e3o na corrida at\u00e9 a Pra\u00e7a de S\u00e3o Pedro.\",\"breadcrumb\":{\"@id\":\"https:\\\/\\\/schoenstatt.com\\\/pt-pt\\\/nos-romanos-na-praca-de-sao-pedro-para-a-proclamacao-de-leao-xiv\\\/#breadcrumb\"},\"inLanguage\":\"pt-PT\",\"potentialAction\":[{\"@type\":\"ReadAction\",\"target\":[\"https:\\\/\\\/schoenstatt.com\\\/pt-pt\\\/nos-romanos-na-praca-de-sao-pedro-para-a-proclamacao-de-leao-xiv\\\/\"]}]},{\"@type\":\"ImageObject\",\"inLanguage\":\"pt-PT\",\"@id\":\"https:\\\/\\\/schoenstatt.com\\\/pt-pt\\\/nos-romanos-na-praca-de-sao-pedro-para-a-proclamacao-de-leao-xiv\\\/#primaryimage\",\"url\":\"https:\\\/\\\/schoenstatt.com\\\/wp-content\\\/uploads\\\/2025\\\/05\\\/Vatican-Roma-3.jpg\",\"contentUrl\":\"https:\\\/\\\/schoenstatt.com\\\/wp-content\\\/uploads\\\/2025\\\/05\\\/Vatican-Roma-3.jpg\",\"width\":2000,\"height\":1126},{\"@type\":\"BreadcrumbList\",\"@id\":\"https:\\\/\\\/schoenstatt.com\\\/pt-pt\\\/nos-romanos-na-praca-de-sao-pedro-para-a-proclamacao-de-leao-xiv\\\/#breadcrumb\",\"itemListElement\":[{\"@type\":\"ListItem\",\"position\":1,\"name\":\"Portada\",\"item\":\"https:\\\/\\\/schoenstatt.com\\\/pt-pt\\\/home\\\/\"},{\"@type\":\"ListItem\",\"position\":2,\"name\":\"N\u00f3s, romanos, na Pra\u00e7a de S\u00e3o Pedro, para a proclama\u00e7\u00e3o de Le\u00e3o XIV\"}]},{\"@type\":\"WebSite\",\"@id\":\"https:\\\/\\\/schoenstatt.com\\\/pt-pt\\\/#website\",\"url\":\"https:\\\/\\\/schoenstatt.com\\\/pt-pt\\\/\",\"name\":\"Schoenstatt\",\"description\":\"Apostolic Movement\",\"publisher\":{\"@id\":\"https:\\\/\\\/schoenstatt.com\\\/pt-pt\\\/#organization\"},\"potentialAction\":[{\"@type\":\"SearchAction\",\"target\":{\"@type\":\"EntryPoint\",\"urlTemplate\":\"https:\\\/\\\/schoenstatt.com\\\/pt-pt\\\/?s={search_term_string}\"},\"query-input\":{\"@type\":\"PropertyValueSpecification\",\"valueRequired\":true,\"valueName\":\"search_term_string\"}}],\"inLanguage\":\"pt-PT\"},{\"@type\":\"Organization\",\"@id\":\"https:\\\/\\\/schoenstatt.com\\\/pt-pt\\\/#organization\",\"name\":\"Schoenstatt\",\"url\":\"https:\\\/\\\/schoenstatt.com\\\/pt-pt\\\/\",\"logo\":{\"@type\":\"ImageObject\",\"inLanguage\":\"pt-PT\",\"@id\":\"https:\\\/\\\/schoenstatt.com\\\/pt-pt\\\/#\\\/schema\\\/logo\\\/image\\\/\",\"url\":\"https:\\\/\\\/schoenstatt.com\\\/wp-content\\\/uploads\\\/2025\\\/04\\\/logo-schoenstatt-white-696x696-1.png\",\"contentUrl\":\"https:\\\/\\\/schoenstatt.com\\\/wp-content\\\/uploads\\\/2025\\\/04\\\/logo-schoenstatt-white-696x696-1.png\",\"width\":696,\"height\":694,\"caption\":\"Schoenstatt\"},\"image\":{\"@id\":\"https:\\\/\\\/schoenstatt.com\\\/pt-pt\\\/#\\\/schema\\\/logo\\\/image\\\/\"}},{\"@type\":\"Person\",\"@id\":\"https:\\\/\\\/schoenstatt.com\\\/pt-pt\\\/#\\\/schema\\\/person\\\/5158877ad4acae98b34daaeef2a1ce6e\",\"name\":\"Karen Bueno\",\"image\":{\"@type\":\"ImageObject\",\"inLanguage\":\"pt-PT\",\"@id\":\"https:\\\/\\\/secure.gravatar.com\\\/avatar\\\/f9f4b823873154269d2b2130f195f6d41037dd0d7fc5f3cacb5c846bae70d66b?s=96&d=mm&r=g\",\"url\":\"https:\\\/\\\/secure.gravatar.com\\\/avatar\\\/f9f4b823873154269d2b2130f195f6d41037dd0d7fc5f3cacb5c846bae70d66b?s=96&d=mm&r=g\",\"contentUrl\":\"https:\\\/\\\/secure.gravatar.com\\\/avatar\\\/f9f4b823873154269d2b2130f195f6d41037dd0d7fc5f3cacb5c846bae70d66b?s=96&d=mm&r=g\",\"caption\":\"Karen Bueno\"},\"url\":\"https:\\\/\\\/schoenstatt.com\\\/pt-pt\\\/author\\\/karen-bueno\\\/\"}]}<\/script>\n<!-- \/ Yoast SEO Premium plugin. -->","yoast_head_json":{"title":"N\u00f3s, romanos, na Pra\u00e7a de S\u00e3o Pedro, para a proclama\u00e7\u00e3o de Le\u00e3o XIV","description":"Como a Fam\u00edlia de Schoenstatt de Roma viveu o an\u00fancio do novo Papa? Correria, expectativa e emo\u00e7\u00e3o na corrida at\u00e9 a Pra\u00e7a de S\u00e3o Pedro.","robots":{"index":"index","follow":"follow","max-snippet":"max-snippet:-1","max-image-preview":"max-image-preview:large","max-video-preview":"max-video-preview:-1"},"canonical":"https:\/\/schoenstatt.com\/pt-pt\/nos-romanos-na-praca-de-sao-pedro-para-a-proclamacao-de-leao-xiv\/","og_locale":"pt_PT","og_type":"article","og_title":"N\u00f3s, romanos, na Pra\u00e7a de S\u00e3o Pedro, para a proclama\u00e7\u00e3o de Le\u00e3o XIV","og_description":"Como a Fam\u00edlia de Schoenstatt de Roma viveu o an\u00fancio do novo Papa? Correria, expectativa e emo\u00e7\u00e3o na corrida at\u00e9 a Pra\u00e7a de S\u00e3o Pedro.","og_url":"https:\/\/schoenstatt.com\/pt-pt\/nos-romanos-na-praca-de-sao-pedro-para-a-proclamacao-de-leao-xiv\/","og_site_name":"Schoenstatt","article_published_time":"2025-05-21T11:18:25+00:00","article_modified_time":"2025-08-21T02:04:04+00:00","og_image":[{"width":2000,"height":1126,"url":"https:\/\/schoenstatt.com\/wp-content\/uploads\/2025\/05\/Vatican-Roma-3.jpg","type":"image\/jpeg"}],"author":"Karen Bueno","twitter_card":"summary_large_image","twitter_misc":{"Escrito por":"Karen Bueno","Tempo estimado de leitura":"7 minutos"},"schema":{"@context":"https:\/\/schema.org","@graph":[{"@type":"Article","@id":"https:\/\/schoenstatt.com\/pt-pt\/nos-romanos-na-praca-de-sao-pedro-para-a-proclamacao-de-leao-xiv\/#article","isPartOf":{"@id":"https:\/\/schoenstatt.com\/pt-pt\/nos-romanos-na-praca-de-sao-pedro-para-a-proclamacao-de-leao-xiv\/"},"author":{"name":"Karen Bueno","@id":"https:\/\/schoenstatt.com\/pt-pt\/#\/schema\/person\/5158877ad4acae98b34daaeef2a1ce6e"},"headline":"N\u00f3s, romanos, na Pra\u00e7a de S\u00e3o Pedro, para a proclama\u00e7\u00e3o de Le\u00e3o XIV","datePublished":"2025-05-21T11:18:25+00:00","dateModified":"2025-08-21T02:04:04+00:00","mainEntityOfPage":{"@id":"https:\/\/schoenstatt.com\/pt-pt\/nos-romanos-na-praca-de-sao-pedro-para-a-proclamacao-de-leao-xiv\/"},"wordCount":1234,"publisher":{"@id":"https:\/\/schoenstatt.com\/pt-pt\/#organization"},"image":{"@id":"https:\/\/schoenstatt.com\/pt-pt\/nos-romanos-na-praca-de-sao-pedro-para-a-proclamacao-de-leao-xiv\/#primaryimage"},"thumbnailUrl":"https:\/\/schoenstatt.com\/wp-content\/uploads\/2025\/05\/Vatican-Roma-3.jpg","keywords":["Roma"],"articleSection":["Fam\u00edlia","Igreja"],"inLanguage":"pt-PT"},{"@type":"WebPage","@id":"https:\/\/schoenstatt.com\/pt-pt\/nos-romanos-na-praca-de-sao-pedro-para-a-proclamacao-de-leao-xiv\/","url":"https:\/\/schoenstatt.com\/pt-pt\/nos-romanos-na-praca-de-sao-pedro-para-a-proclamacao-de-leao-xiv\/","name":"N\u00f3s, romanos, na Pra\u00e7a de S\u00e3o Pedro, para a proclama\u00e7\u00e3o de Le\u00e3o XIV","isPartOf":{"@id":"https:\/\/schoenstatt.com\/pt-pt\/#website"},"primaryImageOfPage":{"@id":"https:\/\/schoenstatt.com\/pt-pt\/nos-romanos-na-praca-de-sao-pedro-para-a-proclamacao-de-leao-xiv\/#primaryimage"},"image":{"@id":"https:\/\/schoenstatt.com\/pt-pt\/nos-romanos-na-praca-de-sao-pedro-para-a-proclamacao-de-leao-xiv\/#primaryimage"},"thumbnailUrl":"https:\/\/schoenstatt.com\/wp-content\/uploads\/2025\/05\/Vatican-Roma-3.jpg","datePublished":"2025-05-21T11:18:25+00:00","dateModified":"2025-08-21T02:04:04+00:00","description":"Como a Fam\u00edlia de Schoenstatt de Roma viveu o an\u00fancio do novo Papa? Correria, expectativa e emo\u00e7\u00e3o na corrida at\u00e9 a Pra\u00e7a de S\u00e3o Pedro.","breadcrumb":{"@id":"https:\/\/schoenstatt.com\/pt-pt\/nos-romanos-na-praca-de-sao-pedro-para-a-proclamacao-de-leao-xiv\/#breadcrumb"},"inLanguage":"pt-PT","potentialAction":[{"@type":"ReadAction","target":["https:\/\/schoenstatt.com\/pt-pt\/nos-romanos-na-praca-de-sao-pedro-para-a-proclamacao-de-leao-xiv\/"]}]},{"@type":"ImageObject","inLanguage":"pt-PT","@id":"https:\/\/schoenstatt.com\/pt-pt\/nos-romanos-na-praca-de-sao-pedro-para-a-proclamacao-de-leao-xiv\/#primaryimage","url":"https:\/\/schoenstatt.com\/wp-content\/uploads\/2025\/05\/Vatican-Roma-3.jpg","contentUrl":"https:\/\/schoenstatt.com\/wp-content\/uploads\/2025\/05\/Vatican-Roma-3.jpg","width":2000,"height":1126},{"@type":"BreadcrumbList","@id":"https:\/\/schoenstatt.com\/pt-pt\/nos-romanos-na-praca-de-sao-pedro-para-a-proclamacao-de-leao-xiv\/#breadcrumb","itemListElement":[{"@type":"ListItem","position":1,"name":"Portada","item":"https:\/\/schoenstatt.com\/pt-pt\/home\/"},{"@type":"ListItem","position":2,"name":"N\u00f3s, romanos, na Pra\u00e7a de S\u00e3o Pedro, para a proclama\u00e7\u00e3o de Le\u00e3o XIV"}]},{"@type":"WebSite","@id":"https:\/\/schoenstatt.com\/pt-pt\/#website","url":"https:\/\/schoenstatt.com\/pt-pt\/","name":"Schoenstatt","description":"Apostolic Movement","publisher":{"@id":"https:\/\/schoenstatt.com\/pt-pt\/#organization"},"potentialAction":[{"@type":"SearchAction","target":{"@type":"EntryPoint","urlTemplate":"https:\/\/schoenstatt.com\/pt-pt\/?s={search_term_string}"},"query-input":{"@type":"PropertyValueSpecification","valueRequired":true,"valueName":"search_term_string"}}],"inLanguage":"pt-PT"},{"@type":"Organization","@id":"https:\/\/schoenstatt.com\/pt-pt\/#organization","name":"Schoenstatt","url":"https:\/\/schoenstatt.com\/pt-pt\/","logo":{"@type":"ImageObject","inLanguage":"pt-PT","@id":"https:\/\/schoenstatt.com\/pt-pt\/#\/schema\/logo\/image\/","url":"https:\/\/schoenstatt.com\/wp-content\/uploads\/2025\/04\/logo-schoenstatt-white-696x696-1.png","contentUrl":"https:\/\/schoenstatt.com\/wp-content\/uploads\/2025\/04\/logo-schoenstatt-white-696x696-1.png","width":696,"height":694,"caption":"Schoenstatt"},"image":{"@id":"https:\/\/schoenstatt.com\/pt-pt\/#\/schema\/logo\/image\/"}},{"@type":"Person","@id":"https:\/\/schoenstatt.com\/pt-pt\/#\/schema\/person\/5158877ad4acae98b34daaeef2a1ce6e","name":"Karen Bueno","image":{"@type":"ImageObject","inLanguage":"pt-PT","@id":"https:\/\/secure.gravatar.com\/avatar\/f9f4b823873154269d2b2130f195f6d41037dd0d7fc5f3cacb5c846bae70d66b?s=96&d=mm&r=g","url":"https:\/\/secure.gravatar.com\/avatar\/f9f4b823873154269d2b2130f195f6d41037dd0d7fc5f3cacb5c846bae70d66b?s=96&d=mm&r=g","contentUrl":"https:\/\/secure.gravatar.com\/avatar\/f9f4b823873154269d2b2130f195f6d41037dd0d7fc5f3cacb5c846bae70d66b?s=96&d=mm&r=g","caption":"Karen Bueno"},"url":"https:\/\/schoenstatt.com\/pt-pt\/author\/karen-bueno\/"}]}},"_links":{"self":[{"href":"https:\/\/schoenstatt.com\/pt-pt\/wp-json\/wp\/v2\/posts\/57094","targetHints":{"allow":["GET"]}}],"collection":[{"href":"https:\/\/schoenstatt.com\/pt-pt\/wp-json\/wp\/v2\/posts"}],"about":[{"href":"https:\/\/schoenstatt.com\/pt-pt\/wp-json\/wp\/v2\/types\/post"}],"author":[{"embeddable":true,"href":"https:\/\/schoenstatt.com\/pt-pt\/wp-json\/wp\/v2\/users\/3"}],"replies":[{"embeddable":true,"href":"https:\/\/schoenstatt.com\/pt-pt\/wp-json\/wp\/v2\/comments?post=57094"}],"version-history":[{"count":1,"href":"https:\/\/schoenstatt.com\/pt-pt\/wp-json\/wp\/v2\/posts\/57094\/revisions"}],"predecessor-version":[{"id":57095,"href":"https:\/\/schoenstatt.com\/pt-pt\/wp-json\/wp\/v2\/posts\/57094\/revisions\/57095"}],"wp:featuredmedia":[{"embeddable":true,"href":"https:\/\/schoenstatt.com\/pt-pt\/wp-json\/wp\/v2\/media\/57084"}],"wp:attachment":[{"href":"https:\/\/schoenstatt.com\/pt-pt\/wp-json\/wp\/v2\/media?parent=57094"}],"wp:term":[{"taxonomy":"category","embeddable":true,"href":"https:\/\/schoenstatt.com\/pt-pt\/wp-json\/wp\/v2\/categories?post=57094"},{"taxonomy":"post_tag","embeddable":true,"href":"https:\/\/schoenstatt.com\/pt-pt\/wp-json\/wp\/v2\/tags?post=57094"}],"curies":[{"name":"wp","href":"https:\/\/api.w.org\/{rel}","templated":true}]}}