{"id":57048,"date":"2025-05-21T03:05:00","date_gmt":"2025-05-21T01:05:00","guid":{"rendered":"https:\/\/schoenstatt.com\/?p=57048"},"modified":"2025-08-21T16:48:19","modified_gmt":"2025-08-21T14:48:19","slug":"santuario-de-maringa-no-brasil-anuncia-seu-ideal-e-identidade","status":"publish","type":"post","link":"https:\/\/schoenstatt.com\/pt-pt\/santuario-de-maringa-no-brasil-anuncia-seu-ideal-e-identidade\/","title":{"rendered":"Santu\u00e1rio de Maring\u00e1, no Brasil, anuncia seu ideal e \u201cidentidade\u201d"},"content":{"rendered":"\n<p>A Fam\u00edlia de Schoenstatt de Maring\u00e1, no estado do Paran\u00e1, Brasil, vive mais um momento marcante em sua hist\u00f3ria: o an\u00fancio do ideal de seu Santu\u00e1rio &#8211; <strong>Tabor Aurora do Novo Nazar\u00e9<\/strong>. O an\u00fancio marca uma nova etapa na miss\u00e3o do Santu\u00e1rio, <a href=\"https:\/\/schoenstatt.com\/pt-pt\/a-terra-e-o-ceu-se-encontram-dedicacao-do-santuario-de-maringa\/\">oito meses ap\u00f3s sua inaugura\u00e7\u00e3o<\/a>, e \u00e9 fruto de um caminho de discernimento conduzido pelo Esp\u00edrito Santo.<\/p>\n\n\n\n<p>A divulga\u00e7\u00e3o ocorreu na madrugada do \u00faltimo domingo, 18 de maio, dia da Alian\u00e7a de Amor, com in\u00edcio \u00e0s 5h da manh\u00e3 e a presen\u00e7a de integrantes dos diversos ramos da Fam\u00edlia de Schoenstatt. Em um clima de expectativa e ora\u00e7\u00e3o, todos se reuniram para um momento de viv\u00eancia e reflex\u00e3o e, em seguida, em peregrina\u00e7\u00e3o \u00e0 luz de tochas, subiram em dire\u00e7\u00e3o ao Santu\u00e1rio, acompanhando o nascer do sol. Na aurora deste novo dia, sob o c\u00e9u que lentamente se iluminava, ouviram pela primeira vez o ideal que ir\u00e1 iluminar a vida e a miss\u00e3o do local.<\/p>\n\n\n\n<h3 class=\"wp-block-heading\" id=\"h-um-ideal-que-aponta-a-chegada-do-sol-o-cristo-transfigurado\">Um ideal que aponta a chegada do sol, o Cristo Transfigurado<\/h3>\n\n\n\n<p><strong>\u201cTabor Aurora do Novo Nazar\u00e9\u201d<\/strong> traz refer\u00eancias do livro de ora\u00e7\u00f5es \u201cRumo ao C\u00e9u\u201d, escrito pelo Pe. Jos\u00e9 Kentenich. \u00c9 um ideal que brota do reconhecimento do Santu\u00e1rio como lugar de transforma\u00e7\u00e3o e envio, onde a M\u00e3e de Deus forma novas criaturas e desperta uma nova cultura do encontro, do amor e da esperan\u00e7a.<\/p>\n\n\n\n<figure class=\"wp-block-image aligncenter size-full\"><img fetchpriority=\"high\" decoding=\"async\" width=\"2048\" height=\"1536\" src=\"https:\/\/schoenstatt.com\/wp-content\/uploads\/2025\/05\/Maringa-Schoenstatt-Shrine-Brazil-2.jpg\" alt=\"\" class=\"wp-image-57042\" srcset=\"https:\/\/schoenstatt.com\/wp-content\/uploads\/2025\/05\/Maringa-Schoenstatt-Shrine-Brazil-2.jpg 2048w, https:\/\/schoenstatt.com\/wp-content\/uploads\/2025\/05\/Maringa-Schoenstatt-Shrine-Brazil-2-768x576.jpg 768w, https:\/\/schoenstatt.com\/wp-content\/uploads\/2025\/05\/Maringa-Schoenstatt-Shrine-Brazil-2-1536x1152.jpg 1536w\" sizes=\"(max-width: 2048px) 100vw, 2048px\" \/><\/figure>\n\n\n\n<p>O termo <strong>\u201cTabor\u201d <\/strong>\u2013 que representa o ideal nacional do Movimento de Schoenstatt do Brasil \u2013 resgata a experi\u00eancia da transfigura\u00e7\u00e3o: o Santu\u00e1rio \u00e9 lugar de revela\u00e7\u00e3o e luz, onde Cristo se manifesta vivo e glorioso. \u00c9 espa\u00e7o onde a M\u00e3e e Rainha forma personalidades novas, capazes de irradiar a presen\u00e7a de Deus no mundo.<\/p>\n\n\n\n<p><strong>\u201cAurora\u201d <\/strong>simboliza o nascimento de um novo tempo: a esperan\u00e7a que renasce, a luz que dissipa as trevas e antecipa o dia pleno. Assim como Maria foi a aurora que precedeu o Sol da Salva\u00e7\u00e3o, o Santu\u00e1rio \u00e9 chamado a ser sinal de um novo come\u00e7o para a Igreja e para a comunidade<\/p>\n\n\n\n<p>J\u00e1 o elemento<strong> \u201cNovo Nazar\u00e9\u201d<\/strong> remete \u00e0 ideia de transformar o Santu\u00e1rio em uma verdadeira escola de comunh\u00e3o familiar e santidade na vida di\u00e1ria. Inspirado na vida da Sagrada Fam\u00edlia, o \u201cNovo Nazar\u00e9\u201d \u00e9 um chamado a renovar a sociedade a partir do seio das fam\u00edlias, tornando-as verdadeiras \u201cilhas santas\u201d em meio ao mundo. Em tempos de crises, a M\u00e3e de Deus quer levar novamente Cristo aos lares, reacendendo a esperan\u00e7a de que um novo tempo \u00e9 poss\u00edvel.<\/p>\n\n\n\n<p>Como ensina o Pe. Jos\u00e9 Kentenich, somente na for\u00e7a da Alian\u00e7a de Amor \u00e9 poss\u00edvel formar fam\u00edlias segundo o modelo de Nazar\u00e9. O ideal \u201cTabor Aurora do Novo Nazar\u00e9\u201d \u00e9, assim, uma resposta concreta \u00e0 necessidade de restaurar a ordem social pela santifica\u00e7\u00e3o das fam\u00edlias, fazendo do Santu\u00e1rio um lugar onde o extraordin\u00e1rio se manifesta na vida comum \u2014 onde, dia ap\u00f3s dia, nasce Cristo em meio ao lar, e cada amanhecer traz consigo a esperan\u00e7a de um novo come\u00e7o.<\/p>\n\n\n\n<p>Caso deseje ler a fundamenta\u00e7\u00e3o completa do ideal do Santu\u00e1rio de Schoenstatt de Maring\u00e1, <a href=\"https:\/\/drive.google.com\/file\/d\/1FknvZ86PrG50bESXD2_TzmSjzAZDubuZ\/view?usp=sharing\" target=\"_blank\" rel=\"noreferrer noopener\">acesse aqui<\/a>.<\/p>\n\n\n<blockquote class=\"instagram-media\" style=\"background: #FFF; border: 0; border-radius: 3px; box-shadow: 0 0 1px 0 rgba(0,0,0,0.5),0 1px 10px 0 rgba(0,0,0,0.15); margin: 1px; max-width: 540px; min-width: 326px; padding: 0; width: calc(100% - 2px);\" data-instgrm-permalink=\"https:\/\/www.instagram.com\/reel\/DJy5oP0AaRp\/?utm_source=ig_embed&amp;utm_campaign=loading\" data-instgrm-version=\"14\">\n<div style=\"padding: 16px;\">\n<div style=\"display: flex; flex-direction: row; align-items: center;\">\n<div style=\"background-color: #f4f4f4; border-radius: 50%; flex-grow: 0; height: 40px; margin-right: 14px; width: 40px;\">\u00a0<\/div>\n<div style=\"display: flex; flex-direction: column; flex-grow: 1; justify-content: center;\">\n<div style=\"background-color: #f4f4f4; border-radius: 4px; flex-grow: 0; height: 14px; margin-bottom: 6px; width: 100px;\">\u00a0<\/div>\n<div style=\"background-color: #f4f4f4; border-radius: 4px; flex-grow: 0; height: 14px; width: 60px;\">\u00a0<\/div>\n<\/div>\n<\/div>\n<div style=\"padding: 19% 0;\">\u00a0<\/div>\n<div style=\"display: block; height: 50px; margin: 0 auto 12px; width: 50px;\">\u00a0<\/div>\n<div style=\"padding-top: 8px;\">\n<div style=\"color: #3897f0; font-family: Arial,sans-serif; font-size: 14px; font-style: normal; font-weight: 550; line-height: 18px;\">Ver essa foto no Instagram<\/div>\n<\/div>\n<div style=\"padding: 12.5% 0;\">\u00a0<\/div>\n<div style=\"display: flex; flex-direction: row; margin-bottom: 14px; align-items: center;\">\n<div>\n<div style=\"background-color: #f4f4f4; border-radius: 50%; height: 12.5px; width: 12.5px; transform: translateX(0px) translateY(7px);\">\u00a0<\/div>\n<div style=\"background-color: #f4f4f4; height: 12.5px; transform: rotate(-45deg) translateX(3px) translateY(1px); width: 12.5px; flex-grow: 0; margin-right: 14px; margin-left: 2px;\">\u00a0<\/div>\n<div style=\"background-color: #f4f4f4; border-radius: 50%; height: 12.5px; width: 12.5px; transform: translateX(9px) translateY(-18px);\">\u00a0<\/div>\n<\/div>\n<div style=\"margin-left: 8px;\">\n<div style=\"background-color: #f4f4f4; border-radius: 50%; flex-grow: 0; height: 20px; width: 20px;\">\u00a0<\/div>\n<div style=\"width: 0; height: 0; border-top: 2px solid transparent; border-left: 6px solid #f4f4f4; border-bottom: 2px solid transparent; transform: translateX(16px) translateY(-4px) rotate(30deg);\">\u00a0<\/div>\n<\/div>\n<div style=\"margin-left: auto;\">\n<div style=\"width: 0px; border-top: 8px solid #F4F4F4; border-right: 8px solid transparent; transform: translateY(16px);\">\u00a0<\/div>\n<div style=\"background-color: #f4f4f4; flex-grow: 0; height: 12px; width: 16px; transform: translateY(-4px);\">\u00a0<\/div>\n<div style=\"width: 0; height: 0; border-top: 8px solid #F4F4F4; border-left: 8px solid transparent; transform: translateY(-4px) translateX(8px);\">\u00a0<\/div>\n<\/div>\n<\/div>\n<div style=\"display: flex; flex-direction: column; flex-grow: 1; justify-content: center; margin-bottom: 24px;\">\n<div style=\"background-color: #f4f4f4; border-radius: 4px; flex-grow: 0; height: 14px; margin-bottom: 6px; width: 224px;\">\u00a0<\/div>\n<div style=\"background-color: #f4f4f4; border-radius: 4px; flex-grow: 0; height: 14px; width: 144px;\">\u00a0<\/div>\n<\/div>\n<p style=\"color: #c9c8cd; font-family: Arial,sans-serif; font-size: 14px; line-height: 17px; margin-bottom: 0; margin-top: 8px; overflow: hidden; padding: 8px 0 7px; text-align: center; text-overflow: ellipsis; white-space: nowrap;\"><a style=\"color: #c9c8cd; font-family: Arial,sans-serif; font-size: 14px; font-style: normal; font-weight: normal; line-height: 17px; text-decoration: none;\" href=\"https:\/\/www.instagram.com\/reel\/DJy5oP0AaRp\/?utm_source=ig_embed&amp;utm_campaign=loading\" target=\"_blank\" rel=\"noopener\">Uma publica\u00e7\u00e3o compartilhada por Santu\u00e1rio da M\u00e3e e Rainha de Maring\u00e1 (@schoenstatt_maringa)<\/a><\/p>\n<\/div>\n<\/blockquote>\n<p><script async src=\"\/\/www.instagram.com\/embed.js\"><\/script><\/p>","protected":false},"excerpt":{"rendered":"<p>Oito meses ap\u00f3s a inaugura\u00e7\u00e3o, a Fam\u00edlia de Schoenstatt de Maring\u00e1, Brasil, define o ideal de seu Santu\u00e1rio: Tabor Aurora do Novo Nazar\u00e9.<\/p>\n","protected":false},"author":3,"featured_media":57040,"comment_status":"closed","ping_status":"closed","sticky":false,"template":"","format":"standard","meta":{"footnotes":""},"categories":[625],"tags":[1198,1135],"class_list":["post-57048","post","type-post","status-publish","format-standard","has-post-thumbnail","hentry","category-america-pt-pt","tag-santuario-de-schoenstatt-pt-pt","tag-schoenstatt-brasil-pt-pt"],"yoast_head":"<!-- This site is optimized with the Yoast SEO Premium plugin v27.4 (Yoast SEO v27.4) - https:\/\/yoast.com\/product\/yoast-seo-premium-wordpress\/ -->\n<title>Santu\u00e1rio de Maring\u00e1, no Brasil, anuncia seu ideal e \u201cidentidade\u201d - Schoenstatt<\/title>\n<meta name=\"description\" content=\"Oito meses ap\u00f3s a inaugura\u00e7\u00e3o, a Fam\u00edlia de Schoenstatt de Maring\u00e1, Brasil, define o ideal de seu Santu\u00e1rio: Tabor Aurora do Novo Nazar\u00e9.\" \/>\n<meta name=\"robots\" content=\"index, follow, max-snippet:-1, max-image-preview:large, max-video-preview:-1\" \/>\n<link rel=\"canonical\" href=\"https:\/\/schoenstatt.com\/pt-pt\/santuario-de-maringa-no-brasil-anuncia-seu-ideal-e-identidade\/\" \/>\n<meta property=\"og:locale\" content=\"pt_PT\" \/>\n<meta property=\"og:type\" content=\"article\" \/>\n<meta property=\"og:title\" content=\"Santu\u00e1rio de Maring\u00e1, no Brasil, anuncia seu ideal e \u201cidentidade\u201d\" \/>\n<meta property=\"og:description\" content=\"Oito meses ap\u00f3s a inaugura\u00e7\u00e3o, a Fam\u00edlia de Schoenstatt de Maring\u00e1, Brasil, define o ideal de seu Santu\u00e1rio: Tabor Aurora do Novo Nazar\u00e9.\" \/>\n<meta property=\"og:url\" content=\"https:\/\/schoenstatt.com\/pt-pt\/santuario-de-maringa-no-brasil-anuncia-seu-ideal-e-identidade\/\" \/>\n<meta property=\"og:site_name\" content=\"Schoenstatt\" \/>\n<meta property=\"article:published_time\" content=\"2025-05-21T01:05:00+00:00\" \/>\n<meta property=\"article:modified_time\" content=\"2025-08-21T14:48:19+00:00\" \/>\n<meta property=\"og:image\" content=\"https:\/\/schoenstatt.com\/wp-content\/uploads\/2025\/05\/Maringa-Schoenstatt-Shrine-Brazil.jpg\" \/>\n\t<meta property=\"og:image:width\" content=\"2048\" \/>\n\t<meta property=\"og:image:height\" content=\"1536\" \/>\n\t<meta property=\"og:image:type\" content=\"image\/jpeg\" \/>\n<meta name=\"author\" content=\"Karen Bueno\" \/>\n<meta name=\"twitter:card\" content=\"summary_large_image\" \/>\n<meta name=\"twitter:label1\" content=\"Escrito por\" \/>\n\t<meta name=\"twitter:data1\" content=\"Karen Bueno\" \/>\n\t<meta name=\"twitter:label2\" content=\"Tempo estimado de leitura\" \/>\n\t<meta name=\"twitter:data2\" content=\"3 minutos\" \/>\n<script type=\"application\/ld+json\" class=\"yoast-schema-graph\">{\"@context\":\"https:\\\/\\\/schema.org\",\"@graph\":[{\"@type\":\"Article\",\"@id\":\"https:\\\/\\\/schoenstatt.com\\\/pt-pt\\\/santuario-de-maringa-no-brasil-anuncia-seu-ideal-e-identidade\\\/#article\",\"isPartOf\":{\"@id\":\"https:\\\/\\\/schoenstatt.com\\\/pt-pt\\\/santuario-de-maringa-no-brasil-anuncia-seu-ideal-e-identidade\\\/\"},\"author\":{\"name\":\"Karen Bueno\",\"@id\":\"https:\\\/\\\/schoenstatt.com\\\/pt-pt\\\/#\\\/schema\\\/person\\\/5158877ad4acae98b34daaeef2a1ce6e\"},\"headline\":\"Santu\u00e1rio de Maring\u00e1, no Brasil, anuncia seu ideal e \u201cidentidade\u201d\",\"datePublished\":\"2025-05-21T01:05:00+00:00\",\"dateModified\":\"2025-08-21T14:48:19+00:00\",\"mainEntityOfPage\":{\"@id\":\"https:\\\/\\\/schoenstatt.com\\\/pt-pt\\\/santuario-de-maringa-no-brasil-anuncia-seu-ideal-e-identidade\\\/\"},\"wordCount\":582,\"publisher\":{\"@id\":\"https:\\\/\\\/schoenstatt.com\\\/pt-pt\\\/#organization\"},\"image\":{\"@id\":\"https:\\\/\\\/schoenstatt.com\\\/pt-pt\\\/santuario-de-maringa-no-brasil-anuncia-seu-ideal-e-identidade\\\/#primaryimage\"},\"thumbnailUrl\":\"https:\\\/\\\/schoenstatt.com\\\/wp-content\\\/uploads\\\/2025\\\/05\\\/Maringa-Schoenstatt-Shrine-Brazil.jpg\",\"keywords\":[\"Santu\u00e1rio de Schoenstatt\",\"Schoenstatt Brasil\"],\"articleSection\":[\"Am\u00e9rica\"],\"inLanguage\":\"pt-PT\"},{\"@type\":\"WebPage\",\"@id\":\"https:\\\/\\\/schoenstatt.com\\\/pt-pt\\\/santuario-de-maringa-no-brasil-anuncia-seu-ideal-e-identidade\\\/\",\"url\":\"https:\\\/\\\/schoenstatt.com\\\/pt-pt\\\/santuario-de-maringa-no-brasil-anuncia-seu-ideal-e-identidade\\\/\",\"name\":\"Santu\u00e1rio de Maring\u00e1, no Brasil, anuncia seu ideal e \u201cidentidade\u201d - Schoenstatt\",\"isPartOf\":{\"@id\":\"https:\\\/\\\/schoenstatt.com\\\/pt-pt\\\/#website\"},\"primaryImageOfPage\":{\"@id\":\"https:\\\/\\\/schoenstatt.com\\\/pt-pt\\\/santuario-de-maringa-no-brasil-anuncia-seu-ideal-e-identidade\\\/#primaryimage\"},\"image\":{\"@id\":\"https:\\\/\\\/schoenstatt.com\\\/pt-pt\\\/santuario-de-maringa-no-brasil-anuncia-seu-ideal-e-identidade\\\/#primaryimage\"},\"thumbnailUrl\":\"https:\\\/\\\/schoenstatt.com\\\/wp-content\\\/uploads\\\/2025\\\/05\\\/Maringa-Schoenstatt-Shrine-Brazil.jpg\",\"datePublished\":\"2025-05-21T01:05:00+00:00\",\"dateModified\":\"2025-08-21T14:48:19+00:00\",\"description\":\"Oito meses ap\u00f3s a inaugura\u00e7\u00e3o, a Fam\u00edlia de Schoenstatt de Maring\u00e1, Brasil, define o ideal de seu Santu\u00e1rio: Tabor Aurora do Novo Nazar\u00e9.\",\"breadcrumb\":{\"@id\":\"https:\\\/\\\/schoenstatt.com\\\/pt-pt\\\/santuario-de-maringa-no-brasil-anuncia-seu-ideal-e-identidade\\\/#breadcrumb\"},\"inLanguage\":\"pt-PT\",\"potentialAction\":[{\"@type\":\"ReadAction\",\"target\":[\"https:\\\/\\\/schoenstatt.com\\\/pt-pt\\\/santuario-de-maringa-no-brasil-anuncia-seu-ideal-e-identidade\\\/\"]}]},{\"@type\":\"ImageObject\",\"inLanguage\":\"pt-PT\",\"@id\":\"https:\\\/\\\/schoenstatt.com\\\/pt-pt\\\/santuario-de-maringa-no-brasil-anuncia-seu-ideal-e-identidade\\\/#primaryimage\",\"url\":\"https:\\\/\\\/schoenstatt.com\\\/wp-content\\\/uploads\\\/2025\\\/05\\\/Maringa-Schoenstatt-Shrine-Brazil.jpg\",\"contentUrl\":\"https:\\\/\\\/schoenstatt.com\\\/wp-content\\\/uploads\\\/2025\\\/05\\\/Maringa-Schoenstatt-Shrine-Brazil.jpg\",\"width\":2048,\"height\":1536},{\"@type\":\"BreadcrumbList\",\"@id\":\"https:\\\/\\\/schoenstatt.com\\\/pt-pt\\\/santuario-de-maringa-no-brasil-anuncia-seu-ideal-e-identidade\\\/#breadcrumb\",\"itemListElement\":[{\"@type\":\"ListItem\",\"position\":1,\"name\":\"Portada\",\"item\":\"https:\\\/\\\/schoenstatt.com\\\/pt-pt\\\/home\\\/\"},{\"@type\":\"ListItem\",\"position\":2,\"name\":\"Santu\u00e1rio de Maring\u00e1, no Brasil, anuncia seu ideal e \u201cidentidade\u201d\"}]},{\"@type\":\"WebSite\",\"@id\":\"https:\\\/\\\/schoenstatt.com\\\/pt-pt\\\/#website\",\"url\":\"https:\\\/\\\/schoenstatt.com\\\/pt-pt\\\/\",\"name\":\"Schoenstatt\",\"description\":\"Apostolic Movement\",\"publisher\":{\"@id\":\"https:\\\/\\\/schoenstatt.com\\\/pt-pt\\\/#organization\"},\"potentialAction\":[{\"@type\":\"SearchAction\",\"target\":{\"@type\":\"EntryPoint\",\"urlTemplate\":\"https:\\\/\\\/schoenstatt.com\\\/pt-pt\\\/?s={search_term_string}\"},\"query-input\":{\"@type\":\"PropertyValueSpecification\",\"valueRequired\":true,\"valueName\":\"search_term_string\"}}],\"inLanguage\":\"pt-PT\"},{\"@type\":\"Organization\",\"@id\":\"https:\\\/\\\/schoenstatt.com\\\/pt-pt\\\/#organization\",\"name\":\"Schoenstatt\",\"url\":\"https:\\\/\\\/schoenstatt.com\\\/pt-pt\\\/\",\"logo\":{\"@type\":\"ImageObject\",\"inLanguage\":\"pt-PT\",\"@id\":\"https:\\\/\\\/schoenstatt.com\\\/pt-pt\\\/#\\\/schema\\\/logo\\\/image\\\/\",\"url\":\"https:\\\/\\\/schoenstatt.com\\\/wp-content\\\/uploads\\\/2025\\\/04\\\/logo-schoenstatt-white-696x696-1.png\",\"contentUrl\":\"https:\\\/\\\/schoenstatt.com\\\/wp-content\\\/uploads\\\/2025\\\/04\\\/logo-schoenstatt-white-696x696-1.png\",\"width\":696,\"height\":694,\"caption\":\"Schoenstatt\"},\"image\":{\"@id\":\"https:\\\/\\\/schoenstatt.com\\\/pt-pt\\\/#\\\/schema\\\/logo\\\/image\\\/\"}},{\"@type\":\"Person\",\"@id\":\"https:\\\/\\\/schoenstatt.com\\\/pt-pt\\\/#\\\/schema\\\/person\\\/5158877ad4acae98b34daaeef2a1ce6e\",\"name\":\"Karen Bueno\",\"image\":{\"@type\":\"ImageObject\",\"inLanguage\":\"pt-PT\",\"@id\":\"https:\\\/\\\/secure.gravatar.com\\\/avatar\\\/f9f4b823873154269d2b2130f195f6d41037dd0d7fc5f3cacb5c846bae70d66b?s=96&d=mm&r=g\",\"url\":\"https:\\\/\\\/secure.gravatar.com\\\/avatar\\\/f9f4b823873154269d2b2130f195f6d41037dd0d7fc5f3cacb5c846bae70d66b?s=96&d=mm&r=g\",\"contentUrl\":\"https:\\\/\\\/secure.gravatar.com\\\/avatar\\\/f9f4b823873154269d2b2130f195f6d41037dd0d7fc5f3cacb5c846bae70d66b?s=96&d=mm&r=g\",\"caption\":\"Karen Bueno\"},\"url\":\"https:\\\/\\\/schoenstatt.com\\\/pt-pt\\\/author\\\/karen-bueno\\\/\"}]}<\/script>\n<!-- \/ Yoast SEO Premium plugin. -->","yoast_head_json":{"title":"Santu\u00e1rio de Maring\u00e1, no Brasil, anuncia seu ideal e \u201cidentidade\u201d - Schoenstatt","description":"Oito meses ap\u00f3s a inaugura\u00e7\u00e3o, a Fam\u00edlia de Schoenstatt de Maring\u00e1, Brasil, define o ideal de seu Santu\u00e1rio: Tabor Aurora do Novo Nazar\u00e9.","robots":{"index":"index","follow":"follow","max-snippet":"max-snippet:-1","max-image-preview":"max-image-preview:large","max-video-preview":"max-video-preview:-1"},"canonical":"https:\/\/schoenstatt.com\/pt-pt\/santuario-de-maringa-no-brasil-anuncia-seu-ideal-e-identidade\/","og_locale":"pt_PT","og_type":"article","og_title":"Santu\u00e1rio de Maring\u00e1, no Brasil, anuncia seu ideal e \u201cidentidade\u201d","og_description":"Oito meses ap\u00f3s a inaugura\u00e7\u00e3o, a Fam\u00edlia de Schoenstatt de Maring\u00e1, Brasil, define o ideal de seu Santu\u00e1rio: Tabor Aurora do Novo Nazar\u00e9.","og_url":"https:\/\/schoenstatt.com\/pt-pt\/santuario-de-maringa-no-brasil-anuncia-seu-ideal-e-identidade\/","og_site_name":"Schoenstatt","article_published_time":"2025-05-21T01:05:00+00:00","article_modified_time":"2025-08-21T14:48:19+00:00","og_image":[{"width":2048,"height":1536,"url":"https:\/\/schoenstatt.com\/wp-content\/uploads\/2025\/05\/Maringa-Schoenstatt-Shrine-Brazil.jpg","type":"image\/jpeg"}],"author":"Karen Bueno","twitter_card":"summary_large_image","twitter_misc":{"Escrito por":"Karen Bueno","Tempo estimado de leitura":"3 minutos"},"schema":{"@context":"https:\/\/schema.org","@graph":[{"@type":"Article","@id":"https:\/\/schoenstatt.com\/pt-pt\/santuario-de-maringa-no-brasil-anuncia-seu-ideal-e-identidade\/#article","isPartOf":{"@id":"https:\/\/schoenstatt.com\/pt-pt\/santuario-de-maringa-no-brasil-anuncia-seu-ideal-e-identidade\/"},"author":{"name":"Karen Bueno","@id":"https:\/\/schoenstatt.com\/pt-pt\/#\/schema\/person\/5158877ad4acae98b34daaeef2a1ce6e"},"headline":"Santu\u00e1rio de Maring\u00e1, no Brasil, anuncia seu ideal e \u201cidentidade\u201d","datePublished":"2025-05-21T01:05:00+00:00","dateModified":"2025-08-21T14:48:19+00:00","mainEntityOfPage":{"@id":"https:\/\/schoenstatt.com\/pt-pt\/santuario-de-maringa-no-brasil-anuncia-seu-ideal-e-identidade\/"},"wordCount":582,"publisher":{"@id":"https:\/\/schoenstatt.com\/pt-pt\/#organization"},"image":{"@id":"https:\/\/schoenstatt.com\/pt-pt\/santuario-de-maringa-no-brasil-anuncia-seu-ideal-e-identidade\/#primaryimage"},"thumbnailUrl":"https:\/\/schoenstatt.com\/wp-content\/uploads\/2025\/05\/Maringa-Schoenstatt-Shrine-Brazil.jpg","keywords":["Santu\u00e1rio de Schoenstatt","Schoenstatt Brasil"],"articleSection":["Am\u00e9rica"],"inLanguage":"pt-PT"},{"@type":"WebPage","@id":"https:\/\/schoenstatt.com\/pt-pt\/santuario-de-maringa-no-brasil-anuncia-seu-ideal-e-identidade\/","url":"https:\/\/schoenstatt.com\/pt-pt\/santuario-de-maringa-no-brasil-anuncia-seu-ideal-e-identidade\/","name":"Santu\u00e1rio de Maring\u00e1, no Brasil, anuncia seu ideal e \u201cidentidade\u201d - Schoenstatt","isPartOf":{"@id":"https:\/\/schoenstatt.com\/pt-pt\/#website"},"primaryImageOfPage":{"@id":"https:\/\/schoenstatt.com\/pt-pt\/santuario-de-maringa-no-brasil-anuncia-seu-ideal-e-identidade\/#primaryimage"},"image":{"@id":"https:\/\/schoenstatt.com\/pt-pt\/santuario-de-maringa-no-brasil-anuncia-seu-ideal-e-identidade\/#primaryimage"},"thumbnailUrl":"https:\/\/schoenstatt.com\/wp-content\/uploads\/2025\/05\/Maringa-Schoenstatt-Shrine-Brazil.jpg","datePublished":"2025-05-21T01:05:00+00:00","dateModified":"2025-08-21T14:48:19+00:00","description":"Oito meses ap\u00f3s a inaugura\u00e7\u00e3o, a Fam\u00edlia de Schoenstatt de Maring\u00e1, Brasil, define o ideal de seu Santu\u00e1rio: Tabor Aurora do Novo Nazar\u00e9.","breadcrumb":{"@id":"https:\/\/schoenstatt.com\/pt-pt\/santuario-de-maringa-no-brasil-anuncia-seu-ideal-e-identidade\/#breadcrumb"},"inLanguage":"pt-PT","potentialAction":[{"@type":"ReadAction","target":["https:\/\/schoenstatt.com\/pt-pt\/santuario-de-maringa-no-brasil-anuncia-seu-ideal-e-identidade\/"]}]},{"@type":"ImageObject","inLanguage":"pt-PT","@id":"https:\/\/schoenstatt.com\/pt-pt\/santuario-de-maringa-no-brasil-anuncia-seu-ideal-e-identidade\/#primaryimage","url":"https:\/\/schoenstatt.com\/wp-content\/uploads\/2025\/05\/Maringa-Schoenstatt-Shrine-Brazil.jpg","contentUrl":"https:\/\/schoenstatt.com\/wp-content\/uploads\/2025\/05\/Maringa-Schoenstatt-Shrine-Brazil.jpg","width":2048,"height":1536},{"@type":"BreadcrumbList","@id":"https:\/\/schoenstatt.com\/pt-pt\/santuario-de-maringa-no-brasil-anuncia-seu-ideal-e-identidade\/#breadcrumb","itemListElement":[{"@type":"ListItem","position":1,"name":"Portada","item":"https:\/\/schoenstatt.com\/pt-pt\/home\/"},{"@type":"ListItem","position":2,"name":"Santu\u00e1rio de Maring\u00e1, no Brasil, anuncia seu ideal e \u201cidentidade\u201d"}]},{"@type":"WebSite","@id":"https:\/\/schoenstatt.com\/pt-pt\/#website","url":"https:\/\/schoenstatt.com\/pt-pt\/","name":"Schoenstatt","description":"Apostolic Movement","publisher":{"@id":"https:\/\/schoenstatt.com\/pt-pt\/#organization"},"potentialAction":[{"@type":"SearchAction","target":{"@type":"EntryPoint","urlTemplate":"https:\/\/schoenstatt.com\/pt-pt\/?s={search_term_string}"},"query-input":{"@type":"PropertyValueSpecification","valueRequired":true,"valueName":"search_term_string"}}],"inLanguage":"pt-PT"},{"@type":"Organization","@id":"https:\/\/schoenstatt.com\/pt-pt\/#organization","name":"Schoenstatt","url":"https:\/\/schoenstatt.com\/pt-pt\/","logo":{"@type":"ImageObject","inLanguage":"pt-PT","@id":"https:\/\/schoenstatt.com\/pt-pt\/#\/schema\/logo\/image\/","url":"https:\/\/schoenstatt.com\/wp-content\/uploads\/2025\/04\/logo-schoenstatt-white-696x696-1.png","contentUrl":"https:\/\/schoenstatt.com\/wp-content\/uploads\/2025\/04\/logo-schoenstatt-white-696x696-1.png","width":696,"height":694,"caption":"Schoenstatt"},"image":{"@id":"https:\/\/schoenstatt.com\/pt-pt\/#\/schema\/logo\/image\/"}},{"@type":"Person","@id":"https:\/\/schoenstatt.com\/pt-pt\/#\/schema\/person\/5158877ad4acae98b34daaeef2a1ce6e","name":"Karen Bueno","image":{"@type":"ImageObject","inLanguage":"pt-PT","@id":"https:\/\/secure.gravatar.com\/avatar\/f9f4b823873154269d2b2130f195f6d41037dd0d7fc5f3cacb5c846bae70d66b?s=96&d=mm&r=g","url":"https:\/\/secure.gravatar.com\/avatar\/f9f4b823873154269d2b2130f195f6d41037dd0d7fc5f3cacb5c846bae70d66b?s=96&d=mm&r=g","contentUrl":"https:\/\/secure.gravatar.com\/avatar\/f9f4b823873154269d2b2130f195f6d41037dd0d7fc5f3cacb5c846bae70d66b?s=96&d=mm&r=g","caption":"Karen Bueno"},"url":"https:\/\/schoenstatt.com\/pt-pt\/author\/karen-bueno\/"}]}},"_links":{"self":[{"href":"https:\/\/schoenstatt.com\/pt-pt\/wp-json\/wp\/v2\/posts\/57048","targetHints":{"allow":["GET"]}}],"collection":[{"href":"https:\/\/schoenstatt.com\/pt-pt\/wp-json\/wp\/v2\/posts"}],"about":[{"href":"https:\/\/schoenstatt.com\/pt-pt\/wp-json\/wp\/v2\/types\/post"}],"author":[{"embeddable":true,"href":"https:\/\/schoenstatt.com\/pt-pt\/wp-json\/wp\/v2\/users\/3"}],"replies":[{"embeddable":true,"href":"https:\/\/schoenstatt.com\/pt-pt\/wp-json\/wp\/v2\/comments?post=57048"}],"version-history":[{"count":4,"href":"https:\/\/schoenstatt.com\/pt-pt\/wp-json\/wp\/v2\/posts\/57048\/revisions"}],"predecessor-version":[{"id":63075,"href":"https:\/\/schoenstatt.com\/pt-pt\/wp-json\/wp\/v2\/posts\/57048\/revisions\/63075"}],"wp:featuredmedia":[{"embeddable":true,"href":"https:\/\/schoenstatt.com\/pt-pt\/wp-json\/wp\/v2\/media\/57040"}],"wp:attachment":[{"href":"https:\/\/schoenstatt.com\/pt-pt\/wp-json\/wp\/v2\/media?parent=57048"}],"wp:term":[{"taxonomy":"category","embeddable":true,"href":"https:\/\/schoenstatt.com\/pt-pt\/wp-json\/wp\/v2\/categories?post=57048"},{"taxonomy":"post_tag","embeddable":true,"href":"https:\/\/schoenstatt.com\/pt-pt\/wp-json\/wp\/v2\/tags?post=57048"}],"curies":[{"name":"wp","href":"https:\/\/api.w.org\/{rel}","templated":true}]}}