{"id":56816,"date":"2025-05-19T15:35:31","date_gmt":"2025-05-19T13:35:31","guid":{"rendered":"https:\/\/schoenstatt.com\/?p=56816"},"modified":"2025-08-18T20:01:14","modified_gmt":"2025-08-18T18:01:14","slug":"espanha-terra-de-missao","status":"publish","type":"post","link":"https:\/\/schoenstatt.com\/pt-pt\/espanha-terra-de-missao\/","title":{"rendered":"Espanha, terra de miss\u00e3o"},"content":{"rendered":"\n<p>A Espanha \u00e9 terra de miss\u00e3o. Isso \u00e9 o que experimentamos fortemente, cada vez mais, em nossas fam\u00edlias, jovens e comunidades schoenstattianas. H\u00e1 anos, os jovens do projeto Miss\u00e3o Pa\u00eds v\u00eam semeando vida em dezenas de povoados e, neste ano de 2025, j\u00e1 chegaram a mais de 30 localidades. Durante um recente feriado prolongado de maio, o Projeto Desperta \u2013 com jovens j\u00e1 em idade profissional \u2013 tamb\u00e9m se lan\u00e7ou \u00e0 miss\u00e3o em v\u00e1rias cidades. Muitos deles j\u00e1 haviam vivido a experi\u00eancia durante a fase universit\u00e1ria e, embora agora n\u00e3o disponham do mesmo tempo, quando se experimenta a alegria de ser mission\u00e1rio\u2026 n\u00e3o se quer mais parar.<\/p>\n\n\n\n<p>Tamb\u00e9m n\u00f3s, como fam\u00edlias, sentimos o impulso de sair, e fazemos isso h\u00e1 mais de uma d\u00e9cada. Mas este ano foi diferente. Algo est\u00e1 acontecendo. <strong>As Miss\u00f5es Familiares se multiplicaram <\/strong>e, durante esta Semana Santa, de 12 a 20 de abril, mais de 30 fam\u00edlias \u2014 com filhos pequenos, adolescentes, jovens profissionais, Irm\u00e3s e Padres \u2014 nos colocamos a caminho para missionar.<\/p>\n\n\n\n<p>Sentimo-nos enviados para semear o amor de Deus em diferentes cantos do pa\u00eds: Moriles, na prov\u00edncia de C\u00f3rdoba, Santaella, tamb\u00e9m na prov\u00edncia de C\u00f3rdoba, e a ilha de Formentera, nas Ilhas Baleares, foram os locais escolhidos para a visita dos mission\u00e1rios de Schoenstatt.<\/p>\n\n\n\n<h3 class=\"wp-block-heading\" id=\"h-santaella-fazei-o-que-ele-vos-disser\">Santaella: \u201cFazei o que Ele vos disser\u201d<\/h3>\n\n\n\n<p>Sob o lema evang\u00e9lico \u201cFazei tudo o que Ele vos disser\u201d (Jo 2,5), um grupo de fam\u00edlias e jovens, provenientes de diferentes partes da Espanha e da Alemanha, reuniu-se para passar a Semana Santa com uma experi\u00eancia de miss\u00e3o familiar em Santaella, uma bela e singela aldeia no interior de C\u00f3rdoba. Santaella, representada pelo seu p\u00e1roco, Pe. Jos\u00e9 Natalino Rendo Abril, abriu as suas portas com enorme generosidade, acolhendo os mission\u00e1rios num dos seus locais mais queridos: o Santu\u00e1rio da Virgem do Vale.<\/p>\n\n\n\n<figure class=\"wp-block-gallery has-nested-images columns-default is-cropped wp-block-gallery-1 is-layout-flex wp-block-gallery-is-layout-flex\">\n<figure class=\"wp-block-image size-large\"><img fetchpriority=\"high\" decoding=\"async\" width=\"450\" height=\"593\" data-id=\"56784\" src=\"https:\/\/schoenstatt.com\/wp-content\/uploads\/2025\/05\/Schoenstatt-Family-Missions-Santaella-Spain-2025-1.jpeg\" alt=\"\" class=\"wp-image-56784\"\/><\/figure>\n\n\n\n<figure class=\"wp-block-image size-large\"><img decoding=\"async\" width=\"450\" height=\"609\" data-id=\"56782\" src=\"https:\/\/schoenstatt.com\/wp-content\/uploads\/2025\/05\/Schoenstatt-Family-Missions-Santaella-Spain-2025-1.jpg\" alt=\"\" class=\"wp-image-56782\"\/><\/figure>\n\n\n\n<figure class=\"wp-block-image size-full\"><img decoding=\"async\" width=\"456\" height=\"611\" data-id=\"56783\" src=\"https:\/\/schoenstatt.com\/wp-content\/uploads\/2025\/05\/Schoenstatt-Family-Missions-Santaella-Spain-2025-2.jpg\" alt=\"\" class=\"wp-image-56783\"\/><\/figure>\n<\/figure>\n\n\n\n<p>Pablo Aymerich e Mer Soto contam: <em>&#8220;L\u00e1, entre o cheiro e as flores de laranjeira, e com a presen\u00e7a constante de nossa M\u00e3e, a grande educadora, compartilhamos a Semana Santa com seu povo, em um clima de ora\u00e7\u00e3o, austeridade e fraternidade. Foram dias profundamente marcados pela esperan\u00e7a na vit\u00f3ria do Senhor neste ano jubilar. A figura de Maria e seu testemunho de esperan\u00e7a penetraram todas as nossas atividades durante os dias de miss\u00e3o: visitas a lares, oficinas com momentos de encontro para crian\u00e7as, jovens e adultos, vig\u00edlias, brincadeiras para crian\u00e7as, momentos de adora\u00e7\u00e3o e louvor, testemunhos, visitas dos jovens da aldeia aos nossos encontros, participa\u00e7\u00e3o nas celebra\u00e7\u00f5es lit\u00fargicas\u2026 Tudo isso vivido com enorme alegria, eleva\u00e7\u00e3o de esp\u00edrito e sentimento de profunda gratid\u00e3o por tantos dons recebidos&#8221;.<\/em><\/p>\n\n\n\n<p>Nesta vila, rica em tradi\u00e7\u00e3o e f\u00e9 viva, convivem mais de dez irmandades e confrarias com uma religiosidade popular profundamente enraizada. <em>\u201cGra\u00e7as ao generoso convite do p\u00e1roco, Santaella ser\u00e1 uma vila mission\u00e1ria durante tr\u00eas anos seguidos, e esta foi apenas a primeira semente. Partimos com o cora\u00e7\u00e3o cheio de gratid\u00e3o, sabendo que esta miss\u00e3o n\u00e3o termina, mas apenas come\u00e7a.\u201d<\/em><\/p>\n\n\n\n<h3 class=\"wp-block-heading\" id=\"h-formentera-missoes-na-ilha\">Formentera: Miss\u00f5es na ilha<\/h3>\n\n\n\n<p>Pelo <a href=\"https:\/\/schoenstatt.com\/pt-pt\/as-ineditas-missoes-familiares-na-ilha-de-formentera\/\">segundo ano consecutivo<\/a>, a Fam\u00edlia de Schoenstatt visitou a ilha de Formentera. O lugar \u00e9 famoso por suas praias paradis\u00edacas, por seus quiosques, por suas festas animadas\u2026 Mas tamb\u00e9m pela f\u00e9 das pessoas que vivem no local.<\/p>\n\n\n\n<figure class=\"wp-block-image size-full\"><img loading=\"lazy\" decoding=\"async\" width=\"1600\" height=\"1067\" src=\"https:\/\/schoenstatt.com\/wp-content\/uploads\/2025\/05\/Schoenstatt-Family-Missions-Santaella-Formentera-2025-b.jpg\" alt=\"\" class=\"wp-image-56793\" srcset=\"https:\/\/schoenstatt.com\/wp-content\/uploads\/2025\/05\/Schoenstatt-Family-Missions-Santaella-Formentera-2025-b.jpg 1600w, https:\/\/schoenstatt.com\/wp-content\/uploads\/2025\/05\/Schoenstatt-Family-Missions-Santaella-Formentera-2025-b-768x512.jpg 768w, https:\/\/schoenstatt.com\/wp-content\/uploads\/2025\/05\/Schoenstatt-Family-Missions-Santaella-Formentera-2025-b-1536x1024.jpg 1536w\" sizes=\"(max-width: 1600px) 100vw, 1600px\" \/><\/figure>\n\n\n\n<p>Carlota Gil, de Madri, conta: <em>&#8220;Pudemos ser instrumentos da nossa M\u00e3e Peregrina de Schoenstatt e de Jesus, com o objetivo de ajudar o Padre Nando (Pe. Fernando Jes\u00fas Bay\u00f3n Plaz) e transmitir esse amor em comunidade, visitando os idosos do asilo com quem tivemos a sorte de compartilhar desde um bingo at\u00e9 uma missa, visitando tamb\u00e9m pessoas doentes da ilha, ou indo de porta em porta pelas casas de S\u00e3o Francisco, uma das aldeias de Formentera. Nessa din\u00e2mica, n\u00f3s, os mission\u00e1rios, tamb\u00e9m reencontramos o amor de Jesus atrav\u00e9s dos moradores que pudemos conhecer, que nos abriram as portas de suas casas e que nos receberam com alegria ao ver a M\u00e3e Peregrina, que \u00e9 uma figura j\u00e1 conhecida na ilha&#8221;.<\/em><\/p>\n\n\n\n<figure class=\"wp-block-image size-full\"><img loading=\"lazy\" decoding=\"async\" width=\"1508\" height=\"806\" src=\"https:\/\/schoenstatt.com\/wp-content\/uploads\/2025\/05\/Schoenstatt-Family-Missions-Formentera-2025-b.jpg\" alt=\"\" class=\"wp-image-56798\" srcset=\"https:\/\/schoenstatt.com\/wp-content\/uploads\/2025\/05\/Schoenstatt-Family-Missions-Formentera-2025-b.jpg 1508w, https:\/\/schoenstatt.com\/wp-content\/uploads\/2025\/05\/Schoenstatt-Family-Missions-Formentera-2025-b-768x410.jpg 768w\" sizes=\"(max-width: 1508px) 100vw, 1508px\" \/><\/figure>\n\n\n\n<h3 class=\"wp-block-heading\" id=\"h-moriles-em-cada-casa-que-se-abria-descobriamos-uma-historia\">Moriles: Em cada casa que se abria, descobr\u00edamos uma hist\u00f3ria<\/h3>\n\n\n\n<p>Um grupo de fam\u00edlias voltou a Moriles, uma cidade cordovesa que h\u00e1 tr\u00eas anos acolhe com carinho e f\u00e9 viva as Miss\u00f5es Familiares.<\/p>\n\n\n\n<figure class=\"wp-block-image size-full\"><img loading=\"lazy\" decoding=\"async\" width=\"2048\" height=\"1536\" src=\"https:\/\/schoenstatt.com\/wp-content\/uploads\/2025\/05\/Schoenstatt-Family-Missions-Moriles-Spain-2025.jpg\" alt=\"\" class=\"wp-image-56803\" srcset=\"https:\/\/schoenstatt.com\/wp-content\/uploads\/2025\/05\/Schoenstatt-Family-Missions-Moriles-Spain-2025.jpg 2048w, https:\/\/schoenstatt.com\/wp-content\/uploads\/2025\/05\/Schoenstatt-Family-Missions-Moriles-Spain-2025-768x576.jpg 768w, https:\/\/schoenstatt.com\/wp-content\/uploads\/2025\/05\/Schoenstatt-Family-Missions-Moriles-Spain-2025-1536x1152.jpg 1536w\" sizes=\"(max-width: 2048px) 100vw, 2048px\" \/><\/figure>\n\n\n\n<p>Clari Roberts explica o sentido dessas visitas: <em>&#8220;Ao missionar, n\u00e3o vamos pregar e, \u00e0s vezes, nem sabemos bem o que dizer. Fazer miss\u00f5es \u00e9 colocar-se a servi\u00e7o. \u00c9 deixar-se enviar. Ao fazer isso, nos tornamos os p\u00e9s da M\u00e3e Peregrina, que quer levar Cristo a cada lar. \u00c9 o Menino em seus bra\u00e7os que faz os milagres; n\u00f3s simplesmente percorremos o caminho que Ela nos indica. Missionar n\u00e3o \u00e9 tanto fazer ou dizer, mas estar presente e deixar Deus agir. Ser testemunhas do Amor, com humildade. E, depois, levar essas hist\u00f3rias no cora\u00e7\u00e3o, para meditar, rezar e agradecer.&#8221;<\/em><\/p>\n\n\n\n<p>Foi exatamente isso o que se viveu em cada canto da Espanha onde se realizaram as Miss\u00f5es Familiares. Uma mesma experi\u00eancia com m\u00faltiplas faces: fam\u00edlias, jovens e comunidades dispostos a se deixarem transformar enquanto levavam a presen\u00e7a viva de Deus aos demais.<\/p>\n\n\n\n<figure class=\"wp-block-image size-full\"><img loading=\"lazy\" decoding=\"async\" width=\"2048\" height=\"1236\" src=\"https:\/\/schoenstatt.com\/wp-content\/uploads\/2025\/05\/family-mision-spain-pilgrim-mother-3.jpg\" alt=\"\" class=\"wp-image-56809\" srcset=\"https:\/\/schoenstatt.com\/wp-content\/uploads\/2025\/05\/family-mision-spain-pilgrim-mother-3.jpg 2048w, https:\/\/schoenstatt.com\/wp-content\/uploads\/2025\/05\/family-mision-spain-pilgrim-mother-3-768x464.jpg 768w, https:\/\/schoenstatt.com\/wp-content\/uploads\/2025\/05\/family-mision-spain-pilgrim-mother-3-1536x927.jpg 1536w\" sizes=\"(max-width: 2048px) 100vw, 2048px\" \/><\/figure>\n\n\n\n<p><strong>Tradu\u00e7\u00e3o:<\/strong> Karen Bueno<\/p>\n","protected":false},"excerpt":{"rendered":"<p>Durante a Semana Santa, a Fam\u00edlia de Schoenstatt da Espanha se colocou em sa\u00edda com v\u00e1rias edi\u00e7\u00f5es simult\u00e2neas das Miss\u00f5es Familiares.<\/p>\n","protected":false},"author":3,"featured_media":56813,"comment_status":"closed","ping_status":"closed","sticky":false,"template":"","format":"standard","meta":{"footnotes":""},"categories":[897,872,876],"tags":[1065],"class_list":["post-56816","post","type-post","status-publish","format-standard","has-post-thumbnail","hentry","category-em-missao-pt-pt","category-europa-pt-pt","category-familia-pt-pt","tag-missionarios-pt-pt"],"yoast_head":"<!-- This site is optimized with the Yoast SEO Premium plugin v27.4 (Yoast SEO v27.5) - https:\/\/yoast.com\/product\/yoast-seo-premium-wordpress\/ -->\n<title>Espanha, terra de miss\u00e3o - Schoenstatt<\/title>\n<meta name=\"description\" content=\"Durante a Semana Santa, a Fam\u00edlia de Schoenstatt da Espanha se colocou em sa\u00edda com v\u00e1rias edi\u00e7\u00f5es simult\u00e2neas das Miss\u00f5es Familiares.\" \/>\n<meta name=\"robots\" content=\"index, follow, max-snippet:-1, max-image-preview:large, max-video-preview:-1\" \/>\n<link rel=\"canonical\" href=\"https:\/\/schoenstatt.com\/pt-pt\/espanha-terra-de-missao\/\" \/>\n<meta property=\"og:locale\" content=\"pt_PT\" \/>\n<meta property=\"og:type\" content=\"article\" \/>\n<meta property=\"og:title\" content=\"Espanha, terra de miss\u00e3o\" \/>\n<meta property=\"og:description\" content=\"Durante a Semana Santa, a Fam\u00edlia de Schoenstatt da Espanha se colocou em sa\u00edda com v\u00e1rias edi\u00e7\u00f5es simult\u00e2neas das Miss\u00f5es Familiares.\" \/>\n<meta property=\"og:url\" content=\"https:\/\/schoenstatt.com\/pt-pt\/espanha-terra-de-missao\/\" \/>\n<meta property=\"og:site_name\" content=\"Schoenstatt\" \/>\n<meta property=\"article:published_time\" content=\"2025-05-19T13:35:31+00:00\" \/>\n<meta property=\"article:modified_time\" content=\"2025-08-18T18:01:14+00:00\" \/>\n<meta property=\"og:image\" content=\"https:\/\/schoenstatt.com\/wp-content\/uploads\/2025\/05\/family-mision-spain-pilgrim-mother-3.jpg\" \/>\n\t<meta property=\"og:image:width\" content=\"2048\" \/>\n\t<meta property=\"og:image:height\" content=\"1236\" \/>\n\t<meta property=\"og:image:type\" content=\"image\/jpeg\" \/>\n<meta name=\"author\" content=\"Karen Bueno\" \/>\n<meta name=\"twitter:card\" content=\"summary_large_image\" \/>\n<meta name=\"twitter:label1\" content=\"Escrito por\" \/>\n\t<meta name=\"twitter:data1\" content=\"Karen Bueno\" \/>\n\t<meta name=\"twitter:label2\" content=\"Tempo estimado de leitura\" \/>\n\t<meta name=\"twitter:data2\" content=\"6 minutos\" \/>\n<script type=\"application\/ld+json\" class=\"yoast-schema-graph\">{\"@context\":\"https:\\\/\\\/schema.org\",\"@graph\":[{\"@type\":\"Article\",\"@id\":\"https:\\\/\\\/schoenstatt.com\\\/pt-pt\\\/espanha-terra-de-missao\\\/#article\",\"isPartOf\":{\"@id\":\"https:\\\/\\\/schoenstatt.com\\\/pt-pt\\\/espanha-terra-de-missao\\\/\"},\"author\":{\"name\":\"Karen Bueno\",\"@id\":\"https:\\\/\\\/schoenstatt.com\\\/pt-pt\\\/#\\\/schema\\\/person\\\/5158877ad4acae98b34daaeef2a1ce6e\"},\"headline\":\"Espanha, terra de miss\u00e3o\",\"datePublished\":\"2025-05-19T13:35:31+00:00\",\"dateModified\":\"2025-08-18T18:01:14+00:00\",\"mainEntityOfPage\":{\"@id\":\"https:\\\/\\\/schoenstatt.com\\\/pt-pt\\\/espanha-terra-de-missao\\\/\"},\"wordCount\":910,\"publisher\":{\"@id\":\"https:\\\/\\\/schoenstatt.com\\\/pt-pt\\\/#organization\"},\"image\":{\"@id\":\"https:\\\/\\\/schoenstatt.com\\\/pt-pt\\\/espanha-terra-de-missao\\\/#primaryimage\"},\"thumbnailUrl\":\"https:\\\/\\\/schoenstatt.com\\\/wp-content\\\/uploads\\\/2025\\\/05\\\/family-mision-spain-pilgrim-mother-3.jpg\",\"keywords\":[\"Mission\u00e1rios\"],\"articleSection\":[\"Em miss\u00e3o\",\"Europa\",\"Fam\u00edlia\"],\"inLanguage\":\"pt-PT\"},{\"@type\":\"WebPage\",\"@id\":\"https:\\\/\\\/schoenstatt.com\\\/pt-pt\\\/espanha-terra-de-missao\\\/\",\"url\":\"https:\\\/\\\/schoenstatt.com\\\/pt-pt\\\/espanha-terra-de-missao\\\/\",\"name\":\"Espanha, terra de miss\u00e3o - Schoenstatt\",\"isPartOf\":{\"@id\":\"https:\\\/\\\/schoenstatt.com\\\/pt-pt\\\/#website\"},\"primaryImageOfPage\":{\"@id\":\"https:\\\/\\\/schoenstatt.com\\\/pt-pt\\\/espanha-terra-de-missao\\\/#primaryimage\"},\"image\":{\"@id\":\"https:\\\/\\\/schoenstatt.com\\\/pt-pt\\\/espanha-terra-de-missao\\\/#primaryimage\"},\"thumbnailUrl\":\"https:\\\/\\\/schoenstatt.com\\\/wp-content\\\/uploads\\\/2025\\\/05\\\/family-mision-spain-pilgrim-mother-3.jpg\",\"datePublished\":\"2025-05-19T13:35:31+00:00\",\"dateModified\":\"2025-08-18T18:01:14+00:00\",\"description\":\"Durante a Semana Santa, a Fam\u00edlia de Schoenstatt da Espanha se colocou em sa\u00edda com v\u00e1rias edi\u00e7\u00f5es simult\u00e2neas das Miss\u00f5es Familiares.\",\"breadcrumb\":{\"@id\":\"https:\\\/\\\/schoenstatt.com\\\/pt-pt\\\/espanha-terra-de-missao\\\/#breadcrumb\"},\"inLanguage\":\"pt-PT\",\"potentialAction\":[{\"@type\":\"ReadAction\",\"target\":[\"https:\\\/\\\/schoenstatt.com\\\/pt-pt\\\/espanha-terra-de-missao\\\/\"]}]},{\"@type\":\"ImageObject\",\"inLanguage\":\"pt-PT\",\"@id\":\"https:\\\/\\\/schoenstatt.com\\\/pt-pt\\\/espanha-terra-de-missao\\\/#primaryimage\",\"url\":\"https:\\\/\\\/schoenstatt.com\\\/wp-content\\\/uploads\\\/2025\\\/05\\\/family-mision-spain-pilgrim-mother-3.jpg\",\"contentUrl\":\"https:\\\/\\\/schoenstatt.com\\\/wp-content\\\/uploads\\\/2025\\\/05\\\/family-mision-spain-pilgrim-mother-3.jpg\",\"width\":2048,\"height\":1236},{\"@type\":\"BreadcrumbList\",\"@id\":\"https:\\\/\\\/schoenstatt.com\\\/pt-pt\\\/espanha-terra-de-missao\\\/#breadcrumb\",\"itemListElement\":[{\"@type\":\"ListItem\",\"position\":1,\"name\":\"Portada\",\"item\":\"https:\\\/\\\/schoenstatt.com\\\/pt-pt\\\/home\\\/\"},{\"@type\":\"ListItem\",\"position\":2,\"name\":\"Espanha, terra de miss\u00e3o\"}]},{\"@type\":\"WebSite\",\"@id\":\"https:\\\/\\\/schoenstatt.com\\\/pt-pt\\\/#website\",\"url\":\"https:\\\/\\\/schoenstatt.com\\\/pt-pt\\\/\",\"name\":\"Schoenstatt\",\"description\":\"Apostolic Movement\",\"publisher\":{\"@id\":\"https:\\\/\\\/schoenstatt.com\\\/pt-pt\\\/#organization\"},\"potentialAction\":[{\"@type\":\"SearchAction\",\"target\":{\"@type\":\"EntryPoint\",\"urlTemplate\":\"https:\\\/\\\/schoenstatt.com\\\/pt-pt\\\/?s={search_term_string}\"},\"query-input\":{\"@type\":\"PropertyValueSpecification\",\"valueRequired\":true,\"valueName\":\"search_term_string\"}}],\"inLanguage\":\"pt-PT\"},{\"@type\":\"Organization\",\"@id\":\"https:\\\/\\\/schoenstatt.com\\\/pt-pt\\\/#organization\",\"name\":\"Schoenstatt\",\"url\":\"https:\\\/\\\/schoenstatt.com\\\/pt-pt\\\/\",\"logo\":{\"@type\":\"ImageObject\",\"inLanguage\":\"pt-PT\",\"@id\":\"https:\\\/\\\/schoenstatt.com\\\/pt-pt\\\/#\\\/schema\\\/logo\\\/image\\\/\",\"url\":\"https:\\\/\\\/schoenstatt.com\\\/wp-content\\\/uploads\\\/2025\\\/04\\\/logo-schoenstatt-white-696x696-1.png\",\"contentUrl\":\"https:\\\/\\\/schoenstatt.com\\\/wp-content\\\/uploads\\\/2025\\\/04\\\/logo-schoenstatt-white-696x696-1.png\",\"width\":696,\"height\":694,\"caption\":\"Schoenstatt\"},\"image\":{\"@id\":\"https:\\\/\\\/schoenstatt.com\\\/pt-pt\\\/#\\\/schema\\\/logo\\\/image\\\/\"}},{\"@type\":\"Person\",\"@id\":\"https:\\\/\\\/schoenstatt.com\\\/pt-pt\\\/#\\\/schema\\\/person\\\/5158877ad4acae98b34daaeef2a1ce6e\",\"name\":\"Karen Bueno\",\"image\":{\"@type\":\"ImageObject\",\"inLanguage\":\"pt-PT\",\"@id\":\"https:\\\/\\\/secure.gravatar.com\\\/avatar\\\/f9f4b823873154269d2b2130f195f6d41037dd0d7fc5f3cacb5c846bae70d66b?s=96&d=mm&r=g\",\"url\":\"https:\\\/\\\/secure.gravatar.com\\\/avatar\\\/f9f4b823873154269d2b2130f195f6d41037dd0d7fc5f3cacb5c846bae70d66b?s=96&d=mm&r=g\",\"contentUrl\":\"https:\\\/\\\/secure.gravatar.com\\\/avatar\\\/f9f4b823873154269d2b2130f195f6d41037dd0d7fc5f3cacb5c846bae70d66b?s=96&d=mm&r=g\",\"caption\":\"Karen Bueno\"},\"url\":\"https:\\\/\\\/schoenstatt.com\\\/pt-pt\\\/author\\\/karen-bueno\\\/\"}]}<\/script>\n<!-- \/ Yoast SEO Premium plugin. -->","yoast_head_json":{"title":"Espanha, terra de miss\u00e3o - Schoenstatt","description":"Durante a Semana Santa, a Fam\u00edlia de Schoenstatt da Espanha se colocou em sa\u00edda com v\u00e1rias edi\u00e7\u00f5es simult\u00e2neas das Miss\u00f5es Familiares.","robots":{"index":"index","follow":"follow","max-snippet":"max-snippet:-1","max-image-preview":"max-image-preview:large","max-video-preview":"max-video-preview:-1"},"canonical":"https:\/\/schoenstatt.com\/pt-pt\/espanha-terra-de-missao\/","og_locale":"pt_PT","og_type":"article","og_title":"Espanha, terra de miss\u00e3o","og_description":"Durante a Semana Santa, a Fam\u00edlia de Schoenstatt da Espanha se colocou em sa\u00edda com v\u00e1rias edi\u00e7\u00f5es simult\u00e2neas das Miss\u00f5es Familiares.","og_url":"https:\/\/schoenstatt.com\/pt-pt\/espanha-terra-de-missao\/","og_site_name":"Schoenstatt","article_published_time":"2025-05-19T13:35:31+00:00","article_modified_time":"2025-08-18T18:01:14+00:00","og_image":[{"width":2048,"height":1236,"url":"https:\/\/schoenstatt.com\/wp-content\/uploads\/2025\/05\/family-mision-spain-pilgrim-mother-3.jpg","type":"image\/jpeg"}],"author":"Karen Bueno","twitter_card":"summary_large_image","twitter_misc":{"Escrito por":"Karen Bueno","Tempo estimado de leitura":"6 minutos"},"schema":{"@context":"https:\/\/schema.org","@graph":[{"@type":"Article","@id":"https:\/\/schoenstatt.com\/pt-pt\/espanha-terra-de-missao\/#article","isPartOf":{"@id":"https:\/\/schoenstatt.com\/pt-pt\/espanha-terra-de-missao\/"},"author":{"name":"Karen Bueno","@id":"https:\/\/schoenstatt.com\/pt-pt\/#\/schema\/person\/5158877ad4acae98b34daaeef2a1ce6e"},"headline":"Espanha, terra de miss\u00e3o","datePublished":"2025-05-19T13:35:31+00:00","dateModified":"2025-08-18T18:01:14+00:00","mainEntityOfPage":{"@id":"https:\/\/schoenstatt.com\/pt-pt\/espanha-terra-de-missao\/"},"wordCount":910,"publisher":{"@id":"https:\/\/schoenstatt.com\/pt-pt\/#organization"},"image":{"@id":"https:\/\/schoenstatt.com\/pt-pt\/espanha-terra-de-missao\/#primaryimage"},"thumbnailUrl":"https:\/\/schoenstatt.com\/wp-content\/uploads\/2025\/05\/family-mision-spain-pilgrim-mother-3.jpg","keywords":["Mission\u00e1rios"],"articleSection":["Em miss\u00e3o","Europa","Fam\u00edlia"],"inLanguage":"pt-PT"},{"@type":"WebPage","@id":"https:\/\/schoenstatt.com\/pt-pt\/espanha-terra-de-missao\/","url":"https:\/\/schoenstatt.com\/pt-pt\/espanha-terra-de-missao\/","name":"Espanha, terra de miss\u00e3o - Schoenstatt","isPartOf":{"@id":"https:\/\/schoenstatt.com\/pt-pt\/#website"},"primaryImageOfPage":{"@id":"https:\/\/schoenstatt.com\/pt-pt\/espanha-terra-de-missao\/#primaryimage"},"image":{"@id":"https:\/\/schoenstatt.com\/pt-pt\/espanha-terra-de-missao\/#primaryimage"},"thumbnailUrl":"https:\/\/schoenstatt.com\/wp-content\/uploads\/2025\/05\/family-mision-spain-pilgrim-mother-3.jpg","datePublished":"2025-05-19T13:35:31+00:00","dateModified":"2025-08-18T18:01:14+00:00","description":"Durante a Semana Santa, a Fam\u00edlia de Schoenstatt da Espanha se colocou em sa\u00edda com v\u00e1rias edi\u00e7\u00f5es simult\u00e2neas das Miss\u00f5es Familiares.","breadcrumb":{"@id":"https:\/\/schoenstatt.com\/pt-pt\/espanha-terra-de-missao\/#breadcrumb"},"inLanguage":"pt-PT","potentialAction":[{"@type":"ReadAction","target":["https:\/\/schoenstatt.com\/pt-pt\/espanha-terra-de-missao\/"]}]},{"@type":"ImageObject","inLanguage":"pt-PT","@id":"https:\/\/schoenstatt.com\/pt-pt\/espanha-terra-de-missao\/#primaryimage","url":"https:\/\/schoenstatt.com\/wp-content\/uploads\/2025\/05\/family-mision-spain-pilgrim-mother-3.jpg","contentUrl":"https:\/\/schoenstatt.com\/wp-content\/uploads\/2025\/05\/family-mision-spain-pilgrim-mother-3.jpg","width":2048,"height":1236},{"@type":"BreadcrumbList","@id":"https:\/\/schoenstatt.com\/pt-pt\/espanha-terra-de-missao\/#breadcrumb","itemListElement":[{"@type":"ListItem","position":1,"name":"Portada","item":"https:\/\/schoenstatt.com\/pt-pt\/home\/"},{"@type":"ListItem","position":2,"name":"Espanha, terra de miss\u00e3o"}]},{"@type":"WebSite","@id":"https:\/\/schoenstatt.com\/pt-pt\/#website","url":"https:\/\/schoenstatt.com\/pt-pt\/","name":"Schoenstatt","description":"Apostolic Movement","publisher":{"@id":"https:\/\/schoenstatt.com\/pt-pt\/#organization"},"potentialAction":[{"@type":"SearchAction","target":{"@type":"EntryPoint","urlTemplate":"https:\/\/schoenstatt.com\/pt-pt\/?s={search_term_string}"},"query-input":{"@type":"PropertyValueSpecification","valueRequired":true,"valueName":"search_term_string"}}],"inLanguage":"pt-PT"},{"@type":"Organization","@id":"https:\/\/schoenstatt.com\/pt-pt\/#organization","name":"Schoenstatt","url":"https:\/\/schoenstatt.com\/pt-pt\/","logo":{"@type":"ImageObject","inLanguage":"pt-PT","@id":"https:\/\/schoenstatt.com\/pt-pt\/#\/schema\/logo\/image\/","url":"https:\/\/schoenstatt.com\/wp-content\/uploads\/2025\/04\/logo-schoenstatt-white-696x696-1.png","contentUrl":"https:\/\/schoenstatt.com\/wp-content\/uploads\/2025\/04\/logo-schoenstatt-white-696x696-1.png","width":696,"height":694,"caption":"Schoenstatt"},"image":{"@id":"https:\/\/schoenstatt.com\/pt-pt\/#\/schema\/logo\/image\/"}},{"@type":"Person","@id":"https:\/\/schoenstatt.com\/pt-pt\/#\/schema\/person\/5158877ad4acae98b34daaeef2a1ce6e","name":"Karen Bueno","image":{"@type":"ImageObject","inLanguage":"pt-PT","@id":"https:\/\/secure.gravatar.com\/avatar\/f9f4b823873154269d2b2130f195f6d41037dd0d7fc5f3cacb5c846bae70d66b?s=96&d=mm&r=g","url":"https:\/\/secure.gravatar.com\/avatar\/f9f4b823873154269d2b2130f195f6d41037dd0d7fc5f3cacb5c846bae70d66b?s=96&d=mm&r=g","contentUrl":"https:\/\/secure.gravatar.com\/avatar\/f9f4b823873154269d2b2130f195f6d41037dd0d7fc5f3cacb5c846bae70d66b?s=96&d=mm&r=g","caption":"Karen Bueno"},"url":"https:\/\/schoenstatt.com\/pt-pt\/author\/karen-bueno\/"}]}},"_links":{"self":[{"href":"https:\/\/schoenstatt.com\/pt-pt\/wp-json\/wp\/v2\/posts\/56816","targetHints":{"allow":["GET"]}}],"collection":[{"href":"https:\/\/schoenstatt.com\/pt-pt\/wp-json\/wp\/v2\/posts"}],"about":[{"href":"https:\/\/schoenstatt.com\/pt-pt\/wp-json\/wp\/v2\/types\/post"}],"author":[{"embeddable":true,"href":"https:\/\/schoenstatt.com\/pt-pt\/wp-json\/wp\/v2\/users\/3"}],"replies":[{"embeddable":true,"href":"https:\/\/schoenstatt.com\/pt-pt\/wp-json\/wp\/v2\/comments?post=56816"}],"version-history":[{"count":3,"href":"https:\/\/schoenstatt.com\/pt-pt\/wp-json\/wp\/v2\/posts\/56816\/revisions"}],"predecessor-version":[{"id":62345,"href":"https:\/\/schoenstatt.com\/pt-pt\/wp-json\/wp\/v2\/posts\/56816\/revisions\/62345"}],"wp:featuredmedia":[{"embeddable":true,"href":"https:\/\/schoenstatt.com\/pt-pt\/wp-json\/wp\/v2\/media\/56813"}],"wp:attachment":[{"href":"https:\/\/schoenstatt.com\/pt-pt\/wp-json\/wp\/v2\/media?parent=56816"}],"wp:term":[{"taxonomy":"category","embeddable":true,"href":"https:\/\/schoenstatt.com\/pt-pt\/wp-json\/wp\/v2\/categories?post=56816"},{"taxonomy":"post_tag","embeddable":true,"href":"https:\/\/schoenstatt.com\/pt-pt\/wp-json\/wp\/v2\/tags?post=56816"}],"curies":[{"name":"wp","href":"https:\/\/api.w.org\/{rel}","templated":true}]}}