{"id":53906,"date":"2025-05-15T03:05:00","date_gmt":"2025-05-15T01:05:00","guid":{"rendered":"https:\/\/schoenstatt.com\/?p=53906"},"modified":"2025-08-21T03:39:19","modified_gmt":"2025-08-21T01:39:19","slug":"a-causa-de-beatificacao-de-ir-m-emilie-engel-tem-uma-nova-postuladora","status":"publish","type":"post","link":"https:\/\/schoenstatt.com\/pt-pt\/a-causa-de-beatificacao-de-ir-m-emilie-engel-tem-uma-nova-postuladora\/","title":{"rendered":"A Causa de Beatifica\u00e7\u00e3o de Ir. M. Emilie Engel tem uma nova postuladora"},"content":{"rendered":"\n<p>As <a href=\"https:\/\/schoenstatt.com\/pt-pt\/em-comunidade\/woman\/irmas-de-maria\/\">Irm\u00e3s de Maria de Schoenstatt<\/a> informam que a Causa de Beatifica\u00e7\u00e3o da Vener\u00e1vel Ir. M. Emilie Engel tem uma nova Postuladora. A <strong>Ir. M. Elizabet Parodi <\/strong>\u00e9 a nova respons\u00e1vel pelo Processo, que atualmente segue em Roma, no <a href=\"https:\/\/www.vatican.va\/content\/romancuria\/pt\/dicasteri\/dicastero-cause-santi.index.html\">Dicast\u00e9rio das Causas dos Santos<\/a>.<\/p>\n\n\n\n<p>Ir. M. Elizabet \u00e9 argentina e fez seu doutorado em Teologia na Alemanha, na Faculdade de Teologia dos Padres Pallottinos, em Vallendar. Ela trabalhou durante anos em Roma, na ent\u00e3o Congrega\u00e7\u00e3o para a Causa dos Santos.<\/p>\n\n\n\n<p>Nos \u00faltimos anos, trabalhou em Schoenstatt, na Casa M\u00e3e da sua comunidade, contribuindo em projetos de pesquisa relacionados \u00e0 Causa Kentenich e \u00e0 hist\u00f3ria de Schoenstatt.<\/p>\n\n\n\n<p>A vida de Ir. M. Emilie Engel, membro da comunidade das Irm\u00e3s de Maria, foi heroica. Deus n\u00e3o lhe poupou prova\u00e7\u00f5es nem cruzes. Seu Processo de Canoniza\u00e7\u00e3o iniciou no dia 12 de outubro de 1999. Sua nova postuladora nos fala sobre ela:<\/p>\n\n\n\n<h3 class=\"wp-block-heading\" id=\"h-uma-pergunta-inesperada\">Uma pergunta inesperada<\/h3>\n\n\n\n<p>Era uma tarde de inverno, no ano passado. Minha superiora geral me chamou e perguntou se eu estaria disposta a assumir a tarefa de postuladora na Causa de Emilie Engel. A Ir. M. Emilie n\u00e3o \u00e9 desconhecida para mim. Ela \u00e9 membro fundadora das Irm\u00e3s de Maria de Schoenstatt e uma figura muito querida por todas n\u00f3s. A entrega e o hero\u00edsmo nas virtudes com que Emilie viveu sua Alian\u00e7a de Amor com Maria foram reconhecidos pela Igreja em 2012.<\/p>\n\n\n\n<p>Para concluir o Processo de Beatifica\u00e7\u00e3o, \u00e9 necess\u00e1rio comprovar que Deus realizou um milagre por sua intercess\u00e3o. Por isso, perguntei \u00e0 nossa superiora geral, Ir. M. Joanna Buckley, se havia algum milagre a ser investigado. Sua resposta:<em> \u201cN\u00e3o. E \u00e9 disso que se trata. Continuar ajudando Emilie para que sua mensagem e sua intercess\u00e3o cheguem a muitas pessoas\u201d.<\/em><\/p>\n\n\n\n<figure class=\"wp-block-image aligncenter size-full is-resized\"><img fetchpriority=\"high\" decoding=\"async\" width=\"1200\" height=\"1600\" src=\"https:\/\/schoenstatt.com\/wp-content\/uploads\/2025\/05\/Sr-M-Elizabet-Parodi-2.jpg\" alt=\"\" class=\"wp-image-53894\" style=\"width:500px\" srcset=\"https:\/\/schoenstatt.com\/wp-content\/uploads\/2025\/05\/Sr-M-Elizabet-Parodi-2.jpg 1200w, https:\/\/schoenstatt.com\/wp-content\/uploads\/2025\/05\/Sr-M-Elizabet-Parodi-2-768x1024.jpg 768w, https:\/\/schoenstatt.com\/wp-content\/uploads\/2025\/05\/Sr-M-Elizabet-Parodi-2-1152x1536.jpg 1152w\" sizes=\"(max-width: 1200px) 100vw, 1200px\" \/><figcaption class=\"wp-element-caption\">Ir. M. Elizabet Parodi<\/figcaption><\/figure>\n\n\n\n<h3 class=\"wp-block-heading\" id=\"h-uma-frase-motivadora\">Uma frase motivadora<\/h3>\n\n\n\n<p>Sua resposta me lembrou uma conversa que tive com um colega, quando eu trabalhava como te\u00f3loga no atual Dicast\u00e9rio para a Causa dos Santos. Um dia, enquanto l\u00edamos algumas a\u00e7\u00f5es extraordin\u00e1rias atribu\u00eddas ao ent\u00e3o Beato Jo\u00e3o Paulo II, comentei espontaneamente:<em> \u201cAlguns santos intercedem gra\u00e7as extraordin\u00e1rias com muita frequ\u00eancia. Outros s\u00e3o pregui\u00e7osos\u201d. \u201cN\u00e3o\u201d<\/em>, respondeu-me ele com convic\u00e7\u00e3o, <em>\u201cos Servos de Deus nunca s\u00e3o pregui\u00e7osos, os pregui\u00e7osos s\u00e3o os devotos: eles mal imploram pela sua intercess\u00e3o\u201d.<\/em><\/p>\n\n\n\n<h3 class=\"wp-block-heading\" id=\"h-emilie-engel-uma-santa-schoenstattiana\">Emilie Engel \u2013 uma santa schoenstattiana<\/h3>\n\n\n\n<p>Apaixonada por Schoenstatt, Emilie viveu sua santidade em Alian\u00e7a de Amor com Maria, enraizada no Santu\u00e1rio, a tal ponto que, quando ela faleceu, em 1955, o Pe. Jos\u00e9 Kentenich afirmou que:<\/p>\n\n\n\n<p><em>\u201co mist\u00e9rio de sua vida foi se tornando realidade no esp\u00edrito de Schoenstatt atrav\u00e9s de um di\u00e1logo permanente entre um \u2018Ita Filia\u2019 (Sim, filha) paternal e sol\u00edcito e um \u2018Ita Pater\u2019 (Sim, pai) heroico, filial e disposto; um di\u00e1logo insondavelmente profundo, vital e alegre\u201d.<\/em><\/p>\n\n\n\n<p>E conclui:<\/p>\n\n\n\n<p><em>\u201cEm poucas palavras: ela foi uma verdadeira filha do Pai no esp\u00edrito de Schoenstatt. Resumindo: uma aut\u00eantica filha de Schoenstatt.\u201d<\/em><\/p>\n\n\n\n<figure class=\"wp-block-image aligncenter size-full\"><img decoding=\"async\" width=\"450\" height=\"720\" src=\"https:\/\/schoenstatt.com\/wp-content\/uploads\/2025\/05\/Sr-Emilie-Engel.jpeg\" alt=\"\" class=\"wp-image-53899\"\/><figcaption class=\"wp-element-caption\">Ir. M. Emilie: Sempre com um sorriso<\/figcaption><\/figure>\n\n\n\n<h3 class=\"wp-block-heading\" id=\"h-a-alianca-de-amor-nos-leva-a-santificar-o-encontro-com-os-demais\">A Alian\u00e7a de Amor nos leva a santificar o encontro com os demais<\/h3>\n\n\n\n<p>Desde jovem, Emilie caracterizou-se pela sua solidariedade, mas na Alian\u00e7a de Amor o seu cora\u00e7\u00e3o foi se abrindo cada vez mais ao pr\u00f3ximo. A sua vida foi marcada por um Deus que ela descobriu profundamente como Pai, em quem confia totalmente. Mas, ao mesmo tempo, Emilie, s\u00f3bria e de poucas palavras, caracterizou-se por um olhar maternal atento a quem estava em dificuldade, angustiado, se sentia sozinho. Onde via uma necessidade, l\u00e1 estava ela com um gesto, uma palavra, mesmo que isso lhe custasse. Com sua simplicidade, Emilie era especialista em tecer uma rede de v\u00ednculos, um organismo solid\u00e1rio.<\/p>\n\n\n\n<h3 class=\"wp-block-heading\" id=\"h-sempre-simples-generosa-e-com-um-sorriso\">Sempre simples, generosa e com um sorriso<\/h3>\n\n\n\n<p>Emilie Engel n\u00e3o chegou a conhecer o s\u00edmbolo do jarro (a talha) diante do altar do Santu\u00e1rio como express\u00e3o do que seus filhos oferecem a Maria na Alian\u00e7a de Amor, mas entregava todos os dias suas contribui\u00e7\u00f5es ao Capital de Gra\u00e7as, grandes ou pequenas \u2013 sobretudo aquelas que eram express\u00e3o de sua fragilidade exterior ou interior \u2013, segura de que nas m\u00e3os de Maria elas poderiam ser fecundas para outros. Sempre com um sorriso, express\u00e3o de sua vida em alian\u00e7a com Deus: um sorriso sem fingimento, sincero, mesmo em meio \u00e0 dor.<\/p>\n\n\n\n<h3 class=\"wp-block-heading\" id=\"h-por-que-imploramos-um-milagre-por-sua-intercessao\">Por que imploramos um milagre por sua intercess\u00e3o<\/h3>\n\n\n\n<p>\u00c0s vezes me perguntam se realmente \u00e9 necess\u00e1ria sua beatifica\u00e7\u00e3o ou pedir um milagre por sua intercess\u00e3o. Para as Irm\u00e3s de Maria e para muitos schoenstattianos ela j\u00e1 \u00e9 uma santa, um testemunho da alian\u00e7a de amor vivida. Mas Emilie Engel nos transcende. Sua pessoa e sua mensagem s\u00e3o para a Igreja. Emilie \u00e9 um presente para todos. E para que essa mensagem chegue a outros, precisamos divulg\u00e1-la. O resto \u00e9 com ela.<\/p>\n\n\n\n<p>A Irm\u00e3 Emilie n\u00e3o \u00e9 autorreferencial para Schoenstatt. Ela \u00e9 um testemunho da educa\u00e7\u00e3o concreta de Maria a partir do Santu\u00e1rio. Emilie Engel \u00e9 uma luz que reflete o esplendor de Cristo. E neste mundo escuro, como \u00e9 necess\u00e1ria cada luz!<\/p>\n\n\n\n<p><em>\u201cN\u00e3o se acende uma vela para coloc\u00e1-la debaixo da mesa, mas para coloc\u00e1-la no candelabro e iluminar todos os que est\u00e3o na casa. Assim brilhe a vossa luz diante dos homens\u201d (Mt 5,15-16).<\/em><\/p>\n","protected":false},"excerpt":{"rendered":"<p>A Ir. M. Elizabet Parodi \u00e9 a nova respons\u00e1vel pelo Processo, que atualmente segue em Roma, no Dicast\u00e9rio das Causas dos Santos.<\/p>\n","protected":false},"author":3,"featured_media":53892,"comment_status":"closed","ping_status":"closed","sticky":false,"template":"","format":"standard","meta":{"footnotes":""},"categories":[888],"tags":[1171,1220,1201,954],"class_list":["post-53906","post","type-post","status-publish","format-standard","has-post-thumbnail","hentry","category-herois-de-schoenstatt-pt-pt","tag-herois-de-schoenstatt-pt-pt","tag-ir-m-emilie-engel-pt-pt","tag-irmas-de-maria-de-schoenstatt-pt-pt","tag-processo-de-beatificacao-pt-pt"],"yoast_head":"<!-- This site is optimized with the Yoast SEO Premium plugin v27.4 (Yoast SEO v27.5) - https:\/\/yoast.com\/product\/yoast-seo-premium-wordpress\/ -->\n<title>A Causa de Beatifica\u00e7\u00e3o de Ir. M. Emilie Engel tem uma nova postuladora<\/title>\n<meta name=\"description\" content=\"A Ir. M. Elizabet Parodi \u00e9 a nova respons\u00e1vel pelo Processo, que atualmente segue em Roma, no Dicast\u00e9rio das Causas dos Santos.\" \/>\n<meta name=\"robots\" content=\"index, follow, max-snippet:-1, max-image-preview:large, max-video-preview:-1\" \/>\n<link rel=\"canonical\" href=\"https:\/\/schoenstatt.com\/pt-pt\/a-causa-de-beatificacao-de-ir-m-emilie-engel-tem-uma-nova-postuladora\/\" \/>\n<meta property=\"og:locale\" content=\"pt_PT\" \/>\n<meta property=\"og:type\" content=\"article\" \/>\n<meta property=\"og:title\" content=\"A Causa de Beatifica\u00e7\u00e3o de Ir. M. Emilie Engel tem uma nova postuladora\" \/>\n<meta property=\"og:description\" content=\"A Ir. M. Elizabet Parodi \u00e9 a nova respons\u00e1vel pelo Processo, que atualmente segue em Roma, no Dicast\u00e9rio das Causas dos Santos.\" \/>\n<meta property=\"og:url\" content=\"https:\/\/schoenstatt.com\/pt-pt\/a-causa-de-beatificacao-de-ir-m-emilie-engel-tem-uma-nova-postuladora\/\" \/>\n<meta property=\"og:site_name\" content=\"Schoenstatt\" \/>\n<meta property=\"article:published_time\" content=\"2025-05-15T01:05:00+00:00\" \/>\n<meta property=\"article:modified_time\" content=\"2025-08-21T01:39:19+00:00\" \/>\n<meta property=\"og:image\" content=\"https:\/\/schoenstatt.com\/wp-content\/uploads\/2025\/05\/Sr-M-Elizabet-Parodi.jpg\" \/>\n\t<meta property=\"og:image:width\" content=\"1200\" \/>\n\t<meta property=\"og:image:height\" content=\"704\" \/>\n\t<meta property=\"og:image:type\" content=\"image\/jpeg\" \/>\n<meta name=\"author\" content=\"Karen Bueno\" \/>\n<meta name=\"twitter:card\" content=\"summary_large_image\" \/>\n<meta name=\"twitter:label1\" content=\"Escrito por\" \/>\n\t<meta name=\"twitter:data1\" content=\"Karen Bueno\" \/>\n\t<meta name=\"twitter:label2\" content=\"Tempo estimado de leitura\" \/>\n\t<meta name=\"twitter:data2\" content=\"5 minutos\" \/>\n<script type=\"application\/ld+json\" class=\"yoast-schema-graph\">{\"@context\":\"https:\\\/\\\/schema.org\",\"@graph\":[{\"@type\":\"Article\",\"@id\":\"https:\\\/\\\/schoenstatt.com\\\/pt-pt\\\/a-causa-de-beatificacao-de-ir-m-emilie-engel-tem-uma-nova-postuladora\\\/#article\",\"isPartOf\":{\"@id\":\"https:\\\/\\\/schoenstatt.com\\\/pt-pt\\\/a-causa-de-beatificacao-de-ir-m-emilie-engel-tem-uma-nova-postuladora\\\/\"},\"author\":{\"name\":\"Karen Bueno\",\"@id\":\"https:\\\/\\\/schoenstatt.com\\\/pt-pt\\\/#\\\/schema\\\/person\\\/5158877ad4acae98b34daaeef2a1ce6e\"},\"headline\":\"A Causa de Beatifica\u00e7\u00e3o de Ir. M. Emilie Engel tem uma nova postuladora\",\"datePublished\":\"2025-05-15T01:05:00+00:00\",\"dateModified\":\"2025-08-21T01:39:19+00:00\",\"mainEntityOfPage\":{\"@id\":\"https:\\\/\\\/schoenstatt.com\\\/pt-pt\\\/a-causa-de-beatificacao-de-ir-m-emilie-engel-tem-uma-nova-postuladora\\\/\"},\"wordCount\":921,\"publisher\":{\"@id\":\"https:\\\/\\\/schoenstatt.com\\\/pt-pt\\\/#organization\"},\"image\":{\"@id\":\"https:\\\/\\\/schoenstatt.com\\\/pt-pt\\\/a-causa-de-beatificacao-de-ir-m-emilie-engel-tem-uma-nova-postuladora\\\/#primaryimage\"},\"thumbnailUrl\":\"https:\\\/\\\/schoenstatt.com\\\/wp-content\\\/uploads\\\/2025\\\/05\\\/Sr-M-Elizabet-Parodi.jpg\",\"keywords\":[\"Her\u00f3is de Schoenstatt\",\"Ir. M. Emilie Engel\",\"Irm\u00e3s de Maria de Schoenstatt\",\"Processo de Beatifica\u00e7\u00e3o\"],\"articleSection\":[\"Her\u00f3is de Schoenstatt\"],\"inLanguage\":\"pt-PT\"},{\"@type\":\"WebPage\",\"@id\":\"https:\\\/\\\/schoenstatt.com\\\/pt-pt\\\/a-causa-de-beatificacao-de-ir-m-emilie-engel-tem-uma-nova-postuladora\\\/\",\"url\":\"https:\\\/\\\/schoenstatt.com\\\/pt-pt\\\/a-causa-de-beatificacao-de-ir-m-emilie-engel-tem-uma-nova-postuladora\\\/\",\"name\":\"A Causa de Beatifica\u00e7\u00e3o de Ir. M. Emilie Engel tem uma nova postuladora\",\"isPartOf\":{\"@id\":\"https:\\\/\\\/schoenstatt.com\\\/pt-pt\\\/#website\"},\"primaryImageOfPage\":{\"@id\":\"https:\\\/\\\/schoenstatt.com\\\/pt-pt\\\/a-causa-de-beatificacao-de-ir-m-emilie-engel-tem-uma-nova-postuladora\\\/#primaryimage\"},\"image\":{\"@id\":\"https:\\\/\\\/schoenstatt.com\\\/pt-pt\\\/a-causa-de-beatificacao-de-ir-m-emilie-engel-tem-uma-nova-postuladora\\\/#primaryimage\"},\"thumbnailUrl\":\"https:\\\/\\\/schoenstatt.com\\\/wp-content\\\/uploads\\\/2025\\\/05\\\/Sr-M-Elizabet-Parodi.jpg\",\"datePublished\":\"2025-05-15T01:05:00+00:00\",\"dateModified\":\"2025-08-21T01:39:19+00:00\",\"description\":\"A Ir. M. Elizabet Parodi \u00e9 a nova respons\u00e1vel pelo Processo, que atualmente segue em Roma, no Dicast\u00e9rio das Causas dos Santos.\",\"breadcrumb\":{\"@id\":\"https:\\\/\\\/schoenstatt.com\\\/pt-pt\\\/a-causa-de-beatificacao-de-ir-m-emilie-engel-tem-uma-nova-postuladora\\\/#breadcrumb\"},\"inLanguage\":\"pt-PT\",\"potentialAction\":[{\"@type\":\"ReadAction\",\"target\":[\"https:\\\/\\\/schoenstatt.com\\\/pt-pt\\\/a-causa-de-beatificacao-de-ir-m-emilie-engel-tem-uma-nova-postuladora\\\/\"]}]},{\"@type\":\"ImageObject\",\"inLanguage\":\"pt-PT\",\"@id\":\"https:\\\/\\\/schoenstatt.com\\\/pt-pt\\\/a-causa-de-beatificacao-de-ir-m-emilie-engel-tem-uma-nova-postuladora\\\/#primaryimage\",\"url\":\"https:\\\/\\\/schoenstatt.com\\\/wp-content\\\/uploads\\\/2025\\\/05\\\/Sr-M-Elizabet-Parodi.jpg\",\"contentUrl\":\"https:\\\/\\\/schoenstatt.com\\\/wp-content\\\/uploads\\\/2025\\\/05\\\/Sr-M-Elizabet-Parodi.jpg\",\"width\":1200,\"height\":704},{\"@type\":\"BreadcrumbList\",\"@id\":\"https:\\\/\\\/schoenstatt.com\\\/pt-pt\\\/a-causa-de-beatificacao-de-ir-m-emilie-engel-tem-uma-nova-postuladora\\\/#breadcrumb\",\"itemListElement\":[{\"@type\":\"ListItem\",\"position\":1,\"name\":\"Portada\",\"item\":\"https:\\\/\\\/schoenstatt.com\\\/pt-pt\\\/home\\\/\"},{\"@type\":\"ListItem\",\"position\":2,\"name\":\"A Causa de Beatifica\u00e7\u00e3o de Ir. M. Emilie Engel tem uma nova postuladora\"}]},{\"@type\":\"WebSite\",\"@id\":\"https:\\\/\\\/schoenstatt.com\\\/pt-pt\\\/#website\",\"url\":\"https:\\\/\\\/schoenstatt.com\\\/pt-pt\\\/\",\"name\":\"Schoenstatt\",\"description\":\"Apostolic Movement\",\"publisher\":{\"@id\":\"https:\\\/\\\/schoenstatt.com\\\/pt-pt\\\/#organization\"},\"potentialAction\":[{\"@type\":\"SearchAction\",\"target\":{\"@type\":\"EntryPoint\",\"urlTemplate\":\"https:\\\/\\\/schoenstatt.com\\\/pt-pt\\\/?s={search_term_string}\"},\"query-input\":{\"@type\":\"PropertyValueSpecification\",\"valueRequired\":true,\"valueName\":\"search_term_string\"}}],\"inLanguage\":\"pt-PT\"},{\"@type\":\"Organization\",\"@id\":\"https:\\\/\\\/schoenstatt.com\\\/pt-pt\\\/#organization\",\"name\":\"Schoenstatt\",\"url\":\"https:\\\/\\\/schoenstatt.com\\\/pt-pt\\\/\",\"logo\":{\"@type\":\"ImageObject\",\"inLanguage\":\"pt-PT\",\"@id\":\"https:\\\/\\\/schoenstatt.com\\\/pt-pt\\\/#\\\/schema\\\/logo\\\/image\\\/\",\"url\":\"https:\\\/\\\/schoenstatt.com\\\/wp-content\\\/uploads\\\/2025\\\/04\\\/logo-schoenstatt-white-696x696-1.png\",\"contentUrl\":\"https:\\\/\\\/schoenstatt.com\\\/wp-content\\\/uploads\\\/2025\\\/04\\\/logo-schoenstatt-white-696x696-1.png\",\"width\":696,\"height\":694,\"caption\":\"Schoenstatt\"},\"image\":{\"@id\":\"https:\\\/\\\/schoenstatt.com\\\/pt-pt\\\/#\\\/schema\\\/logo\\\/image\\\/\"}},{\"@type\":\"Person\",\"@id\":\"https:\\\/\\\/schoenstatt.com\\\/pt-pt\\\/#\\\/schema\\\/person\\\/5158877ad4acae98b34daaeef2a1ce6e\",\"name\":\"Karen Bueno\",\"image\":{\"@type\":\"ImageObject\",\"inLanguage\":\"pt-PT\",\"@id\":\"https:\\\/\\\/secure.gravatar.com\\\/avatar\\\/f9f4b823873154269d2b2130f195f6d41037dd0d7fc5f3cacb5c846bae70d66b?s=96&d=mm&r=g\",\"url\":\"https:\\\/\\\/secure.gravatar.com\\\/avatar\\\/f9f4b823873154269d2b2130f195f6d41037dd0d7fc5f3cacb5c846bae70d66b?s=96&d=mm&r=g\",\"contentUrl\":\"https:\\\/\\\/secure.gravatar.com\\\/avatar\\\/f9f4b823873154269d2b2130f195f6d41037dd0d7fc5f3cacb5c846bae70d66b?s=96&d=mm&r=g\",\"caption\":\"Karen Bueno\"},\"url\":\"https:\\\/\\\/schoenstatt.com\\\/pt-pt\\\/author\\\/karen-bueno\\\/\"}]}<\/script>\n<!-- \/ Yoast SEO Premium plugin. -->","yoast_head_json":{"title":"A Causa de Beatifica\u00e7\u00e3o de Ir. M. Emilie Engel tem uma nova postuladora","description":"A Ir. M. Elizabet Parodi \u00e9 a nova respons\u00e1vel pelo Processo, que atualmente segue em Roma, no Dicast\u00e9rio das Causas dos Santos.","robots":{"index":"index","follow":"follow","max-snippet":"max-snippet:-1","max-image-preview":"max-image-preview:large","max-video-preview":"max-video-preview:-1"},"canonical":"https:\/\/schoenstatt.com\/pt-pt\/a-causa-de-beatificacao-de-ir-m-emilie-engel-tem-uma-nova-postuladora\/","og_locale":"pt_PT","og_type":"article","og_title":"A Causa de Beatifica\u00e7\u00e3o de Ir. M. Emilie Engel tem uma nova postuladora","og_description":"A Ir. M. Elizabet Parodi \u00e9 a nova respons\u00e1vel pelo Processo, que atualmente segue em Roma, no Dicast\u00e9rio das Causas dos Santos.","og_url":"https:\/\/schoenstatt.com\/pt-pt\/a-causa-de-beatificacao-de-ir-m-emilie-engel-tem-uma-nova-postuladora\/","og_site_name":"Schoenstatt","article_published_time":"2025-05-15T01:05:00+00:00","article_modified_time":"2025-08-21T01:39:19+00:00","og_image":[{"width":1200,"height":704,"url":"https:\/\/schoenstatt.com\/wp-content\/uploads\/2025\/05\/Sr-M-Elizabet-Parodi.jpg","type":"image\/jpeg"}],"author":"Karen Bueno","twitter_card":"summary_large_image","twitter_misc":{"Escrito por":"Karen Bueno","Tempo estimado de leitura":"5 minutos"},"schema":{"@context":"https:\/\/schema.org","@graph":[{"@type":"Article","@id":"https:\/\/schoenstatt.com\/pt-pt\/a-causa-de-beatificacao-de-ir-m-emilie-engel-tem-uma-nova-postuladora\/#article","isPartOf":{"@id":"https:\/\/schoenstatt.com\/pt-pt\/a-causa-de-beatificacao-de-ir-m-emilie-engel-tem-uma-nova-postuladora\/"},"author":{"name":"Karen Bueno","@id":"https:\/\/schoenstatt.com\/pt-pt\/#\/schema\/person\/5158877ad4acae98b34daaeef2a1ce6e"},"headline":"A Causa de Beatifica\u00e7\u00e3o de Ir. M. Emilie Engel tem uma nova postuladora","datePublished":"2025-05-15T01:05:00+00:00","dateModified":"2025-08-21T01:39:19+00:00","mainEntityOfPage":{"@id":"https:\/\/schoenstatt.com\/pt-pt\/a-causa-de-beatificacao-de-ir-m-emilie-engel-tem-uma-nova-postuladora\/"},"wordCount":921,"publisher":{"@id":"https:\/\/schoenstatt.com\/pt-pt\/#organization"},"image":{"@id":"https:\/\/schoenstatt.com\/pt-pt\/a-causa-de-beatificacao-de-ir-m-emilie-engel-tem-uma-nova-postuladora\/#primaryimage"},"thumbnailUrl":"https:\/\/schoenstatt.com\/wp-content\/uploads\/2025\/05\/Sr-M-Elizabet-Parodi.jpg","keywords":["Her\u00f3is de Schoenstatt","Ir. M. Emilie Engel","Irm\u00e3s de Maria de Schoenstatt","Processo de Beatifica\u00e7\u00e3o"],"articleSection":["Her\u00f3is de Schoenstatt"],"inLanguage":"pt-PT"},{"@type":"WebPage","@id":"https:\/\/schoenstatt.com\/pt-pt\/a-causa-de-beatificacao-de-ir-m-emilie-engel-tem-uma-nova-postuladora\/","url":"https:\/\/schoenstatt.com\/pt-pt\/a-causa-de-beatificacao-de-ir-m-emilie-engel-tem-uma-nova-postuladora\/","name":"A Causa de Beatifica\u00e7\u00e3o de Ir. M. Emilie Engel tem uma nova postuladora","isPartOf":{"@id":"https:\/\/schoenstatt.com\/pt-pt\/#website"},"primaryImageOfPage":{"@id":"https:\/\/schoenstatt.com\/pt-pt\/a-causa-de-beatificacao-de-ir-m-emilie-engel-tem-uma-nova-postuladora\/#primaryimage"},"image":{"@id":"https:\/\/schoenstatt.com\/pt-pt\/a-causa-de-beatificacao-de-ir-m-emilie-engel-tem-uma-nova-postuladora\/#primaryimage"},"thumbnailUrl":"https:\/\/schoenstatt.com\/wp-content\/uploads\/2025\/05\/Sr-M-Elizabet-Parodi.jpg","datePublished":"2025-05-15T01:05:00+00:00","dateModified":"2025-08-21T01:39:19+00:00","description":"A Ir. M. Elizabet Parodi \u00e9 a nova respons\u00e1vel pelo Processo, que atualmente segue em Roma, no Dicast\u00e9rio das Causas dos Santos.","breadcrumb":{"@id":"https:\/\/schoenstatt.com\/pt-pt\/a-causa-de-beatificacao-de-ir-m-emilie-engel-tem-uma-nova-postuladora\/#breadcrumb"},"inLanguage":"pt-PT","potentialAction":[{"@type":"ReadAction","target":["https:\/\/schoenstatt.com\/pt-pt\/a-causa-de-beatificacao-de-ir-m-emilie-engel-tem-uma-nova-postuladora\/"]}]},{"@type":"ImageObject","inLanguage":"pt-PT","@id":"https:\/\/schoenstatt.com\/pt-pt\/a-causa-de-beatificacao-de-ir-m-emilie-engel-tem-uma-nova-postuladora\/#primaryimage","url":"https:\/\/schoenstatt.com\/wp-content\/uploads\/2025\/05\/Sr-M-Elizabet-Parodi.jpg","contentUrl":"https:\/\/schoenstatt.com\/wp-content\/uploads\/2025\/05\/Sr-M-Elizabet-Parodi.jpg","width":1200,"height":704},{"@type":"BreadcrumbList","@id":"https:\/\/schoenstatt.com\/pt-pt\/a-causa-de-beatificacao-de-ir-m-emilie-engel-tem-uma-nova-postuladora\/#breadcrumb","itemListElement":[{"@type":"ListItem","position":1,"name":"Portada","item":"https:\/\/schoenstatt.com\/pt-pt\/home\/"},{"@type":"ListItem","position":2,"name":"A Causa de Beatifica\u00e7\u00e3o de Ir. M. Emilie Engel tem uma nova postuladora"}]},{"@type":"WebSite","@id":"https:\/\/schoenstatt.com\/pt-pt\/#website","url":"https:\/\/schoenstatt.com\/pt-pt\/","name":"Schoenstatt","description":"Apostolic Movement","publisher":{"@id":"https:\/\/schoenstatt.com\/pt-pt\/#organization"},"potentialAction":[{"@type":"SearchAction","target":{"@type":"EntryPoint","urlTemplate":"https:\/\/schoenstatt.com\/pt-pt\/?s={search_term_string}"},"query-input":{"@type":"PropertyValueSpecification","valueRequired":true,"valueName":"search_term_string"}}],"inLanguage":"pt-PT"},{"@type":"Organization","@id":"https:\/\/schoenstatt.com\/pt-pt\/#organization","name":"Schoenstatt","url":"https:\/\/schoenstatt.com\/pt-pt\/","logo":{"@type":"ImageObject","inLanguage":"pt-PT","@id":"https:\/\/schoenstatt.com\/pt-pt\/#\/schema\/logo\/image\/","url":"https:\/\/schoenstatt.com\/wp-content\/uploads\/2025\/04\/logo-schoenstatt-white-696x696-1.png","contentUrl":"https:\/\/schoenstatt.com\/wp-content\/uploads\/2025\/04\/logo-schoenstatt-white-696x696-1.png","width":696,"height":694,"caption":"Schoenstatt"},"image":{"@id":"https:\/\/schoenstatt.com\/pt-pt\/#\/schema\/logo\/image\/"}},{"@type":"Person","@id":"https:\/\/schoenstatt.com\/pt-pt\/#\/schema\/person\/5158877ad4acae98b34daaeef2a1ce6e","name":"Karen Bueno","image":{"@type":"ImageObject","inLanguage":"pt-PT","@id":"https:\/\/secure.gravatar.com\/avatar\/f9f4b823873154269d2b2130f195f6d41037dd0d7fc5f3cacb5c846bae70d66b?s=96&d=mm&r=g","url":"https:\/\/secure.gravatar.com\/avatar\/f9f4b823873154269d2b2130f195f6d41037dd0d7fc5f3cacb5c846bae70d66b?s=96&d=mm&r=g","contentUrl":"https:\/\/secure.gravatar.com\/avatar\/f9f4b823873154269d2b2130f195f6d41037dd0d7fc5f3cacb5c846bae70d66b?s=96&d=mm&r=g","caption":"Karen Bueno"},"url":"https:\/\/schoenstatt.com\/pt-pt\/author\/karen-bueno\/"}]}},"_links":{"self":[{"href":"https:\/\/schoenstatt.com\/pt-pt\/wp-json\/wp\/v2\/posts\/53906","targetHints":{"allow":["GET"]}}],"collection":[{"href":"https:\/\/schoenstatt.com\/pt-pt\/wp-json\/wp\/v2\/posts"}],"about":[{"href":"https:\/\/schoenstatt.com\/pt-pt\/wp-json\/wp\/v2\/types\/post"}],"author":[{"embeddable":true,"href":"https:\/\/schoenstatt.com\/pt-pt\/wp-json\/wp\/v2\/users\/3"}],"replies":[{"embeddable":true,"href":"https:\/\/schoenstatt.com\/pt-pt\/wp-json\/wp\/v2\/comments?post=53906"}],"version-history":[{"count":15,"href":"https:\/\/schoenstatt.com\/pt-pt\/wp-json\/wp\/v2\/posts\/53906\/revisions"}],"predecessor-version":[{"id":62984,"href":"https:\/\/schoenstatt.com\/pt-pt\/wp-json\/wp\/v2\/posts\/53906\/revisions\/62984"}],"wp:featuredmedia":[{"embeddable":true,"href":"https:\/\/schoenstatt.com\/pt-pt\/wp-json\/wp\/v2\/media\/53892"}],"wp:attachment":[{"href":"https:\/\/schoenstatt.com\/pt-pt\/wp-json\/wp\/v2\/media?parent=53906"}],"wp:term":[{"taxonomy":"category","embeddable":true,"href":"https:\/\/schoenstatt.com\/pt-pt\/wp-json\/wp\/v2\/categories?post=53906"},{"taxonomy":"post_tag","embeddable":true,"href":"https:\/\/schoenstatt.com\/pt-pt\/wp-json\/wp\/v2\/tags?post=53906"}],"curies":[{"name":"wp","href":"https:\/\/api.w.org\/{rel}","templated":true}]}}