{"id":53878,"date":"2025-05-14T03:03:00","date_gmt":"2025-05-14T01:03:00","guid":{"rendered":"https:\/\/schoenstatt.com\/?p=53878"},"modified":"2025-08-19T17:32:19","modified_gmt":"2025-08-19T15:32:19","slug":"schoenstatt-na-diocese-de-chiclayo-dias-de-alegria-e-emocao","status":"publish","type":"post","link":"https:\/\/schoenstatt.com\/pt-pt\/schoenstatt-na-diocese-de-chiclayo-dias-de-alegria-e-emocao\/","title":{"rendered":"Schoenstatt na Diocese de Chiclayo \u2013 Dias de alegria e emo\u00e7\u00e3o!"},"content":{"rendered":"\n<p>Qualquer pessoa que transite pelas ruas \u201cIzaga\u201d ou \u201cDaniel Carrion\u201d, em Chiclayo, no Peru, provavelmente vai perceber a presen\u00e7a da M\u00e3e e Rainha de Schoenstatt. Isso porque <em>\u201cnossa M\u00e3e n\u00e3o passa despercebida\u201d<\/em>, conta a Sra. Carmita Cely, mission\u00e1ria da Campanha da M\u00e3e Peregrina e integrante da Liga das M\u00e3es de Schoenstatt.<\/p>\n\n\n\n<p>O Movimento Apost\u00f3lico \u00e9 presente e cheio de vida na Diocese de Chiclayo, o local de onde procede o novo Pont\u00edfice eleito recentemente, o <a href=\"https:\/\/schoenstatt.com\/pt-pt\/habemus-papam-robert-francis-prevost-papa-leao-xiv\/\">Papa Le\u00e3o XIV<\/a>. Nascido nos Estados Unidos, Robert Francis Prevost viveu por v\u00e1rios anos no Peru.<\/p>\n\n\n\n<p><em>\u201cNo Movimento de Schoenstatt, em Chiclayo, h\u00e1 grupos de mission\u00e1rios da M\u00e3e Peregrina, a Liga das M\u00e3es e v\u00e1rias Ermidas: uma em Izaga, outra em Daniel Carrion. Nossa M\u00e3e n\u00e3o fica despercebida por quem quer que passe. Outra ermida fica no parque do Clube \u00c1rabe, no bairro Santa Victoria, e \u00e9 muito visitada por todas as pessoas\u201d<\/em>, conta Carmita.<\/p>\n\n\n\n<p>J\u00e1 \u00e9 tradi\u00e7\u00e3o que, a cada dia 18 de maio, acontece uma prociss\u00e3o especial pelas ruas da cidade. Uma grande imagem da M\u00e3e e Rainha, com seis metros de altura, percorre a cidade acompanhada por muitas pessoas, por m\u00fasicos, dan\u00e7as t\u00edpicas e mostras de carinho.<\/p>\n\n\n\n<figure class=\"wp-block-gallery has-nested-images columns-default is-cropped wp-block-gallery-1 is-layout-flex wp-block-gallery-is-layout-flex\">\n<figure class=\"wp-block-image size-large\"><img fetchpriority=\"high\" decoding=\"async\" width=\"1600\" height=\"1066\" data-id=\"53852\" src=\"https:\/\/schoenstatt.com\/wp-content\/uploads\/2025\/05\/Pope-Leo-XIV-Peru-2.jpg\" alt=\"\" class=\"wp-image-53852\" srcset=\"https:\/\/schoenstatt.com\/wp-content\/uploads\/2025\/05\/Pope-Leo-XIV-Peru-2.jpg 1600w, https:\/\/schoenstatt.com\/wp-content\/uploads\/2025\/05\/Pope-Leo-XIV-Peru-2-768x512.jpg 768w, https:\/\/schoenstatt.com\/wp-content\/uploads\/2025\/05\/Pope-Leo-XIV-Peru-2-1536x1023.jpg 1536w\" sizes=\"(max-width: 1600px) 100vw, 1600px\" \/><\/figure>\n\n\n\n<figure class=\"wp-block-image size-large\"><img decoding=\"async\" width=\"1600\" height=\"1066\" data-id=\"53854\" src=\"https:\/\/schoenstatt.com\/wp-content\/uploads\/2025\/05\/Pope-Leo-XIV-Peru.jpg\" alt=\"\" class=\"wp-image-53854\" srcset=\"https:\/\/schoenstatt.com\/wp-content\/uploads\/2025\/05\/Pope-Leo-XIV-Peru.jpg 1600w, https:\/\/schoenstatt.com\/wp-content\/uploads\/2025\/05\/Pope-Leo-XIV-Peru-768x512.jpg 768w, https:\/\/schoenstatt.com\/wp-content\/uploads\/2025\/05\/Pope-Leo-XIV-Peru-1536x1023.jpg 1536w\" sizes=\"(max-width: 1600px) 100vw, 1600px\" \/><\/figure>\n<\/figure>\n\n\n\n<p><em>Papa Le\u00e3o XIV na ordena\u00e7\u00e3o de sacerdotes ligados \u00e0 espiritualidade de Schoenstatt<\/em><\/p>\n\n\n\n<h3 class=\"wp-block-heading\" id=\"h-a-emocao-de-ter-um-novo-papa\">A emo\u00e7\u00e3o de ter um novo Papa<\/h3>\n\n\n\n<p><em>\u201cA elei\u00e7\u00e3o do novo Papa foi muito emocionante. Foi uma b\u00ean\u00e7\u00e3o termos mantido contato com ele em alguns eventos, como Movimento de Schoenstatt,\u201d<\/em> diz a Sra. Carmita.<\/p>\n\n\n\n<p>A Liga das M\u00e3es contribui de v\u00e1rias formas para a forma\u00e7\u00e3o de novos sacerdotes na Diocese, apoiando o Semin\u00e1rio Maior. Isso fez com que as m\u00e3es se tornassem mais pr\u00f3ximas do ent\u00e3o bispo Robert Francis Prevost.<\/p>\n\n\n\n<figure class=\"wp-block-image size-full\"><img decoding=\"async\" width=\"1470\" height=\"1128\" src=\"https:\/\/schoenstatt.com\/wp-content\/uploads\/2025\/05\/Schoenstatt-Chiclayo-Peru-2.jpg\" alt=\"\" class=\"wp-image-53862\" srcset=\"https:\/\/schoenstatt.com\/wp-content\/uploads\/2025\/05\/Schoenstatt-Chiclayo-Peru-2.jpg 1470w, https:\/\/schoenstatt.com\/wp-content\/uploads\/2025\/05\/Schoenstatt-Chiclayo-Peru-2-768x589.jpg 768w\" sizes=\"(max-width: 1470px) 100vw, 1470px\" \/><figcaption class=\"wp-element-caption\"><em>Ermida em Chiclayo<\/em><\/figcaption><\/figure>\n\n\n\n<h3 class=\"wp-block-heading\" id=\"h-a-mae-esteve-presente-nesta-eleicao\">A M\u00e3e esteve presente nesta elei\u00e7\u00e3o<\/h3>\n\n\n\n<p>A atual assessor da Fam\u00edlia de Schoenstatt do Peru, Pe. Eduardo Auza, n\u00e3o teve a oportunidade de conhecer o Cardeal Prevost, pois o novo Papa j\u00e1 estava trabalhando em Roma h\u00e1 alguns anos. <em>\u201cMas a Fam\u00edlia de Schoenstatt o conhece, e ele, naturalmente, tamb\u00e9m conhece a Fam\u00edlia de Schoenstatt, especialmente em Chiclayo, onde foi bispo (l\u00e1 n\u00e3o h\u00e1 Santu\u00e1rio, apenas Ermidas). Ele tamb\u00e9m \u00e9 conhecido na cidade de Trujillo, onde trabalhou e onde h\u00e1 um Santu\u00e1rio de Schoenstatt \u2013 o Santu\u00e1rio da Fidelidade, que neste ano de 2025 completa 25 anos de sua consagra\u00e7\u00e3o\u201d<\/em>, conta o assessor.<\/p>\n\n\n\n<p>Pe. Eduardo diz que gostou muito das palavras iniciais do Papa: <em>\u201cEm primeiro lugar, agradeceu ao Papa Francisco por seu testemunho de vida. Isso nos faz pensar que ele quer continuar o trabalho de seu predecessor. Fez alus\u00e3o, v\u00e1rias vezes, a ser construtores de pontes, indicando que \u00e9 um homem de comunh\u00e3o, que buscar\u00e1 acentuar o esp\u00edrito de fam\u00edlia. Tamb\u00e9m disse que quer uma Igreja sinodal, o que demonstra que, para ele, a sinodalidade deve ser um modo ou um estilo de vida da Igreja Cat\u00f3lica, um caminhar juntos at\u00e9 Deus e que juntos podemos responder a todos os desafios do nosso tempo\u201d.<\/em><\/p>\n\n\n\n<figure class=\"wp-block-gallery has-nested-images columns-default is-cropped wp-block-gallery-2 is-layout-flex wp-block-gallery-is-layout-flex\">\n<figure class=\"wp-block-image size-large\"><img loading=\"lazy\" decoding=\"async\" width=\"1024\" height=\"768\" data-id=\"53867\" src=\"https:\/\/schoenstatt.com\/wp-content\/uploads\/2025\/05\/Pope-Leo-XIV-Peru-3.jpg\" alt=\"\" class=\"wp-image-53867\" srcset=\"https:\/\/schoenstatt.com\/wp-content\/uploads\/2025\/05\/Pope-Leo-XIV-Peru-3.jpg 1024w, https:\/\/schoenstatt.com\/wp-content\/uploads\/2025\/05\/Pope-Leo-XIV-Peru-3-768x576.jpg 768w\" sizes=\"(max-width: 1024px) 100vw, 1024px\" \/><\/figure>\n\n\n\n<figure class=\"wp-block-image size-large\"><img loading=\"lazy\" decoding=\"async\" width=\"1600\" height=\"1200\" data-id=\"53871\" src=\"https:\/\/schoenstatt.com\/wp-content\/uploads\/2025\/05\/Pope-Leo-XIV-Peru-4.jpg\" alt=\"\" class=\"wp-image-53871\" srcset=\"https:\/\/schoenstatt.com\/wp-content\/uploads\/2025\/05\/Pope-Leo-XIV-Peru-4.jpg 1600w, https:\/\/schoenstatt.com\/wp-content\/uploads\/2025\/05\/Pope-Leo-XIV-Peru-4-768x576.jpg 768w, https:\/\/schoenstatt.com\/wp-content\/uploads\/2025\/05\/Pope-Leo-XIV-Peru-4-1536x1152.jpg 1536w\" sizes=\"(max-width: 1600px) 100vw, 1600px\" \/><\/figure>\n<\/figure>\n\n\n\n<p><em>Papa Le\u00e3o XIV com sacerdotes ligados \u00e0 espiritualidade de Schoenstatt<\/em><\/p>\n\n\n\n<p>Al\u00e9m disso, Pe. Eduardo v\u00ea outros aspectos importantes:<em> \u201cEle nos falou tamb\u00e9m de uma Igreja mission\u00e1ria. N\u00e3o podemos perder a consci\u00eancia de miss\u00e3o, de estar em sa\u00edda. Foi muito bonito escutar a alus\u00e3o que fez \u00e0 PAZ: ele vai trabalhar pela paz no mundo.&#8221;<\/em><\/p>\n\n\n\n<p>Aos schoenstattianos, Pe. Eduardo diz que tocam especialmente as palavras finais do novo pont\u00edfice:<em> \u201cSeu discurso terminou com a invoca\u00e7\u00e3o a Maria, no dia de Nossa Senhora de Pompeia \u2013 pede a ela que caminhe conosco. Ele nos recorda, assim, a cultura da Alian\u00e7a. Isso diz muito a n\u00f3s, schoenstattianos. A M\u00e3e esteve presente nesta elei\u00e7\u00e3o\u201d.<\/em><\/p>\n\n\n\n<p>A Fam\u00edlia de Schoenstatt de Chiclayo, neste dia 18 de maio, vai renovar a Alian\u00e7a de Amor ainda com mais alegria e emo\u00e7\u00e3o, pois \u00e9 justamente a data marcada para o in\u00edcio do pontificado do novo Papa. Por ele ser\u00e3o oferecidas as ora\u00e7\u00f5es e entregas ao Capital de Gra\u00e7as.<\/p>\n\n\n\n<figure class=\"wp-block-image size-full\"><img loading=\"lazy\" decoding=\"async\" width=\"1600\" height=\"1200\" src=\"https:\/\/schoenstatt.com\/wp-content\/uploads\/2025\/05\/Schoenstatt-Chiclayo-Peru.jpg\" alt=\"\" class=\"wp-image-53847\" srcset=\"https:\/\/schoenstatt.com\/wp-content\/uploads\/2025\/05\/Schoenstatt-Chiclayo-Peru.jpg 1600w, https:\/\/schoenstatt.com\/wp-content\/uploads\/2025\/05\/Schoenstatt-Chiclayo-Peru-768x576.jpg 768w, https:\/\/schoenstatt.com\/wp-content\/uploads\/2025\/05\/Schoenstatt-Chiclayo-Peru-1536x1152.jpg 1536w\" sizes=\"(max-width: 1600px) 100vw, 1600px\" \/><\/figure>\n\n\n\n<p><em>\u201cEsperamos que, com este novo Papa, tenhamos uni\u00e3o, paz e que sigamos dando a conhecer nosso amor e ajuda aos mais necessitados\u201d,<\/em> diz Carmita.<\/p>\n\n\n\n<figure class=\"wp-block-embed is-type-wp-embed is-provider-schoenstatt wp-block-embed-schoenstatt\"><div class=\"wp-block-embed__wrapper\">\n<blockquote class=\"wp-embedded-content\" data-secret=\"naLjEdAM0k\"><a href=\"https:\/\/schoenstatt.com\/pt-pt\/o-papa-leao-xiv-e-schoenstatt\/\">O Papa Le\u00e3o XIV e Schoenstatt<\/a><\/blockquote><iframe class=\"wp-embedded-content\" sandbox=\"allow-scripts\" security=\"restricted\" style=\"position: absolute; visibility: hidden;\" title=\"&#8220;O Papa Le\u00e3o XIV e Schoenstatt&#8221; &#8212; Schoenstatt\" src=\"https:\/\/schoenstatt.com\/pt-pt\/o-papa-leao-xiv-e-schoenstatt\/embed\/#?secret=VfzhO8N2mU#?secret=naLjEdAM0k\" data-secret=\"naLjEdAM0k\" width=\"600\" height=\"338\" frameborder=\"0\" marginwidth=\"0\" marginheight=\"0\" scrolling=\"no\"><\/iframe>\n<\/div><\/figure>\n","protected":false},"excerpt":{"rendered":"<p>A Fam\u00edlia de Schoenstatt da Diocese de Chiclayo, no Peru, celebra a elei\u00e7\u00e3o do novo Papa, que foi seu bispo por alguns anos.<\/p>\n","protected":false},"author":3,"featured_media":53850,"comment_status":"closed","ping_status":"closed","sticky":false,"template":"","format":"standard","meta":{"footnotes":""},"categories":[625,608],"tags":[1295],"class_list":["post-53878","post","type-post","status-publish","format-standard","has-post-thumbnail","hentry","category-america-pt-pt","category-igreja-pt-pt","tag-igreja-pt-pt"],"yoast_head":"<!-- This site is optimized with the Yoast SEO Premium plugin v27.4 (Yoast SEO v27.4) - https:\/\/yoast.com\/product\/yoast-seo-premium-wordpress\/ -->\n<title>Schoenstatt na Diocese de Chiclayo \u2013 Dias de alegria e emo\u00e7\u00e3o! - Schoenstatt<\/title>\n<meta name=\"description\" content=\"A Fam\u00edlia de Schoenstatt da Diocese de Chiclayo, no Peru, celebra a elei\u00e7\u00e3o do novo Papa, que foi seu bispo por alguns anos.\" \/>\n<meta name=\"robots\" content=\"index, follow, max-snippet:-1, max-image-preview:large, max-video-preview:-1\" \/>\n<link rel=\"canonical\" href=\"https:\/\/schoenstatt.com\/pt-pt\/schoenstatt-na-diocese-de-chiclayo-dias-de-alegria-e-emocao\/\" \/>\n<meta property=\"og:locale\" content=\"pt_PT\" \/>\n<meta property=\"og:type\" content=\"article\" \/>\n<meta property=\"og:title\" content=\"Schoenstatt na Diocese de Chiclayo \u2013 Dias de alegria e emo\u00e7\u00e3o!\" \/>\n<meta property=\"og:description\" content=\"A Fam\u00edlia de Schoenstatt da Diocese de Chiclayo, no Peru, celebra a elei\u00e7\u00e3o do novo Papa, que foi seu bispo por alguns anos.\" \/>\n<meta property=\"og:url\" content=\"https:\/\/schoenstatt.com\/pt-pt\/schoenstatt-na-diocese-de-chiclayo-dias-de-alegria-e-emocao\/\" \/>\n<meta property=\"og:site_name\" content=\"Schoenstatt\" \/>\n<meta property=\"article:published_time\" content=\"2025-05-14T01:03:00+00:00\" \/>\n<meta property=\"article:modified_time\" content=\"2025-08-19T15:32:19+00:00\" \/>\n<meta property=\"og:image\" content=\"https:\/\/schoenstatt.com\/wp-content\/uploads\/2025\/05\/Schoenstatt-Chiclayo-Peru.jpg\" \/>\n\t<meta property=\"og:image:width\" content=\"1600\" \/>\n\t<meta property=\"og:image:height\" content=\"1200\" \/>\n\t<meta property=\"og:image:type\" content=\"image\/jpeg\" \/>\n<meta name=\"author\" content=\"Karen Bueno\" \/>\n<meta name=\"twitter:card\" content=\"summary_large_image\" \/>\n<meta name=\"twitter:label1\" content=\"Escrito por\" \/>\n\t<meta name=\"twitter:data1\" content=\"Karen Bueno\" \/>\n\t<meta name=\"twitter:label2\" content=\"Tempo estimado de leitura\" \/>\n\t<meta name=\"twitter:data2\" content=\"5 minutos\" \/>\n<script type=\"application\/ld+json\" class=\"yoast-schema-graph\">{\"@context\":\"https:\\\/\\\/schema.org\",\"@graph\":[{\"@type\":\"Article\",\"@id\":\"https:\\\/\\\/schoenstatt.com\\\/pt-pt\\\/schoenstatt-na-diocese-de-chiclayo-dias-de-alegria-e-emocao\\\/#article\",\"isPartOf\":{\"@id\":\"https:\\\/\\\/schoenstatt.com\\\/pt-pt\\\/schoenstatt-na-diocese-de-chiclayo-dias-de-alegria-e-emocao\\\/\"},\"author\":{\"name\":\"Karen Bueno\",\"@id\":\"https:\\\/\\\/schoenstatt.com\\\/pt-pt\\\/#\\\/schema\\\/person\\\/5158877ad4acae98b34daaeef2a1ce6e\"},\"headline\":\"Schoenstatt na Diocese de Chiclayo \u2013 Dias de alegria e emo\u00e7\u00e3o!\",\"datePublished\":\"2025-05-14T01:03:00+00:00\",\"dateModified\":\"2025-08-19T15:32:19+00:00\",\"mainEntityOfPage\":{\"@id\":\"https:\\\/\\\/schoenstatt.com\\\/pt-pt\\\/schoenstatt-na-diocese-de-chiclayo-dias-de-alegria-e-emocao\\\/\"},\"wordCount\":748,\"publisher\":{\"@id\":\"https:\\\/\\\/schoenstatt.com\\\/pt-pt\\\/#organization\"},\"image\":{\"@id\":\"https:\\\/\\\/schoenstatt.com\\\/pt-pt\\\/schoenstatt-na-diocese-de-chiclayo-dias-de-alegria-e-emocao\\\/#primaryimage\"},\"thumbnailUrl\":\"https:\\\/\\\/schoenstatt.com\\\/wp-content\\\/uploads\\\/2025\\\/05\\\/Schoenstatt-Chiclayo-Peru.jpg\",\"keywords\":[\"Igreja\"],\"articleSection\":[\"Am\u00e9rica\",\"Igreja\"],\"inLanguage\":\"pt-PT\"},{\"@type\":\"WebPage\",\"@id\":\"https:\\\/\\\/schoenstatt.com\\\/pt-pt\\\/schoenstatt-na-diocese-de-chiclayo-dias-de-alegria-e-emocao\\\/\",\"url\":\"https:\\\/\\\/schoenstatt.com\\\/pt-pt\\\/schoenstatt-na-diocese-de-chiclayo-dias-de-alegria-e-emocao\\\/\",\"name\":\"Schoenstatt na Diocese de Chiclayo \u2013 Dias de alegria e emo\u00e7\u00e3o! - Schoenstatt\",\"isPartOf\":{\"@id\":\"https:\\\/\\\/schoenstatt.com\\\/pt-pt\\\/#website\"},\"primaryImageOfPage\":{\"@id\":\"https:\\\/\\\/schoenstatt.com\\\/pt-pt\\\/schoenstatt-na-diocese-de-chiclayo-dias-de-alegria-e-emocao\\\/#primaryimage\"},\"image\":{\"@id\":\"https:\\\/\\\/schoenstatt.com\\\/pt-pt\\\/schoenstatt-na-diocese-de-chiclayo-dias-de-alegria-e-emocao\\\/#primaryimage\"},\"thumbnailUrl\":\"https:\\\/\\\/schoenstatt.com\\\/wp-content\\\/uploads\\\/2025\\\/05\\\/Schoenstatt-Chiclayo-Peru.jpg\",\"datePublished\":\"2025-05-14T01:03:00+00:00\",\"dateModified\":\"2025-08-19T15:32:19+00:00\",\"description\":\"A Fam\u00edlia de Schoenstatt da Diocese de Chiclayo, no Peru, celebra a elei\u00e7\u00e3o do novo Papa, que foi seu bispo por alguns anos.\",\"breadcrumb\":{\"@id\":\"https:\\\/\\\/schoenstatt.com\\\/pt-pt\\\/schoenstatt-na-diocese-de-chiclayo-dias-de-alegria-e-emocao\\\/#breadcrumb\"},\"inLanguage\":\"pt-PT\",\"potentialAction\":[{\"@type\":\"ReadAction\",\"target\":[\"https:\\\/\\\/schoenstatt.com\\\/pt-pt\\\/schoenstatt-na-diocese-de-chiclayo-dias-de-alegria-e-emocao\\\/\"]}]},{\"@type\":\"ImageObject\",\"inLanguage\":\"pt-PT\",\"@id\":\"https:\\\/\\\/schoenstatt.com\\\/pt-pt\\\/schoenstatt-na-diocese-de-chiclayo-dias-de-alegria-e-emocao\\\/#primaryimage\",\"url\":\"https:\\\/\\\/schoenstatt.com\\\/wp-content\\\/uploads\\\/2025\\\/05\\\/Schoenstatt-Chiclayo-Peru.jpg\",\"contentUrl\":\"https:\\\/\\\/schoenstatt.com\\\/wp-content\\\/uploads\\\/2025\\\/05\\\/Schoenstatt-Chiclayo-Peru.jpg\",\"width\":1600,\"height\":1200},{\"@type\":\"BreadcrumbList\",\"@id\":\"https:\\\/\\\/schoenstatt.com\\\/pt-pt\\\/schoenstatt-na-diocese-de-chiclayo-dias-de-alegria-e-emocao\\\/#breadcrumb\",\"itemListElement\":[{\"@type\":\"ListItem\",\"position\":1,\"name\":\"Portada\",\"item\":\"https:\\\/\\\/schoenstatt.com\\\/pt-pt\\\/home\\\/\"},{\"@type\":\"ListItem\",\"position\":2,\"name\":\"Schoenstatt na Diocese de Chiclayo \u2013 Dias de alegria e emo\u00e7\u00e3o!\"}]},{\"@type\":\"WebSite\",\"@id\":\"https:\\\/\\\/schoenstatt.com\\\/pt-pt\\\/#website\",\"url\":\"https:\\\/\\\/schoenstatt.com\\\/pt-pt\\\/\",\"name\":\"Schoenstatt\",\"description\":\"Apostolic Movement\",\"publisher\":{\"@id\":\"https:\\\/\\\/schoenstatt.com\\\/pt-pt\\\/#organization\"},\"potentialAction\":[{\"@type\":\"SearchAction\",\"target\":{\"@type\":\"EntryPoint\",\"urlTemplate\":\"https:\\\/\\\/schoenstatt.com\\\/pt-pt\\\/?s={search_term_string}\"},\"query-input\":{\"@type\":\"PropertyValueSpecification\",\"valueRequired\":true,\"valueName\":\"search_term_string\"}}],\"inLanguage\":\"pt-PT\"},{\"@type\":\"Organization\",\"@id\":\"https:\\\/\\\/schoenstatt.com\\\/pt-pt\\\/#organization\",\"name\":\"Schoenstatt\",\"url\":\"https:\\\/\\\/schoenstatt.com\\\/pt-pt\\\/\",\"logo\":{\"@type\":\"ImageObject\",\"inLanguage\":\"pt-PT\",\"@id\":\"https:\\\/\\\/schoenstatt.com\\\/pt-pt\\\/#\\\/schema\\\/logo\\\/image\\\/\",\"url\":\"https:\\\/\\\/schoenstatt.com\\\/wp-content\\\/uploads\\\/2025\\\/04\\\/logo-schoenstatt-white-696x696-1.png\",\"contentUrl\":\"https:\\\/\\\/schoenstatt.com\\\/wp-content\\\/uploads\\\/2025\\\/04\\\/logo-schoenstatt-white-696x696-1.png\",\"width\":696,\"height\":694,\"caption\":\"Schoenstatt\"},\"image\":{\"@id\":\"https:\\\/\\\/schoenstatt.com\\\/pt-pt\\\/#\\\/schema\\\/logo\\\/image\\\/\"}},{\"@type\":\"Person\",\"@id\":\"https:\\\/\\\/schoenstatt.com\\\/pt-pt\\\/#\\\/schema\\\/person\\\/5158877ad4acae98b34daaeef2a1ce6e\",\"name\":\"Karen Bueno\",\"image\":{\"@type\":\"ImageObject\",\"inLanguage\":\"pt-PT\",\"@id\":\"https:\\\/\\\/secure.gravatar.com\\\/avatar\\\/f9f4b823873154269d2b2130f195f6d41037dd0d7fc5f3cacb5c846bae70d66b?s=96&d=mm&r=g\",\"url\":\"https:\\\/\\\/secure.gravatar.com\\\/avatar\\\/f9f4b823873154269d2b2130f195f6d41037dd0d7fc5f3cacb5c846bae70d66b?s=96&d=mm&r=g\",\"contentUrl\":\"https:\\\/\\\/secure.gravatar.com\\\/avatar\\\/f9f4b823873154269d2b2130f195f6d41037dd0d7fc5f3cacb5c846bae70d66b?s=96&d=mm&r=g\",\"caption\":\"Karen Bueno\"},\"url\":\"https:\\\/\\\/schoenstatt.com\\\/pt-pt\\\/author\\\/karen-bueno\\\/\"}]}<\/script>\n<!-- \/ Yoast SEO Premium plugin. -->","yoast_head_json":{"title":"Schoenstatt na Diocese de Chiclayo \u2013 Dias de alegria e emo\u00e7\u00e3o! - Schoenstatt","description":"A Fam\u00edlia de Schoenstatt da Diocese de Chiclayo, no Peru, celebra a elei\u00e7\u00e3o do novo Papa, que foi seu bispo por alguns anos.","robots":{"index":"index","follow":"follow","max-snippet":"max-snippet:-1","max-image-preview":"max-image-preview:large","max-video-preview":"max-video-preview:-1"},"canonical":"https:\/\/schoenstatt.com\/pt-pt\/schoenstatt-na-diocese-de-chiclayo-dias-de-alegria-e-emocao\/","og_locale":"pt_PT","og_type":"article","og_title":"Schoenstatt na Diocese de Chiclayo \u2013 Dias de alegria e emo\u00e7\u00e3o!","og_description":"A Fam\u00edlia de Schoenstatt da Diocese de Chiclayo, no Peru, celebra a elei\u00e7\u00e3o do novo Papa, que foi seu bispo por alguns anos.","og_url":"https:\/\/schoenstatt.com\/pt-pt\/schoenstatt-na-diocese-de-chiclayo-dias-de-alegria-e-emocao\/","og_site_name":"Schoenstatt","article_published_time":"2025-05-14T01:03:00+00:00","article_modified_time":"2025-08-19T15:32:19+00:00","og_image":[{"width":1600,"height":1200,"url":"https:\/\/schoenstatt.com\/wp-content\/uploads\/2025\/05\/Schoenstatt-Chiclayo-Peru.jpg","type":"image\/jpeg"}],"author":"Karen Bueno","twitter_card":"summary_large_image","twitter_misc":{"Escrito por":"Karen Bueno","Tempo estimado de leitura":"5 minutos"},"schema":{"@context":"https:\/\/schema.org","@graph":[{"@type":"Article","@id":"https:\/\/schoenstatt.com\/pt-pt\/schoenstatt-na-diocese-de-chiclayo-dias-de-alegria-e-emocao\/#article","isPartOf":{"@id":"https:\/\/schoenstatt.com\/pt-pt\/schoenstatt-na-diocese-de-chiclayo-dias-de-alegria-e-emocao\/"},"author":{"name":"Karen Bueno","@id":"https:\/\/schoenstatt.com\/pt-pt\/#\/schema\/person\/5158877ad4acae98b34daaeef2a1ce6e"},"headline":"Schoenstatt na Diocese de Chiclayo \u2013 Dias de alegria e emo\u00e7\u00e3o!","datePublished":"2025-05-14T01:03:00+00:00","dateModified":"2025-08-19T15:32:19+00:00","mainEntityOfPage":{"@id":"https:\/\/schoenstatt.com\/pt-pt\/schoenstatt-na-diocese-de-chiclayo-dias-de-alegria-e-emocao\/"},"wordCount":748,"publisher":{"@id":"https:\/\/schoenstatt.com\/pt-pt\/#organization"},"image":{"@id":"https:\/\/schoenstatt.com\/pt-pt\/schoenstatt-na-diocese-de-chiclayo-dias-de-alegria-e-emocao\/#primaryimage"},"thumbnailUrl":"https:\/\/schoenstatt.com\/wp-content\/uploads\/2025\/05\/Schoenstatt-Chiclayo-Peru.jpg","keywords":["Igreja"],"articleSection":["Am\u00e9rica","Igreja"],"inLanguage":"pt-PT"},{"@type":"WebPage","@id":"https:\/\/schoenstatt.com\/pt-pt\/schoenstatt-na-diocese-de-chiclayo-dias-de-alegria-e-emocao\/","url":"https:\/\/schoenstatt.com\/pt-pt\/schoenstatt-na-diocese-de-chiclayo-dias-de-alegria-e-emocao\/","name":"Schoenstatt na Diocese de Chiclayo \u2013 Dias de alegria e emo\u00e7\u00e3o! - Schoenstatt","isPartOf":{"@id":"https:\/\/schoenstatt.com\/pt-pt\/#website"},"primaryImageOfPage":{"@id":"https:\/\/schoenstatt.com\/pt-pt\/schoenstatt-na-diocese-de-chiclayo-dias-de-alegria-e-emocao\/#primaryimage"},"image":{"@id":"https:\/\/schoenstatt.com\/pt-pt\/schoenstatt-na-diocese-de-chiclayo-dias-de-alegria-e-emocao\/#primaryimage"},"thumbnailUrl":"https:\/\/schoenstatt.com\/wp-content\/uploads\/2025\/05\/Schoenstatt-Chiclayo-Peru.jpg","datePublished":"2025-05-14T01:03:00+00:00","dateModified":"2025-08-19T15:32:19+00:00","description":"A Fam\u00edlia de Schoenstatt da Diocese de Chiclayo, no Peru, celebra a elei\u00e7\u00e3o do novo Papa, que foi seu bispo por alguns anos.","breadcrumb":{"@id":"https:\/\/schoenstatt.com\/pt-pt\/schoenstatt-na-diocese-de-chiclayo-dias-de-alegria-e-emocao\/#breadcrumb"},"inLanguage":"pt-PT","potentialAction":[{"@type":"ReadAction","target":["https:\/\/schoenstatt.com\/pt-pt\/schoenstatt-na-diocese-de-chiclayo-dias-de-alegria-e-emocao\/"]}]},{"@type":"ImageObject","inLanguage":"pt-PT","@id":"https:\/\/schoenstatt.com\/pt-pt\/schoenstatt-na-diocese-de-chiclayo-dias-de-alegria-e-emocao\/#primaryimage","url":"https:\/\/schoenstatt.com\/wp-content\/uploads\/2025\/05\/Schoenstatt-Chiclayo-Peru.jpg","contentUrl":"https:\/\/schoenstatt.com\/wp-content\/uploads\/2025\/05\/Schoenstatt-Chiclayo-Peru.jpg","width":1600,"height":1200},{"@type":"BreadcrumbList","@id":"https:\/\/schoenstatt.com\/pt-pt\/schoenstatt-na-diocese-de-chiclayo-dias-de-alegria-e-emocao\/#breadcrumb","itemListElement":[{"@type":"ListItem","position":1,"name":"Portada","item":"https:\/\/schoenstatt.com\/pt-pt\/home\/"},{"@type":"ListItem","position":2,"name":"Schoenstatt na Diocese de Chiclayo \u2013 Dias de alegria e emo\u00e7\u00e3o!"}]},{"@type":"WebSite","@id":"https:\/\/schoenstatt.com\/pt-pt\/#website","url":"https:\/\/schoenstatt.com\/pt-pt\/","name":"Schoenstatt","description":"Apostolic Movement","publisher":{"@id":"https:\/\/schoenstatt.com\/pt-pt\/#organization"},"potentialAction":[{"@type":"SearchAction","target":{"@type":"EntryPoint","urlTemplate":"https:\/\/schoenstatt.com\/pt-pt\/?s={search_term_string}"},"query-input":{"@type":"PropertyValueSpecification","valueRequired":true,"valueName":"search_term_string"}}],"inLanguage":"pt-PT"},{"@type":"Organization","@id":"https:\/\/schoenstatt.com\/pt-pt\/#organization","name":"Schoenstatt","url":"https:\/\/schoenstatt.com\/pt-pt\/","logo":{"@type":"ImageObject","inLanguage":"pt-PT","@id":"https:\/\/schoenstatt.com\/pt-pt\/#\/schema\/logo\/image\/","url":"https:\/\/schoenstatt.com\/wp-content\/uploads\/2025\/04\/logo-schoenstatt-white-696x696-1.png","contentUrl":"https:\/\/schoenstatt.com\/wp-content\/uploads\/2025\/04\/logo-schoenstatt-white-696x696-1.png","width":696,"height":694,"caption":"Schoenstatt"},"image":{"@id":"https:\/\/schoenstatt.com\/pt-pt\/#\/schema\/logo\/image\/"}},{"@type":"Person","@id":"https:\/\/schoenstatt.com\/pt-pt\/#\/schema\/person\/5158877ad4acae98b34daaeef2a1ce6e","name":"Karen Bueno","image":{"@type":"ImageObject","inLanguage":"pt-PT","@id":"https:\/\/secure.gravatar.com\/avatar\/f9f4b823873154269d2b2130f195f6d41037dd0d7fc5f3cacb5c846bae70d66b?s=96&d=mm&r=g","url":"https:\/\/secure.gravatar.com\/avatar\/f9f4b823873154269d2b2130f195f6d41037dd0d7fc5f3cacb5c846bae70d66b?s=96&d=mm&r=g","contentUrl":"https:\/\/secure.gravatar.com\/avatar\/f9f4b823873154269d2b2130f195f6d41037dd0d7fc5f3cacb5c846bae70d66b?s=96&d=mm&r=g","caption":"Karen Bueno"},"url":"https:\/\/schoenstatt.com\/pt-pt\/author\/karen-bueno\/"}]}},"_links":{"self":[{"href":"https:\/\/schoenstatt.com\/pt-pt\/wp-json\/wp\/v2\/posts\/53878","targetHints":{"allow":["GET"]}}],"collection":[{"href":"https:\/\/schoenstatt.com\/pt-pt\/wp-json\/wp\/v2\/posts"}],"about":[{"href":"https:\/\/schoenstatt.com\/pt-pt\/wp-json\/wp\/v2\/types\/post"}],"author":[{"embeddable":true,"href":"https:\/\/schoenstatt.com\/pt-pt\/wp-json\/wp\/v2\/users\/3"}],"replies":[{"embeddable":true,"href":"https:\/\/schoenstatt.com\/pt-pt\/wp-json\/wp\/v2\/comments?post=53878"}],"version-history":[{"count":3,"href":"https:\/\/schoenstatt.com\/pt-pt\/wp-json\/wp\/v2\/posts\/53878\/revisions"}],"predecessor-version":[{"id":62605,"href":"https:\/\/schoenstatt.com\/pt-pt\/wp-json\/wp\/v2\/posts\/53878\/revisions\/62605"}],"wp:featuredmedia":[{"embeddable":true,"href":"https:\/\/schoenstatt.com\/pt-pt\/wp-json\/wp\/v2\/media\/53850"}],"wp:attachment":[{"href":"https:\/\/schoenstatt.com\/pt-pt\/wp-json\/wp\/v2\/media?parent=53878"}],"wp:term":[{"taxonomy":"category","embeddable":true,"href":"https:\/\/schoenstatt.com\/pt-pt\/wp-json\/wp\/v2\/categories?post=53878"},{"taxonomy":"post_tag","embeddable":true,"href":"https:\/\/schoenstatt.com\/pt-pt\/wp-json\/wp\/v2\/tags?post=53878"}],"curies":[{"name":"wp","href":"https:\/\/api.w.org\/{rel}","templated":true}]}}