{"id":53589,"date":"2025-05-09T16:49:52","date_gmt":"2025-05-09T14:49:52","guid":{"rendered":"https:\/\/schoenstatt.com\/?p=53589"},"modified":"2025-05-16T01:02:55","modified_gmt":"2025-05-15T23:02:55","slug":"o-papa-leao-xiv-e-schoenstatt","status":"publish","type":"post","link":"https:\/\/schoenstatt.com\/pt-pt\/o-papa-leao-xiv-e-schoenstatt\/","title":{"rendered":"O Papa Le\u00e3o XIV e Schoenstatt"},"content":{"rendered":"\n<p>O Pe. Jos\u00e9 Luis Correa Lira, do Instituto dos Padres de Schoenstatt, foi assessor do Movimento no Peru por alguns anos e esteve em contato com o novo Papa, quando ele era ent\u00e3o bispo da Diocese de Chiclayo.<\/p>\n\n\n\n<p>Atualmente, essa Diocese peruana conta com a Campanha da M\u00e3e Peregrina, com a Liga das M\u00e3e de Schoenstatt e com diversos sacerdotes diocesanos entusiasmados pela nossa espiritualidade. Al\u00e9m disso, existe um ponto especial de encontro para eles, que \u00e9 uma Ermida da MTA.<\/p>\n\n\n\n<p>A seguir, o Pe. Jos\u00e9 Luis nos conta algumas pinceladas de suas mem\u00f3rias:<\/p>\n\n\n\n<h3 class=\"wp-block-heading\" id=\"h-uma-primeira-impressao-e-reflexao-pessoal\">Uma primeira impress\u00e3o e reflex\u00e3o pessoal<\/h3>\n\n\n\n<p>Estou muito feliz que os cardeais reunidos no \u00faltimo Conclave tenham eleito como bispo de Roma e, portanto, Papa, a Dom Prevost, e que ele tenha aceitado e assumido o nome de Le\u00e3o.<\/p>\n\n\n\n<p>Por que esse nome?<em> Nomen est homen. <\/em>Na escolha do nome h\u00e1 a indica\u00e7\u00e3o de um programa.<\/p>\n\n\n\n<h3 class=\"wp-block-heading\" id=\"h-leao-amigo-de-francisco\">Le\u00e3o, amigo de Francisco<\/h3>\n\n\n\n<p>Le\u00e3o foi o melhor amigo de S\u00e3o Francisco de Assis. Como nada \u00e9 por acaso no plano de Deus, basta lembrar que o novo Papa foi batizado como Robert Francis. E n\u00e3o tenho d\u00favidas de que ele se sentia muito pr\u00f3ximo de seu predecessor, o querido Papa Francisco (e vice-versa tamb\u00e9m) e que por isso este o chamou ao Vaticano h\u00e1 apenas dois anos, confiando-lhe nada menos que a condu\u00e7\u00e3o do Dicast\u00e9rio para os Bispos (do qual tamb\u00e9m depende a Pontif\u00edcia Comiss\u00e3o para a Am\u00e9rica Latina).<\/p>\n\n\n\n<p>Le\u00e3o XIV. Outro dado importante para talvez entender melhor o nome escolhido pelo novo Papa \u00e9 que ao Papa Le\u00e3o XIII devemos, entre outras coisas, a Enc\u00edclica <em>Rerum Novarum<\/em>, conhecida e valorizada como a primeira Enc\u00edclica Social da Igreja Cat\u00f3lica. Certamente, nessa linha, podemos encontrar tamb\u00e9m sugest\u00f5es atuais do novo Pont\u00edfice (ele j\u00e1 falou de paz, unidade, constru\u00e7\u00e3o de pontes\u2026). E seu estilo de vida e servi\u00e7o pastoral confirmam fortemente a isso.<\/p>\n\n\n\n<figure class=\"wp-block-image aligncenter size-full is-resized\"><img fetchpriority=\"high\" decoding=\"async\" width=\"1563\" height=\"2048\" src=\"https:\/\/schoenstatt.com\/wp-content\/uploads\/2025\/05\/Pope-Leo-XIV-Peru-and-Schoenstatt-2.jpg\" alt=\"\" class=\"wp-image-53590\" style=\"width:500px\" srcset=\"https:\/\/schoenstatt.com\/wp-content\/uploads\/2025\/05\/Pope-Leo-XIV-Peru-and-Schoenstatt-2.jpg 1563w, https:\/\/schoenstatt.com\/wp-content\/uploads\/2025\/05\/Pope-Leo-XIV-Peru-and-Schoenstatt-2-768x1006.jpg 768w, https:\/\/schoenstatt.com\/wp-content\/uploads\/2025\/05\/Pope-Leo-XIV-Peru-and-Schoenstatt-2-1172x1536.jpg 1172w\" sizes=\"(max-width: 1563px) 100vw, 1563px\" \/><figcaption class=\"wp-element-caption\">O Cardeal Dom Prevost, Papa Le\u00e3o XIV, com integrantes do Movimento de Schoenstatt da Diocese de Chiclayo<\/figcaption><\/figure>\n\n\n\n<h3 class=\"wp-block-heading\" id=\"h-espirito-mariano\">Esp\u00edrito Mariano<\/h3>\n\n\n\n<p>Assim como Francisco fez v\u00e1rias refer\u00eancias a Santo In\u00e1cio de Loyola, gostei muito que o Papa tenha reconhecido sua filia\u00e7\u00e3o espiritual com Santo Agostinho e tamb\u00e9m o tenha citado (e n\u00e3o qualquer palavra do santo de Hipona!).<\/p>\n\n\n\n<blockquote class=\"wp-block-quote is-layout-flow wp-block-quote-is-layout-flow\">\n<p><em>Com voc\u00eas sou crist\u00e3o, para voc\u00eas sou bispo. Caminhamos juntos (sinodalidade) sob a condu\u00e7\u00e3o do pastor.<\/em><\/p>\n<\/blockquote>\n\n\n\n<p>Por fim, adorei que o Papa Le\u00e3o XIV tenha conclu\u00eddo sua primeira apari\u00e7\u00e3o p\u00fablica na varanda de S\u00e3o Pedro convidando todos a rezar \u00e0 Virgem Maria. O Papa Le\u00e3o XIII tamb\u00e9m escreveu dois importantes documentos marianos: um, Octobri mensi, sobre a devo\u00e7\u00e3o ao Santo Ros\u00e1rio, especialmente no m\u00eas de outubro, e Magnae Dei Matris, sobre a devo\u00e7\u00e3o ao Santo Ros\u00e1rio. A elei\u00e7\u00e3o do novo Papa ocorreu no m\u00eas de maio, m\u00eas de Maria para a grande maioria dos pa\u00edses.<\/p>\n\n\n\n<h3 class=\"wp-block-heading\" id=\"h-o-papa-ja-visitou-o-santuario-de-bellavista\">O Papa j\u00e1 visitou o Santu\u00e1rio de Bellavista<\/h3>\n\n\n\n<p>Alguns encontros que tive com ele:<\/p>\n\n\n\n<p>Em uma das visitas que pude fazer a ele em sua casa e em seu escrit\u00f3rio, quando eu era Assessor Nacional de Schoenstatt no Peru (viajava normalmente do Chile tr\u00eas vezes por ano ao Peru), ele me contou que, sendo Superior Geral de sua Ordem dos Agostinianos, havia conhecido o Santu\u00e1rio de Bellavista (no Chile) e visitado o Cardeal Francisco Javier Err\u00e1zuriz Ossa (Padre de Schoenstatt).<\/p>\n\n\n\n<p>Um schoenstattiano do Chile e grande amigo, enviou-me uma parte de uma breve cr\u00f4nica que escrevi em 2016. Nela, narro brevemente meu encontro com Dom Robert Prevost, na \u00e9poca bispo de Chiclayo, Peru:<\/p>\n\n\n\n<blockquote class=\"wp-block-quote is-layout-flow wp-block-quote-is-layout-flow\">\n<p><em>Das carmelitas fui ao escrit\u00f3rio do bispo, Dom Robert Prevost, que me recebeu muito cordialmente. Conversamos longamente sobre os sacerdotes e seminaristas diocesanos de Schoenstatt de sua diocese e sobre o discernimento que alguns deles est\u00e3o fazendo sobre participar do Instituto ou da Uni\u00e3o de Sacerdotes Diocesanos de Schoenstatt. Falamos tamb\u00e9m dos seminaristas, da Igreja em Cuba (quando ele era superior geral dos agostinianos, teve a oportunidade de visitar algumas vezes a ilha e conhece bem v\u00e1rios bispos cubanos).<\/em><\/p>\n<\/blockquote>\n\n\n\n<figure class=\"wp-block-image aligncenter size-full\"><img decoding=\"async\" width=\"720\" height=\"540\" src=\"https:\/\/schoenstatt.com\/wp-content\/uploads\/2025\/05\/Pope-Leo-XIV-Peru-and-Schoenstatt.jpg\" alt=\"\" class=\"wp-image-53600\"\/><figcaption class=\"wp-element-caption\">A Liga das M\u00e3es \u00e9 bem conhecida pelo novo Papa, j\u00e1 que s\u00e3o grandes colaboradoras do Semin\u00e1rio Maior de Chiclayo<\/figcaption><\/figure>\n\n\n\n<h3 class=\"wp-block-heading\" id=\"h-varios-seminaristas-ligados-ao-movimento\">V\u00e1rios seminaristas ligados ao Movimento<\/h3>\n\n\n\n<p>Ele foi o terceiro bispo de Chiclayo (os dois anteriores tinham sido da Prelazia da Opus Dei). Tive a alegria de, uma vez, pregar o retiro anual para o clero dessa diocese e de me hospedar v\u00e1rias vezes no Semin\u00e1rio Maior, onde v\u00e1rios seminaristas pertenciam a Schoenstatt (hoje muitos deles j\u00e1 s\u00e3o sacerdotes dessa diocese ou de Chota, um pouco mais ao norte) e continuam de alguma forma ligados ao Movimento.<\/p>\n\n\n\n<p>Em outra ocasi\u00e3o, pude pregar o retiro anual para o convento das Carmelitas, a caminho de Pimentel. Uma experi\u00eancia maravilhosa! Para minha surpresa, antes da minha chegada, elas j\u00e1 tinham um quadro precioso da M\u00e3e no convento e se preparavam para selar a Alian\u00e7a de Amor com a MTA.<\/p>\n\n\n\n<p>Provavelmente os membros de Schoenstatt de Chiclayo tamb\u00e9m poder\u00e3o contar suas experi\u00eancias e impress\u00f5es com este novo pastor da Igreja universal que Deus nos d\u00e1. As fotos foram enviadas por integrantes da Liga das M\u00e3es de Schoenstatt, durante encontros com seu bispo diocesano. Ele as conhecia muito bem, pois s\u00e3o grandes colaboradoras do Semin\u00e1rio Maior de Chiclayo.<\/p>\n\n\n\n<p><strong>Obrigado, Senhor, pelo Papa Le\u00e3o XIV!<\/strong><\/p>\n","protected":false},"excerpt":{"rendered":"<p>O novo Papa j\u00e1 visitou o Santu\u00e1rio de Bellavista \u2013 veja essa e outras curiosidades sobre o novo Sumo Pont\u00edfice e o Movimento de Schoenstatt.<\/p>\n","protected":false},"author":3,"featured_media":53595,"comment_status":"closed","ping_status":"closed","sticky":false,"template":"","format":"standard","meta":{"footnotes":""},"categories":[625,608],"tags":[],"class_list":["post-53589","post","type-post","status-publish","format-standard","has-post-thumbnail","hentry","category-america-pt-pt","category-igreja-pt-pt"],"yoast_head":"<!-- This site is optimized with the Yoast SEO Premium plugin v27.4 (Yoast SEO v27.5) - https:\/\/yoast.com\/product\/yoast-seo-premium-wordpress\/ -->\n<title>O Papa Le\u00e3o XIV e Schoenstatt - Schoenstatt<\/title>\n<meta name=\"description\" content=\"O novo Papa j\u00e1 visitou o Santu\u00e1rio de Bellavista \u2013 veja essa e outras curiosidades sobre o novo Sumo Pont\u00edfice e o Movimento de Schoenstatt.\" \/>\n<meta name=\"robots\" content=\"index, follow, max-snippet:-1, max-image-preview:large, max-video-preview:-1\" \/>\n<link rel=\"canonical\" href=\"https:\/\/schoenstatt.com\/pt-pt\/o-papa-leao-xiv-e-schoenstatt\/\" \/>\n<meta property=\"og:locale\" content=\"pt_PT\" \/>\n<meta property=\"og:type\" content=\"article\" \/>\n<meta property=\"og:title\" content=\"O Papa Le\u00e3o XIV e Schoenstatt\" \/>\n<meta property=\"og:description\" content=\"O novo Papa j\u00e1 visitou o Santu\u00e1rio de Bellavista \u2013 veja essa e outras curiosidades sobre o novo Sumo Pont\u00edfice e o Movimento de Schoenstatt.\" \/>\n<meta property=\"og:url\" content=\"https:\/\/schoenstatt.com\/pt-pt\/o-papa-leao-xiv-e-schoenstatt\/\" \/>\n<meta property=\"og:site_name\" content=\"Schoenstatt\" \/>\n<meta property=\"article:published_time\" content=\"2025-05-09T14:49:52+00:00\" \/>\n<meta property=\"article:modified_time\" content=\"2025-05-15T23:02:55+00:00\" \/>\n<meta property=\"og:image\" content=\"https:\/\/schoenstatt.com\/wp-content\/uploads\/2025\/05\/Pope-Leo-XIV-Peru-and-Schoenstatt-3.jpg\" \/>\n\t<meta property=\"og:image:width\" content=\"2048\" \/>\n\t<meta property=\"og:image:height\" content=\"1257\" \/>\n\t<meta property=\"og:image:type\" content=\"image\/jpeg\" \/>\n<meta name=\"author\" content=\"Karen Bueno\" \/>\n<meta name=\"twitter:card\" content=\"summary_large_image\" \/>\n<meta name=\"twitter:label1\" content=\"Escrito por\" \/>\n\t<meta name=\"twitter:data1\" content=\"Karen Bueno\" \/>\n\t<meta name=\"twitter:label2\" content=\"Tempo estimado de leitura\" \/>\n\t<meta name=\"twitter:data2\" content=\"5 minutos\" \/>\n<script type=\"application\/ld+json\" class=\"yoast-schema-graph\">{\"@context\":\"https:\\\/\\\/schema.org\",\"@graph\":[{\"@type\":\"Article\",\"@id\":\"https:\\\/\\\/schoenstatt.com\\\/pt-pt\\\/o-papa-leao-xiv-e-schoenstatt\\\/#article\",\"isPartOf\":{\"@id\":\"https:\\\/\\\/schoenstatt.com\\\/pt-pt\\\/o-papa-leao-xiv-e-schoenstatt\\\/\"},\"author\":{\"name\":\"Karen Bueno\",\"@id\":\"https:\\\/\\\/schoenstatt.com\\\/pt-pt\\\/#\\\/schema\\\/person\\\/5158877ad4acae98b34daaeef2a1ce6e\"},\"headline\":\"O Papa Le\u00e3o XIV e Schoenstatt\",\"datePublished\":\"2025-05-09T14:49:52+00:00\",\"dateModified\":\"2025-05-15T23:02:55+00:00\",\"mainEntityOfPage\":{\"@id\":\"https:\\\/\\\/schoenstatt.com\\\/pt-pt\\\/o-papa-leao-xiv-e-schoenstatt\\\/\"},\"wordCount\":955,\"publisher\":{\"@id\":\"https:\\\/\\\/schoenstatt.com\\\/pt-pt\\\/#organization\"},\"image\":{\"@id\":\"https:\\\/\\\/schoenstatt.com\\\/pt-pt\\\/o-papa-leao-xiv-e-schoenstatt\\\/#primaryimage\"},\"thumbnailUrl\":\"https:\\\/\\\/schoenstatt.com\\\/wp-content\\\/uploads\\\/2025\\\/05\\\/Pope-Leo-XIV-Peru-and-Schoenstatt-3.jpg\",\"articleSection\":[\"Am\u00e9rica\",\"Igreja\"],\"inLanguage\":\"pt-PT\"},{\"@type\":\"WebPage\",\"@id\":\"https:\\\/\\\/schoenstatt.com\\\/pt-pt\\\/o-papa-leao-xiv-e-schoenstatt\\\/\",\"url\":\"https:\\\/\\\/schoenstatt.com\\\/pt-pt\\\/o-papa-leao-xiv-e-schoenstatt\\\/\",\"name\":\"O Papa Le\u00e3o XIV e Schoenstatt - Schoenstatt\",\"isPartOf\":{\"@id\":\"https:\\\/\\\/schoenstatt.com\\\/pt-pt\\\/#website\"},\"primaryImageOfPage\":{\"@id\":\"https:\\\/\\\/schoenstatt.com\\\/pt-pt\\\/o-papa-leao-xiv-e-schoenstatt\\\/#primaryimage\"},\"image\":{\"@id\":\"https:\\\/\\\/schoenstatt.com\\\/pt-pt\\\/o-papa-leao-xiv-e-schoenstatt\\\/#primaryimage\"},\"thumbnailUrl\":\"https:\\\/\\\/schoenstatt.com\\\/wp-content\\\/uploads\\\/2025\\\/05\\\/Pope-Leo-XIV-Peru-and-Schoenstatt-3.jpg\",\"datePublished\":\"2025-05-09T14:49:52+00:00\",\"dateModified\":\"2025-05-15T23:02:55+00:00\",\"description\":\"O novo Papa j\u00e1 visitou o Santu\u00e1rio de Bellavista \u2013 veja essa e outras curiosidades sobre o novo Sumo Pont\u00edfice e o Movimento de Schoenstatt.\",\"breadcrumb\":{\"@id\":\"https:\\\/\\\/schoenstatt.com\\\/pt-pt\\\/o-papa-leao-xiv-e-schoenstatt\\\/#breadcrumb\"},\"inLanguage\":\"pt-PT\",\"potentialAction\":[{\"@type\":\"ReadAction\",\"target\":[\"https:\\\/\\\/schoenstatt.com\\\/pt-pt\\\/o-papa-leao-xiv-e-schoenstatt\\\/\"]}]},{\"@type\":\"ImageObject\",\"inLanguage\":\"pt-PT\",\"@id\":\"https:\\\/\\\/schoenstatt.com\\\/pt-pt\\\/o-papa-leao-xiv-e-schoenstatt\\\/#primaryimage\",\"url\":\"https:\\\/\\\/schoenstatt.com\\\/wp-content\\\/uploads\\\/2025\\\/05\\\/Pope-Leo-XIV-Peru-and-Schoenstatt-3.jpg\",\"contentUrl\":\"https:\\\/\\\/schoenstatt.com\\\/wp-content\\\/uploads\\\/2025\\\/05\\\/Pope-Leo-XIV-Peru-and-Schoenstatt-3.jpg\",\"width\":2048,\"height\":1257},{\"@type\":\"BreadcrumbList\",\"@id\":\"https:\\\/\\\/schoenstatt.com\\\/pt-pt\\\/o-papa-leao-xiv-e-schoenstatt\\\/#breadcrumb\",\"itemListElement\":[{\"@type\":\"ListItem\",\"position\":1,\"name\":\"Portada\",\"item\":\"https:\\\/\\\/schoenstatt.com\\\/pt-pt\\\/home\\\/\"},{\"@type\":\"ListItem\",\"position\":2,\"name\":\"O Papa Le\u00e3o XIV e Schoenstatt\"}]},{\"@type\":\"WebSite\",\"@id\":\"https:\\\/\\\/schoenstatt.com\\\/pt-pt\\\/#website\",\"url\":\"https:\\\/\\\/schoenstatt.com\\\/pt-pt\\\/\",\"name\":\"Schoenstatt\",\"description\":\"Apostolic Movement\",\"publisher\":{\"@id\":\"https:\\\/\\\/schoenstatt.com\\\/pt-pt\\\/#organization\"},\"potentialAction\":[{\"@type\":\"SearchAction\",\"target\":{\"@type\":\"EntryPoint\",\"urlTemplate\":\"https:\\\/\\\/schoenstatt.com\\\/pt-pt\\\/?s={search_term_string}\"},\"query-input\":{\"@type\":\"PropertyValueSpecification\",\"valueRequired\":true,\"valueName\":\"search_term_string\"}}],\"inLanguage\":\"pt-PT\"},{\"@type\":\"Organization\",\"@id\":\"https:\\\/\\\/schoenstatt.com\\\/pt-pt\\\/#organization\",\"name\":\"Schoenstatt\",\"url\":\"https:\\\/\\\/schoenstatt.com\\\/pt-pt\\\/\",\"logo\":{\"@type\":\"ImageObject\",\"inLanguage\":\"pt-PT\",\"@id\":\"https:\\\/\\\/schoenstatt.com\\\/pt-pt\\\/#\\\/schema\\\/logo\\\/image\\\/\",\"url\":\"https:\\\/\\\/schoenstatt.com\\\/wp-content\\\/uploads\\\/2025\\\/04\\\/logo-schoenstatt-white-696x696-1.png\",\"contentUrl\":\"https:\\\/\\\/schoenstatt.com\\\/wp-content\\\/uploads\\\/2025\\\/04\\\/logo-schoenstatt-white-696x696-1.png\",\"width\":696,\"height\":694,\"caption\":\"Schoenstatt\"},\"image\":{\"@id\":\"https:\\\/\\\/schoenstatt.com\\\/pt-pt\\\/#\\\/schema\\\/logo\\\/image\\\/\"}},{\"@type\":\"Person\",\"@id\":\"https:\\\/\\\/schoenstatt.com\\\/pt-pt\\\/#\\\/schema\\\/person\\\/5158877ad4acae98b34daaeef2a1ce6e\",\"name\":\"Karen Bueno\",\"image\":{\"@type\":\"ImageObject\",\"inLanguage\":\"pt-PT\",\"@id\":\"https:\\\/\\\/secure.gravatar.com\\\/avatar\\\/f9f4b823873154269d2b2130f195f6d41037dd0d7fc5f3cacb5c846bae70d66b?s=96&d=mm&r=g\",\"url\":\"https:\\\/\\\/secure.gravatar.com\\\/avatar\\\/f9f4b823873154269d2b2130f195f6d41037dd0d7fc5f3cacb5c846bae70d66b?s=96&d=mm&r=g\",\"contentUrl\":\"https:\\\/\\\/secure.gravatar.com\\\/avatar\\\/f9f4b823873154269d2b2130f195f6d41037dd0d7fc5f3cacb5c846bae70d66b?s=96&d=mm&r=g\",\"caption\":\"Karen Bueno\"},\"url\":\"https:\\\/\\\/schoenstatt.com\\\/pt-pt\\\/author\\\/karen-bueno\\\/\"}]}<\/script>\n<!-- \/ Yoast SEO Premium plugin. -->","yoast_head_json":{"title":"O Papa Le\u00e3o XIV e Schoenstatt - Schoenstatt","description":"O novo Papa j\u00e1 visitou o Santu\u00e1rio de Bellavista \u2013 veja essa e outras curiosidades sobre o novo Sumo Pont\u00edfice e o Movimento de Schoenstatt.","robots":{"index":"index","follow":"follow","max-snippet":"max-snippet:-1","max-image-preview":"max-image-preview:large","max-video-preview":"max-video-preview:-1"},"canonical":"https:\/\/schoenstatt.com\/pt-pt\/o-papa-leao-xiv-e-schoenstatt\/","og_locale":"pt_PT","og_type":"article","og_title":"O Papa Le\u00e3o XIV e Schoenstatt","og_description":"O novo Papa j\u00e1 visitou o Santu\u00e1rio de Bellavista \u2013 veja essa e outras curiosidades sobre o novo Sumo Pont\u00edfice e o Movimento de Schoenstatt.","og_url":"https:\/\/schoenstatt.com\/pt-pt\/o-papa-leao-xiv-e-schoenstatt\/","og_site_name":"Schoenstatt","article_published_time":"2025-05-09T14:49:52+00:00","article_modified_time":"2025-05-15T23:02:55+00:00","og_image":[{"width":2048,"height":1257,"url":"https:\/\/schoenstatt.com\/wp-content\/uploads\/2025\/05\/Pope-Leo-XIV-Peru-and-Schoenstatt-3.jpg","type":"image\/jpeg"}],"author":"Karen Bueno","twitter_card":"summary_large_image","twitter_misc":{"Escrito por":"Karen Bueno","Tempo estimado de leitura":"5 minutos"},"schema":{"@context":"https:\/\/schema.org","@graph":[{"@type":"Article","@id":"https:\/\/schoenstatt.com\/pt-pt\/o-papa-leao-xiv-e-schoenstatt\/#article","isPartOf":{"@id":"https:\/\/schoenstatt.com\/pt-pt\/o-papa-leao-xiv-e-schoenstatt\/"},"author":{"name":"Karen Bueno","@id":"https:\/\/schoenstatt.com\/pt-pt\/#\/schema\/person\/5158877ad4acae98b34daaeef2a1ce6e"},"headline":"O Papa Le\u00e3o XIV e Schoenstatt","datePublished":"2025-05-09T14:49:52+00:00","dateModified":"2025-05-15T23:02:55+00:00","mainEntityOfPage":{"@id":"https:\/\/schoenstatt.com\/pt-pt\/o-papa-leao-xiv-e-schoenstatt\/"},"wordCount":955,"publisher":{"@id":"https:\/\/schoenstatt.com\/pt-pt\/#organization"},"image":{"@id":"https:\/\/schoenstatt.com\/pt-pt\/o-papa-leao-xiv-e-schoenstatt\/#primaryimage"},"thumbnailUrl":"https:\/\/schoenstatt.com\/wp-content\/uploads\/2025\/05\/Pope-Leo-XIV-Peru-and-Schoenstatt-3.jpg","articleSection":["Am\u00e9rica","Igreja"],"inLanguage":"pt-PT"},{"@type":"WebPage","@id":"https:\/\/schoenstatt.com\/pt-pt\/o-papa-leao-xiv-e-schoenstatt\/","url":"https:\/\/schoenstatt.com\/pt-pt\/o-papa-leao-xiv-e-schoenstatt\/","name":"O Papa Le\u00e3o XIV e Schoenstatt - Schoenstatt","isPartOf":{"@id":"https:\/\/schoenstatt.com\/pt-pt\/#website"},"primaryImageOfPage":{"@id":"https:\/\/schoenstatt.com\/pt-pt\/o-papa-leao-xiv-e-schoenstatt\/#primaryimage"},"image":{"@id":"https:\/\/schoenstatt.com\/pt-pt\/o-papa-leao-xiv-e-schoenstatt\/#primaryimage"},"thumbnailUrl":"https:\/\/schoenstatt.com\/wp-content\/uploads\/2025\/05\/Pope-Leo-XIV-Peru-and-Schoenstatt-3.jpg","datePublished":"2025-05-09T14:49:52+00:00","dateModified":"2025-05-15T23:02:55+00:00","description":"O novo Papa j\u00e1 visitou o Santu\u00e1rio de Bellavista \u2013 veja essa e outras curiosidades sobre o novo Sumo Pont\u00edfice e o Movimento de Schoenstatt.","breadcrumb":{"@id":"https:\/\/schoenstatt.com\/pt-pt\/o-papa-leao-xiv-e-schoenstatt\/#breadcrumb"},"inLanguage":"pt-PT","potentialAction":[{"@type":"ReadAction","target":["https:\/\/schoenstatt.com\/pt-pt\/o-papa-leao-xiv-e-schoenstatt\/"]}]},{"@type":"ImageObject","inLanguage":"pt-PT","@id":"https:\/\/schoenstatt.com\/pt-pt\/o-papa-leao-xiv-e-schoenstatt\/#primaryimage","url":"https:\/\/schoenstatt.com\/wp-content\/uploads\/2025\/05\/Pope-Leo-XIV-Peru-and-Schoenstatt-3.jpg","contentUrl":"https:\/\/schoenstatt.com\/wp-content\/uploads\/2025\/05\/Pope-Leo-XIV-Peru-and-Schoenstatt-3.jpg","width":2048,"height":1257},{"@type":"BreadcrumbList","@id":"https:\/\/schoenstatt.com\/pt-pt\/o-papa-leao-xiv-e-schoenstatt\/#breadcrumb","itemListElement":[{"@type":"ListItem","position":1,"name":"Portada","item":"https:\/\/schoenstatt.com\/pt-pt\/home\/"},{"@type":"ListItem","position":2,"name":"O Papa Le\u00e3o XIV e Schoenstatt"}]},{"@type":"WebSite","@id":"https:\/\/schoenstatt.com\/pt-pt\/#website","url":"https:\/\/schoenstatt.com\/pt-pt\/","name":"Schoenstatt","description":"Apostolic Movement","publisher":{"@id":"https:\/\/schoenstatt.com\/pt-pt\/#organization"},"potentialAction":[{"@type":"SearchAction","target":{"@type":"EntryPoint","urlTemplate":"https:\/\/schoenstatt.com\/pt-pt\/?s={search_term_string}"},"query-input":{"@type":"PropertyValueSpecification","valueRequired":true,"valueName":"search_term_string"}}],"inLanguage":"pt-PT"},{"@type":"Organization","@id":"https:\/\/schoenstatt.com\/pt-pt\/#organization","name":"Schoenstatt","url":"https:\/\/schoenstatt.com\/pt-pt\/","logo":{"@type":"ImageObject","inLanguage":"pt-PT","@id":"https:\/\/schoenstatt.com\/pt-pt\/#\/schema\/logo\/image\/","url":"https:\/\/schoenstatt.com\/wp-content\/uploads\/2025\/04\/logo-schoenstatt-white-696x696-1.png","contentUrl":"https:\/\/schoenstatt.com\/wp-content\/uploads\/2025\/04\/logo-schoenstatt-white-696x696-1.png","width":696,"height":694,"caption":"Schoenstatt"},"image":{"@id":"https:\/\/schoenstatt.com\/pt-pt\/#\/schema\/logo\/image\/"}},{"@type":"Person","@id":"https:\/\/schoenstatt.com\/pt-pt\/#\/schema\/person\/5158877ad4acae98b34daaeef2a1ce6e","name":"Karen Bueno","image":{"@type":"ImageObject","inLanguage":"pt-PT","@id":"https:\/\/secure.gravatar.com\/avatar\/f9f4b823873154269d2b2130f195f6d41037dd0d7fc5f3cacb5c846bae70d66b?s=96&d=mm&r=g","url":"https:\/\/secure.gravatar.com\/avatar\/f9f4b823873154269d2b2130f195f6d41037dd0d7fc5f3cacb5c846bae70d66b?s=96&d=mm&r=g","contentUrl":"https:\/\/secure.gravatar.com\/avatar\/f9f4b823873154269d2b2130f195f6d41037dd0d7fc5f3cacb5c846bae70d66b?s=96&d=mm&r=g","caption":"Karen Bueno"},"url":"https:\/\/schoenstatt.com\/pt-pt\/author\/karen-bueno\/"}]}},"_links":{"self":[{"href":"https:\/\/schoenstatt.com\/pt-pt\/wp-json\/wp\/v2\/posts\/53589","targetHints":{"allow":["GET"]}}],"collection":[{"href":"https:\/\/schoenstatt.com\/pt-pt\/wp-json\/wp\/v2\/posts"}],"about":[{"href":"https:\/\/schoenstatt.com\/pt-pt\/wp-json\/wp\/v2\/types\/post"}],"author":[{"embeddable":true,"href":"https:\/\/schoenstatt.com\/pt-pt\/wp-json\/wp\/v2\/users\/3"}],"replies":[{"embeddable":true,"href":"https:\/\/schoenstatt.com\/pt-pt\/wp-json\/wp\/v2\/comments?post=53589"}],"version-history":[{"count":3,"href":"https:\/\/schoenstatt.com\/pt-pt\/wp-json\/wp\/v2\/posts\/53589\/revisions"}],"predecessor-version":[{"id":53646,"href":"https:\/\/schoenstatt.com\/pt-pt\/wp-json\/wp\/v2\/posts\/53589\/revisions\/53646"}],"wp:featuredmedia":[{"embeddable":true,"href":"https:\/\/schoenstatt.com\/pt-pt\/wp-json\/wp\/v2\/media\/53595"}],"wp:attachment":[{"href":"https:\/\/schoenstatt.com\/pt-pt\/wp-json\/wp\/v2\/media?parent=53589"}],"wp:term":[{"taxonomy":"category","embeddable":true,"href":"https:\/\/schoenstatt.com\/pt-pt\/wp-json\/wp\/v2\/categories?post=53589"},{"taxonomy":"post_tag","embeddable":true,"href":"https:\/\/schoenstatt.com\/pt-pt\/wp-json\/wp\/v2\/tags?post=53589"}],"curies":[{"name":"wp","href":"https:\/\/api.w.org\/{rel}","templated":true}]}}