{"id":53526,"date":"2025-05-07T03:03:00","date_gmt":"2025-05-07T01:03:00","guid":{"rendered":"https:\/\/schoenstatt.com\/?p=53526"},"modified":"2025-08-19T17:32:48","modified_gmt":"2025-08-19T15:32:48","slug":"conclave-eis-como-se-elege-o-papa","status":"publish","type":"post","link":"https:\/\/schoenstatt.com\/pt-pt\/conclave-eis-como-se-elege-o-papa\/","title":{"rendered":"Conclave, eis como se elege o Papa"},"content":{"rendered":"\n<p><em><strong><strong>\u201cEligo in Summum Pontificem\u201d<\/strong><\/strong><\/em><\/p>\n\n\n\n<p>Estas s\u00e3o as palavras impressas em cada uma das c\u00e9dulas que os 133 cardeais eleitores usar\u00e3o para escolher o 267\u00ba Romano Pont\u00edfice. A c\u00e9dula \u00e9 retangular, com a frase em latim na metade superior e \u201co local para escrever o nome do eleito\u201d na metade inferior e \u201cfeita de tal forma que possa ser dobrada em dois\u201d. Tudo isso est\u00e1 meticulosamente descrito na Constitui\u00e7\u00e3o Apost\u00f3lica <em>Universi Dominici Gregis.<\/em><\/p>\n\n\n\n<h3 class=\"wp-block-heading\" id=\"h-a-distribuicao-das-cedulas\">A distribui\u00e7\u00e3o das c\u00e9dulas<\/h3>\n\n\n\n<p>Preparadas e distribu\u00eddas as c\u00e9dulas pelos cerimoni\u00e1rios (pelo menos duas ou tr\u00eas para cada cardeal eleitor), o \u00faltimo cardeal di\u00e1cono sorteia, entre todos os cardeais eleitores, tr\u00eas escrutinadores, tr\u00eas encarregados de coletar os votos dos enfermos (infirmarii) e tr\u00eas revisores. Se nesse sorteio forem sorteados os nomes dos cardeais eleitores que, devido a enfermidade ou outro motivo, n\u00e3o puderem desempenhar essas fun\u00e7\u00f5es, os nomes de outros cardeais ser\u00e3o sorteados em seu lugar. Essa \u00e9 a fase de pr\u00e9-escrut\u00ednio.<\/p>\n\n\n\n<p>Antes que os eleitores comecem a escrever, o secret\u00e1rio do Col\u00e9gio de cardeais, o mestre das Celebra\u00e7\u00f5es Lit\u00fargicas Pontif\u00edcias e os cerimoni\u00e1rios devem deixar a Capela Sistina, depois o \u00faltimo cardeal di\u00e1cono fecha a porta, abrindo-a e fechando-a quantas vezes forem necess\u00e1rias, como quando os infirmarii saem para coletar os votos dos enfermos e retornam \u00e0 Capela.<\/p>\n\n\n\n<figure class=\"wp-block-embed is-type-video is-provider-youtube wp-block-embed-youtube wp-embed-aspect-16-9 wp-has-aspect-ratio\"><div class=\"wp-block-embed__wrapper\">\n<iframe title=\"Ahead of the conclave: The \u201cRoom of Tears\u201d and Sistine Chapel\" width=\"800\" height=\"450\" src=\"https:\/\/www.youtube.com\/embed\/Ib8lBpjYW1U?start=29&#038;feature=oembed\" frameborder=\"0\" allow=\"accelerometer; autoplay; clipboard-write; encrypted-media; gyroscope; picture-in-picture; web-share\" referrerpolicy=\"strict-origin-when-cross-origin\" allowfullscreen><\/iframe>\n<\/div><\/figure>\n\n\n\n<p><em>V\u00eddeo: A \u201cSala das L\u00e1grimas\u201d, onde o Papa \u00e9 vestido<\/em><\/p>\n\n\n\n<h3 class=\"wp-block-heading\" id=\"h-a-votacao\">A vota\u00e7\u00e3o<\/h3>\n\n\n\n<p>Cada cardeal eleitor, em ordem de preced\u00eancia, depois de ter escrito e dobrado a c\u00e9dula, segurando-a elevada de modo que fique vis\u00edvel, leva-a ao altar, onde ficam os escrutinadores e sobre o qual \u00e9 colocado um recipiente coberto com um prato para recolher as c\u00e9dulas\u201d.<\/p>\n\n\n\n<p><em>\u201cChamo como minha testemunha Cristo Senhor, que me julgar\u00e1, que meu voto \u00e9 dado \u00e0quele que, segundo Deus, considero que deva ser eleito\u201d.<\/em><\/p>\n\n\n\n<p>Essa \u00e9 a f\u00f3rmula que cada cardeal dir\u00e1 em voz alta. Em seguida, ele coloca a c\u00e9dula no prato e, com isso, a introduz no recipiente. Ao t\u00e9rmino, ele se curva diante do altar e retorna ao seu assento. Os cardeais eleitores presentes na Capela Sistina, que n\u00e3o podem ir ao altar por estarem enfermos, t\u00eam a ajuda do \u00faltimo dos escrutinadores que se aproxima deles: depois de pronunciar o juramento, eles entregam a c\u00e9dula dobrada ao escrutinador, que a leva bem visivelmente ao altar e, sem pronunciar o juramento, a coloca no prato e, com isso, a introduz no recipiente.<\/p>\n\n\n\n<h3 class=\"wp-block-heading\" id=\"h-como-votam-os-cardeais-enfermos\">Como votam os cardeais enfermos<\/h3>\n\n\n\n<p>Se houver cardeais eleitores enfermos em seus quartos, os tr\u00eas infirmarii v\u00e3o at\u00e9 l\u00e1 com um n\u00famero apropriado de c\u00e9dulas em uma pequena bandeja e uma caixa entregue pelos escrutinadores e aberta publicamente por eles, para que os outros eleitores possam ver que est\u00e1 vazia, e depois fechada com uma chave colocada no altar. Essa caixa tem uma abertura na parte superior pela qual uma c\u00e9dula dobrada pode ser inserida. Os enfermos votam da mesma forma que os outros cardeais e, em seguida, os infirmarii levam a caixa de volta \u00e0 Capela Sistina, que \u00e9 aberta pelos escrutinadores depois que os cardeais presentes depositam seu voto. Os escrutinadores contam as c\u00e9dulas na caixa e, depois de verificar que seu n\u00famero corresponde ao dos enfermos, colocam-nas uma a uma no prato e, com isso, introduzem todas juntas no recipiente.<\/p>\n\n\n\n<figure class=\"wp-block-image size-full\"><img fetchpriority=\"high\" decoding=\"async\" width=\"1280\" height=\"720\" src=\"https:\/\/schoenstatt.com\/wp-content\/uploads\/2025\/05\/sistine-chapel-rome.jpeg\" alt=\"\" class=\"wp-image-53508\" srcset=\"https:\/\/schoenstatt.com\/wp-content\/uploads\/2025\/05\/sistine-chapel-rome.jpeg 1280w, https:\/\/schoenstatt.com\/wp-content\/uploads\/2025\/05\/sistine-chapel-rome-768x432.jpeg 768w\" sizes=\"(max-width: 1280px) 100vw, 1280px\" \/><figcaption class=\"wp-element-caption\">A Capela Sistina preparada para o Conclave<\/figcaption><\/figure>\n\n\n\n<h3 class=\"wp-block-heading\" id=\"h-o-escrutinio\">O escrut\u00ednio<\/h3>\n\n\n\n<p>Ap\u00f3s todos os eleitores terem colocado suas c\u00e9dulas na urna, o primeiro escrutinador sacode a urna v\u00e1rias vezes para embaralhar as c\u00e9dulas e, imediatamente depois, o \u00faltimo escrutinador procede \u00e0 contagem das c\u00e9dulas, retirando-as visivelmente uma a uma da urna e colocando-as em outro recipiente vazio. Se o n\u00famero de c\u00e9dulas n\u00e3o corresponder ao n\u00famero de eleitores, todas elas dever\u00e3o ser queimadas e uma segunda vota\u00e7\u00e3o dever\u00e1 ser realizada imediatamente. Se, ao inv\u00e9s, corresponder ao n\u00famero de eleitores, segue-se a contagem.<\/p>\n\n\n\n<p>Os tr\u00eas escrutinadores sentam-se em uma mesa em frente ao altar: o primeiro pega uma c\u00e9dula, abre-a, observa o nome do eleito e a passa para o segundo, que, depois de verificar o<br>nome do eleito, a passa para o terceiro, que a l\u00ea em voz alta \u2013 para que todos os eleitores presentes possam marcar o voto em uma folha reservada para isso \u2013 e anota o nome lido. Se, durante a apura\u00e7\u00e3o, os escrutinadores encontrarem duas c\u00e9dulas dobradas de modo que pare\u00e7am ter sido preenchidas por um \u00fanico eleitor, se elas tiverem o mesmo nome, ser\u00e3o contadas como um \u00fanico voto; se, ao inv\u00e9s, tiverem dois nomes diferentes, nenhum dos votos ser\u00e1 v\u00e1lido, mas em nenhum dos casos a vota\u00e7\u00e3o ser\u00e1 anulada.<\/p>\n\n\n\n<p>Quando a contagem das c\u00e9dulas termina, os escrutinadores somam os votos obtidos pelos v\u00e1rios nomes e os anotam em uma folha de papel separada. O \u00faltimo dos escrutinadores, na medida em que l\u00ea as c\u00e9dulas, perfura-as com uma agulha no ponto em que a palavra Eligo est\u00e1 localizada e as insere em uma linha, para que possam ser preservadas com mais seguran\u00e7a. Quando a leitura dos nomes \u00e9 conclu\u00edda, as pontas da linha s\u00e3o amarradas com um n\u00f3 e as c\u00e9dulas s\u00e3o colocadas em um recipiente ou em um dos lados da mesa. A este ponto, os votos s\u00e3o contados e, depois de conferidos, as c\u00e9dulas s\u00e3o queimadas em um fog\u00e3o de ferro fundido usado pela primeira vez durante o Conclave de 1939. Um segundo fog\u00e3o, de 2005, conectado, \u00e9 usado para os produtos qu\u00edmicos que devem dar a cor preta no caso de n\u00e3o elei\u00e7\u00e3o e branca no caso de elei\u00e7\u00e3o.<\/p>\n\n\n\n<figure class=\"wp-block-image size-full\"><img decoding=\"async\" width=\"1280\" height=\"844\" src=\"https:\/\/schoenstatt.com\/wp-content\/uploads\/2025\/05\/vatican-2.jpeg\" alt=\"\" class=\"wp-image-53513\" srcset=\"https:\/\/schoenstatt.com\/wp-content\/uploads\/2025\/05\/vatican-2.jpeg 1280w, https:\/\/schoenstatt.com\/wp-content\/uploads\/2025\/05\/vatican-2-768x506.jpeg 768w\" sizes=\"(max-width: 1280px) 100vw, 1280px\" \/><figcaption class=\"wp-element-caption\">O forno onde as c\u00e9dulas s\u00e3o incineradas (ANSA)<\/figcaption><\/figure>\n\n\n\n<h3 class=\"wp-block-heading\" id=\"h-o-quorum-necessario\">O quorum necess\u00e1rio<\/h3>\n\n\n\n<p>S\u00e3o necess\u00e1rios pelo menos 2\/3 (dois ter\u00e7os) dos votos para eleger o Romano Pont\u00edfice. No caso espec\u00edfico do Conclave que come\u00e7ar\u00e1 nesta quarta-feira, 7 de maio, ser\u00e3o necess\u00e1rios 89 votos para eleger o Papa, sendo que o n\u00famero de cardeais eleitores \u00e9 133.<\/p>\n\n\n\n<p>Independentemente de o Papa ser eleito ou n\u00e3o, os revisores devem verificar as c\u00e9dulas e as anota\u00e7\u00f5es feitas pelos escrutinadores, para garantir que eles tenham cumprido sua tarefa com exatid\u00e3o e fidelidade. Imediatamente ap\u00f3s a revis\u00e3o, antes que os cardeais eleitores deixem a Capela Sistina, todas as c\u00e9dulas s\u00e3o queimadas pelos escrutinadores, com a ajuda do secret\u00e1rio do Col\u00e9gio e dos cerimoni\u00e1rios, chamados nesse meio tempo pelo \u00faltimo cardeal di\u00e1cono. Se, ao inv\u00e9s, uma segunda vota\u00e7\u00e3o for realizada imediatamente, as c\u00e9dulas da primeira vota\u00e7\u00e3o ser\u00e3o queimadas somente no final, juntamente com as da segunda vota\u00e7\u00e3o.<\/p>\n\n\n\n<figure class=\"wp-block-image size-full\"><img decoding=\"async\" width=\"1280\" height=\"844\" src=\"https:\/\/schoenstatt.com\/wp-content\/uploads\/2025\/05\/vatican.jpeg\" alt=\"\" class=\"wp-image-53518\" srcset=\"https:\/\/schoenstatt.com\/wp-content\/uploads\/2025\/05\/vatican.jpeg 1280w, https:\/\/schoenstatt.com\/wp-content\/uploads\/2025\/05\/vatican-768x506.jpeg 768w\" sizes=\"(max-width: 1280px) 100vw, 1280px\" \/><figcaption class=\"wp-element-caption\">A chamin\u00e9 est\u00e1 colocada no topo da Capela Sistina (Vatican Media)<\/figcaption><\/figure>\n\n\n\n<h3 class=\"wp-block-heading\" id=\"h-votacoes\">Vota\u00e7\u00f5es<\/h3>\n\n\n\n<p>As vota\u00e7\u00f5es s\u00e3o feitas todos os dias, duas vezes pela manh\u00e3 e duas vezes \u00e0 tarde, e se os cardeais eleitores tiverem dificuldade em chegar a um acordo sobre a pessoa a ser eleita, ap\u00f3s tr\u00eas dias sem resultado, as vota\u00e7\u00f5es s\u00e3o suspensas por no m\u00e1ximo um dia, para uma pausa de ora\u00e7\u00e3o, discuss\u00e3o livre entre os eleitores e uma breve exorta\u00e7\u00e3o espiritual, feita pelo primeiro cardeal da ordem dos di\u00e1conos. A vota\u00e7\u00e3o \u00e9 ent\u00e3o retomada.<\/p>\n\n\n\n<p>Depois de sete escrut\u00ednios, se a elei\u00e7\u00e3o n\u00e3o tiver ocorrido, h\u00e1 outra pausa para ora\u00e7\u00e3o, conversa\u00e7\u00e3o e exorta\u00e7\u00e3o, feita pelo cardeal primeiro da ordem dos presb\u00edteros. Em seguida, outra s\u00e9rie de sete escrut\u00ednios \u00e9 eventualmente realizada e, se a elei\u00e7\u00e3o n\u00e3o tiver ocorrido, h\u00e1 outra pausa para ora\u00e7\u00e3o, conversa\u00e7\u00e3o e exorta\u00e7\u00e3o, realizada pelo cardeal primeiro da ordem dos bispos. Em seguida, a vota\u00e7\u00e3o \u00e9 retomada, com um m\u00e1ximo de sete escrut\u00ednios. Se n\u00e3o houver elei\u00e7\u00e3o, um dia \u00e9 reservado para ora\u00e7\u00e3o, reflex\u00e3o e di\u00e1logo e, nas vota\u00e7\u00f5es subsequentes, a escolha deve ser feita entre os dois nomes que receberam o maior n\u00famero de votos no escrut\u00ednio anterior. Nesses escrut\u00ednios, tamb\u00e9m \u00e9 necess\u00e1ria uma maioria qualificada de pelo menos dois ter\u00e7os dos cardeais presentes e votantes, mas, nessas vota\u00e7\u00f5es, os dois cardeais para os quais se pede o voto n\u00e3o podem votar.<\/p>\n\n\n\n<p><strong>Fonte: <\/strong><a href=\"https:\/\/www.vaticannews.va\/pt\/papa\/news\/2025-05\/conclave-como-se-elege-o-papa-capela-sistina.html\" target=\"_blank\" rel=\"noreferrer noopener\">vaticannews.va\/pt<\/a><\/p>\n","protected":false},"excerpt":{"rendered":"<p>Desde o voto dos cardeais at\u00e9 a contagem das c\u00e9dulas, veja todos os detalhes do que acontece na Capela Sistina.<\/p>\n","protected":false},"author":3,"featured_media":53506,"comment_status":"closed","ping_status":"closed","sticky":false,"template":"","format":"standard","meta":{"footnotes":""},"categories":[608],"tags":[1295],"class_list":["post-53526","post","type-post","status-publish","format-standard","has-post-thumbnail","hentry","category-igreja-pt-pt","tag-igreja-pt-pt"],"yoast_head":"<!-- This site is optimized with the Yoast SEO Premium plugin v27.4 (Yoast SEO v27.4) - https:\/\/yoast.com\/product\/yoast-seo-premium-wordpress\/ -->\n<title>Conclave, eis como se elege o Papa - Schoenstatt<\/title>\n<meta name=\"description\" content=\"Desde o voto dos cardeais at\u00e9 a contagem das c\u00e9dulas, veja todos os detalhes do que acontece na Capela Sistina.\" \/>\n<meta name=\"robots\" content=\"index, follow, max-snippet:-1, max-image-preview:large, max-video-preview:-1\" \/>\n<link rel=\"canonical\" href=\"https:\/\/schoenstatt.com\/pt-pt\/conclave-eis-como-se-elege-o-papa\/\" \/>\n<meta property=\"og:locale\" content=\"pt_PT\" \/>\n<meta property=\"og:type\" content=\"article\" \/>\n<meta property=\"og:title\" content=\"Conclave, eis como se elege o Papa\" \/>\n<meta property=\"og:description\" content=\"Desde o voto dos cardeais at\u00e9 a contagem das c\u00e9dulas, veja todos os detalhes do que acontece na Capela Sistina.\" \/>\n<meta property=\"og:url\" content=\"https:\/\/schoenstatt.com\/pt-pt\/conclave-eis-como-se-elege-o-papa\/\" \/>\n<meta property=\"og:site_name\" content=\"Schoenstatt\" \/>\n<meta property=\"article:published_time\" content=\"2025-05-07T01:03:00+00:00\" \/>\n<meta property=\"article:modified_time\" content=\"2025-08-19T15:32:48+00:00\" \/>\n<meta property=\"og:image\" content=\"https:\/\/schoenstatt.com\/wp-content\/uploads\/2025\/05\/pope.png\" \/>\n\t<meta property=\"og:image:width\" content=\"1536\" \/>\n\t<meta property=\"og:image:height\" content=\"1024\" \/>\n\t<meta property=\"og:image:type\" content=\"image\/png\" \/>\n<meta name=\"author\" content=\"Karen Bueno\" \/>\n<meta name=\"twitter:card\" content=\"summary_large_image\" \/>\n<meta name=\"twitter:label1\" content=\"Escrito por\" \/>\n\t<meta name=\"twitter:data1\" content=\"Karen Bueno\" \/>\n\t<meta name=\"twitter:label2\" content=\"Tempo estimado de leitura\" \/>\n\t<meta name=\"twitter:data2\" content=\"7 minutos\" \/>\n<script type=\"application\/ld+json\" class=\"yoast-schema-graph\">{\"@context\":\"https:\\\/\\\/schema.org\",\"@graph\":[{\"@type\":\"Article\",\"@id\":\"https:\\\/\\\/schoenstatt.com\\\/pt-pt\\\/conclave-eis-como-se-elege-o-papa\\\/#article\",\"isPartOf\":{\"@id\":\"https:\\\/\\\/schoenstatt.com\\\/pt-pt\\\/conclave-eis-como-se-elege-o-papa\\\/\"},\"author\":{\"name\":\"Karen Bueno\",\"@id\":\"https:\\\/\\\/schoenstatt.com\\\/pt-pt\\\/#\\\/schema\\\/person\\\/5158877ad4acae98b34daaeef2a1ce6e\"},\"headline\":\"Conclave, eis como se elege o Papa\",\"datePublished\":\"2025-05-07T01:03:00+00:00\",\"dateModified\":\"2025-08-19T15:32:48+00:00\",\"mainEntityOfPage\":{\"@id\":\"https:\\\/\\\/schoenstatt.com\\\/pt-pt\\\/conclave-eis-como-se-elege-o-papa\\\/\"},\"wordCount\":1437,\"publisher\":{\"@id\":\"https:\\\/\\\/schoenstatt.com\\\/pt-pt\\\/#organization\"},\"image\":{\"@id\":\"https:\\\/\\\/schoenstatt.com\\\/pt-pt\\\/conclave-eis-como-se-elege-o-papa\\\/#primaryimage\"},\"thumbnailUrl\":\"https:\\\/\\\/schoenstatt.com\\\/wp-content\\\/uploads\\\/2025\\\/05\\\/pope.png\",\"keywords\":[\"Igreja\"],\"articleSection\":[\"Igreja\"],\"inLanguage\":\"pt-PT\"},{\"@type\":\"WebPage\",\"@id\":\"https:\\\/\\\/schoenstatt.com\\\/pt-pt\\\/conclave-eis-como-se-elege-o-papa\\\/\",\"url\":\"https:\\\/\\\/schoenstatt.com\\\/pt-pt\\\/conclave-eis-como-se-elege-o-papa\\\/\",\"name\":\"Conclave, eis como se elege o Papa - Schoenstatt\",\"isPartOf\":{\"@id\":\"https:\\\/\\\/schoenstatt.com\\\/pt-pt\\\/#website\"},\"primaryImageOfPage\":{\"@id\":\"https:\\\/\\\/schoenstatt.com\\\/pt-pt\\\/conclave-eis-como-se-elege-o-papa\\\/#primaryimage\"},\"image\":{\"@id\":\"https:\\\/\\\/schoenstatt.com\\\/pt-pt\\\/conclave-eis-como-se-elege-o-papa\\\/#primaryimage\"},\"thumbnailUrl\":\"https:\\\/\\\/schoenstatt.com\\\/wp-content\\\/uploads\\\/2025\\\/05\\\/pope.png\",\"datePublished\":\"2025-05-07T01:03:00+00:00\",\"dateModified\":\"2025-08-19T15:32:48+00:00\",\"description\":\"Desde o voto dos cardeais at\u00e9 a contagem das c\u00e9dulas, veja todos os detalhes do que acontece na Capela Sistina.\",\"breadcrumb\":{\"@id\":\"https:\\\/\\\/schoenstatt.com\\\/pt-pt\\\/conclave-eis-como-se-elege-o-papa\\\/#breadcrumb\"},\"inLanguage\":\"pt-PT\",\"potentialAction\":[{\"@type\":\"ReadAction\",\"target\":[\"https:\\\/\\\/schoenstatt.com\\\/pt-pt\\\/conclave-eis-como-se-elege-o-papa\\\/\"]}]},{\"@type\":\"ImageObject\",\"inLanguage\":\"pt-PT\",\"@id\":\"https:\\\/\\\/schoenstatt.com\\\/pt-pt\\\/conclave-eis-como-se-elege-o-papa\\\/#primaryimage\",\"url\":\"https:\\\/\\\/schoenstatt.com\\\/wp-content\\\/uploads\\\/2025\\\/05\\\/pope.png\",\"contentUrl\":\"https:\\\/\\\/schoenstatt.com\\\/wp-content\\\/uploads\\\/2025\\\/05\\\/pope.png\",\"width\":1536,\"height\":1024},{\"@type\":\"BreadcrumbList\",\"@id\":\"https:\\\/\\\/schoenstatt.com\\\/pt-pt\\\/conclave-eis-como-se-elege-o-papa\\\/#breadcrumb\",\"itemListElement\":[{\"@type\":\"ListItem\",\"position\":1,\"name\":\"Portada\",\"item\":\"https:\\\/\\\/schoenstatt.com\\\/pt-pt\\\/home\\\/\"},{\"@type\":\"ListItem\",\"position\":2,\"name\":\"Conclave, eis como se elege o Papa\"}]},{\"@type\":\"WebSite\",\"@id\":\"https:\\\/\\\/schoenstatt.com\\\/pt-pt\\\/#website\",\"url\":\"https:\\\/\\\/schoenstatt.com\\\/pt-pt\\\/\",\"name\":\"Schoenstatt\",\"description\":\"Apostolic Movement\",\"publisher\":{\"@id\":\"https:\\\/\\\/schoenstatt.com\\\/pt-pt\\\/#organization\"},\"potentialAction\":[{\"@type\":\"SearchAction\",\"target\":{\"@type\":\"EntryPoint\",\"urlTemplate\":\"https:\\\/\\\/schoenstatt.com\\\/pt-pt\\\/?s={search_term_string}\"},\"query-input\":{\"@type\":\"PropertyValueSpecification\",\"valueRequired\":true,\"valueName\":\"search_term_string\"}}],\"inLanguage\":\"pt-PT\"},{\"@type\":\"Organization\",\"@id\":\"https:\\\/\\\/schoenstatt.com\\\/pt-pt\\\/#organization\",\"name\":\"Schoenstatt\",\"url\":\"https:\\\/\\\/schoenstatt.com\\\/pt-pt\\\/\",\"logo\":{\"@type\":\"ImageObject\",\"inLanguage\":\"pt-PT\",\"@id\":\"https:\\\/\\\/schoenstatt.com\\\/pt-pt\\\/#\\\/schema\\\/logo\\\/image\\\/\",\"url\":\"https:\\\/\\\/schoenstatt.com\\\/wp-content\\\/uploads\\\/2025\\\/04\\\/logo-schoenstatt-white-696x696-1.png\",\"contentUrl\":\"https:\\\/\\\/schoenstatt.com\\\/wp-content\\\/uploads\\\/2025\\\/04\\\/logo-schoenstatt-white-696x696-1.png\",\"width\":696,\"height\":694,\"caption\":\"Schoenstatt\"},\"image\":{\"@id\":\"https:\\\/\\\/schoenstatt.com\\\/pt-pt\\\/#\\\/schema\\\/logo\\\/image\\\/\"}},{\"@type\":\"Person\",\"@id\":\"https:\\\/\\\/schoenstatt.com\\\/pt-pt\\\/#\\\/schema\\\/person\\\/5158877ad4acae98b34daaeef2a1ce6e\",\"name\":\"Karen Bueno\",\"image\":{\"@type\":\"ImageObject\",\"inLanguage\":\"pt-PT\",\"@id\":\"https:\\\/\\\/secure.gravatar.com\\\/avatar\\\/f9f4b823873154269d2b2130f195f6d41037dd0d7fc5f3cacb5c846bae70d66b?s=96&d=mm&r=g\",\"url\":\"https:\\\/\\\/secure.gravatar.com\\\/avatar\\\/f9f4b823873154269d2b2130f195f6d41037dd0d7fc5f3cacb5c846bae70d66b?s=96&d=mm&r=g\",\"contentUrl\":\"https:\\\/\\\/secure.gravatar.com\\\/avatar\\\/f9f4b823873154269d2b2130f195f6d41037dd0d7fc5f3cacb5c846bae70d66b?s=96&d=mm&r=g\",\"caption\":\"Karen Bueno\"},\"url\":\"https:\\\/\\\/schoenstatt.com\\\/pt-pt\\\/author\\\/karen-bueno\\\/\"}]}<\/script>\n<!-- \/ Yoast SEO Premium plugin. -->","yoast_head_json":{"title":"Conclave, eis como se elege o Papa - Schoenstatt","description":"Desde o voto dos cardeais at\u00e9 a contagem das c\u00e9dulas, veja todos os detalhes do que acontece na Capela Sistina.","robots":{"index":"index","follow":"follow","max-snippet":"max-snippet:-1","max-image-preview":"max-image-preview:large","max-video-preview":"max-video-preview:-1"},"canonical":"https:\/\/schoenstatt.com\/pt-pt\/conclave-eis-como-se-elege-o-papa\/","og_locale":"pt_PT","og_type":"article","og_title":"Conclave, eis como se elege o Papa","og_description":"Desde o voto dos cardeais at\u00e9 a contagem das c\u00e9dulas, veja todos os detalhes do que acontece na Capela Sistina.","og_url":"https:\/\/schoenstatt.com\/pt-pt\/conclave-eis-como-se-elege-o-papa\/","og_site_name":"Schoenstatt","article_published_time":"2025-05-07T01:03:00+00:00","article_modified_time":"2025-08-19T15:32:48+00:00","og_image":[{"width":1536,"height":1024,"url":"https:\/\/schoenstatt.com\/wp-content\/uploads\/2025\/05\/pope.png","type":"image\/png"}],"author":"Karen Bueno","twitter_card":"summary_large_image","twitter_misc":{"Escrito por":"Karen Bueno","Tempo estimado de leitura":"7 minutos"},"schema":{"@context":"https:\/\/schema.org","@graph":[{"@type":"Article","@id":"https:\/\/schoenstatt.com\/pt-pt\/conclave-eis-como-se-elege-o-papa\/#article","isPartOf":{"@id":"https:\/\/schoenstatt.com\/pt-pt\/conclave-eis-como-se-elege-o-papa\/"},"author":{"name":"Karen Bueno","@id":"https:\/\/schoenstatt.com\/pt-pt\/#\/schema\/person\/5158877ad4acae98b34daaeef2a1ce6e"},"headline":"Conclave, eis como se elege o Papa","datePublished":"2025-05-07T01:03:00+00:00","dateModified":"2025-08-19T15:32:48+00:00","mainEntityOfPage":{"@id":"https:\/\/schoenstatt.com\/pt-pt\/conclave-eis-como-se-elege-o-papa\/"},"wordCount":1437,"publisher":{"@id":"https:\/\/schoenstatt.com\/pt-pt\/#organization"},"image":{"@id":"https:\/\/schoenstatt.com\/pt-pt\/conclave-eis-como-se-elege-o-papa\/#primaryimage"},"thumbnailUrl":"https:\/\/schoenstatt.com\/wp-content\/uploads\/2025\/05\/pope.png","keywords":["Igreja"],"articleSection":["Igreja"],"inLanguage":"pt-PT"},{"@type":"WebPage","@id":"https:\/\/schoenstatt.com\/pt-pt\/conclave-eis-como-se-elege-o-papa\/","url":"https:\/\/schoenstatt.com\/pt-pt\/conclave-eis-como-se-elege-o-papa\/","name":"Conclave, eis como se elege o Papa - Schoenstatt","isPartOf":{"@id":"https:\/\/schoenstatt.com\/pt-pt\/#website"},"primaryImageOfPage":{"@id":"https:\/\/schoenstatt.com\/pt-pt\/conclave-eis-como-se-elege-o-papa\/#primaryimage"},"image":{"@id":"https:\/\/schoenstatt.com\/pt-pt\/conclave-eis-como-se-elege-o-papa\/#primaryimage"},"thumbnailUrl":"https:\/\/schoenstatt.com\/wp-content\/uploads\/2025\/05\/pope.png","datePublished":"2025-05-07T01:03:00+00:00","dateModified":"2025-08-19T15:32:48+00:00","description":"Desde o voto dos cardeais at\u00e9 a contagem das c\u00e9dulas, veja todos os detalhes do que acontece na Capela Sistina.","breadcrumb":{"@id":"https:\/\/schoenstatt.com\/pt-pt\/conclave-eis-como-se-elege-o-papa\/#breadcrumb"},"inLanguage":"pt-PT","potentialAction":[{"@type":"ReadAction","target":["https:\/\/schoenstatt.com\/pt-pt\/conclave-eis-como-se-elege-o-papa\/"]}]},{"@type":"ImageObject","inLanguage":"pt-PT","@id":"https:\/\/schoenstatt.com\/pt-pt\/conclave-eis-como-se-elege-o-papa\/#primaryimage","url":"https:\/\/schoenstatt.com\/wp-content\/uploads\/2025\/05\/pope.png","contentUrl":"https:\/\/schoenstatt.com\/wp-content\/uploads\/2025\/05\/pope.png","width":1536,"height":1024},{"@type":"BreadcrumbList","@id":"https:\/\/schoenstatt.com\/pt-pt\/conclave-eis-como-se-elege-o-papa\/#breadcrumb","itemListElement":[{"@type":"ListItem","position":1,"name":"Portada","item":"https:\/\/schoenstatt.com\/pt-pt\/home\/"},{"@type":"ListItem","position":2,"name":"Conclave, eis como se elege o Papa"}]},{"@type":"WebSite","@id":"https:\/\/schoenstatt.com\/pt-pt\/#website","url":"https:\/\/schoenstatt.com\/pt-pt\/","name":"Schoenstatt","description":"Apostolic Movement","publisher":{"@id":"https:\/\/schoenstatt.com\/pt-pt\/#organization"},"potentialAction":[{"@type":"SearchAction","target":{"@type":"EntryPoint","urlTemplate":"https:\/\/schoenstatt.com\/pt-pt\/?s={search_term_string}"},"query-input":{"@type":"PropertyValueSpecification","valueRequired":true,"valueName":"search_term_string"}}],"inLanguage":"pt-PT"},{"@type":"Organization","@id":"https:\/\/schoenstatt.com\/pt-pt\/#organization","name":"Schoenstatt","url":"https:\/\/schoenstatt.com\/pt-pt\/","logo":{"@type":"ImageObject","inLanguage":"pt-PT","@id":"https:\/\/schoenstatt.com\/pt-pt\/#\/schema\/logo\/image\/","url":"https:\/\/schoenstatt.com\/wp-content\/uploads\/2025\/04\/logo-schoenstatt-white-696x696-1.png","contentUrl":"https:\/\/schoenstatt.com\/wp-content\/uploads\/2025\/04\/logo-schoenstatt-white-696x696-1.png","width":696,"height":694,"caption":"Schoenstatt"},"image":{"@id":"https:\/\/schoenstatt.com\/pt-pt\/#\/schema\/logo\/image\/"}},{"@type":"Person","@id":"https:\/\/schoenstatt.com\/pt-pt\/#\/schema\/person\/5158877ad4acae98b34daaeef2a1ce6e","name":"Karen Bueno","image":{"@type":"ImageObject","inLanguage":"pt-PT","@id":"https:\/\/secure.gravatar.com\/avatar\/f9f4b823873154269d2b2130f195f6d41037dd0d7fc5f3cacb5c846bae70d66b?s=96&d=mm&r=g","url":"https:\/\/secure.gravatar.com\/avatar\/f9f4b823873154269d2b2130f195f6d41037dd0d7fc5f3cacb5c846bae70d66b?s=96&d=mm&r=g","contentUrl":"https:\/\/secure.gravatar.com\/avatar\/f9f4b823873154269d2b2130f195f6d41037dd0d7fc5f3cacb5c846bae70d66b?s=96&d=mm&r=g","caption":"Karen Bueno"},"url":"https:\/\/schoenstatt.com\/pt-pt\/author\/karen-bueno\/"}]}},"_links":{"self":[{"href":"https:\/\/schoenstatt.com\/pt-pt\/wp-json\/wp\/v2\/posts\/53526","targetHints":{"allow":["GET"]}}],"collection":[{"href":"https:\/\/schoenstatt.com\/pt-pt\/wp-json\/wp\/v2\/posts"}],"about":[{"href":"https:\/\/schoenstatt.com\/pt-pt\/wp-json\/wp\/v2\/types\/post"}],"author":[{"embeddable":true,"href":"https:\/\/schoenstatt.com\/pt-pt\/wp-json\/wp\/v2\/users\/3"}],"replies":[{"embeddable":true,"href":"https:\/\/schoenstatt.com\/pt-pt\/wp-json\/wp\/v2\/comments?post=53526"}],"version-history":[{"count":1,"href":"https:\/\/schoenstatt.com\/pt-pt\/wp-json\/wp\/v2\/posts\/53526\/revisions"}],"predecessor-version":[{"id":53527,"href":"https:\/\/schoenstatt.com\/pt-pt\/wp-json\/wp\/v2\/posts\/53526\/revisions\/53527"}],"wp:featuredmedia":[{"embeddable":true,"href":"https:\/\/schoenstatt.com\/pt-pt\/wp-json\/wp\/v2\/media\/53506"}],"wp:attachment":[{"href":"https:\/\/schoenstatt.com\/pt-pt\/wp-json\/wp\/v2\/media?parent=53526"}],"wp:term":[{"taxonomy":"category","embeddable":true,"href":"https:\/\/schoenstatt.com\/pt-pt\/wp-json\/wp\/v2\/categories?post=53526"},{"taxonomy":"post_tag","embeddable":true,"href":"https:\/\/schoenstatt.com\/pt-pt\/wp-json\/wp\/v2\/tags?post=53526"}],"curies":[{"name":"wp","href":"https:\/\/api.w.org\/{rel}","templated":true}]}}