{"id":52695,"date":"2022-01-26T12:57:46","date_gmt":"2022-01-26T11:57:46","guid":{"rendered":"https:\/\/schoenstattdev.wpenginepowered.com\/?p=23504"},"modified":"2025-05-16T00:40:36","modified_gmt":"2025-05-15T22:40:36","slug":"o-papa-apelo-pela-paz-na-ucrania","status":"publish","type":"post","link":"https:\/\/schoenstatt.com\/pt-pt\/o-papa-apelo-pela-paz-na-ucrania\/","title":{"rendered":"O Papa: Apelo pela paz na Ucr\u00e2nia"},"content":{"rendered":"<h3>O Papa: pais, n\u00e3o se espantem diante dos problemas dos filhos. Apelo pela paz na Ucr\u00e2nia<\/h3>\n<p>&#8220;S\u00e3o Jos\u00e9, homem que sonha&#8221; foi o tema da catequese do Papa Francisco na Audi\u00eancia Geral, desta quarta-feira (26\/01), realizada na Sala Paulo VI.<\/p>\n<p>O Papa explicou que &#8220;na B\u00edblia, como nas culturas dos povos antigos, os sonhos eram considerados um meio pelo qual Deus se revelava. O sonho simboliza a vida espiritual de cada um de n\u00f3s, aquele espa\u00e7o interior, que cada um \u00e9 chamado a cultivar e a proteger, onde Deus se manifesta e muitas vezes nos fala&#8221;.<\/p>\n<p>Segundo o Papa, &#8220;devemos dizer que dentro de cada um de n\u00f3s n\u00e3o existe apenas a voz de Deus: existem muitas outras vozes. Por exemplo, as vozes de nossos medos, experi\u00eancias passadas, das esperan\u00e7as; e h\u00e1 tamb\u00e9m a voz do maligno que quer nos enganar e confundir. Portanto, \u00e9 importante ser capaz de reconhecer a voz de Deus no meio de outras vozes. Jos\u00e9 demonstra que sabe cultivar o sil\u00eancio necess\u00e1rio e tomar as decis\u00f5es justas diante da Palavra que o Senhor lhe dirige interiormente&#8221;.<\/p>\n<h3>Para entender como nos colocar diante da revela\u00e7\u00e3o de Deus,o Papa retomou quatro sonhos relatados no Evangelho que t\u00eam Jos\u00e9 como protagonista.<\/h3>\n<p>No primeiro sonho, o anjo ajuda Jos\u00e9 a resolver o drama que o aflige ao saber da gravidez de Maria, quando o anjo lhe apareceu em sonho e lhe disse para n\u00e3o temer medo de receber Maria como esposa. A resposta de Jos\u00e9 foi imediata, pois quando acordou fez conforme o Anjo do Senhor havia mandado.<\/p>\n<p>Muitas vezes a vida nos coloca diante de situa\u00e7\u00f5es que n\u00e3o entendemos e parecem sem solu\u00e7\u00e3o. Rezar, nesses momentos, significa deixar o Senhor nos mostre a coisa certa a ser feita.\u00a0 De fato, muitas vezes \u00e9 a ora\u00e7\u00e3o que faz nascer em n\u00f3s a intui\u00e7\u00e3o do caminho de sa\u00edda. Como resolver aquela situa\u00e7\u00e3o. Queridos irm\u00e3os e irm\u00e3s, o Senhor nunca permite um problema sem nos dar tamb\u00e9m a ajuda necess\u00e1ria para enfrent\u00e1-lo. Ele n\u00e3o nos joga ali no forno sozinhos. N\u00e3o nos joga no meio dos animais ferozes. N\u00e3o. O Senhor quando nos faz ver um problema ou revela um problema, nos d\u00e1 sempre sua ajuda, sua presen\u00e7a para sair, para resolv\u00ea-lo.<\/p>\n<p>O segundo sonho revelador de Jos\u00e9 ocorre quando a vida do menino Jesus est\u00e1 em perigo. Ele pegou o menino Jesus e sua m\u00e3e e fugiram para o Egito e ficou l\u00e1 at\u00e9 a morte de Herodes.<\/p>\n<p>Na vida fazemos experi\u00eancia de perigos que amea\u00e7am nossa exist\u00eancia ou a de quem amamos. Nessas situa\u00e7\u00f5es, rezar significa escutar a voz que pode fazer nascer em n\u00f3s a coragem de Jos\u00e9 para enfrentar as dificuldades sem sucumbir.<\/p>\n<p>No Egito, Jos\u00e9 espera de Deus o sinal para poder voltar para casa. Este \u00e9 o conte\u00fado do terceiro sonho. O anjo lhe revela que aqueles que queriam matar o menino morreram e ordena a Jos\u00e9 de partir com Maria e Jesus e retornar \u00e0 sua p\u00e1tria. Mas na viagem de volta, &#8220;quando soube que Arquelau reinava na Jud\u00e9ia, como sucessor de seu pai Herodes, teve medo de ir para l\u00e1&#8221;. Depois de receber aviso em sonho, Jos\u00e9 partiu para a regi\u00e3o da Galileia, e foi morar numa cidade chamada Nazar\u00e9. Esta \u00e9 a quarta revela\u00e7\u00e3o.<\/p>\n<p>O medo tamb\u00e9m faz parte da vida e ele tamb\u00e9m precisa da nossa ora\u00e7\u00e3o. Deus n\u00e3o nos promete que n\u00e3o teremos mais medo, mas que, com sua ajuda, o medo n\u00e3o ser\u00e1 o crit\u00e9rio de nossas decis\u00f5es. Jos\u00e9 experimenta o medo, mas Deus tamb\u00e9m o guia atrav\u00e9s do medo. O poder da ora\u00e7\u00e3o ilumina as situa\u00e7\u00f5es sombrias.<\/p>\n<p>A seguir, o Papa recordou &#8220;as muitas pessoas que s\u00e3o esmagadas pelo peso da vida e n\u00e3o conseguem mais esperar e nem rezar. Que S\u00e3o Jos\u00e9 as ajude a abrir-se ao di\u00e1logo com Deus, para reencontrar luz, for\u00e7a e paz&#8221;.<\/p>\n<p>Francisco recordou tamb\u00e9m &#8220;os pais diante dos problemas dos filhos. Filhos doentes, com doen\u00e7as permanentes. Quanta dor ali! Pais que veem orienta\u00e7\u00f5es sexuais diferentes nos filhos, como lidar com isso e acompanhar os filhos e n\u00e3o se esconder no comportamento de condena\u00e7\u00e3o. Pais que veem os filhos morrerem por causa de uma doen\u00e7a, e o mais triste, vemos todos os dias nos jornais, os jovens que fazem travessuras e morrem em acidentes de carro. Pais que veem os filhos n\u00e3o prosseguirem na escola, muitos problemas dos pais. Pensemos em como ajud\u00e1-los. A esses pais eu digo que n\u00e3o se espantem. H\u00e1 muita dor, muita, mas pensem no Senhor, pensem em como Jos\u00e9 resolveu os problemas e pe\u00e7am a Jos\u00e9 que os ajude. Nunca condenar um filho&#8221;.<\/p>\n<p>O Papa recordou as m\u00e3es que visitam os filhos nas pris\u00f5es. Uma m\u00e3e diante de um filho que errou e est\u00e1 preso, mas n\u00e3o o deixa sozinho, d\u00e1 a cara e o acompanha. Esta coragem de pai e m\u00e3e que acompanham o filho sempre.<\/p>\n<p>O <a href=\"https:\/\/www.vaticannews.va\/pt.html\">Papa<\/a> concluiu, dizendo que &#8220;a ora\u00e7\u00e3o nunca \u00e9 um gesto abstrato ou intimista, como querem fazer estes movimentos espiritualistas mais gn\u00f3sticos do que crist\u00e3os, n\u00e3o \u00e9 isso. A ora\u00e7\u00e3o est\u00e1 sempre indissoluvelmente ligada \u00e0 caridade. Somente quando unimos o amor \u00e0 ora\u00e7\u00e3o, amor pelo filho e pelo pr\u00f3ximo, conseguimos compreender as mensagens do Senhor. Jos\u00e9 rezava, trabalhava e amava, e por isso sempre recebeu o necess\u00e1rio para enfrentar as prova\u00e7\u00f5es da vida. Confiemo-nos a ele e \u00e0 sua intercess\u00e3o&#8221;.<\/p>\n<p><img fetchpriority=\"high\" decoding=\"async\" class=\"size-full wp-image-23501 aligncenter\" src=\"https:\/\/schoenstattdev.wpenginepowered.com\/wp-content\/uploads\/2022\/01\/papa-Ukrania.png\" alt=\"Ucrania\" width=\"685\" height=\"405\" \/><\/p>\n<h3>Apelo pela paz na Ucr\u00e2nia<\/h3>\n<p>No final da Audi\u00eancia Geral, o Papa convidou a rezar pela paz na Ucr\u00e2nia, e a faz\u00ea-lo muitas vezes durante este dia: Pe\u00e7amos ao Senhor com insist\u00eancia que aquela terra possa ver florescer a fraternidade e superar feridas, medos e divis\u00f5es. Que as ora\u00e7\u00f5es e s\u00faplicas, que hoje se elevam ao C\u00e9u, toquem as mentes e os cora\u00e7\u00f5es dos respons\u00e1veis na terra, para que fa\u00e7am prevalecer o di\u00e1logo, e o bem de todos seja colocado acima dos interesses de parte. Rezemos pela paz com o Pai Nosso: \u00e9 a ora\u00e7\u00e3o dos filhos que se dirigem ao mesmo Pai, \u00e9 a ora\u00e7\u00e3o que nos faz irm\u00e3os, \u00e9 a ora\u00e7\u00e3o dos irm\u00e3os que imploram reconcilia\u00e7\u00e3o e conc\u00f3rdia.<\/p>\n","protected":false},"excerpt":{"rendered":"<p>Na Audi\u00eancia Geral desta quarta-feira, Francisco convidou aos pais, diante dos problemas dos filhos, a pensarem no Senhor, a pensarem em como Jos\u00e9 resolveu os problemas e a pedirem a Jos\u00e9 que os ajude. &#8220;.Nunca condenar um filho&#8221;, acrescentou o Papa.<\/p>\n","protected":false},"author":1,"featured_media":23494,"comment_status":"closed","ping_status":"closed","sticky":false,"template":"","format":"standard","meta":{"footnotes":""},"categories":[916],"tags":[],"class_list":["post-52695","post","type-post","status-publish","format-standard","has-post-thumbnail","hentry","category-espiritualidade-pt-pt"],"yoast_head":"<!-- This site is optimized with the Yoast SEO Premium plugin v27.4 (Yoast SEO v27.5) - https:\/\/yoast.com\/product\/yoast-seo-premium-wordpress\/ -->\n<title>O Papa: Apelo pela paz na Ucr\u00e2nia - Schoenstatt<\/title>\n<meta name=\"description\" content=\"O Papa convidou a rezar pela paz na Ucr\u00e2nia, e a faz\u00ea-lo muitas vezes durante este dia: Pe\u00e7amos ao Senhor com insist\u00eancia que aquela terra possa ver florescer a fraternidade e superar feridas, medos e divis\u00f5es.\" \/>\n<meta name=\"robots\" content=\"index, follow, max-snippet:-1, max-image-preview:large, max-video-preview:-1\" \/>\n<link rel=\"canonical\" href=\"https:\/\/schoenstatt.com\/pt-pt\/o-papa-apelo-pela-paz-na-ucrania\/\" \/>\n<meta property=\"og:locale\" content=\"pt_PT\" \/>\n<meta property=\"og:type\" content=\"article\" \/>\n<meta property=\"og:title\" content=\"O Papa: Apelo pela paz na Ucr\u00e2nia\" \/>\n<meta property=\"og:description\" content=\"O Papa convidou a rezar pela paz na Ucr\u00e2nia, e a faz\u00ea-lo muitas vezes durante este dia: Pe\u00e7amos ao Senhor com insist\u00eancia que aquela terra possa ver florescer a fraternidade e superar feridas, medos e divis\u00f5es.\" \/>\n<meta property=\"og:url\" content=\"https:\/\/schoenstatt.com\/pt-pt\/o-papa-apelo-pela-paz-na-ucrania\/\" \/>\n<meta property=\"og:site_name\" content=\"Schoenstatt\" \/>\n<meta property=\"article:published_time\" content=\"2022-01-26T11:57:46+00:00\" \/>\n<meta property=\"article:modified_time\" content=\"2025-05-15T22:40:36+00:00\" \/>\n<meta property=\"og:image\" content=\"https:\/\/schoenstatt.com\/wp-content\/uploads\/2022\/01\/Ukraine-1.png\" \/>\n\t<meta property=\"og:image:width\" content=\"727\" \/>\n\t<meta property=\"og:image:height\" content=\"376\" \/>\n\t<meta property=\"og:image:type\" content=\"image\/png\" \/>\n<meta name=\"author\" content=\"admin\" \/>\n<meta name=\"twitter:card\" content=\"summary_large_image\" \/>\n<meta name=\"twitter:label1\" content=\"Escrito por\" \/>\n\t<meta name=\"twitter:data1\" content=\"admin\" \/>\n\t<meta name=\"twitter:label2\" content=\"Tempo estimado de leitura\" \/>\n\t<meta name=\"twitter:data2\" content=\"5 minutos\" \/>\n<script type=\"application\/ld+json\" class=\"yoast-schema-graph\">{\"@context\":\"https:\\\/\\\/schema.org\",\"@graph\":[{\"@type\":\"Article\",\"@id\":\"https:\\\/\\\/schoenstatt.com\\\/pt-pt\\\/o-papa-apelo-pela-paz-na-ucrania\\\/#article\",\"isPartOf\":{\"@id\":\"https:\\\/\\\/schoenstatt.com\\\/pt-pt\\\/o-papa-apelo-pela-paz-na-ucrania\\\/\"},\"author\":{\"name\":\"admin\",\"@id\":\"https:\\\/\\\/schoenstatt.com\\\/pt-pt\\\/#\\\/schema\\\/person\\\/489465b1850e7b216fe2c10dfc262551\"},\"headline\":\"O Papa: Apelo pela paz na Ucr\u00e2nia\",\"datePublished\":\"2022-01-26T11:57:46+00:00\",\"dateModified\":\"2025-05-15T22:40:36+00:00\",\"mainEntityOfPage\":{\"@id\":\"https:\\\/\\\/schoenstatt.com\\\/pt-pt\\\/o-papa-apelo-pela-paz-na-ucrania\\\/\"},\"wordCount\":1113,\"publisher\":{\"@id\":\"https:\\\/\\\/schoenstatt.com\\\/pt-pt\\\/#organization\"},\"image\":{\"@id\":\"https:\\\/\\\/schoenstatt.com\\\/pt-pt\\\/o-papa-apelo-pela-paz-na-ucrania\\\/#primaryimage\"},\"thumbnailUrl\":\"https:\\\/\\\/schoenstatt.com\\\/wp-content\\\/uploads\\\/2022\\\/01\\\/Ukraine-1.png\",\"articleSection\":[\"Espiritualidade\"],\"inLanguage\":\"pt-PT\"},{\"@type\":\"WebPage\",\"@id\":\"https:\\\/\\\/schoenstatt.com\\\/pt-pt\\\/o-papa-apelo-pela-paz-na-ucrania\\\/\",\"url\":\"https:\\\/\\\/schoenstatt.com\\\/pt-pt\\\/o-papa-apelo-pela-paz-na-ucrania\\\/\",\"name\":\"O Papa: Apelo pela paz na Ucr\u00e2nia - Schoenstatt\",\"isPartOf\":{\"@id\":\"https:\\\/\\\/schoenstatt.com\\\/pt-pt\\\/#website\"},\"primaryImageOfPage\":{\"@id\":\"https:\\\/\\\/schoenstatt.com\\\/pt-pt\\\/o-papa-apelo-pela-paz-na-ucrania\\\/#primaryimage\"},\"image\":{\"@id\":\"https:\\\/\\\/schoenstatt.com\\\/pt-pt\\\/o-papa-apelo-pela-paz-na-ucrania\\\/#primaryimage\"},\"thumbnailUrl\":\"https:\\\/\\\/schoenstatt.com\\\/wp-content\\\/uploads\\\/2022\\\/01\\\/Ukraine-1.png\",\"datePublished\":\"2022-01-26T11:57:46+00:00\",\"dateModified\":\"2025-05-15T22:40:36+00:00\",\"description\":\"O Papa convidou a rezar pela paz na Ucr\u00e2nia, e a faz\u00ea-lo muitas vezes durante este dia: Pe\u00e7amos ao Senhor com insist\u00eancia que aquela terra possa ver florescer a fraternidade e superar feridas, medos e divis\u00f5es.\",\"breadcrumb\":{\"@id\":\"https:\\\/\\\/schoenstatt.com\\\/pt-pt\\\/o-papa-apelo-pela-paz-na-ucrania\\\/#breadcrumb\"},\"inLanguage\":\"pt-PT\",\"potentialAction\":[{\"@type\":\"ReadAction\",\"target\":[\"https:\\\/\\\/schoenstatt.com\\\/pt-pt\\\/o-papa-apelo-pela-paz-na-ucrania\\\/\"]}]},{\"@type\":\"ImageObject\",\"inLanguage\":\"pt-PT\",\"@id\":\"https:\\\/\\\/schoenstatt.com\\\/pt-pt\\\/o-papa-apelo-pela-paz-na-ucrania\\\/#primaryimage\",\"url\":\"https:\\\/\\\/schoenstatt.com\\\/wp-content\\\/uploads\\\/2022\\\/01\\\/Ukraine-1.png\",\"contentUrl\":\"https:\\\/\\\/schoenstatt.com\\\/wp-content\\\/uploads\\\/2022\\\/01\\\/Ukraine-1.png\",\"width\":727,\"height\":376,\"caption\":\"Ucr\u00e2nia\"},{\"@type\":\"BreadcrumbList\",\"@id\":\"https:\\\/\\\/schoenstatt.com\\\/pt-pt\\\/o-papa-apelo-pela-paz-na-ucrania\\\/#breadcrumb\",\"itemListElement\":[{\"@type\":\"ListItem\",\"position\":1,\"name\":\"Portada\",\"item\":\"https:\\\/\\\/schoenstatt.com\\\/pt-pt\\\/home\\\/\"},{\"@type\":\"ListItem\",\"position\":2,\"name\":\"O Papa: Apelo pela paz na Ucr\u00e2nia\"}]},{\"@type\":\"WebSite\",\"@id\":\"https:\\\/\\\/schoenstatt.com\\\/pt-pt\\\/#website\",\"url\":\"https:\\\/\\\/schoenstatt.com\\\/pt-pt\\\/\",\"name\":\"Schoenstatt\",\"description\":\"Apostolic Movement\",\"publisher\":{\"@id\":\"https:\\\/\\\/schoenstatt.com\\\/pt-pt\\\/#organization\"},\"potentialAction\":[{\"@type\":\"SearchAction\",\"target\":{\"@type\":\"EntryPoint\",\"urlTemplate\":\"https:\\\/\\\/schoenstatt.com\\\/pt-pt\\\/?s={search_term_string}\"},\"query-input\":{\"@type\":\"PropertyValueSpecification\",\"valueRequired\":true,\"valueName\":\"search_term_string\"}}],\"inLanguage\":\"pt-PT\"},{\"@type\":\"Organization\",\"@id\":\"https:\\\/\\\/schoenstatt.com\\\/pt-pt\\\/#organization\",\"name\":\"Schoenstatt\",\"url\":\"https:\\\/\\\/schoenstatt.com\\\/pt-pt\\\/\",\"logo\":{\"@type\":\"ImageObject\",\"inLanguage\":\"pt-PT\",\"@id\":\"https:\\\/\\\/schoenstatt.com\\\/pt-pt\\\/#\\\/schema\\\/logo\\\/image\\\/\",\"url\":\"https:\\\/\\\/schoenstatt.com\\\/wp-content\\\/uploads\\\/2025\\\/04\\\/logo-schoenstatt-white-696x696-1.png\",\"contentUrl\":\"https:\\\/\\\/schoenstatt.com\\\/wp-content\\\/uploads\\\/2025\\\/04\\\/logo-schoenstatt-white-696x696-1.png\",\"width\":696,\"height\":694,\"caption\":\"Schoenstatt\"},\"image\":{\"@id\":\"https:\\\/\\\/schoenstatt.com\\\/pt-pt\\\/#\\\/schema\\\/logo\\\/image\\\/\"}},{\"@type\":\"Person\",\"@id\":\"https:\\\/\\\/schoenstatt.com\\\/pt-pt\\\/#\\\/schema\\\/person\\\/489465b1850e7b216fe2c10dfc262551\",\"name\":\"admin\",\"image\":{\"@type\":\"ImageObject\",\"inLanguage\":\"pt-PT\",\"@id\":\"https:\\\/\\\/secure.gravatar.com\\\/avatar\\\/02e8345e1ec40ab0e0a2a98fdde64a684bbaf994cddcb778b25b8b024ee9dfe6?s=96&d=mm&r=g\",\"url\":\"https:\\\/\\\/secure.gravatar.com\\\/avatar\\\/02e8345e1ec40ab0e0a2a98fdde64a684bbaf994cddcb778b25b8b024ee9dfe6?s=96&d=mm&r=g\",\"contentUrl\":\"https:\\\/\\\/secure.gravatar.com\\\/avatar\\\/02e8345e1ec40ab0e0a2a98fdde64a684bbaf994cddcb778b25b8b024ee9dfe6?s=96&d=mm&r=g\",\"caption\":\"admin\"},\"sameAs\":[\"https:\\\/\\\/schoenstatt.com\"],\"url\":\"https:\\\/\\\/schoenstatt.com\\\/pt-pt\\\/author\\\/admin\\\/\"}]}<\/script>\n<!-- \/ Yoast SEO Premium plugin. -->","yoast_head_json":{"title":"O Papa: Apelo pela paz na Ucr\u00e2nia - Schoenstatt","description":"O Papa convidou a rezar pela paz na Ucr\u00e2nia, e a faz\u00ea-lo muitas vezes durante este dia: Pe\u00e7amos ao Senhor com insist\u00eancia que aquela terra possa ver florescer a fraternidade e superar feridas, medos e divis\u00f5es.","robots":{"index":"index","follow":"follow","max-snippet":"max-snippet:-1","max-image-preview":"max-image-preview:large","max-video-preview":"max-video-preview:-1"},"canonical":"https:\/\/schoenstatt.com\/pt-pt\/o-papa-apelo-pela-paz-na-ucrania\/","og_locale":"pt_PT","og_type":"article","og_title":"O Papa: Apelo pela paz na Ucr\u00e2nia","og_description":"O Papa convidou a rezar pela paz na Ucr\u00e2nia, e a faz\u00ea-lo muitas vezes durante este dia: Pe\u00e7amos ao Senhor com insist\u00eancia que aquela terra possa ver florescer a fraternidade e superar feridas, medos e divis\u00f5es.","og_url":"https:\/\/schoenstatt.com\/pt-pt\/o-papa-apelo-pela-paz-na-ucrania\/","og_site_name":"Schoenstatt","article_published_time":"2022-01-26T11:57:46+00:00","article_modified_time":"2025-05-15T22:40:36+00:00","og_image":[{"width":727,"height":376,"url":"https:\/\/schoenstatt.com\/wp-content\/uploads\/2022\/01\/Ukraine-1.png","type":"image\/png"}],"author":"admin","twitter_card":"summary_large_image","twitter_misc":{"Escrito por":"admin","Tempo estimado de leitura":"5 minutos"},"schema":{"@context":"https:\/\/schema.org","@graph":[{"@type":"Article","@id":"https:\/\/schoenstatt.com\/pt-pt\/o-papa-apelo-pela-paz-na-ucrania\/#article","isPartOf":{"@id":"https:\/\/schoenstatt.com\/pt-pt\/o-papa-apelo-pela-paz-na-ucrania\/"},"author":{"name":"admin","@id":"https:\/\/schoenstatt.com\/pt-pt\/#\/schema\/person\/489465b1850e7b216fe2c10dfc262551"},"headline":"O Papa: Apelo pela paz na Ucr\u00e2nia","datePublished":"2022-01-26T11:57:46+00:00","dateModified":"2025-05-15T22:40:36+00:00","mainEntityOfPage":{"@id":"https:\/\/schoenstatt.com\/pt-pt\/o-papa-apelo-pela-paz-na-ucrania\/"},"wordCount":1113,"publisher":{"@id":"https:\/\/schoenstatt.com\/pt-pt\/#organization"},"image":{"@id":"https:\/\/schoenstatt.com\/pt-pt\/o-papa-apelo-pela-paz-na-ucrania\/#primaryimage"},"thumbnailUrl":"https:\/\/schoenstatt.com\/wp-content\/uploads\/2022\/01\/Ukraine-1.png","articleSection":["Espiritualidade"],"inLanguage":"pt-PT"},{"@type":"WebPage","@id":"https:\/\/schoenstatt.com\/pt-pt\/o-papa-apelo-pela-paz-na-ucrania\/","url":"https:\/\/schoenstatt.com\/pt-pt\/o-papa-apelo-pela-paz-na-ucrania\/","name":"O Papa: Apelo pela paz na Ucr\u00e2nia - Schoenstatt","isPartOf":{"@id":"https:\/\/schoenstatt.com\/pt-pt\/#website"},"primaryImageOfPage":{"@id":"https:\/\/schoenstatt.com\/pt-pt\/o-papa-apelo-pela-paz-na-ucrania\/#primaryimage"},"image":{"@id":"https:\/\/schoenstatt.com\/pt-pt\/o-papa-apelo-pela-paz-na-ucrania\/#primaryimage"},"thumbnailUrl":"https:\/\/schoenstatt.com\/wp-content\/uploads\/2022\/01\/Ukraine-1.png","datePublished":"2022-01-26T11:57:46+00:00","dateModified":"2025-05-15T22:40:36+00:00","description":"O Papa convidou a rezar pela paz na Ucr\u00e2nia, e a faz\u00ea-lo muitas vezes durante este dia: Pe\u00e7amos ao Senhor com insist\u00eancia que aquela terra possa ver florescer a fraternidade e superar feridas, medos e divis\u00f5es.","breadcrumb":{"@id":"https:\/\/schoenstatt.com\/pt-pt\/o-papa-apelo-pela-paz-na-ucrania\/#breadcrumb"},"inLanguage":"pt-PT","potentialAction":[{"@type":"ReadAction","target":["https:\/\/schoenstatt.com\/pt-pt\/o-papa-apelo-pela-paz-na-ucrania\/"]}]},{"@type":"ImageObject","inLanguage":"pt-PT","@id":"https:\/\/schoenstatt.com\/pt-pt\/o-papa-apelo-pela-paz-na-ucrania\/#primaryimage","url":"https:\/\/schoenstatt.com\/wp-content\/uploads\/2022\/01\/Ukraine-1.png","contentUrl":"https:\/\/schoenstatt.com\/wp-content\/uploads\/2022\/01\/Ukraine-1.png","width":727,"height":376,"caption":"Ucr\u00e2nia"},{"@type":"BreadcrumbList","@id":"https:\/\/schoenstatt.com\/pt-pt\/o-papa-apelo-pela-paz-na-ucrania\/#breadcrumb","itemListElement":[{"@type":"ListItem","position":1,"name":"Portada","item":"https:\/\/schoenstatt.com\/pt-pt\/home\/"},{"@type":"ListItem","position":2,"name":"O Papa: Apelo pela paz na Ucr\u00e2nia"}]},{"@type":"WebSite","@id":"https:\/\/schoenstatt.com\/pt-pt\/#website","url":"https:\/\/schoenstatt.com\/pt-pt\/","name":"Schoenstatt","description":"Apostolic Movement","publisher":{"@id":"https:\/\/schoenstatt.com\/pt-pt\/#organization"},"potentialAction":[{"@type":"SearchAction","target":{"@type":"EntryPoint","urlTemplate":"https:\/\/schoenstatt.com\/pt-pt\/?s={search_term_string}"},"query-input":{"@type":"PropertyValueSpecification","valueRequired":true,"valueName":"search_term_string"}}],"inLanguage":"pt-PT"},{"@type":"Organization","@id":"https:\/\/schoenstatt.com\/pt-pt\/#organization","name":"Schoenstatt","url":"https:\/\/schoenstatt.com\/pt-pt\/","logo":{"@type":"ImageObject","inLanguage":"pt-PT","@id":"https:\/\/schoenstatt.com\/pt-pt\/#\/schema\/logo\/image\/","url":"https:\/\/schoenstatt.com\/wp-content\/uploads\/2025\/04\/logo-schoenstatt-white-696x696-1.png","contentUrl":"https:\/\/schoenstatt.com\/wp-content\/uploads\/2025\/04\/logo-schoenstatt-white-696x696-1.png","width":696,"height":694,"caption":"Schoenstatt"},"image":{"@id":"https:\/\/schoenstatt.com\/pt-pt\/#\/schema\/logo\/image\/"}},{"@type":"Person","@id":"https:\/\/schoenstatt.com\/pt-pt\/#\/schema\/person\/489465b1850e7b216fe2c10dfc262551","name":"admin","image":{"@type":"ImageObject","inLanguage":"pt-PT","@id":"https:\/\/secure.gravatar.com\/avatar\/02e8345e1ec40ab0e0a2a98fdde64a684bbaf994cddcb778b25b8b024ee9dfe6?s=96&d=mm&r=g","url":"https:\/\/secure.gravatar.com\/avatar\/02e8345e1ec40ab0e0a2a98fdde64a684bbaf994cddcb778b25b8b024ee9dfe6?s=96&d=mm&r=g","contentUrl":"https:\/\/secure.gravatar.com\/avatar\/02e8345e1ec40ab0e0a2a98fdde64a684bbaf994cddcb778b25b8b024ee9dfe6?s=96&d=mm&r=g","caption":"admin"},"sameAs":["https:\/\/schoenstatt.com"],"url":"https:\/\/schoenstatt.com\/pt-pt\/author\/admin\/"}]}},"_links":{"self":[{"href":"https:\/\/schoenstatt.com\/pt-pt\/wp-json\/wp\/v2\/posts\/52695","targetHints":{"allow":["GET"]}}],"collection":[{"href":"https:\/\/schoenstatt.com\/pt-pt\/wp-json\/wp\/v2\/posts"}],"about":[{"href":"https:\/\/schoenstatt.com\/pt-pt\/wp-json\/wp\/v2\/types\/post"}],"author":[{"embeddable":true,"href":"https:\/\/schoenstatt.com\/pt-pt\/wp-json\/wp\/v2\/users\/1"}],"replies":[{"embeddable":true,"href":"https:\/\/schoenstatt.com\/pt-pt\/wp-json\/wp\/v2\/comments?post=52695"}],"version-history":[{"count":1,"href":"https:\/\/schoenstatt.com\/pt-pt\/wp-json\/wp\/v2\/posts\/52695\/revisions"}],"predecessor-version":[{"id":52824,"href":"https:\/\/schoenstatt.com\/pt-pt\/wp-json\/wp\/v2\/posts\/52695\/revisions\/52824"}],"wp:featuredmedia":[{"embeddable":true,"href":"https:\/\/schoenstatt.com\/pt-pt\/wp-json\/wp\/v2\/media\/23494"}],"wp:attachment":[{"href":"https:\/\/schoenstatt.com\/pt-pt\/wp-json\/wp\/v2\/media?parent=52695"}],"wp:term":[{"taxonomy":"category","embeddable":true,"href":"https:\/\/schoenstatt.com\/pt-pt\/wp-json\/wp\/v2\/categories?post=52695"},{"taxonomy":"post_tag","embeddable":true,"href":"https:\/\/schoenstatt.com\/pt-pt\/wp-json\/wp\/v2\/tags?post=52695"}],"curies":[{"name":"wp","href":"https:\/\/api.w.org\/{rel}","templated":true}]}}