{"id":52692,"date":"2022-01-25T22:01:29","date_gmt":"2022-01-25T21:01:29","guid":{"rendered":"https:\/\/schoenstattdev.wpenginepowered.com\/?p=23491"},"modified":"2025-05-16T00:40:37","modified_gmt":"2025-05-15T22:40:37","slug":"ceu-e-terra-se-uniram-para-celebrar-os-50-anos-do-santuario-nacional","status":"publish","type":"post","link":"https:\/\/schoenstatt.com\/pt-pt\/ceu-e-terra-se-uniram-para-celebrar-os-50-anos-do-santuario-nacional\/","title":{"rendered":"C\u00e9u e terra se uniram para celebrar os 50 anos do Santu\u00e1rio Nacional"},"content":{"rendered":"<p>A Fam\u00edlia de Schoenstatt no Equador viveu uma jornada de profundo significado ao festejar o 50\u00ba anivers\u00e1rio do seu Santu\u00e1rio Nacional em Guayaquil, no dia 20 de janeiro. As celebra\u00e7\u00f5es consistiram em tr\u00eas dias de eventos de viv\u00eancia comunit\u00e1ria, que inclu\u00edram a presen\u00e7a do N\u00fancio Apost\u00f3lico no Equador e bispos de diferentes dioceses. Do testemunho dos presentes, destaca-se que se tratou de uma experi\u00eancia profunda que impulsionou os membros do Movimento a levar com fidelidade o legado do Pai Fundador, P. Jos\u00e9 Kentenich, uma igreja em sa\u00edda.<\/p>\n<h3>J\u00fabilo e alegria durante o ano jubilar<\/h3>\n<p>Houve muita contribui\u00e7\u00e3o ao Capital de Gra\u00e7as por parte de toda nossa fam\u00edlia, assim como em pedidos nos quais talh\u00e1vamos o esp\u00edrito e a compreens\u00e3o atrav\u00e9s do material de forma\u00e7\u00e3o, conversas, adora\u00e7\u00f5es e Missas; ao longo de um ano prepar\u00e1mo-nos para descobrir e revelar o Ouro Jubilar destes 50 anos de gra\u00e7as e b\u00ean\u00e7\u00e3os.<\/p>\n<p>Foi um ano de prepara\u00e7\u00e3o e alegrias, mas tamb\u00e9m de v\u00e1rias dificuldades que surgiram especialmente nas \u00faltimas semanas devido \u00e0 pandemia, no entanto, encontr\u00e1mos for\u00e7a e \u00edmpeto nas palavras do nosso pai fundador Jos\u00e9 Kentenich: &#8220;A fecundidade alcan\u00e7ada n\u00e3o foi a consequ\u00eancia do hero\u00edsmo humano, mas a consequ\u00eancia do cumprimento da condi\u00e7\u00e3o pedida por Deus, de ter descoberto o que Deus exigia&#8221;.<\/p>\n<h3>Visitas e sauda\u00e7\u00f5es<\/h3>\n<p>A semana de 20 de janeiro chegou e com ela, chegaram ao Equador, padres e irm\u00e3s do Chile, entre eles a Irm\u00e3 M. Catrin, Superiora Provincial. Eles foram os pilares para o desenvolvimento da vida na nossa Fam\u00edlia e com a sua numerosa presen\u00e7a refor\u00e7aram as nossas celebra\u00e7\u00f5es. Sauda\u00e7\u00f5es tamb\u00e9m come\u00e7aram a chegar de v\u00e1rios cantos da Am\u00e9rica, especialmente dos Coordenadores Continentais de Schoenstatt, do Diretor Nacional do Movimento no Chile, e de v\u00e1rios membros da nossa Fam\u00edlia internacional nos Estados Unidos, Peru, Brasil e Paraguai.<\/p>\n<h3><a href=\"https:\/\/schoenstattdev.wpenginepowered.com\/es\/paises\/schoenstatt-en-ecuador-celebra-el-jubileo-de-oro-de-su-primer-santuario\/\">Grande hino de gratid\u00e3o <\/a><\/h3>\n<p>&#8220;Na v\u00e9spera da nossa celebra\u00e7\u00e3o jubilar, junto-me a todos v\u00f3s para entoar um grande hino de gratid\u00e3o a Deus por nos ter dado a nossa M\u00e3e Tr\u00eas Vezes Admir\u00e1vel no nosso Santu\u00e1rio Nacional. Estes s\u00e3o 50 anos de uma hist\u00f3ria muito rica, de tantas b\u00ean\u00e7\u00e3os derramadas nos cora\u00e7\u00f5es e de tantas iniciativas que surgiram. Algumas n\u00f3s sabemos, outras s\u00f3 Deus v\u00ea. A M\u00e3e Sant\u00edssima tem sido fiel e generosa. A b\u00ean\u00e7\u00e3o do Santu\u00e1rio teve lugar dentro do esp\u00edrito do dia 20 de janeiro. Assim, a nossa Rainha convida-nos a elevar o nosso pacto ainda mais alto, ou seja, ao n\u00edvel da Carta Branca, de generosa rendi\u00e7\u00e3o aos planos e desejos de Deus. Ela tamb\u00e9m nos lembra que n\u00e3o o conseguiremos se n\u00e3o estivermos profundamente unidos como fam\u00edlia e de m\u00e3os dadas com o nosso Pai e Fundador. As circunst\u00e2ncias desta pandemia recordam-nos que somos chamados a viver rendidos nas m\u00e3os amorosas de Deus e dos seus planos. Unamos as nossas vozes e cantemos com alegria uma can\u00e7\u00e3o de gratid\u00e3o&#8221;.\u00a0 Com esta sauda\u00e7\u00e3o enviada a toda a Fam\u00edlia pelo nosso Diretor Nacional, P. Felipe Rios Correa, abrimos o Tr\u00edduo Jubilar.<\/p>\n<h3>Eis que chegou o dia 20 de janeiro!<\/h3>\n<p>O Santu\u00e1rio Nacional estava vestido de gala, os nossos cora\u00e7\u00f5es transbordavam de alegria e felicidade ao v\u00ea-lo embelezado. Os rostos de alegria dos presentes e a felicidade expressa pelos mais de mil espectadores que acompanharam a celebra\u00e7\u00e3o atrav\u00e9s das redes sociais, fizeram deste primeiro dia do Tr\u00edduo Jubilar uma experi\u00eancia memor\u00e1vel.<\/p>\n<p>As melodias do coro juvenil dirigido pelo padre Juan Francisco criaram a atmosfera para toda a Fam\u00edlia, transportando muitos para diversos momentos vividos em redor do Santu\u00e1rio. A prociss\u00e3o de entrada foi liderada por um desfile de bandeiras em que representantes das nossas comunidades e da Fam\u00edlia de Schoenstatt de Quito, Babahoyo e Manta enalteciam esta celebra\u00e7\u00e3o lit\u00fargica. Deus tamb\u00e9m nos deu o grande dom de ter a presen\u00e7a de Monsenhor Andr\u00e9s Carrascosa, N\u00fancio Apost\u00f3lico do Equador, acompanhado por v\u00e1rios bispos do pa\u00eds. Testemunh\u00e1mos como a Igreja se uniu a esta celebra\u00e7\u00e3o de forma t\u00e3o misericordiosa e paternal, reunindo seus filhos em torno da sua M\u00e3e.<\/p>\n<p><img fetchpriority=\"high\" decoding=\"async\" class=\"aligncenter size-large wp-image-23482\" src=\"https:\/\/schoenstattdev.wpenginepowered.com\/wp-content\/uploads\/2022\/01\/3-ene20-1024x684.jpg\" alt=\"Ecuador\" width=\"840\" height=\"561\" \/><\/p>\n<p>O Bispo Carrascosa n\u00e3o deixou de nos impressionar na sua homilia com o seu conhecimento da hist\u00f3ria de Schoenstatt no Equador, semeando nos nossos cora\u00e7\u00f5es um desafio para os pr\u00f3ximos 50 anos.<\/p>\n<p>A M\u00e3e Sant\u00edssima deixou o Santu\u00e1rio nas m\u00e3os de representantes da nossa Gera\u00e7\u00e3o Fundadora como sinal da M\u00e3e que sai ao encontro das suas filhas e dos seus filhos, e antes que ela fosse levada para a Igreja dos Peregrinos, foi cantado um feliz anivers\u00e1rio ao nosso querido Santu\u00e1rio na sua presen\u00e7a.<\/p>\n<h3>A noite de ouro<\/h3>\n<p>Na sexta-feira dia 21, desde muito cedo pela manh\u00e3, realizou-se a adora\u00e7\u00e3o no Santu\u00e1rio, que durou o dia inteiro. Os nossos irm\u00e3os e irm\u00e3s de Quito foram os encarregados da Noite Dourada, eles lideraram a adora\u00e7\u00e3o por toda a Fam\u00edlia do Equador com uma liturgia que convidou Jesus a acompanhar-nos e a receber nas suas m\u00e3os todos os nossos agradecimentos e entrega por estes 50 anos de fidelidade.<\/p>\n<h3>Para o meu santu\u00e1rio o meu compromisso \u00e9 dourado<\/h3>\n<p>No final da adora\u00e7\u00e3o, foi lido o quadro da C\u00e1psula do Tempo, que cont\u00e9m os compromissos de centenas de membros da Fam\u00edlia para com o Santu\u00e1rio nos pr\u00f3ximos 25 anos. Desde os primeiros dias do m\u00eas de janeiro, os compromissos para serem desenterrados no ano 2047 foram escritos em fitas douradas, durante as missas dominicais nos nossos quatro Santu\u00e1rios no Equador e na Ermida em Manta, bem como atrav\u00e9s de formul\u00e1rios digitais. Confiamos que a M\u00e3e de Deus cuidar\u00e1 da lealdade a cada uma dessas aspira\u00e7\u00f5es.<\/p>\n<h3>O Santu\u00e1rio: um presente para a igreja<\/h3>\n<p>No s\u00e1bado dia 22, para encerrar este insuper\u00e1vel Tr\u00edduo Jubilar, a celebra\u00e7\u00e3o come\u00e7ou com o regresso da M\u00e3e de Deus ao seu trono de gra\u00e7as transportada pelos representantes da Juventude de Schoenstatt.<\/p>\n<p>O nosso Pastor, Monsenhor Luis Gerardo Cabrera, Arcebispo de Guayaquil, acompanhou-nos na Santa Missa. As suas palavras ao mencionar o nosso lema: Santu\u00e1rio \u00e9 Miss\u00e3o, comprometeram-nos ainda mais a levar este fogo jubilar \u00e0s novas e futuras gera\u00e7\u00f5es, e ao mesmo tempo a percorrer o caminho da nossa Igreja Sinodal com maior empenho e entusiasmo.<\/p>\n<p>O Monsenhor recebeu um pequeno santu\u00e1rio como s\u00edmbolo de um presente para a Igreja. Convidou-nos a rezar \u00e0 M\u00e3e de Deus por mais voca\u00e7\u00f5es para a vida sacerdotal, consagrada e casada. Ao finalizar a Santa Missa dirigiu-se a renovada Igreja dos Peregrinos para a aben\u00e7oar juntamente com os Padres de Schoenstatt.<\/p>\n<h3><img decoding=\"async\" class=\"aligncenter wp-image-23486 size-large\" src=\"https:\/\/schoenstattdev.wpenginepowered.com\/wp-content\/uploads\/2022\/01\/4-ene22-1024x684.jpg\" alt=\"Santu\u00e1rio Equador\" width=\"840\" height=\"561\" \/><\/h3>\n<h3>Fogo para os pr\u00f3ximos 50 anos<\/h3>\n<p>Antes do t\u00e9rmino da celebra\u00e7\u00e3o, um representante da Gera\u00e7\u00e3o Fundadora convidou os membros das novas gera\u00e7\u00f5es a comprometerem-se com a vida do nosso Santu\u00e1rio durante os pr\u00f3ximos 50 anos.<\/p>\n<p>Depois de vivermos tr\u00eas dias em que a terra se uniu ao c\u00e9u durante este tr\u00edduo jubilar, ficamos com o dom de grande alegria e felicidade nos nossos cora\u00e7\u00f5es para ver tantos projetos e sonhos tornarem-se realidade, bem como todas as gra\u00e7as e b\u00ean\u00e7\u00e3os que vir\u00e3o para a grande Fam\u00edlia de Schoenstatt no Equador.<\/p>\n<p>Santu\u00e1rio \u00e9 miss\u00e3o, um lema que iremos recordar e que nos acompanhar\u00e1 durante muitos anos nos nossos cora\u00e7\u00f5es e que nos far\u00e1 reviver cada momento deste Tr\u00edduo Jubilar juntamente com as palavras que o nosso Pai e Fundador costumava dizer:<\/p>\n<h3>&#8220;O que recebeu dos seus pais, conquiste-o para o possuir&#8221;.<\/h3>\n<p>Portanto, no final desta grande celebra\u00e7\u00e3o jubilar, as novas gera\u00e7\u00f5es substituem a gera\u00e7\u00e3o fundadora que forjou estes primeiros 50 anos com tanta entrega e fidelidade. A nossa miss\u00e3o depende da nossa fidelidade. Novamente, grandes tarefas s\u00e3o assumidas em ombros fracos, confiando como crian\u00e7as nas gra\u00e7as do nosso Santu\u00e1rio e na consci\u00eancia da miss\u00e3o.<\/p>\n<p>V\u00e1rias informa\u00e7\u00f5es sobre este jubileu podem ser consultadas atrav\u00e9s do seguinte link: <a href=\"https:\/\/linktr.ee\/schoenstattjubileo\">https:\/\/linktr.ee\/schoenstattjubileo.<\/a><\/p>\n","protected":false},"excerpt":{"rendered":"<p>A Fam\u00edlia do Equador compartilhou tr\u00eas dias de grande celebra\u00e7\u00e3o pelos 50 anos de ben\u00e7\u00e3os do Santu\u00e1rio Nacional de Schoenstatt em Guayaquil<\/p>\n","protected":false},"author":1,"featured_media":23478,"comment_status":"closed","ping_status":"closed","sticky":false,"template":"","format":"standard","meta":{"footnotes":""},"categories":[916,636],"tags":[],"class_list":["post-52692","post","type-post","status-publish","format-standard","has-post-thumbnail","hentry","category-espiritualidade-pt-pt","category-eventos-pt-pt"],"yoast_head":"<!-- This site is optimized with the Yoast SEO Premium plugin v27.4 (Yoast SEO v27.5) - https:\/\/yoast.com\/product\/yoast-seo-premium-wordpress\/ -->\n<title>C\u00e9u e terra se uniram para celebrar os 50 anos do Santu\u00e1rio Nacional - Schoenstatt<\/title>\n<meta name=\"description\" content=\"A Fam\u00edlia do Equador compartilhou tr\u00eas dias de grande celebra\u00e7\u00e3o pelos 50 anos de ben\u00e7\u00e3os do Santu\u00e1rio Nacional de Schoenstatt em Guayaquil\" \/>\n<meta name=\"robots\" content=\"index, follow, max-snippet:-1, max-image-preview:large, max-video-preview:-1\" \/>\n<link rel=\"canonical\" href=\"https:\/\/schoenstatt.com\/pt-pt\/ceu-e-terra-se-uniram-para-celebrar-os-50-anos-do-santuario-nacional\/\" \/>\n<meta property=\"og:locale\" content=\"pt_PT\" \/>\n<meta property=\"og:type\" content=\"article\" \/>\n<meta property=\"og:title\" content=\"C\u00e9u e terra se uniram para celebrar os 50 anos do Santu\u00e1rio Nacional\" \/>\n<meta property=\"og:description\" content=\"A Fam\u00edlia do Equador compartilhou tr\u00eas dias de grande celebra\u00e7\u00e3o pelos 50 anos de ben\u00e7\u00e3os do Santu\u00e1rio Nacional de Schoenstatt em Guayaquil\" \/>\n<meta property=\"og:url\" content=\"https:\/\/schoenstatt.com\/pt-pt\/ceu-e-terra-se-uniram-para-celebrar-os-50-anos-do-santuario-nacional\/\" \/>\n<meta property=\"og:site_name\" content=\"Schoenstatt\" \/>\n<meta property=\"article:published_time\" content=\"2022-01-25T21:01:29+00:00\" \/>\n<meta property=\"article:modified_time\" content=\"2025-05-15T22:40:37+00:00\" \/>\n<meta property=\"og:image\" content=\"https:\/\/schoenstatt.com\/wp-content\/uploads\/2022\/01\/5-ene20-scaled-1.jpg\" \/>\n\t<meta property=\"og:image:width\" content=\"2560\" \/>\n\t<meta property=\"og:image:height\" content=\"1709\" \/>\n\t<meta property=\"og:image:type\" content=\"image\/jpeg\" \/>\n<meta name=\"author\" content=\"admin\" \/>\n<meta name=\"twitter:card\" content=\"summary_large_image\" \/>\n<meta name=\"twitter:label1\" content=\"Escrito por\" \/>\n\t<meta name=\"twitter:data1\" content=\"admin\" \/>\n\t<meta name=\"twitter:label2\" content=\"Tempo estimado de leitura\" \/>\n\t<meta name=\"twitter:data2\" content=\"6 minutos\" \/>\n<script type=\"application\/ld+json\" class=\"yoast-schema-graph\">{\"@context\":\"https:\\\/\\\/schema.org\",\"@graph\":[{\"@type\":\"Article\",\"@id\":\"https:\\\/\\\/schoenstatt.com\\\/pt-pt\\\/ceu-e-terra-se-uniram-para-celebrar-os-50-anos-do-santuario-nacional\\\/#article\",\"isPartOf\":{\"@id\":\"https:\\\/\\\/schoenstatt.com\\\/pt-pt\\\/ceu-e-terra-se-uniram-para-celebrar-os-50-anos-do-santuario-nacional\\\/\"},\"author\":{\"name\":\"admin\",\"@id\":\"https:\\\/\\\/schoenstatt.com\\\/pt-pt\\\/#\\\/schema\\\/person\\\/489465b1850e7b216fe2c10dfc262551\"},\"headline\":\"C\u00e9u e terra se uniram para celebrar os 50 anos do Santu\u00e1rio Nacional\",\"datePublished\":\"2022-01-25T21:01:29+00:00\",\"dateModified\":\"2025-05-15T22:40:37+00:00\",\"mainEntityOfPage\":{\"@id\":\"https:\\\/\\\/schoenstatt.com\\\/pt-pt\\\/ceu-e-terra-se-uniram-para-celebrar-os-50-anos-do-santuario-nacional\\\/\"},\"wordCount\":1447,\"publisher\":{\"@id\":\"https:\\\/\\\/schoenstatt.com\\\/pt-pt\\\/#organization\"},\"image\":{\"@id\":\"https:\\\/\\\/schoenstatt.com\\\/pt-pt\\\/ceu-e-terra-se-uniram-para-celebrar-os-50-anos-do-santuario-nacional\\\/#primaryimage\"},\"thumbnailUrl\":\"https:\\\/\\\/schoenstatt.com\\\/wp-content\\\/uploads\\\/2022\\\/01\\\/5-ene20-scaled-1.jpg\",\"articleSection\":[\"Espiritualidade\",\"Eventos\"],\"inLanguage\":\"pt-PT\"},{\"@type\":\"WebPage\",\"@id\":\"https:\\\/\\\/schoenstatt.com\\\/pt-pt\\\/ceu-e-terra-se-uniram-para-celebrar-os-50-anos-do-santuario-nacional\\\/\",\"url\":\"https:\\\/\\\/schoenstatt.com\\\/pt-pt\\\/ceu-e-terra-se-uniram-para-celebrar-os-50-anos-do-santuario-nacional\\\/\",\"name\":\"C\u00e9u e terra se uniram para celebrar os 50 anos do Santu\u00e1rio Nacional - Schoenstatt\",\"isPartOf\":{\"@id\":\"https:\\\/\\\/schoenstatt.com\\\/pt-pt\\\/#website\"},\"primaryImageOfPage\":{\"@id\":\"https:\\\/\\\/schoenstatt.com\\\/pt-pt\\\/ceu-e-terra-se-uniram-para-celebrar-os-50-anos-do-santuario-nacional\\\/#primaryimage\"},\"image\":{\"@id\":\"https:\\\/\\\/schoenstatt.com\\\/pt-pt\\\/ceu-e-terra-se-uniram-para-celebrar-os-50-anos-do-santuario-nacional\\\/#primaryimage\"},\"thumbnailUrl\":\"https:\\\/\\\/schoenstatt.com\\\/wp-content\\\/uploads\\\/2022\\\/01\\\/5-ene20-scaled-1.jpg\",\"datePublished\":\"2022-01-25T21:01:29+00:00\",\"dateModified\":\"2025-05-15T22:40:37+00:00\",\"description\":\"A Fam\u00edlia do Equador compartilhou tr\u00eas dias de grande celebra\u00e7\u00e3o pelos 50 anos de ben\u00e7\u00e3os do Santu\u00e1rio Nacional de Schoenstatt em Guayaquil\",\"breadcrumb\":{\"@id\":\"https:\\\/\\\/schoenstatt.com\\\/pt-pt\\\/ceu-e-terra-se-uniram-para-celebrar-os-50-anos-do-santuario-nacional\\\/#breadcrumb\"},\"inLanguage\":\"pt-PT\",\"potentialAction\":[{\"@type\":\"ReadAction\",\"target\":[\"https:\\\/\\\/schoenstatt.com\\\/pt-pt\\\/ceu-e-terra-se-uniram-para-celebrar-os-50-anos-do-santuario-nacional\\\/\"]}]},{\"@type\":\"ImageObject\",\"inLanguage\":\"pt-PT\",\"@id\":\"https:\\\/\\\/schoenstatt.com\\\/pt-pt\\\/ceu-e-terra-se-uniram-para-celebrar-os-50-anos-do-santuario-nacional\\\/#primaryimage\",\"url\":\"https:\\\/\\\/schoenstatt.com\\\/wp-content\\\/uploads\\\/2022\\\/01\\\/5-ene20-scaled-1.jpg\",\"contentUrl\":\"https:\\\/\\\/schoenstatt.com\\\/wp-content\\\/uploads\\\/2022\\\/01\\\/5-ene20-scaled-1.jpg\",\"width\":2560,\"height\":1709,\"caption\":\"Heiligtum Ecuador\"},{\"@type\":\"BreadcrumbList\",\"@id\":\"https:\\\/\\\/schoenstatt.com\\\/pt-pt\\\/ceu-e-terra-se-uniram-para-celebrar-os-50-anos-do-santuario-nacional\\\/#breadcrumb\",\"itemListElement\":[{\"@type\":\"ListItem\",\"position\":1,\"name\":\"Portada\",\"item\":\"https:\\\/\\\/schoenstatt.com\\\/pt-pt\\\/home\\\/\"},{\"@type\":\"ListItem\",\"position\":2,\"name\":\"C\u00e9u e terra se uniram para celebrar os 50 anos do Santu\u00e1rio Nacional\"}]},{\"@type\":\"WebSite\",\"@id\":\"https:\\\/\\\/schoenstatt.com\\\/pt-pt\\\/#website\",\"url\":\"https:\\\/\\\/schoenstatt.com\\\/pt-pt\\\/\",\"name\":\"Schoenstatt\",\"description\":\"Apostolic Movement\",\"publisher\":{\"@id\":\"https:\\\/\\\/schoenstatt.com\\\/pt-pt\\\/#organization\"},\"potentialAction\":[{\"@type\":\"SearchAction\",\"target\":{\"@type\":\"EntryPoint\",\"urlTemplate\":\"https:\\\/\\\/schoenstatt.com\\\/pt-pt\\\/?s={search_term_string}\"},\"query-input\":{\"@type\":\"PropertyValueSpecification\",\"valueRequired\":true,\"valueName\":\"search_term_string\"}}],\"inLanguage\":\"pt-PT\"},{\"@type\":\"Organization\",\"@id\":\"https:\\\/\\\/schoenstatt.com\\\/pt-pt\\\/#organization\",\"name\":\"Schoenstatt\",\"url\":\"https:\\\/\\\/schoenstatt.com\\\/pt-pt\\\/\",\"logo\":{\"@type\":\"ImageObject\",\"inLanguage\":\"pt-PT\",\"@id\":\"https:\\\/\\\/schoenstatt.com\\\/pt-pt\\\/#\\\/schema\\\/logo\\\/image\\\/\",\"url\":\"https:\\\/\\\/schoenstatt.com\\\/wp-content\\\/uploads\\\/2025\\\/04\\\/logo-schoenstatt-white-696x696-1.png\",\"contentUrl\":\"https:\\\/\\\/schoenstatt.com\\\/wp-content\\\/uploads\\\/2025\\\/04\\\/logo-schoenstatt-white-696x696-1.png\",\"width\":696,\"height\":694,\"caption\":\"Schoenstatt\"},\"image\":{\"@id\":\"https:\\\/\\\/schoenstatt.com\\\/pt-pt\\\/#\\\/schema\\\/logo\\\/image\\\/\"}},{\"@type\":\"Person\",\"@id\":\"https:\\\/\\\/schoenstatt.com\\\/pt-pt\\\/#\\\/schema\\\/person\\\/489465b1850e7b216fe2c10dfc262551\",\"name\":\"admin\",\"image\":{\"@type\":\"ImageObject\",\"inLanguage\":\"pt-PT\",\"@id\":\"https:\\\/\\\/secure.gravatar.com\\\/avatar\\\/02e8345e1ec40ab0e0a2a98fdde64a684bbaf994cddcb778b25b8b024ee9dfe6?s=96&d=mm&r=g\",\"url\":\"https:\\\/\\\/secure.gravatar.com\\\/avatar\\\/02e8345e1ec40ab0e0a2a98fdde64a684bbaf994cddcb778b25b8b024ee9dfe6?s=96&d=mm&r=g\",\"contentUrl\":\"https:\\\/\\\/secure.gravatar.com\\\/avatar\\\/02e8345e1ec40ab0e0a2a98fdde64a684bbaf994cddcb778b25b8b024ee9dfe6?s=96&d=mm&r=g\",\"caption\":\"admin\"},\"sameAs\":[\"https:\\\/\\\/schoenstatt.com\"],\"url\":\"https:\\\/\\\/schoenstatt.com\\\/pt-pt\\\/author\\\/admin\\\/\"}]}<\/script>\n<!-- \/ Yoast SEO Premium plugin. -->","yoast_head_json":{"title":"C\u00e9u e terra se uniram para celebrar os 50 anos do Santu\u00e1rio Nacional - Schoenstatt","description":"A Fam\u00edlia do Equador compartilhou tr\u00eas dias de grande celebra\u00e7\u00e3o pelos 50 anos de ben\u00e7\u00e3os do Santu\u00e1rio Nacional de Schoenstatt em Guayaquil","robots":{"index":"index","follow":"follow","max-snippet":"max-snippet:-1","max-image-preview":"max-image-preview:large","max-video-preview":"max-video-preview:-1"},"canonical":"https:\/\/schoenstatt.com\/pt-pt\/ceu-e-terra-se-uniram-para-celebrar-os-50-anos-do-santuario-nacional\/","og_locale":"pt_PT","og_type":"article","og_title":"C\u00e9u e terra se uniram para celebrar os 50 anos do Santu\u00e1rio Nacional","og_description":"A Fam\u00edlia do Equador compartilhou tr\u00eas dias de grande celebra\u00e7\u00e3o pelos 50 anos de ben\u00e7\u00e3os do Santu\u00e1rio Nacional de Schoenstatt em Guayaquil","og_url":"https:\/\/schoenstatt.com\/pt-pt\/ceu-e-terra-se-uniram-para-celebrar-os-50-anos-do-santuario-nacional\/","og_site_name":"Schoenstatt","article_published_time":"2022-01-25T21:01:29+00:00","article_modified_time":"2025-05-15T22:40:37+00:00","og_image":[{"width":2560,"height":1709,"url":"https:\/\/schoenstatt.com\/wp-content\/uploads\/2022\/01\/5-ene20-scaled-1.jpg","type":"image\/jpeg"}],"author":"admin","twitter_card":"summary_large_image","twitter_misc":{"Escrito por":"admin","Tempo estimado de leitura":"6 minutos"},"schema":{"@context":"https:\/\/schema.org","@graph":[{"@type":"Article","@id":"https:\/\/schoenstatt.com\/pt-pt\/ceu-e-terra-se-uniram-para-celebrar-os-50-anos-do-santuario-nacional\/#article","isPartOf":{"@id":"https:\/\/schoenstatt.com\/pt-pt\/ceu-e-terra-se-uniram-para-celebrar-os-50-anos-do-santuario-nacional\/"},"author":{"name":"admin","@id":"https:\/\/schoenstatt.com\/pt-pt\/#\/schema\/person\/489465b1850e7b216fe2c10dfc262551"},"headline":"C\u00e9u e terra se uniram para celebrar os 50 anos do Santu\u00e1rio Nacional","datePublished":"2022-01-25T21:01:29+00:00","dateModified":"2025-05-15T22:40:37+00:00","mainEntityOfPage":{"@id":"https:\/\/schoenstatt.com\/pt-pt\/ceu-e-terra-se-uniram-para-celebrar-os-50-anos-do-santuario-nacional\/"},"wordCount":1447,"publisher":{"@id":"https:\/\/schoenstatt.com\/pt-pt\/#organization"},"image":{"@id":"https:\/\/schoenstatt.com\/pt-pt\/ceu-e-terra-se-uniram-para-celebrar-os-50-anos-do-santuario-nacional\/#primaryimage"},"thumbnailUrl":"https:\/\/schoenstatt.com\/wp-content\/uploads\/2022\/01\/5-ene20-scaled-1.jpg","articleSection":["Espiritualidade","Eventos"],"inLanguage":"pt-PT"},{"@type":"WebPage","@id":"https:\/\/schoenstatt.com\/pt-pt\/ceu-e-terra-se-uniram-para-celebrar-os-50-anos-do-santuario-nacional\/","url":"https:\/\/schoenstatt.com\/pt-pt\/ceu-e-terra-se-uniram-para-celebrar-os-50-anos-do-santuario-nacional\/","name":"C\u00e9u e terra se uniram para celebrar os 50 anos do Santu\u00e1rio Nacional - Schoenstatt","isPartOf":{"@id":"https:\/\/schoenstatt.com\/pt-pt\/#website"},"primaryImageOfPage":{"@id":"https:\/\/schoenstatt.com\/pt-pt\/ceu-e-terra-se-uniram-para-celebrar-os-50-anos-do-santuario-nacional\/#primaryimage"},"image":{"@id":"https:\/\/schoenstatt.com\/pt-pt\/ceu-e-terra-se-uniram-para-celebrar-os-50-anos-do-santuario-nacional\/#primaryimage"},"thumbnailUrl":"https:\/\/schoenstatt.com\/wp-content\/uploads\/2022\/01\/5-ene20-scaled-1.jpg","datePublished":"2022-01-25T21:01:29+00:00","dateModified":"2025-05-15T22:40:37+00:00","description":"A Fam\u00edlia do Equador compartilhou tr\u00eas dias de grande celebra\u00e7\u00e3o pelos 50 anos de ben\u00e7\u00e3os do Santu\u00e1rio Nacional de Schoenstatt em Guayaquil","breadcrumb":{"@id":"https:\/\/schoenstatt.com\/pt-pt\/ceu-e-terra-se-uniram-para-celebrar-os-50-anos-do-santuario-nacional\/#breadcrumb"},"inLanguage":"pt-PT","potentialAction":[{"@type":"ReadAction","target":["https:\/\/schoenstatt.com\/pt-pt\/ceu-e-terra-se-uniram-para-celebrar-os-50-anos-do-santuario-nacional\/"]}]},{"@type":"ImageObject","inLanguage":"pt-PT","@id":"https:\/\/schoenstatt.com\/pt-pt\/ceu-e-terra-se-uniram-para-celebrar-os-50-anos-do-santuario-nacional\/#primaryimage","url":"https:\/\/schoenstatt.com\/wp-content\/uploads\/2022\/01\/5-ene20-scaled-1.jpg","contentUrl":"https:\/\/schoenstatt.com\/wp-content\/uploads\/2022\/01\/5-ene20-scaled-1.jpg","width":2560,"height":1709,"caption":"Heiligtum Ecuador"},{"@type":"BreadcrumbList","@id":"https:\/\/schoenstatt.com\/pt-pt\/ceu-e-terra-se-uniram-para-celebrar-os-50-anos-do-santuario-nacional\/#breadcrumb","itemListElement":[{"@type":"ListItem","position":1,"name":"Portada","item":"https:\/\/schoenstatt.com\/pt-pt\/home\/"},{"@type":"ListItem","position":2,"name":"C\u00e9u e terra se uniram para celebrar os 50 anos do Santu\u00e1rio Nacional"}]},{"@type":"WebSite","@id":"https:\/\/schoenstatt.com\/pt-pt\/#website","url":"https:\/\/schoenstatt.com\/pt-pt\/","name":"Schoenstatt","description":"Apostolic Movement","publisher":{"@id":"https:\/\/schoenstatt.com\/pt-pt\/#organization"},"potentialAction":[{"@type":"SearchAction","target":{"@type":"EntryPoint","urlTemplate":"https:\/\/schoenstatt.com\/pt-pt\/?s={search_term_string}"},"query-input":{"@type":"PropertyValueSpecification","valueRequired":true,"valueName":"search_term_string"}}],"inLanguage":"pt-PT"},{"@type":"Organization","@id":"https:\/\/schoenstatt.com\/pt-pt\/#organization","name":"Schoenstatt","url":"https:\/\/schoenstatt.com\/pt-pt\/","logo":{"@type":"ImageObject","inLanguage":"pt-PT","@id":"https:\/\/schoenstatt.com\/pt-pt\/#\/schema\/logo\/image\/","url":"https:\/\/schoenstatt.com\/wp-content\/uploads\/2025\/04\/logo-schoenstatt-white-696x696-1.png","contentUrl":"https:\/\/schoenstatt.com\/wp-content\/uploads\/2025\/04\/logo-schoenstatt-white-696x696-1.png","width":696,"height":694,"caption":"Schoenstatt"},"image":{"@id":"https:\/\/schoenstatt.com\/pt-pt\/#\/schema\/logo\/image\/"}},{"@type":"Person","@id":"https:\/\/schoenstatt.com\/pt-pt\/#\/schema\/person\/489465b1850e7b216fe2c10dfc262551","name":"admin","image":{"@type":"ImageObject","inLanguage":"pt-PT","@id":"https:\/\/secure.gravatar.com\/avatar\/02e8345e1ec40ab0e0a2a98fdde64a684bbaf994cddcb778b25b8b024ee9dfe6?s=96&d=mm&r=g","url":"https:\/\/secure.gravatar.com\/avatar\/02e8345e1ec40ab0e0a2a98fdde64a684bbaf994cddcb778b25b8b024ee9dfe6?s=96&d=mm&r=g","contentUrl":"https:\/\/secure.gravatar.com\/avatar\/02e8345e1ec40ab0e0a2a98fdde64a684bbaf994cddcb778b25b8b024ee9dfe6?s=96&d=mm&r=g","caption":"admin"},"sameAs":["https:\/\/schoenstatt.com"],"url":"https:\/\/schoenstatt.com\/pt-pt\/author\/admin\/"}]}},"_links":{"self":[{"href":"https:\/\/schoenstatt.com\/pt-pt\/wp-json\/wp\/v2\/posts\/52692","targetHints":{"allow":["GET"]}}],"collection":[{"href":"https:\/\/schoenstatt.com\/pt-pt\/wp-json\/wp\/v2\/posts"}],"about":[{"href":"https:\/\/schoenstatt.com\/pt-pt\/wp-json\/wp\/v2\/types\/post"}],"author":[{"embeddable":true,"href":"https:\/\/schoenstatt.com\/pt-pt\/wp-json\/wp\/v2\/users\/1"}],"replies":[{"embeddable":true,"href":"https:\/\/schoenstatt.com\/pt-pt\/wp-json\/wp\/v2\/comments?post=52692"}],"version-history":[{"count":1,"href":"https:\/\/schoenstatt.com\/pt-pt\/wp-json\/wp\/v2\/posts\/52692\/revisions"}],"predecessor-version":[{"id":52818,"href":"https:\/\/schoenstatt.com\/pt-pt\/wp-json\/wp\/v2\/posts\/52692\/revisions\/52818"}],"wp:featuredmedia":[{"embeddable":true,"href":"https:\/\/schoenstatt.com\/pt-pt\/wp-json\/wp\/v2\/media\/23478"}],"wp:attachment":[{"href":"https:\/\/schoenstatt.com\/pt-pt\/wp-json\/wp\/v2\/media?parent=52692"}],"wp:term":[{"taxonomy":"category","embeddable":true,"href":"https:\/\/schoenstatt.com\/pt-pt\/wp-json\/wp\/v2\/categories?post=52692"},{"taxonomy":"post_tag","embeddable":true,"href":"https:\/\/schoenstatt.com\/pt-pt\/wp-json\/wp\/v2\/tags?post=52692"}],"curies":[{"name":"wp","href":"https:\/\/api.w.org\/{rel}","templated":true}]}}